{"id":263259,"date":"2022-09-18T17:30:35","date_gmt":"2022-09-18T15:30:35","guid":{"rendered":"https:\/\/dicodusport.fr\/blog\/?p=263259&#038;preview=true&#038;preview_id=263259"},"modified":"2022-09-18T22:08:43","modified_gmt":"2022-09-18T20:08:43","slug":"handball-ligue-des-champions-les-brestoises-impuissantes-contre-bucarest","status":"publish","type":"post","link":"https:\/\/dicodusport.fr\/blog\/handball-ligue-des-champions-les-brestoises-impuissantes-contre-bucarest\/","title":{"rendered":"Handball Ligue des Champions : Les Brestoises impuissantes contre Bucarest"},"content":{"rendered":"<p style=\"text-align: justify;\"><b><i><a title=\"Calendrier et r\u00e9sultats Ligue des Champions de Handball Femmes 2022-2023\" href=\"https:\/\/dicodusport.fr\/blog\/calendrier-et-resultats-ligue-des-champions-handball-femmes-2022-2023\/\" target=\"_blank\" rel=\"noopener\">LIGUE DES CHAMPIONS F\u00c9MININE DE HANDBALL<\/a> &#8211; Deuxi\u00e8me match et deuxi\u00e8me d\u00e9faite pour des Brestoises sans r\u00e9elles solutions contre une \u00e9quipe de Bucarest solide au possible (26-33). La campagne europ\u00e9enne commence mal pour les Bretonnes.<\/i><\/b><\/p>\n<p style=\"text-align: justify;\">Les Brestoises avaient entam\u00e9 leur campagne europ\u00e9enne par le plus dur : un d\u00e9placement chez les double tenantes du titres, les Vipers Kristiansand. <a href=\"https:\/\/dicodusport.fr\/blog\/ligue-des-champions-de-handball-brest-sincline-face-a-vipers-kristiansand\/\">La d\u00e9faite \u00e9tait rude et logique<\/a>, mais elle a permis aux Bretonnes de s&rsquo;\u00e9talonner. Il fallait donc lancer la machine aujourd&rsquo;hui lors de la r\u00e9ception du CSM Bucarest. Un club \u00e0 l&rsquo;accent fran\u00e7ais, puisque <strong>Laura Glauser, Siraba Demb\u00e9l\u00e9-Pavlovic, Kalidiatou Niakat\u00e9<\/strong> et <strong>Gr\u00e2ce Zaadi Deuna<\/strong> sont des membres de choix de la formation roumaine. Une \u00e9quipe ambitieuse donc, qu&rsquo;il fallait dominer ici pour poser les bases d&rsquo;une belle campagne europ\u00e9enne.<\/p>\n<h2 style=\"text-align: justify;\">Laura Glauser en feu<\/h2>\n<p style=\"text-align: justify;\">Les deux \u00e9quipes se tiennent en d\u00e9but de partie, les deux gardiennes internationales fran\u00e7aises (<strong>Laura Glauser<\/strong> et <strong>Cl\u00e9op\u00e2tre Darleux<\/strong>) se mettant en \u00e9vidence. La star roumaine<strong> Christina Neagu<\/strong> ne semble pas dans son assiette, et les Brestoises tentent de mettre du rythme et de la pression. Mais aucune \u00e9quipe ne se d\u00e9tache au score, une<strong> Djurdjina Jaukovic<\/strong> en r\u00e9ussite maintenant les Brestoises dans le match.<\/p>\n<blockquote class=\"twitter-tweet\">\n<p dir=\"ltr\" lang=\"en\">We&rsquo;re off with the last round 2 <a href=\"https:\/\/twitter.com\/hashtag\/ehfcl?src=hash&amp;ref_src=twsrc%5Etfw\">#ehfcl<\/a> matches and over in Brest it&rsquo;s close &#8211; here&rsquo;s an excellent shot from Monika Kobylinska for <a href=\"https:\/\/twitter.com\/BBH_Officiel?ref_src=twsrc%5Etfw\">@BBH_Officiel<\/a> &#x1f44c; <a href=\"https:\/\/t.co\/cdwSEAbOBL\">pic.twitter.com\/cdwSEAbOBL<\/a><\/p>\n<p>\u2014 EHF Champions League (@ehfcl) <a href=\"https:\/\/twitter.com\/ehfcl\/status\/1571503400344489984?ref_src=twsrc%5Etfw\">September 18, 2022<\/a><\/p><\/blockquote>\n<p style=\"text-align: justify;\"><script async src=\"https:\/\/platform.twitter.com\/widgets.js\" charset=\"utf-8\"><\/script><br \/>\n<strong>Laura Glauser<\/strong> encha\u00eene alors les parades spectaculaires, et permet \u00e0 Bucarest de prendre trois buts d&rsquo;avance (<strong>6-9, 15\u00e8me<\/strong>), avant que<strong> Coralie Lassource<\/strong> ne stoppe la disette brestoise. Mais les Roumaines ont globalement la main sur cette premi\u00e8re mi-temps, plus incisives en attaque. Lentement mais s\u00fbrement, le CSM Bucarest creuse l&rsquo;\u00e9cart, et rentre aux vestiaires avec quatre buts d&rsquo;avance (<strong>Mi-temps : 13-17<\/strong>).<\/p>\n<h2 style=\"text-align: justify;\">Rien \u00e0 faire<\/h2>\n<p style=\"text-align: justify;\">Les Brestoises tentent de r\u00e9agir et d&rsquo;enflammer la rencontre. Mais elles butent sur des adversaires bien emmen\u00e9es par leurs Tricolores, notamment une imp\u00e9riale <strong>Gr\u00e2ce Zaadi Deuna<\/strong>. <strong>Pablo Morel<\/strong> tente de relancer ses troupes, mais l&rsquo;\u00e9cart est encore cons\u00e9quent \u00e0 l&rsquo;amorce du dernier quart d&rsquo;heure (<strong>22-26<\/strong>).<\/p>\n<blockquote class=\"twitter-tweet\">\n<p dir=\"ltr\" lang=\"en\"><a href=\"https:\/\/twitter.com\/hashtag\/sorrynotsorry?src=hash&amp;ref_src=twsrc%5Etfw\">#sorrynotsorry<\/a> for posting loads of great saves today &#x1f604;<\/p>\n<p>Here&rsquo;s a contribution from Laura Glauser <a href=\"https:\/\/twitter.com\/csm_bucharest?ref_src=twsrc%5Etfw\">@csm_bucharest<\/a> <a href=\"https:\/\/twitter.com\/hashtag\/ehfcl?src=hash&amp;ref_src=twsrc%5Etfw\">#ehfcl<\/a> <a href=\"https:\/\/t.co\/iqVajCaJ6B\">pic.twitter.com\/iqVajCaJ6B<\/a><\/p>\n<p>\u2014 EHF Champions League (@ehfcl) <a href=\"https:\/\/twitter.com\/ehfcl\/status\/1571515228567015436?ref_src=twsrc%5Etfw\">September 18, 2022<\/a><\/p><\/blockquote>\n<p style=\"text-align: justify;\"><script async src=\"https:\/\/platform.twitter.com\/widgets.js\" charset=\"utf-8\"><\/script><\/p>\n<p style=\"text-align: justify;\">Malheureusement, les Roumaines vont plier rapidement la rencontre et tuer tout suspense, au grand d\u00e9sespoir d&rsquo;un public nombreux et enthousiaste, mais r\u00e9duit au silence en fin de rencontre. Jamais les Bretonnes ne parviendront \u00e0 vraiment bousculer leurs adversaires, et elles conc\u00e8dent finalement une d\u00e9faite assez lourde, <strong>26-33<\/strong>. Brest peut se consoler en se disant avoir probablement affront\u00e9 les deux poids lourds de sa poule, mais les faits sont l\u00e0 : deux matchs, deux d\u00e9faites, il faudra imp\u00e9rativement r\u00e9agir samedi (16h00), chez les Hongroises du Ferencvaros.<\/p>\n","protected":false},"excerpt":{"rendered":"<p>LIGUE DES CHAMPIONS F\u00c9MININE DE HANDBALL &#8211; Deuxi\u00e8me match et deuxi\u00e8me d\u00e9faite pour des Brestoises sans r\u00e9elles solutions contre une \u00e9quipe de Bucarest solide au possible (26-33). La campagne europ\u00e9enne commence mal pour les Bretonnes.<\/p>\n","protected":false},"author":59,"featured_media":263330,"comment_status":"open","ping_status":"closed","sticky":false,"template":"","format":"standard","meta":{"_acf_changed":false,"_daextam_enable_autolinks":"","footnotes":""},"categories":[2304],"tags":[10118,3063],"class_list":["post-263259","post","type-post","status-publish","format-standard","has-post-thumbnail","hentry","category-handball","tag-bbh","tag-brest-bretagne-handball"],"acf":[],"yoast_head":"<!-- This site is optimized with the Yoast SEO Premium plugin v26.7 (Yoast SEO v26.7) - https:\/\/yoast.com\/wordpress\/plugins\/seo\/ -->\n<title>Handball Ligue des Champions : Les Brestoises impuissantes contre Bucarest<\/title>\n<meta name=\"description\" content=\"LIGUE DES CHAMPIONS F\u00c9MININE DE HANDBALL - d\u00e9faite pour des Brestoises sans r\u00e9elles solutions contre Bucarest (26-33).\" \/>\n<meta name=\"robots\" content=\"index, follow, max-snippet:-1, max-image-preview:large, max-video-preview:-1\" \/>\n<link rel=\"canonical\" href=\"https:\/\/dicodusport.fr\/blog\/handball-ligue-des-champions-les-brestoises-impuissantes-contre-bucarest\/\" \/>\n<meta property=\"og:locale\" content=\"fr_FR\" \/>\n<meta property=\"og:type\" content=\"article\" \/>\n<meta property=\"og:title\" content=\"Handball Ligue des Champions : Les Brestoises impuissantes contre Bucarest\" \/>\n<meta property=\"og:description\" content=\"LIGUE DES CHAMPIONS F\u00c9MININE DE HANDBALL - d\u00e9faite pour des Brestoises sans r\u00e9elles solutions contre Bucarest (26-33).\" \/>\n<meta property=\"og:url\" content=\"https:\/\/dicodusport.fr\/blog\/handball-ligue-des-champions-les-brestoises-impuissantes-contre-bucarest\/\" \/>\n<meta property=\"og:site_name\" content=\"Dicodusport\" \/>\n<meta property=\"article:publisher\" content=\"https:\/\/www.facebook.com\/dicodusport\" \/>\n<meta property=\"article:author\" content=\"https:\/\/www.facebook.com\/sebastien.gente\/\" \/>\n<meta property=\"article:published_time\" content=\"2022-09-18T15:30:35+00:00\" \/>\n<meta property=\"article:modified_time\" content=\"2022-09-18T20:08:43+00:00\" \/>\n<meta property=\"og:image\" content=\"https:\/\/dicodusport.fr\/blog\/wp-content\/uploads\/2022\/09\/Handball-Ligue-des-Champions-Les-Brestoises-impuissantes-contre-Bucarest.png\" \/>\n\t<meta property=\"og:image:width\" content=\"800\" \/>\n\t<meta property=\"og:image:height\" content=\"445\" \/>\n\t<meta property=\"og:image:type\" content=\"image\/png\" \/>\n<meta name=\"author\" content=\"S\u00e9bastien Gente\" \/>\n<meta name=\"twitter:card\" content=\"summary_large_image\" \/>\n<meta name=\"twitter:title\" content=\"Handball Ligue des Champions : Les Brestoises impuissantes contre Bucarest\" \/>\n<meta name=\"twitter:creator\" content=\"@https:\/\/twitter.com\/globulo24\" \/>\n<meta name=\"twitter:site\" content=\"@dicodusport\" \/>\n<script type=\"application\/ld+json\" class=\"yoast-schema-graph\">{\"@context\":\"https:\/\/schema.org\",\"@graph\":[{\"@type\":\"NewsArticle\",\"@id\":\"https:\/\/dicodusport.fr\/blog\/handball-ligue-des-champions-les-brestoises-impuissantes-contre-bucarest\/#article\",\"isPartOf\":{\"@id\":\"https:\/\/dicodusport.fr\/blog\/handball-ligue-des-champions-les-brestoises-impuissantes-contre-bucarest\/\"},\"author\":{\"name\":\"S\u00e9bastien Gente\",\"@id\":\"https:\/\/dicodusport.fr\/blog\/#\/schema\/person\/627966a6cde45dbd8c5e36ac85d783da\"},\"headline\":\"Handball Ligue des Champions : Les Brestoises impuissantes contre Bucarest\",\"datePublished\":\"2022-09-18T15:30:35+00:00\",\"dateModified\":\"2022-09-18T20:08:43+00:00\",\"mainEntityOfPage\":{\"@id\":\"https:\/\/dicodusport.fr\/blog\/handball-ligue-des-champions-les-brestoises-impuissantes-contre-bucarest\/\"},\"wordCount\":510,\"commentCount\":0,\"publisher\":{\"@id\":\"https:\/\/dicodusport.fr\/blog\/#organization\"},\"image\":{\"@id\":\"https:\/\/dicodusport.fr\/blog\/handball-ligue-des-champions-les-brestoises-impuissantes-contre-bucarest\/#primaryimage\"},\"thumbnailUrl\":\"https:\/\/dicodusport.fr\/blog\/wp-content\/uploads\/2022\/09\/Handball-Ligue-des-Champions-Les-Brestoises-impuissantes-contre-Bucarest.png\",\"keywords\":[\"BBH\",\"Brest Bretagne Handball\"],\"articleSection\":[\"Handball\"],\"inLanguage\":\"fr-FR\",\"potentialAction\":[{\"@type\":\"CommentAction\",\"name\":\"Comment\",\"target\":[\"https:\/\/dicodusport.fr\/blog\/handball-ligue-des-champions-les-brestoises-impuissantes-contre-bucarest\/#respond\"]}],\"copyrightYear\":\"2022\",\"copyrightHolder\":{\"@id\":\"https:\/\/dicodusport.fr\/blog\/#organization\"}},{\"@type\":\"WebPage\",\"@id\":\"https:\/\/dicodusport.fr\/blog\/handball-ligue-des-champions-les-brestoises-impuissantes-contre-bucarest\/\",\"url\":\"https:\/\/dicodusport.fr\/blog\/handball-ligue-des-champions-les-brestoises-impuissantes-contre-bucarest\/\",\"name\":\"Handball Ligue des Champions : Les Brestoises impuissantes contre Bucarest\",\"isPartOf\":{\"@id\":\"https:\/\/dicodusport.fr\/blog\/#website\"},\"primaryImageOfPage\":{\"@id\":\"https:\/\/dicodusport.fr\/blog\/handball-ligue-des-champions-les-brestoises-impuissantes-contre-bucarest\/#primaryimage\"},\"image\":{\"@id\":\"https:\/\/dicodusport.fr\/blog\/handball-ligue-des-champions-les-brestoises-impuissantes-contre-bucarest\/#primaryimage\"},\"thumbnailUrl\":\"https:\/\/dicodusport.fr\/blog\/wp-content\/uploads\/2022\/09\/Handball-Ligue-des-Champions-Les-Brestoises-impuissantes-contre-Bucarest.png\",\"datePublished\":\"2022-09-18T15:30:35+00:00\",\"dateModified\":\"2022-09-18T20:08:43+00:00\",\"description\":\"LIGUE DES CHAMPIONS F\u00c9MININE DE HANDBALL - d\u00e9faite pour des Brestoises sans r\u00e9elles solutions contre Bucarest (26-33).\",\"breadcrumb\":{\"@id\":\"https:\/\/dicodusport.fr\/blog\/handball-ligue-des-champions-les-brestoises-impuissantes-contre-bucarest\/#breadcrumb\"},\"inLanguage\":\"fr-FR\",\"potentialAction\":[{\"@type\":\"ReadAction\",\"target\":[\"https:\/\/dicodusport.fr\/blog\/handball-ligue-des-champions-les-brestoises-impuissantes-contre-bucarest\/\"]}]},{\"@type\":\"ImageObject\",\"inLanguage\":\"fr-FR\",\"@id\":\"https:\/\/dicodusport.fr\/blog\/handball-ligue-des-champions-les-brestoises-impuissantes-contre-bucarest\/#primaryimage\",\"url\":\"https:\/\/dicodusport.fr\/blog\/wp-content\/uploads\/2022\/09\/Handball-Ligue-des-Champions-Les-Brestoises-impuissantes-contre-Bucarest.png\",\"contentUrl\":\"https:\/\/dicodusport.fr\/blog\/wp-content\/uploads\/2022\/09\/Handball-Ligue-des-Champions-Les-Brestoises-impuissantes-contre-Bucarest.png\",\"width\":800,\"height\":445,\"caption\":\"Handball Ligue des Champions Les Brestoises impuissantes contre Bucarest\"},{\"@type\":\"BreadcrumbList\",\"@id\":\"https:\/\/dicodusport.fr\/blog\/handball-ligue-des-champions-les-brestoises-impuissantes-contre-bucarest\/#breadcrumb\",\"itemListElement\":[{\"@type\":\"ListItem\",\"position\":1,\"name\":\"Accueil\",\"item\":\"https:\/\/dicodusport.fr\/blog\/\"},{\"@type\":\"ListItem\",\"position\":2,\"name\":\"Handball Ligue des Champions : Les Brestoises impuissantes contre Bucarest\"}]},{\"@type\":\"WebSite\",\"@id\":\"https:\/\/dicodusport.fr\/blog\/#website\",\"url\":\"https:\/\/dicodusport.fr\/blog\/\",\"name\":\"Dicodusport\",\"description\":\"L&#039;encyclop\u00e9die de l&#039;actualit\u00e9 sportive\",\"publisher\":{\"@id\":\"https:\/\/dicodusport.fr\/blog\/#organization\"},\"potentialAction\":[{\"@type\":\"SearchAction\",\"target\":{\"@type\":\"EntryPoint\",\"urlTemplate\":\"https:\/\/dicodusport.fr\/blog\/?s={search_term_string}\"},\"query-input\":{\"@type\":\"PropertyValueSpecification\",\"valueRequired\":true,\"valueName\":\"search_term_string\"}}],\"inLanguage\":\"fr-FR\"},{\"@type\":\"NewsMediaOrganization\",\"@id\":\"https:\/\/dicodusport.fr\/blog\/#organization\",\"name\":\"Dicodusport\",\"url\":\"https:\/\/dicodusport.fr\/blog\/\",\"logo\":{\"@type\":\"ImageObject\",\"inLanguage\":\"fr-FR\",\"@id\":\"https:\/\/dicodusport.fr\/blog\/#\/schema\/logo\/image\/\",\"url\":\"https:\/\/dicodusport.fr\/blog\/wp-content\/uploads\/2020\/06\/cropped-LOGO-DICODUSPORT-2020-SANS-FOND-SANS-TEXTE.png\",\"contentUrl\":\"https:\/\/dicodusport.fr\/blog\/wp-content\/uploads\/2020\/06\/cropped-LOGO-DICODUSPORT-2020-SANS-FOND-SANS-TEXTE.png\",\"width\":512,\"height\":512,\"caption\":\"Dicodusport\"},\"image\":{\"@id\":\"https:\/\/dicodusport.fr\/blog\/#\/schema\/logo\/image\/\"},\"sameAs\":[\"https:\/\/www.facebook.com\/dicodusport\",\"https:\/\/x.com\/dicodusport\",\"https:\/\/www.instagram.com\/dicodusport\/\",\"https:\/\/www.youtube.com\/channel\/UC7V2KZ5sd3htJivAbA4ZG3w\"],\"description\":\"Dicodusport est l'encyclop\u00e9die de l'actualit\u00e9 sportive.\",\"email\":\"bonjour@dicodusport.fr\",\"legalName\":\"DICODUSPORT\",\"foundingDate\":\"2018-01-14\",\"vatID\":\"FR71834470973\",\"taxID\":\"83447097300043\",\"numberOfEmployees\":{\"@type\":\"QuantitativeValue\",\"minValue\":\"1\",\"maxValue\":\"10\"}},{\"@type\":\"Person\",\"@id\":\"https:\/\/dicodusport.fr\/blog\/#\/schema\/person\/627966a6cde45dbd8c5e36ac85d783da\",\"name\":\"S\u00e9bastien Gente\",\"image\":{\"@type\":\"ImageObject\",\"inLanguage\":\"fr-FR\",\"@id\":\"https:\/\/dicodusport.fr\/blog\/#\/schema\/person\/image\/\",\"url\":\"https:\/\/dicodusport.fr\/blog\/wp-content\/uploads\/2021\/09\/1510990_10205810251400683_4124423575079401707_n-150x150.jpg\",\"contentUrl\":\"https:\/\/dicodusport.fr\/blog\/wp-content\/uploads\/2021\/09\/1510990_10205810251400683_4124423575079401707_n-150x150.jpg\",\"caption\":\"S\u00e9bastien Gente\"},\"description\":\"John Stockton, Gianni Bugno, Zinedine Zidane, Steffi Graf, Frode Andresen, St\u00e9phane Stoecklin, Davis Kamoga, Primoz Peterka, Werner Schlager et Aur\u00e9lien Rougerie. Point commun entre ces sportifs? Ils m'ont fait r\u00eaver et ont berc\u00e9 mon adolescence. Je suis un fondu de sports et j'essaie de retranscrire ma passion \u00e0 travers mes articles. Originaire du P\u00e9rigord, ma passion pour les Girondins, les Jaunards et les Jazzmen transpire dans mes \u00e9crits. \u00c0 Dicodusport depuis 2021, je d\u00e9niche les sports m\u00e9connus dans lesquels la France brille, et il y en a !\",\"sameAs\":[\"https:\/\/www.facebook.com\/sebastien.gente\/\",\"https:\/\/www.instagram.com\/sebgente\/\",\"https:\/\/www.linkedin.com\/in\/sbastien-gente-a29583169\/\",\"https:\/\/x.com\/https:\/\/twitter.com\/globulo24\",\"SebastienGente\"],\"worksFor\":\"S\u00e9bastien GENTE\",\"url\":\"https:\/\/dicodusport.fr\/blog\/author\/sebastiengente\/\"}]}<\/script>\n<!-- \/ Yoast SEO Premium plugin. -->","yoast_head_json":{"title":"Handball Ligue des Champions : Les Brestoises impuissantes contre Bucarest","description":"LIGUE DES CHAMPIONS F\u00c9MININE DE HANDBALL - d\u00e9faite pour des Brestoises sans r\u00e9elles solutions contre Bucarest (26-33).","robots":{"index":"index","follow":"follow","max-snippet":"max-snippet:-1","max-image-preview":"max-image-preview:large","max-video-preview":"max-video-preview:-1"},"canonical":"https:\/\/dicodusport.fr\/blog\/handball-ligue-des-champions-les-brestoises-impuissantes-contre-bucarest\/","og_locale":"fr_FR","og_type":"article","og_title":"Handball Ligue des Champions : Les Brestoises impuissantes contre Bucarest","og_description":"LIGUE DES CHAMPIONS F\u00c9MININE DE HANDBALL - d\u00e9faite pour des Brestoises sans r\u00e9elles solutions contre Bucarest (26-33).","og_url":"https:\/\/dicodusport.fr\/blog\/handball-ligue-des-champions-les-brestoises-impuissantes-contre-bucarest\/","og_site_name":"Dicodusport","article_publisher":"https:\/\/www.facebook.com\/dicodusport","article_author":"https:\/\/www.facebook.com\/sebastien.gente\/","article_published_time":"2022-09-18T15:30:35+00:00","article_modified_time":"2022-09-18T20:08:43+00:00","og_image":[{"width":800,"height":445,"url":"https:\/\/dicodusport.fr\/blog\/wp-content\/uploads\/2022\/09\/Handball-Ligue-des-Champions-Les-Brestoises-impuissantes-contre-Bucarest.png","type":"image\/png"}],"author":"S\u00e9bastien Gente","twitter_card":"summary_large_image","twitter_title":"Handball Ligue des Champions : Les Brestoises impuissantes contre Bucarest","twitter_creator":"@https:\/\/twitter.com\/globulo24","twitter_site":"@dicodusport","schema":{"@context":"https:\/\/schema.org","@graph":[{"@type":"NewsArticle","@id":"https:\/\/dicodusport.fr\/blog\/handball-ligue-des-champions-les-brestoises-impuissantes-contre-bucarest\/#article","isPartOf":{"@id":"https:\/\/dicodusport.fr\/blog\/handball-ligue-des-champions-les-brestoises-impuissantes-contre-bucarest\/"},"author":{"name":"S\u00e9bastien Gente","@id":"https:\/\/dicodusport.fr\/blog\/#\/schema\/person\/627966a6cde45dbd8c5e36ac85d783da"},"headline":"Handball Ligue des Champions : Les Brestoises impuissantes contre Bucarest","datePublished":"2022-09-18T15:30:35+00:00","dateModified":"2022-09-18T20:08:43+00:00","mainEntityOfPage":{"@id":"https:\/\/dicodusport.fr\/blog\/handball-ligue-des-champions-les-brestoises-impuissantes-contre-bucarest\/"},"wordCount":510,"commentCount":0,"publisher":{"@id":"https:\/\/dicodusport.fr\/blog\/#organization"},"image":{"@id":"https:\/\/dicodusport.fr\/blog\/handball-ligue-des-champions-les-brestoises-impuissantes-contre-bucarest\/#primaryimage"},"thumbnailUrl":"https:\/\/dicodusport.fr\/blog\/wp-content\/uploads\/2022\/09\/Handball-Ligue-des-Champions-Les-Brestoises-impuissantes-contre-Bucarest.png","keywords":["BBH","Brest Bretagne Handball"],"articleSection":["Handball"],"inLanguage":"fr-FR","potentialAction":[{"@type":"CommentAction","name":"Comment","target":["https:\/\/dicodusport.fr\/blog\/handball-ligue-des-champions-les-brestoises-impuissantes-contre-bucarest\/#respond"]}],"copyrightYear":"2022","copyrightHolder":{"@id":"https:\/\/dicodusport.fr\/blog\/#organization"}},{"@type":"WebPage","@id":"https:\/\/dicodusport.fr\/blog\/handball-ligue-des-champions-les-brestoises-impuissantes-contre-bucarest\/","url":"https:\/\/dicodusport.fr\/blog\/handball-ligue-des-champions-les-brestoises-impuissantes-contre-bucarest\/","name":"Handball Ligue des Champions : Les Brestoises impuissantes contre Bucarest","isPartOf":{"@id":"https:\/\/dicodusport.fr\/blog\/#website"},"primaryImageOfPage":{"@id":"https:\/\/dicodusport.fr\/blog\/handball-ligue-des-champions-les-brestoises-impuissantes-contre-bucarest\/#primaryimage"},"image":{"@id":"https:\/\/dicodusport.fr\/blog\/handball-ligue-des-champions-les-brestoises-impuissantes-contre-bucarest\/#primaryimage"},"thumbnailUrl":"https:\/\/dicodusport.fr\/blog\/wp-content\/uploads\/2022\/09\/Handball-Ligue-des-Champions-Les-Brestoises-impuissantes-contre-Bucarest.png","datePublished":"2022-09-18T15:30:35+00:00","dateModified":"2022-09-18T20:08:43+00:00","description":"LIGUE DES CHAMPIONS F\u00c9MININE DE HANDBALL - d\u00e9faite pour des Brestoises sans r\u00e9elles solutions contre Bucarest (26-33).","breadcrumb":{"@id":"https:\/\/dicodusport.fr\/blog\/handball-ligue-des-champions-les-brestoises-impuissantes-contre-bucarest\/#breadcrumb"},"inLanguage":"fr-FR","potentialAction":[{"@type":"ReadAction","target":["https:\/\/dicodusport.fr\/blog\/handball-ligue-des-champions-les-brestoises-impuissantes-contre-bucarest\/"]}]},{"@type":"ImageObject","inLanguage":"fr-FR","@id":"https:\/\/dicodusport.fr\/blog\/handball-ligue-des-champions-les-brestoises-impuissantes-contre-bucarest\/#primaryimage","url":"https:\/\/dicodusport.fr\/blog\/wp-content\/uploads\/2022\/09\/Handball-Ligue-des-Champions-Les-Brestoises-impuissantes-contre-Bucarest.png","contentUrl":"https:\/\/dicodusport.fr\/blog\/wp-content\/uploads\/2022\/09\/Handball-Ligue-des-Champions-Les-Brestoises-impuissantes-contre-Bucarest.png","width":800,"height":445,"caption":"Handball Ligue des Champions Les Brestoises impuissantes contre Bucarest"},{"@type":"BreadcrumbList","@id":"https:\/\/dicodusport.fr\/blog\/handball-ligue-des-champions-les-brestoises-impuissantes-contre-bucarest\/#breadcrumb","itemListElement":[{"@type":"ListItem","position":1,"name":"Accueil","item":"https:\/\/dicodusport.fr\/blog\/"},{"@type":"ListItem","position":2,"name":"Handball Ligue des Champions : Les Brestoises impuissantes contre Bucarest"}]},{"@type":"WebSite","@id":"https:\/\/dicodusport.fr\/blog\/#website","url":"https:\/\/dicodusport.fr\/blog\/","name":"Dicodusport","description":"L&#039;encyclop\u00e9die de l&#039;actualit\u00e9 sportive","publisher":{"@id":"https:\/\/dicodusport.fr\/blog\/#organization"},"potentialAction":[{"@type":"SearchAction","target":{"@type":"EntryPoint","urlTemplate":"https:\/\/dicodusport.fr\/blog\/?s={search_term_string}"},"query-input":{"@type":"PropertyValueSpecification","valueRequired":true,"valueName":"search_term_string"}}],"inLanguage":"fr-FR"},{"@type":"NewsMediaOrganization","@id":"https:\/\/dicodusport.fr\/blog\/#organization","name":"Dicodusport","url":"https:\/\/dicodusport.fr\/blog\/","logo":{"@type":"ImageObject","inLanguage":"fr-FR","@id":"https:\/\/dicodusport.fr\/blog\/#\/schema\/logo\/image\/","url":"https:\/\/dicodusport.fr\/blog\/wp-content\/uploads\/2020\/06\/cropped-LOGO-DICODUSPORT-2020-SANS-FOND-SANS-TEXTE.png","contentUrl":"https:\/\/dicodusport.fr\/blog\/wp-content\/uploads\/2020\/06\/cropped-LOGO-DICODUSPORT-2020-SANS-FOND-SANS-TEXTE.png","width":512,"height":512,"caption":"Dicodusport"},"image":{"@id":"https:\/\/dicodusport.fr\/blog\/#\/schema\/logo\/image\/"},"sameAs":["https:\/\/www.facebook.com\/dicodusport","https:\/\/x.com\/dicodusport","https:\/\/www.instagram.com\/dicodusport\/","https:\/\/www.youtube.com\/channel\/UC7V2KZ5sd3htJivAbA4ZG3w"],"description":"Dicodusport est l'encyclop\u00e9die de l'actualit\u00e9 sportive.","email":"bonjour@dicodusport.fr","legalName":"DICODUSPORT","foundingDate":"2018-01-14","vatID":"FR71834470973","taxID":"83447097300043","numberOfEmployees":{"@type":"QuantitativeValue","minValue":"1","maxValue":"10"}},{"@type":"Person","@id":"https:\/\/dicodusport.fr\/blog\/#\/schema\/person\/627966a6cde45dbd8c5e36ac85d783da","name":"S\u00e9bastien Gente","image":{"@type":"ImageObject","inLanguage":"fr-FR","@id":"https:\/\/dicodusport.fr\/blog\/#\/schema\/person\/image\/","url":"https:\/\/dicodusport.fr\/blog\/wp-content\/uploads\/2021\/09\/1510990_10205810251400683_4124423575079401707_n-150x150.jpg","contentUrl":"https:\/\/dicodusport.fr\/blog\/wp-content\/uploads\/2021\/09\/1510990_10205810251400683_4124423575079401707_n-150x150.jpg","caption":"S\u00e9bastien Gente"},"description":"John Stockton, Gianni Bugno, Zinedine Zidane, Steffi Graf, Frode Andresen, St\u00e9phane Stoecklin, Davis Kamoga, Primoz Peterka, Werner Schlager et Aur\u00e9lien Rougerie. Point commun entre ces sportifs? Ils m'ont fait r\u00eaver et ont berc\u00e9 mon adolescence. Je suis un fondu de sports et j'essaie de retranscrire ma passion \u00e0 travers mes articles. Originaire du P\u00e9rigord, ma passion pour les Girondins, les Jaunards et les Jazzmen transpire dans mes \u00e9crits. \u00c0 Dicodusport depuis 2021, je d\u00e9niche les sports m\u00e9connus dans lesquels la France brille, et il y en a !","sameAs":["https:\/\/www.facebook.com\/sebastien.gente\/","https:\/\/www.instagram.com\/sebgente\/","https:\/\/www.linkedin.com\/in\/sbastien-gente-a29583169\/","https:\/\/x.com\/https:\/\/twitter.com\/globulo24","SebastienGente"],"worksFor":"S\u00e9bastien GENTE","url":"https:\/\/dicodusport.fr\/blog\/author\/sebastiengente\/"}]}},"_links":{"self":[{"href":"https:\/\/dicodusport.fr\/blog\/wp-json\/wp\/v2\/posts\/263259","targetHints":{"allow":["GET"]}}],"collection":[{"href":"https:\/\/dicodusport.fr\/blog\/wp-json\/wp\/v2\/posts"}],"about":[{"href":"https:\/\/dicodusport.fr\/blog\/wp-json\/wp\/v2\/types\/post"}],"author":[{"embeddable":true,"href":"https:\/\/dicodusport.fr\/blog\/wp-json\/wp\/v2\/users\/59"}],"replies":[{"embeddable":true,"href":"https:\/\/dicodusport.fr\/blog\/wp-json\/wp\/v2\/comments?post=263259"}],"version-history":[{"count":0,"href":"https:\/\/dicodusport.fr\/blog\/wp-json\/wp\/v2\/posts\/263259\/revisions"}],"wp:featuredmedia":[{"embeddable":true,"href":"https:\/\/dicodusport.fr\/blog\/wp-json\/wp\/v2\/media\/263330"}],"wp:attachment":[{"href":"https:\/\/dicodusport.fr\/blog\/wp-json\/wp\/v2\/media?parent=263259"}],"wp:term":[{"taxonomy":"category","embeddable":true,"href":"https:\/\/dicodusport.fr\/blog\/wp-json\/wp\/v2\/categories?post=263259"},{"taxonomy":"post_tag","embeddable":true,"href":"https:\/\/dicodusport.fr\/blog\/wp-json\/wp\/v2\/tags?post=263259"}],"curies":[{"name":"wp","href":"https:\/\/api.w.org\/{rel}","templated":true}]}}