{"id":263385,"date":"2022-09-18T22:40:11","date_gmt":"2022-09-18T20:40:11","guid":{"rendered":"https:\/\/dicodusport.fr\/blog\/?p=263385&#038;preview=true&#038;preview_id=263385"},"modified":"2022-09-19T08:07:50","modified_gmt":"2022-09-19T06:07:50","slug":"eurobasket-2022-les-notes-des-bleus-contre-lespagne","status":"publish","type":"post","link":"https:\/\/dicodusport.fr\/blog\/eurobasket-2022-les-notes-des-bleus-contre-lespagne\/","title":{"rendered":"EuroBasket 2022 : Les notes des Bleus contre l&rsquo;Espagne"},"content":{"rendered":"<p style=\"text-align: justify;\"><b><i><a href=\"https:\/\/dicodusport.fr\/blog\/calendrier-et-resultats-eurobasket-2022\/\">EuroBasket 2022<\/a> &#8211; L&rsquo;\u00c9quipe de France a <a href=\"https:\/\/dicodusport.fr\/blog\/eurobasket-2022-les-bleus-battus-en-finale-par-lespagne\/\">perdu en finale de l&rsquo;Euro contre l&rsquo;Espagne, 88-76<\/a>. Voici nos notes des Bleus ce soir.<br \/>\n<\/i><\/b><\/p>\n<p style=\"text-align: justify;\"><strong>Andrew Albicy (2) :\u00a0 <\/strong>Envoy\u00e9 en mission d\u00e9fensive sur Lorenzo Brown, il a commis plus de fautes (3) qu&rsquo;il n&rsquo;a marqu\u00e9 de points (1). Un non-match de sa part.<\/p>\n<p style=\"text-align: justify;\"><strong>Evan Fournier (7) : <\/strong>Un des seuls qui a r\u00e9pondu pr\u00e9sent. 23 points marqu\u00e9s, en ne se contentant pas de shooter \u00e0 3 points, mais en attaquant le cercle avec agressivit\u00e9. A fait les bons efforts d\u00e9fensifs, m\u00eame handicap\u00e9 par son probl\u00e8me de fautes.<strong><br \/>\n<\/strong><\/p>\n<p style=\"text-align: justify;\"><strong>Terry Tarpey (5,5) : <\/strong>Pas grand-chose \u00e0 lui reprocher, comme d&rsquo;habitude. Son \u00e9nergie au rebond (9) nous a fait beaucoup de bien. Le seul Fran\u00e7ais qui termine avec un plus\/minus positif (+2).<strong><br \/>\n<\/strong><\/p>\n<p style=\"text-align: justify;\"><strong>Guerschon Yabusele (4) : <\/strong>Beaucoup trop mou par rapport \u00e0 son habitude. L&rsquo;<em>ours dansant<\/em>\u00a0s&rsquo;est transform\u00e9 en <em>ours en guimauve<\/em> pendant 3 quarts-temps sur 4. C&rsquo;est aussi lui qui d\u00e9fendait sur Juancho Hernangomez (27 points). Voil\u00e0 voil\u00e0.<strong><br \/>\n<\/strong><\/p>\n<p style=\"text-align: justify;\"><strong>Rudy Gobert (1) : <\/strong>6 points, 6 rebonds et 3 pertes de balle en 27 minutes. Incapable de stopper les offensives espagnoles et de s\u00e9curiser les rebonds, et domin\u00e9 par son vis-\u00e0-vis Willy Hernangomez (14 points et 8 rebonds). Un match indigne d&rsquo;un triple d\u00e9fenseur de l&rsquo;ann\u00e9e NBA.<strong><br \/>\n<\/strong><\/p>\n<p style=\"text-align: justify;\"><strong>Thomas Heurtel (6,5) : <\/strong>Arrive \u00e0 marquer 16 points et d\u00e9livrer 7 passes alors qu&rsquo;il \u00e9tait bien d\u00e9fendu par les Espagnols qui avaient analys\u00e9 son jeu. Malheureusement, ce sont des statistiques dans le vide.<\/p>\n<p style=\"text-align: justify;\"><strong>\u00c9lie Okobo (5,5) : <\/strong>Un match honn\u00eate pour celui qui fait pourtant un Euro tr\u00e8s loin de ses standards. Trois tirs \u00e0 3 points marqu\u00e9s \u00e0 des moments o\u00f9 ses co\u00e9quipiers \u00e9taient incapables de marquer.<\/p>\n<p style=\"text-align: justify;\"><strong>Vincent Poirier (4) : <\/strong>Auteur d&rsquo;une bonne entr\u00e9e, en \u00e9tant beaucoup plus mobile et polyvalent que Moustapha Fall et Rudy Gobert. Aurait m\u00e9rit\u00e9 de jouer davantage sur ce match et sur cet Euro.<\/p>\n<p style=\"text-align: justify;\"><strong>Timoth\u00e9 Luwawu-Cabarrot (2) : <\/strong>0 point marqu\u00e9 et 0 tir tent\u00e9 : totalement transparent lors de ses quelques minutes sur le parquet.<\/p>\n<p style=\"text-align: justify;\"><strong>Moustapha Fall (2) : <\/strong>Copier + coller le texte au-dessus.<\/p>\n<p style=\"text-align: justify;\"><strong>Coach Vincent Collet (3,5) : <\/strong>Toujours pas de rotation fixe pour cette \u00c9quipe de France. Le coach Collet a tent\u00e9 de lancer des joueurs pendant tout le match, la plupart sans succ\u00e8s. De la m\u00eame mani\u00e8re, toujours le m\u00eame probl\u00e8me de gestion des temps morts.<\/p>\n<p style=\"text-align: justify;\"><em><strong>Amath M&rsquo;Baye et Th\u00e9o Maledon : non-not\u00e9s<\/strong><\/em><\/p>\n<blockquote class=\"twitter-tweet\">\n<p dir=\"ltr\" lang=\"fr\">+41, ON EST EN FINALE &#x1f525;<\/p>\n<p>Incroyables en d\u00e9fense, les Bleus retrouvent la finale de l&rsquo;<a href=\"https:\/\/twitter.com\/EuroBasket?ref_src=twsrc%5Etfw\">@EuroBasket<\/a> 9 ans apr\u00e8s &#x1f64c;<a href=\"https:\/\/twitter.com\/hashtag\/TeamFranceBasket?src=hash&amp;ref_src=twsrc%5Etfw\">#TeamFranceBasket<\/a> | <a href=\"https:\/\/twitter.com\/hashtag\/Passionn%C3%A9mentBleu?src=hash&amp;ref_src=twsrc%5Etfw\">#Passionn\u00e9mentBleu<\/a> | <a href=\"https:\/\/twitter.com\/hashtag\/EuroBasket?src=hash&amp;ref_src=twsrc%5Etfw\">#EuroBasket<\/a> | <a href=\"https:\/\/twitter.com\/hashtag\/POLFRA?src=hash&amp;ref_src=twsrc%5Etfw\">#POLFRA<\/a> <a href=\"https:\/\/t.co\/29x30jM0K4\">pic.twitter.com\/29x30jM0K4<\/a><\/p>\n<p>\u2014 \u00c9quipes de France de Basket (@FRABasketball) <a href=\"https:\/\/twitter.com\/FRABasketball\/status\/1570819472977690626?ref_src=twsrc%5Etfw\">September 16, 2022<\/a><\/p><\/blockquote>\n<p style=\"text-align: justify;\"><script async src=\"https:\/\/platform.twitter.com\/widgets.js\" charset=\"utf-8\"><\/script><\/p>\n","protected":false},"excerpt":{"rendered":"<p>EuroBasket 2022 &#8211; L&rsquo;\u00c9quipe de France a perdu en finale de l&rsquo;Euro contre l&rsquo;Espagne, 88-76. Voici nos notes des Bleus ce soir.<\/p>\n","protected":false},"author":13,"featured_media":263431,"comment_status":"open","ping_status":"closed","sticky":false,"template":"","format":"standard","meta":{"_acf_changed":false,"_daextam_enable_autolinks":"","footnotes":""},"categories":[47000],"tags":[18249,18401],"class_list":["post-263385","post","type-post","status-publish","format-standard","has-post-thumbnail","hentry","category-eurobasket","tag-equipe-de-france-basket","tag-france-espagne-basket"],"acf":[],"yoast_head":"<!-- This site is optimized with the Yoast SEO Premium plugin v26.7 (Yoast SEO v26.7) - https:\/\/yoast.com\/wordpress\/plugins\/seo\/ -->\n<title>EuroBasket 2022 : Les notes des Bleus contre l&#039;Espagne<\/title>\n<meta name=\"description\" content=\"EuroBasket 2022 - Nous avons not\u00e9 la performance des Bleus sur 10 lors de la finale perdue de cet Euro contre l&#039;Espagne.\" \/>\n<meta name=\"robots\" content=\"index, follow, max-snippet:-1, max-image-preview:large, max-video-preview:-1\" \/>\n<link rel=\"canonical\" href=\"https:\/\/dicodusport.fr\/blog\/eurobasket-2022-les-notes-des-bleus-contre-lespagne\/\" \/>\n<meta property=\"og:locale\" content=\"fr_FR\" \/>\n<meta property=\"og:type\" content=\"article\" \/>\n<meta property=\"og:title\" content=\"EuroBasket 2022 : Les notes des Bleus contre l&#039;Espagne\" \/>\n<meta property=\"og:description\" content=\"EuroBasket 2022 - Nous avons not\u00e9 la performance des Bleus sur 10 lors de la finale perdue de cet Euro contre l&#039;Espagne.\" \/>\n<meta property=\"og:url\" content=\"https:\/\/dicodusport.fr\/blog\/eurobasket-2022-les-notes-des-bleus-contre-lespagne\/\" \/>\n<meta property=\"og:site_name\" content=\"Dicodusport\" \/>\n<meta property=\"article:publisher\" content=\"https:\/\/www.facebook.com\/dicodusport\" \/>\n<meta property=\"article:published_time\" content=\"2022-09-18T20:40:11+00:00\" \/>\n<meta property=\"article:modified_time\" content=\"2022-09-19T06:07:50+00:00\" \/>\n<meta property=\"og:image\" content=\"https:\/\/dicodusport.fr\/blog\/wp-content\/uploads\/2022\/09\/eurobasket-2022-les-notes-des-bleus-contre-lespagne.png\" \/>\n\t<meta property=\"og:image:width\" content=\"800\" \/>\n\t<meta property=\"og:image:height\" content=\"445\" \/>\n\t<meta property=\"og:image:type\" content=\"image\/png\" \/>\n<meta name=\"author\" content=\"Tom Compayrot\" \/>\n<meta name=\"twitter:card\" content=\"summary_large_image\" \/>\n<meta name=\"twitter:title\" content=\"EuroBasket 2022 : Les notes des Bleus contre l&#039;Espagne\" \/>\n<meta name=\"twitter:creator\" content=\"@https:\/\/twitter.com\/Tom_Cprt\" \/>\n<meta name=\"twitter:site\" content=\"@dicodusport\" \/>\n<script type=\"application\/ld+json\" class=\"yoast-schema-graph\">{\"@context\":\"https:\/\/schema.org\",\"@graph\":[{\"@type\":\"NewsArticle\",\"@id\":\"https:\/\/dicodusport.fr\/blog\/eurobasket-2022-les-notes-des-bleus-contre-lespagne\/#article\",\"isPartOf\":{\"@id\":\"https:\/\/dicodusport.fr\/blog\/eurobasket-2022-les-notes-des-bleus-contre-lespagne\/\"},\"author\":{\"name\":\"Tom Compayrot\",\"@id\":\"https:\/\/dicodusport.fr\/blog\/#\/schema\/person\/bf1e4f404e108bd2be5b447b16bde9a7\"},\"headline\":\"EuroBasket 2022 : Les notes des Bleus contre l&rsquo;Espagne\",\"datePublished\":\"2022-09-18T20:40:11+00:00\",\"dateModified\":\"2022-09-19T06:07:50+00:00\",\"mainEntityOfPage\":{\"@id\":\"https:\/\/dicodusport.fr\/blog\/eurobasket-2022-les-notes-des-bleus-contre-lespagne\/\"},\"wordCount\":439,\"commentCount\":0,\"publisher\":{\"@id\":\"https:\/\/dicodusport.fr\/blog\/#organization\"},\"image\":{\"@id\":\"https:\/\/dicodusport.fr\/blog\/eurobasket-2022-les-notes-des-bleus-contre-lespagne\/#primaryimage\"},\"thumbnailUrl\":\"https:\/\/dicodusport.fr\/blog\/wp-content\/uploads\/2022\/09\/eurobasket-2022-les-notes-des-bleus-contre-lespagne.png\",\"keywords\":[\"\u00c9quipe de France basket\",\"france espagne basket\"],\"articleSection\":[\"EuroBasket\"],\"inLanguage\":\"fr-FR\",\"potentialAction\":[{\"@type\":\"CommentAction\",\"name\":\"Comment\",\"target\":[\"https:\/\/dicodusport.fr\/blog\/eurobasket-2022-les-notes-des-bleus-contre-lespagne\/#respond\"]}],\"copyrightYear\":\"2022\",\"copyrightHolder\":{\"@id\":\"https:\/\/dicodusport.fr\/blog\/#organization\"}},{\"@type\":\"WebPage\",\"@id\":\"https:\/\/dicodusport.fr\/blog\/eurobasket-2022-les-notes-des-bleus-contre-lespagne\/\",\"url\":\"https:\/\/dicodusport.fr\/blog\/eurobasket-2022-les-notes-des-bleus-contre-lespagne\/\",\"name\":\"EuroBasket 2022 : Les notes des Bleus contre l'Espagne\",\"isPartOf\":{\"@id\":\"https:\/\/dicodusport.fr\/blog\/#website\"},\"primaryImageOfPage\":{\"@id\":\"https:\/\/dicodusport.fr\/blog\/eurobasket-2022-les-notes-des-bleus-contre-lespagne\/#primaryimage\"},\"image\":{\"@id\":\"https:\/\/dicodusport.fr\/blog\/eurobasket-2022-les-notes-des-bleus-contre-lespagne\/#primaryimage\"},\"thumbnailUrl\":\"https:\/\/dicodusport.fr\/blog\/wp-content\/uploads\/2022\/09\/eurobasket-2022-les-notes-des-bleus-contre-lespagne.png\",\"datePublished\":\"2022-09-18T20:40:11+00:00\",\"dateModified\":\"2022-09-19T06:07:50+00:00\",\"description\":\"EuroBasket 2022 - Nous avons not\u00e9 la performance des Bleus sur 10 lors de la finale perdue de cet Euro contre l'Espagne.\",\"breadcrumb\":{\"@id\":\"https:\/\/dicodusport.fr\/blog\/eurobasket-2022-les-notes-des-bleus-contre-lespagne\/#breadcrumb\"},\"inLanguage\":\"fr-FR\",\"potentialAction\":[{\"@type\":\"ReadAction\",\"target\":[\"https:\/\/dicodusport.fr\/blog\/eurobasket-2022-les-notes-des-bleus-contre-lespagne\/\"]}]},{\"@type\":\"ImageObject\",\"inLanguage\":\"fr-FR\",\"@id\":\"https:\/\/dicodusport.fr\/blog\/eurobasket-2022-les-notes-des-bleus-contre-lespagne\/#primaryimage\",\"url\":\"https:\/\/dicodusport.fr\/blog\/wp-content\/uploads\/2022\/09\/eurobasket-2022-les-notes-des-bleus-contre-lespagne.png\",\"contentUrl\":\"https:\/\/dicodusport.fr\/blog\/wp-content\/uploads\/2022\/09\/eurobasket-2022-les-notes-des-bleus-contre-lespagne.png\",\"width\":800,\"height\":445},{\"@type\":\"BreadcrumbList\",\"@id\":\"https:\/\/dicodusport.fr\/blog\/eurobasket-2022-les-notes-des-bleus-contre-lespagne\/#breadcrumb\",\"itemListElement\":[{\"@type\":\"ListItem\",\"position\":1,\"name\":\"Accueil\",\"item\":\"https:\/\/dicodusport.fr\/blog\/\"},{\"@type\":\"ListItem\",\"position\":2,\"name\":\"EuroBasket 2022 : Les notes des Bleus contre l&rsquo;Espagne\"}]},{\"@type\":\"WebSite\",\"@id\":\"https:\/\/dicodusport.fr\/blog\/#website\",\"url\":\"https:\/\/dicodusport.fr\/blog\/\",\"name\":\"Dicodusport\",\"description\":\"L&#039;encyclop\u00e9die de l&#039;actualit\u00e9 sportive\",\"publisher\":{\"@id\":\"https:\/\/dicodusport.fr\/blog\/#organization\"},\"potentialAction\":[{\"@type\":\"SearchAction\",\"target\":{\"@type\":\"EntryPoint\",\"urlTemplate\":\"https:\/\/dicodusport.fr\/blog\/?s={search_term_string}\"},\"query-input\":{\"@type\":\"PropertyValueSpecification\",\"valueRequired\":true,\"valueName\":\"search_term_string\"}}],\"inLanguage\":\"fr-FR\"},{\"@type\":\"NewsMediaOrganization\",\"@id\":\"https:\/\/dicodusport.fr\/blog\/#organization\",\"name\":\"Dicodusport\",\"url\":\"https:\/\/dicodusport.fr\/blog\/\",\"logo\":{\"@type\":\"ImageObject\",\"inLanguage\":\"fr-FR\",\"@id\":\"https:\/\/dicodusport.fr\/blog\/#\/schema\/logo\/image\/\",\"url\":\"https:\/\/dicodusport.fr\/blog\/wp-content\/uploads\/2020\/06\/cropped-LOGO-DICODUSPORT-2020-SANS-FOND-SANS-TEXTE.png\",\"contentUrl\":\"https:\/\/dicodusport.fr\/blog\/wp-content\/uploads\/2020\/06\/cropped-LOGO-DICODUSPORT-2020-SANS-FOND-SANS-TEXTE.png\",\"width\":512,\"height\":512,\"caption\":\"Dicodusport\"},\"image\":{\"@id\":\"https:\/\/dicodusport.fr\/blog\/#\/schema\/logo\/image\/\"},\"sameAs\":[\"https:\/\/www.facebook.com\/dicodusport\",\"https:\/\/x.com\/dicodusport\",\"https:\/\/www.instagram.com\/dicodusport\/\",\"https:\/\/www.youtube.com\/channel\/UC7V2KZ5sd3htJivAbA4ZG3w\"],\"description\":\"Dicodusport est l'encyclop\u00e9die de l'actualit\u00e9 sportive.\",\"email\":\"bonjour@dicodusport.fr\",\"legalName\":\"DICODUSPORT\",\"foundingDate\":\"2018-01-14\",\"vatID\":\"FR71834470973\",\"taxID\":\"83447097300043\",\"numberOfEmployees\":{\"@type\":\"QuantitativeValue\",\"minValue\":\"1\",\"maxValue\":\"10\"}},{\"@type\":\"Person\",\"@id\":\"https:\/\/dicodusport.fr\/blog\/#\/schema\/person\/bf1e4f404e108bd2be5b447b16bde9a7\",\"name\":\"Tom Compayrot\",\"image\":{\"@type\":\"ImageObject\",\"inLanguage\":\"fr-FR\",\"@id\":\"https:\/\/dicodusport.fr\/blog\/#\/schema\/person\/image\/\",\"url\":\"https:\/\/dicodusport.fr\/blog\/wp-content\/uploads\/2021\/05\/Tom-Compayrot-150x150.jpg\",\"contentUrl\":\"https:\/\/dicodusport.fr\/blog\/wp-content\/uploads\/2021\/05\/Tom-Compayrot-150x150.jpg\",\"caption\":\"Tom Compayrot\"},\"description\":\"Journaliste\/r\u00e9dacteur depuis mars 2017 - Amoureux de la petite balle jaune et du gros ballon orange qui tra\u00eene sa carcasse sur Dicodusport depuis 2017. Rafael Nadal et LeBron James sont les meilleurs joueurs de l'histoire.\",\"sameAs\":[\"https:\/\/x.com\/https:\/\/twitter.com\/Tom_Cprt\"],\"url\":\"https:\/\/dicodusport.fr\/blog\/author\/tom\/\"}]}<\/script>\n<!-- \/ Yoast SEO Premium plugin. -->","yoast_head_json":{"title":"EuroBasket 2022 : Les notes des Bleus contre l'Espagne","description":"EuroBasket 2022 - Nous avons not\u00e9 la performance des Bleus sur 10 lors de la finale perdue de cet Euro contre l'Espagne.","robots":{"index":"index","follow":"follow","max-snippet":"max-snippet:-1","max-image-preview":"max-image-preview:large","max-video-preview":"max-video-preview:-1"},"canonical":"https:\/\/dicodusport.fr\/blog\/eurobasket-2022-les-notes-des-bleus-contre-lespagne\/","og_locale":"fr_FR","og_type":"article","og_title":"EuroBasket 2022 : Les notes des Bleus contre l'Espagne","og_description":"EuroBasket 2022 - Nous avons not\u00e9 la performance des Bleus sur 10 lors de la finale perdue de cet Euro contre l'Espagne.","og_url":"https:\/\/dicodusport.fr\/blog\/eurobasket-2022-les-notes-des-bleus-contre-lespagne\/","og_site_name":"Dicodusport","article_publisher":"https:\/\/www.facebook.com\/dicodusport","article_published_time":"2022-09-18T20:40:11+00:00","article_modified_time":"2022-09-19T06:07:50+00:00","og_image":[{"width":800,"height":445,"url":"https:\/\/dicodusport.fr\/blog\/wp-content\/uploads\/2022\/09\/eurobasket-2022-les-notes-des-bleus-contre-lespagne.png","type":"image\/png"}],"author":"Tom Compayrot","twitter_card":"summary_large_image","twitter_title":"EuroBasket 2022 : Les notes des Bleus contre l'Espagne","twitter_creator":"@https:\/\/twitter.com\/Tom_Cprt","twitter_site":"@dicodusport","schema":{"@context":"https:\/\/schema.org","@graph":[{"@type":"NewsArticle","@id":"https:\/\/dicodusport.fr\/blog\/eurobasket-2022-les-notes-des-bleus-contre-lespagne\/#article","isPartOf":{"@id":"https:\/\/dicodusport.fr\/blog\/eurobasket-2022-les-notes-des-bleus-contre-lespagne\/"},"author":{"name":"Tom Compayrot","@id":"https:\/\/dicodusport.fr\/blog\/#\/schema\/person\/bf1e4f404e108bd2be5b447b16bde9a7"},"headline":"EuroBasket 2022 : Les notes des Bleus contre l&rsquo;Espagne","datePublished":"2022-09-18T20:40:11+00:00","dateModified":"2022-09-19T06:07:50+00:00","mainEntityOfPage":{"@id":"https:\/\/dicodusport.fr\/blog\/eurobasket-2022-les-notes-des-bleus-contre-lespagne\/"},"wordCount":439,"commentCount":0,"publisher":{"@id":"https:\/\/dicodusport.fr\/blog\/#organization"},"image":{"@id":"https:\/\/dicodusport.fr\/blog\/eurobasket-2022-les-notes-des-bleus-contre-lespagne\/#primaryimage"},"thumbnailUrl":"https:\/\/dicodusport.fr\/blog\/wp-content\/uploads\/2022\/09\/eurobasket-2022-les-notes-des-bleus-contre-lespagne.png","keywords":["\u00c9quipe de France basket","france espagne basket"],"articleSection":["EuroBasket"],"inLanguage":"fr-FR","potentialAction":[{"@type":"CommentAction","name":"Comment","target":["https:\/\/dicodusport.fr\/blog\/eurobasket-2022-les-notes-des-bleus-contre-lespagne\/#respond"]}],"copyrightYear":"2022","copyrightHolder":{"@id":"https:\/\/dicodusport.fr\/blog\/#organization"}},{"@type":"WebPage","@id":"https:\/\/dicodusport.fr\/blog\/eurobasket-2022-les-notes-des-bleus-contre-lespagne\/","url":"https:\/\/dicodusport.fr\/blog\/eurobasket-2022-les-notes-des-bleus-contre-lespagne\/","name":"EuroBasket 2022 : Les notes des Bleus contre l'Espagne","isPartOf":{"@id":"https:\/\/dicodusport.fr\/blog\/#website"},"primaryImageOfPage":{"@id":"https:\/\/dicodusport.fr\/blog\/eurobasket-2022-les-notes-des-bleus-contre-lespagne\/#primaryimage"},"image":{"@id":"https:\/\/dicodusport.fr\/blog\/eurobasket-2022-les-notes-des-bleus-contre-lespagne\/#primaryimage"},"thumbnailUrl":"https:\/\/dicodusport.fr\/blog\/wp-content\/uploads\/2022\/09\/eurobasket-2022-les-notes-des-bleus-contre-lespagne.png","datePublished":"2022-09-18T20:40:11+00:00","dateModified":"2022-09-19T06:07:50+00:00","description":"EuroBasket 2022 - Nous avons not\u00e9 la performance des Bleus sur 10 lors de la finale perdue de cet Euro contre l'Espagne.","breadcrumb":{"@id":"https:\/\/dicodusport.fr\/blog\/eurobasket-2022-les-notes-des-bleus-contre-lespagne\/#breadcrumb"},"inLanguage":"fr-FR","potentialAction":[{"@type":"ReadAction","target":["https:\/\/dicodusport.fr\/blog\/eurobasket-2022-les-notes-des-bleus-contre-lespagne\/"]}]},{"@type":"ImageObject","inLanguage":"fr-FR","@id":"https:\/\/dicodusport.fr\/blog\/eurobasket-2022-les-notes-des-bleus-contre-lespagne\/#primaryimage","url":"https:\/\/dicodusport.fr\/blog\/wp-content\/uploads\/2022\/09\/eurobasket-2022-les-notes-des-bleus-contre-lespagne.png","contentUrl":"https:\/\/dicodusport.fr\/blog\/wp-content\/uploads\/2022\/09\/eurobasket-2022-les-notes-des-bleus-contre-lespagne.png","width":800,"height":445},{"@type":"BreadcrumbList","@id":"https:\/\/dicodusport.fr\/blog\/eurobasket-2022-les-notes-des-bleus-contre-lespagne\/#breadcrumb","itemListElement":[{"@type":"ListItem","position":1,"name":"Accueil","item":"https:\/\/dicodusport.fr\/blog\/"},{"@type":"ListItem","position":2,"name":"EuroBasket 2022 : Les notes des Bleus contre l&rsquo;Espagne"}]},{"@type":"WebSite","@id":"https:\/\/dicodusport.fr\/blog\/#website","url":"https:\/\/dicodusport.fr\/blog\/","name":"Dicodusport","description":"L&#039;encyclop\u00e9die de l&#039;actualit\u00e9 sportive","publisher":{"@id":"https:\/\/dicodusport.fr\/blog\/#organization"},"potentialAction":[{"@type":"SearchAction","target":{"@type":"EntryPoint","urlTemplate":"https:\/\/dicodusport.fr\/blog\/?s={search_term_string}"},"query-input":{"@type":"PropertyValueSpecification","valueRequired":true,"valueName":"search_term_string"}}],"inLanguage":"fr-FR"},{"@type":"NewsMediaOrganization","@id":"https:\/\/dicodusport.fr\/blog\/#organization","name":"Dicodusport","url":"https:\/\/dicodusport.fr\/blog\/","logo":{"@type":"ImageObject","inLanguage":"fr-FR","@id":"https:\/\/dicodusport.fr\/blog\/#\/schema\/logo\/image\/","url":"https:\/\/dicodusport.fr\/blog\/wp-content\/uploads\/2020\/06\/cropped-LOGO-DICODUSPORT-2020-SANS-FOND-SANS-TEXTE.png","contentUrl":"https:\/\/dicodusport.fr\/blog\/wp-content\/uploads\/2020\/06\/cropped-LOGO-DICODUSPORT-2020-SANS-FOND-SANS-TEXTE.png","width":512,"height":512,"caption":"Dicodusport"},"image":{"@id":"https:\/\/dicodusport.fr\/blog\/#\/schema\/logo\/image\/"},"sameAs":["https:\/\/www.facebook.com\/dicodusport","https:\/\/x.com\/dicodusport","https:\/\/www.instagram.com\/dicodusport\/","https:\/\/www.youtube.com\/channel\/UC7V2KZ5sd3htJivAbA4ZG3w"],"description":"Dicodusport est l'encyclop\u00e9die de l'actualit\u00e9 sportive.","email":"bonjour@dicodusport.fr","legalName":"DICODUSPORT","foundingDate":"2018-01-14","vatID":"FR71834470973","taxID":"83447097300043","numberOfEmployees":{"@type":"QuantitativeValue","minValue":"1","maxValue":"10"}},{"@type":"Person","@id":"https:\/\/dicodusport.fr\/blog\/#\/schema\/person\/bf1e4f404e108bd2be5b447b16bde9a7","name":"Tom Compayrot","image":{"@type":"ImageObject","inLanguage":"fr-FR","@id":"https:\/\/dicodusport.fr\/blog\/#\/schema\/person\/image\/","url":"https:\/\/dicodusport.fr\/blog\/wp-content\/uploads\/2021\/05\/Tom-Compayrot-150x150.jpg","contentUrl":"https:\/\/dicodusport.fr\/blog\/wp-content\/uploads\/2021\/05\/Tom-Compayrot-150x150.jpg","caption":"Tom Compayrot"},"description":"Journaliste\/r\u00e9dacteur depuis mars 2017 - Amoureux de la petite balle jaune et du gros ballon orange qui tra\u00eene sa carcasse sur Dicodusport depuis 2017. Rafael Nadal et LeBron James sont les meilleurs joueurs de l'histoire.","sameAs":["https:\/\/x.com\/https:\/\/twitter.com\/Tom_Cprt"],"url":"https:\/\/dicodusport.fr\/blog\/author\/tom\/"}]}},"_links":{"self":[{"href":"https:\/\/dicodusport.fr\/blog\/wp-json\/wp\/v2\/posts\/263385","targetHints":{"allow":["GET"]}}],"collection":[{"href":"https:\/\/dicodusport.fr\/blog\/wp-json\/wp\/v2\/posts"}],"about":[{"href":"https:\/\/dicodusport.fr\/blog\/wp-json\/wp\/v2\/types\/post"}],"author":[{"embeddable":true,"href":"https:\/\/dicodusport.fr\/blog\/wp-json\/wp\/v2\/users\/13"}],"replies":[{"embeddable":true,"href":"https:\/\/dicodusport.fr\/blog\/wp-json\/wp\/v2\/comments?post=263385"}],"version-history":[{"count":0,"href":"https:\/\/dicodusport.fr\/blog\/wp-json\/wp\/v2\/posts\/263385\/revisions"}],"wp:featuredmedia":[{"embeddable":true,"href":"https:\/\/dicodusport.fr\/blog\/wp-json\/wp\/v2\/media\/263431"}],"wp:attachment":[{"href":"https:\/\/dicodusport.fr\/blog\/wp-json\/wp\/v2\/media?parent=263385"}],"wp:term":[{"taxonomy":"category","embeddable":true,"href":"https:\/\/dicodusport.fr\/blog\/wp-json\/wp\/v2\/categories?post=263385"},{"taxonomy":"post_tag","embeddable":true,"href":"https:\/\/dicodusport.fr\/blog\/wp-json\/wp\/v2\/tags?post=263385"}],"curies":[{"name":"wp","href":"https:\/\/api.w.org\/{rel}","templated":true}]}}