{"id":26351,"date":"2018-09-26T16:44:47","date_gmt":"2018-09-26T14:44:47","guid":{"rendered":"http:\/\/dicodusport.fr\/blog\/?p=26351"},"modified":"2018-09-27T08:34:27","modified_gmt":"2018-09-27T06:34:27","slug":"innsbruck-2018-clm-h-le-titre-pour-rohan-dennis","status":"publish","type":"post","link":"https:\/\/dicodusport.fr\/blog\/innsbruck-2018-clm-h-le-titre-pour-rohan-dennis\/","title":{"rendered":"Innsbruck 2018 &#8211; CLM (H) : le titre pour Rohan Dennis"},"content":{"rendered":"<p style=\"text-align: justify;\"><em><strong>Mondiaux &#8211; L&rsquo;Australien Rohan Dennis est devenu champion du monde du contre-la-montre \u00e0 Innsbruck, devan\u00e7ant Tom Dumoulin et Victor Campenaerts.<\/strong><\/em><\/p>\n<p style=\"text-align: justify;\">Supersonique Rohan Dennis ! Le triple champion d&rsquo;Australie en titre de l&rsquo;effort en solitaire a survol\u00e9 le chrono des Mondiaux d&rsquo;Innsbruck ce mercredi. Le coureur de la BMC a boucl\u00e9 les 52km en 1h03&rsquo;02\u201d, repoussant le champion du monde sortant, le N\u00e9erlandais Tom Dumulin \u00e0 1&rsquo;21\u201d. La Papillon de Maastricht a d\u00fb s&rsquo;arracher jusqu&rsquo;au bout pour conserver la deuxi\u00e8me place, et devance de six petits dixi\u00e8mes le Belge Victor Campenaerts. C\u00f4t\u00e9 Fran\u00e7ais, Benjamin Thomas a termin\u00e9 \u00e0 la 20\u00e8me place tandis que Yoann Paillot s&rsquo;est class\u00e9 34\u00e8me.<\/p>\n<div id=\"attachment_26376\" style=\"width: 781px\" class=\"wp-caption aligncenter\"><img loading=\"lazy\" decoding=\"async\" aria-describedby=\"caption-attachment-26376\" class=\"wp-image-26376 size-full\" src=\"http:\/\/dicodusport.fr\/blog\/wp-content\/uploads\/2018\/09\/Top-10-CLM-Hommes-Innsbruck-2018.png\" alt=\"\" width=\"771\" height=\"248\" srcset=\"https:\/\/dicodusport.fr\/blog\/wp-content\/uploads\/2018\/09\/Top-10-CLM-Hommes-Innsbruck-2018.png 771w, https:\/\/dicodusport.fr\/blog\/wp-content\/uploads\/2018\/09\/Top-10-CLM-Hommes-Innsbruck-2018-300x96.png 300w, https:\/\/dicodusport.fr\/blog\/wp-content\/uploads\/2018\/09\/Top-10-CLM-Hommes-Innsbruck-2018-768x247.png 768w\" sizes=\"auto, (max-width: 771px) 100vw, 771px\" \/><p id=\"caption-attachment-26376\" class=\"wp-caption-text\">Top 10 du CLM hommes &#8211; UCI<\/p><\/div>\n<p><strong><em>F<\/em><\/strong><strong><em>lo Ostermann<br \/>\n<a href=\"https:\/\/www.facebook.com\/florent.ostermann\"><img loading=\"lazy\" decoding=\"async\" class=\"alignnone wp-image-2909\" src=\"http:\/\/dicodusport.fr\/blog\/wp-content\/uploads\/2017\/07\/logo-facebook-150x150.png\" sizes=\"auto, (max-width: 40px) 100vw, 40px\" srcset=\"https:\/\/dicodusport.fr\/blog\/wp-content\/uploads\/2017\/07\/logo-facebook-150x150.png 150w, https:\/\/dicodusport.fr\/blog\/wp-content\/uploads\/2017\/07\/logo-facebook-300x300.png 300w, https:\/\/dicodusport.fr\/blog\/wp-content\/uploads\/2017\/07\/logo-facebook.png 400w\" alt=\"\" width=\"40\" height=\"40\" \/><\/a><a href=\"https:\/\/twitter.com\/SportInsideMag\"><img loading=\"lazy\" decoding=\"async\" class=\"alignnone wp-image-2908\" src=\"http:\/\/dicodusport.fr\/blog\/wp-content\/uploads\/2017\/07\/logo-twitter-150x150.png\" alt=\"\" width=\"39\" height=\"39\" \/><\/a><\/em><\/strong><\/p>\n","protected":false},"excerpt":{"rendered":"<p>Mondiaux &#8211; L&rsquo;Australien Rohan Dennis est devenu champion du monde du contre-la-montre \u00e0 Innsbruck, devan\u00e7ant Tom Dumoulin et Victor Campenaerts.<\/p>\n","protected":false},"author":4,"featured_media":26366,"comment_status":"open","ping_status":"closed","sticky":false,"template":"","format":"standard","meta":{"_acf_changed":false,"_daextam_enable_autolinks":"","footnotes":""},"categories":[2,2307],"tags":[6098],"class_list":["post-26351","post","type-post","status-publish","format-standard","has-post-thumbnail","hentry","category-actualites","category-cyclisme","tag-mondiaux-cyclisme"],"acf":[],"yoast_head":"<!-- This site is optimized with the Yoast SEO Premium plugin v26.7 (Yoast SEO v26.7) - https:\/\/yoast.com\/wordpress\/plugins\/seo\/ -->\n<title>Innsbruck 2018 - CLM (H) : le titre pour Rohan Dennis<\/title>\n<meta name=\"description\" content=\"Mondiaux - L&#039;Australien Rohan Dennis est devenu champion du monde du contre-la-montre \u00e0 Innsbruck, devan\u00e7ant Tom Dumoulin et Victor Campenaerts.\" \/>\n<meta name=\"robots\" content=\"index, follow, max-snippet:-1, max-image-preview:large, max-video-preview:-1\" \/>\n<link rel=\"canonical\" href=\"https:\/\/dicodusport.fr\/blog\/innsbruck-2018-clm-h-le-titre-pour-rohan-dennis\/\" \/>\n<meta property=\"og:locale\" content=\"fr_FR\" \/>\n<meta property=\"og:type\" content=\"article\" \/>\n<meta property=\"og:title\" content=\"Innsbruck 2018 - CLM (H) : le titre pour Rohan Dennis\" \/>\n<meta property=\"og:description\" content=\"Mondiaux - L&#039;Australien Rohan Dennis est devenu champion du monde du contre-la-montre \u00e0 Innsbruck, devan\u00e7ant Tom Dumoulin et Victor Campenaerts.\" \/>\n<meta property=\"og:url\" content=\"https:\/\/dicodusport.fr\/blog\/innsbruck-2018-clm-h-le-titre-pour-rohan-dennis\/\" \/>\n<meta property=\"og:site_name\" content=\"Dicodusport\" \/>\n<meta property=\"article:publisher\" content=\"https:\/\/www.facebook.com\/dicodusport\" \/>\n<meta property=\"article:author\" content=\"https:\/\/www.facebook.com\/florent.ostermann\" \/>\n<meta property=\"article:published_time\" content=\"2018-09-26T14:44:47+00:00\" \/>\n<meta property=\"article:modified_time\" content=\"2018-09-27T06:34:27+00:00\" \/>\n<meta property=\"og:image\" content=\"https:\/\/dicodusport.fr\/blog\/wp-content\/uploads\/2018\/09\/Rohan-Dennis-Innsbruck-2018.png\" \/>\n\t<meta property=\"og:image:width\" content=\"800\" \/>\n\t<meta property=\"og:image:height\" content=\"445\" \/>\n\t<meta property=\"og:image:type\" content=\"image\/png\" \/>\n<meta name=\"author\" content=\"Flo Ostermann\" \/>\n<meta name=\"twitter:card\" content=\"summary_large_image\" \/>\n<meta name=\"twitter:creator\" content=\"@https:\/\/twitter.com\/FlOstermann\" \/>\n<meta name=\"twitter:site\" content=\"@dicodusport\" \/>\n<script type=\"application\/ld+json\" class=\"yoast-schema-graph\">{\"@context\":\"https:\/\/schema.org\",\"@graph\":[{\"@type\":\"NewsArticle\",\"@id\":\"https:\/\/dicodusport.fr\/blog\/innsbruck-2018-clm-h-le-titre-pour-rohan-dennis\/#article\",\"isPartOf\":{\"@id\":\"https:\/\/dicodusport.fr\/blog\/innsbruck-2018-clm-h-le-titre-pour-rohan-dennis\/\"},\"author\":{\"name\":\"Flo Ostermann\",\"@id\":\"https:\/\/dicodusport.fr\/blog\/#\/schema\/person\/cb02af4c173ce4a653b55e9baf388d4a\"},\"headline\":\"Innsbruck 2018 &#8211; CLM (H) : le titre pour Rohan Dennis\",\"datePublished\":\"2018-09-26T14:44:47+00:00\",\"dateModified\":\"2018-09-27T06:34:27+00:00\",\"mainEntityOfPage\":{\"@id\":\"https:\/\/dicodusport.fr\/blog\/innsbruck-2018-clm-h-le-titre-pour-rohan-dennis\/\"},\"wordCount\":140,\"commentCount\":0,\"publisher\":{\"@id\":\"https:\/\/dicodusport.fr\/blog\/#organization\"},\"image\":{\"@id\":\"https:\/\/dicodusport.fr\/blog\/innsbruck-2018-clm-h-le-titre-pour-rohan-dennis\/#primaryimage\"},\"thumbnailUrl\":\"https:\/\/dicodusport.fr\/blog\/wp-content\/uploads\/2018\/09\/Rohan-Dennis-Innsbruck-2018.png\",\"keywords\":[\"Mondiaux Cyclisme\"],\"articleSection\":[\"Actualit\u00e9s\",\"Cyclisme\"],\"inLanguage\":\"fr-FR\",\"potentialAction\":[{\"@type\":\"CommentAction\",\"name\":\"Comment\",\"target\":[\"https:\/\/dicodusport.fr\/blog\/innsbruck-2018-clm-h-le-titre-pour-rohan-dennis\/#respond\"]}],\"copyrightYear\":\"2018\",\"copyrightHolder\":{\"@id\":\"https:\/\/dicodusport.fr\/blog\/#organization\"}},{\"@type\":\"WebPage\",\"@id\":\"https:\/\/dicodusport.fr\/blog\/innsbruck-2018-clm-h-le-titre-pour-rohan-dennis\/\",\"url\":\"https:\/\/dicodusport.fr\/blog\/innsbruck-2018-clm-h-le-titre-pour-rohan-dennis\/\",\"name\":\"Innsbruck 2018 - CLM (H) : le titre pour Rohan Dennis\",\"isPartOf\":{\"@id\":\"https:\/\/dicodusport.fr\/blog\/#website\"},\"primaryImageOfPage\":{\"@id\":\"https:\/\/dicodusport.fr\/blog\/innsbruck-2018-clm-h-le-titre-pour-rohan-dennis\/#primaryimage\"},\"image\":{\"@id\":\"https:\/\/dicodusport.fr\/blog\/innsbruck-2018-clm-h-le-titre-pour-rohan-dennis\/#primaryimage\"},\"thumbnailUrl\":\"https:\/\/dicodusport.fr\/blog\/wp-content\/uploads\/2018\/09\/Rohan-Dennis-Innsbruck-2018.png\",\"datePublished\":\"2018-09-26T14:44:47+00:00\",\"dateModified\":\"2018-09-27T06:34:27+00:00\",\"description\":\"Mondiaux - L'Australien Rohan Dennis est devenu champion du monde du contre-la-montre \u00e0 Innsbruck, devan\u00e7ant Tom Dumoulin et Victor Campenaerts.\",\"breadcrumb\":{\"@id\":\"https:\/\/dicodusport.fr\/blog\/innsbruck-2018-clm-h-le-titre-pour-rohan-dennis\/#breadcrumb\"},\"inLanguage\":\"fr-FR\",\"potentialAction\":[{\"@type\":\"ReadAction\",\"target\":[\"https:\/\/dicodusport.fr\/blog\/innsbruck-2018-clm-h-le-titre-pour-rohan-dennis\/\"]}]},{\"@type\":\"ImageObject\",\"inLanguage\":\"fr-FR\",\"@id\":\"https:\/\/dicodusport.fr\/blog\/innsbruck-2018-clm-h-le-titre-pour-rohan-dennis\/#primaryimage\",\"url\":\"https:\/\/dicodusport.fr\/blog\/wp-content\/uploads\/2018\/09\/Rohan-Dennis-Innsbruck-2018.png\",\"contentUrl\":\"https:\/\/dicodusport.fr\/blog\/wp-content\/uploads\/2018\/09\/Rohan-Dennis-Innsbruck-2018.png\",\"width\":800,\"height\":445},{\"@type\":\"BreadcrumbList\",\"@id\":\"https:\/\/dicodusport.fr\/blog\/innsbruck-2018-clm-h-le-titre-pour-rohan-dennis\/#breadcrumb\",\"itemListElement\":[{\"@type\":\"ListItem\",\"position\":1,\"name\":\"Accueil\",\"item\":\"https:\/\/dicodusport.fr\/blog\/\"},{\"@type\":\"ListItem\",\"position\":2,\"name\":\"Innsbruck 2018 &#8211; CLM (H) : le titre pour Rohan Dennis\"}]},{\"@type\":\"WebSite\",\"@id\":\"https:\/\/dicodusport.fr\/blog\/#website\",\"url\":\"https:\/\/dicodusport.fr\/blog\/\",\"name\":\"Dicodusport\",\"description\":\"L&#039;encyclop\u00e9die de l&#039;actualit\u00e9 sportive\",\"publisher\":{\"@id\":\"https:\/\/dicodusport.fr\/blog\/#organization\"},\"potentialAction\":[{\"@type\":\"SearchAction\",\"target\":{\"@type\":\"EntryPoint\",\"urlTemplate\":\"https:\/\/dicodusport.fr\/blog\/?s={search_term_string}\"},\"query-input\":{\"@type\":\"PropertyValueSpecification\",\"valueRequired\":true,\"valueName\":\"search_term_string\"}}],\"inLanguage\":\"fr-FR\"},{\"@type\":\"NewsMediaOrganization\",\"@id\":\"https:\/\/dicodusport.fr\/blog\/#organization\",\"name\":\"Dicodusport\",\"url\":\"https:\/\/dicodusport.fr\/blog\/\",\"logo\":{\"@type\":\"ImageObject\",\"inLanguage\":\"fr-FR\",\"@id\":\"https:\/\/dicodusport.fr\/blog\/#\/schema\/logo\/image\/\",\"url\":\"https:\/\/dicodusport.fr\/blog\/wp-content\/uploads\/2020\/06\/cropped-LOGO-DICODUSPORT-2020-SANS-FOND-SANS-TEXTE.png\",\"contentUrl\":\"https:\/\/dicodusport.fr\/blog\/wp-content\/uploads\/2020\/06\/cropped-LOGO-DICODUSPORT-2020-SANS-FOND-SANS-TEXTE.png\",\"width\":512,\"height\":512,\"caption\":\"Dicodusport\"},\"image\":{\"@id\":\"https:\/\/dicodusport.fr\/blog\/#\/schema\/logo\/image\/\"},\"sameAs\":[\"https:\/\/www.facebook.com\/dicodusport\",\"https:\/\/x.com\/dicodusport\",\"https:\/\/www.instagram.com\/dicodusport\/\",\"https:\/\/www.youtube.com\/channel\/UC7V2KZ5sd3htJivAbA4ZG3w\"],\"description\":\"Dicodusport est l'encyclop\u00e9die de l'actualit\u00e9 sportive.\",\"email\":\"bonjour@dicodusport.fr\",\"legalName\":\"DICODUSPORT\",\"foundingDate\":\"2018-01-14\",\"vatID\":\"FR71834470973\",\"taxID\":\"83447097300043\",\"numberOfEmployees\":{\"@type\":\"QuantitativeValue\",\"minValue\":\"1\",\"maxValue\":\"10\"}},{\"@type\":\"Person\",\"@id\":\"https:\/\/dicodusport.fr\/blog\/#\/schema\/person\/cb02af4c173ce4a653b55e9baf388d4a\",\"name\":\"Flo Ostermann\",\"image\":{\"@type\":\"ImageObject\",\"inLanguage\":\"fr-FR\",\"@id\":\"https:\/\/dicodusport.fr\/blog\/#\/schema\/person\/image\/\",\"url\":\"https:\/\/dicodusport.fr\/blog\/wp-content\/uploads\/2021\/05\/Flo-Ostermann-150x150.jpg\",\"contentUrl\":\"https:\/\/dicodusport.fr\/blog\/wp-content\/uploads\/2021\/05\/Flo-Ostermann-150x150.jpg\",\"caption\":\"Flo Ostermann\"},\"description\":\"Journaliste\/R\u00e9dacteur depuis septembre 2015 - Mes premiers souvenirs dans le sport ? Les envol\u00e9es du Stade Toulousain et les duels Villeneuve-Schumacher et H\u00e4kkinen-Schumacher \u00e0 la fin des ann\u00e9es 90, la Coupe du monde de football en 1998, l\u2019exploit du XV de France face aux All Blacks en 1999, mais aussi Richard C\u0153ur de Lion qui vole sur les montagnes du Tour de France. Bien parti pour devenir professeur d\u2019EPS, les \u00e9v\u00e9nements de la vie (et la flemme d\u2019animer des s\u00e9ances de 3x500 m\u00e8tres toute ma vie) m\u2019ont conduit \u00e0 revoir mes plans. Me voil\u00e0 depuis fin 2017 sur Dicodusport, m\u00e9dia gr\u00e2ce (et pour) lequel je partage ma passion : le sport dans tous ses \u00e9tats. Le tout accompagn\u00e9 par les fous furieux et folles furieuses cit\u00e9s sur cette page !\",\"sameAs\":[\"https:\/\/www.facebook.com\/florent.ostermann\",\"https:\/\/x.com\/https:\/\/twitter.com\/FlOstermann\",\"admin\"],\"url\":\"https:\/\/dicodusport.fr\/blog\/author\/flo\/\"}]}<\/script>\n<!-- \/ Yoast SEO Premium plugin. -->","yoast_head_json":{"title":"Innsbruck 2018 - CLM (H) : le titre pour Rohan Dennis","description":"Mondiaux - L'Australien Rohan Dennis est devenu champion du monde du contre-la-montre \u00e0 Innsbruck, devan\u00e7ant Tom Dumoulin et Victor Campenaerts.","robots":{"index":"index","follow":"follow","max-snippet":"max-snippet:-1","max-image-preview":"max-image-preview:large","max-video-preview":"max-video-preview:-1"},"canonical":"https:\/\/dicodusport.fr\/blog\/innsbruck-2018-clm-h-le-titre-pour-rohan-dennis\/","og_locale":"fr_FR","og_type":"article","og_title":"Innsbruck 2018 - CLM (H) : le titre pour Rohan Dennis","og_description":"Mondiaux - L'Australien Rohan Dennis est devenu champion du monde du contre-la-montre \u00e0 Innsbruck, devan\u00e7ant Tom Dumoulin et Victor Campenaerts.","og_url":"https:\/\/dicodusport.fr\/blog\/innsbruck-2018-clm-h-le-titre-pour-rohan-dennis\/","og_site_name":"Dicodusport","article_publisher":"https:\/\/www.facebook.com\/dicodusport","article_author":"https:\/\/www.facebook.com\/florent.ostermann","article_published_time":"2018-09-26T14:44:47+00:00","article_modified_time":"2018-09-27T06:34:27+00:00","og_image":[{"width":800,"height":445,"url":"https:\/\/dicodusport.fr\/blog\/wp-content\/uploads\/2018\/09\/Rohan-Dennis-Innsbruck-2018.png","type":"image\/png"}],"author":"Flo Ostermann","twitter_card":"summary_large_image","twitter_creator":"@https:\/\/twitter.com\/FlOstermann","twitter_site":"@dicodusport","schema":{"@context":"https:\/\/schema.org","@graph":[{"@type":"NewsArticle","@id":"https:\/\/dicodusport.fr\/blog\/innsbruck-2018-clm-h-le-titre-pour-rohan-dennis\/#article","isPartOf":{"@id":"https:\/\/dicodusport.fr\/blog\/innsbruck-2018-clm-h-le-titre-pour-rohan-dennis\/"},"author":{"name":"Flo Ostermann","@id":"https:\/\/dicodusport.fr\/blog\/#\/schema\/person\/cb02af4c173ce4a653b55e9baf388d4a"},"headline":"Innsbruck 2018 &#8211; CLM (H) : le titre pour Rohan Dennis","datePublished":"2018-09-26T14:44:47+00:00","dateModified":"2018-09-27T06:34:27+00:00","mainEntityOfPage":{"@id":"https:\/\/dicodusport.fr\/blog\/innsbruck-2018-clm-h-le-titre-pour-rohan-dennis\/"},"wordCount":140,"commentCount":0,"publisher":{"@id":"https:\/\/dicodusport.fr\/blog\/#organization"},"image":{"@id":"https:\/\/dicodusport.fr\/blog\/innsbruck-2018-clm-h-le-titre-pour-rohan-dennis\/#primaryimage"},"thumbnailUrl":"https:\/\/dicodusport.fr\/blog\/wp-content\/uploads\/2018\/09\/Rohan-Dennis-Innsbruck-2018.png","keywords":["Mondiaux Cyclisme"],"articleSection":["Actualit\u00e9s","Cyclisme"],"inLanguage":"fr-FR","potentialAction":[{"@type":"CommentAction","name":"Comment","target":["https:\/\/dicodusport.fr\/blog\/innsbruck-2018-clm-h-le-titre-pour-rohan-dennis\/#respond"]}],"copyrightYear":"2018","copyrightHolder":{"@id":"https:\/\/dicodusport.fr\/blog\/#organization"}},{"@type":"WebPage","@id":"https:\/\/dicodusport.fr\/blog\/innsbruck-2018-clm-h-le-titre-pour-rohan-dennis\/","url":"https:\/\/dicodusport.fr\/blog\/innsbruck-2018-clm-h-le-titre-pour-rohan-dennis\/","name":"Innsbruck 2018 - CLM (H) : le titre pour Rohan Dennis","isPartOf":{"@id":"https:\/\/dicodusport.fr\/blog\/#website"},"primaryImageOfPage":{"@id":"https:\/\/dicodusport.fr\/blog\/innsbruck-2018-clm-h-le-titre-pour-rohan-dennis\/#primaryimage"},"image":{"@id":"https:\/\/dicodusport.fr\/blog\/innsbruck-2018-clm-h-le-titre-pour-rohan-dennis\/#primaryimage"},"thumbnailUrl":"https:\/\/dicodusport.fr\/blog\/wp-content\/uploads\/2018\/09\/Rohan-Dennis-Innsbruck-2018.png","datePublished":"2018-09-26T14:44:47+00:00","dateModified":"2018-09-27T06:34:27+00:00","description":"Mondiaux - L'Australien Rohan Dennis est devenu champion du monde du contre-la-montre \u00e0 Innsbruck, devan\u00e7ant Tom Dumoulin et Victor Campenaerts.","breadcrumb":{"@id":"https:\/\/dicodusport.fr\/blog\/innsbruck-2018-clm-h-le-titre-pour-rohan-dennis\/#breadcrumb"},"inLanguage":"fr-FR","potentialAction":[{"@type":"ReadAction","target":["https:\/\/dicodusport.fr\/blog\/innsbruck-2018-clm-h-le-titre-pour-rohan-dennis\/"]}]},{"@type":"ImageObject","inLanguage":"fr-FR","@id":"https:\/\/dicodusport.fr\/blog\/innsbruck-2018-clm-h-le-titre-pour-rohan-dennis\/#primaryimage","url":"https:\/\/dicodusport.fr\/blog\/wp-content\/uploads\/2018\/09\/Rohan-Dennis-Innsbruck-2018.png","contentUrl":"https:\/\/dicodusport.fr\/blog\/wp-content\/uploads\/2018\/09\/Rohan-Dennis-Innsbruck-2018.png","width":800,"height":445},{"@type":"BreadcrumbList","@id":"https:\/\/dicodusport.fr\/blog\/innsbruck-2018-clm-h-le-titre-pour-rohan-dennis\/#breadcrumb","itemListElement":[{"@type":"ListItem","position":1,"name":"Accueil","item":"https:\/\/dicodusport.fr\/blog\/"},{"@type":"ListItem","position":2,"name":"Innsbruck 2018 &#8211; CLM (H) : le titre pour Rohan Dennis"}]},{"@type":"WebSite","@id":"https:\/\/dicodusport.fr\/blog\/#website","url":"https:\/\/dicodusport.fr\/blog\/","name":"Dicodusport","description":"L&#039;encyclop\u00e9die de l&#039;actualit\u00e9 sportive","publisher":{"@id":"https:\/\/dicodusport.fr\/blog\/#organization"},"potentialAction":[{"@type":"SearchAction","target":{"@type":"EntryPoint","urlTemplate":"https:\/\/dicodusport.fr\/blog\/?s={search_term_string}"},"query-input":{"@type":"PropertyValueSpecification","valueRequired":true,"valueName":"search_term_string"}}],"inLanguage":"fr-FR"},{"@type":"NewsMediaOrganization","@id":"https:\/\/dicodusport.fr\/blog\/#organization","name":"Dicodusport","url":"https:\/\/dicodusport.fr\/blog\/","logo":{"@type":"ImageObject","inLanguage":"fr-FR","@id":"https:\/\/dicodusport.fr\/blog\/#\/schema\/logo\/image\/","url":"https:\/\/dicodusport.fr\/blog\/wp-content\/uploads\/2020\/06\/cropped-LOGO-DICODUSPORT-2020-SANS-FOND-SANS-TEXTE.png","contentUrl":"https:\/\/dicodusport.fr\/blog\/wp-content\/uploads\/2020\/06\/cropped-LOGO-DICODUSPORT-2020-SANS-FOND-SANS-TEXTE.png","width":512,"height":512,"caption":"Dicodusport"},"image":{"@id":"https:\/\/dicodusport.fr\/blog\/#\/schema\/logo\/image\/"},"sameAs":["https:\/\/www.facebook.com\/dicodusport","https:\/\/x.com\/dicodusport","https:\/\/www.instagram.com\/dicodusport\/","https:\/\/www.youtube.com\/channel\/UC7V2KZ5sd3htJivAbA4ZG3w"],"description":"Dicodusport est l'encyclop\u00e9die de l'actualit\u00e9 sportive.","email":"bonjour@dicodusport.fr","legalName":"DICODUSPORT","foundingDate":"2018-01-14","vatID":"FR71834470973","taxID":"83447097300043","numberOfEmployees":{"@type":"QuantitativeValue","minValue":"1","maxValue":"10"}},{"@type":"Person","@id":"https:\/\/dicodusport.fr\/blog\/#\/schema\/person\/cb02af4c173ce4a653b55e9baf388d4a","name":"Flo Ostermann","image":{"@type":"ImageObject","inLanguage":"fr-FR","@id":"https:\/\/dicodusport.fr\/blog\/#\/schema\/person\/image\/","url":"https:\/\/dicodusport.fr\/blog\/wp-content\/uploads\/2021\/05\/Flo-Ostermann-150x150.jpg","contentUrl":"https:\/\/dicodusport.fr\/blog\/wp-content\/uploads\/2021\/05\/Flo-Ostermann-150x150.jpg","caption":"Flo Ostermann"},"description":"Journaliste\/R\u00e9dacteur depuis septembre 2015 - Mes premiers souvenirs dans le sport ? Les envol\u00e9es du Stade Toulousain et les duels Villeneuve-Schumacher et H\u00e4kkinen-Schumacher \u00e0 la fin des ann\u00e9es 90, la Coupe du monde de football en 1998, l\u2019exploit du XV de France face aux All Blacks en 1999, mais aussi Richard C\u0153ur de Lion qui vole sur les montagnes du Tour de France. Bien parti pour devenir professeur d\u2019EPS, les \u00e9v\u00e9nements de la vie (et la flemme d\u2019animer des s\u00e9ances de 3x500 m\u00e8tres toute ma vie) m\u2019ont conduit \u00e0 revoir mes plans. Me voil\u00e0 depuis fin 2017 sur Dicodusport, m\u00e9dia gr\u00e2ce (et pour) lequel je partage ma passion : le sport dans tous ses \u00e9tats. Le tout accompagn\u00e9 par les fous furieux et folles furieuses cit\u00e9s sur cette page !","sameAs":["https:\/\/www.facebook.com\/florent.ostermann","https:\/\/x.com\/https:\/\/twitter.com\/FlOstermann","admin"],"url":"https:\/\/dicodusport.fr\/blog\/author\/flo\/"}]}},"_links":{"self":[{"href":"https:\/\/dicodusport.fr\/blog\/wp-json\/wp\/v2\/posts\/26351","targetHints":{"allow":["GET"]}}],"collection":[{"href":"https:\/\/dicodusport.fr\/blog\/wp-json\/wp\/v2\/posts"}],"about":[{"href":"https:\/\/dicodusport.fr\/blog\/wp-json\/wp\/v2\/types\/post"}],"author":[{"embeddable":true,"href":"https:\/\/dicodusport.fr\/blog\/wp-json\/wp\/v2\/users\/4"}],"replies":[{"embeddable":true,"href":"https:\/\/dicodusport.fr\/blog\/wp-json\/wp\/v2\/comments?post=26351"}],"version-history":[{"count":0,"href":"https:\/\/dicodusport.fr\/blog\/wp-json\/wp\/v2\/posts\/26351\/revisions"}],"wp:featuredmedia":[{"embeddable":true,"href":"https:\/\/dicodusport.fr\/blog\/wp-json\/wp\/v2\/media\/26366"}],"wp:attachment":[{"href":"https:\/\/dicodusport.fr\/blog\/wp-json\/wp\/v2\/media?parent=26351"}],"wp:term":[{"taxonomy":"category","embeddable":true,"href":"https:\/\/dicodusport.fr\/blog\/wp-json\/wp\/v2\/categories?post=26351"},{"taxonomy":"post_tag","embeddable":true,"href":"https:\/\/dicodusport.fr\/blog\/wp-json\/wp\/v2\/tags?post=26351"}],"curies":[{"name":"wp","href":"https:\/\/api.w.org\/{rel}","templated":true}]}}