{"id":263600,"date":"2022-09-19T15:41:32","date_gmt":"2022-09-19T13:41:32","guid":{"rendered":"https:\/\/dicodusport.fr\/blog\/?p=263600&#038;preview=true&#038;preview_id=263600"},"modified":"2022-09-19T15:55:43","modified_gmt":"2022-09-19T13:55:43","slug":"equipe-de-france-kylian-mbappe-va-de-nouveau-boycotter-la-seance-photo-des-bleus","status":"publish","type":"post","link":"https:\/\/dicodusport.fr\/blog\/equipe-de-france-kylian-mbappe-va-de-nouveau-boycotter-la-seance-photo-des-bleus\/","title":{"rendered":"\u00c9quipe de France : Kylian Mbapp\u00e9 va de nouveau boycotter la s\u00e9ance photo des Bleus"},"content":{"rendered":"<p style=\"text-align: justify;\"><b><i>FOOTBALL &#8211; Comme en mars dernier, Kylian Mbapp\u00e9 a annonc\u00e9 via un communiqu\u00e9 qu&rsquo;il ne prendrait pas part \u00e0 la s\u00e9ance photo pour les sponsors de l&rsquo;\u00e9quipe de France.\u00a0<\/i><\/b><\/p>\n<p style=\"text-align: justify;\">Les temps sont durs pour l&rsquo;\u00e9quipe de France et la <strong>F\u00e9d\u00e9ration Fran\u00e7aise de Football<\/strong>. Entre les r\u00e9v\u00e9lations de <em>So Foot<\/em> et <a href=\"https:\/\/www.europe1.fr\/sport\/affaires-au-sein-de-la-fff-ce-que-contient-lenquete-explosive-de-romain-molina-4134726\" target=\"_blank\" rel=\"nofollow noopener\">celles de <em>Romain Molina<\/em><\/a>, l&rsquo;affaire Pogba et <a href=\"https:\/\/dicodusport.fr\/blog\/equipe-de-france-hugo-lloris-et-theo-hernandez-forfaits-deux-joueurs-appeles-en-renfort\/\">la cascade de forfaits<\/a> pour le rassemblement de septembre, le foot fran\u00e7ais en avait d\u00e9j\u00e0 pour son compte. Ce lundi matin, <strong>No\u00ebl Le Gra\u00ebt<\/strong> avait annonc\u00e9 \u00e0 nos confr\u00e8res de <em>L&rsquo;\u00c9quipe<\/em> que la question des droits \u00e0 l&rsquo;image ne serait pas r\u00e9solue avant la Coupe du monde. Cet apr\u00e8s-midi, la r\u00e9ponse du clan Mbapp\u00e9 n&rsquo;a pas tra\u00een\u00e9. Dans un communiqu\u00e9 \u00e0 l&rsquo;AFP, l&rsquo;attaquant du <strong>PSG<\/strong> s&rsquo;est expliqu\u00e9.<\/p>\n<blockquote>\n<p style=\"text-align: justify;\">Kylian Mbapp\u00e9 a d\u00e9cid\u00e9 de ne pas prendre part \u00e0 la s\u00e9ance photo pr\u00e9vue. Le joueur et ses repr\u00e9sentants regrettent vivement qu&rsquo;aucun accord n&rsquo;ait pu, comme demand\u00e9, \u00eatre trouv\u00e9 en amont de la Coupe du monde.<\/p>\n<\/blockquote>\n<p style=\"text-align: justify;\">Une nouvelle \u00e9pine dans le pied pour <strong>Didier Deschamps<\/strong> et le pr\u00e9sident de la FFF, puisque la s\u00e9ance pr\u00e9vue mardi sera d\u00e9di\u00e9e aux plus gros sponsors des Bleus, et que l&rsquo;absence de <strong>Kylian Mbapp\u00e9<\/strong> va poser probl\u00e8me.<\/p>\n<blockquote class=\"twitter-tweet\">\n<p dir=\"ltr\" lang=\"fr\">&#x1f1eb;&#x1f1f7; Kylian Mbapp\u00e9 refuse de participer \u00e0 la s\u00e9ance photo des Bleus de ce mardi.<\/p>\n<p>\u2014 RMC Sport (@RMCsport) <a href=\"https:\/\/twitter.com\/RMCsport\/status\/1571853337112334339?ref_src=twsrc%5Etfw\">September 19, 2022<\/a><\/p><\/blockquote>\n<p style=\"text-align: justify;\"><script async src=\"https:\/\/platform.twitter.com\/widgets.js\" charset=\"utf-8\"><\/script><\/p>\n","protected":false},"excerpt":{"rendered":"<p>FOOTBALL &#8211; Comme en mars dernier, Kylian Mbapp\u00e9 a annonc\u00e9 via un communiqu\u00e9 qu&rsquo;il ne prendrait pas part \u00e0 la s\u00e9ance photo pour les sponsors de l&rsquo;\u00e9quipe de France.\u00a0<\/p>\n","protected":false},"author":1,"featured_media":263601,"comment_status":"open","ping_status":"closed","sticky":false,"template":"","format":"standard","meta":{"_acf_changed":false,"_daextam_enable_autolinks":"","footnotes":""},"categories":[2301],"tags":[75,30,2236,5183],"class_list":["post-263600","post","type-post","status-publish","format-standard","has-post-thumbnail","hentry","category-football","tag-football","tag-france","tag-kylian-mbappe","tag-mbappe"],"acf":[],"yoast_head":"<!-- This site is optimized with the Yoast SEO Premium plugin v26.7 (Yoast SEO v26.7) - https:\/\/yoast.com\/wordpress\/plugins\/seo\/ -->\n<title>\u00c9quipe de France : Kylian Mbapp\u00e9 va de nouveau boycotter la s\u00e9ance photo des Bleus<\/title>\n<meta name=\"description\" content=\"FOOTBALL - Comme en mars dernier, Kylian Mbapp\u00e9 a annonc\u00e9 via un communiqu\u00e9 qu&#039;il ne prendrait pas part \u00e0 la s\u00e9ance photo pour les sponsors de l&#039;\u00e9quipe de France.\u00a0\" \/>\n<meta name=\"robots\" content=\"index, follow, max-snippet:-1, max-image-preview:large, max-video-preview:-1\" \/>\n<link rel=\"canonical\" href=\"https:\/\/dicodusport.fr\/blog\/equipe-de-france-kylian-mbappe-va-de-nouveau-boycotter-la-seance-photo-des-bleus\/\" \/>\n<meta property=\"og:locale\" content=\"fr_FR\" \/>\n<meta property=\"og:type\" content=\"article\" \/>\n<meta property=\"og:title\" content=\"\u00c9quipe de France : Kylian Mbapp\u00e9 va de nouveau boycotter la s\u00e9ance photo des Bleus\" \/>\n<meta property=\"og:description\" content=\"FOOTBALL - Comme en mars dernier, Kylian Mbapp\u00e9 a annonc\u00e9 via un communiqu\u00e9 qu&#039;il ne prendrait pas part \u00e0 la s\u00e9ance photo pour les sponsors de l&#039;\u00e9quipe de France.\u00a0\" \/>\n<meta property=\"og:url\" content=\"https:\/\/dicodusport.fr\/blog\/equipe-de-france-kylian-mbappe-va-de-nouveau-boycotter-la-seance-photo-des-bleus\/\" \/>\n<meta property=\"og:site_name\" content=\"Dicodusport\" \/>\n<meta property=\"article:publisher\" content=\"https:\/\/www.facebook.com\/dicodusport\" \/>\n<meta property=\"article:author\" content=\"https:\/\/www.facebook.com\/dicodusport\" \/>\n<meta property=\"article:published_time\" content=\"2022-09-19T13:41:32+00:00\" \/>\n<meta property=\"article:modified_time\" content=\"2022-09-19T13:55:43+00:00\" \/>\n<meta property=\"og:image\" content=\"https:\/\/dicodusport.fr\/blog\/wp-content\/uploads\/2022\/09\/E\u0301quipe-de-France-Kylian-Mbappe\u0301-va-de-nouveau-boycotter-la-se\u0301ance-photo-des-Bleus.png\" \/>\n\t<meta property=\"og:image:width\" content=\"800\" \/>\n\t<meta property=\"og:image:height\" content=\"445\" \/>\n\t<meta property=\"og:image:type\" content=\"image\/png\" \/>\n<meta name=\"author\" content=\"Nicolas Jacquemard\" \/>\n<meta name=\"twitter:card\" content=\"summary_large_image\" \/>\n<meta name=\"twitter:title\" content=\"\u00c9quipe de France : Kylian Mbapp\u00e9 va de nouveau boycotter la s\u00e9ance photo des Bleus\" \/>\n<meta name=\"twitter:creator\" content=\"@https:\/\/twitter.com\/Nico_Jacquemard\" \/>\n<meta name=\"twitter:site\" content=\"@dicodusport\" \/>\n<script type=\"application\/ld+json\" class=\"yoast-schema-graph\">{\"@context\":\"https:\/\/schema.org\",\"@graph\":[{\"@type\":\"NewsArticle\",\"@id\":\"https:\/\/dicodusport.fr\/blog\/equipe-de-france-kylian-mbappe-va-de-nouveau-boycotter-la-seance-photo-des-bleus\/#article\",\"isPartOf\":{\"@id\":\"https:\/\/dicodusport.fr\/blog\/equipe-de-france-kylian-mbappe-va-de-nouveau-boycotter-la-seance-photo-des-bleus\/\"},\"author\":{\"name\":\"Nicolas Jacquemard\",\"@id\":\"https:\/\/dicodusport.fr\/blog\/#\/schema\/person\/55dcb50ad410894e431ed812bbb70191\"},\"headline\":\"\u00c9quipe de France : Kylian Mbapp\u00e9 va de nouveau boycotter la s\u00e9ance photo des Bleus\",\"datePublished\":\"2022-09-19T13:41:32+00:00\",\"dateModified\":\"2022-09-19T13:55:43+00:00\",\"mainEntityOfPage\":{\"@id\":\"https:\/\/dicodusport.fr\/blog\/equipe-de-france-kylian-mbappe-va-de-nouveau-boycotter-la-seance-photo-des-bleus\/\"},\"wordCount\":269,\"commentCount\":0,\"publisher\":{\"@id\":\"https:\/\/dicodusport.fr\/blog\/#organization\"},\"image\":{\"@id\":\"https:\/\/dicodusport.fr\/blog\/equipe-de-france-kylian-mbappe-va-de-nouveau-boycotter-la-seance-photo-des-bleus\/#primaryimage\"},\"thumbnailUrl\":\"https:\/\/dicodusport.fr\/blog\/wp-content\/uploads\/2022\/09\/E\u0301quipe-de-France-Kylian-Mbappe\u0301-va-de-nouveau-boycotter-la-se\u0301ance-photo-des-Bleus.png\",\"keywords\":[\"Football\",\"France\",\"Kylian Mbapp\u00e9\",\"Mbappe\"],\"articleSection\":[\"Football\"],\"inLanguage\":\"fr-FR\",\"potentialAction\":[{\"@type\":\"CommentAction\",\"name\":\"Comment\",\"target\":[\"https:\/\/dicodusport.fr\/blog\/equipe-de-france-kylian-mbappe-va-de-nouveau-boycotter-la-seance-photo-des-bleus\/#respond\"]}],\"copyrightYear\":\"2022\",\"copyrightHolder\":{\"@id\":\"https:\/\/dicodusport.fr\/blog\/#organization\"}},{\"@type\":\"WebPage\",\"@id\":\"https:\/\/dicodusport.fr\/blog\/equipe-de-france-kylian-mbappe-va-de-nouveau-boycotter-la-seance-photo-des-bleus\/\",\"url\":\"https:\/\/dicodusport.fr\/blog\/equipe-de-france-kylian-mbappe-va-de-nouveau-boycotter-la-seance-photo-des-bleus\/\",\"name\":\"\u00c9quipe de France : Kylian Mbapp\u00e9 va de nouveau boycotter la s\u00e9ance photo des Bleus\",\"isPartOf\":{\"@id\":\"https:\/\/dicodusport.fr\/blog\/#website\"},\"primaryImageOfPage\":{\"@id\":\"https:\/\/dicodusport.fr\/blog\/equipe-de-france-kylian-mbappe-va-de-nouveau-boycotter-la-seance-photo-des-bleus\/#primaryimage\"},\"image\":{\"@id\":\"https:\/\/dicodusport.fr\/blog\/equipe-de-france-kylian-mbappe-va-de-nouveau-boycotter-la-seance-photo-des-bleus\/#primaryimage\"},\"thumbnailUrl\":\"https:\/\/dicodusport.fr\/blog\/wp-content\/uploads\/2022\/09\/E\u0301quipe-de-France-Kylian-Mbappe\u0301-va-de-nouveau-boycotter-la-se\u0301ance-photo-des-Bleus.png\",\"datePublished\":\"2022-09-19T13:41:32+00:00\",\"dateModified\":\"2022-09-19T13:55:43+00:00\",\"description\":\"FOOTBALL - Comme en mars dernier, Kylian Mbapp\u00e9 a annonc\u00e9 via un communiqu\u00e9 qu'il ne prendrait pas part \u00e0 la s\u00e9ance photo pour les sponsors de l'\u00e9quipe de France.\u00a0\",\"breadcrumb\":{\"@id\":\"https:\/\/dicodusport.fr\/blog\/equipe-de-france-kylian-mbappe-va-de-nouveau-boycotter-la-seance-photo-des-bleus\/#breadcrumb\"},\"inLanguage\":\"fr-FR\",\"potentialAction\":[{\"@type\":\"ReadAction\",\"target\":[\"https:\/\/dicodusport.fr\/blog\/equipe-de-france-kylian-mbappe-va-de-nouveau-boycotter-la-seance-photo-des-bleus\/\"]}]},{\"@type\":\"ImageObject\",\"inLanguage\":\"fr-FR\",\"@id\":\"https:\/\/dicodusport.fr\/blog\/equipe-de-france-kylian-mbappe-va-de-nouveau-boycotter-la-seance-photo-des-bleus\/#primaryimage\",\"url\":\"https:\/\/dicodusport.fr\/blog\/wp-content\/uploads\/2022\/09\/E\u0301quipe-de-France-Kylian-Mbappe\u0301-va-de-nouveau-boycotter-la-se\u0301ance-photo-des-Bleus.png\",\"contentUrl\":\"https:\/\/dicodusport.fr\/blog\/wp-content\/uploads\/2022\/09\/E\u0301quipe-de-France-Kylian-Mbappe\u0301-va-de-nouveau-boycotter-la-se\u0301ance-photo-des-Bleus.png\",\"width\":800,\"height\":445},{\"@type\":\"BreadcrumbList\",\"@id\":\"https:\/\/dicodusport.fr\/blog\/equipe-de-france-kylian-mbappe-va-de-nouveau-boycotter-la-seance-photo-des-bleus\/#breadcrumb\",\"itemListElement\":[{\"@type\":\"ListItem\",\"position\":1,\"name\":\"Accueil\",\"item\":\"https:\/\/dicodusport.fr\/blog\/\"},{\"@type\":\"ListItem\",\"position\":2,\"name\":\"\u00c9quipe de France : Kylian Mbapp\u00e9 va de nouveau boycotter la s\u00e9ance photo des Bleus\"}]},{\"@type\":\"WebSite\",\"@id\":\"https:\/\/dicodusport.fr\/blog\/#website\",\"url\":\"https:\/\/dicodusport.fr\/blog\/\",\"name\":\"Dicodusport\",\"description\":\"L&#039;encyclop\u00e9die de l&#039;actualit\u00e9 sportive\",\"publisher\":{\"@id\":\"https:\/\/dicodusport.fr\/blog\/#organization\"},\"potentialAction\":[{\"@type\":\"SearchAction\",\"target\":{\"@type\":\"EntryPoint\",\"urlTemplate\":\"https:\/\/dicodusport.fr\/blog\/?s={search_term_string}\"},\"query-input\":{\"@type\":\"PropertyValueSpecification\",\"valueRequired\":true,\"valueName\":\"search_term_string\"}}],\"inLanguage\":\"fr-FR\"},{\"@type\":\"NewsMediaOrganization\",\"@id\":\"https:\/\/dicodusport.fr\/blog\/#organization\",\"name\":\"Dicodusport\",\"url\":\"https:\/\/dicodusport.fr\/blog\/\",\"logo\":{\"@type\":\"ImageObject\",\"inLanguage\":\"fr-FR\",\"@id\":\"https:\/\/dicodusport.fr\/blog\/#\/schema\/logo\/image\/\",\"url\":\"https:\/\/dicodusport.fr\/blog\/wp-content\/uploads\/2020\/06\/cropped-LOGO-DICODUSPORT-2020-SANS-FOND-SANS-TEXTE.png\",\"contentUrl\":\"https:\/\/dicodusport.fr\/blog\/wp-content\/uploads\/2020\/06\/cropped-LOGO-DICODUSPORT-2020-SANS-FOND-SANS-TEXTE.png\",\"width\":512,\"height\":512,\"caption\":\"Dicodusport\"},\"image\":{\"@id\":\"https:\/\/dicodusport.fr\/blog\/#\/schema\/logo\/image\/\"},\"sameAs\":[\"https:\/\/www.facebook.com\/dicodusport\",\"https:\/\/x.com\/dicodusport\",\"https:\/\/www.instagram.com\/dicodusport\/\",\"https:\/\/www.youtube.com\/channel\/UC7V2KZ5sd3htJivAbA4ZG3w\"],\"description\":\"Dicodusport est l'encyclop\u00e9die de l'actualit\u00e9 sportive.\",\"email\":\"bonjour@dicodusport.fr\",\"legalName\":\"DICODUSPORT\",\"foundingDate\":\"2018-01-14\",\"vatID\":\"FR71834470973\",\"taxID\":\"83447097300043\",\"numberOfEmployees\":{\"@type\":\"QuantitativeValue\",\"minValue\":\"1\",\"maxValue\":\"10\"}},{\"@type\":\"Person\",\"@id\":\"https:\/\/dicodusport.fr\/blog\/#\/schema\/person\/55dcb50ad410894e431ed812bbb70191\",\"name\":\"Nicolas Jacquemard\",\"image\":{\"@type\":\"ImageObject\",\"inLanguage\":\"fr-FR\",\"@id\":\"https:\/\/dicodusport.fr\/blog\/#\/schema\/person\/image\/\",\"url\":\"https:\/\/dicodusport.fr\/blog\/wp-content\/uploads\/2021\/05\/Nicolas-Jacquemard-150x150.jpeg\",\"contentUrl\":\"https:\/\/dicodusport.fr\/blog\/wp-content\/uploads\/2021\/05\/Nicolas-Jacquemard-150x150.jpeg\",\"caption\":\"Nicolas Jacquemard\"},\"description\":\"Passionn\u00e9 de sport et entrepreneur depuis mes 18 ans, la cr\u00e9ation de Dicodusport m'a sembl\u00e9 \u00e9vidente pour participer \u00e0 la m\u00e9diatisation d'un plus grand nombre de sports. Le chemin est long mais avec une \u00e9quipe des plus motiv\u00e9es et les Jeux Olympiques de Paris 2024 en point de mire, nous y arriverons ! Journaliste dans le monde du sport depuis plus de 5 ans, je traite aussi bien de football, de rugby, de biathlon que de cyclisme.\",\"sameAs\":[\"https:\/\/www.facebook.com\/dicodusport\",\"https:\/\/x.com\/https:\/\/twitter.com\/Nico_Jacquemard\"],\"url\":\"https:\/\/dicodusport.fr\/blog\/author\/dicodusport\/\"}]}<\/script>\n<!-- \/ Yoast SEO Premium plugin. -->","yoast_head_json":{"title":"\u00c9quipe de France : Kylian Mbapp\u00e9 va de nouveau boycotter la s\u00e9ance photo des Bleus","description":"FOOTBALL - Comme en mars dernier, Kylian Mbapp\u00e9 a annonc\u00e9 via un communiqu\u00e9 qu'il ne prendrait pas part \u00e0 la s\u00e9ance photo pour les sponsors de l'\u00e9quipe de France.\u00a0","robots":{"index":"index","follow":"follow","max-snippet":"max-snippet:-1","max-image-preview":"max-image-preview:large","max-video-preview":"max-video-preview:-1"},"canonical":"https:\/\/dicodusport.fr\/blog\/equipe-de-france-kylian-mbappe-va-de-nouveau-boycotter-la-seance-photo-des-bleus\/","og_locale":"fr_FR","og_type":"article","og_title":"\u00c9quipe de France : Kylian Mbapp\u00e9 va de nouveau boycotter la s\u00e9ance photo des Bleus","og_description":"FOOTBALL - Comme en mars dernier, Kylian Mbapp\u00e9 a annonc\u00e9 via un communiqu\u00e9 qu'il ne prendrait pas part \u00e0 la s\u00e9ance photo pour les sponsors de l'\u00e9quipe de France.\u00a0","og_url":"https:\/\/dicodusport.fr\/blog\/equipe-de-france-kylian-mbappe-va-de-nouveau-boycotter-la-seance-photo-des-bleus\/","og_site_name":"Dicodusport","article_publisher":"https:\/\/www.facebook.com\/dicodusport","article_author":"https:\/\/www.facebook.com\/dicodusport","article_published_time":"2022-09-19T13:41:32+00:00","article_modified_time":"2022-09-19T13:55:43+00:00","og_image":[{"width":800,"height":445,"url":"https:\/\/dicodusport.fr\/blog\/wp-content\/uploads\/2022\/09\/E\u0301quipe-de-France-Kylian-Mbappe\u0301-va-de-nouveau-boycotter-la-se\u0301ance-photo-des-Bleus.png","type":"image\/png"}],"author":"Nicolas Jacquemard","twitter_card":"summary_large_image","twitter_title":"\u00c9quipe de France : Kylian Mbapp\u00e9 va de nouveau boycotter la s\u00e9ance photo des Bleus","twitter_creator":"@https:\/\/twitter.com\/Nico_Jacquemard","twitter_site":"@dicodusport","schema":{"@context":"https:\/\/schema.org","@graph":[{"@type":"NewsArticle","@id":"https:\/\/dicodusport.fr\/blog\/equipe-de-france-kylian-mbappe-va-de-nouveau-boycotter-la-seance-photo-des-bleus\/#article","isPartOf":{"@id":"https:\/\/dicodusport.fr\/blog\/equipe-de-france-kylian-mbappe-va-de-nouveau-boycotter-la-seance-photo-des-bleus\/"},"author":{"name":"Nicolas Jacquemard","@id":"https:\/\/dicodusport.fr\/blog\/#\/schema\/person\/55dcb50ad410894e431ed812bbb70191"},"headline":"\u00c9quipe de France : Kylian Mbapp\u00e9 va de nouveau boycotter la s\u00e9ance photo des Bleus","datePublished":"2022-09-19T13:41:32+00:00","dateModified":"2022-09-19T13:55:43+00:00","mainEntityOfPage":{"@id":"https:\/\/dicodusport.fr\/blog\/equipe-de-france-kylian-mbappe-va-de-nouveau-boycotter-la-seance-photo-des-bleus\/"},"wordCount":269,"commentCount":0,"publisher":{"@id":"https:\/\/dicodusport.fr\/blog\/#organization"},"image":{"@id":"https:\/\/dicodusport.fr\/blog\/equipe-de-france-kylian-mbappe-va-de-nouveau-boycotter-la-seance-photo-des-bleus\/#primaryimage"},"thumbnailUrl":"https:\/\/dicodusport.fr\/blog\/wp-content\/uploads\/2022\/09\/E\u0301quipe-de-France-Kylian-Mbappe\u0301-va-de-nouveau-boycotter-la-se\u0301ance-photo-des-Bleus.png","keywords":["Football","France","Kylian Mbapp\u00e9","Mbappe"],"articleSection":["Football"],"inLanguage":"fr-FR","potentialAction":[{"@type":"CommentAction","name":"Comment","target":["https:\/\/dicodusport.fr\/blog\/equipe-de-france-kylian-mbappe-va-de-nouveau-boycotter-la-seance-photo-des-bleus\/#respond"]}],"copyrightYear":"2022","copyrightHolder":{"@id":"https:\/\/dicodusport.fr\/blog\/#organization"}},{"@type":"WebPage","@id":"https:\/\/dicodusport.fr\/blog\/equipe-de-france-kylian-mbappe-va-de-nouveau-boycotter-la-seance-photo-des-bleus\/","url":"https:\/\/dicodusport.fr\/blog\/equipe-de-france-kylian-mbappe-va-de-nouveau-boycotter-la-seance-photo-des-bleus\/","name":"\u00c9quipe de France : Kylian Mbapp\u00e9 va de nouveau boycotter la s\u00e9ance photo des Bleus","isPartOf":{"@id":"https:\/\/dicodusport.fr\/blog\/#website"},"primaryImageOfPage":{"@id":"https:\/\/dicodusport.fr\/blog\/equipe-de-france-kylian-mbappe-va-de-nouveau-boycotter-la-seance-photo-des-bleus\/#primaryimage"},"image":{"@id":"https:\/\/dicodusport.fr\/blog\/equipe-de-france-kylian-mbappe-va-de-nouveau-boycotter-la-seance-photo-des-bleus\/#primaryimage"},"thumbnailUrl":"https:\/\/dicodusport.fr\/blog\/wp-content\/uploads\/2022\/09\/E\u0301quipe-de-France-Kylian-Mbappe\u0301-va-de-nouveau-boycotter-la-se\u0301ance-photo-des-Bleus.png","datePublished":"2022-09-19T13:41:32+00:00","dateModified":"2022-09-19T13:55:43+00:00","description":"FOOTBALL - Comme en mars dernier, Kylian Mbapp\u00e9 a annonc\u00e9 via un communiqu\u00e9 qu'il ne prendrait pas part \u00e0 la s\u00e9ance photo pour les sponsors de l'\u00e9quipe de France.\u00a0","breadcrumb":{"@id":"https:\/\/dicodusport.fr\/blog\/equipe-de-france-kylian-mbappe-va-de-nouveau-boycotter-la-seance-photo-des-bleus\/#breadcrumb"},"inLanguage":"fr-FR","potentialAction":[{"@type":"ReadAction","target":["https:\/\/dicodusport.fr\/blog\/equipe-de-france-kylian-mbappe-va-de-nouveau-boycotter-la-seance-photo-des-bleus\/"]}]},{"@type":"ImageObject","inLanguage":"fr-FR","@id":"https:\/\/dicodusport.fr\/blog\/equipe-de-france-kylian-mbappe-va-de-nouveau-boycotter-la-seance-photo-des-bleus\/#primaryimage","url":"https:\/\/dicodusport.fr\/blog\/wp-content\/uploads\/2022\/09\/E\u0301quipe-de-France-Kylian-Mbappe\u0301-va-de-nouveau-boycotter-la-se\u0301ance-photo-des-Bleus.png","contentUrl":"https:\/\/dicodusport.fr\/blog\/wp-content\/uploads\/2022\/09\/E\u0301quipe-de-France-Kylian-Mbappe\u0301-va-de-nouveau-boycotter-la-se\u0301ance-photo-des-Bleus.png","width":800,"height":445},{"@type":"BreadcrumbList","@id":"https:\/\/dicodusport.fr\/blog\/equipe-de-france-kylian-mbappe-va-de-nouveau-boycotter-la-seance-photo-des-bleus\/#breadcrumb","itemListElement":[{"@type":"ListItem","position":1,"name":"Accueil","item":"https:\/\/dicodusport.fr\/blog\/"},{"@type":"ListItem","position":2,"name":"\u00c9quipe de France : Kylian Mbapp\u00e9 va de nouveau boycotter la s\u00e9ance photo des Bleus"}]},{"@type":"WebSite","@id":"https:\/\/dicodusport.fr\/blog\/#website","url":"https:\/\/dicodusport.fr\/blog\/","name":"Dicodusport","description":"L&#039;encyclop\u00e9die de l&#039;actualit\u00e9 sportive","publisher":{"@id":"https:\/\/dicodusport.fr\/blog\/#organization"},"potentialAction":[{"@type":"SearchAction","target":{"@type":"EntryPoint","urlTemplate":"https:\/\/dicodusport.fr\/blog\/?s={search_term_string}"},"query-input":{"@type":"PropertyValueSpecification","valueRequired":true,"valueName":"search_term_string"}}],"inLanguage":"fr-FR"},{"@type":"NewsMediaOrganization","@id":"https:\/\/dicodusport.fr\/blog\/#organization","name":"Dicodusport","url":"https:\/\/dicodusport.fr\/blog\/","logo":{"@type":"ImageObject","inLanguage":"fr-FR","@id":"https:\/\/dicodusport.fr\/blog\/#\/schema\/logo\/image\/","url":"https:\/\/dicodusport.fr\/blog\/wp-content\/uploads\/2020\/06\/cropped-LOGO-DICODUSPORT-2020-SANS-FOND-SANS-TEXTE.png","contentUrl":"https:\/\/dicodusport.fr\/blog\/wp-content\/uploads\/2020\/06\/cropped-LOGO-DICODUSPORT-2020-SANS-FOND-SANS-TEXTE.png","width":512,"height":512,"caption":"Dicodusport"},"image":{"@id":"https:\/\/dicodusport.fr\/blog\/#\/schema\/logo\/image\/"},"sameAs":["https:\/\/www.facebook.com\/dicodusport","https:\/\/x.com\/dicodusport","https:\/\/www.instagram.com\/dicodusport\/","https:\/\/www.youtube.com\/channel\/UC7V2KZ5sd3htJivAbA4ZG3w"],"description":"Dicodusport est l'encyclop\u00e9die de l'actualit\u00e9 sportive.","email":"bonjour@dicodusport.fr","legalName":"DICODUSPORT","foundingDate":"2018-01-14","vatID":"FR71834470973","taxID":"83447097300043","numberOfEmployees":{"@type":"QuantitativeValue","minValue":"1","maxValue":"10"}},{"@type":"Person","@id":"https:\/\/dicodusport.fr\/blog\/#\/schema\/person\/55dcb50ad410894e431ed812bbb70191","name":"Nicolas Jacquemard","image":{"@type":"ImageObject","inLanguage":"fr-FR","@id":"https:\/\/dicodusport.fr\/blog\/#\/schema\/person\/image\/","url":"https:\/\/dicodusport.fr\/blog\/wp-content\/uploads\/2021\/05\/Nicolas-Jacquemard-150x150.jpeg","contentUrl":"https:\/\/dicodusport.fr\/blog\/wp-content\/uploads\/2021\/05\/Nicolas-Jacquemard-150x150.jpeg","caption":"Nicolas Jacquemard"},"description":"Passionn\u00e9 de sport et entrepreneur depuis mes 18 ans, la cr\u00e9ation de Dicodusport m'a sembl\u00e9 \u00e9vidente pour participer \u00e0 la m\u00e9diatisation d'un plus grand nombre de sports. Le chemin est long mais avec une \u00e9quipe des plus motiv\u00e9es et les Jeux Olympiques de Paris 2024 en point de mire, nous y arriverons ! Journaliste dans le monde du sport depuis plus de 5 ans, je traite aussi bien de football, de rugby, de biathlon que de cyclisme.","sameAs":["https:\/\/www.facebook.com\/dicodusport","https:\/\/x.com\/https:\/\/twitter.com\/Nico_Jacquemard"],"url":"https:\/\/dicodusport.fr\/blog\/author\/dicodusport\/"}]}},"_links":{"self":[{"href":"https:\/\/dicodusport.fr\/blog\/wp-json\/wp\/v2\/posts\/263600","targetHints":{"allow":["GET"]}}],"collection":[{"href":"https:\/\/dicodusport.fr\/blog\/wp-json\/wp\/v2\/posts"}],"about":[{"href":"https:\/\/dicodusport.fr\/blog\/wp-json\/wp\/v2\/types\/post"}],"author":[{"embeddable":true,"href":"https:\/\/dicodusport.fr\/blog\/wp-json\/wp\/v2\/users\/1"}],"replies":[{"embeddable":true,"href":"https:\/\/dicodusport.fr\/blog\/wp-json\/wp\/v2\/comments?post=263600"}],"version-history":[{"count":0,"href":"https:\/\/dicodusport.fr\/blog\/wp-json\/wp\/v2\/posts\/263600\/revisions"}],"wp:featuredmedia":[{"embeddable":true,"href":"https:\/\/dicodusport.fr\/blog\/wp-json\/wp\/v2\/media\/263601"}],"wp:attachment":[{"href":"https:\/\/dicodusport.fr\/blog\/wp-json\/wp\/v2\/media?parent=263600"}],"wp:term":[{"taxonomy":"category","embeddable":true,"href":"https:\/\/dicodusport.fr\/blog\/wp-json\/wp\/v2\/categories?post=263600"},{"taxonomy":"post_tag","embeddable":true,"href":"https:\/\/dicodusport.fr\/blog\/wp-json\/wp\/v2\/tags?post=263600"}],"curies":[{"name":"wp","href":"https:\/\/api.w.org\/{rel}","templated":true}]}}