{"id":263619,"date":"2022-09-19T17:32:46","date_gmt":"2022-09-19T15:32:46","guid":{"rendered":"https:\/\/dicodusport.fr\/blog\/?p=263619&#038;preview=true&#038;preview_id=263619"},"modified":"2022-09-19T17:32:46","modified_gmt":"2022-09-19T15:32:46","slug":"mondiaux-cyclisme-2022-ordre-et-horaires-de-depart-contre-la-montre-juniors-femmes","status":"publish","type":"post","link":"https:\/\/dicodusport.fr\/blog\/mondiaux-cyclisme-2022-ordre-et-horaires-de-depart-contre-la-montre-juniors-femmes\/","title":{"rendered":"Mondiaux Cyclisme 2022 : Ordre et horaires de d\u00e9part contre-la-montre juniors femmes"},"content":{"rendered":"<p style=\"text-align: justify;\"><strong><em><a href=\"https:\/\/dicodusport.fr\/blog\/mondiaux-cyclisme-2022-programme-complet-et-resultats\/\">MONDIAUX CYCLISME SUR ROUTE 2022<\/a> &#8211; D\u00e9couvrez l&rsquo;ordre de d\u00e9part du contre-la-montre juniors femmes (14,1 km), qui se d\u00e9roule le mardi 19 septembre. 37 filles vont se disputer les 3 m\u00e9dailles.\u00a0<\/em><\/strong><\/p>\n<h2 style=\"text-align: justify;\">Ordre de d\u00e9part du contre-la-montre juniors femmes des Championnats du monde 2022<\/h2>\n<table class=\"basic \" style=\"width: 810px; font-size: 0.9em;\">\n<tbody>\n<tr style=\"background-color: #000000;\">\n<td style=\"width: 10px; background-color: #000000; text-align: center; vertical-align: middle;\"><span style=\"color: #ffff00;\"><strong>#<\/strong><\/span><\/td>\n<td style=\"width: 90px; background-color: #000000; text-align: center; vertical-align: middle;\"><span style=\"color: #ffff00;\"><strong>Dossards<\/strong><\/span><\/td>\n<td style=\"width: 90px; background-color: #000000; text-align: center; vertical-align: middle;\"><span style=\"color: #ffff00;\"><strong>Heure<\/strong><\/span><\/td>\n<td style=\"width: 280px; background-color: #000000; text-align: center; vertical-align: middle;\"><span style=\"color: #ffff00;\"><strong>Coureuses<\/strong><\/span><\/td>\n<td style=\"width: 340px; background-color: #000000; text-align: center; vertical-align: middle;\"><span style=\"color: #ffff00;\"><strong>\u00c9quipes<\/strong><\/span><\/td>\n<\/tr>\n<tr>\n<td style=\"width: 10px; text-align: center;\">1<\/td>\n<td style=\"width: 90px; text-align: center;\">37<\/td>\n<td style=\"width: 90px; text-align: center;\">1:34:00<\/td>\n<td style=\"width: 280px; text-align: center;\">\u00a0<span class=\"uppercase\">K<\/span><span class=\"uppercase\">UNZ<\/span>\u00a0Hannah<\/td>\n<td style=\"width: 340px; text-align: center;\">Germany<\/td>\n<\/tr>\n<tr>\n<td style=\"width: 10px; text-align: center;\">2<\/td>\n<td style=\"width: 90px; text-align: center;\">36<\/td>\n<td style=\"width: 90px; text-align: center;\">1:36:00<\/td>\n<td style=\"width: 280px; text-align: center;\">\u00a0<span class=\"uppercase\">STEWART<\/span>\u00a0Lucy<\/td>\n<td style=\"width: 340px; text-align: center;\">Australia<\/td>\n<\/tr>\n<tr>\n<td style=\"width: 10px; text-align: center;\">3<\/td>\n<td style=\"width: 90px; text-align: center;\">35<\/td>\n<td style=\"width: 90px; text-align: center;\">1:38:00<\/td>\n<td style=\"width: 280px; text-align: center;\">\u00a0<span class=\"uppercase\">SEAMAN<\/span>\u00a0Rachel<\/td>\n<td style=\"width: 340px; text-align: center;\">South Africa<\/td>\n<\/tr>\n<tr>\n<td style=\"width: 10px; text-align: center;\">4<\/td>\n<td style=\"width: 90px; text-align: center;\">34<\/td>\n<td style=\"width: 90px; text-align: center;\">1:40:00<\/td>\n<td style=\"width: 280px; text-align: center;\">\u00a0<span class=\"uppercase\">KAZAKOVA<\/span>\u00a0Violetta<\/td>\n<td style=\"width: 340px; text-align: center;\">Kazakhstan<\/td>\n<\/tr>\n<tr>\n<td style=\"width: 10px; text-align: center;\">5<\/td>\n<td style=\"width: 90px; text-align: center;\">33<\/td>\n<td style=\"width: 90px; text-align: center;\">1:42:00<\/td>\n<td style=\"width: 280px; text-align: center;\">\u00a0<span class=\"uppercase\">GARC\u00cdA<\/span>\u00a0Luc\u00eda<\/td>\n<td style=\"width: 340px; text-align: center;\">Spain<\/td>\n<\/tr>\n<tr>\n<td style=\"width: 10px; text-align: center;\">6<\/td>\n<td style=\"width: 90px; text-align: center;\">32<\/td>\n<td style=\"width: 90px; text-align: center;\">1:44:00<\/td>\n<td style=\"width: 280px; text-align: center;\">\u00a0<span class=\"uppercase\">SIMON<\/span>\u00a0Jette<\/td>\n<td style=\"width: 340px; text-align: center;\">Germany<\/td>\n<\/tr>\n<tr>\n<td style=\"width: 10px; text-align: center;\">7<\/td>\n<td style=\"width: 90px; text-align: center;\">31<\/td>\n<td style=\"width: 90px; text-align: center;\">1:46:00<\/td>\n<td style=\"width: 280px; text-align: center;\">\u00a0<span class=\"uppercase\">CAMIRE<\/span>\u00a0Eloise<\/td>\n<td style=\"width: 340px; text-align: center;\">Canada<\/td>\n<\/tr>\n<tr>\n<td style=\"width: 10px; text-align: center;\">8<\/td>\n<td style=\"width: 90px; text-align: center;\">30<\/td>\n<td style=\"width: 90px; text-align: center;\">1:48:00<\/td>\n<td style=\"width: 280px; text-align: center;\">\u00a0<span class=\"uppercase\">PATRICK<\/span>\u00a0Chloe<\/td>\n<td style=\"width: 340px; text-align: center;\">United States<\/td>\n<\/tr>\n<tr>\n<td style=\"width: 10px; text-align: center;\">9<\/td>\n<td style=\"width: 90px; text-align: center;\">29<\/td>\n<td style=\"width: 90px; text-align: center;\">1:50:00<\/td>\n<td style=\"width: 280px; text-align: center;\">\u00a0<span class=\"uppercase\">TUCK<\/span>\u00a0Arabella<\/td>\n<td style=\"width: 340px; text-align: center;\">New Zealand<\/td>\n<\/tr>\n<tr>\n<td style=\"width: 10px; text-align: center;\">10<\/td>\n<td style=\"width: 90px; text-align: center;\">28<\/td>\n<td style=\"width: 90px; text-align: center;\">1:52:00<\/td>\n<td style=\"width: 280px; text-align: center;\">\u00a0<span class=\"uppercase\">SHARP<\/span>\u00a0Izzy<\/td>\n<td style=\"width: 340px; text-align: center;\">Great Britain<\/td>\n<\/tr>\n<tr>\n<td style=\"width: 10px; text-align: center;\">11<\/td>\n<td style=\"width: 90px; text-align: center;\">27<\/td>\n<td style=\"width: 90px; text-align: center;\">1:54:00<\/td>\n<td style=\"width: 280px; text-align: center;\">\u00a0<span class=\"uppercase\">TONIOLLI<\/span>\u00a0Alice<\/td>\n<td style=\"width: 340px; text-align: center;\">Italy<\/td>\n<\/tr>\n<tr>\n<td style=\"width: 10px; text-align: center;\">12<\/td>\n<td style=\"width: 90px; text-align: center;\">26<\/td>\n<td style=\"width: 90px; text-align: center;\">1:56:00<\/td>\n<td style=\"width: 280px; text-align: center;\">\u00a0<span class=\"uppercase\">STEWART<\/span>\u00a0Bronte<\/td>\n<td style=\"width: 340px; text-align: center;\">Australia<\/td>\n<\/tr>\n<tr>\n<td style=\"width: 10px; text-align: center;\">13<\/td>\n<td style=\"width: 90px; text-align: center;\">25<\/td>\n<td style=\"width: 90px; text-align: center;\">1:58:00<\/td>\n<td style=\"width: 280px; text-align: center;\">\u00a0<span class=\"uppercase\">VAN DER MEIDEN<\/span>\u00a0Anna<\/td>\n<td style=\"width: 340px; text-align: center;\">Netherlands<\/td>\n<\/tr>\n<tr>\n<td style=\"width: 10px; text-align: center;\">14<\/td>\n<td style=\"width: 90px; text-align: center;\">24<\/td>\n<td style=\"width: 90px; text-align: center;\">2:00:00<\/td>\n<td style=\"width: 280px; text-align: center;\">\u00a0<span class=\"uppercase\">VAN SINAEY<\/span>\u00a0Xaydee<\/td>\n<td style=\"width: 340px; text-align: center;\">Belgium<\/td>\n<\/tr>\n<tr>\n<td style=\"width: 10px; text-align: center;\">15<\/td>\n<td style=\"width: 90px; text-align: center;\">23<\/td>\n<td style=\"width: 90px; text-align: center;\">2:02:00<\/td>\n<td style=\"width: 280px; text-align: center;\">\u00a0<span class=\"uppercase\">EBRAS<\/span>\u00a0Elisabeth<\/td>\n<td style=\"width: 340px; text-align: center;\">Estonia<\/td>\n<\/tr>\n<tr>\n<td style=\"width: 10px; text-align: center;\">16<\/td>\n<td style=\"width: 90px; text-align: center;\">22<\/td>\n<td style=\"width: 90px; text-align: center;\">2:04:00<\/td>\n<td style=\"width: 280px; text-align: center;\">\u00a0<span class=\"uppercase\">KAKITA<\/span>\u00a0Maho<\/td>\n<td style=\"width: 340px; text-align: center;\">Japan<\/td>\n<\/tr>\n<tr>\n<td style=\"width: 10px; text-align: center;\">17<\/td>\n<td style=\"width: 90px; text-align: center;\">21<\/td>\n<td style=\"width: 90px; text-align: center;\">2:06:00<\/td>\n<td style=\"width: 280px; text-align: center;\">\u00a0<span class=\"uppercase\">LONDO\u00d1O<\/span>\u00a0Angie Mariana<\/td>\n<td style=\"width: 340px; text-align: center;\">Colombia<\/td>\n<\/tr>\n<tr>\n<td style=\"width: 10px; text-align: center;\">18<\/td>\n<td style=\"width: 90px; text-align: center;\">20<\/td>\n<td style=\"width: 90px; text-align: center;\">2:08:00<\/td>\n<td style=\"width: 280px; text-align: center;\">\u00a0<span class=\"uppercase\">ALI<\/span>\u00a0Maryam<\/td>\n<td style=\"width: 340px; text-align: center;\">Pakistan<\/td>\n<\/tr>\n<tr>\n<td style=\"width: 10px; text-align: center;\">19<\/td>\n<td style=\"width: 90px; text-align: center;\">19<\/td>\n<td style=\"width: 90px; text-align: center;\">2:10:00<\/td>\n<td style=\"width: 280px; text-align: center;\">\u00a0<span class=\"uppercase\">MORALES<\/span>\u00a0Almudena<\/td>\n<td style=\"width: 340px; text-align: center;\">Spain<\/td>\n<\/tr>\n<tr>\n<td style=\"width: 10px; text-align: center;\">20<\/td>\n<td style=\"width: 90px; text-align: center;\">18<\/td>\n<td style=\"width: 90px; text-align: center;\">2:12:00<\/td>\n<td style=\"width: 280px; text-align: center;\">\u00a0<span class=\"uppercase\">SAFRONIUK<\/span>\u00a0Nataliia<\/td>\n<td style=\"width: 340px; text-align: center;\">Ukraine<\/td>\n<\/tr>\n<tr>\n<td style=\"width: 10px; text-align: center;\">21<\/td>\n<td style=\"width: 90px; text-align: center;\">17<\/td>\n<td style=\"width: 90px; text-align: center;\">2:14:00<\/td>\n<td style=\"width: 280px; text-align: center;\">\u00a0<span class=\"uppercase\">SPIRINA<\/span>\u00a0Alina<\/td>\n<td style=\"width: 340px; text-align: center;\">Kazakhstan<\/td>\n<\/tr>\n<tr>\n<td style=\"width: 10px; text-align: center;\">22<\/td>\n<td style=\"width: 90px; text-align: center;\">16<\/td>\n<td style=\"width: 90px; text-align: center;\">2:16:00<\/td>\n<td style=\"width: 280px; text-align: center;\">\u00a0<span class=\"uppercase\">SYKES<\/span>\u00a0Amelia<\/td>\n<td style=\"width: 340px; text-align: center;\">New Zealand<\/td>\n<\/tr>\n<tr>\n<td style=\"width: 10px; text-align: center;\">23<\/td>\n<td style=\"width: 90px; text-align: center;\">15<\/td>\n<td style=\"width: 90px; text-align: center;\">2:18:00<\/td>\n<td style=\"width: 280px; text-align: center;\">\u00a0<span class=\"uppercase\">SARKISOV<\/span>\u00a0Katherine<\/td>\n<td style=\"width: 340px; text-align: center;\">United States<\/td>\n<\/tr>\n<tr>\n<td style=\"width: 10px; text-align: center;\">24<\/td>\n<td style=\"width: 90px; text-align: center;\">14<\/td>\n<td style=\"width: 90px; text-align: center;\">2:20:00<\/td>\n<td style=\"width: 280px; text-align: center;\">\u00a0<span class=\"uppercase\">PRIMEAU<\/span>\u00a0P\u00e9n\u00e9lope<\/td>\n<td style=\"width: 340px; text-align: center;\">Canada<\/td>\n<\/tr>\n<tr>\n<td style=\"width: 10px; text-align: center;\">25<\/td>\n<td style=\"width: 90px; text-align: center;\">13<\/td>\n<td style=\"width: 90px; text-align: center;\">2:22:00<\/td>\n<td style=\"width: 280px; text-align: center;\">\u00a0<span class=\"uppercase\">VENTURELLI<\/span>\u00a0Federica<\/td>\n<td style=\"width: 340px; text-align: center;\">Italy<\/td>\n<\/tr>\n<tr>\n<td style=\"width: 10px; text-align: center;\">26<\/td>\n<td style=\"width: 90px; text-align: center;\">12<\/td>\n<td style=\"width: 90px; text-align: center;\">2:24:00<\/td>\n<td style=\"width: 280px; text-align: center;\">\u00a0<span class=\"uppercase\">SCHMIDSBERGER<\/span>\u00a0Daniela<\/td>\n<td style=\"width: 340px; text-align: center;\">Austria<\/td>\n<\/tr>\n<tr>\n<td style=\"width: 10px; text-align: center;\">27<\/td>\n<td style=\"width: 90px; text-align: center;\">11<\/td>\n<td style=\"width: 90px; text-align: center;\">2:26:00<\/td>\n<td style=\"width: 280px; text-align: center;\">\u00a0<span class=\"uppercase\">ZIMMERMANN<\/span>\u00a0Fiona<\/td>\n<td style=\"width: 340px; text-align: center;\">Switzerland<\/td>\n<\/tr>\n<tr>\n<td style=\"width: 10px; text-align: center;\">28<\/td>\n<td style=\"width: 90px; text-align: center;\">10<\/td>\n<td style=\"width: 90px; text-align: center;\">2:28:00<\/td>\n<td style=\"width: 280px; text-align: center;\">\u00a0<span class=\"uppercase\">VINKE<\/span>\u00a0Nienke<\/td>\n<td style=\"width: 340px; text-align: center;\">Netherlands<\/td>\n<\/tr>\n<tr>\n<td style=\"width: 10px; text-align: center;\">29<\/td>\n<td style=\"width: 90px; text-align: center;\">9<\/td>\n<td style=\"width: 90px; text-align: center;\">2:30:00<\/td>\n<td style=\"width: 280px; text-align: center;\">\u00a0<span class=\"uppercase\">CARNES<\/span>\u00a0Isabelle<\/td>\n<td style=\"width: 340px; text-align: center;\">Australia<\/td>\n<\/tr>\n<tr>\n<td style=\"width: 10px; text-align: center;\">30<\/td>\n<td style=\"width: 90px; text-align: center;\">8<\/td>\n<td style=\"width: 90px; text-align: center;\">2:32:00<\/td>\n<td style=\"width: 280px; text-align: center;\">\u00a0<span class=\"uppercase\">KVASNI\u010cKOV\u00c1<\/span>\u00a0Eli\u0161ka<\/td>\n<td style=\"width: 340px; text-align: center;\">Czech Republic<\/td>\n<\/tr>\n<tr>\n<td style=\"width: 10px; text-align: center;\">31<\/td>\n<td style=\"width: 90px; text-align: center;\">7<\/td>\n<td style=\"width: 90px; text-align: center;\">2:34:00<\/td>\n<td style=\"width: 280px; text-align: center;\">\u00a0<span class=\"uppercase\">AINTILA<\/span>\u00a0Wilma<\/td>\n<td style=\"width: 340px; text-align: center;\">Finland<\/td>\n<\/tr>\n<tr>\n<td style=\"width: 10px; text-align: center;\">32<\/td>\n<td style=\"width: 90px; text-align: center;\">6<\/td>\n<td style=\"width: 90px; text-align: center;\">2:36:00<\/td>\n<td style=\"width: 280px; text-align: center;\">\u00a0<span class=\"uppercase\">THOMPSON<\/span>\u00a0Caitlin<\/td>\n<td style=\"width: 340px; text-align: center;\">South Africa<\/td>\n<\/tr>\n<tr>\n<td style=\"width: 10px; text-align: center;\">33<\/td>\n<td style=\"width: 90px; text-align: center;\">5<\/td>\n<td style=\"width: 90px; text-align: center;\">2:38:00<\/td>\n<td style=\"width: 280px; text-align: center;\">\u00a0<span class=\"uppercase\">SANDER<\/span>\u00a0Laura Lizette<\/td>\n<td style=\"width: 340px; text-align: center;\">Estonia<\/td>\n<\/tr>\n<tr>\n<td style=\"width: 10px; text-align: center;\">34<\/td>\n<td style=\"width: 90px; text-align: center;\">4<\/td>\n<td style=\"width: 90px; text-align: center;\">2:40:00<\/td>\n<td style=\"width: 280px; text-align: center;\">\u00a0<span class=\"uppercase\">JOORIS<\/span>\u00a0Febe<\/td>\n<td style=\"width: 340px; text-align: center;\">Belgium<\/td>\n<\/tr>\n<tr>\n<td style=\"width: 10px; text-align: center;\">35<\/td>\n<td style=\"width: 90px; text-align: center;\">3<\/td>\n<td style=\"width: 90px; text-align: center;\">2:42:00<\/td>\n<td style=\"width: 280px; text-align: center;\">\u00a0<span class=\"uppercase\">RAYER<\/span>\u00a0Eglantine<\/td>\n<td style=\"width: 340px; text-align: center;\">France<\/td>\n<\/tr>\n<tr>\n<td style=\"width: 10px; text-align: center;\">36<\/td>\n<td style=\"width: 90px; text-align: center;\">2<\/td>\n<td style=\"width: 90px; text-align: center;\">2:44:00<\/td>\n<td style=\"width: 280px; text-align: center;\">\u00a0<span class=\"uppercase\">CZAPLA<\/span>\u00a0Justyna<\/td>\n<td style=\"width: 340px; text-align: center;\">Germany<\/td>\n<\/tr>\n<tr>\n<td style=\"width: 10px; text-align: center;\">37<\/td>\n<td style=\"width: 90px; text-align: center;\">1<\/td>\n<td style=\"width: 90px; text-align: center;\">2:46:00<\/td>\n<td style=\"width: 280px; text-align: center;\">\u00a0<span class=\"uppercase\">B\u00c4CKSTEDT<\/span>\u00a0Zoe<\/td>\n<td style=\"width: 340px; text-align: center;\">Great Britain<\/td>\n<\/tr>\n<\/tbody>\n<\/table>\n<h2 style=\"text-align: justify;\">\u00c0 lire aussi<\/h2>\n<ul>\n<li style=\"text-align: justify;\"><a href=\"https:\/\/dicodusport.fr\/blog\/tableau-des-medailles-championnats-du-monde-cyclisme-sur-route-2022\/\"><b>Tableau des m\u00e9dailles des championnats du monde de cyclisme sur route<\/b><\/a><\/li>\n<\/ul>\n","protected":false},"excerpt":{"rendered":"<p>MONDIAUX CYCLISME SUR ROUTE 2022 &#8211; D\u00e9couvrez l&rsquo;ordre de d\u00e9part du contre-la-montre juniors femmes (14,1 km), qui se d\u00e9roule le mardi 19 septembre. 37 filles vont se disputer les 3 m\u00e9dailles.\u00a0<\/p>\n","protected":false},"author":4,"featured_media":263621,"comment_status":"open","ping_status":"closed","sticky":false,"template":"","format":"standard","meta":{"_acf_changed":false,"_daextam_enable_autolinks":"","footnotes":""},"categories":[46994],"tags":[574,26703],"class_list":["post-263619","post","type-post","status-publish","format-standard","has-post-thumbnail","hentry","category-cyclisme-sur-route","tag-cyclisme","tag-wollongong"],"acf":[],"yoast_head":"<!-- This site is optimized with the Yoast SEO Premium plugin v26.7 (Yoast SEO v26.7) - https:\/\/yoast.com\/wordpress\/plugins\/seo\/ -->\n<title>Mondiaux Cyclisme 2022 : Ordre et horaires de d\u00e9part contre-la-montre juniors femmes<\/title>\n<meta name=\"description\" content=\"MONDIAUX CYCLISME SUR ROUTE 2022 - D\u00e9couvrez l&#039;ordre de d\u00e9part du contre-la-montre juniors femmes qui se d\u00e9roule le mardi 19 septembre.\" \/>\n<meta name=\"robots\" content=\"index, follow, max-snippet:-1, max-image-preview:large, max-video-preview:-1\" \/>\n<link rel=\"canonical\" href=\"https:\/\/dicodusport.fr\/blog\/mondiaux-cyclisme-2022-ordre-et-horaires-de-depart-contre-la-montre-juniors-femmes\/\" \/>\n<meta property=\"og:locale\" content=\"fr_FR\" \/>\n<meta property=\"og:type\" content=\"article\" \/>\n<meta property=\"og:title\" content=\"Mondiaux Cyclisme 2022 : Ordre et horaires de d\u00e9part contre-la-montre juniors femmes\" \/>\n<meta property=\"og:description\" content=\"MONDIAUX CYCLISME SUR ROUTE 2022 - D\u00e9couvrez l&#039;ordre de d\u00e9part du contre-la-montre juniors femmes qui se d\u00e9roule le mardi 19 septembre.\" \/>\n<meta property=\"og:url\" content=\"https:\/\/dicodusport.fr\/blog\/mondiaux-cyclisme-2022-ordre-et-horaires-de-depart-contre-la-montre-juniors-femmes\/\" \/>\n<meta property=\"og:site_name\" content=\"Dicodusport\" \/>\n<meta property=\"article:publisher\" content=\"https:\/\/www.facebook.com\/dicodusport\" \/>\n<meta property=\"article:author\" content=\"https:\/\/www.facebook.com\/florent.ostermann\" \/>\n<meta property=\"article:published_time\" content=\"2022-09-19T15:32:46+00:00\" \/>\n<meta property=\"og:image\" content=\"https:\/\/dicodusport.fr\/blog\/wp-content\/uploads\/2022\/09\/Mondiaux-Cyclisme-2022-Ordre-et-horaires-de-depart-contre-la-montre-juniors-femmes.png\" \/>\n\t<meta property=\"og:image:width\" content=\"800\" \/>\n\t<meta property=\"og:image:height\" content=\"445\" \/>\n\t<meta property=\"og:image:type\" content=\"image\/png\" \/>\n<meta name=\"author\" content=\"Flo Ostermann\" \/>\n<meta name=\"twitter:card\" content=\"summary_large_image\" \/>\n<meta name=\"twitter:title\" content=\"Mondiaux Cyclisme 2022 : Ordre et horaires de d\u00e9part contre-la-montre juniors femmes\" \/>\n<meta name=\"twitter:creator\" content=\"@https:\/\/twitter.com\/FlOstermann\" \/>\n<meta name=\"twitter:site\" content=\"@dicodusport\" \/>\n<script type=\"application\/ld+json\" class=\"yoast-schema-graph\">{\"@context\":\"https:\/\/schema.org\",\"@graph\":[{\"@type\":\"NewsArticle\",\"@id\":\"https:\/\/dicodusport.fr\/blog\/mondiaux-cyclisme-2022-ordre-et-horaires-de-depart-contre-la-montre-juniors-femmes\/#article\",\"isPartOf\":{\"@id\":\"https:\/\/dicodusport.fr\/blog\/mondiaux-cyclisme-2022-ordre-et-horaires-de-depart-contre-la-montre-juniors-femmes\/\"},\"author\":{\"name\":\"Flo Ostermann\",\"@id\":\"https:\/\/dicodusport.fr\/blog\/#\/schema\/person\/cb02af4c173ce4a653b55e9baf388d4a\"},\"headline\":\"Mondiaux Cyclisme 2022 : Ordre et horaires de d\u00e9part contre-la-montre juniors femmes\",\"datePublished\":\"2022-09-19T15:32:46+00:00\",\"mainEntityOfPage\":{\"@id\":\"https:\/\/dicodusport.fr\/blog\/mondiaux-cyclisme-2022-ordre-et-horaires-de-depart-contre-la-montre-juniors-femmes\/\"},\"wordCount\":206,\"commentCount\":0,\"publisher\":{\"@id\":\"https:\/\/dicodusport.fr\/blog\/#organization\"},\"image\":{\"@id\":\"https:\/\/dicodusport.fr\/blog\/mondiaux-cyclisme-2022-ordre-et-horaires-de-depart-contre-la-montre-juniors-femmes\/#primaryimage\"},\"thumbnailUrl\":\"https:\/\/dicodusport.fr\/blog\/wp-content\/uploads\/2022\/09\/Mondiaux-Cyclisme-2022-Ordre-et-horaires-de-depart-contre-la-montre-juniors-femmes.png\",\"keywords\":[\"Cyclisme\",\"Wollongong\"],\"articleSection\":[\"Cyclisme sur route\"],\"inLanguage\":\"fr-FR\",\"potentialAction\":[{\"@type\":\"CommentAction\",\"name\":\"Comment\",\"target\":[\"https:\/\/dicodusport.fr\/blog\/mondiaux-cyclisme-2022-ordre-et-horaires-de-depart-contre-la-montre-juniors-femmes\/#respond\"]}],\"copyrightYear\":\"2022\",\"copyrightHolder\":{\"@id\":\"https:\/\/dicodusport.fr\/blog\/#organization\"}},{\"@type\":\"WebPage\",\"@id\":\"https:\/\/dicodusport.fr\/blog\/mondiaux-cyclisme-2022-ordre-et-horaires-de-depart-contre-la-montre-juniors-femmes\/\",\"url\":\"https:\/\/dicodusport.fr\/blog\/mondiaux-cyclisme-2022-ordre-et-horaires-de-depart-contre-la-montre-juniors-femmes\/\",\"name\":\"Mondiaux Cyclisme 2022 : Ordre et horaires de d\u00e9part contre-la-montre juniors femmes\",\"isPartOf\":{\"@id\":\"https:\/\/dicodusport.fr\/blog\/#website\"},\"primaryImageOfPage\":{\"@id\":\"https:\/\/dicodusport.fr\/blog\/mondiaux-cyclisme-2022-ordre-et-horaires-de-depart-contre-la-montre-juniors-femmes\/#primaryimage\"},\"image\":{\"@id\":\"https:\/\/dicodusport.fr\/blog\/mondiaux-cyclisme-2022-ordre-et-horaires-de-depart-contre-la-montre-juniors-femmes\/#primaryimage\"},\"thumbnailUrl\":\"https:\/\/dicodusport.fr\/blog\/wp-content\/uploads\/2022\/09\/Mondiaux-Cyclisme-2022-Ordre-et-horaires-de-depart-contre-la-montre-juniors-femmes.png\",\"datePublished\":\"2022-09-19T15:32:46+00:00\",\"description\":\"MONDIAUX CYCLISME SUR ROUTE 2022 - D\u00e9couvrez l'ordre de d\u00e9part du contre-la-montre juniors femmes qui se d\u00e9roule le mardi 19 septembre.\",\"breadcrumb\":{\"@id\":\"https:\/\/dicodusport.fr\/blog\/mondiaux-cyclisme-2022-ordre-et-horaires-de-depart-contre-la-montre-juniors-femmes\/#breadcrumb\"},\"inLanguage\":\"fr-FR\",\"potentialAction\":[{\"@type\":\"ReadAction\",\"target\":[\"https:\/\/dicodusport.fr\/blog\/mondiaux-cyclisme-2022-ordre-et-horaires-de-depart-contre-la-montre-juniors-femmes\/\"]}]},{\"@type\":\"ImageObject\",\"inLanguage\":\"fr-FR\",\"@id\":\"https:\/\/dicodusport.fr\/blog\/mondiaux-cyclisme-2022-ordre-et-horaires-de-depart-contre-la-montre-juniors-femmes\/#primaryimage\",\"url\":\"https:\/\/dicodusport.fr\/blog\/wp-content\/uploads\/2022\/09\/Mondiaux-Cyclisme-2022-Ordre-et-horaires-de-depart-contre-la-montre-juniors-femmes.png\",\"contentUrl\":\"https:\/\/dicodusport.fr\/blog\/wp-content\/uploads\/2022\/09\/Mondiaux-Cyclisme-2022-Ordre-et-horaires-de-depart-contre-la-montre-juniors-femmes.png\",\"width\":800,\"height\":445,\"caption\":\"Mondiaux Cyclisme 2022 Ordre et horaires de d\u00e9part contre-la-montre juniors femmes\"},{\"@type\":\"BreadcrumbList\",\"@id\":\"https:\/\/dicodusport.fr\/blog\/mondiaux-cyclisme-2022-ordre-et-horaires-de-depart-contre-la-montre-juniors-femmes\/#breadcrumb\",\"itemListElement\":[{\"@type\":\"ListItem\",\"position\":1,\"name\":\"Accueil\",\"item\":\"https:\/\/dicodusport.fr\/blog\/\"},{\"@type\":\"ListItem\",\"position\":2,\"name\":\"Mondiaux Cyclisme 2022 : Ordre et horaires de d\u00e9part contre-la-montre juniors femmes\"}]},{\"@type\":\"WebSite\",\"@id\":\"https:\/\/dicodusport.fr\/blog\/#website\",\"url\":\"https:\/\/dicodusport.fr\/blog\/\",\"name\":\"Dicodusport\",\"description\":\"L&#039;encyclop\u00e9die de l&#039;actualit\u00e9 sportive\",\"publisher\":{\"@id\":\"https:\/\/dicodusport.fr\/blog\/#organization\"},\"potentialAction\":[{\"@type\":\"SearchAction\",\"target\":{\"@type\":\"EntryPoint\",\"urlTemplate\":\"https:\/\/dicodusport.fr\/blog\/?s={search_term_string}\"},\"query-input\":{\"@type\":\"PropertyValueSpecification\",\"valueRequired\":true,\"valueName\":\"search_term_string\"}}],\"inLanguage\":\"fr-FR\"},{\"@type\":\"NewsMediaOrganization\",\"@id\":\"https:\/\/dicodusport.fr\/blog\/#organization\",\"name\":\"Dicodusport\",\"url\":\"https:\/\/dicodusport.fr\/blog\/\",\"logo\":{\"@type\":\"ImageObject\",\"inLanguage\":\"fr-FR\",\"@id\":\"https:\/\/dicodusport.fr\/blog\/#\/schema\/logo\/image\/\",\"url\":\"https:\/\/dicodusport.fr\/blog\/wp-content\/uploads\/2020\/06\/cropped-LOGO-DICODUSPORT-2020-SANS-FOND-SANS-TEXTE.png\",\"contentUrl\":\"https:\/\/dicodusport.fr\/blog\/wp-content\/uploads\/2020\/06\/cropped-LOGO-DICODUSPORT-2020-SANS-FOND-SANS-TEXTE.png\",\"width\":512,\"height\":512,\"caption\":\"Dicodusport\"},\"image\":{\"@id\":\"https:\/\/dicodusport.fr\/blog\/#\/schema\/logo\/image\/\"},\"sameAs\":[\"https:\/\/www.facebook.com\/dicodusport\",\"https:\/\/x.com\/dicodusport\",\"https:\/\/www.instagram.com\/dicodusport\/\",\"https:\/\/www.youtube.com\/channel\/UC7V2KZ5sd3htJivAbA4ZG3w\"],\"description\":\"Dicodusport est l'encyclop\u00e9die de l'actualit\u00e9 sportive.\",\"email\":\"bonjour@dicodusport.fr\",\"legalName\":\"DICODUSPORT\",\"foundingDate\":\"2018-01-14\",\"vatID\":\"FR71834470973\",\"taxID\":\"83447097300043\",\"numberOfEmployees\":{\"@type\":\"QuantitativeValue\",\"minValue\":\"1\",\"maxValue\":\"10\"}},{\"@type\":\"Person\",\"@id\":\"https:\/\/dicodusport.fr\/blog\/#\/schema\/person\/cb02af4c173ce4a653b55e9baf388d4a\",\"name\":\"Flo Ostermann\",\"image\":{\"@type\":\"ImageObject\",\"inLanguage\":\"fr-FR\",\"@id\":\"https:\/\/dicodusport.fr\/blog\/#\/schema\/person\/image\/\",\"url\":\"https:\/\/dicodusport.fr\/blog\/wp-content\/uploads\/2021\/05\/Flo-Ostermann-150x150.jpg\",\"contentUrl\":\"https:\/\/dicodusport.fr\/blog\/wp-content\/uploads\/2021\/05\/Flo-Ostermann-150x150.jpg\",\"caption\":\"Flo Ostermann\"},\"description\":\"Journaliste\/R\u00e9dacteur depuis septembre 2015 - Mes premiers souvenirs dans le sport ? Les envol\u00e9es du Stade Toulousain et les duels Villeneuve-Schumacher et H\u00e4kkinen-Schumacher \u00e0 la fin des ann\u00e9es 90, la Coupe du monde de football en 1998, l\u2019exploit du XV de France face aux All Blacks en 1999, mais aussi Richard C\u0153ur de Lion qui vole sur les montagnes du Tour de France. Bien parti pour devenir professeur d\u2019EPS, les \u00e9v\u00e9nements de la vie (et la flemme d\u2019animer des s\u00e9ances de 3x500 m\u00e8tres toute ma vie) m\u2019ont conduit \u00e0 revoir mes plans. Me voil\u00e0 depuis fin 2017 sur Dicodusport, m\u00e9dia gr\u00e2ce (et pour) lequel je partage ma passion : le sport dans tous ses \u00e9tats. Le tout accompagn\u00e9 par les fous furieux et folles furieuses cit\u00e9s sur cette page !\",\"sameAs\":[\"https:\/\/www.facebook.com\/florent.ostermann\",\"https:\/\/x.com\/https:\/\/twitter.com\/FlOstermann\",\"admin\"],\"url\":\"https:\/\/dicodusport.fr\/blog\/author\/flo\/\"}]}<\/script>\n<!-- \/ Yoast SEO Premium plugin. -->","yoast_head_json":{"title":"Mondiaux Cyclisme 2022 : Ordre et horaires de d\u00e9part contre-la-montre juniors femmes","description":"MONDIAUX CYCLISME SUR ROUTE 2022 - D\u00e9couvrez l'ordre de d\u00e9part du contre-la-montre juniors femmes qui se d\u00e9roule le mardi 19 septembre.","robots":{"index":"index","follow":"follow","max-snippet":"max-snippet:-1","max-image-preview":"max-image-preview:large","max-video-preview":"max-video-preview:-1"},"canonical":"https:\/\/dicodusport.fr\/blog\/mondiaux-cyclisme-2022-ordre-et-horaires-de-depart-contre-la-montre-juniors-femmes\/","og_locale":"fr_FR","og_type":"article","og_title":"Mondiaux Cyclisme 2022 : Ordre et horaires de d\u00e9part contre-la-montre juniors femmes","og_description":"MONDIAUX CYCLISME SUR ROUTE 2022 - D\u00e9couvrez l'ordre de d\u00e9part du contre-la-montre juniors femmes qui se d\u00e9roule le mardi 19 septembre.","og_url":"https:\/\/dicodusport.fr\/blog\/mondiaux-cyclisme-2022-ordre-et-horaires-de-depart-contre-la-montre-juniors-femmes\/","og_site_name":"Dicodusport","article_publisher":"https:\/\/www.facebook.com\/dicodusport","article_author":"https:\/\/www.facebook.com\/florent.ostermann","article_published_time":"2022-09-19T15:32:46+00:00","og_image":[{"width":800,"height":445,"url":"https:\/\/dicodusport.fr\/blog\/wp-content\/uploads\/2022\/09\/Mondiaux-Cyclisme-2022-Ordre-et-horaires-de-depart-contre-la-montre-juniors-femmes.png","type":"image\/png"}],"author":"Flo Ostermann","twitter_card":"summary_large_image","twitter_title":"Mondiaux Cyclisme 2022 : Ordre et horaires de d\u00e9part contre-la-montre juniors femmes","twitter_creator":"@https:\/\/twitter.com\/FlOstermann","twitter_site":"@dicodusport","schema":{"@context":"https:\/\/schema.org","@graph":[{"@type":"NewsArticle","@id":"https:\/\/dicodusport.fr\/blog\/mondiaux-cyclisme-2022-ordre-et-horaires-de-depart-contre-la-montre-juniors-femmes\/#article","isPartOf":{"@id":"https:\/\/dicodusport.fr\/blog\/mondiaux-cyclisme-2022-ordre-et-horaires-de-depart-contre-la-montre-juniors-femmes\/"},"author":{"name":"Flo Ostermann","@id":"https:\/\/dicodusport.fr\/blog\/#\/schema\/person\/cb02af4c173ce4a653b55e9baf388d4a"},"headline":"Mondiaux Cyclisme 2022 : Ordre et horaires de d\u00e9part contre-la-montre juniors femmes","datePublished":"2022-09-19T15:32:46+00:00","mainEntityOfPage":{"@id":"https:\/\/dicodusport.fr\/blog\/mondiaux-cyclisme-2022-ordre-et-horaires-de-depart-contre-la-montre-juniors-femmes\/"},"wordCount":206,"commentCount":0,"publisher":{"@id":"https:\/\/dicodusport.fr\/blog\/#organization"},"image":{"@id":"https:\/\/dicodusport.fr\/blog\/mondiaux-cyclisme-2022-ordre-et-horaires-de-depart-contre-la-montre-juniors-femmes\/#primaryimage"},"thumbnailUrl":"https:\/\/dicodusport.fr\/blog\/wp-content\/uploads\/2022\/09\/Mondiaux-Cyclisme-2022-Ordre-et-horaires-de-depart-contre-la-montre-juniors-femmes.png","keywords":["Cyclisme","Wollongong"],"articleSection":["Cyclisme sur route"],"inLanguage":"fr-FR","potentialAction":[{"@type":"CommentAction","name":"Comment","target":["https:\/\/dicodusport.fr\/blog\/mondiaux-cyclisme-2022-ordre-et-horaires-de-depart-contre-la-montre-juniors-femmes\/#respond"]}],"copyrightYear":"2022","copyrightHolder":{"@id":"https:\/\/dicodusport.fr\/blog\/#organization"}},{"@type":"WebPage","@id":"https:\/\/dicodusport.fr\/blog\/mondiaux-cyclisme-2022-ordre-et-horaires-de-depart-contre-la-montre-juniors-femmes\/","url":"https:\/\/dicodusport.fr\/blog\/mondiaux-cyclisme-2022-ordre-et-horaires-de-depart-contre-la-montre-juniors-femmes\/","name":"Mondiaux Cyclisme 2022 : Ordre et horaires de d\u00e9part contre-la-montre juniors femmes","isPartOf":{"@id":"https:\/\/dicodusport.fr\/blog\/#website"},"primaryImageOfPage":{"@id":"https:\/\/dicodusport.fr\/blog\/mondiaux-cyclisme-2022-ordre-et-horaires-de-depart-contre-la-montre-juniors-femmes\/#primaryimage"},"image":{"@id":"https:\/\/dicodusport.fr\/blog\/mondiaux-cyclisme-2022-ordre-et-horaires-de-depart-contre-la-montre-juniors-femmes\/#primaryimage"},"thumbnailUrl":"https:\/\/dicodusport.fr\/blog\/wp-content\/uploads\/2022\/09\/Mondiaux-Cyclisme-2022-Ordre-et-horaires-de-depart-contre-la-montre-juniors-femmes.png","datePublished":"2022-09-19T15:32:46+00:00","description":"MONDIAUX CYCLISME SUR ROUTE 2022 - D\u00e9couvrez l'ordre de d\u00e9part du contre-la-montre juniors femmes qui se d\u00e9roule le mardi 19 septembre.","breadcrumb":{"@id":"https:\/\/dicodusport.fr\/blog\/mondiaux-cyclisme-2022-ordre-et-horaires-de-depart-contre-la-montre-juniors-femmes\/#breadcrumb"},"inLanguage":"fr-FR","potentialAction":[{"@type":"ReadAction","target":["https:\/\/dicodusport.fr\/blog\/mondiaux-cyclisme-2022-ordre-et-horaires-de-depart-contre-la-montre-juniors-femmes\/"]}]},{"@type":"ImageObject","inLanguage":"fr-FR","@id":"https:\/\/dicodusport.fr\/blog\/mondiaux-cyclisme-2022-ordre-et-horaires-de-depart-contre-la-montre-juniors-femmes\/#primaryimage","url":"https:\/\/dicodusport.fr\/blog\/wp-content\/uploads\/2022\/09\/Mondiaux-Cyclisme-2022-Ordre-et-horaires-de-depart-contre-la-montre-juniors-femmes.png","contentUrl":"https:\/\/dicodusport.fr\/blog\/wp-content\/uploads\/2022\/09\/Mondiaux-Cyclisme-2022-Ordre-et-horaires-de-depart-contre-la-montre-juniors-femmes.png","width":800,"height":445,"caption":"Mondiaux Cyclisme 2022 Ordre et horaires de d\u00e9part contre-la-montre juniors femmes"},{"@type":"BreadcrumbList","@id":"https:\/\/dicodusport.fr\/blog\/mondiaux-cyclisme-2022-ordre-et-horaires-de-depart-contre-la-montre-juniors-femmes\/#breadcrumb","itemListElement":[{"@type":"ListItem","position":1,"name":"Accueil","item":"https:\/\/dicodusport.fr\/blog\/"},{"@type":"ListItem","position":2,"name":"Mondiaux Cyclisme 2022 : Ordre et horaires de d\u00e9part contre-la-montre juniors femmes"}]},{"@type":"WebSite","@id":"https:\/\/dicodusport.fr\/blog\/#website","url":"https:\/\/dicodusport.fr\/blog\/","name":"Dicodusport","description":"L&#039;encyclop\u00e9die de l&#039;actualit\u00e9 sportive","publisher":{"@id":"https:\/\/dicodusport.fr\/blog\/#organization"},"potentialAction":[{"@type":"SearchAction","target":{"@type":"EntryPoint","urlTemplate":"https:\/\/dicodusport.fr\/blog\/?s={search_term_string}"},"query-input":{"@type":"PropertyValueSpecification","valueRequired":true,"valueName":"search_term_string"}}],"inLanguage":"fr-FR"},{"@type":"NewsMediaOrganization","@id":"https:\/\/dicodusport.fr\/blog\/#organization","name":"Dicodusport","url":"https:\/\/dicodusport.fr\/blog\/","logo":{"@type":"ImageObject","inLanguage":"fr-FR","@id":"https:\/\/dicodusport.fr\/blog\/#\/schema\/logo\/image\/","url":"https:\/\/dicodusport.fr\/blog\/wp-content\/uploads\/2020\/06\/cropped-LOGO-DICODUSPORT-2020-SANS-FOND-SANS-TEXTE.png","contentUrl":"https:\/\/dicodusport.fr\/blog\/wp-content\/uploads\/2020\/06\/cropped-LOGO-DICODUSPORT-2020-SANS-FOND-SANS-TEXTE.png","width":512,"height":512,"caption":"Dicodusport"},"image":{"@id":"https:\/\/dicodusport.fr\/blog\/#\/schema\/logo\/image\/"},"sameAs":["https:\/\/www.facebook.com\/dicodusport","https:\/\/x.com\/dicodusport","https:\/\/www.instagram.com\/dicodusport\/","https:\/\/www.youtube.com\/channel\/UC7V2KZ5sd3htJivAbA4ZG3w"],"description":"Dicodusport est l'encyclop\u00e9die de l'actualit\u00e9 sportive.","email":"bonjour@dicodusport.fr","legalName":"DICODUSPORT","foundingDate":"2018-01-14","vatID":"FR71834470973","taxID":"83447097300043","numberOfEmployees":{"@type":"QuantitativeValue","minValue":"1","maxValue":"10"}},{"@type":"Person","@id":"https:\/\/dicodusport.fr\/blog\/#\/schema\/person\/cb02af4c173ce4a653b55e9baf388d4a","name":"Flo Ostermann","image":{"@type":"ImageObject","inLanguage":"fr-FR","@id":"https:\/\/dicodusport.fr\/blog\/#\/schema\/person\/image\/","url":"https:\/\/dicodusport.fr\/blog\/wp-content\/uploads\/2021\/05\/Flo-Ostermann-150x150.jpg","contentUrl":"https:\/\/dicodusport.fr\/blog\/wp-content\/uploads\/2021\/05\/Flo-Ostermann-150x150.jpg","caption":"Flo Ostermann"},"description":"Journaliste\/R\u00e9dacteur depuis septembre 2015 - Mes premiers souvenirs dans le sport ? Les envol\u00e9es du Stade Toulousain et les duels Villeneuve-Schumacher et H\u00e4kkinen-Schumacher \u00e0 la fin des ann\u00e9es 90, la Coupe du monde de football en 1998, l\u2019exploit du XV de France face aux All Blacks en 1999, mais aussi Richard C\u0153ur de Lion qui vole sur les montagnes du Tour de France. Bien parti pour devenir professeur d\u2019EPS, les \u00e9v\u00e9nements de la vie (et la flemme d\u2019animer des s\u00e9ances de 3x500 m\u00e8tres toute ma vie) m\u2019ont conduit \u00e0 revoir mes plans. Me voil\u00e0 depuis fin 2017 sur Dicodusport, m\u00e9dia gr\u00e2ce (et pour) lequel je partage ma passion : le sport dans tous ses \u00e9tats. Le tout accompagn\u00e9 par les fous furieux et folles furieuses cit\u00e9s sur cette page !","sameAs":["https:\/\/www.facebook.com\/florent.ostermann","https:\/\/x.com\/https:\/\/twitter.com\/FlOstermann","admin"],"url":"https:\/\/dicodusport.fr\/blog\/author\/flo\/"}]}},"_links":{"self":[{"href":"https:\/\/dicodusport.fr\/blog\/wp-json\/wp\/v2\/posts\/263619","targetHints":{"allow":["GET"]}}],"collection":[{"href":"https:\/\/dicodusport.fr\/blog\/wp-json\/wp\/v2\/posts"}],"about":[{"href":"https:\/\/dicodusport.fr\/blog\/wp-json\/wp\/v2\/types\/post"}],"author":[{"embeddable":true,"href":"https:\/\/dicodusport.fr\/blog\/wp-json\/wp\/v2\/users\/4"}],"replies":[{"embeddable":true,"href":"https:\/\/dicodusport.fr\/blog\/wp-json\/wp\/v2\/comments?post=263619"}],"version-history":[{"count":0,"href":"https:\/\/dicodusport.fr\/blog\/wp-json\/wp\/v2\/posts\/263619\/revisions"}],"wp:featuredmedia":[{"embeddable":true,"href":"https:\/\/dicodusport.fr\/blog\/wp-json\/wp\/v2\/media\/263621"}],"wp:attachment":[{"href":"https:\/\/dicodusport.fr\/blog\/wp-json\/wp\/v2\/media?parent=263619"}],"wp:term":[{"taxonomy":"category","embeddable":true,"href":"https:\/\/dicodusport.fr\/blog\/wp-json\/wp\/v2\/categories?post=263619"},{"taxonomy":"post_tag","embeddable":true,"href":"https:\/\/dicodusport.fr\/blog\/wp-json\/wp\/v2\/tags?post=263619"}],"curies":[{"name":"wp","href":"https:\/\/api.w.org\/{rel}","templated":true}]}}