{"id":263648,"date":"2022-09-19T21:23:15","date_gmt":"2022-09-19T19:23:15","guid":{"rendered":"https:\/\/dicodusport.fr\/blog\/?p=263648&#038;preview=true&#038;preview_id=263648"},"modified":"2022-09-20T07:20:58","modified_gmt":"2022-09-20T05:20:58","slug":"kylian-mbappe-fait-plier-la-federation-francaise-de-football","status":"publish","type":"post","link":"https:\/\/dicodusport.fr\/blog\/kylian-mbappe-fait-plier-la-federation-francaise-de-football\/","title":{"rendered":"Kylian Mbapp\u00e9 fait plier la F\u00e9d\u00e9ration Fran\u00e7aise de Football"},"content":{"rendered":"<p style=\"text-align: justify;\"><b><i>FOOTBALL &#8211; La F\u00e9d\u00e9ration Fran\u00e7aise de Football a publi\u00e9 un communiqu\u00e9 pour expliquer que la convention des droits \u00e0 l&rsquo;image allait \u00eatre r\u00e9vis\u00e9e dans les plus brefs d\u00e9lais.<\/i><\/b><\/p>\n<p style=\"text-align: justify;\">La nouvelle sortie de <strong>Kylian Mbapp\u00e9<\/strong> aura eu le m\u00e9rite de faire bouger les choses. Alors que le pr\u00e9sident de la <strong>FFF<\/strong> avait expliqu\u00e9 en d\u00e9but de journ\u00e9e que la convention ne serait pas revue avant la Coupe du monde, l&rsquo;attaquant du <strong>PSG<\/strong> lui a r\u00e9pondu en annon\u00e7ant qu&rsquo;il allait de nouveau s\u00e9cher une s\u00e9ance photo. La <strong>F\u00e9d\u00e9ration Fran\u00e7aise de Football<\/strong> a d\u00fb r\u00e9agir rapidement et a organis\u00e9 une r\u00e9union avec les diff\u00e9rentes parties. Suite \u00e0 cela, elle a publi\u00e9 le communiqu\u00e9 suivant :<\/p>\n<blockquote>\n<p style=\"text-align: justify;\">Apr\u00e8s des \u00e9changes concluants en pr\u00e9sence des cadres de l&rsquo;\u00e9quipe de France, du pr\u00e9sident, du s\u00e9lectionneur, et d&rsquo;un responsable du marketing, la F\u00e9d\u00e9ration fran\u00e7aise de football s&rsquo;engage \u00e0 r\u00e9viser, dans les plus brefs d\u00e9lais, la convention inh\u00e9rente aux droits \u00e0 l&rsquo;image qui la lie \u00e0 ses joueurs en s\u00e9lection.<\/p>\n<\/blockquote>\n<p style=\"text-align: justify;\">Si aucune \u00e9ch\u00e9ance n&rsquo;a \u00e9t\u00e9 annonc\u00e9e, la r\u00e9vision devrait \u00eatre faite tr\u00e8s rapidement puisque <strong>Kylian Mbapp\u00e9<\/strong> devrait finalement prendre part \u00e0 la s\u00e9ance photo pr\u00e9vue mardi avec les plus gros sponsors des <strong>Bleus<\/strong>.<\/p>\n<blockquote class=\"twitter-tweet\">\n<p dir=\"ltr\" lang=\"fr\">\u0301 <a href=\"https:\/\/t.co\/qOr79QvnDn\">pic.twitter.com\/qOr79QvnDn<\/a><\/p>\n<p>\u2014 FFF (@FFF) <a href=\"https:\/\/twitter.com\/FFF\/status\/1571932771957841920?ref_src=twsrc%5Etfw\">September 19, 2022<\/a><\/p><\/blockquote>\n<p style=\"text-align: justify;\"><script async src=\"https:\/\/platform.twitter.com\/widgets.js\" charset=\"utf-8\"><\/script><\/p>\n","protected":false},"excerpt":{"rendered":"<p>FOOTBALL &#8211; La F\u00e9d\u00e9ration Fran\u00e7aise de Football a publi\u00e9 un communiqu\u00e9 pour expliquer que la convention des droits \u00e0 l&rsquo;image allait \u00eatre r\u00e9vis\u00e9e dans les plus brefs d\u00e9lais.<\/p>\n","protected":false},"author":1,"featured_media":261644,"comment_status":"open","ping_status":"closed","sticky":false,"template":"","format":"standard","meta":{"_acf_changed":false,"_daextam_enable_autolinks":"","footnotes":""},"categories":[2301],"tags":[4856,75,2236,5183],"class_list":["post-263648","post","type-post","status-publish","format-standard","has-post-thumbnail","hentry","category-football","tag-fff","tag-football","tag-kylian-mbappe","tag-mbappe"],"acf":[],"yoast_head":"<!-- This site is optimized with the Yoast SEO Premium plugin v26.7 (Yoast SEO v26.7) - https:\/\/yoast.com\/wordpress\/plugins\/seo\/ -->\n<title>Kylian Mbapp\u00e9 fait plier la F\u00e9d\u00e9ration Fran\u00e7aise de Football<\/title>\n<meta name=\"description\" content=\"FOOTBALL - La F\u00e9d\u00e9ration Fran\u00e7aise de Football a publi\u00e9 un communiqu\u00e9 pour expliquer que la convention des droits \u00e0 l&#039;image allait \u00eatre r\u00e9vis\u00e9e dans les plus brefs d\u00e9lais.\" \/>\n<meta name=\"robots\" content=\"index, follow, max-snippet:-1, max-image-preview:large, max-video-preview:-1\" \/>\n<link rel=\"canonical\" href=\"https:\/\/dicodusport.fr\/blog\/kylian-mbappe-fait-plier-la-federation-francaise-de-football\/\" \/>\n<meta property=\"og:locale\" content=\"fr_FR\" \/>\n<meta property=\"og:type\" content=\"article\" \/>\n<meta property=\"og:title\" content=\"Kylian Mbapp\u00e9 fait plier la F\u00e9d\u00e9ration Fran\u00e7aise de Football\" \/>\n<meta property=\"og:description\" content=\"FOOTBALL - La F\u00e9d\u00e9ration Fran\u00e7aise de Football a publi\u00e9 un communiqu\u00e9 pour expliquer que la convention des droits \u00e0 l&#039;image allait \u00eatre r\u00e9vis\u00e9e dans les plus brefs d\u00e9lais.\" \/>\n<meta property=\"og:url\" content=\"https:\/\/dicodusport.fr\/blog\/kylian-mbappe-fait-plier-la-federation-francaise-de-football\/\" \/>\n<meta property=\"og:site_name\" content=\"Dicodusport\" \/>\n<meta property=\"article:publisher\" content=\"https:\/\/www.facebook.com\/dicodusport\" \/>\n<meta property=\"article:author\" content=\"https:\/\/www.facebook.com\/dicodusport\" \/>\n<meta property=\"article:published_time\" content=\"2022-09-19T19:23:15+00:00\" \/>\n<meta property=\"article:modified_time\" content=\"2022-09-20T05:20:58+00:00\" \/>\n<meta property=\"og:image\" content=\"https:\/\/dicodusport.fr\/blog\/wp-content\/uploads\/2022\/09\/FFF-Noe\u0308l-Le-Grae\u0308t-vers-la-sortie-.png\" \/>\n\t<meta property=\"og:image:width\" content=\"800\" \/>\n\t<meta property=\"og:image:height\" content=\"445\" \/>\n\t<meta property=\"og:image:type\" content=\"image\/png\" \/>\n<meta name=\"author\" content=\"Nicolas Jacquemard\" \/>\n<meta name=\"twitter:card\" content=\"summary_large_image\" \/>\n<meta name=\"twitter:title\" content=\"Kylian Mbapp\u00e9 fait plier la F\u00e9d\u00e9ration Fran\u00e7aise de Football\" \/>\n<meta name=\"twitter:creator\" content=\"@https:\/\/twitter.com\/Nico_Jacquemard\" \/>\n<meta name=\"twitter:site\" content=\"@dicodusport\" \/>\n<script type=\"application\/ld+json\" class=\"yoast-schema-graph\">{\"@context\":\"https:\/\/schema.org\",\"@graph\":[{\"@type\":\"NewsArticle\",\"@id\":\"https:\/\/dicodusport.fr\/blog\/kylian-mbappe-fait-plier-la-federation-francaise-de-football\/#article\",\"isPartOf\":{\"@id\":\"https:\/\/dicodusport.fr\/blog\/kylian-mbappe-fait-plier-la-federation-francaise-de-football\/\"},\"author\":{\"name\":\"Nicolas Jacquemard\",\"@id\":\"https:\/\/dicodusport.fr\/blog\/#\/schema\/person\/55dcb50ad410894e431ed812bbb70191\"},\"headline\":\"Kylian Mbapp\u00e9 fait plier la F\u00e9d\u00e9ration Fran\u00e7aise de Football\",\"datePublished\":\"2022-09-19T19:23:15+00:00\",\"dateModified\":\"2022-09-20T05:20:58+00:00\",\"mainEntityOfPage\":{\"@id\":\"https:\/\/dicodusport.fr\/blog\/kylian-mbappe-fait-plier-la-federation-francaise-de-football\/\"},\"wordCount\":252,\"commentCount\":0,\"publisher\":{\"@id\":\"https:\/\/dicodusport.fr\/blog\/#organization\"},\"image\":{\"@id\":\"https:\/\/dicodusport.fr\/blog\/kylian-mbappe-fait-plier-la-federation-francaise-de-football\/#primaryimage\"},\"thumbnailUrl\":\"https:\/\/dicodusport.fr\/blog\/wp-content\/uploads\/2022\/09\/FFF-Noe\u0308l-Le-Grae\u0308t-vers-la-sortie-.png\",\"keywords\":[\"FFF\",\"Football\",\"Kylian Mbapp\u00e9\",\"Mbappe\"],\"articleSection\":[\"Football\"],\"inLanguage\":\"fr-FR\",\"potentialAction\":[{\"@type\":\"CommentAction\",\"name\":\"Comment\",\"target\":[\"https:\/\/dicodusport.fr\/blog\/kylian-mbappe-fait-plier-la-federation-francaise-de-football\/#respond\"]}],\"copyrightYear\":\"2022\",\"copyrightHolder\":{\"@id\":\"https:\/\/dicodusport.fr\/blog\/#organization\"}},{\"@type\":\"WebPage\",\"@id\":\"https:\/\/dicodusport.fr\/blog\/kylian-mbappe-fait-plier-la-federation-francaise-de-football\/\",\"url\":\"https:\/\/dicodusport.fr\/blog\/kylian-mbappe-fait-plier-la-federation-francaise-de-football\/\",\"name\":\"Kylian Mbapp\u00e9 fait plier la F\u00e9d\u00e9ration Fran\u00e7aise de Football\",\"isPartOf\":{\"@id\":\"https:\/\/dicodusport.fr\/blog\/#website\"},\"primaryImageOfPage\":{\"@id\":\"https:\/\/dicodusport.fr\/blog\/kylian-mbappe-fait-plier-la-federation-francaise-de-football\/#primaryimage\"},\"image\":{\"@id\":\"https:\/\/dicodusport.fr\/blog\/kylian-mbappe-fait-plier-la-federation-francaise-de-football\/#primaryimage\"},\"thumbnailUrl\":\"https:\/\/dicodusport.fr\/blog\/wp-content\/uploads\/2022\/09\/FFF-Noe\u0308l-Le-Grae\u0308t-vers-la-sortie-.png\",\"datePublished\":\"2022-09-19T19:23:15+00:00\",\"dateModified\":\"2022-09-20T05:20:58+00:00\",\"description\":\"FOOTBALL - La F\u00e9d\u00e9ration Fran\u00e7aise de Football a publi\u00e9 un communiqu\u00e9 pour expliquer que la convention des droits \u00e0 l'image allait \u00eatre r\u00e9vis\u00e9e dans les plus brefs d\u00e9lais.\",\"breadcrumb\":{\"@id\":\"https:\/\/dicodusport.fr\/blog\/kylian-mbappe-fait-plier-la-federation-francaise-de-football\/#breadcrumb\"},\"inLanguage\":\"fr-FR\",\"potentialAction\":[{\"@type\":\"ReadAction\",\"target\":[\"https:\/\/dicodusport.fr\/blog\/kylian-mbappe-fait-plier-la-federation-francaise-de-football\/\"]}]},{\"@type\":\"ImageObject\",\"inLanguage\":\"fr-FR\",\"@id\":\"https:\/\/dicodusport.fr\/blog\/kylian-mbappe-fait-plier-la-federation-francaise-de-football\/#primaryimage\",\"url\":\"https:\/\/dicodusport.fr\/blog\/wp-content\/uploads\/2022\/09\/FFF-Noe\u0308l-Le-Grae\u0308t-vers-la-sortie-.png\",\"contentUrl\":\"https:\/\/dicodusport.fr\/blog\/wp-content\/uploads\/2022\/09\/FFF-Noe\u0308l-Le-Grae\u0308t-vers-la-sortie-.png\",\"width\":800,\"height\":445},{\"@type\":\"BreadcrumbList\",\"@id\":\"https:\/\/dicodusport.fr\/blog\/kylian-mbappe-fait-plier-la-federation-francaise-de-football\/#breadcrumb\",\"itemListElement\":[{\"@type\":\"ListItem\",\"position\":1,\"name\":\"Accueil\",\"item\":\"https:\/\/dicodusport.fr\/blog\/\"},{\"@type\":\"ListItem\",\"position\":2,\"name\":\"Kylian Mbapp\u00e9 fait plier la F\u00e9d\u00e9ration Fran\u00e7aise de Football\"}]},{\"@type\":\"WebSite\",\"@id\":\"https:\/\/dicodusport.fr\/blog\/#website\",\"url\":\"https:\/\/dicodusport.fr\/blog\/\",\"name\":\"Dicodusport\",\"description\":\"L&#039;encyclop\u00e9die de l&#039;actualit\u00e9 sportive\",\"publisher\":{\"@id\":\"https:\/\/dicodusport.fr\/blog\/#organization\"},\"potentialAction\":[{\"@type\":\"SearchAction\",\"target\":{\"@type\":\"EntryPoint\",\"urlTemplate\":\"https:\/\/dicodusport.fr\/blog\/?s={search_term_string}\"},\"query-input\":{\"@type\":\"PropertyValueSpecification\",\"valueRequired\":true,\"valueName\":\"search_term_string\"}}],\"inLanguage\":\"fr-FR\"},{\"@type\":\"NewsMediaOrganization\",\"@id\":\"https:\/\/dicodusport.fr\/blog\/#organization\",\"name\":\"Dicodusport\",\"url\":\"https:\/\/dicodusport.fr\/blog\/\",\"logo\":{\"@type\":\"ImageObject\",\"inLanguage\":\"fr-FR\",\"@id\":\"https:\/\/dicodusport.fr\/blog\/#\/schema\/logo\/image\/\",\"url\":\"https:\/\/dicodusport.fr\/blog\/wp-content\/uploads\/2020\/06\/cropped-LOGO-DICODUSPORT-2020-SANS-FOND-SANS-TEXTE.png\",\"contentUrl\":\"https:\/\/dicodusport.fr\/blog\/wp-content\/uploads\/2020\/06\/cropped-LOGO-DICODUSPORT-2020-SANS-FOND-SANS-TEXTE.png\",\"width\":512,\"height\":512,\"caption\":\"Dicodusport\"},\"image\":{\"@id\":\"https:\/\/dicodusport.fr\/blog\/#\/schema\/logo\/image\/\"},\"sameAs\":[\"https:\/\/www.facebook.com\/dicodusport\",\"https:\/\/x.com\/dicodusport\",\"https:\/\/www.instagram.com\/dicodusport\/\",\"https:\/\/www.youtube.com\/channel\/UC7V2KZ5sd3htJivAbA4ZG3w\"],\"description\":\"Dicodusport est l'encyclop\u00e9die de l'actualit\u00e9 sportive.\",\"email\":\"bonjour@dicodusport.fr\",\"legalName\":\"DICODUSPORT\",\"foundingDate\":\"2018-01-14\",\"vatID\":\"FR71834470973\",\"taxID\":\"83447097300043\",\"numberOfEmployees\":{\"@type\":\"QuantitativeValue\",\"minValue\":\"1\",\"maxValue\":\"10\"}},{\"@type\":\"Person\",\"@id\":\"https:\/\/dicodusport.fr\/blog\/#\/schema\/person\/55dcb50ad410894e431ed812bbb70191\",\"name\":\"Nicolas Jacquemard\",\"image\":{\"@type\":\"ImageObject\",\"inLanguage\":\"fr-FR\",\"@id\":\"https:\/\/dicodusport.fr\/blog\/#\/schema\/person\/image\/\",\"url\":\"https:\/\/dicodusport.fr\/blog\/wp-content\/uploads\/2021\/05\/Nicolas-Jacquemard-150x150.jpeg\",\"contentUrl\":\"https:\/\/dicodusport.fr\/blog\/wp-content\/uploads\/2021\/05\/Nicolas-Jacquemard-150x150.jpeg\",\"caption\":\"Nicolas Jacquemard\"},\"description\":\"Passionn\u00e9 de sport et entrepreneur depuis mes 18 ans, la cr\u00e9ation de Dicodusport m'a sembl\u00e9 \u00e9vidente pour participer \u00e0 la m\u00e9diatisation d'un plus grand nombre de sports. Le chemin est long mais avec une \u00e9quipe des plus motiv\u00e9es et les Jeux Olympiques de Paris 2024 en point de mire, nous y arriverons ! Journaliste dans le monde du sport depuis plus de 5 ans, je traite aussi bien de football, de rugby, de biathlon que de cyclisme.\",\"sameAs\":[\"https:\/\/www.facebook.com\/dicodusport\",\"https:\/\/x.com\/https:\/\/twitter.com\/Nico_Jacquemard\"],\"url\":\"https:\/\/dicodusport.fr\/blog\/author\/dicodusport\/\"}]}<\/script>\n<!-- \/ Yoast SEO Premium plugin. -->","yoast_head_json":{"title":"Kylian Mbapp\u00e9 fait plier la F\u00e9d\u00e9ration Fran\u00e7aise de Football","description":"FOOTBALL - La F\u00e9d\u00e9ration Fran\u00e7aise de Football a publi\u00e9 un communiqu\u00e9 pour expliquer que la convention des droits \u00e0 l'image allait \u00eatre r\u00e9vis\u00e9e dans les plus brefs d\u00e9lais.","robots":{"index":"index","follow":"follow","max-snippet":"max-snippet:-1","max-image-preview":"max-image-preview:large","max-video-preview":"max-video-preview:-1"},"canonical":"https:\/\/dicodusport.fr\/blog\/kylian-mbappe-fait-plier-la-federation-francaise-de-football\/","og_locale":"fr_FR","og_type":"article","og_title":"Kylian Mbapp\u00e9 fait plier la F\u00e9d\u00e9ration Fran\u00e7aise de Football","og_description":"FOOTBALL - La F\u00e9d\u00e9ration Fran\u00e7aise de Football a publi\u00e9 un communiqu\u00e9 pour expliquer que la convention des droits \u00e0 l'image allait \u00eatre r\u00e9vis\u00e9e dans les plus brefs d\u00e9lais.","og_url":"https:\/\/dicodusport.fr\/blog\/kylian-mbappe-fait-plier-la-federation-francaise-de-football\/","og_site_name":"Dicodusport","article_publisher":"https:\/\/www.facebook.com\/dicodusport","article_author":"https:\/\/www.facebook.com\/dicodusport","article_published_time":"2022-09-19T19:23:15+00:00","article_modified_time":"2022-09-20T05:20:58+00:00","og_image":[{"width":800,"height":445,"url":"https:\/\/dicodusport.fr\/blog\/wp-content\/uploads\/2022\/09\/FFF-Noe\u0308l-Le-Grae\u0308t-vers-la-sortie-.png","type":"image\/png"}],"author":"Nicolas Jacquemard","twitter_card":"summary_large_image","twitter_title":"Kylian Mbapp\u00e9 fait plier la F\u00e9d\u00e9ration Fran\u00e7aise de Football","twitter_creator":"@https:\/\/twitter.com\/Nico_Jacquemard","twitter_site":"@dicodusport","schema":{"@context":"https:\/\/schema.org","@graph":[{"@type":"NewsArticle","@id":"https:\/\/dicodusport.fr\/blog\/kylian-mbappe-fait-plier-la-federation-francaise-de-football\/#article","isPartOf":{"@id":"https:\/\/dicodusport.fr\/blog\/kylian-mbappe-fait-plier-la-federation-francaise-de-football\/"},"author":{"name":"Nicolas Jacquemard","@id":"https:\/\/dicodusport.fr\/blog\/#\/schema\/person\/55dcb50ad410894e431ed812bbb70191"},"headline":"Kylian Mbapp\u00e9 fait plier la F\u00e9d\u00e9ration Fran\u00e7aise de Football","datePublished":"2022-09-19T19:23:15+00:00","dateModified":"2022-09-20T05:20:58+00:00","mainEntityOfPage":{"@id":"https:\/\/dicodusport.fr\/blog\/kylian-mbappe-fait-plier-la-federation-francaise-de-football\/"},"wordCount":252,"commentCount":0,"publisher":{"@id":"https:\/\/dicodusport.fr\/blog\/#organization"},"image":{"@id":"https:\/\/dicodusport.fr\/blog\/kylian-mbappe-fait-plier-la-federation-francaise-de-football\/#primaryimage"},"thumbnailUrl":"https:\/\/dicodusport.fr\/blog\/wp-content\/uploads\/2022\/09\/FFF-Noe\u0308l-Le-Grae\u0308t-vers-la-sortie-.png","keywords":["FFF","Football","Kylian Mbapp\u00e9","Mbappe"],"articleSection":["Football"],"inLanguage":"fr-FR","potentialAction":[{"@type":"CommentAction","name":"Comment","target":["https:\/\/dicodusport.fr\/blog\/kylian-mbappe-fait-plier-la-federation-francaise-de-football\/#respond"]}],"copyrightYear":"2022","copyrightHolder":{"@id":"https:\/\/dicodusport.fr\/blog\/#organization"}},{"@type":"WebPage","@id":"https:\/\/dicodusport.fr\/blog\/kylian-mbappe-fait-plier-la-federation-francaise-de-football\/","url":"https:\/\/dicodusport.fr\/blog\/kylian-mbappe-fait-plier-la-federation-francaise-de-football\/","name":"Kylian Mbapp\u00e9 fait plier la F\u00e9d\u00e9ration Fran\u00e7aise de Football","isPartOf":{"@id":"https:\/\/dicodusport.fr\/blog\/#website"},"primaryImageOfPage":{"@id":"https:\/\/dicodusport.fr\/blog\/kylian-mbappe-fait-plier-la-federation-francaise-de-football\/#primaryimage"},"image":{"@id":"https:\/\/dicodusport.fr\/blog\/kylian-mbappe-fait-plier-la-federation-francaise-de-football\/#primaryimage"},"thumbnailUrl":"https:\/\/dicodusport.fr\/blog\/wp-content\/uploads\/2022\/09\/FFF-Noe\u0308l-Le-Grae\u0308t-vers-la-sortie-.png","datePublished":"2022-09-19T19:23:15+00:00","dateModified":"2022-09-20T05:20:58+00:00","description":"FOOTBALL - La F\u00e9d\u00e9ration Fran\u00e7aise de Football a publi\u00e9 un communiqu\u00e9 pour expliquer que la convention des droits \u00e0 l'image allait \u00eatre r\u00e9vis\u00e9e dans les plus brefs d\u00e9lais.","breadcrumb":{"@id":"https:\/\/dicodusport.fr\/blog\/kylian-mbappe-fait-plier-la-federation-francaise-de-football\/#breadcrumb"},"inLanguage":"fr-FR","potentialAction":[{"@type":"ReadAction","target":["https:\/\/dicodusport.fr\/blog\/kylian-mbappe-fait-plier-la-federation-francaise-de-football\/"]}]},{"@type":"ImageObject","inLanguage":"fr-FR","@id":"https:\/\/dicodusport.fr\/blog\/kylian-mbappe-fait-plier-la-federation-francaise-de-football\/#primaryimage","url":"https:\/\/dicodusport.fr\/blog\/wp-content\/uploads\/2022\/09\/FFF-Noe\u0308l-Le-Grae\u0308t-vers-la-sortie-.png","contentUrl":"https:\/\/dicodusport.fr\/blog\/wp-content\/uploads\/2022\/09\/FFF-Noe\u0308l-Le-Grae\u0308t-vers-la-sortie-.png","width":800,"height":445},{"@type":"BreadcrumbList","@id":"https:\/\/dicodusport.fr\/blog\/kylian-mbappe-fait-plier-la-federation-francaise-de-football\/#breadcrumb","itemListElement":[{"@type":"ListItem","position":1,"name":"Accueil","item":"https:\/\/dicodusport.fr\/blog\/"},{"@type":"ListItem","position":2,"name":"Kylian Mbapp\u00e9 fait plier la F\u00e9d\u00e9ration Fran\u00e7aise de Football"}]},{"@type":"WebSite","@id":"https:\/\/dicodusport.fr\/blog\/#website","url":"https:\/\/dicodusport.fr\/blog\/","name":"Dicodusport","description":"L&#039;encyclop\u00e9die de l&#039;actualit\u00e9 sportive","publisher":{"@id":"https:\/\/dicodusport.fr\/blog\/#organization"},"potentialAction":[{"@type":"SearchAction","target":{"@type":"EntryPoint","urlTemplate":"https:\/\/dicodusport.fr\/blog\/?s={search_term_string}"},"query-input":{"@type":"PropertyValueSpecification","valueRequired":true,"valueName":"search_term_string"}}],"inLanguage":"fr-FR"},{"@type":"NewsMediaOrganization","@id":"https:\/\/dicodusport.fr\/blog\/#organization","name":"Dicodusport","url":"https:\/\/dicodusport.fr\/blog\/","logo":{"@type":"ImageObject","inLanguage":"fr-FR","@id":"https:\/\/dicodusport.fr\/blog\/#\/schema\/logo\/image\/","url":"https:\/\/dicodusport.fr\/blog\/wp-content\/uploads\/2020\/06\/cropped-LOGO-DICODUSPORT-2020-SANS-FOND-SANS-TEXTE.png","contentUrl":"https:\/\/dicodusport.fr\/blog\/wp-content\/uploads\/2020\/06\/cropped-LOGO-DICODUSPORT-2020-SANS-FOND-SANS-TEXTE.png","width":512,"height":512,"caption":"Dicodusport"},"image":{"@id":"https:\/\/dicodusport.fr\/blog\/#\/schema\/logo\/image\/"},"sameAs":["https:\/\/www.facebook.com\/dicodusport","https:\/\/x.com\/dicodusport","https:\/\/www.instagram.com\/dicodusport\/","https:\/\/www.youtube.com\/channel\/UC7V2KZ5sd3htJivAbA4ZG3w"],"description":"Dicodusport est l'encyclop\u00e9die de l'actualit\u00e9 sportive.","email":"bonjour@dicodusport.fr","legalName":"DICODUSPORT","foundingDate":"2018-01-14","vatID":"FR71834470973","taxID":"83447097300043","numberOfEmployees":{"@type":"QuantitativeValue","minValue":"1","maxValue":"10"}},{"@type":"Person","@id":"https:\/\/dicodusport.fr\/blog\/#\/schema\/person\/55dcb50ad410894e431ed812bbb70191","name":"Nicolas Jacquemard","image":{"@type":"ImageObject","inLanguage":"fr-FR","@id":"https:\/\/dicodusport.fr\/blog\/#\/schema\/person\/image\/","url":"https:\/\/dicodusport.fr\/blog\/wp-content\/uploads\/2021\/05\/Nicolas-Jacquemard-150x150.jpeg","contentUrl":"https:\/\/dicodusport.fr\/blog\/wp-content\/uploads\/2021\/05\/Nicolas-Jacquemard-150x150.jpeg","caption":"Nicolas Jacquemard"},"description":"Passionn\u00e9 de sport et entrepreneur depuis mes 18 ans, la cr\u00e9ation de Dicodusport m'a sembl\u00e9 \u00e9vidente pour participer \u00e0 la m\u00e9diatisation d'un plus grand nombre de sports. Le chemin est long mais avec une \u00e9quipe des plus motiv\u00e9es et les Jeux Olympiques de Paris 2024 en point de mire, nous y arriverons ! Journaliste dans le monde du sport depuis plus de 5 ans, je traite aussi bien de football, de rugby, de biathlon que de cyclisme.","sameAs":["https:\/\/www.facebook.com\/dicodusport","https:\/\/x.com\/https:\/\/twitter.com\/Nico_Jacquemard"],"url":"https:\/\/dicodusport.fr\/blog\/author\/dicodusport\/"}]}},"_links":{"self":[{"href":"https:\/\/dicodusport.fr\/blog\/wp-json\/wp\/v2\/posts\/263648","targetHints":{"allow":["GET"]}}],"collection":[{"href":"https:\/\/dicodusport.fr\/blog\/wp-json\/wp\/v2\/posts"}],"about":[{"href":"https:\/\/dicodusport.fr\/blog\/wp-json\/wp\/v2\/types\/post"}],"author":[{"embeddable":true,"href":"https:\/\/dicodusport.fr\/blog\/wp-json\/wp\/v2\/users\/1"}],"replies":[{"embeddable":true,"href":"https:\/\/dicodusport.fr\/blog\/wp-json\/wp\/v2\/comments?post=263648"}],"version-history":[{"count":0,"href":"https:\/\/dicodusport.fr\/blog\/wp-json\/wp\/v2\/posts\/263648\/revisions"}],"wp:featuredmedia":[{"embeddable":true,"href":"https:\/\/dicodusport.fr\/blog\/wp-json\/wp\/v2\/media\/261644"}],"wp:attachment":[{"href":"https:\/\/dicodusport.fr\/blog\/wp-json\/wp\/v2\/media?parent=263648"}],"wp:term":[{"taxonomy":"category","embeddable":true,"href":"https:\/\/dicodusport.fr\/blog\/wp-json\/wp\/v2\/categories?post=263648"},{"taxonomy":"post_tag","embeddable":true,"href":"https:\/\/dicodusport.fr\/blog\/wp-json\/wp\/v2\/tags?post=263648"}],"curies":[{"name":"wp","href":"https:\/\/api.w.org\/{rel}","templated":true}]}}