{"id":263763,"date":"2022-09-20T13:35:36","date_gmt":"2022-09-20T11:35:36","guid":{"rendered":"https:\/\/dicodusport.fr\/blog\/?p=263763&#038;preview=true&#038;preview_id=263763"},"modified":"2022-09-20T19:01:09","modified_gmt":"2022-09-20T17:01:09","slug":"peter-sagan-peut-etre-que-je-vais-gagner-les-mondiaux-et-prendre-ma-retraite","status":"publish","type":"post","link":"https:\/\/dicodusport.fr\/blog\/peter-sagan-peut-etre-que-je-vais-gagner-les-mondiaux-et-prendre-ma-retraite\/","title":{"rendered":"Peter Sagan : \u00ab\u00a0Peut-\u00eatre que je vais gagner les Mondiaux et prendre ma retraite\u00a0\u00bb"},"content":{"rendered":"<p style=\"text-align: justify;\"><b><i><a href=\"https:\/\/dicodusport.fr\/blog\/mondiaux-cyclisme-2022-programme-complet-et-resultats\/\">MONDIAUX SUR ROUTE 2022<\/a> &#8211; Dans un long entretien accord\u00e9 \u00e0 CyclingNews, Peter Sagan s&rsquo;est montr\u00e9 ambitieux pour les Mondiaux en Australie, en y ajoutant une petite pointe d&rsquo;humour. <\/i><\/b><\/p>\n<p style=\"text-align: justify;\">Encore touch\u00e9 par la Covid-19, <strong>Peter Sagan<\/strong> a connu une nouvelle saison compliqu\u00e9e en 2022, m\u00eame s&rsquo;il a gagn\u00e9 sur le Tour de Suisse et fait des places d&rsquo;honneur sur le Tour de France. Au moment d&rsquo;\u00e9voquer les Mondiaux en Australie, <strong>Peter Sagan<\/strong> a d&rsquo;abord d\u00e9marr\u00e9 par une plaisanterie.<\/p>\n<blockquote>\n<p style=\"text-align: justify;\">Peut-\u00eatre que je vais gagner les Mondiaux et prendre ma retraite.<\/p>\n<\/blockquote>\n<p style=\"text-align: justify;\">Le <strong>triple champion du monde<\/strong> slovaque a ensuite \u00e9voqu\u00e9 ce rendez-vous avec plus de s\u00e9rieux, et m\u00eame de l&rsquo;ambition.<\/p>\n<blockquote>\n<p style=\"text-align: justify;\">Si je suis dans la course, je veux faire de mon mieux et alors pourquoi ne puis-je pas gagner cette fois encore ? J&rsquo;ai remport\u00e9 le titre mondial trois fois, alors pourquoi pas quatre ? Bien s\u00fbr, c&rsquo;est une course unique, vous roulez pour votre nation et donc cela peut aller dans votre sens ou cela peut aussi \u00eatre un d\u00e9sastre. J&rsquo;adore participer aux Mondiaux chaque ann\u00e9e parce qu&rsquo;on ne sait jamais comment \u00e7a va se d\u00e9rouler.<\/p>\n<\/blockquote>\n<p style=\"text-align: justify;\"><strong>Peter Sagan<\/strong> ne fait pas partie des favoris sur un parcours qui semble trop compliqu\u00e9 pour lui, au regard de ses r\u00e9sultats depuis trois ans. Mais le <strong>Slovaque<\/strong> semble d\u00e9cid\u00e9 \u00e0 jouer sa carte du mieux qu&rsquo;il le pourra.<\/p>\n<blockquote class=\"twitter-tweet\">\n<p dir=\"ltr\" lang=\"en\">Peter Sagan: Perhaps I&rsquo;ll win the world title and then quit road racing <a href=\"https:\/\/t.co\/Xr7HM1xBr2\">https:\/\/t.co\/Xr7HM1xBr2<\/a><\/p>\n<p>\u2014 Cyclingnews (@Cyclingnewsfeed) <a href=\"https:\/\/twitter.com\/Cyclingnewsfeed\/status\/1572115087695187968?ref_src=twsrc%5Etfw\">September 20, 2022<\/a><\/p><\/blockquote>\n<p style=\"text-align: justify;\"><script async src=\"https:\/\/platform.twitter.com\/widgets.js\" charset=\"utf-8\"><\/script><\/p>\n","protected":false},"excerpt":{"rendered":"<p>MONDIAUX SUR ROUTE 2022 &#8211; Dans un long entretien accord\u00e9 \u00e0 CyclingNews, Peter Sagan s&rsquo;est montr\u00e9 ambitieux pour les Mondiaux en Australie, en y ajoutant une petite pointe d&rsquo;humour.<\/p>\n","protected":false},"author":1,"featured_media":263769,"comment_status":"open","ping_status":"closed","sticky":false,"template":"","format":"standard","meta":{"_acf_changed":false,"_daextam_enable_autolinks":"","footnotes":""},"categories":[46994],"tags":[4284,4373],"class_list":["post-263763","post","type-post","status-publish","format-standard","has-post-thumbnail","hentry","category-cyclisme-sur-route","tag-peter-sagan","tag-sagan"],"acf":[],"yoast_head":"<!-- This site is optimized with the Yoast SEO Premium plugin v26.7 (Yoast SEO v26.7) - https:\/\/yoast.com\/wordpress\/plugins\/seo\/ -->\n<title>Peter Sagan : &quot;Peut-\u00eatre que je vais gagner les Mondiaux et prendre ma retraite&quot;<\/title>\n<meta name=\"description\" content=\"MONDIAUX SUR ROUTE 2022 - Dans un long entretien accord\u00e9 \u00e0 CyclingNews, Peter Sagan s&#039;est montr\u00e9 ambitieux pour les Mondiaux en Australie.\" \/>\n<meta name=\"robots\" content=\"index, follow, max-snippet:-1, max-image-preview:large, max-video-preview:-1\" \/>\n<link rel=\"canonical\" href=\"https:\/\/dicodusport.fr\/blog\/peter-sagan-peut-etre-que-je-vais-gagner-les-mondiaux-et-prendre-ma-retraite\/\" \/>\n<meta property=\"og:locale\" content=\"fr_FR\" \/>\n<meta property=\"og:type\" content=\"article\" \/>\n<meta property=\"og:title\" content=\"Peter Sagan : &quot;Peut-\u00eatre que je vais gagner les Mondiaux et prendre ma retraite&quot;\" \/>\n<meta property=\"og:description\" content=\"MONDIAUX SUR ROUTE 2022 - Dans un long entretien accord\u00e9 \u00e0 CyclingNews, Peter Sagan s&#039;est montr\u00e9 ambitieux pour les Mondiaux en Australie.\" \/>\n<meta property=\"og:url\" content=\"https:\/\/dicodusport.fr\/blog\/peter-sagan-peut-etre-que-je-vais-gagner-les-mondiaux-et-prendre-ma-retraite\/\" \/>\n<meta property=\"og:site_name\" content=\"Dicodusport\" \/>\n<meta property=\"article:publisher\" content=\"https:\/\/www.facebook.com\/dicodusport\" \/>\n<meta property=\"article:author\" content=\"https:\/\/www.facebook.com\/dicodusport\" \/>\n<meta property=\"article:published_time\" content=\"2022-09-20T11:35:36+00:00\" \/>\n<meta property=\"article:modified_time\" content=\"2022-09-20T17:01:09+00:00\" \/>\n<meta property=\"og:image\" content=\"https:\/\/dicodusport.fr\/blog\/wp-content\/uploads\/2022\/09\/Peter-Sagan-Peut-e\u0302tre-que-je-vais-gagner-les-Mondiaux-et-prendre-ma-retraite.png\" \/>\n\t<meta property=\"og:image:width\" content=\"800\" \/>\n\t<meta property=\"og:image:height\" content=\"445\" \/>\n\t<meta property=\"og:image:type\" content=\"image\/png\" \/>\n<meta name=\"author\" content=\"Nicolas Jacquemard\" \/>\n<meta name=\"twitter:card\" content=\"summary_large_image\" \/>\n<meta name=\"twitter:title\" content=\"Peter Sagan : &quot;Peut-\u00eatre que je vais gagner les Mondiaux et prendre ma retraite&quot;\" \/>\n<meta name=\"twitter:creator\" content=\"@https:\/\/twitter.com\/Nico_Jacquemard\" \/>\n<meta name=\"twitter:site\" content=\"@dicodusport\" \/>\n<script type=\"application\/ld+json\" class=\"yoast-schema-graph\">{\"@context\":\"https:\/\/schema.org\",\"@graph\":[{\"@type\":\"NewsArticle\",\"@id\":\"https:\/\/dicodusport.fr\/blog\/peter-sagan-peut-etre-que-je-vais-gagner-les-mondiaux-et-prendre-ma-retraite\/#article\",\"isPartOf\":{\"@id\":\"https:\/\/dicodusport.fr\/blog\/peter-sagan-peut-etre-que-je-vais-gagner-les-mondiaux-et-prendre-ma-retraite\/\"},\"author\":{\"name\":\"Nicolas Jacquemard\",\"@id\":\"https:\/\/dicodusport.fr\/blog\/#\/schema\/person\/55dcb50ad410894e431ed812bbb70191\"},\"headline\":\"Peter Sagan : \u00ab\u00a0Peut-\u00eatre que je vais gagner les Mondiaux et prendre ma retraite\u00a0\u00bb\",\"datePublished\":\"2022-09-20T11:35:36+00:00\",\"dateModified\":\"2022-09-20T17:01:09+00:00\",\"mainEntityOfPage\":{\"@id\":\"https:\/\/dicodusport.fr\/blog\/peter-sagan-peut-etre-que-je-vais-gagner-les-mondiaux-et-prendre-ma-retraite\/\"},\"wordCount\":279,\"commentCount\":0,\"publisher\":{\"@id\":\"https:\/\/dicodusport.fr\/blog\/#organization\"},\"image\":{\"@id\":\"https:\/\/dicodusport.fr\/blog\/peter-sagan-peut-etre-que-je-vais-gagner-les-mondiaux-et-prendre-ma-retraite\/#primaryimage\"},\"thumbnailUrl\":\"https:\/\/dicodusport.fr\/blog\/wp-content\/uploads\/2022\/09\/Peter-Sagan-Peut-e\u0302tre-que-je-vais-gagner-les-Mondiaux-et-prendre-ma-retraite.png\",\"keywords\":[\"Peter Sagan\",\"Sagan\"],\"articleSection\":[\"Cyclisme sur route\"],\"inLanguage\":\"fr-FR\",\"potentialAction\":[{\"@type\":\"CommentAction\",\"name\":\"Comment\",\"target\":[\"https:\/\/dicodusport.fr\/blog\/peter-sagan-peut-etre-que-je-vais-gagner-les-mondiaux-et-prendre-ma-retraite\/#respond\"]}],\"copyrightYear\":\"2022\",\"copyrightHolder\":{\"@id\":\"https:\/\/dicodusport.fr\/blog\/#organization\"}},{\"@type\":\"WebPage\",\"@id\":\"https:\/\/dicodusport.fr\/blog\/peter-sagan-peut-etre-que-je-vais-gagner-les-mondiaux-et-prendre-ma-retraite\/\",\"url\":\"https:\/\/dicodusport.fr\/blog\/peter-sagan-peut-etre-que-je-vais-gagner-les-mondiaux-et-prendre-ma-retraite\/\",\"name\":\"Peter Sagan : \\\"Peut-\u00eatre que je vais gagner les Mondiaux et prendre ma retraite\\\"\",\"isPartOf\":{\"@id\":\"https:\/\/dicodusport.fr\/blog\/#website\"},\"primaryImageOfPage\":{\"@id\":\"https:\/\/dicodusport.fr\/blog\/peter-sagan-peut-etre-que-je-vais-gagner-les-mondiaux-et-prendre-ma-retraite\/#primaryimage\"},\"image\":{\"@id\":\"https:\/\/dicodusport.fr\/blog\/peter-sagan-peut-etre-que-je-vais-gagner-les-mondiaux-et-prendre-ma-retraite\/#primaryimage\"},\"thumbnailUrl\":\"https:\/\/dicodusport.fr\/blog\/wp-content\/uploads\/2022\/09\/Peter-Sagan-Peut-e\u0302tre-que-je-vais-gagner-les-Mondiaux-et-prendre-ma-retraite.png\",\"datePublished\":\"2022-09-20T11:35:36+00:00\",\"dateModified\":\"2022-09-20T17:01:09+00:00\",\"description\":\"MONDIAUX SUR ROUTE 2022 - Dans un long entretien accord\u00e9 \u00e0 CyclingNews, Peter Sagan s'est montr\u00e9 ambitieux pour les Mondiaux en Australie.\",\"breadcrumb\":{\"@id\":\"https:\/\/dicodusport.fr\/blog\/peter-sagan-peut-etre-que-je-vais-gagner-les-mondiaux-et-prendre-ma-retraite\/#breadcrumb\"},\"inLanguage\":\"fr-FR\",\"potentialAction\":[{\"@type\":\"ReadAction\",\"target\":[\"https:\/\/dicodusport.fr\/blog\/peter-sagan-peut-etre-que-je-vais-gagner-les-mondiaux-et-prendre-ma-retraite\/\"]}]},{\"@type\":\"ImageObject\",\"inLanguage\":\"fr-FR\",\"@id\":\"https:\/\/dicodusport.fr\/blog\/peter-sagan-peut-etre-que-je-vais-gagner-les-mondiaux-et-prendre-ma-retraite\/#primaryimage\",\"url\":\"https:\/\/dicodusport.fr\/blog\/wp-content\/uploads\/2022\/09\/Peter-Sagan-Peut-e\u0302tre-que-je-vais-gagner-les-Mondiaux-et-prendre-ma-retraite.png\",\"contentUrl\":\"https:\/\/dicodusport.fr\/blog\/wp-content\/uploads\/2022\/09\/Peter-Sagan-Peut-e\u0302tre-que-je-vais-gagner-les-Mondiaux-et-prendre-ma-retraite.png\",\"width\":800,\"height\":445},{\"@type\":\"BreadcrumbList\",\"@id\":\"https:\/\/dicodusport.fr\/blog\/peter-sagan-peut-etre-que-je-vais-gagner-les-mondiaux-et-prendre-ma-retraite\/#breadcrumb\",\"itemListElement\":[{\"@type\":\"ListItem\",\"position\":1,\"name\":\"Accueil\",\"item\":\"https:\/\/dicodusport.fr\/blog\/\"},{\"@type\":\"ListItem\",\"position\":2,\"name\":\"Peter Sagan : \u00ab\u00a0Peut-\u00eatre que je vais gagner les Mondiaux et prendre ma retraite\u00a0\u00bb\"}]},{\"@type\":\"WebSite\",\"@id\":\"https:\/\/dicodusport.fr\/blog\/#website\",\"url\":\"https:\/\/dicodusport.fr\/blog\/\",\"name\":\"Dicodusport\",\"description\":\"L&#039;encyclop\u00e9die de l&#039;actualit\u00e9 sportive\",\"publisher\":{\"@id\":\"https:\/\/dicodusport.fr\/blog\/#organization\"},\"potentialAction\":[{\"@type\":\"SearchAction\",\"target\":{\"@type\":\"EntryPoint\",\"urlTemplate\":\"https:\/\/dicodusport.fr\/blog\/?s={search_term_string}\"},\"query-input\":{\"@type\":\"PropertyValueSpecification\",\"valueRequired\":true,\"valueName\":\"search_term_string\"}}],\"inLanguage\":\"fr-FR\"},{\"@type\":\"NewsMediaOrganization\",\"@id\":\"https:\/\/dicodusport.fr\/blog\/#organization\",\"name\":\"Dicodusport\",\"url\":\"https:\/\/dicodusport.fr\/blog\/\",\"logo\":{\"@type\":\"ImageObject\",\"inLanguage\":\"fr-FR\",\"@id\":\"https:\/\/dicodusport.fr\/blog\/#\/schema\/logo\/image\/\",\"url\":\"https:\/\/dicodusport.fr\/blog\/wp-content\/uploads\/2020\/06\/cropped-LOGO-DICODUSPORT-2020-SANS-FOND-SANS-TEXTE.png\",\"contentUrl\":\"https:\/\/dicodusport.fr\/blog\/wp-content\/uploads\/2020\/06\/cropped-LOGO-DICODUSPORT-2020-SANS-FOND-SANS-TEXTE.png\",\"width\":512,\"height\":512,\"caption\":\"Dicodusport\"},\"image\":{\"@id\":\"https:\/\/dicodusport.fr\/blog\/#\/schema\/logo\/image\/\"},\"sameAs\":[\"https:\/\/www.facebook.com\/dicodusport\",\"https:\/\/x.com\/dicodusport\",\"https:\/\/www.instagram.com\/dicodusport\/\",\"https:\/\/www.youtube.com\/channel\/UC7V2KZ5sd3htJivAbA4ZG3w\"],\"description\":\"Dicodusport est l'encyclop\u00e9die de l'actualit\u00e9 sportive.\",\"email\":\"bonjour@dicodusport.fr\",\"legalName\":\"DICODUSPORT\",\"foundingDate\":\"2018-01-14\",\"vatID\":\"FR71834470973\",\"taxID\":\"83447097300043\",\"numberOfEmployees\":{\"@type\":\"QuantitativeValue\",\"minValue\":\"1\",\"maxValue\":\"10\"}},{\"@type\":\"Person\",\"@id\":\"https:\/\/dicodusport.fr\/blog\/#\/schema\/person\/55dcb50ad410894e431ed812bbb70191\",\"name\":\"Nicolas Jacquemard\",\"image\":{\"@type\":\"ImageObject\",\"inLanguage\":\"fr-FR\",\"@id\":\"https:\/\/dicodusport.fr\/blog\/#\/schema\/person\/image\/\",\"url\":\"https:\/\/dicodusport.fr\/blog\/wp-content\/uploads\/2021\/05\/Nicolas-Jacquemard-150x150.jpeg\",\"contentUrl\":\"https:\/\/dicodusport.fr\/blog\/wp-content\/uploads\/2021\/05\/Nicolas-Jacquemard-150x150.jpeg\",\"caption\":\"Nicolas Jacquemard\"},\"description\":\"Passionn\u00e9 de sport et entrepreneur depuis mes 18 ans, la cr\u00e9ation de Dicodusport m'a sembl\u00e9 \u00e9vidente pour participer \u00e0 la m\u00e9diatisation d'un plus grand nombre de sports. Le chemin est long mais avec une \u00e9quipe des plus motiv\u00e9es et les Jeux Olympiques de Paris 2024 en point de mire, nous y arriverons ! Journaliste dans le monde du sport depuis plus de 5 ans, je traite aussi bien de football, de rugby, de biathlon que de cyclisme.\",\"sameAs\":[\"https:\/\/www.facebook.com\/dicodusport\",\"https:\/\/x.com\/https:\/\/twitter.com\/Nico_Jacquemard\"],\"url\":\"https:\/\/dicodusport.fr\/blog\/author\/dicodusport\/\"}]}<\/script>\n<!-- \/ Yoast SEO Premium plugin. -->","yoast_head_json":{"title":"Peter Sagan : \"Peut-\u00eatre que je vais gagner les Mondiaux et prendre ma retraite\"","description":"MONDIAUX SUR ROUTE 2022 - Dans un long entretien accord\u00e9 \u00e0 CyclingNews, Peter Sagan s'est montr\u00e9 ambitieux pour les Mondiaux en Australie.","robots":{"index":"index","follow":"follow","max-snippet":"max-snippet:-1","max-image-preview":"max-image-preview:large","max-video-preview":"max-video-preview:-1"},"canonical":"https:\/\/dicodusport.fr\/blog\/peter-sagan-peut-etre-que-je-vais-gagner-les-mondiaux-et-prendre-ma-retraite\/","og_locale":"fr_FR","og_type":"article","og_title":"Peter Sagan : \"Peut-\u00eatre que je vais gagner les Mondiaux et prendre ma retraite\"","og_description":"MONDIAUX SUR ROUTE 2022 - Dans un long entretien accord\u00e9 \u00e0 CyclingNews, Peter Sagan s'est montr\u00e9 ambitieux pour les Mondiaux en Australie.","og_url":"https:\/\/dicodusport.fr\/blog\/peter-sagan-peut-etre-que-je-vais-gagner-les-mondiaux-et-prendre-ma-retraite\/","og_site_name":"Dicodusport","article_publisher":"https:\/\/www.facebook.com\/dicodusport","article_author":"https:\/\/www.facebook.com\/dicodusport","article_published_time":"2022-09-20T11:35:36+00:00","article_modified_time":"2022-09-20T17:01:09+00:00","og_image":[{"width":800,"height":445,"url":"https:\/\/dicodusport.fr\/blog\/wp-content\/uploads\/2022\/09\/Peter-Sagan-Peut-e\u0302tre-que-je-vais-gagner-les-Mondiaux-et-prendre-ma-retraite.png","type":"image\/png"}],"author":"Nicolas Jacquemard","twitter_card":"summary_large_image","twitter_title":"Peter Sagan : \"Peut-\u00eatre que je vais gagner les Mondiaux et prendre ma retraite\"","twitter_creator":"@https:\/\/twitter.com\/Nico_Jacquemard","twitter_site":"@dicodusport","schema":{"@context":"https:\/\/schema.org","@graph":[{"@type":"NewsArticle","@id":"https:\/\/dicodusport.fr\/blog\/peter-sagan-peut-etre-que-je-vais-gagner-les-mondiaux-et-prendre-ma-retraite\/#article","isPartOf":{"@id":"https:\/\/dicodusport.fr\/blog\/peter-sagan-peut-etre-que-je-vais-gagner-les-mondiaux-et-prendre-ma-retraite\/"},"author":{"name":"Nicolas Jacquemard","@id":"https:\/\/dicodusport.fr\/blog\/#\/schema\/person\/55dcb50ad410894e431ed812bbb70191"},"headline":"Peter Sagan : \u00ab\u00a0Peut-\u00eatre que je vais gagner les Mondiaux et prendre ma retraite\u00a0\u00bb","datePublished":"2022-09-20T11:35:36+00:00","dateModified":"2022-09-20T17:01:09+00:00","mainEntityOfPage":{"@id":"https:\/\/dicodusport.fr\/blog\/peter-sagan-peut-etre-que-je-vais-gagner-les-mondiaux-et-prendre-ma-retraite\/"},"wordCount":279,"commentCount":0,"publisher":{"@id":"https:\/\/dicodusport.fr\/blog\/#organization"},"image":{"@id":"https:\/\/dicodusport.fr\/blog\/peter-sagan-peut-etre-que-je-vais-gagner-les-mondiaux-et-prendre-ma-retraite\/#primaryimage"},"thumbnailUrl":"https:\/\/dicodusport.fr\/blog\/wp-content\/uploads\/2022\/09\/Peter-Sagan-Peut-e\u0302tre-que-je-vais-gagner-les-Mondiaux-et-prendre-ma-retraite.png","keywords":["Peter Sagan","Sagan"],"articleSection":["Cyclisme sur route"],"inLanguage":"fr-FR","potentialAction":[{"@type":"CommentAction","name":"Comment","target":["https:\/\/dicodusport.fr\/blog\/peter-sagan-peut-etre-que-je-vais-gagner-les-mondiaux-et-prendre-ma-retraite\/#respond"]}],"copyrightYear":"2022","copyrightHolder":{"@id":"https:\/\/dicodusport.fr\/blog\/#organization"}},{"@type":"WebPage","@id":"https:\/\/dicodusport.fr\/blog\/peter-sagan-peut-etre-que-je-vais-gagner-les-mondiaux-et-prendre-ma-retraite\/","url":"https:\/\/dicodusport.fr\/blog\/peter-sagan-peut-etre-que-je-vais-gagner-les-mondiaux-et-prendre-ma-retraite\/","name":"Peter Sagan : \"Peut-\u00eatre que je vais gagner les Mondiaux et prendre ma retraite\"","isPartOf":{"@id":"https:\/\/dicodusport.fr\/blog\/#website"},"primaryImageOfPage":{"@id":"https:\/\/dicodusport.fr\/blog\/peter-sagan-peut-etre-que-je-vais-gagner-les-mondiaux-et-prendre-ma-retraite\/#primaryimage"},"image":{"@id":"https:\/\/dicodusport.fr\/blog\/peter-sagan-peut-etre-que-je-vais-gagner-les-mondiaux-et-prendre-ma-retraite\/#primaryimage"},"thumbnailUrl":"https:\/\/dicodusport.fr\/blog\/wp-content\/uploads\/2022\/09\/Peter-Sagan-Peut-e\u0302tre-que-je-vais-gagner-les-Mondiaux-et-prendre-ma-retraite.png","datePublished":"2022-09-20T11:35:36+00:00","dateModified":"2022-09-20T17:01:09+00:00","description":"MONDIAUX SUR ROUTE 2022 - Dans un long entretien accord\u00e9 \u00e0 CyclingNews, Peter Sagan s'est montr\u00e9 ambitieux pour les Mondiaux en Australie.","breadcrumb":{"@id":"https:\/\/dicodusport.fr\/blog\/peter-sagan-peut-etre-que-je-vais-gagner-les-mondiaux-et-prendre-ma-retraite\/#breadcrumb"},"inLanguage":"fr-FR","potentialAction":[{"@type":"ReadAction","target":["https:\/\/dicodusport.fr\/blog\/peter-sagan-peut-etre-que-je-vais-gagner-les-mondiaux-et-prendre-ma-retraite\/"]}]},{"@type":"ImageObject","inLanguage":"fr-FR","@id":"https:\/\/dicodusport.fr\/blog\/peter-sagan-peut-etre-que-je-vais-gagner-les-mondiaux-et-prendre-ma-retraite\/#primaryimage","url":"https:\/\/dicodusport.fr\/blog\/wp-content\/uploads\/2022\/09\/Peter-Sagan-Peut-e\u0302tre-que-je-vais-gagner-les-Mondiaux-et-prendre-ma-retraite.png","contentUrl":"https:\/\/dicodusport.fr\/blog\/wp-content\/uploads\/2022\/09\/Peter-Sagan-Peut-e\u0302tre-que-je-vais-gagner-les-Mondiaux-et-prendre-ma-retraite.png","width":800,"height":445},{"@type":"BreadcrumbList","@id":"https:\/\/dicodusport.fr\/blog\/peter-sagan-peut-etre-que-je-vais-gagner-les-mondiaux-et-prendre-ma-retraite\/#breadcrumb","itemListElement":[{"@type":"ListItem","position":1,"name":"Accueil","item":"https:\/\/dicodusport.fr\/blog\/"},{"@type":"ListItem","position":2,"name":"Peter Sagan : \u00ab\u00a0Peut-\u00eatre que je vais gagner les Mondiaux et prendre ma retraite\u00a0\u00bb"}]},{"@type":"WebSite","@id":"https:\/\/dicodusport.fr\/blog\/#website","url":"https:\/\/dicodusport.fr\/blog\/","name":"Dicodusport","description":"L&#039;encyclop\u00e9die de l&#039;actualit\u00e9 sportive","publisher":{"@id":"https:\/\/dicodusport.fr\/blog\/#organization"},"potentialAction":[{"@type":"SearchAction","target":{"@type":"EntryPoint","urlTemplate":"https:\/\/dicodusport.fr\/blog\/?s={search_term_string}"},"query-input":{"@type":"PropertyValueSpecification","valueRequired":true,"valueName":"search_term_string"}}],"inLanguage":"fr-FR"},{"@type":"NewsMediaOrganization","@id":"https:\/\/dicodusport.fr\/blog\/#organization","name":"Dicodusport","url":"https:\/\/dicodusport.fr\/blog\/","logo":{"@type":"ImageObject","inLanguage":"fr-FR","@id":"https:\/\/dicodusport.fr\/blog\/#\/schema\/logo\/image\/","url":"https:\/\/dicodusport.fr\/blog\/wp-content\/uploads\/2020\/06\/cropped-LOGO-DICODUSPORT-2020-SANS-FOND-SANS-TEXTE.png","contentUrl":"https:\/\/dicodusport.fr\/blog\/wp-content\/uploads\/2020\/06\/cropped-LOGO-DICODUSPORT-2020-SANS-FOND-SANS-TEXTE.png","width":512,"height":512,"caption":"Dicodusport"},"image":{"@id":"https:\/\/dicodusport.fr\/blog\/#\/schema\/logo\/image\/"},"sameAs":["https:\/\/www.facebook.com\/dicodusport","https:\/\/x.com\/dicodusport","https:\/\/www.instagram.com\/dicodusport\/","https:\/\/www.youtube.com\/channel\/UC7V2KZ5sd3htJivAbA4ZG3w"],"description":"Dicodusport est l'encyclop\u00e9die de l'actualit\u00e9 sportive.","email":"bonjour@dicodusport.fr","legalName":"DICODUSPORT","foundingDate":"2018-01-14","vatID":"FR71834470973","taxID":"83447097300043","numberOfEmployees":{"@type":"QuantitativeValue","minValue":"1","maxValue":"10"}},{"@type":"Person","@id":"https:\/\/dicodusport.fr\/blog\/#\/schema\/person\/55dcb50ad410894e431ed812bbb70191","name":"Nicolas Jacquemard","image":{"@type":"ImageObject","inLanguage":"fr-FR","@id":"https:\/\/dicodusport.fr\/blog\/#\/schema\/person\/image\/","url":"https:\/\/dicodusport.fr\/blog\/wp-content\/uploads\/2021\/05\/Nicolas-Jacquemard-150x150.jpeg","contentUrl":"https:\/\/dicodusport.fr\/blog\/wp-content\/uploads\/2021\/05\/Nicolas-Jacquemard-150x150.jpeg","caption":"Nicolas Jacquemard"},"description":"Passionn\u00e9 de sport et entrepreneur depuis mes 18 ans, la cr\u00e9ation de Dicodusport m'a sembl\u00e9 \u00e9vidente pour participer \u00e0 la m\u00e9diatisation d'un plus grand nombre de sports. Le chemin est long mais avec une \u00e9quipe des plus motiv\u00e9es et les Jeux Olympiques de Paris 2024 en point de mire, nous y arriverons ! Journaliste dans le monde du sport depuis plus de 5 ans, je traite aussi bien de football, de rugby, de biathlon que de cyclisme.","sameAs":["https:\/\/www.facebook.com\/dicodusport","https:\/\/x.com\/https:\/\/twitter.com\/Nico_Jacquemard"],"url":"https:\/\/dicodusport.fr\/blog\/author\/dicodusport\/"}]}},"_links":{"self":[{"href":"https:\/\/dicodusport.fr\/blog\/wp-json\/wp\/v2\/posts\/263763","targetHints":{"allow":["GET"]}}],"collection":[{"href":"https:\/\/dicodusport.fr\/blog\/wp-json\/wp\/v2\/posts"}],"about":[{"href":"https:\/\/dicodusport.fr\/blog\/wp-json\/wp\/v2\/types\/post"}],"author":[{"embeddable":true,"href":"https:\/\/dicodusport.fr\/blog\/wp-json\/wp\/v2\/users\/1"}],"replies":[{"embeddable":true,"href":"https:\/\/dicodusport.fr\/blog\/wp-json\/wp\/v2\/comments?post=263763"}],"version-history":[{"count":0,"href":"https:\/\/dicodusport.fr\/blog\/wp-json\/wp\/v2\/posts\/263763\/revisions"}],"wp:featuredmedia":[{"embeddable":true,"href":"https:\/\/dicodusport.fr\/blog\/wp-json\/wp\/v2\/media\/263769"}],"wp:attachment":[{"href":"https:\/\/dicodusport.fr\/blog\/wp-json\/wp\/v2\/media?parent=263763"}],"wp:term":[{"taxonomy":"category","embeddable":true,"href":"https:\/\/dicodusport.fr\/blog\/wp-json\/wp\/v2\/categories?post=263763"},{"taxonomy":"post_tag","embeddable":true,"href":"https:\/\/dicodusport.fr\/blog\/wp-json\/wp\/v2\/tags?post=263763"}],"curies":[{"name":"wp","href":"https:\/\/api.w.org\/{rel}","templated":true}]}}