{"id":263828,"date":"2022-09-20T20:58:32","date_gmt":"2022-09-20T18:58:32","guid":{"rendered":"https:\/\/dicodusport.fr\/blog\/?p=263828&#038;preview=true&#038;preview_id=263828"},"modified":"2022-09-20T22:19:38","modified_gmt":"2022-09-20T20:19:38","slug":"mondiaux-cyclisme-2022-engages-ordre-et-horaires-de-depart-du-relais-mixte","status":"publish","type":"post","link":"https:\/\/dicodusport.fr\/blog\/mondiaux-cyclisme-2022-engages-ordre-et-horaires-de-depart-du-relais-mixte\/","title":{"rendered":"Mondiaux Cyclisme 2022 : Engag\u00e9s, ordre et horaires de d\u00e9part du relais mixte"},"content":{"rendered":"<p style=\"text-align: justify;\"><strong><em><a href=\"https:\/\/dicodusport.fr\/blog\/mondiaux-cyclisme-2022-programme-complet-et-resultats\/\">MONDIAUX CYCLISME SUR ROUTE 2022<\/a> &#8211; D\u00e9couvrez les engag\u00e9s et l&rsquo;ordre de d\u00e9part du contre-la-montre du relais mixte (28,2 km), qui se d\u00e9roule le mercredi 21 septembre. 16 nations ou \u00e9quipes se disputeront les trois m\u00e9dailles.<\/em><\/strong><\/p>\n<h2 style=\"text-align: justify;\">Engag\u00e9s et Ordre de d\u00e9part du relais mixte des Championnats du monde 2022<\/h2>\n<table class=\"basic \" style=\"width: 810px; font-size: 0.9em;\">\n<tbody>\n<tr style=\"background-color: #000000;\">\n<td style=\"width: 10px; background-color: #000000; text-align: center; vertical-align: middle;\"><span style=\"color: #ffff00;\"><strong>#<\/strong><\/span><\/td>\n<td style=\"width: 90px; background-color: #000000; text-align: center; vertical-align: middle;\"><span style=\"color: #ffff00;\"><strong>Nations<\/strong><\/span><\/td>\n<td style=\"width: 90px; background-color: #000000; text-align: center; vertical-align: middle;\"><span style=\"color: #ffff00;\"><strong>Heure de d\u00e9part<\/strong><\/span><\/td>\n<td style=\"width: 280px; background-color: #000000; text-align: center; vertical-align: middle;\"><span style=\"color: #ffff00;\"><strong>Coureurs-reuses<\/strong><\/span><\/td>\n<\/tr>\n<tr>\n<td style=\"width: 10px; text-align: center;\">1<\/td>\n<td style=\"width: 90px; text-align: center;\">\u00a0Tahiti<\/td>\n<td style=\"width: 90px; text-align: center;\">6:23:00<\/td>\n<td style=\"width: 280px; text-align: center;\">\n<ul>\n<li><span class=\"\">KRAINER Taruia<\/span><\/li>\n<li><span class=\"\">ENDELER Kahiri<\/span><\/li>\n<li><span class=\"\">POULAIN Teva<\/span><\/li>\n<li><span class=\"\">TOUFFET \u00c9lodie<\/span><\/li>\n<li><span class=\"\">CRAWFORD Kylie<\/span><\/li>\n<li><span class=\"\">HAPAIRAI Tekau<\/span><\/li>\n<\/ul>\n<\/td>\n<\/tr>\n<tr>\n<td style=\"width: 10px; text-align: center;\">2<\/td>\n<td style=\"width: 90px; text-align: center;\">\u00a0Nouvelle-Cal\u00e9donie<\/td>\n<td style=\"width: 90px; text-align: center;\">6:27:00<\/td>\n<td style=\"width: 280px; text-align: center;\">\n<ul>\n<li><span class=\"\">LACHENY Rayann<\/span><\/li>\n<li><span class=\"\">BARKET Florian<\/span><\/li>\n<li><span class=\"\">SCHAVITS David<\/span><\/li>\n<li><span class=\"\">BRASSEUR Manon<\/span><\/li>\n<li><span class=\"\">GAYRAL Sandra<\/span><\/li>\n<li><span class=\"\">TH\u00c9MEREAU Patricia<\/span><\/li>\n<\/ul>\n<\/td>\n<\/tr>\n<tr>\n<td style=\"width: 10px; text-align: center;\">3<\/td>\n<td style=\"width: 90px; text-align: center;\">\u00a0Samoa<\/td>\n<td style=\"width: 90px; text-align: center;\">6:31:00<\/td>\n<td style=\"width: 280px; text-align: center;\">\n<ul>\n<li><span class=\"\">KHAN Raea<\/span><\/li>\n<li><span class=\"\">COLLINS Wally<\/span><\/li>\n<li><span class=\"\">MULITALO Gideon<\/span><\/li>\n<li><span class=\"\">HARRIS-BLAIN Pearl<\/span><\/li>\n<li><span class=\"\">AFOA Jordan<\/span><\/li>\n<li><span class=\"\">MULITALO Urlin<\/span><\/li>\n<\/ul>\n<\/td>\n<\/tr>\n<tr>\n<td style=\"width: 10px; text-align: center;\">4<\/td>\n<td style=\"width: 90px; text-align: center;\">\u00a0WCC Team<\/td>\n<td style=\"width: 90px; text-align: center;\">6:35:00<\/td>\n<td style=\"width: 280px; text-align: center;\">\n<ul>\n<li><span class=\"\">AMARI Hamza<\/span><\/li>\n<li><span class=\"\">ABREHA Negasi Haylu<\/span><\/li>\n<li><span class=\"\">ROGORA Kiya<\/span><\/li>\n<li><span class=\"\">AMHA Selam<\/span><\/li>\n<li><span class=\"\">LE ROUX Maude<\/span><\/li>\n<li><span class=\"\">HOUILI Nesrine<\/span><\/li>\n<\/ul>\n<\/td>\n<\/tr>\n<tr>\n<td style=\"width: 10px; text-align: center;\">5<\/td>\n<td style=\"width: 90px; text-align: center;\">\u00a0Ukraine<\/td>\n<td style=\"width: 90px; text-align: center;\">7:00:00<\/td>\n<td style=\"width: 280px; text-align: center;\">\n<ul>\n<li><span class=\"\">BUTS Vitaliy<\/span><\/li>\n<li><span class=\"\">KONONENKO Mykhaylo<\/span><\/li>\n<li><span class=\"\">NOVAKOWSKYI Vitalii<\/span><\/li>\n<li><span class=\"\">NAHULIAK Daryna<\/span><\/li>\n<li><span class=\"\">VARENYK Maryna<\/span><\/li>\n<li><span class=\"\">SEMIONOVA Iryna<\/span><\/li>\n<\/ul>\n<\/td>\n<\/tr>\n<tr>\n<td style=\"width: 10px; text-align: center;\">6<\/td>\n<td style=\"width: 90px; text-align: center;\">\u00a0Australie<\/td>\n<td style=\"width: 90px; text-align: center;\">7:04:00<\/td>\n<td style=\"width: 280px; text-align: center;\">\n<ul>\n<li><span class=\"\">MATTHEWS Michael<\/span><\/li>\n<li><span class=\"\">PLAPP Luke<\/span><\/li>\n<li><span class=\"\">DURBRIDGE Luke<\/span><\/li>\n<li><span class=\"\">BAKER Georgia<\/span><\/li>\n<li><span class=\"\">MANLY Alexandra<\/span><\/li>\n<li><span class=\"\">ROY Sarah<\/span><\/li>\n<\/ul>\n<\/td>\n<\/tr>\n<tr>\n<td style=\"width: 10px; text-align: center;\">7<\/td>\n<td style=\"width: 90px; text-align: center;\">\u00a0Autriche<\/td>\n<td style=\"width: 90px; text-align: center;\">7:08:00<\/td>\n<td style=\"width: 280px; text-align: center;\">\n<ul>\n<li><span class=\"\">BAYER Tobias<\/span><\/li>\n<li><span class=\"\">SCH\u00d6NBERGER Sebastian<\/span><\/li>\n<li><span class=\"\">GALL Felix<\/span><\/li>\n<li><span class=\"\">SCHWEINBERGER Christina<\/span><\/li>\n<li><span class=\"\">KIESENHOFER Anna<\/span><\/li>\n<li><span class=\"\">SCHREMPF Carina<\/span><\/li>\n<\/ul>\n<\/td>\n<\/tr>\n<tr>\n<td style=\"width: 10px; text-align: center;\">8<\/td>\n<td style=\"width: 90px; text-align: center;\">Espagne<\/td>\n<td style=\"width: 90px; text-align: center;\">7:12:00<\/td>\n<td style=\"width: 280px; text-align: center;\">\n<ul>\n<li><span class=\"\">LAZKANO Oier<\/span><\/li>\n<li><span class=\"\">GARC\u00cdA PIERNA Ra\u00fal<\/span><\/li>\n<li><span class=\"\">ROMEO Iv\u00e1n<\/span><\/li>\n<li><span class=\"\">OYARBIDE Lourdes<\/span><\/li>\n<li><span class=\"\">ALONSO Sandra<\/span><\/li>\n<li><span class=\"\">ERASO Idoia<\/span><\/li>\n<\/ul>\n<\/td>\n<\/tr>\n<tr>\n<td style=\"width: 10px; text-align: center;\">9<\/td>\n<td style=\"width: 90px; text-align: center;\">\u00a0Pologne<\/td>\n<td style=\"width: 90px; text-align: center;\">7:37:00<\/td>\n<td style=\"width: 280px; text-align: center;\">\n<ul>\n<li><span class=\"\">GAJDULEWICZ Mateusz<\/span><\/li>\n<li><span class=\"\">BODNAR Maciej<\/span><\/li>\n<li><span class=\"\">GIERYK Kacper<\/span><\/li>\n<li><span class=\"\">WLODARCZYK Dominika<\/span><\/li>\n<li><span class=\"\">SKALNIAK-S\u00d3JKA Agnieszka<\/span><\/li>\n<li><span class=\"\">JASKULSKA Marta<\/span><\/li>\n<\/ul>\n<\/td>\n<\/tr>\n<tr>\n<td style=\"width: 10px; text-align: center;\">10<\/td>\n<td style=\"width: 90px; text-align: center;\">\u00a0France<\/td>\n<td style=\"width: 90px; text-align: center;\">7:41:00<\/td>\n<td style=\"width: 280px; text-align: center;\">\n<ul>\n<li><span class=\"\">LE HUITOUZE Eddy<\/span><\/li>\n<li><span class=\"\">ARMIRAIL Bruno<\/span><\/li>\n<li><span class=\"\">CAVAGNA R\u00e9mi<\/span><\/li>\n<li><span class=\"\">BIANNIC Aude<\/span><\/li>\n<li><span class=\"\">DEMAY Coralie<\/span><\/li>\n<li><span class=\"\">LABOUS Juliette<\/span><\/li>\n<\/ul>\n<\/td>\n<\/tr>\n<tr>\n<td style=\"width: 10px; text-align: center;\">11<\/td>\n<td style=\"width: 90px; text-align: center;\">\u00a0Belgique<\/td>\n<td style=\"width: 90px; text-align: center;\">7:45:00<\/td>\n<td style=\"width: 280px; text-align: center;\">\n<ul>\n<li><span class=\"\">VAN HOOYDONCK Nathan<\/span><\/li>\n<li><span class=\"\">HERMANS Quinten<\/span><\/li>\n<li><span class=\"\">SERRY Pieter<\/span><\/li>\n<li><span class=\"\">DE WILDE Julie<\/span><\/li>\n<li><span class=\"\">VANDENBULCKE Jesse<\/span><\/li>\n<li><span class=\"\">DEMEY Valerie<\/span><\/li>\n<\/ul>\n<\/td>\n<\/tr>\n<tr>\n<td style=\"width: 10px; text-align: center;\">12<\/td>\n<td style=\"width: 90px; text-align: center;\">\u00a0Danemark<\/td>\n<td style=\"width: 90px; text-align: center;\">7:49:00<\/td>\n<td style=\"width: 280px; text-align: center;\">\n<ul>\n<li><span class=\"\">CORT Magnus<\/span><\/li>\n<li><span class=\"\">HONOR\u00c9 Mikkel Fr\u00f8lich<\/span><\/li>\n<li><span class=\"\">BJERG Mikkel<\/span><\/li>\n<li><span class=\"\">LETH Julie<\/span><\/li>\n<li><span class=\"\">KOERNER Rebecca<\/span><\/li>\n<li><span class=\"\">NORSGAARD Emma<\/span><\/li>\n<\/ul>\n<\/td>\n<\/tr>\n<tr>\n<td style=\"width: 10px; text-align: center;\">13<\/td>\n<td style=\"width: 90px; text-align: center;\">\u00a0Suisse<\/td>\n<td style=\"width: 90px; text-align: center;\">8:14:00<\/td>\n<td style=\"width: 280px; text-align: center;\">\n<ul>\n<li><span class=\"\">SCHMID Mauro<\/span><\/li>\n<li><span class=\"\">K\u00dcNG Stefan<\/span><\/li>\n<li><span class=\"\">BISSEGGER Stefan<\/span><\/li>\n<li><span class=\"\">CHABBEY Elise<\/span><\/li>\n<li><span class=\"\">REUSSER Marlen<\/span><\/li>\n<li><span class=\"\">KOLLER Nicole<\/span><\/li>\n<\/ul>\n<\/td>\n<\/tr>\n<tr>\n<td style=\"width: 10px; text-align: center;\">14<\/td>\n<td style=\"width: 90px; text-align: center;\">\u00a0Italie<\/td>\n<td style=\"width: 90px; text-align: center;\">8:18:00<\/td>\n<td style=\"width: 280px; text-align: center;\">\n<ul>\n<li><span class=\"\">AFFINI Edoardo<\/span><\/li>\n<li><span class=\"\">SOBRERO Matteo<\/span><\/li>\n<li><span class=\"\">GANNA Filippo<\/span><\/li>\n<li><span class=\"\">LONGO BORGHINI Elisa<\/span><\/li>\n<li><span class=\"\">CECCHINI Elena<\/span><\/li>\n<li><span class=\"\">GUAZZINI Vittoria<\/span><\/li>\n<\/ul>\n<\/td>\n<\/tr>\n<tr>\n<td style=\"width: 10px; text-align: center;\">15<\/td>\n<td style=\"width: 90px; text-align: center;\">Pays-Bas<\/td>\n<td style=\"width: 90px; text-align: center;\">8:22:00<\/td>\n<td style=\"width: 280px; text-align: center;\">\n<ul>\n<li><span class=\"\">MOLLEMA Bauke<\/span><\/li>\n<li><span class=\"\">VAN DER POEL Mathieu<\/span><\/li>\n<li><span class=\"\">HOOLE Daan<\/span><\/li>\n<li><span class=\"\">MARKUS Riejanne<\/span><\/li>\n<li><span class=\"\">VAN VLEUTEN Annemiek<\/span><\/li>\n<li><span class=\"\">VAN DIJK Ellen<\/span><\/li>\n<\/ul>\n<\/td>\n<\/tr>\n<tr>\n<td style=\"width: 10px; text-align: center;\">16<\/td>\n<td style=\"width: 90px; text-align: center;\">\u00a0Allemagne<\/td>\n<td style=\"width: 90px; text-align: center;\">8:26:00<\/td>\n<td style=\"width: 280px; text-align: center;\">\n<ul>\n<li><span class=\"\">HEIDEMANN Miguel<\/span><\/li>\n<li><span class=\"\">STEIMLE Jannik<\/span><\/li>\n<li><span class=\"\">ARNDT Nikias<\/span><\/li>\n<li><span class=\"\">LIPPERT Liane<\/span><\/li>\n<li><span class=\"\">KR\u00d6GER Mieke<\/span><\/li>\n<li><span class=\"\">KASPER Romy<\/span><\/li>\n<\/ul>\n<\/td>\n<\/tr>\n<\/tbody>\n<\/table>\n<h2 style=\"text-align: justify;\">\u00c0 lire aussi<\/h2>\n<ul>\n<li style=\"text-align: justify;\"><a href=\"https:\/\/dicodusport.fr\/blog\/tableau-des-medailles-championnats-du-monde-cyclisme-sur-route-2022\/\"><b>Tableau des m\u00e9dailles des championnats du monde de cyclisme sur route<\/b><\/a><\/li>\n<\/ul>\n","protected":false},"excerpt":{"rendered":"<p>MONDIAUX CYCLISME SUR ROUTE 2022 &#8211; D\u00e9couvrez les engag\u00e9s et l&rsquo;ordre de d\u00e9part du contre-la-montre du relais mixte (28,2 km), qui se d\u00e9roule le mercredi 20 septembre. 16 nations ou \u00e9quipes se disputeront les trois m\u00e9dailles.<\/p>\n","protected":false},"author":4,"featured_media":263832,"comment_status":"open","ping_status":"closed","sticky":false,"template":"","format":"standard","meta":{"_acf_changed":false,"_daextam_enable_autolinks":"","footnotes":""},"categories":[46994],"tags":[574,26703],"class_list":["post-263828","post","type-post","status-publish","format-standard","has-post-thumbnail","hentry","category-cyclisme-sur-route","tag-cyclisme","tag-wollongong"],"acf":[],"yoast_head":"<!-- This site is optimized with the Yoast SEO Premium plugin v26.7 (Yoast SEO v26.7) - https:\/\/yoast.com\/wordpress\/plugins\/seo\/ -->\n<title>Mondiaux Cyclisme 2022 : Engag\u00e9s, ordre et horaires de d\u00e9part du relais mixte<\/title>\n<meta name=\"description\" content=\"MONDIAUX CYCLISME SUR ROUTE 2022 - D\u00e9couvrez les engag\u00e9s et l&#039;ordre de d\u00e9part du contre-la-montre du relais mixte.\" \/>\n<meta name=\"robots\" content=\"index, follow, max-snippet:-1, max-image-preview:large, max-video-preview:-1\" \/>\n<link rel=\"canonical\" href=\"https:\/\/dicodusport.fr\/blog\/mondiaux-cyclisme-2022-engages-ordre-et-horaires-de-depart-du-relais-mixte\/\" \/>\n<meta property=\"og:locale\" content=\"fr_FR\" \/>\n<meta property=\"og:type\" content=\"article\" \/>\n<meta property=\"og:title\" content=\"Mondiaux Cyclisme 2022 : Engag\u00e9s, ordre et horaires de d\u00e9part du relais mixte\" \/>\n<meta property=\"og:description\" content=\"MONDIAUX CYCLISME SUR ROUTE 2022 - D\u00e9couvrez les engag\u00e9s et l&#039;ordre de d\u00e9part du contre-la-montre du relais mixte.\" \/>\n<meta property=\"og:url\" content=\"https:\/\/dicodusport.fr\/blog\/mondiaux-cyclisme-2022-engages-ordre-et-horaires-de-depart-du-relais-mixte\/\" \/>\n<meta property=\"og:site_name\" content=\"Dicodusport\" \/>\n<meta property=\"article:publisher\" content=\"https:\/\/www.facebook.com\/dicodusport\" \/>\n<meta property=\"article:author\" content=\"https:\/\/www.facebook.com\/florent.ostermann\" \/>\n<meta property=\"article:published_time\" content=\"2022-09-20T18:58:32+00:00\" \/>\n<meta property=\"article:modified_time\" content=\"2022-09-20T20:19:38+00:00\" \/>\n<meta property=\"og:image\" content=\"https:\/\/dicodusport.fr\/blog\/wp-content\/uploads\/2022\/09\/Mondiaux-Cyclisme-2022-Engages-ordre-et-horaires-de-depart-du-relais-mixte.png\" \/>\n\t<meta property=\"og:image:width\" content=\"800\" \/>\n\t<meta property=\"og:image:height\" content=\"445\" \/>\n\t<meta property=\"og:image:type\" content=\"image\/png\" \/>\n<meta name=\"author\" content=\"Flo Ostermann\" \/>\n<meta name=\"twitter:card\" content=\"summary_large_image\" \/>\n<meta name=\"twitter:title\" content=\"Mondiaux Cyclisme 2022 : Engag\u00e9s, ordre et horaires de d\u00e9part du relais mixte\" \/>\n<meta name=\"twitter:creator\" content=\"@https:\/\/twitter.com\/FlOstermann\" \/>\n<meta name=\"twitter:site\" content=\"@dicodusport\" \/>\n<script type=\"application\/ld+json\" class=\"yoast-schema-graph\">{\"@context\":\"https:\/\/schema.org\",\"@graph\":[{\"@type\":\"NewsArticle\",\"@id\":\"https:\/\/dicodusport.fr\/blog\/mondiaux-cyclisme-2022-engages-ordre-et-horaires-de-depart-du-relais-mixte\/#article\",\"isPartOf\":{\"@id\":\"https:\/\/dicodusport.fr\/blog\/mondiaux-cyclisme-2022-engages-ordre-et-horaires-de-depart-du-relais-mixte\/\"},\"author\":{\"name\":\"Flo Ostermann\",\"@id\":\"https:\/\/dicodusport.fr\/blog\/#\/schema\/person\/cb02af4c173ce4a653b55e9baf388d4a\"},\"headline\":\"Mondiaux Cyclisme 2022 : Engag\u00e9s, ordre et horaires de d\u00e9part du relais mixte\",\"datePublished\":\"2022-09-20T18:58:32+00:00\",\"dateModified\":\"2022-09-20T20:19:38+00:00\",\"mainEntityOfPage\":{\"@id\":\"https:\/\/dicodusport.fr\/blog\/mondiaux-cyclisme-2022-engages-ordre-et-horaires-de-depart-du-relais-mixte\/\"},\"wordCount\":317,\"commentCount\":0,\"publisher\":{\"@id\":\"https:\/\/dicodusport.fr\/blog\/#organization\"},\"image\":{\"@id\":\"https:\/\/dicodusport.fr\/blog\/mondiaux-cyclisme-2022-engages-ordre-et-horaires-de-depart-du-relais-mixte\/#primaryimage\"},\"thumbnailUrl\":\"https:\/\/dicodusport.fr\/blog\/wp-content\/uploads\/2022\/09\/Mondiaux-Cyclisme-2022-Engages-ordre-et-horaires-de-depart-du-relais-mixte.png\",\"keywords\":[\"Cyclisme\",\"Wollongong\"],\"articleSection\":[\"Cyclisme sur route\"],\"inLanguage\":\"fr-FR\",\"potentialAction\":[{\"@type\":\"CommentAction\",\"name\":\"Comment\",\"target\":[\"https:\/\/dicodusport.fr\/blog\/mondiaux-cyclisme-2022-engages-ordre-et-horaires-de-depart-du-relais-mixte\/#respond\"]}],\"copyrightYear\":\"2022\",\"copyrightHolder\":{\"@id\":\"https:\/\/dicodusport.fr\/blog\/#organization\"}},{\"@type\":\"WebPage\",\"@id\":\"https:\/\/dicodusport.fr\/blog\/mondiaux-cyclisme-2022-engages-ordre-et-horaires-de-depart-du-relais-mixte\/\",\"url\":\"https:\/\/dicodusport.fr\/blog\/mondiaux-cyclisme-2022-engages-ordre-et-horaires-de-depart-du-relais-mixte\/\",\"name\":\"Mondiaux Cyclisme 2022 : Engag\u00e9s, ordre et horaires de d\u00e9part du relais mixte\",\"isPartOf\":{\"@id\":\"https:\/\/dicodusport.fr\/blog\/#website\"},\"primaryImageOfPage\":{\"@id\":\"https:\/\/dicodusport.fr\/blog\/mondiaux-cyclisme-2022-engages-ordre-et-horaires-de-depart-du-relais-mixte\/#primaryimage\"},\"image\":{\"@id\":\"https:\/\/dicodusport.fr\/blog\/mondiaux-cyclisme-2022-engages-ordre-et-horaires-de-depart-du-relais-mixte\/#primaryimage\"},\"thumbnailUrl\":\"https:\/\/dicodusport.fr\/blog\/wp-content\/uploads\/2022\/09\/Mondiaux-Cyclisme-2022-Engages-ordre-et-horaires-de-depart-du-relais-mixte.png\",\"datePublished\":\"2022-09-20T18:58:32+00:00\",\"dateModified\":\"2022-09-20T20:19:38+00:00\",\"description\":\"MONDIAUX CYCLISME SUR ROUTE 2022 - D\u00e9couvrez les engag\u00e9s et l'ordre de d\u00e9part du contre-la-montre du relais mixte.\",\"breadcrumb\":{\"@id\":\"https:\/\/dicodusport.fr\/blog\/mondiaux-cyclisme-2022-engages-ordre-et-horaires-de-depart-du-relais-mixte\/#breadcrumb\"},\"inLanguage\":\"fr-FR\",\"potentialAction\":[{\"@type\":\"ReadAction\",\"target\":[\"https:\/\/dicodusport.fr\/blog\/mondiaux-cyclisme-2022-engages-ordre-et-horaires-de-depart-du-relais-mixte\/\"]}]},{\"@type\":\"ImageObject\",\"inLanguage\":\"fr-FR\",\"@id\":\"https:\/\/dicodusport.fr\/blog\/mondiaux-cyclisme-2022-engages-ordre-et-horaires-de-depart-du-relais-mixte\/#primaryimage\",\"url\":\"https:\/\/dicodusport.fr\/blog\/wp-content\/uploads\/2022\/09\/Mondiaux-Cyclisme-2022-Engages-ordre-et-horaires-de-depart-du-relais-mixte.png\",\"contentUrl\":\"https:\/\/dicodusport.fr\/blog\/wp-content\/uploads\/2022\/09\/Mondiaux-Cyclisme-2022-Engages-ordre-et-horaires-de-depart-du-relais-mixte.png\",\"width\":800,\"height\":445,\"caption\":\"Mondiaux Cyclisme 2022 Engag\u00e9s, ordre et horaires de d\u00e9part du relais mixte\"},{\"@type\":\"BreadcrumbList\",\"@id\":\"https:\/\/dicodusport.fr\/blog\/mondiaux-cyclisme-2022-engages-ordre-et-horaires-de-depart-du-relais-mixte\/#breadcrumb\",\"itemListElement\":[{\"@type\":\"ListItem\",\"position\":1,\"name\":\"Accueil\",\"item\":\"https:\/\/dicodusport.fr\/blog\/\"},{\"@type\":\"ListItem\",\"position\":2,\"name\":\"Mondiaux Cyclisme 2022 : Engag\u00e9s, ordre et horaires de d\u00e9part du relais mixte\"}]},{\"@type\":\"WebSite\",\"@id\":\"https:\/\/dicodusport.fr\/blog\/#website\",\"url\":\"https:\/\/dicodusport.fr\/blog\/\",\"name\":\"Dicodusport\",\"description\":\"L&#039;encyclop\u00e9die de l&#039;actualit\u00e9 sportive\",\"publisher\":{\"@id\":\"https:\/\/dicodusport.fr\/blog\/#organization\"},\"potentialAction\":[{\"@type\":\"SearchAction\",\"target\":{\"@type\":\"EntryPoint\",\"urlTemplate\":\"https:\/\/dicodusport.fr\/blog\/?s={search_term_string}\"},\"query-input\":{\"@type\":\"PropertyValueSpecification\",\"valueRequired\":true,\"valueName\":\"search_term_string\"}}],\"inLanguage\":\"fr-FR\"},{\"@type\":\"NewsMediaOrganization\",\"@id\":\"https:\/\/dicodusport.fr\/blog\/#organization\",\"name\":\"Dicodusport\",\"url\":\"https:\/\/dicodusport.fr\/blog\/\",\"logo\":{\"@type\":\"ImageObject\",\"inLanguage\":\"fr-FR\",\"@id\":\"https:\/\/dicodusport.fr\/blog\/#\/schema\/logo\/image\/\",\"url\":\"https:\/\/dicodusport.fr\/blog\/wp-content\/uploads\/2020\/06\/cropped-LOGO-DICODUSPORT-2020-SANS-FOND-SANS-TEXTE.png\",\"contentUrl\":\"https:\/\/dicodusport.fr\/blog\/wp-content\/uploads\/2020\/06\/cropped-LOGO-DICODUSPORT-2020-SANS-FOND-SANS-TEXTE.png\",\"width\":512,\"height\":512,\"caption\":\"Dicodusport\"},\"image\":{\"@id\":\"https:\/\/dicodusport.fr\/blog\/#\/schema\/logo\/image\/\"},\"sameAs\":[\"https:\/\/www.facebook.com\/dicodusport\",\"https:\/\/x.com\/dicodusport\",\"https:\/\/www.instagram.com\/dicodusport\/\",\"https:\/\/www.youtube.com\/channel\/UC7V2KZ5sd3htJivAbA4ZG3w\"],\"description\":\"Dicodusport est l'encyclop\u00e9die de l'actualit\u00e9 sportive.\",\"email\":\"bonjour@dicodusport.fr\",\"legalName\":\"DICODUSPORT\",\"foundingDate\":\"2018-01-14\",\"vatID\":\"FR71834470973\",\"taxID\":\"83447097300043\",\"numberOfEmployees\":{\"@type\":\"QuantitativeValue\",\"minValue\":\"1\",\"maxValue\":\"10\"}},{\"@type\":\"Person\",\"@id\":\"https:\/\/dicodusport.fr\/blog\/#\/schema\/person\/cb02af4c173ce4a653b55e9baf388d4a\",\"name\":\"Flo Ostermann\",\"image\":{\"@type\":\"ImageObject\",\"inLanguage\":\"fr-FR\",\"@id\":\"https:\/\/dicodusport.fr\/blog\/#\/schema\/person\/image\/\",\"url\":\"https:\/\/dicodusport.fr\/blog\/wp-content\/uploads\/2021\/05\/Flo-Ostermann-150x150.jpg\",\"contentUrl\":\"https:\/\/dicodusport.fr\/blog\/wp-content\/uploads\/2021\/05\/Flo-Ostermann-150x150.jpg\",\"caption\":\"Flo Ostermann\"},\"description\":\"Journaliste\/R\u00e9dacteur depuis septembre 2015 - Mes premiers souvenirs dans le sport ? Les envol\u00e9es du Stade Toulousain et les duels Villeneuve-Schumacher et H\u00e4kkinen-Schumacher \u00e0 la fin des ann\u00e9es 90, la Coupe du monde de football en 1998, l\u2019exploit du XV de France face aux All Blacks en 1999, mais aussi Richard C\u0153ur de Lion qui vole sur les montagnes du Tour de France. Bien parti pour devenir professeur d\u2019EPS, les \u00e9v\u00e9nements de la vie (et la flemme d\u2019animer des s\u00e9ances de 3x500 m\u00e8tres toute ma vie) m\u2019ont conduit \u00e0 revoir mes plans. Me voil\u00e0 depuis fin 2017 sur Dicodusport, m\u00e9dia gr\u00e2ce (et pour) lequel je partage ma passion : le sport dans tous ses \u00e9tats. Le tout accompagn\u00e9 par les fous furieux et folles furieuses cit\u00e9s sur cette page !\",\"sameAs\":[\"https:\/\/www.facebook.com\/florent.ostermann\",\"https:\/\/x.com\/https:\/\/twitter.com\/FlOstermann\",\"admin\"],\"url\":\"https:\/\/dicodusport.fr\/blog\/author\/flo\/\"}]}<\/script>\n<!-- \/ Yoast SEO Premium plugin. -->","yoast_head_json":{"title":"Mondiaux Cyclisme 2022 : Engag\u00e9s, ordre et horaires de d\u00e9part du relais mixte","description":"MONDIAUX CYCLISME SUR ROUTE 2022 - D\u00e9couvrez les engag\u00e9s et l'ordre de d\u00e9part du contre-la-montre du relais mixte.","robots":{"index":"index","follow":"follow","max-snippet":"max-snippet:-1","max-image-preview":"max-image-preview:large","max-video-preview":"max-video-preview:-1"},"canonical":"https:\/\/dicodusport.fr\/blog\/mondiaux-cyclisme-2022-engages-ordre-et-horaires-de-depart-du-relais-mixte\/","og_locale":"fr_FR","og_type":"article","og_title":"Mondiaux Cyclisme 2022 : Engag\u00e9s, ordre et horaires de d\u00e9part du relais mixte","og_description":"MONDIAUX CYCLISME SUR ROUTE 2022 - D\u00e9couvrez les engag\u00e9s et l'ordre de d\u00e9part du contre-la-montre du relais mixte.","og_url":"https:\/\/dicodusport.fr\/blog\/mondiaux-cyclisme-2022-engages-ordre-et-horaires-de-depart-du-relais-mixte\/","og_site_name":"Dicodusport","article_publisher":"https:\/\/www.facebook.com\/dicodusport","article_author":"https:\/\/www.facebook.com\/florent.ostermann","article_published_time":"2022-09-20T18:58:32+00:00","article_modified_time":"2022-09-20T20:19:38+00:00","og_image":[{"width":800,"height":445,"url":"https:\/\/dicodusport.fr\/blog\/wp-content\/uploads\/2022\/09\/Mondiaux-Cyclisme-2022-Engages-ordre-et-horaires-de-depart-du-relais-mixte.png","type":"image\/png"}],"author":"Flo Ostermann","twitter_card":"summary_large_image","twitter_title":"Mondiaux Cyclisme 2022 : Engag\u00e9s, ordre et horaires de d\u00e9part du relais mixte","twitter_creator":"@https:\/\/twitter.com\/FlOstermann","twitter_site":"@dicodusport","schema":{"@context":"https:\/\/schema.org","@graph":[{"@type":"NewsArticle","@id":"https:\/\/dicodusport.fr\/blog\/mondiaux-cyclisme-2022-engages-ordre-et-horaires-de-depart-du-relais-mixte\/#article","isPartOf":{"@id":"https:\/\/dicodusport.fr\/blog\/mondiaux-cyclisme-2022-engages-ordre-et-horaires-de-depart-du-relais-mixte\/"},"author":{"name":"Flo Ostermann","@id":"https:\/\/dicodusport.fr\/blog\/#\/schema\/person\/cb02af4c173ce4a653b55e9baf388d4a"},"headline":"Mondiaux Cyclisme 2022 : Engag\u00e9s, ordre et horaires de d\u00e9part du relais mixte","datePublished":"2022-09-20T18:58:32+00:00","dateModified":"2022-09-20T20:19:38+00:00","mainEntityOfPage":{"@id":"https:\/\/dicodusport.fr\/blog\/mondiaux-cyclisme-2022-engages-ordre-et-horaires-de-depart-du-relais-mixte\/"},"wordCount":317,"commentCount":0,"publisher":{"@id":"https:\/\/dicodusport.fr\/blog\/#organization"},"image":{"@id":"https:\/\/dicodusport.fr\/blog\/mondiaux-cyclisme-2022-engages-ordre-et-horaires-de-depart-du-relais-mixte\/#primaryimage"},"thumbnailUrl":"https:\/\/dicodusport.fr\/blog\/wp-content\/uploads\/2022\/09\/Mondiaux-Cyclisme-2022-Engages-ordre-et-horaires-de-depart-du-relais-mixte.png","keywords":["Cyclisme","Wollongong"],"articleSection":["Cyclisme sur route"],"inLanguage":"fr-FR","potentialAction":[{"@type":"CommentAction","name":"Comment","target":["https:\/\/dicodusport.fr\/blog\/mondiaux-cyclisme-2022-engages-ordre-et-horaires-de-depart-du-relais-mixte\/#respond"]}],"copyrightYear":"2022","copyrightHolder":{"@id":"https:\/\/dicodusport.fr\/blog\/#organization"}},{"@type":"WebPage","@id":"https:\/\/dicodusport.fr\/blog\/mondiaux-cyclisme-2022-engages-ordre-et-horaires-de-depart-du-relais-mixte\/","url":"https:\/\/dicodusport.fr\/blog\/mondiaux-cyclisme-2022-engages-ordre-et-horaires-de-depart-du-relais-mixte\/","name":"Mondiaux Cyclisme 2022 : Engag\u00e9s, ordre et horaires de d\u00e9part du relais mixte","isPartOf":{"@id":"https:\/\/dicodusport.fr\/blog\/#website"},"primaryImageOfPage":{"@id":"https:\/\/dicodusport.fr\/blog\/mondiaux-cyclisme-2022-engages-ordre-et-horaires-de-depart-du-relais-mixte\/#primaryimage"},"image":{"@id":"https:\/\/dicodusport.fr\/blog\/mondiaux-cyclisme-2022-engages-ordre-et-horaires-de-depart-du-relais-mixte\/#primaryimage"},"thumbnailUrl":"https:\/\/dicodusport.fr\/blog\/wp-content\/uploads\/2022\/09\/Mondiaux-Cyclisme-2022-Engages-ordre-et-horaires-de-depart-du-relais-mixte.png","datePublished":"2022-09-20T18:58:32+00:00","dateModified":"2022-09-20T20:19:38+00:00","description":"MONDIAUX CYCLISME SUR ROUTE 2022 - D\u00e9couvrez les engag\u00e9s et l'ordre de d\u00e9part du contre-la-montre du relais mixte.","breadcrumb":{"@id":"https:\/\/dicodusport.fr\/blog\/mondiaux-cyclisme-2022-engages-ordre-et-horaires-de-depart-du-relais-mixte\/#breadcrumb"},"inLanguage":"fr-FR","potentialAction":[{"@type":"ReadAction","target":["https:\/\/dicodusport.fr\/blog\/mondiaux-cyclisme-2022-engages-ordre-et-horaires-de-depart-du-relais-mixte\/"]}]},{"@type":"ImageObject","inLanguage":"fr-FR","@id":"https:\/\/dicodusport.fr\/blog\/mondiaux-cyclisme-2022-engages-ordre-et-horaires-de-depart-du-relais-mixte\/#primaryimage","url":"https:\/\/dicodusport.fr\/blog\/wp-content\/uploads\/2022\/09\/Mondiaux-Cyclisme-2022-Engages-ordre-et-horaires-de-depart-du-relais-mixte.png","contentUrl":"https:\/\/dicodusport.fr\/blog\/wp-content\/uploads\/2022\/09\/Mondiaux-Cyclisme-2022-Engages-ordre-et-horaires-de-depart-du-relais-mixte.png","width":800,"height":445,"caption":"Mondiaux Cyclisme 2022 Engag\u00e9s, ordre et horaires de d\u00e9part du relais mixte"},{"@type":"BreadcrumbList","@id":"https:\/\/dicodusport.fr\/blog\/mondiaux-cyclisme-2022-engages-ordre-et-horaires-de-depart-du-relais-mixte\/#breadcrumb","itemListElement":[{"@type":"ListItem","position":1,"name":"Accueil","item":"https:\/\/dicodusport.fr\/blog\/"},{"@type":"ListItem","position":2,"name":"Mondiaux Cyclisme 2022 : Engag\u00e9s, ordre et horaires de d\u00e9part du relais mixte"}]},{"@type":"WebSite","@id":"https:\/\/dicodusport.fr\/blog\/#website","url":"https:\/\/dicodusport.fr\/blog\/","name":"Dicodusport","description":"L&#039;encyclop\u00e9die de l&#039;actualit\u00e9 sportive","publisher":{"@id":"https:\/\/dicodusport.fr\/blog\/#organization"},"potentialAction":[{"@type":"SearchAction","target":{"@type":"EntryPoint","urlTemplate":"https:\/\/dicodusport.fr\/blog\/?s={search_term_string}"},"query-input":{"@type":"PropertyValueSpecification","valueRequired":true,"valueName":"search_term_string"}}],"inLanguage":"fr-FR"},{"@type":"NewsMediaOrganization","@id":"https:\/\/dicodusport.fr\/blog\/#organization","name":"Dicodusport","url":"https:\/\/dicodusport.fr\/blog\/","logo":{"@type":"ImageObject","inLanguage":"fr-FR","@id":"https:\/\/dicodusport.fr\/blog\/#\/schema\/logo\/image\/","url":"https:\/\/dicodusport.fr\/blog\/wp-content\/uploads\/2020\/06\/cropped-LOGO-DICODUSPORT-2020-SANS-FOND-SANS-TEXTE.png","contentUrl":"https:\/\/dicodusport.fr\/blog\/wp-content\/uploads\/2020\/06\/cropped-LOGO-DICODUSPORT-2020-SANS-FOND-SANS-TEXTE.png","width":512,"height":512,"caption":"Dicodusport"},"image":{"@id":"https:\/\/dicodusport.fr\/blog\/#\/schema\/logo\/image\/"},"sameAs":["https:\/\/www.facebook.com\/dicodusport","https:\/\/x.com\/dicodusport","https:\/\/www.instagram.com\/dicodusport\/","https:\/\/www.youtube.com\/channel\/UC7V2KZ5sd3htJivAbA4ZG3w"],"description":"Dicodusport est l'encyclop\u00e9die de l'actualit\u00e9 sportive.","email":"bonjour@dicodusport.fr","legalName":"DICODUSPORT","foundingDate":"2018-01-14","vatID":"FR71834470973","taxID":"83447097300043","numberOfEmployees":{"@type":"QuantitativeValue","minValue":"1","maxValue":"10"}},{"@type":"Person","@id":"https:\/\/dicodusport.fr\/blog\/#\/schema\/person\/cb02af4c173ce4a653b55e9baf388d4a","name":"Flo Ostermann","image":{"@type":"ImageObject","inLanguage":"fr-FR","@id":"https:\/\/dicodusport.fr\/blog\/#\/schema\/person\/image\/","url":"https:\/\/dicodusport.fr\/blog\/wp-content\/uploads\/2021\/05\/Flo-Ostermann-150x150.jpg","contentUrl":"https:\/\/dicodusport.fr\/blog\/wp-content\/uploads\/2021\/05\/Flo-Ostermann-150x150.jpg","caption":"Flo Ostermann"},"description":"Journaliste\/R\u00e9dacteur depuis septembre 2015 - Mes premiers souvenirs dans le sport ? Les envol\u00e9es du Stade Toulousain et les duels Villeneuve-Schumacher et H\u00e4kkinen-Schumacher \u00e0 la fin des ann\u00e9es 90, la Coupe du monde de football en 1998, l\u2019exploit du XV de France face aux All Blacks en 1999, mais aussi Richard C\u0153ur de Lion qui vole sur les montagnes du Tour de France. Bien parti pour devenir professeur d\u2019EPS, les \u00e9v\u00e9nements de la vie (et la flemme d\u2019animer des s\u00e9ances de 3x500 m\u00e8tres toute ma vie) m\u2019ont conduit \u00e0 revoir mes plans. Me voil\u00e0 depuis fin 2017 sur Dicodusport, m\u00e9dia gr\u00e2ce (et pour) lequel je partage ma passion : le sport dans tous ses \u00e9tats. Le tout accompagn\u00e9 par les fous furieux et folles furieuses cit\u00e9s sur cette page !","sameAs":["https:\/\/www.facebook.com\/florent.ostermann","https:\/\/x.com\/https:\/\/twitter.com\/FlOstermann","admin"],"url":"https:\/\/dicodusport.fr\/blog\/author\/flo\/"}]}},"_links":{"self":[{"href":"https:\/\/dicodusport.fr\/blog\/wp-json\/wp\/v2\/posts\/263828","targetHints":{"allow":["GET"]}}],"collection":[{"href":"https:\/\/dicodusport.fr\/blog\/wp-json\/wp\/v2\/posts"}],"about":[{"href":"https:\/\/dicodusport.fr\/blog\/wp-json\/wp\/v2\/types\/post"}],"author":[{"embeddable":true,"href":"https:\/\/dicodusport.fr\/blog\/wp-json\/wp\/v2\/users\/4"}],"replies":[{"embeddable":true,"href":"https:\/\/dicodusport.fr\/blog\/wp-json\/wp\/v2\/comments?post=263828"}],"version-history":[{"count":0,"href":"https:\/\/dicodusport.fr\/blog\/wp-json\/wp\/v2\/posts\/263828\/revisions"}],"wp:featuredmedia":[{"embeddable":true,"href":"https:\/\/dicodusport.fr\/blog\/wp-json\/wp\/v2\/media\/263832"}],"wp:attachment":[{"href":"https:\/\/dicodusport.fr\/blog\/wp-json\/wp\/v2\/media?parent=263828"}],"wp:term":[{"taxonomy":"category","embeddable":true,"href":"https:\/\/dicodusport.fr\/blog\/wp-json\/wp\/v2\/categories?post=263828"},{"taxonomy":"post_tag","embeddable":true,"href":"https:\/\/dicodusport.fr\/blog\/wp-json\/wp\/v2\/tags?post=263828"}],"curies":[{"name":"wp","href":"https:\/\/api.w.org\/{rel}","templated":true}]}}