{"id":263864,"date":"2022-09-21T09:31:24","date_gmt":"2022-09-21T07:31:24","guid":{"rendered":"https:\/\/dicodusport.fr\/blog\/?p=263864&#038;preview=true&#038;preview_id=263864"},"modified":"2022-09-21T13:29:41","modified_gmt":"2022-09-21T11:29:41","slug":"miralem-halilovic-jai-choisi-nanterre-parce-que-jai-trouve-le-projet-interessant-avec-pascal-donnadieu","status":"publish","type":"post","link":"https:\/\/dicodusport.fr\/blog\/miralem-halilovic-jai-choisi-nanterre-parce-que-jai-trouve-le-projet-interessant-avec-pascal-donnadieu\/","title":{"rendered":"Miralem Halilovi\u0107 : \u00ab J&rsquo;ai choisi Nanterre parce que j&rsquo;ai trouv\u00e9 le projet int\u00e9ressant avec Pascal Donnadieu \u00bb"},"content":{"rendered":"<p style=\"text-align: justify;\"><b><i><a href=\"https:\/\/dicodusport.fr\/blog\/actualites\/basket-ball\/betclic-elite-2022-2023\/\">BETCLIC \u00c9LITE 2022-2023<\/a> &#8211; Arriv\u00e9 en provenance des Metropolitans, le Bosnien Miralem Halilovi\u0107 d\u00e9barque \u00e0 Nanterre avec le plein d&rsquo;ambitions. \u00c0 l&rsquo;occasion du Media Day de la Betclic \u00c9lite ce mardi, l&rsquo;int\u00e9rieur de 31 ans s&rsquo;est confi\u00e9 \u00e0 Dicodusport.<\/i><\/b><\/p>\n<h3><strong>Pourquoi Nanterre ?<\/strong><\/h3>\n<p style=\"text-align: justify;\" align=\"JUSTIFY\">J&rsquo;ai eu quelques jours de repos apr\u00e8s l&rsquo;Euro (avec la Bosnie, NDLR). Je suis all\u00e9 passer les tests m\u00e9dicaux jeudi et j&rsquo;ai fait mon premier entra\u00eenement hier (lundi) avec Nanterre. J&rsquo;ai choisi Nanterre parce que j&rsquo;ai trouv\u00e9 le projet int\u00e9ressant avec <strong>Pascal<\/strong> (<strong>Donnadieu<\/strong>), un grand coach, dont j&rsquo;appr\u00e9cie le style de jeu, surtout offensivement, et que je voulais rester dans le coin, proche de Paris. Ma famille et moi sommes \u00e0 l&rsquo;aise ici, ma fille est n\u00e9e ici. Ce n&rsquo;\u00e9tait pas possible \u00e0 Boulogne-Levallois, le club \u00e9tait dans l&rsquo;incertitude cet \u00e9t\u00e9 au niveau financier.<\/p>\n<blockquote class=\"twitter-tweet\">\n<p dir=\"ltr\" lang=\"fr\">&#x1f1e7;&#x1f1e6; Miralem Halilovic, nouvel int\u00e9rieur de Nanterre 92 &#x1f525;&#x1f3c0;<\/p>\n<p>+ d\u2019infos sur <a href=\"https:\/\/t.co\/xMD1OMhK3A\">https:\/\/t.co\/xMD1OMhK3A<\/a> <a href=\"https:\/\/twitter.com\/hashtag\/WeAreJSF?src=hash&amp;ref_src=twsrc%5Etfw\">#WeAreJSF<\/a> <a href=\"https:\/\/twitter.com\/hashtag\/BetclicELITE?src=hash&amp;ref_src=twsrc%5Etfw\">#BetclicELITE<\/a> <a href=\"https:\/\/t.co\/6BuLPGpoU0\">pic.twitter.com\/6BuLPGpoU0<\/a><\/p>\n<p>\u2014 Nanterre 92 (@Nanterre92) <a href=\"https:\/\/twitter.com\/Nanterre92\/status\/1541336875880833024?ref_src=twsrc%5Etfw\">June 27, 2022<\/a><\/p><\/blockquote>\n<p><script async src=\"https:\/\/platform.twitter.com\/widgets.js\" charset=\"utf-8\"><\/script><\/p>\n<h3 style=\"text-align: justify;\" align=\"JUSTIFY\">\u00c0 propos de la France<\/h3>\n<p style=\"text-align: justify;\" align=\"JUSTIFY\">C&rsquo;est mon troisi\u00e8me club en France apr\u00e8s Orl\u00e9ans et Boulogne-Levallois, je suis bien plus \u00e0 l&rsquo;aise qu&rsquo;en Croatie ou en Slov\u00e9nie o\u00f9 je jouais avant. Les fans ici sont bien meilleurs (rires), ils ne vous jettent pas des cailloux quand vous perdez. Ailleurs, les supporters sont parfois incontr\u00f4lables, vous gagnez, vous \u00eates le roi, vous perdez, vous \u00eates un moins que rien. C&rsquo;est une des raisons pour lesquelles je suis venu en France dans un premier temps. \u00c7a et la stabilit\u00e9 financi\u00e8re. Avant, je jouais parfois trois mois sans \u00eatre pay\u00e9 ! Quand j&rsquo;ai commenc\u00e9 ici, je surveillais tous les mois que mon salaire arrive bien, mes co\u00e9quipiers ne comprenaient pas pourquoi ! C&rsquo;est pour \u00e7a que je suis content ici et que je veux rester pr\u00e8s de Paris. J&rsquo;ai eu des propositions financi\u00e8res sup\u00e9rieures ailleurs, mais \u00e7a ne fait pas tout.<\/p>\n<h3 style=\"text-align: justify;\" align=\"JUSTIFY\">\u00c0 propos du dernier Euro<\/h3>\n<p style=\"text-align: justify;\">Le match o\u00f9 j&rsquo;ai le plus de regrets ? <a href=\"https:\/\/dicodusport.fr\/blog\/eurobasket-2022-des-bleus-encore-inconstants-prennent-leur-revanche-sur-la-bosnie-herzegovine\/\">Celui contre la France<\/a> ! On \u00e9tait dans le coup jusqu&rsquo;\u00e0 trois minutes de la fin, ils jouaient mal, ils pouvaient perdre, et on n&rsquo;a pas saisi l&rsquo;opportunit\u00e9. M\u00eame si on les avait battus r\u00e9cemment (<a href=\"https:\/\/dicodusport.fr\/blog\/qualifications-coupe-du-monde-fiba-2023-les-bleus-eteints-par-la-bosnie-herzegovine\/\">lors des qualifications pour la Coupe du monde en ao\u00fbt, NDLR<\/a>), on pensait qu&rsquo;ils allaient nous massacrer sur ce match. Mais ils \u00e9taient clairement en difficult\u00e9, et on n&rsquo;a pas su en profiter, c&rsquo;est rageant. On a des regrets parce qu&rsquo;aucune \u00e9quipe ne nous a vraiment domin\u00e9. Mais le programme \u00e9tait trop mal organis\u00e9, on avait de plus une petite rotation, c&rsquo;\u00e9tait vraiment dur physiquement.<\/p>\n<p style=\"text-align: justify;\">Mais notre pr\u00e9paration pour l&rsquo;Euro a \u00e9t\u00e9 tellement compliqu\u00e9e. On a chang\u00e9 de s\u00e9lectionneur juste avant le d\u00e9but de la comp\u00e9tition. Le pr\u00e9c\u00e9dent a \u00e9t\u00e9 renvoy\u00e9, alors qu&rsquo;il voulait nous faire faire une vraie pr\u00e9paration, \u00e0 l&rsquo;\u00e9tranger. Mais la f\u00e9d\u00e9ration l&rsquo;a ignor\u00e9, et a m\u00eame laiss\u00e9 penser qu&rsquo;on n&rsquo;irait pas \u00e0 l&rsquo;Euro parce qu&rsquo;on n&rsquo;avait pas les moyens. Si je vous disais tout sur notre f\u00e9d\u00e9ration, vous pourriez faire 10 pages (rires).<\/p>\n<p>&nbsp;<\/p>\n","protected":false},"excerpt":{"rendered":"<p>BETCLIC \u00c9LITE 2022-2023 &#8211; Arriv\u00e9 en provenance des Metropolitans, le Bosnien Miralem Halilovi\u0107 d\u00e9barque \u00e0 Nanterre avec le plein d&rsquo;ambitions. \u00c0 l&rsquo;occasion du Media Day de la Betclic \u00c9lite ce mardi, l&rsquo;int\u00e9rieur de 31 ans s&rsquo;est confi\u00e9 \u00e0 Dicodusport.<\/p>\n","protected":false},"author":59,"featured_media":263869,"comment_status":"open","ping_status":"closed","sticky":false,"template":"","format":"standard","meta":{"_acf_changed":false,"_daextam_enable_autolinks":"","footnotes":""},"categories":[46998],"tags":[16989,24],"class_list":["post-263864","post","type-post","status-publish","format-standard","has-post-thumbnail","hentry","category-betclic-elite","tag-nanterre","tag-sport"],"acf":[],"yoast_head":"<!-- This site is optimized with the Yoast SEO Premium plugin v26.7 (Yoast SEO v26.7) - https:\/\/yoast.com\/wordpress\/plugins\/seo\/ -->\n<title>Miralem Halilovi\u0107 : \u00ab J&#039;ai choisi Nanterre parce que j&#039;ai trouv\u00e9 le projet int\u00e9ressant avec Pascal Donnadieu \u00bb<\/title>\n<meta name=\"description\" content=\"BETCLIC \u00c9LITE 2022-2023 - Arriv\u00e9 en provenance des Metropolitans, le Bosnien Miralem Halilovi\u0107 d\u00e9barque \u00e0 Nanterre avec le plein d&#039;ambitions.\" \/>\n<meta name=\"robots\" content=\"index, follow, max-snippet:-1, max-image-preview:large, max-video-preview:-1\" \/>\n<link rel=\"canonical\" href=\"https:\/\/dicodusport.fr\/blog\/miralem-halilovic-jai-choisi-nanterre-parce-que-jai-trouve-le-projet-interessant-avec-pascal-donnadieu\/\" \/>\n<meta property=\"og:locale\" content=\"fr_FR\" \/>\n<meta property=\"og:type\" content=\"article\" \/>\n<meta property=\"og:title\" content=\"Miralem Halilovi\u0107 : \u00ab J&#039;ai choisi Nanterre parce que j&#039;ai trouv\u00e9 le projet int\u00e9ressant avec Pascal Donnadieu \u00bb\" \/>\n<meta property=\"og:description\" content=\"BETCLIC \u00c9LITE 2022-2023 - Arriv\u00e9 en provenance des Metropolitans, le Bosnien Miralem Halilovi\u0107 d\u00e9barque \u00e0 Nanterre avec le plein d&#039;ambitions.\" \/>\n<meta property=\"og:url\" content=\"https:\/\/dicodusport.fr\/blog\/miralem-halilovic-jai-choisi-nanterre-parce-que-jai-trouve-le-projet-interessant-avec-pascal-donnadieu\/\" \/>\n<meta property=\"og:site_name\" content=\"Dicodusport\" \/>\n<meta property=\"article:publisher\" content=\"https:\/\/www.facebook.com\/dicodusport\" \/>\n<meta property=\"article:author\" content=\"https:\/\/www.facebook.com\/sebastien.gente\/\" \/>\n<meta property=\"article:published_time\" content=\"2022-09-21T07:31:24+00:00\" \/>\n<meta property=\"article:modified_time\" content=\"2022-09-21T11:29:41+00:00\" \/>\n<meta property=\"og:image\" content=\"https:\/\/dicodusport.fr\/blog\/wp-content\/uploads\/2022\/09\/Miralem-Halilovic-Jai-choisi-Nanterre-parce-que-jai-trouve-le-projet-interessant-avec-Pascal-Donnadieu-.png\" \/>\n\t<meta property=\"og:image:width\" content=\"800\" \/>\n\t<meta property=\"og:image:height\" content=\"445\" \/>\n\t<meta property=\"og:image:type\" content=\"image\/png\" \/>\n<meta name=\"author\" content=\"S\u00e9bastien Gente\" \/>\n<meta name=\"twitter:card\" content=\"summary_large_image\" \/>\n<meta name=\"twitter:title\" content=\"Miralem Halilovi\u0107 : \u00ab J&#039;ai choisi Nanterre parce que j&#039;ai trouv\u00e9 le projet int\u00e9ressant avec Pascal Donnadieu \u00bb\" \/>\n<meta name=\"twitter:creator\" content=\"@https:\/\/twitter.com\/globulo24\" \/>\n<meta name=\"twitter:site\" content=\"@dicodusport\" \/>\n<script type=\"application\/ld+json\" class=\"yoast-schema-graph\">{\"@context\":\"https:\/\/schema.org\",\"@graph\":[{\"@type\":\"NewsArticle\",\"@id\":\"https:\/\/dicodusport.fr\/blog\/miralem-halilovic-jai-choisi-nanterre-parce-que-jai-trouve-le-projet-interessant-avec-pascal-donnadieu\/#article\",\"isPartOf\":{\"@id\":\"https:\/\/dicodusport.fr\/blog\/miralem-halilovic-jai-choisi-nanterre-parce-que-jai-trouve-le-projet-interessant-avec-pascal-donnadieu\/\"},\"author\":{\"name\":\"S\u00e9bastien Gente\",\"@id\":\"https:\/\/dicodusport.fr\/blog\/#\/schema\/person\/627966a6cde45dbd8c5e36ac85d783da\"},\"headline\":\"Miralem Halilovi\u0107 : \u00ab J&rsquo;ai choisi Nanterre parce que j&rsquo;ai trouv\u00e9 le projet int\u00e9ressant avec Pascal Donnadieu \u00bb\",\"datePublished\":\"2022-09-21T07:31:24+00:00\",\"dateModified\":\"2022-09-21T11:29:41+00:00\",\"mainEntityOfPage\":{\"@id\":\"https:\/\/dicodusport.fr\/blog\/miralem-halilovic-jai-choisi-nanterre-parce-que-jai-trouve-le-projet-interessant-avec-pascal-donnadieu\/\"},\"wordCount\":578,\"commentCount\":0,\"publisher\":{\"@id\":\"https:\/\/dicodusport.fr\/blog\/#organization\"},\"image\":{\"@id\":\"https:\/\/dicodusport.fr\/blog\/miralem-halilovic-jai-choisi-nanterre-parce-que-jai-trouve-le-projet-interessant-avec-pascal-donnadieu\/#primaryimage\"},\"thumbnailUrl\":\"https:\/\/dicodusport.fr\/blog\/wp-content\/uploads\/2022\/09\/Miralem-Halilovic-Jai-choisi-Nanterre-parce-que-jai-trouve-le-projet-interessant-avec-Pascal-Donnadieu-.png\",\"keywords\":[\"Nanterre\",\"sport\"],\"articleSection\":[\"Betclic \u00c9lite\"],\"inLanguage\":\"fr-FR\",\"potentialAction\":[{\"@type\":\"CommentAction\",\"name\":\"Comment\",\"target\":[\"https:\/\/dicodusport.fr\/blog\/miralem-halilovic-jai-choisi-nanterre-parce-que-jai-trouve-le-projet-interessant-avec-pascal-donnadieu\/#respond\"]}],\"copyrightYear\":\"2022\",\"copyrightHolder\":{\"@id\":\"https:\/\/dicodusport.fr\/blog\/#organization\"}},{\"@type\":\"WebPage\",\"@id\":\"https:\/\/dicodusport.fr\/blog\/miralem-halilovic-jai-choisi-nanterre-parce-que-jai-trouve-le-projet-interessant-avec-pascal-donnadieu\/\",\"url\":\"https:\/\/dicodusport.fr\/blog\/miralem-halilovic-jai-choisi-nanterre-parce-que-jai-trouve-le-projet-interessant-avec-pascal-donnadieu\/\",\"name\":\"Miralem Halilovi\u0107 : \u00ab J'ai choisi Nanterre parce que j'ai trouv\u00e9 le projet int\u00e9ressant avec Pascal Donnadieu \u00bb\",\"isPartOf\":{\"@id\":\"https:\/\/dicodusport.fr\/blog\/#website\"},\"primaryImageOfPage\":{\"@id\":\"https:\/\/dicodusport.fr\/blog\/miralem-halilovic-jai-choisi-nanterre-parce-que-jai-trouve-le-projet-interessant-avec-pascal-donnadieu\/#primaryimage\"},\"image\":{\"@id\":\"https:\/\/dicodusport.fr\/blog\/miralem-halilovic-jai-choisi-nanterre-parce-que-jai-trouve-le-projet-interessant-avec-pascal-donnadieu\/#primaryimage\"},\"thumbnailUrl\":\"https:\/\/dicodusport.fr\/blog\/wp-content\/uploads\/2022\/09\/Miralem-Halilovic-Jai-choisi-Nanterre-parce-que-jai-trouve-le-projet-interessant-avec-Pascal-Donnadieu-.png\",\"datePublished\":\"2022-09-21T07:31:24+00:00\",\"dateModified\":\"2022-09-21T11:29:41+00:00\",\"description\":\"BETCLIC \u00c9LITE 2022-2023 - Arriv\u00e9 en provenance des Metropolitans, le Bosnien Miralem Halilovi\u0107 d\u00e9barque \u00e0 Nanterre avec le plein d'ambitions.\",\"breadcrumb\":{\"@id\":\"https:\/\/dicodusport.fr\/blog\/miralem-halilovic-jai-choisi-nanterre-parce-que-jai-trouve-le-projet-interessant-avec-pascal-donnadieu\/#breadcrumb\"},\"inLanguage\":\"fr-FR\",\"potentialAction\":[{\"@type\":\"ReadAction\",\"target\":[\"https:\/\/dicodusport.fr\/blog\/miralem-halilovic-jai-choisi-nanterre-parce-que-jai-trouve-le-projet-interessant-avec-pascal-donnadieu\/\"]}]},{\"@type\":\"ImageObject\",\"inLanguage\":\"fr-FR\",\"@id\":\"https:\/\/dicodusport.fr\/blog\/miralem-halilovic-jai-choisi-nanterre-parce-que-jai-trouve-le-projet-interessant-avec-pascal-donnadieu\/#primaryimage\",\"url\":\"https:\/\/dicodusport.fr\/blog\/wp-content\/uploads\/2022\/09\/Miralem-Halilovic-Jai-choisi-Nanterre-parce-que-jai-trouve-le-projet-interessant-avec-Pascal-Donnadieu-.png\",\"contentUrl\":\"https:\/\/dicodusport.fr\/blog\/wp-content\/uploads\/2022\/09\/Miralem-Halilovic-Jai-choisi-Nanterre-parce-que-jai-trouve-le-projet-interessant-avec-Pascal-Donnadieu-.png\",\"width\":800,\"height\":445,\"caption\":\"Miralem Halilovi\u0107 \u00ab J'ai choisi Nanterre parce que j'ai trouv\u00e9 le projet int\u00e9ressant avec Pascal Donnadieu \u00bb\"},{\"@type\":\"BreadcrumbList\",\"@id\":\"https:\/\/dicodusport.fr\/blog\/miralem-halilovic-jai-choisi-nanterre-parce-que-jai-trouve-le-projet-interessant-avec-pascal-donnadieu\/#breadcrumb\",\"itemListElement\":[{\"@type\":\"ListItem\",\"position\":1,\"name\":\"Accueil\",\"item\":\"https:\/\/dicodusport.fr\/blog\/\"},{\"@type\":\"ListItem\",\"position\":2,\"name\":\"Miralem Halilovi\u0107 : \u00ab J&rsquo;ai choisi Nanterre parce que j&rsquo;ai trouv\u00e9 le projet int\u00e9ressant avec Pascal Donnadieu \u00bb\"}]},{\"@type\":\"WebSite\",\"@id\":\"https:\/\/dicodusport.fr\/blog\/#website\",\"url\":\"https:\/\/dicodusport.fr\/blog\/\",\"name\":\"Dicodusport\",\"description\":\"L&#039;encyclop\u00e9die de l&#039;actualit\u00e9 sportive\",\"publisher\":{\"@id\":\"https:\/\/dicodusport.fr\/blog\/#organization\"},\"potentialAction\":[{\"@type\":\"SearchAction\",\"target\":{\"@type\":\"EntryPoint\",\"urlTemplate\":\"https:\/\/dicodusport.fr\/blog\/?s={search_term_string}\"},\"query-input\":{\"@type\":\"PropertyValueSpecification\",\"valueRequired\":true,\"valueName\":\"search_term_string\"}}],\"inLanguage\":\"fr-FR\"},{\"@type\":\"NewsMediaOrganization\",\"@id\":\"https:\/\/dicodusport.fr\/blog\/#organization\",\"name\":\"Dicodusport\",\"url\":\"https:\/\/dicodusport.fr\/blog\/\",\"logo\":{\"@type\":\"ImageObject\",\"inLanguage\":\"fr-FR\",\"@id\":\"https:\/\/dicodusport.fr\/blog\/#\/schema\/logo\/image\/\",\"url\":\"https:\/\/dicodusport.fr\/blog\/wp-content\/uploads\/2020\/06\/cropped-LOGO-DICODUSPORT-2020-SANS-FOND-SANS-TEXTE.png\",\"contentUrl\":\"https:\/\/dicodusport.fr\/blog\/wp-content\/uploads\/2020\/06\/cropped-LOGO-DICODUSPORT-2020-SANS-FOND-SANS-TEXTE.png\",\"width\":512,\"height\":512,\"caption\":\"Dicodusport\"},\"image\":{\"@id\":\"https:\/\/dicodusport.fr\/blog\/#\/schema\/logo\/image\/\"},\"sameAs\":[\"https:\/\/www.facebook.com\/dicodusport\",\"https:\/\/x.com\/dicodusport\",\"https:\/\/www.instagram.com\/dicodusport\/\",\"https:\/\/www.youtube.com\/channel\/UC7V2KZ5sd3htJivAbA4ZG3w\"],\"description\":\"Dicodusport est l'encyclop\u00e9die de l'actualit\u00e9 sportive.\",\"email\":\"bonjour@dicodusport.fr\",\"legalName\":\"DICODUSPORT\",\"foundingDate\":\"2018-01-14\",\"vatID\":\"FR71834470973\",\"taxID\":\"83447097300043\",\"numberOfEmployees\":{\"@type\":\"QuantitativeValue\",\"minValue\":\"1\",\"maxValue\":\"10\"}},{\"@type\":\"Person\",\"@id\":\"https:\/\/dicodusport.fr\/blog\/#\/schema\/person\/627966a6cde45dbd8c5e36ac85d783da\",\"name\":\"S\u00e9bastien Gente\",\"image\":{\"@type\":\"ImageObject\",\"inLanguage\":\"fr-FR\",\"@id\":\"https:\/\/dicodusport.fr\/blog\/#\/schema\/person\/image\/\",\"url\":\"https:\/\/dicodusport.fr\/blog\/wp-content\/uploads\/2021\/09\/1510990_10205810251400683_4124423575079401707_n-150x150.jpg\",\"contentUrl\":\"https:\/\/dicodusport.fr\/blog\/wp-content\/uploads\/2021\/09\/1510990_10205810251400683_4124423575079401707_n-150x150.jpg\",\"caption\":\"S\u00e9bastien Gente\"},\"description\":\"John Stockton, Gianni Bugno, Zinedine Zidane, Steffi Graf, Frode Andresen, St\u00e9phane Stoecklin, Davis Kamoga, Primoz Peterka, Werner Schlager et Aur\u00e9lien Rougerie. Point commun entre ces sportifs? Ils m'ont fait r\u00eaver et ont berc\u00e9 mon adolescence. Je suis un fondu de sports et j'essaie de retranscrire ma passion \u00e0 travers mes articles. Originaire du P\u00e9rigord, ma passion pour les Girondins, les Jaunards et les Jazzmen transpire dans mes \u00e9crits. \u00c0 Dicodusport depuis 2021, je d\u00e9niche les sports m\u00e9connus dans lesquels la France brille, et il y en a !\",\"sameAs\":[\"https:\/\/www.facebook.com\/sebastien.gente\/\",\"https:\/\/www.instagram.com\/sebgente\/\",\"https:\/\/www.linkedin.com\/in\/sbastien-gente-a29583169\/\",\"https:\/\/x.com\/https:\/\/twitter.com\/globulo24\",\"SebastienGente\"],\"worksFor\":\"S\u00e9bastien GENTE\",\"url\":\"https:\/\/dicodusport.fr\/blog\/author\/sebastiengente\/\"}]}<\/script>\n<!-- \/ Yoast SEO Premium plugin. -->","yoast_head_json":{"title":"Miralem Halilovi\u0107 : \u00ab J'ai choisi Nanterre parce que j'ai trouv\u00e9 le projet int\u00e9ressant avec Pascal Donnadieu \u00bb","description":"BETCLIC \u00c9LITE 2022-2023 - Arriv\u00e9 en provenance des Metropolitans, le Bosnien Miralem Halilovi\u0107 d\u00e9barque \u00e0 Nanterre avec le plein d'ambitions.","robots":{"index":"index","follow":"follow","max-snippet":"max-snippet:-1","max-image-preview":"max-image-preview:large","max-video-preview":"max-video-preview:-1"},"canonical":"https:\/\/dicodusport.fr\/blog\/miralem-halilovic-jai-choisi-nanterre-parce-que-jai-trouve-le-projet-interessant-avec-pascal-donnadieu\/","og_locale":"fr_FR","og_type":"article","og_title":"Miralem Halilovi\u0107 : \u00ab J'ai choisi Nanterre parce que j'ai trouv\u00e9 le projet int\u00e9ressant avec Pascal Donnadieu \u00bb","og_description":"BETCLIC \u00c9LITE 2022-2023 - Arriv\u00e9 en provenance des Metropolitans, le Bosnien Miralem Halilovi\u0107 d\u00e9barque \u00e0 Nanterre avec le plein d'ambitions.","og_url":"https:\/\/dicodusport.fr\/blog\/miralem-halilovic-jai-choisi-nanterre-parce-que-jai-trouve-le-projet-interessant-avec-pascal-donnadieu\/","og_site_name":"Dicodusport","article_publisher":"https:\/\/www.facebook.com\/dicodusport","article_author":"https:\/\/www.facebook.com\/sebastien.gente\/","article_published_time":"2022-09-21T07:31:24+00:00","article_modified_time":"2022-09-21T11:29:41+00:00","og_image":[{"width":800,"height":445,"url":"https:\/\/dicodusport.fr\/blog\/wp-content\/uploads\/2022\/09\/Miralem-Halilovic-Jai-choisi-Nanterre-parce-que-jai-trouve-le-projet-interessant-avec-Pascal-Donnadieu-.png","type":"image\/png"}],"author":"S\u00e9bastien Gente","twitter_card":"summary_large_image","twitter_title":"Miralem Halilovi\u0107 : \u00ab J'ai choisi Nanterre parce que j'ai trouv\u00e9 le projet int\u00e9ressant avec Pascal Donnadieu \u00bb","twitter_creator":"@https:\/\/twitter.com\/globulo24","twitter_site":"@dicodusport","schema":{"@context":"https:\/\/schema.org","@graph":[{"@type":"NewsArticle","@id":"https:\/\/dicodusport.fr\/blog\/miralem-halilovic-jai-choisi-nanterre-parce-que-jai-trouve-le-projet-interessant-avec-pascal-donnadieu\/#article","isPartOf":{"@id":"https:\/\/dicodusport.fr\/blog\/miralem-halilovic-jai-choisi-nanterre-parce-que-jai-trouve-le-projet-interessant-avec-pascal-donnadieu\/"},"author":{"name":"S\u00e9bastien Gente","@id":"https:\/\/dicodusport.fr\/blog\/#\/schema\/person\/627966a6cde45dbd8c5e36ac85d783da"},"headline":"Miralem Halilovi\u0107 : \u00ab J&rsquo;ai choisi Nanterre parce que j&rsquo;ai trouv\u00e9 le projet int\u00e9ressant avec Pascal Donnadieu \u00bb","datePublished":"2022-09-21T07:31:24+00:00","dateModified":"2022-09-21T11:29:41+00:00","mainEntityOfPage":{"@id":"https:\/\/dicodusport.fr\/blog\/miralem-halilovic-jai-choisi-nanterre-parce-que-jai-trouve-le-projet-interessant-avec-pascal-donnadieu\/"},"wordCount":578,"commentCount":0,"publisher":{"@id":"https:\/\/dicodusport.fr\/blog\/#organization"},"image":{"@id":"https:\/\/dicodusport.fr\/blog\/miralem-halilovic-jai-choisi-nanterre-parce-que-jai-trouve-le-projet-interessant-avec-pascal-donnadieu\/#primaryimage"},"thumbnailUrl":"https:\/\/dicodusport.fr\/blog\/wp-content\/uploads\/2022\/09\/Miralem-Halilovic-Jai-choisi-Nanterre-parce-que-jai-trouve-le-projet-interessant-avec-Pascal-Donnadieu-.png","keywords":["Nanterre","sport"],"articleSection":["Betclic \u00c9lite"],"inLanguage":"fr-FR","potentialAction":[{"@type":"CommentAction","name":"Comment","target":["https:\/\/dicodusport.fr\/blog\/miralem-halilovic-jai-choisi-nanterre-parce-que-jai-trouve-le-projet-interessant-avec-pascal-donnadieu\/#respond"]}],"copyrightYear":"2022","copyrightHolder":{"@id":"https:\/\/dicodusport.fr\/blog\/#organization"}},{"@type":"WebPage","@id":"https:\/\/dicodusport.fr\/blog\/miralem-halilovic-jai-choisi-nanterre-parce-que-jai-trouve-le-projet-interessant-avec-pascal-donnadieu\/","url":"https:\/\/dicodusport.fr\/blog\/miralem-halilovic-jai-choisi-nanterre-parce-que-jai-trouve-le-projet-interessant-avec-pascal-donnadieu\/","name":"Miralem Halilovi\u0107 : \u00ab J'ai choisi Nanterre parce que j'ai trouv\u00e9 le projet int\u00e9ressant avec Pascal Donnadieu \u00bb","isPartOf":{"@id":"https:\/\/dicodusport.fr\/blog\/#website"},"primaryImageOfPage":{"@id":"https:\/\/dicodusport.fr\/blog\/miralem-halilovic-jai-choisi-nanterre-parce-que-jai-trouve-le-projet-interessant-avec-pascal-donnadieu\/#primaryimage"},"image":{"@id":"https:\/\/dicodusport.fr\/blog\/miralem-halilovic-jai-choisi-nanterre-parce-que-jai-trouve-le-projet-interessant-avec-pascal-donnadieu\/#primaryimage"},"thumbnailUrl":"https:\/\/dicodusport.fr\/blog\/wp-content\/uploads\/2022\/09\/Miralem-Halilovic-Jai-choisi-Nanterre-parce-que-jai-trouve-le-projet-interessant-avec-Pascal-Donnadieu-.png","datePublished":"2022-09-21T07:31:24+00:00","dateModified":"2022-09-21T11:29:41+00:00","description":"BETCLIC \u00c9LITE 2022-2023 - Arriv\u00e9 en provenance des Metropolitans, le Bosnien Miralem Halilovi\u0107 d\u00e9barque \u00e0 Nanterre avec le plein d'ambitions.","breadcrumb":{"@id":"https:\/\/dicodusport.fr\/blog\/miralem-halilovic-jai-choisi-nanterre-parce-que-jai-trouve-le-projet-interessant-avec-pascal-donnadieu\/#breadcrumb"},"inLanguage":"fr-FR","potentialAction":[{"@type":"ReadAction","target":["https:\/\/dicodusport.fr\/blog\/miralem-halilovic-jai-choisi-nanterre-parce-que-jai-trouve-le-projet-interessant-avec-pascal-donnadieu\/"]}]},{"@type":"ImageObject","inLanguage":"fr-FR","@id":"https:\/\/dicodusport.fr\/blog\/miralem-halilovic-jai-choisi-nanterre-parce-que-jai-trouve-le-projet-interessant-avec-pascal-donnadieu\/#primaryimage","url":"https:\/\/dicodusport.fr\/blog\/wp-content\/uploads\/2022\/09\/Miralem-Halilovic-Jai-choisi-Nanterre-parce-que-jai-trouve-le-projet-interessant-avec-Pascal-Donnadieu-.png","contentUrl":"https:\/\/dicodusport.fr\/blog\/wp-content\/uploads\/2022\/09\/Miralem-Halilovic-Jai-choisi-Nanterre-parce-que-jai-trouve-le-projet-interessant-avec-Pascal-Donnadieu-.png","width":800,"height":445,"caption":"Miralem Halilovi\u0107 \u00ab J'ai choisi Nanterre parce que j'ai trouv\u00e9 le projet int\u00e9ressant avec Pascal Donnadieu \u00bb"},{"@type":"BreadcrumbList","@id":"https:\/\/dicodusport.fr\/blog\/miralem-halilovic-jai-choisi-nanterre-parce-que-jai-trouve-le-projet-interessant-avec-pascal-donnadieu\/#breadcrumb","itemListElement":[{"@type":"ListItem","position":1,"name":"Accueil","item":"https:\/\/dicodusport.fr\/blog\/"},{"@type":"ListItem","position":2,"name":"Miralem Halilovi\u0107 : \u00ab J&rsquo;ai choisi Nanterre parce que j&rsquo;ai trouv\u00e9 le projet int\u00e9ressant avec Pascal Donnadieu \u00bb"}]},{"@type":"WebSite","@id":"https:\/\/dicodusport.fr\/blog\/#website","url":"https:\/\/dicodusport.fr\/blog\/","name":"Dicodusport","description":"L&#039;encyclop\u00e9die de l&#039;actualit\u00e9 sportive","publisher":{"@id":"https:\/\/dicodusport.fr\/blog\/#organization"},"potentialAction":[{"@type":"SearchAction","target":{"@type":"EntryPoint","urlTemplate":"https:\/\/dicodusport.fr\/blog\/?s={search_term_string}"},"query-input":{"@type":"PropertyValueSpecification","valueRequired":true,"valueName":"search_term_string"}}],"inLanguage":"fr-FR"},{"@type":"NewsMediaOrganization","@id":"https:\/\/dicodusport.fr\/blog\/#organization","name":"Dicodusport","url":"https:\/\/dicodusport.fr\/blog\/","logo":{"@type":"ImageObject","inLanguage":"fr-FR","@id":"https:\/\/dicodusport.fr\/blog\/#\/schema\/logo\/image\/","url":"https:\/\/dicodusport.fr\/blog\/wp-content\/uploads\/2020\/06\/cropped-LOGO-DICODUSPORT-2020-SANS-FOND-SANS-TEXTE.png","contentUrl":"https:\/\/dicodusport.fr\/blog\/wp-content\/uploads\/2020\/06\/cropped-LOGO-DICODUSPORT-2020-SANS-FOND-SANS-TEXTE.png","width":512,"height":512,"caption":"Dicodusport"},"image":{"@id":"https:\/\/dicodusport.fr\/blog\/#\/schema\/logo\/image\/"},"sameAs":["https:\/\/www.facebook.com\/dicodusport","https:\/\/x.com\/dicodusport","https:\/\/www.instagram.com\/dicodusport\/","https:\/\/www.youtube.com\/channel\/UC7V2KZ5sd3htJivAbA4ZG3w"],"description":"Dicodusport est l'encyclop\u00e9die de l'actualit\u00e9 sportive.","email":"bonjour@dicodusport.fr","legalName":"DICODUSPORT","foundingDate":"2018-01-14","vatID":"FR71834470973","taxID":"83447097300043","numberOfEmployees":{"@type":"QuantitativeValue","minValue":"1","maxValue":"10"}},{"@type":"Person","@id":"https:\/\/dicodusport.fr\/blog\/#\/schema\/person\/627966a6cde45dbd8c5e36ac85d783da","name":"S\u00e9bastien Gente","image":{"@type":"ImageObject","inLanguage":"fr-FR","@id":"https:\/\/dicodusport.fr\/blog\/#\/schema\/person\/image\/","url":"https:\/\/dicodusport.fr\/blog\/wp-content\/uploads\/2021\/09\/1510990_10205810251400683_4124423575079401707_n-150x150.jpg","contentUrl":"https:\/\/dicodusport.fr\/blog\/wp-content\/uploads\/2021\/09\/1510990_10205810251400683_4124423575079401707_n-150x150.jpg","caption":"S\u00e9bastien Gente"},"description":"John Stockton, Gianni Bugno, Zinedine Zidane, Steffi Graf, Frode Andresen, St\u00e9phane Stoecklin, Davis Kamoga, Primoz Peterka, Werner Schlager et Aur\u00e9lien Rougerie. Point commun entre ces sportifs? Ils m'ont fait r\u00eaver et ont berc\u00e9 mon adolescence. Je suis un fondu de sports et j'essaie de retranscrire ma passion \u00e0 travers mes articles. Originaire du P\u00e9rigord, ma passion pour les Girondins, les Jaunards et les Jazzmen transpire dans mes \u00e9crits. \u00c0 Dicodusport depuis 2021, je d\u00e9niche les sports m\u00e9connus dans lesquels la France brille, et il y en a !","sameAs":["https:\/\/www.facebook.com\/sebastien.gente\/","https:\/\/www.instagram.com\/sebgente\/","https:\/\/www.linkedin.com\/in\/sbastien-gente-a29583169\/","https:\/\/x.com\/https:\/\/twitter.com\/globulo24","SebastienGente"],"worksFor":"S\u00e9bastien GENTE","url":"https:\/\/dicodusport.fr\/blog\/author\/sebastiengente\/"}]}},"_links":{"self":[{"href":"https:\/\/dicodusport.fr\/blog\/wp-json\/wp\/v2\/posts\/263864","targetHints":{"allow":["GET"]}}],"collection":[{"href":"https:\/\/dicodusport.fr\/blog\/wp-json\/wp\/v2\/posts"}],"about":[{"href":"https:\/\/dicodusport.fr\/blog\/wp-json\/wp\/v2\/types\/post"}],"author":[{"embeddable":true,"href":"https:\/\/dicodusport.fr\/blog\/wp-json\/wp\/v2\/users\/59"}],"replies":[{"embeddable":true,"href":"https:\/\/dicodusport.fr\/blog\/wp-json\/wp\/v2\/comments?post=263864"}],"version-history":[{"count":0,"href":"https:\/\/dicodusport.fr\/blog\/wp-json\/wp\/v2\/posts\/263864\/revisions"}],"wp:featuredmedia":[{"embeddable":true,"href":"https:\/\/dicodusport.fr\/blog\/wp-json\/wp\/v2\/media\/263869"}],"wp:attachment":[{"href":"https:\/\/dicodusport.fr\/blog\/wp-json\/wp\/v2\/media?parent=263864"}],"wp:term":[{"taxonomy":"category","embeddable":true,"href":"https:\/\/dicodusport.fr\/blog\/wp-json\/wp\/v2\/categories?post=263864"},{"taxonomy":"post_tag","embeddable":true,"href":"https:\/\/dicodusport.fr\/blog\/wp-json\/wp\/v2\/tags?post=263864"}],"curies":[{"name":"wp","href":"https:\/\/api.w.org\/{rel}","templated":true}]}}