{"id":263873,"date":"2022-09-21T09:04:52","date_gmt":"2022-09-21T07:04:52","guid":{"rendered":"https:\/\/dicodusport.fr\/blog\/?p=263873&#038;preview=true&#038;preview_id=263873"},"modified":"2022-09-21T10:52:10","modified_gmt":"2022-09-21T08:52:10","slug":"mondiaux-cyclisme-2022-suisse-championne-du-monde-relais-mixte","status":"publish","type":"post","link":"https:\/\/dicodusport.fr\/blog\/mondiaux-cyclisme-2022-suisse-championne-du-monde-relais-mixte\/","title":{"rendered":"Mondiaux Cyclisme 2022 : La Suisse championne du monde sur le relais mixte"},"content":{"rendered":"<p style=\"text-align: justify;\"><em><strong><a href=\"https:\/\/dicodusport.fr\/blog\/mondiaux-cyclisme-2022-programme-complet-et-resultats\/\">MONDIAUX CYCLISME SUR ROUTE 2022<\/a> &#8211; Ce mercredi, la Suisse est devenue championne du monde du relais mixte \u00e0 Wollongong. La bande \u00e0 Stefan K\u00fcng, enfin titr\u00e9 au niveau mondial de son c\u00f4t\u00e9, a devanc\u00e9 l&rsquo;Italie et l&rsquo;Australie.<\/strong><\/em><\/p>\n<p style=\"text-align: justify;\">La win pour la Suisse ! Ce mercredi, la nation helv\u00e8te est all\u00e9e d\u00e9crocher le titre mondial sur le relais mixte. Sur le parcours technique de Wollongong, les Suisses ont devanc\u00e9 l&rsquo;Italie et l&rsquo;Australie. Lors de la 1\u00e8re boucle de 14,1 km, <strong>Stefan K\u00fcng<\/strong>, <strong>Stefan Bissegger<\/strong> et <strong>Mauro Schmid<\/strong> ont fait le job, en devan\u00e7ant de 5 secondes l&rsquo;Italie de <strong>Filippo Ganna<\/strong>, <strong>Edoardo Affini<\/strong> et Matteo Sobrero. La deuxi\u00e8me boucle, r\u00e9serv\u00e9e aux repr\u00e9sentantes f\u00e9minines, a vu la Suisse et l&rsquo;Italie faire jeu \u00e9gal ou presque.<\/p>\n<p style=\"text-align: justify;\">Finalement, <strong>\u00c9lise Chabbey<\/strong>, <strong>Marlen Reusser<\/strong> et <strong>Nicole Koller<\/strong> ont tenu bon, permettant aux Suisses de conserver trois secondes d&rsquo;avance sur la Squadra Azzurra, men\u00e9e par <strong>Elisa Longo Borghini<\/strong>, la championne du monde du chrono U23 <strong>Vittoria Guazzini<\/strong> et <strong>Elena Cecchini<\/strong>. L&rsquo;Australie, emmen\u00e9e par <strong>Michael Matthews<\/strong>, <strong>Luke Plapp<\/strong>, <strong>Luke Durbridge<\/strong>, <strong>Georgia Baker<\/strong>, <strong>Alexandra Manly<\/strong> et <strong>Sarah Roy<\/strong>, compl\u00e8te le podium.<\/p>\n<blockquote class=\"twitter-tweet\">\n<p dir=\"ltr\" lang=\"en\">Celebrations and selfies for the Swiss!<br \/>\n&#x1f308;&#x1f1e8;&#x1f1ed;<a href=\"https:\/\/twitter.com\/hashtag\/Wollongong2022?src=hash&amp;ref_src=twsrc%5Etfw\">#Wollongong2022<\/a> <a href=\"https:\/\/t.co\/6LwmzcC0Go\">pic.twitter.com\/6LwmzcC0Go<\/a><\/p>\n<p>\u2014 UCI (@UCI_cycling) <a href=\"https:\/\/twitter.com\/UCI_cycling\/status\/1572497461301903360?ref_src=twsrc%5Etfw\">September 21, 2022<\/a><\/p><\/blockquote>\n<p><script async src=\"https:\/\/platform.twitter.com\/widgets.js\" charset=\"utf-8\"><\/script><\/p>\n<h2 style=\"text-align: justify;\">Performance honorable pour les Bleus, la catastrophe pour les Pays-Bas<\/h2>\n<p style=\"text-align: justify;\">C\u00f4t\u00e9 \u00e9quipe de France, la performance reste correcte. <strong>R\u00e9mi Cavagna<\/strong>, <strong>Bruno Armirail<\/strong>, <strong>Eddy Le Huitouze<\/strong>,\u00a0<strong>Aude Biannic<\/strong>, <strong>Juliette Labous<\/strong> et <strong>Coralie Demay<\/strong> terminent \u00e0 la 7\u00e8me position, \u00e0 59 secondes de la gagne. En revanche, la surprise est venue de l&rsquo;\u00e9norme contre-performance des Pays-Bas. Cit\u00e9s parmi les favoris, les Bataves ont \u00e9t\u00e9 frapp\u00e9s par la malchance. Un saut de cha\u00eene pour <strong>Bauke Mollema<\/strong>, lanc\u00e9 aux c\u00f4t\u00e9s de <strong>Mathieu van der Poel<\/strong> et <strong>Daan Hoole<\/strong>. Puis une chute d\u00e8s le d\u00e9part pour <strong>Annemiek van Vleuten<\/strong>. Deux \u00e9v\u00e9nements qui ont an\u00e9anti les espoirs n\u00e9erlandais, pour, tout de m\u00eame, un cinqui\u00e8me place finale (+52 secondes).<\/p>\n<blockquote class=\"twitter-tweet\">\n<p dir=\"ltr\" lang=\"en\">&#x26a0;&#xfe0f; CRASH for <a href=\"https:\/\/twitter.com\/AvVleuten?ref_src=twsrc%5Etfw\">@AvVleuten<\/a>!! &#x26a0;&#xfe0f;<\/p>\n<p>Mechanical issue causes horrible crash for the Dutch superstar.<br \/>\nReally disappointing day for the Dutch. <a href=\"https:\/\/twitter.com\/hashtag\/Wollongong2022?src=hash&amp;ref_src=twsrc%5Etfw\">#Wollongong2022<\/a> <a href=\"https:\/\/t.co\/rU5LYNnlcu\">pic.twitter.com\/rU5LYNnlcu<\/a><\/p>\n<p>\u2014 UCI (@UCI_cycling) <a href=\"https:\/\/twitter.com\/UCI_cycling\/status\/1572478107684315137?ref_src=twsrc%5Etfw\">September 21, 2022<\/a><\/p><\/blockquote>\n<p><script async src=\"https:\/\/platform.twitter.com\/widgets.js\" charset=\"utf-8\"><\/script><\/p>\n<h2 style=\"text-align: justify;\">\u00c0 lire aussi<\/h2>\n<ul>\n<li style=\"text-align: justify;\"><a href=\"https:\/\/dicodusport.fr\/blog\/mondiaux-cyclisme-2022-classement-relais-mixte\/\"><strong>Le classement du relais mixte<\/strong><\/a><\/li>\n<\/ul>\n","protected":false},"excerpt":{"rendered":"<p>MONDIAUX CYCLISME SUR ROUTE 2022 &#8211; Ce mercredi, la Suisse est devenue championne du monde du relais mixte \u00e0 Wollongong. La bande \u00e0 Stefan K\u00fcng, enfin titr\u00e9, a devanc\u00e9 l&rsquo;Italie et l&rsquo;Australie.<\/p>\n","protected":false},"author":4,"featured_media":263902,"comment_status":"open","ping_status":"closed","sticky":false,"template":"","format":"standard","meta":{"_acf_changed":false,"_daextam_enable_autolinks":"","footnotes":""},"categories":[46994],"tags":[574,24],"class_list":["post-263873","post","type-post","status-publish","format-standard","has-post-thumbnail","hentry","category-cyclisme-sur-route","tag-cyclisme","tag-sport"],"acf":[],"yoast_head":"<!-- This site is optimized with the Yoast SEO Premium plugin v26.7 (Yoast SEO v26.7) - https:\/\/yoast.com\/wordpress\/plugins\/seo\/ -->\n<title>Mondiaux Cyclisme 2022 : La Suisse championne du monde sur le relais mixte<\/title>\n<meta name=\"description\" content=\"MONDIAUX CYCLISME SUR ROUTE 2022 - Ce mercredi, la Suisse est devenue championne du monde du relais mixte \u00e0 Wollongong.\" \/>\n<meta name=\"robots\" content=\"index, follow, max-snippet:-1, max-image-preview:large, max-video-preview:-1\" \/>\n<link rel=\"canonical\" href=\"https:\/\/dicodusport.fr\/blog\/mondiaux-cyclisme-2022-suisse-championne-du-monde-relais-mixte\/\" \/>\n<meta property=\"og:locale\" content=\"fr_FR\" \/>\n<meta property=\"og:type\" content=\"article\" \/>\n<meta property=\"og:title\" content=\"Mondiaux Cyclisme 2022 : La Suisse championne du monde sur le relais mixte\" \/>\n<meta property=\"og:description\" content=\"MONDIAUX CYCLISME SUR ROUTE 2022 - Ce mercredi, la Suisse est devenue championne du monde du relais mixte \u00e0 Wollongong.\" \/>\n<meta property=\"og:url\" content=\"https:\/\/dicodusport.fr\/blog\/mondiaux-cyclisme-2022-suisse-championne-du-monde-relais-mixte\/\" \/>\n<meta property=\"og:site_name\" content=\"Dicodusport\" \/>\n<meta property=\"article:publisher\" content=\"https:\/\/www.facebook.com\/dicodusport\" \/>\n<meta property=\"article:author\" content=\"https:\/\/www.facebook.com\/florent.ostermann\" \/>\n<meta property=\"article:published_time\" content=\"2022-09-21T07:04:52+00:00\" \/>\n<meta property=\"article:modified_time\" content=\"2022-09-21T08:52:10+00:00\" \/>\n<meta property=\"og:image\" content=\"https:\/\/dicodusport.fr\/blog\/wp-content\/uploads\/2022\/09\/Mondiaux-Cyclisme-2022-La-Suisse-championne-du-monde-sur-le-relais-mixte-1.png\" \/>\n\t<meta property=\"og:image:width\" content=\"800\" \/>\n\t<meta property=\"og:image:height\" content=\"445\" \/>\n\t<meta property=\"og:image:type\" content=\"image\/png\" \/>\n<meta name=\"author\" content=\"Flo Ostermann\" \/>\n<meta name=\"twitter:card\" content=\"summary_large_image\" \/>\n<meta name=\"twitter:title\" content=\"Mondiaux Cyclisme 2022 : La Suisse championne du monde sur le relais mixte\" \/>\n<meta name=\"twitter:creator\" content=\"@https:\/\/twitter.com\/FlOstermann\" \/>\n<meta name=\"twitter:site\" content=\"@dicodusport\" \/>\n<script type=\"application\/ld+json\" class=\"yoast-schema-graph\">{\"@context\":\"https:\/\/schema.org\",\"@graph\":[{\"@type\":\"NewsArticle\",\"@id\":\"https:\/\/dicodusport.fr\/blog\/mondiaux-cyclisme-2022-suisse-championne-du-monde-relais-mixte\/#article\",\"isPartOf\":{\"@id\":\"https:\/\/dicodusport.fr\/blog\/mondiaux-cyclisme-2022-suisse-championne-du-monde-relais-mixte\/\"},\"author\":{\"name\":\"Flo Ostermann\",\"@id\":\"https:\/\/dicodusport.fr\/blog\/#\/schema\/person\/cb02af4c173ce4a653b55e9baf388d4a\"},\"headline\":\"Mondiaux Cyclisme 2022 : La Suisse championne du monde sur le relais mixte\",\"datePublished\":\"2022-09-21T07:04:52+00:00\",\"dateModified\":\"2022-09-21T08:52:10+00:00\",\"mainEntityOfPage\":{\"@id\":\"https:\/\/dicodusport.fr\/blog\/mondiaux-cyclisme-2022-suisse-championne-du-monde-relais-mixte\/\"},\"wordCount\":400,\"commentCount\":0,\"publisher\":{\"@id\":\"https:\/\/dicodusport.fr\/blog\/#organization\"},\"image\":{\"@id\":\"https:\/\/dicodusport.fr\/blog\/mondiaux-cyclisme-2022-suisse-championne-du-monde-relais-mixte\/#primaryimage\"},\"thumbnailUrl\":\"https:\/\/dicodusport.fr\/blog\/wp-content\/uploads\/2022\/09\/Mondiaux-Cyclisme-2022-La-Suisse-championne-du-monde-sur-le-relais-mixte-1.png\",\"keywords\":[\"Cyclisme\",\"sport\"],\"articleSection\":[\"Cyclisme sur route\"],\"inLanguage\":\"fr-FR\",\"potentialAction\":[{\"@type\":\"CommentAction\",\"name\":\"Comment\",\"target\":[\"https:\/\/dicodusport.fr\/blog\/mondiaux-cyclisme-2022-suisse-championne-du-monde-relais-mixte\/#respond\"]}],\"copyrightYear\":\"2022\",\"copyrightHolder\":{\"@id\":\"https:\/\/dicodusport.fr\/blog\/#organization\"}},{\"@type\":\"WebPage\",\"@id\":\"https:\/\/dicodusport.fr\/blog\/mondiaux-cyclisme-2022-suisse-championne-du-monde-relais-mixte\/\",\"url\":\"https:\/\/dicodusport.fr\/blog\/mondiaux-cyclisme-2022-suisse-championne-du-monde-relais-mixte\/\",\"name\":\"Mondiaux Cyclisme 2022 : La Suisse championne du monde sur le relais mixte\",\"isPartOf\":{\"@id\":\"https:\/\/dicodusport.fr\/blog\/#website\"},\"primaryImageOfPage\":{\"@id\":\"https:\/\/dicodusport.fr\/blog\/mondiaux-cyclisme-2022-suisse-championne-du-monde-relais-mixte\/#primaryimage\"},\"image\":{\"@id\":\"https:\/\/dicodusport.fr\/blog\/mondiaux-cyclisme-2022-suisse-championne-du-monde-relais-mixte\/#primaryimage\"},\"thumbnailUrl\":\"https:\/\/dicodusport.fr\/blog\/wp-content\/uploads\/2022\/09\/Mondiaux-Cyclisme-2022-La-Suisse-championne-du-monde-sur-le-relais-mixte-1.png\",\"datePublished\":\"2022-09-21T07:04:52+00:00\",\"dateModified\":\"2022-09-21T08:52:10+00:00\",\"description\":\"MONDIAUX CYCLISME SUR ROUTE 2022 - Ce mercredi, la Suisse est devenue championne du monde du relais mixte \u00e0 Wollongong.\",\"breadcrumb\":{\"@id\":\"https:\/\/dicodusport.fr\/blog\/mondiaux-cyclisme-2022-suisse-championne-du-monde-relais-mixte\/#breadcrumb\"},\"inLanguage\":\"fr-FR\",\"potentialAction\":[{\"@type\":\"ReadAction\",\"target\":[\"https:\/\/dicodusport.fr\/blog\/mondiaux-cyclisme-2022-suisse-championne-du-monde-relais-mixte\/\"]}]},{\"@type\":\"ImageObject\",\"inLanguage\":\"fr-FR\",\"@id\":\"https:\/\/dicodusport.fr\/blog\/mondiaux-cyclisme-2022-suisse-championne-du-monde-relais-mixte\/#primaryimage\",\"url\":\"https:\/\/dicodusport.fr\/blog\/wp-content\/uploads\/2022\/09\/Mondiaux-Cyclisme-2022-La-Suisse-championne-du-monde-sur-le-relais-mixte-1.png\",\"contentUrl\":\"https:\/\/dicodusport.fr\/blog\/wp-content\/uploads\/2022\/09\/Mondiaux-Cyclisme-2022-La-Suisse-championne-du-monde-sur-le-relais-mixte-1.png\",\"width\":800,\"height\":445,\"caption\":\"Mondiaux Cyclisme 2022 La Suisse championne du monde sur le relais mixte (1)\"},{\"@type\":\"BreadcrumbList\",\"@id\":\"https:\/\/dicodusport.fr\/blog\/mondiaux-cyclisme-2022-suisse-championne-du-monde-relais-mixte\/#breadcrumb\",\"itemListElement\":[{\"@type\":\"ListItem\",\"position\":1,\"name\":\"Accueil\",\"item\":\"https:\/\/dicodusport.fr\/blog\/\"},{\"@type\":\"ListItem\",\"position\":2,\"name\":\"Mondiaux Cyclisme 2022 : La Suisse championne du monde sur le relais mixte\"}]},{\"@type\":\"WebSite\",\"@id\":\"https:\/\/dicodusport.fr\/blog\/#website\",\"url\":\"https:\/\/dicodusport.fr\/blog\/\",\"name\":\"Dicodusport\",\"description\":\"L&#039;encyclop\u00e9die de l&#039;actualit\u00e9 sportive\",\"publisher\":{\"@id\":\"https:\/\/dicodusport.fr\/blog\/#organization\"},\"potentialAction\":[{\"@type\":\"SearchAction\",\"target\":{\"@type\":\"EntryPoint\",\"urlTemplate\":\"https:\/\/dicodusport.fr\/blog\/?s={search_term_string}\"},\"query-input\":{\"@type\":\"PropertyValueSpecification\",\"valueRequired\":true,\"valueName\":\"search_term_string\"}}],\"inLanguage\":\"fr-FR\"},{\"@type\":\"NewsMediaOrganization\",\"@id\":\"https:\/\/dicodusport.fr\/blog\/#organization\",\"name\":\"Dicodusport\",\"url\":\"https:\/\/dicodusport.fr\/blog\/\",\"logo\":{\"@type\":\"ImageObject\",\"inLanguage\":\"fr-FR\",\"@id\":\"https:\/\/dicodusport.fr\/blog\/#\/schema\/logo\/image\/\",\"url\":\"https:\/\/dicodusport.fr\/blog\/wp-content\/uploads\/2020\/06\/cropped-LOGO-DICODUSPORT-2020-SANS-FOND-SANS-TEXTE.png\",\"contentUrl\":\"https:\/\/dicodusport.fr\/blog\/wp-content\/uploads\/2020\/06\/cropped-LOGO-DICODUSPORT-2020-SANS-FOND-SANS-TEXTE.png\",\"width\":512,\"height\":512,\"caption\":\"Dicodusport\"},\"image\":{\"@id\":\"https:\/\/dicodusport.fr\/blog\/#\/schema\/logo\/image\/\"},\"sameAs\":[\"https:\/\/www.facebook.com\/dicodusport\",\"https:\/\/x.com\/dicodusport\",\"https:\/\/www.instagram.com\/dicodusport\/\",\"https:\/\/www.youtube.com\/channel\/UC7V2KZ5sd3htJivAbA4ZG3w\"],\"description\":\"Dicodusport est l'encyclop\u00e9die de l'actualit\u00e9 sportive.\",\"email\":\"bonjour@dicodusport.fr\",\"legalName\":\"DICODUSPORT\",\"foundingDate\":\"2018-01-14\",\"vatID\":\"FR71834470973\",\"taxID\":\"83447097300043\",\"numberOfEmployees\":{\"@type\":\"QuantitativeValue\",\"minValue\":\"1\",\"maxValue\":\"10\"}},{\"@type\":\"Person\",\"@id\":\"https:\/\/dicodusport.fr\/blog\/#\/schema\/person\/cb02af4c173ce4a653b55e9baf388d4a\",\"name\":\"Flo Ostermann\",\"image\":{\"@type\":\"ImageObject\",\"inLanguage\":\"fr-FR\",\"@id\":\"https:\/\/dicodusport.fr\/blog\/#\/schema\/person\/image\/\",\"url\":\"https:\/\/dicodusport.fr\/blog\/wp-content\/uploads\/2021\/05\/Flo-Ostermann-150x150.jpg\",\"contentUrl\":\"https:\/\/dicodusport.fr\/blog\/wp-content\/uploads\/2021\/05\/Flo-Ostermann-150x150.jpg\",\"caption\":\"Flo Ostermann\"},\"description\":\"Journaliste\/R\u00e9dacteur depuis septembre 2015 - Mes premiers souvenirs dans le sport ? Les envol\u00e9es du Stade Toulousain et les duels Villeneuve-Schumacher et H\u00e4kkinen-Schumacher \u00e0 la fin des ann\u00e9es 90, la Coupe du monde de football en 1998, l\u2019exploit du XV de France face aux All Blacks en 1999, mais aussi Richard C\u0153ur de Lion qui vole sur les montagnes du Tour de France. Bien parti pour devenir professeur d\u2019EPS, les \u00e9v\u00e9nements de la vie (et la flemme d\u2019animer des s\u00e9ances de 3x500 m\u00e8tres toute ma vie) m\u2019ont conduit \u00e0 revoir mes plans. Me voil\u00e0 depuis fin 2017 sur Dicodusport, m\u00e9dia gr\u00e2ce (et pour) lequel je partage ma passion : le sport dans tous ses \u00e9tats. Le tout accompagn\u00e9 par les fous furieux et folles furieuses cit\u00e9s sur cette page !\",\"sameAs\":[\"https:\/\/www.facebook.com\/florent.ostermann\",\"https:\/\/x.com\/https:\/\/twitter.com\/FlOstermann\",\"admin\"],\"url\":\"https:\/\/dicodusport.fr\/blog\/author\/flo\/\"}]}<\/script>\n<!-- \/ Yoast SEO Premium plugin. -->","yoast_head_json":{"title":"Mondiaux Cyclisme 2022 : La Suisse championne du monde sur le relais mixte","description":"MONDIAUX CYCLISME SUR ROUTE 2022 - Ce mercredi, la Suisse est devenue championne du monde du relais mixte \u00e0 Wollongong.","robots":{"index":"index","follow":"follow","max-snippet":"max-snippet:-1","max-image-preview":"max-image-preview:large","max-video-preview":"max-video-preview:-1"},"canonical":"https:\/\/dicodusport.fr\/blog\/mondiaux-cyclisme-2022-suisse-championne-du-monde-relais-mixte\/","og_locale":"fr_FR","og_type":"article","og_title":"Mondiaux Cyclisme 2022 : La Suisse championne du monde sur le relais mixte","og_description":"MONDIAUX CYCLISME SUR ROUTE 2022 - Ce mercredi, la Suisse est devenue championne du monde du relais mixte \u00e0 Wollongong.","og_url":"https:\/\/dicodusport.fr\/blog\/mondiaux-cyclisme-2022-suisse-championne-du-monde-relais-mixte\/","og_site_name":"Dicodusport","article_publisher":"https:\/\/www.facebook.com\/dicodusport","article_author":"https:\/\/www.facebook.com\/florent.ostermann","article_published_time":"2022-09-21T07:04:52+00:00","article_modified_time":"2022-09-21T08:52:10+00:00","og_image":[{"width":800,"height":445,"url":"https:\/\/dicodusport.fr\/blog\/wp-content\/uploads\/2022\/09\/Mondiaux-Cyclisme-2022-La-Suisse-championne-du-monde-sur-le-relais-mixte-1.png","type":"image\/png"}],"author":"Flo Ostermann","twitter_card":"summary_large_image","twitter_title":"Mondiaux Cyclisme 2022 : La Suisse championne du monde sur le relais mixte","twitter_creator":"@https:\/\/twitter.com\/FlOstermann","twitter_site":"@dicodusport","schema":{"@context":"https:\/\/schema.org","@graph":[{"@type":"NewsArticle","@id":"https:\/\/dicodusport.fr\/blog\/mondiaux-cyclisme-2022-suisse-championne-du-monde-relais-mixte\/#article","isPartOf":{"@id":"https:\/\/dicodusport.fr\/blog\/mondiaux-cyclisme-2022-suisse-championne-du-monde-relais-mixte\/"},"author":{"name":"Flo Ostermann","@id":"https:\/\/dicodusport.fr\/blog\/#\/schema\/person\/cb02af4c173ce4a653b55e9baf388d4a"},"headline":"Mondiaux Cyclisme 2022 : La Suisse championne du monde sur le relais mixte","datePublished":"2022-09-21T07:04:52+00:00","dateModified":"2022-09-21T08:52:10+00:00","mainEntityOfPage":{"@id":"https:\/\/dicodusport.fr\/blog\/mondiaux-cyclisme-2022-suisse-championne-du-monde-relais-mixte\/"},"wordCount":400,"commentCount":0,"publisher":{"@id":"https:\/\/dicodusport.fr\/blog\/#organization"},"image":{"@id":"https:\/\/dicodusport.fr\/blog\/mondiaux-cyclisme-2022-suisse-championne-du-monde-relais-mixte\/#primaryimage"},"thumbnailUrl":"https:\/\/dicodusport.fr\/blog\/wp-content\/uploads\/2022\/09\/Mondiaux-Cyclisme-2022-La-Suisse-championne-du-monde-sur-le-relais-mixte-1.png","keywords":["Cyclisme","sport"],"articleSection":["Cyclisme sur route"],"inLanguage":"fr-FR","potentialAction":[{"@type":"CommentAction","name":"Comment","target":["https:\/\/dicodusport.fr\/blog\/mondiaux-cyclisme-2022-suisse-championne-du-monde-relais-mixte\/#respond"]}],"copyrightYear":"2022","copyrightHolder":{"@id":"https:\/\/dicodusport.fr\/blog\/#organization"}},{"@type":"WebPage","@id":"https:\/\/dicodusport.fr\/blog\/mondiaux-cyclisme-2022-suisse-championne-du-monde-relais-mixte\/","url":"https:\/\/dicodusport.fr\/blog\/mondiaux-cyclisme-2022-suisse-championne-du-monde-relais-mixte\/","name":"Mondiaux Cyclisme 2022 : La Suisse championne du monde sur le relais mixte","isPartOf":{"@id":"https:\/\/dicodusport.fr\/blog\/#website"},"primaryImageOfPage":{"@id":"https:\/\/dicodusport.fr\/blog\/mondiaux-cyclisme-2022-suisse-championne-du-monde-relais-mixte\/#primaryimage"},"image":{"@id":"https:\/\/dicodusport.fr\/blog\/mondiaux-cyclisme-2022-suisse-championne-du-monde-relais-mixte\/#primaryimage"},"thumbnailUrl":"https:\/\/dicodusport.fr\/blog\/wp-content\/uploads\/2022\/09\/Mondiaux-Cyclisme-2022-La-Suisse-championne-du-monde-sur-le-relais-mixte-1.png","datePublished":"2022-09-21T07:04:52+00:00","dateModified":"2022-09-21T08:52:10+00:00","description":"MONDIAUX CYCLISME SUR ROUTE 2022 - Ce mercredi, la Suisse est devenue championne du monde du relais mixte \u00e0 Wollongong.","breadcrumb":{"@id":"https:\/\/dicodusport.fr\/blog\/mondiaux-cyclisme-2022-suisse-championne-du-monde-relais-mixte\/#breadcrumb"},"inLanguage":"fr-FR","potentialAction":[{"@type":"ReadAction","target":["https:\/\/dicodusport.fr\/blog\/mondiaux-cyclisme-2022-suisse-championne-du-monde-relais-mixte\/"]}]},{"@type":"ImageObject","inLanguage":"fr-FR","@id":"https:\/\/dicodusport.fr\/blog\/mondiaux-cyclisme-2022-suisse-championne-du-monde-relais-mixte\/#primaryimage","url":"https:\/\/dicodusport.fr\/blog\/wp-content\/uploads\/2022\/09\/Mondiaux-Cyclisme-2022-La-Suisse-championne-du-monde-sur-le-relais-mixte-1.png","contentUrl":"https:\/\/dicodusport.fr\/blog\/wp-content\/uploads\/2022\/09\/Mondiaux-Cyclisme-2022-La-Suisse-championne-du-monde-sur-le-relais-mixte-1.png","width":800,"height":445,"caption":"Mondiaux Cyclisme 2022 La Suisse championne du monde sur le relais mixte (1)"},{"@type":"BreadcrumbList","@id":"https:\/\/dicodusport.fr\/blog\/mondiaux-cyclisme-2022-suisse-championne-du-monde-relais-mixte\/#breadcrumb","itemListElement":[{"@type":"ListItem","position":1,"name":"Accueil","item":"https:\/\/dicodusport.fr\/blog\/"},{"@type":"ListItem","position":2,"name":"Mondiaux Cyclisme 2022 : La Suisse championne du monde sur le relais mixte"}]},{"@type":"WebSite","@id":"https:\/\/dicodusport.fr\/blog\/#website","url":"https:\/\/dicodusport.fr\/blog\/","name":"Dicodusport","description":"L&#039;encyclop\u00e9die de l&#039;actualit\u00e9 sportive","publisher":{"@id":"https:\/\/dicodusport.fr\/blog\/#organization"},"potentialAction":[{"@type":"SearchAction","target":{"@type":"EntryPoint","urlTemplate":"https:\/\/dicodusport.fr\/blog\/?s={search_term_string}"},"query-input":{"@type":"PropertyValueSpecification","valueRequired":true,"valueName":"search_term_string"}}],"inLanguage":"fr-FR"},{"@type":"NewsMediaOrganization","@id":"https:\/\/dicodusport.fr\/blog\/#organization","name":"Dicodusport","url":"https:\/\/dicodusport.fr\/blog\/","logo":{"@type":"ImageObject","inLanguage":"fr-FR","@id":"https:\/\/dicodusport.fr\/blog\/#\/schema\/logo\/image\/","url":"https:\/\/dicodusport.fr\/blog\/wp-content\/uploads\/2020\/06\/cropped-LOGO-DICODUSPORT-2020-SANS-FOND-SANS-TEXTE.png","contentUrl":"https:\/\/dicodusport.fr\/blog\/wp-content\/uploads\/2020\/06\/cropped-LOGO-DICODUSPORT-2020-SANS-FOND-SANS-TEXTE.png","width":512,"height":512,"caption":"Dicodusport"},"image":{"@id":"https:\/\/dicodusport.fr\/blog\/#\/schema\/logo\/image\/"},"sameAs":["https:\/\/www.facebook.com\/dicodusport","https:\/\/x.com\/dicodusport","https:\/\/www.instagram.com\/dicodusport\/","https:\/\/www.youtube.com\/channel\/UC7V2KZ5sd3htJivAbA4ZG3w"],"description":"Dicodusport est l'encyclop\u00e9die de l'actualit\u00e9 sportive.","email":"bonjour@dicodusport.fr","legalName":"DICODUSPORT","foundingDate":"2018-01-14","vatID":"FR71834470973","taxID":"83447097300043","numberOfEmployees":{"@type":"QuantitativeValue","minValue":"1","maxValue":"10"}},{"@type":"Person","@id":"https:\/\/dicodusport.fr\/blog\/#\/schema\/person\/cb02af4c173ce4a653b55e9baf388d4a","name":"Flo Ostermann","image":{"@type":"ImageObject","inLanguage":"fr-FR","@id":"https:\/\/dicodusport.fr\/blog\/#\/schema\/person\/image\/","url":"https:\/\/dicodusport.fr\/blog\/wp-content\/uploads\/2021\/05\/Flo-Ostermann-150x150.jpg","contentUrl":"https:\/\/dicodusport.fr\/blog\/wp-content\/uploads\/2021\/05\/Flo-Ostermann-150x150.jpg","caption":"Flo Ostermann"},"description":"Journaliste\/R\u00e9dacteur depuis septembre 2015 - Mes premiers souvenirs dans le sport ? Les envol\u00e9es du Stade Toulousain et les duels Villeneuve-Schumacher et H\u00e4kkinen-Schumacher \u00e0 la fin des ann\u00e9es 90, la Coupe du monde de football en 1998, l\u2019exploit du XV de France face aux All Blacks en 1999, mais aussi Richard C\u0153ur de Lion qui vole sur les montagnes du Tour de France. Bien parti pour devenir professeur d\u2019EPS, les \u00e9v\u00e9nements de la vie (et la flemme d\u2019animer des s\u00e9ances de 3x500 m\u00e8tres toute ma vie) m\u2019ont conduit \u00e0 revoir mes plans. Me voil\u00e0 depuis fin 2017 sur Dicodusport, m\u00e9dia gr\u00e2ce (et pour) lequel je partage ma passion : le sport dans tous ses \u00e9tats. Le tout accompagn\u00e9 par les fous furieux et folles furieuses cit\u00e9s sur cette page !","sameAs":["https:\/\/www.facebook.com\/florent.ostermann","https:\/\/x.com\/https:\/\/twitter.com\/FlOstermann","admin"],"url":"https:\/\/dicodusport.fr\/blog\/author\/flo\/"}]}},"_links":{"self":[{"href":"https:\/\/dicodusport.fr\/blog\/wp-json\/wp\/v2\/posts\/263873","targetHints":{"allow":["GET"]}}],"collection":[{"href":"https:\/\/dicodusport.fr\/blog\/wp-json\/wp\/v2\/posts"}],"about":[{"href":"https:\/\/dicodusport.fr\/blog\/wp-json\/wp\/v2\/types\/post"}],"author":[{"embeddable":true,"href":"https:\/\/dicodusport.fr\/blog\/wp-json\/wp\/v2\/users\/4"}],"replies":[{"embeddable":true,"href":"https:\/\/dicodusport.fr\/blog\/wp-json\/wp\/v2\/comments?post=263873"}],"version-history":[{"count":0,"href":"https:\/\/dicodusport.fr\/blog\/wp-json\/wp\/v2\/posts\/263873\/revisions"}],"wp:featuredmedia":[{"embeddable":true,"href":"https:\/\/dicodusport.fr\/blog\/wp-json\/wp\/v2\/media\/263902"}],"wp:attachment":[{"href":"https:\/\/dicodusport.fr\/blog\/wp-json\/wp\/v2\/media?parent=263873"}],"wp:term":[{"taxonomy":"category","embeddable":true,"href":"https:\/\/dicodusport.fr\/blog\/wp-json\/wp\/v2\/categories?post=263873"},{"taxonomy":"post_tag","embeddable":true,"href":"https:\/\/dicodusport.fr\/blog\/wp-json\/wp\/v2\/tags?post=263873"}],"curies":[{"name":"wp","href":"https:\/\/api.w.org\/{rel}","templated":true}]}}