{"id":26400,"date":"2018-09-27T12:00:42","date_gmt":"2018-09-27T10:00:42","guid":{"rendered":"http:\/\/dicodusport.fr\/blog\/?p=26400"},"modified":"2018-09-27T11:36:02","modified_gmt":"2018-09-27T09:36:02","slug":"pogba-et-mourinho-c-est-chaud","status":"publish","type":"post","link":"https:\/\/dicodusport.fr\/blog\/pogba-et-mourinho-c-est-chaud\/","title":{"rendered":"Pogba et Mourinho, c&rsquo;est tr\u00e8s chaud !"},"content":{"rendered":"<p style=\"text-align: justify;\"><strong><em>Souvent difficile depuis plusieurs mois maintenant, la relation entre Jos\u00e9 Mourinho et l\u2019international Fran\u00e7ais Paul Pogba vient d\u2019atteindre un point rarement vu entre un entraineur et son joueur vedette. De quoi pousser plus vite que pr\u00e9vu le nouveau champion du monde vers la sortie\u00a0?<\/em> <\/strong><\/p>\n<p style=\"text-align: justify;\">Fort de son nouveau statut de champion du monde, Paul Pogba, l\u2019un des acteurs majeurs du titre Fran\u00e7ais en Russie, a r\u00e9alis\u00e9 un retour tonitruant la semaine derni\u00e8re en Ligue des Champions face aux Young Boys de Berne en signant un doubl\u00e9 et une passe d\u00e9cisive, le tout en portant le brassard de capitaine. Mais malheureusement pour lui, en l\u2019espace d\u2019une semaine, la situation s\u2019est rapidement retourn\u00e9e contre lui.<\/p>\n<div id=\"attachment_26402\" style=\"width: 670px\" class=\"wp-caption aligncenter\"><img loading=\"lazy\" decoding=\"async\" aria-describedby=\"caption-attachment-26402\" class=\"size-large wp-image-26402\" src=\"http:\/\/dicodusport.fr\/blog\/wp-content\/uploads\/2018\/09\/Paul-Pogba-auteur-dune-prestation-XXL-pour-son-retour-en-Ligue-des-Champions-Goal.com_-1024x576.jpg\" alt=\"\" width=\"660\" height=\"371\" srcset=\"https:\/\/dicodusport.fr\/blog\/wp-content\/uploads\/2018\/09\/Paul-Pogba-auteur-dune-prestation-XXL-pour-son-retour-en-Ligue-des-Champions-Goal.com_-1024x576.jpg 1024w, https:\/\/dicodusport.fr\/blog\/wp-content\/uploads\/2018\/09\/Paul-Pogba-auteur-dune-prestation-XXL-pour-son-retour-en-Ligue-des-Champions-Goal.com_-300x169.jpg 300w, https:\/\/dicodusport.fr\/blog\/wp-content\/uploads\/2018\/09\/Paul-Pogba-auteur-dune-prestation-XXL-pour-son-retour-en-Ligue-des-Champions-Goal.com_-768x432.jpg 768w, https:\/\/dicodusport.fr\/blog\/wp-content\/uploads\/2018\/09\/Paul-Pogba-auteur-dune-prestation-XXL-pour-son-retour-en-Ligue-des-Champions-Goal.com_.jpg 1280w\" sizes=\"auto, (max-width: 660px) 100vw, 660px\" \/><p id=\"caption-attachment-26402\" class=\"wp-caption-text\">Paul Pogba, auteur d&rsquo;une prestation XXL pour son retour en Ligue des Champions &#8211; Goal.com<\/p><\/div>\n<p style=\"text-align: justify;\">Quelques jours plus tard, en championnat d\u2019Angleterre, les Reds de Manchester United sont accroch\u00e9s chez eux par la modeste formation de Wolverhampton (1-1). Un r\u00e9sultat et une prestation des Reds Devils qui n\u2019a pas sp\u00e9cialement convaincu Paul Pogba, comme ce dernier l\u2019indiquera aux micros des journalistes \u00e0 la suite de la rencontre, pr\u00e9cisant notamment \u00ab\u00a0qu\u2019on doit jouer mieux que \u00e7a contre les Wolves, car on est \u00e0 la maison. On est l\u00e0 pour attaquer.\u00a0\u00bb<\/p>\n<p style=\"text-align: justify;\">Adepte d\u2019un jeu plut\u00f4t d\u00e9fensif, son entraineur, Jos\u00e9 Mourinho, n\u2019a pas sp\u00e9cialement appr\u00e9ci\u00e9 ce reproche de son vice-capitaine. Comme il aime le faire pour marquer son autorit\u00e9, le coach Portugais a souhait\u00e9 frapper fort et cela au d\u00e9pend de l\u2019international Fran\u00e7ais. R\u00e9sultat\u00a0? Selon The Times, le toujours bien inform\u00e9 quotidien Anglais, Jos\u00e9 Mourinho aurait inform\u00e9 Paul Pogba, devant ses co\u00e9quipiers, qu\u2019il ne porterait plus jamais le brassard de capitaine tant qu\u2019il serait en charge de Manchester United. Le tout avant de laisser son joueur vedette dans les tribunes pour la rencontre de Coupe de la Ligue Anglaise face \u00e0 Derby County (deuxi\u00e8me division anglaise). Ce dernier a donc assist\u00e9 en qualit\u00e9 de spectateur \u00e0 la d\u00e9convenue de ses co\u00e9quipiers et leur d\u00e9faite aux tirs au but.<\/p>\n<div id=\"attachment_26405\" style=\"width: 922px\" class=\"wp-caption aligncenter\"><img loading=\"lazy\" decoding=\"async\" aria-describedby=\"caption-attachment-26405\" class=\"size-full wp-image-26405\" src=\"http:\/\/dicodusport.fr\/blog\/wp-content\/uploads\/2018\/09\/Paul-Pogba-assiste-depuis-les-tribunes-a\u0300-le\u0301limination-de-United-en-Coupe-de-la-Ligue-90min.jpg\" alt=\"\" width=\"912\" height=\"516\" srcset=\"https:\/\/dicodusport.fr\/blog\/wp-content\/uploads\/2018\/09\/Paul-Pogba-assiste-depuis-les-tribunes-a\u0300-le\u0301limination-de-United-en-Coupe-de-la-Ligue-90min.jpg 912w, https:\/\/dicodusport.fr\/blog\/wp-content\/uploads\/2018\/09\/Paul-Pogba-assiste-depuis-les-tribunes-a\u0300-le\u0301limination-de-United-en-Coupe-de-la-Ligue-90min-300x170.jpg 300w, https:\/\/dicodusport.fr\/blog\/wp-content\/uploads\/2018\/09\/Paul-Pogba-assiste-depuis-les-tribunes-a\u0300-le\u0301limination-de-United-en-Coupe-de-la-Ligue-90min-768x435.jpg 768w\" sizes=\"auto, (max-width: 912px) 100vw, 912px\" \/><p id=\"caption-attachment-26405\" class=\"wp-caption-text\">Paul Pogba assiste depuis les tribunes a\u0300 l&rsquo;e\u0301limination de United en Coupe de la Ligue &#8211; 90min<\/p><\/div>\n<p style=\"text-align: justify;\">Pour ne rien arranger, au cours de cette rencontre, Jos\u00e9 Mourinho n\u2019aurait pas appr\u00e9ci\u00e9 une vid\u00e9o post\u00e9e sur la story Instagram de Paul Pogba montrant ce dernier et deux de ses co\u00e9quipiers en tribune avec un large sourire pendant que leurs co\u00e9quipiers \u00e9taient en grande difficult\u00e9 sur la pelouse face \u00e0 Derby County. Reste \u00e0 savoir \u00e0 quel moment de la rencontre cette vid\u00e9o fut post\u00e9. De retour \u00e0 l\u2019entrainement ce mercredi matin, Sky Sports fut t\u00e9moin des retrouvailles tr\u00e8s tendus entre les deux acteurs de la semaine troublante de Manchester United. Cette tension ne pr\u00e9sage rien de bon concernant l\u2019avenir de Paul Pogba \u00e0 Manchester United. Les envies de d\u00e9part de \u00ab la Pioche\u00a0\u00bb, d\u00e9j\u00e0 \u00e9voqu\u00e9es l\u2019\u00e9t\u00e9 dernier, devraient rapidement faire la une des m\u00e9dias britanniques. Affaire \u00e0 suivre\u2026<\/p>\n<p><a href=\"https:\/\/twitter.com\/SkySportsNews\/status\/1044906594318929921\">https:\/\/twitter.com\/SkySportsNews\/status\/1044906594318929921<\/a><\/p>\n<p><strong><em>Bastien Pitte<br \/>\n<a href=\"https:\/\/www.facebook.com\/bastien.pitte\" target=\"_blank\" rel=\"noopener\"><img loading=\"lazy\" decoding=\"async\" class=\"alignnone wp-image-2909\" src=\"http:\/\/dicodusport.fr\/blog\/wp-content\/uploads\/2017\/07\/logo-facebook-150x150.png\" alt=\"\" width=\"39\" height=\"39\" \/><\/a><\/em><\/strong><a href=\"https:\/\/www.linkedin.com\/in\/bastien-pitte\" target=\"_blank\" rel=\"noopener\"><img loading=\"lazy\" decoding=\"async\" class=\"alignnone wp-image-3711\" src=\"http:\/\/dicodusport.fr\/blog\/wp-content\/uploads\/2017\/08\/signature-linkedin-150x150.png\" alt=\"\" width=\"39\" height=\"39\" srcset=\"https:\/\/dicodusport.fr\/blog\/wp-content\/uploads\/2017\/08\/signature-linkedin-150x150.png 150w, https:\/\/dicodusport.fr\/blog\/wp-content\/uploads\/2017\/08\/signature-linkedin.png 295w\" sizes=\"auto, (max-width: 39px) 100vw, 39px\" \/><\/a><\/p>\n","protected":false},"excerpt":{"rendered":"<p>Souvent difficile depuis plusieurs mois maintenant, la relation entre Jos\u00e9 Mourinho et l\u2019international Fran\u00e7ais Paul Pogba vient d\u2019atteindre un point rarement vu entre un entraineur et son joueur vedette. De quoi pousser plus vite que pr\u00e9vu le nouveau champion du monde vers la sortie\u00a0?<\/p>\n","protected":false},"author":28,"featured_media":26440,"comment_status":"open","ping_status":"closed","sticky":false,"template":"","format":"standard","meta":{"_acf_changed":false,"_daextam_enable_autolinks":"","footnotes":""},"categories":[2,2301],"tags":[75,6101,4155,4154,50],"class_list":["post-26400","post","type-post","status-publish","format-standard","has-post-thumbnail","hentry","category-actualites","category-football","tag-football","tag-jose-mourinho","tag-manchester-united","tag-paul-pogba","tag-premier-league"],"acf":[],"yoast_head":"<!-- This site is optimized with the Yoast SEO Premium plugin v26.7 (Yoast SEO v26.7) - https:\/\/yoast.com\/wordpress\/plugins\/seo\/ -->\n<title>Pogba et Mourinho, c&#039;est tr\u00e8s chaud !<\/title>\n<meta name=\"description\" content=\"La relation entre Jos\u00e9 Mourinho et l\u2019international Fran\u00e7ais Paul Pogba vient d\u2019atteindre un point rarement vu entre un entraineur et son joueur vedette.\" \/>\n<meta name=\"robots\" content=\"index, follow, max-snippet:-1, max-image-preview:large, max-video-preview:-1\" \/>\n<link rel=\"canonical\" href=\"https:\/\/dicodusport.fr\/blog\/pogba-et-mourinho-c-est-chaud\/\" \/>\n<meta property=\"og:locale\" content=\"fr_FR\" \/>\n<meta property=\"og:type\" content=\"article\" \/>\n<meta property=\"og:title\" content=\"Pogba et Mourinho, c&#039;est tr\u00e8s chaud !\" \/>\n<meta property=\"og:description\" content=\"La relation entre Jos\u00e9 Mourinho et l\u2019international Fran\u00e7ais Paul Pogba vient d\u2019atteindre un point rarement vu entre un entraineur et son joueur vedette.\" \/>\n<meta property=\"og:url\" content=\"https:\/\/dicodusport.fr\/blog\/pogba-et-mourinho-c-est-chaud\/\" \/>\n<meta property=\"og:site_name\" content=\"Dicodusport\" \/>\n<meta property=\"article:publisher\" content=\"https:\/\/www.facebook.com\/dicodusport\" \/>\n<meta property=\"article:published_time\" content=\"2018-09-27T10:00:42+00:00\" \/>\n<meta property=\"og:image\" content=\"https:\/\/dicodusport.fr\/blog\/wp-content\/uploads\/2018\/09\/Pogba-Mourinho.png\" \/>\n\t<meta property=\"og:image:width\" content=\"800\" \/>\n\t<meta property=\"og:image:height\" content=\"445\" \/>\n\t<meta property=\"og:image:type\" content=\"image\/png\" \/>\n<meta name=\"author\" content=\"Bastien Pitte\" \/>\n<meta name=\"twitter:card\" content=\"summary_large_image\" \/>\n<meta name=\"twitter:creator\" content=\"@dicodusport\" \/>\n<meta name=\"twitter:site\" content=\"@dicodusport\" \/>\n<script type=\"application\/ld+json\" class=\"yoast-schema-graph\">{\"@context\":\"https:\/\/schema.org\",\"@graph\":[{\"@type\":\"NewsArticle\",\"@id\":\"https:\/\/dicodusport.fr\/blog\/pogba-et-mourinho-c-est-chaud\/#article\",\"isPartOf\":{\"@id\":\"https:\/\/dicodusport.fr\/blog\/pogba-et-mourinho-c-est-chaud\/\"},\"author\":{\"name\":\"Bastien Pitte\",\"@id\":\"https:\/\/dicodusport.fr\/blog\/#\/schema\/person\/0d3ca824646a2d0c77bdd7e45230c071\"},\"headline\":\"Pogba et Mourinho, c&rsquo;est tr\u00e8s chaud !\",\"datePublished\":\"2018-09-27T10:00:42+00:00\",\"mainEntityOfPage\":{\"@id\":\"https:\/\/dicodusport.fr\/blog\/pogba-et-mourinho-c-est-chaud\/\"},\"wordCount\":554,\"commentCount\":0,\"publisher\":{\"@id\":\"https:\/\/dicodusport.fr\/blog\/#organization\"},\"image\":{\"@id\":\"https:\/\/dicodusport.fr\/blog\/pogba-et-mourinho-c-est-chaud\/#primaryimage\"},\"thumbnailUrl\":\"https:\/\/dicodusport.fr\/blog\/wp-content\/uploads\/2018\/09\/Pogba-Mourinho.png\",\"keywords\":[\"Football\",\"Jos\u00e9 Mourinho\",\"Manchester United\",\"Paul Pogba\",\"Premier League\"],\"articleSection\":[\"Actualit\u00e9s\",\"Football\"],\"inLanguage\":\"fr-FR\",\"potentialAction\":[{\"@type\":\"CommentAction\",\"name\":\"Comment\",\"target\":[\"https:\/\/dicodusport.fr\/blog\/pogba-et-mourinho-c-est-chaud\/#respond\"]}],\"copyrightYear\":\"2018\",\"copyrightHolder\":{\"@id\":\"https:\/\/dicodusport.fr\/blog\/#organization\"}},{\"@type\":\"WebPage\",\"@id\":\"https:\/\/dicodusport.fr\/blog\/pogba-et-mourinho-c-est-chaud\/\",\"url\":\"https:\/\/dicodusport.fr\/blog\/pogba-et-mourinho-c-est-chaud\/\",\"name\":\"Pogba et Mourinho, c'est tr\u00e8s chaud !\",\"isPartOf\":{\"@id\":\"https:\/\/dicodusport.fr\/blog\/#website\"},\"primaryImageOfPage\":{\"@id\":\"https:\/\/dicodusport.fr\/blog\/pogba-et-mourinho-c-est-chaud\/#primaryimage\"},\"image\":{\"@id\":\"https:\/\/dicodusport.fr\/blog\/pogba-et-mourinho-c-est-chaud\/#primaryimage\"},\"thumbnailUrl\":\"https:\/\/dicodusport.fr\/blog\/wp-content\/uploads\/2018\/09\/Pogba-Mourinho.png\",\"datePublished\":\"2018-09-27T10:00:42+00:00\",\"description\":\"La relation entre Jos\u00e9 Mourinho et l\u2019international Fran\u00e7ais Paul Pogba vient d\u2019atteindre un point rarement vu entre un entraineur et son joueur vedette.\",\"breadcrumb\":{\"@id\":\"https:\/\/dicodusport.fr\/blog\/pogba-et-mourinho-c-est-chaud\/#breadcrumb\"},\"inLanguage\":\"fr-FR\",\"potentialAction\":[{\"@type\":\"ReadAction\",\"target\":[\"https:\/\/dicodusport.fr\/blog\/pogba-et-mourinho-c-est-chaud\/\"]}]},{\"@type\":\"ImageObject\",\"inLanguage\":\"fr-FR\",\"@id\":\"https:\/\/dicodusport.fr\/blog\/pogba-et-mourinho-c-est-chaud\/#primaryimage\",\"url\":\"https:\/\/dicodusport.fr\/blog\/wp-content\/uploads\/2018\/09\/Pogba-Mourinho.png\",\"contentUrl\":\"https:\/\/dicodusport.fr\/blog\/wp-content\/uploads\/2018\/09\/Pogba-Mourinho.png\",\"width\":800,\"height\":445},{\"@type\":\"BreadcrumbList\",\"@id\":\"https:\/\/dicodusport.fr\/blog\/pogba-et-mourinho-c-est-chaud\/#breadcrumb\",\"itemListElement\":[{\"@type\":\"ListItem\",\"position\":1,\"name\":\"Accueil\",\"item\":\"https:\/\/dicodusport.fr\/blog\/\"},{\"@type\":\"ListItem\",\"position\":2,\"name\":\"Pogba et Mourinho, c&rsquo;est tr\u00e8s chaud !\"}]},{\"@type\":\"WebSite\",\"@id\":\"https:\/\/dicodusport.fr\/blog\/#website\",\"url\":\"https:\/\/dicodusport.fr\/blog\/\",\"name\":\"Dicodusport\",\"description\":\"L&#039;encyclop\u00e9die de l&#039;actualit\u00e9 sportive\",\"publisher\":{\"@id\":\"https:\/\/dicodusport.fr\/blog\/#organization\"},\"potentialAction\":[{\"@type\":\"SearchAction\",\"target\":{\"@type\":\"EntryPoint\",\"urlTemplate\":\"https:\/\/dicodusport.fr\/blog\/?s={search_term_string}\"},\"query-input\":{\"@type\":\"PropertyValueSpecification\",\"valueRequired\":true,\"valueName\":\"search_term_string\"}}],\"inLanguage\":\"fr-FR\"},{\"@type\":\"NewsMediaOrganization\",\"@id\":\"https:\/\/dicodusport.fr\/blog\/#organization\",\"name\":\"Dicodusport\",\"url\":\"https:\/\/dicodusport.fr\/blog\/\",\"logo\":{\"@type\":\"ImageObject\",\"inLanguage\":\"fr-FR\",\"@id\":\"https:\/\/dicodusport.fr\/blog\/#\/schema\/logo\/image\/\",\"url\":\"https:\/\/dicodusport.fr\/blog\/wp-content\/uploads\/2020\/06\/cropped-LOGO-DICODUSPORT-2020-SANS-FOND-SANS-TEXTE.png\",\"contentUrl\":\"https:\/\/dicodusport.fr\/blog\/wp-content\/uploads\/2020\/06\/cropped-LOGO-DICODUSPORT-2020-SANS-FOND-SANS-TEXTE.png\",\"width\":512,\"height\":512,\"caption\":\"Dicodusport\"},\"image\":{\"@id\":\"https:\/\/dicodusport.fr\/blog\/#\/schema\/logo\/image\/\"},\"sameAs\":[\"https:\/\/www.facebook.com\/dicodusport\",\"https:\/\/x.com\/dicodusport\",\"https:\/\/www.instagram.com\/dicodusport\/\",\"https:\/\/www.youtube.com\/channel\/UC7V2KZ5sd3htJivAbA4ZG3w\"],\"description\":\"Dicodusport est l'encyclop\u00e9die de l'actualit\u00e9 sportive.\",\"email\":\"bonjour@dicodusport.fr\",\"legalName\":\"DICODUSPORT\",\"foundingDate\":\"2018-01-14\",\"vatID\":\"FR71834470973\",\"taxID\":\"83447097300043\",\"numberOfEmployees\":{\"@type\":\"QuantitativeValue\",\"minValue\":\"1\",\"maxValue\":\"10\"}},{\"@type\":\"Person\",\"@id\":\"https:\/\/dicodusport.fr\/blog\/#\/schema\/person\/0d3ca824646a2d0c77bdd7e45230c071\",\"name\":\"Bastien Pitte\",\"image\":{\"@type\":\"ImageObject\",\"inLanguage\":\"fr-FR\",\"@id\":\"https:\/\/dicodusport.fr\/blog\/#\/schema\/person\/image\/\",\"url\":\"https:\/\/dicodusport.fr\/blog\/wp-content\/uploads\/2020\/06\/cropped-LOGO-DICODUSPORT-2020-SANS-FOND-SANS-TEXTE-150x150.png\",\"contentUrl\":\"https:\/\/dicodusport.fr\/blog\/wp-content\/uploads\/2020\/06\/cropped-LOGO-DICODUSPORT-2020-SANS-FOND-SANS-TEXTE-150x150.png\",\"caption\":\"Bastien Pitte\"},\"url\":\"https:\/\/dicodusport.fr\/blog\/author\/bastien\/\"}]}<\/script>\n<!-- \/ Yoast SEO Premium plugin. -->","yoast_head_json":{"title":"Pogba et Mourinho, c'est tr\u00e8s chaud !","description":"La relation entre Jos\u00e9 Mourinho et l\u2019international Fran\u00e7ais Paul Pogba vient d\u2019atteindre un point rarement vu entre un entraineur et son joueur vedette.","robots":{"index":"index","follow":"follow","max-snippet":"max-snippet:-1","max-image-preview":"max-image-preview:large","max-video-preview":"max-video-preview:-1"},"canonical":"https:\/\/dicodusport.fr\/blog\/pogba-et-mourinho-c-est-chaud\/","og_locale":"fr_FR","og_type":"article","og_title":"Pogba et Mourinho, c'est tr\u00e8s chaud !","og_description":"La relation entre Jos\u00e9 Mourinho et l\u2019international Fran\u00e7ais Paul Pogba vient d\u2019atteindre un point rarement vu entre un entraineur et son joueur vedette.","og_url":"https:\/\/dicodusport.fr\/blog\/pogba-et-mourinho-c-est-chaud\/","og_site_name":"Dicodusport","article_publisher":"https:\/\/www.facebook.com\/dicodusport","article_published_time":"2018-09-27T10:00:42+00:00","og_image":[{"width":800,"height":445,"url":"https:\/\/dicodusport.fr\/blog\/wp-content\/uploads\/2018\/09\/Pogba-Mourinho.png","type":"image\/png"}],"author":"Bastien Pitte","twitter_card":"summary_large_image","twitter_creator":"@dicodusport","twitter_site":"@dicodusport","schema":{"@context":"https:\/\/schema.org","@graph":[{"@type":"NewsArticle","@id":"https:\/\/dicodusport.fr\/blog\/pogba-et-mourinho-c-est-chaud\/#article","isPartOf":{"@id":"https:\/\/dicodusport.fr\/blog\/pogba-et-mourinho-c-est-chaud\/"},"author":{"name":"Bastien Pitte","@id":"https:\/\/dicodusport.fr\/blog\/#\/schema\/person\/0d3ca824646a2d0c77bdd7e45230c071"},"headline":"Pogba et Mourinho, c&rsquo;est tr\u00e8s chaud !","datePublished":"2018-09-27T10:00:42+00:00","mainEntityOfPage":{"@id":"https:\/\/dicodusport.fr\/blog\/pogba-et-mourinho-c-est-chaud\/"},"wordCount":554,"commentCount":0,"publisher":{"@id":"https:\/\/dicodusport.fr\/blog\/#organization"},"image":{"@id":"https:\/\/dicodusport.fr\/blog\/pogba-et-mourinho-c-est-chaud\/#primaryimage"},"thumbnailUrl":"https:\/\/dicodusport.fr\/blog\/wp-content\/uploads\/2018\/09\/Pogba-Mourinho.png","keywords":["Football","Jos\u00e9 Mourinho","Manchester United","Paul Pogba","Premier League"],"articleSection":["Actualit\u00e9s","Football"],"inLanguage":"fr-FR","potentialAction":[{"@type":"CommentAction","name":"Comment","target":["https:\/\/dicodusport.fr\/blog\/pogba-et-mourinho-c-est-chaud\/#respond"]}],"copyrightYear":"2018","copyrightHolder":{"@id":"https:\/\/dicodusport.fr\/blog\/#organization"}},{"@type":"WebPage","@id":"https:\/\/dicodusport.fr\/blog\/pogba-et-mourinho-c-est-chaud\/","url":"https:\/\/dicodusport.fr\/blog\/pogba-et-mourinho-c-est-chaud\/","name":"Pogba et Mourinho, c'est tr\u00e8s chaud !","isPartOf":{"@id":"https:\/\/dicodusport.fr\/blog\/#website"},"primaryImageOfPage":{"@id":"https:\/\/dicodusport.fr\/blog\/pogba-et-mourinho-c-est-chaud\/#primaryimage"},"image":{"@id":"https:\/\/dicodusport.fr\/blog\/pogba-et-mourinho-c-est-chaud\/#primaryimage"},"thumbnailUrl":"https:\/\/dicodusport.fr\/blog\/wp-content\/uploads\/2018\/09\/Pogba-Mourinho.png","datePublished":"2018-09-27T10:00:42+00:00","description":"La relation entre Jos\u00e9 Mourinho et l\u2019international Fran\u00e7ais Paul Pogba vient d\u2019atteindre un point rarement vu entre un entraineur et son joueur vedette.","breadcrumb":{"@id":"https:\/\/dicodusport.fr\/blog\/pogba-et-mourinho-c-est-chaud\/#breadcrumb"},"inLanguage":"fr-FR","potentialAction":[{"@type":"ReadAction","target":["https:\/\/dicodusport.fr\/blog\/pogba-et-mourinho-c-est-chaud\/"]}]},{"@type":"ImageObject","inLanguage":"fr-FR","@id":"https:\/\/dicodusport.fr\/blog\/pogba-et-mourinho-c-est-chaud\/#primaryimage","url":"https:\/\/dicodusport.fr\/blog\/wp-content\/uploads\/2018\/09\/Pogba-Mourinho.png","contentUrl":"https:\/\/dicodusport.fr\/blog\/wp-content\/uploads\/2018\/09\/Pogba-Mourinho.png","width":800,"height":445},{"@type":"BreadcrumbList","@id":"https:\/\/dicodusport.fr\/blog\/pogba-et-mourinho-c-est-chaud\/#breadcrumb","itemListElement":[{"@type":"ListItem","position":1,"name":"Accueil","item":"https:\/\/dicodusport.fr\/blog\/"},{"@type":"ListItem","position":2,"name":"Pogba et Mourinho, c&rsquo;est tr\u00e8s chaud !"}]},{"@type":"WebSite","@id":"https:\/\/dicodusport.fr\/blog\/#website","url":"https:\/\/dicodusport.fr\/blog\/","name":"Dicodusport","description":"L&#039;encyclop\u00e9die de l&#039;actualit\u00e9 sportive","publisher":{"@id":"https:\/\/dicodusport.fr\/blog\/#organization"},"potentialAction":[{"@type":"SearchAction","target":{"@type":"EntryPoint","urlTemplate":"https:\/\/dicodusport.fr\/blog\/?s={search_term_string}"},"query-input":{"@type":"PropertyValueSpecification","valueRequired":true,"valueName":"search_term_string"}}],"inLanguage":"fr-FR"},{"@type":"NewsMediaOrganization","@id":"https:\/\/dicodusport.fr\/blog\/#organization","name":"Dicodusport","url":"https:\/\/dicodusport.fr\/blog\/","logo":{"@type":"ImageObject","inLanguage":"fr-FR","@id":"https:\/\/dicodusport.fr\/blog\/#\/schema\/logo\/image\/","url":"https:\/\/dicodusport.fr\/blog\/wp-content\/uploads\/2020\/06\/cropped-LOGO-DICODUSPORT-2020-SANS-FOND-SANS-TEXTE.png","contentUrl":"https:\/\/dicodusport.fr\/blog\/wp-content\/uploads\/2020\/06\/cropped-LOGO-DICODUSPORT-2020-SANS-FOND-SANS-TEXTE.png","width":512,"height":512,"caption":"Dicodusport"},"image":{"@id":"https:\/\/dicodusport.fr\/blog\/#\/schema\/logo\/image\/"},"sameAs":["https:\/\/www.facebook.com\/dicodusport","https:\/\/x.com\/dicodusport","https:\/\/www.instagram.com\/dicodusport\/","https:\/\/www.youtube.com\/channel\/UC7V2KZ5sd3htJivAbA4ZG3w"],"description":"Dicodusport est l'encyclop\u00e9die de l'actualit\u00e9 sportive.","email":"bonjour@dicodusport.fr","legalName":"DICODUSPORT","foundingDate":"2018-01-14","vatID":"FR71834470973","taxID":"83447097300043","numberOfEmployees":{"@type":"QuantitativeValue","minValue":"1","maxValue":"10"}},{"@type":"Person","@id":"https:\/\/dicodusport.fr\/blog\/#\/schema\/person\/0d3ca824646a2d0c77bdd7e45230c071","name":"Bastien Pitte","image":{"@type":"ImageObject","inLanguage":"fr-FR","@id":"https:\/\/dicodusport.fr\/blog\/#\/schema\/person\/image\/","url":"https:\/\/dicodusport.fr\/blog\/wp-content\/uploads\/2020\/06\/cropped-LOGO-DICODUSPORT-2020-SANS-FOND-SANS-TEXTE-150x150.png","contentUrl":"https:\/\/dicodusport.fr\/blog\/wp-content\/uploads\/2020\/06\/cropped-LOGO-DICODUSPORT-2020-SANS-FOND-SANS-TEXTE-150x150.png","caption":"Bastien Pitte"},"url":"https:\/\/dicodusport.fr\/blog\/author\/bastien\/"}]}},"_links":{"self":[{"href":"https:\/\/dicodusport.fr\/blog\/wp-json\/wp\/v2\/posts\/26400","targetHints":{"allow":["GET"]}}],"collection":[{"href":"https:\/\/dicodusport.fr\/blog\/wp-json\/wp\/v2\/posts"}],"about":[{"href":"https:\/\/dicodusport.fr\/blog\/wp-json\/wp\/v2\/types\/post"}],"author":[{"embeddable":true,"href":"https:\/\/dicodusport.fr\/blog\/wp-json\/wp\/v2\/users\/28"}],"replies":[{"embeddable":true,"href":"https:\/\/dicodusport.fr\/blog\/wp-json\/wp\/v2\/comments?post=26400"}],"version-history":[{"count":0,"href":"https:\/\/dicodusport.fr\/blog\/wp-json\/wp\/v2\/posts\/26400\/revisions"}],"wp:featuredmedia":[{"embeddable":true,"href":"https:\/\/dicodusport.fr\/blog\/wp-json\/wp\/v2\/media\/26440"}],"wp:attachment":[{"href":"https:\/\/dicodusport.fr\/blog\/wp-json\/wp\/v2\/media?parent=26400"}],"wp:term":[{"taxonomy":"category","embeddable":true,"href":"https:\/\/dicodusport.fr\/blog\/wp-json\/wp\/v2\/categories?post=26400"},{"taxonomy":"post_tag","embeddable":true,"href":"https:\/\/dicodusport.fr\/blog\/wp-json\/wp\/v2\/tags?post=26400"}],"curies":[{"name":"wp","href":"https:\/\/api.w.org\/{rel}","templated":true}]}}