{"id":264037,"date":"2022-09-22T07:45:45","date_gmt":"2022-09-22T05:45:45","guid":{"rendered":"https:\/\/dicodusport.fr\/blog\/?p=264037&#038;preview=true&#038;preview_id=264037"},"modified":"2022-09-22T07:53:53","modified_gmt":"2022-09-22T05:53:53","slug":"mercato-jay-vine-pourrait-quitter-alpecin-pour-une-grosse-equipe-du-peloton","status":"publish","type":"post","link":"https:\/\/dicodusport.fr\/blog\/mercato-jay-vine-pourrait-quitter-alpecin-pour-une-grosse-equipe-du-peloton\/","title":{"rendered":"Mercato : Jay Vine pourrait quitter Alpecin pour une grosse \u00e9quipe du peloton"},"content":{"rendered":"<p style=\"text-align: justify;\"><b><i>CYCLISME SUR ROUTE 2022 &#8211; Selon la Gazzetta dello Sport, UAE Team Emirates tente de recruter Jay Vine pour la saison 2023.\u00a0<\/i><\/b><\/p>\n<p style=\"text-align: justify;\">Devenu professionnel avec <strong>Alpecin<\/strong> en 2021 apr\u00e8s avoir crev\u00e9 l&rsquo;\u00e9cran sur Zwift, <strong>Jay Vine<\/strong> a r\u00e9alis\u00e9 une fin de saison 2022 exceptionnelle. S&rsquo;il avait pris la deuxi\u00e8me place du Tour de Turquie et du Tour de Norv\u00e8ge, deux courses de seconde zone, c&rsquo;est sur la <strong>Vuelta<\/strong> qu&rsquo;il a impressionn\u00e9 tout le monde. <strong>Jay Vine<\/strong> a d&rsquo;abord remport\u00e9 une \u00e9tape de montagne \u00e0 la p\u00e9dale devant <strong>Remco Evenepoel<\/strong> avant de s&rsquo;en offrir une seconde suite \u00e0 une \u00e9chapp\u00e9e. Sans une chute qui l&rsquo;a contraint \u00e0 l&rsquo;abandon, il aurait probablement remport\u00e9 le classement de la montagne.<\/p>\n<p style=\"text-align: justify;\">Si <strong>Jay Vine<\/strong> est bien sous contrat avec Alpecin-Deceuninck pour la saison 2023, la formation de <strong>Tadej Pogacar<\/strong> aimerait le signer. <strong>UAE<\/strong> <strong>Team<\/strong> <strong>Emirates<\/strong> a d\u00e9j\u00e0 fait \u00e7a par le pass\u00e9 avec notamment <strong>Marc Hirschi<\/strong>. \u00c0 ce stade, rien n&rsquo;est encore act\u00e9, mais l&rsquo;\u00e9quipe \u00e9miratie pourrait frapper un second grand coup, <a href=\"https:\/\/dicodusport.fr\/blog\/mercato-adam-yates-proche-de-signer-avec-uae-team-emirates\/\">apr\u00e8s avoir obtenu la signature d&rsquo;<strong>Adam<\/strong> <strong>Yates<\/strong> pour les trois prochaines saisons<\/a>.<\/p>\n<blockquote class=\"twitter-tweet\">\n<p dir=\"ltr\" lang=\"en\">Info <a href=\"https:\/\/twitter.com\/Gazzetta_it?ref_src=twsrc%5Etfw\">@Gazzetta_it<\/a> &#8211; We understand that there are talks about Jay Vine possibility to join <a href=\"https:\/\/twitter.com\/TeamEmiratesUAE?ref_src=twsrc%5Etfw\">@TeamEmiratesUAE<\/a> from 2023. The two-stage <a href=\"https:\/\/twitter.com\/lavuelta?ref_src=twsrc%5Etfw\">@lavuelta<\/a> winner has so far a contract with <a href=\"https:\/\/twitter.com\/AlpecinDCK?ref_src=twsrc%5Etfw\">@AlpecinDCK<\/a> also for 2023. <a href=\"https:\/\/twitter.com\/elcyclingpod?ref_src=twsrc%5Etfw\">@elcyclingpod<\/a> <a href=\"https:\/\/twitter.com\/cycling_podcast?ref_src=twsrc%5Etfw\">@cycling_podcast<\/a> Nb: talks doesn&rsquo;t mean deal done<\/p>\n<p>\u2014 Ciro Scognamiglio (@cirogazzetta) <a href=\"https:\/\/twitter.com\/cirogazzetta\/status\/1572667108692983815?ref_src=twsrc%5Etfw\">September 21, 2022<\/a><\/p><\/blockquote>\n<p style=\"text-align: justify;\"><script async src=\"https:\/\/platform.twitter.com\/widgets.js\" charset=\"utf-8\"><\/script><\/p>\n","protected":false},"excerpt":{"rendered":"<p>CYCLISME SUR ROUTE 2022 &#8211; Selon la Gazzetta dello Sport, UAE Team Emirates tente de recruter Jay Vine pour la saison 2023.\u00a0<\/p>\n","protected":false},"author":1,"featured_media":264038,"comment_status":"open","ping_status":"closed","sticky":false,"template":"","format":"standard","meta":{"_acf_changed":false,"_daextam_enable_autolinks":"","footnotes":""},"categories":[46994],"tags":[26228,14884],"class_list":["post-264037","post","type-post","status-publish","format-standard","has-post-thumbnail","hentry","category-cyclisme-sur-route","tag-jay-vine","tag-uae-team-emirates"],"acf":[],"yoast_head":"<!-- This site is optimized with the Yoast SEO Premium plugin v26.7 (Yoast SEO v26.7) - https:\/\/yoast.com\/wordpress\/plugins\/seo\/ -->\n<title>Mercato : Jay Vine pourrait quitter Alpecin pour une grosse \u00e9quipe du peloton<\/title>\n<meta name=\"description\" content=\"CYCLISME SUR ROUTE 2022 - Selon la Gazzetta dello Sport, UAE Team Emirates tente de recruter Jay Vine pour la saison 2023.\u00a0\" \/>\n<meta name=\"robots\" content=\"index, follow, max-snippet:-1, max-image-preview:large, max-video-preview:-1\" \/>\n<link rel=\"canonical\" href=\"https:\/\/dicodusport.fr\/blog\/mercato-jay-vine-pourrait-quitter-alpecin-pour-une-grosse-equipe-du-peloton\/\" \/>\n<meta property=\"og:locale\" content=\"fr_FR\" \/>\n<meta property=\"og:type\" content=\"article\" \/>\n<meta property=\"og:title\" content=\"Mercato : Jay Vine pourrait quitter Alpecin pour une grosse \u00e9quipe du peloton\" \/>\n<meta property=\"og:description\" content=\"CYCLISME SUR ROUTE 2022 - Selon la Gazzetta dello Sport, UAE Team Emirates tente de recruter Jay Vine pour la saison 2023.\u00a0\" \/>\n<meta property=\"og:url\" content=\"https:\/\/dicodusport.fr\/blog\/mercato-jay-vine-pourrait-quitter-alpecin-pour-une-grosse-equipe-du-peloton\/\" \/>\n<meta property=\"og:site_name\" content=\"Dicodusport\" \/>\n<meta property=\"article:publisher\" content=\"https:\/\/www.facebook.com\/dicodusport\" \/>\n<meta property=\"article:author\" content=\"https:\/\/www.facebook.com\/dicodusport\" \/>\n<meta property=\"article:published_time\" content=\"2022-09-22T05:45:45+00:00\" \/>\n<meta property=\"article:modified_time\" content=\"2022-09-22T05:53:53+00:00\" \/>\n<meta property=\"og:image\" content=\"https:\/\/dicodusport.fr\/blog\/wp-content\/uploads\/2022\/09\/Mercato-Jay-Vine-pourrait-quitter-Alpecin-pour-une-grosse-e\u0301quipe-du-peloton.png\" \/>\n\t<meta property=\"og:image:width\" content=\"800\" \/>\n\t<meta property=\"og:image:height\" content=\"445\" \/>\n\t<meta property=\"og:image:type\" content=\"image\/png\" \/>\n<meta name=\"author\" content=\"Nicolas Jacquemard\" \/>\n<meta name=\"twitter:card\" content=\"summary_large_image\" \/>\n<meta name=\"twitter:title\" content=\"Mercato : Jay Vine pourrait quitter Alpecin pour une grosse \u00e9quipe du peloton\" \/>\n<meta name=\"twitter:creator\" content=\"@https:\/\/twitter.com\/Nico_Jacquemard\" \/>\n<meta name=\"twitter:site\" content=\"@dicodusport\" \/>\n<script type=\"application\/ld+json\" class=\"yoast-schema-graph\">{\"@context\":\"https:\/\/schema.org\",\"@graph\":[{\"@type\":\"NewsArticle\",\"@id\":\"https:\/\/dicodusport.fr\/blog\/mercato-jay-vine-pourrait-quitter-alpecin-pour-une-grosse-equipe-du-peloton\/#article\",\"isPartOf\":{\"@id\":\"https:\/\/dicodusport.fr\/blog\/mercato-jay-vine-pourrait-quitter-alpecin-pour-une-grosse-equipe-du-peloton\/\"},\"author\":{\"name\":\"Nicolas Jacquemard\",\"@id\":\"https:\/\/dicodusport.fr\/blog\/#\/schema\/person\/55dcb50ad410894e431ed812bbb70191\"},\"headline\":\"Mercato : Jay Vine pourrait quitter Alpecin pour une grosse \u00e9quipe du peloton\",\"datePublished\":\"2022-09-22T05:45:45+00:00\",\"dateModified\":\"2022-09-22T05:53:53+00:00\",\"mainEntityOfPage\":{\"@id\":\"https:\/\/dicodusport.fr\/blog\/mercato-jay-vine-pourrait-quitter-alpecin-pour-une-grosse-equipe-du-peloton\/\"},\"wordCount\":246,\"commentCount\":0,\"publisher\":{\"@id\":\"https:\/\/dicodusport.fr\/blog\/#organization\"},\"image\":{\"@id\":\"https:\/\/dicodusport.fr\/blog\/mercato-jay-vine-pourrait-quitter-alpecin-pour-une-grosse-equipe-du-peloton\/#primaryimage\"},\"thumbnailUrl\":\"https:\/\/dicodusport.fr\/blog\/wp-content\/uploads\/2022\/09\/Mercato-Jay-Vine-pourrait-quitter-Alpecin-pour-une-grosse-e\u0301quipe-du-peloton.png\",\"keywords\":[\"Jay Vine\",\"UAE Team Emirates\"],\"articleSection\":[\"Cyclisme sur route\"],\"inLanguage\":\"fr-FR\",\"potentialAction\":[{\"@type\":\"CommentAction\",\"name\":\"Comment\",\"target\":[\"https:\/\/dicodusport.fr\/blog\/mercato-jay-vine-pourrait-quitter-alpecin-pour-une-grosse-equipe-du-peloton\/#respond\"]}],\"copyrightYear\":\"2022\",\"copyrightHolder\":{\"@id\":\"https:\/\/dicodusport.fr\/blog\/#organization\"}},{\"@type\":\"WebPage\",\"@id\":\"https:\/\/dicodusport.fr\/blog\/mercato-jay-vine-pourrait-quitter-alpecin-pour-une-grosse-equipe-du-peloton\/\",\"url\":\"https:\/\/dicodusport.fr\/blog\/mercato-jay-vine-pourrait-quitter-alpecin-pour-une-grosse-equipe-du-peloton\/\",\"name\":\"Mercato : Jay Vine pourrait quitter Alpecin pour une grosse \u00e9quipe du peloton\",\"isPartOf\":{\"@id\":\"https:\/\/dicodusport.fr\/blog\/#website\"},\"primaryImageOfPage\":{\"@id\":\"https:\/\/dicodusport.fr\/blog\/mercato-jay-vine-pourrait-quitter-alpecin-pour-une-grosse-equipe-du-peloton\/#primaryimage\"},\"image\":{\"@id\":\"https:\/\/dicodusport.fr\/blog\/mercato-jay-vine-pourrait-quitter-alpecin-pour-une-grosse-equipe-du-peloton\/#primaryimage\"},\"thumbnailUrl\":\"https:\/\/dicodusport.fr\/blog\/wp-content\/uploads\/2022\/09\/Mercato-Jay-Vine-pourrait-quitter-Alpecin-pour-une-grosse-e\u0301quipe-du-peloton.png\",\"datePublished\":\"2022-09-22T05:45:45+00:00\",\"dateModified\":\"2022-09-22T05:53:53+00:00\",\"description\":\"CYCLISME SUR ROUTE 2022 - Selon la Gazzetta dello Sport, UAE Team Emirates tente de recruter Jay Vine pour la saison 2023.\u00a0\",\"breadcrumb\":{\"@id\":\"https:\/\/dicodusport.fr\/blog\/mercato-jay-vine-pourrait-quitter-alpecin-pour-une-grosse-equipe-du-peloton\/#breadcrumb\"},\"inLanguage\":\"fr-FR\",\"potentialAction\":[{\"@type\":\"ReadAction\",\"target\":[\"https:\/\/dicodusport.fr\/blog\/mercato-jay-vine-pourrait-quitter-alpecin-pour-une-grosse-equipe-du-peloton\/\"]}]},{\"@type\":\"ImageObject\",\"inLanguage\":\"fr-FR\",\"@id\":\"https:\/\/dicodusport.fr\/blog\/mercato-jay-vine-pourrait-quitter-alpecin-pour-une-grosse-equipe-du-peloton\/#primaryimage\",\"url\":\"https:\/\/dicodusport.fr\/blog\/wp-content\/uploads\/2022\/09\/Mercato-Jay-Vine-pourrait-quitter-Alpecin-pour-une-grosse-e\u0301quipe-du-peloton.png\",\"contentUrl\":\"https:\/\/dicodusport.fr\/blog\/wp-content\/uploads\/2022\/09\/Mercato-Jay-Vine-pourrait-quitter-Alpecin-pour-une-grosse-e\u0301quipe-du-peloton.png\",\"width\":800,\"height\":445},{\"@type\":\"BreadcrumbList\",\"@id\":\"https:\/\/dicodusport.fr\/blog\/mercato-jay-vine-pourrait-quitter-alpecin-pour-une-grosse-equipe-du-peloton\/#breadcrumb\",\"itemListElement\":[{\"@type\":\"ListItem\",\"position\":1,\"name\":\"Accueil\",\"item\":\"https:\/\/dicodusport.fr\/blog\/\"},{\"@type\":\"ListItem\",\"position\":2,\"name\":\"Mercato : Jay Vine pourrait quitter Alpecin pour une grosse \u00e9quipe du peloton\"}]},{\"@type\":\"WebSite\",\"@id\":\"https:\/\/dicodusport.fr\/blog\/#website\",\"url\":\"https:\/\/dicodusport.fr\/blog\/\",\"name\":\"Dicodusport\",\"description\":\"L&#039;encyclop\u00e9die de l&#039;actualit\u00e9 sportive\",\"publisher\":{\"@id\":\"https:\/\/dicodusport.fr\/blog\/#organization\"},\"potentialAction\":[{\"@type\":\"SearchAction\",\"target\":{\"@type\":\"EntryPoint\",\"urlTemplate\":\"https:\/\/dicodusport.fr\/blog\/?s={search_term_string}\"},\"query-input\":{\"@type\":\"PropertyValueSpecification\",\"valueRequired\":true,\"valueName\":\"search_term_string\"}}],\"inLanguage\":\"fr-FR\"},{\"@type\":\"NewsMediaOrganization\",\"@id\":\"https:\/\/dicodusport.fr\/blog\/#organization\",\"name\":\"Dicodusport\",\"url\":\"https:\/\/dicodusport.fr\/blog\/\",\"logo\":{\"@type\":\"ImageObject\",\"inLanguage\":\"fr-FR\",\"@id\":\"https:\/\/dicodusport.fr\/blog\/#\/schema\/logo\/image\/\",\"url\":\"https:\/\/dicodusport.fr\/blog\/wp-content\/uploads\/2020\/06\/cropped-LOGO-DICODUSPORT-2020-SANS-FOND-SANS-TEXTE.png\",\"contentUrl\":\"https:\/\/dicodusport.fr\/blog\/wp-content\/uploads\/2020\/06\/cropped-LOGO-DICODUSPORT-2020-SANS-FOND-SANS-TEXTE.png\",\"width\":512,\"height\":512,\"caption\":\"Dicodusport\"},\"image\":{\"@id\":\"https:\/\/dicodusport.fr\/blog\/#\/schema\/logo\/image\/\"},\"sameAs\":[\"https:\/\/www.facebook.com\/dicodusport\",\"https:\/\/x.com\/dicodusport\",\"https:\/\/www.instagram.com\/dicodusport\/\",\"https:\/\/www.youtube.com\/channel\/UC7V2KZ5sd3htJivAbA4ZG3w\"],\"description\":\"Dicodusport est l'encyclop\u00e9die de l'actualit\u00e9 sportive.\",\"email\":\"bonjour@dicodusport.fr\",\"legalName\":\"DICODUSPORT\",\"foundingDate\":\"2018-01-14\",\"vatID\":\"FR71834470973\",\"taxID\":\"83447097300043\",\"numberOfEmployees\":{\"@type\":\"QuantitativeValue\",\"minValue\":\"1\",\"maxValue\":\"10\"}},{\"@type\":\"Person\",\"@id\":\"https:\/\/dicodusport.fr\/blog\/#\/schema\/person\/55dcb50ad410894e431ed812bbb70191\",\"name\":\"Nicolas Jacquemard\",\"image\":{\"@type\":\"ImageObject\",\"inLanguage\":\"fr-FR\",\"@id\":\"https:\/\/dicodusport.fr\/blog\/#\/schema\/person\/image\/\",\"url\":\"https:\/\/dicodusport.fr\/blog\/wp-content\/uploads\/2021\/05\/Nicolas-Jacquemard-150x150.jpeg\",\"contentUrl\":\"https:\/\/dicodusport.fr\/blog\/wp-content\/uploads\/2021\/05\/Nicolas-Jacquemard-150x150.jpeg\",\"caption\":\"Nicolas Jacquemard\"},\"description\":\"Passionn\u00e9 de sport et entrepreneur depuis mes 18 ans, la cr\u00e9ation de Dicodusport m'a sembl\u00e9 \u00e9vidente pour participer \u00e0 la m\u00e9diatisation d'un plus grand nombre de sports. Le chemin est long mais avec une \u00e9quipe des plus motiv\u00e9es et les Jeux Olympiques de Paris 2024 en point de mire, nous y arriverons ! Journaliste dans le monde du sport depuis plus de 5 ans, je traite aussi bien de football, de rugby, de biathlon que de cyclisme.\",\"sameAs\":[\"https:\/\/www.facebook.com\/dicodusport\",\"https:\/\/x.com\/https:\/\/twitter.com\/Nico_Jacquemard\"],\"url\":\"https:\/\/dicodusport.fr\/blog\/author\/dicodusport\/\"}]}<\/script>\n<!-- \/ Yoast SEO Premium plugin. -->","yoast_head_json":{"title":"Mercato : Jay Vine pourrait quitter Alpecin pour une grosse \u00e9quipe du peloton","description":"CYCLISME SUR ROUTE 2022 - Selon la Gazzetta dello Sport, UAE Team Emirates tente de recruter Jay Vine pour la saison 2023.\u00a0","robots":{"index":"index","follow":"follow","max-snippet":"max-snippet:-1","max-image-preview":"max-image-preview:large","max-video-preview":"max-video-preview:-1"},"canonical":"https:\/\/dicodusport.fr\/blog\/mercato-jay-vine-pourrait-quitter-alpecin-pour-une-grosse-equipe-du-peloton\/","og_locale":"fr_FR","og_type":"article","og_title":"Mercato : Jay Vine pourrait quitter Alpecin pour une grosse \u00e9quipe du peloton","og_description":"CYCLISME SUR ROUTE 2022 - Selon la Gazzetta dello Sport, UAE Team Emirates tente de recruter Jay Vine pour la saison 2023.\u00a0","og_url":"https:\/\/dicodusport.fr\/blog\/mercato-jay-vine-pourrait-quitter-alpecin-pour-une-grosse-equipe-du-peloton\/","og_site_name":"Dicodusport","article_publisher":"https:\/\/www.facebook.com\/dicodusport","article_author":"https:\/\/www.facebook.com\/dicodusport","article_published_time":"2022-09-22T05:45:45+00:00","article_modified_time":"2022-09-22T05:53:53+00:00","og_image":[{"width":800,"height":445,"url":"https:\/\/dicodusport.fr\/blog\/wp-content\/uploads\/2022\/09\/Mercato-Jay-Vine-pourrait-quitter-Alpecin-pour-une-grosse-e\u0301quipe-du-peloton.png","type":"image\/png"}],"author":"Nicolas Jacquemard","twitter_card":"summary_large_image","twitter_title":"Mercato : Jay Vine pourrait quitter Alpecin pour une grosse \u00e9quipe du peloton","twitter_creator":"@https:\/\/twitter.com\/Nico_Jacquemard","twitter_site":"@dicodusport","schema":{"@context":"https:\/\/schema.org","@graph":[{"@type":"NewsArticle","@id":"https:\/\/dicodusport.fr\/blog\/mercato-jay-vine-pourrait-quitter-alpecin-pour-une-grosse-equipe-du-peloton\/#article","isPartOf":{"@id":"https:\/\/dicodusport.fr\/blog\/mercato-jay-vine-pourrait-quitter-alpecin-pour-une-grosse-equipe-du-peloton\/"},"author":{"name":"Nicolas Jacquemard","@id":"https:\/\/dicodusport.fr\/blog\/#\/schema\/person\/55dcb50ad410894e431ed812bbb70191"},"headline":"Mercato : Jay Vine pourrait quitter Alpecin pour une grosse \u00e9quipe du peloton","datePublished":"2022-09-22T05:45:45+00:00","dateModified":"2022-09-22T05:53:53+00:00","mainEntityOfPage":{"@id":"https:\/\/dicodusport.fr\/blog\/mercato-jay-vine-pourrait-quitter-alpecin-pour-une-grosse-equipe-du-peloton\/"},"wordCount":246,"commentCount":0,"publisher":{"@id":"https:\/\/dicodusport.fr\/blog\/#organization"},"image":{"@id":"https:\/\/dicodusport.fr\/blog\/mercato-jay-vine-pourrait-quitter-alpecin-pour-une-grosse-equipe-du-peloton\/#primaryimage"},"thumbnailUrl":"https:\/\/dicodusport.fr\/blog\/wp-content\/uploads\/2022\/09\/Mercato-Jay-Vine-pourrait-quitter-Alpecin-pour-une-grosse-e\u0301quipe-du-peloton.png","keywords":["Jay Vine","UAE Team Emirates"],"articleSection":["Cyclisme sur route"],"inLanguage":"fr-FR","potentialAction":[{"@type":"CommentAction","name":"Comment","target":["https:\/\/dicodusport.fr\/blog\/mercato-jay-vine-pourrait-quitter-alpecin-pour-une-grosse-equipe-du-peloton\/#respond"]}],"copyrightYear":"2022","copyrightHolder":{"@id":"https:\/\/dicodusport.fr\/blog\/#organization"}},{"@type":"WebPage","@id":"https:\/\/dicodusport.fr\/blog\/mercato-jay-vine-pourrait-quitter-alpecin-pour-une-grosse-equipe-du-peloton\/","url":"https:\/\/dicodusport.fr\/blog\/mercato-jay-vine-pourrait-quitter-alpecin-pour-une-grosse-equipe-du-peloton\/","name":"Mercato : Jay Vine pourrait quitter Alpecin pour une grosse \u00e9quipe du peloton","isPartOf":{"@id":"https:\/\/dicodusport.fr\/blog\/#website"},"primaryImageOfPage":{"@id":"https:\/\/dicodusport.fr\/blog\/mercato-jay-vine-pourrait-quitter-alpecin-pour-une-grosse-equipe-du-peloton\/#primaryimage"},"image":{"@id":"https:\/\/dicodusport.fr\/blog\/mercato-jay-vine-pourrait-quitter-alpecin-pour-une-grosse-equipe-du-peloton\/#primaryimage"},"thumbnailUrl":"https:\/\/dicodusport.fr\/blog\/wp-content\/uploads\/2022\/09\/Mercato-Jay-Vine-pourrait-quitter-Alpecin-pour-une-grosse-e\u0301quipe-du-peloton.png","datePublished":"2022-09-22T05:45:45+00:00","dateModified":"2022-09-22T05:53:53+00:00","description":"CYCLISME SUR ROUTE 2022 - Selon la Gazzetta dello Sport, UAE Team Emirates tente de recruter Jay Vine pour la saison 2023.\u00a0","breadcrumb":{"@id":"https:\/\/dicodusport.fr\/blog\/mercato-jay-vine-pourrait-quitter-alpecin-pour-une-grosse-equipe-du-peloton\/#breadcrumb"},"inLanguage":"fr-FR","potentialAction":[{"@type":"ReadAction","target":["https:\/\/dicodusport.fr\/blog\/mercato-jay-vine-pourrait-quitter-alpecin-pour-une-grosse-equipe-du-peloton\/"]}]},{"@type":"ImageObject","inLanguage":"fr-FR","@id":"https:\/\/dicodusport.fr\/blog\/mercato-jay-vine-pourrait-quitter-alpecin-pour-une-grosse-equipe-du-peloton\/#primaryimage","url":"https:\/\/dicodusport.fr\/blog\/wp-content\/uploads\/2022\/09\/Mercato-Jay-Vine-pourrait-quitter-Alpecin-pour-une-grosse-e\u0301quipe-du-peloton.png","contentUrl":"https:\/\/dicodusport.fr\/blog\/wp-content\/uploads\/2022\/09\/Mercato-Jay-Vine-pourrait-quitter-Alpecin-pour-une-grosse-e\u0301quipe-du-peloton.png","width":800,"height":445},{"@type":"BreadcrumbList","@id":"https:\/\/dicodusport.fr\/blog\/mercato-jay-vine-pourrait-quitter-alpecin-pour-une-grosse-equipe-du-peloton\/#breadcrumb","itemListElement":[{"@type":"ListItem","position":1,"name":"Accueil","item":"https:\/\/dicodusport.fr\/blog\/"},{"@type":"ListItem","position":2,"name":"Mercato : Jay Vine pourrait quitter Alpecin pour une grosse \u00e9quipe du peloton"}]},{"@type":"WebSite","@id":"https:\/\/dicodusport.fr\/blog\/#website","url":"https:\/\/dicodusport.fr\/blog\/","name":"Dicodusport","description":"L&#039;encyclop\u00e9die de l&#039;actualit\u00e9 sportive","publisher":{"@id":"https:\/\/dicodusport.fr\/blog\/#organization"},"potentialAction":[{"@type":"SearchAction","target":{"@type":"EntryPoint","urlTemplate":"https:\/\/dicodusport.fr\/blog\/?s={search_term_string}"},"query-input":{"@type":"PropertyValueSpecification","valueRequired":true,"valueName":"search_term_string"}}],"inLanguage":"fr-FR"},{"@type":"NewsMediaOrganization","@id":"https:\/\/dicodusport.fr\/blog\/#organization","name":"Dicodusport","url":"https:\/\/dicodusport.fr\/blog\/","logo":{"@type":"ImageObject","inLanguage":"fr-FR","@id":"https:\/\/dicodusport.fr\/blog\/#\/schema\/logo\/image\/","url":"https:\/\/dicodusport.fr\/blog\/wp-content\/uploads\/2020\/06\/cropped-LOGO-DICODUSPORT-2020-SANS-FOND-SANS-TEXTE.png","contentUrl":"https:\/\/dicodusport.fr\/blog\/wp-content\/uploads\/2020\/06\/cropped-LOGO-DICODUSPORT-2020-SANS-FOND-SANS-TEXTE.png","width":512,"height":512,"caption":"Dicodusport"},"image":{"@id":"https:\/\/dicodusport.fr\/blog\/#\/schema\/logo\/image\/"},"sameAs":["https:\/\/www.facebook.com\/dicodusport","https:\/\/x.com\/dicodusport","https:\/\/www.instagram.com\/dicodusport\/","https:\/\/www.youtube.com\/channel\/UC7V2KZ5sd3htJivAbA4ZG3w"],"description":"Dicodusport est l'encyclop\u00e9die de l'actualit\u00e9 sportive.","email":"bonjour@dicodusport.fr","legalName":"DICODUSPORT","foundingDate":"2018-01-14","vatID":"FR71834470973","taxID":"83447097300043","numberOfEmployees":{"@type":"QuantitativeValue","minValue":"1","maxValue":"10"}},{"@type":"Person","@id":"https:\/\/dicodusport.fr\/blog\/#\/schema\/person\/55dcb50ad410894e431ed812bbb70191","name":"Nicolas Jacquemard","image":{"@type":"ImageObject","inLanguage":"fr-FR","@id":"https:\/\/dicodusport.fr\/blog\/#\/schema\/person\/image\/","url":"https:\/\/dicodusport.fr\/blog\/wp-content\/uploads\/2021\/05\/Nicolas-Jacquemard-150x150.jpeg","contentUrl":"https:\/\/dicodusport.fr\/blog\/wp-content\/uploads\/2021\/05\/Nicolas-Jacquemard-150x150.jpeg","caption":"Nicolas Jacquemard"},"description":"Passionn\u00e9 de sport et entrepreneur depuis mes 18 ans, la cr\u00e9ation de Dicodusport m'a sembl\u00e9 \u00e9vidente pour participer \u00e0 la m\u00e9diatisation d'un plus grand nombre de sports. Le chemin est long mais avec une \u00e9quipe des plus motiv\u00e9es et les Jeux Olympiques de Paris 2024 en point de mire, nous y arriverons ! Journaliste dans le monde du sport depuis plus de 5 ans, je traite aussi bien de football, de rugby, de biathlon que de cyclisme.","sameAs":["https:\/\/www.facebook.com\/dicodusport","https:\/\/x.com\/https:\/\/twitter.com\/Nico_Jacquemard"],"url":"https:\/\/dicodusport.fr\/blog\/author\/dicodusport\/"}]}},"_links":{"self":[{"href":"https:\/\/dicodusport.fr\/blog\/wp-json\/wp\/v2\/posts\/264037","targetHints":{"allow":["GET"]}}],"collection":[{"href":"https:\/\/dicodusport.fr\/blog\/wp-json\/wp\/v2\/posts"}],"about":[{"href":"https:\/\/dicodusport.fr\/blog\/wp-json\/wp\/v2\/types\/post"}],"author":[{"embeddable":true,"href":"https:\/\/dicodusport.fr\/blog\/wp-json\/wp\/v2\/users\/1"}],"replies":[{"embeddable":true,"href":"https:\/\/dicodusport.fr\/blog\/wp-json\/wp\/v2\/comments?post=264037"}],"version-history":[{"count":0,"href":"https:\/\/dicodusport.fr\/blog\/wp-json\/wp\/v2\/posts\/264037\/revisions"}],"wp:featuredmedia":[{"embeddable":true,"href":"https:\/\/dicodusport.fr\/blog\/wp-json\/wp\/v2\/media\/264038"}],"wp:attachment":[{"href":"https:\/\/dicodusport.fr\/blog\/wp-json\/wp\/v2\/media?parent=264037"}],"wp:term":[{"taxonomy":"category","embeddable":true,"href":"https:\/\/dicodusport.fr\/blog\/wp-json\/wp\/v2\/categories?post=264037"},{"taxonomy":"post_tag","embeddable":true,"href":"https:\/\/dicodusport.fr\/blog\/wp-json\/wp\/v2\/tags?post=264037"}],"curies":[{"name":"wp","href":"https:\/\/api.w.org\/{rel}","templated":true}]}}