{"id":264188,"date":"2022-09-22T18:55:53","date_gmt":"2022-09-22T16:55:53","guid":{"rendered":"https:\/\/dicodusport.fr\/blog\/?p=264188&#038;preview=true&#038;preview_id=264188"},"modified":"2022-09-22T20:40:16","modified_gmt":"2022-09-22T18:40:16","slug":"la-composition-officielle-de-la-france-pour-la-reception-de-lautriche","status":"publish","type":"post","link":"https:\/\/dicodusport.fr\/blog\/la-composition-officielle-de-la-france-pour-la-reception-de-lautriche\/","title":{"rendered":"La composition officielle de la France pour la r\u00e9ception de l&rsquo;Autriche"},"content":{"rendered":"<p style=\"text-align: justify;\"><b><i>FOOTBALL &#8211; LIGUE DES NATIONS &#8211; Comme pr\u00e9vu, Didier Deschamps est de retour au 3-4-3 pour ce match retour face \u00e0 l&rsquo;Autriche, qui compte pour la 5\u00e8me journ\u00e9e de Ligue des Nations.<\/i><\/b><\/p>\n<p style=\"text-align: justify;\">Comme attendu, les deux Mon\u00e9gasques <strong>Beno\u00eet Badiashile<\/strong> et <strong>Youssouf Fofana<\/strong>, seront titulaires pour leur premi\u00e8re s\u00e9lection avec les <strong>Bleus<\/strong>. Devant, pas de surprise, <strong>Olivier<\/strong> <strong>Giroud<\/strong> est titulaire dans le trio habituel \u00e0 la place de <strong>Karim Benzema<\/strong>, bless\u00e9.<\/p>\n<h2 style=\"text-align: justify;\">La composition officielle<\/h2>\n<p style=\"text-align: justify;\">Maignan &#8211; Clauss, Kound\u00e9, Varane (cap.), Badiashile, F. Mendy &#8211; Fofana, Tchouam\u00e9ni &#8211; Griezmann &#8211; Giroud, Mbapp\u00e9.<\/p>\n<h2 style=\"text-align: justify;\">\u00c0 lire aussi<\/h2>\n<ul>\n<li style=\"text-align: justify;\"><strong><a href=\"https:\/\/dicodusport.fr\/blog\/pronostic-france-autriche-5eme-journee-ligue-des-nations\/\">Pronostic France \u2013 Autriche, 5\u00e8me journ\u00e9e Ligue des Nations<\/a><\/strong><\/li>\n<\/ul>\n","protected":false},"excerpt":{"rendered":"<p>FOOTBALL &#8211; LIGUE DES NATIONS &#8211; Comme pr\u00e9vu, Didier Deschamps est de retour au 3-4-3 pour ce match retour face \u00e0 l&rsquo;Autriche qui compte pour la 5\u00e8me journ\u00e9e de Ligue des Nations.<\/p>\n","protected":false},"author":1,"featured_media":264189,"comment_status":"open","ping_status":"closed","sticky":false,"template":"","format":"standard","meta":{"_acf_changed":false,"_daextam_enable_autolinks":"","footnotes":""},"categories":[2301],"tags":[378,6966,75,30],"class_list":["post-264188","post","type-post","status-publish","format-standard","has-post-thumbnail","hentry","category-football","tag-autriche","tag-equipe-de-france-de-football","tag-football","tag-france"],"acf":[],"yoast_head":"<!-- This site is optimized with the Yoast SEO Premium plugin v26.7 (Yoast SEO v26.7) - https:\/\/yoast.com\/wordpress\/plugins\/seo\/ -->\n<title>La composition officielle de la France pour la r\u00e9ception de l&#039;Autriche<\/title>\n<meta name=\"description\" content=\"Comme pr\u00e9vu, Didier Deschamps est de retour au 3-4-3 pour ce match retour face \u00e0 l&#039;Autriche qui compte pour la 5\u00e8me journ\u00e9e de Ligue des Nations.\" \/>\n<meta name=\"robots\" content=\"index, follow, max-snippet:-1, max-image-preview:large, max-video-preview:-1\" \/>\n<link rel=\"canonical\" href=\"https:\/\/dicodusport.fr\/blog\/la-composition-officielle-de-la-france-pour-la-reception-de-lautriche\/\" \/>\n<meta property=\"og:locale\" content=\"fr_FR\" \/>\n<meta property=\"og:type\" content=\"article\" \/>\n<meta property=\"og:title\" content=\"La composition officielle de la France pour la r\u00e9ception de l&#039;Autriche\" \/>\n<meta property=\"og:description\" content=\"Comme pr\u00e9vu, Didier Deschamps est de retour au 3-4-3 pour ce match retour face \u00e0 l&#039;Autriche qui compte pour la 5\u00e8me journ\u00e9e de Ligue des Nations.\" \/>\n<meta property=\"og:url\" content=\"https:\/\/dicodusport.fr\/blog\/la-composition-officielle-de-la-france-pour-la-reception-de-lautriche\/\" \/>\n<meta property=\"og:site_name\" content=\"Dicodusport\" \/>\n<meta property=\"article:publisher\" content=\"https:\/\/www.facebook.com\/dicodusport\" \/>\n<meta property=\"article:author\" content=\"https:\/\/www.facebook.com\/dicodusport\" \/>\n<meta property=\"article:published_time\" content=\"2022-09-22T16:55:53+00:00\" \/>\n<meta property=\"article:modified_time\" content=\"2022-09-22T18:40:16+00:00\" \/>\n<meta property=\"og:image\" content=\"https:\/\/dicodusport.fr\/blog\/wp-content\/uploads\/2022\/09\/La-composition-officielle-de-la-France-pour-la-re\u0301ception-de-lAutriche.png\" \/>\n\t<meta property=\"og:image:width\" content=\"800\" \/>\n\t<meta property=\"og:image:height\" content=\"445\" \/>\n\t<meta property=\"og:image:type\" content=\"image\/png\" \/>\n<meta name=\"author\" content=\"Nicolas Jacquemard\" \/>\n<meta name=\"twitter:card\" content=\"summary_large_image\" \/>\n<meta name=\"twitter:title\" content=\"La composition officielle de la France pour la r\u00e9ception de l&#039;Autriche\" \/>\n<meta name=\"twitter:creator\" content=\"@https:\/\/twitter.com\/Nico_Jacquemard\" \/>\n<meta name=\"twitter:site\" content=\"@dicodusport\" \/>\n<script type=\"application\/ld+json\" class=\"yoast-schema-graph\">{\"@context\":\"https:\/\/schema.org\",\"@graph\":[{\"@type\":\"NewsArticle\",\"@id\":\"https:\/\/dicodusport.fr\/blog\/la-composition-officielle-de-la-france-pour-la-reception-de-lautriche\/#article\",\"isPartOf\":{\"@id\":\"https:\/\/dicodusport.fr\/blog\/la-composition-officielle-de-la-france-pour-la-reception-de-lautriche\/\"},\"author\":{\"name\":\"Nicolas Jacquemard\",\"@id\":\"https:\/\/dicodusport.fr\/blog\/#\/schema\/person\/55dcb50ad410894e431ed812bbb70191\"},\"headline\":\"La composition officielle de la France pour la r\u00e9ception de l&rsquo;Autriche\",\"datePublished\":\"2022-09-22T16:55:53+00:00\",\"dateModified\":\"2022-09-22T18:40:16+00:00\",\"mainEntityOfPage\":{\"@id\":\"https:\/\/dicodusport.fr\/blog\/la-composition-officielle-de-la-france-pour-la-reception-de-lautriche\/\"},\"wordCount\":121,\"commentCount\":0,\"publisher\":{\"@id\":\"https:\/\/dicodusport.fr\/blog\/#organization\"},\"image\":{\"@id\":\"https:\/\/dicodusport.fr\/blog\/la-composition-officielle-de-la-france-pour-la-reception-de-lautriche\/#primaryimage\"},\"thumbnailUrl\":\"https:\/\/dicodusport.fr\/blog\/wp-content\/uploads\/2022\/09\/La-composition-officielle-de-la-France-pour-la-re\u0301ception-de-lAutriche.png\",\"keywords\":[\"Autriche\",\"Equipe de France de football\",\"Football\",\"France\"],\"articleSection\":[\"Football\"],\"inLanguage\":\"fr-FR\",\"potentialAction\":[{\"@type\":\"CommentAction\",\"name\":\"Comment\",\"target\":[\"https:\/\/dicodusport.fr\/blog\/la-composition-officielle-de-la-france-pour-la-reception-de-lautriche\/#respond\"]}],\"copyrightYear\":\"2022\",\"copyrightHolder\":{\"@id\":\"https:\/\/dicodusport.fr\/blog\/#organization\"}},{\"@type\":\"WebPage\",\"@id\":\"https:\/\/dicodusport.fr\/blog\/la-composition-officielle-de-la-france-pour-la-reception-de-lautriche\/\",\"url\":\"https:\/\/dicodusport.fr\/blog\/la-composition-officielle-de-la-france-pour-la-reception-de-lautriche\/\",\"name\":\"La composition officielle de la France pour la r\u00e9ception de l'Autriche\",\"isPartOf\":{\"@id\":\"https:\/\/dicodusport.fr\/blog\/#website\"},\"primaryImageOfPage\":{\"@id\":\"https:\/\/dicodusport.fr\/blog\/la-composition-officielle-de-la-france-pour-la-reception-de-lautriche\/#primaryimage\"},\"image\":{\"@id\":\"https:\/\/dicodusport.fr\/blog\/la-composition-officielle-de-la-france-pour-la-reception-de-lautriche\/#primaryimage\"},\"thumbnailUrl\":\"https:\/\/dicodusport.fr\/blog\/wp-content\/uploads\/2022\/09\/La-composition-officielle-de-la-France-pour-la-re\u0301ception-de-lAutriche.png\",\"datePublished\":\"2022-09-22T16:55:53+00:00\",\"dateModified\":\"2022-09-22T18:40:16+00:00\",\"description\":\"Comme pr\u00e9vu, Didier Deschamps est de retour au 3-4-3 pour ce match retour face \u00e0 l'Autriche qui compte pour la 5\u00e8me journ\u00e9e de Ligue des Nations.\",\"breadcrumb\":{\"@id\":\"https:\/\/dicodusport.fr\/blog\/la-composition-officielle-de-la-france-pour-la-reception-de-lautriche\/#breadcrumb\"},\"inLanguage\":\"fr-FR\",\"potentialAction\":[{\"@type\":\"ReadAction\",\"target\":[\"https:\/\/dicodusport.fr\/blog\/la-composition-officielle-de-la-france-pour-la-reception-de-lautriche\/\"]}]},{\"@type\":\"ImageObject\",\"inLanguage\":\"fr-FR\",\"@id\":\"https:\/\/dicodusport.fr\/blog\/la-composition-officielle-de-la-france-pour-la-reception-de-lautriche\/#primaryimage\",\"url\":\"https:\/\/dicodusport.fr\/blog\/wp-content\/uploads\/2022\/09\/La-composition-officielle-de-la-France-pour-la-re\u0301ception-de-lAutriche.png\",\"contentUrl\":\"https:\/\/dicodusport.fr\/blog\/wp-content\/uploads\/2022\/09\/La-composition-officielle-de-la-France-pour-la-re\u0301ception-de-lAutriche.png\",\"width\":800,\"height\":445},{\"@type\":\"BreadcrumbList\",\"@id\":\"https:\/\/dicodusport.fr\/blog\/la-composition-officielle-de-la-france-pour-la-reception-de-lautriche\/#breadcrumb\",\"itemListElement\":[{\"@type\":\"ListItem\",\"position\":1,\"name\":\"Accueil\",\"item\":\"https:\/\/dicodusport.fr\/blog\/\"},{\"@type\":\"ListItem\",\"position\":2,\"name\":\"La composition officielle de la France pour la r\u00e9ception de l&rsquo;Autriche\"}]},{\"@type\":\"WebSite\",\"@id\":\"https:\/\/dicodusport.fr\/blog\/#website\",\"url\":\"https:\/\/dicodusport.fr\/blog\/\",\"name\":\"Dicodusport\",\"description\":\"L&#039;encyclop\u00e9die de l&#039;actualit\u00e9 sportive\",\"publisher\":{\"@id\":\"https:\/\/dicodusport.fr\/blog\/#organization\"},\"potentialAction\":[{\"@type\":\"SearchAction\",\"target\":{\"@type\":\"EntryPoint\",\"urlTemplate\":\"https:\/\/dicodusport.fr\/blog\/?s={search_term_string}\"},\"query-input\":{\"@type\":\"PropertyValueSpecification\",\"valueRequired\":true,\"valueName\":\"search_term_string\"}}],\"inLanguage\":\"fr-FR\"},{\"@type\":\"NewsMediaOrganization\",\"@id\":\"https:\/\/dicodusport.fr\/blog\/#organization\",\"name\":\"Dicodusport\",\"url\":\"https:\/\/dicodusport.fr\/blog\/\",\"logo\":{\"@type\":\"ImageObject\",\"inLanguage\":\"fr-FR\",\"@id\":\"https:\/\/dicodusport.fr\/blog\/#\/schema\/logo\/image\/\",\"url\":\"https:\/\/dicodusport.fr\/blog\/wp-content\/uploads\/2020\/06\/cropped-LOGO-DICODUSPORT-2020-SANS-FOND-SANS-TEXTE.png\",\"contentUrl\":\"https:\/\/dicodusport.fr\/blog\/wp-content\/uploads\/2020\/06\/cropped-LOGO-DICODUSPORT-2020-SANS-FOND-SANS-TEXTE.png\",\"width\":512,\"height\":512,\"caption\":\"Dicodusport\"},\"image\":{\"@id\":\"https:\/\/dicodusport.fr\/blog\/#\/schema\/logo\/image\/\"},\"sameAs\":[\"https:\/\/www.facebook.com\/dicodusport\",\"https:\/\/x.com\/dicodusport\",\"https:\/\/www.instagram.com\/dicodusport\/\",\"https:\/\/www.youtube.com\/channel\/UC7V2KZ5sd3htJivAbA4ZG3w\"],\"description\":\"Dicodusport est l'encyclop\u00e9die de l'actualit\u00e9 sportive.\",\"email\":\"bonjour@dicodusport.fr\",\"legalName\":\"DICODUSPORT\",\"foundingDate\":\"2018-01-14\",\"vatID\":\"FR71834470973\",\"taxID\":\"83447097300043\",\"numberOfEmployees\":{\"@type\":\"QuantitativeValue\",\"minValue\":\"1\",\"maxValue\":\"10\"}},{\"@type\":\"Person\",\"@id\":\"https:\/\/dicodusport.fr\/blog\/#\/schema\/person\/55dcb50ad410894e431ed812bbb70191\",\"name\":\"Nicolas Jacquemard\",\"image\":{\"@type\":\"ImageObject\",\"inLanguage\":\"fr-FR\",\"@id\":\"https:\/\/dicodusport.fr\/blog\/#\/schema\/person\/image\/\",\"url\":\"https:\/\/dicodusport.fr\/blog\/wp-content\/uploads\/2021\/05\/Nicolas-Jacquemard-150x150.jpeg\",\"contentUrl\":\"https:\/\/dicodusport.fr\/blog\/wp-content\/uploads\/2021\/05\/Nicolas-Jacquemard-150x150.jpeg\",\"caption\":\"Nicolas Jacquemard\"},\"description\":\"Passionn\u00e9 de sport et entrepreneur depuis mes 18 ans, la cr\u00e9ation de Dicodusport m'a sembl\u00e9 \u00e9vidente pour participer \u00e0 la m\u00e9diatisation d'un plus grand nombre de sports. Le chemin est long mais avec une \u00e9quipe des plus motiv\u00e9es et les Jeux Olympiques de Paris 2024 en point de mire, nous y arriverons ! Journaliste dans le monde du sport depuis plus de 5 ans, je traite aussi bien de football, de rugby, de biathlon que de cyclisme.\",\"sameAs\":[\"https:\/\/www.facebook.com\/dicodusport\",\"https:\/\/x.com\/https:\/\/twitter.com\/Nico_Jacquemard\"],\"url\":\"https:\/\/dicodusport.fr\/blog\/author\/dicodusport\/\"}]}<\/script>\n<!-- \/ Yoast SEO Premium plugin. -->","yoast_head_json":{"title":"La composition officielle de la France pour la r\u00e9ception de l'Autriche","description":"Comme pr\u00e9vu, Didier Deschamps est de retour au 3-4-3 pour ce match retour face \u00e0 l'Autriche qui compte pour la 5\u00e8me journ\u00e9e de Ligue des Nations.","robots":{"index":"index","follow":"follow","max-snippet":"max-snippet:-1","max-image-preview":"max-image-preview:large","max-video-preview":"max-video-preview:-1"},"canonical":"https:\/\/dicodusport.fr\/blog\/la-composition-officielle-de-la-france-pour-la-reception-de-lautriche\/","og_locale":"fr_FR","og_type":"article","og_title":"La composition officielle de la France pour la r\u00e9ception de l'Autriche","og_description":"Comme pr\u00e9vu, Didier Deschamps est de retour au 3-4-3 pour ce match retour face \u00e0 l'Autriche qui compte pour la 5\u00e8me journ\u00e9e de Ligue des Nations.","og_url":"https:\/\/dicodusport.fr\/blog\/la-composition-officielle-de-la-france-pour-la-reception-de-lautriche\/","og_site_name":"Dicodusport","article_publisher":"https:\/\/www.facebook.com\/dicodusport","article_author":"https:\/\/www.facebook.com\/dicodusport","article_published_time":"2022-09-22T16:55:53+00:00","article_modified_time":"2022-09-22T18:40:16+00:00","og_image":[{"width":800,"height":445,"url":"https:\/\/dicodusport.fr\/blog\/wp-content\/uploads\/2022\/09\/La-composition-officielle-de-la-France-pour-la-re\u0301ception-de-lAutriche.png","type":"image\/png"}],"author":"Nicolas Jacquemard","twitter_card":"summary_large_image","twitter_title":"La composition officielle de la France pour la r\u00e9ception de l'Autriche","twitter_creator":"@https:\/\/twitter.com\/Nico_Jacquemard","twitter_site":"@dicodusport","schema":{"@context":"https:\/\/schema.org","@graph":[{"@type":"NewsArticle","@id":"https:\/\/dicodusport.fr\/blog\/la-composition-officielle-de-la-france-pour-la-reception-de-lautriche\/#article","isPartOf":{"@id":"https:\/\/dicodusport.fr\/blog\/la-composition-officielle-de-la-france-pour-la-reception-de-lautriche\/"},"author":{"name":"Nicolas Jacquemard","@id":"https:\/\/dicodusport.fr\/blog\/#\/schema\/person\/55dcb50ad410894e431ed812bbb70191"},"headline":"La composition officielle de la France pour la r\u00e9ception de l&rsquo;Autriche","datePublished":"2022-09-22T16:55:53+00:00","dateModified":"2022-09-22T18:40:16+00:00","mainEntityOfPage":{"@id":"https:\/\/dicodusport.fr\/blog\/la-composition-officielle-de-la-france-pour-la-reception-de-lautriche\/"},"wordCount":121,"commentCount":0,"publisher":{"@id":"https:\/\/dicodusport.fr\/blog\/#organization"},"image":{"@id":"https:\/\/dicodusport.fr\/blog\/la-composition-officielle-de-la-france-pour-la-reception-de-lautriche\/#primaryimage"},"thumbnailUrl":"https:\/\/dicodusport.fr\/blog\/wp-content\/uploads\/2022\/09\/La-composition-officielle-de-la-France-pour-la-re\u0301ception-de-lAutriche.png","keywords":["Autriche","Equipe de France de football","Football","France"],"articleSection":["Football"],"inLanguage":"fr-FR","potentialAction":[{"@type":"CommentAction","name":"Comment","target":["https:\/\/dicodusport.fr\/blog\/la-composition-officielle-de-la-france-pour-la-reception-de-lautriche\/#respond"]}],"copyrightYear":"2022","copyrightHolder":{"@id":"https:\/\/dicodusport.fr\/blog\/#organization"}},{"@type":"WebPage","@id":"https:\/\/dicodusport.fr\/blog\/la-composition-officielle-de-la-france-pour-la-reception-de-lautriche\/","url":"https:\/\/dicodusport.fr\/blog\/la-composition-officielle-de-la-france-pour-la-reception-de-lautriche\/","name":"La composition officielle de la France pour la r\u00e9ception de l'Autriche","isPartOf":{"@id":"https:\/\/dicodusport.fr\/blog\/#website"},"primaryImageOfPage":{"@id":"https:\/\/dicodusport.fr\/blog\/la-composition-officielle-de-la-france-pour-la-reception-de-lautriche\/#primaryimage"},"image":{"@id":"https:\/\/dicodusport.fr\/blog\/la-composition-officielle-de-la-france-pour-la-reception-de-lautriche\/#primaryimage"},"thumbnailUrl":"https:\/\/dicodusport.fr\/blog\/wp-content\/uploads\/2022\/09\/La-composition-officielle-de-la-France-pour-la-re\u0301ception-de-lAutriche.png","datePublished":"2022-09-22T16:55:53+00:00","dateModified":"2022-09-22T18:40:16+00:00","description":"Comme pr\u00e9vu, Didier Deschamps est de retour au 3-4-3 pour ce match retour face \u00e0 l'Autriche qui compte pour la 5\u00e8me journ\u00e9e de Ligue des Nations.","breadcrumb":{"@id":"https:\/\/dicodusport.fr\/blog\/la-composition-officielle-de-la-france-pour-la-reception-de-lautriche\/#breadcrumb"},"inLanguage":"fr-FR","potentialAction":[{"@type":"ReadAction","target":["https:\/\/dicodusport.fr\/blog\/la-composition-officielle-de-la-france-pour-la-reception-de-lautriche\/"]}]},{"@type":"ImageObject","inLanguage":"fr-FR","@id":"https:\/\/dicodusport.fr\/blog\/la-composition-officielle-de-la-france-pour-la-reception-de-lautriche\/#primaryimage","url":"https:\/\/dicodusport.fr\/blog\/wp-content\/uploads\/2022\/09\/La-composition-officielle-de-la-France-pour-la-re\u0301ception-de-lAutriche.png","contentUrl":"https:\/\/dicodusport.fr\/blog\/wp-content\/uploads\/2022\/09\/La-composition-officielle-de-la-France-pour-la-re\u0301ception-de-lAutriche.png","width":800,"height":445},{"@type":"BreadcrumbList","@id":"https:\/\/dicodusport.fr\/blog\/la-composition-officielle-de-la-france-pour-la-reception-de-lautriche\/#breadcrumb","itemListElement":[{"@type":"ListItem","position":1,"name":"Accueil","item":"https:\/\/dicodusport.fr\/blog\/"},{"@type":"ListItem","position":2,"name":"La composition officielle de la France pour la r\u00e9ception de l&rsquo;Autriche"}]},{"@type":"WebSite","@id":"https:\/\/dicodusport.fr\/blog\/#website","url":"https:\/\/dicodusport.fr\/blog\/","name":"Dicodusport","description":"L&#039;encyclop\u00e9die de l&#039;actualit\u00e9 sportive","publisher":{"@id":"https:\/\/dicodusport.fr\/blog\/#organization"},"potentialAction":[{"@type":"SearchAction","target":{"@type":"EntryPoint","urlTemplate":"https:\/\/dicodusport.fr\/blog\/?s={search_term_string}"},"query-input":{"@type":"PropertyValueSpecification","valueRequired":true,"valueName":"search_term_string"}}],"inLanguage":"fr-FR"},{"@type":"NewsMediaOrganization","@id":"https:\/\/dicodusport.fr\/blog\/#organization","name":"Dicodusport","url":"https:\/\/dicodusport.fr\/blog\/","logo":{"@type":"ImageObject","inLanguage":"fr-FR","@id":"https:\/\/dicodusport.fr\/blog\/#\/schema\/logo\/image\/","url":"https:\/\/dicodusport.fr\/blog\/wp-content\/uploads\/2020\/06\/cropped-LOGO-DICODUSPORT-2020-SANS-FOND-SANS-TEXTE.png","contentUrl":"https:\/\/dicodusport.fr\/blog\/wp-content\/uploads\/2020\/06\/cropped-LOGO-DICODUSPORT-2020-SANS-FOND-SANS-TEXTE.png","width":512,"height":512,"caption":"Dicodusport"},"image":{"@id":"https:\/\/dicodusport.fr\/blog\/#\/schema\/logo\/image\/"},"sameAs":["https:\/\/www.facebook.com\/dicodusport","https:\/\/x.com\/dicodusport","https:\/\/www.instagram.com\/dicodusport\/","https:\/\/www.youtube.com\/channel\/UC7V2KZ5sd3htJivAbA4ZG3w"],"description":"Dicodusport est l'encyclop\u00e9die de l'actualit\u00e9 sportive.","email":"bonjour@dicodusport.fr","legalName":"DICODUSPORT","foundingDate":"2018-01-14","vatID":"FR71834470973","taxID":"83447097300043","numberOfEmployees":{"@type":"QuantitativeValue","minValue":"1","maxValue":"10"}},{"@type":"Person","@id":"https:\/\/dicodusport.fr\/blog\/#\/schema\/person\/55dcb50ad410894e431ed812bbb70191","name":"Nicolas Jacquemard","image":{"@type":"ImageObject","inLanguage":"fr-FR","@id":"https:\/\/dicodusport.fr\/blog\/#\/schema\/person\/image\/","url":"https:\/\/dicodusport.fr\/blog\/wp-content\/uploads\/2021\/05\/Nicolas-Jacquemard-150x150.jpeg","contentUrl":"https:\/\/dicodusport.fr\/blog\/wp-content\/uploads\/2021\/05\/Nicolas-Jacquemard-150x150.jpeg","caption":"Nicolas Jacquemard"},"description":"Passionn\u00e9 de sport et entrepreneur depuis mes 18 ans, la cr\u00e9ation de Dicodusport m'a sembl\u00e9 \u00e9vidente pour participer \u00e0 la m\u00e9diatisation d'un plus grand nombre de sports. Le chemin est long mais avec une \u00e9quipe des plus motiv\u00e9es et les Jeux Olympiques de Paris 2024 en point de mire, nous y arriverons ! Journaliste dans le monde du sport depuis plus de 5 ans, je traite aussi bien de football, de rugby, de biathlon que de cyclisme.","sameAs":["https:\/\/www.facebook.com\/dicodusport","https:\/\/x.com\/https:\/\/twitter.com\/Nico_Jacquemard"],"url":"https:\/\/dicodusport.fr\/blog\/author\/dicodusport\/"}]}},"_links":{"self":[{"href":"https:\/\/dicodusport.fr\/blog\/wp-json\/wp\/v2\/posts\/264188","targetHints":{"allow":["GET"]}}],"collection":[{"href":"https:\/\/dicodusport.fr\/blog\/wp-json\/wp\/v2\/posts"}],"about":[{"href":"https:\/\/dicodusport.fr\/blog\/wp-json\/wp\/v2\/types\/post"}],"author":[{"embeddable":true,"href":"https:\/\/dicodusport.fr\/blog\/wp-json\/wp\/v2\/users\/1"}],"replies":[{"embeddable":true,"href":"https:\/\/dicodusport.fr\/blog\/wp-json\/wp\/v2\/comments?post=264188"}],"version-history":[{"count":0,"href":"https:\/\/dicodusport.fr\/blog\/wp-json\/wp\/v2\/posts\/264188\/revisions"}],"wp:featuredmedia":[{"embeddable":true,"href":"https:\/\/dicodusport.fr\/blog\/wp-json\/wp\/v2\/media\/264189"}],"wp:attachment":[{"href":"https:\/\/dicodusport.fr\/blog\/wp-json\/wp\/v2\/media?parent=264188"}],"wp:term":[{"taxonomy":"category","embeddable":true,"href":"https:\/\/dicodusport.fr\/blog\/wp-json\/wp\/v2\/categories?post=264188"},{"taxonomy":"post_tag","embeddable":true,"href":"https:\/\/dicodusport.fr\/blog\/wp-json\/wp\/v2\/tags?post=264188"}],"curies":[{"name":"wp","href":"https:\/\/api.w.org\/{rel}","templated":true}]}}