{"id":264299,"date":"2022-09-23T10:15:23","date_gmt":"2022-09-23T08:15:23","guid":{"rendered":"https:\/\/dicodusport.fr\/blog\/?p=264299&#038;preview=true&#038;preview_id=264299"},"modified":"2022-09-23T10:24:45","modified_gmt":"2022-09-23T08:24:45","slug":"didier-deschamps-est-ce-que-je-vous-ai-dit-quolivier-giroud-ne-serait-pas-au-mondial","status":"publish","type":"post","link":"https:\/\/dicodusport.fr\/blog\/didier-deschamps-est-ce-que-je-vous-ai-dit-quolivier-giroud-ne-serait-pas-au-mondial\/","title":{"rendered":"Didier Deschamps : \u00ab\u00a0Est-ce que je vous ai dit qu&rsquo;Olivier Giroud ne serait pas au Mondial ?\u00a0\u00bb"},"content":{"rendered":"<p style=\"text-align: justify;\"><b><i>FOOTBALL &#8211; Comme on pouvait s&rsquo;y attendre, Didier Deschamps a de nouveau \u00e9t\u00e9 interrog\u00e9 sur Olivier Giroud, apr\u00e8s <a href=\"https:\/\/dicodusport.fr\/blog\/equipe-de-france-serieux-les-bleus-renouent-avec-le-succes-face-a-lautriche\/\">la victoire des Bleus face \u00e0 l&rsquo;Autriche jeudi (2-0)<\/a>.\u00a0<\/i><\/b><\/p>\n<p style=\"text-align: justify;\">Dans la t\u00eate du s\u00e9lectionneur, <strong>Karim Benzema<\/strong> et <strong>Kylian Mbapp\u00e9<\/strong> sont ses deux attaquants titulaires, et il n&rsquo;y a pas grand chose \u00e0 redire \u00e0 cela puisque le Madril\u00e8ne devrait remporter le Ballon d&rsquo;Or et que le Parisien sera s\u00fbrement dans le Top 5. <strong>Olivier Giroud<\/strong> semble le rempla\u00e7ant id\u00e9al, quand on voit sa nouvelle belle performance face \u00e0 l&rsquo;<strong>Autriche<\/strong>. Mais ce n&rsquo;est pas si simple dans l&rsquo;esprit de <strong>Didier Deschamps<\/strong>. De nouveau interrog\u00e9 sur le sujet jeudi soir, il s&rsquo;est expliqu\u00e9 dans des propos repris par <em>Eurosport<\/em>.<\/p>\n<blockquote>\n<p style=\"text-align: justify;\">Je vous laisse interpr\u00e9ter comme vous voulez. Je suis tr\u00e8s content pour Olivier, il le m\u00e9rite. Il a eu des p\u00e9riodes o\u00f9 c&rsquo;\u00e9tait beaucoup plus compliqu\u00e9 pour lui, en club notamment. Et il continuait \u00e0 \u00eatre performant avec nous. Si je l&rsquo;appelle et que je le mets, c&rsquo;est pour qu&rsquo;il soit bon et qu&rsquo;il marque. Est-ce que je vous ai dit qu&rsquo;il ne serait pas au Mondial ? Est-ce que je vous ai dit qu&rsquo;il y serait ? Ni l&rsquo;un ni l&rsquo;autre. Il fait tout pour faire en sorte d&rsquo;y \u00eatre. Mais il y a beaucoup de concurrence \u00e0 tous les postes. Je peux avoir un peu plus de marge car je peux aller jusqu&rsquo;\u00e0 une liste de 26. Tant mieux. Je sais qu&rsquo;il est appr\u00e9ci\u00e9 par le public. J&rsquo;aurai le temps de r\u00e9fl\u00e9chir.<\/p>\n<\/blockquote>\n<p style=\"text-align: justify;\">Auteur d&rsquo;une passe d\u00e9cisive, m\u00eame si <strong>Kylian Mbapp\u00e9<\/strong> se fait le but tout seul, et d&rsquo;un beau but de la t\u00eate, <strong>Olivier Giroud<\/strong> n&rsquo;est plus qu&rsquo;\u00e0 deux buts de devenir le <a href=\"https:\/\/dicodusport.fr\/blog\/top-10-des-meilleurs-buteurs-de-lequipe-de-france-de-football\/\" target=\"_blank\" rel=\"noopener\">meilleur buteur de l&rsquo;histoire des Bleus<\/a>.<\/p>\n<blockquote class=\"twitter-tweet\">\n<p dir=\"ltr\" lang=\"fr\">!<br \/>\nSuperbe centre d&rsquo;<a href=\"https:\/\/twitter.com\/AntoGriezmann?ref_src=twsrc%5Etfw\">@AntoGriezmann<\/a> pour <a href=\"https:\/\/twitter.com\/_OlivierGiroud_?ref_src=twsrc%5Etfw\">@_OlivierGiroud_<\/a> qui reprend d&rsquo;une t\u00eate magnifique !<\/p>\n<p>2-0 | <a href=\"https:\/\/twitter.com\/hashtag\/FRAAUT?src=hash&amp;ref_src=twsrc%5Etfw\">#FRAAUT<\/a> | <a href=\"https:\/\/twitter.com\/hashtag\/FiersdetreBleus?src=hash&amp;ref_src=twsrc%5Etfw\">#FiersdetreBleus<\/a> <a href=\"https:\/\/t.co\/SLP9WNRZ74\">pic.twitter.com\/SLP9WNRZ74<\/a><\/p>\n<p>\u2014 Equipe de France &#x2b50;&#x2b50; (@equipedefrance) <a href=\"https:\/\/twitter.com\/equipedefrance\/status\/1573043510521245696?ref_src=twsrc%5Etfw\">September 22, 2022<\/a><\/p><\/blockquote>\n<p style=\"text-align: justify;\"><script async src=\"https:\/\/platform.twitter.com\/widgets.js\" charset=\"utf-8\"><\/script><\/p>\n","protected":false},"excerpt":{"rendered":"<p>FOOTBALL &#8211; Comme on pouvait s&rsquo;y attendre, Didier Deschamps a de nouveau \u00e9t\u00e9 interrog\u00e9 sur Olivier Giroud, apr\u00e8s la victoire des Bleus face \u00e0 l&rsquo;Autriche jeudi (2-0).\u00a0<\/p>\n","protected":false},"author":1,"featured_media":264306,"comment_status":"open","ping_status":"closed","sticky":false,"template":"","format":"standard","meta":{"_acf_changed":false,"_daextam_enable_autolinks":"","footnotes":""},"categories":[2301],"tags":[75,30,2394,3681],"class_list":["post-264299","post","type-post","status-publish","format-standard","has-post-thumbnail","hentry","category-football","tag-football","tag-france","tag-giroud","tag-olivier-giroud"],"acf":[],"yoast_head":"<!-- This site is optimized with the Yoast SEO Premium plugin v26.7 (Yoast SEO v26.7) - https:\/\/yoast.com\/wordpress\/plugins\/seo\/ -->\n<title>Didier Deschamps : &quot;Est-ce que je vous ai dit qu&#039;Olivier Giroud ne serait pas au Mondial ?&quot;<\/title>\n<meta name=\"description\" content=\"Comme on pouvait s&#039;y attendre, Didier Deschamps a de nouveau \u00e9t\u00e9 interrog\u00e9 sur Olivier Giroud apr\u00e8s la victoire des Bleus face \u00e0 l&#039;Autriche.\u00a0\" \/>\n<meta name=\"robots\" content=\"index, follow, max-snippet:-1, max-image-preview:large, max-video-preview:-1\" \/>\n<link rel=\"canonical\" href=\"https:\/\/dicodusport.fr\/blog\/didier-deschamps-est-ce-que-je-vous-ai-dit-quolivier-giroud-ne-serait-pas-au-mondial\/\" \/>\n<meta property=\"og:locale\" content=\"fr_FR\" \/>\n<meta property=\"og:type\" content=\"article\" \/>\n<meta property=\"og:title\" content=\"Didier Deschamps : &quot;Est-ce que je vous ai dit qu&#039;Olivier Giroud ne serait pas au Mondial ?&quot;\" \/>\n<meta property=\"og:description\" content=\"Comme on pouvait s&#039;y attendre, Didier Deschamps a de nouveau \u00e9t\u00e9 interrog\u00e9 sur Olivier Giroud apr\u00e8s la victoire des Bleus face \u00e0 l&#039;Autriche.\u00a0\" \/>\n<meta property=\"og:url\" content=\"https:\/\/dicodusport.fr\/blog\/didier-deschamps-est-ce-que-je-vous-ai-dit-quolivier-giroud-ne-serait-pas-au-mondial\/\" \/>\n<meta property=\"og:site_name\" content=\"Dicodusport\" \/>\n<meta property=\"article:publisher\" content=\"https:\/\/www.facebook.com\/dicodusport\" \/>\n<meta property=\"article:author\" content=\"https:\/\/www.facebook.com\/dicodusport\" \/>\n<meta property=\"article:published_time\" content=\"2022-09-23T08:15:23+00:00\" \/>\n<meta property=\"article:modified_time\" content=\"2022-09-23T08:24:45+00:00\" \/>\n<meta property=\"og:image\" content=\"https:\/\/dicodusport.fr\/blog\/wp-content\/uploads\/2022\/09\/Didier-Deschamps-Est-ce-que-je-vous-ai-dit-quOlivier-Giroud-ne-serait-pas-au-Mondial-.png\" \/>\n\t<meta property=\"og:image:width\" content=\"800\" \/>\n\t<meta property=\"og:image:height\" content=\"445\" \/>\n\t<meta property=\"og:image:type\" content=\"image\/png\" \/>\n<meta name=\"author\" content=\"Nicolas Jacquemard\" \/>\n<meta name=\"twitter:card\" content=\"summary_large_image\" \/>\n<meta name=\"twitter:title\" content=\"Didier Deschamps : &quot;Est-ce que je vous ai dit qu&#039;Olivier Giroud ne serait pas au Mondial ?&quot;\" \/>\n<meta name=\"twitter:creator\" content=\"@https:\/\/twitter.com\/Nico_Jacquemard\" \/>\n<meta name=\"twitter:site\" content=\"@dicodusport\" \/>\n<script type=\"application\/ld+json\" class=\"yoast-schema-graph\">{\"@context\":\"https:\/\/schema.org\",\"@graph\":[{\"@type\":\"NewsArticle\",\"@id\":\"https:\/\/dicodusport.fr\/blog\/didier-deschamps-est-ce-que-je-vous-ai-dit-quolivier-giroud-ne-serait-pas-au-mondial\/#article\",\"isPartOf\":{\"@id\":\"https:\/\/dicodusport.fr\/blog\/didier-deschamps-est-ce-que-je-vous-ai-dit-quolivier-giroud-ne-serait-pas-au-mondial\/\"},\"author\":{\"name\":\"Nicolas Jacquemard\",\"@id\":\"https:\/\/dicodusport.fr\/blog\/#\/schema\/person\/55dcb50ad410894e431ed812bbb70191\"},\"headline\":\"Didier Deschamps : \u00ab\u00a0Est-ce que je vous ai dit qu&rsquo;Olivier Giroud ne serait pas au Mondial ?\u00a0\u00bb\",\"datePublished\":\"2022-09-23T08:15:23+00:00\",\"dateModified\":\"2022-09-23T08:24:45+00:00\",\"mainEntityOfPage\":{\"@id\":\"https:\/\/dicodusport.fr\/blog\/didier-deschamps-est-ce-que-je-vous-ai-dit-quolivier-giroud-ne-serait-pas-au-mondial\/\"},\"wordCount\":363,\"commentCount\":0,\"publisher\":{\"@id\":\"https:\/\/dicodusport.fr\/blog\/#organization\"},\"image\":{\"@id\":\"https:\/\/dicodusport.fr\/blog\/didier-deschamps-est-ce-que-je-vous-ai-dit-quolivier-giroud-ne-serait-pas-au-mondial\/#primaryimage\"},\"thumbnailUrl\":\"https:\/\/dicodusport.fr\/blog\/wp-content\/uploads\/2022\/09\/Didier-Deschamps-Est-ce-que-je-vous-ai-dit-quOlivier-Giroud-ne-serait-pas-au-Mondial-.png\",\"keywords\":[\"Football\",\"France\",\"giroud\",\"Olivier Giroud\"],\"articleSection\":[\"Football\"],\"inLanguage\":\"fr-FR\",\"potentialAction\":[{\"@type\":\"CommentAction\",\"name\":\"Comment\",\"target\":[\"https:\/\/dicodusport.fr\/blog\/didier-deschamps-est-ce-que-je-vous-ai-dit-quolivier-giroud-ne-serait-pas-au-mondial\/#respond\"]}],\"copyrightYear\":\"2022\",\"copyrightHolder\":{\"@id\":\"https:\/\/dicodusport.fr\/blog\/#organization\"}},{\"@type\":\"WebPage\",\"@id\":\"https:\/\/dicodusport.fr\/blog\/didier-deschamps-est-ce-que-je-vous-ai-dit-quolivier-giroud-ne-serait-pas-au-mondial\/\",\"url\":\"https:\/\/dicodusport.fr\/blog\/didier-deschamps-est-ce-que-je-vous-ai-dit-quolivier-giroud-ne-serait-pas-au-mondial\/\",\"name\":\"Didier Deschamps : \\\"Est-ce que je vous ai dit qu'Olivier Giroud ne serait pas au Mondial ?\\\"\",\"isPartOf\":{\"@id\":\"https:\/\/dicodusport.fr\/blog\/#website\"},\"primaryImageOfPage\":{\"@id\":\"https:\/\/dicodusport.fr\/blog\/didier-deschamps-est-ce-que-je-vous-ai-dit-quolivier-giroud-ne-serait-pas-au-mondial\/#primaryimage\"},\"image\":{\"@id\":\"https:\/\/dicodusport.fr\/blog\/didier-deschamps-est-ce-que-je-vous-ai-dit-quolivier-giroud-ne-serait-pas-au-mondial\/#primaryimage\"},\"thumbnailUrl\":\"https:\/\/dicodusport.fr\/blog\/wp-content\/uploads\/2022\/09\/Didier-Deschamps-Est-ce-que-je-vous-ai-dit-quOlivier-Giroud-ne-serait-pas-au-Mondial-.png\",\"datePublished\":\"2022-09-23T08:15:23+00:00\",\"dateModified\":\"2022-09-23T08:24:45+00:00\",\"description\":\"Comme on pouvait s'y attendre, Didier Deschamps a de nouveau \u00e9t\u00e9 interrog\u00e9 sur Olivier Giroud apr\u00e8s la victoire des Bleus face \u00e0 l'Autriche.\u00a0\",\"breadcrumb\":{\"@id\":\"https:\/\/dicodusport.fr\/blog\/didier-deschamps-est-ce-que-je-vous-ai-dit-quolivier-giroud-ne-serait-pas-au-mondial\/#breadcrumb\"},\"inLanguage\":\"fr-FR\",\"potentialAction\":[{\"@type\":\"ReadAction\",\"target\":[\"https:\/\/dicodusport.fr\/blog\/didier-deschamps-est-ce-que-je-vous-ai-dit-quolivier-giroud-ne-serait-pas-au-mondial\/\"]}]},{\"@type\":\"ImageObject\",\"inLanguage\":\"fr-FR\",\"@id\":\"https:\/\/dicodusport.fr\/blog\/didier-deschamps-est-ce-que-je-vous-ai-dit-quolivier-giroud-ne-serait-pas-au-mondial\/#primaryimage\",\"url\":\"https:\/\/dicodusport.fr\/blog\/wp-content\/uploads\/2022\/09\/Didier-Deschamps-Est-ce-que-je-vous-ai-dit-quOlivier-Giroud-ne-serait-pas-au-Mondial-.png\",\"contentUrl\":\"https:\/\/dicodusport.fr\/blog\/wp-content\/uploads\/2022\/09\/Didier-Deschamps-Est-ce-que-je-vous-ai-dit-quOlivier-Giroud-ne-serait-pas-au-Mondial-.png\",\"width\":800,\"height\":445},{\"@type\":\"BreadcrumbList\",\"@id\":\"https:\/\/dicodusport.fr\/blog\/didier-deschamps-est-ce-que-je-vous-ai-dit-quolivier-giroud-ne-serait-pas-au-mondial\/#breadcrumb\",\"itemListElement\":[{\"@type\":\"ListItem\",\"position\":1,\"name\":\"Accueil\",\"item\":\"https:\/\/dicodusport.fr\/blog\/\"},{\"@type\":\"ListItem\",\"position\":2,\"name\":\"Didier Deschamps : \u00ab\u00a0Est-ce que je vous ai dit qu&rsquo;Olivier Giroud ne serait pas au Mondial ?\u00a0\u00bb\"}]},{\"@type\":\"WebSite\",\"@id\":\"https:\/\/dicodusport.fr\/blog\/#website\",\"url\":\"https:\/\/dicodusport.fr\/blog\/\",\"name\":\"Dicodusport\",\"description\":\"L&#039;encyclop\u00e9die de l&#039;actualit\u00e9 sportive\",\"publisher\":{\"@id\":\"https:\/\/dicodusport.fr\/blog\/#organization\"},\"potentialAction\":[{\"@type\":\"SearchAction\",\"target\":{\"@type\":\"EntryPoint\",\"urlTemplate\":\"https:\/\/dicodusport.fr\/blog\/?s={search_term_string}\"},\"query-input\":{\"@type\":\"PropertyValueSpecification\",\"valueRequired\":true,\"valueName\":\"search_term_string\"}}],\"inLanguage\":\"fr-FR\"},{\"@type\":\"NewsMediaOrganization\",\"@id\":\"https:\/\/dicodusport.fr\/blog\/#organization\",\"name\":\"Dicodusport\",\"url\":\"https:\/\/dicodusport.fr\/blog\/\",\"logo\":{\"@type\":\"ImageObject\",\"inLanguage\":\"fr-FR\",\"@id\":\"https:\/\/dicodusport.fr\/blog\/#\/schema\/logo\/image\/\",\"url\":\"https:\/\/dicodusport.fr\/blog\/wp-content\/uploads\/2020\/06\/cropped-LOGO-DICODUSPORT-2020-SANS-FOND-SANS-TEXTE.png\",\"contentUrl\":\"https:\/\/dicodusport.fr\/blog\/wp-content\/uploads\/2020\/06\/cropped-LOGO-DICODUSPORT-2020-SANS-FOND-SANS-TEXTE.png\",\"width\":512,\"height\":512,\"caption\":\"Dicodusport\"},\"image\":{\"@id\":\"https:\/\/dicodusport.fr\/blog\/#\/schema\/logo\/image\/\"},\"sameAs\":[\"https:\/\/www.facebook.com\/dicodusport\",\"https:\/\/x.com\/dicodusport\",\"https:\/\/www.instagram.com\/dicodusport\/\",\"https:\/\/www.youtube.com\/channel\/UC7V2KZ5sd3htJivAbA4ZG3w\"],\"description\":\"Dicodusport est l'encyclop\u00e9die de l'actualit\u00e9 sportive.\",\"email\":\"bonjour@dicodusport.fr\",\"legalName\":\"DICODUSPORT\",\"foundingDate\":\"2018-01-14\",\"vatID\":\"FR71834470973\",\"taxID\":\"83447097300043\",\"numberOfEmployees\":{\"@type\":\"QuantitativeValue\",\"minValue\":\"1\",\"maxValue\":\"10\"}},{\"@type\":\"Person\",\"@id\":\"https:\/\/dicodusport.fr\/blog\/#\/schema\/person\/55dcb50ad410894e431ed812bbb70191\",\"name\":\"Nicolas Jacquemard\",\"image\":{\"@type\":\"ImageObject\",\"inLanguage\":\"fr-FR\",\"@id\":\"https:\/\/dicodusport.fr\/blog\/#\/schema\/person\/image\/\",\"url\":\"https:\/\/dicodusport.fr\/blog\/wp-content\/uploads\/2021\/05\/Nicolas-Jacquemard-150x150.jpeg\",\"contentUrl\":\"https:\/\/dicodusport.fr\/blog\/wp-content\/uploads\/2021\/05\/Nicolas-Jacquemard-150x150.jpeg\",\"caption\":\"Nicolas Jacquemard\"},\"description\":\"Passionn\u00e9 de sport et entrepreneur depuis mes 18 ans, la cr\u00e9ation de Dicodusport m'a sembl\u00e9 \u00e9vidente pour participer \u00e0 la m\u00e9diatisation d'un plus grand nombre de sports. Le chemin est long mais avec une \u00e9quipe des plus motiv\u00e9es et les Jeux Olympiques de Paris 2024 en point de mire, nous y arriverons ! Journaliste dans le monde du sport depuis plus de 5 ans, je traite aussi bien de football, de rugby, de biathlon que de cyclisme.\",\"sameAs\":[\"https:\/\/www.facebook.com\/dicodusport\",\"https:\/\/x.com\/https:\/\/twitter.com\/Nico_Jacquemard\"],\"url\":\"https:\/\/dicodusport.fr\/blog\/author\/dicodusport\/\"}]}<\/script>\n<!-- \/ Yoast SEO Premium plugin. -->","yoast_head_json":{"title":"Didier Deschamps : \"Est-ce que je vous ai dit qu'Olivier Giroud ne serait pas au Mondial ?\"","description":"Comme on pouvait s'y attendre, Didier Deschamps a de nouveau \u00e9t\u00e9 interrog\u00e9 sur Olivier Giroud apr\u00e8s la victoire des Bleus face \u00e0 l'Autriche.\u00a0","robots":{"index":"index","follow":"follow","max-snippet":"max-snippet:-1","max-image-preview":"max-image-preview:large","max-video-preview":"max-video-preview:-1"},"canonical":"https:\/\/dicodusport.fr\/blog\/didier-deschamps-est-ce-que-je-vous-ai-dit-quolivier-giroud-ne-serait-pas-au-mondial\/","og_locale":"fr_FR","og_type":"article","og_title":"Didier Deschamps : \"Est-ce que je vous ai dit qu'Olivier Giroud ne serait pas au Mondial ?\"","og_description":"Comme on pouvait s'y attendre, Didier Deschamps a de nouveau \u00e9t\u00e9 interrog\u00e9 sur Olivier Giroud apr\u00e8s la victoire des Bleus face \u00e0 l'Autriche.\u00a0","og_url":"https:\/\/dicodusport.fr\/blog\/didier-deschamps-est-ce-que-je-vous-ai-dit-quolivier-giroud-ne-serait-pas-au-mondial\/","og_site_name":"Dicodusport","article_publisher":"https:\/\/www.facebook.com\/dicodusport","article_author":"https:\/\/www.facebook.com\/dicodusport","article_published_time":"2022-09-23T08:15:23+00:00","article_modified_time":"2022-09-23T08:24:45+00:00","og_image":[{"width":800,"height":445,"url":"https:\/\/dicodusport.fr\/blog\/wp-content\/uploads\/2022\/09\/Didier-Deschamps-Est-ce-que-je-vous-ai-dit-quOlivier-Giroud-ne-serait-pas-au-Mondial-.png","type":"image\/png"}],"author":"Nicolas Jacquemard","twitter_card":"summary_large_image","twitter_title":"Didier Deschamps : \"Est-ce que je vous ai dit qu'Olivier Giroud ne serait pas au Mondial ?\"","twitter_creator":"@https:\/\/twitter.com\/Nico_Jacquemard","twitter_site":"@dicodusport","schema":{"@context":"https:\/\/schema.org","@graph":[{"@type":"NewsArticle","@id":"https:\/\/dicodusport.fr\/blog\/didier-deschamps-est-ce-que-je-vous-ai-dit-quolivier-giroud-ne-serait-pas-au-mondial\/#article","isPartOf":{"@id":"https:\/\/dicodusport.fr\/blog\/didier-deschamps-est-ce-que-je-vous-ai-dit-quolivier-giroud-ne-serait-pas-au-mondial\/"},"author":{"name":"Nicolas Jacquemard","@id":"https:\/\/dicodusport.fr\/blog\/#\/schema\/person\/55dcb50ad410894e431ed812bbb70191"},"headline":"Didier Deschamps : \u00ab\u00a0Est-ce que je vous ai dit qu&rsquo;Olivier Giroud ne serait pas au Mondial ?\u00a0\u00bb","datePublished":"2022-09-23T08:15:23+00:00","dateModified":"2022-09-23T08:24:45+00:00","mainEntityOfPage":{"@id":"https:\/\/dicodusport.fr\/blog\/didier-deschamps-est-ce-que-je-vous-ai-dit-quolivier-giroud-ne-serait-pas-au-mondial\/"},"wordCount":363,"commentCount":0,"publisher":{"@id":"https:\/\/dicodusport.fr\/blog\/#organization"},"image":{"@id":"https:\/\/dicodusport.fr\/blog\/didier-deschamps-est-ce-que-je-vous-ai-dit-quolivier-giroud-ne-serait-pas-au-mondial\/#primaryimage"},"thumbnailUrl":"https:\/\/dicodusport.fr\/blog\/wp-content\/uploads\/2022\/09\/Didier-Deschamps-Est-ce-que-je-vous-ai-dit-quOlivier-Giroud-ne-serait-pas-au-Mondial-.png","keywords":["Football","France","giroud","Olivier Giroud"],"articleSection":["Football"],"inLanguage":"fr-FR","potentialAction":[{"@type":"CommentAction","name":"Comment","target":["https:\/\/dicodusport.fr\/blog\/didier-deschamps-est-ce-que-je-vous-ai-dit-quolivier-giroud-ne-serait-pas-au-mondial\/#respond"]}],"copyrightYear":"2022","copyrightHolder":{"@id":"https:\/\/dicodusport.fr\/blog\/#organization"}},{"@type":"WebPage","@id":"https:\/\/dicodusport.fr\/blog\/didier-deschamps-est-ce-que-je-vous-ai-dit-quolivier-giroud-ne-serait-pas-au-mondial\/","url":"https:\/\/dicodusport.fr\/blog\/didier-deschamps-est-ce-que-je-vous-ai-dit-quolivier-giroud-ne-serait-pas-au-mondial\/","name":"Didier Deschamps : \"Est-ce que je vous ai dit qu'Olivier Giroud ne serait pas au Mondial ?\"","isPartOf":{"@id":"https:\/\/dicodusport.fr\/blog\/#website"},"primaryImageOfPage":{"@id":"https:\/\/dicodusport.fr\/blog\/didier-deschamps-est-ce-que-je-vous-ai-dit-quolivier-giroud-ne-serait-pas-au-mondial\/#primaryimage"},"image":{"@id":"https:\/\/dicodusport.fr\/blog\/didier-deschamps-est-ce-que-je-vous-ai-dit-quolivier-giroud-ne-serait-pas-au-mondial\/#primaryimage"},"thumbnailUrl":"https:\/\/dicodusport.fr\/blog\/wp-content\/uploads\/2022\/09\/Didier-Deschamps-Est-ce-que-je-vous-ai-dit-quOlivier-Giroud-ne-serait-pas-au-Mondial-.png","datePublished":"2022-09-23T08:15:23+00:00","dateModified":"2022-09-23T08:24:45+00:00","description":"Comme on pouvait s'y attendre, Didier Deschamps a de nouveau \u00e9t\u00e9 interrog\u00e9 sur Olivier Giroud apr\u00e8s la victoire des Bleus face \u00e0 l'Autriche.\u00a0","breadcrumb":{"@id":"https:\/\/dicodusport.fr\/blog\/didier-deschamps-est-ce-que-je-vous-ai-dit-quolivier-giroud-ne-serait-pas-au-mondial\/#breadcrumb"},"inLanguage":"fr-FR","potentialAction":[{"@type":"ReadAction","target":["https:\/\/dicodusport.fr\/blog\/didier-deschamps-est-ce-que-je-vous-ai-dit-quolivier-giroud-ne-serait-pas-au-mondial\/"]}]},{"@type":"ImageObject","inLanguage":"fr-FR","@id":"https:\/\/dicodusport.fr\/blog\/didier-deschamps-est-ce-que-je-vous-ai-dit-quolivier-giroud-ne-serait-pas-au-mondial\/#primaryimage","url":"https:\/\/dicodusport.fr\/blog\/wp-content\/uploads\/2022\/09\/Didier-Deschamps-Est-ce-que-je-vous-ai-dit-quOlivier-Giroud-ne-serait-pas-au-Mondial-.png","contentUrl":"https:\/\/dicodusport.fr\/blog\/wp-content\/uploads\/2022\/09\/Didier-Deschamps-Est-ce-que-je-vous-ai-dit-quOlivier-Giroud-ne-serait-pas-au-Mondial-.png","width":800,"height":445},{"@type":"BreadcrumbList","@id":"https:\/\/dicodusport.fr\/blog\/didier-deschamps-est-ce-que-je-vous-ai-dit-quolivier-giroud-ne-serait-pas-au-mondial\/#breadcrumb","itemListElement":[{"@type":"ListItem","position":1,"name":"Accueil","item":"https:\/\/dicodusport.fr\/blog\/"},{"@type":"ListItem","position":2,"name":"Didier Deschamps : \u00ab\u00a0Est-ce que je vous ai dit qu&rsquo;Olivier Giroud ne serait pas au Mondial ?\u00a0\u00bb"}]},{"@type":"WebSite","@id":"https:\/\/dicodusport.fr\/blog\/#website","url":"https:\/\/dicodusport.fr\/blog\/","name":"Dicodusport","description":"L&#039;encyclop\u00e9die de l&#039;actualit\u00e9 sportive","publisher":{"@id":"https:\/\/dicodusport.fr\/blog\/#organization"},"potentialAction":[{"@type":"SearchAction","target":{"@type":"EntryPoint","urlTemplate":"https:\/\/dicodusport.fr\/blog\/?s={search_term_string}"},"query-input":{"@type":"PropertyValueSpecification","valueRequired":true,"valueName":"search_term_string"}}],"inLanguage":"fr-FR"},{"@type":"NewsMediaOrganization","@id":"https:\/\/dicodusport.fr\/blog\/#organization","name":"Dicodusport","url":"https:\/\/dicodusport.fr\/blog\/","logo":{"@type":"ImageObject","inLanguage":"fr-FR","@id":"https:\/\/dicodusport.fr\/blog\/#\/schema\/logo\/image\/","url":"https:\/\/dicodusport.fr\/blog\/wp-content\/uploads\/2020\/06\/cropped-LOGO-DICODUSPORT-2020-SANS-FOND-SANS-TEXTE.png","contentUrl":"https:\/\/dicodusport.fr\/blog\/wp-content\/uploads\/2020\/06\/cropped-LOGO-DICODUSPORT-2020-SANS-FOND-SANS-TEXTE.png","width":512,"height":512,"caption":"Dicodusport"},"image":{"@id":"https:\/\/dicodusport.fr\/blog\/#\/schema\/logo\/image\/"},"sameAs":["https:\/\/www.facebook.com\/dicodusport","https:\/\/x.com\/dicodusport","https:\/\/www.instagram.com\/dicodusport\/","https:\/\/www.youtube.com\/channel\/UC7V2KZ5sd3htJivAbA4ZG3w"],"description":"Dicodusport est l'encyclop\u00e9die de l'actualit\u00e9 sportive.","email":"bonjour@dicodusport.fr","legalName":"DICODUSPORT","foundingDate":"2018-01-14","vatID":"FR71834470973","taxID":"83447097300043","numberOfEmployees":{"@type":"QuantitativeValue","minValue":"1","maxValue":"10"}},{"@type":"Person","@id":"https:\/\/dicodusport.fr\/blog\/#\/schema\/person\/55dcb50ad410894e431ed812bbb70191","name":"Nicolas Jacquemard","image":{"@type":"ImageObject","inLanguage":"fr-FR","@id":"https:\/\/dicodusport.fr\/blog\/#\/schema\/person\/image\/","url":"https:\/\/dicodusport.fr\/blog\/wp-content\/uploads\/2021\/05\/Nicolas-Jacquemard-150x150.jpeg","contentUrl":"https:\/\/dicodusport.fr\/blog\/wp-content\/uploads\/2021\/05\/Nicolas-Jacquemard-150x150.jpeg","caption":"Nicolas Jacquemard"},"description":"Passionn\u00e9 de sport et entrepreneur depuis mes 18 ans, la cr\u00e9ation de Dicodusport m'a sembl\u00e9 \u00e9vidente pour participer \u00e0 la m\u00e9diatisation d'un plus grand nombre de sports. Le chemin est long mais avec une \u00e9quipe des plus motiv\u00e9es et les Jeux Olympiques de Paris 2024 en point de mire, nous y arriverons ! Journaliste dans le monde du sport depuis plus de 5 ans, je traite aussi bien de football, de rugby, de biathlon que de cyclisme.","sameAs":["https:\/\/www.facebook.com\/dicodusport","https:\/\/x.com\/https:\/\/twitter.com\/Nico_Jacquemard"],"url":"https:\/\/dicodusport.fr\/blog\/author\/dicodusport\/"}]}},"_links":{"self":[{"href":"https:\/\/dicodusport.fr\/blog\/wp-json\/wp\/v2\/posts\/264299","targetHints":{"allow":["GET"]}}],"collection":[{"href":"https:\/\/dicodusport.fr\/blog\/wp-json\/wp\/v2\/posts"}],"about":[{"href":"https:\/\/dicodusport.fr\/blog\/wp-json\/wp\/v2\/types\/post"}],"author":[{"embeddable":true,"href":"https:\/\/dicodusport.fr\/blog\/wp-json\/wp\/v2\/users\/1"}],"replies":[{"embeddable":true,"href":"https:\/\/dicodusport.fr\/blog\/wp-json\/wp\/v2\/comments?post=264299"}],"version-history":[{"count":0,"href":"https:\/\/dicodusport.fr\/blog\/wp-json\/wp\/v2\/posts\/264299\/revisions"}],"wp:featuredmedia":[{"embeddable":true,"href":"https:\/\/dicodusport.fr\/blog\/wp-json\/wp\/v2\/media\/264306"}],"wp:attachment":[{"href":"https:\/\/dicodusport.fr\/blog\/wp-json\/wp\/v2\/media?parent=264299"}],"wp:term":[{"taxonomy":"category","embeddable":true,"href":"https:\/\/dicodusport.fr\/blog\/wp-json\/wp\/v2\/categories?post=264299"},{"taxonomy":"post_tag","embeddable":true,"href":"https:\/\/dicodusport.fr\/blog\/wp-json\/wp\/v2\/tags?post=264299"}],"curies":[{"name":"wp","href":"https:\/\/api.w.org\/{rel}","templated":true}]}}