{"id":264311,"date":"2022-09-23T10:45:20","date_gmt":"2022-09-23T08:45:20","guid":{"rendered":"https:\/\/dicodusport.fr\/blog\/?p=264311&#038;preview=true&#038;preview_id=264311"},"modified":"2022-09-23T11:35:02","modified_gmt":"2022-09-23T09:35:02","slug":"paul-penhoet-romain-gregoire-ne-se-sentait-pas-super-bien","status":"publish","type":"post","link":"https:\/\/dicodusport.fr\/blog\/paul-penhoet-romain-gregoire-ne-se-sentait-pas-super-bien\/","title":{"rendered":"Paul Penho\u00ebt : \u00ab\u00a0Romain Gr\u00e9goire ne se sentait pas super bien\u00a0\u00bb"},"content":{"rendered":"<p style=\"text-align: justify;\"><em><strong><a href=\"https:\/\/dicodusport.fr\/blog\/mondiaux-cyclisme-2022-programme-complet-et-resultats\/\">MONDIAUX<\/a><a href=\"https:\/\/dicodusport.fr\/blog\/mondiaux-cyclisme-2022-programme-complet-et-resultats\/\"> CYCLISME SUR ROUTE 2022<\/a> &#8211; L&rsquo;\u00e9quipe de France Espoirs est pass\u00e9e \u00e0 c\u00f4t\u00e9 de ses Mondiaux en Australie, alors que Romain Gr\u00e9goire \u00e9tait le grand favori ce vendredi, sur le circuit difficile de Wollongong.\u00a0<\/strong><\/em><\/p>\n<p style=\"text-align: justify;\"><strong>Romaon Gr\u00e9goire<\/strong> n&rsquo;est pas pass\u00e9 \u00e0 l&rsquo;attaque dans le final et pour cause. Le <strong>Fran\u00e7ais<\/strong> ne se sentait pas tr\u00e8s bien, comme l&rsquo;a expliqu\u00e9 son co\u00e9quipier <strong>Paul Penho\u00ebt<\/strong> \u00e0 l&rsquo;arriv\u00e9e pour <em>DirectVelo<\/em>.<\/p>\n<blockquote>\n<p style=\"text-align: justify;\">Romain Gr\u00e9goire ne se sentait pas super bien alors qu&rsquo;il y avait une tactique mise en place autour de lui. Tout \u00e7a nous a fait courir \u00e0 l&rsquo;envers, Bastien Tronchon aurait aim\u00e9 partir de plus loin dans la bosse. J\u2019ai \u00e9t\u00e9 d\u00e9croch\u00e9 sur le haut de la derni\u00e8re bosse et j\u2019ai mis du temps \u00e0 rentrer dans la descente. Mais d\u00e8s que je suis revenu dans le paquet, Romain s\u2019est mis \u00e0 rouler pour moi. Puis Bastien a pris le manche aux 1500 m\u00e8tres mais \u00e7a n\u2019a pas \u00e9t\u00e9 suffisant.<\/p>\n<\/blockquote>\n<p style=\"text-align: justify;\"><strong>Bastien Tronchon<\/strong> est lui pass\u00e9 \u00e0 l&rsquo;offensive dans le dernier tour, mais trop tard selon ses propres dires. Le coureur <strong>AG2R Citro\u00ebn<\/strong> regrettait de ne pas avoir attaqu\u00e9 plus t\u00f4t dans la derni\u00e8re bosse, le Mount Pleasant.<\/p>\n<blockquote>\n<p style=\"text-align: justify;\">Mathis nous a soulag\u00e9 toute la course. On n\u2019avait pas \u00e0 prendre nos responsabilit\u00e9s, on attendait juste le final. Ensuite, c\u2019\u00e9tait \u00e0 nous de jouer. Je suis parti un petit peu trop tard dans la derni\u00e8re bosse et \u00e7a n\u2019a pas \u00e9t\u00e9 suffisant pour faire la diff\u00e9rence. En partant d\u2019un peu plus t\u00f4t, je pense qu\u2019on aurait pu reprendre les deux qui \u00e9taient devant. Mais c\u2019est comme \u00e7a, on ne peut pas refaire le monde.<\/p>\n<\/blockquote>\n<p dir=\"ltr\" lang=\"fr\">\u00ab\u00a0Ils voulaient encore que je passe alors que j\u2019\u00e9tais devant depuis 140 bornes\u2026 Il ne fallait pas abuser non plus, j\u2019\u00e9tais \u00e0 fond\u00a0\u00bb.<\/p>\n<p>Mathis Le Berre a tout donn\u00e9 pour les Bleus : <a href=\"https:\/\/t.co\/qtnJljNrfC\">https:\/\/t.co\/qtnJljNrfC<\/a><\/p>\n<p>&#x1f4f7; Patrick Pichon &#8211; FFC <a href=\"https:\/\/t.co\/2yv1oJCoP7\">pic.twitter.com\/2yv1oJCoP7<\/a><\/p>\n<blockquote class=\"twitter-tweet\"><p>\u2014 DirectVelo (@directvelo) <a href=\"https:\/\/twitter.com\/directvelo\/status\/1573230357515730944?ref_src=twsrc%5Etfw\">September 23, 2022<\/a><\/p><\/blockquote>\n<p><script async src=\"https:\/\/platform.twitter.com\/widgets.js\" charset=\"utf-8\"><\/script><\/p>\n","protected":false},"excerpt":{"rendered":"<p>MONDIAUX CYCLISME SUR ROUTE 2022 &#8211; L&rsquo;\u00e9quipe de France Espoirs est pass\u00e9e \u00e0 c\u00f4t\u00e9 de ses Mondiaux en Australie, alors que Romain Gr\u00e9goire \u00e9tait le grand favori ce vendredi, sur le circuit difficile de Wollongong.\u00a0<\/p>\n","protected":false},"author":1,"featured_media":264317,"comment_status":"open","ping_status":"closed","sticky":false,"template":"","format":"standard","meta":{"_acf_changed":false,"_daextam_enable_autolinks":"","footnotes":""},"categories":[46994],"tags":[30,19485],"class_list":["post-264311","post","type-post","status-publish","format-standard","has-post-thumbnail","hentry","category-cyclisme-sur-route","tag-france","tag-romain-gregoire"],"acf":[],"yoast_head":"<!-- This site is optimized with the Yoast SEO Premium plugin v26.7 (Yoast SEO v26.7) - https:\/\/yoast.com\/wordpress\/plugins\/seo\/ -->\n<title>Paul Penho\u00ebt : &quot;Romain Gr\u00e9goire ne se sentait pas super bien&quot;<\/title>\n<meta name=\"description\" content=\"MONDIAUX CYCLISME SUR ROUTE 2022 - L&#039;\u00e9quipe de France Espoirs est pass\u00e9e \u00e0 c\u00f4t\u00e9 de ses Mondiaux en Australie.\" \/>\n<meta name=\"robots\" content=\"index, follow, max-snippet:-1, max-image-preview:large, max-video-preview:-1\" \/>\n<link rel=\"canonical\" href=\"https:\/\/dicodusport.fr\/blog\/paul-penhoet-romain-gregoire-ne-se-sentait-pas-super-bien\/\" \/>\n<meta property=\"og:locale\" content=\"fr_FR\" \/>\n<meta property=\"og:type\" content=\"article\" \/>\n<meta property=\"og:title\" content=\"Paul Penho\u00ebt : &quot;Romain Gr\u00e9goire ne se sentait pas super bien&quot;\" \/>\n<meta property=\"og:description\" content=\"MONDIAUX CYCLISME SUR ROUTE 2022 - L&#039;\u00e9quipe de France Espoirs est pass\u00e9e \u00e0 c\u00f4t\u00e9 de ses Mondiaux en Australie.\" \/>\n<meta property=\"og:url\" content=\"https:\/\/dicodusport.fr\/blog\/paul-penhoet-romain-gregoire-ne-se-sentait-pas-super-bien\/\" \/>\n<meta property=\"og:site_name\" content=\"Dicodusport\" \/>\n<meta property=\"article:publisher\" content=\"https:\/\/www.facebook.com\/dicodusport\" \/>\n<meta property=\"article:author\" content=\"https:\/\/www.facebook.com\/dicodusport\" \/>\n<meta property=\"article:published_time\" content=\"2022-09-23T08:45:20+00:00\" \/>\n<meta property=\"article:modified_time\" content=\"2022-09-23T09:35:02+00:00\" \/>\n<meta property=\"og:image\" content=\"https:\/\/dicodusport.fr\/blog\/wp-content\/uploads\/2022\/09\/Paul-Penhoe\u0308t-Romain-Gre\u0301goire-ne-se-sentait-pas-super-bien.png\" \/>\n\t<meta property=\"og:image:width\" content=\"800\" \/>\n\t<meta property=\"og:image:height\" content=\"445\" \/>\n\t<meta property=\"og:image:type\" content=\"image\/png\" \/>\n<meta name=\"author\" content=\"Nicolas Jacquemard\" \/>\n<meta name=\"twitter:card\" content=\"summary_large_image\" \/>\n<meta name=\"twitter:title\" content=\"Paul Penho\u00ebt : &quot;Romain Gr\u00e9goire ne se sentait pas super bien&quot;\" \/>\n<meta name=\"twitter:creator\" content=\"@https:\/\/twitter.com\/Nico_Jacquemard\" \/>\n<meta name=\"twitter:site\" content=\"@dicodusport\" \/>\n<script type=\"application\/ld+json\" class=\"yoast-schema-graph\">{\"@context\":\"https:\/\/schema.org\",\"@graph\":[{\"@type\":\"NewsArticle\",\"@id\":\"https:\/\/dicodusport.fr\/blog\/paul-penhoet-romain-gregoire-ne-se-sentait-pas-super-bien\/#article\",\"isPartOf\":{\"@id\":\"https:\/\/dicodusport.fr\/blog\/paul-penhoet-romain-gregoire-ne-se-sentait-pas-super-bien\/\"},\"author\":{\"name\":\"Nicolas Jacquemard\",\"@id\":\"https:\/\/dicodusport.fr\/blog\/#\/schema\/person\/55dcb50ad410894e431ed812bbb70191\"},\"headline\":\"Paul Penho\u00ebt : \u00ab\u00a0Romain Gr\u00e9goire ne se sentait pas super bien\u00a0\u00bb\",\"datePublished\":\"2022-09-23T08:45:20+00:00\",\"dateModified\":\"2022-09-23T09:35:02+00:00\",\"mainEntityOfPage\":{\"@id\":\"https:\/\/dicodusport.fr\/blog\/paul-penhoet-romain-gregoire-ne-se-sentait-pas-super-bien\/\"},\"wordCount\":361,\"commentCount\":0,\"publisher\":{\"@id\":\"https:\/\/dicodusport.fr\/blog\/#organization\"},\"image\":{\"@id\":\"https:\/\/dicodusport.fr\/blog\/paul-penhoet-romain-gregoire-ne-se-sentait-pas-super-bien\/#primaryimage\"},\"thumbnailUrl\":\"https:\/\/dicodusport.fr\/blog\/wp-content\/uploads\/2022\/09\/Paul-Penhoe\u0308t-Romain-Gre\u0301goire-ne-se-sentait-pas-super-bien.png\",\"keywords\":[\"France\",\"Romain Gr\u00e9goire\"],\"articleSection\":[\"Cyclisme sur route\"],\"inLanguage\":\"fr-FR\",\"potentialAction\":[{\"@type\":\"CommentAction\",\"name\":\"Comment\",\"target\":[\"https:\/\/dicodusport.fr\/blog\/paul-penhoet-romain-gregoire-ne-se-sentait-pas-super-bien\/#respond\"]}],\"copyrightYear\":\"2022\",\"copyrightHolder\":{\"@id\":\"https:\/\/dicodusport.fr\/blog\/#organization\"}},{\"@type\":\"WebPage\",\"@id\":\"https:\/\/dicodusport.fr\/blog\/paul-penhoet-romain-gregoire-ne-se-sentait-pas-super-bien\/\",\"url\":\"https:\/\/dicodusport.fr\/blog\/paul-penhoet-romain-gregoire-ne-se-sentait-pas-super-bien\/\",\"name\":\"Paul Penho\u00ebt : \\\"Romain Gr\u00e9goire ne se sentait pas super bien\\\"\",\"isPartOf\":{\"@id\":\"https:\/\/dicodusport.fr\/blog\/#website\"},\"primaryImageOfPage\":{\"@id\":\"https:\/\/dicodusport.fr\/blog\/paul-penhoet-romain-gregoire-ne-se-sentait-pas-super-bien\/#primaryimage\"},\"image\":{\"@id\":\"https:\/\/dicodusport.fr\/blog\/paul-penhoet-romain-gregoire-ne-se-sentait-pas-super-bien\/#primaryimage\"},\"thumbnailUrl\":\"https:\/\/dicodusport.fr\/blog\/wp-content\/uploads\/2022\/09\/Paul-Penhoe\u0308t-Romain-Gre\u0301goire-ne-se-sentait-pas-super-bien.png\",\"datePublished\":\"2022-09-23T08:45:20+00:00\",\"dateModified\":\"2022-09-23T09:35:02+00:00\",\"description\":\"MONDIAUX CYCLISME SUR ROUTE 2022 - L'\u00e9quipe de France Espoirs est pass\u00e9e \u00e0 c\u00f4t\u00e9 de ses Mondiaux en Australie.\",\"breadcrumb\":{\"@id\":\"https:\/\/dicodusport.fr\/blog\/paul-penhoet-romain-gregoire-ne-se-sentait-pas-super-bien\/#breadcrumb\"},\"inLanguage\":\"fr-FR\",\"potentialAction\":[{\"@type\":\"ReadAction\",\"target\":[\"https:\/\/dicodusport.fr\/blog\/paul-penhoet-romain-gregoire-ne-se-sentait-pas-super-bien\/\"]}]},{\"@type\":\"ImageObject\",\"inLanguage\":\"fr-FR\",\"@id\":\"https:\/\/dicodusport.fr\/blog\/paul-penhoet-romain-gregoire-ne-se-sentait-pas-super-bien\/#primaryimage\",\"url\":\"https:\/\/dicodusport.fr\/blog\/wp-content\/uploads\/2022\/09\/Paul-Penhoe\u0308t-Romain-Gre\u0301goire-ne-se-sentait-pas-super-bien.png\",\"contentUrl\":\"https:\/\/dicodusport.fr\/blog\/wp-content\/uploads\/2022\/09\/Paul-Penhoe\u0308t-Romain-Gre\u0301goire-ne-se-sentait-pas-super-bien.png\",\"width\":800,\"height\":445},{\"@type\":\"BreadcrumbList\",\"@id\":\"https:\/\/dicodusport.fr\/blog\/paul-penhoet-romain-gregoire-ne-se-sentait-pas-super-bien\/#breadcrumb\",\"itemListElement\":[{\"@type\":\"ListItem\",\"position\":1,\"name\":\"Accueil\",\"item\":\"https:\/\/dicodusport.fr\/blog\/\"},{\"@type\":\"ListItem\",\"position\":2,\"name\":\"Paul Penho\u00ebt : \u00ab\u00a0Romain Gr\u00e9goire ne se sentait pas super bien\u00a0\u00bb\"}]},{\"@type\":\"WebSite\",\"@id\":\"https:\/\/dicodusport.fr\/blog\/#website\",\"url\":\"https:\/\/dicodusport.fr\/blog\/\",\"name\":\"Dicodusport\",\"description\":\"L&#039;encyclop\u00e9die de l&#039;actualit\u00e9 sportive\",\"publisher\":{\"@id\":\"https:\/\/dicodusport.fr\/blog\/#organization\"},\"potentialAction\":[{\"@type\":\"SearchAction\",\"target\":{\"@type\":\"EntryPoint\",\"urlTemplate\":\"https:\/\/dicodusport.fr\/blog\/?s={search_term_string}\"},\"query-input\":{\"@type\":\"PropertyValueSpecification\",\"valueRequired\":true,\"valueName\":\"search_term_string\"}}],\"inLanguage\":\"fr-FR\"},{\"@type\":\"NewsMediaOrganization\",\"@id\":\"https:\/\/dicodusport.fr\/blog\/#organization\",\"name\":\"Dicodusport\",\"url\":\"https:\/\/dicodusport.fr\/blog\/\",\"logo\":{\"@type\":\"ImageObject\",\"inLanguage\":\"fr-FR\",\"@id\":\"https:\/\/dicodusport.fr\/blog\/#\/schema\/logo\/image\/\",\"url\":\"https:\/\/dicodusport.fr\/blog\/wp-content\/uploads\/2020\/06\/cropped-LOGO-DICODUSPORT-2020-SANS-FOND-SANS-TEXTE.png\",\"contentUrl\":\"https:\/\/dicodusport.fr\/blog\/wp-content\/uploads\/2020\/06\/cropped-LOGO-DICODUSPORT-2020-SANS-FOND-SANS-TEXTE.png\",\"width\":512,\"height\":512,\"caption\":\"Dicodusport\"},\"image\":{\"@id\":\"https:\/\/dicodusport.fr\/blog\/#\/schema\/logo\/image\/\"},\"sameAs\":[\"https:\/\/www.facebook.com\/dicodusport\",\"https:\/\/x.com\/dicodusport\",\"https:\/\/www.instagram.com\/dicodusport\/\",\"https:\/\/www.youtube.com\/channel\/UC7V2KZ5sd3htJivAbA4ZG3w\"],\"description\":\"Dicodusport est l'encyclop\u00e9die de l'actualit\u00e9 sportive.\",\"email\":\"bonjour@dicodusport.fr\",\"legalName\":\"DICODUSPORT\",\"foundingDate\":\"2018-01-14\",\"vatID\":\"FR71834470973\",\"taxID\":\"83447097300043\",\"numberOfEmployees\":{\"@type\":\"QuantitativeValue\",\"minValue\":\"1\",\"maxValue\":\"10\"}},{\"@type\":\"Person\",\"@id\":\"https:\/\/dicodusport.fr\/blog\/#\/schema\/person\/55dcb50ad410894e431ed812bbb70191\",\"name\":\"Nicolas Jacquemard\",\"image\":{\"@type\":\"ImageObject\",\"inLanguage\":\"fr-FR\",\"@id\":\"https:\/\/dicodusport.fr\/blog\/#\/schema\/person\/image\/\",\"url\":\"https:\/\/dicodusport.fr\/blog\/wp-content\/uploads\/2021\/05\/Nicolas-Jacquemard-150x150.jpeg\",\"contentUrl\":\"https:\/\/dicodusport.fr\/blog\/wp-content\/uploads\/2021\/05\/Nicolas-Jacquemard-150x150.jpeg\",\"caption\":\"Nicolas Jacquemard\"},\"description\":\"Passionn\u00e9 de sport et entrepreneur depuis mes 18 ans, la cr\u00e9ation de Dicodusport m'a sembl\u00e9 \u00e9vidente pour participer \u00e0 la m\u00e9diatisation d'un plus grand nombre de sports. Le chemin est long mais avec une \u00e9quipe des plus motiv\u00e9es et les Jeux Olympiques de Paris 2024 en point de mire, nous y arriverons ! Journaliste dans le monde du sport depuis plus de 5 ans, je traite aussi bien de football, de rugby, de biathlon que de cyclisme.\",\"sameAs\":[\"https:\/\/www.facebook.com\/dicodusport\",\"https:\/\/x.com\/https:\/\/twitter.com\/Nico_Jacquemard\"],\"url\":\"https:\/\/dicodusport.fr\/blog\/author\/dicodusport\/\"}]}<\/script>\n<!-- \/ Yoast SEO Premium plugin. -->","yoast_head_json":{"title":"Paul Penho\u00ebt : \"Romain Gr\u00e9goire ne se sentait pas super bien\"","description":"MONDIAUX CYCLISME SUR ROUTE 2022 - L'\u00e9quipe de France Espoirs est pass\u00e9e \u00e0 c\u00f4t\u00e9 de ses Mondiaux en Australie.","robots":{"index":"index","follow":"follow","max-snippet":"max-snippet:-1","max-image-preview":"max-image-preview:large","max-video-preview":"max-video-preview:-1"},"canonical":"https:\/\/dicodusport.fr\/blog\/paul-penhoet-romain-gregoire-ne-se-sentait-pas-super-bien\/","og_locale":"fr_FR","og_type":"article","og_title":"Paul Penho\u00ebt : \"Romain Gr\u00e9goire ne se sentait pas super bien\"","og_description":"MONDIAUX CYCLISME SUR ROUTE 2022 - L'\u00e9quipe de France Espoirs est pass\u00e9e \u00e0 c\u00f4t\u00e9 de ses Mondiaux en Australie.","og_url":"https:\/\/dicodusport.fr\/blog\/paul-penhoet-romain-gregoire-ne-se-sentait-pas-super-bien\/","og_site_name":"Dicodusport","article_publisher":"https:\/\/www.facebook.com\/dicodusport","article_author":"https:\/\/www.facebook.com\/dicodusport","article_published_time":"2022-09-23T08:45:20+00:00","article_modified_time":"2022-09-23T09:35:02+00:00","og_image":[{"width":800,"height":445,"url":"https:\/\/dicodusport.fr\/blog\/wp-content\/uploads\/2022\/09\/Paul-Penhoe\u0308t-Romain-Gre\u0301goire-ne-se-sentait-pas-super-bien.png","type":"image\/png"}],"author":"Nicolas Jacquemard","twitter_card":"summary_large_image","twitter_title":"Paul Penho\u00ebt : \"Romain Gr\u00e9goire ne se sentait pas super bien\"","twitter_creator":"@https:\/\/twitter.com\/Nico_Jacquemard","twitter_site":"@dicodusport","schema":{"@context":"https:\/\/schema.org","@graph":[{"@type":"NewsArticle","@id":"https:\/\/dicodusport.fr\/blog\/paul-penhoet-romain-gregoire-ne-se-sentait-pas-super-bien\/#article","isPartOf":{"@id":"https:\/\/dicodusport.fr\/blog\/paul-penhoet-romain-gregoire-ne-se-sentait-pas-super-bien\/"},"author":{"name":"Nicolas Jacquemard","@id":"https:\/\/dicodusport.fr\/blog\/#\/schema\/person\/55dcb50ad410894e431ed812bbb70191"},"headline":"Paul Penho\u00ebt : \u00ab\u00a0Romain Gr\u00e9goire ne se sentait pas super bien\u00a0\u00bb","datePublished":"2022-09-23T08:45:20+00:00","dateModified":"2022-09-23T09:35:02+00:00","mainEntityOfPage":{"@id":"https:\/\/dicodusport.fr\/blog\/paul-penhoet-romain-gregoire-ne-se-sentait-pas-super-bien\/"},"wordCount":361,"commentCount":0,"publisher":{"@id":"https:\/\/dicodusport.fr\/blog\/#organization"},"image":{"@id":"https:\/\/dicodusport.fr\/blog\/paul-penhoet-romain-gregoire-ne-se-sentait-pas-super-bien\/#primaryimage"},"thumbnailUrl":"https:\/\/dicodusport.fr\/blog\/wp-content\/uploads\/2022\/09\/Paul-Penhoe\u0308t-Romain-Gre\u0301goire-ne-se-sentait-pas-super-bien.png","keywords":["France","Romain Gr\u00e9goire"],"articleSection":["Cyclisme sur route"],"inLanguage":"fr-FR","potentialAction":[{"@type":"CommentAction","name":"Comment","target":["https:\/\/dicodusport.fr\/blog\/paul-penhoet-romain-gregoire-ne-se-sentait-pas-super-bien\/#respond"]}],"copyrightYear":"2022","copyrightHolder":{"@id":"https:\/\/dicodusport.fr\/blog\/#organization"}},{"@type":"WebPage","@id":"https:\/\/dicodusport.fr\/blog\/paul-penhoet-romain-gregoire-ne-se-sentait-pas-super-bien\/","url":"https:\/\/dicodusport.fr\/blog\/paul-penhoet-romain-gregoire-ne-se-sentait-pas-super-bien\/","name":"Paul Penho\u00ebt : \"Romain Gr\u00e9goire ne se sentait pas super bien\"","isPartOf":{"@id":"https:\/\/dicodusport.fr\/blog\/#website"},"primaryImageOfPage":{"@id":"https:\/\/dicodusport.fr\/blog\/paul-penhoet-romain-gregoire-ne-se-sentait-pas-super-bien\/#primaryimage"},"image":{"@id":"https:\/\/dicodusport.fr\/blog\/paul-penhoet-romain-gregoire-ne-se-sentait-pas-super-bien\/#primaryimage"},"thumbnailUrl":"https:\/\/dicodusport.fr\/blog\/wp-content\/uploads\/2022\/09\/Paul-Penhoe\u0308t-Romain-Gre\u0301goire-ne-se-sentait-pas-super-bien.png","datePublished":"2022-09-23T08:45:20+00:00","dateModified":"2022-09-23T09:35:02+00:00","description":"MONDIAUX CYCLISME SUR ROUTE 2022 - L'\u00e9quipe de France Espoirs est pass\u00e9e \u00e0 c\u00f4t\u00e9 de ses Mondiaux en Australie.","breadcrumb":{"@id":"https:\/\/dicodusport.fr\/blog\/paul-penhoet-romain-gregoire-ne-se-sentait-pas-super-bien\/#breadcrumb"},"inLanguage":"fr-FR","potentialAction":[{"@type":"ReadAction","target":["https:\/\/dicodusport.fr\/blog\/paul-penhoet-romain-gregoire-ne-se-sentait-pas-super-bien\/"]}]},{"@type":"ImageObject","inLanguage":"fr-FR","@id":"https:\/\/dicodusport.fr\/blog\/paul-penhoet-romain-gregoire-ne-se-sentait-pas-super-bien\/#primaryimage","url":"https:\/\/dicodusport.fr\/blog\/wp-content\/uploads\/2022\/09\/Paul-Penhoe\u0308t-Romain-Gre\u0301goire-ne-se-sentait-pas-super-bien.png","contentUrl":"https:\/\/dicodusport.fr\/blog\/wp-content\/uploads\/2022\/09\/Paul-Penhoe\u0308t-Romain-Gre\u0301goire-ne-se-sentait-pas-super-bien.png","width":800,"height":445},{"@type":"BreadcrumbList","@id":"https:\/\/dicodusport.fr\/blog\/paul-penhoet-romain-gregoire-ne-se-sentait-pas-super-bien\/#breadcrumb","itemListElement":[{"@type":"ListItem","position":1,"name":"Accueil","item":"https:\/\/dicodusport.fr\/blog\/"},{"@type":"ListItem","position":2,"name":"Paul Penho\u00ebt : \u00ab\u00a0Romain Gr\u00e9goire ne se sentait pas super bien\u00a0\u00bb"}]},{"@type":"WebSite","@id":"https:\/\/dicodusport.fr\/blog\/#website","url":"https:\/\/dicodusport.fr\/blog\/","name":"Dicodusport","description":"L&#039;encyclop\u00e9die de l&#039;actualit\u00e9 sportive","publisher":{"@id":"https:\/\/dicodusport.fr\/blog\/#organization"},"potentialAction":[{"@type":"SearchAction","target":{"@type":"EntryPoint","urlTemplate":"https:\/\/dicodusport.fr\/blog\/?s={search_term_string}"},"query-input":{"@type":"PropertyValueSpecification","valueRequired":true,"valueName":"search_term_string"}}],"inLanguage":"fr-FR"},{"@type":"NewsMediaOrganization","@id":"https:\/\/dicodusport.fr\/blog\/#organization","name":"Dicodusport","url":"https:\/\/dicodusport.fr\/blog\/","logo":{"@type":"ImageObject","inLanguage":"fr-FR","@id":"https:\/\/dicodusport.fr\/blog\/#\/schema\/logo\/image\/","url":"https:\/\/dicodusport.fr\/blog\/wp-content\/uploads\/2020\/06\/cropped-LOGO-DICODUSPORT-2020-SANS-FOND-SANS-TEXTE.png","contentUrl":"https:\/\/dicodusport.fr\/blog\/wp-content\/uploads\/2020\/06\/cropped-LOGO-DICODUSPORT-2020-SANS-FOND-SANS-TEXTE.png","width":512,"height":512,"caption":"Dicodusport"},"image":{"@id":"https:\/\/dicodusport.fr\/blog\/#\/schema\/logo\/image\/"},"sameAs":["https:\/\/www.facebook.com\/dicodusport","https:\/\/x.com\/dicodusport","https:\/\/www.instagram.com\/dicodusport\/","https:\/\/www.youtube.com\/channel\/UC7V2KZ5sd3htJivAbA4ZG3w"],"description":"Dicodusport est l'encyclop\u00e9die de l'actualit\u00e9 sportive.","email":"bonjour@dicodusport.fr","legalName":"DICODUSPORT","foundingDate":"2018-01-14","vatID":"FR71834470973","taxID":"83447097300043","numberOfEmployees":{"@type":"QuantitativeValue","minValue":"1","maxValue":"10"}},{"@type":"Person","@id":"https:\/\/dicodusport.fr\/blog\/#\/schema\/person\/55dcb50ad410894e431ed812bbb70191","name":"Nicolas Jacquemard","image":{"@type":"ImageObject","inLanguage":"fr-FR","@id":"https:\/\/dicodusport.fr\/blog\/#\/schema\/person\/image\/","url":"https:\/\/dicodusport.fr\/blog\/wp-content\/uploads\/2021\/05\/Nicolas-Jacquemard-150x150.jpeg","contentUrl":"https:\/\/dicodusport.fr\/blog\/wp-content\/uploads\/2021\/05\/Nicolas-Jacquemard-150x150.jpeg","caption":"Nicolas Jacquemard"},"description":"Passionn\u00e9 de sport et entrepreneur depuis mes 18 ans, la cr\u00e9ation de Dicodusport m'a sembl\u00e9 \u00e9vidente pour participer \u00e0 la m\u00e9diatisation d'un plus grand nombre de sports. Le chemin est long mais avec une \u00e9quipe des plus motiv\u00e9es et les Jeux Olympiques de Paris 2024 en point de mire, nous y arriverons ! Journaliste dans le monde du sport depuis plus de 5 ans, je traite aussi bien de football, de rugby, de biathlon que de cyclisme.","sameAs":["https:\/\/www.facebook.com\/dicodusport","https:\/\/x.com\/https:\/\/twitter.com\/Nico_Jacquemard"],"url":"https:\/\/dicodusport.fr\/blog\/author\/dicodusport\/"}]}},"_links":{"self":[{"href":"https:\/\/dicodusport.fr\/blog\/wp-json\/wp\/v2\/posts\/264311","targetHints":{"allow":["GET"]}}],"collection":[{"href":"https:\/\/dicodusport.fr\/blog\/wp-json\/wp\/v2\/posts"}],"about":[{"href":"https:\/\/dicodusport.fr\/blog\/wp-json\/wp\/v2\/types\/post"}],"author":[{"embeddable":true,"href":"https:\/\/dicodusport.fr\/blog\/wp-json\/wp\/v2\/users\/1"}],"replies":[{"embeddable":true,"href":"https:\/\/dicodusport.fr\/blog\/wp-json\/wp\/v2\/comments?post=264311"}],"version-history":[{"count":0,"href":"https:\/\/dicodusport.fr\/blog\/wp-json\/wp\/v2\/posts\/264311\/revisions"}],"wp:featuredmedia":[{"embeddable":true,"href":"https:\/\/dicodusport.fr\/blog\/wp-json\/wp\/v2\/media\/264317"}],"wp:attachment":[{"href":"https:\/\/dicodusport.fr\/blog\/wp-json\/wp\/v2\/media?parent=264311"}],"wp:term":[{"taxonomy":"category","embeddable":true,"href":"https:\/\/dicodusport.fr\/blog\/wp-json\/wp\/v2\/categories?post=264311"},{"taxonomy":"post_tag","embeddable":true,"href":"https:\/\/dicodusport.fr\/blog\/wp-json\/wp\/v2\/tags?post=264311"}],"curies":[{"name":"wp","href":"https:\/\/api.w.org\/{rel}","templated":true}]}}