{"id":264321,"date":"2022-09-23T11:34:16","date_gmt":"2022-09-23T09:34:16","guid":{"rendered":"https:\/\/dicodusport.fr\/blog\/?p=264321&#038;preview=true&#038;preview_id=264321"},"modified":"2022-09-23T13:03:23","modified_gmt":"2022-09-23T11:03:23","slug":"elie-okobo-monaco-a-des-objectifs-tres-eleves-cette-saison","status":"publish","type":"post","link":"https:\/\/dicodusport.fr\/blog\/elie-okobo-monaco-a-des-objectifs-tres-eleves-cette-saison\/","title":{"rendered":"\u00c9lie Okobo : \u00ab Monaco a des objectifs tr\u00e8s \u00e9lev\u00e9s cette saison \u00bb"},"content":{"rendered":"<p style=\"text-align: justify;\"><b><i><a href=\"https:\/\/dicodusport.fr\/blog\/actualites\/basket-ball\/betclic-elite-2022-2023\/\">BETCLIC \u00c9LITE 2022-2023<\/a> &#8211; Apr\u00e8s une saison \u00e0 l&rsquo;ASVEL couronn\u00e9e du titre de champion de France, \u00c9lie Okobo a sign\u00e9 chez le grand rival du club rhodanien, l&rsquo;AS Monaco. Lors du Media Day de la Betclic \u00c9lite, le meneur international s&rsquo;est montr\u00e9 tr\u00e8s ambitieux.<\/i><\/b><\/p>\n<h3 style=\"text-align: justify;\">Du repos avant d&rsquo;entrer dans le vif du sujet<\/h3>\n<p style=\"text-align: justify;\">Je suis en contact permanent avec Monaco depuis ma signature. J&rsquo;ai pu \u00e9changer avec le pr\u00e9sident, le GM, l&rsquo;entra\u00eeneur. Ils m&rsquo;ont envoy\u00e9 des vid\u00e9os des syst\u00e8mes de jeu, pour que je sois \u00e0 peu pr\u00e8s pr\u00eat en arrivant. [&#8230;] On a besoin de reposer les muscles, et la t\u00eate aussi. C&rsquo;\u00e9tait une pr\u00e9paration assez longue, je n&rsquo;ai pas eu beaucoup de jours off apr\u00e8s la saison. Il faut du repos, mais il me faut aussi du temps pour m&rsquo;acclimater \u00e0 mon nouveau club, construire quelque chose cette saison entre la Betclic et l&rsquo;EuroLeague. Donc il me tarde, mais je vais sans doute avoir quelques jours off.<\/p>\n<h3 style=\"text-align: justify;\">Sur la rivalit\u00e9 Monaco &#8211; ASVEL<\/h3>\n<p style=\"text-align: justify;\">C&rsquo;est une rivalit\u00e9 qui se construit, qui monte en puissance, comme on a pu le voir lors des finales de l&rsquo;an pass\u00e9, qui \u00e9taient tr\u00e8s divertissantes. Cette saison, il y a beaucoup de gros joueurs qui sont arriv\u00e9s. J&rsquo;esp\u00e8re que \u00e7a va continuer sur les ann\u00e9es \u00e0 venir, et qu&rsquo;on va continuer de faire monter le basket en France.<\/p>\n<h3 style=\"text-align: justify;\">Sur son transfert \u00e0 Monaco<\/h3>\n<p style=\"text-align: justify;\">Monaco a des objectifs tr\u00e8s \u00e9lev\u00e9s cette saison. Moi j&rsquo;ai envie de nouveaux challenges, de nouveaux d\u00e9fis, et j&rsquo;ai h\u00e2te que \u00e7a commence. (Sur son choix de rester en France) J&rsquo;ai pu go\u00fbter \u00e0 l&rsquo;Euroleague et au titre de champion de France, maintenant j&rsquo;en veux plus, je veux jouer les <em>playoffs<\/em> d&rsquo;Euroleague, voire le <em>Final Four<\/em>, et regagner des titres de champion. Je pense que Monaco a tout ce qu&rsquo;il faut pour mettre \u00e7a en place, c&rsquo;est pour \u00e7a que ce projet m&rsquo;int\u00e9ressait beaucoup, et je suis content d&rsquo;en faire partie.<\/p>\n","protected":false},"excerpt":{"rendered":"<p>BETCLIC \u00c9LITE 2022-2023 &#8211; Apr\u00e8s une saison \u00e0 l&rsquo;ASVEL couronn\u00e9e du titre de champion de France, \u00c9lie Okobo a sign\u00e9 chez le grand rival du club rhodanien, l&rsquo;AS Monaco. Lors du Media Day de la Betclic \u00c9lite, le meneur international s&rsquo;est montr\u00e9 tr\u00e8s ambitieux.<\/p>\n","protected":false},"author":4,"featured_media":264324,"comment_status":"open","ping_status":"closed","sticky":false,"template":"","format":"standard","meta":{"_acf_changed":false,"_daextam_enable_autolinks":"","footnotes":""},"categories":[46998],"tags":[1691,6864],"class_list":["post-264321","post","type-post","status-publish","format-standard","has-post-thumbnail","hentry","category-betclic-elite","tag-as-monaco","tag-elie-okobo"],"acf":[],"yoast_head":"<!-- This site is optimized with the Yoast SEO Premium plugin v26.7 (Yoast SEO v26.7) - https:\/\/yoast.com\/wordpress\/plugins\/seo\/ -->\n<title>\u00c9lie Okobo : \u00ab Monaco a des objectifs tr\u00e8s \u00e9lev\u00e9s cette saison \u00bb<\/title>\n<meta name=\"description\" content=\"Apr\u00e8s une saison \u00e0 l&#039;ASVEL couronn\u00e9e du titre de champion de France, \u00c9lie Okobo a sign\u00e9 chez le grand rival du club rhodanien, l&#039;AS Monaco.\" \/>\n<meta name=\"robots\" content=\"index, follow, max-snippet:-1, max-image-preview:large, max-video-preview:-1\" \/>\n<link rel=\"canonical\" href=\"https:\/\/dicodusport.fr\/blog\/elie-okobo-monaco-a-des-objectifs-tres-eleves-cette-saison\/\" \/>\n<meta property=\"og:locale\" content=\"fr_FR\" \/>\n<meta property=\"og:type\" content=\"article\" \/>\n<meta property=\"og:title\" content=\"\u00c9lie Okobo : \u00ab Monaco a des objectifs tr\u00e8s \u00e9lev\u00e9s cette saison \u00bb\" \/>\n<meta property=\"og:description\" content=\"Apr\u00e8s une saison \u00e0 l&#039;ASVEL couronn\u00e9e du titre de champion de France, \u00c9lie Okobo a sign\u00e9 chez le grand rival du club rhodanien, l&#039;AS Monaco.\" \/>\n<meta property=\"og:url\" content=\"https:\/\/dicodusport.fr\/blog\/elie-okobo-monaco-a-des-objectifs-tres-eleves-cette-saison\/\" \/>\n<meta property=\"og:site_name\" content=\"Dicodusport\" \/>\n<meta property=\"article:publisher\" content=\"https:\/\/www.facebook.com\/dicodusport\" \/>\n<meta property=\"article:author\" content=\"https:\/\/www.facebook.com\/florent.ostermann\" \/>\n<meta property=\"article:published_time\" content=\"2022-09-23T09:34:16+00:00\" \/>\n<meta property=\"article:modified_time\" content=\"2022-09-23T11:03:23+00:00\" \/>\n<meta property=\"og:image\" content=\"https:\/\/dicodusport.fr\/blog\/wp-content\/uploads\/2022\/09\/Elie-Okobo-Monaco-a-des-objectifs-tres-eleves-cette-saison-.png\" \/>\n\t<meta property=\"og:image:width\" content=\"800\" \/>\n\t<meta property=\"og:image:height\" content=\"445\" \/>\n\t<meta property=\"og:image:type\" content=\"image\/png\" \/>\n<meta name=\"author\" content=\"Flo Ostermann\" \/>\n<meta name=\"twitter:card\" content=\"summary_large_image\" \/>\n<meta name=\"twitter:title\" content=\"\u00c9lie Okobo : \u00ab Monaco a des objectifs tr\u00e8s \u00e9lev\u00e9s cette saison \u00bb\" \/>\n<meta name=\"twitter:creator\" content=\"@https:\/\/twitter.com\/FlOstermann\" \/>\n<meta name=\"twitter:site\" content=\"@dicodusport\" \/>\n<script type=\"application\/ld+json\" class=\"yoast-schema-graph\">{\"@context\":\"https:\/\/schema.org\",\"@graph\":[{\"@type\":\"NewsArticle\",\"@id\":\"https:\/\/dicodusport.fr\/blog\/elie-okobo-monaco-a-des-objectifs-tres-eleves-cette-saison\/#article\",\"isPartOf\":{\"@id\":\"https:\/\/dicodusport.fr\/blog\/elie-okobo-monaco-a-des-objectifs-tres-eleves-cette-saison\/\"},\"author\":{\"name\":\"Flo Ostermann\",\"@id\":\"https:\/\/dicodusport.fr\/blog\/#\/schema\/person\/cb02af4c173ce4a653b55e9baf388d4a\"},\"headline\":\"\u00c9lie Okobo : \u00ab Monaco a des objectifs tr\u00e8s \u00e9lev\u00e9s cette saison \u00bb\",\"datePublished\":\"2022-09-23T09:34:16+00:00\",\"dateModified\":\"2022-09-23T11:03:23+00:00\",\"mainEntityOfPage\":{\"@id\":\"https:\/\/dicodusport.fr\/blog\/elie-okobo-monaco-a-des-objectifs-tres-eleves-cette-saison\/\"},\"wordCount\":372,\"commentCount\":0,\"publisher\":{\"@id\":\"https:\/\/dicodusport.fr\/blog\/#organization\"},\"image\":{\"@id\":\"https:\/\/dicodusport.fr\/blog\/elie-okobo-monaco-a-des-objectifs-tres-eleves-cette-saison\/#primaryimage\"},\"thumbnailUrl\":\"https:\/\/dicodusport.fr\/blog\/wp-content\/uploads\/2022\/09\/Elie-Okobo-Monaco-a-des-objectifs-tres-eleves-cette-saison-.png\",\"keywords\":[\"AS Monaco\",\"Elie Okobo\"],\"articleSection\":[\"Betclic \u00c9lite\"],\"inLanguage\":\"fr-FR\",\"potentialAction\":[{\"@type\":\"CommentAction\",\"name\":\"Comment\",\"target\":[\"https:\/\/dicodusport.fr\/blog\/elie-okobo-monaco-a-des-objectifs-tres-eleves-cette-saison\/#respond\"]}],\"copyrightYear\":\"2022\",\"copyrightHolder\":{\"@id\":\"https:\/\/dicodusport.fr\/blog\/#organization\"}},{\"@type\":\"WebPage\",\"@id\":\"https:\/\/dicodusport.fr\/blog\/elie-okobo-monaco-a-des-objectifs-tres-eleves-cette-saison\/\",\"url\":\"https:\/\/dicodusport.fr\/blog\/elie-okobo-monaco-a-des-objectifs-tres-eleves-cette-saison\/\",\"name\":\"\u00c9lie Okobo : \u00ab Monaco a des objectifs tr\u00e8s \u00e9lev\u00e9s cette saison \u00bb\",\"isPartOf\":{\"@id\":\"https:\/\/dicodusport.fr\/blog\/#website\"},\"primaryImageOfPage\":{\"@id\":\"https:\/\/dicodusport.fr\/blog\/elie-okobo-monaco-a-des-objectifs-tres-eleves-cette-saison\/#primaryimage\"},\"image\":{\"@id\":\"https:\/\/dicodusport.fr\/blog\/elie-okobo-monaco-a-des-objectifs-tres-eleves-cette-saison\/#primaryimage\"},\"thumbnailUrl\":\"https:\/\/dicodusport.fr\/blog\/wp-content\/uploads\/2022\/09\/Elie-Okobo-Monaco-a-des-objectifs-tres-eleves-cette-saison-.png\",\"datePublished\":\"2022-09-23T09:34:16+00:00\",\"dateModified\":\"2022-09-23T11:03:23+00:00\",\"description\":\"Apr\u00e8s une saison \u00e0 l'ASVEL couronn\u00e9e du titre de champion de France, \u00c9lie Okobo a sign\u00e9 chez le grand rival du club rhodanien, l'AS Monaco.\",\"breadcrumb\":{\"@id\":\"https:\/\/dicodusport.fr\/blog\/elie-okobo-monaco-a-des-objectifs-tres-eleves-cette-saison\/#breadcrumb\"},\"inLanguage\":\"fr-FR\",\"potentialAction\":[{\"@type\":\"ReadAction\",\"target\":[\"https:\/\/dicodusport.fr\/blog\/elie-okobo-monaco-a-des-objectifs-tres-eleves-cette-saison\/\"]}]},{\"@type\":\"ImageObject\",\"inLanguage\":\"fr-FR\",\"@id\":\"https:\/\/dicodusport.fr\/blog\/elie-okobo-monaco-a-des-objectifs-tres-eleves-cette-saison\/#primaryimage\",\"url\":\"https:\/\/dicodusport.fr\/blog\/wp-content\/uploads\/2022\/09\/Elie-Okobo-Monaco-a-des-objectifs-tres-eleves-cette-saison-.png\",\"contentUrl\":\"https:\/\/dicodusport.fr\/blog\/wp-content\/uploads\/2022\/09\/Elie-Okobo-Monaco-a-des-objectifs-tres-eleves-cette-saison-.png\",\"width\":800,\"height\":445,\"caption\":\"\u00c9lie Okobo \u00ab Monaco a des objectifs tr\u00e8s \u00e9lev\u00e9s cette saison \u00bb\"},{\"@type\":\"BreadcrumbList\",\"@id\":\"https:\/\/dicodusport.fr\/blog\/elie-okobo-monaco-a-des-objectifs-tres-eleves-cette-saison\/#breadcrumb\",\"itemListElement\":[{\"@type\":\"ListItem\",\"position\":1,\"name\":\"Accueil\",\"item\":\"https:\/\/dicodusport.fr\/blog\/\"},{\"@type\":\"ListItem\",\"position\":2,\"name\":\"\u00c9lie Okobo : \u00ab Monaco a des objectifs tr\u00e8s \u00e9lev\u00e9s cette saison \u00bb\"}]},{\"@type\":\"WebSite\",\"@id\":\"https:\/\/dicodusport.fr\/blog\/#website\",\"url\":\"https:\/\/dicodusport.fr\/blog\/\",\"name\":\"Dicodusport\",\"description\":\"L&#039;encyclop\u00e9die de l&#039;actualit\u00e9 sportive\",\"publisher\":{\"@id\":\"https:\/\/dicodusport.fr\/blog\/#organization\"},\"potentialAction\":[{\"@type\":\"SearchAction\",\"target\":{\"@type\":\"EntryPoint\",\"urlTemplate\":\"https:\/\/dicodusport.fr\/blog\/?s={search_term_string}\"},\"query-input\":{\"@type\":\"PropertyValueSpecification\",\"valueRequired\":true,\"valueName\":\"search_term_string\"}}],\"inLanguage\":\"fr-FR\"},{\"@type\":\"NewsMediaOrganization\",\"@id\":\"https:\/\/dicodusport.fr\/blog\/#organization\",\"name\":\"Dicodusport\",\"url\":\"https:\/\/dicodusport.fr\/blog\/\",\"logo\":{\"@type\":\"ImageObject\",\"inLanguage\":\"fr-FR\",\"@id\":\"https:\/\/dicodusport.fr\/blog\/#\/schema\/logo\/image\/\",\"url\":\"https:\/\/dicodusport.fr\/blog\/wp-content\/uploads\/2020\/06\/cropped-LOGO-DICODUSPORT-2020-SANS-FOND-SANS-TEXTE.png\",\"contentUrl\":\"https:\/\/dicodusport.fr\/blog\/wp-content\/uploads\/2020\/06\/cropped-LOGO-DICODUSPORT-2020-SANS-FOND-SANS-TEXTE.png\",\"width\":512,\"height\":512,\"caption\":\"Dicodusport\"},\"image\":{\"@id\":\"https:\/\/dicodusport.fr\/blog\/#\/schema\/logo\/image\/\"},\"sameAs\":[\"https:\/\/www.facebook.com\/dicodusport\",\"https:\/\/x.com\/dicodusport\",\"https:\/\/www.instagram.com\/dicodusport\/\",\"https:\/\/www.youtube.com\/channel\/UC7V2KZ5sd3htJivAbA4ZG3w\"],\"description\":\"Dicodusport est l'encyclop\u00e9die de l'actualit\u00e9 sportive.\",\"email\":\"bonjour@dicodusport.fr\",\"legalName\":\"DICODUSPORT\",\"foundingDate\":\"2018-01-14\",\"vatID\":\"FR71834470973\",\"taxID\":\"83447097300043\",\"numberOfEmployees\":{\"@type\":\"QuantitativeValue\",\"minValue\":\"1\",\"maxValue\":\"10\"}},{\"@type\":\"Person\",\"@id\":\"https:\/\/dicodusport.fr\/blog\/#\/schema\/person\/cb02af4c173ce4a653b55e9baf388d4a\",\"name\":\"Flo Ostermann\",\"image\":{\"@type\":\"ImageObject\",\"inLanguage\":\"fr-FR\",\"@id\":\"https:\/\/dicodusport.fr\/blog\/#\/schema\/person\/image\/\",\"url\":\"https:\/\/dicodusport.fr\/blog\/wp-content\/uploads\/2021\/05\/Flo-Ostermann-150x150.jpg\",\"contentUrl\":\"https:\/\/dicodusport.fr\/blog\/wp-content\/uploads\/2021\/05\/Flo-Ostermann-150x150.jpg\",\"caption\":\"Flo Ostermann\"},\"description\":\"Journaliste\/R\u00e9dacteur depuis septembre 2015 - Mes premiers souvenirs dans le sport ? Les envol\u00e9es du Stade Toulousain et les duels Villeneuve-Schumacher et H\u00e4kkinen-Schumacher \u00e0 la fin des ann\u00e9es 90, la Coupe du monde de football en 1998, l\u2019exploit du XV de France face aux All Blacks en 1999, mais aussi Richard C\u0153ur de Lion qui vole sur les montagnes du Tour de France. Bien parti pour devenir professeur d\u2019EPS, les \u00e9v\u00e9nements de la vie (et la flemme d\u2019animer des s\u00e9ances de 3x500 m\u00e8tres toute ma vie) m\u2019ont conduit \u00e0 revoir mes plans. Me voil\u00e0 depuis fin 2017 sur Dicodusport, m\u00e9dia gr\u00e2ce (et pour) lequel je partage ma passion : le sport dans tous ses \u00e9tats. Le tout accompagn\u00e9 par les fous furieux et folles furieuses cit\u00e9s sur cette page !\",\"sameAs\":[\"https:\/\/www.facebook.com\/florent.ostermann\",\"https:\/\/x.com\/https:\/\/twitter.com\/FlOstermann\",\"admin\"],\"url\":\"https:\/\/dicodusport.fr\/blog\/author\/flo\/\"}]}<\/script>\n<!-- \/ Yoast SEO Premium plugin. -->","yoast_head_json":{"title":"\u00c9lie Okobo : \u00ab Monaco a des objectifs tr\u00e8s \u00e9lev\u00e9s cette saison \u00bb","description":"Apr\u00e8s une saison \u00e0 l'ASVEL couronn\u00e9e du titre de champion de France, \u00c9lie Okobo a sign\u00e9 chez le grand rival du club rhodanien, l'AS Monaco.","robots":{"index":"index","follow":"follow","max-snippet":"max-snippet:-1","max-image-preview":"max-image-preview:large","max-video-preview":"max-video-preview:-1"},"canonical":"https:\/\/dicodusport.fr\/blog\/elie-okobo-monaco-a-des-objectifs-tres-eleves-cette-saison\/","og_locale":"fr_FR","og_type":"article","og_title":"\u00c9lie Okobo : \u00ab Monaco a des objectifs tr\u00e8s \u00e9lev\u00e9s cette saison \u00bb","og_description":"Apr\u00e8s une saison \u00e0 l'ASVEL couronn\u00e9e du titre de champion de France, \u00c9lie Okobo a sign\u00e9 chez le grand rival du club rhodanien, l'AS Monaco.","og_url":"https:\/\/dicodusport.fr\/blog\/elie-okobo-monaco-a-des-objectifs-tres-eleves-cette-saison\/","og_site_name":"Dicodusport","article_publisher":"https:\/\/www.facebook.com\/dicodusport","article_author":"https:\/\/www.facebook.com\/florent.ostermann","article_published_time":"2022-09-23T09:34:16+00:00","article_modified_time":"2022-09-23T11:03:23+00:00","og_image":[{"width":800,"height":445,"url":"https:\/\/dicodusport.fr\/blog\/wp-content\/uploads\/2022\/09\/Elie-Okobo-Monaco-a-des-objectifs-tres-eleves-cette-saison-.png","type":"image\/png"}],"author":"Flo Ostermann","twitter_card":"summary_large_image","twitter_title":"\u00c9lie Okobo : \u00ab Monaco a des objectifs tr\u00e8s \u00e9lev\u00e9s cette saison \u00bb","twitter_creator":"@https:\/\/twitter.com\/FlOstermann","twitter_site":"@dicodusport","schema":{"@context":"https:\/\/schema.org","@graph":[{"@type":"NewsArticle","@id":"https:\/\/dicodusport.fr\/blog\/elie-okobo-monaco-a-des-objectifs-tres-eleves-cette-saison\/#article","isPartOf":{"@id":"https:\/\/dicodusport.fr\/blog\/elie-okobo-monaco-a-des-objectifs-tres-eleves-cette-saison\/"},"author":{"name":"Flo Ostermann","@id":"https:\/\/dicodusport.fr\/blog\/#\/schema\/person\/cb02af4c173ce4a653b55e9baf388d4a"},"headline":"\u00c9lie Okobo : \u00ab Monaco a des objectifs tr\u00e8s \u00e9lev\u00e9s cette saison \u00bb","datePublished":"2022-09-23T09:34:16+00:00","dateModified":"2022-09-23T11:03:23+00:00","mainEntityOfPage":{"@id":"https:\/\/dicodusport.fr\/blog\/elie-okobo-monaco-a-des-objectifs-tres-eleves-cette-saison\/"},"wordCount":372,"commentCount":0,"publisher":{"@id":"https:\/\/dicodusport.fr\/blog\/#organization"},"image":{"@id":"https:\/\/dicodusport.fr\/blog\/elie-okobo-monaco-a-des-objectifs-tres-eleves-cette-saison\/#primaryimage"},"thumbnailUrl":"https:\/\/dicodusport.fr\/blog\/wp-content\/uploads\/2022\/09\/Elie-Okobo-Monaco-a-des-objectifs-tres-eleves-cette-saison-.png","keywords":["AS Monaco","Elie Okobo"],"articleSection":["Betclic \u00c9lite"],"inLanguage":"fr-FR","potentialAction":[{"@type":"CommentAction","name":"Comment","target":["https:\/\/dicodusport.fr\/blog\/elie-okobo-monaco-a-des-objectifs-tres-eleves-cette-saison\/#respond"]}],"copyrightYear":"2022","copyrightHolder":{"@id":"https:\/\/dicodusport.fr\/blog\/#organization"}},{"@type":"WebPage","@id":"https:\/\/dicodusport.fr\/blog\/elie-okobo-monaco-a-des-objectifs-tres-eleves-cette-saison\/","url":"https:\/\/dicodusport.fr\/blog\/elie-okobo-monaco-a-des-objectifs-tres-eleves-cette-saison\/","name":"\u00c9lie Okobo : \u00ab Monaco a des objectifs tr\u00e8s \u00e9lev\u00e9s cette saison \u00bb","isPartOf":{"@id":"https:\/\/dicodusport.fr\/blog\/#website"},"primaryImageOfPage":{"@id":"https:\/\/dicodusport.fr\/blog\/elie-okobo-monaco-a-des-objectifs-tres-eleves-cette-saison\/#primaryimage"},"image":{"@id":"https:\/\/dicodusport.fr\/blog\/elie-okobo-monaco-a-des-objectifs-tres-eleves-cette-saison\/#primaryimage"},"thumbnailUrl":"https:\/\/dicodusport.fr\/blog\/wp-content\/uploads\/2022\/09\/Elie-Okobo-Monaco-a-des-objectifs-tres-eleves-cette-saison-.png","datePublished":"2022-09-23T09:34:16+00:00","dateModified":"2022-09-23T11:03:23+00:00","description":"Apr\u00e8s une saison \u00e0 l'ASVEL couronn\u00e9e du titre de champion de France, \u00c9lie Okobo a sign\u00e9 chez le grand rival du club rhodanien, l'AS Monaco.","breadcrumb":{"@id":"https:\/\/dicodusport.fr\/blog\/elie-okobo-monaco-a-des-objectifs-tres-eleves-cette-saison\/#breadcrumb"},"inLanguage":"fr-FR","potentialAction":[{"@type":"ReadAction","target":["https:\/\/dicodusport.fr\/blog\/elie-okobo-monaco-a-des-objectifs-tres-eleves-cette-saison\/"]}]},{"@type":"ImageObject","inLanguage":"fr-FR","@id":"https:\/\/dicodusport.fr\/blog\/elie-okobo-monaco-a-des-objectifs-tres-eleves-cette-saison\/#primaryimage","url":"https:\/\/dicodusport.fr\/blog\/wp-content\/uploads\/2022\/09\/Elie-Okobo-Monaco-a-des-objectifs-tres-eleves-cette-saison-.png","contentUrl":"https:\/\/dicodusport.fr\/blog\/wp-content\/uploads\/2022\/09\/Elie-Okobo-Monaco-a-des-objectifs-tres-eleves-cette-saison-.png","width":800,"height":445,"caption":"\u00c9lie Okobo \u00ab Monaco a des objectifs tr\u00e8s \u00e9lev\u00e9s cette saison \u00bb"},{"@type":"BreadcrumbList","@id":"https:\/\/dicodusport.fr\/blog\/elie-okobo-monaco-a-des-objectifs-tres-eleves-cette-saison\/#breadcrumb","itemListElement":[{"@type":"ListItem","position":1,"name":"Accueil","item":"https:\/\/dicodusport.fr\/blog\/"},{"@type":"ListItem","position":2,"name":"\u00c9lie Okobo : \u00ab Monaco a des objectifs tr\u00e8s \u00e9lev\u00e9s cette saison \u00bb"}]},{"@type":"WebSite","@id":"https:\/\/dicodusport.fr\/blog\/#website","url":"https:\/\/dicodusport.fr\/blog\/","name":"Dicodusport","description":"L&#039;encyclop\u00e9die de l&#039;actualit\u00e9 sportive","publisher":{"@id":"https:\/\/dicodusport.fr\/blog\/#organization"},"potentialAction":[{"@type":"SearchAction","target":{"@type":"EntryPoint","urlTemplate":"https:\/\/dicodusport.fr\/blog\/?s={search_term_string}"},"query-input":{"@type":"PropertyValueSpecification","valueRequired":true,"valueName":"search_term_string"}}],"inLanguage":"fr-FR"},{"@type":"NewsMediaOrganization","@id":"https:\/\/dicodusport.fr\/blog\/#organization","name":"Dicodusport","url":"https:\/\/dicodusport.fr\/blog\/","logo":{"@type":"ImageObject","inLanguage":"fr-FR","@id":"https:\/\/dicodusport.fr\/blog\/#\/schema\/logo\/image\/","url":"https:\/\/dicodusport.fr\/blog\/wp-content\/uploads\/2020\/06\/cropped-LOGO-DICODUSPORT-2020-SANS-FOND-SANS-TEXTE.png","contentUrl":"https:\/\/dicodusport.fr\/blog\/wp-content\/uploads\/2020\/06\/cropped-LOGO-DICODUSPORT-2020-SANS-FOND-SANS-TEXTE.png","width":512,"height":512,"caption":"Dicodusport"},"image":{"@id":"https:\/\/dicodusport.fr\/blog\/#\/schema\/logo\/image\/"},"sameAs":["https:\/\/www.facebook.com\/dicodusport","https:\/\/x.com\/dicodusport","https:\/\/www.instagram.com\/dicodusport\/","https:\/\/www.youtube.com\/channel\/UC7V2KZ5sd3htJivAbA4ZG3w"],"description":"Dicodusport est l'encyclop\u00e9die de l'actualit\u00e9 sportive.","email":"bonjour@dicodusport.fr","legalName":"DICODUSPORT","foundingDate":"2018-01-14","vatID":"FR71834470973","taxID":"83447097300043","numberOfEmployees":{"@type":"QuantitativeValue","minValue":"1","maxValue":"10"}},{"@type":"Person","@id":"https:\/\/dicodusport.fr\/blog\/#\/schema\/person\/cb02af4c173ce4a653b55e9baf388d4a","name":"Flo Ostermann","image":{"@type":"ImageObject","inLanguage":"fr-FR","@id":"https:\/\/dicodusport.fr\/blog\/#\/schema\/person\/image\/","url":"https:\/\/dicodusport.fr\/blog\/wp-content\/uploads\/2021\/05\/Flo-Ostermann-150x150.jpg","contentUrl":"https:\/\/dicodusport.fr\/blog\/wp-content\/uploads\/2021\/05\/Flo-Ostermann-150x150.jpg","caption":"Flo Ostermann"},"description":"Journaliste\/R\u00e9dacteur depuis septembre 2015 - Mes premiers souvenirs dans le sport ? Les envol\u00e9es du Stade Toulousain et les duels Villeneuve-Schumacher et H\u00e4kkinen-Schumacher \u00e0 la fin des ann\u00e9es 90, la Coupe du monde de football en 1998, l\u2019exploit du XV de France face aux All Blacks en 1999, mais aussi Richard C\u0153ur de Lion qui vole sur les montagnes du Tour de France. Bien parti pour devenir professeur d\u2019EPS, les \u00e9v\u00e9nements de la vie (et la flemme d\u2019animer des s\u00e9ances de 3x500 m\u00e8tres toute ma vie) m\u2019ont conduit \u00e0 revoir mes plans. Me voil\u00e0 depuis fin 2017 sur Dicodusport, m\u00e9dia gr\u00e2ce (et pour) lequel je partage ma passion : le sport dans tous ses \u00e9tats. Le tout accompagn\u00e9 par les fous furieux et folles furieuses cit\u00e9s sur cette page !","sameAs":["https:\/\/www.facebook.com\/florent.ostermann","https:\/\/x.com\/https:\/\/twitter.com\/FlOstermann","admin"],"url":"https:\/\/dicodusport.fr\/blog\/author\/flo\/"}]}},"_links":{"self":[{"href":"https:\/\/dicodusport.fr\/blog\/wp-json\/wp\/v2\/posts\/264321","targetHints":{"allow":["GET"]}}],"collection":[{"href":"https:\/\/dicodusport.fr\/blog\/wp-json\/wp\/v2\/posts"}],"about":[{"href":"https:\/\/dicodusport.fr\/blog\/wp-json\/wp\/v2\/types\/post"}],"author":[{"embeddable":true,"href":"https:\/\/dicodusport.fr\/blog\/wp-json\/wp\/v2\/users\/4"}],"replies":[{"embeddable":true,"href":"https:\/\/dicodusport.fr\/blog\/wp-json\/wp\/v2\/comments?post=264321"}],"version-history":[{"count":0,"href":"https:\/\/dicodusport.fr\/blog\/wp-json\/wp\/v2\/posts\/264321\/revisions"}],"wp:featuredmedia":[{"embeddable":true,"href":"https:\/\/dicodusport.fr\/blog\/wp-json\/wp\/v2\/media\/264324"}],"wp:attachment":[{"href":"https:\/\/dicodusport.fr\/blog\/wp-json\/wp\/v2\/media?parent=264321"}],"wp:term":[{"taxonomy":"category","embeddable":true,"href":"https:\/\/dicodusport.fr\/blog\/wp-json\/wp\/v2\/categories?post=264321"},{"taxonomy":"post_tag","embeddable":true,"href":"https:\/\/dicodusport.fr\/blog\/wp-json\/wp\/v2\/tags?post=264321"}],"curies":[{"name":"wp","href":"https:\/\/api.w.org\/{rel}","templated":true}]}}