{"id":264520,"date":"2022-09-24T09:10:09","date_gmt":"2022-09-24T07:10:09","guid":{"rendered":"https:\/\/dicodusport.fr\/blog\/?p=264520&#038;preview=true&#038;preview_id=264520"},"modified":"2022-09-24T12:35:38","modified_gmt":"2022-09-24T10:35:38","slug":"mondiaux-cyclisme-2022-annemiek-van-vleuten-sacree-sur-course-en-ligne","status":"publish","type":"post","link":"https:\/\/dicodusport.fr\/blog\/mondiaux-cyclisme-2022-annemiek-van-vleuten-sacree-sur-course-en-ligne\/","title":{"rendered":"Mondiaux Cyclisme 2022 : Annemiek van Vleuten sacr\u00e9e sur la course en ligne !"},"content":{"rendered":"<p style=\"text-align: justify;\"><em><strong><a href=\"https:\/\/dicodusport.fr\/blog\/mondiaux-cyclisme-2022-programme-complet-et-resultats\/\">MONDIAUX CYCLISME SUR ROUTE 2022<\/a> &#8211; \u00c9ternelle Annemiek van Vleuten ! Diminu\u00e9e par une fracture au coude, la N\u00e9erlandaise de 39 ans a remport\u00e9 ce samedi le titre mondial de la course en ligne, \u00e0 Wollongong. Elle devance la Belge Lotte Kopecky et l&rsquo;Italienne Silvia Persico.<\/strong><\/em><\/p>\n<p style=\"text-align: justify;\">INCROYABLE ANNEMIEK VAN VLEUTEN ! La N\u00e9erlandaise est devenue ce samedi championne du monde de la course en ligne \u00e0 Wollongong (Australie). Diminu\u00e9e par une fracture du coude apr\u00e8s sa violente chute sur le relais mixte, la Batave de 39 ans a fait preuve d&rsquo;opportunisme pour d\u00e9crocher son deuxi\u00e8me titre mondial de la course en ligne, apr\u00e8s celui acquis en 2019. Car ce samedi, van Vleuten n&rsquo;\u00e9tait certainement pas la plus forte.<\/p>\n<h2 style=\"text-align: justify;\">La malice de van Vleuten<\/h2>\n<p style=\"text-align: justify;\">En effet, dans les deux derni\u00e8res ascensions du Mount Pleasant, la N\u00e9erlandaise n&rsquo;est jamais parvenue \u00e0 suivre les meilleures, mais en limitant toujours les d\u00e9g\u00e2ts. Devant, <strong>Elisa Longo Borghini<\/strong> (Italie), <strong>Cecilie Uttrup Ludwig<\/strong> (Danemark), <strong>Liane Lippert<\/strong> (Allemagne), <strong>Ashleigh Moolman-Pasio<\/strong> (Afrique du Sud) et <strong>Katarzyna Niewiadoma<\/strong> (Pologne) \u00e9taient les plus fortes et parvenaient \u00e0 s&rsquo;extirper du peloton lors des deux derniers passages dans le Mount Pleasant. Mais \u00e0 chaque fois, le m\u00e9sentente \u00e9tait de mise. Et dans le dernier tour, Annemiek van Vleuten, mais aussi <strong>Lotte Kopecky<\/strong> (Belgique) et la Fran\u00e7aise <strong>Juliette Labous<\/strong>, entre autres, r\u00e9ussissaient \u00e0 faire la jonction sur le groupe des cinq coureuses.<\/p>\n<p style=\"text-align: justify;\">Finalement, sans avoir donn\u00e9 un seul coup de p\u00e9dale inutile, <strong>Annemiek van Vleuten<\/strong> a fait parler son exp\u00e9rience, et sa malice, pour sortir en factrice \u00e0 moins d&rsquo;un kilom\u00e8tre de l&rsquo;arriv\u00e9e. Plus personne ne la reverra. Omloop Het Nieuwsblad, Li\u00e8ge-Bastogne-Li\u00e8ge, Giro, Tour de France, Vuelta et maintenant les Mondiaux, <strong>van Vleuten<\/strong> termine donc l&rsquo;ann\u00e9e en beaut\u00e9.<\/p>\n<p style=\"text-align: justify;\"><strong>Lotte Kopecky<\/strong> r\u00e8gle le groupe des poursuivantes et prend l&rsquo;argent, devant l&rsquo;Italienne <strong>Silvia Persico<\/strong>. Mention bien pour <strong>Juliette Labous<\/strong>. La Fran\u00e7aise tr\u00e8s (trop) vite isol\u00e9e dans les 30 derniers kilom\u00e8tres, aura termin\u00e9 avec les meilleures pour une 7\u00e8me place finale. Pas si mal, au regard du sc\u00e9nario de la course.<\/p>\n<blockquote class=\"twitter-tweet\">\n<p dir=\"ltr\" lang=\"nl\">&#x1f308; Victorious van Vleuten &#x1f308;<a href=\"https:\/\/twitter.com\/hashtag\/Wollongong2022?src=hash&amp;ref_src=twsrc%5Etfw\">#Wollongong2022<\/a> <a href=\"https:\/\/t.co\/x3jQSr5f2W\">pic.twitter.com\/x3jQSr5f2W<\/a><\/p>\n<p>\u2014 UCI (@UCI_cycling) <a href=\"https:\/\/twitter.com\/UCI_cycling\/status\/1573573791984197632?ref_src=twsrc%5Etfw\">September 24, 2022<\/a><\/p><\/blockquote>\n<p><script async src=\"https:\/\/platform.twitter.com\/widgets.js\" charset=\"utf-8\"><\/script><\/p>\n<h2 style=\"text-align: justify;\">\u00c0 lire aussi<\/h2>\n<ul>\n<li style=\"text-align: justify;\"><a href=\"https:\/\/dicodusport.fr\/blog\/mondiaux-cyclisme-2022-classement-course-en-ligne-elites-femmes\/\"><strong>Le classement de la course en ligne \u00e9lites femmes<\/strong><\/a><\/li>\n<\/ul>\n","protected":false},"excerpt":{"rendered":"<p>MONDIAUX CYCLISME SUR ROUTE 2022 &#8211; \u00c9ternelle Annemiek van Vleuten ! Diminu\u00e9e par une fracture au coude, la N\u00e9erlandaise de 39 ans a remport\u00e9 ce samedi le titre mondial de la course en ligne, \u00e0 Wollongong. Elle devance la Belge Lotte Kopecky et l&rsquo;Italienne Silvia Persico.<\/p>\n","protected":false},"author":4,"featured_media":264615,"comment_status":"open","ping_status":"closed","sticky":false,"template":"","format":"standard","meta":{"_acf_changed":false,"_daextam_enable_autolinks":"","footnotes":""},"categories":[46994],"tags":[574,24],"class_list":["post-264520","post","type-post","status-publish","format-standard","has-post-thumbnail","hentry","category-cyclisme-sur-route","tag-cyclisme","tag-sport"],"acf":[],"yoast_head":"<!-- This site is optimized with the Yoast SEO Premium plugin v26.7 (Yoast SEO v26.7) - https:\/\/yoast.com\/wordpress\/plugins\/seo\/ -->\n<title>Mondiaux Cyclisme 2022 : Annemiek van Vleuten sacr\u00e9e sur la course en ligne !<\/title>\n<meta name=\"description\" content=\"MONDIAUX CYCLISME SUR ROUTE 2022 - Annemiek van Vleuten a remport\u00e9 ce samedi le titre mondial de la course en ligne, \u00e0 Wollongong.\" \/>\n<meta name=\"robots\" content=\"index, follow, max-snippet:-1, max-image-preview:large, max-video-preview:-1\" \/>\n<link rel=\"canonical\" href=\"https:\/\/dicodusport.fr\/blog\/mondiaux-cyclisme-2022-annemiek-van-vleuten-sacree-sur-course-en-ligne\/\" \/>\n<meta property=\"og:locale\" content=\"fr_FR\" \/>\n<meta property=\"og:type\" content=\"article\" \/>\n<meta property=\"og:title\" content=\"Mondiaux Cyclisme 2022 : Annemiek van Vleuten sacr\u00e9e sur la course en ligne !\" \/>\n<meta property=\"og:description\" content=\"MONDIAUX CYCLISME SUR ROUTE 2022 - Annemiek van Vleuten a remport\u00e9 ce samedi le titre mondial de la course en ligne, \u00e0 Wollongong.\" \/>\n<meta property=\"og:url\" content=\"https:\/\/dicodusport.fr\/blog\/mondiaux-cyclisme-2022-annemiek-van-vleuten-sacree-sur-course-en-ligne\/\" \/>\n<meta property=\"og:site_name\" content=\"Dicodusport\" \/>\n<meta property=\"article:publisher\" content=\"https:\/\/www.facebook.com\/dicodusport\" \/>\n<meta property=\"article:author\" content=\"https:\/\/www.facebook.com\/florent.ostermann\" \/>\n<meta property=\"article:published_time\" content=\"2022-09-24T07:10:09+00:00\" \/>\n<meta property=\"article:modified_time\" content=\"2022-09-24T10:35:38+00:00\" \/>\n<meta property=\"og:image\" content=\"https:\/\/dicodusport.fr\/blog\/wp-content\/uploads\/2022\/09\/Mondiaux-Cyclisme-2022-Annemiek-van-Vleuten-sacree-sur-la-course-en-ligne-.png\" \/>\n\t<meta property=\"og:image:width\" content=\"800\" \/>\n\t<meta property=\"og:image:height\" content=\"445\" \/>\n\t<meta property=\"og:image:type\" content=\"image\/png\" \/>\n<meta name=\"author\" content=\"Flo Ostermann\" \/>\n<meta name=\"twitter:card\" content=\"summary_large_image\" \/>\n<meta name=\"twitter:title\" content=\"Mondiaux Cyclisme 2022 : Annemiek van Vleuten sacr\u00e9e sur la course en ligne !\" \/>\n<meta name=\"twitter:creator\" content=\"@https:\/\/twitter.com\/FlOstermann\" \/>\n<meta name=\"twitter:site\" content=\"@dicodusport\" \/>\n<script type=\"application\/ld+json\" class=\"yoast-schema-graph\">{\"@context\":\"https:\/\/schema.org\",\"@graph\":[{\"@type\":\"NewsArticle\",\"@id\":\"https:\/\/dicodusport.fr\/blog\/mondiaux-cyclisme-2022-annemiek-van-vleuten-sacree-sur-course-en-ligne\/#article\",\"isPartOf\":{\"@id\":\"https:\/\/dicodusport.fr\/blog\/mondiaux-cyclisme-2022-annemiek-van-vleuten-sacree-sur-course-en-ligne\/\"},\"author\":{\"name\":\"Flo Ostermann\",\"@id\":\"https:\/\/dicodusport.fr\/blog\/#\/schema\/person\/cb02af4c173ce4a653b55e9baf388d4a\"},\"headline\":\"Mondiaux Cyclisme 2022 : Annemiek van Vleuten sacr\u00e9e sur la course en ligne !\",\"datePublished\":\"2022-09-24T07:10:09+00:00\",\"dateModified\":\"2022-09-24T10:35:38+00:00\",\"mainEntityOfPage\":{\"@id\":\"https:\/\/dicodusport.fr\/blog\/mondiaux-cyclisme-2022-annemiek-van-vleuten-sacree-sur-course-en-ligne\/\"},\"wordCount\":400,\"commentCount\":1,\"publisher\":{\"@id\":\"https:\/\/dicodusport.fr\/blog\/#organization\"},\"image\":{\"@id\":\"https:\/\/dicodusport.fr\/blog\/mondiaux-cyclisme-2022-annemiek-van-vleuten-sacree-sur-course-en-ligne\/#primaryimage\"},\"thumbnailUrl\":\"https:\/\/dicodusport.fr\/blog\/wp-content\/uploads\/2022\/09\/Mondiaux-Cyclisme-2022-Annemiek-van-Vleuten-sacree-sur-la-course-en-ligne-.png\",\"keywords\":[\"Cyclisme\",\"sport\"],\"articleSection\":[\"Cyclisme sur route\"],\"inLanguage\":\"fr-FR\",\"potentialAction\":[{\"@type\":\"CommentAction\",\"name\":\"Comment\",\"target\":[\"https:\/\/dicodusport.fr\/blog\/mondiaux-cyclisme-2022-annemiek-van-vleuten-sacree-sur-course-en-ligne\/#respond\"]}],\"copyrightYear\":\"2022\",\"copyrightHolder\":{\"@id\":\"https:\/\/dicodusport.fr\/blog\/#organization\"}},{\"@type\":\"WebPage\",\"@id\":\"https:\/\/dicodusport.fr\/blog\/mondiaux-cyclisme-2022-annemiek-van-vleuten-sacree-sur-course-en-ligne\/\",\"url\":\"https:\/\/dicodusport.fr\/blog\/mondiaux-cyclisme-2022-annemiek-van-vleuten-sacree-sur-course-en-ligne\/\",\"name\":\"Mondiaux Cyclisme 2022 : Annemiek van Vleuten sacr\u00e9e sur la course en ligne !\",\"isPartOf\":{\"@id\":\"https:\/\/dicodusport.fr\/blog\/#website\"},\"primaryImageOfPage\":{\"@id\":\"https:\/\/dicodusport.fr\/blog\/mondiaux-cyclisme-2022-annemiek-van-vleuten-sacree-sur-course-en-ligne\/#primaryimage\"},\"image\":{\"@id\":\"https:\/\/dicodusport.fr\/blog\/mondiaux-cyclisme-2022-annemiek-van-vleuten-sacree-sur-course-en-ligne\/#primaryimage\"},\"thumbnailUrl\":\"https:\/\/dicodusport.fr\/blog\/wp-content\/uploads\/2022\/09\/Mondiaux-Cyclisme-2022-Annemiek-van-Vleuten-sacree-sur-la-course-en-ligne-.png\",\"datePublished\":\"2022-09-24T07:10:09+00:00\",\"dateModified\":\"2022-09-24T10:35:38+00:00\",\"description\":\"MONDIAUX CYCLISME SUR ROUTE 2022 - Annemiek van Vleuten a remport\u00e9 ce samedi le titre mondial de la course en ligne, \u00e0 Wollongong.\",\"breadcrumb\":{\"@id\":\"https:\/\/dicodusport.fr\/blog\/mondiaux-cyclisme-2022-annemiek-van-vleuten-sacree-sur-course-en-ligne\/#breadcrumb\"},\"inLanguage\":\"fr-FR\",\"potentialAction\":[{\"@type\":\"ReadAction\",\"target\":[\"https:\/\/dicodusport.fr\/blog\/mondiaux-cyclisme-2022-annemiek-van-vleuten-sacree-sur-course-en-ligne\/\"]}]},{\"@type\":\"ImageObject\",\"inLanguage\":\"fr-FR\",\"@id\":\"https:\/\/dicodusport.fr\/blog\/mondiaux-cyclisme-2022-annemiek-van-vleuten-sacree-sur-course-en-ligne\/#primaryimage\",\"url\":\"https:\/\/dicodusport.fr\/blog\/wp-content\/uploads\/2022\/09\/Mondiaux-Cyclisme-2022-Annemiek-van-Vleuten-sacree-sur-la-course-en-ligne-.png\",\"contentUrl\":\"https:\/\/dicodusport.fr\/blog\/wp-content\/uploads\/2022\/09\/Mondiaux-Cyclisme-2022-Annemiek-van-Vleuten-sacree-sur-la-course-en-ligne-.png\",\"width\":800,\"height\":445,\"caption\":\"Mondiaux Cyclisme 2022 Annemiek van Vleuten sacr\u00e9e sur la course en ligne !\"},{\"@type\":\"BreadcrumbList\",\"@id\":\"https:\/\/dicodusport.fr\/blog\/mondiaux-cyclisme-2022-annemiek-van-vleuten-sacree-sur-course-en-ligne\/#breadcrumb\",\"itemListElement\":[{\"@type\":\"ListItem\",\"position\":1,\"name\":\"Accueil\",\"item\":\"https:\/\/dicodusport.fr\/blog\/\"},{\"@type\":\"ListItem\",\"position\":2,\"name\":\"Mondiaux Cyclisme 2022 : Annemiek van Vleuten sacr\u00e9e sur la course en ligne !\"}]},{\"@type\":\"WebSite\",\"@id\":\"https:\/\/dicodusport.fr\/blog\/#website\",\"url\":\"https:\/\/dicodusport.fr\/blog\/\",\"name\":\"Dicodusport\",\"description\":\"L&#039;encyclop\u00e9die de l&#039;actualit\u00e9 sportive\",\"publisher\":{\"@id\":\"https:\/\/dicodusport.fr\/blog\/#organization\"},\"potentialAction\":[{\"@type\":\"SearchAction\",\"target\":{\"@type\":\"EntryPoint\",\"urlTemplate\":\"https:\/\/dicodusport.fr\/blog\/?s={search_term_string}\"},\"query-input\":{\"@type\":\"PropertyValueSpecification\",\"valueRequired\":true,\"valueName\":\"search_term_string\"}}],\"inLanguage\":\"fr-FR\"},{\"@type\":\"NewsMediaOrganization\",\"@id\":\"https:\/\/dicodusport.fr\/blog\/#organization\",\"name\":\"Dicodusport\",\"url\":\"https:\/\/dicodusport.fr\/blog\/\",\"logo\":{\"@type\":\"ImageObject\",\"inLanguage\":\"fr-FR\",\"@id\":\"https:\/\/dicodusport.fr\/blog\/#\/schema\/logo\/image\/\",\"url\":\"https:\/\/dicodusport.fr\/blog\/wp-content\/uploads\/2020\/06\/cropped-LOGO-DICODUSPORT-2020-SANS-FOND-SANS-TEXTE.png\",\"contentUrl\":\"https:\/\/dicodusport.fr\/blog\/wp-content\/uploads\/2020\/06\/cropped-LOGO-DICODUSPORT-2020-SANS-FOND-SANS-TEXTE.png\",\"width\":512,\"height\":512,\"caption\":\"Dicodusport\"},\"image\":{\"@id\":\"https:\/\/dicodusport.fr\/blog\/#\/schema\/logo\/image\/\"},\"sameAs\":[\"https:\/\/www.facebook.com\/dicodusport\",\"https:\/\/x.com\/dicodusport\",\"https:\/\/www.instagram.com\/dicodusport\/\",\"https:\/\/www.youtube.com\/channel\/UC7V2KZ5sd3htJivAbA4ZG3w\"],\"description\":\"Dicodusport est l'encyclop\u00e9die de l'actualit\u00e9 sportive.\",\"email\":\"bonjour@dicodusport.fr\",\"legalName\":\"DICODUSPORT\",\"foundingDate\":\"2018-01-14\",\"vatID\":\"FR71834470973\",\"taxID\":\"83447097300043\",\"numberOfEmployees\":{\"@type\":\"QuantitativeValue\",\"minValue\":\"1\",\"maxValue\":\"10\"}},{\"@type\":\"Person\",\"@id\":\"https:\/\/dicodusport.fr\/blog\/#\/schema\/person\/cb02af4c173ce4a653b55e9baf388d4a\",\"name\":\"Flo Ostermann\",\"image\":{\"@type\":\"ImageObject\",\"inLanguage\":\"fr-FR\",\"@id\":\"https:\/\/dicodusport.fr\/blog\/#\/schema\/person\/image\/\",\"url\":\"https:\/\/dicodusport.fr\/blog\/wp-content\/uploads\/2021\/05\/Flo-Ostermann-150x150.jpg\",\"contentUrl\":\"https:\/\/dicodusport.fr\/blog\/wp-content\/uploads\/2021\/05\/Flo-Ostermann-150x150.jpg\",\"caption\":\"Flo Ostermann\"},\"description\":\"Journaliste\/R\u00e9dacteur depuis septembre 2015 - Mes premiers souvenirs dans le sport ? Les envol\u00e9es du Stade Toulousain et les duels Villeneuve-Schumacher et H\u00e4kkinen-Schumacher \u00e0 la fin des ann\u00e9es 90, la Coupe du monde de football en 1998, l\u2019exploit du XV de France face aux All Blacks en 1999, mais aussi Richard C\u0153ur de Lion qui vole sur les montagnes du Tour de France. Bien parti pour devenir professeur d\u2019EPS, les \u00e9v\u00e9nements de la vie (et la flemme d\u2019animer des s\u00e9ances de 3x500 m\u00e8tres toute ma vie) m\u2019ont conduit \u00e0 revoir mes plans. Me voil\u00e0 depuis fin 2017 sur Dicodusport, m\u00e9dia gr\u00e2ce (et pour) lequel je partage ma passion : le sport dans tous ses \u00e9tats. Le tout accompagn\u00e9 par les fous furieux et folles furieuses cit\u00e9s sur cette page !\",\"sameAs\":[\"https:\/\/www.facebook.com\/florent.ostermann\",\"https:\/\/x.com\/https:\/\/twitter.com\/FlOstermann\",\"admin\"],\"url\":\"https:\/\/dicodusport.fr\/blog\/author\/flo\/\"}]}<\/script>\n<!-- \/ Yoast SEO Premium plugin. -->","yoast_head_json":{"title":"Mondiaux Cyclisme 2022 : Annemiek van Vleuten sacr\u00e9e sur la course en ligne !","description":"MONDIAUX CYCLISME SUR ROUTE 2022 - Annemiek van Vleuten a remport\u00e9 ce samedi le titre mondial de la course en ligne, \u00e0 Wollongong.","robots":{"index":"index","follow":"follow","max-snippet":"max-snippet:-1","max-image-preview":"max-image-preview:large","max-video-preview":"max-video-preview:-1"},"canonical":"https:\/\/dicodusport.fr\/blog\/mondiaux-cyclisme-2022-annemiek-van-vleuten-sacree-sur-course-en-ligne\/","og_locale":"fr_FR","og_type":"article","og_title":"Mondiaux Cyclisme 2022 : Annemiek van Vleuten sacr\u00e9e sur la course en ligne !","og_description":"MONDIAUX CYCLISME SUR ROUTE 2022 - Annemiek van Vleuten a remport\u00e9 ce samedi le titre mondial de la course en ligne, \u00e0 Wollongong.","og_url":"https:\/\/dicodusport.fr\/blog\/mondiaux-cyclisme-2022-annemiek-van-vleuten-sacree-sur-course-en-ligne\/","og_site_name":"Dicodusport","article_publisher":"https:\/\/www.facebook.com\/dicodusport","article_author":"https:\/\/www.facebook.com\/florent.ostermann","article_published_time":"2022-09-24T07:10:09+00:00","article_modified_time":"2022-09-24T10:35:38+00:00","og_image":[{"width":800,"height":445,"url":"https:\/\/dicodusport.fr\/blog\/wp-content\/uploads\/2022\/09\/Mondiaux-Cyclisme-2022-Annemiek-van-Vleuten-sacree-sur-la-course-en-ligne-.png","type":"image\/png"}],"author":"Flo Ostermann","twitter_card":"summary_large_image","twitter_title":"Mondiaux Cyclisme 2022 : Annemiek van Vleuten sacr\u00e9e sur la course en ligne !","twitter_creator":"@https:\/\/twitter.com\/FlOstermann","twitter_site":"@dicodusport","schema":{"@context":"https:\/\/schema.org","@graph":[{"@type":"NewsArticle","@id":"https:\/\/dicodusport.fr\/blog\/mondiaux-cyclisme-2022-annemiek-van-vleuten-sacree-sur-course-en-ligne\/#article","isPartOf":{"@id":"https:\/\/dicodusport.fr\/blog\/mondiaux-cyclisme-2022-annemiek-van-vleuten-sacree-sur-course-en-ligne\/"},"author":{"name":"Flo Ostermann","@id":"https:\/\/dicodusport.fr\/blog\/#\/schema\/person\/cb02af4c173ce4a653b55e9baf388d4a"},"headline":"Mondiaux Cyclisme 2022 : Annemiek van Vleuten sacr\u00e9e sur la course en ligne !","datePublished":"2022-09-24T07:10:09+00:00","dateModified":"2022-09-24T10:35:38+00:00","mainEntityOfPage":{"@id":"https:\/\/dicodusport.fr\/blog\/mondiaux-cyclisme-2022-annemiek-van-vleuten-sacree-sur-course-en-ligne\/"},"wordCount":400,"commentCount":1,"publisher":{"@id":"https:\/\/dicodusport.fr\/blog\/#organization"},"image":{"@id":"https:\/\/dicodusport.fr\/blog\/mondiaux-cyclisme-2022-annemiek-van-vleuten-sacree-sur-course-en-ligne\/#primaryimage"},"thumbnailUrl":"https:\/\/dicodusport.fr\/blog\/wp-content\/uploads\/2022\/09\/Mondiaux-Cyclisme-2022-Annemiek-van-Vleuten-sacree-sur-la-course-en-ligne-.png","keywords":["Cyclisme","sport"],"articleSection":["Cyclisme sur route"],"inLanguage":"fr-FR","potentialAction":[{"@type":"CommentAction","name":"Comment","target":["https:\/\/dicodusport.fr\/blog\/mondiaux-cyclisme-2022-annemiek-van-vleuten-sacree-sur-course-en-ligne\/#respond"]}],"copyrightYear":"2022","copyrightHolder":{"@id":"https:\/\/dicodusport.fr\/blog\/#organization"}},{"@type":"WebPage","@id":"https:\/\/dicodusport.fr\/blog\/mondiaux-cyclisme-2022-annemiek-van-vleuten-sacree-sur-course-en-ligne\/","url":"https:\/\/dicodusport.fr\/blog\/mondiaux-cyclisme-2022-annemiek-van-vleuten-sacree-sur-course-en-ligne\/","name":"Mondiaux Cyclisme 2022 : Annemiek van Vleuten sacr\u00e9e sur la course en ligne !","isPartOf":{"@id":"https:\/\/dicodusport.fr\/blog\/#website"},"primaryImageOfPage":{"@id":"https:\/\/dicodusport.fr\/blog\/mondiaux-cyclisme-2022-annemiek-van-vleuten-sacree-sur-course-en-ligne\/#primaryimage"},"image":{"@id":"https:\/\/dicodusport.fr\/blog\/mondiaux-cyclisme-2022-annemiek-van-vleuten-sacree-sur-course-en-ligne\/#primaryimage"},"thumbnailUrl":"https:\/\/dicodusport.fr\/blog\/wp-content\/uploads\/2022\/09\/Mondiaux-Cyclisme-2022-Annemiek-van-Vleuten-sacree-sur-la-course-en-ligne-.png","datePublished":"2022-09-24T07:10:09+00:00","dateModified":"2022-09-24T10:35:38+00:00","description":"MONDIAUX CYCLISME SUR ROUTE 2022 - Annemiek van Vleuten a remport\u00e9 ce samedi le titre mondial de la course en ligne, \u00e0 Wollongong.","breadcrumb":{"@id":"https:\/\/dicodusport.fr\/blog\/mondiaux-cyclisme-2022-annemiek-van-vleuten-sacree-sur-course-en-ligne\/#breadcrumb"},"inLanguage":"fr-FR","potentialAction":[{"@type":"ReadAction","target":["https:\/\/dicodusport.fr\/blog\/mondiaux-cyclisme-2022-annemiek-van-vleuten-sacree-sur-course-en-ligne\/"]}]},{"@type":"ImageObject","inLanguage":"fr-FR","@id":"https:\/\/dicodusport.fr\/blog\/mondiaux-cyclisme-2022-annemiek-van-vleuten-sacree-sur-course-en-ligne\/#primaryimage","url":"https:\/\/dicodusport.fr\/blog\/wp-content\/uploads\/2022\/09\/Mondiaux-Cyclisme-2022-Annemiek-van-Vleuten-sacree-sur-la-course-en-ligne-.png","contentUrl":"https:\/\/dicodusport.fr\/blog\/wp-content\/uploads\/2022\/09\/Mondiaux-Cyclisme-2022-Annemiek-van-Vleuten-sacree-sur-la-course-en-ligne-.png","width":800,"height":445,"caption":"Mondiaux Cyclisme 2022 Annemiek van Vleuten sacr\u00e9e sur la course en ligne !"},{"@type":"BreadcrumbList","@id":"https:\/\/dicodusport.fr\/blog\/mondiaux-cyclisme-2022-annemiek-van-vleuten-sacree-sur-course-en-ligne\/#breadcrumb","itemListElement":[{"@type":"ListItem","position":1,"name":"Accueil","item":"https:\/\/dicodusport.fr\/blog\/"},{"@type":"ListItem","position":2,"name":"Mondiaux Cyclisme 2022 : Annemiek van Vleuten sacr\u00e9e sur la course en ligne !"}]},{"@type":"WebSite","@id":"https:\/\/dicodusport.fr\/blog\/#website","url":"https:\/\/dicodusport.fr\/blog\/","name":"Dicodusport","description":"L&#039;encyclop\u00e9die de l&#039;actualit\u00e9 sportive","publisher":{"@id":"https:\/\/dicodusport.fr\/blog\/#organization"},"potentialAction":[{"@type":"SearchAction","target":{"@type":"EntryPoint","urlTemplate":"https:\/\/dicodusport.fr\/blog\/?s={search_term_string}"},"query-input":{"@type":"PropertyValueSpecification","valueRequired":true,"valueName":"search_term_string"}}],"inLanguage":"fr-FR"},{"@type":"NewsMediaOrganization","@id":"https:\/\/dicodusport.fr\/blog\/#organization","name":"Dicodusport","url":"https:\/\/dicodusport.fr\/blog\/","logo":{"@type":"ImageObject","inLanguage":"fr-FR","@id":"https:\/\/dicodusport.fr\/blog\/#\/schema\/logo\/image\/","url":"https:\/\/dicodusport.fr\/blog\/wp-content\/uploads\/2020\/06\/cropped-LOGO-DICODUSPORT-2020-SANS-FOND-SANS-TEXTE.png","contentUrl":"https:\/\/dicodusport.fr\/blog\/wp-content\/uploads\/2020\/06\/cropped-LOGO-DICODUSPORT-2020-SANS-FOND-SANS-TEXTE.png","width":512,"height":512,"caption":"Dicodusport"},"image":{"@id":"https:\/\/dicodusport.fr\/blog\/#\/schema\/logo\/image\/"},"sameAs":["https:\/\/www.facebook.com\/dicodusport","https:\/\/x.com\/dicodusport","https:\/\/www.instagram.com\/dicodusport\/","https:\/\/www.youtube.com\/channel\/UC7V2KZ5sd3htJivAbA4ZG3w"],"description":"Dicodusport est l'encyclop\u00e9die de l'actualit\u00e9 sportive.","email":"bonjour@dicodusport.fr","legalName":"DICODUSPORT","foundingDate":"2018-01-14","vatID":"FR71834470973","taxID":"83447097300043","numberOfEmployees":{"@type":"QuantitativeValue","minValue":"1","maxValue":"10"}},{"@type":"Person","@id":"https:\/\/dicodusport.fr\/blog\/#\/schema\/person\/cb02af4c173ce4a653b55e9baf388d4a","name":"Flo Ostermann","image":{"@type":"ImageObject","inLanguage":"fr-FR","@id":"https:\/\/dicodusport.fr\/blog\/#\/schema\/person\/image\/","url":"https:\/\/dicodusport.fr\/blog\/wp-content\/uploads\/2021\/05\/Flo-Ostermann-150x150.jpg","contentUrl":"https:\/\/dicodusport.fr\/blog\/wp-content\/uploads\/2021\/05\/Flo-Ostermann-150x150.jpg","caption":"Flo Ostermann"},"description":"Journaliste\/R\u00e9dacteur depuis septembre 2015 - Mes premiers souvenirs dans le sport ? Les envol\u00e9es du Stade Toulousain et les duels Villeneuve-Schumacher et H\u00e4kkinen-Schumacher \u00e0 la fin des ann\u00e9es 90, la Coupe du monde de football en 1998, l\u2019exploit du XV de France face aux All Blacks en 1999, mais aussi Richard C\u0153ur de Lion qui vole sur les montagnes du Tour de France. Bien parti pour devenir professeur d\u2019EPS, les \u00e9v\u00e9nements de la vie (et la flemme d\u2019animer des s\u00e9ances de 3x500 m\u00e8tres toute ma vie) m\u2019ont conduit \u00e0 revoir mes plans. Me voil\u00e0 depuis fin 2017 sur Dicodusport, m\u00e9dia gr\u00e2ce (et pour) lequel je partage ma passion : le sport dans tous ses \u00e9tats. Le tout accompagn\u00e9 par les fous furieux et folles furieuses cit\u00e9s sur cette page !","sameAs":["https:\/\/www.facebook.com\/florent.ostermann","https:\/\/x.com\/https:\/\/twitter.com\/FlOstermann","admin"],"url":"https:\/\/dicodusport.fr\/blog\/author\/flo\/"}]}},"_links":{"self":[{"href":"https:\/\/dicodusport.fr\/blog\/wp-json\/wp\/v2\/posts\/264520","targetHints":{"allow":["GET"]}}],"collection":[{"href":"https:\/\/dicodusport.fr\/blog\/wp-json\/wp\/v2\/posts"}],"about":[{"href":"https:\/\/dicodusport.fr\/blog\/wp-json\/wp\/v2\/types\/post"}],"author":[{"embeddable":true,"href":"https:\/\/dicodusport.fr\/blog\/wp-json\/wp\/v2\/users\/4"}],"replies":[{"embeddable":true,"href":"https:\/\/dicodusport.fr\/blog\/wp-json\/wp\/v2\/comments?post=264520"}],"version-history":[{"count":0,"href":"https:\/\/dicodusport.fr\/blog\/wp-json\/wp\/v2\/posts\/264520\/revisions"}],"wp:featuredmedia":[{"embeddable":true,"href":"https:\/\/dicodusport.fr\/blog\/wp-json\/wp\/v2\/media\/264615"}],"wp:attachment":[{"href":"https:\/\/dicodusport.fr\/blog\/wp-json\/wp\/v2\/media?parent=264520"}],"wp:term":[{"taxonomy":"category","embeddable":true,"href":"https:\/\/dicodusport.fr\/blog\/wp-json\/wp\/v2\/categories?post=264520"},{"taxonomy":"post_tag","embeddable":true,"href":"https:\/\/dicodusport.fr\/blog\/wp-json\/wp\/v2\/tags?post=264520"}],"curies":[{"name":"wp","href":"https:\/\/api.w.org\/{rel}","templated":true}]}}