{"id":264626,"date":"2022-09-24T13:34:20","date_gmt":"2022-09-24T11:34:20","guid":{"rendered":"https:\/\/dicodusport.fr\/blog\/?p=264626&#038;preview=true&#038;preview_id=264626"},"modified":"2022-09-24T15:10:00","modified_gmt":"2022-09-24T13:10:00","slug":"biathlon-summer-tour-julia-simon-et-eric-perrot-champions-de-france-du-sprint-court","status":"publish","type":"post","link":"https:\/\/dicodusport.fr\/blog\/biathlon-summer-tour-julia-simon-et-eric-perrot-champions-de-france-du-sprint-court\/","title":{"rendered":"Biathlon Summer Tour : Julia Simon et \u00c9ric Perrot champions de France du sprint court"},"content":{"rendered":"<p style=\"text-align: justify;\"><b><i>BIATHLON SUMMER TOUR 2022 &#8211; Ce samedi matin, au stade des Tuffes \u00e0 Pr\u00e9manon (Jura), Julia Simon et \u00c9ric Perrot ont rafl\u00e9 le titre national du sprint court. Perrot a notamment devanc\u00e9 Quentin Fillon Maillet, le vainqueur du gros globe de la Coupe du monde la saison pass\u00e9e.<\/i><\/b><\/p>\n<p style=\"text-align: justify;\">L&rsquo;an dernier aux Plans d&rsquo;Hotonnes (Ain), <a href=\"https:\/\/dicodusport.fr\/blog\/biathlon-summer-tour-julia-simon-championne-de-france-de-sprint-court\/\"><strong>Julia Simon<\/strong> avait remport\u00e9 le titre national du sprint court<\/a>, lors de la 1\u00e8re \u00e9tape du Summer Tour. Bis repetita en 2022 pour la Savoyarde, qui a conserv\u00e9 sa couronne ce samedi, \u00e0 Pr\u00e9manon (Jura). Dans des conditions loin d&rsquo;\u00eatre faciles et une piste d\u00e9tremp\u00e9e, <strong>Julia Simon<\/strong> est parvenue \u00e0 r\u00e9aliser le sans-faute au tir, avec le meilleur temps de ski-roues en prime. Derri\u00e8re elle, la concurrence est loin. Ana\u00efs Chevalier-Bouchet (9\/10 au tir), termine \u00e0 47 secondes de la laur\u00e9ate du jour. Troisi\u00e8me, la p\u00e9pite <strong>Lou Jeanmonnot<\/strong> compl\u00e8te le podium, avec \u00e9galement une erreur derri\u00e8re la carabine, et un d\u00e9bours de 57 secondes \u00e0 l&rsquo;arriv\u00e9e.<\/p>\n<p style=\"text-align: justify;\">Chez les U22, le titre est revenu \u00e0 <strong>Jeanne Richard<\/strong>. Quatri\u00e8me du scratch \u00e0 1:08 de<strong> Julia Simon<\/strong> avec un 9\/10 face aux cibles, la biathl\u00e8te de 20 ans confirme ses progr\u00e8s. Chez les U19, c&rsquo;est <strong>Ana\u00eblle Bondoux<\/strong> qui d\u00e9croche la timbale, malgr\u00e9 quatre erreurs au tir, pour le 8\u00e8me temps au scratch.<\/p>\n<blockquote class=\"twitter-tweet\">\n<p dir=\"ltr\" lang=\"fr\">Julia Simon championne de France 2022 de Sprint court \u00e0 Pr\u00e9manon &#x1f1eb;&#x1f1f7;<br \/>\nLa tricolore s\u2019impose devant Ana\u00efs Chevalier Bouchet et Lou Jeanmonnot.<\/p>\n<p>&#x1f4f8; Nordic Focus <a href=\"https:\/\/t.co\/CiwEw9IUiW\">pic.twitter.com\/CiwEw9IUiW<\/a><\/p>\n<p>\u2014 FFS &#8211; F\u00e9d\u00e9ration Fran\u00e7aise de Ski (@FedFranceSki) <a href=\"https:\/\/twitter.com\/FedFranceSki\/status\/1573602836876754945?ref_src=twsrc%5Etfw\">September 24, 2022<\/a><\/p><\/blockquote>\n<p><script async src=\"https:\/\/platform.twitter.com\/widgets.js\" charset=\"utf-8\"><\/script><\/p>\n<h2 style=\"text-align: justify;\">Perrot dame le pion \u00e0 Fillon Maillet<\/h2>\n<p style=\"text-align: justify;\">Du c\u00f4t\u00e9 des messieurs, la surprise est venue d&rsquo;<strong>\u00c9ric Perrot<\/strong>. Le jeune savoyard de 21 ans a d\u00e9croch\u00e9 le titre au scratch et chez les U22. Avec un 8\/10 au tir (1-1), Perrot a devanc\u00e9 un certain <strong>Quentin Fillon Maillet<\/strong>. Le Jurassien, triple champion de France en titre de la sp\u00e9cialit\u00e9, a commis une erreur de plus que son cadet (7\/10, 2-1). Un peu plus rapide sur les skis, cela n&rsquo;a pas \u00e9t\u00e9 suffisant pour combler son retour sur l&rsquo;homme du jour, avec au final, un d\u00e9bours de 14,3 secondes sur la ligne d&rsquo;arriv\u00e9e.<\/p>\n<p style=\"text-align: justify;\">Troisi\u00e8me avec 4 fautes (3-1), <strong>Fabien Claude<\/strong> compl\u00e8te le podium du scratch, \u00e0 43 secondes. Quatri\u00e8me avec un 8\/10 mais un temps de ski-roues compliqu\u00e9, <strong>\u00c9milien Jacquelin<\/strong> s&#8217;empare de la quatri\u00e8me place, \u00e0 47 secondes de la gagne. Chez les U19, le titre revient \u00e0 Martin Botet, avec un 8\/10 et le 16\u00e8me temps du scratch.<\/p>\n<blockquote class=\"twitter-tweet\">\n<p dir=\"ltr\" lang=\"fr\">Eric Perrot s\u2019impose devant Quentin Fillon-Maillet et Fabien Claude, et s\u2019adjuge le titre de champion de France &#8211; Troph\u00e9e <a href=\"https:\/\/twitter.com\/Caisse_Epargne?ref_src=twsrc%5Etfw\">@Caisse_Epargne<\/a> en sprint court ! &#x1f44a;&#x1f3fb; <a href=\"https:\/\/t.co\/V7W5VV3vED\">pic.twitter.com\/V7W5VV3vED<\/a><\/p>\n<p>\u2014 FFS &#8211; F\u00e9d\u00e9ration Fran\u00e7aise de Ski (@FedFranceSki) <a href=\"https:\/\/twitter.com\/FedFranceSki\/status\/1573632214889283584?ref_src=twsrc%5Etfw\">September 24, 2022<\/a><\/p><\/blockquote>\n<p><script async src=\"https:\/\/platform.twitter.com\/widgets.js\" charset=\"utf-8\"><\/script><\/p>\n<p>&nbsp;<\/p>\n","protected":false},"excerpt":{"rendered":"<p>BIATHLON SUMMER TOUR 2022 &#8211; Ce samedi matin, au stade des Tuffes \u00e0 Pr\u00e9manon (Jura), Julia Simon et \u00c9ric Perrot ont rafl\u00e9 le titre national du sprint court. Perrot a notamment devanc\u00e9 Quentin Fillon Maillet, le vainqueur du gros globe de la Coupe du monde la saison pass\u00e9e.<\/p>\n","protected":false},"author":4,"featured_media":264628,"comment_status":"open","ping_status":"closed","sticky":false,"template":"","format":"standard","meta":{"_acf_changed":false,"_daextam_enable_autolinks":"","footnotes":""},"categories":[2426],"tags":[2427,26838,15233,6893],"class_list":["post-264626","post","type-post","status-publish","format-standard","has-post-thumbnail","hentry","category-biathlon","tag-biathlon","tag-biathlon-summer-tour","tag-eric-perrot","tag-julia-simon"],"acf":[],"yoast_head":"<!-- This site is optimized with the Yoast SEO Premium plugin v26.7 (Yoast SEO v26.7) - https:\/\/yoast.com\/wordpress\/plugins\/seo\/ -->\n<title>Biathlon Summer Tour : Julia Simon et \u00c9ric Perrot champions de France du sprint court<\/title>\n<meta name=\"description\" content=\"BIATHLON SUMMER TOUR 2022 - Ce samedi matin, \u00e0 Pr\u00e9manon (Jura), Julia Simon et \u00c9ric Perrot ont rafl\u00e9 le titre national du sprint court.\" \/>\n<meta name=\"robots\" content=\"index, follow, max-snippet:-1, max-image-preview:large, max-video-preview:-1\" \/>\n<link rel=\"canonical\" href=\"https:\/\/dicodusport.fr\/blog\/biathlon-summer-tour-julia-simon-et-eric-perrot-champions-de-france-du-sprint-court\/\" \/>\n<meta property=\"og:locale\" content=\"fr_FR\" \/>\n<meta property=\"og:type\" content=\"article\" \/>\n<meta property=\"og:title\" content=\"Biathlon Summer Tour : Julia Simon et \u00c9ric Perrot champions de France du sprint court\" \/>\n<meta property=\"og:description\" content=\"BIATHLON SUMMER TOUR 2022 - Ce samedi matin, \u00e0 Pr\u00e9manon (Jura), Julia Simon et \u00c9ric Perrot ont rafl\u00e9 le titre national du sprint court.\" \/>\n<meta property=\"og:url\" content=\"https:\/\/dicodusport.fr\/blog\/biathlon-summer-tour-julia-simon-et-eric-perrot-champions-de-france-du-sprint-court\/\" \/>\n<meta property=\"og:site_name\" content=\"Dicodusport\" \/>\n<meta property=\"article:publisher\" content=\"https:\/\/www.facebook.com\/dicodusport\" \/>\n<meta property=\"article:author\" content=\"https:\/\/www.facebook.com\/florent.ostermann\" \/>\n<meta property=\"article:published_time\" content=\"2022-09-24T11:34:20+00:00\" \/>\n<meta property=\"article:modified_time\" content=\"2022-09-24T13:10:00+00:00\" \/>\n<meta property=\"og:image\" content=\"https:\/\/dicodusport.fr\/blog\/wp-content\/uploads\/2022\/09\/Biathlon-Summer-Tour-Julia-Simon-et-Eric-Perrot-champions-de-France-du-sprint-court.png\" \/>\n\t<meta property=\"og:image:width\" content=\"800\" \/>\n\t<meta property=\"og:image:height\" content=\"445\" \/>\n\t<meta property=\"og:image:type\" content=\"image\/png\" \/>\n<meta name=\"author\" content=\"Flo Ostermann\" \/>\n<meta name=\"twitter:card\" content=\"summary_large_image\" \/>\n<meta name=\"twitter:title\" content=\"Biathlon Summer Tour : Julia Simon et \u00c9ric Perrot champions de France du sprint court\" \/>\n<meta name=\"twitter:creator\" content=\"@https:\/\/twitter.com\/FlOstermann\" \/>\n<meta name=\"twitter:site\" content=\"@dicodusport\" \/>\n<script type=\"application\/ld+json\" class=\"yoast-schema-graph\">{\"@context\":\"https:\/\/schema.org\",\"@graph\":[{\"@type\":\"NewsArticle\",\"@id\":\"https:\/\/dicodusport.fr\/blog\/biathlon-summer-tour-julia-simon-et-eric-perrot-champions-de-france-du-sprint-court\/#article\",\"isPartOf\":{\"@id\":\"https:\/\/dicodusport.fr\/blog\/biathlon-summer-tour-julia-simon-et-eric-perrot-champions-de-france-du-sprint-court\/\"},\"author\":{\"name\":\"Flo Ostermann\",\"@id\":\"https:\/\/dicodusport.fr\/blog\/#\/schema\/person\/cb02af4c173ce4a653b55e9baf388d4a\"},\"headline\":\"Biathlon Summer Tour : Julia Simon et \u00c9ric Perrot champions de France du sprint court\",\"datePublished\":\"2022-09-24T11:34:20+00:00\",\"dateModified\":\"2022-09-24T13:10:00+00:00\",\"mainEntityOfPage\":{\"@id\":\"https:\/\/dicodusport.fr\/blog\/biathlon-summer-tour-julia-simon-et-eric-perrot-champions-de-france-du-sprint-court\/\"},\"wordCount\":496,\"commentCount\":0,\"publisher\":{\"@id\":\"https:\/\/dicodusport.fr\/blog\/#organization\"},\"image\":{\"@id\":\"https:\/\/dicodusport.fr\/blog\/biathlon-summer-tour-julia-simon-et-eric-perrot-champions-de-france-du-sprint-court\/#primaryimage\"},\"thumbnailUrl\":\"https:\/\/dicodusport.fr\/blog\/wp-content\/uploads\/2022\/09\/Biathlon-Summer-Tour-Julia-Simon-et-Eric-Perrot-champions-de-France-du-sprint-court.png\",\"keywords\":[\"Biathlon\",\"Biathlon Summer Tour\",\"Eric Perrot\",\"Julia Simon\"],\"articleSection\":[\"Biathlon\"],\"inLanguage\":\"fr-FR\",\"potentialAction\":[{\"@type\":\"CommentAction\",\"name\":\"Comment\",\"target\":[\"https:\/\/dicodusport.fr\/blog\/biathlon-summer-tour-julia-simon-et-eric-perrot-champions-de-france-du-sprint-court\/#respond\"]}],\"copyrightYear\":\"2022\",\"copyrightHolder\":{\"@id\":\"https:\/\/dicodusport.fr\/blog\/#organization\"}},{\"@type\":\"WebPage\",\"@id\":\"https:\/\/dicodusport.fr\/blog\/biathlon-summer-tour-julia-simon-et-eric-perrot-champions-de-france-du-sprint-court\/\",\"url\":\"https:\/\/dicodusport.fr\/blog\/biathlon-summer-tour-julia-simon-et-eric-perrot-champions-de-france-du-sprint-court\/\",\"name\":\"Biathlon Summer Tour : Julia Simon et \u00c9ric Perrot champions de France du sprint court\",\"isPartOf\":{\"@id\":\"https:\/\/dicodusport.fr\/blog\/#website\"},\"primaryImageOfPage\":{\"@id\":\"https:\/\/dicodusport.fr\/blog\/biathlon-summer-tour-julia-simon-et-eric-perrot-champions-de-france-du-sprint-court\/#primaryimage\"},\"image\":{\"@id\":\"https:\/\/dicodusport.fr\/blog\/biathlon-summer-tour-julia-simon-et-eric-perrot-champions-de-france-du-sprint-court\/#primaryimage\"},\"thumbnailUrl\":\"https:\/\/dicodusport.fr\/blog\/wp-content\/uploads\/2022\/09\/Biathlon-Summer-Tour-Julia-Simon-et-Eric-Perrot-champions-de-France-du-sprint-court.png\",\"datePublished\":\"2022-09-24T11:34:20+00:00\",\"dateModified\":\"2022-09-24T13:10:00+00:00\",\"description\":\"BIATHLON SUMMER TOUR 2022 - Ce samedi matin, \u00e0 Pr\u00e9manon (Jura), Julia Simon et \u00c9ric Perrot ont rafl\u00e9 le titre national du sprint court.\",\"breadcrumb\":{\"@id\":\"https:\/\/dicodusport.fr\/blog\/biathlon-summer-tour-julia-simon-et-eric-perrot-champions-de-france-du-sprint-court\/#breadcrumb\"},\"inLanguage\":\"fr-FR\",\"potentialAction\":[{\"@type\":\"ReadAction\",\"target\":[\"https:\/\/dicodusport.fr\/blog\/biathlon-summer-tour-julia-simon-et-eric-perrot-champions-de-france-du-sprint-court\/\"]}]},{\"@type\":\"ImageObject\",\"inLanguage\":\"fr-FR\",\"@id\":\"https:\/\/dicodusport.fr\/blog\/biathlon-summer-tour-julia-simon-et-eric-perrot-champions-de-france-du-sprint-court\/#primaryimage\",\"url\":\"https:\/\/dicodusport.fr\/blog\/wp-content\/uploads\/2022\/09\/Biathlon-Summer-Tour-Julia-Simon-et-Eric-Perrot-champions-de-France-du-sprint-court.png\",\"contentUrl\":\"https:\/\/dicodusport.fr\/blog\/wp-content\/uploads\/2022\/09\/Biathlon-Summer-Tour-Julia-Simon-et-Eric-Perrot-champions-de-France-du-sprint-court.png\",\"width\":800,\"height\":445,\"caption\":\"Biathlon Summer Tour Julia Simon et \u00c9ric Perrot champions de France du sprint court\"},{\"@type\":\"BreadcrumbList\",\"@id\":\"https:\/\/dicodusport.fr\/blog\/biathlon-summer-tour-julia-simon-et-eric-perrot-champions-de-france-du-sprint-court\/#breadcrumb\",\"itemListElement\":[{\"@type\":\"ListItem\",\"position\":1,\"name\":\"Accueil\",\"item\":\"https:\/\/dicodusport.fr\/blog\/\"},{\"@type\":\"ListItem\",\"position\":2,\"name\":\"Biathlon Summer Tour : Julia Simon et \u00c9ric Perrot champions de France du sprint court\"}]},{\"@type\":\"WebSite\",\"@id\":\"https:\/\/dicodusport.fr\/blog\/#website\",\"url\":\"https:\/\/dicodusport.fr\/blog\/\",\"name\":\"Dicodusport\",\"description\":\"L&#039;encyclop\u00e9die de l&#039;actualit\u00e9 sportive\",\"publisher\":{\"@id\":\"https:\/\/dicodusport.fr\/blog\/#organization\"},\"potentialAction\":[{\"@type\":\"SearchAction\",\"target\":{\"@type\":\"EntryPoint\",\"urlTemplate\":\"https:\/\/dicodusport.fr\/blog\/?s={search_term_string}\"},\"query-input\":{\"@type\":\"PropertyValueSpecification\",\"valueRequired\":true,\"valueName\":\"search_term_string\"}}],\"inLanguage\":\"fr-FR\"},{\"@type\":\"NewsMediaOrganization\",\"@id\":\"https:\/\/dicodusport.fr\/blog\/#organization\",\"name\":\"Dicodusport\",\"url\":\"https:\/\/dicodusport.fr\/blog\/\",\"logo\":{\"@type\":\"ImageObject\",\"inLanguage\":\"fr-FR\",\"@id\":\"https:\/\/dicodusport.fr\/blog\/#\/schema\/logo\/image\/\",\"url\":\"https:\/\/dicodusport.fr\/blog\/wp-content\/uploads\/2020\/06\/cropped-LOGO-DICODUSPORT-2020-SANS-FOND-SANS-TEXTE.png\",\"contentUrl\":\"https:\/\/dicodusport.fr\/blog\/wp-content\/uploads\/2020\/06\/cropped-LOGO-DICODUSPORT-2020-SANS-FOND-SANS-TEXTE.png\",\"width\":512,\"height\":512,\"caption\":\"Dicodusport\"},\"image\":{\"@id\":\"https:\/\/dicodusport.fr\/blog\/#\/schema\/logo\/image\/\"},\"sameAs\":[\"https:\/\/www.facebook.com\/dicodusport\",\"https:\/\/x.com\/dicodusport\",\"https:\/\/www.instagram.com\/dicodusport\/\",\"https:\/\/www.youtube.com\/channel\/UC7V2KZ5sd3htJivAbA4ZG3w\"],\"description\":\"Dicodusport est l'encyclop\u00e9die de l'actualit\u00e9 sportive.\",\"email\":\"bonjour@dicodusport.fr\",\"legalName\":\"DICODUSPORT\",\"foundingDate\":\"2018-01-14\",\"vatID\":\"FR71834470973\",\"taxID\":\"83447097300043\",\"numberOfEmployees\":{\"@type\":\"QuantitativeValue\",\"minValue\":\"1\",\"maxValue\":\"10\"}},{\"@type\":\"Person\",\"@id\":\"https:\/\/dicodusport.fr\/blog\/#\/schema\/person\/cb02af4c173ce4a653b55e9baf388d4a\",\"name\":\"Flo Ostermann\",\"image\":{\"@type\":\"ImageObject\",\"inLanguage\":\"fr-FR\",\"@id\":\"https:\/\/dicodusport.fr\/blog\/#\/schema\/person\/image\/\",\"url\":\"https:\/\/dicodusport.fr\/blog\/wp-content\/uploads\/2021\/05\/Flo-Ostermann-150x150.jpg\",\"contentUrl\":\"https:\/\/dicodusport.fr\/blog\/wp-content\/uploads\/2021\/05\/Flo-Ostermann-150x150.jpg\",\"caption\":\"Flo Ostermann\"},\"description\":\"Journaliste\/R\u00e9dacteur depuis septembre 2015 - Mes premiers souvenirs dans le sport ? Les envol\u00e9es du Stade Toulousain et les duels Villeneuve-Schumacher et H\u00e4kkinen-Schumacher \u00e0 la fin des ann\u00e9es 90, la Coupe du monde de football en 1998, l\u2019exploit du XV de France face aux All Blacks en 1999, mais aussi Richard C\u0153ur de Lion qui vole sur les montagnes du Tour de France. Bien parti pour devenir professeur d\u2019EPS, les \u00e9v\u00e9nements de la vie (et la flemme d\u2019animer des s\u00e9ances de 3x500 m\u00e8tres toute ma vie) m\u2019ont conduit \u00e0 revoir mes plans. Me voil\u00e0 depuis fin 2017 sur Dicodusport, m\u00e9dia gr\u00e2ce (et pour) lequel je partage ma passion : le sport dans tous ses \u00e9tats. Le tout accompagn\u00e9 par les fous furieux et folles furieuses cit\u00e9s sur cette page !\",\"sameAs\":[\"https:\/\/www.facebook.com\/florent.ostermann\",\"https:\/\/x.com\/https:\/\/twitter.com\/FlOstermann\",\"admin\"],\"url\":\"https:\/\/dicodusport.fr\/blog\/author\/flo\/\"}]}<\/script>\n<!-- \/ Yoast SEO Premium plugin. -->","yoast_head_json":{"title":"Biathlon Summer Tour : Julia Simon et \u00c9ric Perrot champions de France du sprint court","description":"BIATHLON SUMMER TOUR 2022 - Ce samedi matin, \u00e0 Pr\u00e9manon (Jura), Julia Simon et \u00c9ric Perrot ont rafl\u00e9 le titre national du sprint court.","robots":{"index":"index","follow":"follow","max-snippet":"max-snippet:-1","max-image-preview":"max-image-preview:large","max-video-preview":"max-video-preview:-1"},"canonical":"https:\/\/dicodusport.fr\/blog\/biathlon-summer-tour-julia-simon-et-eric-perrot-champions-de-france-du-sprint-court\/","og_locale":"fr_FR","og_type":"article","og_title":"Biathlon Summer Tour : Julia Simon et \u00c9ric Perrot champions de France du sprint court","og_description":"BIATHLON SUMMER TOUR 2022 - Ce samedi matin, \u00e0 Pr\u00e9manon (Jura), Julia Simon et \u00c9ric Perrot ont rafl\u00e9 le titre national du sprint court.","og_url":"https:\/\/dicodusport.fr\/blog\/biathlon-summer-tour-julia-simon-et-eric-perrot-champions-de-france-du-sprint-court\/","og_site_name":"Dicodusport","article_publisher":"https:\/\/www.facebook.com\/dicodusport","article_author":"https:\/\/www.facebook.com\/florent.ostermann","article_published_time":"2022-09-24T11:34:20+00:00","article_modified_time":"2022-09-24T13:10:00+00:00","og_image":[{"width":800,"height":445,"url":"https:\/\/dicodusport.fr\/blog\/wp-content\/uploads\/2022\/09\/Biathlon-Summer-Tour-Julia-Simon-et-Eric-Perrot-champions-de-France-du-sprint-court.png","type":"image\/png"}],"author":"Flo Ostermann","twitter_card":"summary_large_image","twitter_title":"Biathlon Summer Tour : Julia Simon et \u00c9ric Perrot champions de France du sprint court","twitter_creator":"@https:\/\/twitter.com\/FlOstermann","twitter_site":"@dicodusport","schema":{"@context":"https:\/\/schema.org","@graph":[{"@type":"NewsArticle","@id":"https:\/\/dicodusport.fr\/blog\/biathlon-summer-tour-julia-simon-et-eric-perrot-champions-de-france-du-sprint-court\/#article","isPartOf":{"@id":"https:\/\/dicodusport.fr\/blog\/biathlon-summer-tour-julia-simon-et-eric-perrot-champions-de-france-du-sprint-court\/"},"author":{"name":"Flo Ostermann","@id":"https:\/\/dicodusport.fr\/blog\/#\/schema\/person\/cb02af4c173ce4a653b55e9baf388d4a"},"headline":"Biathlon Summer Tour : Julia Simon et \u00c9ric Perrot champions de France du sprint court","datePublished":"2022-09-24T11:34:20+00:00","dateModified":"2022-09-24T13:10:00+00:00","mainEntityOfPage":{"@id":"https:\/\/dicodusport.fr\/blog\/biathlon-summer-tour-julia-simon-et-eric-perrot-champions-de-france-du-sprint-court\/"},"wordCount":496,"commentCount":0,"publisher":{"@id":"https:\/\/dicodusport.fr\/blog\/#organization"},"image":{"@id":"https:\/\/dicodusport.fr\/blog\/biathlon-summer-tour-julia-simon-et-eric-perrot-champions-de-france-du-sprint-court\/#primaryimage"},"thumbnailUrl":"https:\/\/dicodusport.fr\/blog\/wp-content\/uploads\/2022\/09\/Biathlon-Summer-Tour-Julia-Simon-et-Eric-Perrot-champions-de-France-du-sprint-court.png","keywords":["Biathlon","Biathlon Summer Tour","Eric Perrot","Julia Simon"],"articleSection":["Biathlon"],"inLanguage":"fr-FR","potentialAction":[{"@type":"CommentAction","name":"Comment","target":["https:\/\/dicodusport.fr\/blog\/biathlon-summer-tour-julia-simon-et-eric-perrot-champions-de-france-du-sprint-court\/#respond"]}],"copyrightYear":"2022","copyrightHolder":{"@id":"https:\/\/dicodusport.fr\/blog\/#organization"}},{"@type":"WebPage","@id":"https:\/\/dicodusport.fr\/blog\/biathlon-summer-tour-julia-simon-et-eric-perrot-champions-de-france-du-sprint-court\/","url":"https:\/\/dicodusport.fr\/blog\/biathlon-summer-tour-julia-simon-et-eric-perrot-champions-de-france-du-sprint-court\/","name":"Biathlon Summer Tour : Julia Simon et \u00c9ric Perrot champions de France du sprint court","isPartOf":{"@id":"https:\/\/dicodusport.fr\/blog\/#website"},"primaryImageOfPage":{"@id":"https:\/\/dicodusport.fr\/blog\/biathlon-summer-tour-julia-simon-et-eric-perrot-champions-de-france-du-sprint-court\/#primaryimage"},"image":{"@id":"https:\/\/dicodusport.fr\/blog\/biathlon-summer-tour-julia-simon-et-eric-perrot-champions-de-france-du-sprint-court\/#primaryimage"},"thumbnailUrl":"https:\/\/dicodusport.fr\/blog\/wp-content\/uploads\/2022\/09\/Biathlon-Summer-Tour-Julia-Simon-et-Eric-Perrot-champions-de-France-du-sprint-court.png","datePublished":"2022-09-24T11:34:20+00:00","dateModified":"2022-09-24T13:10:00+00:00","description":"BIATHLON SUMMER TOUR 2022 - Ce samedi matin, \u00e0 Pr\u00e9manon (Jura), Julia Simon et \u00c9ric Perrot ont rafl\u00e9 le titre national du sprint court.","breadcrumb":{"@id":"https:\/\/dicodusport.fr\/blog\/biathlon-summer-tour-julia-simon-et-eric-perrot-champions-de-france-du-sprint-court\/#breadcrumb"},"inLanguage":"fr-FR","potentialAction":[{"@type":"ReadAction","target":["https:\/\/dicodusport.fr\/blog\/biathlon-summer-tour-julia-simon-et-eric-perrot-champions-de-france-du-sprint-court\/"]}]},{"@type":"ImageObject","inLanguage":"fr-FR","@id":"https:\/\/dicodusport.fr\/blog\/biathlon-summer-tour-julia-simon-et-eric-perrot-champions-de-france-du-sprint-court\/#primaryimage","url":"https:\/\/dicodusport.fr\/blog\/wp-content\/uploads\/2022\/09\/Biathlon-Summer-Tour-Julia-Simon-et-Eric-Perrot-champions-de-France-du-sprint-court.png","contentUrl":"https:\/\/dicodusport.fr\/blog\/wp-content\/uploads\/2022\/09\/Biathlon-Summer-Tour-Julia-Simon-et-Eric-Perrot-champions-de-France-du-sprint-court.png","width":800,"height":445,"caption":"Biathlon Summer Tour Julia Simon et \u00c9ric Perrot champions de France du sprint court"},{"@type":"BreadcrumbList","@id":"https:\/\/dicodusport.fr\/blog\/biathlon-summer-tour-julia-simon-et-eric-perrot-champions-de-france-du-sprint-court\/#breadcrumb","itemListElement":[{"@type":"ListItem","position":1,"name":"Accueil","item":"https:\/\/dicodusport.fr\/blog\/"},{"@type":"ListItem","position":2,"name":"Biathlon Summer Tour : Julia Simon et \u00c9ric Perrot champions de France du sprint court"}]},{"@type":"WebSite","@id":"https:\/\/dicodusport.fr\/blog\/#website","url":"https:\/\/dicodusport.fr\/blog\/","name":"Dicodusport","description":"L&#039;encyclop\u00e9die de l&#039;actualit\u00e9 sportive","publisher":{"@id":"https:\/\/dicodusport.fr\/blog\/#organization"},"potentialAction":[{"@type":"SearchAction","target":{"@type":"EntryPoint","urlTemplate":"https:\/\/dicodusport.fr\/blog\/?s={search_term_string}"},"query-input":{"@type":"PropertyValueSpecification","valueRequired":true,"valueName":"search_term_string"}}],"inLanguage":"fr-FR"},{"@type":"NewsMediaOrganization","@id":"https:\/\/dicodusport.fr\/blog\/#organization","name":"Dicodusport","url":"https:\/\/dicodusport.fr\/blog\/","logo":{"@type":"ImageObject","inLanguage":"fr-FR","@id":"https:\/\/dicodusport.fr\/blog\/#\/schema\/logo\/image\/","url":"https:\/\/dicodusport.fr\/blog\/wp-content\/uploads\/2020\/06\/cropped-LOGO-DICODUSPORT-2020-SANS-FOND-SANS-TEXTE.png","contentUrl":"https:\/\/dicodusport.fr\/blog\/wp-content\/uploads\/2020\/06\/cropped-LOGO-DICODUSPORT-2020-SANS-FOND-SANS-TEXTE.png","width":512,"height":512,"caption":"Dicodusport"},"image":{"@id":"https:\/\/dicodusport.fr\/blog\/#\/schema\/logo\/image\/"},"sameAs":["https:\/\/www.facebook.com\/dicodusport","https:\/\/x.com\/dicodusport","https:\/\/www.instagram.com\/dicodusport\/","https:\/\/www.youtube.com\/channel\/UC7V2KZ5sd3htJivAbA4ZG3w"],"description":"Dicodusport est l'encyclop\u00e9die de l'actualit\u00e9 sportive.","email":"bonjour@dicodusport.fr","legalName":"DICODUSPORT","foundingDate":"2018-01-14","vatID":"FR71834470973","taxID":"83447097300043","numberOfEmployees":{"@type":"QuantitativeValue","minValue":"1","maxValue":"10"}},{"@type":"Person","@id":"https:\/\/dicodusport.fr\/blog\/#\/schema\/person\/cb02af4c173ce4a653b55e9baf388d4a","name":"Flo Ostermann","image":{"@type":"ImageObject","inLanguage":"fr-FR","@id":"https:\/\/dicodusport.fr\/blog\/#\/schema\/person\/image\/","url":"https:\/\/dicodusport.fr\/blog\/wp-content\/uploads\/2021\/05\/Flo-Ostermann-150x150.jpg","contentUrl":"https:\/\/dicodusport.fr\/blog\/wp-content\/uploads\/2021\/05\/Flo-Ostermann-150x150.jpg","caption":"Flo Ostermann"},"description":"Journaliste\/R\u00e9dacteur depuis septembre 2015 - Mes premiers souvenirs dans le sport ? Les envol\u00e9es du Stade Toulousain et les duels Villeneuve-Schumacher et H\u00e4kkinen-Schumacher \u00e0 la fin des ann\u00e9es 90, la Coupe du monde de football en 1998, l\u2019exploit du XV de France face aux All Blacks en 1999, mais aussi Richard C\u0153ur de Lion qui vole sur les montagnes du Tour de France. Bien parti pour devenir professeur d\u2019EPS, les \u00e9v\u00e9nements de la vie (et la flemme d\u2019animer des s\u00e9ances de 3x500 m\u00e8tres toute ma vie) m\u2019ont conduit \u00e0 revoir mes plans. Me voil\u00e0 depuis fin 2017 sur Dicodusport, m\u00e9dia gr\u00e2ce (et pour) lequel je partage ma passion : le sport dans tous ses \u00e9tats. Le tout accompagn\u00e9 par les fous furieux et folles furieuses cit\u00e9s sur cette page !","sameAs":["https:\/\/www.facebook.com\/florent.ostermann","https:\/\/x.com\/https:\/\/twitter.com\/FlOstermann","admin"],"url":"https:\/\/dicodusport.fr\/blog\/author\/flo\/"}]}},"_links":{"self":[{"href":"https:\/\/dicodusport.fr\/blog\/wp-json\/wp\/v2\/posts\/264626","targetHints":{"allow":["GET"]}}],"collection":[{"href":"https:\/\/dicodusport.fr\/blog\/wp-json\/wp\/v2\/posts"}],"about":[{"href":"https:\/\/dicodusport.fr\/blog\/wp-json\/wp\/v2\/types\/post"}],"author":[{"embeddable":true,"href":"https:\/\/dicodusport.fr\/blog\/wp-json\/wp\/v2\/users\/4"}],"replies":[{"embeddable":true,"href":"https:\/\/dicodusport.fr\/blog\/wp-json\/wp\/v2\/comments?post=264626"}],"version-history":[{"count":0,"href":"https:\/\/dicodusport.fr\/blog\/wp-json\/wp\/v2\/posts\/264626\/revisions"}],"wp:featuredmedia":[{"embeddable":true,"href":"https:\/\/dicodusport.fr\/blog\/wp-json\/wp\/v2\/media\/264628"}],"wp:attachment":[{"href":"https:\/\/dicodusport.fr\/blog\/wp-json\/wp\/v2\/media?parent=264626"}],"wp:term":[{"taxonomy":"category","embeddable":true,"href":"https:\/\/dicodusport.fr\/blog\/wp-json\/wp\/v2\/categories?post=264626"},{"taxonomy":"post_tag","embeddable":true,"href":"https:\/\/dicodusport.fr\/blog\/wp-json\/wp\/v2\/tags?post=264626"}],"curies":[{"name":"wp","href":"https:\/\/api.w.org\/{rel}","templated":true}]}}