{"id":264634,"date":"2022-09-25T06:46:59","date_gmt":"2022-09-25T04:46:59","guid":{"rendered":"https:\/\/dicodusport.fr\/blog\/?p=264634&#038;preview=true&#038;preview_id=264634"},"modified":"2022-09-25T06:55:20","modified_gmt":"2022-09-25T04:55:20","slug":"laver-cup-2022-la-team-europe-senvole","status":"publish","type":"post","link":"https:\/\/dicodusport.fr\/blog\/laver-cup-2022-la-team-europe-senvole\/","title":{"rendered":"Laver Cup 2022 : La Team Europe s&rsquo;envole"},"content":{"rendered":"<p style=\"text-align: justify;\"><strong><em><a title=\"Laver Cup 2022 : programme et r\u00e9sultats\" href=\"https:\/\/dicodusport.fr\/blog\/laver-cup-2022-programme-et-resultats\/\" target=\"_blank\" rel=\"noopener\">LAVER CUP 2022<\/a> &#8211; La Team Europe a acc\u00e9l\u00e9r\u00e9 en fin de journ\u00e9e pour prendre les devants 8-4, men\u00e9e par un Novak Djokovic impressionnant.<br \/>\n<\/em><\/strong><\/p>\n<h2>Berrettini se d\u00e9fait d&rsquo;Auger-Aliassime<\/h2>\n<p style=\"text-align: justify;\">Les deux joueurs se sont affront\u00e9s \u00e0 4 reprises et c&rsquo;est <strong>Matteo Berrettini<\/strong> qui m\u00e8ne (3-1). D&rsquo;ailleurs, ils s&rsquo;\u00e9taient d\u00e9j\u00e0 affront\u00e9s lors de la Laver Cup 2021 et l&rsquo;Italien s&rsquo;\u00e9tait impos\u00e9.<\/p>\n<p style=\"text-align: justify;\">Pas de grosse alerte d&rsquo;un c\u00f4t\u00e9 comme de l&rsquo;autre. <strong>Auger-Aliassime<\/strong> a r\u00e9pondu au jeu blanc de son adversaire pour mener 4-3. Le jeune Canadien parvenait tr\u00e8s bien \u00e0 man\u0153uvrer les points pour \u00eatre dangereux. Mais derri\u00e8re, l&rsquo;Italien sortait toujours une \u00e9norme premi\u00e8re balle pour s&rsquo;en sortir notamment avec des services au corps.<\/p>\n<p style=\"text-align: justify;\">Le premier set s&rsquo;est jou\u00e9 au <strong>tie-break<\/strong>. Le Canadien a \u00e9t\u00e9 le premier \u00e0 faire un mini-break. Mais une faute directe et une double faute ont donn\u00e9 l&rsquo;avantage \u00e0 Berrettini (3-2), service \u00e0 suivre. Auger-Aliassime a refait son mini-break de retard en tenant l&rsquo;\u00e9change en fond de court. Cette fois, Berrettini a eu une balle de set sur son service mais elle a \u00e9t\u00e9 sauv\u00e9e d&rsquo;un passing du Canadien. Apr\u00e8s un jeu d\u00e9cisif interminable et <strong>6 balles de set<\/strong>, Berrettini a remport\u00e9 la premi\u00e8re manche apr\u00e8s une faute directe en coup droit d&rsquo;Auger-Aliassime alors qu&rsquo;il menait le point.<\/p>\n<p>Reparti \u00e0 l&rsquo;attaque, Auger-Aliassime s&rsquo;est procur\u00e9 2 balles de break et a r\u00e9ussi \u00e0 convertir la premi\u00e8re pour mener 2-1. Il a facilement confirm\u00e9 d&rsquo;un jeu blanc (3-1). Il a ensuite conserv\u00e9 son avantage pour remporter la manche 6-4.<\/p>\n<p style=\"text-align: justify;\">Une nouvelle fois, comme lors de 3\/4 des matchs hier, il y a eu un <strong>super tie-break<\/strong>. Comme dans le premier set, <strong>Auger-Aliassime<\/strong> a d&rsquo;abord craqu\u00e9, d\u00e9bord\u00e9 par Berrettini, avant de r\u00e9aliser une double faute (5-2). Berrettini a l\u00e2ch\u00e9 ses coups, parfois trop, pour laisser de l&rsquo;espoir au Canadien. Il finit tout de m\u00eame par s&rsquo;imposer 7-6[11] 4-6 (10-7). Mieux dans le match \u00e0 chaque fois, Auger-Aliassime aura mal n\u00e9goci\u00e9 les tie-breaks.<\/p>\n<h2>Fritz remet les \u00e9quipes \u00e0 \u00e9galit\u00e9<\/h2>\n<p style=\"text-align: justify;\"><strong>Cameron Norrie <\/strong>vs <strong>Taylor Fritz<\/strong> : \u00e9galit\u00e9 parfaite entre les deux joueurs (5-5). En 2022 dans les tournois par \u00e9quipes, Fritz s&rsquo;\u00e9tait impos\u00e9 en d\u00e9but d&rsquo;ann\u00e9e lors de l&rsquo;ATP Cup avant la victoire il y a quelques jours en Coupe Davis de Norrie.<strong><br \/>\n<\/strong><\/p>\n<p style=\"text-align: justify;\"><strong>Taylor Fritz<\/strong> a d&rsquo;entr\u00e9e de jeu r\u00e9alis\u00e9 le break. Imp\u00e9rial au retour, il a rapidement men\u00e9 3-0. Dans une manche \u00e0 sens unique, <strong>Fritz<\/strong> a remport\u00e9 le set en 23 minutes, sur le service adverse.<\/p>\n<p style=\"text-align: justify;\"><strong>Norrie<\/strong> s&rsquo;est r\u00e9volt\u00e9 d&rsquo;entr\u00e9e de seconde manche, r\u00e9alisant le break. Fritz est parvenu \u00e0 d\u00e9breaker 3 jeux plus tard suite \u00e0 une grossi\u00e8re faute directe en coup droit du Britannique (2-2). Plus tendu, Norrie a commis des erreurs et donn\u00e9 le break \u00e0 Norrie au pire moment (5-4). Malgr\u00e9 un match mal embarqu\u00e9, Norrie est parvenu \u00e0 arracher le super tie-break.<\/p>\n<blockquote class=\"twitter-tweet\">\n<p dir=\"ltr\" lang=\"en\">Fearless Fritz forehands.<a href=\"https:\/\/twitter.com\/hashtag\/LaverCup?src=hash&amp;ref_src=twsrc%5Etfw\">#LaverCup<\/a> | <a href=\"https:\/\/twitter.com\/eurosport?ref_src=twsrc%5Etfw\">@eurosport<\/a> | <a href=\"https:\/\/twitter.com\/Taylor_Fritz97?ref_src=twsrc%5Etfw\">@Taylor_Fritz97<\/a> <a href=\"https:\/\/t.co\/gTrpH8kzvY\">pic.twitter.com\/gTrpH8kzvY<\/a><\/p>\n<p>\u2014 Laver Cup (@LaverCup) <a href=\"https:\/\/twitter.com\/LaverCup\/status\/1573703482430963716?ref_src=twsrc%5Etfw\">September 24, 2022<\/a><\/p><\/blockquote>\n<p><script async src=\"https:\/\/platform.twitter.com\/widgets.js\" charset=\"utf-8\"><\/script><\/p>\n<p style=\"text-align: justify;\">Remobilis\u00e9, <strong>Fritz<\/strong> a fait un double mini-break pour mener 5-2. Mais il a ensuite commis 2 erreurs pour voir Norrie revenir \u00e0 4-5 avant de servir. Les deux tennismen ont tour \u00e0 tour perdu leurs engagements. En d\u00e9fense, il a finalement converti sa premi\u00e8re balle de match sur le service adverse pour s&rsquo;imposer 6-1 4-6 (10-8).<\/p>\n<h2>Novak Djokovic imp\u00e9rial face \u00e0 Frances Tiafoe<\/h2>\n<p style=\"text-align: justify;\">Les deux joueurs se sont affront\u00e9s \u00e0 l&rsquo;Open d&rsquo;Australie l&rsquo;ann\u00e9e derni\u00e8re, pour une victoire du Serbe.<\/p>\n<p style=\"text-align: justify;\">Comme Fritz un peu plus t\u00f4t, <strong>Djokovic<\/strong> n&rsquo;aura eu besoin que de 23 minutes pour remporter le premier set 6-1. Malgr\u00e9 quelques coups d&rsquo;\u00e9clat, <strong>Frances Tiafoe<\/strong> \u00e9tait impuissant face au jeu de Djokovic. Le Serbe a continu\u00e9 de d\u00e9rouler pour tranquillement s&rsquo;imposer en 1h15 6-1 6-3.<\/p>\n<blockquote class=\"twitter-tweet\">\n<p dir=\"ltr\" lang=\"en\">\u00ab\u00a0Such control. It&rsquo;s great to see after so many months.\u00a0\u00bb<\/p>\n<p>Just like the rest of us, Federer is blown away by Djokovic&rsquo;s first-set performance.<a href=\"https:\/\/twitter.com\/hashtag\/LaverCup?src=hash&amp;ref_src=twsrc%5Etfw\">#LaverCup<\/a> <a href=\"https:\/\/t.co\/OD3fANe97T\">pic.twitter.com\/OD3fANe97T<\/a><\/p>\n<p>\u2014 Eurosport (@eurosport) <a href=\"https:\/\/twitter.com\/eurosport\/status\/1573746624807010305?ref_src=twsrc%5Etfw\">September 24, 2022<\/a><\/p><\/blockquote>\n<p><script async src=\"https:\/\/platform.twitter.com\/widgets.js\" charset=\"utf-8\"><\/script><\/p>\n<h2>La Team Europe enfonce le clou<\/h2>\n<p style=\"text-align: justify;\">Peu de r\u00e9pit pour <strong>Novak Djokovic<\/strong>, directement associ\u00e9 \u00e0 <strong>Matteo Berrettini<\/strong> pour affronter <strong>Alex de Minaur<\/strong> et <strong>Jack Sock<\/strong>.<\/p>\n<p style=\"text-align: justify;\">La Team World a mal d\u00e9but\u00e9 en perdant son premier jeu de service et les Europ\u00e9ens ont men\u00e9 3-0. Alors qu&rsquo;ils semblaient se diriger tranquillement vers le gain du premier set, Berrettini a perdu son service apr\u00e8s avoir eu une balle de set et leurs adversaires ont recoll\u00e9 \u00e0 5-4. Bien revenus, de Minaur et Sock ont perdu leur service avant le tie-break : 7-5.<\/p>\n<p style=\"text-align: justify;\">Ensuite, les Europ\u00e9ens n&rsquo;ont eu qu&rsquo;\u00e0 d\u00e9rouler. Ils s&rsquo;imposent sur un deuxi\u00e8me break dans le set : 7-5 6-2. Pas un joli <a href=\"https:\/\/twitter.com\/LaverCup\/status\/1573754715871092737\" target=\"_blank\" rel=\"noopener\">cadeau d&rsquo;anniversaire pour Jack Sock<\/a>&#8230;<\/p>\n<blockquote class=\"twitter-tweet\">\n<p dir=\"ltr\" lang=\"en\">Doubles from the top drawer.<a href=\"https:\/\/twitter.com\/hashtag\/LaverCup?src=hash&amp;ref_src=twsrc%5Etfw\">#LaverCup<\/a> | <a href=\"https:\/\/twitter.com\/eurosport?ref_src=twsrc%5Etfw\">@eurosport<\/a> <a href=\"https:\/\/t.co\/yiMI6KHMfV\">pic.twitter.com\/yiMI6KHMfV<\/a><\/p>\n<p>\u2014 Laver Cup (@LaverCup) <a href=\"https:\/\/twitter.com\/LaverCup\/status\/1573775773399498758?ref_src=twsrc%5Etfw\">September 24, 2022<\/a><\/p><\/blockquote>\n<p><script async src=\"https:\/\/platform.twitter.com\/widgets.js\" charset=\"utf-8\"><\/script><\/p>\n<p style=\"text-align: justify;\">Score final de la journ\u00e9e : <strong>8-4 pour l&rsquo;Europe<\/strong> qui a mis un coup d&rsquo;acc\u00e9l\u00e9rateur en soir\u00e9e. Dimanche, les matchs valent 3 points. Probl\u00e8me, apr\u00e8s le double, Auger-Aliassime fera face \u00e0 Djokovic, qui est impeccable \u00e0 Londres, sans avoir jou\u00e9 de match officiel depuis 3 mois et demi.<\/p>\n","protected":false},"excerpt":{"rendered":"<p>LAVER CUP 2022 &#8211; La Team Europe a acc\u00e9l\u00e9r\u00e9 en fin de journ\u00e9e pour prendre les devants 8-4, men\u00e9e par un Novak Djokovic impressionnant.<\/p>\n","protected":false},"author":12,"featured_media":264778,"comment_status":"open","ping_status":"closed","sticky":false,"template":"","format":"standard","meta":{"_acf_changed":false,"_daextam_enable_autolinks":"","footnotes":""},"categories":[2302],"tags":[4066,4065,19400,3224,22490,136,6647],"class_list":["post-264634","post","type-post","status-publish","format-standard","has-post-thumbnail","hentry","category-tennis","tag-cameron-norrie","tag-felix-auger-aliassime","tag-laver-cup","tag-novak-djokovic","tag-taylor-fritz","tag-tennis","tag-tsitsipas"],"acf":[],"yoast_head":"<!-- This site is optimized with the Yoast SEO Premium plugin v26.7 (Yoast SEO v26.7) - https:\/\/yoast.com\/wordpress\/plugins\/seo\/ -->\n<title>Laver Cup 2022 : La Team Europe s&#039;envole<\/title>\n<meta name=\"description\" content=\"LAVER CUP 2022 - La Team Europe a acc\u00e9l\u00e9r\u00e9 en fin de journ\u00e9e pour prendre les devants 8-4, men\u00e9e par un Novak Djokovic impressionnant.\" \/>\n<meta name=\"robots\" content=\"index, follow, max-snippet:-1, max-image-preview:large, max-video-preview:-1\" \/>\n<link rel=\"canonical\" href=\"https:\/\/dicodusport.fr\/blog\/laver-cup-2022-la-team-europe-senvole\/\" \/>\n<meta property=\"og:locale\" content=\"fr_FR\" \/>\n<meta property=\"og:type\" content=\"article\" \/>\n<meta property=\"og:title\" content=\"Laver Cup 2022 : La Team Europe s&#039;envole\" \/>\n<meta property=\"og:description\" content=\"LAVER CUP 2022 - La Team Europe a acc\u00e9l\u00e9r\u00e9 en fin de journ\u00e9e pour prendre les devants 8-4, men\u00e9e par un Novak Djokovic impressionnant.\" \/>\n<meta property=\"og:url\" content=\"https:\/\/dicodusport.fr\/blog\/laver-cup-2022-la-team-europe-senvole\/\" \/>\n<meta property=\"og:site_name\" content=\"Dicodusport\" \/>\n<meta property=\"article:publisher\" content=\"https:\/\/www.facebook.com\/dicodusport\" \/>\n<meta property=\"article:published_time\" content=\"2022-09-25T04:46:59+00:00\" \/>\n<meta property=\"article:modified_time\" content=\"2022-09-25T04:55:20+00:00\" \/>\n<meta property=\"og:image\" content=\"https:\/\/dicodusport.fr\/blog\/wp-content\/uploads\/2022\/09\/Laver-Cup-2022-La-Team-Europe-senvole.jpg\" \/>\n\t<meta property=\"og:image:width\" content=\"800\" \/>\n\t<meta property=\"og:image:height\" content=\"445\" \/>\n\t<meta property=\"og:image:type\" content=\"image\/jpeg\" \/>\n<meta name=\"author\" content=\"Arlette Yeye\" \/>\n<meta name=\"twitter:card\" content=\"summary_large_image\" \/>\n<meta name=\"twitter:title\" content=\"Laver Cup 2022 : La Team Europe s&#039;envole\" \/>\n<meta name=\"twitter:creator\" content=\"@https:\/\/twitter.com\/Shiclette94\" \/>\n<meta name=\"twitter:site\" content=\"@dicodusport\" \/>\n<script type=\"application\/ld+json\" class=\"yoast-schema-graph\">{\"@context\":\"https:\/\/schema.org\",\"@graph\":[{\"@type\":\"NewsArticle\",\"@id\":\"https:\/\/dicodusport.fr\/blog\/laver-cup-2022-la-team-europe-senvole\/#article\",\"isPartOf\":{\"@id\":\"https:\/\/dicodusport.fr\/blog\/laver-cup-2022-la-team-europe-senvole\/\"},\"author\":{\"name\":\"Arlette Yeye\",\"@id\":\"https:\/\/dicodusport.fr\/blog\/#\/schema\/person\/cce96fa88785bd8573e3d43078ac8c79\"},\"headline\":\"Laver Cup 2022 : La Team Europe s&rsquo;envole\",\"datePublished\":\"2022-09-25T04:46:59+00:00\",\"dateModified\":\"2022-09-25T04:55:20+00:00\",\"mainEntityOfPage\":{\"@id\":\"https:\/\/dicodusport.fr\/blog\/laver-cup-2022-la-team-europe-senvole\/\"},\"wordCount\":890,\"commentCount\":0,\"publisher\":{\"@id\":\"https:\/\/dicodusport.fr\/blog\/#organization\"},\"image\":{\"@id\":\"https:\/\/dicodusport.fr\/blog\/laver-cup-2022-la-team-europe-senvole\/#primaryimage\"},\"thumbnailUrl\":\"https:\/\/dicodusport.fr\/blog\/wp-content\/uploads\/2022\/09\/Laver-Cup-2022-La-Team-Europe-senvole.jpg\",\"keywords\":[\"Cameron Norrie\",\"F\u00e9lix Auger-Aliassime\",\"Laver Cup\",\"Novak Djokovic\",\"Taylor Fritz\",\"Tennis\",\"Tsitsip\u00e1s\"],\"articleSection\":[\"Tennis\"],\"inLanguage\":\"fr-FR\",\"potentialAction\":[{\"@type\":\"CommentAction\",\"name\":\"Comment\",\"target\":[\"https:\/\/dicodusport.fr\/blog\/laver-cup-2022-la-team-europe-senvole\/#respond\"]}],\"copyrightYear\":\"2022\",\"copyrightHolder\":{\"@id\":\"https:\/\/dicodusport.fr\/blog\/#organization\"}},{\"@type\":\"WebPage\",\"@id\":\"https:\/\/dicodusport.fr\/blog\/laver-cup-2022-la-team-europe-senvole\/\",\"url\":\"https:\/\/dicodusport.fr\/blog\/laver-cup-2022-la-team-europe-senvole\/\",\"name\":\"Laver Cup 2022 : La Team Europe s'envole\",\"isPartOf\":{\"@id\":\"https:\/\/dicodusport.fr\/blog\/#website\"},\"primaryImageOfPage\":{\"@id\":\"https:\/\/dicodusport.fr\/blog\/laver-cup-2022-la-team-europe-senvole\/#primaryimage\"},\"image\":{\"@id\":\"https:\/\/dicodusport.fr\/blog\/laver-cup-2022-la-team-europe-senvole\/#primaryimage\"},\"thumbnailUrl\":\"https:\/\/dicodusport.fr\/blog\/wp-content\/uploads\/2022\/09\/Laver-Cup-2022-La-Team-Europe-senvole.jpg\",\"datePublished\":\"2022-09-25T04:46:59+00:00\",\"dateModified\":\"2022-09-25T04:55:20+00:00\",\"description\":\"LAVER CUP 2022 - La Team Europe a acc\u00e9l\u00e9r\u00e9 en fin de journ\u00e9e pour prendre les devants 8-4, men\u00e9e par un Novak Djokovic impressionnant.\",\"breadcrumb\":{\"@id\":\"https:\/\/dicodusport.fr\/blog\/laver-cup-2022-la-team-europe-senvole\/#breadcrumb\"},\"inLanguage\":\"fr-FR\",\"potentialAction\":[{\"@type\":\"ReadAction\",\"target\":[\"https:\/\/dicodusport.fr\/blog\/laver-cup-2022-la-team-europe-senvole\/\"]}]},{\"@type\":\"ImageObject\",\"inLanguage\":\"fr-FR\",\"@id\":\"https:\/\/dicodusport.fr\/blog\/laver-cup-2022-la-team-europe-senvole\/#primaryimage\",\"url\":\"https:\/\/dicodusport.fr\/blog\/wp-content\/uploads\/2022\/09\/Laver-Cup-2022-La-Team-Europe-senvole.jpg\",\"contentUrl\":\"https:\/\/dicodusport.fr\/blog\/wp-content\/uploads\/2022\/09\/Laver-Cup-2022-La-Team-Europe-senvole.jpg\",\"width\":800,\"height\":445,\"caption\":\"Laver Cup 2022 La Team Europe s'envole\"},{\"@type\":\"BreadcrumbList\",\"@id\":\"https:\/\/dicodusport.fr\/blog\/laver-cup-2022-la-team-europe-senvole\/#breadcrumb\",\"itemListElement\":[{\"@type\":\"ListItem\",\"position\":1,\"name\":\"Accueil\",\"item\":\"https:\/\/dicodusport.fr\/blog\/\"},{\"@type\":\"ListItem\",\"position\":2,\"name\":\"Laver Cup 2022 : La Team Europe s&rsquo;envole\"}]},{\"@type\":\"WebSite\",\"@id\":\"https:\/\/dicodusport.fr\/blog\/#website\",\"url\":\"https:\/\/dicodusport.fr\/blog\/\",\"name\":\"Dicodusport\",\"description\":\"L&#039;encyclop\u00e9die de l&#039;actualit\u00e9 sportive\",\"publisher\":{\"@id\":\"https:\/\/dicodusport.fr\/blog\/#organization\"},\"potentialAction\":[{\"@type\":\"SearchAction\",\"target\":{\"@type\":\"EntryPoint\",\"urlTemplate\":\"https:\/\/dicodusport.fr\/blog\/?s={search_term_string}\"},\"query-input\":{\"@type\":\"PropertyValueSpecification\",\"valueRequired\":true,\"valueName\":\"search_term_string\"}}],\"inLanguage\":\"fr-FR\"},{\"@type\":\"NewsMediaOrganization\",\"@id\":\"https:\/\/dicodusport.fr\/blog\/#organization\",\"name\":\"Dicodusport\",\"url\":\"https:\/\/dicodusport.fr\/blog\/\",\"logo\":{\"@type\":\"ImageObject\",\"inLanguage\":\"fr-FR\",\"@id\":\"https:\/\/dicodusport.fr\/blog\/#\/schema\/logo\/image\/\",\"url\":\"https:\/\/dicodusport.fr\/blog\/wp-content\/uploads\/2020\/06\/cropped-LOGO-DICODUSPORT-2020-SANS-FOND-SANS-TEXTE.png\",\"contentUrl\":\"https:\/\/dicodusport.fr\/blog\/wp-content\/uploads\/2020\/06\/cropped-LOGO-DICODUSPORT-2020-SANS-FOND-SANS-TEXTE.png\",\"width\":512,\"height\":512,\"caption\":\"Dicodusport\"},\"image\":{\"@id\":\"https:\/\/dicodusport.fr\/blog\/#\/schema\/logo\/image\/\"},\"sameAs\":[\"https:\/\/www.facebook.com\/dicodusport\",\"https:\/\/x.com\/dicodusport\",\"https:\/\/www.instagram.com\/dicodusport\/\",\"https:\/\/www.youtube.com\/channel\/UC7V2KZ5sd3htJivAbA4ZG3w\"],\"description\":\"Dicodusport est l'encyclop\u00e9die de l'actualit\u00e9 sportive.\",\"email\":\"bonjour@dicodusport.fr\",\"legalName\":\"DICODUSPORT\",\"foundingDate\":\"2018-01-14\",\"vatID\":\"FR71834470973\",\"taxID\":\"83447097300043\",\"numberOfEmployees\":{\"@type\":\"QuantitativeValue\",\"minValue\":\"1\",\"maxValue\":\"10\"}},{\"@type\":\"Person\",\"@id\":\"https:\/\/dicodusport.fr\/blog\/#\/schema\/person\/cce96fa88785bd8573e3d43078ac8c79\",\"name\":\"Arlette Yeye\",\"image\":{\"@type\":\"ImageObject\",\"inLanguage\":\"fr-FR\",\"@id\":\"https:\/\/dicodusport.fr\/blog\/#\/schema\/person\/image\/\",\"url\":\"https:\/\/secure.gravatar.com\/avatar\/dca4a6239e6d708e46c45d60e160de6c?s=96&d=wp_user_avatar&r=g\",\"contentUrl\":\"https:\/\/secure.gravatar.com\/avatar\/dca4a6239e6d708e46c45d60e160de6c?s=96&d=wp_user_avatar&r=g\",\"caption\":\"Arlette Yeye\"},\"description\":\"Journaliste\/r\u00e9dactrice depuis septembre 2015 - Supportrice de Chelsea, j'ai pour sports de pr\u00e9dilection le handball, l'athl\u00e9tisme et le tennis. Si je tweete plus vite que mon ombre, vous pouvez aussi me retrouver les week-ends sur les playgrounds de Bruxelles pour un petit foot ou basket entre potes. Parcourir la France, l'Europe et plus si affinit\u00e9s pour suivre mes sportifs pr\u00e9f\u00e9r\u00e9s ? Mon kif ! Et c'est avec plaisir que je partage les r\u00e9sultats des sports populaires mais \u00e9galement plus confidentiels pour Dicodusport.\",\"sameAs\":[\"https:\/\/x.com\/https:\/\/twitter.com\/Shiclette94\"],\"url\":\"https:\/\/dicodusport.fr\/blog\/author\/arlette\/\"}]}<\/script>\n<!-- \/ Yoast SEO Premium plugin. -->","yoast_head_json":{"title":"Laver Cup 2022 : La Team Europe s'envole","description":"LAVER CUP 2022 - La Team Europe a acc\u00e9l\u00e9r\u00e9 en fin de journ\u00e9e pour prendre les devants 8-4, men\u00e9e par un Novak Djokovic impressionnant.","robots":{"index":"index","follow":"follow","max-snippet":"max-snippet:-1","max-image-preview":"max-image-preview:large","max-video-preview":"max-video-preview:-1"},"canonical":"https:\/\/dicodusport.fr\/blog\/laver-cup-2022-la-team-europe-senvole\/","og_locale":"fr_FR","og_type":"article","og_title":"Laver Cup 2022 : La Team Europe s'envole","og_description":"LAVER CUP 2022 - La Team Europe a acc\u00e9l\u00e9r\u00e9 en fin de journ\u00e9e pour prendre les devants 8-4, men\u00e9e par un Novak Djokovic impressionnant.","og_url":"https:\/\/dicodusport.fr\/blog\/laver-cup-2022-la-team-europe-senvole\/","og_site_name":"Dicodusport","article_publisher":"https:\/\/www.facebook.com\/dicodusport","article_published_time":"2022-09-25T04:46:59+00:00","article_modified_time":"2022-09-25T04:55:20+00:00","og_image":[{"width":800,"height":445,"url":"https:\/\/dicodusport.fr\/blog\/wp-content\/uploads\/2022\/09\/Laver-Cup-2022-La-Team-Europe-senvole.jpg","type":"image\/jpeg"}],"author":"Arlette Yeye","twitter_card":"summary_large_image","twitter_title":"Laver Cup 2022 : La Team Europe s'envole","twitter_creator":"@https:\/\/twitter.com\/Shiclette94","twitter_site":"@dicodusport","schema":{"@context":"https:\/\/schema.org","@graph":[{"@type":"NewsArticle","@id":"https:\/\/dicodusport.fr\/blog\/laver-cup-2022-la-team-europe-senvole\/#article","isPartOf":{"@id":"https:\/\/dicodusport.fr\/blog\/laver-cup-2022-la-team-europe-senvole\/"},"author":{"name":"Arlette Yeye","@id":"https:\/\/dicodusport.fr\/blog\/#\/schema\/person\/cce96fa88785bd8573e3d43078ac8c79"},"headline":"Laver Cup 2022 : La Team Europe s&rsquo;envole","datePublished":"2022-09-25T04:46:59+00:00","dateModified":"2022-09-25T04:55:20+00:00","mainEntityOfPage":{"@id":"https:\/\/dicodusport.fr\/blog\/laver-cup-2022-la-team-europe-senvole\/"},"wordCount":890,"commentCount":0,"publisher":{"@id":"https:\/\/dicodusport.fr\/blog\/#organization"},"image":{"@id":"https:\/\/dicodusport.fr\/blog\/laver-cup-2022-la-team-europe-senvole\/#primaryimage"},"thumbnailUrl":"https:\/\/dicodusport.fr\/blog\/wp-content\/uploads\/2022\/09\/Laver-Cup-2022-La-Team-Europe-senvole.jpg","keywords":["Cameron Norrie","F\u00e9lix Auger-Aliassime","Laver Cup","Novak Djokovic","Taylor Fritz","Tennis","Tsitsip\u00e1s"],"articleSection":["Tennis"],"inLanguage":"fr-FR","potentialAction":[{"@type":"CommentAction","name":"Comment","target":["https:\/\/dicodusport.fr\/blog\/laver-cup-2022-la-team-europe-senvole\/#respond"]}],"copyrightYear":"2022","copyrightHolder":{"@id":"https:\/\/dicodusport.fr\/blog\/#organization"}},{"@type":"WebPage","@id":"https:\/\/dicodusport.fr\/blog\/laver-cup-2022-la-team-europe-senvole\/","url":"https:\/\/dicodusport.fr\/blog\/laver-cup-2022-la-team-europe-senvole\/","name":"Laver Cup 2022 : La Team Europe s'envole","isPartOf":{"@id":"https:\/\/dicodusport.fr\/blog\/#website"},"primaryImageOfPage":{"@id":"https:\/\/dicodusport.fr\/blog\/laver-cup-2022-la-team-europe-senvole\/#primaryimage"},"image":{"@id":"https:\/\/dicodusport.fr\/blog\/laver-cup-2022-la-team-europe-senvole\/#primaryimage"},"thumbnailUrl":"https:\/\/dicodusport.fr\/blog\/wp-content\/uploads\/2022\/09\/Laver-Cup-2022-La-Team-Europe-senvole.jpg","datePublished":"2022-09-25T04:46:59+00:00","dateModified":"2022-09-25T04:55:20+00:00","description":"LAVER CUP 2022 - La Team Europe a acc\u00e9l\u00e9r\u00e9 en fin de journ\u00e9e pour prendre les devants 8-4, men\u00e9e par un Novak Djokovic impressionnant.","breadcrumb":{"@id":"https:\/\/dicodusport.fr\/blog\/laver-cup-2022-la-team-europe-senvole\/#breadcrumb"},"inLanguage":"fr-FR","potentialAction":[{"@type":"ReadAction","target":["https:\/\/dicodusport.fr\/blog\/laver-cup-2022-la-team-europe-senvole\/"]}]},{"@type":"ImageObject","inLanguage":"fr-FR","@id":"https:\/\/dicodusport.fr\/blog\/laver-cup-2022-la-team-europe-senvole\/#primaryimage","url":"https:\/\/dicodusport.fr\/blog\/wp-content\/uploads\/2022\/09\/Laver-Cup-2022-La-Team-Europe-senvole.jpg","contentUrl":"https:\/\/dicodusport.fr\/blog\/wp-content\/uploads\/2022\/09\/Laver-Cup-2022-La-Team-Europe-senvole.jpg","width":800,"height":445,"caption":"Laver Cup 2022 La Team Europe s'envole"},{"@type":"BreadcrumbList","@id":"https:\/\/dicodusport.fr\/blog\/laver-cup-2022-la-team-europe-senvole\/#breadcrumb","itemListElement":[{"@type":"ListItem","position":1,"name":"Accueil","item":"https:\/\/dicodusport.fr\/blog\/"},{"@type":"ListItem","position":2,"name":"Laver Cup 2022 : La Team Europe s&rsquo;envole"}]},{"@type":"WebSite","@id":"https:\/\/dicodusport.fr\/blog\/#website","url":"https:\/\/dicodusport.fr\/blog\/","name":"Dicodusport","description":"L&#039;encyclop\u00e9die de l&#039;actualit\u00e9 sportive","publisher":{"@id":"https:\/\/dicodusport.fr\/blog\/#organization"},"potentialAction":[{"@type":"SearchAction","target":{"@type":"EntryPoint","urlTemplate":"https:\/\/dicodusport.fr\/blog\/?s={search_term_string}"},"query-input":{"@type":"PropertyValueSpecification","valueRequired":true,"valueName":"search_term_string"}}],"inLanguage":"fr-FR"},{"@type":"NewsMediaOrganization","@id":"https:\/\/dicodusport.fr\/blog\/#organization","name":"Dicodusport","url":"https:\/\/dicodusport.fr\/blog\/","logo":{"@type":"ImageObject","inLanguage":"fr-FR","@id":"https:\/\/dicodusport.fr\/blog\/#\/schema\/logo\/image\/","url":"https:\/\/dicodusport.fr\/blog\/wp-content\/uploads\/2020\/06\/cropped-LOGO-DICODUSPORT-2020-SANS-FOND-SANS-TEXTE.png","contentUrl":"https:\/\/dicodusport.fr\/blog\/wp-content\/uploads\/2020\/06\/cropped-LOGO-DICODUSPORT-2020-SANS-FOND-SANS-TEXTE.png","width":512,"height":512,"caption":"Dicodusport"},"image":{"@id":"https:\/\/dicodusport.fr\/blog\/#\/schema\/logo\/image\/"},"sameAs":["https:\/\/www.facebook.com\/dicodusport","https:\/\/x.com\/dicodusport","https:\/\/www.instagram.com\/dicodusport\/","https:\/\/www.youtube.com\/channel\/UC7V2KZ5sd3htJivAbA4ZG3w"],"description":"Dicodusport est l'encyclop\u00e9die de l'actualit\u00e9 sportive.","email":"bonjour@dicodusport.fr","legalName":"DICODUSPORT","foundingDate":"2018-01-14","vatID":"FR71834470973","taxID":"83447097300043","numberOfEmployees":{"@type":"QuantitativeValue","minValue":"1","maxValue":"10"}},{"@type":"Person","@id":"https:\/\/dicodusport.fr\/blog\/#\/schema\/person\/cce96fa88785bd8573e3d43078ac8c79","name":"Arlette Yeye","image":{"@type":"ImageObject","inLanguage":"fr-FR","@id":"https:\/\/dicodusport.fr\/blog\/#\/schema\/person\/image\/","url":"https:\/\/secure.gravatar.com\/avatar\/dca4a6239e6d708e46c45d60e160de6c?s=96&d=wp_user_avatar&r=g","contentUrl":"https:\/\/secure.gravatar.com\/avatar\/dca4a6239e6d708e46c45d60e160de6c?s=96&d=wp_user_avatar&r=g","caption":"Arlette Yeye"},"description":"Journaliste\/r\u00e9dactrice depuis septembre 2015 - Supportrice de Chelsea, j'ai pour sports de pr\u00e9dilection le handball, l'athl\u00e9tisme et le tennis. Si je tweete plus vite que mon ombre, vous pouvez aussi me retrouver les week-ends sur les playgrounds de Bruxelles pour un petit foot ou basket entre potes. Parcourir la France, l'Europe et plus si affinit\u00e9s pour suivre mes sportifs pr\u00e9f\u00e9r\u00e9s ? Mon kif ! Et c'est avec plaisir que je partage les r\u00e9sultats des sports populaires mais \u00e9galement plus confidentiels pour Dicodusport.","sameAs":["https:\/\/x.com\/https:\/\/twitter.com\/Shiclette94"],"url":"https:\/\/dicodusport.fr\/blog\/author\/arlette\/"}]}},"_links":{"self":[{"href":"https:\/\/dicodusport.fr\/blog\/wp-json\/wp\/v2\/posts\/264634","targetHints":{"allow":["GET"]}}],"collection":[{"href":"https:\/\/dicodusport.fr\/blog\/wp-json\/wp\/v2\/posts"}],"about":[{"href":"https:\/\/dicodusport.fr\/blog\/wp-json\/wp\/v2\/types\/post"}],"author":[{"embeddable":true,"href":"https:\/\/dicodusport.fr\/blog\/wp-json\/wp\/v2\/users\/12"}],"replies":[{"embeddable":true,"href":"https:\/\/dicodusport.fr\/blog\/wp-json\/wp\/v2\/comments?post=264634"}],"version-history":[{"count":0,"href":"https:\/\/dicodusport.fr\/blog\/wp-json\/wp\/v2\/posts\/264634\/revisions"}],"wp:featuredmedia":[{"embeddable":true,"href":"https:\/\/dicodusport.fr\/blog\/wp-json\/wp\/v2\/media\/264778"}],"wp:attachment":[{"href":"https:\/\/dicodusport.fr\/blog\/wp-json\/wp\/v2\/media?parent=264634"}],"wp:term":[{"taxonomy":"category","embeddable":true,"href":"https:\/\/dicodusport.fr\/blog\/wp-json\/wp\/v2\/categories?post=264634"},{"taxonomy":"post_tag","embeddable":true,"href":"https:\/\/dicodusport.fr\/blog\/wp-json\/wp\/v2\/tags?post=264634"}],"curies":[{"name":"wp","href":"https:\/\/api.w.org\/{rel}","templated":true}]}}