{"id":264793,"date":"2022-09-25T08:55:18","date_gmt":"2022-09-25T06:55:18","guid":{"rendered":"https:\/\/dicodusport.fr\/blog\/?p=264793&#038;preview=true&#038;preview_id=264793"},"modified":"2023-07-01T13:43:45","modified_gmt":"2023-07-01T11:43:45","slug":"mondiaux-cyclisme-2022-remco-evenepoel-sacre-christophe-laporte-en-argent","status":"publish","type":"post","link":"https:\/\/dicodusport.fr\/blog\/mondiaux-cyclisme-2022-remco-evenepoel-sacre-christophe-laporte-en-argent\/","title":{"rendered":"Mondiaux Cyclisme 2022 : Remco Evenepoel sacr\u00e9, Christophe Laporte en argent"},"content":{"rendered":"<p style=\"text-align: justify;\"><em><strong><a href=\"https:\/\/dicodusport.fr\/blog\/mondiaux-cyclisme-2022-programme-complet-et-resultats\/\">MONDIAUX CYCLISME SUR ROUTE 2022<\/a> &#8211; Ce dimanche matin, Remco Evenepoel est devenu champion du monde de la course sur en ligne route sur le parcours de Wollongong. Au terme de plus de 25 kilom\u00e8tres en solitaire, il a devanc\u00e9 Christophe Laporte et Michael Matthews. C&rsquo;est le 27e titre mondial sur la course en ligne pour la Belgique, 10 ans apr\u00e8s le sacre de Philippe Gilbert.<br \/>\n<\/strong><\/em><\/p>\n<p style=\"text-align: justify;\">D&rsquo;abord, d\u00e8s les premiers kilom\u00e8tres, douze coureurs ont constitu\u00e9 l&rsquo;\u00e9chapp\u00e9e matinale : <strong>Bilguunjargal Erdenebat<\/strong> (Mongolie), <strong>Jaka Primozic<\/strong> (Slov\u00e9nie), <strong>Simon Pellaud<\/strong> (Suisse), <strong>Scott McGill<\/strong> (\u00c9tats-Unis), <strong>Pier-Andr\u00e9 Cot\u00e9<\/strong> (Canada), <strong>James Fouch\u00e9<\/strong> (Nouvelle-Z\u00e9lande), <strong>Lukasz Oswian<\/strong> (Pologne), <strong>Michael Kurkle<\/strong> (Tch\u00e9quie), <strong>Emils Liepins<\/strong> (Lettonie), <strong>Juraj Sagan<\/strong> (Slovaquie), <strong>Guy Sagiv<\/strong> (Isra\u00ebl) et <strong>Nicolas Sessler<\/strong> (Br\u00e9sil). Leur avance est mont\u00e9e \u00e0 plus de 6 minutes 30 avant d&rsquo;attaquer la mont\u00e9e du Mont Keira.<\/p>\n<h2 style=\"text-align: justify;\">Les Fran\u00e7ais animent la course<\/h2>\n<p style=\"text-align: justify;\">Dans cette longue ascension, l&rsquo;\u00e9quipe de France a d\u00e9cid\u00e9 de lancer les hostilit\u00e9s et a form\u00e9 un groupe de 25 coureurs avec 6 Tricolores \u00e0 l&rsquo;avant. Mais, de gros noms comme <strong>Wout Van Aert<\/strong> (Belgique), <strong>Tadej Pogacar<\/strong> (Slov\u00e9nie), <strong>Ethan Hayter<\/strong> (Grande-Bretagne),<strong> Stefan K\u00fcng<\/strong> (Suisse) et <strong>Dylan van Baarle<\/strong> (Pays-Bas) se sont \u00e9galement gliss\u00e9s dans ce groupe. Mais, une fois arriv\u00e9s sur le circuit, 5 coureurs sont sortis de ce groupe pour faire la jonction avec l&rsquo;\u00e9chapp\u00e9e matinale \u00e0 150 kilom\u00e8tres du terme : <strong>Pavel Sivakov<\/strong> (France), <strong>Pieter Serry<\/strong> (Belgique), <strong>Ben O&rsquo;Connor, Luke Plapp<\/strong> (Australie) et <strong>Samuele Battistella<\/strong> (Italie). N\u00e9anmoins, le travail de l&rsquo;\u00e9quipe d&rsquo;Allemagne a permis au peloton de revenir sur la vingtaine de coureurs intercal\u00e9s.<\/p>\n<p style=\"text-align: justify;\">Par la suite, l&rsquo;\u00e9cart est remont\u00e9 \u00e0 plus de 8 minutes apr\u00e8s 100 kilom\u00e8tres de course. Le peloton a progressivement repris du temps sur le circuit dans Wollongong gr\u00e2ce au travail des \u00e9quipes d&rsquo;Espagne et des Pays-Bas.<\/p>\n<h2 style=\"text-align: justify;\">Le Remco show<\/h2>\n<p style=\"text-align: justify;\">Dans la bosse du Mont Pleasant, \u00e0 77 kilom\u00e8tres du terme, <strong>Samuele Battistella<\/strong> (Italie) a port\u00e9 une violente acc\u00e9l\u00e9ration alors que <strong>Quentin Pacher<\/strong> (France) a lui aussi acc\u00e9l\u00e9r\u00e9 dans cette mont\u00e9e \u00e0 l&rsquo;avant du peloton. Avec cette attaque, un groupe important s&rsquo;est form\u00e9 avec <strong>Romain Bardet<\/strong> et <strong>Florian S\u00e9n\u00e9chal<\/strong> (France) mais aussi <strong>Jai Hindley<\/strong> (Australie), <strong>Alexey Lutsenko<\/strong> (Kazakhstan) et <strong>Remco Evenepoel<\/strong> (Belgique). Ces contre-attaquants ont repris les \u00e9chapp\u00e9s matinaux. Les Allemands sont alors \u00e0 nouveau contraints de rouler dans le peloton avec plus de 2 minutes de retard.<\/p>\n<blockquote class=\"twitter-tweet\">\n<p dir=\"ltr\" lang=\"fr\">\ud83d\udeb4\u200d\u2642\ufe0f Le r\u00e9cent vainqueur de la Vuelta, Remco Evenepoel, est pr\u00e9sent dans un groupe \u00e0 l&rsquo;avant. Le Belge relance avec Romain Bardet dans sa roue pour creuser l&rsquo;\u00e9cart sur les autres favoris. <a href=\"https:\/\/twitter.com\/hashtag\/Wollongong2022?src=hash&amp;ref_src=twsrc%5Etfw\">#Wollongong2022<\/a><\/p>\n<p>\u25b6\ufe0f Suivez la course en direct : <a href=\"https:\/\/t.co\/wiEjNp8Njb\">https:\/\/t.co\/wiEjNp8Njb<\/a> <a href=\"https:\/\/t.co\/4ATb9tFSId\">pic.twitter.com\/4ATb9tFSId<\/a><\/p>\n<p>\u2014 francetvsport (@francetvsport) <a href=\"https:\/\/twitter.com\/francetvsport\/status\/1573907925252411393?ref_src=twsrc%5Etfw\">September 25, 2022<\/a><\/p><\/blockquote>\n<p><script async src=\"https:\/\/platform.twitter.com\/widgets.js\" charset=\"utf-8\"><\/script><\/p>\n<p style=\"text-align: justify;\">Ensuite, <strong>Valentin Madouas<\/strong> (France) a profit\u00e9 de la bosse du circuit pour hausser le rythme \u00e0 plus de 40 kilom\u00e8tres de la fin. Apr\u00e8s \u00eatre pass\u00e9 \u00e0 1 minute 10, l&rsquo;\u00e9cart est remont\u00e9 \u00e0 plus de 2 minutes avant d&rsquo;entamer l&rsquo;avant-dernier tour. N\u00e9anmoins, en t\u00eate de course, <strong>Remco Evenepoel<\/strong> (Belgique) et <strong>Alexey Lutsenko<\/strong> (Kazakhstan) ont r\u00e9ussi \u00e0 se d\u00e9faire du marquage pour partir \u00e0 deux \u00e0 plus de 35 kilom\u00e8tres du terme.<\/p>\n<p style=\"text-align: justify;\"><strong>Remco Evenepoel<\/strong> (Belgique) est ensuite parti seul d\u00e8s les premiers pourcentages du Mont Pleasant \u00e0 25 kilom\u00e8tres de l&rsquo;arriv\u00e9e, alors que <strong>Wout Van Aert<\/strong> (Belgique) a provoqu\u00e9 une s\u00e9lection dans le peloton afin de reprendre des membres de l&rsquo;\u00e9chapp\u00e9e. Au moment d&rsquo;entamer le dernier tour, Evenepoel avait 45 secondes d&rsquo;avance sur Lutsenko et 1 minute 10 sur <strong>Mathias Skjelmose<\/strong> (Danemark), <strong>Mauro Schmid<\/strong> (Suisse), <strong>Lorenzo Rota<\/strong> (Italie) et <strong>Pascal Eenkhoorn<\/strong> (Pays-Bas). Dans la derni\u00e8re bosse, le N\u00e9erlandais a \u00e9t\u00e9 distanc\u00e9 suite \u00e0 une attaque de Rota. Le trio est revenu sur Lutsenko \u00e0 5 kilom\u00e8tres de l&rsquo;arriv\u00e9e. Mais, les poursuivants se sont trop regard\u00e9s dans les deux derniers kilom\u00e8tres provoquant le retour du peloton des favoris.<\/p>\n<h2 style=\"text-align: justify;\">Christophe Laporte en argent<\/h2>\n<p style=\"text-align: justify;\">Finalement, <strong>Remco Evenepoel<\/strong> (Belgique) s&rsquo;est impos\u00e9 en solitaire avec 2 minutes et 21 secondes d&rsquo;avance sur <strong>Christophe Laporte<\/strong> (France) et <strong>Michael Matthews<\/strong> (Australie). <strong>Wout Van Aert<\/strong> (Belgique) a fini au pied du podium devant <strong>Matteo Trentin<\/strong> (Italie) et <strong>Alexander Kristoff<\/strong> (Norv\u00e8ge). Remco Evenepoel est devenu le septi\u00e8me coureur le plus jeune \u00e0 \u00eatre sacr\u00e9 champion du monde \u00e9lites, \u00e0 22 ans et 243 jours. Michael Matthews a glan\u00e9 sa troisi\u00e8me m\u00e9daille sur les championnats du monde apr\u00e8s l&rsquo;argent en 2015 et le bronze en 2017.<\/p>\n<blockquote class=\"twitter-tweet\">\n<p dir=\"ltr\" lang=\"fr\">Au terme d&rsquo;un sprint renversant, Christophe Laporte \ud83c\uddeb\ud83c\uddf7 prend la deuxi\u00e8me place des ces Mondiaux ! <a href=\"https:\/\/twitter.com\/hashtag\/LesRP?src=hash&amp;ref_src=twsrc%5Etfw\">#LesRP<\/a> <a href=\"https:\/\/twitter.com\/hashtag\/Wollongong2022?src=hash&amp;ref_src=twsrc%5Etfw\">#Wollongong2022<\/a> <a href=\"https:\/\/t.co\/HohzJ9ejVY\">pic.twitter.com\/HohzJ9ejVY<\/a><\/p>\n<p>\u2014 Eurosport France (@Eurosport_FR) <a href=\"https:\/\/twitter.com\/Eurosport_FR\/status\/1573928289344839680?ref_src=twsrc%5Etfw\">September 25, 2022<\/a><\/p><\/blockquote>\n<p><script async src=\"https:\/\/platform.twitter.com\/widgets.js\" charset=\"utf-8\"><\/script><\/p>\n<h2 style=\"text-align: justify;\">\u00c0 lire aussi<\/h2>\n<ul>\n<li style=\"text-align: justify;\"><a href=\"https:\/\/dicodusport.fr\/blog\/mondiaux-cyclisme-2022-classement-contre-la-montre-espoirs-hommes\/\"><strong>Le classement de la course sur route \u00e9lite des championnats du monde<\/strong><\/a><\/li>\n<\/ul>\n","protected":false},"excerpt":{"rendered":"<p>MONDIAUX CYCLISME SUR ROUTE 2022 &#8211; Ce dimanche matin, Remco Evenepoel est devenu champion du monde de la course sur route sur le parcours de Wollongong. Au terme de plus de 25 kilom\u00e8tres en solitaire, il a devanc\u00e9 Christophe Laporte et Michael Matthews. C&rsquo;est le 27e titre mondial sur la course en ligne pour la Belgique, 10 ans apr\u00e8s le sacre de Philippe Gilbert.<\/p>\n","protected":false},"author":48,"featured_media":264875,"comment_status":"open","ping_status":"closed","sticky":false,"template":"","format":"standard","meta":{"_acf_changed":false,"_daextam_enable_autolinks":"","footnotes":""},"categories":[46994],"tags":[574,8420,24],"class_list":["post-264793","post","type-post","status-publish","format-standard","has-post-thumbnail","hentry","category-cyclisme-sur-route","tag-cyclisme","tag-remco-evenepoel","tag-sport"],"acf":[],"yoast_head":"<!-- This site is optimized with the Yoast SEO Premium plugin v26.7 (Yoast SEO v26.7) - https:\/\/yoast.com\/wordpress\/plugins\/seo\/ -->\n<title>Mondiaux Cyclisme 2022 : Remco Evenepoel sacr\u00e9, Christophe Laporte en argent<\/title>\n<meta name=\"description\" content=\"MONDIAUX CYCLISME SUR ROUTE 2022 - Ce dimanche matin, Remco Evenepoel est devenu champion du monde de la course en ligne \u00e0 Wollongong.\" \/>\n<meta name=\"robots\" content=\"index, follow, max-snippet:-1, max-image-preview:large, max-video-preview:-1\" \/>\n<link rel=\"canonical\" href=\"https:\/\/dicodusport.fr\/blog\/mondiaux-cyclisme-2022-remco-evenepoel-sacre-christophe-laporte-en-argent\/\" \/>\n<meta property=\"og:locale\" content=\"fr_FR\" \/>\n<meta property=\"og:type\" content=\"article\" \/>\n<meta property=\"og:title\" content=\"Mondiaux Cyclisme 2022 : Remco Evenepoel sacr\u00e9, Christophe Laporte en argent\" \/>\n<meta property=\"og:description\" content=\"MONDIAUX CYCLISME SUR ROUTE 2022 - Ce dimanche matin, Remco Evenepoel est devenu champion du monde de la course en ligne \u00e0 Wollongong.\" \/>\n<meta property=\"og:url\" content=\"https:\/\/dicodusport.fr\/blog\/mondiaux-cyclisme-2022-remco-evenepoel-sacre-christophe-laporte-en-argent\/\" \/>\n<meta property=\"og:site_name\" content=\"Dicodusport\" \/>\n<meta property=\"article:publisher\" content=\"https:\/\/www.facebook.com\/dicodusport\" \/>\n<meta property=\"article:author\" content=\"https:\/\/www.facebook.com\/groups\/LesRoisDuPeloton\" \/>\n<meta property=\"article:published_time\" content=\"2022-09-25T06:55:18+00:00\" \/>\n<meta property=\"article:modified_time\" content=\"2023-07-01T11:43:45+00:00\" \/>\n<meta property=\"og:image\" content=\"https:\/\/dicodusport.fr\/blog\/wp-content\/uploads\/2022\/09\/Mondiaux-Cyclisme-2022-Remco-Evenepoel-sacre-Christophe-Laporte-en-argent.png\" \/>\n\t<meta property=\"og:image:width\" content=\"800\" \/>\n\t<meta property=\"og:image:height\" content=\"445\" \/>\n\t<meta property=\"og:image:type\" content=\"image\/png\" \/>\n<meta name=\"author\" content=\"Emilien Descampiaux\" \/>\n<meta name=\"twitter:card\" content=\"summary_large_image\" \/>\n<meta name=\"twitter:title\" content=\"Mondiaux Cyclisme 2022 : Remco Evenepoel sacr\u00e9, Christophe Laporte en argent\" \/>\n<meta name=\"twitter:creator\" content=\"@https:\/\/twitter.com\/LRoisDuPeloton\" \/>\n<meta name=\"twitter:site\" content=\"@dicodusport\" \/>\n<script type=\"application\/ld+json\" class=\"yoast-schema-graph\">{\"@context\":\"https:\/\/schema.org\",\"@graph\":[{\"@type\":\"NewsArticle\",\"@id\":\"https:\/\/dicodusport.fr\/blog\/mondiaux-cyclisme-2022-remco-evenepoel-sacre-christophe-laporte-en-argent\/#article\",\"isPartOf\":{\"@id\":\"https:\/\/dicodusport.fr\/blog\/mondiaux-cyclisme-2022-remco-evenepoel-sacre-christophe-laporte-en-argent\/\"},\"author\":{\"name\":\"Emilien Descampiaux\",\"@id\":\"https:\/\/dicodusport.fr\/blog\/#\/schema\/person\/6db4bae06b171592211be385b32876a7\"},\"headline\":\"Mondiaux Cyclisme 2022 : Remco Evenepoel sacr\u00e9, Christophe Laporte en argent\",\"datePublished\":\"2022-09-25T06:55:18+00:00\",\"dateModified\":\"2023-07-01T11:43:45+00:00\",\"mainEntityOfPage\":{\"@id\":\"https:\/\/dicodusport.fr\/blog\/mondiaux-cyclisme-2022-remco-evenepoel-sacre-christophe-laporte-en-argent\/\"},\"wordCount\":795,\"commentCount\":0,\"publisher\":{\"@id\":\"https:\/\/dicodusport.fr\/blog\/#organization\"},\"image\":{\"@id\":\"https:\/\/dicodusport.fr\/blog\/mondiaux-cyclisme-2022-remco-evenepoel-sacre-christophe-laporte-en-argent\/#primaryimage\"},\"thumbnailUrl\":\"https:\/\/dicodusport.fr\/blog\/wp-content\/uploads\/2022\/09\/Mondiaux-Cyclisme-2022-Remco-Evenepoel-sacre-Christophe-Laporte-en-argent.png\",\"keywords\":[\"Cyclisme\",\"Remco Evenepoel\",\"sport\"],\"articleSection\":[\"Cyclisme sur route\"],\"inLanguage\":\"fr-FR\",\"potentialAction\":[{\"@type\":\"CommentAction\",\"name\":\"Comment\",\"target\":[\"https:\/\/dicodusport.fr\/blog\/mondiaux-cyclisme-2022-remco-evenepoel-sacre-christophe-laporte-en-argent\/#respond\"]}],\"copyrightYear\":\"2022\",\"copyrightHolder\":{\"@id\":\"https:\/\/dicodusport.fr\/blog\/#organization\"}},{\"@type\":\"WebPage\",\"@id\":\"https:\/\/dicodusport.fr\/blog\/mondiaux-cyclisme-2022-remco-evenepoel-sacre-christophe-laporte-en-argent\/\",\"url\":\"https:\/\/dicodusport.fr\/blog\/mondiaux-cyclisme-2022-remco-evenepoel-sacre-christophe-laporte-en-argent\/\",\"name\":\"Mondiaux Cyclisme 2022 : Remco Evenepoel sacr\u00e9, Christophe Laporte en argent\",\"isPartOf\":{\"@id\":\"https:\/\/dicodusport.fr\/blog\/#website\"},\"primaryImageOfPage\":{\"@id\":\"https:\/\/dicodusport.fr\/blog\/mondiaux-cyclisme-2022-remco-evenepoel-sacre-christophe-laporte-en-argent\/#primaryimage\"},\"image\":{\"@id\":\"https:\/\/dicodusport.fr\/blog\/mondiaux-cyclisme-2022-remco-evenepoel-sacre-christophe-laporte-en-argent\/#primaryimage\"},\"thumbnailUrl\":\"https:\/\/dicodusport.fr\/blog\/wp-content\/uploads\/2022\/09\/Mondiaux-Cyclisme-2022-Remco-Evenepoel-sacre-Christophe-Laporte-en-argent.png\",\"datePublished\":\"2022-09-25T06:55:18+00:00\",\"dateModified\":\"2023-07-01T11:43:45+00:00\",\"description\":\"MONDIAUX CYCLISME SUR ROUTE 2022 - Ce dimanche matin, Remco Evenepoel est devenu champion du monde de la course en ligne \u00e0 Wollongong.\",\"breadcrumb\":{\"@id\":\"https:\/\/dicodusport.fr\/blog\/mondiaux-cyclisme-2022-remco-evenepoel-sacre-christophe-laporte-en-argent\/#breadcrumb\"},\"inLanguage\":\"fr-FR\",\"potentialAction\":[{\"@type\":\"ReadAction\",\"target\":[\"https:\/\/dicodusport.fr\/blog\/mondiaux-cyclisme-2022-remco-evenepoel-sacre-christophe-laporte-en-argent\/\"]}]},{\"@type\":\"ImageObject\",\"inLanguage\":\"fr-FR\",\"@id\":\"https:\/\/dicodusport.fr\/blog\/mondiaux-cyclisme-2022-remco-evenepoel-sacre-christophe-laporte-en-argent\/#primaryimage\",\"url\":\"https:\/\/dicodusport.fr\/blog\/wp-content\/uploads\/2022\/09\/Mondiaux-Cyclisme-2022-Remco-Evenepoel-sacre-Christophe-Laporte-en-argent.png\",\"contentUrl\":\"https:\/\/dicodusport.fr\/blog\/wp-content\/uploads\/2022\/09\/Mondiaux-Cyclisme-2022-Remco-Evenepoel-sacre-Christophe-Laporte-en-argent.png\",\"width\":800,\"height\":445,\"caption\":\"Mondiaux Cyclisme 2022 Remco Evenepoel sacr\u00e9, Christophe Laporte en argent\"},{\"@type\":\"BreadcrumbList\",\"@id\":\"https:\/\/dicodusport.fr\/blog\/mondiaux-cyclisme-2022-remco-evenepoel-sacre-christophe-laporte-en-argent\/#breadcrumb\",\"itemListElement\":[{\"@type\":\"ListItem\",\"position\":1,\"name\":\"Accueil\",\"item\":\"https:\/\/dicodusport.fr\/blog\/\"},{\"@type\":\"ListItem\",\"position\":2,\"name\":\"Mondiaux Cyclisme 2022 : Remco Evenepoel sacr\u00e9, Christophe Laporte en argent\"}]},{\"@type\":\"WebSite\",\"@id\":\"https:\/\/dicodusport.fr\/blog\/#website\",\"url\":\"https:\/\/dicodusport.fr\/blog\/\",\"name\":\"Dicodusport\",\"description\":\"L&#039;encyclop\u00e9die de l&#039;actualit\u00e9 sportive\",\"publisher\":{\"@id\":\"https:\/\/dicodusport.fr\/blog\/#organization\"},\"potentialAction\":[{\"@type\":\"SearchAction\",\"target\":{\"@type\":\"EntryPoint\",\"urlTemplate\":\"https:\/\/dicodusport.fr\/blog\/?s={search_term_string}\"},\"query-input\":{\"@type\":\"PropertyValueSpecification\",\"valueRequired\":true,\"valueName\":\"search_term_string\"}}],\"inLanguage\":\"fr-FR\"},{\"@type\":\"NewsMediaOrganization\",\"@id\":\"https:\/\/dicodusport.fr\/blog\/#organization\",\"name\":\"Dicodusport\",\"url\":\"https:\/\/dicodusport.fr\/blog\/\",\"logo\":{\"@type\":\"ImageObject\",\"inLanguage\":\"fr-FR\",\"@id\":\"https:\/\/dicodusport.fr\/blog\/#\/schema\/logo\/image\/\",\"url\":\"https:\/\/dicodusport.fr\/blog\/wp-content\/uploads\/2020\/06\/cropped-LOGO-DICODUSPORT-2020-SANS-FOND-SANS-TEXTE.png\",\"contentUrl\":\"https:\/\/dicodusport.fr\/blog\/wp-content\/uploads\/2020\/06\/cropped-LOGO-DICODUSPORT-2020-SANS-FOND-SANS-TEXTE.png\",\"width\":512,\"height\":512,\"caption\":\"Dicodusport\"},\"image\":{\"@id\":\"https:\/\/dicodusport.fr\/blog\/#\/schema\/logo\/image\/\"},\"sameAs\":[\"https:\/\/www.facebook.com\/dicodusport\",\"https:\/\/x.com\/dicodusport\",\"https:\/\/www.instagram.com\/dicodusport\/\",\"https:\/\/www.youtube.com\/channel\/UC7V2KZ5sd3htJivAbA4ZG3w\"],\"description\":\"Dicodusport est l'encyclop\u00e9die de l'actualit\u00e9 sportive.\",\"email\":\"bonjour@dicodusport.fr\",\"legalName\":\"DICODUSPORT\",\"foundingDate\":\"2018-01-14\",\"vatID\":\"FR71834470973\",\"taxID\":\"83447097300043\",\"numberOfEmployees\":{\"@type\":\"QuantitativeValue\",\"minValue\":\"1\",\"maxValue\":\"10\"}},{\"@type\":\"Person\",\"@id\":\"https:\/\/dicodusport.fr\/blog\/#\/schema\/person\/6db4bae06b171592211be385b32876a7\",\"name\":\"Emilien Descampiaux\",\"image\":{\"@type\":\"ImageObject\",\"inLanguage\":\"fr-FR\",\"@id\":\"https:\/\/dicodusport.fr\/blog\/#\/schema\/person\/image\/\",\"url\":\"https:\/\/dicodusport.fr\/blog\/wp-content\/uploads\/2021\/05\/Emilien-Descampiaux-150x150.jpg\",\"contentUrl\":\"https:\/\/dicodusport.fr\/blog\/wp-content\/uploads\/2021\/05\/Emilien-Descampiaux-150x150.jpg\",\"caption\":\"Emilien Descampiaux\"},\"description\":\"Journaliste\/r\u00e9dacteur depuis 2014 - Fan de la classe de Frank Vandenbroucke, je vis cyclisme (et de ses paysages) depuis plus de 20 ans. Je suis tr\u00e8s impliqu\u00e9 sur mes diff\u00e9rents r\u00e9seaux sociaux pour partager ma passion sur le monde et l'Histoire de la bicyclette avec ma voix sur les images en noir et blanc du succ\u00e8s de Rik Van Steenbergen lors du Ronde sur le V\u00e9lodrome de Gand.\",\"sameAs\":[\"https:\/\/www.facebook.com\/groups\/LesRoisDuPeloton\",\"https:\/\/x.com\/https:\/\/twitter.com\/LRoisDuPeloton\"],\"url\":\"https:\/\/dicodusport.fr\/blog\/author\/emiliend\/\"}]}<\/script>\n<!-- \/ Yoast SEO Premium plugin. -->","yoast_head_json":{"title":"Mondiaux Cyclisme 2022 : Remco Evenepoel sacr\u00e9, Christophe Laporte en argent","description":"MONDIAUX CYCLISME SUR ROUTE 2022 - Ce dimanche matin, Remco Evenepoel est devenu champion du monde de la course en ligne \u00e0 Wollongong.","robots":{"index":"index","follow":"follow","max-snippet":"max-snippet:-1","max-image-preview":"max-image-preview:large","max-video-preview":"max-video-preview:-1"},"canonical":"https:\/\/dicodusport.fr\/blog\/mondiaux-cyclisme-2022-remco-evenepoel-sacre-christophe-laporte-en-argent\/","og_locale":"fr_FR","og_type":"article","og_title":"Mondiaux Cyclisme 2022 : Remco Evenepoel sacr\u00e9, Christophe Laporte en argent","og_description":"MONDIAUX CYCLISME SUR ROUTE 2022 - Ce dimanche matin, Remco Evenepoel est devenu champion du monde de la course en ligne \u00e0 Wollongong.","og_url":"https:\/\/dicodusport.fr\/blog\/mondiaux-cyclisme-2022-remco-evenepoel-sacre-christophe-laporte-en-argent\/","og_site_name":"Dicodusport","article_publisher":"https:\/\/www.facebook.com\/dicodusport","article_author":"https:\/\/www.facebook.com\/groups\/LesRoisDuPeloton","article_published_time":"2022-09-25T06:55:18+00:00","article_modified_time":"2023-07-01T11:43:45+00:00","og_image":[{"width":800,"height":445,"url":"https:\/\/dicodusport.fr\/blog\/wp-content\/uploads\/2022\/09\/Mondiaux-Cyclisme-2022-Remco-Evenepoel-sacre-Christophe-Laporte-en-argent.png","type":"image\/png"}],"author":"Emilien Descampiaux","twitter_card":"summary_large_image","twitter_title":"Mondiaux Cyclisme 2022 : Remco Evenepoel sacr\u00e9, Christophe Laporte en argent","twitter_creator":"@https:\/\/twitter.com\/LRoisDuPeloton","twitter_site":"@dicodusport","schema":{"@context":"https:\/\/schema.org","@graph":[{"@type":"NewsArticle","@id":"https:\/\/dicodusport.fr\/blog\/mondiaux-cyclisme-2022-remco-evenepoel-sacre-christophe-laporte-en-argent\/#article","isPartOf":{"@id":"https:\/\/dicodusport.fr\/blog\/mondiaux-cyclisme-2022-remco-evenepoel-sacre-christophe-laporte-en-argent\/"},"author":{"name":"Emilien Descampiaux","@id":"https:\/\/dicodusport.fr\/blog\/#\/schema\/person\/6db4bae06b171592211be385b32876a7"},"headline":"Mondiaux Cyclisme 2022 : Remco Evenepoel sacr\u00e9, Christophe Laporte en argent","datePublished":"2022-09-25T06:55:18+00:00","dateModified":"2023-07-01T11:43:45+00:00","mainEntityOfPage":{"@id":"https:\/\/dicodusport.fr\/blog\/mondiaux-cyclisme-2022-remco-evenepoel-sacre-christophe-laporte-en-argent\/"},"wordCount":795,"commentCount":0,"publisher":{"@id":"https:\/\/dicodusport.fr\/blog\/#organization"},"image":{"@id":"https:\/\/dicodusport.fr\/blog\/mondiaux-cyclisme-2022-remco-evenepoel-sacre-christophe-laporte-en-argent\/#primaryimage"},"thumbnailUrl":"https:\/\/dicodusport.fr\/blog\/wp-content\/uploads\/2022\/09\/Mondiaux-Cyclisme-2022-Remco-Evenepoel-sacre-Christophe-Laporte-en-argent.png","keywords":["Cyclisme","Remco Evenepoel","sport"],"articleSection":["Cyclisme sur route"],"inLanguage":"fr-FR","potentialAction":[{"@type":"CommentAction","name":"Comment","target":["https:\/\/dicodusport.fr\/blog\/mondiaux-cyclisme-2022-remco-evenepoel-sacre-christophe-laporte-en-argent\/#respond"]}],"copyrightYear":"2022","copyrightHolder":{"@id":"https:\/\/dicodusport.fr\/blog\/#organization"}},{"@type":"WebPage","@id":"https:\/\/dicodusport.fr\/blog\/mondiaux-cyclisme-2022-remco-evenepoel-sacre-christophe-laporte-en-argent\/","url":"https:\/\/dicodusport.fr\/blog\/mondiaux-cyclisme-2022-remco-evenepoel-sacre-christophe-laporte-en-argent\/","name":"Mondiaux Cyclisme 2022 : Remco Evenepoel sacr\u00e9, Christophe Laporte en argent","isPartOf":{"@id":"https:\/\/dicodusport.fr\/blog\/#website"},"primaryImageOfPage":{"@id":"https:\/\/dicodusport.fr\/blog\/mondiaux-cyclisme-2022-remco-evenepoel-sacre-christophe-laporte-en-argent\/#primaryimage"},"image":{"@id":"https:\/\/dicodusport.fr\/blog\/mondiaux-cyclisme-2022-remco-evenepoel-sacre-christophe-laporte-en-argent\/#primaryimage"},"thumbnailUrl":"https:\/\/dicodusport.fr\/blog\/wp-content\/uploads\/2022\/09\/Mondiaux-Cyclisme-2022-Remco-Evenepoel-sacre-Christophe-Laporte-en-argent.png","datePublished":"2022-09-25T06:55:18+00:00","dateModified":"2023-07-01T11:43:45+00:00","description":"MONDIAUX CYCLISME SUR ROUTE 2022 - Ce dimanche matin, Remco Evenepoel est devenu champion du monde de la course en ligne \u00e0 Wollongong.","breadcrumb":{"@id":"https:\/\/dicodusport.fr\/blog\/mondiaux-cyclisme-2022-remco-evenepoel-sacre-christophe-laporte-en-argent\/#breadcrumb"},"inLanguage":"fr-FR","potentialAction":[{"@type":"ReadAction","target":["https:\/\/dicodusport.fr\/blog\/mondiaux-cyclisme-2022-remco-evenepoel-sacre-christophe-laporte-en-argent\/"]}]},{"@type":"ImageObject","inLanguage":"fr-FR","@id":"https:\/\/dicodusport.fr\/blog\/mondiaux-cyclisme-2022-remco-evenepoel-sacre-christophe-laporte-en-argent\/#primaryimage","url":"https:\/\/dicodusport.fr\/blog\/wp-content\/uploads\/2022\/09\/Mondiaux-Cyclisme-2022-Remco-Evenepoel-sacre-Christophe-Laporte-en-argent.png","contentUrl":"https:\/\/dicodusport.fr\/blog\/wp-content\/uploads\/2022\/09\/Mondiaux-Cyclisme-2022-Remco-Evenepoel-sacre-Christophe-Laporte-en-argent.png","width":800,"height":445,"caption":"Mondiaux Cyclisme 2022 Remco Evenepoel sacr\u00e9, Christophe Laporte en argent"},{"@type":"BreadcrumbList","@id":"https:\/\/dicodusport.fr\/blog\/mondiaux-cyclisme-2022-remco-evenepoel-sacre-christophe-laporte-en-argent\/#breadcrumb","itemListElement":[{"@type":"ListItem","position":1,"name":"Accueil","item":"https:\/\/dicodusport.fr\/blog\/"},{"@type":"ListItem","position":2,"name":"Mondiaux Cyclisme 2022 : Remco Evenepoel sacr\u00e9, Christophe Laporte en argent"}]},{"@type":"WebSite","@id":"https:\/\/dicodusport.fr\/blog\/#website","url":"https:\/\/dicodusport.fr\/blog\/","name":"Dicodusport","description":"L&#039;encyclop\u00e9die de l&#039;actualit\u00e9 sportive","publisher":{"@id":"https:\/\/dicodusport.fr\/blog\/#organization"},"potentialAction":[{"@type":"SearchAction","target":{"@type":"EntryPoint","urlTemplate":"https:\/\/dicodusport.fr\/blog\/?s={search_term_string}"},"query-input":{"@type":"PropertyValueSpecification","valueRequired":true,"valueName":"search_term_string"}}],"inLanguage":"fr-FR"},{"@type":"NewsMediaOrganization","@id":"https:\/\/dicodusport.fr\/blog\/#organization","name":"Dicodusport","url":"https:\/\/dicodusport.fr\/blog\/","logo":{"@type":"ImageObject","inLanguage":"fr-FR","@id":"https:\/\/dicodusport.fr\/blog\/#\/schema\/logo\/image\/","url":"https:\/\/dicodusport.fr\/blog\/wp-content\/uploads\/2020\/06\/cropped-LOGO-DICODUSPORT-2020-SANS-FOND-SANS-TEXTE.png","contentUrl":"https:\/\/dicodusport.fr\/blog\/wp-content\/uploads\/2020\/06\/cropped-LOGO-DICODUSPORT-2020-SANS-FOND-SANS-TEXTE.png","width":512,"height":512,"caption":"Dicodusport"},"image":{"@id":"https:\/\/dicodusport.fr\/blog\/#\/schema\/logo\/image\/"},"sameAs":["https:\/\/www.facebook.com\/dicodusport","https:\/\/x.com\/dicodusport","https:\/\/www.instagram.com\/dicodusport\/","https:\/\/www.youtube.com\/channel\/UC7V2KZ5sd3htJivAbA4ZG3w"],"description":"Dicodusport est l'encyclop\u00e9die de l'actualit\u00e9 sportive.","email":"bonjour@dicodusport.fr","legalName":"DICODUSPORT","foundingDate":"2018-01-14","vatID":"FR71834470973","taxID":"83447097300043","numberOfEmployees":{"@type":"QuantitativeValue","minValue":"1","maxValue":"10"}},{"@type":"Person","@id":"https:\/\/dicodusport.fr\/blog\/#\/schema\/person\/6db4bae06b171592211be385b32876a7","name":"Emilien Descampiaux","image":{"@type":"ImageObject","inLanguage":"fr-FR","@id":"https:\/\/dicodusport.fr\/blog\/#\/schema\/person\/image\/","url":"https:\/\/dicodusport.fr\/blog\/wp-content\/uploads\/2021\/05\/Emilien-Descampiaux-150x150.jpg","contentUrl":"https:\/\/dicodusport.fr\/blog\/wp-content\/uploads\/2021\/05\/Emilien-Descampiaux-150x150.jpg","caption":"Emilien Descampiaux"},"description":"Journaliste\/r\u00e9dacteur depuis 2014 - Fan de la classe de Frank Vandenbroucke, je vis cyclisme (et de ses paysages) depuis plus de 20 ans. Je suis tr\u00e8s impliqu\u00e9 sur mes diff\u00e9rents r\u00e9seaux sociaux pour partager ma passion sur le monde et l'Histoire de la bicyclette avec ma voix sur les images en noir et blanc du succ\u00e8s de Rik Van Steenbergen lors du Ronde sur le V\u00e9lodrome de Gand.","sameAs":["https:\/\/www.facebook.com\/groups\/LesRoisDuPeloton","https:\/\/x.com\/https:\/\/twitter.com\/LRoisDuPeloton"],"url":"https:\/\/dicodusport.fr\/blog\/author\/emiliend\/"}]}},"_links":{"self":[{"href":"https:\/\/dicodusport.fr\/blog\/wp-json\/wp\/v2\/posts\/264793","targetHints":{"allow":["GET"]}}],"collection":[{"href":"https:\/\/dicodusport.fr\/blog\/wp-json\/wp\/v2\/posts"}],"about":[{"href":"https:\/\/dicodusport.fr\/blog\/wp-json\/wp\/v2\/types\/post"}],"author":[{"embeddable":true,"href":"https:\/\/dicodusport.fr\/blog\/wp-json\/wp\/v2\/users\/48"}],"replies":[{"embeddable":true,"href":"https:\/\/dicodusport.fr\/blog\/wp-json\/wp\/v2\/comments?post=264793"}],"version-history":[{"count":0,"href":"https:\/\/dicodusport.fr\/blog\/wp-json\/wp\/v2\/posts\/264793\/revisions"}],"wp:featuredmedia":[{"embeddable":true,"href":"https:\/\/dicodusport.fr\/blog\/wp-json\/wp\/v2\/media\/264875"}],"wp:attachment":[{"href":"https:\/\/dicodusport.fr\/blog\/wp-json\/wp\/v2\/media?parent=264793"}],"wp:term":[{"taxonomy":"category","embeddable":true,"href":"https:\/\/dicodusport.fr\/blog\/wp-json\/wp\/v2\/categories?post=264793"},{"taxonomy":"post_tag","embeddable":true,"href":"https:\/\/dicodusport.fr\/blog\/wp-json\/wp\/v2\/tags?post=264793"}],"curies":[{"name":"wp","href":"https:\/\/api.w.org\/{rel}","templated":true}]}}