{"id":264879,"date":"2022-09-25T10:25:11","date_gmt":"2022-09-25T08:25:11","guid":{"rendered":"https:\/\/dicodusport.fr\/blog\/?p=264879&#038;preview=true&#038;preview_id=264879"},"modified":"2022-09-25T10:31:02","modified_gmt":"2022-09-25T08:31:02","slug":"thomas-voeckler-on-a-peut-etre-commis-une-erreur-ou-deux-jen-ai-ma-part","status":"publish","type":"post","link":"https:\/\/dicodusport.fr\/blog\/thomas-voeckler-on-a-peut-etre-commis-une-erreur-ou-deux-jen-ai-ma-part\/","title":{"rendered":"Thomas Voeckler : \u00ab\u00a0On a peut-\u00eatre commis une erreur ou deux, j&rsquo;en ai ma part\u00a0\u00bb"},"content":{"rendered":"<p style=\"text-align: justify;\"><em><strong><a href=\"https:\/\/dicodusport.fr\/blog\/mondiaux-cyclisme-2022-programme-complet-et-resultats\/\">MONDIAUX CYCLISME SUR ROUTE 2022<\/a> &#8211; Thomas Voeckler dressait un bilan positif apr\u00e8s la deuxi\u00e8me place de Christophe Laporte aux Mondiaux de Wollongong, derri\u00e8re le ph\u00e9nom\u00e8ne Remco Evenepoel.\u00a0<\/strong><\/em><\/p>\n<p style=\"text-align: justify;\">La <strong>France<\/strong> \u00e9tait mal embarqu\u00e9e pour un Top 5 \u00e0 un tour de la fin. Mais <strong>Christophe Laporte<\/strong> a finalement r\u00e9gl\u00e9 <strong>Michael Matthews<\/strong> et <strong>Wout Van Aert<\/strong> pour la deuxi\u00e8me place. Le s\u00e9lectionneur des Bleus, <strong>Thomas Voeckler<\/strong>, reconnaissait quelques erreurs, mais \u00e9tait tout de m\u00eame satisfait de prendre une nouvelle m\u00e9daille, la troisi\u00e8me sur les trois derni\u00e8res \u00e9ditions.<\/p>\n<blockquote>\n<p style=\"text-align: justify;\">Parfois, on fait des plans, \u00e7a se passe comme pr\u00e9vu. D&rsquo;autres fois, \u00e7a commence \u00e0 se passer comme pr\u00e9vu et ensuite non. Il faut reconna\u00eetre une chose: le plus fort a gagn\u00e9. On peut tourner la course dans tous les sens, Evenepoel \u00e9tait injouable. On a peut-\u00eatre commis une erreur ou deux, j&rsquo;en ai ma part. Les gars ont \u00e9t\u00e9 admirables, ils y ont cru jusqu&rsquo;au bout l\u00e0, o\u00f9 pour \u00eatre franc, je pensais que c&rsquo;\u00e9tait foutu et qu&rsquo;on n&rsquo;allait m\u00eame pas ramener un top 5 ou 8.<\/p>\n<\/blockquote>\n<p style=\"text-align: justify;\"><strong>Remco Evenepoel<\/strong> \u00e9tait tr\u00e8s fort dimanche, mais les <strong>Bleus<\/strong> lui ont permis de prendre de l&rsquo;avance, plus de deux minutes, en prenant des relais appuy\u00e9s en t\u00eate du groupe des \u00e9chapp\u00e9s, \u00e0 l&rsquo;image de <strong>Florian S\u00e9n\u00e9chal<\/strong>. La France comptait \u00e9galement <strong>Romain Bardet<\/strong>, <strong>Quentin Pacher<\/strong> et <strong>Pavel Sivakov<\/strong> dans ce groupe. Derri\u00e8re, le Belge aura fini par punir ses compagnons de route.<\/p>\n<h2 style=\"text-align: justify;\">\u00c0 lire aussi<\/h2>\n<ul>\n<li style=\"text-align: justify;\"><a href=\"https:\/\/dicodusport.fr\/blog\/mondiaux-cyclisme-2022-classement-contre-la-montre-espoirs-hommes\/\"><strong>Le classement de la course sur route \u00e9lite des championnats du monde<\/strong><\/a><\/li>\n<li style=\"text-align: justify;\"><a href=\"https:\/\/dicodusport.fr\/blog\/mondiaux-cyclisme-2022-remco-evenepoel-sacre-christophe-laporte-en-argent\/\" target=\"_blank\" rel=\"noopener\"><strong>Mondiaux Cyclisme 2022 : Remco Evenepoel sacr\u00e9, Christophe Laporte en argent<\/strong><\/a><\/li>\n<\/ul>\n","protected":false},"excerpt":{"rendered":"<p>MONDIAUX CYCLISME SUR ROUTE 2022 &#8211; Thomas Voeckler dressait un bilan positif apr\u00e8s la deuxi\u00e8me place de Christophe Laporte aux Mondiaux de Wollongong, derri\u00e8re le ph\u00e9nom\u00e8ne Remco Evenepoel.\u00a0<\/p>\n","protected":false},"author":1,"featured_media":169240,"comment_status":"open","ping_status":"closed","sticky":false,"template":"","format":"standard","meta":{"_acf_changed":false,"_daextam_enable_autolinks":"","footnotes":""},"categories":[46994],"tags":[5601,5218,1848],"class_list":["post-264879","post","type-post","status-publish","format-standard","has-post-thumbnail","hentry","category-cyclisme-sur-route","tag-laporte","tag-thomas-voeckler","tag-voeckler"],"acf":[],"yoast_head":"<!-- This site is optimized with the Yoast SEO Premium plugin v26.7 (Yoast SEO v26.7) - https:\/\/yoast.com\/wordpress\/plugins\/seo\/ -->\n<title>Thomas Voeckler : &quot;On a peut-\u00eatre commis une erreur ou deux, j&#039;en ai ma part&quot;<\/title>\n<meta name=\"description\" content=\"Thomas Voeckler dressait un bilan positif apr\u00e8s la deuxi\u00e8me place de Christophe Laporte aux Mondiaux derri\u00e8re le ph\u00e9nom\u00e8ne Remco Evenepoel.\u00a0\" \/>\n<meta name=\"robots\" content=\"index, follow, max-snippet:-1, max-image-preview:large, max-video-preview:-1\" \/>\n<link rel=\"canonical\" href=\"https:\/\/dicodusport.fr\/blog\/thomas-voeckler-on-a-peut-etre-commis-une-erreur-ou-deux-jen-ai-ma-part\/\" \/>\n<meta property=\"og:locale\" content=\"fr_FR\" \/>\n<meta property=\"og:type\" content=\"article\" \/>\n<meta property=\"og:title\" content=\"Thomas Voeckler : &quot;On a peut-\u00eatre commis une erreur ou deux, j&#039;en ai ma part&quot;\" \/>\n<meta property=\"og:description\" content=\"Thomas Voeckler dressait un bilan positif apr\u00e8s la deuxi\u00e8me place de Christophe Laporte aux Mondiaux derri\u00e8re le ph\u00e9nom\u00e8ne Remco Evenepoel.\u00a0\" \/>\n<meta property=\"og:url\" content=\"https:\/\/dicodusport.fr\/blog\/thomas-voeckler-on-a-peut-etre-commis-une-erreur-ou-deux-jen-ai-ma-part\/\" \/>\n<meta property=\"og:site_name\" content=\"Dicodusport\" \/>\n<meta property=\"article:publisher\" content=\"https:\/\/www.facebook.com\/dicodusport\" \/>\n<meta property=\"article:author\" content=\"https:\/\/www.facebook.com\/dicodusport\" \/>\n<meta property=\"article:published_time\" content=\"2022-09-25T08:25:11+00:00\" \/>\n<meta property=\"article:modified_time\" content=\"2022-09-25T08:31:02+00:00\" \/>\n<meta property=\"og:image\" content=\"https:\/\/dicodusport.fr\/blog\/wp-content\/uploads\/2021\/09\/Thomas-Voeckler-Le-parcours-nest-pas-tre\u0300s-dur.png\" \/>\n\t<meta property=\"og:image:width\" content=\"800\" \/>\n\t<meta property=\"og:image:height\" content=\"445\" \/>\n\t<meta property=\"og:image:type\" content=\"image\/png\" \/>\n<meta name=\"author\" content=\"Nicolas Jacquemard\" \/>\n<meta name=\"twitter:card\" content=\"summary_large_image\" \/>\n<meta name=\"twitter:title\" content=\"Thomas Voeckler : &quot;On a peut-\u00eatre commis une erreur ou deux, j&#039;en ai ma part&quot;\" \/>\n<meta name=\"twitter:creator\" content=\"@https:\/\/twitter.com\/Nico_Jacquemard\" \/>\n<meta name=\"twitter:site\" content=\"@dicodusport\" \/>\n<script type=\"application\/ld+json\" class=\"yoast-schema-graph\">{\"@context\":\"https:\/\/schema.org\",\"@graph\":[{\"@type\":\"NewsArticle\",\"@id\":\"https:\/\/dicodusport.fr\/blog\/thomas-voeckler-on-a-peut-etre-commis-une-erreur-ou-deux-jen-ai-ma-part\/#article\",\"isPartOf\":{\"@id\":\"https:\/\/dicodusport.fr\/blog\/thomas-voeckler-on-a-peut-etre-commis-une-erreur-ou-deux-jen-ai-ma-part\/\"},\"author\":{\"name\":\"Nicolas Jacquemard\",\"@id\":\"https:\/\/dicodusport.fr\/blog\/#\/schema\/person\/55dcb50ad410894e431ed812bbb70191\"},\"headline\":\"Thomas Voeckler : \u00ab\u00a0On a peut-\u00eatre commis une erreur ou deux, j&rsquo;en ai ma part\u00a0\u00bb\",\"datePublished\":\"2022-09-25T08:25:11+00:00\",\"dateModified\":\"2022-09-25T08:31:02+00:00\",\"mainEntityOfPage\":{\"@id\":\"https:\/\/dicodusport.fr\/blog\/thomas-voeckler-on-a-peut-etre-commis-une-erreur-ou-deux-jen-ai-ma-part\/\"},\"wordCount\":300,\"commentCount\":1,\"publisher\":{\"@id\":\"https:\/\/dicodusport.fr\/blog\/#organization\"},\"image\":{\"@id\":\"https:\/\/dicodusport.fr\/blog\/thomas-voeckler-on-a-peut-etre-commis-une-erreur-ou-deux-jen-ai-ma-part\/#primaryimage\"},\"thumbnailUrl\":\"https:\/\/dicodusport.fr\/blog\/wp-content\/uploads\/2021\/09\/Thomas-Voeckler-Le-parcours-nest-pas-tre\u0300s-dur.png\",\"keywords\":[\"Laporte\",\"Thomas Voeckler\",\"voeckler\"],\"articleSection\":[\"Cyclisme sur route\"],\"inLanguage\":\"fr-FR\",\"potentialAction\":[{\"@type\":\"CommentAction\",\"name\":\"Comment\",\"target\":[\"https:\/\/dicodusport.fr\/blog\/thomas-voeckler-on-a-peut-etre-commis-une-erreur-ou-deux-jen-ai-ma-part\/#respond\"]}],\"copyrightYear\":\"2022\",\"copyrightHolder\":{\"@id\":\"https:\/\/dicodusport.fr\/blog\/#organization\"}},{\"@type\":\"WebPage\",\"@id\":\"https:\/\/dicodusport.fr\/blog\/thomas-voeckler-on-a-peut-etre-commis-une-erreur-ou-deux-jen-ai-ma-part\/\",\"url\":\"https:\/\/dicodusport.fr\/blog\/thomas-voeckler-on-a-peut-etre-commis-une-erreur-ou-deux-jen-ai-ma-part\/\",\"name\":\"Thomas Voeckler : \\\"On a peut-\u00eatre commis une erreur ou deux, j'en ai ma part\\\"\",\"isPartOf\":{\"@id\":\"https:\/\/dicodusport.fr\/blog\/#website\"},\"primaryImageOfPage\":{\"@id\":\"https:\/\/dicodusport.fr\/blog\/thomas-voeckler-on-a-peut-etre-commis-une-erreur-ou-deux-jen-ai-ma-part\/#primaryimage\"},\"image\":{\"@id\":\"https:\/\/dicodusport.fr\/blog\/thomas-voeckler-on-a-peut-etre-commis-une-erreur-ou-deux-jen-ai-ma-part\/#primaryimage\"},\"thumbnailUrl\":\"https:\/\/dicodusport.fr\/blog\/wp-content\/uploads\/2021\/09\/Thomas-Voeckler-Le-parcours-nest-pas-tre\u0300s-dur.png\",\"datePublished\":\"2022-09-25T08:25:11+00:00\",\"dateModified\":\"2022-09-25T08:31:02+00:00\",\"description\":\"Thomas Voeckler dressait un bilan positif apr\u00e8s la deuxi\u00e8me place de Christophe Laporte aux Mondiaux derri\u00e8re le ph\u00e9nom\u00e8ne Remco Evenepoel.\u00a0\",\"breadcrumb\":{\"@id\":\"https:\/\/dicodusport.fr\/blog\/thomas-voeckler-on-a-peut-etre-commis-une-erreur-ou-deux-jen-ai-ma-part\/#breadcrumb\"},\"inLanguage\":\"fr-FR\",\"potentialAction\":[{\"@type\":\"ReadAction\",\"target\":[\"https:\/\/dicodusport.fr\/blog\/thomas-voeckler-on-a-peut-etre-commis-une-erreur-ou-deux-jen-ai-ma-part\/\"]}]},{\"@type\":\"ImageObject\",\"inLanguage\":\"fr-FR\",\"@id\":\"https:\/\/dicodusport.fr\/blog\/thomas-voeckler-on-a-peut-etre-commis-une-erreur-ou-deux-jen-ai-ma-part\/#primaryimage\",\"url\":\"https:\/\/dicodusport.fr\/blog\/wp-content\/uploads\/2021\/09\/Thomas-Voeckler-Le-parcours-nest-pas-tre\u0300s-dur.png\",\"contentUrl\":\"https:\/\/dicodusport.fr\/blog\/wp-content\/uploads\/2021\/09\/Thomas-Voeckler-Le-parcours-nest-pas-tre\u0300s-dur.png\",\"width\":800,\"height\":445},{\"@type\":\"BreadcrumbList\",\"@id\":\"https:\/\/dicodusport.fr\/blog\/thomas-voeckler-on-a-peut-etre-commis-une-erreur-ou-deux-jen-ai-ma-part\/#breadcrumb\",\"itemListElement\":[{\"@type\":\"ListItem\",\"position\":1,\"name\":\"Accueil\",\"item\":\"https:\/\/dicodusport.fr\/blog\/\"},{\"@type\":\"ListItem\",\"position\":2,\"name\":\"Thomas Voeckler : \u00ab\u00a0On a peut-\u00eatre commis une erreur ou deux, j&rsquo;en ai ma part\u00a0\u00bb\"}]},{\"@type\":\"WebSite\",\"@id\":\"https:\/\/dicodusport.fr\/blog\/#website\",\"url\":\"https:\/\/dicodusport.fr\/blog\/\",\"name\":\"Dicodusport\",\"description\":\"L&#039;encyclop\u00e9die de l&#039;actualit\u00e9 sportive\",\"publisher\":{\"@id\":\"https:\/\/dicodusport.fr\/blog\/#organization\"},\"potentialAction\":[{\"@type\":\"SearchAction\",\"target\":{\"@type\":\"EntryPoint\",\"urlTemplate\":\"https:\/\/dicodusport.fr\/blog\/?s={search_term_string}\"},\"query-input\":{\"@type\":\"PropertyValueSpecification\",\"valueRequired\":true,\"valueName\":\"search_term_string\"}}],\"inLanguage\":\"fr-FR\"},{\"@type\":\"NewsMediaOrganization\",\"@id\":\"https:\/\/dicodusport.fr\/blog\/#organization\",\"name\":\"Dicodusport\",\"url\":\"https:\/\/dicodusport.fr\/blog\/\",\"logo\":{\"@type\":\"ImageObject\",\"inLanguage\":\"fr-FR\",\"@id\":\"https:\/\/dicodusport.fr\/blog\/#\/schema\/logo\/image\/\",\"url\":\"https:\/\/dicodusport.fr\/blog\/wp-content\/uploads\/2020\/06\/cropped-LOGO-DICODUSPORT-2020-SANS-FOND-SANS-TEXTE.png\",\"contentUrl\":\"https:\/\/dicodusport.fr\/blog\/wp-content\/uploads\/2020\/06\/cropped-LOGO-DICODUSPORT-2020-SANS-FOND-SANS-TEXTE.png\",\"width\":512,\"height\":512,\"caption\":\"Dicodusport\"},\"image\":{\"@id\":\"https:\/\/dicodusport.fr\/blog\/#\/schema\/logo\/image\/\"},\"sameAs\":[\"https:\/\/www.facebook.com\/dicodusport\",\"https:\/\/x.com\/dicodusport\",\"https:\/\/www.instagram.com\/dicodusport\/\",\"https:\/\/www.youtube.com\/channel\/UC7V2KZ5sd3htJivAbA4ZG3w\"],\"description\":\"Dicodusport est l'encyclop\u00e9die de l'actualit\u00e9 sportive.\",\"email\":\"bonjour@dicodusport.fr\",\"legalName\":\"DICODUSPORT\",\"foundingDate\":\"2018-01-14\",\"vatID\":\"FR71834470973\",\"taxID\":\"83447097300043\",\"numberOfEmployees\":{\"@type\":\"QuantitativeValue\",\"minValue\":\"1\",\"maxValue\":\"10\"}},{\"@type\":\"Person\",\"@id\":\"https:\/\/dicodusport.fr\/blog\/#\/schema\/person\/55dcb50ad410894e431ed812bbb70191\",\"name\":\"Nicolas Jacquemard\",\"image\":{\"@type\":\"ImageObject\",\"inLanguage\":\"fr-FR\",\"@id\":\"https:\/\/dicodusport.fr\/blog\/#\/schema\/person\/image\/\",\"url\":\"https:\/\/dicodusport.fr\/blog\/wp-content\/uploads\/2021\/05\/Nicolas-Jacquemard-150x150.jpeg\",\"contentUrl\":\"https:\/\/dicodusport.fr\/blog\/wp-content\/uploads\/2021\/05\/Nicolas-Jacquemard-150x150.jpeg\",\"caption\":\"Nicolas Jacquemard\"},\"description\":\"Passionn\u00e9 de sport et entrepreneur depuis mes 18 ans, la cr\u00e9ation de Dicodusport m'a sembl\u00e9 \u00e9vidente pour participer \u00e0 la m\u00e9diatisation d'un plus grand nombre de sports. Le chemin est long mais avec une \u00e9quipe des plus motiv\u00e9es et les Jeux Olympiques de Paris 2024 en point de mire, nous y arriverons ! Journaliste dans le monde du sport depuis plus de 5 ans, je traite aussi bien de football, de rugby, de biathlon que de cyclisme.\",\"sameAs\":[\"https:\/\/www.facebook.com\/dicodusport\",\"https:\/\/x.com\/https:\/\/twitter.com\/Nico_Jacquemard\"],\"url\":\"https:\/\/dicodusport.fr\/blog\/author\/dicodusport\/\"}]}<\/script>\n<!-- \/ Yoast SEO Premium plugin. -->","yoast_head_json":{"title":"Thomas Voeckler : \"On a peut-\u00eatre commis une erreur ou deux, j'en ai ma part\"","description":"Thomas Voeckler dressait un bilan positif apr\u00e8s la deuxi\u00e8me place de Christophe Laporte aux Mondiaux derri\u00e8re le ph\u00e9nom\u00e8ne Remco Evenepoel.\u00a0","robots":{"index":"index","follow":"follow","max-snippet":"max-snippet:-1","max-image-preview":"max-image-preview:large","max-video-preview":"max-video-preview:-1"},"canonical":"https:\/\/dicodusport.fr\/blog\/thomas-voeckler-on-a-peut-etre-commis-une-erreur-ou-deux-jen-ai-ma-part\/","og_locale":"fr_FR","og_type":"article","og_title":"Thomas Voeckler : \"On a peut-\u00eatre commis une erreur ou deux, j'en ai ma part\"","og_description":"Thomas Voeckler dressait un bilan positif apr\u00e8s la deuxi\u00e8me place de Christophe Laporte aux Mondiaux derri\u00e8re le ph\u00e9nom\u00e8ne Remco Evenepoel.\u00a0","og_url":"https:\/\/dicodusport.fr\/blog\/thomas-voeckler-on-a-peut-etre-commis-une-erreur-ou-deux-jen-ai-ma-part\/","og_site_name":"Dicodusport","article_publisher":"https:\/\/www.facebook.com\/dicodusport","article_author":"https:\/\/www.facebook.com\/dicodusport","article_published_time":"2022-09-25T08:25:11+00:00","article_modified_time":"2022-09-25T08:31:02+00:00","og_image":[{"width":800,"height":445,"url":"https:\/\/dicodusport.fr\/blog\/wp-content\/uploads\/2021\/09\/Thomas-Voeckler-Le-parcours-nest-pas-tre\u0300s-dur.png","type":"image\/png"}],"author":"Nicolas Jacquemard","twitter_card":"summary_large_image","twitter_title":"Thomas Voeckler : \"On a peut-\u00eatre commis une erreur ou deux, j'en ai ma part\"","twitter_creator":"@https:\/\/twitter.com\/Nico_Jacquemard","twitter_site":"@dicodusport","schema":{"@context":"https:\/\/schema.org","@graph":[{"@type":"NewsArticle","@id":"https:\/\/dicodusport.fr\/blog\/thomas-voeckler-on-a-peut-etre-commis-une-erreur-ou-deux-jen-ai-ma-part\/#article","isPartOf":{"@id":"https:\/\/dicodusport.fr\/blog\/thomas-voeckler-on-a-peut-etre-commis-une-erreur-ou-deux-jen-ai-ma-part\/"},"author":{"name":"Nicolas Jacquemard","@id":"https:\/\/dicodusport.fr\/blog\/#\/schema\/person\/55dcb50ad410894e431ed812bbb70191"},"headline":"Thomas Voeckler : \u00ab\u00a0On a peut-\u00eatre commis une erreur ou deux, j&rsquo;en ai ma part\u00a0\u00bb","datePublished":"2022-09-25T08:25:11+00:00","dateModified":"2022-09-25T08:31:02+00:00","mainEntityOfPage":{"@id":"https:\/\/dicodusport.fr\/blog\/thomas-voeckler-on-a-peut-etre-commis-une-erreur-ou-deux-jen-ai-ma-part\/"},"wordCount":300,"commentCount":1,"publisher":{"@id":"https:\/\/dicodusport.fr\/blog\/#organization"},"image":{"@id":"https:\/\/dicodusport.fr\/blog\/thomas-voeckler-on-a-peut-etre-commis-une-erreur-ou-deux-jen-ai-ma-part\/#primaryimage"},"thumbnailUrl":"https:\/\/dicodusport.fr\/blog\/wp-content\/uploads\/2021\/09\/Thomas-Voeckler-Le-parcours-nest-pas-tre\u0300s-dur.png","keywords":["Laporte","Thomas Voeckler","voeckler"],"articleSection":["Cyclisme sur route"],"inLanguage":"fr-FR","potentialAction":[{"@type":"CommentAction","name":"Comment","target":["https:\/\/dicodusport.fr\/blog\/thomas-voeckler-on-a-peut-etre-commis-une-erreur-ou-deux-jen-ai-ma-part\/#respond"]}],"copyrightYear":"2022","copyrightHolder":{"@id":"https:\/\/dicodusport.fr\/blog\/#organization"}},{"@type":"WebPage","@id":"https:\/\/dicodusport.fr\/blog\/thomas-voeckler-on-a-peut-etre-commis-une-erreur-ou-deux-jen-ai-ma-part\/","url":"https:\/\/dicodusport.fr\/blog\/thomas-voeckler-on-a-peut-etre-commis-une-erreur-ou-deux-jen-ai-ma-part\/","name":"Thomas Voeckler : \"On a peut-\u00eatre commis une erreur ou deux, j'en ai ma part\"","isPartOf":{"@id":"https:\/\/dicodusport.fr\/blog\/#website"},"primaryImageOfPage":{"@id":"https:\/\/dicodusport.fr\/blog\/thomas-voeckler-on-a-peut-etre-commis-une-erreur-ou-deux-jen-ai-ma-part\/#primaryimage"},"image":{"@id":"https:\/\/dicodusport.fr\/blog\/thomas-voeckler-on-a-peut-etre-commis-une-erreur-ou-deux-jen-ai-ma-part\/#primaryimage"},"thumbnailUrl":"https:\/\/dicodusport.fr\/blog\/wp-content\/uploads\/2021\/09\/Thomas-Voeckler-Le-parcours-nest-pas-tre\u0300s-dur.png","datePublished":"2022-09-25T08:25:11+00:00","dateModified":"2022-09-25T08:31:02+00:00","description":"Thomas Voeckler dressait un bilan positif apr\u00e8s la deuxi\u00e8me place de Christophe Laporte aux Mondiaux derri\u00e8re le ph\u00e9nom\u00e8ne Remco Evenepoel.\u00a0","breadcrumb":{"@id":"https:\/\/dicodusport.fr\/blog\/thomas-voeckler-on-a-peut-etre-commis-une-erreur-ou-deux-jen-ai-ma-part\/#breadcrumb"},"inLanguage":"fr-FR","potentialAction":[{"@type":"ReadAction","target":["https:\/\/dicodusport.fr\/blog\/thomas-voeckler-on-a-peut-etre-commis-une-erreur-ou-deux-jen-ai-ma-part\/"]}]},{"@type":"ImageObject","inLanguage":"fr-FR","@id":"https:\/\/dicodusport.fr\/blog\/thomas-voeckler-on-a-peut-etre-commis-une-erreur-ou-deux-jen-ai-ma-part\/#primaryimage","url":"https:\/\/dicodusport.fr\/blog\/wp-content\/uploads\/2021\/09\/Thomas-Voeckler-Le-parcours-nest-pas-tre\u0300s-dur.png","contentUrl":"https:\/\/dicodusport.fr\/blog\/wp-content\/uploads\/2021\/09\/Thomas-Voeckler-Le-parcours-nest-pas-tre\u0300s-dur.png","width":800,"height":445},{"@type":"BreadcrumbList","@id":"https:\/\/dicodusport.fr\/blog\/thomas-voeckler-on-a-peut-etre-commis-une-erreur-ou-deux-jen-ai-ma-part\/#breadcrumb","itemListElement":[{"@type":"ListItem","position":1,"name":"Accueil","item":"https:\/\/dicodusport.fr\/blog\/"},{"@type":"ListItem","position":2,"name":"Thomas Voeckler : \u00ab\u00a0On a peut-\u00eatre commis une erreur ou deux, j&rsquo;en ai ma part\u00a0\u00bb"}]},{"@type":"WebSite","@id":"https:\/\/dicodusport.fr\/blog\/#website","url":"https:\/\/dicodusport.fr\/blog\/","name":"Dicodusport","description":"L&#039;encyclop\u00e9die de l&#039;actualit\u00e9 sportive","publisher":{"@id":"https:\/\/dicodusport.fr\/blog\/#organization"},"potentialAction":[{"@type":"SearchAction","target":{"@type":"EntryPoint","urlTemplate":"https:\/\/dicodusport.fr\/blog\/?s={search_term_string}"},"query-input":{"@type":"PropertyValueSpecification","valueRequired":true,"valueName":"search_term_string"}}],"inLanguage":"fr-FR"},{"@type":"NewsMediaOrganization","@id":"https:\/\/dicodusport.fr\/blog\/#organization","name":"Dicodusport","url":"https:\/\/dicodusport.fr\/blog\/","logo":{"@type":"ImageObject","inLanguage":"fr-FR","@id":"https:\/\/dicodusport.fr\/blog\/#\/schema\/logo\/image\/","url":"https:\/\/dicodusport.fr\/blog\/wp-content\/uploads\/2020\/06\/cropped-LOGO-DICODUSPORT-2020-SANS-FOND-SANS-TEXTE.png","contentUrl":"https:\/\/dicodusport.fr\/blog\/wp-content\/uploads\/2020\/06\/cropped-LOGO-DICODUSPORT-2020-SANS-FOND-SANS-TEXTE.png","width":512,"height":512,"caption":"Dicodusport"},"image":{"@id":"https:\/\/dicodusport.fr\/blog\/#\/schema\/logo\/image\/"},"sameAs":["https:\/\/www.facebook.com\/dicodusport","https:\/\/x.com\/dicodusport","https:\/\/www.instagram.com\/dicodusport\/","https:\/\/www.youtube.com\/channel\/UC7V2KZ5sd3htJivAbA4ZG3w"],"description":"Dicodusport est l'encyclop\u00e9die de l'actualit\u00e9 sportive.","email":"bonjour@dicodusport.fr","legalName":"DICODUSPORT","foundingDate":"2018-01-14","vatID":"FR71834470973","taxID":"83447097300043","numberOfEmployees":{"@type":"QuantitativeValue","minValue":"1","maxValue":"10"}},{"@type":"Person","@id":"https:\/\/dicodusport.fr\/blog\/#\/schema\/person\/55dcb50ad410894e431ed812bbb70191","name":"Nicolas Jacquemard","image":{"@type":"ImageObject","inLanguage":"fr-FR","@id":"https:\/\/dicodusport.fr\/blog\/#\/schema\/person\/image\/","url":"https:\/\/dicodusport.fr\/blog\/wp-content\/uploads\/2021\/05\/Nicolas-Jacquemard-150x150.jpeg","contentUrl":"https:\/\/dicodusport.fr\/blog\/wp-content\/uploads\/2021\/05\/Nicolas-Jacquemard-150x150.jpeg","caption":"Nicolas Jacquemard"},"description":"Passionn\u00e9 de sport et entrepreneur depuis mes 18 ans, la cr\u00e9ation de Dicodusport m'a sembl\u00e9 \u00e9vidente pour participer \u00e0 la m\u00e9diatisation d'un plus grand nombre de sports. Le chemin est long mais avec une \u00e9quipe des plus motiv\u00e9es et les Jeux Olympiques de Paris 2024 en point de mire, nous y arriverons ! Journaliste dans le monde du sport depuis plus de 5 ans, je traite aussi bien de football, de rugby, de biathlon que de cyclisme.","sameAs":["https:\/\/www.facebook.com\/dicodusport","https:\/\/x.com\/https:\/\/twitter.com\/Nico_Jacquemard"],"url":"https:\/\/dicodusport.fr\/blog\/author\/dicodusport\/"}]}},"_links":{"self":[{"href":"https:\/\/dicodusport.fr\/blog\/wp-json\/wp\/v2\/posts\/264879","targetHints":{"allow":["GET"]}}],"collection":[{"href":"https:\/\/dicodusport.fr\/blog\/wp-json\/wp\/v2\/posts"}],"about":[{"href":"https:\/\/dicodusport.fr\/blog\/wp-json\/wp\/v2\/types\/post"}],"author":[{"embeddable":true,"href":"https:\/\/dicodusport.fr\/blog\/wp-json\/wp\/v2\/users\/1"}],"replies":[{"embeddable":true,"href":"https:\/\/dicodusport.fr\/blog\/wp-json\/wp\/v2\/comments?post=264879"}],"version-history":[{"count":0,"href":"https:\/\/dicodusport.fr\/blog\/wp-json\/wp\/v2\/posts\/264879\/revisions"}],"wp:featuredmedia":[{"embeddable":true,"href":"https:\/\/dicodusport.fr\/blog\/wp-json\/wp\/v2\/media\/169240"}],"wp:attachment":[{"href":"https:\/\/dicodusport.fr\/blog\/wp-json\/wp\/v2\/media?parent=264879"}],"wp:term":[{"taxonomy":"category","embeddable":true,"href":"https:\/\/dicodusport.fr\/blog\/wp-json\/wp\/v2\/categories?post=264879"},{"taxonomy":"post_tag","embeddable":true,"href":"https:\/\/dicodusport.fr\/blog\/wp-json\/wp\/v2\/tags?post=264879"}],"curies":[{"name":"wp","href":"https:\/\/api.w.org\/{rel}","templated":true}]}}