{"id":26509,"date":"2018-09-28T16:45:40","date_gmt":"2018-09-28T14:45:40","guid":{"rendered":"http:\/\/dicodusport.fr\/blog\/?p=26509"},"modified":"2018-09-28T17:20:34","modified_gmt":"2018-09-28T15:20:34","slug":"innsbruck-2018-le-suisse-marc-hirschi-sacre-chez-les-espoirs","status":"publish","type":"post","link":"https:\/\/dicodusport.fr\/blog\/innsbruck-2018-le-suisse-marc-hirschi-sacre-chez-les-espoirs\/","title":{"rendered":"Innsbruck 2018 : le Suisse Marc Hirschi sacr\u00e9 chez les espoirs"},"content":{"rendered":"<p style=\"text-align: justify;\"><em><strong>Mondiaux &#8211; L&rsquo;Helv\u00e8te Marc Hirschi s&rsquo;est impos\u00e9 sur la course en ligne espoirs des championnats du Monde \u00e0 Innsbruck.<\/strong><\/em><\/p>\n<p style=\"text-align: justify;\">Pour la premi\u00e8re fois, un Suisse est devenu champion du monde espoirs \u00e0 Innsbruck. D\u00e9j\u00e0 champion d&rsquo;Europe \u00e0 Glasgow, Marc Hirschi a enlev\u00e9 le titre mondial lors de la course en ligne qui s&rsquo;est d\u00e9roul\u00e9e aujourd&rsquo;hui. Deuxi\u00e8me du Tour d&rsquo;Alsace cet \u00e9t\u00e9, le Bernois a devanc\u00e9 le Belge Bjorg Lambrecht et le Finlandais Jaako H\u00e4nninen. Marc Hirschi a fait la diff\u00e9rence \u00e0 7km de l&rsquo;arriv\u00e9e dans la descente de la principale difficult\u00e9 du parcours autrichien.<\/p>\n<p style=\"text-align: justify;\">C\u00f4t\u00e9 fran\u00e7ais, aucun n&rsquo;a r\u00e9ussi \u00e0 terminer dans le top 10. Cl\u00e9ment Champoussin termine \u00e0 la 12\u00e8me place tandis qu&rsquo;Aur\u00e9lien Paret-Peintre prend la 13\u00e8me place. D\u00e9ception pour Valentin Madouas, seulement 27\u00e8me.<\/p>\n<p><strong><em>F<\/em><\/strong><strong><em>lo Ostermann<br \/>\n<a href=\"https:\/\/www.facebook.com\/florent.ostermann\"><img loading=\"lazy\" decoding=\"async\" class=\"alignnone wp-image-2909\" src=\"http:\/\/dicodusport.fr\/blog\/wp-content\/uploads\/2017\/07\/logo-facebook-150x150.png\" sizes=\"auto, (max-width: 40px) 100vw, 40px\" srcset=\"https:\/\/dicodusport.fr\/blog\/wp-content\/uploads\/2017\/07\/logo-facebook-150x150.png 150w, https:\/\/dicodusport.fr\/blog\/wp-content\/uploads\/2017\/07\/logo-facebook-300x300.png 300w, https:\/\/dicodusport.fr\/blog\/wp-content\/uploads\/2017\/07\/logo-facebook.png 400w\" alt=\"\" width=\"40\" height=\"40\" \/><\/a><a href=\"https:\/\/twitter.com\/SportInsideMag\"><img loading=\"lazy\" decoding=\"async\" class=\"alignnone wp-image-2908\" src=\"http:\/\/dicodusport.fr\/blog\/wp-content\/uploads\/2017\/07\/logo-twitter-150x150.png\" alt=\"\" width=\"39\" height=\"39\" \/><\/a><\/em><\/strong><\/p>\n","protected":false},"excerpt":{"rendered":"<p>Mondiaux &#8211; L&rsquo;Helv\u00e8te Marc Hirschi s&rsquo;est impos\u00e9 sur la course en ligne espoirs des championnats du Monde \u00e0 Innsbruck.<\/p>\n","protected":false},"author":4,"featured_media":26510,"comment_status":"open","ping_status":"closed","sticky":false,"template":"","format":"standard","meta":{"_acf_changed":false,"_daextam_enable_autolinks":"","footnotes":""},"categories":[2,2307],"tags":[6098],"class_list":["post-26509","post","type-post","status-publish","format-standard","has-post-thumbnail","hentry","category-actualites","category-cyclisme","tag-mondiaux-cyclisme"],"acf":[],"yoast_head":"<!-- This site is optimized with the Yoast SEO Premium plugin v26.7 (Yoast SEO v26.7) - https:\/\/yoast.com\/wordpress\/plugins\/seo\/ -->\n<title>Innsbruck 2018 : le Suisse Marc Hirschi sacr\u00e9 chez les espoirs<\/title>\n<meta name=\"description\" content=\"Mondiaux - L&#039;Helv\u00e8te Marc Hirschi s&#039;est impos\u00e9 sur la course en ligne espoirs des championnats du Monde \u00e0 Innsbruck.\" \/>\n<meta name=\"robots\" content=\"index, follow, max-snippet:-1, max-image-preview:large, max-video-preview:-1\" \/>\n<link rel=\"canonical\" href=\"https:\/\/dicodusport.fr\/blog\/innsbruck-2018-le-suisse-marc-hirschi-sacre-chez-les-espoirs\/\" \/>\n<meta property=\"og:locale\" content=\"fr_FR\" \/>\n<meta property=\"og:type\" content=\"article\" \/>\n<meta property=\"og:title\" content=\"Innsbruck 2018 : le Suisse Marc Hirschi sacr\u00e9 chez les espoirs\" \/>\n<meta property=\"og:description\" content=\"Mondiaux - L&#039;Helv\u00e8te Marc Hirschi s&#039;est impos\u00e9 sur la course en ligne espoirs des championnats du Monde \u00e0 Innsbruck.\" \/>\n<meta property=\"og:url\" content=\"https:\/\/dicodusport.fr\/blog\/innsbruck-2018-le-suisse-marc-hirschi-sacre-chez-les-espoirs\/\" \/>\n<meta property=\"og:site_name\" content=\"Dicodusport\" \/>\n<meta property=\"article:publisher\" content=\"https:\/\/www.facebook.com\/dicodusport\" \/>\n<meta property=\"article:author\" content=\"https:\/\/www.facebook.com\/florent.ostermann\" \/>\n<meta property=\"article:published_time\" content=\"2018-09-28T14:45:40+00:00\" \/>\n<meta property=\"article:modified_time\" content=\"2018-09-28T15:20:34+00:00\" \/>\n<meta property=\"og:image\" content=\"https:\/\/dicodusport.fr\/blog\/wp-content\/uploads\/2018\/09\/Marc-Hirschi-Innsbruck.png\" \/>\n\t<meta property=\"og:image:width\" content=\"800\" \/>\n\t<meta property=\"og:image:height\" content=\"445\" \/>\n\t<meta property=\"og:image:type\" content=\"image\/png\" \/>\n<meta name=\"author\" content=\"Flo Ostermann\" \/>\n<meta name=\"twitter:card\" content=\"summary_large_image\" \/>\n<meta name=\"twitter:creator\" content=\"@https:\/\/twitter.com\/FlOstermann\" \/>\n<meta name=\"twitter:site\" content=\"@dicodusport\" \/>\n<script type=\"application\/ld+json\" class=\"yoast-schema-graph\">{\"@context\":\"https:\/\/schema.org\",\"@graph\":[{\"@type\":\"NewsArticle\",\"@id\":\"https:\/\/dicodusport.fr\/blog\/innsbruck-2018-le-suisse-marc-hirschi-sacre-chez-les-espoirs\/#article\",\"isPartOf\":{\"@id\":\"https:\/\/dicodusport.fr\/blog\/innsbruck-2018-le-suisse-marc-hirschi-sacre-chez-les-espoirs\/\"},\"author\":{\"name\":\"Flo Ostermann\",\"@id\":\"https:\/\/dicodusport.fr\/blog\/#\/schema\/person\/cb02af4c173ce4a653b55e9baf388d4a\"},\"headline\":\"Innsbruck 2018 : le Suisse Marc Hirschi sacr\u00e9 chez les espoirs\",\"datePublished\":\"2018-09-28T14:45:40+00:00\",\"dateModified\":\"2018-09-28T15:20:34+00:00\",\"mainEntityOfPage\":{\"@id\":\"https:\/\/dicodusport.fr\/blog\/innsbruck-2018-le-suisse-marc-hirschi-sacre-chez-les-espoirs\/\"},\"wordCount\":154,\"commentCount\":0,\"publisher\":{\"@id\":\"https:\/\/dicodusport.fr\/blog\/#organization\"},\"image\":{\"@id\":\"https:\/\/dicodusport.fr\/blog\/innsbruck-2018-le-suisse-marc-hirschi-sacre-chez-les-espoirs\/#primaryimage\"},\"thumbnailUrl\":\"https:\/\/dicodusport.fr\/blog\/wp-content\/uploads\/2018\/09\/Marc-Hirschi-Innsbruck.png\",\"keywords\":[\"Mondiaux Cyclisme\"],\"articleSection\":[\"Actualit\u00e9s\",\"Cyclisme\"],\"inLanguage\":\"fr-FR\",\"potentialAction\":[{\"@type\":\"CommentAction\",\"name\":\"Comment\",\"target\":[\"https:\/\/dicodusport.fr\/blog\/innsbruck-2018-le-suisse-marc-hirschi-sacre-chez-les-espoirs\/#respond\"]}],\"copyrightYear\":\"2018\",\"copyrightHolder\":{\"@id\":\"https:\/\/dicodusport.fr\/blog\/#organization\"}},{\"@type\":\"WebPage\",\"@id\":\"https:\/\/dicodusport.fr\/blog\/innsbruck-2018-le-suisse-marc-hirschi-sacre-chez-les-espoirs\/\",\"url\":\"https:\/\/dicodusport.fr\/blog\/innsbruck-2018-le-suisse-marc-hirschi-sacre-chez-les-espoirs\/\",\"name\":\"Innsbruck 2018 : le Suisse Marc Hirschi sacr\u00e9 chez les espoirs\",\"isPartOf\":{\"@id\":\"https:\/\/dicodusport.fr\/blog\/#website\"},\"primaryImageOfPage\":{\"@id\":\"https:\/\/dicodusport.fr\/blog\/innsbruck-2018-le-suisse-marc-hirschi-sacre-chez-les-espoirs\/#primaryimage\"},\"image\":{\"@id\":\"https:\/\/dicodusport.fr\/blog\/innsbruck-2018-le-suisse-marc-hirschi-sacre-chez-les-espoirs\/#primaryimage\"},\"thumbnailUrl\":\"https:\/\/dicodusport.fr\/blog\/wp-content\/uploads\/2018\/09\/Marc-Hirschi-Innsbruck.png\",\"datePublished\":\"2018-09-28T14:45:40+00:00\",\"dateModified\":\"2018-09-28T15:20:34+00:00\",\"description\":\"Mondiaux - L'Helv\u00e8te Marc Hirschi s'est impos\u00e9 sur la course en ligne espoirs des championnats du Monde \u00e0 Innsbruck.\",\"breadcrumb\":{\"@id\":\"https:\/\/dicodusport.fr\/blog\/innsbruck-2018-le-suisse-marc-hirschi-sacre-chez-les-espoirs\/#breadcrumb\"},\"inLanguage\":\"fr-FR\",\"potentialAction\":[{\"@type\":\"ReadAction\",\"target\":[\"https:\/\/dicodusport.fr\/blog\/innsbruck-2018-le-suisse-marc-hirschi-sacre-chez-les-espoirs\/\"]}]},{\"@type\":\"ImageObject\",\"inLanguage\":\"fr-FR\",\"@id\":\"https:\/\/dicodusport.fr\/blog\/innsbruck-2018-le-suisse-marc-hirschi-sacre-chez-les-espoirs\/#primaryimage\",\"url\":\"https:\/\/dicodusport.fr\/blog\/wp-content\/uploads\/2018\/09\/Marc-Hirschi-Innsbruck.png\",\"contentUrl\":\"https:\/\/dicodusport.fr\/blog\/wp-content\/uploads\/2018\/09\/Marc-Hirschi-Innsbruck.png\",\"width\":800,\"height\":445},{\"@type\":\"BreadcrumbList\",\"@id\":\"https:\/\/dicodusport.fr\/blog\/innsbruck-2018-le-suisse-marc-hirschi-sacre-chez-les-espoirs\/#breadcrumb\",\"itemListElement\":[{\"@type\":\"ListItem\",\"position\":1,\"name\":\"Accueil\",\"item\":\"https:\/\/dicodusport.fr\/blog\/\"},{\"@type\":\"ListItem\",\"position\":2,\"name\":\"Innsbruck 2018 : le Suisse Marc Hirschi sacr\u00e9 chez les espoirs\"}]},{\"@type\":\"WebSite\",\"@id\":\"https:\/\/dicodusport.fr\/blog\/#website\",\"url\":\"https:\/\/dicodusport.fr\/blog\/\",\"name\":\"Dicodusport\",\"description\":\"L&#039;encyclop\u00e9die de l&#039;actualit\u00e9 sportive\",\"publisher\":{\"@id\":\"https:\/\/dicodusport.fr\/blog\/#organization\"},\"potentialAction\":[{\"@type\":\"SearchAction\",\"target\":{\"@type\":\"EntryPoint\",\"urlTemplate\":\"https:\/\/dicodusport.fr\/blog\/?s={search_term_string}\"},\"query-input\":{\"@type\":\"PropertyValueSpecification\",\"valueRequired\":true,\"valueName\":\"search_term_string\"}}],\"inLanguage\":\"fr-FR\"},{\"@type\":\"NewsMediaOrganization\",\"@id\":\"https:\/\/dicodusport.fr\/blog\/#organization\",\"name\":\"Dicodusport\",\"url\":\"https:\/\/dicodusport.fr\/blog\/\",\"logo\":{\"@type\":\"ImageObject\",\"inLanguage\":\"fr-FR\",\"@id\":\"https:\/\/dicodusport.fr\/blog\/#\/schema\/logo\/image\/\",\"url\":\"https:\/\/dicodusport.fr\/blog\/wp-content\/uploads\/2020\/06\/cropped-LOGO-DICODUSPORT-2020-SANS-FOND-SANS-TEXTE.png\",\"contentUrl\":\"https:\/\/dicodusport.fr\/blog\/wp-content\/uploads\/2020\/06\/cropped-LOGO-DICODUSPORT-2020-SANS-FOND-SANS-TEXTE.png\",\"width\":512,\"height\":512,\"caption\":\"Dicodusport\"},\"image\":{\"@id\":\"https:\/\/dicodusport.fr\/blog\/#\/schema\/logo\/image\/\"},\"sameAs\":[\"https:\/\/www.facebook.com\/dicodusport\",\"https:\/\/x.com\/dicodusport\",\"https:\/\/www.instagram.com\/dicodusport\/\",\"https:\/\/www.youtube.com\/channel\/UC7V2KZ5sd3htJivAbA4ZG3w\"],\"description\":\"Dicodusport est l'encyclop\u00e9die de l'actualit\u00e9 sportive.\",\"email\":\"bonjour@dicodusport.fr\",\"legalName\":\"DICODUSPORT\",\"foundingDate\":\"2018-01-14\",\"vatID\":\"FR71834470973\",\"taxID\":\"83447097300043\",\"numberOfEmployees\":{\"@type\":\"QuantitativeValue\",\"minValue\":\"1\",\"maxValue\":\"10\"}},{\"@type\":\"Person\",\"@id\":\"https:\/\/dicodusport.fr\/blog\/#\/schema\/person\/cb02af4c173ce4a653b55e9baf388d4a\",\"name\":\"Flo Ostermann\",\"image\":{\"@type\":\"ImageObject\",\"inLanguage\":\"fr-FR\",\"@id\":\"https:\/\/dicodusport.fr\/blog\/#\/schema\/person\/image\/\",\"url\":\"https:\/\/dicodusport.fr\/blog\/wp-content\/uploads\/2021\/05\/Flo-Ostermann-150x150.jpg\",\"contentUrl\":\"https:\/\/dicodusport.fr\/blog\/wp-content\/uploads\/2021\/05\/Flo-Ostermann-150x150.jpg\",\"caption\":\"Flo Ostermann\"},\"description\":\"Journaliste\/R\u00e9dacteur depuis septembre 2015 - Mes premiers souvenirs dans le sport ? Les envol\u00e9es du Stade Toulousain et les duels Villeneuve-Schumacher et H\u00e4kkinen-Schumacher \u00e0 la fin des ann\u00e9es 90, la Coupe du monde de football en 1998, l\u2019exploit du XV de France face aux All Blacks en 1999, mais aussi Richard C\u0153ur de Lion qui vole sur les montagnes du Tour de France. Bien parti pour devenir professeur d\u2019EPS, les \u00e9v\u00e9nements de la vie (et la flemme d\u2019animer des s\u00e9ances de 3x500 m\u00e8tres toute ma vie) m\u2019ont conduit \u00e0 revoir mes plans. Me voil\u00e0 depuis fin 2017 sur Dicodusport, m\u00e9dia gr\u00e2ce (et pour) lequel je partage ma passion : le sport dans tous ses \u00e9tats. Le tout accompagn\u00e9 par les fous furieux et folles furieuses cit\u00e9s sur cette page !\",\"sameAs\":[\"https:\/\/www.facebook.com\/florent.ostermann\",\"https:\/\/x.com\/https:\/\/twitter.com\/FlOstermann\",\"admin\"],\"url\":\"https:\/\/dicodusport.fr\/blog\/author\/flo\/\"}]}<\/script>\n<!-- \/ Yoast SEO Premium plugin. -->","yoast_head_json":{"title":"Innsbruck 2018 : le Suisse Marc Hirschi sacr\u00e9 chez les espoirs","description":"Mondiaux - L'Helv\u00e8te Marc Hirschi s'est impos\u00e9 sur la course en ligne espoirs des championnats du Monde \u00e0 Innsbruck.","robots":{"index":"index","follow":"follow","max-snippet":"max-snippet:-1","max-image-preview":"max-image-preview:large","max-video-preview":"max-video-preview:-1"},"canonical":"https:\/\/dicodusport.fr\/blog\/innsbruck-2018-le-suisse-marc-hirschi-sacre-chez-les-espoirs\/","og_locale":"fr_FR","og_type":"article","og_title":"Innsbruck 2018 : le Suisse Marc Hirschi sacr\u00e9 chez les espoirs","og_description":"Mondiaux - L'Helv\u00e8te Marc Hirschi s'est impos\u00e9 sur la course en ligne espoirs des championnats du Monde \u00e0 Innsbruck.","og_url":"https:\/\/dicodusport.fr\/blog\/innsbruck-2018-le-suisse-marc-hirschi-sacre-chez-les-espoirs\/","og_site_name":"Dicodusport","article_publisher":"https:\/\/www.facebook.com\/dicodusport","article_author":"https:\/\/www.facebook.com\/florent.ostermann","article_published_time":"2018-09-28T14:45:40+00:00","article_modified_time":"2018-09-28T15:20:34+00:00","og_image":[{"width":800,"height":445,"url":"https:\/\/dicodusport.fr\/blog\/wp-content\/uploads\/2018\/09\/Marc-Hirschi-Innsbruck.png","type":"image\/png"}],"author":"Flo Ostermann","twitter_card":"summary_large_image","twitter_creator":"@https:\/\/twitter.com\/FlOstermann","twitter_site":"@dicodusport","schema":{"@context":"https:\/\/schema.org","@graph":[{"@type":"NewsArticle","@id":"https:\/\/dicodusport.fr\/blog\/innsbruck-2018-le-suisse-marc-hirschi-sacre-chez-les-espoirs\/#article","isPartOf":{"@id":"https:\/\/dicodusport.fr\/blog\/innsbruck-2018-le-suisse-marc-hirschi-sacre-chez-les-espoirs\/"},"author":{"name":"Flo Ostermann","@id":"https:\/\/dicodusport.fr\/blog\/#\/schema\/person\/cb02af4c173ce4a653b55e9baf388d4a"},"headline":"Innsbruck 2018 : le Suisse Marc Hirschi sacr\u00e9 chez les espoirs","datePublished":"2018-09-28T14:45:40+00:00","dateModified":"2018-09-28T15:20:34+00:00","mainEntityOfPage":{"@id":"https:\/\/dicodusport.fr\/blog\/innsbruck-2018-le-suisse-marc-hirschi-sacre-chez-les-espoirs\/"},"wordCount":154,"commentCount":0,"publisher":{"@id":"https:\/\/dicodusport.fr\/blog\/#organization"},"image":{"@id":"https:\/\/dicodusport.fr\/blog\/innsbruck-2018-le-suisse-marc-hirschi-sacre-chez-les-espoirs\/#primaryimage"},"thumbnailUrl":"https:\/\/dicodusport.fr\/blog\/wp-content\/uploads\/2018\/09\/Marc-Hirschi-Innsbruck.png","keywords":["Mondiaux Cyclisme"],"articleSection":["Actualit\u00e9s","Cyclisme"],"inLanguage":"fr-FR","potentialAction":[{"@type":"CommentAction","name":"Comment","target":["https:\/\/dicodusport.fr\/blog\/innsbruck-2018-le-suisse-marc-hirschi-sacre-chez-les-espoirs\/#respond"]}],"copyrightYear":"2018","copyrightHolder":{"@id":"https:\/\/dicodusport.fr\/blog\/#organization"}},{"@type":"WebPage","@id":"https:\/\/dicodusport.fr\/blog\/innsbruck-2018-le-suisse-marc-hirschi-sacre-chez-les-espoirs\/","url":"https:\/\/dicodusport.fr\/blog\/innsbruck-2018-le-suisse-marc-hirschi-sacre-chez-les-espoirs\/","name":"Innsbruck 2018 : le Suisse Marc Hirschi sacr\u00e9 chez les espoirs","isPartOf":{"@id":"https:\/\/dicodusport.fr\/blog\/#website"},"primaryImageOfPage":{"@id":"https:\/\/dicodusport.fr\/blog\/innsbruck-2018-le-suisse-marc-hirschi-sacre-chez-les-espoirs\/#primaryimage"},"image":{"@id":"https:\/\/dicodusport.fr\/blog\/innsbruck-2018-le-suisse-marc-hirschi-sacre-chez-les-espoirs\/#primaryimage"},"thumbnailUrl":"https:\/\/dicodusport.fr\/blog\/wp-content\/uploads\/2018\/09\/Marc-Hirschi-Innsbruck.png","datePublished":"2018-09-28T14:45:40+00:00","dateModified":"2018-09-28T15:20:34+00:00","description":"Mondiaux - L'Helv\u00e8te Marc Hirschi s'est impos\u00e9 sur la course en ligne espoirs des championnats du Monde \u00e0 Innsbruck.","breadcrumb":{"@id":"https:\/\/dicodusport.fr\/blog\/innsbruck-2018-le-suisse-marc-hirschi-sacre-chez-les-espoirs\/#breadcrumb"},"inLanguage":"fr-FR","potentialAction":[{"@type":"ReadAction","target":["https:\/\/dicodusport.fr\/blog\/innsbruck-2018-le-suisse-marc-hirschi-sacre-chez-les-espoirs\/"]}]},{"@type":"ImageObject","inLanguage":"fr-FR","@id":"https:\/\/dicodusport.fr\/blog\/innsbruck-2018-le-suisse-marc-hirschi-sacre-chez-les-espoirs\/#primaryimage","url":"https:\/\/dicodusport.fr\/blog\/wp-content\/uploads\/2018\/09\/Marc-Hirschi-Innsbruck.png","contentUrl":"https:\/\/dicodusport.fr\/blog\/wp-content\/uploads\/2018\/09\/Marc-Hirschi-Innsbruck.png","width":800,"height":445},{"@type":"BreadcrumbList","@id":"https:\/\/dicodusport.fr\/blog\/innsbruck-2018-le-suisse-marc-hirschi-sacre-chez-les-espoirs\/#breadcrumb","itemListElement":[{"@type":"ListItem","position":1,"name":"Accueil","item":"https:\/\/dicodusport.fr\/blog\/"},{"@type":"ListItem","position":2,"name":"Innsbruck 2018 : le Suisse Marc Hirschi sacr\u00e9 chez les espoirs"}]},{"@type":"WebSite","@id":"https:\/\/dicodusport.fr\/blog\/#website","url":"https:\/\/dicodusport.fr\/blog\/","name":"Dicodusport","description":"L&#039;encyclop\u00e9die de l&#039;actualit\u00e9 sportive","publisher":{"@id":"https:\/\/dicodusport.fr\/blog\/#organization"},"potentialAction":[{"@type":"SearchAction","target":{"@type":"EntryPoint","urlTemplate":"https:\/\/dicodusport.fr\/blog\/?s={search_term_string}"},"query-input":{"@type":"PropertyValueSpecification","valueRequired":true,"valueName":"search_term_string"}}],"inLanguage":"fr-FR"},{"@type":"NewsMediaOrganization","@id":"https:\/\/dicodusport.fr\/blog\/#organization","name":"Dicodusport","url":"https:\/\/dicodusport.fr\/blog\/","logo":{"@type":"ImageObject","inLanguage":"fr-FR","@id":"https:\/\/dicodusport.fr\/blog\/#\/schema\/logo\/image\/","url":"https:\/\/dicodusport.fr\/blog\/wp-content\/uploads\/2020\/06\/cropped-LOGO-DICODUSPORT-2020-SANS-FOND-SANS-TEXTE.png","contentUrl":"https:\/\/dicodusport.fr\/blog\/wp-content\/uploads\/2020\/06\/cropped-LOGO-DICODUSPORT-2020-SANS-FOND-SANS-TEXTE.png","width":512,"height":512,"caption":"Dicodusport"},"image":{"@id":"https:\/\/dicodusport.fr\/blog\/#\/schema\/logo\/image\/"},"sameAs":["https:\/\/www.facebook.com\/dicodusport","https:\/\/x.com\/dicodusport","https:\/\/www.instagram.com\/dicodusport\/","https:\/\/www.youtube.com\/channel\/UC7V2KZ5sd3htJivAbA4ZG3w"],"description":"Dicodusport est l'encyclop\u00e9die de l'actualit\u00e9 sportive.","email":"bonjour@dicodusport.fr","legalName":"DICODUSPORT","foundingDate":"2018-01-14","vatID":"FR71834470973","taxID":"83447097300043","numberOfEmployees":{"@type":"QuantitativeValue","minValue":"1","maxValue":"10"}},{"@type":"Person","@id":"https:\/\/dicodusport.fr\/blog\/#\/schema\/person\/cb02af4c173ce4a653b55e9baf388d4a","name":"Flo Ostermann","image":{"@type":"ImageObject","inLanguage":"fr-FR","@id":"https:\/\/dicodusport.fr\/blog\/#\/schema\/person\/image\/","url":"https:\/\/dicodusport.fr\/blog\/wp-content\/uploads\/2021\/05\/Flo-Ostermann-150x150.jpg","contentUrl":"https:\/\/dicodusport.fr\/blog\/wp-content\/uploads\/2021\/05\/Flo-Ostermann-150x150.jpg","caption":"Flo Ostermann"},"description":"Journaliste\/R\u00e9dacteur depuis septembre 2015 - Mes premiers souvenirs dans le sport ? Les envol\u00e9es du Stade Toulousain et les duels Villeneuve-Schumacher et H\u00e4kkinen-Schumacher \u00e0 la fin des ann\u00e9es 90, la Coupe du monde de football en 1998, l\u2019exploit du XV de France face aux All Blacks en 1999, mais aussi Richard C\u0153ur de Lion qui vole sur les montagnes du Tour de France. Bien parti pour devenir professeur d\u2019EPS, les \u00e9v\u00e9nements de la vie (et la flemme d\u2019animer des s\u00e9ances de 3x500 m\u00e8tres toute ma vie) m\u2019ont conduit \u00e0 revoir mes plans. Me voil\u00e0 depuis fin 2017 sur Dicodusport, m\u00e9dia gr\u00e2ce (et pour) lequel je partage ma passion : le sport dans tous ses \u00e9tats. Le tout accompagn\u00e9 par les fous furieux et folles furieuses cit\u00e9s sur cette page !","sameAs":["https:\/\/www.facebook.com\/florent.ostermann","https:\/\/x.com\/https:\/\/twitter.com\/FlOstermann","admin"],"url":"https:\/\/dicodusport.fr\/blog\/author\/flo\/"}]}},"_links":{"self":[{"href":"https:\/\/dicodusport.fr\/blog\/wp-json\/wp\/v2\/posts\/26509","targetHints":{"allow":["GET"]}}],"collection":[{"href":"https:\/\/dicodusport.fr\/blog\/wp-json\/wp\/v2\/posts"}],"about":[{"href":"https:\/\/dicodusport.fr\/blog\/wp-json\/wp\/v2\/types\/post"}],"author":[{"embeddable":true,"href":"https:\/\/dicodusport.fr\/blog\/wp-json\/wp\/v2\/users\/4"}],"replies":[{"embeddable":true,"href":"https:\/\/dicodusport.fr\/blog\/wp-json\/wp\/v2\/comments?post=26509"}],"version-history":[{"count":0,"href":"https:\/\/dicodusport.fr\/blog\/wp-json\/wp\/v2\/posts\/26509\/revisions"}],"wp:featuredmedia":[{"embeddable":true,"href":"https:\/\/dicodusport.fr\/blog\/wp-json\/wp\/v2\/media\/26510"}],"wp:attachment":[{"href":"https:\/\/dicodusport.fr\/blog\/wp-json\/wp\/v2\/media?parent=26509"}],"wp:term":[{"taxonomy":"category","embeddable":true,"href":"https:\/\/dicodusport.fr\/blog\/wp-json\/wp\/v2\/categories?post=26509"},{"taxonomy":"post_tag","embeddable":true,"href":"https:\/\/dicodusport.fr\/blog\/wp-json\/wp\/v2\/tags?post=26509"}],"curies":[{"name":"wp","href":"https:\/\/api.w.org\/{rel}","templated":true}]}}