{"id":265260,"date":"2022-09-27T07:45:15","date_gmt":"2022-09-27T05:45:15","guid":{"rendered":"https:\/\/dicodusport.fr\/blog\/?p=265260&#038;preview=true&#038;preview_id=265260"},"modified":"2022-09-27T08:05:15","modified_gmt":"2022-09-27T06:05:15","slug":"remco-evenepoel-va-finalement-participer-a-une-course-en-2022-avec-le-maillot-arc-en-ciel","status":"publish","type":"post","link":"https:\/\/dicodusport.fr\/blog\/remco-evenepoel-va-finalement-participer-a-une-course-en-2022-avec-le-maillot-arc-en-ciel\/","title":{"rendered":"Remco Evenepoel va finalement participer \u00e0 une course en 2022 avec le maillot arc-en-ciel"},"content":{"rendered":"<p style=\"text-align: justify;\"><i><b>CYCLISME SUR ROUTE 2022 &#8211; Alors qu&rsquo;il avait annonc\u00e9\u00a0que sa saison \u00e9tait termin\u00e9e, Remco Evenepoel devrait bien s&rsquo;aligner sur une course d\u00e9but octobre.\u00a0<\/b><\/i><\/p>\n<p style=\"text-align: justify;\">Apr\u00e8s <a href=\"https:\/\/dicodusport.fr\/blog\/mondiaux-cyclisme-2022-remco-evenepoel-sacre-christophe-laporte-en-argent\/\">une nouvelle d\u00e9monstration sur les <strong>Mondiaux<\/strong> en Australie<\/a> et une saison bien pleine, on pensait que <strong>Remco<\/strong> <strong>Evenepoel<\/strong> \u00e9tait en vacances. Il l&rsquo;avait m\u00eame laiss\u00e9 entendre apr\u00e8s sa victoire dimanche. Mais selon la <em>Gazzetta dello Sport<\/em>, le champion du monde belge va bien s&rsquo;aligner sur une course d\u00e9but octobre avec son maillot arc-en-ciel. Il devrait \u00eatre au d\u00e9part de <strong>Binche-Chimay-Binche<\/strong> le 4 octobre prochain, mais ce sera sa seule apparition puisqu&rsquo;il ne sera pas au d\u00e9part du Tour de Lombardie, le 8 octobre. <strong>Remco<\/strong> <strong>Evenepoel<\/strong> a r\u00e9alis\u00e9 une ann\u00e9e 2022 exceptionnelle avec plusieurs belles courses ajout\u00e9es \u00e0 son palmar\u00e8s : le <strong>Tour<\/strong> <strong>d&rsquo;Espagne<\/strong>, <strong>Li\u00e8ge-Bastogne-Li\u00e8ge<\/strong> et donc les Championnats du monde.<\/p>\n<blockquote class=\"twitter-tweet\">\n<p dir=\"ltr\" lang=\"en\">Info <a href=\"https:\/\/twitter.com\/Gazzetta_it?ref_src=twsrc%5Etfw\">@Gazzetta_it<\/a> &#8211; <a href=\"https:\/\/twitter.com\/qst_alphavinyl?ref_src=twsrc%5Etfw\">@qst_alphavinyl<\/a> sources just confirmed us that the plan for <a href=\"https:\/\/twitter.com\/EvenepoelRemco?ref_src=twsrc%5Etfw\">@EvenepoelRemco<\/a> this year is to race only Binche-Chimay-Binche on 4 october, so confirmed no <a href=\"https:\/\/twitter.com\/Il_Lombardia?ref_src=twsrc%5Etfw\">@Il_Lombardia<\/a> for the current world champion <a href=\"https:\/\/twitter.com\/cycling_podcast?ref_src=twsrc%5Etfw\">@cycling_podcast<\/a> <a href=\"https:\/\/twitter.com\/elcyclingpod?ref_src=twsrc%5Etfw\">@elcyclingpod<\/a><\/p>\n<p>\u2014 Ciro Scognamiglio (@cirogazzetta) <a href=\"https:\/\/twitter.com\/cirogazzetta\/status\/1574460994159611921?ref_src=twsrc%5Etfw\">September 26, 2022<\/a><\/p><\/blockquote>\n<p><script async src=\"https:\/\/platform.twitter.com\/widgets.js\" charset=\"utf-8\"><\/script><\/p>\n","protected":false},"excerpt":{"rendered":"<p>CYCLISME SUR ROUTE 2022 &#8211; Alors qu&rsquo;il avait annonc\u00e9\u00a0que sa saison \u00e9tait termin\u00e9e, Remco Evenepoel devrait bien s&rsquo;aligner sur une course d\u00e9but octobre.\u00a0<\/p>\n","protected":false},"author":1,"featured_media":265262,"comment_status":"open","ping_status":"closed","sticky":false,"template":"","format":"standard","meta":{"_acf_changed":false,"_daextam_enable_autolinks":"","footnotes":""},"categories":[46994],"tags":[19691,8458,8420],"class_list":["post-265260","post","type-post","status-publish","format-standard","has-post-thumbnail","hentry","category-cyclisme-sur-route","tag-binche-chimay-binche","tag-evenepoel","tag-remco-evenepoel"],"acf":[],"yoast_head":"<!-- This site is optimized with the Yoast SEO Premium plugin v26.7 (Yoast SEO v26.7) - https:\/\/yoast.com\/wordpress\/plugins\/seo\/ -->\n<title>Remco Evenepoel va finalement participer \u00e0 une course en 2022 avec le maillot arc-en-ciel<\/title>\n<meta name=\"description\" content=\"Alors qu&#039;il avait annonc\u00e9\u00a0que sa saison \u00e9tait termin\u00e9e, Remco Evenepoel devrait bien s&#039;aligner sur une course d\u00e9but octobre.\u00a0\" \/>\n<meta name=\"robots\" content=\"index, follow, max-snippet:-1, max-image-preview:large, max-video-preview:-1\" \/>\n<link rel=\"canonical\" href=\"https:\/\/dicodusport.fr\/blog\/remco-evenepoel-va-finalement-participer-a-une-course-en-2022-avec-le-maillot-arc-en-ciel\/\" \/>\n<meta property=\"og:locale\" content=\"fr_FR\" \/>\n<meta property=\"og:type\" content=\"article\" \/>\n<meta property=\"og:title\" content=\"Remco Evenepoel va finalement participer \u00e0 une course en 2022 avec le maillot arc-en-ciel\" \/>\n<meta property=\"og:description\" content=\"Alors qu&#039;il avait annonc\u00e9\u00a0que sa saison \u00e9tait termin\u00e9e, Remco Evenepoel devrait bien s&#039;aligner sur une course d\u00e9but octobre.\u00a0\" \/>\n<meta property=\"og:url\" content=\"https:\/\/dicodusport.fr\/blog\/remco-evenepoel-va-finalement-participer-a-une-course-en-2022-avec-le-maillot-arc-en-ciel\/\" \/>\n<meta property=\"og:site_name\" content=\"Dicodusport\" \/>\n<meta property=\"article:publisher\" content=\"https:\/\/www.facebook.com\/dicodusport\" \/>\n<meta property=\"article:author\" content=\"https:\/\/www.facebook.com\/dicodusport\" \/>\n<meta property=\"article:published_time\" content=\"2022-09-27T05:45:15+00:00\" \/>\n<meta property=\"article:modified_time\" content=\"2022-09-27T06:05:15+00:00\" \/>\n<meta property=\"og:image\" content=\"https:\/\/dicodusport.fr\/blog\/wp-content\/uploads\/2022\/09\/Remco-Evenepoel-va-finalement-participer-a\u0300-une-course-en-2022-avec-le-maillot-arc-en-ciel.png\" \/>\n\t<meta property=\"og:image:width\" content=\"800\" \/>\n\t<meta property=\"og:image:height\" content=\"445\" \/>\n\t<meta property=\"og:image:type\" content=\"image\/png\" \/>\n<meta name=\"author\" content=\"Nicolas Jacquemard\" \/>\n<meta name=\"twitter:card\" content=\"summary_large_image\" \/>\n<meta name=\"twitter:title\" content=\"Remco Evenepoel va finalement participer \u00e0 une course en 2022 avec le maillot arc-en-ciel\" \/>\n<meta name=\"twitter:creator\" content=\"@https:\/\/twitter.com\/Nico_Jacquemard\" \/>\n<meta name=\"twitter:site\" content=\"@dicodusport\" \/>\n<script type=\"application\/ld+json\" class=\"yoast-schema-graph\">{\"@context\":\"https:\/\/schema.org\",\"@graph\":[{\"@type\":\"NewsArticle\",\"@id\":\"https:\/\/dicodusport.fr\/blog\/remco-evenepoel-va-finalement-participer-a-une-course-en-2022-avec-le-maillot-arc-en-ciel\/#article\",\"isPartOf\":{\"@id\":\"https:\/\/dicodusport.fr\/blog\/remco-evenepoel-va-finalement-participer-a-une-course-en-2022-avec-le-maillot-arc-en-ciel\/\"},\"author\":{\"name\":\"Nicolas Jacquemard\",\"@id\":\"https:\/\/dicodusport.fr\/blog\/#\/schema\/person\/55dcb50ad410894e431ed812bbb70191\"},\"headline\":\"Remco Evenepoel va finalement participer \u00e0 une course en 2022 avec le maillot arc-en-ciel\",\"datePublished\":\"2022-09-27T05:45:15+00:00\",\"dateModified\":\"2022-09-27T06:05:15+00:00\",\"mainEntityOfPage\":{\"@id\":\"https:\/\/dicodusport.fr\/blog\/remco-evenepoel-va-finalement-participer-a-une-course-en-2022-avec-le-maillot-arc-en-ciel\/\"},\"wordCount\":203,\"commentCount\":0,\"publisher\":{\"@id\":\"https:\/\/dicodusport.fr\/blog\/#organization\"},\"image\":{\"@id\":\"https:\/\/dicodusport.fr\/blog\/remco-evenepoel-va-finalement-participer-a-une-course-en-2022-avec-le-maillot-arc-en-ciel\/#primaryimage\"},\"thumbnailUrl\":\"https:\/\/dicodusport.fr\/blog\/wp-content\/uploads\/2022\/09\/Remco-Evenepoel-va-finalement-participer-a\u0300-une-course-en-2022-avec-le-maillot-arc-en-ciel.png\",\"keywords\":[\"Binche-Chimay-Binche\",\"Evenepoel\",\"Remco Evenepoel\"],\"articleSection\":[\"Cyclisme sur route\"],\"inLanguage\":\"fr-FR\",\"potentialAction\":[{\"@type\":\"CommentAction\",\"name\":\"Comment\",\"target\":[\"https:\/\/dicodusport.fr\/blog\/remco-evenepoel-va-finalement-participer-a-une-course-en-2022-avec-le-maillot-arc-en-ciel\/#respond\"]}],\"copyrightYear\":\"2022\",\"copyrightHolder\":{\"@id\":\"https:\/\/dicodusport.fr\/blog\/#organization\"}},{\"@type\":\"WebPage\",\"@id\":\"https:\/\/dicodusport.fr\/blog\/remco-evenepoel-va-finalement-participer-a-une-course-en-2022-avec-le-maillot-arc-en-ciel\/\",\"url\":\"https:\/\/dicodusport.fr\/blog\/remco-evenepoel-va-finalement-participer-a-une-course-en-2022-avec-le-maillot-arc-en-ciel\/\",\"name\":\"Remco Evenepoel va finalement participer \u00e0 une course en 2022 avec le maillot arc-en-ciel\",\"isPartOf\":{\"@id\":\"https:\/\/dicodusport.fr\/blog\/#website\"},\"primaryImageOfPage\":{\"@id\":\"https:\/\/dicodusport.fr\/blog\/remco-evenepoel-va-finalement-participer-a-une-course-en-2022-avec-le-maillot-arc-en-ciel\/#primaryimage\"},\"image\":{\"@id\":\"https:\/\/dicodusport.fr\/blog\/remco-evenepoel-va-finalement-participer-a-une-course-en-2022-avec-le-maillot-arc-en-ciel\/#primaryimage\"},\"thumbnailUrl\":\"https:\/\/dicodusport.fr\/blog\/wp-content\/uploads\/2022\/09\/Remco-Evenepoel-va-finalement-participer-a\u0300-une-course-en-2022-avec-le-maillot-arc-en-ciel.png\",\"datePublished\":\"2022-09-27T05:45:15+00:00\",\"dateModified\":\"2022-09-27T06:05:15+00:00\",\"description\":\"Alors qu'il avait annonc\u00e9\u00a0que sa saison \u00e9tait termin\u00e9e, Remco Evenepoel devrait bien s'aligner sur une course d\u00e9but octobre.\u00a0\",\"breadcrumb\":{\"@id\":\"https:\/\/dicodusport.fr\/blog\/remco-evenepoel-va-finalement-participer-a-une-course-en-2022-avec-le-maillot-arc-en-ciel\/#breadcrumb\"},\"inLanguage\":\"fr-FR\",\"potentialAction\":[{\"@type\":\"ReadAction\",\"target\":[\"https:\/\/dicodusport.fr\/blog\/remco-evenepoel-va-finalement-participer-a-une-course-en-2022-avec-le-maillot-arc-en-ciel\/\"]}]},{\"@type\":\"ImageObject\",\"inLanguage\":\"fr-FR\",\"@id\":\"https:\/\/dicodusport.fr\/blog\/remco-evenepoel-va-finalement-participer-a-une-course-en-2022-avec-le-maillot-arc-en-ciel\/#primaryimage\",\"url\":\"https:\/\/dicodusport.fr\/blog\/wp-content\/uploads\/2022\/09\/Remco-Evenepoel-va-finalement-participer-a\u0300-une-course-en-2022-avec-le-maillot-arc-en-ciel.png\",\"contentUrl\":\"https:\/\/dicodusport.fr\/blog\/wp-content\/uploads\/2022\/09\/Remco-Evenepoel-va-finalement-participer-a\u0300-une-course-en-2022-avec-le-maillot-arc-en-ciel.png\",\"width\":800,\"height\":445},{\"@type\":\"BreadcrumbList\",\"@id\":\"https:\/\/dicodusport.fr\/blog\/remco-evenepoel-va-finalement-participer-a-une-course-en-2022-avec-le-maillot-arc-en-ciel\/#breadcrumb\",\"itemListElement\":[{\"@type\":\"ListItem\",\"position\":1,\"name\":\"Accueil\",\"item\":\"https:\/\/dicodusport.fr\/blog\/\"},{\"@type\":\"ListItem\",\"position\":2,\"name\":\"Remco Evenepoel va finalement participer \u00e0 une course en 2022 avec le maillot arc-en-ciel\"}]},{\"@type\":\"WebSite\",\"@id\":\"https:\/\/dicodusport.fr\/blog\/#website\",\"url\":\"https:\/\/dicodusport.fr\/blog\/\",\"name\":\"Dicodusport\",\"description\":\"L&#039;encyclop\u00e9die de l&#039;actualit\u00e9 sportive\",\"publisher\":{\"@id\":\"https:\/\/dicodusport.fr\/blog\/#organization\"},\"potentialAction\":[{\"@type\":\"SearchAction\",\"target\":{\"@type\":\"EntryPoint\",\"urlTemplate\":\"https:\/\/dicodusport.fr\/blog\/?s={search_term_string}\"},\"query-input\":{\"@type\":\"PropertyValueSpecification\",\"valueRequired\":true,\"valueName\":\"search_term_string\"}}],\"inLanguage\":\"fr-FR\"},{\"@type\":\"NewsMediaOrganization\",\"@id\":\"https:\/\/dicodusport.fr\/blog\/#organization\",\"name\":\"Dicodusport\",\"url\":\"https:\/\/dicodusport.fr\/blog\/\",\"logo\":{\"@type\":\"ImageObject\",\"inLanguage\":\"fr-FR\",\"@id\":\"https:\/\/dicodusport.fr\/blog\/#\/schema\/logo\/image\/\",\"url\":\"https:\/\/dicodusport.fr\/blog\/wp-content\/uploads\/2020\/06\/cropped-LOGO-DICODUSPORT-2020-SANS-FOND-SANS-TEXTE.png\",\"contentUrl\":\"https:\/\/dicodusport.fr\/blog\/wp-content\/uploads\/2020\/06\/cropped-LOGO-DICODUSPORT-2020-SANS-FOND-SANS-TEXTE.png\",\"width\":512,\"height\":512,\"caption\":\"Dicodusport\"},\"image\":{\"@id\":\"https:\/\/dicodusport.fr\/blog\/#\/schema\/logo\/image\/\"},\"sameAs\":[\"https:\/\/www.facebook.com\/dicodusport\",\"https:\/\/x.com\/dicodusport\",\"https:\/\/www.instagram.com\/dicodusport\/\",\"https:\/\/www.youtube.com\/channel\/UC7V2KZ5sd3htJivAbA4ZG3w\"],\"description\":\"Dicodusport est l'encyclop\u00e9die de l'actualit\u00e9 sportive.\",\"email\":\"bonjour@dicodusport.fr\",\"legalName\":\"DICODUSPORT\",\"foundingDate\":\"2018-01-14\",\"vatID\":\"FR71834470973\",\"taxID\":\"83447097300043\",\"numberOfEmployees\":{\"@type\":\"QuantitativeValue\",\"minValue\":\"1\",\"maxValue\":\"10\"}},{\"@type\":\"Person\",\"@id\":\"https:\/\/dicodusport.fr\/blog\/#\/schema\/person\/55dcb50ad410894e431ed812bbb70191\",\"name\":\"Nicolas Jacquemard\",\"image\":{\"@type\":\"ImageObject\",\"inLanguage\":\"fr-FR\",\"@id\":\"https:\/\/dicodusport.fr\/blog\/#\/schema\/person\/image\/\",\"url\":\"https:\/\/dicodusport.fr\/blog\/wp-content\/uploads\/2021\/05\/Nicolas-Jacquemard-150x150.jpeg\",\"contentUrl\":\"https:\/\/dicodusport.fr\/blog\/wp-content\/uploads\/2021\/05\/Nicolas-Jacquemard-150x150.jpeg\",\"caption\":\"Nicolas Jacquemard\"},\"description\":\"Passionn\u00e9 de sport et entrepreneur depuis mes 18 ans, la cr\u00e9ation de Dicodusport m'a sembl\u00e9 \u00e9vidente pour participer \u00e0 la m\u00e9diatisation d'un plus grand nombre de sports. Le chemin est long mais avec une \u00e9quipe des plus motiv\u00e9es et les Jeux Olympiques de Paris 2024 en point de mire, nous y arriverons ! Journaliste dans le monde du sport depuis plus de 5 ans, je traite aussi bien de football, de rugby, de biathlon que de cyclisme.\",\"sameAs\":[\"https:\/\/www.facebook.com\/dicodusport\",\"https:\/\/x.com\/https:\/\/twitter.com\/Nico_Jacquemard\"],\"url\":\"https:\/\/dicodusport.fr\/blog\/author\/dicodusport\/\"}]}<\/script>\n<!-- \/ Yoast SEO Premium plugin. -->","yoast_head_json":{"title":"Remco Evenepoel va finalement participer \u00e0 une course en 2022 avec le maillot arc-en-ciel","description":"Alors qu'il avait annonc\u00e9\u00a0que sa saison \u00e9tait termin\u00e9e, Remco Evenepoel devrait bien s'aligner sur une course d\u00e9but octobre.\u00a0","robots":{"index":"index","follow":"follow","max-snippet":"max-snippet:-1","max-image-preview":"max-image-preview:large","max-video-preview":"max-video-preview:-1"},"canonical":"https:\/\/dicodusport.fr\/blog\/remco-evenepoel-va-finalement-participer-a-une-course-en-2022-avec-le-maillot-arc-en-ciel\/","og_locale":"fr_FR","og_type":"article","og_title":"Remco Evenepoel va finalement participer \u00e0 une course en 2022 avec le maillot arc-en-ciel","og_description":"Alors qu'il avait annonc\u00e9\u00a0que sa saison \u00e9tait termin\u00e9e, Remco Evenepoel devrait bien s'aligner sur une course d\u00e9but octobre.\u00a0","og_url":"https:\/\/dicodusport.fr\/blog\/remco-evenepoel-va-finalement-participer-a-une-course-en-2022-avec-le-maillot-arc-en-ciel\/","og_site_name":"Dicodusport","article_publisher":"https:\/\/www.facebook.com\/dicodusport","article_author":"https:\/\/www.facebook.com\/dicodusport","article_published_time":"2022-09-27T05:45:15+00:00","article_modified_time":"2022-09-27T06:05:15+00:00","og_image":[{"width":800,"height":445,"url":"https:\/\/dicodusport.fr\/blog\/wp-content\/uploads\/2022\/09\/Remco-Evenepoel-va-finalement-participer-a\u0300-une-course-en-2022-avec-le-maillot-arc-en-ciel.png","type":"image\/png"}],"author":"Nicolas Jacquemard","twitter_card":"summary_large_image","twitter_title":"Remco Evenepoel va finalement participer \u00e0 une course en 2022 avec le maillot arc-en-ciel","twitter_creator":"@https:\/\/twitter.com\/Nico_Jacquemard","twitter_site":"@dicodusport","schema":{"@context":"https:\/\/schema.org","@graph":[{"@type":"NewsArticle","@id":"https:\/\/dicodusport.fr\/blog\/remco-evenepoel-va-finalement-participer-a-une-course-en-2022-avec-le-maillot-arc-en-ciel\/#article","isPartOf":{"@id":"https:\/\/dicodusport.fr\/blog\/remco-evenepoel-va-finalement-participer-a-une-course-en-2022-avec-le-maillot-arc-en-ciel\/"},"author":{"name":"Nicolas Jacquemard","@id":"https:\/\/dicodusport.fr\/blog\/#\/schema\/person\/55dcb50ad410894e431ed812bbb70191"},"headline":"Remco Evenepoel va finalement participer \u00e0 une course en 2022 avec le maillot arc-en-ciel","datePublished":"2022-09-27T05:45:15+00:00","dateModified":"2022-09-27T06:05:15+00:00","mainEntityOfPage":{"@id":"https:\/\/dicodusport.fr\/blog\/remco-evenepoel-va-finalement-participer-a-une-course-en-2022-avec-le-maillot-arc-en-ciel\/"},"wordCount":203,"commentCount":0,"publisher":{"@id":"https:\/\/dicodusport.fr\/blog\/#organization"},"image":{"@id":"https:\/\/dicodusport.fr\/blog\/remco-evenepoel-va-finalement-participer-a-une-course-en-2022-avec-le-maillot-arc-en-ciel\/#primaryimage"},"thumbnailUrl":"https:\/\/dicodusport.fr\/blog\/wp-content\/uploads\/2022\/09\/Remco-Evenepoel-va-finalement-participer-a\u0300-une-course-en-2022-avec-le-maillot-arc-en-ciel.png","keywords":["Binche-Chimay-Binche","Evenepoel","Remco Evenepoel"],"articleSection":["Cyclisme sur route"],"inLanguage":"fr-FR","potentialAction":[{"@type":"CommentAction","name":"Comment","target":["https:\/\/dicodusport.fr\/blog\/remco-evenepoel-va-finalement-participer-a-une-course-en-2022-avec-le-maillot-arc-en-ciel\/#respond"]}],"copyrightYear":"2022","copyrightHolder":{"@id":"https:\/\/dicodusport.fr\/blog\/#organization"}},{"@type":"WebPage","@id":"https:\/\/dicodusport.fr\/blog\/remco-evenepoel-va-finalement-participer-a-une-course-en-2022-avec-le-maillot-arc-en-ciel\/","url":"https:\/\/dicodusport.fr\/blog\/remco-evenepoel-va-finalement-participer-a-une-course-en-2022-avec-le-maillot-arc-en-ciel\/","name":"Remco Evenepoel va finalement participer \u00e0 une course en 2022 avec le maillot arc-en-ciel","isPartOf":{"@id":"https:\/\/dicodusport.fr\/blog\/#website"},"primaryImageOfPage":{"@id":"https:\/\/dicodusport.fr\/blog\/remco-evenepoel-va-finalement-participer-a-une-course-en-2022-avec-le-maillot-arc-en-ciel\/#primaryimage"},"image":{"@id":"https:\/\/dicodusport.fr\/blog\/remco-evenepoel-va-finalement-participer-a-une-course-en-2022-avec-le-maillot-arc-en-ciel\/#primaryimage"},"thumbnailUrl":"https:\/\/dicodusport.fr\/blog\/wp-content\/uploads\/2022\/09\/Remco-Evenepoel-va-finalement-participer-a\u0300-une-course-en-2022-avec-le-maillot-arc-en-ciel.png","datePublished":"2022-09-27T05:45:15+00:00","dateModified":"2022-09-27T06:05:15+00:00","description":"Alors qu'il avait annonc\u00e9\u00a0que sa saison \u00e9tait termin\u00e9e, Remco Evenepoel devrait bien s'aligner sur une course d\u00e9but octobre.\u00a0","breadcrumb":{"@id":"https:\/\/dicodusport.fr\/blog\/remco-evenepoel-va-finalement-participer-a-une-course-en-2022-avec-le-maillot-arc-en-ciel\/#breadcrumb"},"inLanguage":"fr-FR","potentialAction":[{"@type":"ReadAction","target":["https:\/\/dicodusport.fr\/blog\/remco-evenepoel-va-finalement-participer-a-une-course-en-2022-avec-le-maillot-arc-en-ciel\/"]}]},{"@type":"ImageObject","inLanguage":"fr-FR","@id":"https:\/\/dicodusport.fr\/blog\/remco-evenepoel-va-finalement-participer-a-une-course-en-2022-avec-le-maillot-arc-en-ciel\/#primaryimage","url":"https:\/\/dicodusport.fr\/blog\/wp-content\/uploads\/2022\/09\/Remco-Evenepoel-va-finalement-participer-a\u0300-une-course-en-2022-avec-le-maillot-arc-en-ciel.png","contentUrl":"https:\/\/dicodusport.fr\/blog\/wp-content\/uploads\/2022\/09\/Remco-Evenepoel-va-finalement-participer-a\u0300-une-course-en-2022-avec-le-maillot-arc-en-ciel.png","width":800,"height":445},{"@type":"BreadcrumbList","@id":"https:\/\/dicodusport.fr\/blog\/remco-evenepoel-va-finalement-participer-a-une-course-en-2022-avec-le-maillot-arc-en-ciel\/#breadcrumb","itemListElement":[{"@type":"ListItem","position":1,"name":"Accueil","item":"https:\/\/dicodusport.fr\/blog\/"},{"@type":"ListItem","position":2,"name":"Remco Evenepoel va finalement participer \u00e0 une course en 2022 avec le maillot arc-en-ciel"}]},{"@type":"WebSite","@id":"https:\/\/dicodusport.fr\/blog\/#website","url":"https:\/\/dicodusport.fr\/blog\/","name":"Dicodusport","description":"L&#039;encyclop\u00e9die de l&#039;actualit\u00e9 sportive","publisher":{"@id":"https:\/\/dicodusport.fr\/blog\/#organization"},"potentialAction":[{"@type":"SearchAction","target":{"@type":"EntryPoint","urlTemplate":"https:\/\/dicodusport.fr\/blog\/?s={search_term_string}"},"query-input":{"@type":"PropertyValueSpecification","valueRequired":true,"valueName":"search_term_string"}}],"inLanguage":"fr-FR"},{"@type":"NewsMediaOrganization","@id":"https:\/\/dicodusport.fr\/blog\/#organization","name":"Dicodusport","url":"https:\/\/dicodusport.fr\/blog\/","logo":{"@type":"ImageObject","inLanguage":"fr-FR","@id":"https:\/\/dicodusport.fr\/blog\/#\/schema\/logo\/image\/","url":"https:\/\/dicodusport.fr\/blog\/wp-content\/uploads\/2020\/06\/cropped-LOGO-DICODUSPORT-2020-SANS-FOND-SANS-TEXTE.png","contentUrl":"https:\/\/dicodusport.fr\/blog\/wp-content\/uploads\/2020\/06\/cropped-LOGO-DICODUSPORT-2020-SANS-FOND-SANS-TEXTE.png","width":512,"height":512,"caption":"Dicodusport"},"image":{"@id":"https:\/\/dicodusport.fr\/blog\/#\/schema\/logo\/image\/"},"sameAs":["https:\/\/www.facebook.com\/dicodusport","https:\/\/x.com\/dicodusport","https:\/\/www.instagram.com\/dicodusport\/","https:\/\/www.youtube.com\/channel\/UC7V2KZ5sd3htJivAbA4ZG3w"],"description":"Dicodusport est l'encyclop\u00e9die de l'actualit\u00e9 sportive.","email":"bonjour@dicodusport.fr","legalName":"DICODUSPORT","foundingDate":"2018-01-14","vatID":"FR71834470973","taxID":"83447097300043","numberOfEmployees":{"@type":"QuantitativeValue","minValue":"1","maxValue":"10"}},{"@type":"Person","@id":"https:\/\/dicodusport.fr\/blog\/#\/schema\/person\/55dcb50ad410894e431ed812bbb70191","name":"Nicolas Jacquemard","image":{"@type":"ImageObject","inLanguage":"fr-FR","@id":"https:\/\/dicodusport.fr\/blog\/#\/schema\/person\/image\/","url":"https:\/\/dicodusport.fr\/blog\/wp-content\/uploads\/2021\/05\/Nicolas-Jacquemard-150x150.jpeg","contentUrl":"https:\/\/dicodusport.fr\/blog\/wp-content\/uploads\/2021\/05\/Nicolas-Jacquemard-150x150.jpeg","caption":"Nicolas Jacquemard"},"description":"Passionn\u00e9 de sport et entrepreneur depuis mes 18 ans, la cr\u00e9ation de Dicodusport m'a sembl\u00e9 \u00e9vidente pour participer \u00e0 la m\u00e9diatisation d'un plus grand nombre de sports. Le chemin est long mais avec une \u00e9quipe des plus motiv\u00e9es et les Jeux Olympiques de Paris 2024 en point de mire, nous y arriverons ! Journaliste dans le monde du sport depuis plus de 5 ans, je traite aussi bien de football, de rugby, de biathlon que de cyclisme.","sameAs":["https:\/\/www.facebook.com\/dicodusport","https:\/\/x.com\/https:\/\/twitter.com\/Nico_Jacquemard"],"url":"https:\/\/dicodusport.fr\/blog\/author\/dicodusport\/"}]}},"_links":{"self":[{"href":"https:\/\/dicodusport.fr\/blog\/wp-json\/wp\/v2\/posts\/265260","targetHints":{"allow":["GET"]}}],"collection":[{"href":"https:\/\/dicodusport.fr\/blog\/wp-json\/wp\/v2\/posts"}],"about":[{"href":"https:\/\/dicodusport.fr\/blog\/wp-json\/wp\/v2\/types\/post"}],"author":[{"embeddable":true,"href":"https:\/\/dicodusport.fr\/blog\/wp-json\/wp\/v2\/users\/1"}],"replies":[{"embeddable":true,"href":"https:\/\/dicodusport.fr\/blog\/wp-json\/wp\/v2\/comments?post=265260"}],"version-history":[{"count":0,"href":"https:\/\/dicodusport.fr\/blog\/wp-json\/wp\/v2\/posts\/265260\/revisions"}],"wp:featuredmedia":[{"embeddable":true,"href":"https:\/\/dicodusport.fr\/blog\/wp-json\/wp\/v2\/media\/265262"}],"wp:attachment":[{"href":"https:\/\/dicodusport.fr\/blog\/wp-json\/wp\/v2\/media?parent=265260"}],"wp:term":[{"taxonomy":"category","embeddable":true,"href":"https:\/\/dicodusport.fr\/blog\/wp-json\/wp\/v2\/categories?post=265260"},{"taxonomy":"post_tag","embeddable":true,"href":"https:\/\/dicodusport.fr\/blog\/wp-json\/wp\/v2\/tags?post=265260"}],"curies":[{"name":"wp","href":"https:\/\/api.w.org\/{rel}","templated":true}]}}