{"id":265320,"date":"2022-09-27T09:48:38","date_gmt":"2022-09-27T07:48:38","guid":{"rendered":"https:\/\/dicodusport.fr\/blog\/?p=265320&#038;preview=true&#038;preview_id=265320"},"modified":"2022-09-27T10:15:27","modified_gmt":"2022-09-27T08:15:27","slug":"mercato-youcef-belaili-pousse-vers-la-sortie-par-brest","status":"publish","type":"post","link":"https:\/\/dicodusport.fr\/blog\/mercato-youcef-belaili-pousse-vers-la-sortie-par-brest\/","title":{"rendered":"Mercato : Youcef Bela\u00efli pouss\u00e9 vers la sortie par Brest"},"content":{"rendered":"<p style=\"text-align: justify;\"><b><i>LIGUE 1 2022-2023 &#8211; Selon Sa\u00efd Fellak, Youcef Bela\u00efli devrait quitter le Stade Brestois dans les prochains jours.\u00a0<\/i><\/b><\/p>\n<p style=\"text-align: justify;\">Arriv\u00e9 \u00e0 Brest en cours de saison pass\u00e9e, <strong>Youcef Bela\u00efli<\/strong> devrait d\u00e9j\u00e0 quitter la <strong>Ligue 1<\/strong>. S&rsquo;il a montr\u00e9 de belles choses sur le terrain par intermittence, le <strong>Stade Brestois<\/strong> voudrait s&rsquo;en s\u00e9parer pour des manquements professionnels, comme le rapporte notre confr\u00e8re. L&rsquo;agent du joueur discute avec le club breton pour trouver un accord sur une r\u00e9siliation \u00e0 l&rsquo;amiable de l&rsquo;international alg\u00e9rien. Une fois une solution trouv\u00e9e, un retour au <strong>Qatar<\/strong> est \u00e9voqu\u00e9e pour <strong>Youcef Bela\u00efli<\/strong>, qui aura jou\u00e9 19 matchs pour 3 buts et 4 passes d\u00e9cisives lors de son passage en <strong>France<\/strong>.<\/p>\n<blockquote class=\"twitter-tweet\">\n<p dir=\"ltr\" lang=\"fr\">La demande de r\u00e9siliation du contrat \u00e9mane du club suite \u00e0 des manquements pros et des faits extrasportis. Refusant d\u2019\u00eatre sanctionn\u00e9, Bela\u00efli a accept\u00e9 l\u2019id\u00e9e de voir son contrat rompu avec le club.<br \/>\nN\u00e9gociation pour r\u00e9siliation du contrat en cours. (<a href=\"https:\/\/twitter.com\/saidfellak?ref_src=twsrc%5Etfw\">@saidfellak<\/a>) <a href=\"https:\/\/twitter.com\/hashtag\/SB29?src=hash&amp;ref_src=twsrc%5Etfw\">#SB29<\/a>&#x1f534; <a href=\"https:\/\/t.co\/HZyGFm9iYC\">pic.twitter.com\/HZyGFm9iYC<\/a><\/p>\n<p>\u2014 PointBrest (@PointBrest) <a href=\"https:\/\/twitter.com\/PointBrest\/status\/1574639981112348672?ref_src=twsrc%5Etfw\">September 27, 2022<\/a><\/p><\/blockquote>\n<p><script async src=\"https:\/\/platform.twitter.com\/widgets.js\" charset=\"utf-8\"><\/script><\/p>\n","protected":false},"excerpt":{"rendered":"<p>LIGUE 1 2022-2023 &#8211; Selon Sa\u00efd Fellak, Youcef Bela\u00efli devrait quitter le Stade Brestois dans les prochains jours.\u00a0<\/p>\n","protected":false},"author":1,"featured_media":265325,"comment_status":"open","ping_status":"closed","sticky":false,"template":"","format":"standard","meta":{"_acf_changed":false,"_daextam_enable_autolinks":"","footnotes":""},"categories":[2301,47045],"tags":[5460,75,1554],"class_list":["post-265320","post","type-post","status-publish","format-standard","has-post-thumbnail","hentry","category-football","category-ligue-1","tag-brest","tag-football","tag-ligue-1"],"acf":[],"yoast_head":"<!-- This site is optimized with the Yoast SEO Premium plugin v26.7 (Yoast SEO v26.7) - https:\/\/yoast.com\/wordpress\/plugins\/seo\/ -->\n<title>Mercato : Youcef Bela\u00efli pouss\u00e9 vers la sortie par Brest<\/title>\n<meta name=\"description\" content=\"LIGUE 1 2022-2023 - Selon Sa\u00efd Fellak, Youcef Bela\u00efli devrait quitter le Stade Brestois dans les prochains jours.\u00a0\" \/>\n<meta name=\"robots\" content=\"index, follow, max-snippet:-1, max-image-preview:large, max-video-preview:-1\" \/>\n<link rel=\"canonical\" href=\"https:\/\/dicodusport.fr\/blog\/mercato-youcef-belaili-pousse-vers-la-sortie-par-brest\/\" \/>\n<meta property=\"og:locale\" content=\"fr_FR\" \/>\n<meta property=\"og:type\" content=\"article\" \/>\n<meta property=\"og:title\" content=\"Mercato : Youcef Bela\u00efli pouss\u00e9 vers la sortie par Brest\" \/>\n<meta property=\"og:description\" content=\"LIGUE 1 2022-2023 - Selon Sa\u00efd Fellak, Youcef Bela\u00efli devrait quitter le Stade Brestois dans les prochains jours.\u00a0\" \/>\n<meta property=\"og:url\" content=\"https:\/\/dicodusport.fr\/blog\/mercato-youcef-belaili-pousse-vers-la-sortie-par-brest\/\" \/>\n<meta property=\"og:site_name\" content=\"Dicodusport\" \/>\n<meta property=\"article:publisher\" content=\"https:\/\/www.facebook.com\/dicodusport\" \/>\n<meta property=\"article:author\" content=\"https:\/\/www.facebook.com\/dicodusport\" \/>\n<meta property=\"article:published_time\" content=\"2022-09-27T07:48:38+00:00\" \/>\n<meta property=\"article:modified_time\" content=\"2022-09-27T08:15:27+00:00\" \/>\n<meta property=\"og:image\" content=\"https:\/\/dicodusport.fr\/blog\/wp-content\/uploads\/2022\/09\/Mercato-Youcef-Belai\u0308li-pousse\u0301-vers-la-sortie-par-Brest.png\" \/>\n\t<meta property=\"og:image:width\" content=\"800\" \/>\n\t<meta property=\"og:image:height\" content=\"445\" \/>\n\t<meta property=\"og:image:type\" content=\"image\/png\" \/>\n<meta name=\"author\" content=\"Nicolas Jacquemard\" \/>\n<meta name=\"twitter:card\" content=\"summary_large_image\" \/>\n<meta name=\"twitter:title\" content=\"Mercato : Youcef Bela\u00efli pouss\u00e9 vers la sortie par Brest\" \/>\n<meta name=\"twitter:creator\" content=\"@https:\/\/twitter.com\/Nico_Jacquemard\" \/>\n<meta name=\"twitter:site\" content=\"@dicodusport\" \/>\n<script type=\"application\/ld+json\" class=\"yoast-schema-graph\">{\"@context\":\"https:\/\/schema.org\",\"@graph\":[{\"@type\":\"NewsArticle\",\"@id\":\"https:\/\/dicodusport.fr\/blog\/mercato-youcef-belaili-pousse-vers-la-sortie-par-brest\/#article\",\"isPartOf\":{\"@id\":\"https:\/\/dicodusport.fr\/blog\/mercato-youcef-belaili-pousse-vers-la-sortie-par-brest\/\"},\"author\":{\"name\":\"Nicolas Jacquemard\",\"@id\":\"https:\/\/dicodusport.fr\/blog\/#\/schema\/person\/55dcb50ad410894e431ed812bbb70191\"},\"headline\":\"Mercato : Youcef Bela\u00efli pouss\u00e9 vers la sortie par Brest\",\"datePublished\":\"2022-09-27T07:48:38+00:00\",\"dateModified\":\"2022-09-27T08:15:27+00:00\",\"mainEntityOfPage\":{\"@id\":\"https:\/\/dicodusport.fr\/blog\/mercato-youcef-belaili-pousse-vers-la-sortie-par-brest\/\"},\"wordCount\":191,\"commentCount\":0,\"publisher\":{\"@id\":\"https:\/\/dicodusport.fr\/blog\/#organization\"},\"image\":{\"@id\":\"https:\/\/dicodusport.fr\/blog\/mercato-youcef-belaili-pousse-vers-la-sortie-par-brest\/#primaryimage\"},\"thumbnailUrl\":\"https:\/\/dicodusport.fr\/blog\/wp-content\/uploads\/2022\/09\/Mercato-Youcef-Belai\u0308li-pousse\u0301-vers-la-sortie-par-Brest.png\",\"keywords\":[\"Brest\",\"Football\",\"Ligue 1\"],\"articleSection\":[\"Football\",\"Ligue 1\"],\"inLanguage\":\"fr-FR\",\"potentialAction\":[{\"@type\":\"CommentAction\",\"name\":\"Comment\",\"target\":[\"https:\/\/dicodusport.fr\/blog\/mercato-youcef-belaili-pousse-vers-la-sortie-par-brest\/#respond\"]}],\"copyrightYear\":\"2022\",\"copyrightHolder\":{\"@id\":\"https:\/\/dicodusport.fr\/blog\/#organization\"}},{\"@type\":\"WebPage\",\"@id\":\"https:\/\/dicodusport.fr\/blog\/mercato-youcef-belaili-pousse-vers-la-sortie-par-brest\/\",\"url\":\"https:\/\/dicodusport.fr\/blog\/mercato-youcef-belaili-pousse-vers-la-sortie-par-brest\/\",\"name\":\"Mercato : Youcef Bela\u00efli pouss\u00e9 vers la sortie par Brest\",\"isPartOf\":{\"@id\":\"https:\/\/dicodusport.fr\/blog\/#website\"},\"primaryImageOfPage\":{\"@id\":\"https:\/\/dicodusport.fr\/blog\/mercato-youcef-belaili-pousse-vers-la-sortie-par-brest\/#primaryimage\"},\"image\":{\"@id\":\"https:\/\/dicodusport.fr\/blog\/mercato-youcef-belaili-pousse-vers-la-sortie-par-brest\/#primaryimage\"},\"thumbnailUrl\":\"https:\/\/dicodusport.fr\/blog\/wp-content\/uploads\/2022\/09\/Mercato-Youcef-Belai\u0308li-pousse\u0301-vers-la-sortie-par-Brest.png\",\"datePublished\":\"2022-09-27T07:48:38+00:00\",\"dateModified\":\"2022-09-27T08:15:27+00:00\",\"description\":\"LIGUE 1 2022-2023 - Selon Sa\u00efd Fellak, Youcef Bela\u00efli devrait quitter le Stade Brestois dans les prochains jours.\u00a0\",\"breadcrumb\":{\"@id\":\"https:\/\/dicodusport.fr\/blog\/mercato-youcef-belaili-pousse-vers-la-sortie-par-brest\/#breadcrumb\"},\"inLanguage\":\"fr-FR\",\"potentialAction\":[{\"@type\":\"ReadAction\",\"target\":[\"https:\/\/dicodusport.fr\/blog\/mercato-youcef-belaili-pousse-vers-la-sortie-par-brest\/\"]}]},{\"@type\":\"ImageObject\",\"inLanguage\":\"fr-FR\",\"@id\":\"https:\/\/dicodusport.fr\/blog\/mercato-youcef-belaili-pousse-vers-la-sortie-par-brest\/#primaryimage\",\"url\":\"https:\/\/dicodusport.fr\/blog\/wp-content\/uploads\/2022\/09\/Mercato-Youcef-Belai\u0308li-pousse\u0301-vers-la-sortie-par-Brest.png\",\"contentUrl\":\"https:\/\/dicodusport.fr\/blog\/wp-content\/uploads\/2022\/09\/Mercato-Youcef-Belai\u0308li-pousse\u0301-vers-la-sortie-par-Brest.png\",\"width\":800,\"height\":445},{\"@type\":\"BreadcrumbList\",\"@id\":\"https:\/\/dicodusport.fr\/blog\/mercato-youcef-belaili-pousse-vers-la-sortie-par-brest\/#breadcrumb\",\"itemListElement\":[{\"@type\":\"ListItem\",\"position\":1,\"name\":\"Accueil\",\"item\":\"https:\/\/dicodusport.fr\/blog\/\"},{\"@type\":\"ListItem\",\"position\":2,\"name\":\"Mercato : Youcef Bela\u00efli pouss\u00e9 vers la sortie par Brest\"}]},{\"@type\":\"WebSite\",\"@id\":\"https:\/\/dicodusport.fr\/blog\/#website\",\"url\":\"https:\/\/dicodusport.fr\/blog\/\",\"name\":\"Dicodusport\",\"description\":\"L&#039;encyclop\u00e9die de l&#039;actualit\u00e9 sportive\",\"publisher\":{\"@id\":\"https:\/\/dicodusport.fr\/blog\/#organization\"},\"potentialAction\":[{\"@type\":\"SearchAction\",\"target\":{\"@type\":\"EntryPoint\",\"urlTemplate\":\"https:\/\/dicodusport.fr\/blog\/?s={search_term_string}\"},\"query-input\":{\"@type\":\"PropertyValueSpecification\",\"valueRequired\":true,\"valueName\":\"search_term_string\"}}],\"inLanguage\":\"fr-FR\"},{\"@type\":\"NewsMediaOrganization\",\"@id\":\"https:\/\/dicodusport.fr\/blog\/#organization\",\"name\":\"Dicodusport\",\"url\":\"https:\/\/dicodusport.fr\/blog\/\",\"logo\":{\"@type\":\"ImageObject\",\"inLanguage\":\"fr-FR\",\"@id\":\"https:\/\/dicodusport.fr\/blog\/#\/schema\/logo\/image\/\",\"url\":\"https:\/\/dicodusport.fr\/blog\/wp-content\/uploads\/2020\/06\/cropped-LOGO-DICODUSPORT-2020-SANS-FOND-SANS-TEXTE.png\",\"contentUrl\":\"https:\/\/dicodusport.fr\/blog\/wp-content\/uploads\/2020\/06\/cropped-LOGO-DICODUSPORT-2020-SANS-FOND-SANS-TEXTE.png\",\"width\":512,\"height\":512,\"caption\":\"Dicodusport\"},\"image\":{\"@id\":\"https:\/\/dicodusport.fr\/blog\/#\/schema\/logo\/image\/\"},\"sameAs\":[\"https:\/\/www.facebook.com\/dicodusport\",\"https:\/\/x.com\/dicodusport\",\"https:\/\/www.instagram.com\/dicodusport\/\",\"https:\/\/www.youtube.com\/channel\/UC7V2KZ5sd3htJivAbA4ZG3w\"],\"description\":\"Dicodusport est l'encyclop\u00e9die de l'actualit\u00e9 sportive.\",\"email\":\"bonjour@dicodusport.fr\",\"legalName\":\"DICODUSPORT\",\"foundingDate\":\"2018-01-14\",\"vatID\":\"FR71834470973\",\"taxID\":\"83447097300043\",\"numberOfEmployees\":{\"@type\":\"QuantitativeValue\",\"minValue\":\"1\",\"maxValue\":\"10\"}},{\"@type\":\"Person\",\"@id\":\"https:\/\/dicodusport.fr\/blog\/#\/schema\/person\/55dcb50ad410894e431ed812bbb70191\",\"name\":\"Nicolas Jacquemard\",\"image\":{\"@type\":\"ImageObject\",\"inLanguage\":\"fr-FR\",\"@id\":\"https:\/\/dicodusport.fr\/blog\/#\/schema\/person\/image\/\",\"url\":\"https:\/\/dicodusport.fr\/blog\/wp-content\/uploads\/2021\/05\/Nicolas-Jacquemard-150x150.jpeg\",\"contentUrl\":\"https:\/\/dicodusport.fr\/blog\/wp-content\/uploads\/2021\/05\/Nicolas-Jacquemard-150x150.jpeg\",\"caption\":\"Nicolas Jacquemard\"},\"description\":\"Passionn\u00e9 de sport et entrepreneur depuis mes 18 ans, la cr\u00e9ation de Dicodusport m'a sembl\u00e9 \u00e9vidente pour participer \u00e0 la m\u00e9diatisation d'un plus grand nombre de sports. Le chemin est long mais avec une \u00e9quipe des plus motiv\u00e9es et les Jeux Olympiques de Paris 2024 en point de mire, nous y arriverons ! Journaliste dans le monde du sport depuis plus de 5 ans, je traite aussi bien de football, de rugby, de biathlon que de cyclisme.\",\"sameAs\":[\"https:\/\/www.facebook.com\/dicodusport\",\"https:\/\/x.com\/https:\/\/twitter.com\/Nico_Jacquemard\"],\"url\":\"https:\/\/dicodusport.fr\/blog\/author\/dicodusport\/\"}]}<\/script>\n<!-- \/ Yoast SEO Premium plugin. -->","yoast_head_json":{"title":"Mercato : Youcef Bela\u00efli pouss\u00e9 vers la sortie par Brest","description":"LIGUE 1 2022-2023 - Selon Sa\u00efd Fellak, Youcef Bela\u00efli devrait quitter le Stade Brestois dans les prochains jours.\u00a0","robots":{"index":"index","follow":"follow","max-snippet":"max-snippet:-1","max-image-preview":"max-image-preview:large","max-video-preview":"max-video-preview:-1"},"canonical":"https:\/\/dicodusport.fr\/blog\/mercato-youcef-belaili-pousse-vers-la-sortie-par-brest\/","og_locale":"fr_FR","og_type":"article","og_title":"Mercato : Youcef Bela\u00efli pouss\u00e9 vers la sortie par Brest","og_description":"LIGUE 1 2022-2023 - Selon Sa\u00efd Fellak, Youcef Bela\u00efli devrait quitter le Stade Brestois dans les prochains jours.\u00a0","og_url":"https:\/\/dicodusport.fr\/blog\/mercato-youcef-belaili-pousse-vers-la-sortie-par-brest\/","og_site_name":"Dicodusport","article_publisher":"https:\/\/www.facebook.com\/dicodusport","article_author":"https:\/\/www.facebook.com\/dicodusport","article_published_time":"2022-09-27T07:48:38+00:00","article_modified_time":"2022-09-27T08:15:27+00:00","og_image":[{"width":800,"height":445,"url":"https:\/\/dicodusport.fr\/blog\/wp-content\/uploads\/2022\/09\/Mercato-Youcef-Belai\u0308li-pousse\u0301-vers-la-sortie-par-Brest.png","type":"image\/png"}],"author":"Nicolas Jacquemard","twitter_card":"summary_large_image","twitter_title":"Mercato : Youcef Bela\u00efli pouss\u00e9 vers la sortie par Brest","twitter_creator":"@https:\/\/twitter.com\/Nico_Jacquemard","twitter_site":"@dicodusport","schema":{"@context":"https:\/\/schema.org","@graph":[{"@type":"NewsArticle","@id":"https:\/\/dicodusport.fr\/blog\/mercato-youcef-belaili-pousse-vers-la-sortie-par-brest\/#article","isPartOf":{"@id":"https:\/\/dicodusport.fr\/blog\/mercato-youcef-belaili-pousse-vers-la-sortie-par-brest\/"},"author":{"name":"Nicolas Jacquemard","@id":"https:\/\/dicodusport.fr\/blog\/#\/schema\/person\/55dcb50ad410894e431ed812bbb70191"},"headline":"Mercato : Youcef Bela\u00efli pouss\u00e9 vers la sortie par Brest","datePublished":"2022-09-27T07:48:38+00:00","dateModified":"2022-09-27T08:15:27+00:00","mainEntityOfPage":{"@id":"https:\/\/dicodusport.fr\/blog\/mercato-youcef-belaili-pousse-vers-la-sortie-par-brest\/"},"wordCount":191,"commentCount":0,"publisher":{"@id":"https:\/\/dicodusport.fr\/blog\/#organization"},"image":{"@id":"https:\/\/dicodusport.fr\/blog\/mercato-youcef-belaili-pousse-vers-la-sortie-par-brest\/#primaryimage"},"thumbnailUrl":"https:\/\/dicodusport.fr\/blog\/wp-content\/uploads\/2022\/09\/Mercato-Youcef-Belai\u0308li-pousse\u0301-vers-la-sortie-par-Brest.png","keywords":["Brest","Football","Ligue 1"],"articleSection":["Football","Ligue 1"],"inLanguage":"fr-FR","potentialAction":[{"@type":"CommentAction","name":"Comment","target":["https:\/\/dicodusport.fr\/blog\/mercato-youcef-belaili-pousse-vers-la-sortie-par-brest\/#respond"]}],"copyrightYear":"2022","copyrightHolder":{"@id":"https:\/\/dicodusport.fr\/blog\/#organization"}},{"@type":"WebPage","@id":"https:\/\/dicodusport.fr\/blog\/mercato-youcef-belaili-pousse-vers-la-sortie-par-brest\/","url":"https:\/\/dicodusport.fr\/blog\/mercato-youcef-belaili-pousse-vers-la-sortie-par-brest\/","name":"Mercato : Youcef Bela\u00efli pouss\u00e9 vers la sortie par Brest","isPartOf":{"@id":"https:\/\/dicodusport.fr\/blog\/#website"},"primaryImageOfPage":{"@id":"https:\/\/dicodusport.fr\/blog\/mercato-youcef-belaili-pousse-vers-la-sortie-par-brest\/#primaryimage"},"image":{"@id":"https:\/\/dicodusport.fr\/blog\/mercato-youcef-belaili-pousse-vers-la-sortie-par-brest\/#primaryimage"},"thumbnailUrl":"https:\/\/dicodusport.fr\/blog\/wp-content\/uploads\/2022\/09\/Mercato-Youcef-Belai\u0308li-pousse\u0301-vers-la-sortie-par-Brest.png","datePublished":"2022-09-27T07:48:38+00:00","dateModified":"2022-09-27T08:15:27+00:00","description":"LIGUE 1 2022-2023 - Selon Sa\u00efd Fellak, Youcef Bela\u00efli devrait quitter le Stade Brestois dans les prochains jours.\u00a0","breadcrumb":{"@id":"https:\/\/dicodusport.fr\/blog\/mercato-youcef-belaili-pousse-vers-la-sortie-par-brest\/#breadcrumb"},"inLanguage":"fr-FR","potentialAction":[{"@type":"ReadAction","target":["https:\/\/dicodusport.fr\/blog\/mercato-youcef-belaili-pousse-vers-la-sortie-par-brest\/"]}]},{"@type":"ImageObject","inLanguage":"fr-FR","@id":"https:\/\/dicodusport.fr\/blog\/mercato-youcef-belaili-pousse-vers-la-sortie-par-brest\/#primaryimage","url":"https:\/\/dicodusport.fr\/blog\/wp-content\/uploads\/2022\/09\/Mercato-Youcef-Belai\u0308li-pousse\u0301-vers-la-sortie-par-Brest.png","contentUrl":"https:\/\/dicodusport.fr\/blog\/wp-content\/uploads\/2022\/09\/Mercato-Youcef-Belai\u0308li-pousse\u0301-vers-la-sortie-par-Brest.png","width":800,"height":445},{"@type":"BreadcrumbList","@id":"https:\/\/dicodusport.fr\/blog\/mercato-youcef-belaili-pousse-vers-la-sortie-par-brest\/#breadcrumb","itemListElement":[{"@type":"ListItem","position":1,"name":"Accueil","item":"https:\/\/dicodusport.fr\/blog\/"},{"@type":"ListItem","position":2,"name":"Mercato : Youcef Bela\u00efli pouss\u00e9 vers la sortie par Brest"}]},{"@type":"WebSite","@id":"https:\/\/dicodusport.fr\/blog\/#website","url":"https:\/\/dicodusport.fr\/blog\/","name":"Dicodusport","description":"L&#039;encyclop\u00e9die de l&#039;actualit\u00e9 sportive","publisher":{"@id":"https:\/\/dicodusport.fr\/blog\/#organization"},"potentialAction":[{"@type":"SearchAction","target":{"@type":"EntryPoint","urlTemplate":"https:\/\/dicodusport.fr\/blog\/?s={search_term_string}"},"query-input":{"@type":"PropertyValueSpecification","valueRequired":true,"valueName":"search_term_string"}}],"inLanguage":"fr-FR"},{"@type":"NewsMediaOrganization","@id":"https:\/\/dicodusport.fr\/blog\/#organization","name":"Dicodusport","url":"https:\/\/dicodusport.fr\/blog\/","logo":{"@type":"ImageObject","inLanguage":"fr-FR","@id":"https:\/\/dicodusport.fr\/blog\/#\/schema\/logo\/image\/","url":"https:\/\/dicodusport.fr\/blog\/wp-content\/uploads\/2020\/06\/cropped-LOGO-DICODUSPORT-2020-SANS-FOND-SANS-TEXTE.png","contentUrl":"https:\/\/dicodusport.fr\/blog\/wp-content\/uploads\/2020\/06\/cropped-LOGO-DICODUSPORT-2020-SANS-FOND-SANS-TEXTE.png","width":512,"height":512,"caption":"Dicodusport"},"image":{"@id":"https:\/\/dicodusport.fr\/blog\/#\/schema\/logo\/image\/"},"sameAs":["https:\/\/www.facebook.com\/dicodusport","https:\/\/x.com\/dicodusport","https:\/\/www.instagram.com\/dicodusport\/","https:\/\/www.youtube.com\/channel\/UC7V2KZ5sd3htJivAbA4ZG3w"],"description":"Dicodusport est l'encyclop\u00e9die de l'actualit\u00e9 sportive.","email":"bonjour@dicodusport.fr","legalName":"DICODUSPORT","foundingDate":"2018-01-14","vatID":"FR71834470973","taxID":"83447097300043","numberOfEmployees":{"@type":"QuantitativeValue","minValue":"1","maxValue":"10"}},{"@type":"Person","@id":"https:\/\/dicodusport.fr\/blog\/#\/schema\/person\/55dcb50ad410894e431ed812bbb70191","name":"Nicolas Jacquemard","image":{"@type":"ImageObject","inLanguage":"fr-FR","@id":"https:\/\/dicodusport.fr\/blog\/#\/schema\/person\/image\/","url":"https:\/\/dicodusport.fr\/blog\/wp-content\/uploads\/2021\/05\/Nicolas-Jacquemard-150x150.jpeg","contentUrl":"https:\/\/dicodusport.fr\/blog\/wp-content\/uploads\/2021\/05\/Nicolas-Jacquemard-150x150.jpeg","caption":"Nicolas Jacquemard"},"description":"Passionn\u00e9 de sport et entrepreneur depuis mes 18 ans, la cr\u00e9ation de Dicodusport m'a sembl\u00e9 \u00e9vidente pour participer \u00e0 la m\u00e9diatisation d'un plus grand nombre de sports. Le chemin est long mais avec une \u00e9quipe des plus motiv\u00e9es et les Jeux Olympiques de Paris 2024 en point de mire, nous y arriverons ! Journaliste dans le monde du sport depuis plus de 5 ans, je traite aussi bien de football, de rugby, de biathlon que de cyclisme.","sameAs":["https:\/\/www.facebook.com\/dicodusport","https:\/\/x.com\/https:\/\/twitter.com\/Nico_Jacquemard"],"url":"https:\/\/dicodusport.fr\/blog\/author\/dicodusport\/"}]}},"_links":{"self":[{"href":"https:\/\/dicodusport.fr\/blog\/wp-json\/wp\/v2\/posts\/265320","targetHints":{"allow":["GET"]}}],"collection":[{"href":"https:\/\/dicodusport.fr\/blog\/wp-json\/wp\/v2\/posts"}],"about":[{"href":"https:\/\/dicodusport.fr\/blog\/wp-json\/wp\/v2\/types\/post"}],"author":[{"embeddable":true,"href":"https:\/\/dicodusport.fr\/blog\/wp-json\/wp\/v2\/users\/1"}],"replies":[{"embeddable":true,"href":"https:\/\/dicodusport.fr\/blog\/wp-json\/wp\/v2\/comments?post=265320"}],"version-history":[{"count":0,"href":"https:\/\/dicodusport.fr\/blog\/wp-json\/wp\/v2\/posts\/265320\/revisions"}],"wp:featuredmedia":[{"embeddable":true,"href":"https:\/\/dicodusport.fr\/blog\/wp-json\/wp\/v2\/media\/265325"}],"wp:attachment":[{"href":"https:\/\/dicodusport.fr\/blog\/wp-json\/wp\/v2\/media?parent=265320"}],"wp:term":[{"taxonomy":"category","embeddable":true,"href":"https:\/\/dicodusport.fr\/blog\/wp-json\/wp\/v2\/categories?post=265320"},{"taxonomy":"post_tag","embeddable":true,"href":"https:\/\/dicodusport.fr\/blog\/wp-json\/wp\/v2\/tags?post=265320"}],"curies":[{"name":"wp","href":"https:\/\/api.w.org\/{rel}","templated":true}]}}