{"id":265454,"date":"2022-09-28T09:08:13","date_gmt":"2022-09-28T07:08:13","guid":{"rendered":"https:\/\/dicodusport.fr\/blog\/?p=265454"},"modified":"2022-09-30T18:18:57","modified_gmt":"2022-09-30T16:18:57","slug":"mondiaux-de-tennis-de-table-handisport-la-selection-francaise","status":"publish","type":"post","link":"https:\/\/dicodusport.fr\/blog\/mondiaux-de-tennis-de-table-handisport-la-selection-francaise\/","title":{"rendered":"Mondiaux de tennis de table handisport : La s\u00e9lection fran\u00e7aise"},"content":{"rendered":"<p style=\"text-align: justify;\"><strong><em>CHAMPIONNATS DU MONDE DE TENNIS DE TABLE HANDISPORT &#8211; \u00c0 un peu plus d&rsquo;un mois du d\u00e9but de la comp\u00e9tition, on connait les membres de l&rsquo;\u00e9quipe de France de para tennis de table qui se rendront \u00e0 Grenade (Espagne). Ils seront 22, dont quelques grands noms qui feront office de favoris c\u00f4t\u00e9 Bleu.<\/em><\/strong><\/p>\n<h2 style=\"text-align: justify;\">Les m\u00e9daill\u00e9s paralympiques au rendez-vous<\/h2>\n<p style=\"text-align: justify;\">Ils nous avaient offert une v\u00e9ritable razzia avec 11 m\u00e9dailles aux Jeux Paralympiques de Tokyo, nos pongistes tricolores sont de retour pour les Mondiaux. Du 6 au 12 novembre prochain, l&rsquo;\u00e9quipe de France se rendra en Espagne pour tenter de continuer sur sa lanc\u00e9e de 2021. 22 Fran\u00e7ais d\u00e9fendront leurs chances dont l&rsquo;ogre de Longjumeau, <strong>Fabien Lamirault<\/strong>, qui reste sur 6 m\u00e9dailles en 6 \u00e9preuves aux Jeux. \u00c0 ses c\u00f4t\u00e9s, d&rsquo;autres tenteront comme lui d&rsquo;\u00e9toffer un palmar\u00e8s d\u00e9j\u00e0 bien fourni tels que <strong>Thu Kamkasomphou<\/strong>, <strong>Florian Merrien<\/strong> ou<strong> Nicolas Savant-Aira<\/strong>. \u00c0 l&rsquo;inverse, de jeunes pousses \u00e0 l&rsquo;image de <strong>Flora Vautier<\/strong> ou <strong>Lucas Didier<\/strong>, tout juste majeurs auront de l&rsquo;exp\u00e9rience \u00e0 engranger. \u00c9galement pr\u00e9sents, nos pongistes du tennis de table adapt\u00e9 seront en nombre et auront de belles cartes \u00e0 jouer. En effet, les m\u00e9daill\u00e9s de Tokyo <strong>Lucas Cr\u00e9ange<\/strong> et <strong>L\u00e9a Ferney<\/strong> seront pr\u00e9tendants au titre.<\/p>\n<ul>\n<li><strong>Isabelle Lafaye<\/strong> &#8211; classe 2<\/li>\n<li><strong>Flora Vautier<\/strong> &#8211; classe 4<\/li>\n<li><strong>Alexandra Saint-Pierre<\/strong> &#8211; classe 5<\/li>\n<li><strong>Morgen Caillaud<\/strong> &#8211; classe 6<\/li>\n<li><strong>Lucie Hauti\u00e8re<\/strong> &#8211; classe 8<\/li>\n<li><strong>Thu Kamkasomphou<\/strong> &#8211; classe 8<\/li>\n<li><strong>L\u00e9a Ferney<\/strong> &#8211; classe 11<\/li>\n<li><strong>Anne Divet<\/strong> &#8211; classe 11<\/li>\n<\/ul>\n<p>&nbsp;<\/p>\n<ul>\n<li><strong>Fabien Lamirault<\/strong> &#8211; classe 2<\/li>\n<li><strong>Florian Merrien<\/strong> &#8211; classe 3<\/li>\n<li><strong>Maxime Thomas<\/strong> &#8211; classe 4<\/li>\n<li><strong>Nicolas Savant-Aira<\/strong> &#8211; classe 5<\/li>\n<li><strong>Esteban Herrault<\/strong> &#8211; classe 6<\/li>\n<li><strong>St\u00e9phane Messi<\/strong> &#8211; classe 7<\/li>\n<li><strong>K\u00e9vin Dourbecker<\/strong> &#8211; classe 7<\/li>\n<li><strong>Cl\u00e9ment Berthier<\/strong> &#8211; classe 8<\/li>\n<li><strong>Thomas Bouvais<\/strong> &#8211; classe 8<\/li>\n<li><strong>Lucas Didier<\/strong> &#8211; classe 9<\/li>\n<li><strong>Mat\u00e9o Boh\u00e9as<\/strong> &#8211; classe 10<\/li>\n<li><strong>Lucas Cr\u00e9ange<\/strong> &#8211; classe 11<\/li>\n<li><strong>Antoine Zhao<\/strong> &#8211; classe 11<\/li>\n<li><strong>Timoth\u00e9 Ivaldi<\/strong> &#8211; classe 11<\/li>\n<\/ul>\n","protected":false},"excerpt":{"rendered":"<p>CHAMPIONNATS DU MONDE DE TENNIS DE TABLE HANDISPORT &#8211; \u00c0 un peu plus d&rsquo;un mois du d\u00e9but de la comp\u00e9tition, on connait les membres de l&rsquo;\u00e9quipe de France de para tennis de table qui se rendront \u00e0 Grenade (Espagne). Ils seront 17, dont quelques grands noms qui feront office de favoris c\u00f4t\u00e9 Bleu.<\/p>\n","protected":false},"author":43,"featured_media":162754,"comment_status":"open","ping_status":"closed","sticky":false,"template":"","format":"standard","meta":{"_acf_changed":false,"_daextam_enable_autolinks":"","footnotes":""},"categories":[5753,9663],"tags":[20493,1197],"class_list":["post-265454","post","type-post","status-publish","format-standard","has-post-thumbnail","hentry","category-handisport","category-tennis-de-table","tag-championnats-du-monde-de-tennis-de-table","tag-tennis-de-table"],"acf":[],"yoast_head":"<!-- This site is optimized with the Yoast SEO Premium plugin v26.7 (Yoast SEO v26.7) - https:\/\/yoast.com\/wordpress\/plugins\/seo\/ -->\n<title>Mondiaux de tennis de table handisport : La s\u00e9lection fran\u00e7aise<\/title>\n<meta name=\"description\" content=\"C&#039;est une belle \u00e9quipe de France de para tennis de table qui s&#039;envolera pour les Mondiaux en novembre avec de nombreuses chances de m\u00e9dailles\" \/>\n<meta name=\"robots\" content=\"index, follow, max-snippet:-1, max-image-preview:large, max-video-preview:-1\" \/>\n<link rel=\"canonical\" href=\"https:\/\/dicodusport.fr\/blog\/mondiaux-de-tennis-de-table-handisport-la-selection-francaise\/\" \/>\n<meta property=\"og:locale\" content=\"fr_FR\" \/>\n<meta property=\"og:type\" content=\"article\" \/>\n<meta property=\"og:title\" content=\"Mondiaux de tennis de table handisport : La s\u00e9lection fran\u00e7aise\" \/>\n<meta property=\"og:description\" content=\"C&#039;est une belle \u00e9quipe de France de para tennis de table qui s&#039;envolera pour les Mondiaux en novembre avec de nombreuses chances de m\u00e9dailles\" \/>\n<meta property=\"og:url\" content=\"https:\/\/dicodusport.fr\/blog\/mondiaux-de-tennis-de-table-handisport-la-selection-francaise\/\" \/>\n<meta property=\"og:site_name\" content=\"Dicodusport\" \/>\n<meta property=\"article:publisher\" content=\"https:\/\/www.facebook.com\/dicodusport\" \/>\n<meta property=\"article:author\" content=\"https:\/\/www.facebook.com\/Max.Bld2\/\" \/>\n<meta property=\"article:published_time\" content=\"2022-09-28T07:08:13+00:00\" \/>\n<meta property=\"article:modified_time\" content=\"2022-09-30T16:18:57+00:00\" \/>\n<meta property=\"og:image\" content=\"https:\/\/dicodusport.fr\/blog\/wp-content\/uploads\/2021\/08\/Jeux-Paralympiques-de-Tokyo-Tennis-de-table-Fabien-Lamirault-conserve-son-titre-paralympique.png\" \/>\n\t<meta property=\"og:image:width\" content=\"800\" \/>\n\t<meta property=\"og:image:height\" content=\"445\" \/>\n\t<meta property=\"og:image:type\" content=\"image\/png\" \/>\n<meta name=\"author\" content=\"Maxime Boulard\" \/>\n<meta name=\"twitter:card\" content=\"summary_large_image\" \/>\n<meta name=\"twitter:title\" content=\"Mondiaux de tennis de table handisport : La s\u00e9lection fran\u00e7aise\" \/>\n<meta name=\"twitter:creator\" content=\"@https:\/\/twitter.com\/MaximeB_2\" \/>\n<meta name=\"twitter:site\" content=\"@dicodusport\" \/>\n<script type=\"application\/ld+json\" class=\"yoast-schema-graph\">{\"@context\":\"https:\/\/schema.org\",\"@graph\":[{\"@type\":\"NewsArticle\",\"@id\":\"https:\/\/dicodusport.fr\/blog\/mondiaux-de-tennis-de-table-handisport-la-selection-francaise\/#article\",\"isPartOf\":{\"@id\":\"https:\/\/dicodusport.fr\/blog\/mondiaux-de-tennis-de-table-handisport-la-selection-francaise\/\"},\"author\":{\"name\":\"Maxime Boulard\",\"@id\":\"https:\/\/dicodusport.fr\/blog\/#\/schema\/person\/5aab10ee856e86ac63e9819a9da34784\"},\"headline\":\"Mondiaux de tennis de table handisport : La s\u00e9lection fran\u00e7aise\",\"datePublished\":\"2022-09-28T07:08:13+00:00\",\"dateModified\":\"2022-09-30T16:18:57+00:00\",\"mainEntityOfPage\":{\"@id\":\"https:\/\/dicodusport.fr\/blog\/mondiaux-de-tennis-de-table-handisport-la-selection-francaise\/\"},\"wordCount\":326,\"commentCount\":1,\"publisher\":{\"@id\":\"https:\/\/dicodusport.fr\/blog\/#organization\"},\"image\":{\"@id\":\"https:\/\/dicodusport.fr\/blog\/mondiaux-de-tennis-de-table-handisport-la-selection-francaise\/#primaryimage\"},\"thumbnailUrl\":\"https:\/\/dicodusport.fr\/blog\/wp-content\/uploads\/2021\/08\/Jeux-Paralympiques-de-Tokyo-Tennis-de-table-Fabien-Lamirault-conserve-son-titre-paralympique.png\",\"keywords\":[\"championnats du monde de tennis de table\",\"tennis de table\"],\"articleSection\":[\"Handisport\",\"Tennis de table\"],\"inLanguage\":\"fr-FR\",\"potentialAction\":[{\"@type\":\"CommentAction\",\"name\":\"Comment\",\"target\":[\"https:\/\/dicodusport.fr\/blog\/mondiaux-de-tennis-de-table-handisport-la-selection-francaise\/#respond\"]}],\"copyrightYear\":\"2022\",\"copyrightHolder\":{\"@id\":\"https:\/\/dicodusport.fr\/blog\/#organization\"}},{\"@type\":\"WebPage\",\"@id\":\"https:\/\/dicodusport.fr\/blog\/mondiaux-de-tennis-de-table-handisport-la-selection-francaise\/\",\"url\":\"https:\/\/dicodusport.fr\/blog\/mondiaux-de-tennis-de-table-handisport-la-selection-francaise\/\",\"name\":\"Mondiaux de tennis de table handisport : La s\u00e9lection fran\u00e7aise\",\"isPartOf\":{\"@id\":\"https:\/\/dicodusport.fr\/blog\/#website\"},\"primaryImageOfPage\":{\"@id\":\"https:\/\/dicodusport.fr\/blog\/mondiaux-de-tennis-de-table-handisport-la-selection-francaise\/#primaryimage\"},\"image\":{\"@id\":\"https:\/\/dicodusport.fr\/blog\/mondiaux-de-tennis-de-table-handisport-la-selection-francaise\/#primaryimage\"},\"thumbnailUrl\":\"https:\/\/dicodusport.fr\/blog\/wp-content\/uploads\/2021\/08\/Jeux-Paralympiques-de-Tokyo-Tennis-de-table-Fabien-Lamirault-conserve-son-titre-paralympique.png\",\"datePublished\":\"2022-09-28T07:08:13+00:00\",\"dateModified\":\"2022-09-30T16:18:57+00:00\",\"description\":\"C'est une belle \u00e9quipe de France de para tennis de table qui s'envolera pour les Mondiaux en novembre avec de nombreuses chances de m\u00e9dailles\",\"breadcrumb\":{\"@id\":\"https:\/\/dicodusport.fr\/blog\/mondiaux-de-tennis-de-table-handisport-la-selection-francaise\/#breadcrumb\"},\"inLanguage\":\"fr-FR\",\"potentialAction\":[{\"@type\":\"ReadAction\",\"target\":[\"https:\/\/dicodusport.fr\/blog\/mondiaux-de-tennis-de-table-handisport-la-selection-francaise\/\"]}]},{\"@type\":\"ImageObject\",\"inLanguage\":\"fr-FR\",\"@id\":\"https:\/\/dicodusport.fr\/blog\/mondiaux-de-tennis-de-table-handisport-la-selection-francaise\/#primaryimage\",\"url\":\"https:\/\/dicodusport.fr\/blog\/wp-content\/uploads\/2021\/08\/Jeux-Paralympiques-de-Tokyo-Tennis-de-table-Fabien-Lamirault-conserve-son-titre-paralympique.png\",\"contentUrl\":\"https:\/\/dicodusport.fr\/blog\/wp-content\/uploads\/2021\/08\/Jeux-Paralympiques-de-Tokyo-Tennis-de-table-Fabien-Lamirault-conserve-son-titre-paralympique.png\",\"width\":800,\"height\":445,\"caption\":\"Jeux Paralympiques de Tokyo - Tennis de table Fabien Lamirault conserve son titre paralympique\"},{\"@type\":\"BreadcrumbList\",\"@id\":\"https:\/\/dicodusport.fr\/blog\/mondiaux-de-tennis-de-table-handisport-la-selection-francaise\/#breadcrumb\",\"itemListElement\":[{\"@type\":\"ListItem\",\"position\":1,\"name\":\"Accueil\",\"item\":\"https:\/\/dicodusport.fr\/blog\/\"},{\"@type\":\"ListItem\",\"position\":2,\"name\":\"Mondiaux de tennis de table handisport : La s\u00e9lection fran\u00e7aise\"}]},{\"@type\":\"WebSite\",\"@id\":\"https:\/\/dicodusport.fr\/blog\/#website\",\"url\":\"https:\/\/dicodusport.fr\/blog\/\",\"name\":\"Dicodusport\",\"description\":\"L&#039;encyclop\u00e9die de l&#039;actualit\u00e9 sportive\",\"publisher\":{\"@id\":\"https:\/\/dicodusport.fr\/blog\/#organization\"},\"potentialAction\":[{\"@type\":\"SearchAction\",\"target\":{\"@type\":\"EntryPoint\",\"urlTemplate\":\"https:\/\/dicodusport.fr\/blog\/?s={search_term_string}\"},\"query-input\":{\"@type\":\"PropertyValueSpecification\",\"valueRequired\":true,\"valueName\":\"search_term_string\"}}],\"inLanguage\":\"fr-FR\"},{\"@type\":\"NewsMediaOrganization\",\"@id\":\"https:\/\/dicodusport.fr\/blog\/#organization\",\"name\":\"Dicodusport\",\"url\":\"https:\/\/dicodusport.fr\/blog\/\",\"logo\":{\"@type\":\"ImageObject\",\"inLanguage\":\"fr-FR\",\"@id\":\"https:\/\/dicodusport.fr\/blog\/#\/schema\/logo\/image\/\",\"url\":\"https:\/\/dicodusport.fr\/blog\/wp-content\/uploads\/2020\/06\/cropped-LOGO-DICODUSPORT-2020-SANS-FOND-SANS-TEXTE.png\",\"contentUrl\":\"https:\/\/dicodusport.fr\/blog\/wp-content\/uploads\/2020\/06\/cropped-LOGO-DICODUSPORT-2020-SANS-FOND-SANS-TEXTE.png\",\"width\":512,\"height\":512,\"caption\":\"Dicodusport\"},\"image\":{\"@id\":\"https:\/\/dicodusport.fr\/blog\/#\/schema\/logo\/image\/\"},\"sameAs\":[\"https:\/\/www.facebook.com\/dicodusport\",\"https:\/\/x.com\/dicodusport\",\"https:\/\/www.instagram.com\/dicodusport\/\",\"https:\/\/www.youtube.com\/channel\/UC7V2KZ5sd3htJivAbA4ZG3w\"],\"description\":\"Dicodusport est l'encyclop\u00e9die de l'actualit\u00e9 sportive.\",\"email\":\"bonjour@dicodusport.fr\",\"legalName\":\"DICODUSPORT\",\"foundingDate\":\"2018-01-14\",\"vatID\":\"FR71834470973\",\"taxID\":\"83447097300043\",\"numberOfEmployees\":{\"@type\":\"QuantitativeValue\",\"minValue\":\"1\",\"maxValue\":\"10\"}},{\"@type\":\"Person\",\"@id\":\"https:\/\/dicodusport.fr\/blog\/#\/schema\/person\/5aab10ee856e86ac63e9819a9da34784\",\"name\":\"Maxime Boulard\",\"image\":{\"@type\":\"ImageObject\",\"inLanguage\":\"fr-FR\",\"@id\":\"https:\/\/dicodusport.fr\/blog\/#\/schema\/person\/image\/\",\"url\":\"https:\/\/dicodusport.fr\/blog\/wp-content\/uploads\/2021\/05\/Maxime-Boulard-150x150.jpg\",\"contentUrl\":\"https:\/\/dicodusport.fr\/blog\/wp-content\/uploads\/2021\/05\/Maxime-Boulard-150x150.jpg\",\"caption\":\"Maxime Boulard\"},\"description\":\"Journaliste\/r\u00e9dacteur depuis octobre 2020 - Si mon plus vieux souvenir de sport aurait pu m'en d\u00e9go\u00fbter, la finale de la Coupe du monde 2006 a \u00e9t\u00e9 tout le contraire. V\u00e9ritable d\u00e9clencheur d'une passion qui aujourd'hui ne fait que grandir avec le temps, mon leitmotiv est la France qui brille ! Je relate les exploits pass\u00e9s et pr\u00e9sents du sport bleu-blanc-rouge sans m\u00e9nagement depuis octobre 2020. Sport valide ou handisport, aucune diff\u00e9rence, il n'y a que du sport et plusieurs fa\u00e7ons de le pratiquer.\",\"sameAs\":[\"https:\/\/www.facebook.com\/Max.Bld2\/\",\"https:\/\/x.com\/https:\/\/twitter.com\/MaximeB_2\"],\"url\":\"https:\/\/dicodusport.fr\/blog\/author\/maxime-b\/\"}]}<\/script>\n<!-- \/ Yoast SEO Premium plugin. -->","yoast_head_json":{"title":"Mondiaux de tennis de table handisport : La s\u00e9lection fran\u00e7aise","description":"C'est une belle \u00e9quipe de France de para tennis de table qui s'envolera pour les Mondiaux en novembre avec de nombreuses chances de m\u00e9dailles","robots":{"index":"index","follow":"follow","max-snippet":"max-snippet:-1","max-image-preview":"max-image-preview:large","max-video-preview":"max-video-preview:-1"},"canonical":"https:\/\/dicodusport.fr\/blog\/mondiaux-de-tennis-de-table-handisport-la-selection-francaise\/","og_locale":"fr_FR","og_type":"article","og_title":"Mondiaux de tennis de table handisport : La s\u00e9lection fran\u00e7aise","og_description":"C'est une belle \u00e9quipe de France de para tennis de table qui s'envolera pour les Mondiaux en novembre avec de nombreuses chances de m\u00e9dailles","og_url":"https:\/\/dicodusport.fr\/blog\/mondiaux-de-tennis-de-table-handisport-la-selection-francaise\/","og_site_name":"Dicodusport","article_publisher":"https:\/\/www.facebook.com\/dicodusport","article_author":"https:\/\/www.facebook.com\/Max.Bld2\/","article_published_time":"2022-09-28T07:08:13+00:00","article_modified_time":"2022-09-30T16:18:57+00:00","og_image":[{"width":800,"height":445,"url":"https:\/\/dicodusport.fr\/blog\/wp-content\/uploads\/2021\/08\/Jeux-Paralympiques-de-Tokyo-Tennis-de-table-Fabien-Lamirault-conserve-son-titre-paralympique.png","type":"image\/png"}],"author":"Maxime Boulard","twitter_card":"summary_large_image","twitter_title":"Mondiaux de tennis de table handisport : La s\u00e9lection fran\u00e7aise","twitter_creator":"@https:\/\/twitter.com\/MaximeB_2","twitter_site":"@dicodusport","schema":{"@context":"https:\/\/schema.org","@graph":[{"@type":"NewsArticle","@id":"https:\/\/dicodusport.fr\/blog\/mondiaux-de-tennis-de-table-handisport-la-selection-francaise\/#article","isPartOf":{"@id":"https:\/\/dicodusport.fr\/blog\/mondiaux-de-tennis-de-table-handisport-la-selection-francaise\/"},"author":{"name":"Maxime Boulard","@id":"https:\/\/dicodusport.fr\/blog\/#\/schema\/person\/5aab10ee856e86ac63e9819a9da34784"},"headline":"Mondiaux de tennis de table handisport : La s\u00e9lection fran\u00e7aise","datePublished":"2022-09-28T07:08:13+00:00","dateModified":"2022-09-30T16:18:57+00:00","mainEntityOfPage":{"@id":"https:\/\/dicodusport.fr\/blog\/mondiaux-de-tennis-de-table-handisport-la-selection-francaise\/"},"wordCount":326,"commentCount":1,"publisher":{"@id":"https:\/\/dicodusport.fr\/blog\/#organization"},"image":{"@id":"https:\/\/dicodusport.fr\/blog\/mondiaux-de-tennis-de-table-handisport-la-selection-francaise\/#primaryimage"},"thumbnailUrl":"https:\/\/dicodusport.fr\/blog\/wp-content\/uploads\/2021\/08\/Jeux-Paralympiques-de-Tokyo-Tennis-de-table-Fabien-Lamirault-conserve-son-titre-paralympique.png","keywords":["championnats du monde de tennis de table","tennis de table"],"articleSection":["Handisport","Tennis de table"],"inLanguage":"fr-FR","potentialAction":[{"@type":"CommentAction","name":"Comment","target":["https:\/\/dicodusport.fr\/blog\/mondiaux-de-tennis-de-table-handisport-la-selection-francaise\/#respond"]}],"copyrightYear":"2022","copyrightHolder":{"@id":"https:\/\/dicodusport.fr\/blog\/#organization"}},{"@type":"WebPage","@id":"https:\/\/dicodusport.fr\/blog\/mondiaux-de-tennis-de-table-handisport-la-selection-francaise\/","url":"https:\/\/dicodusport.fr\/blog\/mondiaux-de-tennis-de-table-handisport-la-selection-francaise\/","name":"Mondiaux de tennis de table handisport : La s\u00e9lection fran\u00e7aise","isPartOf":{"@id":"https:\/\/dicodusport.fr\/blog\/#website"},"primaryImageOfPage":{"@id":"https:\/\/dicodusport.fr\/blog\/mondiaux-de-tennis-de-table-handisport-la-selection-francaise\/#primaryimage"},"image":{"@id":"https:\/\/dicodusport.fr\/blog\/mondiaux-de-tennis-de-table-handisport-la-selection-francaise\/#primaryimage"},"thumbnailUrl":"https:\/\/dicodusport.fr\/blog\/wp-content\/uploads\/2021\/08\/Jeux-Paralympiques-de-Tokyo-Tennis-de-table-Fabien-Lamirault-conserve-son-titre-paralympique.png","datePublished":"2022-09-28T07:08:13+00:00","dateModified":"2022-09-30T16:18:57+00:00","description":"C'est une belle \u00e9quipe de France de para tennis de table qui s'envolera pour les Mondiaux en novembre avec de nombreuses chances de m\u00e9dailles","breadcrumb":{"@id":"https:\/\/dicodusport.fr\/blog\/mondiaux-de-tennis-de-table-handisport-la-selection-francaise\/#breadcrumb"},"inLanguage":"fr-FR","potentialAction":[{"@type":"ReadAction","target":["https:\/\/dicodusport.fr\/blog\/mondiaux-de-tennis-de-table-handisport-la-selection-francaise\/"]}]},{"@type":"ImageObject","inLanguage":"fr-FR","@id":"https:\/\/dicodusport.fr\/blog\/mondiaux-de-tennis-de-table-handisport-la-selection-francaise\/#primaryimage","url":"https:\/\/dicodusport.fr\/blog\/wp-content\/uploads\/2021\/08\/Jeux-Paralympiques-de-Tokyo-Tennis-de-table-Fabien-Lamirault-conserve-son-titre-paralympique.png","contentUrl":"https:\/\/dicodusport.fr\/blog\/wp-content\/uploads\/2021\/08\/Jeux-Paralympiques-de-Tokyo-Tennis-de-table-Fabien-Lamirault-conserve-son-titre-paralympique.png","width":800,"height":445,"caption":"Jeux Paralympiques de Tokyo - Tennis de table Fabien Lamirault conserve son titre paralympique"},{"@type":"BreadcrumbList","@id":"https:\/\/dicodusport.fr\/blog\/mondiaux-de-tennis-de-table-handisport-la-selection-francaise\/#breadcrumb","itemListElement":[{"@type":"ListItem","position":1,"name":"Accueil","item":"https:\/\/dicodusport.fr\/blog\/"},{"@type":"ListItem","position":2,"name":"Mondiaux de tennis de table handisport : La s\u00e9lection fran\u00e7aise"}]},{"@type":"WebSite","@id":"https:\/\/dicodusport.fr\/blog\/#website","url":"https:\/\/dicodusport.fr\/blog\/","name":"Dicodusport","description":"L&#039;encyclop\u00e9die de l&#039;actualit\u00e9 sportive","publisher":{"@id":"https:\/\/dicodusport.fr\/blog\/#organization"},"potentialAction":[{"@type":"SearchAction","target":{"@type":"EntryPoint","urlTemplate":"https:\/\/dicodusport.fr\/blog\/?s={search_term_string}"},"query-input":{"@type":"PropertyValueSpecification","valueRequired":true,"valueName":"search_term_string"}}],"inLanguage":"fr-FR"},{"@type":"NewsMediaOrganization","@id":"https:\/\/dicodusport.fr\/blog\/#organization","name":"Dicodusport","url":"https:\/\/dicodusport.fr\/blog\/","logo":{"@type":"ImageObject","inLanguage":"fr-FR","@id":"https:\/\/dicodusport.fr\/blog\/#\/schema\/logo\/image\/","url":"https:\/\/dicodusport.fr\/blog\/wp-content\/uploads\/2020\/06\/cropped-LOGO-DICODUSPORT-2020-SANS-FOND-SANS-TEXTE.png","contentUrl":"https:\/\/dicodusport.fr\/blog\/wp-content\/uploads\/2020\/06\/cropped-LOGO-DICODUSPORT-2020-SANS-FOND-SANS-TEXTE.png","width":512,"height":512,"caption":"Dicodusport"},"image":{"@id":"https:\/\/dicodusport.fr\/blog\/#\/schema\/logo\/image\/"},"sameAs":["https:\/\/www.facebook.com\/dicodusport","https:\/\/x.com\/dicodusport","https:\/\/www.instagram.com\/dicodusport\/","https:\/\/www.youtube.com\/channel\/UC7V2KZ5sd3htJivAbA4ZG3w"],"description":"Dicodusport est l'encyclop\u00e9die de l'actualit\u00e9 sportive.","email":"bonjour@dicodusport.fr","legalName":"DICODUSPORT","foundingDate":"2018-01-14","vatID":"FR71834470973","taxID":"83447097300043","numberOfEmployees":{"@type":"QuantitativeValue","minValue":"1","maxValue":"10"}},{"@type":"Person","@id":"https:\/\/dicodusport.fr\/blog\/#\/schema\/person\/5aab10ee856e86ac63e9819a9da34784","name":"Maxime Boulard","image":{"@type":"ImageObject","inLanguage":"fr-FR","@id":"https:\/\/dicodusport.fr\/blog\/#\/schema\/person\/image\/","url":"https:\/\/dicodusport.fr\/blog\/wp-content\/uploads\/2021\/05\/Maxime-Boulard-150x150.jpg","contentUrl":"https:\/\/dicodusport.fr\/blog\/wp-content\/uploads\/2021\/05\/Maxime-Boulard-150x150.jpg","caption":"Maxime Boulard"},"description":"Journaliste\/r\u00e9dacteur depuis octobre 2020 - Si mon plus vieux souvenir de sport aurait pu m'en d\u00e9go\u00fbter, la finale de la Coupe du monde 2006 a \u00e9t\u00e9 tout le contraire. V\u00e9ritable d\u00e9clencheur d'une passion qui aujourd'hui ne fait que grandir avec le temps, mon leitmotiv est la France qui brille ! Je relate les exploits pass\u00e9s et pr\u00e9sents du sport bleu-blanc-rouge sans m\u00e9nagement depuis octobre 2020. Sport valide ou handisport, aucune diff\u00e9rence, il n'y a que du sport et plusieurs fa\u00e7ons de le pratiquer.","sameAs":["https:\/\/www.facebook.com\/Max.Bld2\/","https:\/\/x.com\/https:\/\/twitter.com\/MaximeB_2"],"url":"https:\/\/dicodusport.fr\/blog\/author\/maxime-b\/"}]}},"_links":{"self":[{"href":"https:\/\/dicodusport.fr\/blog\/wp-json\/wp\/v2\/posts\/265454","targetHints":{"allow":["GET"]}}],"collection":[{"href":"https:\/\/dicodusport.fr\/blog\/wp-json\/wp\/v2\/posts"}],"about":[{"href":"https:\/\/dicodusport.fr\/blog\/wp-json\/wp\/v2\/types\/post"}],"author":[{"embeddable":true,"href":"https:\/\/dicodusport.fr\/blog\/wp-json\/wp\/v2\/users\/43"}],"replies":[{"embeddable":true,"href":"https:\/\/dicodusport.fr\/blog\/wp-json\/wp\/v2\/comments?post=265454"}],"version-history":[{"count":0,"href":"https:\/\/dicodusport.fr\/blog\/wp-json\/wp\/v2\/posts\/265454\/revisions"}],"wp:featuredmedia":[{"embeddable":true,"href":"https:\/\/dicodusport.fr\/blog\/wp-json\/wp\/v2\/media\/162754"}],"wp:attachment":[{"href":"https:\/\/dicodusport.fr\/blog\/wp-json\/wp\/v2\/media?parent=265454"}],"wp:term":[{"taxonomy":"category","embeddable":true,"href":"https:\/\/dicodusport.fr\/blog\/wp-json\/wp\/v2\/categories?post=265454"},{"taxonomy":"post_tag","embeddable":true,"href":"https:\/\/dicodusport.fr\/blog\/wp-json\/wp\/v2\/tags?post=265454"}],"curies":[{"name":"wp","href":"https:\/\/api.w.org\/{rel}","templated":true}]}}