{"id":265586,"date":"2022-09-28T15:52:13","date_gmt":"2022-09-28T13:52:13","guid":{"rendered":"https:\/\/dicodusport.fr\/blog\/?p=265586"},"modified":"2022-09-28T20:42:22","modified_gmt":"2022-09-28T18:42:22","slug":"mondiaux-de-tir-plateau-carole-cormenier-championne-du-monde-de-trap","status":"publish","type":"post","link":"https:\/\/dicodusport.fr\/blog\/mondiaux-de-tir-plateau-carole-cormenier-championne-du-monde-de-trap\/","title":{"rendered":"Mondiaux de tir plateau : Carole Cormenier championne du monde de trap"},"content":{"rendered":"<p style=\"text-align: justify;\"><strong><em>CHAMPIONNATS DU MONDE DE TIR PLATEAU &#8211; Sensationnelle Carole Cormenier, qui remporte le titre mondial de trap au terme d&rsquo;une finale ma\u00eetris\u00e9e de bout en bout. Une ann\u00e9e 2022 pleinenement r\u00e9ussie apr\u00e8s l&rsquo;or aux Jeux M\u00e9diterran\u00e9ens.<\/em><\/strong><\/p>\n<h2 style=\"text-align: justify;\">Double dose d&rsquo;or<\/h2>\n<p style=\"text-align: justify;\">Elle n&rsquo;avait jamais remport\u00e9 de grand championnat s\u00e9nior avant 2022, <strong>Carole Cormenier<\/strong> terminera l&rsquo;ann\u00e9e avec deux titres. Championne des Jeux M\u00e9diterran\u00e9ens en juin dernier, la tireuse originaire de Limoges devait encore confirmer cette belle victoire ce mois-ci. D&rsquo;abord aux championnats d&rsquo;Europe, <strong>Cormenier<\/strong> arrive \u00e0 Larnaca (Chypre) en pr\u00e9tendante au podium. Malgr\u00e9 une 5\u00e8me place en qualifications, elle passe totalement \u00e0 c\u00f4t\u00e9 en terminant derni\u00e8re de sa demi-finale. Une d\u00e9ception a priori vite oubli\u00e9e tant la Tricolore \u00e9tait solide cette semaine. \u00c0 Osijek (Croatie), th\u00e9\u00e2tre de nombreuses comp\u00e9titions de tir, <strong>Carole Cormenier<\/strong> termine troisi\u00e8me des qualifications avec un bon 119\/125 au tir. Elle se qualifie ensuite en finale en terminant \u00e0 la deuxi\u00e8me place de sa demi-finale. Elle a, \u00e0 ce moment-l\u00e0, 3 chances sur 4 de remporter une m\u00e9daille.<\/p>\n<p style=\"text-align: justify;\">La finale ne d\u00e9marre pas de la meilleure des mani\u00e8res. Elle rate en effet le tout premier plateau. Quand on sait que la moindre erreur peut \u00eatre fatale, cela aurait pu lui jouer un mauvais tour. Sans doute vex\u00e9e de ce rat\u00e9 pr\u00e9matur\u00e9, elle encha\u00eenera 20 tirs parfaits pour se remettre dans la course au titre. Entre-temps, l&rsquo;Australienne <strong>Catherine Skinner<\/strong> est \u00e9limin\u00e9e au pied du podium. La m\u00e9daille est assur\u00e9e, mais elle n&rsquo;allait pas s&rsquo;arr\u00eater en si bon chemin. La m\u00e9daille de bronze est revenue \u00e0 la Slovaque <strong>Zuzana Rehak Stefecekova<\/strong> qui laisse Cormenier et l&rsquo;Espagnole <strong>Fatima Galvez<\/strong> tirer pour le titre. Apr\u00e8s 25 tirs chacune, la Fran\u00e7aise est devant 23-21, il reste alors 10 cartouches. Une erreur suppl\u00e9mentaire qui permet \u00e0 l&rsquo;Ib\u00e9rique de revenir \u00e0 une longueur, et qui aurait pu faire douter la tireuse tricolore.<\/p>\n<p style=\"text-align: justify;\">De plus, une cible ayant \u00e9t\u00e9 annonc\u00e9e rat\u00e9e fut d\u00e9jug\u00e9e par la VAR, a bien failli tout faire basculer. Son avance lui aura finalement suffi \u00e0 tel point que le dernier plateau n&rsquo;aura pas \u00e9t\u00e9 tir\u00e9, <strong>Galvez<\/strong> s&rsquo;incline et se contentera du titre de vice-championne du monde. <strong>Carole Cormenier<\/strong>, 22\u00e8me mondiale, s&rsquo;impose d\u00e9sormais comme une pr\u00e9tendante l\u00e9gitime pour Paris 2024. Elle qui ne cache pas viser la m\u00e9daille olympique, d&rsquo;autant que sa performance offre un quota suppl\u00e9mentaire !<\/p>\n<blockquote class=\"twitter-tweet\">\n<p dir=\"ltr\" lang=\"fr\">Oh la belle surprise : Carole Cormenier championne du monde (et quota olympique en poche) en trap &#x1f642;<\/p>\n<p>Elle \u00e9tait class\u00e9e 22e mondiale.<a href=\"https:\/\/twitter.com\/hashtag\/Paris2024?src=hash&amp;ref_src=twsrc%5Etfw\">#Paris2024<\/a> <a href=\"https:\/\/t.co\/cQrh2bXUln\">pic.twitter.com\/cQrh2bXUln<\/a><\/p>\n<p>\u2014 surlatouche.fr (@surlatouche_fr) <a href=\"https:\/\/twitter.com\/surlatouche_fr\/status\/1575111669092450304?ref_src=twsrc%5Etfw\">September 28, 2022<\/a><\/p><\/blockquote>\n<p><script async src=\"https:\/\/platform.twitter.com\/widgets.js\" charset=\"utf-8\"><\/script><\/p>\n","protected":false},"excerpt":{"rendered":"<p>CHAMPIONNATS DU MONDE DE TIR PLATEAU &#8211; Sensationnelle Carole Cormenier, qui remporte le titre mondial de trap au terme d&rsquo;une finale ma\u00eetris\u00e9e de bout en bout. Une ann\u00e9e 2022 pleinenement r\u00e9ussie apr\u00e8s l&rsquo;or aux Jeux M\u00e9diterran\u00e9ens.<\/p>\n","protected":false},"author":43,"featured_media":265678,"comment_status":"open","ping_status":"closed","sticky":false,"template":"","format":"standard","meta":{"_acf_changed":false,"_daextam_enable_autolinks":"","footnotes":""},"categories":[16898],"tags":[19599,24,3887],"class_list":["post-265586","post","type-post","status-publish","format-standard","has-post-thumbnail","hentry","category-tir","tag-championnats-du-monde-de-tir-sportif","tag-sport","tag-tir"],"acf":[],"yoast_head":"<!-- This site is optimized with the Yoast SEO Premium plugin v26.7 (Yoast SEO v26.7) - https:\/\/yoast.com\/wordpress\/plugins\/seo\/ -->\n<title>Mondiaux de tir plateau : Carole Cormenier championne du monde de trap<\/title>\n<meta name=\"description\" content=\"CHAMPIONNATS DU MONDE DE TIR PLATEAU - Sensationnelle Carole Cormenier, qui remporte le titre mondial de trap en Croatie.\" \/>\n<meta name=\"robots\" content=\"index, follow, max-snippet:-1, max-image-preview:large, max-video-preview:-1\" \/>\n<link rel=\"canonical\" href=\"https:\/\/dicodusport.fr\/blog\/mondiaux-de-tir-plateau-carole-cormenier-championne-du-monde-de-trap\/\" \/>\n<meta property=\"og:locale\" content=\"fr_FR\" \/>\n<meta property=\"og:type\" content=\"article\" \/>\n<meta property=\"og:title\" content=\"Mondiaux de tir plateau : Carole Cormenier championne du monde de trap\" \/>\n<meta property=\"og:description\" content=\"CHAMPIONNATS DU MONDE DE TIR PLATEAU - Sensationnelle Carole Cormenier, qui remporte le titre mondial de trap en Croatie.\" \/>\n<meta property=\"og:url\" content=\"https:\/\/dicodusport.fr\/blog\/mondiaux-de-tir-plateau-carole-cormenier-championne-du-monde-de-trap\/\" \/>\n<meta property=\"og:site_name\" content=\"Dicodusport\" \/>\n<meta property=\"article:publisher\" content=\"https:\/\/www.facebook.com\/dicodusport\" \/>\n<meta property=\"article:author\" content=\"https:\/\/www.facebook.com\/Max.Bld2\/\" \/>\n<meta property=\"article:published_time\" content=\"2022-09-28T13:52:13+00:00\" \/>\n<meta property=\"article:modified_time\" content=\"2022-09-28T18:42:22+00:00\" \/>\n<meta property=\"og:image\" content=\"https:\/\/dicodusport.fr\/blog\/wp-content\/uploads\/2022\/09\/Mondiaux-de-tir-plateau-Carole-Cormenier-championne-du-monde-de-trap-1.png\" \/>\n\t<meta property=\"og:image:width\" content=\"800\" \/>\n\t<meta property=\"og:image:height\" content=\"445\" \/>\n\t<meta property=\"og:image:type\" content=\"image\/png\" \/>\n<meta name=\"author\" content=\"Maxime Boulard\" \/>\n<meta name=\"twitter:card\" content=\"summary_large_image\" \/>\n<meta name=\"twitter:title\" content=\"Mondiaux de tir plateau : Carole Cormenier championne du monde de trap\" \/>\n<meta name=\"twitter:creator\" content=\"@https:\/\/twitter.com\/MaximeB_2\" \/>\n<meta name=\"twitter:site\" content=\"@dicodusport\" \/>\n<script type=\"application\/ld+json\" class=\"yoast-schema-graph\">{\"@context\":\"https:\/\/schema.org\",\"@graph\":[{\"@type\":\"NewsArticle\",\"@id\":\"https:\/\/dicodusport.fr\/blog\/mondiaux-de-tir-plateau-carole-cormenier-championne-du-monde-de-trap\/#article\",\"isPartOf\":{\"@id\":\"https:\/\/dicodusport.fr\/blog\/mondiaux-de-tir-plateau-carole-cormenier-championne-du-monde-de-trap\/\"},\"author\":{\"name\":\"Maxime Boulard\",\"@id\":\"https:\/\/dicodusport.fr\/blog\/#\/schema\/person\/5aab10ee856e86ac63e9819a9da34784\"},\"headline\":\"Mondiaux de tir plateau : Carole Cormenier championne du monde de trap\",\"datePublished\":\"2022-09-28T13:52:13+00:00\",\"dateModified\":\"2022-09-28T18:42:22+00:00\",\"mainEntityOfPage\":{\"@id\":\"https:\/\/dicodusport.fr\/blog\/mondiaux-de-tir-plateau-carole-cormenier-championne-du-monde-de-trap\/\"},\"wordCount\":470,\"commentCount\":2,\"publisher\":{\"@id\":\"https:\/\/dicodusport.fr\/blog\/#organization\"},\"image\":{\"@id\":\"https:\/\/dicodusport.fr\/blog\/mondiaux-de-tir-plateau-carole-cormenier-championne-du-monde-de-trap\/#primaryimage\"},\"thumbnailUrl\":\"https:\/\/dicodusport.fr\/blog\/wp-content\/uploads\/2022\/09\/Mondiaux-de-tir-plateau-Carole-Cormenier-championne-du-monde-de-trap-1.png\",\"keywords\":[\"Championnats du monde de tir sportif\",\"sport\",\"tir\"],\"articleSection\":[\"Tir\"],\"inLanguage\":\"fr-FR\",\"potentialAction\":[{\"@type\":\"CommentAction\",\"name\":\"Comment\",\"target\":[\"https:\/\/dicodusport.fr\/blog\/mondiaux-de-tir-plateau-carole-cormenier-championne-du-monde-de-trap\/#respond\"]}],\"copyrightYear\":\"2022\",\"copyrightHolder\":{\"@id\":\"https:\/\/dicodusport.fr\/blog\/#organization\"}},{\"@type\":\"WebPage\",\"@id\":\"https:\/\/dicodusport.fr\/blog\/mondiaux-de-tir-plateau-carole-cormenier-championne-du-monde-de-trap\/\",\"url\":\"https:\/\/dicodusport.fr\/blog\/mondiaux-de-tir-plateau-carole-cormenier-championne-du-monde-de-trap\/\",\"name\":\"Mondiaux de tir plateau : Carole Cormenier championne du monde de trap\",\"isPartOf\":{\"@id\":\"https:\/\/dicodusport.fr\/blog\/#website\"},\"primaryImageOfPage\":{\"@id\":\"https:\/\/dicodusport.fr\/blog\/mondiaux-de-tir-plateau-carole-cormenier-championne-du-monde-de-trap\/#primaryimage\"},\"image\":{\"@id\":\"https:\/\/dicodusport.fr\/blog\/mondiaux-de-tir-plateau-carole-cormenier-championne-du-monde-de-trap\/#primaryimage\"},\"thumbnailUrl\":\"https:\/\/dicodusport.fr\/blog\/wp-content\/uploads\/2022\/09\/Mondiaux-de-tir-plateau-Carole-Cormenier-championne-du-monde-de-trap-1.png\",\"datePublished\":\"2022-09-28T13:52:13+00:00\",\"dateModified\":\"2022-09-28T18:42:22+00:00\",\"description\":\"CHAMPIONNATS DU MONDE DE TIR PLATEAU - Sensationnelle Carole Cormenier, qui remporte le titre mondial de trap en Croatie.\",\"breadcrumb\":{\"@id\":\"https:\/\/dicodusport.fr\/blog\/mondiaux-de-tir-plateau-carole-cormenier-championne-du-monde-de-trap\/#breadcrumb\"},\"inLanguage\":\"fr-FR\",\"potentialAction\":[{\"@type\":\"ReadAction\",\"target\":[\"https:\/\/dicodusport.fr\/blog\/mondiaux-de-tir-plateau-carole-cormenier-championne-du-monde-de-trap\/\"]}]},{\"@type\":\"ImageObject\",\"inLanguage\":\"fr-FR\",\"@id\":\"https:\/\/dicodusport.fr\/blog\/mondiaux-de-tir-plateau-carole-cormenier-championne-du-monde-de-trap\/#primaryimage\",\"url\":\"https:\/\/dicodusport.fr\/blog\/wp-content\/uploads\/2022\/09\/Mondiaux-de-tir-plateau-Carole-Cormenier-championne-du-monde-de-trap-1.png\",\"contentUrl\":\"https:\/\/dicodusport.fr\/blog\/wp-content\/uploads\/2022\/09\/Mondiaux-de-tir-plateau-Carole-Cormenier-championne-du-monde-de-trap-1.png\",\"width\":800,\"height\":445,\"caption\":\"Mondiaux de tir plateau Carole Cormenier championne du monde de trap (1)\"},{\"@type\":\"BreadcrumbList\",\"@id\":\"https:\/\/dicodusport.fr\/blog\/mondiaux-de-tir-plateau-carole-cormenier-championne-du-monde-de-trap\/#breadcrumb\",\"itemListElement\":[{\"@type\":\"ListItem\",\"position\":1,\"name\":\"Accueil\",\"item\":\"https:\/\/dicodusport.fr\/blog\/\"},{\"@type\":\"ListItem\",\"position\":2,\"name\":\"Mondiaux de tir plateau : Carole Cormenier championne du monde de trap\"}]},{\"@type\":\"WebSite\",\"@id\":\"https:\/\/dicodusport.fr\/blog\/#website\",\"url\":\"https:\/\/dicodusport.fr\/blog\/\",\"name\":\"Dicodusport\",\"description\":\"L&#039;encyclop\u00e9die de l&#039;actualit\u00e9 sportive\",\"publisher\":{\"@id\":\"https:\/\/dicodusport.fr\/blog\/#organization\"},\"potentialAction\":[{\"@type\":\"SearchAction\",\"target\":{\"@type\":\"EntryPoint\",\"urlTemplate\":\"https:\/\/dicodusport.fr\/blog\/?s={search_term_string}\"},\"query-input\":{\"@type\":\"PropertyValueSpecification\",\"valueRequired\":true,\"valueName\":\"search_term_string\"}}],\"inLanguage\":\"fr-FR\"},{\"@type\":\"NewsMediaOrganization\",\"@id\":\"https:\/\/dicodusport.fr\/blog\/#organization\",\"name\":\"Dicodusport\",\"url\":\"https:\/\/dicodusport.fr\/blog\/\",\"logo\":{\"@type\":\"ImageObject\",\"inLanguage\":\"fr-FR\",\"@id\":\"https:\/\/dicodusport.fr\/blog\/#\/schema\/logo\/image\/\",\"url\":\"https:\/\/dicodusport.fr\/blog\/wp-content\/uploads\/2020\/06\/cropped-LOGO-DICODUSPORT-2020-SANS-FOND-SANS-TEXTE.png\",\"contentUrl\":\"https:\/\/dicodusport.fr\/blog\/wp-content\/uploads\/2020\/06\/cropped-LOGO-DICODUSPORT-2020-SANS-FOND-SANS-TEXTE.png\",\"width\":512,\"height\":512,\"caption\":\"Dicodusport\"},\"image\":{\"@id\":\"https:\/\/dicodusport.fr\/blog\/#\/schema\/logo\/image\/\"},\"sameAs\":[\"https:\/\/www.facebook.com\/dicodusport\",\"https:\/\/x.com\/dicodusport\",\"https:\/\/www.instagram.com\/dicodusport\/\",\"https:\/\/www.youtube.com\/channel\/UC7V2KZ5sd3htJivAbA4ZG3w\"],\"description\":\"Dicodusport est l'encyclop\u00e9die de l'actualit\u00e9 sportive.\",\"email\":\"bonjour@dicodusport.fr\",\"legalName\":\"DICODUSPORT\",\"foundingDate\":\"2018-01-14\",\"vatID\":\"FR71834470973\",\"taxID\":\"83447097300043\",\"numberOfEmployees\":{\"@type\":\"QuantitativeValue\",\"minValue\":\"1\",\"maxValue\":\"10\"}},{\"@type\":\"Person\",\"@id\":\"https:\/\/dicodusport.fr\/blog\/#\/schema\/person\/5aab10ee856e86ac63e9819a9da34784\",\"name\":\"Maxime Boulard\",\"image\":{\"@type\":\"ImageObject\",\"inLanguage\":\"fr-FR\",\"@id\":\"https:\/\/dicodusport.fr\/blog\/#\/schema\/person\/image\/\",\"url\":\"https:\/\/dicodusport.fr\/blog\/wp-content\/uploads\/2021\/05\/Maxime-Boulard-150x150.jpg\",\"contentUrl\":\"https:\/\/dicodusport.fr\/blog\/wp-content\/uploads\/2021\/05\/Maxime-Boulard-150x150.jpg\",\"caption\":\"Maxime Boulard\"},\"description\":\"Journaliste\/r\u00e9dacteur depuis octobre 2020 - Si mon plus vieux souvenir de sport aurait pu m'en d\u00e9go\u00fbter, la finale de la Coupe du monde 2006 a \u00e9t\u00e9 tout le contraire. V\u00e9ritable d\u00e9clencheur d'une passion qui aujourd'hui ne fait que grandir avec le temps, mon leitmotiv est la France qui brille ! Je relate les exploits pass\u00e9s et pr\u00e9sents du sport bleu-blanc-rouge sans m\u00e9nagement depuis octobre 2020. Sport valide ou handisport, aucune diff\u00e9rence, il n'y a que du sport et plusieurs fa\u00e7ons de le pratiquer.\",\"sameAs\":[\"https:\/\/www.facebook.com\/Max.Bld2\/\",\"https:\/\/x.com\/https:\/\/twitter.com\/MaximeB_2\"],\"url\":\"https:\/\/dicodusport.fr\/blog\/author\/maxime-b\/\"}]}<\/script>\n<!-- \/ Yoast SEO Premium plugin. -->","yoast_head_json":{"title":"Mondiaux de tir plateau : Carole Cormenier championne du monde de trap","description":"CHAMPIONNATS DU MONDE DE TIR PLATEAU - Sensationnelle Carole Cormenier, qui remporte le titre mondial de trap en Croatie.","robots":{"index":"index","follow":"follow","max-snippet":"max-snippet:-1","max-image-preview":"max-image-preview:large","max-video-preview":"max-video-preview:-1"},"canonical":"https:\/\/dicodusport.fr\/blog\/mondiaux-de-tir-plateau-carole-cormenier-championne-du-monde-de-trap\/","og_locale":"fr_FR","og_type":"article","og_title":"Mondiaux de tir plateau : Carole Cormenier championne du monde de trap","og_description":"CHAMPIONNATS DU MONDE DE TIR PLATEAU - Sensationnelle Carole Cormenier, qui remporte le titre mondial de trap en Croatie.","og_url":"https:\/\/dicodusport.fr\/blog\/mondiaux-de-tir-plateau-carole-cormenier-championne-du-monde-de-trap\/","og_site_name":"Dicodusport","article_publisher":"https:\/\/www.facebook.com\/dicodusport","article_author":"https:\/\/www.facebook.com\/Max.Bld2\/","article_published_time":"2022-09-28T13:52:13+00:00","article_modified_time":"2022-09-28T18:42:22+00:00","og_image":[{"width":800,"height":445,"url":"https:\/\/dicodusport.fr\/blog\/wp-content\/uploads\/2022\/09\/Mondiaux-de-tir-plateau-Carole-Cormenier-championne-du-monde-de-trap-1.png","type":"image\/png"}],"author":"Maxime Boulard","twitter_card":"summary_large_image","twitter_title":"Mondiaux de tir plateau : Carole Cormenier championne du monde de trap","twitter_creator":"@https:\/\/twitter.com\/MaximeB_2","twitter_site":"@dicodusport","schema":{"@context":"https:\/\/schema.org","@graph":[{"@type":"NewsArticle","@id":"https:\/\/dicodusport.fr\/blog\/mondiaux-de-tir-plateau-carole-cormenier-championne-du-monde-de-trap\/#article","isPartOf":{"@id":"https:\/\/dicodusport.fr\/blog\/mondiaux-de-tir-plateau-carole-cormenier-championne-du-monde-de-trap\/"},"author":{"name":"Maxime Boulard","@id":"https:\/\/dicodusport.fr\/blog\/#\/schema\/person\/5aab10ee856e86ac63e9819a9da34784"},"headline":"Mondiaux de tir plateau : Carole Cormenier championne du monde de trap","datePublished":"2022-09-28T13:52:13+00:00","dateModified":"2022-09-28T18:42:22+00:00","mainEntityOfPage":{"@id":"https:\/\/dicodusport.fr\/blog\/mondiaux-de-tir-plateau-carole-cormenier-championne-du-monde-de-trap\/"},"wordCount":470,"commentCount":2,"publisher":{"@id":"https:\/\/dicodusport.fr\/blog\/#organization"},"image":{"@id":"https:\/\/dicodusport.fr\/blog\/mondiaux-de-tir-plateau-carole-cormenier-championne-du-monde-de-trap\/#primaryimage"},"thumbnailUrl":"https:\/\/dicodusport.fr\/blog\/wp-content\/uploads\/2022\/09\/Mondiaux-de-tir-plateau-Carole-Cormenier-championne-du-monde-de-trap-1.png","keywords":["Championnats du monde de tir sportif","sport","tir"],"articleSection":["Tir"],"inLanguage":"fr-FR","potentialAction":[{"@type":"CommentAction","name":"Comment","target":["https:\/\/dicodusport.fr\/blog\/mondiaux-de-tir-plateau-carole-cormenier-championne-du-monde-de-trap\/#respond"]}],"copyrightYear":"2022","copyrightHolder":{"@id":"https:\/\/dicodusport.fr\/blog\/#organization"}},{"@type":"WebPage","@id":"https:\/\/dicodusport.fr\/blog\/mondiaux-de-tir-plateau-carole-cormenier-championne-du-monde-de-trap\/","url":"https:\/\/dicodusport.fr\/blog\/mondiaux-de-tir-plateau-carole-cormenier-championne-du-monde-de-trap\/","name":"Mondiaux de tir plateau : Carole Cormenier championne du monde de trap","isPartOf":{"@id":"https:\/\/dicodusport.fr\/blog\/#website"},"primaryImageOfPage":{"@id":"https:\/\/dicodusport.fr\/blog\/mondiaux-de-tir-plateau-carole-cormenier-championne-du-monde-de-trap\/#primaryimage"},"image":{"@id":"https:\/\/dicodusport.fr\/blog\/mondiaux-de-tir-plateau-carole-cormenier-championne-du-monde-de-trap\/#primaryimage"},"thumbnailUrl":"https:\/\/dicodusport.fr\/blog\/wp-content\/uploads\/2022\/09\/Mondiaux-de-tir-plateau-Carole-Cormenier-championne-du-monde-de-trap-1.png","datePublished":"2022-09-28T13:52:13+00:00","dateModified":"2022-09-28T18:42:22+00:00","description":"CHAMPIONNATS DU MONDE DE TIR PLATEAU - Sensationnelle Carole Cormenier, qui remporte le titre mondial de trap en Croatie.","breadcrumb":{"@id":"https:\/\/dicodusport.fr\/blog\/mondiaux-de-tir-plateau-carole-cormenier-championne-du-monde-de-trap\/#breadcrumb"},"inLanguage":"fr-FR","potentialAction":[{"@type":"ReadAction","target":["https:\/\/dicodusport.fr\/blog\/mondiaux-de-tir-plateau-carole-cormenier-championne-du-monde-de-trap\/"]}]},{"@type":"ImageObject","inLanguage":"fr-FR","@id":"https:\/\/dicodusport.fr\/blog\/mondiaux-de-tir-plateau-carole-cormenier-championne-du-monde-de-trap\/#primaryimage","url":"https:\/\/dicodusport.fr\/blog\/wp-content\/uploads\/2022\/09\/Mondiaux-de-tir-plateau-Carole-Cormenier-championne-du-monde-de-trap-1.png","contentUrl":"https:\/\/dicodusport.fr\/blog\/wp-content\/uploads\/2022\/09\/Mondiaux-de-tir-plateau-Carole-Cormenier-championne-du-monde-de-trap-1.png","width":800,"height":445,"caption":"Mondiaux de tir plateau Carole Cormenier championne du monde de trap (1)"},{"@type":"BreadcrumbList","@id":"https:\/\/dicodusport.fr\/blog\/mondiaux-de-tir-plateau-carole-cormenier-championne-du-monde-de-trap\/#breadcrumb","itemListElement":[{"@type":"ListItem","position":1,"name":"Accueil","item":"https:\/\/dicodusport.fr\/blog\/"},{"@type":"ListItem","position":2,"name":"Mondiaux de tir plateau : Carole Cormenier championne du monde de trap"}]},{"@type":"WebSite","@id":"https:\/\/dicodusport.fr\/blog\/#website","url":"https:\/\/dicodusport.fr\/blog\/","name":"Dicodusport","description":"L&#039;encyclop\u00e9die de l&#039;actualit\u00e9 sportive","publisher":{"@id":"https:\/\/dicodusport.fr\/blog\/#organization"},"potentialAction":[{"@type":"SearchAction","target":{"@type":"EntryPoint","urlTemplate":"https:\/\/dicodusport.fr\/blog\/?s={search_term_string}"},"query-input":{"@type":"PropertyValueSpecification","valueRequired":true,"valueName":"search_term_string"}}],"inLanguage":"fr-FR"},{"@type":"NewsMediaOrganization","@id":"https:\/\/dicodusport.fr\/blog\/#organization","name":"Dicodusport","url":"https:\/\/dicodusport.fr\/blog\/","logo":{"@type":"ImageObject","inLanguage":"fr-FR","@id":"https:\/\/dicodusport.fr\/blog\/#\/schema\/logo\/image\/","url":"https:\/\/dicodusport.fr\/blog\/wp-content\/uploads\/2020\/06\/cropped-LOGO-DICODUSPORT-2020-SANS-FOND-SANS-TEXTE.png","contentUrl":"https:\/\/dicodusport.fr\/blog\/wp-content\/uploads\/2020\/06\/cropped-LOGO-DICODUSPORT-2020-SANS-FOND-SANS-TEXTE.png","width":512,"height":512,"caption":"Dicodusport"},"image":{"@id":"https:\/\/dicodusport.fr\/blog\/#\/schema\/logo\/image\/"},"sameAs":["https:\/\/www.facebook.com\/dicodusport","https:\/\/x.com\/dicodusport","https:\/\/www.instagram.com\/dicodusport\/","https:\/\/www.youtube.com\/channel\/UC7V2KZ5sd3htJivAbA4ZG3w"],"description":"Dicodusport est l'encyclop\u00e9die de l'actualit\u00e9 sportive.","email":"bonjour@dicodusport.fr","legalName":"DICODUSPORT","foundingDate":"2018-01-14","vatID":"FR71834470973","taxID":"83447097300043","numberOfEmployees":{"@type":"QuantitativeValue","minValue":"1","maxValue":"10"}},{"@type":"Person","@id":"https:\/\/dicodusport.fr\/blog\/#\/schema\/person\/5aab10ee856e86ac63e9819a9da34784","name":"Maxime Boulard","image":{"@type":"ImageObject","inLanguage":"fr-FR","@id":"https:\/\/dicodusport.fr\/blog\/#\/schema\/person\/image\/","url":"https:\/\/dicodusport.fr\/blog\/wp-content\/uploads\/2021\/05\/Maxime-Boulard-150x150.jpg","contentUrl":"https:\/\/dicodusport.fr\/blog\/wp-content\/uploads\/2021\/05\/Maxime-Boulard-150x150.jpg","caption":"Maxime Boulard"},"description":"Journaliste\/r\u00e9dacteur depuis octobre 2020 - Si mon plus vieux souvenir de sport aurait pu m'en d\u00e9go\u00fbter, la finale de la Coupe du monde 2006 a \u00e9t\u00e9 tout le contraire. V\u00e9ritable d\u00e9clencheur d'une passion qui aujourd'hui ne fait que grandir avec le temps, mon leitmotiv est la France qui brille ! Je relate les exploits pass\u00e9s et pr\u00e9sents du sport bleu-blanc-rouge sans m\u00e9nagement depuis octobre 2020. Sport valide ou handisport, aucune diff\u00e9rence, il n'y a que du sport et plusieurs fa\u00e7ons de le pratiquer.","sameAs":["https:\/\/www.facebook.com\/Max.Bld2\/","https:\/\/x.com\/https:\/\/twitter.com\/MaximeB_2"],"url":"https:\/\/dicodusport.fr\/blog\/author\/maxime-b\/"}]}},"_links":{"self":[{"href":"https:\/\/dicodusport.fr\/blog\/wp-json\/wp\/v2\/posts\/265586","targetHints":{"allow":["GET"]}}],"collection":[{"href":"https:\/\/dicodusport.fr\/blog\/wp-json\/wp\/v2\/posts"}],"about":[{"href":"https:\/\/dicodusport.fr\/blog\/wp-json\/wp\/v2\/types\/post"}],"author":[{"embeddable":true,"href":"https:\/\/dicodusport.fr\/blog\/wp-json\/wp\/v2\/users\/43"}],"replies":[{"embeddable":true,"href":"https:\/\/dicodusport.fr\/blog\/wp-json\/wp\/v2\/comments?post=265586"}],"version-history":[{"count":0,"href":"https:\/\/dicodusport.fr\/blog\/wp-json\/wp\/v2\/posts\/265586\/revisions"}],"wp:featuredmedia":[{"embeddable":true,"href":"https:\/\/dicodusport.fr\/blog\/wp-json\/wp\/v2\/media\/265678"}],"wp:attachment":[{"href":"https:\/\/dicodusport.fr\/blog\/wp-json\/wp\/v2\/media?parent=265586"}],"wp:term":[{"taxonomy":"category","embeddable":true,"href":"https:\/\/dicodusport.fr\/blog\/wp-json\/wp\/v2\/categories?post=265586"},{"taxonomy":"post_tag","embeddable":true,"href":"https:\/\/dicodusport.fr\/blog\/wp-json\/wp\/v2\/tags?post=265586"}],"curies":[{"name":"wp","href":"https:\/\/api.w.org\/{rel}","templated":true}]}}