{"id":265706,"date":"2022-09-29T08:00:14","date_gmt":"2022-09-29T06:00:14","guid":{"rendered":"https:\/\/dicodusport.fr\/blog\/?p=265706&#038;preview=true&#038;preview_id=265706"},"modified":"2022-09-29T19:18:33","modified_gmt":"2022-09-29T17:18:33","slug":"davide-bramati-va-quitter-quick-step-pour-une-autre-equipe-world-tour","status":"publish","type":"post","link":"https:\/\/dicodusport.fr\/blog\/davide-bramati-va-quitter-quick-step-pour-une-autre-equipe-world-tour\/","title":{"rendered":"Davide Bramati va quitter Quick-Step pour une autre \u00e9quipe World Tour"},"content":{"rendered":"<p style=\"text-align: justify;\"><b><i>CYCLISME SUR ROUTE 2023 &#8211; Selon HLN, Davide Bramati va quitter la Quick-Step Alpha Vinyl pour rejoindre INEOS Grenadiers en 2023.<\/i><\/b><\/p>\n<p style=\"text-align: justify;\">C&rsquo;est un petit s\u00e9isme dans le monde du cyclisme. Apr\u00e8s 25 ans dans l&rsquo;\u00e9quipe <strong>Quick-Step<\/strong> aux c\u00f4t\u00e9s de <strong>Patrick<\/strong> <strong>Lefevere<\/strong>, d&rsquo;abord comme coureur puis comme directeur sportif, <strong>Davide<\/strong> <strong>Bramati<\/strong> va quitter la formation belge \u00e0 la fin de la saison. L&rsquo;Italien devrait s&rsquo;engager avec INEOS Grenadiers, qui aura une \u00e9quipe tr\u00e8s solide sur les classiques. Ce mouvement ne va pas calmer les rumeurs liant <strong>Remco<\/strong> <strong>Evenepoel<\/strong> \u00e0 la formation britannique, puisque le champion du monde est proche du directeur sportif italien.<\/p>\n<p style=\"text-align: justify;\">Ce n&rsquo;est pas le seul changement dans le staff d&rsquo;<strong>INEOS<\/strong> <strong>Grenadiers<\/strong> puisque <strong>Ian<\/strong> <strong>Stannard<\/strong> devrait aussi rejoindre l&rsquo;\u00e9quipe apr\u00e8s un passage chez Trinity Racing. <strong>Servais<\/strong> <strong>Knaven<\/strong>, <strong>Gabriel<\/strong> <strong>Rasch<\/strong> et <strong>Brett<\/strong> <strong>Lancaster<\/strong> sont eux sur le d\u00e9part de la formation dirig\u00e9e par <strong>Dave<\/strong> <strong>Brailsford<\/strong>.<\/p>\n<blockquote class=\"twitter-tweet\">\n<p dir=\"ltr\" lang=\"en\">This article suggests changes within <a href=\"https:\/\/twitter.com\/INEOSGrenadiers?ref_src=twsrc%5Etfw\">@INEOSGrenadiers<\/a>.<\/p>\n<p>A change of DS\u2019s with the departure of Knaven, Rasch &amp; Lancaster. Importantly, Bramati (!) &amp; Stanard coming in.<\/p>\n<p>Rodriguez has signed with Movistar for 2024.<br \/>\nIneos shows the need to sign an promising GC man, like Evenepoel. <a href=\"https:\/\/t.co\/Mlqpq7LjlT\">https:\/\/t.co\/Mlqpq7LjlT<\/a><\/p>\n<p>\u2014 Domestique (@Domestique___) <a href=\"https:\/\/twitter.com\/Domestique___\/status\/1575212061545865216?ref_src=twsrc%5Etfw\">September 28, 2022<\/a><\/p><\/blockquote>\n<p style=\"text-align: justify;\"><script async src=\"https:\/\/platform.twitter.com\/widgets.js\" charset=\"utf-8\"><\/script><\/p>\n<p style=\"text-align: justify;\"><strong>Edit :<\/strong> Ce jeudi, Davide Bramati a d\u00e9menti l&rsquo;information via son compte Instagram. Le directeur sportif italien a confirm\u00e9 qu&rsquo;il resterait fid\u00e8le \u00e0 Patrick Lefevere et \u00e0 la Quick-Step.<\/p>\n<blockquote class=\"instagram-media\" style=\"background: #FFF; border: 0; border-radius: 3px; box-shadow: 0 0 1px 0 rgba(0,0,0,0.5),0 1px 10px 0 rgba(0,0,0,0.15); margin: 1px; max-width: 540px; min-width: 326px; padding: 0; width: calc(100% - 2px);\" data-instgrm-captioned=\"\" data-instgrm-permalink=\"https:\/\/www.instagram.com\/p\/CjF3Q_8Mq1Z\/?utm_source=ig_embed&amp;utm_campaign=loading\" data-instgrm-version=\"14\">\n<div style=\"padding: 16px;\">\n<p>&nbsp;<\/p>\n<div style=\"display: flex; flex-direction: row; align-items: center;\">\n<div style=\"background-color: #f4f4f4; border-radius: 50%; flex-grow: 0; height: 40px; margin-right: 14px; width: 40px;\"><\/div>\n<div style=\"display: flex; flex-direction: column; flex-grow: 1; justify-content: center;\">\n<div style=\"background-color: #f4f4f4; border-radius: 4px; flex-grow: 0; height: 14px; margin-bottom: 6px; width: 100px;\"><\/div>\n<div style=\"background-color: #f4f4f4; border-radius: 4px; flex-grow: 0; height: 14px; width: 60px;\"><\/div>\n<\/div>\n<\/div>\n<div style=\"padding: 19% 0;\"><\/div>\n<div style=\"display: block; height: 50px; margin: 0 auto 12px; width: 50px;\"><\/div>\n<div style=\"padding-top: 8px;\">\n<div style=\"color: #3897f0; font-family: Arial,sans-serif; font-size: 14px; font-style: normal; font-weight: 550; line-height: 18px;\">Voir cette publication sur Instagram<\/div>\n<\/div>\n<div style=\"padding: 12.5% 0;\"><\/div>\n<div style=\"display: flex; flex-direction: row; margin-bottom: 14px; align-items: center;\">\n<div>\n<div style=\"background-color: #f4f4f4; border-radius: 50%; height: 12.5px; width: 12.5px; transform: translateX(0px) translateY(7px);\"><\/div>\n<div style=\"background-color: #f4f4f4; height: 12.5px; transform: rotate(-45deg) translateX(3px) translateY(1px); width: 12.5px; flex-grow: 0; margin-right: 14px; margin-left: 2px;\"><\/div>\n<div style=\"background-color: #f4f4f4; border-radius: 50%; height: 12.5px; width: 12.5px; transform: translateX(9px) translateY(-18px);\"><\/div>\n<\/div>\n<div style=\"margin-left: 8px;\">\n<div style=\"background-color: #f4f4f4; border-radius: 50%; flex-grow: 0; height: 20px; width: 20px;\"><\/div>\n<div style=\"width: 0; height: 0; border-top: 2px solid transparent; border-left: 6px solid #f4f4f4; border-bottom: 2px solid transparent; transform: translateX(16px) translateY(-4px) rotate(30deg);\"><\/div>\n<\/div>\n<div style=\"margin-left: auto;\">\n<div style=\"width: 0px; border-top: 8px solid #F4F4F4; border-right: 8px solid transparent; transform: translateY(16px);\"><\/div>\n<div style=\"background-color: #f4f4f4; flex-grow: 0; height: 12px; width: 16px; transform: translateY(-4px);\"><\/div>\n<div style=\"width: 0; height: 0; border-top: 8px solid #F4F4F4; border-left: 8px solid transparent; transform: translateY(-4px) translateX(8px);\"><\/div>\n<\/div>\n<\/div>\n<div style=\"display: flex; flex-direction: column; flex-grow: 1; justify-content: center; margin-bottom: 24px;\">\n<div style=\"background-color: #f4f4f4; border-radius: 4px; flex-grow: 0; height: 14px; margin-bottom: 6px; width: 224px;\"><\/div>\n<div style=\"background-color: #f4f4f4; border-radius: 4px; flex-grow: 0; height: 14px; width: 144px;\"><\/div>\n<\/div>\n<p>&nbsp;<\/p>\n<p style=\"color: #c9c8cd; font-family: Arial,sans-serif; font-size: 14px; line-height: 17px; margin-bottom: 0; margin-top: 8px; overflow: hidden; padding: 8px 0 7px; text-align: center; text-overflow: ellipsis; white-space: nowrap;\"><a style=\"color: #c9c8cd; font-family: Arial,sans-serif; font-size: 14px; font-style: normal; font-weight: normal; line-height: 17px; text-decoration: none;\" href=\"https:\/\/www.instagram.com\/p\/CjF3Q_8Mq1Z\/?utm_source=ig_embed&amp;utm_campaign=loading\" target=\"_blank\" rel=\"noopener\">Une publication partag\u00e9e par Davide (@davidebramati)<\/a><\/p>\n<\/div>\n<\/blockquote>\n<p><script async src=\"\/\/www.instagram.com\/embed.js\"><\/script><\/p>\n","protected":false},"excerpt":{"rendered":"<p>CYCLISME SUR ROUTE 2023 &#8211; Selon HLN, Davide Bramati va quitter la Quick-Step Alpha Vinyl pour rejoindre INEOS Grenadiers en 2023.<\/p>\n","protected":false},"author":1,"featured_media":265707,"comment_status":"open","ping_status":"closed","sticky":false,"template":"","format":"standard","meta":{"_acf_changed":false,"_daextam_enable_autolinks":"","footnotes":""},"categories":[46994],"tags":[11397,2836],"class_list":["post-265706","post","type-post","status-publish","format-standard","has-post-thumbnail","hentry","category-cyclisme-sur-route","tag-ineos-grenadiers","tag-quick-step"],"acf":[],"yoast_head":"<!-- This site is optimized with the Yoast SEO Premium plugin v26.7 (Yoast SEO v26.7) - https:\/\/yoast.com\/wordpress\/plugins\/seo\/ -->\n<title>Davide Bramati va quitter Quick-Step pour une autre \u00e9quipe World Tour<\/title>\n<meta name=\"description\" content=\"CYCLISME SUR ROUTE 2023 - Selon HLN, Davide Bramati va quitter la Quick-Step Alpha Vinyl pour rejoindre INEOS Grenadiers en 2023.\" \/>\n<meta name=\"robots\" content=\"index, follow, max-snippet:-1, max-image-preview:large, max-video-preview:-1\" \/>\n<link rel=\"canonical\" href=\"https:\/\/dicodusport.fr\/blog\/davide-bramati-va-quitter-quick-step-pour-une-autre-equipe-world-tour\/\" \/>\n<meta property=\"og:locale\" content=\"fr_FR\" \/>\n<meta property=\"og:type\" content=\"article\" \/>\n<meta property=\"og:title\" content=\"Davide Bramati va quitter Quick-Step pour une autre \u00e9quipe World Tour\" \/>\n<meta property=\"og:description\" content=\"CYCLISME SUR ROUTE 2023 - Selon HLN, Davide Bramati va quitter la Quick-Step Alpha Vinyl pour rejoindre INEOS Grenadiers en 2023.\" \/>\n<meta property=\"og:url\" content=\"https:\/\/dicodusport.fr\/blog\/davide-bramati-va-quitter-quick-step-pour-une-autre-equipe-world-tour\/\" \/>\n<meta property=\"og:site_name\" content=\"Dicodusport\" \/>\n<meta property=\"article:publisher\" content=\"https:\/\/www.facebook.com\/dicodusport\" \/>\n<meta property=\"article:author\" content=\"https:\/\/www.facebook.com\/dicodusport\" \/>\n<meta property=\"article:published_time\" content=\"2022-09-29T06:00:14+00:00\" \/>\n<meta property=\"article:modified_time\" content=\"2022-09-29T17:18:33+00:00\" \/>\n<meta property=\"og:image\" content=\"https:\/\/dicodusport.fr\/blog\/wp-content\/uploads\/2022\/09\/Davide-Bramati-va-quitter-Quick-Step-pour-une-autre-e\u0301quipe-World-Tour.png\" \/>\n\t<meta property=\"og:image:width\" content=\"800\" \/>\n\t<meta property=\"og:image:height\" content=\"445\" \/>\n\t<meta property=\"og:image:type\" content=\"image\/png\" \/>\n<meta name=\"author\" content=\"Nicolas Jacquemard\" \/>\n<meta name=\"twitter:card\" content=\"summary_large_image\" \/>\n<meta name=\"twitter:title\" content=\"Davide Bramati va quitter Quick-Step pour une autre \u00e9quipe World Tour\" \/>\n<meta name=\"twitter:creator\" content=\"@https:\/\/twitter.com\/Nico_Jacquemard\" \/>\n<meta name=\"twitter:site\" content=\"@dicodusport\" \/>\n<script type=\"application\/ld+json\" class=\"yoast-schema-graph\">{\"@context\":\"https:\/\/schema.org\",\"@graph\":[{\"@type\":\"NewsArticle\",\"@id\":\"https:\/\/dicodusport.fr\/blog\/davide-bramati-va-quitter-quick-step-pour-une-autre-equipe-world-tour\/#article\",\"isPartOf\":{\"@id\":\"https:\/\/dicodusport.fr\/blog\/davide-bramati-va-quitter-quick-step-pour-une-autre-equipe-world-tour\/\"},\"author\":{\"name\":\"Nicolas Jacquemard\",\"@id\":\"https:\/\/dicodusport.fr\/blog\/#\/schema\/person\/55dcb50ad410894e431ed812bbb70191\"},\"headline\":\"Davide Bramati va quitter Quick-Step pour une autre \u00e9quipe World Tour\",\"datePublished\":\"2022-09-29T06:00:14+00:00\",\"dateModified\":\"2022-09-29T17:18:33+00:00\",\"mainEntityOfPage\":{\"@id\":\"https:\/\/dicodusport.fr\/blog\/davide-bramati-va-quitter-quick-step-pour-une-autre-equipe-world-tour\/\"},\"wordCount\":262,\"commentCount\":0,\"publisher\":{\"@id\":\"https:\/\/dicodusport.fr\/blog\/#organization\"},\"image\":{\"@id\":\"https:\/\/dicodusport.fr\/blog\/davide-bramati-va-quitter-quick-step-pour-une-autre-equipe-world-tour\/#primaryimage\"},\"thumbnailUrl\":\"https:\/\/dicodusport.fr\/blog\/wp-content\/uploads\/2022\/09\/Davide-Bramati-va-quitter-Quick-Step-pour-une-autre-e\u0301quipe-World-Tour.png\",\"keywords\":[\"INEOS Grenadiers\",\"quick step\"],\"articleSection\":[\"Cyclisme sur route\"],\"inLanguage\":\"fr-FR\",\"potentialAction\":[{\"@type\":\"CommentAction\",\"name\":\"Comment\",\"target\":[\"https:\/\/dicodusport.fr\/blog\/davide-bramati-va-quitter-quick-step-pour-une-autre-equipe-world-tour\/#respond\"]}],\"copyrightYear\":\"2022\",\"copyrightHolder\":{\"@id\":\"https:\/\/dicodusport.fr\/blog\/#organization\"}},{\"@type\":\"WebPage\",\"@id\":\"https:\/\/dicodusport.fr\/blog\/davide-bramati-va-quitter-quick-step-pour-une-autre-equipe-world-tour\/\",\"url\":\"https:\/\/dicodusport.fr\/blog\/davide-bramati-va-quitter-quick-step-pour-une-autre-equipe-world-tour\/\",\"name\":\"Davide Bramati va quitter Quick-Step pour une autre \u00e9quipe World Tour\",\"isPartOf\":{\"@id\":\"https:\/\/dicodusport.fr\/blog\/#website\"},\"primaryImageOfPage\":{\"@id\":\"https:\/\/dicodusport.fr\/blog\/davide-bramati-va-quitter-quick-step-pour-une-autre-equipe-world-tour\/#primaryimage\"},\"image\":{\"@id\":\"https:\/\/dicodusport.fr\/blog\/davide-bramati-va-quitter-quick-step-pour-une-autre-equipe-world-tour\/#primaryimage\"},\"thumbnailUrl\":\"https:\/\/dicodusport.fr\/blog\/wp-content\/uploads\/2022\/09\/Davide-Bramati-va-quitter-Quick-Step-pour-une-autre-e\u0301quipe-World-Tour.png\",\"datePublished\":\"2022-09-29T06:00:14+00:00\",\"dateModified\":\"2022-09-29T17:18:33+00:00\",\"description\":\"CYCLISME SUR ROUTE 2023 - Selon HLN, Davide Bramati va quitter la Quick-Step Alpha Vinyl pour rejoindre INEOS Grenadiers en 2023.\",\"breadcrumb\":{\"@id\":\"https:\/\/dicodusport.fr\/blog\/davide-bramati-va-quitter-quick-step-pour-une-autre-equipe-world-tour\/#breadcrumb\"},\"inLanguage\":\"fr-FR\",\"potentialAction\":[{\"@type\":\"ReadAction\",\"target\":[\"https:\/\/dicodusport.fr\/blog\/davide-bramati-va-quitter-quick-step-pour-une-autre-equipe-world-tour\/\"]}]},{\"@type\":\"ImageObject\",\"inLanguage\":\"fr-FR\",\"@id\":\"https:\/\/dicodusport.fr\/blog\/davide-bramati-va-quitter-quick-step-pour-une-autre-equipe-world-tour\/#primaryimage\",\"url\":\"https:\/\/dicodusport.fr\/blog\/wp-content\/uploads\/2022\/09\/Davide-Bramati-va-quitter-Quick-Step-pour-une-autre-e\u0301quipe-World-Tour.png\",\"contentUrl\":\"https:\/\/dicodusport.fr\/blog\/wp-content\/uploads\/2022\/09\/Davide-Bramati-va-quitter-Quick-Step-pour-une-autre-e\u0301quipe-World-Tour.png\",\"width\":800,\"height\":445},{\"@type\":\"BreadcrumbList\",\"@id\":\"https:\/\/dicodusport.fr\/blog\/davide-bramati-va-quitter-quick-step-pour-une-autre-equipe-world-tour\/#breadcrumb\",\"itemListElement\":[{\"@type\":\"ListItem\",\"position\":1,\"name\":\"Accueil\",\"item\":\"https:\/\/dicodusport.fr\/blog\/\"},{\"@type\":\"ListItem\",\"position\":2,\"name\":\"Davide Bramati va quitter Quick-Step pour une autre \u00e9quipe World Tour\"}]},{\"@type\":\"WebSite\",\"@id\":\"https:\/\/dicodusport.fr\/blog\/#website\",\"url\":\"https:\/\/dicodusport.fr\/blog\/\",\"name\":\"Dicodusport\",\"description\":\"L&#039;encyclop\u00e9die de l&#039;actualit\u00e9 sportive\",\"publisher\":{\"@id\":\"https:\/\/dicodusport.fr\/blog\/#organization\"},\"potentialAction\":[{\"@type\":\"SearchAction\",\"target\":{\"@type\":\"EntryPoint\",\"urlTemplate\":\"https:\/\/dicodusport.fr\/blog\/?s={search_term_string}\"},\"query-input\":{\"@type\":\"PropertyValueSpecification\",\"valueRequired\":true,\"valueName\":\"search_term_string\"}}],\"inLanguage\":\"fr-FR\"},{\"@type\":\"NewsMediaOrganization\",\"@id\":\"https:\/\/dicodusport.fr\/blog\/#organization\",\"name\":\"Dicodusport\",\"url\":\"https:\/\/dicodusport.fr\/blog\/\",\"logo\":{\"@type\":\"ImageObject\",\"inLanguage\":\"fr-FR\",\"@id\":\"https:\/\/dicodusport.fr\/blog\/#\/schema\/logo\/image\/\",\"url\":\"https:\/\/dicodusport.fr\/blog\/wp-content\/uploads\/2020\/06\/cropped-LOGO-DICODUSPORT-2020-SANS-FOND-SANS-TEXTE.png\",\"contentUrl\":\"https:\/\/dicodusport.fr\/blog\/wp-content\/uploads\/2020\/06\/cropped-LOGO-DICODUSPORT-2020-SANS-FOND-SANS-TEXTE.png\",\"width\":512,\"height\":512,\"caption\":\"Dicodusport\"},\"image\":{\"@id\":\"https:\/\/dicodusport.fr\/blog\/#\/schema\/logo\/image\/\"},\"sameAs\":[\"https:\/\/www.facebook.com\/dicodusport\",\"https:\/\/x.com\/dicodusport\",\"https:\/\/www.instagram.com\/dicodusport\/\",\"https:\/\/www.youtube.com\/channel\/UC7V2KZ5sd3htJivAbA4ZG3w\"],\"description\":\"Dicodusport est l'encyclop\u00e9die de l'actualit\u00e9 sportive.\",\"email\":\"bonjour@dicodusport.fr\",\"legalName\":\"DICODUSPORT\",\"foundingDate\":\"2018-01-14\",\"vatID\":\"FR71834470973\",\"taxID\":\"83447097300043\",\"numberOfEmployees\":{\"@type\":\"QuantitativeValue\",\"minValue\":\"1\",\"maxValue\":\"10\"}},{\"@type\":\"Person\",\"@id\":\"https:\/\/dicodusport.fr\/blog\/#\/schema\/person\/55dcb50ad410894e431ed812bbb70191\",\"name\":\"Nicolas Jacquemard\",\"image\":{\"@type\":\"ImageObject\",\"inLanguage\":\"fr-FR\",\"@id\":\"https:\/\/dicodusport.fr\/blog\/#\/schema\/person\/image\/\",\"url\":\"https:\/\/dicodusport.fr\/blog\/wp-content\/uploads\/2021\/05\/Nicolas-Jacquemard-150x150.jpeg\",\"contentUrl\":\"https:\/\/dicodusport.fr\/blog\/wp-content\/uploads\/2021\/05\/Nicolas-Jacquemard-150x150.jpeg\",\"caption\":\"Nicolas Jacquemard\"},\"description\":\"Passionn\u00e9 de sport et entrepreneur depuis mes 18 ans, la cr\u00e9ation de Dicodusport m'a sembl\u00e9 \u00e9vidente pour participer \u00e0 la m\u00e9diatisation d'un plus grand nombre de sports. Le chemin est long mais avec une \u00e9quipe des plus motiv\u00e9es et les Jeux Olympiques de Paris 2024 en point de mire, nous y arriverons ! Journaliste dans le monde du sport depuis plus de 5 ans, je traite aussi bien de football, de rugby, de biathlon que de cyclisme.\",\"sameAs\":[\"https:\/\/www.facebook.com\/dicodusport\",\"https:\/\/x.com\/https:\/\/twitter.com\/Nico_Jacquemard\"],\"url\":\"https:\/\/dicodusport.fr\/blog\/author\/dicodusport\/\"}]}<\/script>\n<!-- \/ Yoast SEO Premium plugin. -->","yoast_head_json":{"title":"Davide Bramati va quitter Quick-Step pour une autre \u00e9quipe World Tour","description":"CYCLISME SUR ROUTE 2023 - Selon HLN, Davide Bramati va quitter la Quick-Step Alpha Vinyl pour rejoindre INEOS Grenadiers en 2023.","robots":{"index":"index","follow":"follow","max-snippet":"max-snippet:-1","max-image-preview":"max-image-preview:large","max-video-preview":"max-video-preview:-1"},"canonical":"https:\/\/dicodusport.fr\/blog\/davide-bramati-va-quitter-quick-step-pour-une-autre-equipe-world-tour\/","og_locale":"fr_FR","og_type":"article","og_title":"Davide Bramati va quitter Quick-Step pour une autre \u00e9quipe World Tour","og_description":"CYCLISME SUR ROUTE 2023 - Selon HLN, Davide Bramati va quitter la Quick-Step Alpha Vinyl pour rejoindre INEOS Grenadiers en 2023.","og_url":"https:\/\/dicodusport.fr\/blog\/davide-bramati-va-quitter-quick-step-pour-une-autre-equipe-world-tour\/","og_site_name":"Dicodusport","article_publisher":"https:\/\/www.facebook.com\/dicodusport","article_author":"https:\/\/www.facebook.com\/dicodusport","article_published_time":"2022-09-29T06:00:14+00:00","article_modified_time":"2022-09-29T17:18:33+00:00","og_image":[{"width":800,"height":445,"url":"https:\/\/dicodusport.fr\/blog\/wp-content\/uploads\/2022\/09\/Davide-Bramati-va-quitter-Quick-Step-pour-une-autre-e\u0301quipe-World-Tour.png","type":"image\/png"}],"author":"Nicolas Jacquemard","twitter_card":"summary_large_image","twitter_title":"Davide Bramati va quitter Quick-Step pour une autre \u00e9quipe World Tour","twitter_creator":"@https:\/\/twitter.com\/Nico_Jacquemard","twitter_site":"@dicodusport","schema":{"@context":"https:\/\/schema.org","@graph":[{"@type":"NewsArticle","@id":"https:\/\/dicodusport.fr\/blog\/davide-bramati-va-quitter-quick-step-pour-une-autre-equipe-world-tour\/#article","isPartOf":{"@id":"https:\/\/dicodusport.fr\/blog\/davide-bramati-va-quitter-quick-step-pour-une-autre-equipe-world-tour\/"},"author":{"name":"Nicolas Jacquemard","@id":"https:\/\/dicodusport.fr\/blog\/#\/schema\/person\/55dcb50ad410894e431ed812bbb70191"},"headline":"Davide Bramati va quitter Quick-Step pour une autre \u00e9quipe World Tour","datePublished":"2022-09-29T06:00:14+00:00","dateModified":"2022-09-29T17:18:33+00:00","mainEntityOfPage":{"@id":"https:\/\/dicodusport.fr\/blog\/davide-bramati-va-quitter-quick-step-pour-une-autre-equipe-world-tour\/"},"wordCount":262,"commentCount":0,"publisher":{"@id":"https:\/\/dicodusport.fr\/blog\/#organization"},"image":{"@id":"https:\/\/dicodusport.fr\/blog\/davide-bramati-va-quitter-quick-step-pour-une-autre-equipe-world-tour\/#primaryimage"},"thumbnailUrl":"https:\/\/dicodusport.fr\/blog\/wp-content\/uploads\/2022\/09\/Davide-Bramati-va-quitter-Quick-Step-pour-une-autre-e\u0301quipe-World-Tour.png","keywords":["INEOS Grenadiers","quick step"],"articleSection":["Cyclisme sur route"],"inLanguage":"fr-FR","potentialAction":[{"@type":"CommentAction","name":"Comment","target":["https:\/\/dicodusport.fr\/blog\/davide-bramati-va-quitter-quick-step-pour-une-autre-equipe-world-tour\/#respond"]}],"copyrightYear":"2022","copyrightHolder":{"@id":"https:\/\/dicodusport.fr\/blog\/#organization"}},{"@type":"WebPage","@id":"https:\/\/dicodusport.fr\/blog\/davide-bramati-va-quitter-quick-step-pour-une-autre-equipe-world-tour\/","url":"https:\/\/dicodusport.fr\/blog\/davide-bramati-va-quitter-quick-step-pour-une-autre-equipe-world-tour\/","name":"Davide Bramati va quitter Quick-Step pour une autre \u00e9quipe World Tour","isPartOf":{"@id":"https:\/\/dicodusport.fr\/blog\/#website"},"primaryImageOfPage":{"@id":"https:\/\/dicodusport.fr\/blog\/davide-bramati-va-quitter-quick-step-pour-une-autre-equipe-world-tour\/#primaryimage"},"image":{"@id":"https:\/\/dicodusport.fr\/blog\/davide-bramati-va-quitter-quick-step-pour-une-autre-equipe-world-tour\/#primaryimage"},"thumbnailUrl":"https:\/\/dicodusport.fr\/blog\/wp-content\/uploads\/2022\/09\/Davide-Bramati-va-quitter-Quick-Step-pour-une-autre-e\u0301quipe-World-Tour.png","datePublished":"2022-09-29T06:00:14+00:00","dateModified":"2022-09-29T17:18:33+00:00","description":"CYCLISME SUR ROUTE 2023 - Selon HLN, Davide Bramati va quitter la Quick-Step Alpha Vinyl pour rejoindre INEOS Grenadiers en 2023.","breadcrumb":{"@id":"https:\/\/dicodusport.fr\/blog\/davide-bramati-va-quitter-quick-step-pour-une-autre-equipe-world-tour\/#breadcrumb"},"inLanguage":"fr-FR","potentialAction":[{"@type":"ReadAction","target":["https:\/\/dicodusport.fr\/blog\/davide-bramati-va-quitter-quick-step-pour-une-autre-equipe-world-tour\/"]}]},{"@type":"ImageObject","inLanguage":"fr-FR","@id":"https:\/\/dicodusport.fr\/blog\/davide-bramati-va-quitter-quick-step-pour-une-autre-equipe-world-tour\/#primaryimage","url":"https:\/\/dicodusport.fr\/blog\/wp-content\/uploads\/2022\/09\/Davide-Bramati-va-quitter-Quick-Step-pour-une-autre-e\u0301quipe-World-Tour.png","contentUrl":"https:\/\/dicodusport.fr\/blog\/wp-content\/uploads\/2022\/09\/Davide-Bramati-va-quitter-Quick-Step-pour-une-autre-e\u0301quipe-World-Tour.png","width":800,"height":445},{"@type":"BreadcrumbList","@id":"https:\/\/dicodusport.fr\/blog\/davide-bramati-va-quitter-quick-step-pour-une-autre-equipe-world-tour\/#breadcrumb","itemListElement":[{"@type":"ListItem","position":1,"name":"Accueil","item":"https:\/\/dicodusport.fr\/blog\/"},{"@type":"ListItem","position":2,"name":"Davide Bramati va quitter Quick-Step pour une autre \u00e9quipe World Tour"}]},{"@type":"WebSite","@id":"https:\/\/dicodusport.fr\/blog\/#website","url":"https:\/\/dicodusport.fr\/blog\/","name":"Dicodusport","description":"L&#039;encyclop\u00e9die de l&#039;actualit\u00e9 sportive","publisher":{"@id":"https:\/\/dicodusport.fr\/blog\/#organization"},"potentialAction":[{"@type":"SearchAction","target":{"@type":"EntryPoint","urlTemplate":"https:\/\/dicodusport.fr\/blog\/?s={search_term_string}"},"query-input":{"@type":"PropertyValueSpecification","valueRequired":true,"valueName":"search_term_string"}}],"inLanguage":"fr-FR"},{"@type":"NewsMediaOrganization","@id":"https:\/\/dicodusport.fr\/blog\/#organization","name":"Dicodusport","url":"https:\/\/dicodusport.fr\/blog\/","logo":{"@type":"ImageObject","inLanguage":"fr-FR","@id":"https:\/\/dicodusport.fr\/blog\/#\/schema\/logo\/image\/","url":"https:\/\/dicodusport.fr\/blog\/wp-content\/uploads\/2020\/06\/cropped-LOGO-DICODUSPORT-2020-SANS-FOND-SANS-TEXTE.png","contentUrl":"https:\/\/dicodusport.fr\/blog\/wp-content\/uploads\/2020\/06\/cropped-LOGO-DICODUSPORT-2020-SANS-FOND-SANS-TEXTE.png","width":512,"height":512,"caption":"Dicodusport"},"image":{"@id":"https:\/\/dicodusport.fr\/blog\/#\/schema\/logo\/image\/"},"sameAs":["https:\/\/www.facebook.com\/dicodusport","https:\/\/x.com\/dicodusport","https:\/\/www.instagram.com\/dicodusport\/","https:\/\/www.youtube.com\/channel\/UC7V2KZ5sd3htJivAbA4ZG3w"],"description":"Dicodusport est l'encyclop\u00e9die de l'actualit\u00e9 sportive.","email":"bonjour@dicodusport.fr","legalName":"DICODUSPORT","foundingDate":"2018-01-14","vatID":"FR71834470973","taxID":"83447097300043","numberOfEmployees":{"@type":"QuantitativeValue","minValue":"1","maxValue":"10"}},{"@type":"Person","@id":"https:\/\/dicodusport.fr\/blog\/#\/schema\/person\/55dcb50ad410894e431ed812bbb70191","name":"Nicolas Jacquemard","image":{"@type":"ImageObject","inLanguage":"fr-FR","@id":"https:\/\/dicodusport.fr\/blog\/#\/schema\/person\/image\/","url":"https:\/\/dicodusport.fr\/blog\/wp-content\/uploads\/2021\/05\/Nicolas-Jacquemard-150x150.jpeg","contentUrl":"https:\/\/dicodusport.fr\/blog\/wp-content\/uploads\/2021\/05\/Nicolas-Jacquemard-150x150.jpeg","caption":"Nicolas Jacquemard"},"description":"Passionn\u00e9 de sport et entrepreneur depuis mes 18 ans, la cr\u00e9ation de Dicodusport m'a sembl\u00e9 \u00e9vidente pour participer \u00e0 la m\u00e9diatisation d'un plus grand nombre de sports. Le chemin est long mais avec une \u00e9quipe des plus motiv\u00e9es et les Jeux Olympiques de Paris 2024 en point de mire, nous y arriverons ! Journaliste dans le monde du sport depuis plus de 5 ans, je traite aussi bien de football, de rugby, de biathlon que de cyclisme.","sameAs":["https:\/\/www.facebook.com\/dicodusport","https:\/\/x.com\/https:\/\/twitter.com\/Nico_Jacquemard"],"url":"https:\/\/dicodusport.fr\/blog\/author\/dicodusport\/"}]}},"_links":{"self":[{"href":"https:\/\/dicodusport.fr\/blog\/wp-json\/wp\/v2\/posts\/265706","targetHints":{"allow":["GET"]}}],"collection":[{"href":"https:\/\/dicodusport.fr\/blog\/wp-json\/wp\/v2\/posts"}],"about":[{"href":"https:\/\/dicodusport.fr\/blog\/wp-json\/wp\/v2\/types\/post"}],"author":[{"embeddable":true,"href":"https:\/\/dicodusport.fr\/blog\/wp-json\/wp\/v2\/users\/1"}],"replies":[{"embeddable":true,"href":"https:\/\/dicodusport.fr\/blog\/wp-json\/wp\/v2\/comments?post=265706"}],"version-history":[{"count":0,"href":"https:\/\/dicodusport.fr\/blog\/wp-json\/wp\/v2\/posts\/265706\/revisions"}],"wp:featuredmedia":[{"embeddable":true,"href":"https:\/\/dicodusport.fr\/blog\/wp-json\/wp\/v2\/media\/265707"}],"wp:attachment":[{"href":"https:\/\/dicodusport.fr\/blog\/wp-json\/wp\/v2\/media?parent=265706"}],"wp:term":[{"taxonomy":"category","embeddable":true,"href":"https:\/\/dicodusport.fr\/blog\/wp-json\/wp\/v2\/categories?post=265706"},{"taxonomy":"post_tag","embeddable":true,"href":"https:\/\/dicodusport.fr\/blog\/wp-json\/wp\/v2\/tags?post=265706"}],"curies":[{"name":"wp","href":"https:\/\/api.w.org\/{rel}","templated":true}]}}