{"id":26626,"date":"2018-10-02T15:34:51","date_gmt":"2018-10-02T13:34:51","guid":{"rendered":"http:\/\/dicodusport.fr\/blog\/?p=26626"},"modified":"2018-10-16T10:30:30","modified_gmt":"2018-10-16T08:30:30","slug":"le-placard-a-balais-11-le-quidditch-aurait-beaucoup-a-gagner-a-se-developper-en-milieu-scolaire","status":"publish","type":"post","link":"https:\/\/dicodusport.fr\/blog\/le-placard-a-balais-11-le-quidditch-aurait-beaucoup-a-gagner-a-se-developper-en-milieu-scolaire\/","title":{"rendered":"Le Placard \u00e0 Balais #11 : \u00ab\u00a0le quidditch aurait beaucoup \u00e0 gagner \u00e0 se d\u00e9velopper en milieu scolaire\u00a0\u00bb"},"content":{"rendered":"<p style=\"text-align: justify;\"><b><i>Dimanche 30 septembre s&rsquo;est tenu le premier entra\u00eenement des Nagas, le quidditch club de Montcornet. Sa particularit\u00e9 ? Ce club est le premier club fran\u00e7ais n\u00e9 dans la continuit\u00e9 d&rsquo;une section junior, alors que, g\u00e9n\u00e9ralement, les clubs attendent d&rsquo;\u00eatre suffisamment d\u00e9velopp\u00e9s avant de cr\u00e9er leur section junior. Cl\u00e9ment Rendu et Emmanuel Del Canto, membres fondateurs, nous parlent du d\u00e9veloppement du quidditch&#8230; chez les petits comme les grands !\u00a0<\/i><\/b><\/p>\n<h5 style=\"text-align: justify;\">Bonjour Emmanuel et Cl\u00e9ment !\u00a0Habituellement, les clubs s&rsquo;installent avant de cr\u00e9er une section jeune. \u00c0 Montcornet, c&rsquo;est le contraire qui se produit. Pouvez-vous nous en dire plus sur la mani\u00e8re dont le quidditch s&rsquo;est d\u00e9velopp\u00e9 au coll\u00e8ge ?<\/h5>\n<p style=\"text-align: justify;\">Disons, en optant pour la version courte<sup>[1]<\/sup>,\u00a0que tout est parti d\u2019un vaste canular que nous avons men\u00e9 aupr\u00e8s de nos \u00e9l\u00e8ves de 6<sup>\u00e8me<\/sup> lors de la rentr\u00e9e 2014\/2015. Nous avons \u00e9t\u00e9 tellement d\u00e9pass\u00e9s par l\u2019ampleur des \u00e9v\u00e8nements et par l\u2019enthousiasme des \u00e9l\u00e8ves, mais aussi des familles, que nous avons d\u00e9cid\u00e9 de construire, \u00e0 4 coll\u00e8gues (Marl\u00e8ne, Benjamin, Emmanuel &amp; Cl\u00e9ment) un projet p\u00e9dagogique autour du quidditch et du \u00ab\u00a0Monde Magique\u00a0\u00bb. Le Cercle Magus \u00e9tait n\u00e9. 40 \u00e9l\u00e8ves r\u00e9partis en 4 maisons s\u2019affrontant \u00e0 coup de matchs et d\u2019ateliers p\u00e9dagogiques chaque semaine pour arracher la \u00ab\u00a0Coupe des quatre maisons\u00a0\u00bb \u00e0 la fin de l\u2019ann\u00e9e. Ouvert \u00e0 la rentr\u00e9e 2015\/2016, nous venons d\u2019entamer sa 3<sup>\u00e8me<\/sup> session. Entre temps les \u00e9l\u00e8ves ont rencontr\u00e9 r\u00e9guli\u00e8rement une partie des joueurs des Bayards de Reims et ils ont pu se rendre \u00e0 la Coupe de France 2017 o\u00f9 les Crocs-de-Nuit, la maison victorieuse en 2016, a pu jouer contre les Paris-Titans<sup>[2]<\/sup>. Parall\u00e8lement plusieurs m\u00e9dias se sont pench\u00e9s, directement ou indirectement, sur le projet\u00a0: les journaux locaux comme <em>La Thi\u00e9rache<\/em>, <em>Le Courrier<\/em> ou l\u2019<em>Aisne\u2019Mag<\/em>, mais aussi <em>Le Figaro<\/em>, <em>France 3 Picardie<\/em>, l\u2019\u00e9mission \u00a0\u00bbC<\/p>\n<p style=\"text-align: justify;\">dans l\u2019air\u00a0\u00bb sur <em>France 5<\/em>, les services de communication du rectorat de Picardie et la <em>Gazette du sorcier<\/em>. C\u2019est vraiment une exp\u00e9rience tr\u00e8s enrichissante pour les \u00e9l\u00e8ves comme pour nous.<\/p>\n<h5 style=\"text-align: justify;\">Maintenant, le quidditch \u00e0 Montcornet se d\u00e9veloppe \u00e9galement sous la forme d&rsquo;un club ouvert \u00e0 tous. Comment cela s&rsquo;est-il construit ?<\/h5>\n<p style=\"text-align: justify;\">La lassitude d\u2019\u00eatre sur le banc de touche\u00a0? Plus s\u00e9rieusement, nous avons \u00e9t\u00e9 sollicit\u00e9s par une partie des \u00e9l\u00e8ves sortant du projet qui souhaitaient continuer l\u2019aventure une fois en troisi\u00e8me ou au lyc\u00e9e. Les diff\u00e9rentes portes-ouvertes du Cercle-Magus ont aussi amen\u00e9 vers nous des proches des \u00e9l\u00e8ves\u00a0: amis, cousins\/cousines, fr\u00e8res &amp; s\u0153urs et m\u00eames des parents ainsi que des personnes compl\u00e9tement ext\u00e9rieures. Nous avons r\u00e9alis\u00e9 une petite enqu\u00eate au printemps dernier pour voir si l\u2019ouverture d\u2019un club serait envisageable et les r\u00e9sultats furent tr\u00e8s positifs. C\u2019est \u00e0 partir de l\u00e0 que la machine s\u2019est mise en marche.<\/p>\n<h5 style=\"text-align: justify;\">Pourquoi avoir choisi le nom des Nagas ?<\/h5>\n<p style=\"text-align: justify;\">L\u2019id\u00e9e est venue durant la phase de cr\u00e9ation. Nous cherchions quelque chose de graphique et qui n\u2019\u00e9tait pas encore utilis\u00e9e dans la communaut\u00e9. L\u2019id\u00e9e d\u2019une cr\u00e9ature serpentine et reptilienne s\u2019est impos\u00e9e. Restait \u00e0 choisir un nom. Nous avons pens\u00e9 aux gorgones, aux chim\u00e8res, ou aux m\u00e9duses mais \u00ab\u00a0nagas\u00a0\u00bb sonne terriblement mieux. Nous avons alors opt\u00e9 pour une interpr\u00e9tation libre \u00e0 la crois\u00e9e des mythes grecs et indiens. Nous sommes aussi partis sur une r\u00e9f\u00e9rence mythologique pour se d\u00e9tacher d\u2019Harry Potter. Ce lien reste tr\u00e8s fort pour le Cercle Magus car il nous offre de nombreuses opportunit\u00e9s p\u00e9dagogiques, mais pour les Nagas nous souhaitions nous en affranchir et se concentrer sur l\u2019aspect sportif. Pour le logo, le symbole d\u2019une cr\u00e9ature p\u00e9trifiant ses victimes a plu au reste du bureau de l\u2019association. Esp\u00e9rons que cela fonctionnera.<\/p>\n<div id=\"attachment_26710\" style=\"width: 689px\" class=\"wp-caption aligncenter\"><img loading=\"lazy\" decoding=\"async\" aria-describedby=\"caption-attachment-26710\" class=\"wp-image-26710 size-full\" src=\"http:\/\/dicodusport.fr\/blog\/wp-content\/uploads\/2018\/10\/Clement-Rendu-Emmanuel-Del-Canto.jpeg\" alt=\"\" width=\"679\" height=\"801\" srcset=\"https:\/\/dicodusport.fr\/blog\/wp-content\/uploads\/2018\/10\/Clement-Rendu-Emmanuel-Del-Canto.jpeg 679w, https:\/\/dicodusport.fr\/blog\/wp-content\/uploads\/2018\/10\/Clement-Rendu-Emmanuel-Del-Canto-254x300.jpeg 254w\" sizes=\"auto, (max-width: 679px) 100vw, 679px\" \/><p id=\"caption-attachment-26710\" class=\"wp-caption-text\">Cl\u00e9ment Rendu &#8211; \u00a9 Emmanuel Del Canto<\/p><\/div>\n<h5 style=\"text-align: justify;\">Contrairement \u00e0 la plupart des clubs -accessibles d\u00e8s 16 ans- les Nagas accepte les adh\u00e9rents d\u00e8s 14 ans, soit l&rsquo;\u00e2ge \u00e0 partir duquel les coll\u00e9giens ne b\u00e9n\u00e9ficient plus de l&rsquo;activit\u00e9 du Cercle Magus. Avez-vous des \u00ab\u00a0graines de champions\u00a0\u00bb qui ont manifest\u00e9 un int\u00e9r\u00eat pour poursuivre vers le quidditch adulte ?<\/h5>\n<p style=\"text-align: justify;\">C\u2019est pire que cela. On s\u2019approche du harc\u00e8lement pour obtenir les bulletins d\u2019adh\u00e9sions. Heureusement l\u2019attente touche \u00e0 sa fin. Pour l\u2019ouverture du club \u00ab\u00a0les champions\u00a0\u00bb devraient repr\u00e9senter une grosse moiti\u00e9 de l\u2019effectif, soit une petite dizaine environ. Nous pensons, ou plut\u00f4t nous esp\u00e9rons, que cela s\u2019\u00e9toffera par la suite en recueillant les fruits du Cercle Magus. S\u2019il faut citer des noms, on peut le faire\u00a0: Alexia, Thibault, Kimberley, Mathis, Tiphanie, Mathilde, Kilian, L\u00e9ane, Chlo\u00eb \u2026<\/p>\n<h5 style=\"text-align: justify;\">Quels sont les objectifs de chacun des clubs pour la saison 2018-2019 ?<\/h5>\n<p style=\"text-align: justify;\">Pour le Cercle Magus, cette ann\u00e9e est une ann\u00e9e charni\u00e8re. Nos \u00e9l\u00e8ves historiques, qui formaient le gros de nos troupes, sont sortis du projet apr\u00e8s 3 ans de service (m\u00eame s\u2019ils ne restent jamais bien loin et que nous en formons certains \u00e0 devenir arbitre). Nos effectifs ont donc connu un profond renouvellement. Il nous faut former une nouvelle g\u00e9n\u00e9ration, trouver le bon poste pour chacun et r\u00e9cr\u00e9er des collectifs au sein de chaque maison. Bien entendu le but est de mener \u00e0 bien la 3<sup>\u00e8me<\/sup> \u00e9dition de la \u00ab\u00a0Coupe des quatre maisons\u00a0\u00bb. Enfin, les Cryophoenix de la maison Mortarion, victorieux en juin dernier, ont \u00e9t\u00e9 invit\u00e9s par la FQF pour jouer \u00e0 leur tour contre les Titans lors de la prochaine Coupe de France. Les modalit\u00e9s de cette manifestation \u00e9tant en train de changer, nous attendons impatiemment de savoir o\u00f9 et quand il se tiendra, pour \u00e9tudier la faisabilit\u00e9 de notre venue.<\/p>\n<p style=\"text-align: justify;\">Pour les Nagas, l\u2019objectif n\u00b01 \u00e0 court terme est de former un groupe p\u00e9renne avec des habitudes de jeu et si, les occasions se pr\u00e9sentent, de faire quelques rencontres avec les \u00e9quipes proches g\u00e9ographiquement. Pour commencer, nous sommes plut\u00f4t dans l\u2019optique de faire conna\u00eetre le sport, de passer de bons moments, de transpirer \u00e0 grosses gouttes et de progresser tranquillement. Pour les plus jeunes du club, le but est de les maintenir dans la pratique du quidditch pour qu\u2019ils puissent ensuite s\u2019investir dans le club ou en rejoindre un autre lorsqu\u2019ils partiront faire leurs \u00e9tudes sup\u00e9rieures. Si tout fonctionne correctement, on esp\u00e8re rentrer dans une dimension plus comp\u00e9titive d\u2019ici 1 \u00e0 2 ans quand la grande majorit\u00e9 des membres du club aura plus de 16 ans.<\/p>\n<h5 style=\"text-align: justify;\">Jusque-l\u00e0, les \u00e9l\u00e8ves du Cercle Magus se sont affront\u00e9s entre eux et ont fait face aux Titans Paris lors de la Coupe de France 2017. Des matchs contre les autres sections juniors (\u00e0 Nantes ou \u00e0 Paris) sont-ils au programme ?<\/h5>\n<p style=\"text-align: justify;\">Sur le principe nous sommes pour mais cela demande une certaine planification. Le cadre scolaire n\u2019est pas le plus souple. Il faut convaincre, obtenir les autorisations du CA dans les bons d\u00e9lais, et surtout trouver des financements. Notre isolement g\u00e9ographique est aussi un frein. Jusqu\u2019\u00e0 pr\u00e9sent nous avons toujours r\u00e9ussi \u00e0 faire avancer le projet donc nous attendons la bonne occasion. Il se murmure qu\u2019une Coupe de France Juniors serait dans les cartons de la F\u00e9d\u00e9ration du Quidditch Fran\u00e7ais. Ce serait assez g\u00e9nial d\u2019y participer. Plus proche de nous, des coll\u00e8gues d\u2019un coll\u00e8ge voisin, \u00e0 Vervins, sont en train de se lancer dans l\u2019exp\u00e9rience du Quidditch. Une d\u00e9l\u00e9gation est venue participer au grand tournoi, ouvert \u00e0 tous, qui a cl\u00f4tur\u00e9 la saison de la \u00ab\u00a0Coupe des quatre maisons\u00a0\u00bb 2017\/2018. Nous esp\u00e9rons bien les rencontrer \u00e0 nouveau cette ann\u00e9e et pourquoi pas contaminer d\u2019autres \u00e9tablissements.<\/p>\n<h5 style=\"text-align: justify;\">Nous avons parl\u00e9 des deux clubs de Montcornet. Peut-on en savoir plus sur vous, \u00e9l\u00e9ments moteurs de ces projets ?<\/h5>\n<p style=\"text-align: justify;\">Cl\u00e9ment Rendu, 32 ans, professeur d\u2019Histoire-G\u00e9ographie et d\u2019EMC. Dans le cadre du Cercle Magus, je \u00ab\u00a0dirige\u00a0\u00bb la maison Mortarion (championne en titre, il faut le dire, VIS POTENTIA EST), comme mes 3 coll\u00e8gues j\u2019ai la charge d\u2019un atelier. Des journaux en r\u00e9alit\u00e9 augment\u00e9e fa\u00e7on \u00ab\u00a0Daily Prophet\u00a0\u00bb furent r\u00e9alis\u00e9s l\u2019ann\u00e9e derni\u00e8re. Cette ann\u00e9e il s\u2019agit d\u2019une campagne d\u2019affichage contre les discriminations. Je g\u00e8re aussi les aspects graphiques du Cercle Magus (affiches, vid\u00e9os, logos, maillots) et une bonne partie des relations avec la FQF. Pour les Nagas j\u2019occupe la fonction de joueur, probablement gardien ou poursuiveur, et de tr\u00e9sorier.<\/p>\n<p style=\"text-align: justify;\">Emmanuel Del Canto, 29 ans pour encore quelques pr\u00e9cieux jours, professeur-documentaliste au coll\u00e8ge Charles de Gaulle. Dans le Cercle Magus, je suis responsable de la maison Crocs-de-Nuit, qui a remport\u00e9 la premi\u00e8re \u00e9dition de la Coupe des 4 Maisons. Depuis, on partage, parce qu\u2019on est bons joueurs. A l\u2019image de mes coll\u00e8gues, j\u2019encadre un atelier en lien avec l\u2019univers de la magie. L\u2019ann\u00e9e derni\u00e8re, les \u00e9l\u00e8ves ont confectionn\u00e9 leur baguette magique et ont imagin\u00e9 un sortil\u00e8ge propre \u00e0 leur maison, sous forme de chor\u00e9graphie. Cette ann\u00e9e, ils vont \u00eatre amen\u00e9s \u00e0 cr\u00e9er un livre audio pour raconter l\u2019histoire de leur Fondateur. Concernant les Nagas, j\u2019occupe la fonction de pr\u00e9sident de l\u2019association. Et en jeu, mon poste de pr\u00e9dilection est celui de batteur !<\/p>\n<div id=\"attachment_26711\" style=\"width: 672px\" class=\"wp-caption aligncenter\"><img loading=\"lazy\" decoding=\"async\" aria-describedby=\"caption-attachment-26711\" class=\"wp-image-26711 size-full\" src=\"http:\/\/dicodusport.fr\/blog\/wp-content\/uploads\/2018\/10\/Emmanuel-Del-Canto-Clement-Rendu.jpg\" alt=\"\" width=\"662\" height=\"850\" srcset=\"https:\/\/dicodusport.fr\/blog\/wp-content\/uploads\/2018\/10\/Emmanuel-Del-Canto-Clement-Rendu.jpg 662w, https:\/\/dicodusport.fr\/blog\/wp-content\/uploads\/2018\/10\/Emmanuel-Del-Canto-Clement-Rendu-234x300.jpg 234w\" sizes=\"auto, (max-width: 662px) 100vw, 662px\" \/><p id=\"caption-attachment-26711\" class=\"wp-caption-text\">Emmanuel Del Canto &#8211; \u00a9 Cl\u00e9ment Rendu<\/p><\/div>\n<h5 style=\"text-align: justify;\">Comment avez-vous d\u00e9couvert le quidditch ?<\/h5>\n<p style=\"text-align: justify;\"><strong>C.R. :<\/strong> Ayant grandi avec Harry Potter depuis l\u2019adolescence, je connaissais le quidditch comme un aspect de cet univers. Concernant sa transposition sportive, je savais depuis quelques ann\u00e9es que des r\u00e8gles existaient pour le quidditch moldu depuis qu\u2019un ami avait pratiqu\u00e9 au Canada dans le cadre d\u2019un voyage universitaire. Je ne pensais pas qu\u2019il existait une f\u00e9d\u00e9ration structur\u00e9e au niveau national et international. Finalement c\u2019est en pr\u00e9parant le projet \u00ab\u00a0Cercle Magus\u00a0\u00bb que j\u2019ai v\u00e9ritablement d\u00e9couvert le quidditch comme sport.<\/p>\n<p style=\"text-align: justify;\"><strong>E. D. C. :<\/strong> Pendant tr\u00e8s longtemps, ma vision du quidditch s\u2019est limit\u00e9e aux \u00e9l\u00e8ves de Poudlard qui s\u2019affrontaient sur des balais volants \u00e0 quinze m\u00e8tres de hauteur. J\u2019ai d\u2019ailleurs pratiqu\u00e9 le sport durant de longues heures sur ma vieille Playstation 2 ! Concernant le quidditch moldu, j\u2019avais d\u00e9j\u00e0 re\u00e7u quelques \u00e9chos ext\u00e9rieurs et vu d\u00e9filer quelques images sur Internet, mais je ne me doutais pas que le ph\u00e9nom\u00e8ne avait pris une telle ampleur. J\u2019ai commenc\u00e9 \u00e0 r\u00e9ellement m\u2019y int\u00e9resser lorsque Cl\u00e9ment et moi nous sommes pench\u00e9s sur le Cercle Magus, et nous avons tr\u00e8s vite attrap\u00e9 le virus !<\/p>\n<h5 style=\"text-align: justify;\">Qu&rsquo;est-ce qui vous inspire ?<\/h5>\n<p style=\"text-align: justify;\"><strong>C.R. :<\/strong> Euh \u2026 la r\u00e9ponse D. Sinon on dira que tout peut \u00eatre source d\u2019inspiration. J\u2019aime l\u2019id\u00e9e d\u2019aller de d\u00e9couverte en d\u00e9couverte, de dig\u00e9rer le tout et d\u2019en faire des projets, de se fixer de nouveaux d\u00e9fis.<\/p>\n<p style=\"text-align: justify;\"><strong>E. D. C. :<\/strong> C\u2019est une question difficile. Au d\u00e9part, j\u2019avais simplement envie de partager ma passion pour l\u2019univers de J.K. Rowling, qui est une formidable ouverture \u00e0 la litt\u00e9rature. A l\u2019heure actuelle, je dirais que ce sont nos \u00e9l\u00e8ves qui constituent ma plus grande source d\u2019inspiration. S\u2019ils n\u2019avaient pas adh\u00e9r\u00e9 au projet, nous n\u2019en serions pas l\u00e0. Par leur engouement, ils stimulent notre cr\u00e9ativit\u00e9 et nous poussent \u00e0 aller toujours plus loin pour les surprendre.<\/p>\n<h5 style=\"text-align: justify;\">Quels conseils donneriez-vous pour cr\u00e9er sa section jeune (ou sa section adulte !) ?<\/h5>\n<p style=\"text-align: justify;\">Installez-vous dans un coll\u00e8ge\u00a0! Au-del\u00e0 de la plaisanterie je pense que le quidditch aurait beaucoup \u00e0 gagner \u00e0 se d\u00e9velopper en milieu scolaire (D\u2019ailleurs on a re\u00e7u de nombreuses demandes, questions de la part de professeurs de toute la France sur la page Facebook du Cercle Magus). En termes de visibilit\u00e9 et de normalisation, il y a quelque chose \u00e0 faire. En dehors de \u00e7a, que dire si ce n\u2019est des platitudes\u00a0? Garantir une pratique r\u00e9guli\u00e8re\u00a0? Favoriser les sessions de jeu pour \u00eatre attractif\u00a0? Ne pas se lancer avant d\u2019\u00eatre certain d\u2019avoir un effectif minimal garantissant le bon fonctionnement du club\u00a0sous peine d\u2019abandon et de d\u00e9couragement\u00a0? Mais bon, au regard de notre jeune exp\u00e9rience, est-ce que nous sommes vraiment bien plac\u00e9s pour r\u00e9pondre \u00e0 cette question\u00a0?<\/p>\n<h5 style=\"text-align: justify;\">O\u00f9 voyez-vous le quidditch fran\u00e7ais dans 5 ans ?<\/h5>\n<p style=\"text-align: justify;\">Il est encore un peu t\u00f4t pour nous pour se prononcer sur cette question. Jusqu\u2019\u00e0 pr\u00e9sent nous avons surtout eu, du fait de la place particuli\u00e8re du Cercle Magus, un r\u00f4le d\u2019observateur distant lors des Congr\u00e8s F\u00e9d\u00e9raux ou sur les diff\u00e9rents groupes de discussion. Nous n\u2019avons sans doute pas encore tous les \u00e9l\u00e9ments pour se projeter. Une partie des probl\u00e9matiques nous d\u00e9passe compl\u00e9tement. On esp\u00e8re que d\u2019ici l\u00e0, il continuera \u00e0 se d\u00e9velopper et \u00e0 se structurer un peu partout, qu\u2019il parviendra \u00e0 stabiliser ses instances dirigeantes et ses grands rendez-vous, enfin, qu\u2019il se maintiendra dans le groupe de t\u00eate des grandes nations du quidditch.<\/p>\n<p style=\"text-align: justify;\"><strong>Propos recueillis par Armand Cosseron<br \/>\n<\/strong><b><strong><a href=\"https:\/\/www.linkedin.com\/in\/armand-cosseron-92a45a62\/\" target=\"_blank\" rel=\"noopener noreferrer\"><img loading=\"lazy\" decoding=\"async\" class=\"alignnone wp-image-3711\" src=\"http:\/\/dicodusport.fr\/blog\/wp-content\/uploads\/2017\/08\/signature-linkedin-150x150.png\" alt=\"\" width=\"40\" height=\"40\" srcset=\"https:\/\/dicodusport.fr\/blog\/wp-content\/uploads\/2017\/08\/signature-linkedin-150x150.png 150w, https:\/\/dicodusport.fr\/blog\/wp-content\/uploads\/2017\/08\/signature-linkedin.png 295w\" sizes=\"auto, (max-width: 40px) 100vw, 40px\" \/><\/a><a style=\"color: #000000;\" href=\"https:\/\/twitter.com\/_ChArmand\" target=\"_blank\" rel=\"noopener noreferrer\"><img loading=\"lazy\" decoding=\"async\" class=\"alignnone wp-image-2908\" src=\"http:\/\/dicodusport.fr\/blog\/wp-content\/uploads\/2017\/07\/logo-twitter-150x150.png\" alt=\"\" width=\"39\" height=\"39\" \/><\/a><\/strong><\/b><\/p>\n<p style=\"text-align: justify;\">[1]\u00a0La version longue de la cr\u00e9ation du Cercle-Magus est sur le <a href=\"http:\/\/cercle-magus.college-charles-de-gaulle.fr\/le-quidditch\/quand-tout-a-commence\/\" target=\"_blank\" rel=\"noopener\">site<\/a> du coll\u00e8ge Charles de Gaulle de Montcornet.<\/p>\n<p style=\"text-align: justify;\">[2] Ce match des Crocs-de-Nuit face aux Titans Paris est justement <a href=\"https:\/\/catchisgood.fr\/coupe-de-france-de-quidditch-2017\/\" target=\"_blank\" rel=\"noopener\">l&rsquo;un des 7 points m\u00e9morables<\/a> de la Coupe de France 2017, selon le m\u00e9dia <em>Catch is Good<\/em> (29\/01\/2018, consult\u00e9 le 01\/10\/2018).<\/p>\n","protected":false},"excerpt":{"rendered":"<p>Dimanche 30 septembre s&rsquo;est tenu le premier entra\u00eenement des Nagas, le quidditch club de Montcornet. Sa particularit\u00e9 ? Ce club est le premier club fran\u00e7ais n\u00e9 dans la continuit\u00e9 d&rsquo;une section junior -alors que, g\u00e9n\u00e9ralement, les clubs attendent d&rsquo;\u00eatre suffisamment d\u00e9velopp\u00e9s avant de cr\u00e9er leur section junior. Cl\u00e9ment Rendu et Emmanuel Del Canto, membres fondateurs, nous parlent du d\u00e9veloppement du quidditch&#8230; chez les petits comme les grands ! <\/p>\n","protected":false},"author":5,"featured_media":26714,"comment_status":"open","ping_status":"closed","sticky":false,"template":"","format":"standard","meta":{"_acf_changed":false,"_daextam_enable_autolinks":"","footnotes":""},"categories":[2,3296],"tags":[814,1502,1246,605,24],"class_list":["post-26626","post","type-post","status-publish","format-standard","has-post-thumbnail","hentry","category-actualites","category-quidditch","tag-federation-du-quidditch-francais","tag-france-quidditch","tag-placard-balais-quidditch","tag-quidditch","tag-sport"],"acf":[],"yoast_head":"<!-- This site is optimized with the Yoast SEO Premium plugin v26.7 (Yoast SEO v26.7) - https:\/\/yoast.com\/wordpress\/plugins\/seo\/ -->\n<title>Le Placard \u00e0 Balais #11 : &quot;le quidditch aurait beaucoup \u00e0 gagner \u00e0 se d\u00e9velopper en milieu scolaire&quot;<\/title>\n<meta name=\"description\" content=\"Cl\u00e9ment Rendu et Emmanuel Del Canto, membres fondateurs, nous parlent du d\u00e9veloppement du quidditch... chez les petits comme les grands !\" \/>\n<meta name=\"robots\" content=\"index, follow, max-snippet:-1, max-image-preview:large, max-video-preview:-1\" \/>\n<link rel=\"canonical\" href=\"https:\/\/dicodusport.fr\/blog\/le-placard-a-balais-11-le-quidditch-aurait-beaucoup-a-gagner-a-se-developper-en-milieu-scolaire\/\" \/>\n<meta property=\"og:locale\" content=\"fr_FR\" \/>\n<meta property=\"og:type\" content=\"article\" \/>\n<meta property=\"og:title\" content=\"Le Placard \u00e0 Balais #11 : &quot;le quidditch aurait beaucoup \u00e0 gagner \u00e0 se d\u00e9velopper en milieu scolaire&quot;\" \/>\n<meta property=\"og:description\" content=\"Cl\u00e9ment Rendu et Emmanuel Del Canto, membres fondateurs, nous parlent du d\u00e9veloppement du quidditch... chez les petits comme les grands !\" \/>\n<meta property=\"og:url\" content=\"https:\/\/dicodusport.fr\/blog\/le-placard-a-balais-11-le-quidditch-aurait-beaucoup-a-gagner-a-se-developper-en-milieu-scolaire\/\" \/>\n<meta property=\"og:site_name\" content=\"Dicodusport\" \/>\n<meta property=\"article:publisher\" content=\"https:\/\/www.facebook.com\/dicodusport\" \/>\n<meta property=\"article:published_time\" content=\"2018-10-02T13:34:51+00:00\" \/>\n<meta property=\"article:modified_time\" content=\"2018-10-16T08:30:30+00:00\" \/>\n<meta property=\"og:image\" content=\"https:\/\/dicodusport.fr\/blog\/wp-content\/uploads\/2018\/10\/Premier-entra\u00eenement-des-NAGAS-\u00a9-Dimitri-Jacquelet.png\" \/>\n\t<meta property=\"og:image:width\" content=\"1110\" \/>\n\t<meta property=\"og:image:height\" content=\"625\" \/>\n\t<meta property=\"og:image:type\" content=\"image\/png\" \/>\n<meta name=\"author\" content=\"Armand\" \/>\n<meta name=\"twitter:card\" content=\"summary_large_image\" \/>\n<meta name=\"twitter:creator\" content=\"@dicodusport\" \/>\n<meta name=\"twitter:site\" content=\"@dicodusport\" \/>\n<script type=\"application\/ld+json\" class=\"yoast-schema-graph\">{\"@context\":\"https:\/\/schema.org\",\"@graph\":[{\"@type\":\"NewsArticle\",\"@id\":\"https:\/\/dicodusport.fr\/blog\/le-placard-a-balais-11-le-quidditch-aurait-beaucoup-a-gagner-a-se-developper-en-milieu-scolaire\/#article\",\"isPartOf\":{\"@id\":\"https:\/\/dicodusport.fr\/blog\/le-placard-a-balais-11-le-quidditch-aurait-beaucoup-a-gagner-a-se-developper-en-milieu-scolaire\/\"},\"author\":{\"name\":\"Armand\",\"@id\":\"https:\/\/dicodusport.fr\/blog\/#\/schema\/person\/4b6e7c89780247585d1e844a2a43e8ef\"},\"headline\":\"Le Placard \u00e0 Balais #11 : \u00ab\u00a0le quidditch aurait beaucoup \u00e0 gagner \u00e0 se d\u00e9velopper en milieu scolaire\u00a0\u00bb\",\"datePublished\":\"2018-10-02T13:34:51+00:00\",\"dateModified\":\"2018-10-16T08:30:30+00:00\",\"mainEntityOfPage\":{\"@id\":\"https:\/\/dicodusport.fr\/blog\/le-placard-a-balais-11-le-quidditch-aurait-beaucoup-a-gagner-a-se-developper-en-milieu-scolaire\/\"},\"wordCount\":2331,\"commentCount\":0,\"publisher\":{\"@id\":\"https:\/\/dicodusport.fr\/blog\/#organization\"},\"image\":{\"@id\":\"https:\/\/dicodusport.fr\/blog\/le-placard-a-balais-11-le-quidditch-aurait-beaucoup-a-gagner-a-se-developper-en-milieu-scolaire\/#primaryimage\"},\"thumbnailUrl\":\"https:\/\/dicodusport.fr\/blog\/wp-content\/uploads\/2018\/10\/Premier-entra\u00eenement-des-NAGAS-\u00a9-Dimitri-Jacquelet.png\",\"keywords\":[\"F\u00e9d\u00e9ration du Quidditch Fran\u00e7ais\",\"France quidditch\",\"placard balais quidditch\",\"quidditch\",\"sport\"],\"articleSection\":[\"Actualit\u00e9s\",\"Quidditch\"],\"inLanguage\":\"fr-FR\",\"potentialAction\":[{\"@type\":\"CommentAction\",\"name\":\"Comment\",\"target\":[\"https:\/\/dicodusport.fr\/blog\/le-placard-a-balais-11-le-quidditch-aurait-beaucoup-a-gagner-a-se-developper-en-milieu-scolaire\/#respond\"]}],\"copyrightYear\":\"2018\",\"copyrightHolder\":{\"@id\":\"https:\/\/dicodusport.fr\/blog\/#organization\"}},{\"@type\":\"WebPage\",\"@id\":\"https:\/\/dicodusport.fr\/blog\/le-placard-a-balais-11-le-quidditch-aurait-beaucoup-a-gagner-a-se-developper-en-milieu-scolaire\/\",\"url\":\"https:\/\/dicodusport.fr\/blog\/le-placard-a-balais-11-le-quidditch-aurait-beaucoup-a-gagner-a-se-developper-en-milieu-scolaire\/\",\"name\":\"Le Placard \u00e0 Balais #11 : \\\"le quidditch aurait beaucoup \u00e0 gagner \u00e0 se d\u00e9velopper en milieu scolaire\\\"\",\"isPartOf\":{\"@id\":\"https:\/\/dicodusport.fr\/blog\/#website\"},\"primaryImageOfPage\":{\"@id\":\"https:\/\/dicodusport.fr\/blog\/le-placard-a-balais-11-le-quidditch-aurait-beaucoup-a-gagner-a-se-developper-en-milieu-scolaire\/#primaryimage\"},\"image\":{\"@id\":\"https:\/\/dicodusport.fr\/blog\/le-placard-a-balais-11-le-quidditch-aurait-beaucoup-a-gagner-a-se-developper-en-milieu-scolaire\/#primaryimage\"},\"thumbnailUrl\":\"https:\/\/dicodusport.fr\/blog\/wp-content\/uploads\/2018\/10\/Premier-entra\u00eenement-des-NAGAS-\u00a9-Dimitri-Jacquelet.png\",\"datePublished\":\"2018-10-02T13:34:51+00:00\",\"dateModified\":\"2018-10-16T08:30:30+00:00\",\"description\":\"Cl\u00e9ment Rendu et Emmanuel Del Canto, membres fondateurs, nous parlent du d\u00e9veloppement du quidditch... chez les petits comme les grands !\",\"breadcrumb\":{\"@id\":\"https:\/\/dicodusport.fr\/blog\/le-placard-a-balais-11-le-quidditch-aurait-beaucoup-a-gagner-a-se-developper-en-milieu-scolaire\/#breadcrumb\"},\"inLanguage\":\"fr-FR\",\"potentialAction\":[{\"@type\":\"ReadAction\",\"target\":[\"https:\/\/dicodusport.fr\/blog\/le-placard-a-balais-11-le-quidditch-aurait-beaucoup-a-gagner-a-se-developper-en-milieu-scolaire\/\"]}]},{\"@type\":\"ImageObject\",\"inLanguage\":\"fr-FR\",\"@id\":\"https:\/\/dicodusport.fr\/blog\/le-placard-a-balais-11-le-quidditch-aurait-beaucoup-a-gagner-a-se-developper-en-milieu-scolaire\/#primaryimage\",\"url\":\"https:\/\/dicodusport.fr\/blog\/wp-content\/uploads\/2018\/10\/Premier-entra\u00eenement-des-NAGAS-\u00a9-Dimitri-Jacquelet.png\",\"contentUrl\":\"https:\/\/dicodusport.fr\/blog\/wp-content\/uploads\/2018\/10\/Premier-entra\u00eenement-des-NAGAS-\u00a9-Dimitri-Jacquelet.png\",\"width\":1110,\"height\":625},{\"@type\":\"BreadcrumbList\",\"@id\":\"https:\/\/dicodusport.fr\/blog\/le-placard-a-balais-11-le-quidditch-aurait-beaucoup-a-gagner-a-se-developper-en-milieu-scolaire\/#breadcrumb\",\"itemListElement\":[{\"@type\":\"ListItem\",\"position\":1,\"name\":\"Accueil\",\"item\":\"https:\/\/dicodusport.fr\/blog\/\"},{\"@type\":\"ListItem\",\"position\":2,\"name\":\"Le Placard \u00e0 Balais #11 : \u00ab\u00a0le quidditch aurait beaucoup \u00e0 gagner \u00e0 se d\u00e9velopper en milieu scolaire\u00a0\u00bb\"}]},{\"@type\":\"WebSite\",\"@id\":\"https:\/\/dicodusport.fr\/blog\/#website\",\"url\":\"https:\/\/dicodusport.fr\/blog\/\",\"name\":\"Dicodusport\",\"description\":\"L&#039;encyclop\u00e9die de l&#039;actualit\u00e9 sportive\",\"publisher\":{\"@id\":\"https:\/\/dicodusport.fr\/blog\/#organization\"},\"potentialAction\":[{\"@type\":\"SearchAction\",\"target\":{\"@type\":\"EntryPoint\",\"urlTemplate\":\"https:\/\/dicodusport.fr\/blog\/?s={search_term_string}\"},\"query-input\":{\"@type\":\"PropertyValueSpecification\",\"valueRequired\":true,\"valueName\":\"search_term_string\"}}],\"inLanguage\":\"fr-FR\"},{\"@type\":\"NewsMediaOrganization\",\"@id\":\"https:\/\/dicodusport.fr\/blog\/#organization\",\"name\":\"Dicodusport\",\"url\":\"https:\/\/dicodusport.fr\/blog\/\",\"logo\":{\"@type\":\"ImageObject\",\"inLanguage\":\"fr-FR\",\"@id\":\"https:\/\/dicodusport.fr\/blog\/#\/schema\/logo\/image\/\",\"url\":\"https:\/\/dicodusport.fr\/blog\/wp-content\/uploads\/2020\/06\/cropped-LOGO-DICODUSPORT-2020-SANS-FOND-SANS-TEXTE.png\",\"contentUrl\":\"https:\/\/dicodusport.fr\/blog\/wp-content\/uploads\/2020\/06\/cropped-LOGO-DICODUSPORT-2020-SANS-FOND-SANS-TEXTE.png\",\"width\":512,\"height\":512,\"caption\":\"Dicodusport\"},\"image\":{\"@id\":\"https:\/\/dicodusport.fr\/blog\/#\/schema\/logo\/image\/\"},\"sameAs\":[\"https:\/\/www.facebook.com\/dicodusport\",\"https:\/\/x.com\/dicodusport\",\"https:\/\/www.instagram.com\/dicodusport\/\",\"https:\/\/www.youtube.com\/channel\/UC7V2KZ5sd3htJivAbA4ZG3w\"],\"description\":\"Dicodusport est l'encyclop\u00e9die de l'actualit\u00e9 sportive.\",\"email\":\"bonjour@dicodusport.fr\",\"legalName\":\"DICODUSPORT\",\"foundingDate\":\"2018-01-14\",\"vatID\":\"FR71834470973\",\"taxID\":\"83447097300043\",\"numberOfEmployees\":{\"@type\":\"QuantitativeValue\",\"minValue\":\"1\",\"maxValue\":\"10\"}},{\"@type\":\"Person\",\"@id\":\"https:\/\/dicodusport.fr\/blog\/#\/schema\/person\/4b6e7c89780247585d1e844a2a43e8ef\",\"name\":\"Armand\",\"image\":{\"@type\":\"ImageObject\",\"inLanguage\":\"fr-FR\",\"@id\":\"https:\/\/dicodusport.fr\/blog\/#\/schema\/person\/image\/\",\"url\":\"https:\/\/dicodusport.fr\/blog\/wp-content\/uploads\/2020\/06\/cropped-LOGO-DICODUSPORT-2020-SANS-FOND-SANS-TEXTE-150x150.png\",\"contentUrl\":\"https:\/\/dicodusport.fr\/blog\/wp-content\/uploads\/2020\/06\/cropped-LOGO-DICODUSPORT-2020-SANS-FOND-SANS-TEXTE-150x150.png\",\"caption\":\"Armand\"},\"url\":\"https:\/\/dicodusport.fr\/blog\/author\/armand\/\"}]}<\/script>\n<!-- \/ Yoast SEO Premium plugin. -->","yoast_head_json":{"title":"Le Placard \u00e0 Balais #11 : \"le quidditch aurait beaucoup \u00e0 gagner \u00e0 se d\u00e9velopper en milieu scolaire\"","description":"Cl\u00e9ment Rendu et Emmanuel Del Canto, membres fondateurs, nous parlent du d\u00e9veloppement du quidditch... chez les petits comme les grands !","robots":{"index":"index","follow":"follow","max-snippet":"max-snippet:-1","max-image-preview":"max-image-preview:large","max-video-preview":"max-video-preview:-1"},"canonical":"https:\/\/dicodusport.fr\/blog\/le-placard-a-balais-11-le-quidditch-aurait-beaucoup-a-gagner-a-se-developper-en-milieu-scolaire\/","og_locale":"fr_FR","og_type":"article","og_title":"Le Placard \u00e0 Balais #11 : \"le quidditch aurait beaucoup \u00e0 gagner \u00e0 se d\u00e9velopper en milieu scolaire\"","og_description":"Cl\u00e9ment Rendu et Emmanuel Del Canto, membres fondateurs, nous parlent du d\u00e9veloppement du quidditch... chez les petits comme les grands !","og_url":"https:\/\/dicodusport.fr\/blog\/le-placard-a-balais-11-le-quidditch-aurait-beaucoup-a-gagner-a-se-developper-en-milieu-scolaire\/","og_site_name":"Dicodusport","article_publisher":"https:\/\/www.facebook.com\/dicodusport","article_published_time":"2018-10-02T13:34:51+00:00","article_modified_time":"2018-10-16T08:30:30+00:00","og_image":[{"width":1110,"height":625,"url":"https:\/\/dicodusport.fr\/blog\/wp-content\/uploads\/2018\/10\/Premier-entra\u00eenement-des-NAGAS-\u00a9-Dimitri-Jacquelet.png","type":"image\/png"}],"author":"Armand","twitter_card":"summary_large_image","twitter_creator":"@dicodusport","twitter_site":"@dicodusport","schema":{"@context":"https:\/\/schema.org","@graph":[{"@type":"NewsArticle","@id":"https:\/\/dicodusport.fr\/blog\/le-placard-a-balais-11-le-quidditch-aurait-beaucoup-a-gagner-a-se-developper-en-milieu-scolaire\/#article","isPartOf":{"@id":"https:\/\/dicodusport.fr\/blog\/le-placard-a-balais-11-le-quidditch-aurait-beaucoup-a-gagner-a-se-developper-en-milieu-scolaire\/"},"author":{"name":"Armand","@id":"https:\/\/dicodusport.fr\/blog\/#\/schema\/person\/4b6e7c89780247585d1e844a2a43e8ef"},"headline":"Le Placard \u00e0 Balais #11 : \u00ab\u00a0le quidditch aurait beaucoup \u00e0 gagner \u00e0 se d\u00e9velopper en milieu scolaire\u00a0\u00bb","datePublished":"2018-10-02T13:34:51+00:00","dateModified":"2018-10-16T08:30:30+00:00","mainEntityOfPage":{"@id":"https:\/\/dicodusport.fr\/blog\/le-placard-a-balais-11-le-quidditch-aurait-beaucoup-a-gagner-a-se-developper-en-milieu-scolaire\/"},"wordCount":2331,"commentCount":0,"publisher":{"@id":"https:\/\/dicodusport.fr\/blog\/#organization"},"image":{"@id":"https:\/\/dicodusport.fr\/blog\/le-placard-a-balais-11-le-quidditch-aurait-beaucoup-a-gagner-a-se-developper-en-milieu-scolaire\/#primaryimage"},"thumbnailUrl":"https:\/\/dicodusport.fr\/blog\/wp-content\/uploads\/2018\/10\/Premier-entra\u00eenement-des-NAGAS-\u00a9-Dimitri-Jacquelet.png","keywords":["F\u00e9d\u00e9ration du Quidditch Fran\u00e7ais","France quidditch","placard balais quidditch","quidditch","sport"],"articleSection":["Actualit\u00e9s","Quidditch"],"inLanguage":"fr-FR","potentialAction":[{"@type":"CommentAction","name":"Comment","target":["https:\/\/dicodusport.fr\/blog\/le-placard-a-balais-11-le-quidditch-aurait-beaucoup-a-gagner-a-se-developper-en-milieu-scolaire\/#respond"]}],"copyrightYear":"2018","copyrightHolder":{"@id":"https:\/\/dicodusport.fr\/blog\/#organization"}},{"@type":"WebPage","@id":"https:\/\/dicodusport.fr\/blog\/le-placard-a-balais-11-le-quidditch-aurait-beaucoup-a-gagner-a-se-developper-en-milieu-scolaire\/","url":"https:\/\/dicodusport.fr\/blog\/le-placard-a-balais-11-le-quidditch-aurait-beaucoup-a-gagner-a-se-developper-en-milieu-scolaire\/","name":"Le Placard \u00e0 Balais #11 : \"le quidditch aurait beaucoup \u00e0 gagner \u00e0 se d\u00e9velopper en milieu scolaire\"","isPartOf":{"@id":"https:\/\/dicodusport.fr\/blog\/#website"},"primaryImageOfPage":{"@id":"https:\/\/dicodusport.fr\/blog\/le-placard-a-balais-11-le-quidditch-aurait-beaucoup-a-gagner-a-se-developper-en-milieu-scolaire\/#primaryimage"},"image":{"@id":"https:\/\/dicodusport.fr\/blog\/le-placard-a-balais-11-le-quidditch-aurait-beaucoup-a-gagner-a-se-developper-en-milieu-scolaire\/#primaryimage"},"thumbnailUrl":"https:\/\/dicodusport.fr\/blog\/wp-content\/uploads\/2018\/10\/Premier-entra\u00eenement-des-NAGAS-\u00a9-Dimitri-Jacquelet.png","datePublished":"2018-10-02T13:34:51+00:00","dateModified":"2018-10-16T08:30:30+00:00","description":"Cl\u00e9ment Rendu et Emmanuel Del Canto, membres fondateurs, nous parlent du d\u00e9veloppement du quidditch... chez les petits comme les grands !","breadcrumb":{"@id":"https:\/\/dicodusport.fr\/blog\/le-placard-a-balais-11-le-quidditch-aurait-beaucoup-a-gagner-a-se-developper-en-milieu-scolaire\/#breadcrumb"},"inLanguage":"fr-FR","potentialAction":[{"@type":"ReadAction","target":["https:\/\/dicodusport.fr\/blog\/le-placard-a-balais-11-le-quidditch-aurait-beaucoup-a-gagner-a-se-developper-en-milieu-scolaire\/"]}]},{"@type":"ImageObject","inLanguage":"fr-FR","@id":"https:\/\/dicodusport.fr\/blog\/le-placard-a-balais-11-le-quidditch-aurait-beaucoup-a-gagner-a-se-developper-en-milieu-scolaire\/#primaryimage","url":"https:\/\/dicodusport.fr\/blog\/wp-content\/uploads\/2018\/10\/Premier-entra\u00eenement-des-NAGAS-\u00a9-Dimitri-Jacquelet.png","contentUrl":"https:\/\/dicodusport.fr\/blog\/wp-content\/uploads\/2018\/10\/Premier-entra\u00eenement-des-NAGAS-\u00a9-Dimitri-Jacquelet.png","width":1110,"height":625},{"@type":"BreadcrumbList","@id":"https:\/\/dicodusport.fr\/blog\/le-placard-a-balais-11-le-quidditch-aurait-beaucoup-a-gagner-a-se-developper-en-milieu-scolaire\/#breadcrumb","itemListElement":[{"@type":"ListItem","position":1,"name":"Accueil","item":"https:\/\/dicodusport.fr\/blog\/"},{"@type":"ListItem","position":2,"name":"Le Placard \u00e0 Balais #11 : \u00ab\u00a0le quidditch aurait beaucoup \u00e0 gagner \u00e0 se d\u00e9velopper en milieu scolaire\u00a0\u00bb"}]},{"@type":"WebSite","@id":"https:\/\/dicodusport.fr\/blog\/#website","url":"https:\/\/dicodusport.fr\/blog\/","name":"Dicodusport","description":"L&#039;encyclop\u00e9die de l&#039;actualit\u00e9 sportive","publisher":{"@id":"https:\/\/dicodusport.fr\/blog\/#organization"},"potentialAction":[{"@type":"SearchAction","target":{"@type":"EntryPoint","urlTemplate":"https:\/\/dicodusport.fr\/blog\/?s={search_term_string}"},"query-input":{"@type":"PropertyValueSpecification","valueRequired":true,"valueName":"search_term_string"}}],"inLanguage":"fr-FR"},{"@type":"NewsMediaOrganization","@id":"https:\/\/dicodusport.fr\/blog\/#organization","name":"Dicodusport","url":"https:\/\/dicodusport.fr\/blog\/","logo":{"@type":"ImageObject","inLanguage":"fr-FR","@id":"https:\/\/dicodusport.fr\/blog\/#\/schema\/logo\/image\/","url":"https:\/\/dicodusport.fr\/blog\/wp-content\/uploads\/2020\/06\/cropped-LOGO-DICODUSPORT-2020-SANS-FOND-SANS-TEXTE.png","contentUrl":"https:\/\/dicodusport.fr\/blog\/wp-content\/uploads\/2020\/06\/cropped-LOGO-DICODUSPORT-2020-SANS-FOND-SANS-TEXTE.png","width":512,"height":512,"caption":"Dicodusport"},"image":{"@id":"https:\/\/dicodusport.fr\/blog\/#\/schema\/logo\/image\/"},"sameAs":["https:\/\/www.facebook.com\/dicodusport","https:\/\/x.com\/dicodusport","https:\/\/www.instagram.com\/dicodusport\/","https:\/\/www.youtube.com\/channel\/UC7V2KZ5sd3htJivAbA4ZG3w"],"description":"Dicodusport est l'encyclop\u00e9die de l'actualit\u00e9 sportive.","email":"bonjour@dicodusport.fr","legalName":"DICODUSPORT","foundingDate":"2018-01-14","vatID":"FR71834470973","taxID":"83447097300043","numberOfEmployees":{"@type":"QuantitativeValue","minValue":"1","maxValue":"10"}},{"@type":"Person","@id":"https:\/\/dicodusport.fr\/blog\/#\/schema\/person\/4b6e7c89780247585d1e844a2a43e8ef","name":"Armand","image":{"@type":"ImageObject","inLanguage":"fr-FR","@id":"https:\/\/dicodusport.fr\/blog\/#\/schema\/person\/image\/","url":"https:\/\/dicodusport.fr\/blog\/wp-content\/uploads\/2020\/06\/cropped-LOGO-DICODUSPORT-2020-SANS-FOND-SANS-TEXTE-150x150.png","contentUrl":"https:\/\/dicodusport.fr\/blog\/wp-content\/uploads\/2020\/06\/cropped-LOGO-DICODUSPORT-2020-SANS-FOND-SANS-TEXTE-150x150.png","caption":"Armand"},"url":"https:\/\/dicodusport.fr\/blog\/author\/armand\/"}]}},"_links":{"self":[{"href":"https:\/\/dicodusport.fr\/blog\/wp-json\/wp\/v2\/posts\/26626","targetHints":{"allow":["GET"]}}],"collection":[{"href":"https:\/\/dicodusport.fr\/blog\/wp-json\/wp\/v2\/posts"}],"about":[{"href":"https:\/\/dicodusport.fr\/blog\/wp-json\/wp\/v2\/types\/post"}],"author":[{"embeddable":true,"href":"https:\/\/dicodusport.fr\/blog\/wp-json\/wp\/v2\/users\/5"}],"replies":[{"embeddable":true,"href":"https:\/\/dicodusport.fr\/blog\/wp-json\/wp\/v2\/comments?post=26626"}],"version-history":[{"count":0,"href":"https:\/\/dicodusport.fr\/blog\/wp-json\/wp\/v2\/posts\/26626\/revisions"}],"wp:featuredmedia":[{"embeddable":true,"href":"https:\/\/dicodusport.fr\/blog\/wp-json\/wp\/v2\/media\/26714"}],"wp:attachment":[{"href":"https:\/\/dicodusport.fr\/blog\/wp-json\/wp\/v2\/media?parent=26626"}],"wp:term":[{"taxonomy":"category","embeddable":true,"href":"https:\/\/dicodusport.fr\/blog\/wp-json\/wp\/v2\/categories?post=26626"},{"taxonomy":"post_tag","embeddable":true,"href":"https:\/\/dicodusport.fr\/blog\/wp-json\/wp\/v2\/tags?post=26626"}],"curies":[{"name":"wp","href":"https:\/\/api.w.org\/{rel}","templated":true}]}}