{"id":267068,"date":"2022-10-04T10:35:02","date_gmt":"2022-10-04T08:35:02","guid":{"rendered":"https:\/\/dicodusport.fr\/blog\/?p=267068&#038;preview=true&#038;preview_id=267068"},"modified":"2022-10-04T12:08:32","modified_gmt":"2022-10-04T10:08:32","slug":"windsurf-adrien-bosson-sacre-champion-du-monde-en-freestyle","status":"publish","type":"post","link":"https:\/\/dicodusport.fr\/blog\/windsurf-adrien-bosson-sacre-champion-du-monde-en-freestyle\/","title":{"rendered":"Windsurf : Adrien Bosson sacr\u00e9 champion du monde en freestyle"},"content":{"rendered":"<p style=\"text-align: justify;\"><b><i>WINDSURF &#8211; Ce week-end, le Fran\u00e7ais Adrien Bosson est devenu champion du monde de windsurf PWA freestyle, \u00e0 Sylt (Allemagne). En argent en 2018 et 2021, le windsurfer de 31 ans obtient enfin le Graal !<\/i><\/b><\/p>\n<p style=\"text-align: justify;\">Un Fran\u00e7ais sacr\u00e9 en Mer du Nord ! Ce week-end, <strong>Adrien Bosson<\/strong>, 31 ans, est devenu champion du monde de windsurf freestyle, dans le cadre du PWA World Tour. \u00c0 Sylt (Allemagne), le Tricolore a dispos\u00e9 de l&rsquo;Italien <strong>Jacopo Testa<\/strong> en finale. Un burner 360 et un Air Funnel 360, entre autres, ont permis au Fran\u00e7ais de devancer le Transalpin de&#8230; 0,1 point ! Le Belge <strong>Steven Van Broeckhoven<\/strong> compl\u00e8te le podium. Quatre autres Fran\u00e7ais ont pris place dans le top 10 : <strong>Anthony Ruenes<\/strong> se classe 6\u00e8me, devant <strong>Sam Est\u00e8ve<\/strong> et <strong>Nicolas Akgazciyan<\/strong>, \u00e0 \u00e9galit\u00e9 au 7\u00e8me rang. <strong>Antoine Albert<\/strong> prend quant \u00e0 lui la 9\u00e8me place.<\/p>\n<blockquote class=\"instagram-media\" style=\"background: #FFF; border: 0; border-radius: 3px; box-shadow: 0 0 1px 0 rgba(0,0,0,0.5),0 1px 10px 0 rgba(0,0,0,0.15); margin: 1px; max-width: 540px; min-width: 326px; padding: 0; width: calc(100% - 2px);\" data-instgrm-captioned=\"\" data-instgrm-permalink=\"https:\/\/www.instagram.com\/reel\/CjN20OrIApU\/?utm_source=ig_embed&amp;utm_campaign=loading\" data-instgrm-version=\"14\">\n<div style=\"padding: 16px;\">\n<p>&nbsp;<\/p>\n<div style=\"display: flex; flex-direction: row; align-items: center;\">\n<div style=\"background-color: #f4f4f4; border-radius: 50%; flex-grow: 0; height: 40px; margin-right: 14px; width: 40px;\"><\/div>\n<div style=\"display: flex; flex-direction: column; flex-grow: 1; justify-content: center;\">\n<div style=\"background-color: #f4f4f4; border-radius: 4px; flex-grow: 0; height: 14px; margin-bottom: 6px; width: 100px;\"><\/div>\n<div style=\"background-color: #f4f4f4; border-radius: 4px; flex-grow: 0; height: 14px; width: 60px;\"><\/div>\n<\/div>\n<\/div>\n<div style=\"padding: 19% 0;\"><\/div>\n<div style=\"display: block; height: 50px; margin: 0 auto 12px; width: 50px;\"><\/div>\n<div style=\"padding-top: 8px;\">\n<div style=\"color: #3897f0; font-family: Arial,sans-serif; font-size: 14px; font-style: normal; font-weight: 550; line-height: 18px;\">Voir cette publication sur Instagram<\/div>\n<\/div>\n<div style=\"padding: 12.5% 0;\"><\/div>\n<div style=\"display: flex; flex-direction: row; margin-bottom: 14px; align-items: center;\">\n<div>\n<div style=\"background-color: #f4f4f4; border-radius: 50%; height: 12.5px; width: 12.5px; transform: translateX(0px) translateY(7px);\"><\/div>\n<div style=\"background-color: #f4f4f4; height: 12.5px; transform: rotate(-45deg) translateX(3px) translateY(1px); width: 12.5px; flex-grow: 0; margin-right: 14px; margin-left: 2px;\"><\/div>\n<div style=\"background-color: #f4f4f4; border-radius: 50%; height: 12.5px; width: 12.5px; transform: translateX(9px) translateY(-18px);\"><\/div>\n<\/div>\n<div style=\"margin-left: 8px;\">\n<div style=\"background-color: #f4f4f4; border-radius: 50%; flex-grow: 0; height: 20px; width: 20px;\"><\/div>\n<div style=\"width: 0; height: 0; border-top: 2px solid transparent; border-left: 6px solid #f4f4f4; border-bottom: 2px solid transparent; transform: translateX(16px) translateY(-4px) rotate(30deg);\"><\/div>\n<\/div>\n<div style=\"margin-left: auto;\">\n<div style=\"width: 0px; border-top: 8px solid #F4F4F4; border-right: 8px solid transparent; transform: translateY(16px);\"><\/div>\n<div style=\"background-color: #f4f4f4; flex-grow: 0; height: 12px; width: 16px; transform: translateY(-4px);\"><\/div>\n<div style=\"width: 0; height: 0; border-top: 8px solid #F4F4F4; border-left: 8px solid transparent; transform: translateY(-4px) translateX(8px);\"><\/div>\n<\/div>\n<\/div>\n<div style=\"display: flex; flex-direction: column; flex-grow: 1; justify-content: center; margin-bottom: 24px;\">\n<div style=\"background-color: #f4f4f4; border-radius: 4px; flex-grow: 0; height: 14px; margin-bottom: 6px; width: 224px;\"><\/div>\n<div style=\"background-color: #f4f4f4; border-radius: 4px; flex-grow: 0; height: 14px; width: 144px;\"><\/div>\n<\/div>\n<p>&nbsp;<\/p>\n<p style=\"color: #c9c8cd; font-family: Arial,sans-serif; font-size: 14px; line-height: 17px; margin-bottom: 0; margin-top: 8px; overflow: hidden; padding: 8px 0 7px; text-align: center; text-overflow: ellipsis; white-space: nowrap;\"><a style=\"color: #c9c8cd; font-family: Arial,sans-serif; font-size: 14px; font-style: normal; font-weight: normal; line-height: 17px; text-decoration: none;\" href=\"https:\/\/www.instagram.com\/reel\/CjN20OrIApU\/?utm_source=ig_embed&amp;utm_campaign=loading\" target=\"_blank\" rel=\"noopener\">Une publication partag\u00e9e par PWA (@pwaworldtour)<\/a><\/p>\n<\/div>\n<\/blockquote>\n<p><script async src=\"\/\/www.instagram.com\/embed.js\"><\/script><\/p>\n<p>&nbsp;<\/p>\n","protected":false},"excerpt":{"rendered":"<p>WINDSURF &#8211; Ce week-end, le Fran\u00e7ais Adrien Bosson est devenu champion du monde de windsurf PWA freestyle, \u00e0 Sylt (Allemagne). En argent en 2018 et 2021, le windsurfer de 31 ans obtient enfin le Graal !<\/p>\n","protected":false},"author":4,"featured_media":267081,"comment_status":"open","ping_status":"closed","sticky":false,"template":"","format":"standard","meta":{"_acf_changed":false,"_daextam_enable_autolinks":"","footnotes":""},"categories":[11679],"tags":[6208],"class_list":["post-267068","post","type-post","status-publish","format-standard","has-post-thumbnail","hentry","category-surf","tag-windsurf"],"acf":[],"yoast_head":"<!-- This site is optimized with the Yoast SEO Premium plugin v26.7 (Yoast SEO v26.7) - https:\/\/yoast.com\/wordpress\/plugins\/seo\/ -->\n<title>Windsurf : Adrien Bosson sacr\u00e9 champion du monde en freestyle<\/title>\n<meta name=\"description\" content=\"WINDSURF - Ce week-end, le Fran\u00e7ais Adrien Bosson est devenu champion du monde de windsurf PWA freestyle, \u00e0 Sylt (Allemagne).\" \/>\n<meta name=\"robots\" content=\"index, follow, max-snippet:-1, max-image-preview:large, max-video-preview:-1\" \/>\n<link rel=\"canonical\" href=\"https:\/\/dicodusport.fr\/blog\/windsurf-adrien-bosson-sacre-champion-du-monde-en-freestyle\/\" \/>\n<meta property=\"og:locale\" content=\"fr_FR\" \/>\n<meta property=\"og:type\" content=\"article\" \/>\n<meta property=\"og:title\" content=\"Windsurf : Adrien Bosson sacr\u00e9 champion du monde en freestyle\" \/>\n<meta property=\"og:description\" content=\"WINDSURF - Ce week-end, le Fran\u00e7ais Adrien Bosson est devenu champion du monde de windsurf PWA freestyle, \u00e0 Sylt (Allemagne).\" \/>\n<meta property=\"og:url\" content=\"https:\/\/dicodusport.fr\/blog\/windsurf-adrien-bosson-sacre-champion-du-monde-en-freestyle\/\" \/>\n<meta property=\"og:site_name\" content=\"Dicodusport\" \/>\n<meta property=\"article:publisher\" content=\"https:\/\/www.facebook.com\/dicodusport\" \/>\n<meta property=\"article:author\" content=\"https:\/\/www.facebook.com\/florent.ostermann\" \/>\n<meta property=\"article:published_time\" content=\"2022-10-04T08:35:02+00:00\" \/>\n<meta property=\"article:modified_time\" content=\"2022-10-04T10:08:32+00:00\" \/>\n<meta property=\"og:image\" content=\"https:\/\/dicodusport.fr\/blog\/wp-content\/uploads\/2022\/10\/Windsurf-Adrien-Bosson-sacre-champion-du-monde-en-freestyle.png\" \/>\n\t<meta property=\"og:image:width\" content=\"800\" \/>\n\t<meta property=\"og:image:height\" content=\"445\" \/>\n\t<meta property=\"og:image:type\" content=\"image\/png\" \/>\n<meta name=\"author\" content=\"Flo Ostermann\" \/>\n<meta name=\"twitter:card\" content=\"summary_large_image\" \/>\n<meta name=\"twitter:title\" content=\"Windsurf : Adrien Bosson sacr\u00e9 champion du monde en freestyle\" \/>\n<meta name=\"twitter:creator\" content=\"@https:\/\/twitter.com\/FlOstermann\" \/>\n<meta name=\"twitter:site\" content=\"@dicodusport\" \/>\n<script type=\"application\/ld+json\" class=\"yoast-schema-graph\">{\"@context\":\"https:\/\/schema.org\",\"@graph\":[{\"@type\":\"NewsArticle\",\"@id\":\"https:\/\/dicodusport.fr\/blog\/windsurf-adrien-bosson-sacre-champion-du-monde-en-freestyle\/#article\",\"isPartOf\":{\"@id\":\"https:\/\/dicodusport.fr\/blog\/windsurf-adrien-bosson-sacre-champion-du-monde-en-freestyle\/\"},\"author\":{\"name\":\"Flo Ostermann\",\"@id\":\"https:\/\/dicodusport.fr\/blog\/#\/schema\/person\/cb02af4c173ce4a653b55e9baf388d4a\"},\"headline\":\"Windsurf : Adrien Bosson sacr\u00e9 champion du monde en freestyle\",\"datePublished\":\"2022-10-04T08:35:02+00:00\",\"dateModified\":\"2022-10-04T10:08:32+00:00\",\"mainEntityOfPage\":{\"@id\":\"https:\/\/dicodusport.fr\/blog\/windsurf-adrien-bosson-sacre-champion-du-monde-en-freestyle\/\"},\"wordCount\":159,\"commentCount\":0,\"publisher\":{\"@id\":\"https:\/\/dicodusport.fr\/blog\/#organization\"},\"image\":{\"@id\":\"https:\/\/dicodusport.fr\/blog\/windsurf-adrien-bosson-sacre-champion-du-monde-en-freestyle\/#primaryimage\"},\"thumbnailUrl\":\"https:\/\/dicodusport.fr\/blog\/wp-content\/uploads\/2022\/10\/Windsurf-Adrien-Bosson-sacre-champion-du-monde-en-freestyle.png\",\"keywords\":[\"windsurf\"],\"articleSection\":[\"Surf\"],\"inLanguage\":\"fr-FR\",\"potentialAction\":[{\"@type\":\"CommentAction\",\"name\":\"Comment\",\"target\":[\"https:\/\/dicodusport.fr\/blog\/windsurf-adrien-bosson-sacre-champion-du-monde-en-freestyle\/#respond\"]}],\"copyrightYear\":\"2022\",\"copyrightHolder\":{\"@id\":\"https:\/\/dicodusport.fr\/blog\/#organization\"}},{\"@type\":\"WebPage\",\"@id\":\"https:\/\/dicodusport.fr\/blog\/windsurf-adrien-bosson-sacre-champion-du-monde-en-freestyle\/\",\"url\":\"https:\/\/dicodusport.fr\/blog\/windsurf-adrien-bosson-sacre-champion-du-monde-en-freestyle\/\",\"name\":\"Windsurf : Adrien Bosson sacr\u00e9 champion du monde en freestyle\",\"isPartOf\":{\"@id\":\"https:\/\/dicodusport.fr\/blog\/#website\"},\"primaryImageOfPage\":{\"@id\":\"https:\/\/dicodusport.fr\/blog\/windsurf-adrien-bosson-sacre-champion-du-monde-en-freestyle\/#primaryimage\"},\"image\":{\"@id\":\"https:\/\/dicodusport.fr\/blog\/windsurf-adrien-bosson-sacre-champion-du-monde-en-freestyle\/#primaryimage\"},\"thumbnailUrl\":\"https:\/\/dicodusport.fr\/blog\/wp-content\/uploads\/2022\/10\/Windsurf-Adrien-Bosson-sacre-champion-du-monde-en-freestyle.png\",\"datePublished\":\"2022-10-04T08:35:02+00:00\",\"dateModified\":\"2022-10-04T10:08:32+00:00\",\"description\":\"WINDSURF - Ce week-end, le Fran\u00e7ais Adrien Bosson est devenu champion du monde de windsurf PWA freestyle, \u00e0 Sylt (Allemagne).\",\"breadcrumb\":{\"@id\":\"https:\/\/dicodusport.fr\/blog\/windsurf-adrien-bosson-sacre-champion-du-monde-en-freestyle\/#breadcrumb\"},\"inLanguage\":\"fr-FR\",\"potentialAction\":[{\"@type\":\"ReadAction\",\"target\":[\"https:\/\/dicodusport.fr\/blog\/windsurf-adrien-bosson-sacre-champion-du-monde-en-freestyle\/\"]}]},{\"@type\":\"ImageObject\",\"inLanguage\":\"fr-FR\",\"@id\":\"https:\/\/dicodusport.fr\/blog\/windsurf-adrien-bosson-sacre-champion-du-monde-en-freestyle\/#primaryimage\",\"url\":\"https:\/\/dicodusport.fr\/blog\/wp-content\/uploads\/2022\/10\/Windsurf-Adrien-Bosson-sacre-champion-du-monde-en-freestyle.png\",\"contentUrl\":\"https:\/\/dicodusport.fr\/blog\/wp-content\/uploads\/2022\/10\/Windsurf-Adrien-Bosson-sacre-champion-du-monde-en-freestyle.png\",\"width\":800,\"height\":445,\"caption\":\"Windsurf Adrien Bosson sacr\u00e9 champion du monde en freestyle\"},{\"@type\":\"BreadcrumbList\",\"@id\":\"https:\/\/dicodusport.fr\/blog\/windsurf-adrien-bosson-sacre-champion-du-monde-en-freestyle\/#breadcrumb\",\"itemListElement\":[{\"@type\":\"ListItem\",\"position\":1,\"name\":\"Accueil\",\"item\":\"https:\/\/dicodusport.fr\/blog\/\"},{\"@type\":\"ListItem\",\"position\":2,\"name\":\"Windsurf : Adrien Bosson sacr\u00e9 champion du monde en freestyle\"}]},{\"@type\":\"WebSite\",\"@id\":\"https:\/\/dicodusport.fr\/blog\/#website\",\"url\":\"https:\/\/dicodusport.fr\/blog\/\",\"name\":\"Dicodusport\",\"description\":\"L&#039;encyclop\u00e9die de l&#039;actualit\u00e9 sportive\",\"publisher\":{\"@id\":\"https:\/\/dicodusport.fr\/blog\/#organization\"},\"potentialAction\":[{\"@type\":\"SearchAction\",\"target\":{\"@type\":\"EntryPoint\",\"urlTemplate\":\"https:\/\/dicodusport.fr\/blog\/?s={search_term_string}\"},\"query-input\":{\"@type\":\"PropertyValueSpecification\",\"valueRequired\":true,\"valueName\":\"search_term_string\"}}],\"inLanguage\":\"fr-FR\"},{\"@type\":\"NewsMediaOrganization\",\"@id\":\"https:\/\/dicodusport.fr\/blog\/#organization\",\"name\":\"Dicodusport\",\"url\":\"https:\/\/dicodusport.fr\/blog\/\",\"logo\":{\"@type\":\"ImageObject\",\"inLanguage\":\"fr-FR\",\"@id\":\"https:\/\/dicodusport.fr\/blog\/#\/schema\/logo\/image\/\",\"url\":\"https:\/\/dicodusport.fr\/blog\/wp-content\/uploads\/2020\/06\/cropped-LOGO-DICODUSPORT-2020-SANS-FOND-SANS-TEXTE.png\",\"contentUrl\":\"https:\/\/dicodusport.fr\/blog\/wp-content\/uploads\/2020\/06\/cropped-LOGO-DICODUSPORT-2020-SANS-FOND-SANS-TEXTE.png\",\"width\":512,\"height\":512,\"caption\":\"Dicodusport\"},\"image\":{\"@id\":\"https:\/\/dicodusport.fr\/blog\/#\/schema\/logo\/image\/\"},\"sameAs\":[\"https:\/\/www.facebook.com\/dicodusport\",\"https:\/\/x.com\/dicodusport\",\"https:\/\/www.instagram.com\/dicodusport\/\",\"https:\/\/www.youtube.com\/channel\/UC7V2KZ5sd3htJivAbA4ZG3w\"],\"description\":\"Dicodusport est l'encyclop\u00e9die de l'actualit\u00e9 sportive.\",\"email\":\"bonjour@dicodusport.fr\",\"legalName\":\"DICODUSPORT\",\"foundingDate\":\"2018-01-14\",\"vatID\":\"FR71834470973\",\"taxID\":\"83447097300043\",\"numberOfEmployees\":{\"@type\":\"QuantitativeValue\",\"minValue\":\"1\",\"maxValue\":\"10\"}},{\"@type\":\"Person\",\"@id\":\"https:\/\/dicodusport.fr\/blog\/#\/schema\/person\/cb02af4c173ce4a653b55e9baf388d4a\",\"name\":\"Flo Ostermann\",\"image\":{\"@type\":\"ImageObject\",\"inLanguage\":\"fr-FR\",\"@id\":\"https:\/\/dicodusport.fr\/blog\/#\/schema\/person\/image\/\",\"url\":\"https:\/\/dicodusport.fr\/blog\/wp-content\/uploads\/2021\/05\/Flo-Ostermann-150x150.jpg\",\"contentUrl\":\"https:\/\/dicodusport.fr\/blog\/wp-content\/uploads\/2021\/05\/Flo-Ostermann-150x150.jpg\",\"caption\":\"Flo Ostermann\"},\"description\":\"Journaliste\/R\u00e9dacteur depuis septembre 2015 - Mes premiers souvenirs dans le sport ? Les envol\u00e9es du Stade Toulousain et les duels Villeneuve-Schumacher et H\u00e4kkinen-Schumacher \u00e0 la fin des ann\u00e9es 90, la Coupe du monde de football en 1998, l\u2019exploit du XV de France face aux All Blacks en 1999, mais aussi Richard C\u0153ur de Lion qui vole sur les montagnes du Tour de France. Bien parti pour devenir professeur d\u2019EPS, les \u00e9v\u00e9nements de la vie (et la flemme d\u2019animer des s\u00e9ances de 3x500 m\u00e8tres toute ma vie) m\u2019ont conduit \u00e0 revoir mes plans. Me voil\u00e0 depuis fin 2017 sur Dicodusport, m\u00e9dia gr\u00e2ce (et pour) lequel je partage ma passion : le sport dans tous ses \u00e9tats. Le tout accompagn\u00e9 par les fous furieux et folles furieuses cit\u00e9s sur cette page !\",\"sameAs\":[\"https:\/\/www.facebook.com\/florent.ostermann\",\"https:\/\/x.com\/https:\/\/twitter.com\/FlOstermann\",\"admin\"],\"url\":\"https:\/\/dicodusport.fr\/blog\/author\/flo\/\"}]}<\/script>\n<!-- \/ Yoast SEO Premium plugin. -->","yoast_head_json":{"title":"Windsurf : Adrien Bosson sacr\u00e9 champion du monde en freestyle","description":"WINDSURF - Ce week-end, le Fran\u00e7ais Adrien Bosson est devenu champion du monde de windsurf PWA freestyle, \u00e0 Sylt (Allemagne).","robots":{"index":"index","follow":"follow","max-snippet":"max-snippet:-1","max-image-preview":"max-image-preview:large","max-video-preview":"max-video-preview:-1"},"canonical":"https:\/\/dicodusport.fr\/blog\/windsurf-adrien-bosson-sacre-champion-du-monde-en-freestyle\/","og_locale":"fr_FR","og_type":"article","og_title":"Windsurf : Adrien Bosson sacr\u00e9 champion du monde en freestyle","og_description":"WINDSURF - Ce week-end, le Fran\u00e7ais Adrien Bosson est devenu champion du monde de windsurf PWA freestyle, \u00e0 Sylt (Allemagne).","og_url":"https:\/\/dicodusport.fr\/blog\/windsurf-adrien-bosson-sacre-champion-du-monde-en-freestyle\/","og_site_name":"Dicodusport","article_publisher":"https:\/\/www.facebook.com\/dicodusport","article_author":"https:\/\/www.facebook.com\/florent.ostermann","article_published_time":"2022-10-04T08:35:02+00:00","article_modified_time":"2022-10-04T10:08:32+00:00","og_image":[{"width":800,"height":445,"url":"https:\/\/dicodusport.fr\/blog\/wp-content\/uploads\/2022\/10\/Windsurf-Adrien-Bosson-sacre-champion-du-monde-en-freestyle.png","type":"image\/png"}],"author":"Flo Ostermann","twitter_card":"summary_large_image","twitter_title":"Windsurf : Adrien Bosson sacr\u00e9 champion du monde en freestyle","twitter_creator":"@https:\/\/twitter.com\/FlOstermann","twitter_site":"@dicodusport","schema":{"@context":"https:\/\/schema.org","@graph":[{"@type":"NewsArticle","@id":"https:\/\/dicodusport.fr\/blog\/windsurf-adrien-bosson-sacre-champion-du-monde-en-freestyle\/#article","isPartOf":{"@id":"https:\/\/dicodusport.fr\/blog\/windsurf-adrien-bosson-sacre-champion-du-monde-en-freestyle\/"},"author":{"name":"Flo Ostermann","@id":"https:\/\/dicodusport.fr\/blog\/#\/schema\/person\/cb02af4c173ce4a653b55e9baf388d4a"},"headline":"Windsurf : Adrien Bosson sacr\u00e9 champion du monde en freestyle","datePublished":"2022-10-04T08:35:02+00:00","dateModified":"2022-10-04T10:08:32+00:00","mainEntityOfPage":{"@id":"https:\/\/dicodusport.fr\/blog\/windsurf-adrien-bosson-sacre-champion-du-monde-en-freestyle\/"},"wordCount":159,"commentCount":0,"publisher":{"@id":"https:\/\/dicodusport.fr\/blog\/#organization"},"image":{"@id":"https:\/\/dicodusport.fr\/blog\/windsurf-adrien-bosson-sacre-champion-du-monde-en-freestyle\/#primaryimage"},"thumbnailUrl":"https:\/\/dicodusport.fr\/blog\/wp-content\/uploads\/2022\/10\/Windsurf-Adrien-Bosson-sacre-champion-du-monde-en-freestyle.png","keywords":["windsurf"],"articleSection":["Surf"],"inLanguage":"fr-FR","potentialAction":[{"@type":"CommentAction","name":"Comment","target":["https:\/\/dicodusport.fr\/blog\/windsurf-adrien-bosson-sacre-champion-du-monde-en-freestyle\/#respond"]}],"copyrightYear":"2022","copyrightHolder":{"@id":"https:\/\/dicodusport.fr\/blog\/#organization"}},{"@type":"WebPage","@id":"https:\/\/dicodusport.fr\/blog\/windsurf-adrien-bosson-sacre-champion-du-monde-en-freestyle\/","url":"https:\/\/dicodusport.fr\/blog\/windsurf-adrien-bosson-sacre-champion-du-monde-en-freestyle\/","name":"Windsurf : Adrien Bosson sacr\u00e9 champion du monde en freestyle","isPartOf":{"@id":"https:\/\/dicodusport.fr\/blog\/#website"},"primaryImageOfPage":{"@id":"https:\/\/dicodusport.fr\/blog\/windsurf-adrien-bosson-sacre-champion-du-monde-en-freestyle\/#primaryimage"},"image":{"@id":"https:\/\/dicodusport.fr\/blog\/windsurf-adrien-bosson-sacre-champion-du-monde-en-freestyle\/#primaryimage"},"thumbnailUrl":"https:\/\/dicodusport.fr\/blog\/wp-content\/uploads\/2022\/10\/Windsurf-Adrien-Bosson-sacre-champion-du-monde-en-freestyle.png","datePublished":"2022-10-04T08:35:02+00:00","dateModified":"2022-10-04T10:08:32+00:00","description":"WINDSURF - Ce week-end, le Fran\u00e7ais Adrien Bosson est devenu champion du monde de windsurf PWA freestyle, \u00e0 Sylt (Allemagne).","breadcrumb":{"@id":"https:\/\/dicodusport.fr\/blog\/windsurf-adrien-bosson-sacre-champion-du-monde-en-freestyle\/#breadcrumb"},"inLanguage":"fr-FR","potentialAction":[{"@type":"ReadAction","target":["https:\/\/dicodusport.fr\/blog\/windsurf-adrien-bosson-sacre-champion-du-monde-en-freestyle\/"]}]},{"@type":"ImageObject","inLanguage":"fr-FR","@id":"https:\/\/dicodusport.fr\/blog\/windsurf-adrien-bosson-sacre-champion-du-monde-en-freestyle\/#primaryimage","url":"https:\/\/dicodusport.fr\/blog\/wp-content\/uploads\/2022\/10\/Windsurf-Adrien-Bosson-sacre-champion-du-monde-en-freestyle.png","contentUrl":"https:\/\/dicodusport.fr\/blog\/wp-content\/uploads\/2022\/10\/Windsurf-Adrien-Bosson-sacre-champion-du-monde-en-freestyle.png","width":800,"height":445,"caption":"Windsurf Adrien Bosson sacr\u00e9 champion du monde en freestyle"},{"@type":"BreadcrumbList","@id":"https:\/\/dicodusport.fr\/blog\/windsurf-adrien-bosson-sacre-champion-du-monde-en-freestyle\/#breadcrumb","itemListElement":[{"@type":"ListItem","position":1,"name":"Accueil","item":"https:\/\/dicodusport.fr\/blog\/"},{"@type":"ListItem","position":2,"name":"Windsurf : Adrien Bosson sacr\u00e9 champion du monde en freestyle"}]},{"@type":"WebSite","@id":"https:\/\/dicodusport.fr\/blog\/#website","url":"https:\/\/dicodusport.fr\/blog\/","name":"Dicodusport","description":"L&#039;encyclop\u00e9die de l&#039;actualit\u00e9 sportive","publisher":{"@id":"https:\/\/dicodusport.fr\/blog\/#organization"},"potentialAction":[{"@type":"SearchAction","target":{"@type":"EntryPoint","urlTemplate":"https:\/\/dicodusport.fr\/blog\/?s={search_term_string}"},"query-input":{"@type":"PropertyValueSpecification","valueRequired":true,"valueName":"search_term_string"}}],"inLanguage":"fr-FR"},{"@type":"NewsMediaOrganization","@id":"https:\/\/dicodusport.fr\/blog\/#organization","name":"Dicodusport","url":"https:\/\/dicodusport.fr\/blog\/","logo":{"@type":"ImageObject","inLanguage":"fr-FR","@id":"https:\/\/dicodusport.fr\/blog\/#\/schema\/logo\/image\/","url":"https:\/\/dicodusport.fr\/blog\/wp-content\/uploads\/2020\/06\/cropped-LOGO-DICODUSPORT-2020-SANS-FOND-SANS-TEXTE.png","contentUrl":"https:\/\/dicodusport.fr\/blog\/wp-content\/uploads\/2020\/06\/cropped-LOGO-DICODUSPORT-2020-SANS-FOND-SANS-TEXTE.png","width":512,"height":512,"caption":"Dicodusport"},"image":{"@id":"https:\/\/dicodusport.fr\/blog\/#\/schema\/logo\/image\/"},"sameAs":["https:\/\/www.facebook.com\/dicodusport","https:\/\/x.com\/dicodusport","https:\/\/www.instagram.com\/dicodusport\/","https:\/\/www.youtube.com\/channel\/UC7V2KZ5sd3htJivAbA4ZG3w"],"description":"Dicodusport est l'encyclop\u00e9die de l'actualit\u00e9 sportive.","email":"bonjour@dicodusport.fr","legalName":"DICODUSPORT","foundingDate":"2018-01-14","vatID":"FR71834470973","taxID":"83447097300043","numberOfEmployees":{"@type":"QuantitativeValue","minValue":"1","maxValue":"10"}},{"@type":"Person","@id":"https:\/\/dicodusport.fr\/blog\/#\/schema\/person\/cb02af4c173ce4a653b55e9baf388d4a","name":"Flo Ostermann","image":{"@type":"ImageObject","inLanguage":"fr-FR","@id":"https:\/\/dicodusport.fr\/blog\/#\/schema\/person\/image\/","url":"https:\/\/dicodusport.fr\/blog\/wp-content\/uploads\/2021\/05\/Flo-Ostermann-150x150.jpg","contentUrl":"https:\/\/dicodusport.fr\/blog\/wp-content\/uploads\/2021\/05\/Flo-Ostermann-150x150.jpg","caption":"Flo Ostermann"},"description":"Journaliste\/R\u00e9dacteur depuis septembre 2015 - Mes premiers souvenirs dans le sport ? Les envol\u00e9es du Stade Toulousain et les duels Villeneuve-Schumacher et H\u00e4kkinen-Schumacher \u00e0 la fin des ann\u00e9es 90, la Coupe du monde de football en 1998, l\u2019exploit du XV de France face aux All Blacks en 1999, mais aussi Richard C\u0153ur de Lion qui vole sur les montagnes du Tour de France. Bien parti pour devenir professeur d\u2019EPS, les \u00e9v\u00e9nements de la vie (et la flemme d\u2019animer des s\u00e9ances de 3x500 m\u00e8tres toute ma vie) m\u2019ont conduit \u00e0 revoir mes plans. Me voil\u00e0 depuis fin 2017 sur Dicodusport, m\u00e9dia gr\u00e2ce (et pour) lequel je partage ma passion : le sport dans tous ses \u00e9tats. Le tout accompagn\u00e9 par les fous furieux et folles furieuses cit\u00e9s sur cette page !","sameAs":["https:\/\/www.facebook.com\/florent.ostermann","https:\/\/x.com\/https:\/\/twitter.com\/FlOstermann","admin"],"url":"https:\/\/dicodusport.fr\/blog\/author\/flo\/"}]}},"_links":{"self":[{"href":"https:\/\/dicodusport.fr\/blog\/wp-json\/wp\/v2\/posts\/267068","targetHints":{"allow":["GET"]}}],"collection":[{"href":"https:\/\/dicodusport.fr\/blog\/wp-json\/wp\/v2\/posts"}],"about":[{"href":"https:\/\/dicodusport.fr\/blog\/wp-json\/wp\/v2\/types\/post"}],"author":[{"embeddable":true,"href":"https:\/\/dicodusport.fr\/blog\/wp-json\/wp\/v2\/users\/4"}],"replies":[{"embeddable":true,"href":"https:\/\/dicodusport.fr\/blog\/wp-json\/wp\/v2\/comments?post=267068"}],"version-history":[{"count":0,"href":"https:\/\/dicodusport.fr\/blog\/wp-json\/wp\/v2\/posts\/267068\/revisions"}],"wp:featuredmedia":[{"embeddable":true,"href":"https:\/\/dicodusport.fr\/blog\/wp-json\/wp\/v2\/media\/267081"}],"wp:attachment":[{"href":"https:\/\/dicodusport.fr\/blog\/wp-json\/wp\/v2\/media?parent=267068"}],"wp:term":[{"taxonomy":"category","embeddable":true,"href":"https:\/\/dicodusport.fr\/blog\/wp-json\/wp\/v2\/categories?post=267068"},{"taxonomy":"post_tag","embeddable":true,"href":"https:\/\/dicodusport.fr\/blog\/wp-json\/wp\/v2\/tags?post=267068"}],"curies":[{"name":"wp","href":"https:\/\/api.w.org\/{rel}","templated":true}]}}