{"id":267150,"date":"2022-10-04T16:16:26","date_gmt":"2022-10-04T14:16:26","guid":{"rendered":"https:\/\/dicodusport.fr\/blog\/?p=267150&#038;preview=true&#038;preview_id=267150"},"modified":"2022-10-04T17:44:51","modified_gmt":"2022-10-04T15:44:51","slug":"mercarto-rc-lens-gael-kakuta-sur-le-depart","status":"publish","type":"post","link":"https:\/\/dicodusport.fr\/blog\/mercarto-rc-lens-gael-kakuta-sur-le-depart\/","title":{"rendered":"Mercato RC Lens : Ga\u00ebl Kakuta sur le d\u00e9part"},"content":{"rendered":"<p style=\"text-align: justify;\"><b><i>LIGUE 1 2022-2023 &#8211; Selon France Bleu Nord, Lens aurait trouv\u00e9 un accord avec Amiens pour le transfert de Ga\u00ebl Kakuta.\u00a0<\/i><\/b><\/p>\n<p style=\"text-align: justify;\"><strong>Ga\u00ebl<\/strong> <strong>Kakuta<\/strong>, 31 ans, n&rsquo;est plus dans les plans de <strong>Franck<\/strong> <strong>Haise<\/strong> cette saison, avec seulement 20 minutes jou\u00e9es depuis la reprise de la Ligue 1. Le <strong>RC<\/strong> <strong>Lens<\/strong> lui cherche une porte de sortie depuis un petit moment et un accord aurait \u00e9t\u00e9 trouv\u00e9 avec <strong>Amiens<\/strong>. Un club que conna\u00eet bien <strong>Ga\u00ebl<\/strong> <strong>Kakuta<\/strong> pour y avoir fait deux passages, lors de la saison 2017-2018 puis en 2019-2020, juste avant de rejoindre <strong>Lens<\/strong>. Si sa premi\u00e8re saison avec les <strong>Sang et Or<\/strong> avait \u00e9t\u00e9 tr\u00e8s bonne, le milieu offensif est plus en difficult\u00e9 depuis quelques mois et n&rsquo;a plus les faveurs de son coach. L&rsquo;officialisation devrait intervenir dans les prochains jours.<\/p>\n<blockquote class=\"twitter-tweet\">\n<p dir=\"ltr\" lang=\"fr\">Mercato \u2013 Vers une signature de Ga\u00ebl Kakuta en Ligue 2 ?<a href=\"https:\/\/t.co\/sJ6F2aRQty\">https:\/\/t.co\/sJ6F2aRQty<\/a><\/p>\n<p>\u2014 MaLigue2 (@maligue2) <a href=\"https:\/\/twitter.com\/maligue2\/status\/1577288974690836494?ref_src=twsrc%5Etfw\">October 4, 2022<\/a><\/p><\/blockquote>\n<p><script async src=\"https:\/\/platform.twitter.com\/widgets.js\" charset=\"utf-8\"><\/script><\/p>\n","protected":false},"excerpt":{"rendered":"<p>LIGUE 1 2022-2023 &#8211; Selon France Bleu Nord, Lens aurait trouv\u00e9 un accord avec Amiens pour le transfert de Ga\u00ebl Kakuta.\u00a0<\/p>\n","protected":false},"author":1,"featured_media":267154,"comment_status":"open","ping_status":"closed","sticky":false,"template":"","format":"standard","meta":{"_acf_changed":false,"_daextam_enable_autolinks":"","footnotes":""},"categories":[2301,47045],"tags":[1731,75,465],"class_list":["post-267150","post","type-post","status-publish","format-standard","has-post-thumbnail","hentry","category-football","category-ligue-1","tag-amiens","tag-football","tag-lens"],"acf":[],"yoast_head":"<!-- This site is optimized with the Yoast SEO Premium plugin v26.7 (Yoast SEO v26.7) - https:\/\/yoast.com\/wordpress\/plugins\/seo\/ -->\n<title>Mercato RC Lens : Ga\u00ebl Kakuta sur le d\u00e9part<\/title>\n<meta name=\"description\" content=\"LIGUE 1 2022-2023 - Selon France Bleu Nord, Lens aurait trouv\u00e9 un accord avec Amiens pour le transfert de Ga\u00ebl Kakuta.\u00a0\" \/>\n<meta name=\"robots\" content=\"index, follow, max-snippet:-1, max-image-preview:large, max-video-preview:-1\" \/>\n<link rel=\"canonical\" href=\"https:\/\/dicodusport.fr\/blog\/mercarto-rc-lens-gael-kakuta-sur-le-depart\/\" \/>\n<meta property=\"og:locale\" content=\"fr_FR\" \/>\n<meta property=\"og:type\" content=\"article\" \/>\n<meta property=\"og:title\" content=\"Mercato RC Lens : Ga\u00ebl Kakuta sur le d\u00e9part\" \/>\n<meta property=\"og:description\" content=\"LIGUE 1 2022-2023 - Selon France Bleu Nord, Lens aurait trouv\u00e9 un accord avec Amiens pour le transfert de Ga\u00ebl Kakuta.\u00a0\" \/>\n<meta property=\"og:url\" content=\"https:\/\/dicodusport.fr\/blog\/mercarto-rc-lens-gael-kakuta-sur-le-depart\/\" \/>\n<meta property=\"og:site_name\" content=\"Dicodusport\" \/>\n<meta property=\"article:publisher\" content=\"https:\/\/www.facebook.com\/dicodusport\" \/>\n<meta property=\"article:author\" content=\"https:\/\/www.facebook.com\/dicodusport\" \/>\n<meta property=\"article:published_time\" content=\"2022-10-04T14:16:26+00:00\" \/>\n<meta property=\"article:modified_time\" content=\"2022-10-04T15:44:51+00:00\" \/>\n<meta property=\"og:image\" content=\"https:\/\/dicodusport.fr\/blog\/wp-content\/uploads\/2022\/10\/Mercarto-RC-Lens-Gae\u0308l-Kakuta-sur-le-de\u0301part.png\" \/>\n\t<meta property=\"og:image:width\" content=\"800\" \/>\n\t<meta property=\"og:image:height\" content=\"445\" \/>\n\t<meta property=\"og:image:type\" content=\"image\/png\" \/>\n<meta name=\"author\" content=\"Nicolas Jacquemard\" \/>\n<meta name=\"twitter:card\" content=\"summary_large_image\" \/>\n<meta name=\"twitter:title\" content=\"Mercato RC Lens : Ga\u00ebl Kakuta sur le d\u00e9part\" \/>\n<meta name=\"twitter:creator\" content=\"@https:\/\/twitter.com\/Nico_Jacquemard\" \/>\n<meta name=\"twitter:site\" content=\"@dicodusport\" \/>\n<script type=\"application\/ld+json\" class=\"yoast-schema-graph\">{\"@context\":\"https:\/\/schema.org\",\"@graph\":[{\"@type\":\"NewsArticle\",\"@id\":\"https:\/\/dicodusport.fr\/blog\/mercarto-rc-lens-gael-kakuta-sur-le-depart\/#article\",\"isPartOf\":{\"@id\":\"https:\/\/dicodusport.fr\/blog\/mercarto-rc-lens-gael-kakuta-sur-le-depart\/\"},\"author\":{\"name\":\"Nicolas Jacquemard\",\"@id\":\"https:\/\/dicodusport.fr\/blog\/#\/schema\/person\/55dcb50ad410894e431ed812bbb70191\"},\"headline\":\"Mercato RC Lens : Ga\u00ebl Kakuta sur le d\u00e9part\",\"datePublished\":\"2022-10-04T14:16:26+00:00\",\"dateModified\":\"2022-10-04T15:44:51+00:00\",\"mainEntityOfPage\":{\"@id\":\"https:\/\/dicodusport.fr\/blog\/mercarto-rc-lens-gael-kakuta-sur-le-depart\/\"},\"wordCount\":167,\"commentCount\":1,\"publisher\":{\"@id\":\"https:\/\/dicodusport.fr\/blog\/#organization\"},\"image\":{\"@id\":\"https:\/\/dicodusport.fr\/blog\/mercarto-rc-lens-gael-kakuta-sur-le-depart\/#primaryimage\"},\"thumbnailUrl\":\"https:\/\/dicodusport.fr\/blog\/wp-content\/uploads\/2022\/10\/Mercarto-RC-Lens-Gae\u0308l-Kakuta-sur-le-de\u0301part.png\",\"keywords\":[\"Amiens\",\"Football\",\"Lens\"],\"articleSection\":[\"Football\",\"Ligue 1\"],\"inLanguage\":\"fr-FR\",\"potentialAction\":[{\"@type\":\"CommentAction\",\"name\":\"Comment\",\"target\":[\"https:\/\/dicodusport.fr\/blog\/mercarto-rc-lens-gael-kakuta-sur-le-depart\/#respond\"]}],\"copyrightYear\":\"2022\",\"copyrightHolder\":{\"@id\":\"https:\/\/dicodusport.fr\/blog\/#organization\"}},{\"@type\":\"WebPage\",\"@id\":\"https:\/\/dicodusport.fr\/blog\/mercarto-rc-lens-gael-kakuta-sur-le-depart\/\",\"url\":\"https:\/\/dicodusport.fr\/blog\/mercarto-rc-lens-gael-kakuta-sur-le-depart\/\",\"name\":\"Mercato RC Lens : Ga\u00ebl Kakuta sur le d\u00e9part\",\"isPartOf\":{\"@id\":\"https:\/\/dicodusport.fr\/blog\/#website\"},\"primaryImageOfPage\":{\"@id\":\"https:\/\/dicodusport.fr\/blog\/mercarto-rc-lens-gael-kakuta-sur-le-depart\/#primaryimage\"},\"image\":{\"@id\":\"https:\/\/dicodusport.fr\/blog\/mercarto-rc-lens-gael-kakuta-sur-le-depart\/#primaryimage\"},\"thumbnailUrl\":\"https:\/\/dicodusport.fr\/blog\/wp-content\/uploads\/2022\/10\/Mercarto-RC-Lens-Gae\u0308l-Kakuta-sur-le-de\u0301part.png\",\"datePublished\":\"2022-10-04T14:16:26+00:00\",\"dateModified\":\"2022-10-04T15:44:51+00:00\",\"description\":\"LIGUE 1 2022-2023 - Selon France Bleu Nord, Lens aurait trouv\u00e9 un accord avec Amiens pour le transfert de Ga\u00ebl Kakuta.\u00a0\",\"breadcrumb\":{\"@id\":\"https:\/\/dicodusport.fr\/blog\/mercarto-rc-lens-gael-kakuta-sur-le-depart\/#breadcrumb\"},\"inLanguage\":\"fr-FR\",\"potentialAction\":[{\"@type\":\"ReadAction\",\"target\":[\"https:\/\/dicodusport.fr\/blog\/mercarto-rc-lens-gael-kakuta-sur-le-depart\/\"]}]},{\"@type\":\"ImageObject\",\"inLanguage\":\"fr-FR\",\"@id\":\"https:\/\/dicodusport.fr\/blog\/mercarto-rc-lens-gael-kakuta-sur-le-depart\/#primaryimage\",\"url\":\"https:\/\/dicodusport.fr\/blog\/wp-content\/uploads\/2022\/10\/Mercarto-RC-Lens-Gae\u0308l-Kakuta-sur-le-de\u0301part.png\",\"contentUrl\":\"https:\/\/dicodusport.fr\/blog\/wp-content\/uploads\/2022\/10\/Mercarto-RC-Lens-Gae\u0308l-Kakuta-sur-le-de\u0301part.png\",\"width\":800,\"height\":445},{\"@type\":\"BreadcrumbList\",\"@id\":\"https:\/\/dicodusport.fr\/blog\/mercarto-rc-lens-gael-kakuta-sur-le-depart\/#breadcrumb\",\"itemListElement\":[{\"@type\":\"ListItem\",\"position\":1,\"name\":\"Accueil\",\"item\":\"https:\/\/dicodusport.fr\/blog\/\"},{\"@type\":\"ListItem\",\"position\":2,\"name\":\"Mercato RC Lens : Ga\u00ebl Kakuta sur le d\u00e9part\"}]},{\"@type\":\"WebSite\",\"@id\":\"https:\/\/dicodusport.fr\/blog\/#website\",\"url\":\"https:\/\/dicodusport.fr\/blog\/\",\"name\":\"Dicodusport\",\"description\":\"L&#039;encyclop\u00e9die de l&#039;actualit\u00e9 sportive\",\"publisher\":{\"@id\":\"https:\/\/dicodusport.fr\/blog\/#organization\"},\"potentialAction\":[{\"@type\":\"SearchAction\",\"target\":{\"@type\":\"EntryPoint\",\"urlTemplate\":\"https:\/\/dicodusport.fr\/blog\/?s={search_term_string}\"},\"query-input\":{\"@type\":\"PropertyValueSpecification\",\"valueRequired\":true,\"valueName\":\"search_term_string\"}}],\"inLanguage\":\"fr-FR\"},{\"@type\":\"NewsMediaOrganization\",\"@id\":\"https:\/\/dicodusport.fr\/blog\/#organization\",\"name\":\"Dicodusport\",\"url\":\"https:\/\/dicodusport.fr\/blog\/\",\"logo\":{\"@type\":\"ImageObject\",\"inLanguage\":\"fr-FR\",\"@id\":\"https:\/\/dicodusport.fr\/blog\/#\/schema\/logo\/image\/\",\"url\":\"https:\/\/dicodusport.fr\/blog\/wp-content\/uploads\/2020\/06\/cropped-LOGO-DICODUSPORT-2020-SANS-FOND-SANS-TEXTE.png\",\"contentUrl\":\"https:\/\/dicodusport.fr\/blog\/wp-content\/uploads\/2020\/06\/cropped-LOGO-DICODUSPORT-2020-SANS-FOND-SANS-TEXTE.png\",\"width\":512,\"height\":512,\"caption\":\"Dicodusport\"},\"image\":{\"@id\":\"https:\/\/dicodusport.fr\/blog\/#\/schema\/logo\/image\/\"},\"sameAs\":[\"https:\/\/www.facebook.com\/dicodusport\",\"https:\/\/x.com\/dicodusport\",\"https:\/\/www.instagram.com\/dicodusport\/\",\"https:\/\/www.youtube.com\/channel\/UC7V2KZ5sd3htJivAbA4ZG3w\"],\"description\":\"Dicodusport est l'encyclop\u00e9die de l'actualit\u00e9 sportive.\",\"email\":\"bonjour@dicodusport.fr\",\"legalName\":\"DICODUSPORT\",\"foundingDate\":\"2018-01-14\",\"vatID\":\"FR71834470973\",\"taxID\":\"83447097300043\",\"numberOfEmployees\":{\"@type\":\"QuantitativeValue\",\"minValue\":\"1\",\"maxValue\":\"10\"}},{\"@type\":\"Person\",\"@id\":\"https:\/\/dicodusport.fr\/blog\/#\/schema\/person\/55dcb50ad410894e431ed812bbb70191\",\"name\":\"Nicolas Jacquemard\",\"image\":{\"@type\":\"ImageObject\",\"inLanguage\":\"fr-FR\",\"@id\":\"https:\/\/dicodusport.fr\/blog\/#\/schema\/person\/image\/\",\"url\":\"https:\/\/dicodusport.fr\/blog\/wp-content\/uploads\/2021\/05\/Nicolas-Jacquemard-150x150.jpeg\",\"contentUrl\":\"https:\/\/dicodusport.fr\/blog\/wp-content\/uploads\/2021\/05\/Nicolas-Jacquemard-150x150.jpeg\",\"caption\":\"Nicolas Jacquemard\"},\"description\":\"Passionn\u00e9 de sport et entrepreneur depuis mes 18 ans, la cr\u00e9ation de Dicodusport m'a sembl\u00e9 \u00e9vidente pour participer \u00e0 la m\u00e9diatisation d'un plus grand nombre de sports. Le chemin est long mais avec une \u00e9quipe des plus motiv\u00e9es et les Jeux Olympiques de Paris 2024 en point de mire, nous y arriverons ! Journaliste dans le monde du sport depuis plus de 5 ans, je traite aussi bien de football, de rugby, de biathlon que de cyclisme.\",\"sameAs\":[\"https:\/\/www.facebook.com\/dicodusport\",\"https:\/\/x.com\/https:\/\/twitter.com\/Nico_Jacquemard\"],\"url\":\"https:\/\/dicodusport.fr\/blog\/author\/dicodusport\/\"}]}<\/script>\n<!-- \/ Yoast SEO Premium plugin. -->","yoast_head_json":{"title":"Mercato RC Lens : Ga\u00ebl Kakuta sur le d\u00e9part","description":"LIGUE 1 2022-2023 - Selon France Bleu Nord, Lens aurait trouv\u00e9 un accord avec Amiens pour le transfert de Ga\u00ebl Kakuta.\u00a0","robots":{"index":"index","follow":"follow","max-snippet":"max-snippet:-1","max-image-preview":"max-image-preview:large","max-video-preview":"max-video-preview:-1"},"canonical":"https:\/\/dicodusport.fr\/blog\/mercarto-rc-lens-gael-kakuta-sur-le-depart\/","og_locale":"fr_FR","og_type":"article","og_title":"Mercato RC Lens : Ga\u00ebl Kakuta sur le d\u00e9part","og_description":"LIGUE 1 2022-2023 - Selon France Bleu Nord, Lens aurait trouv\u00e9 un accord avec Amiens pour le transfert de Ga\u00ebl Kakuta.\u00a0","og_url":"https:\/\/dicodusport.fr\/blog\/mercarto-rc-lens-gael-kakuta-sur-le-depart\/","og_site_name":"Dicodusport","article_publisher":"https:\/\/www.facebook.com\/dicodusport","article_author":"https:\/\/www.facebook.com\/dicodusport","article_published_time":"2022-10-04T14:16:26+00:00","article_modified_time":"2022-10-04T15:44:51+00:00","og_image":[{"width":800,"height":445,"url":"https:\/\/dicodusport.fr\/blog\/wp-content\/uploads\/2022\/10\/Mercarto-RC-Lens-Gae\u0308l-Kakuta-sur-le-de\u0301part.png","type":"image\/png"}],"author":"Nicolas Jacquemard","twitter_card":"summary_large_image","twitter_title":"Mercato RC Lens : Ga\u00ebl Kakuta sur le d\u00e9part","twitter_creator":"@https:\/\/twitter.com\/Nico_Jacquemard","twitter_site":"@dicodusport","schema":{"@context":"https:\/\/schema.org","@graph":[{"@type":"NewsArticle","@id":"https:\/\/dicodusport.fr\/blog\/mercarto-rc-lens-gael-kakuta-sur-le-depart\/#article","isPartOf":{"@id":"https:\/\/dicodusport.fr\/blog\/mercarto-rc-lens-gael-kakuta-sur-le-depart\/"},"author":{"name":"Nicolas Jacquemard","@id":"https:\/\/dicodusport.fr\/blog\/#\/schema\/person\/55dcb50ad410894e431ed812bbb70191"},"headline":"Mercato RC Lens : Ga\u00ebl Kakuta sur le d\u00e9part","datePublished":"2022-10-04T14:16:26+00:00","dateModified":"2022-10-04T15:44:51+00:00","mainEntityOfPage":{"@id":"https:\/\/dicodusport.fr\/blog\/mercarto-rc-lens-gael-kakuta-sur-le-depart\/"},"wordCount":167,"commentCount":1,"publisher":{"@id":"https:\/\/dicodusport.fr\/blog\/#organization"},"image":{"@id":"https:\/\/dicodusport.fr\/blog\/mercarto-rc-lens-gael-kakuta-sur-le-depart\/#primaryimage"},"thumbnailUrl":"https:\/\/dicodusport.fr\/blog\/wp-content\/uploads\/2022\/10\/Mercarto-RC-Lens-Gae\u0308l-Kakuta-sur-le-de\u0301part.png","keywords":["Amiens","Football","Lens"],"articleSection":["Football","Ligue 1"],"inLanguage":"fr-FR","potentialAction":[{"@type":"CommentAction","name":"Comment","target":["https:\/\/dicodusport.fr\/blog\/mercarto-rc-lens-gael-kakuta-sur-le-depart\/#respond"]}],"copyrightYear":"2022","copyrightHolder":{"@id":"https:\/\/dicodusport.fr\/blog\/#organization"}},{"@type":"WebPage","@id":"https:\/\/dicodusport.fr\/blog\/mercarto-rc-lens-gael-kakuta-sur-le-depart\/","url":"https:\/\/dicodusport.fr\/blog\/mercarto-rc-lens-gael-kakuta-sur-le-depart\/","name":"Mercato RC Lens : Ga\u00ebl Kakuta sur le d\u00e9part","isPartOf":{"@id":"https:\/\/dicodusport.fr\/blog\/#website"},"primaryImageOfPage":{"@id":"https:\/\/dicodusport.fr\/blog\/mercarto-rc-lens-gael-kakuta-sur-le-depart\/#primaryimage"},"image":{"@id":"https:\/\/dicodusport.fr\/blog\/mercarto-rc-lens-gael-kakuta-sur-le-depart\/#primaryimage"},"thumbnailUrl":"https:\/\/dicodusport.fr\/blog\/wp-content\/uploads\/2022\/10\/Mercarto-RC-Lens-Gae\u0308l-Kakuta-sur-le-de\u0301part.png","datePublished":"2022-10-04T14:16:26+00:00","dateModified":"2022-10-04T15:44:51+00:00","description":"LIGUE 1 2022-2023 - Selon France Bleu Nord, Lens aurait trouv\u00e9 un accord avec Amiens pour le transfert de Ga\u00ebl Kakuta.\u00a0","breadcrumb":{"@id":"https:\/\/dicodusport.fr\/blog\/mercarto-rc-lens-gael-kakuta-sur-le-depart\/#breadcrumb"},"inLanguage":"fr-FR","potentialAction":[{"@type":"ReadAction","target":["https:\/\/dicodusport.fr\/blog\/mercarto-rc-lens-gael-kakuta-sur-le-depart\/"]}]},{"@type":"ImageObject","inLanguage":"fr-FR","@id":"https:\/\/dicodusport.fr\/blog\/mercarto-rc-lens-gael-kakuta-sur-le-depart\/#primaryimage","url":"https:\/\/dicodusport.fr\/blog\/wp-content\/uploads\/2022\/10\/Mercarto-RC-Lens-Gae\u0308l-Kakuta-sur-le-de\u0301part.png","contentUrl":"https:\/\/dicodusport.fr\/blog\/wp-content\/uploads\/2022\/10\/Mercarto-RC-Lens-Gae\u0308l-Kakuta-sur-le-de\u0301part.png","width":800,"height":445},{"@type":"BreadcrumbList","@id":"https:\/\/dicodusport.fr\/blog\/mercarto-rc-lens-gael-kakuta-sur-le-depart\/#breadcrumb","itemListElement":[{"@type":"ListItem","position":1,"name":"Accueil","item":"https:\/\/dicodusport.fr\/blog\/"},{"@type":"ListItem","position":2,"name":"Mercato RC Lens : Ga\u00ebl Kakuta sur le d\u00e9part"}]},{"@type":"WebSite","@id":"https:\/\/dicodusport.fr\/blog\/#website","url":"https:\/\/dicodusport.fr\/blog\/","name":"Dicodusport","description":"L&#039;encyclop\u00e9die de l&#039;actualit\u00e9 sportive","publisher":{"@id":"https:\/\/dicodusport.fr\/blog\/#organization"},"potentialAction":[{"@type":"SearchAction","target":{"@type":"EntryPoint","urlTemplate":"https:\/\/dicodusport.fr\/blog\/?s={search_term_string}"},"query-input":{"@type":"PropertyValueSpecification","valueRequired":true,"valueName":"search_term_string"}}],"inLanguage":"fr-FR"},{"@type":"NewsMediaOrganization","@id":"https:\/\/dicodusport.fr\/blog\/#organization","name":"Dicodusport","url":"https:\/\/dicodusport.fr\/blog\/","logo":{"@type":"ImageObject","inLanguage":"fr-FR","@id":"https:\/\/dicodusport.fr\/blog\/#\/schema\/logo\/image\/","url":"https:\/\/dicodusport.fr\/blog\/wp-content\/uploads\/2020\/06\/cropped-LOGO-DICODUSPORT-2020-SANS-FOND-SANS-TEXTE.png","contentUrl":"https:\/\/dicodusport.fr\/blog\/wp-content\/uploads\/2020\/06\/cropped-LOGO-DICODUSPORT-2020-SANS-FOND-SANS-TEXTE.png","width":512,"height":512,"caption":"Dicodusport"},"image":{"@id":"https:\/\/dicodusport.fr\/blog\/#\/schema\/logo\/image\/"},"sameAs":["https:\/\/www.facebook.com\/dicodusport","https:\/\/x.com\/dicodusport","https:\/\/www.instagram.com\/dicodusport\/","https:\/\/www.youtube.com\/channel\/UC7V2KZ5sd3htJivAbA4ZG3w"],"description":"Dicodusport est l'encyclop\u00e9die de l'actualit\u00e9 sportive.","email":"bonjour@dicodusport.fr","legalName":"DICODUSPORT","foundingDate":"2018-01-14","vatID":"FR71834470973","taxID":"83447097300043","numberOfEmployees":{"@type":"QuantitativeValue","minValue":"1","maxValue":"10"}},{"@type":"Person","@id":"https:\/\/dicodusport.fr\/blog\/#\/schema\/person\/55dcb50ad410894e431ed812bbb70191","name":"Nicolas Jacquemard","image":{"@type":"ImageObject","inLanguage":"fr-FR","@id":"https:\/\/dicodusport.fr\/blog\/#\/schema\/person\/image\/","url":"https:\/\/dicodusport.fr\/blog\/wp-content\/uploads\/2021\/05\/Nicolas-Jacquemard-150x150.jpeg","contentUrl":"https:\/\/dicodusport.fr\/blog\/wp-content\/uploads\/2021\/05\/Nicolas-Jacquemard-150x150.jpeg","caption":"Nicolas Jacquemard"},"description":"Passionn\u00e9 de sport et entrepreneur depuis mes 18 ans, la cr\u00e9ation de Dicodusport m'a sembl\u00e9 \u00e9vidente pour participer \u00e0 la m\u00e9diatisation d'un plus grand nombre de sports. Le chemin est long mais avec une \u00e9quipe des plus motiv\u00e9es et les Jeux Olympiques de Paris 2024 en point de mire, nous y arriverons ! Journaliste dans le monde du sport depuis plus de 5 ans, je traite aussi bien de football, de rugby, de biathlon que de cyclisme.","sameAs":["https:\/\/www.facebook.com\/dicodusport","https:\/\/x.com\/https:\/\/twitter.com\/Nico_Jacquemard"],"url":"https:\/\/dicodusport.fr\/blog\/author\/dicodusport\/"}]}},"_links":{"self":[{"href":"https:\/\/dicodusport.fr\/blog\/wp-json\/wp\/v2\/posts\/267150","targetHints":{"allow":["GET"]}}],"collection":[{"href":"https:\/\/dicodusport.fr\/blog\/wp-json\/wp\/v2\/posts"}],"about":[{"href":"https:\/\/dicodusport.fr\/blog\/wp-json\/wp\/v2\/types\/post"}],"author":[{"embeddable":true,"href":"https:\/\/dicodusport.fr\/blog\/wp-json\/wp\/v2\/users\/1"}],"replies":[{"embeddable":true,"href":"https:\/\/dicodusport.fr\/blog\/wp-json\/wp\/v2\/comments?post=267150"}],"version-history":[{"count":0,"href":"https:\/\/dicodusport.fr\/blog\/wp-json\/wp\/v2\/posts\/267150\/revisions"}],"wp:featuredmedia":[{"embeddable":true,"href":"https:\/\/dicodusport.fr\/blog\/wp-json\/wp\/v2\/media\/267154"}],"wp:attachment":[{"href":"https:\/\/dicodusport.fr\/blog\/wp-json\/wp\/v2\/media?parent=267150"}],"wp:term":[{"taxonomy":"category","embeddable":true,"href":"https:\/\/dicodusport.fr\/blog\/wp-json\/wp\/v2\/categories?post=267150"},{"taxonomy":"post_tag","embeddable":true,"href":"https:\/\/dicodusport.fr\/blog\/wp-json\/wp\/v2\/tags?post=267150"}],"curies":[{"name":"wp","href":"https:\/\/api.w.org\/{rel}","templated":true}]}}