{"id":267213,"date":"2022-10-06T10:07:47","date_gmt":"2022-10-06T08:07:47","guid":{"rendered":"https:\/\/dicodusport.fr\/blog\/?p=267213&#038;preview=true&#038;preview_id=267213"},"modified":"2022-10-07T22:17:35","modified_gmt":"2022-10-07T20:17:35","slug":"tour-de-lombardie-2022-parcours-et-profil","status":"publish","type":"post","link":"https:\/\/dicodusport.fr\/blog\/tour-de-lombardie-2022-parcours-et-profil\/","title":{"rendered":"Tour de Lombardie 2022 &#8211; Parcours et profil"},"content":{"rendered":"<p style=\"text-align: justify;\"><em><strong><a href=\"https:\/\/dicodusport.fr\/blog\/actualites\/cyclisme\/cyclisme-sur-route-2022\/\">CYCLISME SUR ROUTE 2022<\/a> &#8211; La 116\u00e8me \u00e9dition du Tour de Lombardie aura lieu le 8 octobre 2022 et sera le dernier Monument de la saison de cyclisme sur route. Le trac\u00e9 sera long de 253 kilom\u00e8tres, avec un programme tr\u00e8s cors\u00e9 de Bergame \u00e0 C\u00f4me avec neuf difficult\u00e9s et un d\u00e9nivel\u00e9 positif de 4 900 m\u00e8tres.\u00a0 \u00a0<\/strong><\/em><em><strong><span class=\"tojvnm2t a6sixzi8 abs2jz4q a8s20v7p t1p8iaqh k5wvi7nf q3lfd5jv pk4s997a bipmatt0 cebpdrjk qowsmv63 owwhemhu dp1hu0rb dhp61c6y iyyx5f41\"><span class=\"f7rl1if4 adechonz f6oz4yja dahkl6ri axrg9lpx rufpak1n qtovjlwq qbmienfq rfyhaz4c rdmi1yqr ohrdq8us nswx41af fawcizw8 l1aqi3e3 sdu1flz4\"><br \/>\n<\/span><\/span><\/strong><\/em><\/p>\n<p style=\"text-align: justify;\">Le <strong>Tour de Lombardie<\/strong> a \u00e9t\u00e9 cr\u00e9\u00e9 \u00e0 la suite d&rsquo;une id\u00e9e du journaliste sportif <strong>Tullo Morgagni<\/strong>, aussi cr\u00e9ateur de Milan-San Remo. La <em>Gazzetta dello Sport<\/em>, organisa donc une nouvelle course en tant que revanche le 12 novembre 1905, intitul\u00e9e Milan-Milan, entre Pierino Albini et Giovanni Cuniolo. Cette course est devenue un \u00e9v\u00e9nement important pour finir la saison cycliste. Seules les \u00e9ditions de 1943 et 1944 ont \u00e9t\u00e9 annul\u00e9es en raison de la guerre.<\/p>\n<h2 style=\"text-align: justify;\"><strong>Le parcours du Tour de Lombardie 2022<\/strong><\/h2>\n<p style=\"text-align: justify;\">D&rsquo;abord, la course s&rsquo;\u00e9lancera de Bergame dans la plaine du P\u00f4 pour 25 kilom\u00e8tres de plat jusqu&rsquo;\u00e0 Casazza. Les coureurs encha\u00eeneront avec une s\u00e9rie de cinq ascensions dans les pr\u00e9-Alpes autour de la ville de Bergame durant la premi\u00e8re moiti\u00e9 du parcours. Les ascensions de <strong>Forcellino di Bianzano<\/strong> (6,3 km \u00e0 5%), <strong>Ganda<\/strong> (9 km \u00e0 7,1 %), <strong>Dossena<\/strong> (5,5 km \u00e0 4,9 %), <strong>Forcella di Bura<\/strong> (8,8 km \u00e0 4,5 %) et du <strong>Colle di Berbenno<\/strong> (4,4 km \u00e0 6,3 %) seront ainsi \u00e0 gravir. Dans cette portion, l&rsquo;\u00e9chapp\u00e9e matinale pourra se constituer et prendre une belle avance.<\/p>\n<p style=\"text-align: justify;\">Apr\u00e8s une longue descente sur Ponte Glunino, il y aura une longue partie plate de pr\u00e8s de 60 kilom\u00e8tres pour prendre la direction du Lac de C\u00f4me, avant de s&rsquo;en \u00e9loigner pour escalader la <strong>Madonna delle Ghisallo<\/strong>. \u00c0 partir d&rsquo;ici, l&rsquo;\u00e9cart des fuyards se r\u00e9duira. Cette difficult\u00e9 sera longue de 7,6 km \u00e0 6,2 % en deux parties entrecoup\u00e9es d&rsquo;un replat de trois kilom\u00e8tres. La premi\u00e8re partie sera difficile sur 3 550 m\u00e8tres \u00e0 plus de 9 % avec un court passage \u00e0 14 % au pied. Apr\u00e8s la ville de <strong>Civenna<\/strong>, la seconde partie, pour les deux derniers kilom\u00e8tres de mont\u00e9e, sera aussi usante que la premi\u00e8re, avec un pourcentage moyen de 9,5 % et un passage \u00e0 12% avec de nombreux virages. Cette mont\u00e9e a \u00e9t\u00e9 consacr\u00e9e <em>\u00ab Patronne universelle des cyclistes \u00bb<\/em> en 1948 le Pape Pie XII.<\/p>\n<p style=\"text-align: justify;\">Pour entamer cette bosse, il sera important de l&rsquo;aborder dans les premi\u00e8res positions du peloton. On verra \u00e9galement les pr\u00e9tendants \u00e0 la victoire qui ne seront pas dans un grand jour et qui perdront tout espoir de bien figurer \u00e0 C\u00f4me.<\/p>\n<h3 style=\"text-align: justify;\">Un final cors\u00e9<\/h3>\n<p style=\"text-align: justify;\">Puis, l&rsquo;itin\u00e9raire ne m\u00e8nera pas au Mur de Sormano, mais vers le circuit final de 22 km avec une partie descendante jusqu&rsquo;\u00e0 Asso avant une section sur un plateau de 15 kilom\u00e8tres et une nouvelle descente sur Borgo Vico. Les concurrents monteront une premi\u00e8re fois le <strong>San Fermo della Battaglia<\/strong> (2,8 km \u00e0 6,6 %). Ils franchiront une premi\u00e8re fois la ligne pour traverser les rues de C\u00f4me afin de rejoindre le pied de <strong>Civiglio<\/strong> (4,1 km \u00e0 9,8 %, sur des rampes r\u00e9guli\u00e8re). Les premiers m\u00e8tres de cette mont\u00e9e s\u2019effectueront dans une rue \u00e9troite \u00e0 C\u00f4me, avant de rejoindre une partie technique avec de nombreux lacets. Cette mont\u00e9e difficile verra les premi\u00e8res attaques des favoris. Au sommet, les coureurs plongeront dans une descente technique avec des lacets pour entrer \u00e0 nouveau dans C\u00f4me pour aller \u00e0 l&rsquo;ouest, avec sans doute des regroupements aux diff\u00e9rents \u00e9chelons de la course.<\/p>\n<div id=\"attachment_267577\" style=\"width: 556px\" class=\"wp-caption aligncenter\"><a href=\"https:\/\/dicodusport.fr\/blog\/wp-content\/uploads\/2022\/10\/Profil-du-Civiglio.jpg\"><img loading=\"lazy\" decoding=\"async\" aria-describedby=\"caption-attachment-267577\" class=\"size-full wp-image-267577\" src=\"https:\/\/dicodusport.fr\/blog\/wp-content\/uploads\/2022\/10\/Profil-du-Civiglio.jpg\" alt=\"Profil du Civiglio\" width=\"546\" height=\"852\" srcset=\"https:\/\/dicodusport.fr\/blog\/wp-content\/uploads\/2022\/10\/Profil-du-Civiglio.jpg 546w, https:\/\/dicodusport.fr\/blog\/wp-content\/uploads\/2022\/10\/Profil-du-Civiglio-192x300.jpg 192w\" sizes=\"auto, (max-width: 546px) 100vw, 546px\" \/><\/a><p id=\"caption-attachment-267577\" class=\"wp-caption-text\">Profil du Civiglio &#8211; Via RCS<\/p><\/div>\n<p style=\"text-align: justify;\">Par la suite, ce sera la seconde ascension de<strong> San Fermo della Battaglia<\/strong> (2,8 km \u00e0 6,6 %), dont le sommet sera situ\u00e9 \u00e0 cinq kilom\u00e8tres de l&rsquo;arriv\u00e9e. Pour attaquer cette ultime bosse, il y a un virage en \u00e9pingle \u00e0 gauche pour perdre un maximum de vitesse. D\u00e8s le pied, ce sera sur une petite route au milieu des maisons : la Via XXVII Maggio. Dans la deuxi\u00e8me moiti\u00e9 de cette difficult\u00e9, les coureurs seront dans des bois avec un passage sous une autoroute et une rampe \u00e0 10 % pour les derni\u00e8res offensives entre les pr\u00e9tendants. La descente finale sera rapide sur plus de 3 bornes avec deux tunnels et un rond-point pour rejoindre la flamme rouge sur une route assez large.<\/p>\n<p style=\"text-align: justify;\">Enfin, l&rsquo;arriv\u00e9e aura lieu sur les rives du lac de C\u00f4me comme lors des \u00e9ditions entre 2017 et 2020. La ligne d&rsquo;arriv\u00e9e se situera sur la Lungo Lario Trento sur une ligne droite de plus de 800 m\u00e8tres apr\u00e8s un virage \u00e0 gauche.<\/p>\n<h2 style=\"text-align: justify;\"><strong>Le profil du Tour de Lombardie 2022<\/strong><\/h2>\n<div id=\"attachment_267575\" style=\"width: 750px\" class=\"wp-caption aligncenter\"><a href=\"https:\/\/dicodusport.fr\/blog\/wp-content\/uploads\/2022\/10\/Profil-du-Tour-de-Lombardie-2022.jpg\"><img loading=\"lazy\" decoding=\"async\" aria-describedby=\"caption-attachment-267575\" class=\"size-large wp-image-267575\" src=\"https:\/\/dicodusport.fr\/blog\/wp-content\/uploads\/2022\/10\/Profil-du-Tour-de-Lombardie-2022-1024x682.jpg\" alt=\"Profil du Tour de Lombardie 2022\" width=\"740\" height=\"493\" srcset=\"https:\/\/dicodusport.fr\/blog\/wp-content\/uploads\/2022\/10\/Profil-du-Tour-de-Lombardie-2022-1024x682.jpg 1024w, https:\/\/dicodusport.fr\/blog\/wp-content\/uploads\/2022\/10\/Profil-du-Tour-de-Lombardie-2022-300x200.jpg 300w, https:\/\/dicodusport.fr\/blog\/wp-content\/uploads\/2022\/10\/Profil-du-Tour-de-Lombardie-2022-768x511.jpg 768w, https:\/\/dicodusport.fr\/blog\/wp-content\/uploads\/2022\/10\/Profil-du-Tour-de-Lombardie-2022.jpg 1280w\" sizes=\"auto, (max-width: 740px) 100vw, 740px\" \/><\/a><p id=\"caption-attachment-267575\" class=\"wp-caption-text\">Profil du Tour de Lombardie 2022 &#8211; Via RCS<\/p><\/div>\n<h2 style=\"text-align: justify;\">\u00c0 lire aussi<\/h2>\n<ul>\n<li><a href=\"https:\/\/dicodusport.fr\/blog\/tour-de-lombardie-2022-les-engages\/\" target=\"_blank\" rel=\"noopener\"><strong>Tour de Lombardie 2022 : Les engag\u00e9s<\/strong><\/a><\/li>\n<li style=\"text-align: justify;\"><a href=\"https:\/\/dicodusport.fr\/blog\/tour-de-lombardie-2022-a-quelle-heure-et-sur-quelle-chaine\/\"><strong>\u00c0 quelle heure et sur quelle cha\u00eene regarder le Tour de Lombardie<\/strong><\/a><\/li>\n<li style=\"text-align: justify;\"><a href=\"https:\/\/dicodusport.fr\/blog\/tour-de-lombardie-2022-favoris-et-outsiders\/\"><strong>Favoris et outsiders du Tour de Lombardie<\/strong><\/a><\/li>\n<\/ul>\n","protected":false},"excerpt":{"rendered":"<p>CYCLISME SUR ROUTE 2022 &#8211; La 116\u00e8me \u00e9dition du Tour de Lombardie aura lieu le 8 octobre 2022 et sera le dernier Monument de la saison de cyclisme sur route. Le trac\u00e9 sera long de 253 kilom\u00e8tres, avec un programme tr\u00e8s de Bergame \u00e0 C\u00f4me avec neuf difficult\u00e9s et un d\u00e9nivel\u00e9 positif de 4 900 m\u00e8tres.\u00a0 \u00a0<\/p>\n","protected":false},"author":48,"featured_media":267578,"comment_status":"open","ping_status":"closed","sticky":false,"template":"","format":"standard","meta":{"_acf_changed":false,"_daextam_enable_autolinks":"","footnotes":""},"categories":[46994],"tags":[574,4168],"class_list":["post-267213","post","type-post","status-publish","format-standard","has-post-thumbnail","hentry","category-cyclisme-sur-route","tag-cyclisme","tag-tour-de-lombardie"],"acf":[],"yoast_head":"<!-- This site is optimized with the Yoast SEO Premium plugin v26.7 (Yoast SEO v26.7) - https:\/\/yoast.com\/wordpress\/plugins\/seo\/ -->\n<title>Tour de Lombardie 2022 - Parcours et profil<\/title>\n<meta name=\"description\" content=\"CYCLISME SUR ROUTE 2022 - Le Tour de Lombardie 2022 aura lieu le 8 octobre 2022 et sera long de 253 kilom\u00e8tres. Parcours et profil.\" \/>\n<meta name=\"robots\" content=\"index, follow, max-snippet:-1, max-image-preview:large, max-video-preview:-1\" \/>\n<link rel=\"canonical\" href=\"https:\/\/dicodusport.fr\/blog\/tour-de-lombardie-2022-parcours-et-profil\/\" \/>\n<meta property=\"og:locale\" content=\"fr_FR\" \/>\n<meta property=\"og:type\" content=\"article\" \/>\n<meta property=\"og:title\" content=\"Tour de Lombardie 2022 - Parcours et profil\" \/>\n<meta property=\"og:description\" content=\"CYCLISME SUR ROUTE 2022 - Le Tour de Lombardie 2022 aura lieu le 8 octobre 2022 et sera long de 253 kilom\u00e8tres. Parcours et profil.\" \/>\n<meta property=\"og:url\" content=\"https:\/\/dicodusport.fr\/blog\/tour-de-lombardie-2022-parcours-et-profil\/\" \/>\n<meta property=\"og:site_name\" content=\"Dicodusport\" \/>\n<meta property=\"article:publisher\" content=\"https:\/\/www.facebook.com\/dicodusport\" \/>\n<meta property=\"article:author\" content=\"https:\/\/www.facebook.com\/groups\/LesRoisDuPeloton\" \/>\n<meta property=\"article:published_time\" content=\"2022-10-06T08:07:47+00:00\" \/>\n<meta property=\"article:modified_time\" content=\"2022-10-07T20:17:35+00:00\" \/>\n<meta property=\"og:image\" content=\"https:\/\/dicodusport.fr\/blog\/wp-content\/uploads\/2022\/10\/Tour-de-Lombardie-2022-Parcours-et-profil.png\" \/>\n\t<meta property=\"og:image:width\" content=\"800\" \/>\n\t<meta property=\"og:image:height\" content=\"445\" \/>\n\t<meta property=\"og:image:type\" content=\"image\/png\" \/>\n<meta name=\"author\" content=\"Emilien Descampiaux\" \/>\n<meta name=\"twitter:card\" content=\"summary_large_image\" \/>\n<meta name=\"twitter:title\" content=\"Tour de Lombardie 2022 - Parcours et profil\" \/>\n<meta name=\"twitter:creator\" content=\"@https:\/\/twitter.com\/LRoisDuPeloton\" \/>\n<meta name=\"twitter:site\" content=\"@dicodusport\" \/>\n<script type=\"application\/ld+json\" class=\"yoast-schema-graph\">{\"@context\":\"https:\/\/schema.org\",\"@graph\":[{\"@type\":\"NewsArticle\",\"@id\":\"https:\/\/dicodusport.fr\/blog\/tour-de-lombardie-2022-parcours-et-profil\/#article\",\"isPartOf\":{\"@id\":\"https:\/\/dicodusport.fr\/blog\/tour-de-lombardie-2022-parcours-et-profil\/\"},\"author\":{\"name\":\"Emilien Descampiaux\",\"@id\":\"https:\/\/dicodusport.fr\/blog\/#\/schema\/person\/6db4bae06b171592211be385b32876a7\"},\"headline\":\"Tour de Lombardie 2022 &#8211; Parcours et profil\",\"datePublished\":\"2022-10-06T08:07:47+00:00\",\"dateModified\":\"2022-10-07T20:17:35+00:00\",\"mainEntityOfPage\":{\"@id\":\"https:\/\/dicodusport.fr\/blog\/tour-de-lombardie-2022-parcours-et-profil\/\"},\"wordCount\":797,\"commentCount\":0,\"publisher\":{\"@id\":\"https:\/\/dicodusport.fr\/blog\/#organization\"},\"image\":{\"@id\":\"https:\/\/dicodusport.fr\/blog\/tour-de-lombardie-2022-parcours-et-profil\/#primaryimage\"},\"thumbnailUrl\":\"https:\/\/dicodusport.fr\/blog\/wp-content\/uploads\/2022\/10\/Tour-de-Lombardie-2022-Parcours-et-profil.png\",\"keywords\":[\"Cyclisme\",\"Tour de Lombardie\"],\"articleSection\":[\"Cyclisme sur route\"],\"inLanguage\":\"fr-FR\",\"potentialAction\":[{\"@type\":\"CommentAction\",\"name\":\"Comment\",\"target\":[\"https:\/\/dicodusport.fr\/blog\/tour-de-lombardie-2022-parcours-et-profil\/#respond\"]}],\"copyrightYear\":\"2022\",\"copyrightHolder\":{\"@id\":\"https:\/\/dicodusport.fr\/blog\/#organization\"}},{\"@type\":\"WebPage\",\"@id\":\"https:\/\/dicodusport.fr\/blog\/tour-de-lombardie-2022-parcours-et-profil\/\",\"url\":\"https:\/\/dicodusport.fr\/blog\/tour-de-lombardie-2022-parcours-et-profil\/\",\"name\":\"Tour de Lombardie 2022 - Parcours et profil\",\"isPartOf\":{\"@id\":\"https:\/\/dicodusport.fr\/blog\/#website\"},\"primaryImageOfPage\":{\"@id\":\"https:\/\/dicodusport.fr\/blog\/tour-de-lombardie-2022-parcours-et-profil\/#primaryimage\"},\"image\":{\"@id\":\"https:\/\/dicodusport.fr\/blog\/tour-de-lombardie-2022-parcours-et-profil\/#primaryimage\"},\"thumbnailUrl\":\"https:\/\/dicodusport.fr\/blog\/wp-content\/uploads\/2022\/10\/Tour-de-Lombardie-2022-Parcours-et-profil.png\",\"datePublished\":\"2022-10-06T08:07:47+00:00\",\"dateModified\":\"2022-10-07T20:17:35+00:00\",\"description\":\"CYCLISME SUR ROUTE 2022 - Le Tour de Lombardie 2022 aura lieu le 8 octobre 2022 et sera long de 253 kilom\u00e8tres. Parcours et profil.\",\"breadcrumb\":{\"@id\":\"https:\/\/dicodusport.fr\/blog\/tour-de-lombardie-2022-parcours-et-profil\/#breadcrumb\"},\"inLanguage\":\"fr-FR\",\"potentialAction\":[{\"@type\":\"ReadAction\",\"target\":[\"https:\/\/dicodusport.fr\/blog\/tour-de-lombardie-2022-parcours-et-profil\/\"]}]},{\"@type\":\"ImageObject\",\"inLanguage\":\"fr-FR\",\"@id\":\"https:\/\/dicodusport.fr\/blog\/tour-de-lombardie-2022-parcours-et-profil\/#primaryimage\",\"url\":\"https:\/\/dicodusport.fr\/blog\/wp-content\/uploads\/2022\/10\/Tour-de-Lombardie-2022-Parcours-et-profil.png\",\"contentUrl\":\"https:\/\/dicodusport.fr\/blog\/wp-content\/uploads\/2022\/10\/Tour-de-Lombardie-2022-Parcours-et-profil.png\",\"width\":800,\"height\":445,\"caption\":\"Tour de Lombardie 2022 - Parcours et profil\"},{\"@type\":\"BreadcrumbList\",\"@id\":\"https:\/\/dicodusport.fr\/blog\/tour-de-lombardie-2022-parcours-et-profil\/#breadcrumb\",\"itemListElement\":[{\"@type\":\"ListItem\",\"position\":1,\"name\":\"Accueil\",\"item\":\"https:\/\/dicodusport.fr\/blog\/\"},{\"@type\":\"ListItem\",\"position\":2,\"name\":\"Tour de Lombardie 2022 &#8211; Parcours et profil\"}]},{\"@type\":\"WebSite\",\"@id\":\"https:\/\/dicodusport.fr\/blog\/#website\",\"url\":\"https:\/\/dicodusport.fr\/blog\/\",\"name\":\"Dicodusport\",\"description\":\"L&#039;encyclop\u00e9die de l&#039;actualit\u00e9 sportive\",\"publisher\":{\"@id\":\"https:\/\/dicodusport.fr\/blog\/#organization\"},\"potentialAction\":[{\"@type\":\"SearchAction\",\"target\":{\"@type\":\"EntryPoint\",\"urlTemplate\":\"https:\/\/dicodusport.fr\/blog\/?s={search_term_string}\"},\"query-input\":{\"@type\":\"PropertyValueSpecification\",\"valueRequired\":true,\"valueName\":\"search_term_string\"}}],\"inLanguage\":\"fr-FR\"},{\"@type\":\"NewsMediaOrganization\",\"@id\":\"https:\/\/dicodusport.fr\/blog\/#organization\",\"name\":\"Dicodusport\",\"url\":\"https:\/\/dicodusport.fr\/blog\/\",\"logo\":{\"@type\":\"ImageObject\",\"inLanguage\":\"fr-FR\",\"@id\":\"https:\/\/dicodusport.fr\/blog\/#\/schema\/logo\/image\/\",\"url\":\"https:\/\/dicodusport.fr\/blog\/wp-content\/uploads\/2020\/06\/cropped-LOGO-DICODUSPORT-2020-SANS-FOND-SANS-TEXTE.png\",\"contentUrl\":\"https:\/\/dicodusport.fr\/blog\/wp-content\/uploads\/2020\/06\/cropped-LOGO-DICODUSPORT-2020-SANS-FOND-SANS-TEXTE.png\",\"width\":512,\"height\":512,\"caption\":\"Dicodusport\"},\"image\":{\"@id\":\"https:\/\/dicodusport.fr\/blog\/#\/schema\/logo\/image\/\"},\"sameAs\":[\"https:\/\/www.facebook.com\/dicodusport\",\"https:\/\/x.com\/dicodusport\",\"https:\/\/www.instagram.com\/dicodusport\/\",\"https:\/\/www.youtube.com\/channel\/UC7V2KZ5sd3htJivAbA4ZG3w\"],\"description\":\"Dicodusport est l'encyclop\u00e9die de l'actualit\u00e9 sportive.\",\"email\":\"bonjour@dicodusport.fr\",\"legalName\":\"DICODUSPORT\",\"foundingDate\":\"2018-01-14\",\"vatID\":\"FR71834470973\",\"taxID\":\"83447097300043\",\"numberOfEmployees\":{\"@type\":\"QuantitativeValue\",\"minValue\":\"1\",\"maxValue\":\"10\"}},{\"@type\":\"Person\",\"@id\":\"https:\/\/dicodusport.fr\/blog\/#\/schema\/person\/6db4bae06b171592211be385b32876a7\",\"name\":\"Emilien Descampiaux\",\"image\":{\"@type\":\"ImageObject\",\"inLanguage\":\"fr-FR\",\"@id\":\"https:\/\/dicodusport.fr\/blog\/#\/schema\/person\/image\/\",\"url\":\"https:\/\/dicodusport.fr\/blog\/wp-content\/uploads\/2021\/05\/Emilien-Descampiaux-150x150.jpg\",\"contentUrl\":\"https:\/\/dicodusport.fr\/blog\/wp-content\/uploads\/2021\/05\/Emilien-Descampiaux-150x150.jpg\",\"caption\":\"Emilien Descampiaux\"},\"description\":\"Journaliste\/r\u00e9dacteur depuis 2014 - Fan de la classe de Frank Vandenbroucke, je vis cyclisme (et de ses paysages) depuis plus de 20 ans. Je suis tr\u00e8s impliqu\u00e9 sur mes diff\u00e9rents r\u00e9seaux sociaux pour partager ma passion sur le monde et l'Histoire de la bicyclette avec ma voix sur les images en noir et blanc du succ\u00e8s de Rik Van Steenbergen lors du Ronde sur le V\u00e9lodrome de Gand.\",\"sameAs\":[\"https:\/\/www.facebook.com\/groups\/LesRoisDuPeloton\",\"https:\/\/x.com\/https:\/\/twitter.com\/LRoisDuPeloton\"],\"url\":\"https:\/\/dicodusport.fr\/blog\/author\/emiliend\/\"}]}<\/script>\n<!-- \/ Yoast SEO Premium plugin. -->","yoast_head_json":{"title":"Tour de Lombardie 2022 - Parcours et profil","description":"CYCLISME SUR ROUTE 2022 - Le Tour de Lombardie 2022 aura lieu le 8 octobre 2022 et sera long de 253 kilom\u00e8tres. Parcours et profil.","robots":{"index":"index","follow":"follow","max-snippet":"max-snippet:-1","max-image-preview":"max-image-preview:large","max-video-preview":"max-video-preview:-1"},"canonical":"https:\/\/dicodusport.fr\/blog\/tour-de-lombardie-2022-parcours-et-profil\/","og_locale":"fr_FR","og_type":"article","og_title":"Tour de Lombardie 2022 - Parcours et profil","og_description":"CYCLISME SUR ROUTE 2022 - Le Tour de Lombardie 2022 aura lieu le 8 octobre 2022 et sera long de 253 kilom\u00e8tres. Parcours et profil.","og_url":"https:\/\/dicodusport.fr\/blog\/tour-de-lombardie-2022-parcours-et-profil\/","og_site_name":"Dicodusport","article_publisher":"https:\/\/www.facebook.com\/dicodusport","article_author":"https:\/\/www.facebook.com\/groups\/LesRoisDuPeloton","article_published_time":"2022-10-06T08:07:47+00:00","article_modified_time":"2022-10-07T20:17:35+00:00","og_image":[{"width":800,"height":445,"url":"https:\/\/dicodusport.fr\/blog\/wp-content\/uploads\/2022\/10\/Tour-de-Lombardie-2022-Parcours-et-profil.png","type":"image\/png"}],"author":"Emilien Descampiaux","twitter_card":"summary_large_image","twitter_title":"Tour de Lombardie 2022 - Parcours et profil","twitter_creator":"@https:\/\/twitter.com\/LRoisDuPeloton","twitter_site":"@dicodusport","schema":{"@context":"https:\/\/schema.org","@graph":[{"@type":"NewsArticle","@id":"https:\/\/dicodusport.fr\/blog\/tour-de-lombardie-2022-parcours-et-profil\/#article","isPartOf":{"@id":"https:\/\/dicodusport.fr\/blog\/tour-de-lombardie-2022-parcours-et-profil\/"},"author":{"name":"Emilien Descampiaux","@id":"https:\/\/dicodusport.fr\/blog\/#\/schema\/person\/6db4bae06b171592211be385b32876a7"},"headline":"Tour de Lombardie 2022 &#8211; Parcours et profil","datePublished":"2022-10-06T08:07:47+00:00","dateModified":"2022-10-07T20:17:35+00:00","mainEntityOfPage":{"@id":"https:\/\/dicodusport.fr\/blog\/tour-de-lombardie-2022-parcours-et-profil\/"},"wordCount":797,"commentCount":0,"publisher":{"@id":"https:\/\/dicodusport.fr\/blog\/#organization"},"image":{"@id":"https:\/\/dicodusport.fr\/blog\/tour-de-lombardie-2022-parcours-et-profil\/#primaryimage"},"thumbnailUrl":"https:\/\/dicodusport.fr\/blog\/wp-content\/uploads\/2022\/10\/Tour-de-Lombardie-2022-Parcours-et-profil.png","keywords":["Cyclisme","Tour de Lombardie"],"articleSection":["Cyclisme sur route"],"inLanguage":"fr-FR","potentialAction":[{"@type":"CommentAction","name":"Comment","target":["https:\/\/dicodusport.fr\/blog\/tour-de-lombardie-2022-parcours-et-profil\/#respond"]}],"copyrightYear":"2022","copyrightHolder":{"@id":"https:\/\/dicodusport.fr\/blog\/#organization"}},{"@type":"WebPage","@id":"https:\/\/dicodusport.fr\/blog\/tour-de-lombardie-2022-parcours-et-profil\/","url":"https:\/\/dicodusport.fr\/blog\/tour-de-lombardie-2022-parcours-et-profil\/","name":"Tour de Lombardie 2022 - Parcours et profil","isPartOf":{"@id":"https:\/\/dicodusport.fr\/blog\/#website"},"primaryImageOfPage":{"@id":"https:\/\/dicodusport.fr\/blog\/tour-de-lombardie-2022-parcours-et-profil\/#primaryimage"},"image":{"@id":"https:\/\/dicodusport.fr\/blog\/tour-de-lombardie-2022-parcours-et-profil\/#primaryimage"},"thumbnailUrl":"https:\/\/dicodusport.fr\/blog\/wp-content\/uploads\/2022\/10\/Tour-de-Lombardie-2022-Parcours-et-profil.png","datePublished":"2022-10-06T08:07:47+00:00","dateModified":"2022-10-07T20:17:35+00:00","description":"CYCLISME SUR ROUTE 2022 - Le Tour de Lombardie 2022 aura lieu le 8 octobre 2022 et sera long de 253 kilom\u00e8tres. Parcours et profil.","breadcrumb":{"@id":"https:\/\/dicodusport.fr\/blog\/tour-de-lombardie-2022-parcours-et-profil\/#breadcrumb"},"inLanguage":"fr-FR","potentialAction":[{"@type":"ReadAction","target":["https:\/\/dicodusport.fr\/blog\/tour-de-lombardie-2022-parcours-et-profil\/"]}]},{"@type":"ImageObject","inLanguage":"fr-FR","@id":"https:\/\/dicodusport.fr\/blog\/tour-de-lombardie-2022-parcours-et-profil\/#primaryimage","url":"https:\/\/dicodusport.fr\/blog\/wp-content\/uploads\/2022\/10\/Tour-de-Lombardie-2022-Parcours-et-profil.png","contentUrl":"https:\/\/dicodusport.fr\/blog\/wp-content\/uploads\/2022\/10\/Tour-de-Lombardie-2022-Parcours-et-profil.png","width":800,"height":445,"caption":"Tour de Lombardie 2022 - Parcours et profil"},{"@type":"BreadcrumbList","@id":"https:\/\/dicodusport.fr\/blog\/tour-de-lombardie-2022-parcours-et-profil\/#breadcrumb","itemListElement":[{"@type":"ListItem","position":1,"name":"Accueil","item":"https:\/\/dicodusport.fr\/blog\/"},{"@type":"ListItem","position":2,"name":"Tour de Lombardie 2022 &#8211; Parcours et profil"}]},{"@type":"WebSite","@id":"https:\/\/dicodusport.fr\/blog\/#website","url":"https:\/\/dicodusport.fr\/blog\/","name":"Dicodusport","description":"L&#039;encyclop\u00e9die de l&#039;actualit\u00e9 sportive","publisher":{"@id":"https:\/\/dicodusport.fr\/blog\/#organization"},"potentialAction":[{"@type":"SearchAction","target":{"@type":"EntryPoint","urlTemplate":"https:\/\/dicodusport.fr\/blog\/?s={search_term_string}"},"query-input":{"@type":"PropertyValueSpecification","valueRequired":true,"valueName":"search_term_string"}}],"inLanguage":"fr-FR"},{"@type":"NewsMediaOrganization","@id":"https:\/\/dicodusport.fr\/blog\/#organization","name":"Dicodusport","url":"https:\/\/dicodusport.fr\/blog\/","logo":{"@type":"ImageObject","inLanguage":"fr-FR","@id":"https:\/\/dicodusport.fr\/blog\/#\/schema\/logo\/image\/","url":"https:\/\/dicodusport.fr\/blog\/wp-content\/uploads\/2020\/06\/cropped-LOGO-DICODUSPORT-2020-SANS-FOND-SANS-TEXTE.png","contentUrl":"https:\/\/dicodusport.fr\/blog\/wp-content\/uploads\/2020\/06\/cropped-LOGO-DICODUSPORT-2020-SANS-FOND-SANS-TEXTE.png","width":512,"height":512,"caption":"Dicodusport"},"image":{"@id":"https:\/\/dicodusport.fr\/blog\/#\/schema\/logo\/image\/"},"sameAs":["https:\/\/www.facebook.com\/dicodusport","https:\/\/x.com\/dicodusport","https:\/\/www.instagram.com\/dicodusport\/","https:\/\/www.youtube.com\/channel\/UC7V2KZ5sd3htJivAbA4ZG3w"],"description":"Dicodusport est l'encyclop\u00e9die de l'actualit\u00e9 sportive.","email":"bonjour@dicodusport.fr","legalName":"DICODUSPORT","foundingDate":"2018-01-14","vatID":"FR71834470973","taxID":"83447097300043","numberOfEmployees":{"@type":"QuantitativeValue","minValue":"1","maxValue":"10"}},{"@type":"Person","@id":"https:\/\/dicodusport.fr\/blog\/#\/schema\/person\/6db4bae06b171592211be385b32876a7","name":"Emilien Descampiaux","image":{"@type":"ImageObject","inLanguage":"fr-FR","@id":"https:\/\/dicodusport.fr\/blog\/#\/schema\/person\/image\/","url":"https:\/\/dicodusport.fr\/blog\/wp-content\/uploads\/2021\/05\/Emilien-Descampiaux-150x150.jpg","contentUrl":"https:\/\/dicodusport.fr\/blog\/wp-content\/uploads\/2021\/05\/Emilien-Descampiaux-150x150.jpg","caption":"Emilien Descampiaux"},"description":"Journaliste\/r\u00e9dacteur depuis 2014 - Fan de la classe de Frank Vandenbroucke, je vis cyclisme (et de ses paysages) depuis plus de 20 ans. Je suis tr\u00e8s impliqu\u00e9 sur mes diff\u00e9rents r\u00e9seaux sociaux pour partager ma passion sur le monde et l'Histoire de la bicyclette avec ma voix sur les images en noir et blanc du succ\u00e8s de Rik Van Steenbergen lors du Ronde sur le V\u00e9lodrome de Gand.","sameAs":["https:\/\/www.facebook.com\/groups\/LesRoisDuPeloton","https:\/\/x.com\/https:\/\/twitter.com\/LRoisDuPeloton"],"url":"https:\/\/dicodusport.fr\/blog\/author\/emiliend\/"}]}},"_links":{"self":[{"href":"https:\/\/dicodusport.fr\/blog\/wp-json\/wp\/v2\/posts\/267213","targetHints":{"allow":["GET"]}}],"collection":[{"href":"https:\/\/dicodusport.fr\/blog\/wp-json\/wp\/v2\/posts"}],"about":[{"href":"https:\/\/dicodusport.fr\/blog\/wp-json\/wp\/v2\/types\/post"}],"author":[{"embeddable":true,"href":"https:\/\/dicodusport.fr\/blog\/wp-json\/wp\/v2\/users\/48"}],"replies":[{"embeddable":true,"href":"https:\/\/dicodusport.fr\/blog\/wp-json\/wp\/v2\/comments?post=267213"}],"version-history":[{"count":0,"href":"https:\/\/dicodusport.fr\/blog\/wp-json\/wp\/v2\/posts\/267213\/revisions"}],"wp:featuredmedia":[{"embeddable":true,"href":"https:\/\/dicodusport.fr\/blog\/wp-json\/wp\/v2\/media\/267578"}],"wp:attachment":[{"href":"https:\/\/dicodusport.fr\/blog\/wp-json\/wp\/v2\/media?parent=267213"}],"wp:term":[{"taxonomy":"category","embeddable":true,"href":"https:\/\/dicodusport.fr\/blog\/wp-json\/wp\/v2\/categories?post=267213"},{"taxonomy":"post_tag","embeddable":true,"href":"https:\/\/dicodusport.fr\/blog\/wp-json\/wp\/v2\/tags?post=267213"}],"curies":[{"name":"wp","href":"https:\/\/api.w.org\/{rel}","templated":true}]}}