{"id":267361,"date":"2022-10-05T11:44:13","date_gmt":"2022-10-05T09:44:13","guid":{"rendered":"https:\/\/dicodusport.fr\/blog\/?p=267361&#038;preview=true&#038;preview_id=267361"},"modified":"2022-10-05T12:44:12","modified_gmt":"2022-10-05T10:44:12","slug":"david-gaudu-et-thibaut-pinot-absents-du-tour-de-lombardie-2022","status":"publish","type":"post","link":"https:\/\/dicodusport.fr\/blog\/david-gaudu-et-thibaut-pinot-absents-du-tour-de-lombardie-2022\/","title":{"rendered":"David Gaudu et Thibaut Pinot absents du Tour de Lombardie 2022"},"content":{"rendered":"<p style=\"text-align: justify;\"><i><b><a href=\"https:\/\/dicodusport.fr\/blog\/actualites\/cyclisme\/cyclisme-sur-route-2022\/\">CYCLISME SUR ROUTE 2022<\/a> &#8211; Apr\u00e8s l&rsquo;annonce de la fin de saison de Thibaut Pinot mardi, la Groupama-FDJ a officialis\u00e9\u00a0le forfait de David Gaudu pour le Tour de Lombardie 2022.\u00a0<\/b><\/i><\/p>\n<p style=\"text-align: justify;\">La Groupama-FDJ va se pr\u00e9senter sur le <strong>Tour<\/strong> <strong>de<\/strong> <strong>Lombardie<\/strong> sans ses deux meilleures cartes. <strong>Thibaut Pinot<\/strong>, vainqueur en 2018, et <strong>David Gaudu<\/strong>, quatri\u00e8me du dernier <strong>Tour<\/strong> <strong>de<\/strong> <strong>France<\/strong>, ne seront pas au d\u00e9part. Si le premier a mis fin \u00e0 sa saison apr\u00e8s la Vuelta, le second devait initialement \u00eatre au d\u00e9part, et il \u00e9tait d&rsquo;ailleurs en Italie pour les courses qui pr\u00e9c\u00e8dent le Tour de Lombardie, avec un abandon sur la <a href=\"https:\/\/dicodusport.fr\/blog\/classement-coppa-bernocchi-2022\/\">Coppa Bernocchi<\/a> lundi. Mais \u00e0 court de forme, <strong>David<\/strong> <strong>Gaudu<\/strong> a pr\u00e9f\u00e9r\u00e9 renoncer, comme il l&rsquo;a expliqu\u00e9 sur le site de son \u00e9quipe.<\/p>\n<blockquote>\n<p style=\"text-align: justify;\">Malheureusement, je ne suis pas \u00e0 100% pour d\u00e9fendre mes chances samedi sur le Tour de Lombardie. Apr\u00e8s discussion avec mon \u00e9quipe, nous avons d\u00e9cid\u00e9 de mettre un terme \u00e0 ma saison 2022 : saison charni\u00e8re avec des hauts, des bas mais surtout la quatri\u00e8me place sur le Tour de France.<\/p>\n<\/blockquote>\n<p style=\"text-align: justify;\"><strong>Rudy<\/strong> <strong>Molard<\/strong>, <strong>Valentin<\/strong> <strong>Madouas<\/strong>, et peut-\u00eatre <strong>Romain<\/strong> <strong>Gr\u00e9goire<\/strong> qui pourrait remplacer <strong>David<\/strong> <strong>Gaudu<\/strong>, seront les leaders de la <strong>Groupama-FDJ<\/strong> sur le <strong>Tour<\/strong> <strong>de<\/strong> <strong>Lombardie<\/strong>.<\/p>\n<blockquote class=\"twitter-tweet\">\n<p dir=\"ltr\" lang=\"fr\">David Gaudu ne prendra pas le d\u00e9part du Tour de Lombardie &#x2935;&#xfe0f; <a href=\"https:\/\/t.co\/NlytPLw9gY\">pic.twitter.com\/NlytPLw9gY<\/a><\/p>\n<p>\u2014 \u00c9quipe Cycliste Groupama-FDJ (@GroupamaFDJ) <a href=\"https:\/\/twitter.com\/GroupamaFDJ\/status\/1577592037129551874?ref_src=twsrc%5Etfw\">October 5, 2022<\/a><\/p><\/blockquote>\n<p style=\"text-align: justify;\"><script async src=\"https:\/\/platform.twitter.com\/widgets.js\" charset=\"utf-8\"><\/script><\/p>\n","protected":false},"excerpt":{"rendered":"<p>CYCLISME SUR ROUTE 2022 &#8211; Apr\u00e8s l&rsquo;annonce de la fin de saison de Thibaut Pinot mardi, la Groupama-FDJ a officialis\u00e9\u00a0le forfait de David Gaudu pour le Tour de Lombardie 2022.\u00a0<\/p>\n","protected":false},"author":1,"featured_media":267366,"comment_status":"open","ping_status":"closed","sticky":false,"template":"","format":"standard","meta":{"_acf_changed":false,"_daextam_enable_autolinks":"","footnotes":""},"categories":[46994],"tags":[3113,3279,4839,4168],"class_list":["post-267361","post","type-post","status-publish","format-standard","has-post-thumbnail","hentry","category-cyclisme-sur-route","tag-david-gaudu","tag-groupama-fdj","tag-thibaut-pinot","tag-tour-de-lombardie"],"acf":[],"yoast_head":"<!-- This site is optimized with the Yoast SEO Premium plugin v26.7 (Yoast SEO v26.7) - https:\/\/yoast.com\/wordpress\/plugins\/seo\/ -->\n<title>David Gaudu et Thibaut Pinot absents du Tour de Lombardie 2022<\/title>\n<meta name=\"description\" content=\"Apr\u00e8s l&#039;annonce de la fin de saison de Thibaut Pinot, la Groupama-FDJ a officialis\u00e9\u00a0le forfait de David Gaudu pour le Tour de Lombardie 2022.\u00a0\" \/>\n<meta name=\"robots\" content=\"index, follow, max-snippet:-1, max-image-preview:large, max-video-preview:-1\" \/>\n<link rel=\"canonical\" href=\"https:\/\/dicodusport.fr\/blog\/david-gaudu-et-thibaut-pinot-absents-du-tour-de-lombardie-2022\/\" \/>\n<meta property=\"og:locale\" content=\"fr_FR\" \/>\n<meta property=\"og:type\" content=\"article\" \/>\n<meta property=\"og:title\" content=\"David Gaudu et Thibaut Pinot absents du Tour de Lombardie 2022\" \/>\n<meta property=\"og:description\" content=\"Apr\u00e8s l&#039;annonce de la fin de saison de Thibaut Pinot, la Groupama-FDJ a officialis\u00e9\u00a0le forfait de David Gaudu pour le Tour de Lombardie 2022.\u00a0\" \/>\n<meta property=\"og:url\" content=\"https:\/\/dicodusport.fr\/blog\/david-gaudu-et-thibaut-pinot-absents-du-tour-de-lombardie-2022\/\" \/>\n<meta property=\"og:site_name\" content=\"Dicodusport\" \/>\n<meta property=\"article:publisher\" content=\"https:\/\/www.facebook.com\/dicodusport\" \/>\n<meta property=\"article:author\" content=\"https:\/\/www.facebook.com\/dicodusport\" \/>\n<meta property=\"article:published_time\" content=\"2022-10-05T09:44:13+00:00\" \/>\n<meta property=\"article:modified_time\" content=\"2022-10-05T10:44:12+00:00\" \/>\n<meta property=\"og:image\" content=\"https:\/\/dicodusport.fr\/blog\/wp-content\/uploads\/2022\/10\/David-Gaudu-et-Thibaut-Pinot-absents-du-Tour-de-Lombardie-2022.png\" \/>\n\t<meta property=\"og:image:width\" content=\"800\" \/>\n\t<meta property=\"og:image:height\" content=\"445\" \/>\n\t<meta property=\"og:image:type\" content=\"image\/png\" \/>\n<meta name=\"author\" content=\"Nicolas Jacquemard\" \/>\n<meta name=\"twitter:card\" content=\"summary_large_image\" \/>\n<meta name=\"twitter:title\" content=\"David Gaudu et Thibaut Pinot absents du Tour de Lombardie 2022\" \/>\n<meta name=\"twitter:creator\" content=\"@https:\/\/twitter.com\/Nico_Jacquemard\" \/>\n<meta name=\"twitter:site\" content=\"@dicodusport\" \/>\n<script type=\"application\/ld+json\" class=\"yoast-schema-graph\">{\"@context\":\"https:\/\/schema.org\",\"@graph\":[{\"@type\":\"NewsArticle\",\"@id\":\"https:\/\/dicodusport.fr\/blog\/david-gaudu-et-thibaut-pinot-absents-du-tour-de-lombardie-2022\/#article\",\"isPartOf\":{\"@id\":\"https:\/\/dicodusport.fr\/blog\/david-gaudu-et-thibaut-pinot-absents-du-tour-de-lombardie-2022\/\"},\"author\":{\"name\":\"Nicolas Jacquemard\",\"@id\":\"https:\/\/dicodusport.fr\/blog\/#\/schema\/person\/55dcb50ad410894e431ed812bbb70191\"},\"headline\":\"David Gaudu et Thibaut Pinot absents du Tour de Lombardie 2022\",\"datePublished\":\"2022-10-05T09:44:13+00:00\",\"dateModified\":\"2022-10-05T10:44:12+00:00\",\"mainEntityOfPage\":{\"@id\":\"https:\/\/dicodusport.fr\/blog\/david-gaudu-et-thibaut-pinot-absents-du-tour-de-lombardie-2022\/\"},\"wordCount\":247,\"commentCount\":0,\"publisher\":{\"@id\":\"https:\/\/dicodusport.fr\/blog\/#organization\"},\"image\":{\"@id\":\"https:\/\/dicodusport.fr\/blog\/david-gaudu-et-thibaut-pinot-absents-du-tour-de-lombardie-2022\/#primaryimage\"},\"thumbnailUrl\":\"https:\/\/dicodusport.fr\/blog\/wp-content\/uploads\/2022\/10\/David-Gaudu-et-Thibaut-Pinot-absents-du-Tour-de-Lombardie-2022.png\",\"keywords\":[\"David Gaudu\",\"Groupama FDJ\",\"Thibaut Pinot\",\"Tour de Lombardie\"],\"articleSection\":[\"Cyclisme sur route\"],\"inLanguage\":\"fr-FR\",\"potentialAction\":[{\"@type\":\"CommentAction\",\"name\":\"Comment\",\"target\":[\"https:\/\/dicodusport.fr\/blog\/david-gaudu-et-thibaut-pinot-absents-du-tour-de-lombardie-2022\/#respond\"]}],\"copyrightYear\":\"2022\",\"copyrightHolder\":{\"@id\":\"https:\/\/dicodusport.fr\/blog\/#organization\"}},{\"@type\":\"WebPage\",\"@id\":\"https:\/\/dicodusport.fr\/blog\/david-gaudu-et-thibaut-pinot-absents-du-tour-de-lombardie-2022\/\",\"url\":\"https:\/\/dicodusport.fr\/blog\/david-gaudu-et-thibaut-pinot-absents-du-tour-de-lombardie-2022\/\",\"name\":\"David Gaudu et Thibaut Pinot absents du Tour de Lombardie 2022\",\"isPartOf\":{\"@id\":\"https:\/\/dicodusport.fr\/blog\/#website\"},\"primaryImageOfPage\":{\"@id\":\"https:\/\/dicodusport.fr\/blog\/david-gaudu-et-thibaut-pinot-absents-du-tour-de-lombardie-2022\/#primaryimage\"},\"image\":{\"@id\":\"https:\/\/dicodusport.fr\/blog\/david-gaudu-et-thibaut-pinot-absents-du-tour-de-lombardie-2022\/#primaryimage\"},\"thumbnailUrl\":\"https:\/\/dicodusport.fr\/blog\/wp-content\/uploads\/2022\/10\/David-Gaudu-et-Thibaut-Pinot-absents-du-Tour-de-Lombardie-2022.png\",\"datePublished\":\"2022-10-05T09:44:13+00:00\",\"dateModified\":\"2022-10-05T10:44:12+00:00\",\"description\":\"Apr\u00e8s l'annonce de la fin de saison de Thibaut Pinot, la Groupama-FDJ a officialis\u00e9\u00a0le forfait de David Gaudu pour le Tour de Lombardie 2022.\u00a0\",\"breadcrumb\":{\"@id\":\"https:\/\/dicodusport.fr\/blog\/david-gaudu-et-thibaut-pinot-absents-du-tour-de-lombardie-2022\/#breadcrumb\"},\"inLanguage\":\"fr-FR\",\"potentialAction\":[{\"@type\":\"ReadAction\",\"target\":[\"https:\/\/dicodusport.fr\/blog\/david-gaudu-et-thibaut-pinot-absents-du-tour-de-lombardie-2022\/\"]}]},{\"@type\":\"ImageObject\",\"inLanguage\":\"fr-FR\",\"@id\":\"https:\/\/dicodusport.fr\/blog\/david-gaudu-et-thibaut-pinot-absents-du-tour-de-lombardie-2022\/#primaryimage\",\"url\":\"https:\/\/dicodusport.fr\/blog\/wp-content\/uploads\/2022\/10\/David-Gaudu-et-Thibaut-Pinot-absents-du-Tour-de-Lombardie-2022.png\",\"contentUrl\":\"https:\/\/dicodusport.fr\/blog\/wp-content\/uploads\/2022\/10\/David-Gaudu-et-Thibaut-Pinot-absents-du-Tour-de-Lombardie-2022.png\",\"width\":800,\"height\":445},{\"@type\":\"BreadcrumbList\",\"@id\":\"https:\/\/dicodusport.fr\/blog\/david-gaudu-et-thibaut-pinot-absents-du-tour-de-lombardie-2022\/#breadcrumb\",\"itemListElement\":[{\"@type\":\"ListItem\",\"position\":1,\"name\":\"Accueil\",\"item\":\"https:\/\/dicodusport.fr\/blog\/\"},{\"@type\":\"ListItem\",\"position\":2,\"name\":\"David Gaudu et Thibaut Pinot absents du Tour de Lombardie 2022\"}]},{\"@type\":\"WebSite\",\"@id\":\"https:\/\/dicodusport.fr\/blog\/#website\",\"url\":\"https:\/\/dicodusport.fr\/blog\/\",\"name\":\"Dicodusport\",\"description\":\"L&#039;encyclop\u00e9die de l&#039;actualit\u00e9 sportive\",\"publisher\":{\"@id\":\"https:\/\/dicodusport.fr\/blog\/#organization\"},\"potentialAction\":[{\"@type\":\"SearchAction\",\"target\":{\"@type\":\"EntryPoint\",\"urlTemplate\":\"https:\/\/dicodusport.fr\/blog\/?s={search_term_string}\"},\"query-input\":{\"@type\":\"PropertyValueSpecification\",\"valueRequired\":true,\"valueName\":\"search_term_string\"}}],\"inLanguage\":\"fr-FR\"},{\"@type\":\"NewsMediaOrganization\",\"@id\":\"https:\/\/dicodusport.fr\/blog\/#organization\",\"name\":\"Dicodusport\",\"url\":\"https:\/\/dicodusport.fr\/blog\/\",\"logo\":{\"@type\":\"ImageObject\",\"inLanguage\":\"fr-FR\",\"@id\":\"https:\/\/dicodusport.fr\/blog\/#\/schema\/logo\/image\/\",\"url\":\"https:\/\/dicodusport.fr\/blog\/wp-content\/uploads\/2020\/06\/cropped-LOGO-DICODUSPORT-2020-SANS-FOND-SANS-TEXTE.png\",\"contentUrl\":\"https:\/\/dicodusport.fr\/blog\/wp-content\/uploads\/2020\/06\/cropped-LOGO-DICODUSPORT-2020-SANS-FOND-SANS-TEXTE.png\",\"width\":512,\"height\":512,\"caption\":\"Dicodusport\"},\"image\":{\"@id\":\"https:\/\/dicodusport.fr\/blog\/#\/schema\/logo\/image\/\"},\"sameAs\":[\"https:\/\/www.facebook.com\/dicodusport\",\"https:\/\/x.com\/dicodusport\",\"https:\/\/www.instagram.com\/dicodusport\/\",\"https:\/\/www.youtube.com\/channel\/UC7V2KZ5sd3htJivAbA4ZG3w\"],\"description\":\"Dicodusport est l'encyclop\u00e9die de l'actualit\u00e9 sportive.\",\"email\":\"bonjour@dicodusport.fr\",\"legalName\":\"DICODUSPORT\",\"foundingDate\":\"2018-01-14\",\"vatID\":\"FR71834470973\",\"taxID\":\"83447097300043\",\"numberOfEmployees\":{\"@type\":\"QuantitativeValue\",\"minValue\":\"1\",\"maxValue\":\"10\"}},{\"@type\":\"Person\",\"@id\":\"https:\/\/dicodusport.fr\/blog\/#\/schema\/person\/55dcb50ad410894e431ed812bbb70191\",\"name\":\"Nicolas Jacquemard\",\"image\":{\"@type\":\"ImageObject\",\"inLanguage\":\"fr-FR\",\"@id\":\"https:\/\/dicodusport.fr\/blog\/#\/schema\/person\/image\/\",\"url\":\"https:\/\/dicodusport.fr\/blog\/wp-content\/uploads\/2021\/05\/Nicolas-Jacquemard-150x150.jpeg\",\"contentUrl\":\"https:\/\/dicodusport.fr\/blog\/wp-content\/uploads\/2021\/05\/Nicolas-Jacquemard-150x150.jpeg\",\"caption\":\"Nicolas Jacquemard\"},\"description\":\"Passionn\u00e9 de sport et entrepreneur depuis mes 18 ans, la cr\u00e9ation de Dicodusport m'a sembl\u00e9 \u00e9vidente pour participer \u00e0 la m\u00e9diatisation d'un plus grand nombre de sports. Le chemin est long mais avec une \u00e9quipe des plus motiv\u00e9es et les Jeux Olympiques de Paris 2024 en point de mire, nous y arriverons ! Journaliste dans le monde du sport depuis plus de 5 ans, je traite aussi bien de football, de rugby, de biathlon que de cyclisme.\",\"sameAs\":[\"https:\/\/www.facebook.com\/dicodusport\",\"https:\/\/x.com\/https:\/\/twitter.com\/Nico_Jacquemard\"],\"url\":\"https:\/\/dicodusport.fr\/blog\/author\/dicodusport\/\"}]}<\/script>\n<!-- \/ Yoast SEO Premium plugin. -->","yoast_head_json":{"title":"David Gaudu et Thibaut Pinot absents du Tour de Lombardie 2022","description":"Apr\u00e8s l'annonce de la fin de saison de Thibaut Pinot, la Groupama-FDJ a officialis\u00e9\u00a0le forfait de David Gaudu pour le Tour de Lombardie 2022.\u00a0","robots":{"index":"index","follow":"follow","max-snippet":"max-snippet:-1","max-image-preview":"max-image-preview:large","max-video-preview":"max-video-preview:-1"},"canonical":"https:\/\/dicodusport.fr\/blog\/david-gaudu-et-thibaut-pinot-absents-du-tour-de-lombardie-2022\/","og_locale":"fr_FR","og_type":"article","og_title":"David Gaudu et Thibaut Pinot absents du Tour de Lombardie 2022","og_description":"Apr\u00e8s l'annonce de la fin de saison de Thibaut Pinot, la Groupama-FDJ a officialis\u00e9\u00a0le forfait de David Gaudu pour le Tour de Lombardie 2022.\u00a0","og_url":"https:\/\/dicodusport.fr\/blog\/david-gaudu-et-thibaut-pinot-absents-du-tour-de-lombardie-2022\/","og_site_name":"Dicodusport","article_publisher":"https:\/\/www.facebook.com\/dicodusport","article_author":"https:\/\/www.facebook.com\/dicodusport","article_published_time":"2022-10-05T09:44:13+00:00","article_modified_time":"2022-10-05T10:44:12+00:00","og_image":[{"width":800,"height":445,"url":"https:\/\/dicodusport.fr\/blog\/wp-content\/uploads\/2022\/10\/David-Gaudu-et-Thibaut-Pinot-absents-du-Tour-de-Lombardie-2022.png","type":"image\/png"}],"author":"Nicolas Jacquemard","twitter_card":"summary_large_image","twitter_title":"David Gaudu et Thibaut Pinot absents du Tour de Lombardie 2022","twitter_creator":"@https:\/\/twitter.com\/Nico_Jacquemard","twitter_site":"@dicodusport","schema":{"@context":"https:\/\/schema.org","@graph":[{"@type":"NewsArticle","@id":"https:\/\/dicodusport.fr\/blog\/david-gaudu-et-thibaut-pinot-absents-du-tour-de-lombardie-2022\/#article","isPartOf":{"@id":"https:\/\/dicodusport.fr\/blog\/david-gaudu-et-thibaut-pinot-absents-du-tour-de-lombardie-2022\/"},"author":{"name":"Nicolas Jacquemard","@id":"https:\/\/dicodusport.fr\/blog\/#\/schema\/person\/55dcb50ad410894e431ed812bbb70191"},"headline":"David Gaudu et Thibaut Pinot absents du Tour de Lombardie 2022","datePublished":"2022-10-05T09:44:13+00:00","dateModified":"2022-10-05T10:44:12+00:00","mainEntityOfPage":{"@id":"https:\/\/dicodusport.fr\/blog\/david-gaudu-et-thibaut-pinot-absents-du-tour-de-lombardie-2022\/"},"wordCount":247,"commentCount":0,"publisher":{"@id":"https:\/\/dicodusport.fr\/blog\/#organization"},"image":{"@id":"https:\/\/dicodusport.fr\/blog\/david-gaudu-et-thibaut-pinot-absents-du-tour-de-lombardie-2022\/#primaryimage"},"thumbnailUrl":"https:\/\/dicodusport.fr\/blog\/wp-content\/uploads\/2022\/10\/David-Gaudu-et-Thibaut-Pinot-absents-du-Tour-de-Lombardie-2022.png","keywords":["David Gaudu","Groupama FDJ","Thibaut Pinot","Tour de Lombardie"],"articleSection":["Cyclisme sur route"],"inLanguage":"fr-FR","potentialAction":[{"@type":"CommentAction","name":"Comment","target":["https:\/\/dicodusport.fr\/blog\/david-gaudu-et-thibaut-pinot-absents-du-tour-de-lombardie-2022\/#respond"]}],"copyrightYear":"2022","copyrightHolder":{"@id":"https:\/\/dicodusport.fr\/blog\/#organization"}},{"@type":"WebPage","@id":"https:\/\/dicodusport.fr\/blog\/david-gaudu-et-thibaut-pinot-absents-du-tour-de-lombardie-2022\/","url":"https:\/\/dicodusport.fr\/blog\/david-gaudu-et-thibaut-pinot-absents-du-tour-de-lombardie-2022\/","name":"David Gaudu et Thibaut Pinot absents du Tour de Lombardie 2022","isPartOf":{"@id":"https:\/\/dicodusport.fr\/blog\/#website"},"primaryImageOfPage":{"@id":"https:\/\/dicodusport.fr\/blog\/david-gaudu-et-thibaut-pinot-absents-du-tour-de-lombardie-2022\/#primaryimage"},"image":{"@id":"https:\/\/dicodusport.fr\/blog\/david-gaudu-et-thibaut-pinot-absents-du-tour-de-lombardie-2022\/#primaryimage"},"thumbnailUrl":"https:\/\/dicodusport.fr\/blog\/wp-content\/uploads\/2022\/10\/David-Gaudu-et-Thibaut-Pinot-absents-du-Tour-de-Lombardie-2022.png","datePublished":"2022-10-05T09:44:13+00:00","dateModified":"2022-10-05T10:44:12+00:00","description":"Apr\u00e8s l'annonce de la fin de saison de Thibaut Pinot, la Groupama-FDJ a officialis\u00e9\u00a0le forfait de David Gaudu pour le Tour de Lombardie 2022.\u00a0","breadcrumb":{"@id":"https:\/\/dicodusport.fr\/blog\/david-gaudu-et-thibaut-pinot-absents-du-tour-de-lombardie-2022\/#breadcrumb"},"inLanguage":"fr-FR","potentialAction":[{"@type":"ReadAction","target":["https:\/\/dicodusport.fr\/blog\/david-gaudu-et-thibaut-pinot-absents-du-tour-de-lombardie-2022\/"]}]},{"@type":"ImageObject","inLanguage":"fr-FR","@id":"https:\/\/dicodusport.fr\/blog\/david-gaudu-et-thibaut-pinot-absents-du-tour-de-lombardie-2022\/#primaryimage","url":"https:\/\/dicodusport.fr\/blog\/wp-content\/uploads\/2022\/10\/David-Gaudu-et-Thibaut-Pinot-absents-du-Tour-de-Lombardie-2022.png","contentUrl":"https:\/\/dicodusport.fr\/blog\/wp-content\/uploads\/2022\/10\/David-Gaudu-et-Thibaut-Pinot-absents-du-Tour-de-Lombardie-2022.png","width":800,"height":445},{"@type":"BreadcrumbList","@id":"https:\/\/dicodusport.fr\/blog\/david-gaudu-et-thibaut-pinot-absents-du-tour-de-lombardie-2022\/#breadcrumb","itemListElement":[{"@type":"ListItem","position":1,"name":"Accueil","item":"https:\/\/dicodusport.fr\/blog\/"},{"@type":"ListItem","position":2,"name":"David Gaudu et Thibaut Pinot absents du Tour de Lombardie 2022"}]},{"@type":"WebSite","@id":"https:\/\/dicodusport.fr\/blog\/#website","url":"https:\/\/dicodusport.fr\/blog\/","name":"Dicodusport","description":"L&#039;encyclop\u00e9die de l&#039;actualit\u00e9 sportive","publisher":{"@id":"https:\/\/dicodusport.fr\/blog\/#organization"},"potentialAction":[{"@type":"SearchAction","target":{"@type":"EntryPoint","urlTemplate":"https:\/\/dicodusport.fr\/blog\/?s={search_term_string}"},"query-input":{"@type":"PropertyValueSpecification","valueRequired":true,"valueName":"search_term_string"}}],"inLanguage":"fr-FR"},{"@type":"NewsMediaOrganization","@id":"https:\/\/dicodusport.fr\/blog\/#organization","name":"Dicodusport","url":"https:\/\/dicodusport.fr\/blog\/","logo":{"@type":"ImageObject","inLanguage":"fr-FR","@id":"https:\/\/dicodusport.fr\/blog\/#\/schema\/logo\/image\/","url":"https:\/\/dicodusport.fr\/blog\/wp-content\/uploads\/2020\/06\/cropped-LOGO-DICODUSPORT-2020-SANS-FOND-SANS-TEXTE.png","contentUrl":"https:\/\/dicodusport.fr\/blog\/wp-content\/uploads\/2020\/06\/cropped-LOGO-DICODUSPORT-2020-SANS-FOND-SANS-TEXTE.png","width":512,"height":512,"caption":"Dicodusport"},"image":{"@id":"https:\/\/dicodusport.fr\/blog\/#\/schema\/logo\/image\/"},"sameAs":["https:\/\/www.facebook.com\/dicodusport","https:\/\/x.com\/dicodusport","https:\/\/www.instagram.com\/dicodusport\/","https:\/\/www.youtube.com\/channel\/UC7V2KZ5sd3htJivAbA4ZG3w"],"description":"Dicodusport est l'encyclop\u00e9die de l'actualit\u00e9 sportive.","email":"bonjour@dicodusport.fr","legalName":"DICODUSPORT","foundingDate":"2018-01-14","vatID":"FR71834470973","taxID":"83447097300043","numberOfEmployees":{"@type":"QuantitativeValue","minValue":"1","maxValue":"10"}},{"@type":"Person","@id":"https:\/\/dicodusport.fr\/blog\/#\/schema\/person\/55dcb50ad410894e431ed812bbb70191","name":"Nicolas Jacquemard","image":{"@type":"ImageObject","inLanguage":"fr-FR","@id":"https:\/\/dicodusport.fr\/blog\/#\/schema\/person\/image\/","url":"https:\/\/dicodusport.fr\/blog\/wp-content\/uploads\/2021\/05\/Nicolas-Jacquemard-150x150.jpeg","contentUrl":"https:\/\/dicodusport.fr\/blog\/wp-content\/uploads\/2021\/05\/Nicolas-Jacquemard-150x150.jpeg","caption":"Nicolas Jacquemard"},"description":"Passionn\u00e9 de sport et entrepreneur depuis mes 18 ans, la cr\u00e9ation de Dicodusport m'a sembl\u00e9 \u00e9vidente pour participer \u00e0 la m\u00e9diatisation d'un plus grand nombre de sports. Le chemin est long mais avec une \u00e9quipe des plus motiv\u00e9es et les Jeux Olympiques de Paris 2024 en point de mire, nous y arriverons ! Journaliste dans le monde du sport depuis plus de 5 ans, je traite aussi bien de football, de rugby, de biathlon que de cyclisme.","sameAs":["https:\/\/www.facebook.com\/dicodusport","https:\/\/x.com\/https:\/\/twitter.com\/Nico_Jacquemard"],"url":"https:\/\/dicodusport.fr\/blog\/author\/dicodusport\/"}]}},"_links":{"self":[{"href":"https:\/\/dicodusport.fr\/blog\/wp-json\/wp\/v2\/posts\/267361","targetHints":{"allow":["GET"]}}],"collection":[{"href":"https:\/\/dicodusport.fr\/blog\/wp-json\/wp\/v2\/posts"}],"about":[{"href":"https:\/\/dicodusport.fr\/blog\/wp-json\/wp\/v2\/types\/post"}],"author":[{"embeddable":true,"href":"https:\/\/dicodusport.fr\/blog\/wp-json\/wp\/v2\/users\/1"}],"replies":[{"embeddable":true,"href":"https:\/\/dicodusport.fr\/blog\/wp-json\/wp\/v2\/comments?post=267361"}],"version-history":[{"count":0,"href":"https:\/\/dicodusport.fr\/blog\/wp-json\/wp\/v2\/posts\/267361\/revisions"}],"wp:featuredmedia":[{"embeddable":true,"href":"https:\/\/dicodusport.fr\/blog\/wp-json\/wp\/v2\/media\/267366"}],"wp:attachment":[{"href":"https:\/\/dicodusport.fr\/blog\/wp-json\/wp\/v2\/media?parent=267361"}],"wp:term":[{"taxonomy":"category","embeddable":true,"href":"https:\/\/dicodusport.fr\/blog\/wp-json\/wp\/v2\/categories?post=267361"},{"taxonomy":"post_tag","embeddable":true,"href":"https:\/\/dicodusport.fr\/blog\/wp-json\/wp\/v2\/tags?post=267361"}],"curies":[{"name":"wp","href":"https:\/\/api.w.org\/{rel}","templated":true}]}}