{"id":267915,"date":"2022-10-07T11:55:22","date_gmt":"2022-10-07T09:55:22","guid":{"rendered":"https:\/\/dicodusport.fr\/blog\/?p=267915&#038;preview=true&#038;preview_id=267915"},"modified":"2022-10-07T12:09:40","modified_gmt":"2022-10-07T10:09:40","slug":"benoit-cosnefroy-je-narrive-pas-a-trouver-la-cle-sur-le-tour-de-france","status":"publish","type":"post","link":"https:\/\/dicodusport.fr\/blog\/benoit-cosnefroy-je-narrive-pas-a-trouver-la-cle-sur-le-tour-de-france\/","title":{"rendered":"Beno\u00eet Cosnefroy : \u00ab\u00a0Je n&rsquo;arrive pas \u00e0 trouver la cl\u00e9 sur le Tour de France\u00a0\u00bb"},"content":{"rendered":"<p style=\"text-align: justify;\"><b><i>CYCLISME SUR ROUTE 2022 &#8211; Dans les <a href=\"https:\/\/www.cyclismactu.net\/news-paris-tours-benoit-cosnefroy-je-n-y-arrive-pas-sur-tour-france-69632.html\" target=\"_blank\" rel=\"noopener\">colonnes de Cyclism&rsquo;Actu<\/a>, Beno\u00eet Cosnefroy (AG2R Citro\u00ebn) s&rsquo;est exprim\u00e9 sur les difficult\u00e9s qu&rsquo;il rencontre sur le Tour de France depuis qu&rsquo;il prend part \u00e0 la course.\u00a0<\/i><\/b><\/p>\n<p style=\"text-align: justify;\">Le puncheur d&rsquo;<strong>AG2R Citro\u00ebn<\/strong> a d\u00e9j\u00e0 \u00e9t\u00e9 quatre fois au d\u00e9part du <strong>Tour de<\/strong> <strong>France<\/strong> sans parvenir \u00e0 remporter une \u00e9tape. Interrog\u00e9 sur sa pr\u00e9sence sur la <strong>Grande<\/strong> <strong>Boucle<\/strong> <strong>2023<\/strong>, <strong>Beno\u00eet<\/strong> <strong>Cosnefroy<\/strong> a expliqu\u00e9 que ce n&rsquo;\u00e9tait pas une certitude, avant d&rsquo;ajouter qu&rsquo;il n&rsquo;expliquait pas ses performances d\u00e9cevantes sur la plus grande course du monde.<\/p>\n<blockquote>\n<p style=\"text-align: justify;\">Bien s\u00fbr, c&rsquo;est envisageable que je ne sois pas au d\u00e9part du Tour de France \u00e0 l&rsquo;avenir. C&rsquo;est envisageable dans l&rsquo;id\u00e9e o\u00f9 je cherche le meilleur sportivement en accord avec l&rsquo;\u00e9quipe. Apr\u00e8s personnellement, j&rsquo;ai plaisir \u00e0 prendre le d\u00e9part et \u00e0 faire le Tour de France. C&rsquo;est une course qui me fait r\u00eaver. Je l&rsquo;ai d\u00e9j\u00e0 fait quatre fois et \u00e7a me fait toujours autant r\u00eaver. L&rsquo;annonce du parcours, le d\u00e9tail des \u00e9tapes&#8230; \u00e7a procure des \u00e9motions, donc bien s\u00fbr que j&rsquo;ai envie de le refaire. Apr\u00e8s, la discussion est ouverte avec l&rsquo;\u00e9quipe. [&#8230;] Je ne sais pas pourquoi je n&rsquo;ai pas obtenu de r\u00e9sultats sur le Tour. Je sens que le niveau est tr\u00e8s \u00e9lev\u00e9, j&rsquo;ai la sensation que \u00e7a roule tr\u00e8s fort et que les autres sont tr\u00e8s forts, donc ma perception des choses fait que peut-\u00eatre je ne suis pas en pic de forme ou que je ne suis pas au top, mais &lsquo;pourquoi&rsquo; je ne l&rsquo;explique pas. C&rsquo;est vrai que je n&rsquo;arrive pas \u00e0 trouver la cl\u00e9 sur le Tour de France.<\/p>\n<\/blockquote>\n<p style=\"text-align: justify;\">Le troisi\u00e8me des <strong>Championnats d&rsquo;Europe<\/strong> 2021 a aussi dress\u00e9 le bilan de sa saison 2022. S&rsquo;il regrette de ne pas avoir remport\u00e9 l&rsquo;<strong>Amstel Gold Race<\/strong> pour quelques centim\u00e8tre, <strong>Beno\u00eet<\/strong> <strong>Cosnefroy<\/strong> fait un bilan positif de 2022, gr\u00e2ce \u00e0 <a href=\"https:\/\/dicodusport.fr\/blog\/grand-prix-de-quebec-2022-benoit-cosnefroy-s-impose-en-costaud\/\">sa victoire sur le Grand Prix de Qu\u00e9bec<\/a>\u00a0en septembre.<\/p>\n<blockquote class=\"twitter-tweet\">\n<p dir=\"ltr\" lang=\"und\">&#x1f1eb;&#x1f1f7; <a href=\"https:\/\/twitter.com\/ParisTours?ref_src=twsrc%5Etfw\">@ParisTours<\/a><br \/>\n&#x1f5d3; 09\/10<\/p>\n<p>&#x1f4f0; <a href=\"https:\/\/t.co\/q7AxlvJR8v\">https:\/\/t.co\/q7AxlvJR8v<\/a><\/p>\n<p>&#x1f1eb;&#x1f1f7; <a href=\"https:\/\/twitter.com\/BenoitCosnefroy?ref_src=twsrc%5Etfw\">@BenoitCosnefroy<\/a><br \/>\n&#x1f1e7;&#x1f1ea; <a href=\"https:\/\/twitter.com\/Stan_Dewulf1?ref_src=twsrc%5Etfw\">@Stan_Dewulf1<\/a><br \/>\n&#x1f1eb;&#x1f1f7; <a href=\"https:\/\/twitter.com\/DorianGodon?ref_src=twsrc%5Etfw\">@DorianGodon<\/a><br \/>\n&#x1f1e7;&#x1f1ea; <a href=\"https:\/\/twitter.com\/OliverNaesen?ref_src=twsrc%5Etfw\">@OliverNaesen<\/a><br \/>\n&#x1f1eb;&#x1f1f7; <a href=\"https:\/\/twitter.com\/antoinergl?ref_src=twsrc%5Etfw\">@antoinergl<\/a><br \/>\n&#x1f1e8;&#x1f1ed; <a href=\"https:\/\/twitter.com\/michaelschaer?ref_src=twsrc%5Etfw\">@michaelschaer<\/a><br \/>\n&#x1f1eb;&#x1f1f7; <a href=\"https:\/\/twitter.com\/ClemVenturini?ref_src=twsrc%5Etfw\">@ClemVenturini<\/a> <a href=\"https:\/\/twitter.com\/hashtag\/AG2RCITRO%C3%8BNTEAM?src=hash&amp;ref_src=twsrc%5Etfw\">#AG2RCITRO\u00cbNTEAM<\/a> <a href=\"https:\/\/twitter.com\/hashtag\/RoulonsAutrement?src=hash&amp;ref_src=twsrc%5Etfw\">#RoulonsAutrement<\/a> <a href=\"https:\/\/twitter.com\/hashtag\/RideDifferently?src=hash&amp;ref_src=twsrc%5Etfw\">#RideDifferently<\/a> <a href=\"https:\/\/t.co\/FD7gAqzbeL\">pic.twitter.com\/FD7gAqzbeL<\/a><\/p>\n<p>\u2014 AG2R CITRO\u00cbN TEAM (@AG2RCITROENTEAM) <a href=\"https:\/\/twitter.com\/AG2RCITROENTEAM\/status\/1577946777751150599?ref_src=twsrc%5Etfw\">October 6, 2022<\/a><\/p><\/blockquote>\n<p><script async src=\"https:\/\/platform.twitter.com\/widgets.js\" charset=\"utf-8\"><\/script><\/p>\n","protected":false},"excerpt":{"rendered":"<p>CYCLISME SUR ROUTE 2022 &#8211; Dans les colonnes de Cyclism&rsquo;Actu, Beno\u00eet Cosnefroy (AG2R Citro\u00ebn) s&rsquo;est exprim\u00e9 sur les difficult\u00e9s qu&rsquo;il rencontre sur le Tour de France depuis qu&rsquo;il prend part \u00e0 la course.\u00a0<\/p>\n","protected":false},"author":1,"featured_media":267918,"comment_status":"open","ping_status":"closed","sticky":false,"template":"","format":"standard","meta":{"_acf_changed":false,"_daextam_enable_autolinks":"","footnotes":""},"categories":[46994],"tags":[18662,8140,3117],"class_list":["post-267915","post","type-post","status-publish","format-standard","has-post-thumbnail","hentry","category-cyclisme-sur-route","tag-ag2r-citroen","tag-benoit-cosnefroy","tag-cosnefroy"],"acf":[],"yoast_head":"<!-- This site is optimized with the Yoast SEO Premium plugin v26.7 (Yoast SEO v26.7) - https:\/\/yoast.com\/wordpress\/plugins\/seo\/ -->\n<title>Beno\u00eet Cosnefroy : &quot;Je n&#039;arrive pas \u00e0 trouver la cl\u00e9 sur le Tour de France&quot;<\/title>\n<meta name=\"description\" content=\"Dans les colonnes de Cyclism&#039;Actu, Beno\u00eet Cosnefroy (AG2R Citro\u00ebn) s&#039;est exprim\u00e9 sur les difficult\u00e9s qu&#039;il rencontre sur le Tour de France.\" \/>\n<meta name=\"robots\" content=\"index, follow, max-snippet:-1, max-image-preview:large, max-video-preview:-1\" \/>\n<link rel=\"canonical\" href=\"https:\/\/dicodusport.fr\/blog\/benoit-cosnefroy-je-narrive-pas-a-trouver-la-cle-sur-le-tour-de-france\/\" \/>\n<meta property=\"og:locale\" content=\"fr_FR\" \/>\n<meta property=\"og:type\" content=\"article\" \/>\n<meta property=\"og:title\" content=\"Beno\u00eet Cosnefroy : &quot;Je n&#039;arrive pas \u00e0 trouver la cl\u00e9 sur le Tour de France&quot;\" \/>\n<meta property=\"og:description\" content=\"Dans les colonnes de Cyclism&#039;Actu, Beno\u00eet Cosnefroy (AG2R Citro\u00ebn) s&#039;est exprim\u00e9 sur les difficult\u00e9s qu&#039;il rencontre sur le Tour de France.\" \/>\n<meta property=\"og:url\" content=\"https:\/\/dicodusport.fr\/blog\/benoit-cosnefroy-je-narrive-pas-a-trouver-la-cle-sur-le-tour-de-france\/\" \/>\n<meta property=\"og:site_name\" content=\"Dicodusport\" \/>\n<meta property=\"article:publisher\" content=\"https:\/\/www.facebook.com\/dicodusport\" \/>\n<meta property=\"article:author\" content=\"https:\/\/www.facebook.com\/dicodusport\" \/>\n<meta property=\"article:published_time\" content=\"2022-10-07T09:55:22+00:00\" \/>\n<meta property=\"article:modified_time\" content=\"2022-10-07T10:09:40+00:00\" \/>\n<meta property=\"og:image\" content=\"https:\/\/dicodusport.fr\/blog\/wp-content\/uploads\/2022\/10\/Benoi\u0302t-Cosnefroy-Je-narrive-pas-a\u0300-trouver-la-cle\u0301-sur-le-Tour-de-France.png\" \/>\n\t<meta property=\"og:image:width\" content=\"800\" \/>\n\t<meta property=\"og:image:height\" content=\"445\" \/>\n\t<meta property=\"og:image:type\" content=\"image\/png\" \/>\n<meta name=\"author\" content=\"Nicolas Jacquemard\" \/>\n<meta name=\"twitter:card\" content=\"summary_large_image\" \/>\n<meta name=\"twitter:title\" content=\"Beno\u00eet Cosnefroy : &quot;Je n&#039;arrive pas \u00e0 trouver la cl\u00e9 sur le Tour de France&quot;\" \/>\n<meta name=\"twitter:creator\" content=\"@https:\/\/twitter.com\/Nico_Jacquemard\" \/>\n<meta name=\"twitter:site\" content=\"@dicodusport\" \/>\n<script type=\"application\/ld+json\" class=\"yoast-schema-graph\">{\"@context\":\"https:\/\/schema.org\",\"@graph\":[{\"@type\":\"NewsArticle\",\"@id\":\"https:\/\/dicodusport.fr\/blog\/benoit-cosnefroy-je-narrive-pas-a-trouver-la-cle-sur-le-tour-de-france\/#article\",\"isPartOf\":{\"@id\":\"https:\/\/dicodusport.fr\/blog\/benoit-cosnefroy-je-narrive-pas-a-trouver-la-cle-sur-le-tour-de-france\/\"},\"author\":{\"name\":\"Nicolas Jacquemard\",\"@id\":\"https:\/\/dicodusport.fr\/blog\/#\/schema\/person\/55dcb50ad410894e431ed812bbb70191\"},\"headline\":\"Beno\u00eet Cosnefroy : \u00ab\u00a0Je n&rsquo;arrive pas \u00e0 trouver la cl\u00e9 sur le Tour de France\u00a0\u00bb\",\"datePublished\":\"2022-10-07T09:55:22+00:00\",\"dateModified\":\"2022-10-07T10:09:40+00:00\",\"mainEntityOfPage\":{\"@id\":\"https:\/\/dicodusport.fr\/blog\/benoit-cosnefroy-je-narrive-pas-a-trouver-la-cle-sur-le-tour-de-france\/\"},\"wordCount\":461,\"commentCount\":0,\"publisher\":{\"@id\":\"https:\/\/dicodusport.fr\/blog\/#organization\"},\"image\":{\"@id\":\"https:\/\/dicodusport.fr\/blog\/benoit-cosnefroy-je-narrive-pas-a-trouver-la-cle-sur-le-tour-de-france\/#primaryimage\"},\"thumbnailUrl\":\"https:\/\/dicodusport.fr\/blog\/wp-content\/uploads\/2022\/10\/Benoi\u0302t-Cosnefroy-Je-narrive-pas-a\u0300-trouver-la-cle\u0301-sur-le-Tour-de-France.png\",\"keywords\":[\"AG2R-Citro\u00ebn\",\"Beno\u00eet Cosnefroy\",\"Cosnefroy\"],\"articleSection\":[\"Cyclisme sur route\"],\"inLanguage\":\"fr-FR\",\"potentialAction\":[{\"@type\":\"CommentAction\",\"name\":\"Comment\",\"target\":[\"https:\/\/dicodusport.fr\/blog\/benoit-cosnefroy-je-narrive-pas-a-trouver-la-cle-sur-le-tour-de-france\/#respond\"]}],\"copyrightYear\":\"2022\",\"copyrightHolder\":{\"@id\":\"https:\/\/dicodusport.fr\/blog\/#organization\"}},{\"@type\":\"WebPage\",\"@id\":\"https:\/\/dicodusport.fr\/blog\/benoit-cosnefroy-je-narrive-pas-a-trouver-la-cle-sur-le-tour-de-france\/\",\"url\":\"https:\/\/dicodusport.fr\/blog\/benoit-cosnefroy-je-narrive-pas-a-trouver-la-cle-sur-le-tour-de-france\/\",\"name\":\"Beno\u00eet Cosnefroy : \\\"Je n'arrive pas \u00e0 trouver la cl\u00e9 sur le Tour de France\\\"\",\"isPartOf\":{\"@id\":\"https:\/\/dicodusport.fr\/blog\/#website\"},\"primaryImageOfPage\":{\"@id\":\"https:\/\/dicodusport.fr\/blog\/benoit-cosnefroy-je-narrive-pas-a-trouver-la-cle-sur-le-tour-de-france\/#primaryimage\"},\"image\":{\"@id\":\"https:\/\/dicodusport.fr\/blog\/benoit-cosnefroy-je-narrive-pas-a-trouver-la-cle-sur-le-tour-de-france\/#primaryimage\"},\"thumbnailUrl\":\"https:\/\/dicodusport.fr\/blog\/wp-content\/uploads\/2022\/10\/Benoi\u0302t-Cosnefroy-Je-narrive-pas-a\u0300-trouver-la-cle\u0301-sur-le-Tour-de-France.png\",\"datePublished\":\"2022-10-07T09:55:22+00:00\",\"dateModified\":\"2022-10-07T10:09:40+00:00\",\"description\":\"Dans les colonnes de Cyclism'Actu, Beno\u00eet Cosnefroy (AG2R Citro\u00ebn) s'est exprim\u00e9 sur les difficult\u00e9s qu'il rencontre sur le Tour de France.\",\"breadcrumb\":{\"@id\":\"https:\/\/dicodusport.fr\/blog\/benoit-cosnefroy-je-narrive-pas-a-trouver-la-cle-sur-le-tour-de-france\/#breadcrumb\"},\"inLanguage\":\"fr-FR\",\"potentialAction\":[{\"@type\":\"ReadAction\",\"target\":[\"https:\/\/dicodusport.fr\/blog\/benoit-cosnefroy-je-narrive-pas-a-trouver-la-cle-sur-le-tour-de-france\/\"]}]},{\"@type\":\"ImageObject\",\"inLanguage\":\"fr-FR\",\"@id\":\"https:\/\/dicodusport.fr\/blog\/benoit-cosnefroy-je-narrive-pas-a-trouver-la-cle-sur-le-tour-de-france\/#primaryimage\",\"url\":\"https:\/\/dicodusport.fr\/blog\/wp-content\/uploads\/2022\/10\/Benoi\u0302t-Cosnefroy-Je-narrive-pas-a\u0300-trouver-la-cle\u0301-sur-le-Tour-de-France.png\",\"contentUrl\":\"https:\/\/dicodusport.fr\/blog\/wp-content\/uploads\/2022\/10\/Benoi\u0302t-Cosnefroy-Je-narrive-pas-a\u0300-trouver-la-cle\u0301-sur-le-Tour-de-France.png\",\"width\":800,\"height\":445},{\"@type\":\"BreadcrumbList\",\"@id\":\"https:\/\/dicodusport.fr\/blog\/benoit-cosnefroy-je-narrive-pas-a-trouver-la-cle-sur-le-tour-de-france\/#breadcrumb\",\"itemListElement\":[{\"@type\":\"ListItem\",\"position\":1,\"name\":\"Accueil\",\"item\":\"https:\/\/dicodusport.fr\/blog\/\"},{\"@type\":\"ListItem\",\"position\":2,\"name\":\"Beno\u00eet Cosnefroy : \u00ab\u00a0Je n&rsquo;arrive pas \u00e0 trouver la cl\u00e9 sur le Tour de France\u00a0\u00bb\"}]},{\"@type\":\"WebSite\",\"@id\":\"https:\/\/dicodusport.fr\/blog\/#website\",\"url\":\"https:\/\/dicodusport.fr\/blog\/\",\"name\":\"Dicodusport\",\"description\":\"L&#039;encyclop\u00e9die de l&#039;actualit\u00e9 sportive\",\"publisher\":{\"@id\":\"https:\/\/dicodusport.fr\/blog\/#organization\"},\"potentialAction\":[{\"@type\":\"SearchAction\",\"target\":{\"@type\":\"EntryPoint\",\"urlTemplate\":\"https:\/\/dicodusport.fr\/blog\/?s={search_term_string}\"},\"query-input\":{\"@type\":\"PropertyValueSpecification\",\"valueRequired\":true,\"valueName\":\"search_term_string\"}}],\"inLanguage\":\"fr-FR\"},{\"@type\":\"NewsMediaOrganization\",\"@id\":\"https:\/\/dicodusport.fr\/blog\/#organization\",\"name\":\"Dicodusport\",\"url\":\"https:\/\/dicodusport.fr\/blog\/\",\"logo\":{\"@type\":\"ImageObject\",\"inLanguage\":\"fr-FR\",\"@id\":\"https:\/\/dicodusport.fr\/blog\/#\/schema\/logo\/image\/\",\"url\":\"https:\/\/dicodusport.fr\/blog\/wp-content\/uploads\/2020\/06\/cropped-LOGO-DICODUSPORT-2020-SANS-FOND-SANS-TEXTE.png\",\"contentUrl\":\"https:\/\/dicodusport.fr\/blog\/wp-content\/uploads\/2020\/06\/cropped-LOGO-DICODUSPORT-2020-SANS-FOND-SANS-TEXTE.png\",\"width\":512,\"height\":512,\"caption\":\"Dicodusport\"},\"image\":{\"@id\":\"https:\/\/dicodusport.fr\/blog\/#\/schema\/logo\/image\/\"},\"sameAs\":[\"https:\/\/www.facebook.com\/dicodusport\",\"https:\/\/x.com\/dicodusport\",\"https:\/\/www.instagram.com\/dicodusport\/\",\"https:\/\/www.youtube.com\/channel\/UC7V2KZ5sd3htJivAbA4ZG3w\"],\"description\":\"Dicodusport est l'encyclop\u00e9die de l'actualit\u00e9 sportive.\",\"email\":\"bonjour@dicodusport.fr\",\"legalName\":\"DICODUSPORT\",\"foundingDate\":\"2018-01-14\",\"vatID\":\"FR71834470973\",\"taxID\":\"83447097300043\",\"numberOfEmployees\":{\"@type\":\"QuantitativeValue\",\"minValue\":\"1\",\"maxValue\":\"10\"}},{\"@type\":\"Person\",\"@id\":\"https:\/\/dicodusport.fr\/blog\/#\/schema\/person\/55dcb50ad410894e431ed812bbb70191\",\"name\":\"Nicolas Jacquemard\",\"image\":{\"@type\":\"ImageObject\",\"inLanguage\":\"fr-FR\",\"@id\":\"https:\/\/dicodusport.fr\/blog\/#\/schema\/person\/image\/\",\"url\":\"https:\/\/dicodusport.fr\/blog\/wp-content\/uploads\/2021\/05\/Nicolas-Jacquemard-150x150.jpeg\",\"contentUrl\":\"https:\/\/dicodusport.fr\/blog\/wp-content\/uploads\/2021\/05\/Nicolas-Jacquemard-150x150.jpeg\",\"caption\":\"Nicolas Jacquemard\"},\"description\":\"Passionn\u00e9 de sport et entrepreneur depuis mes 18 ans, la cr\u00e9ation de Dicodusport m'a sembl\u00e9 \u00e9vidente pour participer \u00e0 la m\u00e9diatisation d'un plus grand nombre de sports. Le chemin est long mais avec une \u00e9quipe des plus motiv\u00e9es et les Jeux Olympiques de Paris 2024 en point de mire, nous y arriverons ! Journaliste dans le monde du sport depuis plus de 5 ans, je traite aussi bien de football, de rugby, de biathlon que de cyclisme.\",\"sameAs\":[\"https:\/\/www.facebook.com\/dicodusport\",\"https:\/\/x.com\/https:\/\/twitter.com\/Nico_Jacquemard\"],\"url\":\"https:\/\/dicodusport.fr\/blog\/author\/dicodusport\/\"}]}<\/script>\n<!-- \/ Yoast SEO Premium plugin. -->","yoast_head_json":{"title":"Beno\u00eet Cosnefroy : \"Je n'arrive pas \u00e0 trouver la cl\u00e9 sur le Tour de France\"","description":"Dans les colonnes de Cyclism'Actu, Beno\u00eet Cosnefroy (AG2R Citro\u00ebn) s'est exprim\u00e9 sur les difficult\u00e9s qu'il rencontre sur le Tour de France.","robots":{"index":"index","follow":"follow","max-snippet":"max-snippet:-1","max-image-preview":"max-image-preview:large","max-video-preview":"max-video-preview:-1"},"canonical":"https:\/\/dicodusport.fr\/blog\/benoit-cosnefroy-je-narrive-pas-a-trouver-la-cle-sur-le-tour-de-france\/","og_locale":"fr_FR","og_type":"article","og_title":"Beno\u00eet Cosnefroy : \"Je n'arrive pas \u00e0 trouver la cl\u00e9 sur le Tour de France\"","og_description":"Dans les colonnes de Cyclism'Actu, Beno\u00eet Cosnefroy (AG2R Citro\u00ebn) s'est exprim\u00e9 sur les difficult\u00e9s qu'il rencontre sur le Tour de France.","og_url":"https:\/\/dicodusport.fr\/blog\/benoit-cosnefroy-je-narrive-pas-a-trouver-la-cle-sur-le-tour-de-france\/","og_site_name":"Dicodusport","article_publisher":"https:\/\/www.facebook.com\/dicodusport","article_author":"https:\/\/www.facebook.com\/dicodusport","article_published_time":"2022-10-07T09:55:22+00:00","article_modified_time":"2022-10-07T10:09:40+00:00","og_image":[{"width":800,"height":445,"url":"https:\/\/dicodusport.fr\/blog\/wp-content\/uploads\/2022\/10\/Benoi\u0302t-Cosnefroy-Je-narrive-pas-a\u0300-trouver-la-cle\u0301-sur-le-Tour-de-France.png","type":"image\/png"}],"author":"Nicolas Jacquemard","twitter_card":"summary_large_image","twitter_title":"Beno\u00eet Cosnefroy : \"Je n'arrive pas \u00e0 trouver la cl\u00e9 sur le Tour de France\"","twitter_creator":"@https:\/\/twitter.com\/Nico_Jacquemard","twitter_site":"@dicodusport","schema":{"@context":"https:\/\/schema.org","@graph":[{"@type":"NewsArticle","@id":"https:\/\/dicodusport.fr\/blog\/benoit-cosnefroy-je-narrive-pas-a-trouver-la-cle-sur-le-tour-de-france\/#article","isPartOf":{"@id":"https:\/\/dicodusport.fr\/blog\/benoit-cosnefroy-je-narrive-pas-a-trouver-la-cle-sur-le-tour-de-france\/"},"author":{"name":"Nicolas Jacquemard","@id":"https:\/\/dicodusport.fr\/blog\/#\/schema\/person\/55dcb50ad410894e431ed812bbb70191"},"headline":"Beno\u00eet Cosnefroy : \u00ab\u00a0Je n&rsquo;arrive pas \u00e0 trouver la cl\u00e9 sur le Tour de France\u00a0\u00bb","datePublished":"2022-10-07T09:55:22+00:00","dateModified":"2022-10-07T10:09:40+00:00","mainEntityOfPage":{"@id":"https:\/\/dicodusport.fr\/blog\/benoit-cosnefroy-je-narrive-pas-a-trouver-la-cle-sur-le-tour-de-france\/"},"wordCount":461,"commentCount":0,"publisher":{"@id":"https:\/\/dicodusport.fr\/blog\/#organization"},"image":{"@id":"https:\/\/dicodusport.fr\/blog\/benoit-cosnefroy-je-narrive-pas-a-trouver-la-cle-sur-le-tour-de-france\/#primaryimage"},"thumbnailUrl":"https:\/\/dicodusport.fr\/blog\/wp-content\/uploads\/2022\/10\/Benoi\u0302t-Cosnefroy-Je-narrive-pas-a\u0300-trouver-la-cle\u0301-sur-le-Tour-de-France.png","keywords":["AG2R-Citro\u00ebn","Beno\u00eet Cosnefroy","Cosnefroy"],"articleSection":["Cyclisme sur route"],"inLanguage":"fr-FR","potentialAction":[{"@type":"CommentAction","name":"Comment","target":["https:\/\/dicodusport.fr\/blog\/benoit-cosnefroy-je-narrive-pas-a-trouver-la-cle-sur-le-tour-de-france\/#respond"]}],"copyrightYear":"2022","copyrightHolder":{"@id":"https:\/\/dicodusport.fr\/blog\/#organization"}},{"@type":"WebPage","@id":"https:\/\/dicodusport.fr\/blog\/benoit-cosnefroy-je-narrive-pas-a-trouver-la-cle-sur-le-tour-de-france\/","url":"https:\/\/dicodusport.fr\/blog\/benoit-cosnefroy-je-narrive-pas-a-trouver-la-cle-sur-le-tour-de-france\/","name":"Beno\u00eet Cosnefroy : \"Je n'arrive pas \u00e0 trouver la cl\u00e9 sur le Tour de France\"","isPartOf":{"@id":"https:\/\/dicodusport.fr\/blog\/#website"},"primaryImageOfPage":{"@id":"https:\/\/dicodusport.fr\/blog\/benoit-cosnefroy-je-narrive-pas-a-trouver-la-cle-sur-le-tour-de-france\/#primaryimage"},"image":{"@id":"https:\/\/dicodusport.fr\/blog\/benoit-cosnefroy-je-narrive-pas-a-trouver-la-cle-sur-le-tour-de-france\/#primaryimage"},"thumbnailUrl":"https:\/\/dicodusport.fr\/blog\/wp-content\/uploads\/2022\/10\/Benoi\u0302t-Cosnefroy-Je-narrive-pas-a\u0300-trouver-la-cle\u0301-sur-le-Tour-de-France.png","datePublished":"2022-10-07T09:55:22+00:00","dateModified":"2022-10-07T10:09:40+00:00","description":"Dans les colonnes de Cyclism'Actu, Beno\u00eet Cosnefroy (AG2R Citro\u00ebn) s'est exprim\u00e9 sur les difficult\u00e9s qu'il rencontre sur le Tour de France.","breadcrumb":{"@id":"https:\/\/dicodusport.fr\/blog\/benoit-cosnefroy-je-narrive-pas-a-trouver-la-cle-sur-le-tour-de-france\/#breadcrumb"},"inLanguage":"fr-FR","potentialAction":[{"@type":"ReadAction","target":["https:\/\/dicodusport.fr\/blog\/benoit-cosnefroy-je-narrive-pas-a-trouver-la-cle-sur-le-tour-de-france\/"]}]},{"@type":"ImageObject","inLanguage":"fr-FR","@id":"https:\/\/dicodusport.fr\/blog\/benoit-cosnefroy-je-narrive-pas-a-trouver-la-cle-sur-le-tour-de-france\/#primaryimage","url":"https:\/\/dicodusport.fr\/blog\/wp-content\/uploads\/2022\/10\/Benoi\u0302t-Cosnefroy-Je-narrive-pas-a\u0300-trouver-la-cle\u0301-sur-le-Tour-de-France.png","contentUrl":"https:\/\/dicodusport.fr\/blog\/wp-content\/uploads\/2022\/10\/Benoi\u0302t-Cosnefroy-Je-narrive-pas-a\u0300-trouver-la-cle\u0301-sur-le-Tour-de-France.png","width":800,"height":445},{"@type":"BreadcrumbList","@id":"https:\/\/dicodusport.fr\/blog\/benoit-cosnefroy-je-narrive-pas-a-trouver-la-cle-sur-le-tour-de-france\/#breadcrumb","itemListElement":[{"@type":"ListItem","position":1,"name":"Accueil","item":"https:\/\/dicodusport.fr\/blog\/"},{"@type":"ListItem","position":2,"name":"Beno\u00eet Cosnefroy : \u00ab\u00a0Je n&rsquo;arrive pas \u00e0 trouver la cl\u00e9 sur le Tour de France\u00a0\u00bb"}]},{"@type":"WebSite","@id":"https:\/\/dicodusport.fr\/blog\/#website","url":"https:\/\/dicodusport.fr\/blog\/","name":"Dicodusport","description":"L&#039;encyclop\u00e9die de l&#039;actualit\u00e9 sportive","publisher":{"@id":"https:\/\/dicodusport.fr\/blog\/#organization"},"potentialAction":[{"@type":"SearchAction","target":{"@type":"EntryPoint","urlTemplate":"https:\/\/dicodusport.fr\/blog\/?s={search_term_string}"},"query-input":{"@type":"PropertyValueSpecification","valueRequired":true,"valueName":"search_term_string"}}],"inLanguage":"fr-FR"},{"@type":"NewsMediaOrganization","@id":"https:\/\/dicodusport.fr\/blog\/#organization","name":"Dicodusport","url":"https:\/\/dicodusport.fr\/blog\/","logo":{"@type":"ImageObject","inLanguage":"fr-FR","@id":"https:\/\/dicodusport.fr\/blog\/#\/schema\/logo\/image\/","url":"https:\/\/dicodusport.fr\/blog\/wp-content\/uploads\/2020\/06\/cropped-LOGO-DICODUSPORT-2020-SANS-FOND-SANS-TEXTE.png","contentUrl":"https:\/\/dicodusport.fr\/blog\/wp-content\/uploads\/2020\/06\/cropped-LOGO-DICODUSPORT-2020-SANS-FOND-SANS-TEXTE.png","width":512,"height":512,"caption":"Dicodusport"},"image":{"@id":"https:\/\/dicodusport.fr\/blog\/#\/schema\/logo\/image\/"},"sameAs":["https:\/\/www.facebook.com\/dicodusport","https:\/\/x.com\/dicodusport","https:\/\/www.instagram.com\/dicodusport\/","https:\/\/www.youtube.com\/channel\/UC7V2KZ5sd3htJivAbA4ZG3w"],"description":"Dicodusport est l'encyclop\u00e9die de l'actualit\u00e9 sportive.","email":"bonjour@dicodusport.fr","legalName":"DICODUSPORT","foundingDate":"2018-01-14","vatID":"FR71834470973","taxID":"83447097300043","numberOfEmployees":{"@type":"QuantitativeValue","minValue":"1","maxValue":"10"}},{"@type":"Person","@id":"https:\/\/dicodusport.fr\/blog\/#\/schema\/person\/55dcb50ad410894e431ed812bbb70191","name":"Nicolas Jacquemard","image":{"@type":"ImageObject","inLanguage":"fr-FR","@id":"https:\/\/dicodusport.fr\/blog\/#\/schema\/person\/image\/","url":"https:\/\/dicodusport.fr\/blog\/wp-content\/uploads\/2021\/05\/Nicolas-Jacquemard-150x150.jpeg","contentUrl":"https:\/\/dicodusport.fr\/blog\/wp-content\/uploads\/2021\/05\/Nicolas-Jacquemard-150x150.jpeg","caption":"Nicolas Jacquemard"},"description":"Passionn\u00e9 de sport et entrepreneur depuis mes 18 ans, la cr\u00e9ation de Dicodusport m'a sembl\u00e9 \u00e9vidente pour participer \u00e0 la m\u00e9diatisation d'un plus grand nombre de sports. Le chemin est long mais avec une \u00e9quipe des plus motiv\u00e9es et les Jeux Olympiques de Paris 2024 en point de mire, nous y arriverons ! Journaliste dans le monde du sport depuis plus de 5 ans, je traite aussi bien de football, de rugby, de biathlon que de cyclisme.","sameAs":["https:\/\/www.facebook.com\/dicodusport","https:\/\/x.com\/https:\/\/twitter.com\/Nico_Jacquemard"],"url":"https:\/\/dicodusport.fr\/blog\/author\/dicodusport\/"}]}},"_links":{"self":[{"href":"https:\/\/dicodusport.fr\/blog\/wp-json\/wp\/v2\/posts\/267915","targetHints":{"allow":["GET"]}}],"collection":[{"href":"https:\/\/dicodusport.fr\/blog\/wp-json\/wp\/v2\/posts"}],"about":[{"href":"https:\/\/dicodusport.fr\/blog\/wp-json\/wp\/v2\/types\/post"}],"author":[{"embeddable":true,"href":"https:\/\/dicodusport.fr\/blog\/wp-json\/wp\/v2\/users\/1"}],"replies":[{"embeddable":true,"href":"https:\/\/dicodusport.fr\/blog\/wp-json\/wp\/v2\/comments?post=267915"}],"version-history":[{"count":0,"href":"https:\/\/dicodusport.fr\/blog\/wp-json\/wp\/v2\/posts\/267915\/revisions"}],"wp:featuredmedia":[{"embeddable":true,"href":"https:\/\/dicodusport.fr\/blog\/wp-json\/wp\/v2\/media\/267918"}],"wp:attachment":[{"href":"https:\/\/dicodusport.fr\/blog\/wp-json\/wp\/v2\/media?parent=267915"}],"wp:term":[{"taxonomy":"category","embeddable":true,"href":"https:\/\/dicodusport.fr\/blog\/wp-json\/wp\/v2\/categories?post=267915"},{"taxonomy":"post_tag","embeddable":true,"href":"https:\/\/dicodusport.fr\/blog\/wp-json\/wp\/v2\/tags?post=267915"}],"curies":[{"name":"wp","href":"https:\/\/api.w.org\/{rel}","templated":true}]}}