{"id":268004,"date":"2022-10-07T16:03:06","date_gmt":"2022-10-07T14:03:06","guid":{"rendered":"https:\/\/dicodusport.fr\/blog\/?p=268004&#038;preview=true&#038;preview_id=268004"},"modified":"2022-10-07T16:43:02","modified_gmt":"2022-10-07T14:43:02","slug":"mercato-dan-biggar-est-sur-le-marche-pour-la-saison-prochaine","status":"publish","type":"post","link":"https:\/\/dicodusport.fr\/blog\/mercato-dan-biggar-est-sur-le-marche-pour-la-saison-prochaine\/","title":{"rendered":"Mercato : Dan Biggar est sur le march\u00e9 pour la saison prochaine"},"content":{"rendered":"<p style=\"text-align: justify;\"><b><i>RUGBY \u00c0 XV &#8211; Une page va se tourner \u00e0 Northampton, puisque Dan Biggar quittera le club l&rsquo;\u00e9t\u00e9 prochain, au terme de son contrat.\u00a0<\/i><\/b><\/p>\n<p style=\"text-align: justify;\"><strong>Dan Biggar<\/strong> sera donc sous de nouvelles couleurs apr\u00e8s la <strong>Coupe du monde 2023. <\/strong><strong>Northampton<\/strong> a en effet confirm\u00e9 son d\u00e9part ce matin. L&rsquo;ouvreur gallois a notamment offert un titre de <strong>champion d&rsquo;Angleterre<\/strong> aux Saints en 2019. Au moment d&rsquo;annoncer son d\u00e9part, il s&rsquo;est expliqu\u00e9 sur le site du club.<\/p>\n<blockquote>\n<p style=\"text-align: justify;\">J&rsquo;ai ador\u00e9 mon s\u00e9jour \u00e0 Northampton, un club de rugby traditionnel qui regorge de gens formidables. Ce fut un privil\u00e8ge de porter le maillot noir, vert et or. J&rsquo;aurais aim\u00e9 pouvoir jouer plus pour le Club &#8211; j&rsquo;ai rat\u00e9 quelques matchs ces derni\u00e8res ann\u00e9es en raison de mes engagements internationaux &#8211; mais il n&rsquo;y a pas de meilleur endroit pour jouer au rugby que le Franklin&rsquo;s Gardens devant un groupe incroyable de supporters. Northampton sera le premier r\u00e9sultat que je recherche un samedi apr\u00e8s-midi \u00e0 l&rsquo;avenir !<\/p>\n<\/blockquote>\n<p style=\"text-align: justify;\">C&rsquo;est \u00e0 cause du montant du salaire de <strong>Dan Biggar<\/strong> que le club de Northampton a d\u00fb se r\u00e9soudre \u00e0 le laisser filer. Pour l&rsquo;instant, pas de destinations possibles annonc\u00e9es, mais cela ne devrait tarder, et plusieurs clubs de <strong>Top 14<\/strong> devraient tenter le coup.<\/p>\n<blockquote class=\"twitter-tweet\">\n<p dir=\"ltr\" lang=\"en\">We can today confirm that Dan Biggar will leave the Club at the end of the 2022\/23 season.<\/p>\n<p>A class act both on and off the field, his presence will be missed at the Gardens.<\/p>\n<p>Let\u2019s go out on a high, Biggs &#x1f5a4;&#x1f49a;&#x1f49b;<\/p>\n<p>\u2014 Northampton Saints &#x1f607; (@SaintsRugby) <a href=\"https:\/\/twitter.com\/SaintsRugby\/status\/1578294039035711489?ref_src=twsrc%5Etfw\">October 7, 2022<\/a><\/p><\/blockquote>\n<p style=\"text-align: justify;\"><script async src=\"https:\/\/platform.twitter.com\/widgets.js\" charset=\"utf-8\"><\/script><\/p>\n","protected":false},"excerpt":{"rendered":"<p>RUGBY \u00c0 XV &#8211; Une page va se tourner \u00e0 Northampton, puisque Dan Biggar quittera le club l&rsquo;\u00e9t\u00e9 prochain, au terme de son contrat.\u00a0<\/p>\n","protected":false},"author":1,"featured_media":268006,"comment_status":"open","ping_status":"closed","sticky":false,"template":"","format":"standard","meta":{"_acf_changed":false,"_daextam_enable_autolinks":"","footnotes":""},"categories":[9129],"tags":[8851,8852,12939],"class_list":["post-268004","post","type-post","status-publish","format-standard","has-post-thumbnail","hentry","category-rugby-a-xv","tag-biggar","tag-dan-biggar","tag-northampton"],"acf":[],"yoast_head":"<!-- This site is optimized with the Yoast SEO Premium plugin v26.7 (Yoast SEO v26.7) - https:\/\/yoast.com\/wordpress\/plugins\/seo\/ -->\n<title>Mercato : Dan Biggar est sur le march\u00e9 pour la saison prochaine<\/title>\n<meta name=\"description\" content=\"RUGBY \u00c0 XV - Une page va se tourner \u00e0 Northampton puisque Dan Biggar quittera le club l&#039;\u00e9t\u00e9 prochain au terme de don contrat.\u00a0\" \/>\n<meta name=\"robots\" content=\"index, follow, max-snippet:-1, max-image-preview:large, max-video-preview:-1\" \/>\n<link rel=\"canonical\" href=\"https:\/\/dicodusport.fr\/blog\/mercato-dan-biggar-est-sur-le-marche-pour-la-saison-prochaine\/\" \/>\n<meta property=\"og:locale\" content=\"fr_FR\" \/>\n<meta property=\"og:type\" content=\"article\" \/>\n<meta property=\"og:title\" content=\"Mercato : Dan Biggar est sur le march\u00e9 pour la saison prochaine\" \/>\n<meta property=\"og:description\" content=\"RUGBY \u00c0 XV - Une page va se tourner \u00e0 Northampton puisque Dan Biggar quittera le club l&#039;\u00e9t\u00e9 prochain au terme de don contrat.\u00a0\" \/>\n<meta property=\"og:url\" content=\"https:\/\/dicodusport.fr\/blog\/mercato-dan-biggar-est-sur-le-marche-pour-la-saison-prochaine\/\" \/>\n<meta property=\"og:site_name\" content=\"Dicodusport\" \/>\n<meta property=\"article:publisher\" content=\"https:\/\/www.facebook.com\/dicodusport\" \/>\n<meta property=\"article:author\" content=\"https:\/\/www.facebook.com\/dicodusport\" \/>\n<meta property=\"article:published_time\" content=\"2022-10-07T14:03:06+00:00\" \/>\n<meta property=\"article:modified_time\" content=\"2022-10-07T14:43:02+00:00\" \/>\n<meta property=\"og:image\" content=\"https:\/\/dicodusport.fr\/blog\/wp-content\/uploads\/2022\/10\/Mercato-Dan-Biggar-est-sur-le-marche\u0301-pour-la-saison-prochaine.png\" \/>\n\t<meta property=\"og:image:width\" content=\"800\" \/>\n\t<meta property=\"og:image:height\" content=\"445\" \/>\n\t<meta property=\"og:image:type\" content=\"image\/png\" \/>\n<meta name=\"author\" content=\"Nicolas Jacquemard\" \/>\n<meta name=\"twitter:card\" content=\"summary_large_image\" \/>\n<meta name=\"twitter:title\" content=\"Mercato : Dan Biggar est sur le march\u00e9 pour la saison prochaine\" \/>\n<meta name=\"twitter:creator\" content=\"@https:\/\/twitter.com\/Nico_Jacquemard\" \/>\n<meta name=\"twitter:site\" content=\"@dicodusport\" \/>\n<script type=\"application\/ld+json\" class=\"yoast-schema-graph\">{\"@context\":\"https:\/\/schema.org\",\"@graph\":[{\"@type\":\"NewsArticle\",\"@id\":\"https:\/\/dicodusport.fr\/blog\/mercato-dan-biggar-est-sur-le-marche-pour-la-saison-prochaine\/#article\",\"isPartOf\":{\"@id\":\"https:\/\/dicodusport.fr\/blog\/mercato-dan-biggar-est-sur-le-marche-pour-la-saison-prochaine\/\"},\"author\":{\"name\":\"Nicolas Jacquemard\",\"@id\":\"https:\/\/dicodusport.fr\/blog\/#\/schema\/person\/55dcb50ad410894e431ed812bbb70191\"},\"headline\":\"Mercato : Dan Biggar est sur le march\u00e9 pour la saison prochaine\",\"datePublished\":\"2022-10-07T14:03:06+00:00\",\"dateModified\":\"2022-10-07T14:43:02+00:00\",\"mainEntityOfPage\":{\"@id\":\"https:\/\/dicodusport.fr\/blog\/mercato-dan-biggar-est-sur-le-marche-pour-la-saison-prochaine\/\"},\"wordCount\":288,\"commentCount\":0,\"publisher\":{\"@id\":\"https:\/\/dicodusport.fr\/blog\/#organization\"},\"image\":{\"@id\":\"https:\/\/dicodusport.fr\/blog\/mercato-dan-biggar-est-sur-le-marche-pour-la-saison-prochaine\/#primaryimage\"},\"thumbnailUrl\":\"https:\/\/dicodusport.fr\/blog\/wp-content\/uploads\/2022\/10\/Mercato-Dan-Biggar-est-sur-le-marche\u0301-pour-la-saison-prochaine.png\",\"keywords\":[\"Biggar\",\"Dan Biggar\",\"Northampton\"],\"articleSection\":[\"Rugby \u00e0 XV\"],\"inLanguage\":\"fr-FR\",\"potentialAction\":[{\"@type\":\"CommentAction\",\"name\":\"Comment\",\"target\":[\"https:\/\/dicodusport.fr\/blog\/mercato-dan-biggar-est-sur-le-marche-pour-la-saison-prochaine\/#respond\"]}],\"copyrightYear\":\"2022\",\"copyrightHolder\":{\"@id\":\"https:\/\/dicodusport.fr\/blog\/#organization\"}},{\"@type\":\"WebPage\",\"@id\":\"https:\/\/dicodusport.fr\/blog\/mercato-dan-biggar-est-sur-le-marche-pour-la-saison-prochaine\/\",\"url\":\"https:\/\/dicodusport.fr\/blog\/mercato-dan-biggar-est-sur-le-marche-pour-la-saison-prochaine\/\",\"name\":\"Mercato : Dan Biggar est sur le march\u00e9 pour la saison prochaine\",\"isPartOf\":{\"@id\":\"https:\/\/dicodusport.fr\/blog\/#website\"},\"primaryImageOfPage\":{\"@id\":\"https:\/\/dicodusport.fr\/blog\/mercato-dan-biggar-est-sur-le-marche-pour-la-saison-prochaine\/#primaryimage\"},\"image\":{\"@id\":\"https:\/\/dicodusport.fr\/blog\/mercato-dan-biggar-est-sur-le-marche-pour-la-saison-prochaine\/#primaryimage\"},\"thumbnailUrl\":\"https:\/\/dicodusport.fr\/blog\/wp-content\/uploads\/2022\/10\/Mercato-Dan-Biggar-est-sur-le-marche\u0301-pour-la-saison-prochaine.png\",\"datePublished\":\"2022-10-07T14:03:06+00:00\",\"dateModified\":\"2022-10-07T14:43:02+00:00\",\"description\":\"RUGBY \u00c0 XV - Une page va se tourner \u00e0 Northampton puisque Dan Biggar quittera le club l'\u00e9t\u00e9 prochain au terme de don contrat.\u00a0\",\"breadcrumb\":{\"@id\":\"https:\/\/dicodusport.fr\/blog\/mercato-dan-biggar-est-sur-le-marche-pour-la-saison-prochaine\/#breadcrumb\"},\"inLanguage\":\"fr-FR\",\"potentialAction\":[{\"@type\":\"ReadAction\",\"target\":[\"https:\/\/dicodusport.fr\/blog\/mercato-dan-biggar-est-sur-le-marche-pour-la-saison-prochaine\/\"]}]},{\"@type\":\"ImageObject\",\"inLanguage\":\"fr-FR\",\"@id\":\"https:\/\/dicodusport.fr\/blog\/mercato-dan-biggar-est-sur-le-marche-pour-la-saison-prochaine\/#primaryimage\",\"url\":\"https:\/\/dicodusport.fr\/blog\/wp-content\/uploads\/2022\/10\/Mercato-Dan-Biggar-est-sur-le-marche\u0301-pour-la-saison-prochaine.png\",\"contentUrl\":\"https:\/\/dicodusport.fr\/blog\/wp-content\/uploads\/2022\/10\/Mercato-Dan-Biggar-est-sur-le-marche\u0301-pour-la-saison-prochaine.png\",\"width\":800,\"height\":445},{\"@type\":\"BreadcrumbList\",\"@id\":\"https:\/\/dicodusport.fr\/blog\/mercato-dan-biggar-est-sur-le-marche-pour-la-saison-prochaine\/#breadcrumb\",\"itemListElement\":[{\"@type\":\"ListItem\",\"position\":1,\"name\":\"Accueil\",\"item\":\"https:\/\/dicodusport.fr\/blog\/\"},{\"@type\":\"ListItem\",\"position\":2,\"name\":\"Mercato : Dan Biggar est sur le march\u00e9 pour la saison prochaine\"}]},{\"@type\":\"WebSite\",\"@id\":\"https:\/\/dicodusport.fr\/blog\/#website\",\"url\":\"https:\/\/dicodusport.fr\/blog\/\",\"name\":\"Dicodusport\",\"description\":\"L&#039;encyclop\u00e9die de l&#039;actualit\u00e9 sportive\",\"publisher\":{\"@id\":\"https:\/\/dicodusport.fr\/blog\/#organization\"},\"potentialAction\":[{\"@type\":\"SearchAction\",\"target\":{\"@type\":\"EntryPoint\",\"urlTemplate\":\"https:\/\/dicodusport.fr\/blog\/?s={search_term_string}\"},\"query-input\":{\"@type\":\"PropertyValueSpecification\",\"valueRequired\":true,\"valueName\":\"search_term_string\"}}],\"inLanguage\":\"fr-FR\"},{\"@type\":\"NewsMediaOrganization\",\"@id\":\"https:\/\/dicodusport.fr\/blog\/#organization\",\"name\":\"Dicodusport\",\"url\":\"https:\/\/dicodusport.fr\/blog\/\",\"logo\":{\"@type\":\"ImageObject\",\"inLanguage\":\"fr-FR\",\"@id\":\"https:\/\/dicodusport.fr\/blog\/#\/schema\/logo\/image\/\",\"url\":\"https:\/\/dicodusport.fr\/blog\/wp-content\/uploads\/2020\/06\/cropped-LOGO-DICODUSPORT-2020-SANS-FOND-SANS-TEXTE.png\",\"contentUrl\":\"https:\/\/dicodusport.fr\/blog\/wp-content\/uploads\/2020\/06\/cropped-LOGO-DICODUSPORT-2020-SANS-FOND-SANS-TEXTE.png\",\"width\":512,\"height\":512,\"caption\":\"Dicodusport\"},\"image\":{\"@id\":\"https:\/\/dicodusport.fr\/blog\/#\/schema\/logo\/image\/\"},\"sameAs\":[\"https:\/\/www.facebook.com\/dicodusport\",\"https:\/\/x.com\/dicodusport\",\"https:\/\/www.instagram.com\/dicodusport\/\",\"https:\/\/www.youtube.com\/channel\/UC7V2KZ5sd3htJivAbA4ZG3w\"],\"description\":\"Dicodusport est l'encyclop\u00e9die de l'actualit\u00e9 sportive.\",\"email\":\"bonjour@dicodusport.fr\",\"legalName\":\"DICODUSPORT\",\"foundingDate\":\"2018-01-14\",\"vatID\":\"FR71834470973\",\"taxID\":\"83447097300043\",\"numberOfEmployees\":{\"@type\":\"QuantitativeValue\",\"minValue\":\"1\",\"maxValue\":\"10\"}},{\"@type\":\"Person\",\"@id\":\"https:\/\/dicodusport.fr\/blog\/#\/schema\/person\/55dcb50ad410894e431ed812bbb70191\",\"name\":\"Nicolas Jacquemard\",\"image\":{\"@type\":\"ImageObject\",\"inLanguage\":\"fr-FR\",\"@id\":\"https:\/\/dicodusport.fr\/blog\/#\/schema\/person\/image\/\",\"url\":\"https:\/\/dicodusport.fr\/blog\/wp-content\/uploads\/2021\/05\/Nicolas-Jacquemard-150x150.jpeg\",\"contentUrl\":\"https:\/\/dicodusport.fr\/blog\/wp-content\/uploads\/2021\/05\/Nicolas-Jacquemard-150x150.jpeg\",\"caption\":\"Nicolas Jacquemard\"},\"description\":\"Passionn\u00e9 de sport et entrepreneur depuis mes 18 ans, la cr\u00e9ation de Dicodusport m'a sembl\u00e9 \u00e9vidente pour participer \u00e0 la m\u00e9diatisation d'un plus grand nombre de sports. Le chemin est long mais avec une \u00e9quipe des plus motiv\u00e9es et les Jeux Olympiques de Paris 2024 en point de mire, nous y arriverons ! Journaliste dans le monde du sport depuis plus de 5 ans, je traite aussi bien de football, de rugby, de biathlon que de cyclisme.\",\"sameAs\":[\"https:\/\/www.facebook.com\/dicodusport\",\"https:\/\/x.com\/https:\/\/twitter.com\/Nico_Jacquemard\"],\"url\":\"https:\/\/dicodusport.fr\/blog\/author\/dicodusport\/\"}]}<\/script>\n<!-- \/ Yoast SEO Premium plugin. -->","yoast_head_json":{"title":"Mercato : Dan Biggar est sur le march\u00e9 pour la saison prochaine","description":"RUGBY \u00c0 XV - Une page va se tourner \u00e0 Northampton puisque Dan Biggar quittera le club l'\u00e9t\u00e9 prochain au terme de don contrat.\u00a0","robots":{"index":"index","follow":"follow","max-snippet":"max-snippet:-1","max-image-preview":"max-image-preview:large","max-video-preview":"max-video-preview:-1"},"canonical":"https:\/\/dicodusport.fr\/blog\/mercato-dan-biggar-est-sur-le-marche-pour-la-saison-prochaine\/","og_locale":"fr_FR","og_type":"article","og_title":"Mercato : Dan Biggar est sur le march\u00e9 pour la saison prochaine","og_description":"RUGBY \u00c0 XV - Une page va se tourner \u00e0 Northampton puisque Dan Biggar quittera le club l'\u00e9t\u00e9 prochain au terme de don contrat.\u00a0","og_url":"https:\/\/dicodusport.fr\/blog\/mercato-dan-biggar-est-sur-le-marche-pour-la-saison-prochaine\/","og_site_name":"Dicodusport","article_publisher":"https:\/\/www.facebook.com\/dicodusport","article_author":"https:\/\/www.facebook.com\/dicodusport","article_published_time":"2022-10-07T14:03:06+00:00","article_modified_time":"2022-10-07T14:43:02+00:00","og_image":[{"width":800,"height":445,"url":"https:\/\/dicodusport.fr\/blog\/wp-content\/uploads\/2022\/10\/Mercato-Dan-Biggar-est-sur-le-marche\u0301-pour-la-saison-prochaine.png","type":"image\/png"}],"author":"Nicolas Jacquemard","twitter_card":"summary_large_image","twitter_title":"Mercato : Dan Biggar est sur le march\u00e9 pour la saison prochaine","twitter_creator":"@https:\/\/twitter.com\/Nico_Jacquemard","twitter_site":"@dicodusport","schema":{"@context":"https:\/\/schema.org","@graph":[{"@type":"NewsArticle","@id":"https:\/\/dicodusport.fr\/blog\/mercato-dan-biggar-est-sur-le-marche-pour-la-saison-prochaine\/#article","isPartOf":{"@id":"https:\/\/dicodusport.fr\/blog\/mercato-dan-biggar-est-sur-le-marche-pour-la-saison-prochaine\/"},"author":{"name":"Nicolas Jacquemard","@id":"https:\/\/dicodusport.fr\/blog\/#\/schema\/person\/55dcb50ad410894e431ed812bbb70191"},"headline":"Mercato : Dan Biggar est sur le march\u00e9 pour la saison prochaine","datePublished":"2022-10-07T14:03:06+00:00","dateModified":"2022-10-07T14:43:02+00:00","mainEntityOfPage":{"@id":"https:\/\/dicodusport.fr\/blog\/mercato-dan-biggar-est-sur-le-marche-pour-la-saison-prochaine\/"},"wordCount":288,"commentCount":0,"publisher":{"@id":"https:\/\/dicodusport.fr\/blog\/#organization"},"image":{"@id":"https:\/\/dicodusport.fr\/blog\/mercato-dan-biggar-est-sur-le-marche-pour-la-saison-prochaine\/#primaryimage"},"thumbnailUrl":"https:\/\/dicodusport.fr\/blog\/wp-content\/uploads\/2022\/10\/Mercato-Dan-Biggar-est-sur-le-marche\u0301-pour-la-saison-prochaine.png","keywords":["Biggar","Dan Biggar","Northampton"],"articleSection":["Rugby \u00e0 XV"],"inLanguage":"fr-FR","potentialAction":[{"@type":"CommentAction","name":"Comment","target":["https:\/\/dicodusport.fr\/blog\/mercato-dan-biggar-est-sur-le-marche-pour-la-saison-prochaine\/#respond"]}],"copyrightYear":"2022","copyrightHolder":{"@id":"https:\/\/dicodusport.fr\/blog\/#organization"}},{"@type":"WebPage","@id":"https:\/\/dicodusport.fr\/blog\/mercato-dan-biggar-est-sur-le-marche-pour-la-saison-prochaine\/","url":"https:\/\/dicodusport.fr\/blog\/mercato-dan-biggar-est-sur-le-marche-pour-la-saison-prochaine\/","name":"Mercato : Dan Biggar est sur le march\u00e9 pour la saison prochaine","isPartOf":{"@id":"https:\/\/dicodusport.fr\/blog\/#website"},"primaryImageOfPage":{"@id":"https:\/\/dicodusport.fr\/blog\/mercato-dan-biggar-est-sur-le-marche-pour-la-saison-prochaine\/#primaryimage"},"image":{"@id":"https:\/\/dicodusport.fr\/blog\/mercato-dan-biggar-est-sur-le-marche-pour-la-saison-prochaine\/#primaryimage"},"thumbnailUrl":"https:\/\/dicodusport.fr\/blog\/wp-content\/uploads\/2022\/10\/Mercato-Dan-Biggar-est-sur-le-marche\u0301-pour-la-saison-prochaine.png","datePublished":"2022-10-07T14:03:06+00:00","dateModified":"2022-10-07T14:43:02+00:00","description":"RUGBY \u00c0 XV - Une page va se tourner \u00e0 Northampton puisque Dan Biggar quittera le club l'\u00e9t\u00e9 prochain au terme de don contrat.\u00a0","breadcrumb":{"@id":"https:\/\/dicodusport.fr\/blog\/mercato-dan-biggar-est-sur-le-marche-pour-la-saison-prochaine\/#breadcrumb"},"inLanguage":"fr-FR","potentialAction":[{"@type":"ReadAction","target":["https:\/\/dicodusport.fr\/blog\/mercato-dan-biggar-est-sur-le-marche-pour-la-saison-prochaine\/"]}]},{"@type":"ImageObject","inLanguage":"fr-FR","@id":"https:\/\/dicodusport.fr\/blog\/mercato-dan-biggar-est-sur-le-marche-pour-la-saison-prochaine\/#primaryimage","url":"https:\/\/dicodusport.fr\/blog\/wp-content\/uploads\/2022\/10\/Mercato-Dan-Biggar-est-sur-le-marche\u0301-pour-la-saison-prochaine.png","contentUrl":"https:\/\/dicodusport.fr\/blog\/wp-content\/uploads\/2022\/10\/Mercato-Dan-Biggar-est-sur-le-marche\u0301-pour-la-saison-prochaine.png","width":800,"height":445},{"@type":"BreadcrumbList","@id":"https:\/\/dicodusport.fr\/blog\/mercato-dan-biggar-est-sur-le-marche-pour-la-saison-prochaine\/#breadcrumb","itemListElement":[{"@type":"ListItem","position":1,"name":"Accueil","item":"https:\/\/dicodusport.fr\/blog\/"},{"@type":"ListItem","position":2,"name":"Mercato : Dan Biggar est sur le march\u00e9 pour la saison prochaine"}]},{"@type":"WebSite","@id":"https:\/\/dicodusport.fr\/blog\/#website","url":"https:\/\/dicodusport.fr\/blog\/","name":"Dicodusport","description":"L&#039;encyclop\u00e9die de l&#039;actualit\u00e9 sportive","publisher":{"@id":"https:\/\/dicodusport.fr\/blog\/#organization"},"potentialAction":[{"@type":"SearchAction","target":{"@type":"EntryPoint","urlTemplate":"https:\/\/dicodusport.fr\/blog\/?s={search_term_string}"},"query-input":{"@type":"PropertyValueSpecification","valueRequired":true,"valueName":"search_term_string"}}],"inLanguage":"fr-FR"},{"@type":"NewsMediaOrganization","@id":"https:\/\/dicodusport.fr\/blog\/#organization","name":"Dicodusport","url":"https:\/\/dicodusport.fr\/blog\/","logo":{"@type":"ImageObject","inLanguage":"fr-FR","@id":"https:\/\/dicodusport.fr\/blog\/#\/schema\/logo\/image\/","url":"https:\/\/dicodusport.fr\/blog\/wp-content\/uploads\/2020\/06\/cropped-LOGO-DICODUSPORT-2020-SANS-FOND-SANS-TEXTE.png","contentUrl":"https:\/\/dicodusport.fr\/blog\/wp-content\/uploads\/2020\/06\/cropped-LOGO-DICODUSPORT-2020-SANS-FOND-SANS-TEXTE.png","width":512,"height":512,"caption":"Dicodusport"},"image":{"@id":"https:\/\/dicodusport.fr\/blog\/#\/schema\/logo\/image\/"},"sameAs":["https:\/\/www.facebook.com\/dicodusport","https:\/\/x.com\/dicodusport","https:\/\/www.instagram.com\/dicodusport\/","https:\/\/www.youtube.com\/channel\/UC7V2KZ5sd3htJivAbA4ZG3w"],"description":"Dicodusport est l'encyclop\u00e9die de l'actualit\u00e9 sportive.","email":"bonjour@dicodusport.fr","legalName":"DICODUSPORT","foundingDate":"2018-01-14","vatID":"FR71834470973","taxID":"83447097300043","numberOfEmployees":{"@type":"QuantitativeValue","minValue":"1","maxValue":"10"}},{"@type":"Person","@id":"https:\/\/dicodusport.fr\/blog\/#\/schema\/person\/55dcb50ad410894e431ed812bbb70191","name":"Nicolas Jacquemard","image":{"@type":"ImageObject","inLanguage":"fr-FR","@id":"https:\/\/dicodusport.fr\/blog\/#\/schema\/person\/image\/","url":"https:\/\/dicodusport.fr\/blog\/wp-content\/uploads\/2021\/05\/Nicolas-Jacquemard-150x150.jpeg","contentUrl":"https:\/\/dicodusport.fr\/blog\/wp-content\/uploads\/2021\/05\/Nicolas-Jacquemard-150x150.jpeg","caption":"Nicolas Jacquemard"},"description":"Passionn\u00e9 de sport et entrepreneur depuis mes 18 ans, la cr\u00e9ation de Dicodusport m'a sembl\u00e9 \u00e9vidente pour participer \u00e0 la m\u00e9diatisation d'un plus grand nombre de sports. Le chemin est long mais avec une \u00e9quipe des plus motiv\u00e9es et les Jeux Olympiques de Paris 2024 en point de mire, nous y arriverons ! Journaliste dans le monde du sport depuis plus de 5 ans, je traite aussi bien de football, de rugby, de biathlon que de cyclisme.","sameAs":["https:\/\/www.facebook.com\/dicodusport","https:\/\/x.com\/https:\/\/twitter.com\/Nico_Jacquemard"],"url":"https:\/\/dicodusport.fr\/blog\/author\/dicodusport\/"}]}},"_links":{"self":[{"href":"https:\/\/dicodusport.fr\/blog\/wp-json\/wp\/v2\/posts\/268004","targetHints":{"allow":["GET"]}}],"collection":[{"href":"https:\/\/dicodusport.fr\/blog\/wp-json\/wp\/v2\/posts"}],"about":[{"href":"https:\/\/dicodusport.fr\/blog\/wp-json\/wp\/v2\/types\/post"}],"author":[{"embeddable":true,"href":"https:\/\/dicodusport.fr\/blog\/wp-json\/wp\/v2\/users\/1"}],"replies":[{"embeddable":true,"href":"https:\/\/dicodusport.fr\/blog\/wp-json\/wp\/v2\/comments?post=268004"}],"version-history":[{"count":0,"href":"https:\/\/dicodusport.fr\/blog\/wp-json\/wp\/v2\/posts\/268004\/revisions"}],"wp:featuredmedia":[{"embeddable":true,"href":"https:\/\/dicodusport.fr\/blog\/wp-json\/wp\/v2\/media\/268006"}],"wp:attachment":[{"href":"https:\/\/dicodusport.fr\/blog\/wp-json\/wp\/v2\/media?parent=268004"}],"wp:term":[{"taxonomy":"category","embeddable":true,"href":"https:\/\/dicodusport.fr\/blog\/wp-json\/wp\/v2\/categories?post=268004"},{"taxonomy":"post_tag","embeddable":true,"href":"https:\/\/dicodusport.fr\/blog\/wp-json\/wp\/v2\/tags?post=268004"}],"curies":[{"name":"wp","href":"https:\/\/api.w.org\/{rel}","templated":true}]}}