{"id":26803,"date":"2018-10-06T15:43:25","date_gmt":"2018-10-06T13:43:25","guid":{"rendered":"http:\/\/dicodusport.fr\/blog\/?p=26803"},"modified":"2018-10-06T15:43:25","modified_gmt":"2018-10-06T13:43:25","slug":"david-giguel-le-club-est-dans-une-annee-de-transition","status":"publish","type":"post","link":"https:\/\/dicodusport.fr\/blog\/david-giguel-le-club-est-dans-une-annee-de-transition\/","title":{"rendered":"David Giguel : \u00ab\u00a0Le club est dans une ann\u00e9e de transition\u00a0\u00bb"},"content":{"rendered":"<p style=\"text-align: justify;\"><strong><em>Pendant quelques semaines, nous allons aller \u00e0 la rencontre des principaux acteurs du club du FC Rouen. Ce club mythique\u00a0est actuellement au cinqui\u00e8me \u00e9chelon nationale mais est invaincu cette saison. Pour ce premier volet, c&rsquo;est David Giguel, l&rsquo;entra\u00eeneur de l&rsquo;\u00e9quipe premi\u00e8re, qui nous a gentiment accord\u00e9 une interview.<\/em><\/strong><\/p>\n<h5 style=\"text-align: justify;\">Depuis fin juin, vous \u00eates l&rsquo;entra\u00eeneur du FC Rouen. Quelle a \u00e9t\u00e9 la source de motivation dans un club o\u00f9 vous avez \u00e9t\u00e9 form\u00e9 en tant que joueur\u00a0?<\/h5>\n<p style=\"text-align: justify;\">Le discours des dirigeants bas\u00e9 sur une reconstruction avec \u00e0 la base, la formation, m&rsquo;a plu. Le FCR est le club o\u00f9 j&rsquo;ai sign\u00e9 ma premi\u00e8re licence professionnelle donc j&rsquo;avais \u00e0 c\u0153ur de filer un coup de main pour replacer le club \u00e0 un niveau qui correspond plus \u00e0 son histoire.<\/p>\n<h5 style=\"text-align: justify;\">Quel est l&rsquo;objectif \u00e0 long terme que vous vous fixez\u00a0? \u00catre professionnel dans 5 ans\u00a0?<\/h5>\n<p style=\"text-align: justify;\">L&rsquo;objectif est d&rsquo;abord de redonner une identit\u00e9 au club. De construire des fondations solides. J&rsquo;aurai l&rsquo;appui d&rsquo;Arnaud Margueritte pour structurer et donner une id\u00e9e directrice \u00e0 l&rsquo;ensemble du club.<\/p>\n<h5 style=\"text-align: justify;\">Concernant cette ann\u00e9e, quels sont les ingr\u00e9dients de cet excellent d\u00e9but de saison\u00a0(\u00e9quipe\u00a0invaincue\u00a0sans encaisser de but en championnat)\u00a0?<\/h5>\n<p style=\"text-align: justify;\">La mayonnaise a plut\u00f4t bien pris entre les joueurs, ce qui n&rsquo;\u00e9tait pas \u00e9vident puisqu&rsquo;on a chang\u00e9 75% de l&rsquo;effectif. On a beaucoup insist\u00e9 avec le staff sur les valeurs fondamentales \u00e0 afficher dans une \u00e9quipe de football. Et j&rsquo;ai aussi des joueurs \u00e0 l&rsquo;\u00e9coute et r\u00e9ceptifs. Mais on n&rsquo;est qu&rsquo;au d\u00e9but. On verra quand les r\u00e9sultats seront un peu moins bons si on est capables de r\u00e9agir aux mauvais coups.<\/p>\n<h5 style=\"text-align: justify;\">La mont\u00e9e en N2 semble envisageable apr\u00e8s cet excellent d\u00e9but de saison, est-ce l&rsquo;objectif\u00a0?<\/h5>\n<p style=\"text-align: justify;\">Le club est dans une ann\u00e9e de transition. L&rsquo;\u00e9quipe dirigeante souhaite que nous prenions match apr\u00e8s match et que les contenus soient de qualit\u00e9. On n&rsquo;est pas programm\u00e9 pour monter cette saison. Des clubs comme \u00c9vreux, Saint-L\u00f4 Alen\u00e7on ou Gonfreville ont de l&rsquo;avance sur nous en termes de stabilit\u00e9 par rapport \u00e0 la saison derni\u00e8re<\/p>\n<h5 style=\"text-align: justify;\">Quel est votre sch\u00e9ma tactique\u00a0pr\u00e9f\u00e9r\u00e9\u00a0?<\/h5>\n<p style=\"text-align: justify;\">J&rsquo;aime bien tous les sch\u00e9mas mais surtout, j&rsquo;aime quand mes joueurs animent ces sch\u00e9mas. C&rsquo;est toujours l&rsquo;animation des joueurs qui fait la diff\u00e9rence.<\/p>\n<h5 style=\"text-align: justify;\">Comment aimez-vous que vos \u00e9quipes jouent\u00a0? Vous \u00eates plut\u00f4t un entra\u00eeneur d\u00e9fensif ou offensif\u00a0?<\/h5>\n<p style=\"text-align: justify;\">J&rsquo;aime que mes \u00e9quipes soient compl\u00e8tes. Que tous les gars soient concern\u00e9s par la r\u00e9cup\u00e9ration du ballon mais qu&rsquo;ils soient tout aussi concern\u00e9s sur les phases offensives. Et surtout qu&rsquo;ils soient performants dans les transitions<\/p>\n<h5 style=\"text-align: justify;\">Est-ce que jouer au Stade Robert Diochon est un avantage quand on voit que toutes les \u00e9quipes qui y sont venues jouent le match de l&rsquo;ann\u00e9e\u00a0?<\/h5>\n<p style=\"text-align: justify;\">Jouer \u00e0 Diochon est un r\u00e9el plaisir et un avantage certain. Nos supporters sont magnifiques et ils jouent compl\u00e8tement leur r\u00f4le de 12\u00e8me homme. Mais on doit toujours \u00eatre \u00e0 la hauteur dans l&rsquo;investissement et dans la g\u00e9n\u00e9rosit\u00e9 pour au moins se mettre \u00e0 la hauteur&#8230;\u00a0C&rsquo;est un public digne du niveau professionnel.<\/p>\n<h5 style=\"text-align: justify;\">La formation est quelque chose qui vous tient \u00e0 c\u0153ur, pouvez-vous nous parler des jeunes du FC Rouen qui pourraient appara\u00eetre dans le groupe de l&rsquo;\u00e9quipe premi\u00e8re lors des prochains matchs\u00a0?<\/h5>\n<p style=\"text-align: justify;\">On a beaucoup de qualit\u00e9s chez nos jeunes. Mais ils doivent comprendre l&rsquo;exigence que n\u00e9cessite le niveau N3. Il faut faire beaucoup d&rsquo;efforts dans la pr\u00e9paration invisible. \u00catre performant durant les s\u00e9ances ne suffit pas. L&rsquo;objectif est de leur donner du temps de jeu, mais c&rsquo;est aussi \u00e0 eux de prouver par les sacrifices ce qu&rsquo;ils seront capables de faire et qu&rsquo;ils ont vraiment la motivation de s&rsquo;imposer.<\/p>\n<h5 style=\"text-align: justify;\">Comment expliquez-vous que le FC Rouen rassemble toujours autant de monde\u00a0?<\/h5>\n<p style=\"text-align: justify;\">On a voulu tuer le FCR, mais les grands clubs ne meurent jamais. Le FCR est le club le plus populaire de la Haute-Normandie. Il y aura toujours du monde pour le supporter, de g\u00e9n\u00e9ration en g\u00e9n\u00e9ration. C&rsquo;est un club bas\u00e9 sur une longue histoire, pas un montage politique cr\u00e9\u00e9 artificiellement.<\/p>\n<h5 style=\"text-align: justify;\">Quel est le premier souvenir qui vous vient en tant que joueur du FC Rouen\u00a0? Et du Stade Robert Diochon\u00a0?<\/h5>\n<p style=\"text-align: justify;\">Premier souvenir au stade en tant que supporter, c&rsquo;est un Rouen-Nancy et une victoire 7 buts \u00e0 1. Ce soir-l\u00e0, j&rsquo;avais vu une avalanche de buts de Beltramini. En tant que joueur, le souvenir qui m&rsquo;a le plus marqu\u00e9, c&rsquo;est le match face \u00e0 l&rsquo;OM en 93 en Coupe de France o\u00f9 Ramos, l&rsquo;arbitre de la rencontre, nous vole une possible qualification contre le futur champion d&rsquo;Europe.<\/p>\n<h5 style=\"text-align: justify;\">Qu&rsquo;est-ce que vous avez appris lors de votre exp\u00e9rience au Moyen-Orient\u00a0?<\/h5>\n<p style=\"text-align: justify;\">Mon aventure au Moyen-Orient fut extraordinaire, enrichissante d&rsquo;un point de vue humain, familial et footballistique. Quand on arrive dans un pays \u00e9tranger avec d&rsquo;autres coutumes, il faut \u00eatre capable de s&rsquo;adapter, d&rsquo;\u00eatre humble et de beaucoup \u00e9changer pour faire avancer ses id\u00e9es. J&rsquo;ai beaucoup aim\u00e9 la culture qatarie et leur fa\u00e7on d&rsquo;appr\u00e9hender la notion de famille.<\/p>\n<h5 style=\"text-align: justify;\">La Coupe de France, est-ce un objectif pour le FC Rouen\u00a0?<\/h5>\n<p style=\"text-align: justify;\">Tous les matchs sont importants pour notre effectif senior N3\/R1. Nous devons montrer un visage s\u00e9duisant lors de chaque rencontre (championnat N3, R1 et diff\u00e9rentes coupes.) La Coupe de France peut \u00eatre un \u00e9norme coup de projecteur sur un club, une \u00e9quipe, et ses joueurs. Ceci dit il faut aussi avoir le petit grain de r\u00e9ussite qui permet d&rsquo;aller loin. Le championnat est plus difficile car il demande plus de r\u00e9gularit\u00e9 dans la performance mais c&rsquo;est vraiment le juge de paix d&rsquo;une saison.<\/p>\n<h5 style=\"text-align: justify;\">Allez-vous faire tourner lors du match de Coupe de France dimanche \u00e0 15h face aux Municipaux du Havre ou allez-vous aligner l&rsquo;\u00e9quipe type\u00a0?<\/h5>\n<p style=\"text-align: justify;\">J&rsquo;aligne toujours les 16 meilleurs joueurs de la semaine, les plus m\u00e9ritants et ceux qui permettent selon moi de gagner le match du week-end. On va avoir une t\u00e2che tr\u00e8s difficile contre une belle \u00e9quipe des municipaux. Il faudra \u00eatre au maximum de nos possibilit\u00e9s si on veut \u00eatre au prochain tour.<\/p>\n<p><em><strong>Nelson Emane<br \/>\n<a href=\"https:\/\/twitter.com\/LeCanariNormand\"><img loading=\"lazy\" decoding=\"async\" class=\"alignnone size-full wp-image-2908\" src=\"http:\/\/dicodusport.fr\/blog\/wp-content\/uploads\/2017\/07\/logo-twitter-e1516110106986.png\" alt=\"\" width=\"39\" height=\"39\" \/><\/a><\/strong><\/em><\/p>\n","protected":false},"excerpt":{"rendered":"<p>Pendant quelques semaines, nous allons aller \u00e0 la rencontre des principaux acteurs du club du FC Rouen. Ce club mythique est actuellement au cinqui\u00e8me \u00e9chelon nationale mais est invaincu cette saison. Pour ce premier volet, c&rsquo;est David Giguel, l&rsquo;entra\u00eeneur de l&rsquo;\u00e9quipe premi\u00e8re, qui nous a gentiment accord\u00e9 une interview.<\/p>\n","protected":false},"author":29,"featured_media":26960,"comment_status":"open","ping_status":"closed","sticky":false,"template":"","format":"standard","meta":{"_acf_changed":false,"_daextam_enable_autolinks":"","footnotes":""},"categories":[2,2301],"tags":[5541,75],"class_list":["post-26803","post","type-post","status-publish","format-standard","has-post-thumbnail","hentry","category-actualites","category-football","tag-fc-rouen","tag-football"],"acf":[],"yoast_head":"<!-- This site is optimized with the Yoast SEO Premium plugin v26.7 (Yoast SEO v26.7) - https:\/\/yoast.com\/wordpress\/plugins\/seo\/ -->\n<title>David Giguel : &quot;Le club est dans une ann\u00e9e de transition&quot;<\/title>\n<meta name=\"description\" content=\"Pour ce premier volet, c&#039;est David Giguel, l&#039;entra\u00eeneur de l&#039;\u00e9quipe premi\u00e8re, qui nous a gentiment accord\u00e9 une interview.\" \/>\n<meta name=\"robots\" content=\"index, follow, max-snippet:-1, max-image-preview:large, max-video-preview:-1\" \/>\n<link rel=\"canonical\" href=\"https:\/\/dicodusport.fr\/blog\/david-giguel-le-club-est-dans-une-annee-de-transition\/\" \/>\n<meta property=\"og:locale\" content=\"fr_FR\" \/>\n<meta property=\"og:type\" content=\"article\" \/>\n<meta property=\"og:title\" content=\"David Giguel : &quot;Le club est dans une ann\u00e9e de transition&quot;\" \/>\n<meta property=\"og:description\" content=\"Pour ce premier volet, c&#039;est David Giguel, l&#039;entra\u00eeneur de l&#039;\u00e9quipe premi\u00e8re, qui nous a gentiment accord\u00e9 une interview.\" \/>\n<meta property=\"og:url\" content=\"https:\/\/dicodusport.fr\/blog\/david-giguel-le-club-est-dans-une-annee-de-transition\/\" \/>\n<meta property=\"og:site_name\" content=\"Dicodusport\" \/>\n<meta property=\"article:publisher\" content=\"https:\/\/www.facebook.com\/dicodusport\" \/>\n<meta property=\"article:published_time\" content=\"2018-10-06T13:43:25+00:00\" \/>\n<meta property=\"og:image\" content=\"https:\/\/dicodusport.fr\/blog\/wp-content\/uploads\/2018\/10\/David-Giguel-FC-Rouen-2018.png\" \/>\n\t<meta property=\"og:image:width\" content=\"800\" \/>\n\t<meta property=\"og:image:height\" content=\"445\" \/>\n\t<meta property=\"og:image:type\" content=\"image\/png\" \/>\n<meta name=\"author\" content=\"Nelson\" \/>\n<meta name=\"twitter:card\" content=\"summary_large_image\" \/>\n<meta name=\"twitter:creator\" content=\"@dicodusport\" \/>\n<meta name=\"twitter:site\" content=\"@dicodusport\" \/>\n<script type=\"application\/ld+json\" class=\"yoast-schema-graph\">{\"@context\":\"https:\/\/schema.org\",\"@graph\":[{\"@type\":\"NewsArticle\",\"@id\":\"https:\/\/dicodusport.fr\/blog\/david-giguel-le-club-est-dans-une-annee-de-transition\/#article\",\"isPartOf\":{\"@id\":\"https:\/\/dicodusport.fr\/blog\/david-giguel-le-club-est-dans-une-annee-de-transition\/\"},\"author\":{\"name\":\"Nelson\",\"@id\":\"https:\/\/dicodusport.fr\/blog\/#\/schema\/person\/5116a629167122a65c59ff0df3ccec05\"},\"headline\":\"David Giguel : \u00ab\u00a0Le club est dans une ann\u00e9e de transition\u00a0\u00bb\",\"datePublished\":\"2018-10-06T13:43:25+00:00\",\"mainEntityOfPage\":{\"@id\":\"https:\/\/dicodusport.fr\/blog\/david-giguel-le-club-est-dans-une-annee-de-transition\/\"},\"wordCount\":1092,\"commentCount\":2,\"publisher\":{\"@id\":\"https:\/\/dicodusport.fr\/blog\/#organization\"},\"image\":{\"@id\":\"https:\/\/dicodusport.fr\/blog\/david-giguel-le-club-est-dans-une-annee-de-transition\/#primaryimage\"},\"thumbnailUrl\":\"https:\/\/dicodusport.fr\/blog\/wp-content\/uploads\/2018\/10\/David-Giguel-FC-Rouen-2018.png\",\"keywords\":[\"FC Rouen\",\"Football\"],\"articleSection\":[\"Actualit\u00e9s\",\"Football\"],\"inLanguage\":\"fr-FR\",\"potentialAction\":[{\"@type\":\"CommentAction\",\"name\":\"Comment\",\"target\":[\"https:\/\/dicodusport.fr\/blog\/david-giguel-le-club-est-dans-une-annee-de-transition\/#respond\"]}],\"copyrightYear\":\"2018\",\"copyrightHolder\":{\"@id\":\"https:\/\/dicodusport.fr\/blog\/#organization\"}},{\"@type\":\"WebPage\",\"@id\":\"https:\/\/dicodusport.fr\/blog\/david-giguel-le-club-est-dans-une-annee-de-transition\/\",\"url\":\"https:\/\/dicodusport.fr\/blog\/david-giguel-le-club-est-dans-une-annee-de-transition\/\",\"name\":\"David Giguel : \\\"Le club est dans une ann\u00e9e de transition\\\"\",\"isPartOf\":{\"@id\":\"https:\/\/dicodusport.fr\/blog\/#website\"},\"primaryImageOfPage\":{\"@id\":\"https:\/\/dicodusport.fr\/blog\/david-giguel-le-club-est-dans-une-annee-de-transition\/#primaryimage\"},\"image\":{\"@id\":\"https:\/\/dicodusport.fr\/blog\/david-giguel-le-club-est-dans-une-annee-de-transition\/#primaryimage\"},\"thumbnailUrl\":\"https:\/\/dicodusport.fr\/blog\/wp-content\/uploads\/2018\/10\/David-Giguel-FC-Rouen-2018.png\",\"datePublished\":\"2018-10-06T13:43:25+00:00\",\"description\":\"Pour ce premier volet, c'est David Giguel, l'entra\u00eeneur de l'\u00e9quipe premi\u00e8re, qui nous a gentiment accord\u00e9 une interview.\",\"breadcrumb\":{\"@id\":\"https:\/\/dicodusport.fr\/blog\/david-giguel-le-club-est-dans-une-annee-de-transition\/#breadcrumb\"},\"inLanguage\":\"fr-FR\",\"potentialAction\":[{\"@type\":\"ReadAction\",\"target\":[\"https:\/\/dicodusport.fr\/blog\/david-giguel-le-club-est-dans-une-annee-de-transition\/\"]}]},{\"@type\":\"ImageObject\",\"inLanguage\":\"fr-FR\",\"@id\":\"https:\/\/dicodusport.fr\/blog\/david-giguel-le-club-est-dans-une-annee-de-transition\/#primaryimage\",\"url\":\"https:\/\/dicodusport.fr\/blog\/wp-content\/uploads\/2018\/10\/David-Giguel-FC-Rouen-2018.png\",\"contentUrl\":\"https:\/\/dicodusport.fr\/blog\/wp-content\/uploads\/2018\/10\/David-Giguel-FC-Rouen-2018.png\",\"width\":800,\"height\":445},{\"@type\":\"BreadcrumbList\",\"@id\":\"https:\/\/dicodusport.fr\/blog\/david-giguel-le-club-est-dans-une-annee-de-transition\/#breadcrumb\",\"itemListElement\":[{\"@type\":\"ListItem\",\"position\":1,\"name\":\"Accueil\",\"item\":\"https:\/\/dicodusport.fr\/blog\/\"},{\"@type\":\"ListItem\",\"position\":2,\"name\":\"David Giguel : \u00ab\u00a0Le club est dans une ann\u00e9e de transition\u00a0\u00bb\"}]},{\"@type\":\"WebSite\",\"@id\":\"https:\/\/dicodusport.fr\/blog\/#website\",\"url\":\"https:\/\/dicodusport.fr\/blog\/\",\"name\":\"Dicodusport\",\"description\":\"L&#039;encyclop\u00e9die de l&#039;actualit\u00e9 sportive\",\"publisher\":{\"@id\":\"https:\/\/dicodusport.fr\/blog\/#organization\"},\"potentialAction\":[{\"@type\":\"SearchAction\",\"target\":{\"@type\":\"EntryPoint\",\"urlTemplate\":\"https:\/\/dicodusport.fr\/blog\/?s={search_term_string}\"},\"query-input\":{\"@type\":\"PropertyValueSpecification\",\"valueRequired\":true,\"valueName\":\"search_term_string\"}}],\"inLanguage\":\"fr-FR\"},{\"@type\":\"NewsMediaOrganization\",\"@id\":\"https:\/\/dicodusport.fr\/blog\/#organization\",\"name\":\"Dicodusport\",\"url\":\"https:\/\/dicodusport.fr\/blog\/\",\"logo\":{\"@type\":\"ImageObject\",\"inLanguage\":\"fr-FR\",\"@id\":\"https:\/\/dicodusport.fr\/blog\/#\/schema\/logo\/image\/\",\"url\":\"https:\/\/dicodusport.fr\/blog\/wp-content\/uploads\/2020\/06\/cropped-LOGO-DICODUSPORT-2020-SANS-FOND-SANS-TEXTE.png\",\"contentUrl\":\"https:\/\/dicodusport.fr\/blog\/wp-content\/uploads\/2020\/06\/cropped-LOGO-DICODUSPORT-2020-SANS-FOND-SANS-TEXTE.png\",\"width\":512,\"height\":512,\"caption\":\"Dicodusport\"},\"image\":{\"@id\":\"https:\/\/dicodusport.fr\/blog\/#\/schema\/logo\/image\/\"},\"sameAs\":[\"https:\/\/www.facebook.com\/dicodusport\",\"https:\/\/x.com\/dicodusport\",\"https:\/\/www.instagram.com\/dicodusport\/\",\"https:\/\/www.youtube.com\/channel\/UC7V2KZ5sd3htJivAbA4ZG3w\"],\"description\":\"Dicodusport est l'encyclop\u00e9die de l'actualit\u00e9 sportive.\",\"email\":\"bonjour@dicodusport.fr\",\"legalName\":\"DICODUSPORT\",\"foundingDate\":\"2018-01-14\",\"vatID\":\"FR71834470973\",\"taxID\":\"83447097300043\",\"numberOfEmployees\":{\"@type\":\"QuantitativeValue\",\"minValue\":\"1\",\"maxValue\":\"10\"}},{\"@type\":\"Person\",\"@id\":\"https:\/\/dicodusport.fr\/blog\/#\/schema\/person\/5116a629167122a65c59ff0df3ccec05\",\"name\":\"Nelson\",\"image\":{\"@type\":\"ImageObject\",\"inLanguage\":\"fr-FR\",\"@id\":\"https:\/\/dicodusport.fr\/blog\/#\/schema\/person\/image\/\",\"url\":\"https:\/\/dicodusport.fr\/blog\/wp-content\/uploads\/2017\/01\/cropped-logo-dicodusport-sans-fond-150x150.png\",\"contentUrl\":\"https:\/\/dicodusport.fr\/blog\/wp-content\/uploads\/2017\/01\/cropped-logo-dicodusport-sans-fond-150x150.png\",\"caption\":\"Nelson\"},\"url\":\"https:\/\/dicodusport.fr\/blog\/author\/nelson\/\"}]}<\/script>\n<!-- \/ Yoast SEO Premium plugin. -->","yoast_head_json":{"title":"David Giguel : \"Le club est dans une ann\u00e9e de transition\"","description":"Pour ce premier volet, c'est David Giguel, l'entra\u00eeneur de l'\u00e9quipe premi\u00e8re, qui nous a gentiment accord\u00e9 une interview.","robots":{"index":"index","follow":"follow","max-snippet":"max-snippet:-1","max-image-preview":"max-image-preview:large","max-video-preview":"max-video-preview:-1"},"canonical":"https:\/\/dicodusport.fr\/blog\/david-giguel-le-club-est-dans-une-annee-de-transition\/","og_locale":"fr_FR","og_type":"article","og_title":"David Giguel : \"Le club est dans une ann\u00e9e de transition\"","og_description":"Pour ce premier volet, c'est David Giguel, l'entra\u00eeneur de l'\u00e9quipe premi\u00e8re, qui nous a gentiment accord\u00e9 une interview.","og_url":"https:\/\/dicodusport.fr\/blog\/david-giguel-le-club-est-dans-une-annee-de-transition\/","og_site_name":"Dicodusport","article_publisher":"https:\/\/www.facebook.com\/dicodusport","article_published_time":"2018-10-06T13:43:25+00:00","og_image":[{"width":800,"height":445,"url":"https:\/\/dicodusport.fr\/blog\/wp-content\/uploads\/2018\/10\/David-Giguel-FC-Rouen-2018.png","type":"image\/png"}],"author":"Nelson","twitter_card":"summary_large_image","twitter_creator":"@dicodusport","twitter_site":"@dicodusport","schema":{"@context":"https:\/\/schema.org","@graph":[{"@type":"NewsArticle","@id":"https:\/\/dicodusport.fr\/blog\/david-giguel-le-club-est-dans-une-annee-de-transition\/#article","isPartOf":{"@id":"https:\/\/dicodusport.fr\/blog\/david-giguel-le-club-est-dans-une-annee-de-transition\/"},"author":{"name":"Nelson","@id":"https:\/\/dicodusport.fr\/blog\/#\/schema\/person\/5116a629167122a65c59ff0df3ccec05"},"headline":"David Giguel : \u00ab\u00a0Le club est dans une ann\u00e9e de transition\u00a0\u00bb","datePublished":"2018-10-06T13:43:25+00:00","mainEntityOfPage":{"@id":"https:\/\/dicodusport.fr\/blog\/david-giguel-le-club-est-dans-une-annee-de-transition\/"},"wordCount":1092,"commentCount":2,"publisher":{"@id":"https:\/\/dicodusport.fr\/blog\/#organization"},"image":{"@id":"https:\/\/dicodusport.fr\/blog\/david-giguel-le-club-est-dans-une-annee-de-transition\/#primaryimage"},"thumbnailUrl":"https:\/\/dicodusport.fr\/blog\/wp-content\/uploads\/2018\/10\/David-Giguel-FC-Rouen-2018.png","keywords":["FC Rouen","Football"],"articleSection":["Actualit\u00e9s","Football"],"inLanguage":"fr-FR","potentialAction":[{"@type":"CommentAction","name":"Comment","target":["https:\/\/dicodusport.fr\/blog\/david-giguel-le-club-est-dans-une-annee-de-transition\/#respond"]}],"copyrightYear":"2018","copyrightHolder":{"@id":"https:\/\/dicodusport.fr\/blog\/#organization"}},{"@type":"WebPage","@id":"https:\/\/dicodusport.fr\/blog\/david-giguel-le-club-est-dans-une-annee-de-transition\/","url":"https:\/\/dicodusport.fr\/blog\/david-giguel-le-club-est-dans-une-annee-de-transition\/","name":"David Giguel : \"Le club est dans une ann\u00e9e de transition\"","isPartOf":{"@id":"https:\/\/dicodusport.fr\/blog\/#website"},"primaryImageOfPage":{"@id":"https:\/\/dicodusport.fr\/blog\/david-giguel-le-club-est-dans-une-annee-de-transition\/#primaryimage"},"image":{"@id":"https:\/\/dicodusport.fr\/blog\/david-giguel-le-club-est-dans-une-annee-de-transition\/#primaryimage"},"thumbnailUrl":"https:\/\/dicodusport.fr\/blog\/wp-content\/uploads\/2018\/10\/David-Giguel-FC-Rouen-2018.png","datePublished":"2018-10-06T13:43:25+00:00","description":"Pour ce premier volet, c'est David Giguel, l'entra\u00eeneur de l'\u00e9quipe premi\u00e8re, qui nous a gentiment accord\u00e9 une interview.","breadcrumb":{"@id":"https:\/\/dicodusport.fr\/blog\/david-giguel-le-club-est-dans-une-annee-de-transition\/#breadcrumb"},"inLanguage":"fr-FR","potentialAction":[{"@type":"ReadAction","target":["https:\/\/dicodusport.fr\/blog\/david-giguel-le-club-est-dans-une-annee-de-transition\/"]}]},{"@type":"ImageObject","inLanguage":"fr-FR","@id":"https:\/\/dicodusport.fr\/blog\/david-giguel-le-club-est-dans-une-annee-de-transition\/#primaryimage","url":"https:\/\/dicodusport.fr\/blog\/wp-content\/uploads\/2018\/10\/David-Giguel-FC-Rouen-2018.png","contentUrl":"https:\/\/dicodusport.fr\/blog\/wp-content\/uploads\/2018\/10\/David-Giguel-FC-Rouen-2018.png","width":800,"height":445},{"@type":"BreadcrumbList","@id":"https:\/\/dicodusport.fr\/blog\/david-giguel-le-club-est-dans-une-annee-de-transition\/#breadcrumb","itemListElement":[{"@type":"ListItem","position":1,"name":"Accueil","item":"https:\/\/dicodusport.fr\/blog\/"},{"@type":"ListItem","position":2,"name":"David Giguel : \u00ab\u00a0Le club est dans une ann\u00e9e de transition\u00a0\u00bb"}]},{"@type":"WebSite","@id":"https:\/\/dicodusport.fr\/blog\/#website","url":"https:\/\/dicodusport.fr\/blog\/","name":"Dicodusport","description":"L&#039;encyclop\u00e9die de l&#039;actualit\u00e9 sportive","publisher":{"@id":"https:\/\/dicodusport.fr\/blog\/#organization"},"potentialAction":[{"@type":"SearchAction","target":{"@type":"EntryPoint","urlTemplate":"https:\/\/dicodusport.fr\/blog\/?s={search_term_string}"},"query-input":{"@type":"PropertyValueSpecification","valueRequired":true,"valueName":"search_term_string"}}],"inLanguage":"fr-FR"},{"@type":"NewsMediaOrganization","@id":"https:\/\/dicodusport.fr\/blog\/#organization","name":"Dicodusport","url":"https:\/\/dicodusport.fr\/blog\/","logo":{"@type":"ImageObject","inLanguage":"fr-FR","@id":"https:\/\/dicodusport.fr\/blog\/#\/schema\/logo\/image\/","url":"https:\/\/dicodusport.fr\/blog\/wp-content\/uploads\/2020\/06\/cropped-LOGO-DICODUSPORT-2020-SANS-FOND-SANS-TEXTE.png","contentUrl":"https:\/\/dicodusport.fr\/blog\/wp-content\/uploads\/2020\/06\/cropped-LOGO-DICODUSPORT-2020-SANS-FOND-SANS-TEXTE.png","width":512,"height":512,"caption":"Dicodusport"},"image":{"@id":"https:\/\/dicodusport.fr\/blog\/#\/schema\/logo\/image\/"},"sameAs":["https:\/\/www.facebook.com\/dicodusport","https:\/\/x.com\/dicodusport","https:\/\/www.instagram.com\/dicodusport\/","https:\/\/www.youtube.com\/channel\/UC7V2KZ5sd3htJivAbA4ZG3w"],"description":"Dicodusport est l'encyclop\u00e9die de l'actualit\u00e9 sportive.","email":"bonjour@dicodusport.fr","legalName":"DICODUSPORT","foundingDate":"2018-01-14","vatID":"FR71834470973","taxID":"83447097300043","numberOfEmployees":{"@type":"QuantitativeValue","minValue":"1","maxValue":"10"}},{"@type":"Person","@id":"https:\/\/dicodusport.fr\/blog\/#\/schema\/person\/5116a629167122a65c59ff0df3ccec05","name":"Nelson","image":{"@type":"ImageObject","inLanguage":"fr-FR","@id":"https:\/\/dicodusport.fr\/blog\/#\/schema\/person\/image\/","url":"https:\/\/dicodusport.fr\/blog\/wp-content\/uploads\/2017\/01\/cropped-logo-dicodusport-sans-fond-150x150.png","contentUrl":"https:\/\/dicodusport.fr\/blog\/wp-content\/uploads\/2017\/01\/cropped-logo-dicodusport-sans-fond-150x150.png","caption":"Nelson"},"url":"https:\/\/dicodusport.fr\/blog\/author\/nelson\/"}]}},"_links":{"self":[{"href":"https:\/\/dicodusport.fr\/blog\/wp-json\/wp\/v2\/posts\/26803","targetHints":{"allow":["GET"]}}],"collection":[{"href":"https:\/\/dicodusport.fr\/blog\/wp-json\/wp\/v2\/posts"}],"about":[{"href":"https:\/\/dicodusport.fr\/blog\/wp-json\/wp\/v2\/types\/post"}],"author":[{"embeddable":true,"href":"https:\/\/dicodusport.fr\/blog\/wp-json\/wp\/v2\/users\/29"}],"replies":[{"embeddable":true,"href":"https:\/\/dicodusport.fr\/blog\/wp-json\/wp\/v2\/comments?post=26803"}],"version-history":[{"count":0,"href":"https:\/\/dicodusport.fr\/blog\/wp-json\/wp\/v2\/posts\/26803\/revisions"}],"wp:featuredmedia":[{"embeddable":true,"href":"https:\/\/dicodusport.fr\/blog\/wp-json\/wp\/v2\/media\/26960"}],"wp:attachment":[{"href":"https:\/\/dicodusport.fr\/blog\/wp-json\/wp\/v2\/media?parent=26803"}],"wp:term":[{"taxonomy":"category","embeddable":true,"href":"https:\/\/dicodusport.fr\/blog\/wp-json\/wp\/v2\/categories?post=26803"},{"taxonomy":"post_tag","embeddable":true,"href":"https:\/\/dicodusport.fr\/blog\/wp-json\/wp\/v2\/tags?post=26803"}],"curies":[{"name":"wp","href":"https:\/\/api.w.org\/{rel}","templated":true}]}}