{"id":26806,"date":"2018-10-18T10:23:57","date_gmt":"2018-10-18T08:23:57","guid":{"rendered":"http:\/\/dicodusport.fr\/blog\/?p=26806"},"modified":"2018-10-18T10:31:47","modified_gmt":"2018-10-18T08:31:47","slug":"jeremie-azou-champion-ordinaire-jeunesse-ascension-et-premier-grand-titre-1-2","status":"publish","type":"post","link":"https:\/\/dicodusport.fr\/blog\/jeremie-azou-champion-ordinaire-jeunesse-ascension-et-premier-grand-titre-1-2\/","title":{"rendered":"J\u00e9r\u00e9mie Azou, champion ordinaire : jeunesse, ascension et premier grand titre (1\/2)"},"content":{"rendered":"<p style=\"text-align: justify;\"><em><strong>Jeune retrait\u00e9 mais avant tout sportif fran\u00e7ais avec un palmar\u00e8s immense, J\u00e9r\u00e9mie Azou a marqu\u00e9 l&rsquo;histoire de son sport. Gros plan sur la carri\u00e8re hors norme d&rsquo;un rameur qui ne laisse pas indiff\u00e9rent que ce soit par son talent, sa disponibilit\u00e9 ou sa gentillesse. Dans la premi\u00e8re partie, nous reviendrons sur ses d\u00e9buts dans l&rsquo;aviron, son ascension et son premier grand titre sur la sc\u00e8ne mondiale.\u00a0<\/strong><\/em><\/p>\n<h4 style=\"text-align: justify;\">J\u00e9r\u00e9mie Azou, la jeunesse<\/h4>\n<p style=\"text-align: justify;\">Si beaucoup connaissent le champion, moins savent qu&rsquo;il a pratiqu\u00e9 de nombreux sports avant de tomber un peu par hasard dans un bateau.<\/p>\n<blockquote>\n<p style=\"text-align: justify;\">Petit,\u00a0je me suis essay\u00e9 au judo, au tennis, au foot, \u00e0 la gymnastique et \u00e0 la natation. J\u2019ai ensuite commenc\u00e9 l&rsquo;aviron \u00e0 13 ans. J\u2019ai d\u00e9marr\u00e9 par hasard, sur conseil de mon p\u00e8re, alors que personne ne pratiquait ce sport dans ma famille.<\/p>\n<\/blockquote>\n<p style=\"text-align: justify;\">L&rsquo;esprit de comp\u00e9tition \u00e9tait d\u00e9j\u00e0 bien l\u00e0, bien qu&rsquo;un peu enfoui.<\/p>\n<blockquote>\n<p style=\"text-align: justify;\">Je l\u2019ai toujours eu l&rsquo;esprit de comp\u00e9tition, mais il a fallu attendre mes ann\u00e9es de natation, juste avant mes d\u00e9buts en aviron, pour prendre confiance en moi et participer \u00e0 mes premi\u00e8res comp\u00e9titions.<\/p>\n<\/blockquote>\n<p style=\"text-align: justify;\">Ses premi\u00e8res courses dans un bateau, il s&rsquo;en souvient.<\/p>\n<blockquote>\n<p style=\"text-align: justify;\">C&rsquo;\u00e9tait un contre-la-montre \u00e0 Marignane. Techniquement, c\u2019\u00e9tait laborieux mais le r\u00e9sultat \u00e9tait prometteur, 5\u00e8me ou 7\u00e8me, je ne m\u2019en rappelle plus. Il y a eu ensuite la R\u00e9gate de Savoie. Ce fut un peu la \u00ab r\u00e9v\u00e9lation \u00bb avec une belle deuxi\u00e8me place en skiff.<\/p>\n<\/blockquote>\n<div id=\"attachment_27529\" style=\"width: 928px\" class=\"wp-caption aligncenter\"><img loading=\"lazy\" decoding=\"async\" aria-describedby=\"caption-attachment-27529\" class=\"wp-image-27529 \" src=\"http:\/\/dicodusport.fr\/blog\/wp-content\/uploads\/2018\/10\/O4N9384-copie-1024x683.jpg\" alt=\"\" width=\"918\" height=\"613\" srcset=\"https:\/\/dicodusport.fr\/blog\/wp-content\/uploads\/2018\/10\/O4N9384-copie-1024x683.jpg 1024w, https:\/\/dicodusport.fr\/blog\/wp-content\/uploads\/2018\/10\/O4N9384-copie-300x200.jpg 300w, https:\/\/dicodusport.fr\/blog\/wp-content\/uploads\/2018\/10\/O4N9384-copie-768x512.jpg 768w\" sizes=\"auto, (max-width: 918px) 100vw, 918px\" \/><p id=\"caption-attachment-27529\" class=\"wp-caption-text\">J\u00e9r\u00e9mie Azou et ses partenaires (Marras, Eymard-Duvernay, Mellet) champions de France en 2007 \u00a9 IGOR MEIJER\/FFSA<\/p><\/div>\n<h4 style=\"text-align: justify;\">J\u00e9r\u00e9mie Azou, le d\u00e9but de carri\u00e8re<\/h4>\n<p style=\"text-align: justify;\">Il y a d&rsquo;abord eu les premi\u00e8res victoires&#8230;<\/p>\n<blockquote>\n<p style=\"text-align: justify;\">J\u2019ai gagn\u00e9 mes premi\u00e8res courses en 2004, alors que j\u2019\u00e9tais en 4x Cadets. J\u2019en garde un excellent souvenir. Il n\u2019y a rien de plus agr\u00e9able qu\u2019une victoire d\u2019\u00e9quipe, surtout quand vous \u00eates entre copains.<\/p>\n<\/blockquote>\n<p style=\"text-align: justify;\">le premier titre de champion de France&#8230;<\/p>\n<blockquote>\n<p style=\"text-align: justify;\">La victoire qui m\u2019a le plus marqu\u00e9e reste peut-\u00eatre celle \u00e0 Vichy en 2005. C\u2019\u00e9tait mon premier titre de champion de France (en skiff).<\/p>\n<\/blockquote>\n<p style=\"text-align: justify;\">&#8230; et comme pour beaucoup de champions, un premier \u00e9chec<\/p>\n<blockquote>\n<p style=\"text-align: justify;\">Je me rappelle de notre 7<sup>\u00e8me<\/sup> au championnat de France Minimes. C\u2019\u00e9tait une vraie contre-performance apr\u00e8s avoir remport\u00e9 le championnat de zone \u00e0 M\u00e2con.<\/p>\n<\/blockquote>\n<p style=\"text-align: justify;\">Ce sont toutes ces choses-l\u00e0 qui lui font prendre conscience de son vrai potentiel et de l&rsquo;objectif olympique<\/p>\n<blockquote>\n<p style=\"text-align: justify;\">D\u00e8s ma premi\u00e8re ann\u00e9e chez les s\u00e9niors, j\u2019ai compris que je pouvais faire partie des meilleurs fran\u00e7ais. Mais c\u2019est \u00e0 partir de 2012 que j\u2019ai vraiment pris conscience de tout mon potentiel. A l\u2019\u00e9poque, nous venions d\u2019\u00eatre associ\u00e9s avec Stany (Delayre). Les premiers r\u00e9sultats nous ont rapidement permis de r\u00eaver d\u2019or olympique.<\/p>\n<\/blockquote>\n<div id=\"attachment_27530\" style=\"width: 897px\" class=\"wp-caption aligncenter\"><img loading=\"lazy\" decoding=\"async\" aria-describedby=\"caption-attachment-27530\" class=\"wp-image-27530 \" src=\"http:\/\/dicodusport.fr\/blog\/wp-content\/uploads\/2018\/10\/O4N3685-1024x683.jpg\" alt=\"\" width=\"887\" height=\"591\" srcset=\"https:\/\/dicodusport.fr\/blog\/wp-content\/uploads\/2018\/10\/O4N3685-1024x683.jpg 1024w, https:\/\/dicodusport.fr\/blog\/wp-content\/uploads\/2018\/10\/O4N3685-300x200.jpg 300w, https:\/\/dicodusport.fr\/blog\/wp-content\/uploads\/2018\/10\/O4N3685-768x512.jpg 768w\" sizes=\"auto, (max-width: 887px) 100vw, 887px\" \/><p id=\"caption-attachment-27530\" class=\"wp-caption-text\">3\u00e8me place lors de la Coupe du monde \u00e0 Bled en Slov\u00e9nie pour la paire Azou\/Di Girolamoi \u00a9 IGOR MEIJER<\/p><\/div>\n<h4 style=\"text-align: justify;\">J\u00e9r\u00e9mie Azou et l&rsquo;entra\u00eenement<\/h4>\n<p style=\"text-align: justify;\">La relation qu&rsquo;\u00e0 l&rsquo;athl\u00e8te avec l&rsquo;entrainement est capitale, il raconte la sienne.<\/p>\n<blockquote>\n<p style=\"text-align: justify;\">Suis-je un gros travailleur ? Je crois. Mais je pense surtout \u00eatre quelqu\u2019un de tr\u00e8s m\u00e9thodique. Je suis un gros travailleur s\u2019il faut l\u2019\u00eatre. Le haut niveau, c\u2019est avant tout la recherche de la performance, de l\u2019excellence. Nous ne cessons de courir apr\u00e8s quelque chose qui reste th\u00e9oriquement inatteignable, le geste parfait. Cette recherche inexorable brouille un peu la notion de plaisir. Elle reste souvent relative.<\/p>\n<\/blockquote>\n<p style=\"text-align: justify;\">Pour des athl\u00e8tes non professionnels, la charge d&rsquo;entra\u00eenement ajout\u00e9e \u00e0 celle de travail donnent un rythme \u00e9frein\u00e9.<\/p>\n<blockquote>\n<p style=\"text-align: justify;\">A la fin de ma carri\u00e8re, je m\u2019entra\u00eenais 12 fois par semaine. Cela correspond \u00e0 100% du programme f\u00e9d\u00e9ral. A cela se rajoutaient mes 30h d\u2019activit\u00e9 professionnelle en tant que kin\u00e9. C\u2019est le prix \u00e0 payer pour faire du haut niveau en France et en aviron.<\/p>\n<\/blockquote>\n<h4 style=\"text-align: justify;\">J\u00e9r\u00e9mie Azou et la place du mental<\/h4>\n<p style=\"text-align: justify;\">La prise de conscience de l&rsquo;importance du mental et du coaching fait son chemin en France. Pour J\u00e9r\u00e9mie Azou, c&rsquo;\u00e9tait capital.<\/p>\n<blockquote>\n<p style=\"text-align: justify;\">Selon moi, c\u2019est l\u2019une des principales qualit\u00e9s requises pour performer en aviron. Le travail paie plus que le talent. L\u2019aviron est un sport cyclique, d\u2019endurance, peu ludique. De longues heures d\u2019entra\u00eenement sont n\u00e9cessaires pour atteindre son objectif. Seul un mental d\u2019acier permet d\u2019y arriver. C\u2019est encore plus vrai pour la cat\u00e9gorie poids l\u00e9ger qui s\u2019astreint aux r\u00e9gimes et aux pes\u00e9es d\u2019avant course.<\/p>\n<\/blockquote>\n<div id=\"attachment_27528\" style=\"width: 919px\" class=\"wp-caption aligncenter\"><img loading=\"lazy\" decoding=\"async\" aria-describedby=\"caption-attachment-27528\" class=\"wp-image-27528 \" src=\"http:\/\/dicodusport.fr\/blog\/wp-content\/uploads\/2018\/10\/LM2x_AZOU_DELAYRE_victoire2-1024x683.jpg\" alt=\"\" width=\"909\" height=\"607\" srcset=\"https:\/\/dicodusport.fr\/blog\/wp-content\/uploads\/2018\/10\/LM2x_AZOU_DELAYRE_victoire2-1024x683.jpg 1024w, https:\/\/dicodusport.fr\/blog\/wp-content\/uploads\/2018\/10\/LM2x_AZOU_DELAYRE_victoire2-300x200.jpg 300w, https:\/\/dicodusport.fr\/blog\/wp-content\/uploads\/2018\/10\/LM2x_AZOU_DELAYRE_victoire2-768x512.jpg 768w\" sizes=\"auto, (max-width: 909px) 100vw, 909px\" \/><p id=\"caption-attachment-27528\" class=\"wp-caption-text\">Stany Delayre et J\u00e9r\u00e9mie Azou, victorieux \u00e0 Lucerne quelques semaines avant les JO de Londres en 2012 \u00a9 Pauline Bocquet<\/p><\/div>\n<h4 style=\"text-align: justify;\">Jeremie Azou, l&rsquo;\u00e9chec de Londres 2012<\/h4>\n<p style=\"text-align: justify;\">Attendu en 2012 avec Stany Delayre, les deux Fran\u00e7ais prennent la 4\u00e8me place \u00e0 Londres. Un \u00e9chec s\u00fbrement, un point de d\u00e9part, certainement. Il raconte.<\/p>\n<blockquote>\n<p style=\"text-align: justify;\">Ce jour-l\u00e0, nous avons eu un petit manque d\u2019exp\u00e9rience et un peu de malchance. Bref, tout ce qu\u2019il faut pour rater une m\u00e9daille sur une finale.\u00a0Cette 4\u00e8me place fut clairement le point de d\u00e9part de beaucoup de choses.<\/p>\n<\/blockquote>\n<h4 style=\"text-align: justify;\">Jeremie Azou, champion du monde en France<\/h4>\n<p style=\"text-align: justify;\">Un premier titre de champion du monde marque la vie d&rsquo;un athl\u00e8te. ais quand en plus cela se passe \u00e0 domicile, cela prend une autre dimension.<\/p>\n<blockquote>\n<p style=\"text-align: justify;\">Gagner \u00e0 domicile n\u2019est jamais chose facile, surtout quand vous faites partie des chances de m\u00e9dailles tricolores. Mais apr\u00e8s toutes les p\u00e9rip\u00e9ties que nous avions v\u00e9cues, je crois qu\u2019elle ne pouvait plus nous \u00e9chapper, pas cette fois en tout cas. Il serait trop long de tout raconter ici, les curieux et les aficionados pourront trouver le r\u00e9cit de cette comp\u00e9tition <a href=\"https:\/\/azoujeremie.wordpress.com\/2015\/09\/09\/tears-in-heaven\/\" target=\"_blank\" rel=\"noopener\">en d\u00e9tail sur mon blog<\/a>.<\/p>\n<\/blockquote>\n<p style=\"text-align: justify;\"><em><strong>Dans la deuxi\u00e8me partie de ce portait, J\u00e9r\u00e9mie Azou nous fera le r\u00e9cit les Jeux Olympiques de Rio, la fin de sa carri\u00e8re, sa vision de l&rsquo;aviron en France et ses passions autres que d&rsquo;\u00eatre dans un bateau.\u00a0<\/strong><\/em><\/p>\n<p style=\"text-align: justify;\"><em><strong>Nicolas Jacquemard<\/strong><br \/>\n<\/em><a style=\"color: #000000;\" href=\"https:\/\/twitter.com\/Nico_Jacquemard\" target=\"_blank\" rel=\"noopener noreferrer\"><img loading=\"lazy\" decoding=\"async\" class=\"alignnone wp-image-2908\" src=\"http:\/\/dicodusport.fr\/blog\/wp-content\/uploads\/2017\/07\/logo-twitter-150x150.png\" alt=\"\" width=\"39\" height=\"39\" \/><\/a><a style=\"color: #000000;\" href=\"https:\/\/www.facebook.com\/dicodusport\/\" target=\"_blank\" rel=\"noopener noreferrer\"><img loading=\"lazy\" decoding=\"async\" class=\"alignnone wp-image-2909\" src=\"http:\/\/dicodusport.fr\/blog\/wp-content\/uploads\/2017\/07\/logo-facebook-150x150.png\" alt=\"\" width=\"40\" height=\"40\" \/><\/a><\/p>\n","protected":false},"excerpt":{"rendered":"<p>Jeune retrait\u00e9 mais avant tout sportif fran\u00e7ais avec un palmar\u00e8s immense, J\u00e9r\u00e9mie Azou a marqu\u00e9 l&rsquo;histoire de son sport. Gros plan sur la carri\u00e8re hors norme d&rsquo;un rameur qui ne laisse pas indiff\u00e9rent que ce soit par son talent, sa disponibilit\u00e9 ou sa gentillesse. Dans la premi\u00e8re partie, nous reviendrons sur ses d\u00e9buts dans l&rsquo;aviron, son ascension et son premier grand titre sur la sc\u00e8ne mondiale. <\/p>\n","protected":false},"author":1,"featured_media":27531,"comment_status":"open","ping_status":"closed","sticky":false,"template":"","format":"standard","meta":{"_acf_changed":false,"_daextam_enable_autolinks":"","footnotes":""},"categories":[2],"tags":[739,743,738,1113],"class_list":["post-26806","post","type-post","status-publish","format-standard","has-post-thumbnail","hentry","category-actualites","tag-aviron","tag-azou","tag-jeremie-azou","tag-stany-delayre"],"acf":[],"yoast_head":"<!-- This site is optimized with the Yoast SEO Premium plugin v26.7 (Yoast SEO v26.7) - https:\/\/yoast.com\/wordpress\/plugins\/seo\/ -->\n<title>J\u00e9r\u00e9mie Azou, champion ordinaire : jeunesse, ascension et premier grand titre (1\/2)<\/title>\n<meta name=\"description\" content=\"Dans la premi\u00e8re partie, nous reviendrons sur ses d\u00e9buts dans l&#039;aviron, son ascension et son premier grand titre sur la sc\u00e8ne mondiale.\" \/>\n<meta name=\"robots\" content=\"index, follow, max-snippet:-1, max-image-preview:large, max-video-preview:-1\" \/>\n<link rel=\"canonical\" href=\"https:\/\/dicodusport.fr\/blog\/jeremie-azou-champion-ordinaire-jeunesse-ascension-et-premier-grand-titre-1-2\/\" \/>\n<meta property=\"og:locale\" content=\"fr_FR\" \/>\n<meta property=\"og:type\" content=\"article\" \/>\n<meta property=\"og:title\" content=\"J\u00e9r\u00e9mie Azou, champion ordinaire : jeunesse, ascension et premier grand titre (1\/2)\" \/>\n<meta property=\"og:description\" content=\"Dans la premi\u00e8re partie, nous reviendrons sur ses d\u00e9buts dans l&#039;aviron, son ascension et son premier grand titre sur la sc\u00e8ne mondiale.\" \/>\n<meta property=\"og:url\" content=\"https:\/\/dicodusport.fr\/blog\/jeremie-azou-champion-ordinaire-jeunesse-ascension-et-premier-grand-titre-1-2\/\" \/>\n<meta property=\"og:site_name\" content=\"Dicodusport\" \/>\n<meta property=\"article:publisher\" content=\"https:\/\/www.facebook.com\/dicodusport\" \/>\n<meta property=\"article:author\" content=\"https:\/\/www.facebook.com\/dicodusport\" \/>\n<meta property=\"article:published_time\" content=\"2018-10-18T08:23:57+00:00\" \/>\n<meta property=\"article:modified_time\" content=\"2018-10-18T08:31:47+00:00\" \/>\n<meta property=\"og:image\" content=\"https:\/\/dicodusport.fr\/blog\/wp-content\/uploads\/2018\/10\/Je\u0301re\u0301mie-Azou-Champion-ordinaire.png\" \/>\n\t<meta property=\"og:image:width\" content=\"1200\" \/>\n\t<meta property=\"og:image:height\" content=\"670\" \/>\n\t<meta property=\"og:image:type\" content=\"image\/png\" \/>\n<meta name=\"author\" content=\"Nicolas Jacquemard\" \/>\n<meta name=\"twitter:card\" content=\"summary_large_image\" \/>\n<meta name=\"twitter:creator\" content=\"@https:\/\/twitter.com\/Nico_Jacquemard\" \/>\n<meta name=\"twitter:site\" content=\"@dicodusport\" \/>\n<script type=\"application\/ld+json\" class=\"yoast-schema-graph\">{\"@context\":\"https:\/\/schema.org\",\"@graph\":[{\"@type\":\"NewsArticle\",\"@id\":\"https:\/\/dicodusport.fr\/blog\/jeremie-azou-champion-ordinaire-jeunesse-ascension-et-premier-grand-titre-1-2\/#article\",\"isPartOf\":{\"@id\":\"https:\/\/dicodusport.fr\/blog\/jeremie-azou-champion-ordinaire-jeunesse-ascension-et-premier-grand-titre-1-2\/\"},\"author\":{\"name\":\"Nicolas Jacquemard\",\"@id\":\"https:\/\/dicodusport.fr\/blog\/#\/schema\/person\/55dcb50ad410894e431ed812bbb70191\"},\"headline\":\"J\u00e9r\u00e9mie Azou, champion ordinaire : jeunesse, ascension et premier grand titre (1\/2)\",\"datePublished\":\"2018-10-18T08:23:57+00:00\",\"dateModified\":\"2018-10-18T08:31:47+00:00\",\"mainEntityOfPage\":{\"@id\":\"https:\/\/dicodusport.fr\/blog\/jeremie-azou-champion-ordinaire-jeunesse-ascension-et-premier-grand-titre-1-2\/\"},\"wordCount\":1079,\"commentCount\":0,\"publisher\":{\"@id\":\"https:\/\/dicodusport.fr\/blog\/#organization\"},\"image\":{\"@id\":\"https:\/\/dicodusport.fr\/blog\/jeremie-azou-champion-ordinaire-jeunesse-ascension-et-premier-grand-titre-1-2\/#primaryimage\"},\"thumbnailUrl\":\"https:\/\/dicodusport.fr\/blog\/wp-content\/uploads\/2018\/10\/Je\u0301re\u0301mie-Azou-Champion-ordinaire.png\",\"keywords\":[\"aviron\",\"azou\",\"j\u00e9r\u00e9mie azou\",\"Stany Delayre\"],\"articleSection\":[\"Actualit\u00e9s\"],\"inLanguage\":\"fr-FR\",\"potentialAction\":[{\"@type\":\"CommentAction\",\"name\":\"Comment\",\"target\":[\"https:\/\/dicodusport.fr\/blog\/jeremie-azou-champion-ordinaire-jeunesse-ascension-et-premier-grand-titre-1-2\/#respond\"]}],\"copyrightYear\":\"2018\",\"copyrightHolder\":{\"@id\":\"https:\/\/dicodusport.fr\/blog\/#organization\"}},{\"@type\":\"WebPage\",\"@id\":\"https:\/\/dicodusport.fr\/blog\/jeremie-azou-champion-ordinaire-jeunesse-ascension-et-premier-grand-titre-1-2\/\",\"url\":\"https:\/\/dicodusport.fr\/blog\/jeremie-azou-champion-ordinaire-jeunesse-ascension-et-premier-grand-titre-1-2\/\",\"name\":\"J\u00e9r\u00e9mie Azou, champion ordinaire : jeunesse, ascension et premier grand titre (1\/2)\",\"isPartOf\":{\"@id\":\"https:\/\/dicodusport.fr\/blog\/#website\"},\"primaryImageOfPage\":{\"@id\":\"https:\/\/dicodusport.fr\/blog\/jeremie-azou-champion-ordinaire-jeunesse-ascension-et-premier-grand-titre-1-2\/#primaryimage\"},\"image\":{\"@id\":\"https:\/\/dicodusport.fr\/blog\/jeremie-azou-champion-ordinaire-jeunesse-ascension-et-premier-grand-titre-1-2\/#primaryimage\"},\"thumbnailUrl\":\"https:\/\/dicodusport.fr\/blog\/wp-content\/uploads\/2018\/10\/Je\u0301re\u0301mie-Azou-Champion-ordinaire.png\",\"datePublished\":\"2018-10-18T08:23:57+00:00\",\"dateModified\":\"2018-10-18T08:31:47+00:00\",\"description\":\"Dans la premi\u00e8re partie, nous reviendrons sur ses d\u00e9buts dans l'aviron, son ascension et son premier grand titre sur la sc\u00e8ne mondiale.\",\"breadcrumb\":{\"@id\":\"https:\/\/dicodusport.fr\/blog\/jeremie-azou-champion-ordinaire-jeunesse-ascension-et-premier-grand-titre-1-2\/#breadcrumb\"},\"inLanguage\":\"fr-FR\",\"potentialAction\":[{\"@type\":\"ReadAction\",\"target\":[\"https:\/\/dicodusport.fr\/blog\/jeremie-azou-champion-ordinaire-jeunesse-ascension-et-premier-grand-titre-1-2\/\"]}]},{\"@type\":\"ImageObject\",\"inLanguage\":\"fr-FR\",\"@id\":\"https:\/\/dicodusport.fr\/blog\/jeremie-azou-champion-ordinaire-jeunesse-ascension-et-premier-grand-titre-1-2\/#primaryimage\",\"url\":\"https:\/\/dicodusport.fr\/blog\/wp-content\/uploads\/2018\/10\/Je\u0301re\u0301mie-Azou-Champion-ordinaire.png\",\"contentUrl\":\"https:\/\/dicodusport.fr\/blog\/wp-content\/uploads\/2018\/10\/Je\u0301re\u0301mie-Azou-Champion-ordinaire.png\",\"width\":1200,\"height\":670},{\"@type\":\"BreadcrumbList\",\"@id\":\"https:\/\/dicodusport.fr\/blog\/jeremie-azou-champion-ordinaire-jeunesse-ascension-et-premier-grand-titre-1-2\/#breadcrumb\",\"itemListElement\":[{\"@type\":\"ListItem\",\"position\":1,\"name\":\"Accueil\",\"item\":\"https:\/\/dicodusport.fr\/blog\/\"},{\"@type\":\"ListItem\",\"position\":2,\"name\":\"J\u00e9r\u00e9mie Azou, champion ordinaire : jeunesse, ascension et premier grand titre (1\/2)\"}]},{\"@type\":\"WebSite\",\"@id\":\"https:\/\/dicodusport.fr\/blog\/#website\",\"url\":\"https:\/\/dicodusport.fr\/blog\/\",\"name\":\"Dicodusport\",\"description\":\"L&#039;encyclop\u00e9die de l&#039;actualit\u00e9 sportive\",\"publisher\":{\"@id\":\"https:\/\/dicodusport.fr\/blog\/#organization\"},\"potentialAction\":[{\"@type\":\"SearchAction\",\"target\":{\"@type\":\"EntryPoint\",\"urlTemplate\":\"https:\/\/dicodusport.fr\/blog\/?s={search_term_string}\"},\"query-input\":{\"@type\":\"PropertyValueSpecification\",\"valueRequired\":true,\"valueName\":\"search_term_string\"}}],\"inLanguage\":\"fr-FR\"},{\"@type\":\"NewsMediaOrganization\",\"@id\":\"https:\/\/dicodusport.fr\/blog\/#organization\",\"name\":\"Dicodusport\",\"url\":\"https:\/\/dicodusport.fr\/blog\/\",\"logo\":{\"@type\":\"ImageObject\",\"inLanguage\":\"fr-FR\",\"@id\":\"https:\/\/dicodusport.fr\/blog\/#\/schema\/logo\/image\/\",\"url\":\"https:\/\/dicodusport.fr\/blog\/wp-content\/uploads\/2020\/06\/cropped-LOGO-DICODUSPORT-2020-SANS-FOND-SANS-TEXTE.png\",\"contentUrl\":\"https:\/\/dicodusport.fr\/blog\/wp-content\/uploads\/2020\/06\/cropped-LOGO-DICODUSPORT-2020-SANS-FOND-SANS-TEXTE.png\",\"width\":512,\"height\":512,\"caption\":\"Dicodusport\"},\"image\":{\"@id\":\"https:\/\/dicodusport.fr\/blog\/#\/schema\/logo\/image\/\"},\"sameAs\":[\"https:\/\/www.facebook.com\/dicodusport\",\"https:\/\/x.com\/dicodusport\",\"https:\/\/www.instagram.com\/dicodusport\/\",\"https:\/\/www.youtube.com\/channel\/UC7V2KZ5sd3htJivAbA4ZG3w\"],\"description\":\"Dicodusport est l'encyclop\u00e9die de l'actualit\u00e9 sportive.\",\"email\":\"bonjour@dicodusport.fr\",\"legalName\":\"DICODUSPORT\",\"foundingDate\":\"2018-01-14\",\"vatID\":\"FR71834470973\",\"taxID\":\"83447097300043\",\"numberOfEmployees\":{\"@type\":\"QuantitativeValue\",\"minValue\":\"1\",\"maxValue\":\"10\"}},{\"@type\":\"Person\",\"@id\":\"https:\/\/dicodusport.fr\/blog\/#\/schema\/person\/55dcb50ad410894e431ed812bbb70191\",\"name\":\"Nicolas Jacquemard\",\"image\":{\"@type\":\"ImageObject\",\"inLanguage\":\"fr-FR\",\"@id\":\"https:\/\/dicodusport.fr\/blog\/#\/schema\/person\/image\/\",\"url\":\"https:\/\/dicodusport.fr\/blog\/wp-content\/uploads\/2021\/05\/Nicolas-Jacquemard-150x150.jpeg\",\"contentUrl\":\"https:\/\/dicodusport.fr\/blog\/wp-content\/uploads\/2021\/05\/Nicolas-Jacquemard-150x150.jpeg\",\"caption\":\"Nicolas Jacquemard\"},\"description\":\"Passionn\u00e9 de sport et entrepreneur depuis mes 18 ans, la cr\u00e9ation de Dicodusport m'a sembl\u00e9 \u00e9vidente pour participer \u00e0 la m\u00e9diatisation d'un plus grand nombre de sports. Le chemin est long mais avec une \u00e9quipe des plus motiv\u00e9es et les Jeux Olympiques de Paris 2024 en point de mire, nous y arriverons ! Journaliste dans le monde du sport depuis plus de 5 ans, je traite aussi bien de football, de rugby, de biathlon que de cyclisme.\",\"sameAs\":[\"https:\/\/www.facebook.com\/dicodusport\",\"https:\/\/x.com\/https:\/\/twitter.com\/Nico_Jacquemard\"],\"url\":\"https:\/\/dicodusport.fr\/blog\/author\/dicodusport\/\"}]}<\/script>\n<!-- \/ Yoast SEO Premium plugin. -->","yoast_head_json":{"title":"J\u00e9r\u00e9mie Azou, champion ordinaire : jeunesse, ascension et premier grand titre (1\/2)","description":"Dans la premi\u00e8re partie, nous reviendrons sur ses d\u00e9buts dans l'aviron, son ascension et son premier grand titre sur la sc\u00e8ne mondiale.","robots":{"index":"index","follow":"follow","max-snippet":"max-snippet:-1","max-image-preview":"max-image-preview:large","max-video-preview":"max-video-preview:-1"},"canonical":"https:\/\/dicodusport.fr\/blog\/jeremie-azou-champion-ordinaire-jeunesse-ascension-et-premier-grand-titre-1-2\/","og_locale":"fr_FR","og_type":"article","og_title":"J\u00e9r\u00e9mie Azou, champion ordinaire : jeunesse, ascension et premier grand titre (1\/2)","og_description":"Dans la premi\u00e8re partie, nous reviendrons sur ses d\u00e9buts dans l'aviron, son ascension et son premier grand titre sur la sc\u00e8ne mondiale.","og_url":"https:\/\/dicodusport.fr\/blog\/jeremie-azou-champion-ordinaire-jeunesse-ascension-et-premier-grand-titre-1-2\/","og_site_name":"Dicodusport","article_publisher":"https:\/\/www.facebook.com\/dicodusport","article_author":"https:\/\/www.facebook.com\/dicodusport","article_published_time":"2018-10-18T08:23:57+00:00","article_modified_time":"2018-10-18T08:31:47+00:00","og_image":[{"width":1200,"height":670,"url":"https:\/\/dicodusport.fr\/blog\/wp-content\/uploads\/2018\/10\/Je\u0301re\u0301mie-Azou-Champion-ordinaire.png","type":"image\/png"}],"author":"Nicolas Jacquemard","twitter_card":"summary_large_image","twitter_creator":"@https:\/\/twitter.com\/Nico_Jacquemard","twitter_site":"@dicodusport","schema":{"@context":"https:\/\/schema.org","@graph":[{"@type":"NewsArticle","@id":"https:\/\/dicodusport.fr\/blog\/jeremie-azou-champion-ordinaire-jeunesse-ascension-et-premier-grand-titre-1-2\/#article","isPartOf":{"@id":"https:\/\/dicodusport.fr\/blog\/jeremie-azou-champion-ordinaire-jeunesse-ascension-et-premier-grand-titre-1-2\/"},"author":{"name":"Nicolas Jacquemard","@id":"https:\/\/dicodusport.fr\/blog\/#\/schema\/person\/55dcb50ad410894e431ed812bbb70191"},"headline":"J\u00e9r\u00e9mie Azou, champion ordinaire : jeunesse, ascension et premier grand titre (1\/2)","datePublished":"2018-10-18T08:23:57+00:00","dateModified":"2018-10-18T08:31:47+00:00","mainEntityOfPage":{"@id":"https:\/\/dicodusport.fr\/blog\/jeremie-azou-champion-ordinaire-jeunesse-ascension-et-premier-grand-titre-1-2\/"},"wordCount":1079,"commentCount":0,"publisher":{"@id":"https:\/\/dicodusport.fr\/blog\/#organization"},"image":{"@id":"https:\/\/dicodusport.fr\/blog\/jeremie-azou-champion-ordinaire-jeunesse-ascension-et-premier-grand-titre-1-2\/#primaryimage"},"thumbnailUrl":"https:\/\/dicodusport.fr\/blog\/wp-content\/uploads\/2018\/10\/Je\u0301re\u0301mie-Azou-Champion-ordinaire.png","keywords":["aviron","azou","j\u00e9r\u00e9mie azou","Stany Delayre"],"articleSection":["Actualit\u00e9s"],"inLanguage":"fr-FR","potentialAction":[{"@type":"CommentAction","name":"Comment","target":["https:\/\/dicodusport.fr\/blog\/jeremie-azou-champion-ordinaire-jeunesse-ascension-et-premier-grand-titre-1-2\/#respond"]}],"copyrightYear":"2018","copyrightHolder":{"@id":"https:\/\/dicodusport.fr\/blog\/#organization"}},{"@type":"WebPage","@id":"https:\/\/dicodusport.fr\/blog\/jeremie-azou-champion-ordinaire-jeunesse-ascension-et-premier-grand-titre-1-2\/","url":"https:\/\/dicodusport.fr\/blog\/jeremie-azou-champion-ordinaire-jeunesse-ascension-et-premier-grand-titre-1-2\/","name":"J\u00e9r\u00e9mie Azou, champion ordinaire : jeunesse, ascension et premier grand titre (1\/2)","isPartOf":{"@id":"https:\/\/dicodusport.fr\/blog\/#website"},"primaryImageOfPage":{"@id":"https:\/\/dicodusport.fr\/blog\/jeremie-azou-champion-ordinaire-jeunesse-ascension-et-premier-grand-titre-1-2\/#primaryimage"},"image":{"@id":"https:\/\/dicodusport.fr\/blog\/jeremie-azou-champion-ordinaire-jeunesse-ascension-et-premier-grand-titre-1-2\/#primaryimage"},"thumbnailUrl":"https:\/\/dicodusport.fr\/blog\/wp-content\/uploads\/2018\/10\/Je\u0301re\u0301mie-Azou-Champion-ordinaire.png","datePublished":"2018-10-18T08:23:57+00:00","dateModified":"2018-10-18T08:31:47+00:00","description":"Dans la premi\u00e8re partie, nous reviendrons sur ses d\u00e9buts dans l'aviron, son ascension et son premier grand titre sur la sc\u00e8ne mondiale.","breadcrumb":{"@id":"https:\/\/dicodusport.fr\/blog\/jeremie-azou-champion-ordinaire-jeunesse-ascension-et-premier-grand-titre-1-2\/#breadcrumb"},"inLanguage":"fr-FR","potentialAction":[{"@type":"ReadAction","target":["https:\/\/dicodusport.fr\/blog\/jeremie-azou-champion-ordinaire-jeunesse-ascension-et-premier-grand-titre-1-2\/"]}]},{"@type":"ImageObject","inLanguage":"fr-FR","@id":"https:\/\/dicodusport.fr\/blog\/jeremie-azou-champion-ordinaire-jeunesse-ascension-et-premier-grand-titre-1-2\/#primaryimage","url":"https:\/\/dicodusport.fr\/blog\/wp-content\/uploads\/2018\/10\/Je\u0301re\u0301mie-Azou-Champion-ordinaire.png","contentUrl":"https:\/\/dicodusport.fr\/blog\/wp-content\/uploads\/2018\/10\/Je\u0301re\u0301mie-Azou-Champion-ordinaire.png","width":1200,"height":670},{"@type":"BreadcrumbList","@id":"https:\/\/dicodusport.fr\/blog\/jeremie-azou-champion-ordinaire-jeunesse-ascension-et-premier-grand-titre-1-2\/#breadcrumb","itemListElement":[{"@type":"ListItem","position":1,"name":"Accueil","item":"https:\/\/dicodusport.fr\/blog\/"},{"@type":"ListItem","position":2,"name":"J\u00e9r\u00e9mie Azou, champion ordinaire : jeunesse, ascension et premier grand titre (1\/2)"}]},{"@type":"WebSite","@id":"https:\/\/dicodusport.fr\/blog\/#website","url":"https:\/\/dicodusport.fr\/blog\/","name":"Dicodusport","description":"L&#039;encyclop\u00e9die de l&#039;actualit\u00e9 sportive","publisher":{"@id":"https:\/\/dicodusport.fr\/blog\/#organization"},"potentialAction":[{"@type":"SearchAction","target":{"@type":"EntryPoint","urlTemplate":"https:\/\/dicodusport.fr\/blog\/?s={search_term_string}"},"query-input":{"@type":"PropertyValueSpecification","valueRequired":true,"valueName":"search_term_string"}}],"inLanguage":"fr-FR"},{"@type":"NewsMediaOrganization","@id":"https:\/\/dicodusport.fr\/blog\/#organization","name":"Dicodusport","url":"https:\/\/dicodusport.fr\/blog\/","logo":{"@type":"ImageObject","inLanguage":"fr-FR","@id":"https:\/\/dicodusport.fr\/blog\/#\/schema\/logo\/image\/","url":"https:\/\/dicodusport.fr\/blog\/wp-content\/uploads\/2020\/06\/cropped-LOGO-DICODUSPORT-2020-SANS-FOND-SANS-TEXTE.png","contentUrl":"https:\/\/dicodusport.fr\/blog\/wp-content\/uploads\/2020\/06\/cropped-LOGO-DICODUSPORT-2020-SANS-FOND-SANS-TEXTE.png","width":512,"height":512,"caption":"Dicodusport"},"image":{"@id":"https:\/\/dicodusport.fr\/blog\/#\/schema\/logo\/image\/"},"sameAs":["https:\/\/www.facebook.com\/dicodusport","https:\/\/x.com\/dicodusport","https:\/\/www.instagram.com\/dicodusport\/","https:\/\/www.youtube.com\/channel\/UC7V2KZ5sd3htJivAbA4ZG3w"],"description":"Dicodusport est l'encyclop\u00e9die de l'actualit\u00e9 sportive.","email":"bonjour@dicodusport.fr","legalName":"DICODUSPORT","foundingDate":"2018-01-14","vatID":"FR71834470973","taxID":"83447097300043","numberOfEmployees":{"@type":"QuantitativeValue","minValue":"1","maxValue":"10"}},{"@type":"Person","@id":"https:\/\/dicodusport.fr\/blog\/#\/schema\/person\/55dcb50ad410894e431ed812bbb70191","name":"Nicolas Jacquemard","image":{"@type":"ImageObject","inLanguage":"fr-FR","@id":"https:\/\/dicodusport.fr\/blog\/#\/schema\/person\/image\/","url":"https:\/\/dicodusport.fr\/blog\/wp-content\/uploads\/2021\/05\/Nicolas-Jacquemard-150x150.jpeg","contentUrl":"https:\/\/dicodusport.fr\/blog\/wp-content\/uploads\/2021\/05\/Nicolas-Jacquemard-150x150.jpeg","caption":"Nicolas Jacquemard"},"description":"Passionn\u00e9 de sport et entrepreneur depuis mes 18 ans, la cr\u00e9ation de Dicodusport m'a sembl\u00e9 \u00e9vidente pour participer \u00e0 la m\u00e9diatisation d'un plus grand nombre de sports. Le chemin est long mais avec une \u00e9quipe des plus motiv\u00e9es et les Jeux Olympiques de Paris 2024 en point de mire, nous y arriverons ! Journaliste dans le monde du sport depuis plus de 5 ans, je traite aussi bien de football, de rugby, de biathlon que de cyclisme.","sameAs":["https:\/\/www.facebook.com\/dicodusport","https:\/\/x.com\/https:\/\/twitter.com\/Nico_Jacquemard"],"url":"https:\/\/dicodusport.fr\/blog\/author\/dicodusport\/"}]}},"_links":{"self":[{"href":"https:\/\/dicodusport.fr\/blog\/wp-json\/wp\/v2\/posts\/26806","targetHints":{"allow":["GET"]}}],"collection":[{"href":"https:\/\/dicodusport.fr\/blog\/wp-json\/wp\/v2\/posts"}],"about":[{"href":"https:\/\/dicodusport.fr\/blog\/wp-json\/wp\/v2\/types\/post"}],"author":[{"embeddable":true,"href":"https:\/\/dicodusport.fr\/blog\/wp-json\/wp\/v2\/users\/1"}],"replies":[{"embeddable":true,"href":"https:\/\/dicodusport.fr\/blog\/wp-json\/wp\/v2\/comments?post=26806"}],"version-history":[{"count":0,"href":"https:\/\/dicodusport.fr\/blog\/wp-json\/wp\/v2\/posts\/26806\/revisions"}],"wp:featuredmedia":[{"embeddable":true,"href":"https:\/\/dicodusport.fr\/blog\/wp-json\/wp\/v2\/media\/27531"}],"wp:attachment":[{"href":"https:\/\/dicodusport.fr\/blog\/wp-json\/wp\/v2\/media?parent=26806"}],"wp:term":[{"taxonomy":"category","embeddable":true,"href":"https:\/\/dicodusport.fr\/blog\/wp-json\/wp\/v2\/categories?post=26806"},{"taxonomy":"post_tag","embeddable":true,"href":"https:\/\/dicodusport.fr\/blog\/wp-json\/wp\/v2\/tags?post=26806"}],"curies":[{"name":"wp","href":"https:\/\/api.w.org\/{rel}","templated":true}]}}