{"id":26809,"date":"2018-10-28T10:00:26","date_gmt":"2018-10-28T08:00:26","guid":{"rendered":"http:\/\/dicodusport.fr\/blog\/?p=26809"},"modified":"2018-10-28T09:34:54","modified_gmt":"2018-10-28T08:34:54","slug":"jeremie-azou-champion-ordinaire-jeux-olympiques-retraite-aviron-francais-2-2","status":"publish","type":"post","link":"https:\/\/dicodusport.fr\/blog\/jeremie-azou-champion-ordinaire-jeux-olympiques-retraite-aviron-francais-2-2\/","title":{"rendered":"J\u00e9r\u00e9mie Azou, champion ordinaire : Jeux Olympiques, retraite, aviron fran\u00e7ais (2\/2)"},"content":{"rendered":"<p style=\"text-align: justify;\"><em><strong>Jeune retrait\u00e9 mais avant tout sportif fran\u00e7ais avec un palmar\u00e8s immense, J\u00e9r\u00e9mie Azou a marqu\u00e9 l&rsquo;histoire de son sport. Gros plan sur la carri\u00e8re hors norme d&rsquo;un rameur qui ne laisse pas indiff\u00e9rent que ce soit par son talent, sa disponibilit\u00e9 ou sa gentillesse. Dans la deuxi\u00e8me partie, nous reviendrons sur son titre olympique, sa retraite, tout en \u00e9voquant la vision qu&rsquo;il a de son sport en France.\u00a0<\/strong><\/em><\/p>\n<h4 style=\"text-align: justify;\">J\u00e9r\u00e9mie Azou, l&rsquo;avant Rio et le titre olympique<\/h4>\n<p style=\"text-align: justify;\">Alors qu&rsquo;il ramait avec Stany Delayre depuis plusieurs ann\u00e9es, un petit nouveau vient bouleverser la hi\u00e9rarchie juste avant Rio.<\/p>\n<blockquote>\n<p style=\"text-align: justify;\">Pierre s\u2019est donn\u00e9 les moyens d\u2019atteindre ses objectifs, donc comment lui en vouloir ? Ce qui est s\u00fbr, c\u2019est que je ne souhaite \u00e0 personne d\u2019\u00eatre dans la situation o\u00f9 j\u2019ai \u00e9t\u00e9. Car compte tenu de l\u2019enjeu et du potentiel du bateau, la F\u00e9d\u00e9ration Fran\u00e7aise d&rsquo;Aviron a, selon moi, manqu\u00e9 de transparence \u00e0 bien des \u00e9gards. Humainement, \u00e7a a \u00e9t\u00e9 tr\u00e8s dur comme p\u00e9riode. On oublie souvent qu\u2019on reste des humains.<\/p>\n<\/blockquote>\n<p style=\"text-align: justify;\">Avec Pierre Houin, il deviendra champion olympique.<\/p>\n<blockquote>\n<p style=\"text-align: justify;\">Les Jeux Olympiques, c\u2019est le graal pour un rameur, ce serait mentir de dire le contraire. Les gagner avec Stany, au vue des p\u00e9rip\u00e9ties que nous avions v\u00e9cues ensemble et de notre amiti\u00e9, c\u2019est s\u00fbr que l\u2019histoire aurait \u00e9t\u00e9 belle.<\/p>\n<\/blockquote>\n<div id=\"attachment_28206\" style=\"width: 670px\" class=\"wp-caption aligncenter\"><img loading=\"lazy\" decoding=\"async\" aria-describedby=\"caption-attachment-28206\" class=\"wp-image-28206 size-large\" src=\"http:\/\/dicodusport.fr\/blog\/wp-content\/uploads\/2018\/10\/JO-Rio-2-1024x530.jpg\" alt=\"\" width=\"660\" height=\"342\" srcset=\"https:\/\/dicodusport.fr\/blog\/wp-content\/uploads\/2018\/10\/JO-Rio-2-1024x530.jpg 1024w, https:\/\/dicodusport.fr\/blog\/wp-content\/uploads\/2018\/10\/JO-Rio-2-300x155.jpg 300w, https:\/\/dicodusport.fr\/blog\/wp-content\/uploads\/2018\/10\/JO-Rio-2-768x398.jpg 768w\" sizes=\"auto, (max-width: 660px) 100vw, 660px\" \/><p id=\"caption-attachment-28206\" class=\"wp-caption-text\">J\u00e9r\u00e9mie Azou et Pierre Houin champions olympiques \u00e0 Rio<\/p><\/div>\n<h4 style=\"text-align: justify;\">J\u00e9r\u00e9mie Azou, l&rsquo;invaincu<\/h4>\n<p style=\"text-align: justify;\">Jusqu&rsquo;\u00e0 sa retraite, il est rest\u00e9 invaincu pendant plus de 50 courses avec Stany d&rsquo;abord, puis avec Pierre ensuite.<\/p>\n<blockquote>\n<p style=\"text-align: justify;\">Ce sont de bons souvenirs et de la fiert\u00e9 aussi. Chaque victoire a son histoire. C\u2019est d\u2019ailleurs le plus paradoxal : on ne se rappelle pas du nombre mais bien de chacune d\u2019elles. Comme si le chiffre avait peu d\u2019importance finalement. Pour autant, nous n&rsquo;avons jamais eu le sentiment d&rsquo;\u00eatre invincibles. A chaque course les compteurs \u00e9taient remis \u00e0 z\u00e9ro. Nous n\u2019avons jamais sous-estim\u00e9 nos adversaires. C\u2019est ce qui nous a permis de rester aussi longtemps invaincus.<\/p>\n<\/blockquote>\n<h4 style=\"text-align: justify;\">J\u00e9r\u00e9mie Azou, plus grand rameur fran\u00e7ais ?<\/h4>\n<p style=\"text-align: justify;\">Si son palmar\u00e8s parle\u00a0de lui-m\u00eame et\u00a0en fait l&rsquo;un des plus grands rameurs fran\u00e7ais de l&rsquo;histoire, il \u00e9voque la question avec beaucoup d&rsquo;humilit\u00e9.<\/p>\n<blockquote>\n<p style=\"text-align: justify;\">Il faut avoir beaucoup d\u2019humilit\u00e9 avec ce genre de d\u00e9claration. La trajectoire et la carri\u00e8re d\u2019un sportif inclut d\u2019innombrables param\u00e8tres. J\u2019ai rencontr\u00e9 les bonnes personnes au bon moment. Elles m\u2019ont permis d\u2019exploiter 100% de mon potentiel. Je suis fier d\u2019avoir marqu\u00e9 une g\u00e9n\u00e9ration, c\u2019est s\u00fbr, mais je crois surtout qu\u2019il existe des champions pour chaque g\u00e9n\u00e9ration, ind\u00e9pendamment du r\u00e9sultat sportif. Donc j\u2019esp\u00e8re que beaucoup m\u2019auront oubli\u00e9 dans quelques ann\u00e9es, cela voudra dire que l\u2019aviron fran\u00e7ais aura brill\u00e9 de nombreuses fois depuis la fin de ma carri\u00e8re.<\/p>\n<\/blockquote>\n<div id=\"attachment_28207\" style=\"width: 670px\" class=\"wp-caption aligncenter\"><img loading=\"lazy\" decoding=\"async\" aria-describedby=\"caption-attachment-28207\" class=\"wp-image-28207 size-large\" src=\"http:\/\/dicodusport.fr\/blog\/wp-content\/uploads\/2018\/10\/FFA-Aviron-Coupe-du-Monde-III-2017-Lucerne-c-avironfrance-Daniel-BLIN-315-1024x768.jpg\" alt=\"\" width=\"660\" height=\"495\" srcset=\"https:\/\/dicodusport.fr\/blog\/wp-content\/uploads\/2018\/10\/FFA-Aviron-Coupe-du-Monde-III-2017-Lucerne-c-avironfrance-Daniel-BLIN-315-1024x768.jpg 1024w, https:\/\/dicodusport.fr\/blog\/wp-content\/uploads\/2018\/10\/FFA-Aviron-Coupe-du-Monde-III-2017-Lucerne-c-avironfrance-Daniel-BLIN-315-300x225.jpg 300w, https:\/\/dicodusport.fr\/blog\/wp-content\/uploads\/2018\/10\/FFA-Aviron-Coupe-du-Monde-III-2017-Lucerne-c-avironfrance-Daniel-BLIN-315-768x576.jpg 768w\" sizes=\"auto, (max-width: 660px) 100vw, 660px\" \/><p id=\"caption-attachment-28207\" class=\"wp-caption-text\">J\u00e9r\u00e9mie Azou et Pierre Houin vainqueurs de la Coupe du monde de Lucerne en 2017 \u00a9 Daniel Blin<\/p><\/div>\n<h4 style=\"text-align: justify;\">J\u00e9r\u00e9mie Azou, la retraite<\/h4>\n<p style=\"text-align: justify;\">A la surprise g\u00e9n\u00e9rale, apr\u00e8s son deuxi\u00e8me titre de champion du monde en 2017, il annonce sa retraite sportive, l&rsquo;envie lui manquant.<\/p>\n<blockquote>\n<p style=\"text-align: justify;\">L\u2019usure psychologique et physique. Sportivement, je n\u2019avais plus envie. Je savais que le groupe \u00e9tait assez solide pour fonctionner sans moi. J\u2019avais aussi envie de passer \u00e0 autre chose, de profiter de ma famille et de mes proches.\u00a0Il n\u2019y a pas un jour o\u00f9 je regrette, \u00e7a peut paraitre bizarre, mais c\u2019est vrai. Aucun come-back n\u2019est donc pr\u00e9vu.<\/p>\n<\/blockquote>\n<h4 style=\"text-align: justify;\">J\u00e9r\u00e9mie Azou, l\u2019aviron en France<\/h4>\n<p style=\"text-align: justify;\">M\u00eame s&rsquo;il ne rame plus, il garde un \u0153il avis\u00e9 sur l&rsquo;\u00e9volution et la place de son sport en France. Mais aussi sur les performances des bateaux fran\u00e7ais lors des derni\u00e8res comp\u00e9titions internationales.<\/p>\n<blockquote>\n<p style=\"text-align: justify;\">Selon le tableau des m\u00e9dailles, le bilan est plut\u00f4t bon, mais il faut faire tr\u00e8s attention \u00e0 son interpr\u00e9tation. S\u2019il s\u2019agissait d\u2019une ann\u00e9e pr\u00e9-olympique, seuls 4 rameurs auraient \u00e9t\u00e9 qualifi\u00e9s aux JO (Onfroy-Onfroy en 2- TC et Androdias-Boucheron en 2x TC). Donc beaucoup de chemin reste encore \u00e0 parcourir sur les deux ann\u00e9es \u00e0 venir. L\u2019objectif final, c\u2019est Tokyo, donc pas d\u2019inqui\u00e9tude particuli\u00e8re. Il faudra n\u00e9anmoins \u00eatre fort cette saison pour qualifier un maximum d\u2019embarcations.<\/p>\n<p style=\"text-align: justify;\">Concernant le groupe paralympique, le bilan est vraiment prometteur. Je suis particuli\u00e8rement content pour le 4+LTA. Ils arrivent enfin \u00e0 concr\u00e9tiser. Il leur aura fallu beaucoup d\u2019abn\u00e9gation, de patience et de travail pour y arriver. Leur histoire est chouette\u00a0!<\/p>\n<p style=\"text-align: justify;\">Sur le plan national, l\u2019aviron se porte bien je trouve. Beaucoup de programmes aviron-sant\u00e9 voient le jour. Je trouve \u00e7a super. Difficile sinon de recruter des jeunes dans les clubs cette ann\u00e9e avec la victoire de l\u2019\u00e9quipe de France de foot \u00e0 la Coupe du monde. C\u2019est dommage, car l\u2019exposition m\u00e9diatique \u00e9tait bonne cette ann\u00e9e avec la rediffusion des championnats d\u2019Europe (France T\u00e9l\u00e9visions) et des championnats du monde\u00a0(La Cha\u00eene l&rsquo;Equipe).<\/p>\n<p>Certaines choses changent, d\u2019autres non malheureusement. Le sport est de moins en moins financ\u00e9, difficile donc de mener des projets \u00e0 terme quand l\u2019argent manque. En dix ans de carri\u00e8re, j\u2019ai vu de bonnes am\u00e9liorations, mais j\u2019ai aussi assist\u00e9 \u00e0 quelques grosses erreurs qui ont co\u00fbt\u00e9 ch\u00e8res, humainement et financi\u00e8rement.<\/p><\/blockquote>\n<div id=\"attachment_28209\" style=\"width: 670px\" class=\"wp-caption aligncenter\"><img loading=\"lazy\" decoding=\"async\" aria-describedby=\"caption-attachment-28209\" class=\"wp-image-28209 size-large\" src=\"http:\/\/dicodusport.fr\/blog\/wp-content\/uploads\/2018\/10\/Azou-parrain-8-1024x768.jpg\" alt=\"\" width=\"660\" height=\"495\" srcset=\"https:\/\/dicodusport.fr\/blog\/wp-content\/uploads\/2018\/10\/Azou-parrain-8-1024x768.jpg 1024w, https:\/\/dicodusport.fr\/blog\/wp-content\/uploads\/2018\/10\/Azou-parrain-8-300x225.jpg 300w, https:\/\/dicodusport.fr\/blog\/wp-content\/uploads\/2018\/10\/Azou-parrain-8-768x576.jpg 768w\" sizes=\"auto, (max-width: 660px) 100vw, 660px\" \/><p id=\"caption-attachment-28209\" class=\"wp-caption-text\">J\u00e9r\u00e9mie Azou parrain du 8 des jeunes rameurs fran\u00e7ais<\/p><\/div>\n<h4 style=\"text-align: justify;\">J\u00e9r\u00e9mie Azou et Paris 2024<\/h4>\n<p style=\"text-align: justify;\">Impliqu\u00e9 par le pass\u00e9 pour le plus grand \u00e9v\u00e9nement sportif \u00e0 venir en France, il ne le sera plus.<\/p>\n<blockquote>\n<p style=\"text-align: justify;\">Un bel \u00e9v\u00e8nement \u00e0 venir car le projet est super. J\u2019esp\u00e8re qu\u2019il sera fid\u00e8le aux promesses faites par le comit\u00e9 d\u2019organisation. J\u2019ai d\u00e9j\u00e0 \u00e9t\u00e9 impliqu\u00e9 mais je ne souhaite plus l\u2019\u00eatre directement. Je ne suis plus en phase avec certaines choses.\u00a0Du coup, j\u2019essaie de m\u2019investir autrement, en essayant de donner un peu de mon temps aux gens.<\/p>\n<\/blockquote>\n<p style=\"text-align: justify;\"><strong>J\u00e9r\u00e9mie Azou, il n&rsquo;y a pas que l\u2019aviron dans la vie<\/strong><\/p>\n<p style=\"text-align: justify;\">Il n&rsquo;y a pas que l&rsquo;aviron dans sa vie, il y a aussi un m\u00e9tier qu&rsquo;il aime et des passions. L&rsquo;ancien rameur fran\u00e7ais parle de ses autres facettes.<\/p>\n<blockquote>\n<p style=\"text-align: justify;\">Kin\u00e9, c\u2019est un m\u00e9tier que j\u2019ai voulu faire depuis le coll\u00e8ge. C\u2019est un super m\u00e9tier. J\u2019aime le c\u00f4t\u00e9 manuel, l\u2019aspect relationnel, l\u2019ind\u00e9pendance. Bref, c\u2019est un m\u00e9tier qui regroupe beaucoup d\u2019avantages je trouve.<\/p>\n<\/blockquote>\n<p style=\"text-align: justify;\">Un r\u00f4le de conf\u00e9rencier dans lequel il prend du plaisir&#8230;<\/p>\n<blockquote>\n<p style=\"text-align: justify;\">Donner des conf\u00e9rences, c\u2019est un exercice que j\u2019affectionne m\u00eame si je ne me verrais pas faire \u00e7a \u00e0 temps plein. J\u2019aime le questionnement qu\u2019elles am\u00e8nent, qu\u2019elles soul\u00e8vent. C\u2019est un moyen de faire l\u2019inventaire sur soi. Une forme d\u2019introspection personnelle pour ensuite arriver \u00e0 l\u2019exprimer et le partager aux autres.<\/p>\n<\/blockquote>\n<p style=\"text-align: justify;\">Mais aussi des passions et un projet pour les jeunes rameurs fran\u00e7ais.<\/p>\n<blockquote>\n<p style=\"text-align: justify;\">J\u2019aime passer du temps avec mes proches ou jouer de l\u2019instrument. Les occupations ne manquent pas. Les journ\u00e9es sont courtes g\u00e9n\u00e9ralement.<\/p>\n<p style=\"text-align: justify;\">J\u2019aimerais aussi cr\u00e9er un site et un r\u00e9seau pour aider les \u00e9tudiants rameurs \u00e0 trouver des stages de fin d\u2019\u00e9tudes. Si certains ont des comp\u00e9tences en informatique et un peu de temps libre, je suis preneur.<\/p>\n<\/blockquote>\n<p style=\"text-align: justify;\"><em><strong>Nicolas Jacquemard<\/strong><br \/>\n<\/em><a style=\"color: #000000;\" href=\"https:\/\/twitter.com\/Nico_Jacquemard\" target=\"_blank\" rel=\"noopener noreferrer\"><img loading=\"lazy\" decoding=\"async\" class=\"alignnone wp-image-2908\" src=\"http:\/\/dicodusport.fr\/blog\/wp-content\/uploads\/2017\/07\/logo-twitter-150x150.png\" alt=\"\" width=\"39\" height=\"39\" \/><\/a><a style=\"color: #000000;\" href=\"https:\/\/www.facebook.com\/dicodusport\/\" target=\"_blank\" rel=\"noopener noreferrer\"><img loading=\"lazy\" decoding=\"async\" class=\"alignnone wp-image-2909\" src=\"http:\/\/dicodusport.fr\/blog\/wp-content\/uploads\/2017\/07\/logo-facebook-150x150.png\" alt=\"\" width=\"40\" height=\"40\" \/><\/a><\/p>\n","protected":false},"excerpt":{"rendered":"<p>Jeune retrait\u00e9 mais avant tout sportif fran\u00e7ais avec un palmar\u00e8s immense, J\u00e9r\u00e9mie Azou a marqu\u00e9 l&rsquo;histoire de son sport. Gros plan sur la carri\u00e8re hors norme d&rsquo;un rameur qui ne laisse pas indiff\u00e9rent que ce soit par son talent, sa disponibilit\u00e9 ou sa gentillesse. Dans la deuxi\u00e8me partie, nous reviendrons sur son titre olympique, sa retraite, tout en \u00e9voquant la vision qu&rsquo;il a de son sport en France. <\/p>\n","protected":false},"author":1,"featured_media":28210,"comment_status":"open","ping_status":"closed","sticky":false,"template":"","format":"standard","meta":{"_acf_changed":false,"_daextam_enable_autolinks":"","footnotes":""},"categories":[2,2309],"tags":[739,743,738,741,1113],"class_list":["post-26809","post","type-post","status-publish","format-standard","has-post-thumbnail","hentry","category-actualites","category-aviron","tag-aviron","tag-azou","tag-jeremie-azou","tag-pierre-houin","tag-stany-delayre"],"acf":[],"yoast_head":"<!-- This site is optimized with the Yoast SEO Premium plugin v26.7 (Yoast SEO v26.7) - https:\/\/yoast.com\/wordpress\/plugins\/seo\/ -->\n<title>J\u00e9r\u00e9mie Azou, champion ordinaire : Jeux Olympiques, retraite, aviron fran\u00e7ais (2\/2)<\/title>\n<meta name=\"description\" content=\"Dans la deuxi\u00e8me partie, nous reviendrons sur son titre olympique, sa retraite tout en \u00e9voquant la vision qu&#039;il a de son sport en France.\u00a0\" \/>\n<meta name=\"robots\" content=\"index, follow, max-snippet:-1, max-image-preview:large, max-video-preview:-1\" \/>\n<link rel=\"canonical\" href=\"https:\/\/dicodusport.fr\/blog\/jeremie-azou-champion-ordinaire-jeux-olympiques-retraite-aviron-francais-2-2\/\" \/>\n<meta property=\"og:locale\" content=\"fr_FR\" \/>\n<meta property=\"og:type\" content=\"article\" \/>\n<meta property=\"og:title\" content=\"J\u00e9r\u00e9mie Azou, champion ordinaire : Jeux Olympiques, retraite, aviron fran\u00e7ais (2\/2)\" \/>\n<meta property=\"og:description\" content=\"Dans la deuxi\u00e8me partie, nous reviendrons sur son titre olympique, sa retraite tout en \u00e9voquant la vision qu&#039;il a de son sport en France.\u00a0\" \/>\n<meta property=\"og:url\" content=\"https:\/\/dicodusport.fr\/blog\/jeremie-azou-champion-ordinaire-jeux-olympiques-retraite-aviron-francais-2-2\/\" \/>\n<meta property=\"og:site_name\" content=\"Dicodusport\" \/>\n<meta property=\"article:publisher\" content=\"https:\/\/www.facebook.com\/dicodusport\" \/>\n<meta property=\"article:author\" content=\"https:\/\/www.facebook.com\/dicodusport\" \/>\n<meta property=\"article:published_time\" content=\"2018-10-28T08:00:26+00:00\" \/>\n<meta property=\"article:modified_time\" content=\"2018-10-28T08:34:54+00:00\" \/>\n<meta property=\"og:image\" content=\"https:\/\/dicodusport.fr\/blog\/wp-content\/uploads\/2018\/10\/Je\u0301re\u0301mie-Azou-Champion.png\" \/>\n\t<meta property=\"og:image:width\" content=\"1200\" \/>\n\t<meta property=\"og:image:height\" content=\"670\" \/>\n\t<meta property=\"og:image:type\" content=\"image\/png\" \/>\n<meta name=\"author\" content=\"Nicolas Jacquemard\" \/>\n<meta name=\"twitter:card\" content=\"summary_large_image\" \/>\n<meta name=\"twitter:creator\" content=\"@https:\/\/twitter.com\/Nico_Jacquemard\" \/>\n<meta name=\"twitter:site\" content=\"@dicodusport\" \/>\n<script type=\"application\/ld+json\" class=\"yoast-schema-graph\">{\"@context\":\"https:\/\/schema.org\",\"@graph\":[{\"@type\":\"NewsArticle\",\"@id\":\"https:\/\/dicodusport.fr\/blog\/jeremie-azou-champion-ordinaire-jeux-olympiques-retraite-aviron-francais-2-2\/#article\",\"isPartOf\":{\"@id\":\"https:\/\/dicodusport.fr\/blog\/jeremie-azou-champion-ordinaire-jeux-olympiques-retraite-aviron-francais-2-2\/\"},\"author\":{\"name\":\"Nicolas Jacquemard\",\"@id\":\"https:\/\/dicodusport.fr\/blog\/#\/schema\/person\/55dcb50ad410894e431ed812bbb70191\"},\"headline\":\"J\u00e9r\u00e9mie Azou, champion ordinaire : Jeux Olympiques, retraite, aviron fran\u00e7ais (2\/2)\",\"datePublished\":\"2018-10-28T08:00:26+00:00\",\"dateModified\":\"2018-10-28T08:34:54+00:00\",\"mainEntityOfPage\":{\"@id\":\"https:\/\/dicodusport.fr\/blog\/jeremie-azou-champion-ordinaire-jeux-olympiques-retraite-aviron-francais-2-2\/\"},\"wordCount\":1333,\"commentCount\":0,\"publisher\":{\"@id\":\"https:\/\/dicodusport.fr\/blog\/#organization\"},\"image\":{\"@id\":\"https:\/\/dicodusport.fr\/blog\/jeremie-azou-champion-ordinaire-jeux-olympiques-retraite-aviron-francais-2-2\/#primaryimage\"},\"thumbnailUrl\":\"https:\/\/dicodusport.fr\/blog\/wp-content\/uploads\/2018\/10\/Je\u0301re\u0301mie-Azou-Champion.png\",\"keywords\":[\"aviron\",\"azou\",\"j\u00e9r\u00e9mie azou\",\"pierre houin\",\"Stany Delayre\"],\"articleSection\":[\"Actualit\u00e9s\",\"Aviron\"],\"inLanguage\":\"fr-FR\",\"potentialAction\":[{\"@type\":\"CommentAction\",\"name\":\"Comment\",\"target\":[\"https:\/\/dicodusport.fr\/blog\/jeremie-azou-champion-ordinaire-jeux-olympiques-retraite-aviron-francais-2-2\/#respond\"]}],\"copyrightYear\":\"2018\",\"copyrightHolder\":{\"@id\":\"https:\/\/dicodusport.fr\/blog\/#organization\"}},{\"@type\":\"WebPage\",\"@id\":\"https:\/\/dicodusport.fr\/blog\/jeremie-azou-champion-ordinaire-jeux-olympiques-retraite-aviron-francais-2-2\/\",\"url\":\"https:\/\/dicodusport.fr\/blog\/jeremie-azou-champion-ordinaire-jeux-olympiques-retraite-aviron-francais-2-2\/\",\"name\":\"J\u00e9r\u00e9mie Azou, champion ordinaire : Jeux Olympiques, retraite, aviron fran\u00e7ais (2\/2)\",\"isPartOf\":{\"@id\":\"https:\/\/dicodusport.fr\/blog\/#website\"},\"primaryImageOfPage\":{\"@id\":\"https:\/\/dicodusport.fr\/blog\/jeremie-azou-champion-ordinaire-jeux-olympiques-retraite-aviron-francais-2-2\/#primaryimage\"},\"image\":{\"@id\":\"https:\/\/dicodusport.fr\/blog\/jeremie-azou-champion-ordinaire-jeux-olympiques-retraite-aviron-francais-2-2\/#primaryimage\"},\"thumbnailUrl\":\"https:\/\/dicodusport.fr\/blog\/wp-content\/uploads\/2018\/10\/Je\u0301re\u0301mie-Azou-Champion.png\",\"datePublished\":\"2018-10-28T08:00:26+00:00\",\"dateModified\":\"2018-10-28T08:34:54+00:00\",\"description\":\"Dans la deuxi\u00e8me partie, nous reviendrons sur son titre olympique, sa retraite tout en \u00e9voquant la vision qu'il a de son sport en France.\u00a0\",\"breadcrumb\":{\"@id\":\"https:\/\/dicodusport.fr\/blog\/jeremie-azou-champion-ordinaire-jeux-olympiques-retraite-aviron-francais-2-2\/#breadcrumb\"},\"inLanguage\":\"fr-FR\",\"potentialAction\":[{\"@type\":\"ReadAction\",\"target\":[\"https:\/\/dicodusport.fr\/blog\/jeremie-azou-champion-ordinaire-jeux-olympiques-retraite-aviron-francais-2-2\/\"]}]},{\"@type\":\"ImageObject\",\"inLanguage\":\"fr-FR\",\"@id\":\"https:\/\/dicodusport.fr\/blog\/jeremie-azou-champion-ordinaire-jeux-olympiques-retraite-aviron-francais-2-2\/#primaryimage\",\"url\":\"https:\/\/dicodusport.fr\/blog\/wp-content\/uploads\/2018\/10\/Je\u0301re\u0301mie-Azou-Champion.png\",\"contentUrl\":\"https:\/\/dicodusport.fr\/blog\/wp-content\/uploads\/2018\/10\/Je\u0301re\u0301mie-Azou-Champion.png\",\"width\":1200,\"height\":670},{\"@type\":\"BreadcrumbList\",\"@id\":\"https:\/\/dicodusport.fr\/blog\/jeremie-azou-champion-ordinaire-jeux-olympiques-retraite-aviron-francais-2-2\/#breadcrumb\",\"itemListElement\":[{\"@type\":\"ListItem\",\"position\":1,\"name\":\"Accueil\",\"item\":\"https:\/\/dicodusport.fr\/blog\/\"},{\"@type\":\"ListItem\",\"position\":2,\"name\":\"J\u00e9r\u00e9mie Azou, champion ordinaire : Jeux Olympiques, retraite, aviron fran\u00e7ais (2\/2)\"}]},{\"@type\":\"WebSite\",\"@id\":\"https:\/\/dicodusport.fr\/blog\/#website\",\"url\":\"https:\/\/dicodusport.fr\/blog\/\",\"name\":\"Dicodusport\",\"description\":\"L&#039;encyclop\u00e9die de l&#039;actualit\u00e9 sportive\",\"publisher\":{\"@id\":\"https:\/\/dicodusport.fr\/blog\/#organization\"},\"potentialAction\":[{\"@type\":\"SearchAction\",\"target\":{\"@type\":\"EntryPoint\",\"urlTemplate\":\"https:\/\/dicodusport.fr\/blog\/?s={search_term_string}\"},\"query-input\":{\"@type\":\"PropertyValueSpecification\",\"valueRequired\":true,\"valueName\":\"search_term_string\"}}],\"inLanguage\":\"fr-FR\"},{\"@type\":\"NewsMediaOrganization\",\"@id\":\"https:\/\/dicodusport.fr\/blog\/#organization\",\"name\":\"Dicodusport\",\"url\":\"https:\/\/dicodusport.fr\/blog\/\",\"logo\":{\"@type\":\"ImageObject\",\"inLanguage\":\"fr-FR\",\"@id\":\"https:\/\/dicodusport.fr\/blog\/#\/schema\/logo\/image\/\",\"url\":\"https:\/\/dicodusport.fr\/blog\/wp-content\/uploads\/2020\/06\/cropped-LOGO-DICODUSPORT-2020-SANS-FOND-SANS-TEXTE.png\",\"contentUrl\":\"https:\/\/dicodusport.fr\/blog\/wp-content\/uploads\/2020\/06\/cropped-LOGO-DICODUSPORT-2020-SANS-FOND-SANS-TEXTE.png\",\"width\":512,\"height\":512,\"caption\":\"Dicodusport\"},\"image\":{\"@id\":\"https:\/\/dicodusport.fr\/blog\/#\/schema\/logo\/image\/\"},\"sameAs\":[\"https:\/\/www.facebook.com\/dicodusport\",\"https:\/\/x.com\/dicodusport\",\"https:\/\/www.instagram.com\/dicodusport\/\",\"https:\/\/www.youtube.com\/channel\/UC7V2KZ5sd3htJivAbA4ZG3w\"],\"description\":\"Dicodusport est l'encyclop\u00e9die de l'actualit\u00e9 sportive.\",\"email\":\"bonjour@dicodusport.fr\",\"legalName\":\"DICODUSPORT\",\"foundingDate\":\"2018-01-14\",\"vatID\":\"FR71834470973\",\"taxID\":\"83447097300043\",\"numberOfEmployees\":{\"@type\":\"QuantitativeValue\",\"minValue\":\"1\",\"maxValue\":\"10\"}},{\"@type\":\"Person\",\"@id\":\"https:\/\/dicodusport.fr\/blog\/#\/schema\/person\/55dcb50ad410894e431ed812bbb70191\",\"name\":\"Nicolas Jacquemard\",\"image\":{\"@type\":\"ImageObject\",\"inLanguage\":\"fr-FR\",\"@id\":\"https:\/\/dicodusport.fr\/blog\/#\/schema\/person\/image\/\",\"url\":\"https:\/\/dicodusport.fr\/blog\/wp-content\/uploads\/2021\/05\/Nicolas-Jacquemard-150x150.jpeg\",\"contentUrl\":\"https:\/\/dicodusport.fr\/blog\/wp-content\/uploads\/2021\/05\/Nicolas-Jacquemard-150x150.jpeg\",\"caption\":\"Nicolas Jacquemard\"},\"description\":\"Passionn\u00e9 de sport et entrepreneur depuis mes 18 ans, la cr\u00e9ation de Dicodusport m'a sembl\u00e9 \u00e9vidente pour participer \u00e0 la m\u00e9diatisation d'un plus grand nombre de sports. Le chemin est long mais avec une \u00e9quipe des plus motiv\u00e9es et les Jeux Olympiques de Paris 2024 en point de mire, nous y arriverons ! Journaliste dans le monde du sport depuis plus de 5 ans, je traite aussi bien de football, de rugby, de biathlon que de cyclisme.\",\"sameAs\":[\"https:\/\/www.facebook.com\/dicodusport\",\"https:\/\/x.com\/https:\/\/twitter.com\/Nico_Jacquemard\"],\"url\":\"https:\/\/dicodusport.fr\/blog\/author\/dicodusport\/\"}]}<\/script>\n<!-- \/ Yoast SEO Premium plugin. -->","yoast_head_json":{"title":"J\u00e9r\u00e9mie Azou, champion ordinaire : Jeux Olympiques, retraite, aviron fran\u00e7ais (2\/2)","description":"Dans la deuxi\u00e8me partie, nous reviendrons sur son titre olympique, sa retraite tout en \u00e9voquant la vision qu'il a de son sport en France.\u00a0","robots":{"index":"index","follow":"follow","max-snippet":"max-snippet:-1","max-image-preview":"max-image-preview:large","max-video-preview":"max-video-preview:-1"},"canonical":"https:\/\/dicodusport.fr\/blog\/jeremie-azou-champion-ordinaire-jeux-olympiques-retraite-aviron-francais-2-2\/","og_locale":"fr_FR","og_type":"article","og_title":"J\u00e9r\u00e9mie Azou, champion ordinaire : Jeux Olympiques, retraite, aviron fran\u00e7ais (2\/2)","og_description":"Dans la deuxi\u00e8me partie, nous reviendrons sur son titre olympique, sa retraite tout en \u00e9voquant la vision qu'il a de son sport en France.\u00a0","og_url":"https:\/\/dicodusport.fr\/blog\/jeremie-azou-champion-ordinaire-jeux-olympiques-retraite-aviron-francais-2-2\/","og_site_name":"Dicodusport","article_publisher":"https:\/\/www.facebook.com\/dicodusport","article_author":"https:\/\/www.facebook.com\/dicodusport","article_published_time":"2018-10-28T08:00:26+00:00","article_modified_time":"2018-10-28T08:34:54+00:00","og_image":[{"width":1200,"height":670,"url":"https:\/\/dicodusport.fr\/blog\/wp-content\/uploads\/2018\/10\/Je\u0301re\u0301mie-Azou-Champion.png","type":"image\/png"}],"author":"Nicolas Jacquemard","twitter_card":"summary_large_image","twitter_creator":"@https:\/\/twitter.com\/Nico_Jacquemard","twitter_site":"@dicodusport","schema":{"@context":"https:\/\/schema.org","@graph":[{"@type":"NewsArticle","@id":"https:\/\/dicodusport.fr\/blog\/jeremie-azou-champion-ordinaire-jeux-olympiques-retraite-aviron-francais-2-2\/#article","isPartOf":{"@id":"https:\/\/dicodusport.fr\/blog\/jeremie-azou-champion-ordinaire-jeux-olympiques-retraite-aviron-francais-2-2\/"},"author":{"name":"Nicolas Jacquemard","@id":"https:\/\/dicodusport.fr\/blog\/#\/schema\/person\/55dcb50ad410894e431ed812bbb70191"},"headline":"J\u00e9r\u00e9mie Azou, champion ordinaire : Jeux Olympiques, retraite, aviron fran\u00e7ais (2\/2)","datePublished":"2018-10-28T08:00:26+00:00","dateModified":"2018-10-28T08:34:54+00:00","mainEntityOfPage":{"@id":"https:\/\/dicodusport.fr\/blog\/jeremie-azou-champion-ordinaire-jeux-olympiques-retraite-aviron-francais-2-2\/"},"wordCount":1333,"commentCount":0,"publisher":{"@id":"https:\/\/dicodusport.fr\/blog\/#organization"},"image":{"@id":"https:\/\/dicodusport.fr\/blog\/jeremie-azou-champion-ordinaire-jeux-olympiques-retraite-aviron-francais-2-2\/#primaryimage"},"thumbnailUrl":"https:\/\/dicodusport.fr\/blog\/wp-content\/uploads\/2018\/10\/Je\u0301re\u0301mie-Azou-Champion.png","keywords":["aviron","azou","j\u00e9r\u00e9mie azou","pierre houin","Stany Delayre"],"articleSection":["Actualit\u00e9s","Aviron"],"inLanguage":"fr-FR","potentialAction":[{"@type":"CommentAction","name":"Comment","target":["https:\/\/dicodusport.fr\/blog\/jeremie-azou-champion-ordinaire-jeux-olympiques-retraite-aviron-francais-2-2\/#respond"]}],"copyrightYear":"2018","copyrightHolder":{"@id":"https:\/\/dicodusport.fr\/blog\/#organization"}},{"@type":"WebPage","@id":"https:\/\/dicodusport.fr\/blog\/jeremie-azou-champion-ordinaire-jeux-olympiques-retraite-aviron-francais-2-2\/","url":"https:\/\/dicodusport.fr\/blog\/jeremie-azou-champion-ordinaire-jeux-olympiques-retraite-aviron-francais-2-2\/","name":"J\u00e9r\u00e9mie Azou, champion ordinaire : Jeux Olympiques, retraite, aviron fran\u00e7ais (2\/2)","isPartOf":{"@id":"https:\/\/dicodusport.fr\/blog\/#website"},"primaryImageOfPage":{"@id":"https:\/\/dicodusport.fr\/blog\/jeremie-azou-champion-ordinaire-jeux-olympiques-retraite-aviron-francais-2-2\/#primaryimage"},"image":{"@id":"https:\/\/dicodusport.fr\/blog\/jeremie-azou-champion-ordinaire-jeux-olympiques-retraite-aviron-francais-2-2\/#primaryimage"},"thumbnailUrl":"https:\/\/dicodusport.fr\/blog\/wp-content\/uploads\/2018\/10\/Je\u0301re\u0301mie-Azou-Champion.png","datePublished":"2018-10-28T08:00:26+00:00","dateModified":"2018-10-28T08:34:54+00:00","description":"Dans la deuxi\u00e8me partie, nous reviendrons sur son titre olympique, sa retraite tout en \u00e9voquant la vision qu'il a de son sport en France.\u00a0","breadcrumb":{"@id":"https:\/\/dicodusport.fr\/blog\/jeremie-azou-champion-ordinaire-jeux-olympiques-retraite-aviron-francais-2-2\/#breadcrumb"},"inLanguage":"fr-FR","potentialAction":[{"@type":"ReadAction","target":["https:\/\/dicodusport.fr\/blog\/jeremie-azou-champion-ordinaire-jeux-olympiques-retraite-aviron-francais-2-2\/"]}]},{"@type":"ImageObject","inLanguage":"fr-FR","@id":"https:\/\/dicodusport.fr\/blog\/jeremie-azou-champion-ordinaire-jeux-olympiques-retraite-aviron-francais-2-2\/#primaryimage","url":"https:\/\/dicodusport.fr\/blog\/wp-content\/uploads\/2018\/10\/Je\u0301re\u0301mie-Azou-Champion.png","contentUrl":"https:\/\/dicodusport.fr\/blog\/wp-content\/uploads\/2018\/10\/Je\u0301re\u0301mie-Azou-Champion.png","width":1200,"height":670},{"@type":"BreadcrumbList","@id":"https:\/\/dicodusport.fr\/blog\/jeremie-azou-champion-ordinaire-jeux-olympiques-retraite-aviron-francais-2-2\/#breadcrumb","itemListElement":[{"@type":"ListItem","position":1,"name":"Accueil","item":"https:\/\/dicodusport.fr\/blog\/"},{"@type":"ListItem","position":2,"name":"J\u00e9r\u00e9mie Azou, champion ordinaire : Jeux Olympiques, retraite, aviron fran\u00e7ais (2\/2)"}]},{"@type":"WebSite","@id":"https:\/\/dicodusport.fr\/blog\/#website","url":"https:\/\/dicodusport.fr\/blog\/","name":"Dicodusport","description":"L&#039;encyclop\u00e9die de l&#039;actualit\u00e9 sportive","publisher":{"@id":"https:\/\/dicodusport.fr\/blog\/#organization"},"potentialAction":[{"@type":"SearchAction","target":{"@type":"EntryPoint","urlTemplate":"https:\/\/dicodusport.fr\/blog\/?s={search_term_string}"},"query-input":{"@type":"PropertyValueSpecification","valueRequired":true,"valueName":"search_term_string"}}],"inLanguage":"fr-FR"},{"@type":"NewsMediaOrganization","@id":"https:\/\/dicodusport.fr\/blog\/#organization","name":"Dicodusport","url":"https:\/\/dicodusport.fr\/blog\/","logo":{"@type":"ImageObject","inLanguage":"fr-FR","@id":"https:\/\/dicodusport.fr\/blog\/#\/schema\/logo\/image\/","url":"https:\/\/dicodusport.fr\/blog\/wp-content\/uploads\/2020\/06\/cropped-LOGO-DICODUSPORT-2020-SANS-FOND-SANS-TEXTE.png","contentUrl":"https:\/\/dicodusport.fr\/blog\/wp-content\/uploads\/2020\/06\/cropped-LOGO-DICODUSPORT-2020-SANS-FOND-SANS-TEXTE.png","width":512,"height":512,"caption":"Dicodusport"},"image":{"@id":"https:\/\/dicodusport.fr\/blog\/#\/schema\/logo\/image\/"},"sameAs":["https:\/\/www.facebook.com\/dicodusport","https:\/\/x.com\/dicodusport","https:\/\/www.instagram.com\/dicodusport\/","https:\/\/www.youtube.com\/channel\/UC7V2KZ5sd3htJivAbA4ZG3w"],"description":"Dicodusport est l'encyclop\u00e9die de l'actualit\u00e9 sportive.","email":"bonjour@dicodusport.fr","legalName":"DICODUSPORT","foundingDate":"2018-01-14","vatID":"FR71834470973","taxID":"83447097300043","numberOfEmployees":{"@type":"QuantitativeValue","minValue":"1","maxValue":"10"}},{"@type":"Person","@id":"https:\/\/dicodusport.fr\/blog\/#\/schema\/person\/55dcb50ad410894e431ed812bbb70191","name":"Nicolas Jacquemard","image":{"@type":"ImageObject","inLanguage":"fr-FR","@id":"https:\/\/dicodusport.fr\/blog\/#\/schema\/person\/image\/","url":"https:\/\/dicodusport.fr\/blog\/wp-content\/uploads\/2021\/05\/Nicolas-Jacquemard-150x150.jpeg","contentUrl":"https:\/\/dicodusport.fr\/blog\/wp-content\/uploads\/2021\/05\/Nicolas-Jacquemard-150x150.jpeg","caption":"Nicolas Jacquemard"},"description":"Passionn\u00e9 de sport et entrepreneur depuis mes 18 ans, la cr\u00e9ation de Dicodusport m'a sembl\u00e9 \u00e9vidente pour participer \u00e0 la m\u00e9diatisation d'un plus grand nombre de sports. Le chemin est long mais avec une \u00e9quipe des plus motiv\u00e9es et les Jeux Olympiques de Paris 2024 en point de mire, nous y arriverons ! Journaliste dans le monde du sport depuis plus de 5 ans, je traite aussi bien de football, de rugby, de biathlon que de cyclisme.","sameAs":["https:\/\/www.facebook.com\/dicodusport","https:\/\/x.com\/https:\/\/twitter.com\/Nico_Jacquemard"],"url":"https:\/\/dicodusport.fr\/blog\/author\/dicodusport\/"}]}},"_links":{"self":[{"href":"https:\/\/dicodusport.fr\/blog\/wp-json\/wp\/v2\/posts\/26809","targetHints":{"allow":["GET"]}}],"collection":[{"href":"https:\/\/dicodusport.fr\/blog\/wp-json\/wp\/v2\/posts"}],"about":[{"href":"https:\/\/dicodusport.fr\/blog\/wp-json\/wp\/v2\/types\/post"}],"author":[{"embeddable":true,"href":"https:\/\/dicodusport.fr\/blog\/wp-json\/wp\/v2\/users\/1"}],"replies":[{"embeddable":true,"href":"https:\/\/dicodusport.fr\/blog\/wp-json\/wp\/v2\/comments?post=26809"}],"version-history":[{"count":0,"href":"https:\/\/dicodusport.fr\/blog\/wp-json\/wp\/v2\/posts\/26809\/revisions"}],"wp:featuredmedia":[{"embeddable":true,"href":"https:\/\/dicodusport.fr\/blog\/wp-json\/wp\/v2\/media\/28210"}],"wp:attachment":[{"href":"https:\/\/dicodusport.fr\/blog\/wp-json\/wp\/v2\/media?parent=26809"}],"wp:term":[{"taxonomy":"category","embeddable":true,"href":"https:\/\/dicodusport.fr\/blog\/wp-json\/wp\/v2\/categories?post=26809"},{"taxonomy":"post_tag","embeddable":true,"href":"https:\/\/dicodusport.fr\/blog\/wp-json\/wp\/v2\/tags?post=26809"}],"curies":[{"name":"wp","href":"https:\/\/api.w.org\/{rel}","templated":true}]}}