{"id":268644,"date":"2022-10-09T15:28:52","date_gmt":"2022-10-09T13:28:52","guid":{"rendered":"https:\/\/dicodusport.fr\/blog\/?p=268644&#038;preview=true&#038;preview_id=268644"},"modified":"2022-10-09T16:01:53","modified_gmt":"2022-10-09T14:01:53","slug":"wta-monastir-alize-cornet-balayee-par-elise-mertens-en-finale","status":"publish","type":"post","link":"https:\/\/dicodusport.fr\/blog\/wta-monastir-alize-cornet-balayee-par-elise-mertens-en-finale\/","title":{"rendered":"WTA Monastir : Aliz\u00e9 Cornet balay\u00e9e par Elise Mertens en finale"},"content":{"rendered":"<p style=\"text-align: justify;\"><b><i><a href=\"https:\/\/dicodusport.fr\/blog\/wta-250-le-tableau-du-tournoi-de-monastir-2022\/\">WTA 250 DE MONASTIR<\/a> &#8211; La superbe semaine d&rsquo;Aliz\u00e9 Cornet n&rsquo;a pas trouv\u00e9 la conclusion attendue. La Fran\u00e7aise a \u00e9t\u00e9 surclass\u00e9e par Elise Mertens en finale (6-2, 6-0), et ne remporte donc pas son premier titre de la saison.<\/i><\/b><\/p>\n<p style=\"text-align: justify;\">Apr\u00e8s des succ\u00e8s convaincants <a href=\"https:\/\/dicodusport.fr\/blog\/wta-monastir-alize-cornet-avance-en-demi-finales-apres-un-match-serre\/\">en quarts<\/a> et surtout hier <a href=\"https:\/\/dicodusport.fr\/blog\/wta-monastir-alize-cornet-domine-kudermetova-et-fonce-en-finale\/\">en demi-finale<\/a> sur <strong>Veronika Kudermetova, Aliz\u00e9 Cornet<\/strong> s&rsquo;\u00e9tait qualifi\u00e9e pour sa premi\u00e8re finale d&rsquo;une saison contrast\u00e9e. Certes, elle avait \u00e9t\u00e9 tr\u00e8s performante en Grand Chelem, mais au final, la moiti\u00e9 de ses tournois s&rsquo;\u00e9taient achev\u00e9s d\u00e8s le premier tour. Un titre serait donc venu \u00e9picer son ann\u00e9e, puisqu&rsquo;elle avait toutes ses chances contre une <strong>Elise Mertens<\/strong> elle aussi mi-figue, mi-raisin cette saison.<\/p>\n<h2 style=\"text-align: justify;\">Mertens prend le dessus<\/h2>\n<p style=\"text-align: justify;\">Les deux joueuses sont tendues en ce d\u00e9but de match, l&rsquo;enjeu \u00e9tant nettement plus important que lors de leur dernier affrontement, quand <strong>Elise Mertens<\/strong> l&rsquo;avait emport\u00e9 de justesse en d\u00e9but d&rsquo;ann\u00e9e \u00e0 St. Petersbourg. <strong>Aliz\u00e9 Cornet<\/strong> est cependant la premi\u00e8re \u00e0 se procurer deux balles de break au quatri\u00e8me jeu, sauv\u00e9es avec autorit\u00e9 par la Belge. \u00c0 ce niveau, les occasions manqu\u00e9es co\u00fbtent cher, et la Ni\u00e7oise c\u00e8de son engagement au jeu suivant, \u00e0 la quatri\u00e8me balle de break.<\/p>\n<p style=\"text-align: justify;\">La Fran\u00e7aise est globalement d\u00e9cevante au service, encha\u00eene les double fautes, et conc\u00e8de tout \u00e0 fait logiquement le double break. <strong>Elise Mertens<\/strong> dispose donc de deux occasions de boucler la premi\u00e8re manche sur son service. Une seule suffira, et la Belge plie facilement le set, <strong>6-2,<\/strong> et semble filer vers la victoire.<\/p>\n<blockquote class=\"twitter-tweet\">\n<p dir=\"ltr\" lang=\"en\">Brilliance from the Belgian &#x2728;<a href=\"https:\/\/twitter.com\/elise_mertens?ref_src=twsrc%5Etfw\">@elise_mertens<\/a> secures the first set, 6-2 over Cornet.<a href=\"https:\/\/twitter.com\/hashtag\/JasminOpen?src=hash&amp;ref_src=twsrc%5Etfw\">#JasminOpen<\/a> <a href=\"https:\/\/t.co\/cDXrQNcn8W\">pic.twitter.com\/cDXrQNcn8W<\/a><\/p>\n<p>\u2014 wta (@WTA) <a href=\"https:\/\/twitter.com\/WTA\/status\/1579095045839278080?ref_src=twsrc%5Etfw\">October 9, 2022<\/a><\/p><\/blockquote>\n<p style=\"text-align: justify;\"><script async src=\"https:\/\/platform.twitter.com\/widgets.js\" charset=\"utf-8\"><\/script><\/p>\n<h2 style=\"text-align: justify;\">Cornet hors du coup<\/h2>\n<p style=\"text-align: justify;\"><strong>Elise Mertens<\/strong> enfonce le clou en prenant blanc le service de la Fran\u00e7aise d&rsquo;entr\u00e9e de deuxi\u00e8me set. <strong>Aliz\u00e9 Cornet<\/strong> est au fond du trou, men\u00e9e d&rsquo;un set et un break. \u00c0 aucun moment la Fran\u00e7aise ne donne l&rsquo;impression d&rsquo;\u00eatre entr\u00e9e dans son match. Elle conc\u00e8de le double break, la Belge est brillante au service, et m\u00e8ne largement les d\u00e9bats. Pour son plus grand malheur, la Ni\u00e7oise ne marquera plus un seul jeu du match.<\/p>\n<p style=\"text-align: justify;\"><strong>Elise Mertens<\/strong> s&rsquo;impose finalement <strong>6-2, 6-0<\/strong> et d\u00e9croche le premier titre d&rsquo;une saison compliqu\u00e9e pour elle. Dommage pour <strong>Aliz\u00e9 Cornet<\/strong>, qui n&rsquo;aura jamais affich\u00e9 dans cette finale le niveau aper\u00e7u cette semaine. Elle laisse passer l&rsquo;occasion de d\u00e9crocher un premier titre depuis quatre ans, mais la saison n&rsquo;est pas termin\u00e9e pour elle, et la Tricolore aura encore quelques occasions d&rsquo;\u00e9toffer son palmar\u00e8s.<\/p>\n<p style=\"text-align: justify;\">\n","protected":false},"excerpt":{"rendered":"<p>WTA 250 DE MONASTIR &#8211; La superbe semaine d&rsquo;Aliz\u00e9 Cornet n&rsquo;a pas trouv\u00e9 la conclusion attendue. La Fran\u00e7aise a \u00e9t\u00e9 surclass\u00e9e par Elise Mertens en finale (6-2, 6-0), et ne remporte donc pas son premier titre de la saison.<\/p>\n","protected":false},"author":59,"featured_media":268702,"comment_status":"open","ping_status":"closed","sticky":false,"template":"","format":"standard","meta":{"_acf_changed":false,"_daextam_enable_autolinks":"","footnotes":""},"categories":[2302],"tags":[4785,4792,26998],"class_list":["post-268644","post","type-post","status-publish","format-standard","has-post-thumbnail","hentry","category-tennis","tag-alize-cornet","tag-tennis-francais","tag-wta-250-monastir"],"acf":[],"yoast_head":"<!-- This site is optimized with the Yoast SEO Premium plugin v26.7 (Yoast SEO v26.7) - https:\/\/yoast.com\/wordpress\/plugins\/seo\/ -->\n<title>WTA Monastir : Aliz\u00e9 Cornet balay\u00e9e par Elise Mertens en finale<\/title>\n<meta name=\"description\" content=\"WTA 250 DE MONASTIR - Aliz\u00e9 Cornet a \u00e9t\u00e9 surclass\u00e9e par Elise Mertens en finale (6-2, 6-0), et ne remporte donc pas son premier titre de la saison\" \/>\n<meta name=\"robots\" content=\"index, follow, max-snippet:-1, max-image-preview:large, max-video-preview:-1\" \/>\n<link rel=\"canonical\" href=\"https:\/\/dicodusport.fr\/blog\/wta-monastir-alize-cornet-balayee-par-elise-mertens-en-finale\/\" \/>\n<meta property=\"og:locale\" content=\"fr_FR\" \/>\n<meta property=\"og:type\" content=\"article\" \/>\n<meta property=\"og:title\" content=\"WTA Monastir : Aliz\u00e9 Cornet balay\u00e9e par Elise Mertens en finale\" \/>\n<meta property=\"og:description\" content=\"WTA 250 DE MONASTIR - Aliz\u00e9 Cornet a \u00e9t\u00e9 surclass\u00e9e par Elise Mertens en finale (6-2, 6-0), et ne remporte donc pas son premier titre de la saison\" \/>\n<meta property=\"og:url\" content=\"https:\/\/dicodusport.fr\/blog\/wta-monastir-alize-cornet-balayee-par-elise-mertens-en-finale\/\" \/>\n<meta property=\"og:site_name\" content=\"Dicodusport\" \/>\n<meta property=\"article:publisher\" content=\"https:\/\/www.facebook.com\/dicodusport\" \/>\n<meta property=\"article:author\" content=\"https:\/\/www.facebook.com\/sebastien.gente\/\" \/>\n<meta property=\"article:published_time\" content=\"2022-10-09T13:28:52+00:00\" \/>\n<meta property=\"article:modified_time\" content=\"2022-10-09T14:01:53+00:00\" \/>\n<meta property=\"og:image\" content=\"https:\/\/dicodusport.fr\/blog\/wp-content\/uploads\/2022\/10\/WTA-Monastir-Alize-Cornet-balayee-par-Elise-Mertens-en-finale.png\" \/>\n\t<meta property=\"og:image:width\" content=\"800\" \/>\n\t<meta property=\"og:image:height\" content=\"445\" \/>\n\t<meta property=\"og:image:type\" content=\"image\/png\" \/>\n<meta name=\"author\" content=\"S\u00e9bastien Gente\" \/>\n<meta name=\"twitter:card\" content=\"summary_large_image\" \/>\n<meta name=\"twitter:title\" content=\"WTA Monastir : Aliz\u00e9 Cornet balay\u00e9e par Elise Mertens en finale\" \/>\n<meta name=\"twitter:creator\" content=\"@https:\/\/twitter.com\/globulo24\" \/>\n<meta name=\"twitter:site\" content=\"@dicodusport\" \/>\n<script type=\"application\/ld+json\" class=\"yoast-schema-graph\">{\"@context\":\"https:\/\/schema.org\",\"@graph\":[{\"@type\":\"NewsArticle\",\"@id\":\"https:\/\/dicodusport.fr\/blog\/wta-monastir-alize-cornet-balayee-par-elise-mertens-en-finale\/#article\",\"isPartOf\":{\"@id\":\"https:\/\/dicodusport.fr\/blog\/wta-monastir-alize-cornet-balayee-par-elise-mertens-en-finale\/\"},\"author\":{\"name\":\"S\u00e9bastien Gente\",\"@id\":\"https:\/\/dicodusport.fr\/blog\/#\/schema\/person\/627966a6cde45dbd8c5e36ac85d783da\"},\"headline\":\"WTA Monastir : Aliz\u00e9 Cornet balay\u00e9e par Elise Mertens en finale\",\"datePublished\":\"2022-10-09T13:28:52+00:00\",\"dateModified\":\"2022-10-09T14:01:53+00:00\",\"mainEntityOfPage\":{\"@id\":\"https:\/\/dicodusport.fr\/blog\/wta-monastir-alize-cornet-balayee-par-elise-mertens-en-finale\/\"},\"wordCount\":474,\"commentCount\":0,\"publisher\":{\"@id\":\"https:\/\/dicodusport.fr\/blog\/#organization\"},\"image\":{\"@id\":\"https:\/\/dicodusport.fr\/blog\/wta-monastir-alize-cornet-balayee-par-elise-mertens-en-finale\/#primaryimage\"},\"thumbnailUrl\":\"https:\/\/dicodusport.fr\/blog\/wp-content\/uploads\/2022\/10\/WTA-Monastir-Alize-Cornet-balayee-par-Elise-Mertens-en-finale.png\",\"keywords\":[\"Aliz\u00e9 Cornet\",\"Tennis fran\u00e7ais\",\"WTA 250 Monastir\"],\"articleSection\":[\"Tennis\"],\"inLanguage\":\"fr-FR\",\"potentialAction\":[{\"@type\":\"CommentAction\",\"name\":\"Comment\",\"target\":[\"https:\/\/dicodusport.fr\/blog\/wta-monastir-alize-cornet-balayee-par-elise-mertens-en-finale\/#respond\"]}],\"copyrightYear\":\"2022\",\"copyrightHolder\":{\"@id\":\"https:\/\/dicodusport.fr\/blog\/#organization\"}},{\"@type\":\"WebPage\",\"@id\":\"https:\/\/dicodusport.fr\/blog\/wta-monastir-alize-cornet-balayee-par-elise-mertens-en-finale\/\",\"url\":\"https:\/\/dicodusport.fr\/blog\/wta-monastir-alize-cornet-balayee-par-elise-mertens-en-finale\/\",\"name\":\"WTA Monastir : Aliz\u00e9 Cornet balay\u00e9e par Elise Mertens en finale\",\"isPartOf\":{\"@id\":\"https:\/\/dicodusport.fr\/blog\/#website\"},\"primaryImageOfPage\":{\"@id\":\"https:\/\/dicodusport.fr\/blog\/wta-monastir-alize-cornet-balayee-par-elise-mertens-en-finale\/#primaryimage\"},\"image\":{\"@id\":\"https:\/\/dicodusport.fr\/blog\/wta-monastir-alize-cornet-balayee-par-elise-mertens-en-finale\/#primaryimage\"},\"thumbnailUrl\":\"https:\/\/dicodusport.fr\/blog\/wp-content\/uploads\/2022\/10\/WTA-Monastir-Alize-Cornet-balayee-par-Elise-Mertens-en-finale.png\",\"datePublished\":\"2022-10-09T13:28:52+00:00\",\"dateModified\":\"2022-10-09T14:01:53+00:00\",\"description\":\"WTA 250 DE MONASTIR - Aliz\u00e9 Cornet a \u00e9t\u00e9 surclass\u00e9e par Elise Mertens en finale (6-2, 6-0), et ne remporte donc pas son premier titre de la saison\",\"breadcrumb\":{\"@id\":\"https:\/\/dicodusport.fr\/blog\/wta-monastir-alize-cornet-balayee-par-elise-mertens-en-finale\/#breadcrumb\"},\"inLanguage\":\"fr-FR\",\"potentialAction\":[{\"@type\":\"ReadAction\",\"target\":[\"https:\/\/dicodusport.fr\/blog\/wta-monastir-alize-cornet-balayee-par-elise-mertens-en-finale\/\"]}]},{\"@type\":\"ImageObject\",\"inLanguage\":\"fr-FR\",\"@id\":\"https:\/\/dicodusport.fr\/blog\/wta-monastir-alize-cornet-balayee-par-elise-mertens-en-finale\/#primaryimage\",\"url\":\"https:\/\/dicodusport.fr\/blog\/wp-content\/uploads\/2022\/10\/WTA-Monastir-Alize-Cornet-balayee-par-Elise-Mertens-en-finale.png\",\"contentUrl\":\"https:\/\/dicodusport.fr\/blog\/wp-content\/uploads\/2022\/10\/WTA-Monastir-Alize-Cornet-balayee-par-Elise-Mertens-en-finale.png\",\"width\":800,\"height\":445,\"caption\":\"WTA Monastir Aliz\u00e9 Cornet balay\u00e9e par Elise Mertens en finale\"},{\"@type\":\"BreadcrumbList\",\"@id\":\"https:\/\/dicodusport.fr\/blog\/wta-monastir-alize-cornet-balayee-par-elise-mertens-en-finale\/#breadcrumb\",\"itemListElement\":[{\"@type\":\"ListItem\",\"position\":1,\"name\":\"Accueil\",\"item\":\"https:\/\/dicodusport.fr\/blog\/\"},{\"@type\":\"ListItem\",\"position\":2,\"name\":\"WTA Monastir : Aliz\u00e9 Cornet balay\u00e9e par Elise Mertens en finale\"}]},{\"@type\":\"WebSite\",\"@id\":\"https:\/\/dicodusport.fr\/blog\/#website\",\"url\":\"https:\/\/dicodusport.fr\/blog\/\",\"name\":\"Dicodusport\",\"description\":\"L&#039;encyclop\u00e9die de l&#039;actualit\u00e9 sportive\",\"publisher\":{\"@id\":\"https:\/\/dicodusport.fr\/blog\/#organization\"},\"potentialAction\":[{\"@type\":\"SearchAction\",\"target\":{\"@type\":\"EntryPoint\",\"urlTemplate\":\"https:\/\/dicodusport.fr\/blog\/?s={search_term_string}\"},\"query-input\":{\"@type\":\"PropertyValueSpecification\",\"valueRequired\":true,\"valueName\":\"search_term_string\"}}],\"inLanguage\":\"fr-FR\"},{\"@type\":\"NewsMediaOrganization\",\"@id\":\"https:\/\/dicodusport.fr\/blog\/#organization\",\"name\":\"Dicodusport\",\"url\":\"https:\/\/dicodusport.fr\/blog\/\",\"logo\":{\"@type\":\"ImageObject\",\"inLanguage\":\"fr-FR\",\"@id\":\"https:\/\/dicodusport.fr\/blog\/#\/schema\/logo\/image\/\",\"url\":\"https:\/\/dicodusport.fr\/blog\/wp-content\/uploads\/2020\/06\/cropped-LOGO-DICODUSPORT-2020-SANS-FOND-SANS-TEXTE.png\",\"contentUrl\":\"https:\/\/dicodusport.fr\/blog\/wp-content\/uploads\/2020\/06\/cropped-LOGO-DICODUSPORT-2020-SANS-FOND-SANS-TEXTE.png\",\"width\":512,\"height\":512,\"caption\":\"Dicodusport\"},\"image\":{\"@id\":\"https:\/\/dicodusport.fr\/blog\/#\/schema\/logo\/image\/\"},\"sameAs\":[\"https:\/\/www.facebook.com\/dicodusport\",\"https:\/\/x.com\/dicodusport\",\"https:\/\/www.instagram.com\/dicodusport\/\",\"https:\/\/www.youtube.com\/channel\/UC7V2KZ5sd3htJivAbA4ZG3w\"],\"description\":\"Dicodusport est l'encyclop\u00e9die de l'actualit\u00e9 sportive.\",\"email\":\"bonjour@dicodusport.fr\",\"legalName\":\"DICODUSPORT\",\"foundingDate\":\"2018-01-14\",\"vatID\":\"FR71834470973\",\"taxID\":\"83447097300043\",\"numberOfEmployees\":{\"@type\":\"QuantitativeValue\",\"minValue\":\"1\",\"maxValue\":\"10\"}},{\"@type\":\"Person\",\"@id\":\"https:\/\/dicodusport.fr\/blog\/#\/schema\/person\/627966a6cde45dbd8c5e36ac85d783da\",\"name\":\"S\u00e9bastien Gente\",\"image\":{\"@type\":\"ImageObject\",\"inLanguage\":\"fr-FR\",\"@id\":\"https:\/\/dicodusport.fr\/blog\/#\/schema\/person\/image\/\",\"url\":\"https:\/\/dicodusport.fr\/blog\/wp-content\/uploads\/2021\/09\/1510990_10205810251400683_4124423575079401707_n-150x150.jpg\",\"contentUrl\":\"https:\/\/dicodusport.fr\/blog\/wp-content\/uploads\/2021\/09\/1510990_10205810251400683_4124423575079401707_n-150x150.jpg\",\"caption\":\"S\u00e9bastien Gente\"},\"description\":\"John Stockton, Gianni Bugno, Zinedine Zidane, Steffi Graf, Frode Andresen, St\u00e9phane Stoecklin, Davis Kamoga, Primoz Peterka, Werner Schlager et Aur\u00e9lien Rougerie. Point commun entre ces sportifs? Ils m'ont fait r\u00eaver et ont berc\u00e9 mon adolescence. Je suis un fondu de sports et j'essaie de retranscrire ma passion \u00e0 travers mes articles. Originaire du P\u00e9rigord, ma passion pour les Girondins, les Jaunards et les Jazzmen transpire dans mes \u00e9crits. \u00c0 Dicodusport depuis 2021, je d\u00e9niche les sports m\u00e9connus dans lesquels la France brille, et il y en a !\",\"sameAs\":[\"https:\/\/www.facebook.com\/sebastien.gente\/\",\"https:\/\/www.instagram.com\/sebgente\/\",\"https:\/\/www.linkedin.com\/in\/sbastien-gente-a29583169\/\",\"https:\/\/x.com\/https:\/\/twitter.com\/globulo24\",\"SebastienGente\"],\"worksFor\":\"S\u00e9bastien GENTE\",\"url\":\"https:\/\/dicodusport.fr\/blog\/author\/sebastiengente\/\"}]}<\/script>\n<!-- \/ Yoast SEO Premium plugin. -->","yoast_head_json":{"title":"WTA Monastir : Aliz\u00e9 Cornet balay\u00e9e par Elise Mertens en finale","description":"WTA 250 DE MONASTIR - Aliz\u00e9 Cornet a \u00e9t\u00e9 surclass\u00e9e par Elise Mertens en finale (6-2, 6-0), et ne remporte donc pas son premier titre de la saison","robots":{"index":"index","follow":"follow","max-snippet":"max-snippet:-1","max-image-preview":"max-image-preview:large","max-video-preview":"max-video-preview:-1"},"canonical":"https:\/\/dicodusport.fr\/blog\/wta-monastir-alize-cornet-balayee-par-elise-mertens-en-finale\/","og_locale":"fr_FR","og_type":"article","og_title":"WTA Monastir : Aliz\u00e9 Cornet balay\u00e9e par Elise Mertens en finale","og_description":"WTA 250 DE MONASTIR - Aliz\u00e9 Cornet a \u00e9t\u00e9 surclass\u00e9e par Elise Mertens en finale (6-2, 6-0), et ne remporte donc pas son premier titre de la saison","og_url":"https:\/\/dicodusport.fr\/blog\/wta-monastir-alize-cornet-balayee-par-elise-mertens-en-finale\/","og_site_name":"Dicodusport","article_publisher":"https:\/\/www.facebook.com\/dicodusport","article_author":"https:\/\/www.facebook.com\/sebastien.gente\/","article_published_time":"2022-10-09T13:28:52+00:00","article_modified_time":"2022-10-09T14:01:53+00:00","og_image":[{"width":800,"height":445,"url":"https:\/\/dicodusport.fr\/blog\/wp-content\/uploads\/2022\/10\/WTA-Monastir-Alize-Cornet-balayee-par-Elise-Mertens-en-finale.png","type":"image\/png"}],"author":"S\u00e9bastien Gente","twitter_card":"summary_large_image","twitter_title":"WTA Monastir : Aliz\u00e9 Cornet balay\u00e9e par Elise Mertens en finale","twitter_creator":"@https:\/\/twitter.com\/globulo24","twitter_site":"@dicodusport","schema":{"@context":"https:\/\/schema.org","@graph":[{"@type":"NewsArticle","@id":"https:\/\/dicodusport.fr\/blog\/wta-monastir-alize-cornet-balayee-par-elise-mertens-en-finale\/#article","isPartOf":{"@id":"https:\/\/dicodusport.fr\/blog\/wta-monastir-alize-cornet-balayee-par-elise-mertens-en-finale\/"},"author":{"name":"S\u00e9bastien Gente","@id":"https:\/\/dicodusport.fr\/blog\/#\/schema\/person\/627966a6cde45dbd8c5e36ac85d783da"},"headline":"WTA Monastir : Aliz\u00e9 Cornet balay\u00e9e par Elise Mertens en finale","datePublished":"2022-10-09T13:28:52+00:00","dateModified":"2022-10-09T14:01:53+00:00","mainEntityOfPage":{"@id":"https:\/\/dicodusport.fr\/blog\/wta-monastir-alize-cornet-balayee-par-elise-mertens-en-finale\/"},"wordCount":474,"commentCount":0,"publisher":{"@id":"https:\/\/dicodusport.fr\/blog\/#organization"},"image":{"@id":"https:\/\/dicodusport.fr\/blog\/wta-monastir-alize-cornet-balayee-par-elise-mertens-en-finale\/#primaryimage"},"thumbnailUrl":"https:\/\/dicodusport.fr\/blog\/wp-content\/uploads\/2022\/10\/WTA-Monastir-Alize-Cornet-balayee-par-Elise-Mertens-en-finale.png","keywords":["Aliz\u00e9 Cornet","Tennis fran\u00e7ais","WTA 250 Monastir"],"articleSection":["Tennis"],"inLanguage":"fr-FR","potentialAction":[{"@type":"CommentAction","name":"Comment","target":["https:\/\/dicodusport.fr\/blog\/wta-monastir-alize-cornet-balayee-par-elise-mertens-en-finale\/#respond"]}],"copyrightYear":"2022","copyrightHolder":{"@id":"https:\/\/dicodusport.fr\/blog\/#organization"}},{"@type":"WebPage","@id":"https:\/\/dicodusport.fr\/blog\/wta-monastir-alize-cornet-balayee-par-elise-mertens-en-finale\/","url":"https:\/\/dicodusport.fr\/blog\/wta-monastir-alize-cornet-balayee-par-elise-mertens-en-finale\/","name":"WTA Monastir : Aliz\u00e9 Cornet balay\u00e9e par Elise Mertens en finale","isPartOf":{"@id":"https:\/\/dicodusport.fr\/blog\/#website"},"primaryImageOfPage":{"@id":"https:\/\/dicodusport.fr\/blog\/wta-monastir-alize-cornet-balayee-par-elise-mertens-en-finale\/#primaryimage"},"image":{"@id":"https:\/\/dicodusport.fr\/blog\/wta-monastir-alize-cornet-balayee-par-elise-mertens-en-finale\/#primaryimage"},"thumbnailUrl":"https:\/\/dicodusport.fr\/blog\/wp-content\/uploads\/2022\/10\/WTA-Monastir-Alize-Cornet-balayee-par-Elise-Mertens-en-finale.png","datePublished":"2022-10-09T13:28:52+00:00","dateModified":"2022-10-09T14:01:53+00:00","description":"WTA 250 DE MONASTIR - Aliz\u00e9 Cornet a \u00e9t\u00e9 surclass\u00e9e par Elise Mertens en finale (6-2, 6-0), et ne remporte donc pas son premier titre de la saison","breadcrumb":{"@id":"https:\/\/dicodusport.fr\/blog\/wta-monastir-alize-cornet-balayee-par-elise-mertens-en-finale\/#breadcrumb"},"inLanguage":"fr-FR","potentialAction":[{"@type":"ReadAction","target":["https:\/\/dicodusport.fr\/blog\/wta-monastir-alize-cornet-balayee-par-elise-mertens-en-finale\/"]}]},{"@type":"ImageObject","inLanguage":"fr-FR","@id":"https:\/\/dicodusport.fr\/blog\/wta-monastir-alize-cornet-balayee-par-elise-mertens-en-finale\/#primaryimage","url":"https:\/\/dicodusport.fr\/blog\/wp-content\/uploads\/2022\/10\/WTA-Monastir-Alize-Cornet-balayee-par-Elise-Mertens-en-finale.png","contentUrl":"https:\/\/dicodusport.fr\/blog\/wp-content\/uploads\/2022\/10\/WTA-Monastir-Alize-Cornet-balayee-par-Elise-Mertens-en-finale.png","width":800,"height":445,"caption":"WTA Monastir Aliz\u00e9 Cornet balay\u00e9e par Elise Mertens en finale"},{"@type":"BreadcrumbList","@id":"https:\/\/dicodusport.fr\/blog\/wta-monastir-alize-cornet-balayee-par-elise-mertens-en-finale\/#breadcrumb","itemListElement":[{"@type":"ListItem","position":1,"name":"Accueil","item":"https:\/\/dicodusport.fr\/blog\/"},{"@type":"ListItem","position":2,"name":"WTA Monastir : Aliz\u00e9 Cornet balay\u00e9e par Elise Mertens en finale"}]},{"@type":"WebSite","@id":"https:\/\/dicodusport.fr\/blog\/#website","url":"https:\/\/dicodusport.fr\/blog\/","name":"Dicodusport","description":"L&#039;encyclop\u00e9die de l&#039;actualit\u00e9 sportive","publisher":{"@id":"https:\/\/dicodusport.fr\/blog\/#organization"},"potentialAction":[{"@type":"SearchAction","target":{"@type":"EntryPoint","urlTemplate":"https:\/\/dicodusport.fr\/blog\/?s={search_term_string}"},"query-input":{"@type":"PropertyValueSpecification","valueRequired":true,"valueName":"search_term_string"}}],"inLanguage":"fr-FR"},{"@type":"NewsMediaOrganization","@id":"https:\/\/dicodusport.fr\/blog\/#organization","name":"Dicodusport","url":"https:\/\/dicodusport.fr\/blog\/","logo":{"@type":"ImageObject","inLanguage":"fr-FR","@id":"https:\/\/dicodusport.fr\/blog\/#\/schema\/logo\/image\/","url":"https:\/\/dicodusport.fr\/blog\/wp-content\/uploads\/2020\/06\/cropped-LOGO-DICODUSPORT-2020-SANS-FOND-SANS-TEXTE.png","contentUrl":"https:\/\/dicodusport.fr\/blog\/wp-content\/uploads\/2020\/06\/cropped-LOGO-DICODUSPORT-2020-SANS-FOND-SANS-TEXTE.png","width":512,"height":512,"caption":"Dicodusport"},"image":{"@id":"https:\/\/dicodusport.fr\/blog\/#\/schema\/logo\/image\/"},"sameAs":["https:\/\/www.facebook.com\/dicodusport","https:\/\/x.com\/dicodusport","https:\/\/www.instagram.com\/dicodusport\/","https:\/\/www.youtube.com\/channel\/UC7V2KZ5sd3htJivAbA4ZG3w"],"description":"Dicodusport est l'encyclop\u00e9die de l'actualit\u00e9 sportive.","email":"bonjour@dicodusport.fr","legalName":"DICODUSPORT","foundingDate":"2018-01-14","vatID":"FR71834470973","taxID":"83447097300043","numberOfEmployees":{"@type":"QuantitativeValue","minValue":"1","maxValue":"10"}},{"@type":"Person","@id":"https:\/\/dicodusport.fr\/blog\/#\/schema\/person\/627966a6cde45dbd8c5e36ac85d783da","name":"S\u00e9bastien Gente","image":{"@type":"ImageObject","inLanguage":"fr-FR","@id":"https:\/\/dicodusport.fr\/blog\/#\/schema\/person\/image\/","url":"https:\/\/dicodusport.fr\/blog\/wp-content\/uploads\/2021\/09\/1510990_10205810251400683_4124423575079401707_n-150x150.jpg","contentUrl":"https:\/\/dicodusport.fr\/blog\/wp-content\/uploads\/2021\/09\/1510990_10205810251400683_4124423575079401707_n-150x150.jpg","caption":"S\u00e9bastien Gente"},"description":"John Stockton, Gianni Bugno, Zinedine Zidane, Steffi Graf, Frode Andresen, St\u00e9phane Stoecklin, Davis Kamoga, Primoz Peterka, Werner Schlager et Aur\u00e9lien Rougerie. Point commun entre ces sportifs? Ils m'ont fait r\u00eaver et ont berc\u00e9 mon adolescence. Je suis un fondu de sports et j'essaie de retranscrire ma passion \u00e0 travers mes articles. Originaire du P\u00e9rigord, ma passion pour les Girondins, les Jaunards et les Jazzmen transpire dans mes \u00e9crits. \u00c0 Dicodusport depuis 2021, je d\u00e9niche les sports m\u00e9connus dans lesquels la France brille, et il y en a !","sameAs":["https:\/\/www.facebook.com\/sebastien.gente\/","https:\/\/www.instagram.com\/sebgente\/","https:\/\/www.linkedin.com\/in\/sbastien-gente-a29583169\/","https:\/\/x.com\/https:\/\/twitter.com\/globulo24","SebastienGente"],"worksFor":"S\u00e9bastien GENTE","url":"https:\/\/dicodusport.fr\/blog\/author\/sebastiengente\/"}]}},"_links":{"self":[{"href":"https:\/\/dicodusport.fr\/blog\/wp-json\/wp\/v2\/posts\/268644","targetHints":{"allow":["GET"]}}],"collection":[{"href":"https:\/\/dicodusport.fr\/blog\/wp-json\/wp\/v2\/posts"}],"about":[{"href":"https:\/\/dicodusport.fr\/blog\/wp-json\/wp\/v2\/types\/post"}],"author":[{"embeddable":true,"href":"https:\/\/dicodusport.fr\/blog\/wp-json\/wp\/v2\/users\/59"}],"replies":[{"embeddable":true,"href":"https:\/\/dicodusport.fr\/blog\/wp-json\/wp\/v2\/comments?post=268644"}],"version-history":[{"count":0,"href":"https:\/\/dicodusport.fr\/blog\/wp-json\/wp\/v2\/posts\/268644\/revisions"}],"wp:featuredmedia":[{"embeddable":true,"href":"https:\/\/dicodusport.fr\/blog\/wp-json\/wp\/v2\/media\/268702"}],"wp:attachment":[{"href":"https:\/\/dicodusport.fr\/blog\/wp-json\/wp\/v2\/media?parent=268644"}],"wp:term":[{"taxonomy":"category","embeddable":true,"href":"https:\/\/dicodusport.fr\/blog\/wp-json\/wp\/v2\/categories?post=268644"},{"taxonomy":"post_tag","embeddable":true,"href":"https:\/\/dicodusport.fr\/blog\/wp-json\/wp\/v2\/tags?post=268644"}],"curies":[{"name":"wp","href":"https:\/\/api.w.org\/{rel}","templated":true}]}}