{"id":268871,"date":"2022-10-09T22:07:20","date_gmt":"2022-10-09T20:07:20","guid":{"rendered":"https:\/\/dicodusport.fr\/blog\/?p=268871&#038;preview=true&#038;preview_id=268871"},"modified":"2022-10-09T22:21:03","modified_gmt":"2022-10-09T20:21:03","slug":"coupe-du-monde-de-cyclo-cross-la-demonstration-d-eli-iserbyt-a-waterloo","status":"publish","type":"post","link":"https:\/\/dicodusport.fr\/blog\/coupe-du-monde-de-cyclo-cross-la-demonstration-d-eli-iserbyt-a-waterloo\/","title":{"rendered":"Coupe du monde de cyclo-cross : La d\u00e9monstration d&rsquo;Eli Iserbyt \u00e0 Waterloo"},"content":{"rendered":"<p style=\"text-align: justify;\"><strong style=\"font-style: italic;\"><a href=\"https:\/\/dicodusport.fr\/blog\/actualites\/cyclisme\/cyclo-cross\/coupe-du-monde-cyclo-cross-2022-2023\/\">COUPE DU MONDE DE CYCLO-CROSS 2022-2023<\/a> &#8211; Au terme d&rsquo;un grand num\u00e9ro en solitaire, Eli Iserbyt (Pauwels Sauzen Bingoal) a remport\u00e9 la premi\u00e8re manche de Coupe du monde<\/strong><em><strong> \u00e0 Waterloo, aux \u00c9tats-Unis, ce dimanche. Il a devanc\u00e9 Laurens Sweeck (Crelan Fristads) et Lars van der Haar (Baloise Trek Lions).\u00a0<\/strong><\/em><\/p>\n<p style=\"text-align: justify;\">D&rsquo;abord, 46 coureurs \u00e9taient au d\u00e9part de cette premi\u00e8re course de la Coupe du monde sur un terrain sec et poussi\u00e9reux dans le Wisconsin, \u00e0 Waterloo. De nombreux gros noms n&rsquo;ont pas fait le voyage jusqu&rsquo;au \u00c9tats-Unis : Quinten Hermans, Wout Van Aert, Mathieu van der Poel, Tom Pidcock ou encore Corn\u00e9 van Kessel. Neuf tours \u00e9taient au programme.<\/p>\n<h2 style=\"text-align: justify;\">Le num\u00e9ro d&rsquo;Eli Iserbyt<\/h2>\n<p style=\"text-align: justify;\">D\u00e8s le premier tour, <strong>Eli Iserbyt<\/strong> (Pauwels Sauzen Bingoal) a pris les commandes de la course avec <strong>Toon Vandenbosch<\/strong> (Alpecin-Deceuninck), <strong>Lars van der Haar<\/strong> et <strong>Thibau Nys<\/strong> (Baloise Trek Lions) dans son sillage. Mais, le laur\u00e9at sortant de la Coupe du monde a produit une violente acc\u00e9l\u00e9ration dans le deuxi\u00e8me tour. Puis, le champion d&rsquo;Europe <strong>Lars van der Haar<\/strong> a assum\u00e9 la poursuite dans un groupe de 7 poursuivants, mais l&rsquo;\u00e9cart est mont\u00e9 \u00e0 16 secondes.<\/p>\n<p style=\"text-align: justify;\">Par la suite, apr\u00e8s un d\u00e9part plut\u00f4t moyen, <strong>Laurens Sweeck<\/strong> (Crelan Fristads) est parti seul en contre dans le quatri\u00e8me tour pour se rapprocher \u00e0 7 secondes d&rsquo;Iserbyt. Un temps seul en troisi\u00e8me position, <strong>Michael Vanthourenhout<\/strong> (Pauwels Sauzen Bingoal) a \u00e9t\u00e9 repris par les deux coureurs de la Baloise Trek Lions : <strong>Thibau Nys<\/strong> et <strong>Lars van der Haar<\/strong>. Mais, dans le cinqui\u00e8me tour, <strong>Eli Iserbyt<\/strong> a r\u00e9pondu \u00e0 la menace <strong>Sweeck<\/strong> en reprenant du temps sur son poursuivant avec un tour record en 6 minutes et 46 secondes.<\/p>\n<blockquote class=\"twitter-tweet\">\n<p dir=\"ltr\" lang=\"en\">After 4&#xfe0f;&#x20e3; laps Iserbyt is leading solo in Waterloo with a gap of 7 seconds on Sweeck. <a href=\"https:\/\/twitter.com\/hashtag\/CXWorldCup?src=hash&amp;ref_src=twsrc%5Etfw\">#CXWorldCup<\/a> <a href=\"https:\/\/t.co\/OwEtUedoCv\">pic.twitter.com\/OwEtUedoCv<\/a><\/p>\n<p>\u2014 UCI Cyclo-cross World Cup (@UCIcyclocrossWC) <a href=\"https:\/\/twitter.com\/UCIcyclocrossWC\/status\/1579193217605459968?ref_src=twsrc%5Etfw\">October 9, 2022<\/a><\/p><\/blockquote>\n<p><script async src=\"https:\/\/platform.twitter.com\/widgets.js\" charset=\"utf-8\"><\/script><\/p>\n<h2 style=\"text-align: justify;\">Laurens Sweeck a fait illusion<\/h2>\n<p style=\"text-align: justify;\">Ensuite, <strong>Eli Iserbyt<\/strong> a profit\u00e9 d&rsquo;une erreur de <strong>Sweeck<\/strong> pour prendre cinq secondes dans le sixi\u00e8me tour. Du c\u00f4t\u00e9 du trio \u00e0 la lutte pour la troisi\u00e8me place, l&rsquo;entente \u00e9tait loin d&rsquo;\u00eatre parfaite. Du c\u00f4t\u00e9 de <strong>David Menut<\/strong> (AS Bike Racing), le Fran\u00e7ais est remont\u00e9 en onzi\u00e8me position apr\u00e8s un d\u00e9but de course tr\u00e8s prudent. Dans les trois derniers tours, <strong>Eli Iserbyt<\/strong> est rest\u00e9 tr\u00e8s propre techniquement et a continu\u00e9 \u00e0 creuser son avance. <strong>Michael Vanthourenhout<\/strong>, quant \u00e0 lui, a pu jouer sa carte en porter quelques acc\u00e9l\u00e9rations au troisi\u00e8me \u00e9chelon de la course.<\/p>\n<p style=\"text-align: justify;\">Finalement, malgr\u00e9 quelques erreurs dans le dernier tour, <strong>Eli Iserbyt<\/strong> (Pauwels Sauzen Bingoal) s&rsquo;est impos\u00e9 en solitaire apr\u00e8s 1 heure 2 minutes et 9 secondes d&rsquo;effort. Iserbyt a encha\u00een\u00e9 un troisi\u00e8me succ\u00e8s cons\u00e9cutif sur le parcours de Waterloo. Il a devanc\u00e9 de 32 secondes <strong>Laurens Sweeck<\/strong> (Crelan Fristads). <strong>Lars van der Haar<\/strong> (Baloise Trek Lions) a r\u00e9ussi \u00e0 prendre le dessus sur <strong>Michael Vanthourenhout<\/strong> (Pauwels Sauzen Bingoal) pour compl\u00e9ter le podium. <strong>Thibau Nys<\/strong> (Baloise Trek Lions) a termin\u00e9 5e \u00e0 1:27. <strong>David Menut<\/strong> (AS Bike Racing) a r\u00e9ussi \u00e0 entrer dans le top 10 avec la dixi\u00e8me place \u00e0 1:56.<\/p>\n<blockquote class=\"twitter-tweet\">\n<p dir=\"ltr\" lang=\"en\">Eli Iserbyt is living his American Dream! He wins solo in Waterloo! &#x1f1fa;&#x1f1f8; Laurens Sweeck finishes in second place &#x1f948;, Lars van der Haar sprints to a third place. &#x1f949; <a href=\"https:\/\/twitter.com\/hashtag\/CXWorldCup?src=hash&amp;ref_src=twsrc%5Etfw\">#CXWorldCup<\/a> <a href=\"https:\/\/t.co\/PYqeEEIWu5\">pic.twitter.com\/PYqeEEIWu5<\/a><\/p>\n<p>\u2014 UCI Cyclo-cross World Cup (@UCIcyclocrossWC) <a href=\"https:\/\/twitter.com\/UCIcyclocrossWC\/status\/1579202867701100544?ref_src=twsrc%5Etfw\">October 9, 2022<\/a><\/p><\/blockquote>\n<p><script async src=\"https:\/\/platform.twitter.com\/widgets.js\" charset=\"utf-8\"><\/script><\/p>\n<p style=\"text-align: justify;\">\n","protected":false},"excerpt":{"rendered":"<p>COUPE DU MONDE DE CYCLO-CROSS 2022-2023 &#8211; Au terme d&rsquo;un grand num\u00e9ro en solitaire, Eli Iserbyt (Pauwels Sauzen Bingoal) a remport\u00e9 la premi\u00e8re manche de Coupe du monde \u00e0 Waterloo, aux \u00c9tats-Unis, ce dimanche. Il a devanc\u00e9 Laurens Sweeck (Crelan Fristads) et Lars van der Haar (Baloise Trek Lions).\u00a0<\/p>\n","protected":false},"author":48,"featured_media":268901,"comment_status":"open","ping_status":"closed","sticky":false,"template":"","format":"standard","meta":{"_acf_changed":false,"_daextam_enable_autolinks":"","footnotes":""},"categories":[9611],"tags":[20902,6666,27179],"class_list":["post-268871","post","type-post","status-publish","format-standard","has-post-thumbnail","hentry","category-cyclo-cross","tag-coupe-du-monde-de-cyclo-cross","tag-cyclo-cross","tag-cyclo-cross-waterloo"],"acf":[],"yoast_head":"<!-- This site is optimized with the Yoast SEO Premium plugin v26.7 (Yoast SEO v26.7) - https:\/\/yoast.com\/wordpress\/plugins\/seo\/ -->\n<title>Coupe du monde de cyclo-cross : La d\u00e9monstration d&#039;Eli Iserbyt \u00e0 Waterloo<\/title>\n<meta name=\"description\" content=\"COUPE DU MONDE DE CYCLO-CROSS 2022-2023 - Eli Iserbyt (Pauwels Sauzen Bingoal) a remport\u00e9 la premi\u00e8re manche de Coupe du monde \u00e0 Waterloo.\" \/>\n<meta name=\"robots\" content=\"index, follow, max-snippet:-1, max-image-preview:large, max-video-preview:-1\" \/>\n<link rel=\"canonical\" href=\"https:\/\/dicodusport.fr\/blog\/coupe-du-monde-de-cyclo-cross-la-demonstration-d-eli-iserbyt-a-waterloo\/\" \/>\n<meta property=\"og:locale\" content=\"fr_FR\" \/>\n<meta property=\"og:type\" content=\"article\" \/>\n<meta property=\"og:title\" content=\"Coupe du monde de cyclo-cross : La d\u00e9monstration d&#039;Eli Iserbyt \u00e0 Waterloo\" \/>\n<meta property=\"og:description\" content=\"COUPE DU MONDE DE CYCLO-CROSS 2022-2023 - Eli Iserbyt (Pauwels Sauzen Bingoal) a remport\u00e9 la premi\u00e8re manche de Coupe du monde \u00e0 Waterloo.\" \/>\n<meta property=\"og:url\" content=\"https:\/\/dicodusport.fr\/blog\/coupe-du-monde-de-cyclo-cross-la-demonstration-d-eli-iserbyt-a-waterloo\/\" \/>\n<meta property=\"og:site_name\" content=\"Dicodusport\" \/>\n<meta property=\"article:publisher\" content=\"https:\/\/www.facebook.com\/dicodusport\" \/>\n<meta property=\"article:author\" content=\"https:\/\/www.facebook.com\/groups\/LesRoisDuPeloton\" \/>\n<meta property=\"article:published_time\" content=\"2022-10-09T20:07:20+00:00\" \/>\n<meta property=\"article:modified_time\" content=\"2022-10-09T20:21:03+00:00\" \/>\n<meta property=\"og:image\" content=\"https:\/\/dicodusport.fr\/blog\/wp-content\/uploads\/2022\/10\/Coupe-du-monde-de-cyclo-cross-La-demonstration-dEli-Iserbyt-a-Waterloo.png\" \/>\n\t<meta property=\"og:image:width\" content=\"800\" \/>\n\t<meta property=\"og:image:height\" content=\"445\" \/>\n\t<meta property=\"og:image:type\" content=\"image\/png\" \/>\n<meta name=\"author\" content=\"Emilien Descampiaux\" \/>\n<meta name=\"twitter:card\" content=\"summary_large_image\" \/>\n<meta name=\"twitter:title\" content=\"Coupe du monde de cyclo-cross : La d\u00e9monstration d&#039;Eli Iserbyt \u00e0 Waterloo\" \/>\n<meta name=\"twitter:creator\" content=\"@https:\/\/twitter.com\/LRoisDuPeloton\" \/>\n<meta name=\"twitter:site\" content=\"@dicodusport\" \/>\n<script type=\"application\/ld+json\" class=\"yoast-schema-graph\">{\"@context\":\"https:\/\/schema.org\",\"@graph\":[{\"@type\":\"NewsArticle\",\"@id\":\"https:\/\/dicodusport.fr\/blog\/coupe-du-monde-de-cyclo-cross-la-demonstration-d-eli-iserbyt-a-waterloo\/#article\",\"isPartOf\":{\"@id\":\"https:\/\/dicodusport.fr\/blog\/coupe-du-monde-de-cyclo-cross-la-demonstration-d-eli-iserbyt-a-waterloo\/\"},\"author\":{\"name\":\"Emilien Descampiaux\",\"@id\":\"https:\/\/dicodusport.fr\/blog\/#\/schema\/person\/6db4bae06b171592211be385b32876a7\"},\"headline\":\"Coupe du monde de cyclo-cross : La d\u00e9monstration d&rsquo;Eli Iserbyt \u00e0 Waterloo\",\"datePublished\":\"2022-10-09T20:07:20+00:00\",\"dateModified\":\"2022-10-09T20:21:03+00:00\",\"mainEntityOfPage\":{\"@id\":\"https:\/\/dicodusport.fr\/blog\/coupe-du-monde-de-cyclo-cross-la-demonstration-d-eli-iserbyt-a-waterloo\/\"},\"wordCount\":592,\"commentCount\":0,\"publisher\":{\"@id\":\"https:\/\/dicodusport.fr\/blog\/#organization\"},\"image\":{\"@id\":\"https:\/\/dicodusport.fr\/blog\/coupe-du-monde-de-cyclo-cross-la-demonstration-d-eli-iserbyt-a-waterloo\/#primaryimage\"},\"thumbnailUrl\":\"https:\/\/dicodusport.fr\/blog\/wp-content\/uploads\/2022\/10\/Coupe-du-monde-de-cyclo-cross-La-demonstration-dEli-Iserbyt-a-Waterloo.png\",\"keywords\":[\"Coupe du monde de cyclo-cross\",\"Cyclo-cross\",\"Cyclo-cross Waterloo\"],\"articleSection\":[\"Cyclo-cross\"],\"inLanguage\":\"fr-FR\",\"potentialAction\":[{\"@type\":\"CommentAction\",\"name\":\"Comment\",\"target\":[\"https:\/\/dicodusport.fr\/blog\/coupe-du-monde-de-cyclo-cross-la-demonstration-d-eli-iserbyt-a-waterloo\/#respond\"]}],\"copyrightYear\":\"2022\",\"copyrightHolder\":{\"@id\":\"https:\/\/dicodusport.fr\/blog\/#organization\"}},{\"@type\":\"WebPage\",\"@id\":\"https:\/\/dicodusport.fr\/blog\/coupe-du-monde-de-cyclo-cross-la-demonstration-d-eli-iserbyt-a-waterloo\/\",\"url\":\"https:\/\/dicodusport.fr\/blog\/coupe-du-monde-de-cyclo-cross-la-demonstration-d-eli-iserbyt-a-waterloo\/\",\"name\":\"Coupe du monde de cyclo-cross : La d\u00e9monstration d'Eli Iserbyt \u00e0 Waterloo\",\"isPartOf\":{\"@id\":\"https:\/\/dicodusport.fr\/blog\/#website\"},\"primaryImageOfPage\":{\"@id\":\"https:\/\/dicodusport.fr\/blog\/coupe-du-monde-de-cyclo-cross-la-demonstration-d-eli-iserbyt-a-waterloo\/#primaryimage\"},\"image\":{\"@id\":\"https:\/\/dicodusport.fr\/blog\/coupe-du-monde-de-cyclo-cross-la-demonstration-d-eli-iserbyt-a-waterloo\/#primaryimage\"},\"thumbnailUrl\":\"https:\/\/dicodusport.fr\/blog\/wp-content\/uploads\/2022\/10\/Coupe-du-monde-de-cyclo-cross-La-demonstration-dEli-Iserbyt-a-Waterloo.png\",\"datePublished\":\"2022-10-09T20:07:20+00:00\",\"dateModified\":\"2022-10-09T20:21:03+00:00\",\"description\":\"COUPE DU MONDE DE CYCLO-CROSS 2022-2023 - Eli Iserbyt (Pauwels Sauzen Bingoal) a remport\u00e9 la premi\u00e8re manche de Coupe du monde \u00e0 Waterloo.\",\"breadcrumb\":{\"@id\":\"https:\/\/dicodusport.fr\/blog\/coupe-du-monde-de-cyclo-cross-la-demonstration-d-eli-iserbyt-a-waterloo\/#breadcrumb\"},\"inLanguage\":\"fr-FR\",\"potentialAction\":[{\"@type\":\"ReadAction\",\"target\":[\"https:\/\/dicodusport.fr\/blog\/coupe-du-monde-de-cyclo-cross-la-demonstration-d-eli-iserbyt-a-waterloo\/\"]}]},{\"@type\":\"ImageObject\",\"inLanguage\":\"fr-FR\",\"@id\":\"https:\/\/dicodusport.fr\/blog\/coupe-du-monde-de-cyclo-cross-la-demonstration-d-eli-iserbyt-a-waterloo\/#primaryimage\",\"url\":\"https:\/\/dicodusport.fr\/blog\/wp-content\/uploads\/2022\/10\/Coupe-du-monde-de-cyclo-cross-La-demonstration-dEli-Iserbyt-a-Waterloo.png\",\"contentUrl\":\"https:\/\/dicodusport.fr\/blog\/wp-content\/uploads\/2022\/10\/Coupe-du-monde-de-cyclo-cross-La-demonstration-dEli-Iserbyt-a-Waterloo.png\",\"width\":800,\"height\":445,\"caption\":\"Coupe du monde de cyclo-cross La d\u00e9monstration d'Eli Iserbyt \u00e0 Waterloo\"},{\"@type\":\"BreadcrumbList\",\"@id\":\"https:\/\/dicodusport.fr\/blog\/coupe-du-monde-de-cyclo-cross-la-demonstration-d-eli-iserbyt-a-waterloo\/#breadcrumb\",\"itemListElement\":[{\"@type\":\"ListItem\",\"position\":1,\"name\":\"Accueil\",\"item\":\"https:\/\/dicodusport.fr\/blog\/\"},{\"@type\":\"ListItem\",\"position\":2,\"name\":\"Coupe du monde de cyclo-cross : La d\u00e9monstration d&rsquo;Eli Iserbyt \u00e0 Waterloo\"}]},{\"@type\":\"WebSite\",\"@id\":\"https:\/\/dicodusport.fr\/blog\/#website\",\"url\":\"https:\/\/dicodusport.fr\/blog\/\",\"name\":\"Dicodusport\",\"description\":\"L&#039;encyclop\u00e9die de l&#039;actualit\u00e9 sportive\",\"publisher\":{\"@id\":\"https:\/\/dicodusport.fr\/blog\/#organization\"},\"potentialAction\":[{\"@type\":\"SearchAction\",\"target\":{\"@type\":\"EntryPoint\",\"urlTemplate\":\"https:\/\/dicodusport.fr\/blog\/?s={search_term_string}\"},\"query-input\":{\"@type\":\"PropertyValueSpecification\",\"valueRequired\":true,\"valueName\":\"search_term_string\"}}],\"inLanguage\":\"fr-FR\"},{\"@type\":\"NewsMediaOrganization\",\"@id\":\"https:\/\/dicodusport.fr\/blog\/#organization\",\"name\":\"Dicodusport\",\"url\":\"https:\/\/dicodusport.fr\/blog\/\",\"logo\":{\"@type\":\"ImageObject\",\"inLanguage\":\"fr-FR\",\"@id\":\"https:\/\/dicodusport.fr\/blog\/#\/schema\/logo\/image\/\",\"url\":\"https:\/\/dicodusport.fr\/blog\/wp-content\/uploads\/2020\/06\/cropped-LOGO-DICODUSPORT-2020-SANS-FOND-SANS-TEXTE.png\",\"contentUrl\":\"https:\/\/dicodusport.fr\/blog\/wp-content\/uploads\/2020\/06\/cropped-LOGO-DICODUSPORT-2020-SANS-FOND-SANS-TEXTE.png\",\"width\":512,\"height\":512,\"caption\":\"Dicodusport\"},\"image\":{\"@id\":\"https:\/\/dicodusport.fr\/blog\/#\/schema\/logo\/image\/\"},\"sameAs\":[\"https:\/\/www.facebook.com\/dicodusport\",\"https:\/\/x.com\/dicodusport\",\"https:\/\/www.instagram.com\/dicodusport\/\",\"https:\/\/www.youtube.com\/channel\/UC7V2KZ5sd3htJivAbA4ZG3w\"],\"description\":\"Dicodusport est l'encyclop\u00e9die de l'actualit\u00e9 sportive.\",\"email\":\"bonjour@dicodusport.fr\",\"legalName\":\"DICODUSPORT\",\"foundingDate\":\"2018-01-14\",\"vatID\":\"FR71834470973\",\"taxID\":\"83447097300043\",\"numberOfEmployees\":{\"@type\":\"QuantitativeValue\",\"minValue\":\"1\",\"maxValue\":\"10\"}},{\"@type\":\"Person\",\"@id\":\"https:\/\/dicodusport.fr\/blog\/#\/schema\/person\/6db4bae06b171592211be385b32876a7\",\"name\":\"Emilien Descampiaux\",\"image\":{\"@type\":\"ImageObject\",\"inLanguage\":\"fr-FR\",\"@id\":\"https:\/\/dicodusport.fr\/blog\/#\/schema\/person\/image\/\",\"url\":\"https:\/\/dicodusport.fr\/blog\/wp-content\/uploads\/2021\/05\/Emilien-Descampiaux-150x150.jpg\",\"contentUrl\":\"https:\/\/dicodusport.fr\/blog\/wp-content\/uploads\/2021\/05\/Emilien-Descampiaux-150x150.jpg\",\"caption\":\"Emilien Descampiaux\"},\"description\":\"Journaliste\/r\u00e9dacteur depuis 2014 - Fan de la classe de Frank Vandenbroucke, je vis cyclisme (et de ses paysages) depuis plus de 20 ans. Je suis tr\u00e8s impliqu\u00e9 sur mes diff\u00e9rents r\u00e9seaux sociaux pour partager ma passion sur le monde et l'Histoire de la bicyclette avec ma voix sur les images en noir et blanc du succ\u00e8s de Rik Van Steenbergen lors du Ronde sur le V\u00e9lodrome de Gand.\",\"sameAs\":[\"https:\/\/www.facebook.com\/groups\/LesRoisDuPeloton\",\"https:\/\/x.com\/https:\/\/twitter.com\/LRoisDuPeloton\"],\"url\":\"https:\/\/dicodusport.fr\/blog\/author\/emiliend\/\"}]}<\/script>\n<!-- \/ Yoast SEO Premium plugin. -->","yoast_head_json":{"title":"Coupe du monde de cyclo-cross : La d\u00e9monstration d'Eli Iserbyt \u00e0 Waterloo","description":"COUPE DU MONDE DE CYCLO-CROSS 2022-2023 - Eli Iserbyt (Pauwels Sauzen Bingoal) a remport\u00e9 la premi\u00e8re manche de Coupe du monde \u00e0 Waterloo.","robots":{"index":"index","follow":"follow","max-snippet":"max-snippet:-1","max-image-preview":"max-image-preview:large","max-video-preview":"max-video-preview:-1"},"canonical":"https:\/\/dicodusport.fr\/blog\/coupe-du-monde-de-cyclo-cross-la-demonstration-d-eli-iserbyt-a-waterloo\/","og_locale":"fr_FR","og_type":"article","og_title":"Coupe du monde de cyclo-cross : La d\u00e9monstration d'Eli Iserbyt \u00e0 Waterloo","og_description":"COUPE DU MONDE DE CYCLO-CROSS 2022-2023 - Eli Iserbyt (Pauwels Sauzen Bingoal) a remport\u00e9 la premi\u00e8re manche de Coupe du monde \u00e0 Waterloo.","og_url":"https:\/\/dicodusport.fr\/blog\/coupe-du-monde-de-cyclo-cross-la-demonstration-d-eli-iserbyt-a-waterloo\/","og_site_name":"Dicodusport","article_publisher":"https:\/\/www.facebook.com\/dicodusport","article_author":"https:\/\/www.facebook.com\/groups\/LesRoisDuPeloton","article_published_time":"2022-10-09T20:07:20+00:00","article_modified_time":"2022-10-09T20:21:03+00:00","og_image":[{"width":800,"height":445,"url":"https:\/\/dicodusport.fr\/blog\/wp-content\/uploads\/2022\/10\/Coupe-du-monde-de-cyclo-cross-La-demonstration-dEli-Iserbyt-a-Waterloo.png","type":"image\/png"}],"author":"Emilien Descampiaux","twitter_card":"summary_large_image","twitter_title":"Coupe du monde de cyclo-cross : La d\u00e9monstration d'Eli Iserbyt \u00e0 Waterloo","twitter_creator":"@https:\/\/twitter.com\/LRoisDuPeloton","twitter_site":"@dicodusport","schema":{"@context":"https:\/\/schema.org","@graph":[{"@type":"NewsArticle","@id":"https:\/\/dicodusport.fr\/blog\/coupe-du-monde-de-cyclo-cross-la-demonstration-d-eli-iserbyt-a-waterloo\/#article","isPartOf":{"@id":"https:\/\/dicodusport.fr\/blog\/coupe-du-monde-de-cyclo-cross-la-demonstration-d-eli-iserbyt-a-waterloo\/"},"author":{"name":"Emilien Descampiaux","@id":"https:\/\/dicodusport.fr\/blog\/#\/schema\/person\/6db4bae06b171592211be385b32876a7"},"headline":"Coupe du monde de cyclo-cross : La d\u00e9monstration d&rsquo;Eli Iserbyt \u00e0 Waterloo","datePublished":"2022-10-09T20:07:20+00:00","dateModified":"2022-10-09T20:21:03+00:00","mainEntityOfPage":{"@id":"https:\/\/dicodusport.fr\/blog\/coupe-du-monde-de-cyclo-cross-la-demonstration-d-eli-iserbyt-a-waterloo\/"},"wordCount":592,"commentCount":0,"publisher":{"@id":"https:\/\/dicodusport.fr\/blog\/#organization"},"image":{"@id":"https:\/\/dicodusport.fr\/blog\/coupe-du-monde-de-cyclo-cross-la-demonstration-d-eli-iserbyt-a-waterloo\/#primaryimage"},"thumbnailUrl":"https:\/\/dicodusport.fr\/blog\/wp-content\/uploads\/2022\/10\/Coupe-du-monde-de-cyclo-cross-La-demonstration-dEli-Iserbyt-a-Waterloo.png","keywords":["Coupe du monde de cyclo-cross","Cyclo-cross","Cyclo-cross Waterloo"],"articleSection":["Cyclo-cross"],"inLanguage":"fr-FR","potentialAction":[{"@type":"CommentAction","name":"Comment","target":["https:\/\/dicodusport.fr\/blog\/coupe-du-monde-de-cyclo-cross-la-demonstration-d-eli-iserbyt-a-waterloo\/#respond"]}],"copyrightYear":"2022","copyrightHolder":{"@id":"https:\/\/dicodusport.fr\/blog\/#organization"}},{"@type":"WebPage","@id":"https:\/\/dicodusport.fr\/blog\/coupe-du-monde-de-cyclo-cross-la-demonstration-d-eli-iserbyt-a-waterloo\/","url":"https:\/\/dicodusport.fr\/blog\/coupe-du-monde-de-cyclo-cross-la-demonstration-d-eli-iserbyt-a-waterloo\/","name":"Coupe du monde de cyclo-cross : La d\u00e9monstration d'Eli Iserbyt \u00e0 Waterloo","isPartOf":{"@id":"https:\/\/dicodusport.fr\/blog\/#website"},"primaryImageOfPage":{"@id":"https:\/\/dicodusport.fr\/blog\/coupe-du-monde-de-cyclo-cross-la-demonstration-d-eli-iserbyt-a-waterloo\/#primaryimage"},"image":{"@id":"https:\/\/dicodusport.fr\/blog\/coupe-du-monde-de-cyclo-cross-la-demonstration-d-eli-iserbyt-a-waterloo\/#primaryimage"},"thumbnailUrl":"https:\/\/dicodusport.fr\/blog\/wp-content\/uploads\/2022\/10\/Coupe-du-monde-de-cyclo-cross-La-demonstration-dEli-Iserbyt-a-Waterloo.png","datePublished":"2022-10-09T20:07:20+00:00","dateModified":"2022-10-09T20:21:03+00:00","description":"COUPE DU MONDE DE CYCLO-CROSS 2022-2023 - Eli Iserbyt (Pauwels Sauzen Bingoal) a remport\u00e9 la premi\u00e8re manche de Coupe du monde \u00e0 Waterloo.","breadcrumb":{"@id":"https:\/\/dicodusport.fr\/blog\/coupe-du-monde-de-cyclo-cross-la-demonstration-d-eli-iserbyt-a-waterloo\/#breadcrumb"},"inLanguage":"fr-FR","potentialAction":[{"@type":"ReadAction","target":["https:\/\/dicodusport.fr\/blog\/coupe-du-monde-de-cyclo-cross-la-demonstration-d-eli-iserbyt-a-waterloo\/"]}]},{"@type":"ImageObject","inLanguage":"fr-FR","@id":"https:\/\/dicodusport.fr\/blog\/coupe-du-monde-de-cyclo-cross-la-demonstration-d-eli-iserbyt-a-waterloo\/#primaryimage","url":"https:\/\/dicodusport.fr\/blog\/wp-content\/uploads\/2022\/10\/Coupe-du-monde-de-cyclo-cross-La-demonstration-dEli-Iserbyt-a-Waterloo.png","contentUrl":"https:\/\/dicodusport.fr\/blog\/wp-content\/uploads\/2022\/10\/Coupe-du-monde-de-cyclo-cross-La-demonstration-dEli-Iserbyt-a-Waterloo.png","width":800,"height":445,"caption":"Coupe du monde de cyclo-cross La d\u00e9monstration d'Eli Iserbyt \u00e0 Waterloo"},{"@type":"BreadcrumbList","@id":"https:\/\/dicodusport.fr\/blog\/coupe-du-monde-de-cyclo-cross-la-demonstration-d-eli-iserbyt-a-waterloo\/#breadcrumb","itemListElement":[{"@type":"ListItem","position":1,"name":"Accueil","item":"https:\/\/dicodusport.fr\/blog\/"},{"@type":"ListItem","position":2,"name":"Coupe du monde de cyclo-cross : La d\u00e9monstration d&rsquo;Eli Iserbyt \u00e0 Waterloo"}]},{"@type":"WebSite","@id":"https:\/\/dicodusport.fr\/blog\/#website","url":"https:\/\/dicodusport.fr\/blog\/","name":"Dicodusport","description":"L&#039;encyclop\u00e9die de l&#039;actualit\u00e9 sportive","publisher":{"@id":"https:\/\/dicodusport.fr\/blog\/#organization"},"potentialAction":[{"@type":"SearchAction","target":{"@type":"EntryPoint","urlTemplate":"https:\/\/dicodusport.fr\/blog\/?s={search_term_string}"},"query-input":{"@type":"PropertyValueSpecification","valueRequired":true,"valueName":"search_term_string"}}],"inLanguage":"fr-FR"},{"@type":"NewsMediaOrganization","@id":"https:\/\/dicodusport.fr\/blog\/#organization","name":"Dicodusport","url":"https:\/\/dicodusport.fr\/blog\/","logo":{"@type":"ImageObject","inLanguage":"fr-FR","@id":"https:\/\/dicodusport.fr\/blog\/#\/schema\/logo\/image\/","url":"https:\/\/dicodusport.fr\/blog\/wp-content\/uploads\/2020\/06\/cropped-LOGO-DICODUSPORT-2020-SANS-FOND-SANS-TEXTE.png","contentUrl":"https:\/\/dicodusport.fr\/blog\/wp-content\/uploads\/2020\/06\/cropped-LOGO-DICODUSPORT-2020-SANS-FOND-SANS-TEXTE.png","width":512,"height":512,"caption":"Dicodusport"},"image":{"@id":"https:\/\/dicodusport.fr\/blog\/#\/schema\/logo\/image\/"},"sameAs":["https:\/\/www.facebook.com\/dicodusport","https:\/\/x.com\/dicodusport","https:\/\/www.instagram.com\/dicodusport\/","https:\/\/www.youtube.com\/channel\/UC7V2KZ5sd3htJivAbA4ZG3w"],"description":"Dicodusport est l'encyclop\u00e9die de l'actualit\u00e9 sportive.","email":"bonjour@dicodusport.fr","legalName":"DICODUSPORT","foundingDate":"2018-01-14","vatID":"FR71834470973","taxID":"83447097300043","numberOfEmployees":{"@type":"QuantitativeValue","minValue":"1","maxValue":"10"}},{"@type":"Person","@id":"https:\/\/dicodusport.fr\/blog\/#\/schema\/person\/6db4bae06b171592211be385b32876a7","name":"Emilien Descampiaux","image":{"@type":"ImageObject","inLanguage":"fr-FR","@id":"https:\/\/dicodusport.fr\/blog\/#\/schema\/person\/image\/","url":"https:\/\/dicodusport.fr\/blog\/wp-content\/uploads\/2021\/05\/Emilien-Descampiaux-150x150.jpg","contentUrl":"https:\/\/dicodusport.fr\/blog\/wp-content\/uploads\/2021\/05\/Emilien-Descampiaux-150x150.jpg","caption":"Emilien Descampiaux"},"description":"Journaliste\/r\u00e9dacteur depuis 2014 - Fan de la classe de Frank Vandenbroucke, je vis cyclisme (et de ses paysages) depuis plus de 20 ans. Je suis tr\u00e8s impliqu\u00e9 sur mes diff\u00e9rents r\u00e9seaux sociaux pour partager ma passion sur le monde et l'Histoire de la bicyclette avec ma voix sur les images en noir et blanc du succ\u00e8s de Rik Van Steenbergen lors du Ronde sur le V\u00e9lodrome de Gand.","sameAs":["https:\/\/www.facebook.com\/groups\/LesRoisDuPeloton","https:\/\/x.com\/https:\/\/twitter.com\/LRoisDuPeloton"],"url":"https:\/\/dicodusport.fr\/blog\/author\/emiliend\/"}]}},"_links":{"self":[{"href":"https:\/\/dicodusport.fr\/blog\/wp-json\/wp\/v2\/posts\/268871","targetHints":{"allow":["GET"]}}],"collection":[{"href":"https:\/\/dicodusport.fr\/blog\/wp-json\/wp\/v2\/posts"}],"about":[{"href":"https:\/\/dicodusport.fr\/blog\/wp-json\/wp\/v2\/types\/post"}],"author":[{"embeddable":true,"href":"https:\/\/dicodusport.fr\/blog\/wp-json\/wp\/v2\/users\/48"}],"replies":[{"embeddable":true,"href":"https:\/\/dicodusport.fr\/blog\/wp-json\/wp\/v2\/comments?post=268871"}],"version-history":[{"count":0,"href":"https:\/\/dicodusport.fr\/blog\/wp-json\/wp\/v2\/posts\/268871\/revisions"}],"wp:featuredmedia":[{"embeddable":true,"href":"https:\/\/dicodusport.fr\/blog\/wp-json\/wp\/v2\/media\/268901"}],"wp:attachment":[{"href":"https:\/\/dicodusport.fr\/blog\/wp-json\/wp\/v2\/media?parent=268871"}],"wp:term":[{"taxonomy":"category","embeddable":true,"href":"https:\/\/dicodusport.fr\/blog\/wp-json\/wp\/v2\/categories?post=268871"},{"taxonomy":"post_tag","embeddable":true,"href":"https:\/\/dicodusport.fr\/blog\/wp-json\/wp\/v2\/tags?post=268871"}],"curies":[{"name":"wp","href":"https:\/\/api.w.org\/{rel}","templated":true}]}}