{"id":268952,"date":"2022-10-10T08:10:37","date_gmt":"2022-10-10T06:10:37","guid":{"rendered":"https:\/\/dicodusport.fr\/blog\/?p=268952&#038;preview=true&#038;preview_id=268952"},"modified":"2022-10-10T08:25:21","modified_gmt":"2022-10-10T06:25:21","slug":"mercato-demba-bamba-pourrait-quitter-le-lou-avant-la-fin-de-son-contrat","status":"publish","type":"post","link":"https:\/\/dicodusport.fr\/blog\/mercato-demba-bamba-pourrait-quitter-le-lou-avant-la-fin-de-son-contrat\/","title":{"rendered":"Mercato : Demba Bamba pourrait quitter le LOU avant la fin de son contrat"},"content":{"rendered":"<p style=\"text-align: justify;\"><b><i>TOP 14 2022-2023 &#8211; Selon le Midi Olympique, Demba Bamba pourrait quitter le LOU d\u00e8s l&rsquo;\u00e9t\u00e9 prochain malgr\u00e9 un contrat qui court jusqu&rsquo;en juin 2024.\u00a0<\/i><\/b><\/p>\n<p style=\"text-align: justify;\">Actuellement gravement bless\u00e9 au genou, <strong>Demba<\/strong> <strong>Bamba<\/strong> devrait faire son retour sur les terrains dans quelques mois. Mais le Lyonnais agite d\u00e9j\u00e0 le march\u00e9 des transferts pour l&rsquo;\u00e9t\u00e9 prochain. S&rsquo;il est sous contrat jusqu&rsquo;en juin 2024 avec le <strong>LOU<\/strong>, le pilier droit international disposerait d&rsquo;une clause financi\u00e8re pour \u00eatre lib\u00e9r\u00e9 d\u00e8s l&rsquo;\u00e9t\u00e9 2023, si un club venait \u00e0 la payer. Deux formations de <strong>Top 14<\/strong> seraient sur les rangs. <strong>Brive<\/strong>, son ancien club, qui devrait avoir des moyens financiers plus importants dans les ann\u00e9es \u00e0 venir et qui pourrait lui faire une offre.<\/p>\n<p style=\"text-align: justify;\">Mais la piste la plus chaude m\u00e8ne au RC Toulon qui cherche \u00e0 tout prix un pilier droit de tr\u00e8s haut niveau. Si la piste menant \u00e0 <strong>Cristian<\/strong>\u00a0<strong>Ojovan<\/strong> a \u00e9t\u00e9 \u00e9voqu\u00e9e, c&rsquo;est bien <strong>Demba<\/strong> <strong>Bamba<\/strong> qui serait la priorit\u00e9 du club et du duo <strong>Az\u00e9ma-Mignoni<\/strong>. Mais <strong>Lyon<\/strong> ne l\u00e2chera pas son international sans batailler et va tenter de lui faire une offre de prolongation pour le convaincre.<\/p>\n<blockquote class=\"twitter-tweet\">\n<p dir=\"ltr\" lang=\"fr\">Haut les filles ! en Une de Midi Olympique !<br \/>\nPour lire votre journal &gt; <a href=\"https:\/\/t.co\/fwthVg357c\">https:\/\/t.co\/fwthVg357c<\/a> <a href=\"https:\/\/t.co\/mCTRgVmMD9\">pic.twitter.com\/mCTRgVmMD9<\/a><\/p>\n<p>\u2014 Midi Olympique (@midi_olympique) <a href=\"https:\/\/twitter.com\/midi_olympique\/status\/1579221760444346368?ref_src=twsrc%5Etfw\">October 9, 2022<\/a><\/p><\/blockquote>\n<p style=\"text-align: justify;\"><script async src=\"https:\/\/platform.twitter.com\/widgets.js\" charset=\"utf-8\"><\/script><\/p>\n","protected":false},"excerpt":{"rendered":"<p>TOP 14 2022-2023 &#8211; Selon le Midi Olympique, Demba Bamba pourrait quitter le LOU d\u00e8s l&rsquo;\u00e9t\u00e9 prochain malgr\u00e9 un contrat qui court jusqu&rsquo;en juin 2024.\u00a0<\/p>\n","protected":false},"author":1,"featured_media":268958,"comment_status":"open","ping_status":"closed","sticky":false,"template":"","format":"standard","meta":{"_acf_changed":false,"_daextam_enable_autolinks":"","footnotes":""},"categories":[9129,47050],"tags":[8882,8883,2812,216],"class_list":["post-268952","post","type-post","status-publish","format-standard","has-post-thumbnail","hentry","category-rugby-a-xv","category-top-14","tag-bamba","tag-demba-bamba","tag-lou","tag-rct"],"acf":[],"yoast_head":"<!-- This site is optimized with the Yoast SEO Premium plugin v26.7 (Yoast SEO v26.7) - https:\/\/yoast.com\/wordpress\/plugins\/seo\/ -->\n<title>Mercato : Demba Bamba pourrait quitter le LOU avant la fin de son contrat<\/title>\n<meta name=\"description\" content=\"TOP 14 2022-2023 - Selon le Midi Olympique, Demba Bamba pourrait quitter le LOU d\u00e8s l&#039;\u00e9t\u00e9 prochain malgr\u00e9 un contrat jusqu&#039;en juin 2024.\u00a0\" \/>\n<meta name=\"robots\" content=\"index, follow, max-snippet:-1, max-image-preview:large, max-video-preview:-1\" \/>\n<link rel=\"canonical\" href=\"https:\/\/dicodusport.fr\/blog\/mercato-demba-bamba-pourrait-quitter-le-lou-avant-la-fin-de-son-contrat\/\" \/>\n<meta property=\"og:locale\" content=\"fr_FR\" \/>\n<meta property=\"og:type\" content=\"article\" \/>\n<meta property=\"og:title\" content=\"Mercato : Demba Bamba pourrait quitter le LOU avant la fin de son contrat\" \/>\n<meta property=\"og:description\" content=\"TOP 14 2022-2023 - Selon le Midi Olympique, Demba Bamba pourrait quitter le LOU d\u00e8s l&#039;\u00e9t\u00e9 prochain malgr\u00e9 un contrat jusqu&#039;en juin 2024.\u00a0\" \/>\n<meta property=\"og:url\" content=\"https:\/\/dicodusport.fr\/blog\/mercato-demba-bamba-pourrait-quitter-le-lou-avant-la-fin-de-son-contrat\/\" \/>\n<meta property=\"og:site_name\" content=\"Dicodusport\" \/>\n<meta property=\"article:publisher\" content=\"https:\/\/www.facebook.com\/dicodusport\" \/>\n<meta property=\"article:author\" content=\"https:\/\/www.facebook.com\/dicodusport\" \/>\n<meta property=\"article:published_time\" content=\"2022-10-10T06:10:37+00:00\" \/>\n<meta property=\"article:modified_time\" content=\"2022-10-10T06:25:21+00:00\" \/>\n<meta property=\"og:image\" content=\"https:\/\/dicodusport.fr\/blog\/wp-content\/uploads\/2022\/10\/Mercato-Demba-Bamba-pourrait-quitter-le-LOU-avant-la-fin-de-son-contrat.png\" \/>\n\t<meta property=\"og:image:width\" content=\"800\" \/>\n\t<meta property=\"og:image:height\" content=\"445\" \/>\n\t<meta property=\"og:image:type\" content=\"image\/png\" \/>\n<meta name=\"author\" content=\"Nicolas Jacquemard\" \/>\n<meta name=\"twitter:card\" content=\"summary_large_image\" \/>\n<meta name=\"twitter:title\" content=\"Mercato : Demba Bamba pourrait quitter le LOU avant la fin de son contrat\" \/>\n<meta name=\"twitter:creator\" content=\"@https:\/\/twitter.com\/Nico_Jacquemard\" \/>\n<meta name=\"twitter:site\" content=\"@dicodusport\" \/>\n<script type=\"application\/ld+json\" class=\"yoast-schema-graph\">{\"@context\":\"https:\/\/schema.org\",\"@graph\":[{\"@type\":\"NewsArticle\",\"@id\":\"https:\/\/dicodusport.fr\/blog\/mercato-demba-bamba-pourrait-quitter-le-lou-avant-la-fin-de-son-contrat\/#article\",\"isPartOf\":{\"@id\":\"https:\/\/dicodusport.fr\/blog\/mercato-demba-bamba-pourrait-quitter-le-lou-avant-la-fin-de-son-contrat\/\"},\"author\":{\"name\":\"Nicolas Jacquemard\",\"@id\":\"https:\/\/dicodusport.fr\/blog\/#\/schema\/person\/55dcb50ad410894e431ed812bbb70191\"},\"headline\":\"Mercato : Demba Bamba pourrait quitter le LOU avant la fin de son contrat\",\"datePublished\":\"2022-10-10T06:10:37+00:00\",\"dateModified\":\"2022-10-10T06:25:21+00:00\",\"mainEntityOfPage\":{\"@id\":\"https:\/\/dicodusport.fr\/blog\/mercato-demba-bamba-pourrait-quitter-le-lou-avant-la-fin-de-son-contrat\/\"},\"wordCount\":236,\"commentCount\":2,\"publisher\":{\"@id\":\"https:\/\/dicodusport.fr\/blog\/#organization\"},\"image\":{\"@id\":\"https:\/\/dicodusport.fr\/blog\/mercato-demba-bamba-pourrait-quitter-le-lou-avant-la-fin-de-son-contrat\/#primaryimage\"},\"thumbnailUrl\":\"https:\/\/dicodusport.fr\/blog\/wp-content\/uploads\/2022\/10\/Mercato-Demba-Bamba-pourrait-quitter-le-LOU-avant-la-fin-de-son-contrat.png\",\"keywords\":[\"Bamba\",\"Demba Bamba\",\"LOU\",\"RCT\"],\"articleSection\":[\"Rugby \u00e0 XV\",\"Top 14\"],\"inLanguage\":\"fr-FR\",\"potentialAction\":[{\"@type\":\"CommentAction\",\"name\":\"Comment\",\"target\":[\"https:\/\/dicodusport.fr\/blog\/mercato-demba-bamba-pourrait-quitter-le-lou-avant-la-fin-de-son-contrat\/#respond\"]}],\"copyrightYear\":\"2022\",\"copyrightHolder\":{\"@id\":\"https:\/\/dicodusport.fr\/blog\/#organization\"}},{\"@type\":\"WebPage\",\"@id\":\"https:\/\/dicodusport.fr\/blog\/mercato-demba-bamba-pourrait-quitter-le-lou-avant-la-fin-de-son-contrat\/\",\"url\":\"https:\/\/dicodusport.fr\/blog\/mercato-demba-bamba-pourrait-quitter-le-lou-avant-la-fin-de-son-contrat\/\",\"name\":\"Mercato : Demba Bamba pourrait quitter le LOU avant la fin de son contrat\",\"isPartOf\":{\"@id\":\"https:\/\/dicodusport.fr\/blog\/#website\"},\"primaryImageOfPage\":{\"@id\":\"https:\/\/dicodusport.fr\/blog\/mercato-demba-bamba-pourrait-quitter-le-lou-avant-la-fin-de-son-contrat\/#primaryimage\"},\"image\":{\"@id\":\"https:\/\/dicodusport.fr\/blog\/mercato-demba-bamba-pourrait-quitter-le-lou-avant-la-fin-de-son-contrat\/#primaryimage\"},\"thumbnailUrl\":\"https:\/\/dicodusport.fr\/blog\/wp-content\/uploads\/2022\/10\/Mercato-Demba-Bamba-pourrait-quitter-le-LOU-avant-la-fin-de-son-contrat.png\",\"datePublished\":\"2022-10-10T06:10:37+00:00\",\"dateModified\":\"2022-10-10T06:25:21+00:00\",\"description\":\"TOP 14 2022-2023 - Selon le Midi Olympique, Demba Bamba pourrait quitter le LOU d\u00e8s l'\u00e9t\u00e9 prochain malgr\u00e9 un contrat jusqu'en juin 2024.\u00a0\",\"breadcrumb\":{\"@id\":\"https:\/\/dicodusport.fr\/blog\/mercato-demba-bamba-pourrait-quitter-le-lou-avant-la-fin-de-son-contrat\/#breadcrumb\"},\"inLanguage\":\"fr-FR\",\"potentialAction\":[{\"@type\":\"ReadAction\",\"target\":[\"https:\/\/dicodusport.fr\/blog\/mercato-demba-bamba-pourrait-quitter-le-lou-avant-la-fin-de-son-contrat\/\"]}]},{\"@type\":\"ImageObject\",\"inLanguage\":\"fr-FR\",\"@id\":\"https:\/\/dicodusport.fr\/blog\/mercato-demba-bamba-pourrait-quitter-le-lou-avant-la-fin-de-son-contrat\/#primaryimage\",\"url\":\"https:\/\/dicodusport.fr\/blog\/wp-content\/uploads\/2022\/10\/Mercato-Demba-Bamba-pourrait-quitter-le-LOU-avant-la-fin-de-son-contrat.png\",\"contentUrl\":\"https:\/\/dicodusport.fr\/blog\/wp-content\/uploads\/2022\/10\/Mercato-Demba-Bamba-pourrait-quitter-le-LOU-avant-la-fin-de-son-contrat.png\",\"width\":800,\"height\":445},{\"@type\":\"BreadcrumbList\",\"@id\":\"https:\/\/dicodusport.fr\/blog\/mercato-demba-bamba-pourrait-quitter-le-lou-avant-la-fin-de-son-contrat\/#breadcrumb\",\"itemListElement\":[{\"@type\":\"ListItem\",\"position\":1,\"name\":\"Accueil\",\"item\":\"https:\/\/dicodusport.fr\/blog\/\"},{\"@type\":\"ListItem\",\"position\":2,\"name\":\"Mercato : Demba Bamba pourrait quitter le LOU avant la fin de son contrat\"}]},{\"@type\":\"WebSite\",\"@id\":\"https:\/\/dicodusport.fr\/blog\/#website\",\"url\":\"https:\/\/dicodusport.fr\/blog\/\",\"name\":\"Dicodusport\",\"description\":\"L&#039;encyclop\u00e9die de l&#039;actualit\u00e9 sportive\",\"publisher\":{\"@id\":\"https:\/\/dicodusport.fr\/blog\/#organization\"},\"potentialAction\":[{\"@type\":\"SearchAction\",\"target\":{\"@type\":\"EntryPoint\",\"urlTemplate\":\"https:\/\/dicodusport.fr\/blog\/?s={search_term_string}\"},\"query-input\":{\"@type\":\"PropertyValueSpecification\",\"valueRequired\":true,\"valueName\":\"search_term_string\"}}],\"inLanguage\":\"fr-FR\"},{\"@type\":\"NewsMediaOrganization\",\"@id\":\"https:\/\/dicodusport.fr\/blog\/#organization\",\"name\":\"Dicodusport\",\"url\":\"https:\/\/dicodusport.fr\/blog\/\",\"logo\":{\"@type\":\"ImageObject\",\"inLanguage\":\"fr-FR\",\"@id\":\"https:\/\/dicodusport.fr\/blog\/#\/schema\/logo\/image\/\",\"url\":\"https:\/\/dicodusport.fr\/blog\/wp-content\/uploads\/2020\/06\/cropped-LOGO-DICODUSPORT-2020-SANS-FOND-SANS-TEXTE.png\",\"contentUrl\":\"https:\/\/dicodusport.fr\/blog\/wp-content\/uploads\/2020\/06\/cropped-LOGO-DICODUSPORT-2020-SANS-FOND-SANS-TEXTE.png\",\"width\":512,\"height\":512,\"caption\":\"Dicodusport\"},\"image\":{\"@id\":\"https:\/\/dicodusport.fr\/blog\/#\/schema\/logo\/image\/\"},\"sameAs\":[\"https:\/\/www.facebook.com\/dicodusport\",\"https:\/\/x.com\/dicodusport\",\"https:\/\/www.instagram.com\/dicodusport\/\",\"https:\/\/www.youtube.com\/channel\/UC7V2KZ5sd3htJivAbA4ZG3w\"],\"description\":\"Dicodusport est l'encyclop\u00e9die de l'actualit\u00e9 sportive.\",\"email\":\"bonjour@dicodusport.fr\",\"legalName\":\"DICODUSPORT\",\"foundingDate\":\"2018-01-14\",\"vatID\":\"FR71834470973\",\"taxID\":\"83447097300043\",\"numberOfEmployees\":{\"@type\":\"QuantitativeValue\",\"minValue\":\"1\",\"maxValue\":\"10\"}},{\"@type\":\"Person\",\"@id\":\"https:\/\/dicodusport.fr\/blog\/#\/schema\/person\/55dcb50ad410894e431ed812bbb70191\",\"name\":\"Nicolas Jacquemard\",\"image\":{\"@type\":\"ImageObject\",\"inLanguage\":\"fr-FR\",\"@id\":\"https:\/\/dicodusport.fr\/blog\/#\/schema\/person\/image\/\",\"url\":\"https:\/\/dicodusport.fr\/blog\/wp-content\/uploads\/2021\/05\/Nicolas-Jacquemard-150x150.jpeg\",\"contentUrl\":\"https:\/\/dicodusport.fr\/blog\/wp-content\/uploads\/2021\/05\/Nicolas-Jacquemard-150x150.jpeg\",\"caption\":\"Nicolas Jacquemard\"},\"description\":\"Passionn\u00e9 de sport et entrepreneur depuis mes 18 ans, la cr\u00e9ation de Dicodusport m'a sembl\u00e9 \u00e9vidente pour participer \u00e0 la m\u00e9diatisation d'un plus grand nombre de sports. Le chemin est long mais avec une \u00e9quipe des plus motiv\u00e9es et les Jeux Olympiques de Paris 2024 en point de mire, nous y arriverons ! Journaliste dans le monde du sport depuis plus de 5 ans, je traite aussi bien de football, de rugby, de biathlon que de cyclisme.\",\"sameAs\":[\"https:\/\/www.facebook.com\/dicodusport\",\"https:\/\/x.com\/https:\/\/twitter.com\/Nico_Jacquemard\"],\"url\":\"https:\/\/dicodusport.fr\/blog\/author\/dicodusport\/\"}]}<\/script>\n<!-- \/ Yoast SEO Premium plugin. -->","yoast_head_json":{"title":"Mercato : Demba Bamba pourrait quitter le LOU avant la fin de son contrat","description":"TOP 14 2022-2023 - Selon le Midi Olympique, Demba Bamba pourrait quitter le LOU d\u00e8s l'\u00e9t\u00e9 prochain malgr\u00e9 un contrat jusqu'en juin 2024.\u00a0","robots":{"index":"index","follow":"follow","max-snippet":"max-snippet:-1","max-image-preview":"max-image-preview:large","max-video-preview":"max-video-preview:-1"},"canonical":"https:\/\/dicodusport.fr\/blog\/mercato-demba-bamba-pourrait-quitter-le-lou-avant-la-fin-de-son-contrat\/","og_locale":"fr_FR","og_type":"article","og_title":"Mercato : Demba Bamba pourrait quitter le LOU avant la fin de son contrat","og_description":"TOP 14 2022-2023 - Selon le Midi Olympique, Demba Bamba pourrait quitter le LOU d\u00e8s l'\u00e9t\u00e9 prochain malgr\u00e9 un contrat jusqu'en juin 2024.\u00a0","og_url":"https:\/\/dicodusport.fr\/blog\/mercato-demba-bamba-pourrait-quitter-le-lou-avant-la-fin-de-son-contrat\/","og_site_name":"Dicodusport","article_publisher":"https:\/\/www.facebook.com\/dicodusport","article_author":"https:\/\/www.facebook.com\/dicodusport","article_published_time":"2022-10-10T06:10:37+00:00","article_modified_time":"2022-10-10T06:25:21+00:00","og_image":[{"width":800,"height":445,"url":"https:\/\/dicodusport.fr\/blog\/wp-content\/uploads\/2022\/10\/Mercato-Demba-Bamba-pourrait-quitter-le-LOU-avant-la-fin-de-son-contrat.png","type":"image\/png"}],"author":"Nicolas Jacquemard","twitter_card":"summary_large_image","twitter_title":"Mercato : Demba Bamba pourrait quitter le LOU avant la fin de son contrat","twitter_creator":"@https:\/\/twitter.com\/Nico_Jacquemard","twitter_site":"@dicodusport","schema":{"@context":"https:\/\/schema.org","@graph":[{"@type":"NewsArticle","@id":"https:\/\/dicodusport.fr\/blog\/mercato-demba-bamba-pourrait-quitter-le-lou-avant-la-fin-de-son-contrat\/#article","isPartOf":{"@id":"https:\/\/dicodusport.fr\/blog\/mercato-demba-bamba-pourrait-quitter-le-lou-avant-la-fin-de-son-contrat\/"},"author":{"name":"Nicolas Jacquemard","@id":"https:\/\/dicodusport.fr\/blog\/#\/schema\/person\/55dcb50ad410894e431ed812bbb70191"},"headline":"Mercato : Demba Bamba pourrait quitter le LOU avant la fin de son contrat","datePublished":"2022-10-10T06:10:37+00:00","dateModified":"2022-10-10T06:25:21+00:00","mainEntityOfPage":{"@id":"https:\/\/dicodusport.fr\/blog\/mercato-demba-bamba-pourrait-quitter-le-lou-avant-la-fin-de-son-contrat\/"},"wordCount":236,"commentCount":2,"publisher":{"@id":"https:\/\/dicodusport.fr\/blog\/#organization"},"image":{"@id":"https:\/\/dicodusport.fr\/blog\/mercato-demba-bamba-pourrait-quitter-le-lou-avant-la-fin-de-son-contrat\/#primaryimage"},"thumbnailUrl":"https:\/\/dicodusport.fr\/blog\/wp-content\/uploads\/2022\/10\/Mercato-Demba-Bamba-pourrait-quitter-le-LOU-avant-la-fin-de-son-contrat.png","keywords":["Bamba","Demba Bamba","LOU","RCT"],"articleSection":["Rugby \u00e0 XV","Top 14"],"inLanguage":"fr-FR","potentialAction":[{"@type":"CommentAction","name":"Comment","target":["https:\/\/dicodusport.fr\/blog\/mercato-demba-bamba-pourrait-quitter-le-lou-avant-la-fin-de-son-contrat\/#respond"]}],"copyrightYear":"2022","copyrightHolder":{"@id":"https:\/\/dicodusport.fr\/blog\/#organization"}},{"@type":"WebPage","@id":"https:\/\/dicodusport.fr\/blog\/mercato-demba-bamba-pourrait-quitter-le-lou-avant-la-fin-de-son-contrat\/","url":"https:\/\/dicodusport.fr\/blog\/mercato-demba-bamba-pourrait-quitter-le-lou-avant-la-fin-de-son-contrat\/","name":"Mercato : Demba Bamba pourrait quitter le LOU avant la fin de son contrat","isPartOf":{"@id":"https:\/\/dicodusport.fr\/blog\/#website"},"primaryImageOfPage":{"@id":"https:\/\/dicodusport.fr\/blog\/mercato-demba-bamba-pourrait-quitter-le-lou-avant-la-fin-de-son-contrat\/#primaryimage"},"image":{"@id":"https:\/\/dicodusport.fr\/blog\/mercato-demba-bamba-pourrait-quitter-le-lou-avant-la-fin-de-son-contrat\/#primaryimage"},"thumbnailUrl":"https:\/\/dicodusport.fr\/blog\/wp-content\/uploads\/2022\/10\/Mercato-Demba-Bamba-pourrait-quitter-le-LOU-avant-la-fin-de-son-contrat.png","datePublished":"2022-10-10T06:10:37+00:00","dateModified":"2022-10-10T06:25:21+00:00","description":"TOP 14 2022-2023 - Selon le Midi Olympique, Demba Bamba pourrait quitter le LOU d\u00e8s l'\u00e9t\u00e9 prochain malgr\u00e9 un contrat jusqu'en juin 2024.\u00a0","breadcrumb":{"@id":"https:\/\/dicodusport.fr\/blog\/mercato-demba-bamba-pourrait-quitter-le-lou-avant-la-fin-de-son-contrat\/#breadcrumb"},"inLanguage":"fr-FR","potentialAction":[{"@type":"ReadAction","target":["https:\/\/dicodusport.fr\/blog\/mercato-demba-bamba-pourrait-quitter-le-lou-avant-la-fin-de-son-contrat\/"]}]},{"@type":"ImageObject","inLanguage":"fr-FR","@id":"https:\/\/dicodusport.fr\/blog\/mercato-demba-bamba-pourrait-quitter-le-lou-avant-la-fin-de-son-contrat\/#primaryimage","url":"https:\/\/dicodusport.fr\/blog\/wp-content\/uploads\/2022\/10\/Mercato-Demba-Bamba-pourrait-quitter-le-LOU-avant-la-fin-de-son-contrat.png","contentUrl":"https:\/\/dicodusport.fr\/blog\/wp-content\/uploads\/2022\/10\/Mercato-Demba-Bamba-pourrait-quitter-le-LOU-avant-la-fin-de-son-contrat.png","width":800,"height":445},{"@type":"BreadcrumbList","@id":"https:\/\/dicodusport.fr\/blog\/mercato-demba-bamba-pourrait-quitter-le-lou-avant-la-fin-de-son-contrat\/#breadcrumb","itemListElement":[{"@type":"ListItem","position":1,"name":"Accueil","item":"https:\/\/dicodusport.fr\/blog\/"},{"@type":"ListItem","position":2,"name":"Mercato : Demba Bamba pourrait quitter le LOU avant la fin de son contrat"}]},{"@type":"WebSite","@id":"https:\/\/dicodusport.fr\/blog\/#website","url":"https:\/\/dicodusport.fr\/blog\/","name":"Dicodusport","description":"L&#039;encyclop\u00e9die de l&#039;actualit\u00e9 sportive","publisher":{"@id":"https:\/\/dicodusport.fr\/blog\/#organization"},"potentialAction":[{"@type":"SearchAction","target":{"@type":"EntryPoint","urlTemplate":"https:\/\/dicodusport.fr\/blog\/?s={search_term_string}"},"query-input":{"@type":"PropertyValueSpecification","valueRequired":true,"valueName":"search_term_string"}}],"inLanguage":"fr-FR"},{"@type":"NewsMediaOrganization","@id":"https:\/\/dicodusport.fr\/blog\/#organization","name":"Dicodusport","url":"https:\/\/dicodusport.fr\/blog\/","logo":{"@type":"ImageObject","inLanguage":"fr-FR","@id":"https:\/\/dicodusport.fr\/blog\/#\/schema\/logo\/image\/","url":"https:\/\/dicodusport.fr\/blog\/wp-content\/uploads\/2020\/06\/cropped-LOGO-DICODUSPORT-2020-SANS-FOND-SANS-TEXTE.png","contentUrl":"https:\/\/dicodusport.fr\/blog\/wp-content\/uploads\/2020\/06\/cropped-LOGO-DICODUSPORT-2020-SANS-FOND-SANS-TEXTE.png","width":512,"height":512,"caption":"Dicodusport"},"image":{"@id":"https:\/\/dicodusport.fr\/blog\/#\/schema\/logo\/image\/"},"sameAs":["https:\/\/www.facebook.com\/dicodusport","https:\/\/x.com\/dicodusport","https:\/\/www.instagram.com\/dicodusport\/","https:\/\/www.youtube.com\/channel\/UC7V2KZ5sd3htJivAbA4ZG3w"],"description":"Dicodusport est l'encyclop\u00e9die de l'actualit\u00e9 sportive.","email":"bonjour@dicodusport.fr","legalName":"DICODUSPORT","foundingDate":"2018-01-14","vatID":"FR71834470973","taxID":"83447097300043","numberOfEmployees":{"@type":"QuantitativeValue","minValue":"1","maxValue":"10"}},{"@type":"Person","@id":"https:\/\/dicodusport.fr\/blog\/#\/schema\/person\/55dcb50ad410894e431ed812bbb70191","name":"Nicolas Jacquemard","image":{"@type":"ImageObject","inLanguage":"fr-FR","@id":"https:\/\/dicodusport.fr\/blog\/#\/schema\/person\/image\/","url":"https:\/\/dicodusport.fr\/blog\/wp-content\/uploads\/2021\/05\/Nicolas-Jacquemard-150x150.jpeg","contentUrl":"https:\/\/dicodusport.fr\/blog\/wp-content\/uploads\/2021\/05\/Nicolas-Jacquemard-150x150.jpeg","caption":"Nicolas Jacquemard"},"description":"Passionn\u00e9 de sport et entrepreneur depuis mes 18 ans, la cr\u00e9ation de Dicodusport m'a sembl\u00e9 \u00e9vidente pour participer \u00e0 la m\u00e9diatisation d'un plus grand nombre de sports. Le chemin est long mais avec une \u00e9quipe des plus motiv\u00e9es et les Jeux Olympiques de Paris 2024 en point de mire, nous y arriverons ! Journaliste dans le monde du sport depuis plus de 5 ans, je traite aussi bien de football, de rugby, de biathlon que de cyclisme.","sameAs":["https:\/\/www.facebook.com\/dicodusport","https:\/\/x.com\/https:\/\/twitter.com\/Nico_Jacquemard"],"url":"https:\/\/dicodusport.fr\/blog\/author\/dicodusport\/"}]}},"_links":{"self":[{"href":"https:\/\/dicodusport.fr\/blog\/wp-json\/wp\/v2\/posts\/268952","targetHints":{"allow":["GET"]}}],"collection":[{"href":"https:\/\/dicodusport.fr\/blog\/wp-json\/wp\/v2\/posts"}],"about":[{"href":"https:\/\/dicodusport.fr\/blog\/wp-json\/wp\/v2\/types\/post"}],"author":[{"embeddable":true,"href":"https:\/\/dicodusport.fr\/blog\/wp-json\/wp\/v2\/users\/1"}],"replies":[{"embeddable":true,"href":"https:\/\/dicodusport.fr\/blog\/wp-json\/wp\/v2\/comments?post=268952"}],"version-history":[{"count":0,"href":"https:\/\/dicodusport.fr\/blog\/wp-json\/wp\/v2\/posts\/268952\/revisions"}],"wp:featuredmedia":[{"embeddable":true,"href":"https:\/\/dicodusport.fr\/blog\/wp-json\/wp\/v2\/media\/268958"}],"wp:attachment":[{"href":"https:\/\/dicodusport.fr\/blog\/wp-json\/wp\/v2\/media?parent=268952"}],"wp:term":[{"taxonomy":"category","embeddable":true,"href":"https:\/\/dicodusport.fr\/blog\/wp-json\/wp\/v2\/categories?post=268952"},{"taxonomy":"post_tag","embeddable":true,"href":"https:\/\/dicodusport.fr\/blog\/wp-json\/wp\/v2\/tags?post=268952"}],"curies":[{"name":"wp","href":"https:\/\/api.w.org\/{rel}","templated":true}]}}