{"id":269039,"date":"2022-10-16T16:10:44","date_gmt":"2022-10-16T14:10:44","guid":{"rendered":"https:\/\/dicodusport.fr\/blog\/?p=269039&#038;preview=true&#038;preview_id=269039"},"modified":"2022-10-16T16:10:09","modified_gmt":"2022-10-16T14:10:09","slug":"biathlon-summer-tour-2022-programme-complet-et-resultats-arcon","status":"publish","type":"post","link":"https:\/\/dicodusport.fr\/blog\/biathlon-summer-tour-2022-programme-complet-et-resultats-arcon\/","title":{"rendered":"Biathlon Summer Tour 2022 &#8211; Le palmar\u00e8s d&rsquo;Ar\u00e7on"},"content":{"rendered":"<p style=\"text-align: justify;\"><strong><em>SAMSE SUMMER TOUR 2022 &#8211; D\u00e9couvrez le programme de la deuxi\u00e8me \u00e9tape des championnats de France de <a href=\"https:\/\/dicodusport.fr\/blog\/actualites\/biathlon\/\" target=\"_blank\" rel=\"noopener noreferrer\">biathlon<\/a>, qui se d\u00e9roulent ce week-end des 15 et 16 octobre \u00e0 Ar\u00e7on (Doubs).\u00a0<\/em><\/strong><\/p>\n<p style=\"text-align: justify;\">Le <strong>Summer Tour de biathlon<\/strong> se poursuit en ce week-end des 15 et 16 octobre. Au stade Florence Baverel \u00e0 <strong>Ar\u00e7on<\/strong> (Doubs), les biathl\u00e8tes tricolores se joueront les titres nationaux du sprint et de la poursuite. Pour rappel, <a href=\"https:\/\/dicodusport.fr\/blog\/biathlon-summer-tour-2022-programme-complet-et-resultats-aux-tuffes-premanon\/\">il y a 3 semaines \u00e0 Pr\u00e9manon (Jura)<\/a>, <a href=\"https:\/\/dicodusport.fr\/blog\/biathlon-summer-tour-julia-simon-et-eric-perrot-champions-de-france-du-sprint-court\/\"><strong>Julia Simon<\/strong> et <strong>\u00c9ric Perrot<\/strong> avaient \u00e9t\u00e9 sacr\u00e9s champions de France du sprint court<\/a>.<\/p>\n<p style=\"text-align: justify;\">Suite \u00e0 cette deuxi\u00e8me \u00e9tape du <strong>Summer Tour<\/strong>, l&rsquo;\u00e9quipe de France A s&rsquo;envolera sur le site du glacier du Dachstein (Autriche), pour un deuxi\u00e8me stage sur neige.<\/p>\n<h2 style=\"text-align: justify;\">Biathlon &#8211; Championnats de France 2022 : Programme et r\u00e9sultats de l&rsquo;\u00e9tape d&rsquo;Ar\u00e7on<\/h2>\n<table style=\"width: 100%; border-collapse: collapse; font-size: 0.9em;\">\n<tbody>\n<tr>\n<td style=\"background-color: #0081b4; width: 800px; text-align: center; vertical-align: middle;\" colspan=\"6\"><span style=\"color: #ffffff;\"><strong>SAMEDI 15 OCTOBRE 2022<\/strong><\/span><span style=\"color: #ffffff;\"><strong><br \/>\n<\/strong><\/span><\/td>\n<\/tr>\n<tr>\n<td style=\"text-align: center; vertical-align: middle; width: 20%; background-color: #8db5c4;\"><span style=\"color: #ffffff; font-size: 0.9em;\"><strong>Horaire<\/strong><\/span><\/td>\n<td style=\"text-align: center; vertical-align: middle; width: 20%; background-color: #8db5c4;\" colspan=\"2\"><span style=\"color: #ffffff;\"><span style=\"font-size: 0.9em;\"><b>\u00c9preuve<\/b><\/span><\/span><\/td>\n<td style=\"text-align: center; vertical-align: middle; width: 20%; background-color: #8db5c4;\"><span style=\"color: #ffffff; font-size: 0.9em;\"><strong>Vainqueur<\/strong><\/span><\/td>\n<td style=\"text-align: center; vertical-align: middle; width: 20%; background-color: #8db5c4;\"><span style=\"color: #ffffff; font-size: 0.9em;\"><strong>Deuxi\u00e8me<\/strong><\/span><\/td>\n<td style=\"text-align: center; vertical-align: middle; width: 20%; background-color: #8db5c4;\"><span style=\"color: #ffffff; font-size: 0.9em;\"><strong>Troisi\u00e8me<\/strong><\/span><\/td>\n<\/tr>\n<tr>\n<td style=\"text-align: center; vertical-align: middle; width: 20%;\"><strong>10h30<\/strong><\/td>\n<td style=\"text-align: center; vertical-align: middle; width: 20%;\" colspan=\"2\"><strong>Sprint Seniors (F)<span style=\"font-size: 0.8em;\"><i><span style=\"font-size: 10.368px;\"><br \/>\n<\/span><\/i><\/span><\/strong><\/td>\n<td style=\"text-align: center; vertical-align: middle; width: 20%; font-size: 0.9em;\"><span style=\"font-size: 0.9em;\"><b>&#x1f1eb;&#x1f1f7; LOU JEANMONNOT<\/b><\/span><\/td>\n<td style=\"text-align: center; vertical-align: middle; width: 20%; font-size: 0.9em;\"><span style=\"font-size: 0.9em;\"><b>&#x1f1eb;&#x1f1f7; PAULA BOTET<\/b><\/span><\/td>\n<td style=\"text-align: center; vertical-align: middle; width: 20%; font-size: 0.9em;\"><span style=\"font-size: 0.9em;\"><b>&#x1f1eb;&#x1f1f7; CAROLINE COLOMBO<\/b><\/span><\/td>\n<\/tr>\n<tr>\n<td style=\"text-align: center; vertical-align: middle; width: 20%;\"><strong>10h30<\/strong><\/td>\n<td style=\"text-align: center; vertical-align: middle; width: 20%;\" colspan=\"2\"><strong>Sprint U22 (F)<br \/>\n<\/strong><\/td>\n<td style=\"text-align: center; vertical-align: middle; width: 20%; font-size: 0.9em;\"><span style=\"font-size: 0.9em;\"><b>&#x1f1eb;&#x1f1f7; JEANNE RICHARD<\/b><\/span><\/td>\n<td style=\"text-align: center; vertical-align: middle; width: 20%; font-size: 0.9em;\"><span style=\"font-size: 0.9em;\"><b>&#x1f1eb;&#x1f1f7; MAYA CLOETENS<\/b><\/span><\/td>\n<td style=\"text-align: center; vertical-align: middle; width: 20%; font-size: 0.9em;\"><span style=\"font-size: 0.9em;\"><b>&#x1f1eb;&#x1f1f7; OC\u00c9ANE MICHELON<\/b><\/span><\/td>\n<\/tr>\n<tr>\n<td style=\"text-align: center; vertical-align: middle; width: 20%;\"><strong>10h30<\/strong><\/td>\n<td style=\"text-align: center; vertical-align: middle;\" colspan=\"2\"><strong>Sprint U19 (F)<br \/>\n<\/strong><\/td>\n<td style=\"text-align: center; vertical-align: middle; width: 20%; font-size: 0.9em;\"><span style=\"font-size: 0.9em;\"><b>&#x1f1eb;&#x1f1f7; VOLDIYA GALMACE-PAULIN<\/b><\/span><\/td>\n<td style=\"text-align: center; vertical-align: middle; width: 20%; font-size: 0.9em;\"><span style=\"font-size: 0.9em;\"><b>&#x1f1eb;&#x1f1f7; C\u00c9LIA HENAFF<\/b><\/span><\/td>\n<td style=\"text-align: center; vertical-align: middle; width: 20%; font-size: 0.9em;\"><span style=\"font-size: 0.9em;\"><b>&#x1f1eb;&#x1f1f7; AMANDINE MENGIN<\/b><\/span><\/td>\n<\/tr>\n<tr>\n<td style=\"text-align: center; vertical-align: middle; width: 20%;\"><strong>13h00<\/strong><\/td>\n<td style=\"text-align: center; vertical-align: middle;\" colspan=\"2\"><strong>Sprint Seniors (H)<\/strong><\/td>\n<td style=\"text-align: center; vertical-align: middle; width: 20%; font-size: 0.9em;\"><span style=\"font-size: 0.9em;\"><b>&#x1f1eb;&#x1f1f7; OSCAR LOMBARDOT<\/b><\/span><\/td>\n<td style=\"text-align: center; vertical-align: middle; width: 20%; font-size: 0.9em;\"><span style=\"font-size: 0.9em;\"><b>&#x1f1eb;&#x1f1f7; \u00c9RIC PERROT<\/b><\/span><\/td>\n<td style=\"text-align: center; vertical-align: middle; width: 20%; font-size: 0.9em;\"><span style=\"font-size: 0.9em;\"><b>&#x1f1eb;&#x1f1f7; QUENTIN FILLON MAILLET<\/b><\/span><\/td>\n<\/tr>\n<tr>\n<td style=\"text-align: center; vertical-align: middle; width: 20%;\"><strong>13h00<\/strong><\/td>\n<td style=\"text-align: center; vertical-align: middle;\" colspan=\"2\"><strong>Sprint U22 (H)<\/strong><\/td>\n<td style=\"text-align: center; vertical-align: middle; width: 20%; font-size: 0.9em;\"><span style=\"font-size: 0.9em;\"><b>&#x1f1eb;&#x1f1f7; \u00c9RIC PERROT<\/b><\/span><\/td>\n<td style=\"text-align: center; vertical-align: middle; width: 20%; font-size: 0.9em;\"><span style=\"font-size: 0.9em;\"><b>&#x1f1eb;&#x1f1f7; JACQUES JEFFERIES<\/b><\/span><\/td>\n<td style=\"text-align: center; vertical-align: middle; width: 20%; font-size: 0.9em;\"><span style=\"font-size: 0.9em;\"><b>&#x1f1eb;&#x1f1f7; DAMIEN LEVET<\/b><\/span><\/td>\n<\/tr>\n<tr>\n<td style=\"text-align: center; vertical-align: middle; width: 20%;\"><strong>13h00<\/strong><\/td>\n<td style=\"text-align: center; vertical-align: middle;\" colspan=\"2\"><strong>Sprint U19 (H)<\/strong><\/td>\n<td style=\"text-align: center; vertical-align: middle; width: 20%; font-size: 0.9em;\"><span style=\"font-size: 0.9em;\"><b>&#x1f1eb;&#x1f1f7; ALEXIS NAPPEY<\/b><\/span><\/td>\n<td style=\"text-align: center; vertical-align: middle; width: 20%; font-size: 0.9em;\"><span style=\"font-size: 0.9em;\"><b>&#x1f1eb;&#x1f1f7; JUDICA\u00cbL PERRILLAT-BOTTONET<\/b><\/span><\/td>\n<td style=\"text-align: center; vertical-align: middle; width: 20%; font-size: 0.9em;\"><span style=\"font-size: 0.9em;\"><b>&#x1f1eb;&#x1f1f7; MARTIN BOTET<\/b><\/span><\/td>\n<\/tr>\n<tr>\n<td style=\"text-align: center; vertical-align: middle; width: 20%;\"><strong>15h30<\/strong><\/td>\n<td style=\"text-align: center; vertical-align: middle; width: 20%;\" colspan=\"2\"><strong>Sprint U17 (F)<\/strong><\/td>\n<td style=\"text-align: center; vertical-align: middle; width: 20%; font-size: 0.9em;\"><span style=\"font-size: 0.9em;\"><b>&#x1f1eb;&#x1f1f7; L\u00c9NA MORETTI<\/b><\/span><\/td>\n<td style=\"text-align: center; vertical-align: middle; width: 20%; font-size: 0.9em;\"><span style=\"font-size: 0.9em;\"><b>&#x1f1eb;&#x1f1f7; Z\u00c9LIE ROY<\/b><\/span><\/td>\n<td style=\"text-align: center; vertical-align: middle; width: 20%; font-size: 0.9em;\"><span style=\"font-size: 0.9em;\"><b>&#x1f1eb;&#x1f1f7; LOUISE ROGUET<\/b><\/span><\/td>\n<\/tr>\n<tr>\n<td style=\"text-align: center; vertical-align: middle; width: 20%;\"><strong>15h30<\/strong><\/td>\n<td style=\"text-align: center; vertical-align: middle;\" colspan=\"2\"><strong>Sprint U17 (H)<\/strong><\/td>\n<td style=\"text-align: center; vertical-align: middle; width: 20%; font-size: 0.9em;\"><span style=\"font-size: 0.9em;\"><b>&#x1f1eb;&#x1f1f7; ANTONIN GUY<\/b><\/span><\/td>\n<td style=\"text-align: center; vertical-align: middle; width: 20%; font-size: 0.9em;\"><span style=\"font-size: 0.9em;\"><b>&#x1f1eb;&#x1f1f7; FLAVIO GUY<\/b><\/span><\/td>\n<td style=\"text-align: center; vertical-align: middle; width: 20%; font-size: 0.9em;\"><span style=\"font-size: 0.9em;\"><b>&#x1f1eb;&#x1f1f7; CL\u00c9MENT PIRES<\/b><\/span><\/td>\n<\/tr>\n<tr>\n<td style=\"background-color: #0081b4; width: 800px; text-align: center; vertical-align: middle;\" colspan=\"6\"><span style=\"color: #ffffff;\"><strong>DIMANCHE 16 OCTOBRE 2022<\/strong><\/span><\/td>\n<\/tr>\n<tr>\n<td style=\"text-align: center; vertical-align: middle; width: 20%; background-color: #8db5c4;\"><span style=\"color: #ffffff; font-size: 0.9em;\"><strong>Horaire<\/strong><\/span><\/td>\n<td style=\"text-align: center; vertical-align: middle; width: 20%; background-color: #8db5c4;\" colspan=\"2\"><span style=\"color: #ffffff;\"><span style=\"font-size: 0.9em;\"><b>\u00c9preuve<\/b><\/span><\/span><\/td>\n<td style=\"text-align: center; vertical-align: middle; width: 20%; background-color: #8db5c4;\"><span style=\"color: #ffffff; font-size: 0.9em;\"><strong>Vainqueur<\/strong><\/span><\/td>\n<td style=\"text-align: center; vertical-align: middle; width: 20%; background-color: #8db5c4;\"><span style=\"color: #ffffff; font-size: 0.9em;\"><strong>Deuxi\u00e8me<\/strong><\/span><\/td>\n<td style=\"text-align: center; vertical-align: middle; width: 20%; background-color: #8db5c4;\"><span style=\"color: #ffffff; font-size: 0.9em;\"><strong>Troisi\u00e8me<\/strong><\/span><\/td>\n<\/tr>\n<tr>\n<td style=\"text-align: center; vertical-align: middle; width: 20%;\"><strong>9h45<\/strong><\/td>\n<td style=\"text-align: center; vertical-align: middle; width: 20%;\" colspan=\"2\"><strong>Poursuite Seniors (F)<\/strong><\/td>\n<td style=\"text-align: center; vertical-align: middle; width: 20%; font-size: 0.9em;\"><span style=\"font-size: 0.9em;\"><b>&#x1f1eb;&#x1f1f7; CAROLINE COLOMBO<\/b><\/span><\/td>\n<td style=\"text-align: center; vertical-align: middle; width: 20%; font-size: 0.9em;\"><span style=\"font-size: 0.9em;\"><b>&#x1f1eb;&#x1f1f7; JULIA SIMON<\/b><\/span><\/td>\n<td style=\"text-align: center; vertical-align: middle; width: 20%; font-size: 0.9em;\"><span style=\"font-size: 0.9em;\"><b>&#x1f1eb;&#x1f1f7; CHLO\u00c9 CHEVALIER<\/b><\/span><\/td>\n<\/tr>\n<tr>\n<td style=\"text-align: center; vertical-align: middle; width: 20%;\"><strong>9h45<\/strong><\/td>\n<td style=\"text-align: center; vertical-align: middle;\" colspan=\"2\"><strong>Poursuite U22 (F)<\/strong><\/td>\n<td style=\"text-align: center; vertical-align: middle; width: 20%; font-size: 0.9em;\"><span style=\"font-size: 0.9em;\"><b>&#x1f1eb;&#x1f1f7; JEANNE RICHARD<\/b><\/span><\/td>\n<td style=\"text-align: center; vertical-align: middle; width: 20%; font-size: 0.9em;\"><span style=\"font-size: 0.9em;\"><b>&#x1f1eb;&#x1f1f7; MAYA CLOETENS<\/b><\/span><\/td>\n<td style=\"text-align: center; vertical-align: middle; width: 20%; font-size: 0.9em;\"><span style=\"font-size: 0.9em;\"><b>&#x1f1eb;&#x1f1f7; FANY BERTRAND<\/b><\/span><\/td>\n<\/tr>\n<tr>\n<td style=\"text-align: center; vertical-align: middle; width: 20%;\"><strong>9h45<\/strong><\/td>\n<td style=\"text-align: center; vertical-align: middle;\" colspan=\"2\"><strong>Poursuite U19 (F)<\/strong><\/td>\n<td style=\"text-align: center; vertical-align: middle; width: 20%; font-size: 0.9em;\"><span style=\"font-size: 0.9em;\"><b>&#x1f1eb;&#x1f1f7; VOLDIYA GALMACE-PAULIN<\/b><\/span><\/td>\n<td style=\"text-align: center; vertical-align: middle; width: 20%; font-size: 0.9em;\"><span style=\"font-size: 0.9em;\"><b>&#x1f1eb;&#x1f1f7; C\u00c9LIA HENAFF<\/b><\/span><\/td>\n<td style=\"text-align: center; vertical-align: middle; width: 20%; font-size: 0.9em;\"><span style=\"font-size: 0.9em;\"><b>&#x1f1eb;&#x1f1f7; ANA\u00cbLLE BONDOUX<\/b><\/span><\/td>\n<\/tr>\n<tr>\n<td style=\"text-align: center; vertical-align: middle; width: 20%;\"><strong>11h30<\/strong><\/td>\n<td style=\"text-align: center; vertical-align: middle;\" colspan=\"2\"><strong>Poursuite Seniors (H)<\/strong><\/td>\n<td style=\"text-align: center; vertical-align: middle; width: 20%; font-size: 0.9em;\"><span style=\"font-size: 0.9em;\"><b>&#x1f1eb;&#x1f1f7; FABIEN CLAUDE<\/b><\/span><\/td>\n<td style=\"text-align: center; vertical-align: middle; width: 20%; font-size: 0.9em;\"><span style=\"font-size: 0.9em;\"><b>&#x1f1eb;&#x1f1f7; MARTIN BOURGEOIS R\u00c9PUBLIQUE<\/b><\/span><\/td>\n<td style=\"text-align: center; vertical-align: middle; width: 20%; font-size: 0.9em;\"><span style=\"font-size: 0.9em;\"><b>&#x1f1eb;&#x1f1f7; OSCAR LOMBARDOT<\/b><\/span><\/td>\n<\/tr>\n<tr>\n<td style=\"text-align: center; vertical-align: middle; width: 20%;\"><strong>11h30<\/strong><\/td>\n<td style=\"text-align: center; vertical-align: middle;\" colspan=\"2\"><strong>Poursuite U22 (H)<\/strong><\/td>\n<td style=\"text-align: center; vertical-align: middle; width: 20%; font-size: 0.9em;\"><span style=\"font-size: 0.9em;\"><b>&#x1f1eb;&#x1f1f7; JACQUES JEFFERIES<\/b><\/span><\/td>\n<td style=\"text-align: center; vertical-align: middle; width: 20%; font-size: 0.9em;\"><span style=\"font-size: 0.9em;\"><b>&#x1f1eb;&#x1f1f7; \u00c9RIC PERROT<\/b><\/span><\/td>\n<td style=\"text-align: center; vertical-align: middle; width: 20%; font-size: 0.9em;\"><span style=\"font-size: 0.9em;\"><b>&#x1f1eb;&#x1f1f7; AUBIN GAUTIER P\u00c9LISSIER<\/b><\/span><\/td>\n<\/tr>\n<tr>\n<td style=\"text-align: center; vertical-align: middle; width: 20%;\"><strong>13h15<\/strong><\/td>\n<td style=\"text-align: center; vertical-align: middle;\" colspan=\"2\"><strong>Poursuite U19 (H)<\/strong><\/td>\n<td style=\"text-align: center; vertical-align: middle; width: 20%; font-size: 0.9em;\"><span style=\"font-size: 0.9em;\"><b>&#x1f1eb;&#x1f1f7; MARTIN BOTET<\/b><\/span><\/td>\n<td style=\"text-align: center; vertical-align: middle; width: 20%; font-size: 0.9em;\"><span style=\"font-size: 0.9em;\"><b>&#x1f1eb;&#x1f1f7; JUDICA\u00cbL PERRILLAT-BOTTONET<\/b><\/span><\/td>\n<td style=\"text-align: center; vertical-align: middle; width: 20%; font-size: 0.9em;\"><span style=\"font-size: 0.9em;\"><b>&#x1f1eb;&#x1f1f7; GUILLAUME POIROT<\/b><\/span><\/td>\n<\/tr>\n<tr>\n<td style=\"text-align: center; vertical-align: middle; width: 20%;\"><strong>15h00<\/strong><\/td>\n<td style=\"text-align: center; vertical-align: middle;\" colspan=\"2\"><strong>Poursuite U17 (H)<\/strong><\/td>\n<td style=\"text-align: center; vertical-align: middle; width: 20%; font-size: 0.9em;\"><span style=\"font-size: 0.9em;\"><b>&#x1f1eb;&#x1f1f7; ANTONIN GUY<\/b><\/span><\/td>\n<td style=\"text-align: center; vertical-align: middle; width: 20%; font-size: 0.9em;\"><span style=\"font-size: 0.9em;\"><b>&#x1f1eb;&#x1f1f7; FLAVIO GUY<\/b><\/span><\/td>\n<td style=\"text-align: center; vertical-align: middle; width: 20%; font-size: 0.9em;\"><span style=\"font-size: 0.9em;\"><b>&#x1f1eb;&#x1f1f7; NANS MADELENAT<\/b><\/span><\/td>\n<\/tr>\n<tr>\n<td style=\"text-align: center; vertical-align: middle; width: 20%;\"><strong>15h30<\/strong><\/td>\n<td style=\"text-align: center; vertical-align: middle; width: 20%;\" colspan=\"2\"><strong>Poursuite U17 (F)<\/strong><\/td>\n<td style=\"text-align: center; vertical-align: middle; width: 20%; font-size: 0.9em;\"><span style=\"font-size: 0.9em;\"><b>&#x1f1eb;&#x1f1f7; EMMA OUSTRY<\/b><\/span><\/td>\n<td style=\"text-align: center; vertical-align: middle; width: 20%; font-size: 0.9em;\"><span style=\"font-size: 0.9em;\"><b>&#x1f1eb;&#x1f1f7; ALICE DUSSERRE<\/b><\/span><\/td>\n<td style=\"text-align: center; vertical-align: middle; width: 20%; font-size: 0.9em;\"><span style=\"font-size: 0.9em;\"><b>&#x1f1eb;&#x1f1f7; LIV BREYTON-BOUVIER<\/b><\/span><\/td>\n<\/tr>\n<\/tbody>\n<\/table>\n<p>&nbsp;<\/p>\n","protected":false},"excerpt":{"rendered":"<p>SAMSE SUMMER TOUR 2022 &#8211; D\u00e9couvrez le programme de la deuxi\u00e8me \u00e9tape des championnats de France de biathlon, qui se d\u00e9roulent ce week-end des 15 et 16 octobre \u00e0 Ar\u00e7on (Doubs).\u00a0<\/p>\n","protected":false},"author":4,"featured_media":269046,"comment_status":"open","ping_status":"closed","sticky":false,"template":"","format":"standard","meta":{"_acf_changed":false,"_daextam_enable_autolinks":"","footnotes":""},"categories":[2426],"tags":[2427],"class_list":["post-269039","post","type-post","status-publish","format-standard","has-post-thumbnail","hentry","category-biathlon","tag-biathlon"],"acf":[],"yoast_head":"<!-- This site is optimized with the Yoast SEO Premium plugin v26.7 (Yoast SEO v26.7) - https:\/\/yoast.com\/wordpress\/plugins\/seo\/ -->\n<title>Biathlon Summer Tour 2022 - Le palmar\u00e8s d&#039;Ar\u00e7on<\/title>\n<meta name=\"description\" content=\"SAMSE SUMMER TOUR 2022 - D\u00e9couvrez le programme de la deuxi\u00e8me \u00e9tape des championnats de France de biathlon, qui se d\u00e9roulent \u00e0 Ar\u00e7on.\" \/>\n<meta name=\"robots\" content=\"index, follow, max-snippet:-1, max-image-preview:large, max-video-preview:-1\" \/>\n<link rel=\"canonical\" href=\"https:\/\/dicodusport.fr\/blog\/biathlon-summer-tour-2022-programme-complet-et-resultats-arcon\/\" \/>\n<meta property=\"og:locale\" content=\"fr_FR\" \/>\n<meta property=\"og:type\" content=\"article\" \/>\n<meta property=\"og:title\" content=\"Biathlon Summer Tour 2022 - Le palmar\u00e8s d&#039;Ar\u00e7on\" \/>\n<meta property=\"og:description\" content=\"SAMSE SUMMER TOUR 2022 - D\u00e9couvrez le programme de la deuxi\u00e8me \u00e9tape des championnats de France de biathlon, qui se d\u00e9roulent \u00e0 Ar\u00e7on.\" \/>\n<meta property=\"og:url\" content=\"https:\/\/dicodusport.fr\/blog\/biathlon-summer-tour-2022-programme-complet-et-resultats-arcon\/\" \/>\n<meta property=\"og:site_name\" content=\"Dicodusport\" \/>\n<meta property=\"article:publisher\" content=\"https:\/\/www.facebook.com\/dicodusport\" \/>\n<meta property=\"article:author\" content=\"https:\/\/www.facebook.com\/florent.ostermann\" \/>\n<meta property=\"article:published_time\" content=\"2022-10-16T14:10:44+00:00\" \/>\n<meta property=\"og:image\" content=\"https:\/\/dicodusport.fr\/blog\/wp-content\/uploads\/2022\/10\/Biathlon-Summer-Tour-2022-Programme-complet-et-resultats-a-Arcon.png\" \/>\n\t<meta property=\"og:image:width\" content=\"800\" \/>\n\t<meta property=\"og:image:height\" content=\"445\" \/>\n\t<meta property=\"og:image:type\" content=\"image\/png\" \/>\n<meta name=\"author\" content=\"Flo Ostermann\" \/>\n<meta name=\"twitter:card\" content=\"summary_large_image\" \/>\n<meta name=\"twitter:title\" content=\"Biathlon Summer Tour 2022 - Le palmar\u00e8s d&#039;Ar\u00e7on\" \/>\n<meta name=\"twitter:creator\" content=\"@https:\/\/twitter.com\/FlOstermann\" \/>\n<meta name=\"twitter:site\" content=\"@dicodusport\" \/>\n<script type=\"application\/ld+json\" class=\"yoast-schema-graph\">{\"@context\":\"https:\/\/schema.org\",\"@graph\":[{\"@type\":\"NewsArticle\",\"@id\":\"https:\/\/dicodusport.fr\/blog\/biathlon-summer-tour-2022-programme-complet-et-resultats-arcon\/#article\",\"isPartOf\":{\"@id\":\"https:\/\/dicodusport.fr\/blog\/biathlon-summer-tour-2022-programme-complet-et-resultats-arcon\/\"},\"author\":{\"name\":\"Flo Ostermann\",\"@id\":\"https:\/\/dicodusport.fr\/blog\/#\/schema\/person\/cb02af4c173ce4a653b55e9baf388d4a\"},\"headline\":\"Biathlon Summer Tour 2022 &#8211; Le palmar\u00e8s d&rsquo;Ar\u00e7on\",\"datePublished\":\"2022-10-16T14:10:44+00:00\",\"mainEntityOfPage\":{\"@id\":\"https:\/\/dicodusport.fr\/blog\/biathlon-summer-tour-2022-programme-complet-et-resultats-arcon\/\"},\"wordCount\":626,\"commentCount\":0,\"publisher\":{\"@id\":\"https:\/\/dicodusport.fr\/blog\/#organization\"},\"image\":{\"@id\":\"https:\/\/dicodusport.fr\/blog\/biathlon-summer-tour-2022-programme-complet-et-resultats-arcon\/#primaryimage\"},\"thumbnailUrl\":\"https:\/\/dicodusport.fr\/blog\/wp-content\/uploads\/2022\/10\/Biathlon-Summer-Tour-2022-Programme-complet-et-resultats-a-Arcon.png\",\"keywords\":[\"Biathlon\"],\"articleSection\":[\"Biathlon\"],\"inLanguage\":\"fr-FR\",\"potentialAction\":[{\"@type\":\"CommentAction\",\"name\":\"Comment\",\"target\":[\"https:\/\/dicodusport.fr\/blog\/biathlon-summer-tour-2022-programme-complet-et-resultats-arcon\/#respond\"]}],\"copyrightYear\":\"2022\",\"copyrightHolder\":{\"@id\":\"https:\/\/dicodusport.fr\/blog\/#organization\"}},{\"@type\":\"WebPage\",\"@id\":\"https:\/\/dicodusport.fr\/blog\/biathlon-summer-tour-2022-programme-complet-et-resultats-arcon\/\",\"url\":\"https:\/\/dicodusport.fr\/blog\/biathlon-summer-tour-2022-programme-complet-et-resultats-arcon\/\",\"name\":\"Biathlon Summer Tour 2022 - Le palmar\u00e8s d'Ar\u00e7on\",\"isPartOf\":{\"@id\":\"https:\/\/dicodusport.fr\/blog\/#website\"},\"primaryImageOfPage\":{\"@id\":\"https:\/\/dicodusport.fr\/blog\/biathlon-summer-tour-2022-programme-complet-et-resultats-arcon\/#primaryimage\"},\"image\":{\"@id\":\"https:\/\/dicodusport.fr\/blog\/biathlon-summer-tour-2022-programme-complet-et-resultats-arcon\/#primaryimage\"},\"thumbnailUrl\":\"https:\/\/dicodusport.fr\/blog\/wp-content\/uploads\/2022\/10\/Biathlon-Summer-Tour-2022-Programme-complet-et-resultats-a-Arcon.png\",\"datePublished\":\"2022-10-16T14:10:44+00:00\",\"description\":\"SAMSE SUMMER TOUR 2022 - D\u00e9couvrez le programme de la deuxi\u00e8me \u00e9tape des championnats de France de biathlon, qui se d\u00e9roulent \u00e0 Ar\u00e7on.\",\"breadcrumb\":{\"@id\":\"https:\/\/dicodusport.fr\/blog\/biathlon-summer-tour-2022-programme-complet-et-resultats-arcon\/#breadcrumb\"},\"inLanguage\":\"fr-FR\",\"potentialAction\":[{\"@type\":\"ReadAction\",\"target\":[\"https:\/\/dicodusport.fr\/blog\/biathlon-summer-tour-2022-programme-complet-et-resultats-arcon\/\"]}]},{\"@type\":\"ImageObject\",\"inLanguage\":\"fr-FR\",\"@id\":\"https:\/\/dicodusport.fr\/blog\/biathlon-summer-tour-2022-programme-complet-et-resultats-arcon\/#primaryimage\",\"url\":\"https:\/\/dicodusport.fr\/blog\/wp-content\/uploads\/2022\/10\/Biathlon-Summer-Tour-2022-Programme-complet-et-resultats-a-Arcon.png\",\"contentUrl\":\"https:\/\/dicodusport.fr\/blog\/wp-content\/uploads\/2022\/10\/Biathlon-Summer-Tour-2022-Programme-complet-et-resultats-a-Arcon.png\",\"width\":800,\"height\":445,\"caption\":\"Biathlon Summer Tour 2022 - Programme complet et r\u00e9sultats \u00e0 Ar\u00e7on\"},{\"@type\":\"BreadcrumbList\",\"@id\":\"https:\/\/dicodusport.fr\/blog\/biathlon-summer-tour-2022-programme-complet-et-resultats-arcon\/#breadcrumb\",\"itemListElement\":[{\"@type\":\"ListItem\",\"position\":1,\"name\":\"Accueil\",\"item\":\"https:\/\/dicodusport.fr\/blog\/\"},{\"@type\":\"ListItem\",\"position\":2,\"name\":\"Biathlon Summer Tour 2022 &#8211; Le palmar\u00e8s d&rsquo;Ar\u00e7on\"}]},{\"@type\":\"WebSite\",\"@id\":\"https:\/\/dicodusport.fr\/blog\/#website\",\"url\":\"https:\/\/dicodusport.fr\/blog\/\",\"name\":\"Dicodusport\",\"description\":\"L&#039;encyclop\u00e9die de l&#039;actualit\u00e9 sportive\",\"publisher\":{\"@id\":\"https:\/\/dicodusport.fr\/blog\/#organization\"},\"potentialAction\":[{\"@type\":\"SearchAction\",\"target\":{\"@type\":\"EntryPoint\",\"urlTemplate\":\"https:\/\/dicodusport.fr\/blog\/?s={search_term_string}\"},\"query-input\":{\"@type\":\"PropertyValueSpecification\",\"valueRequired\":true,\"valueName\":\"search_term_string\"}}],\"inLanguage\":\"fr-FR\"},{\"@type\":\"NewsMediaOrganization\",\"@id\":\"https:\/\/dicodusport.fr\/blog\/#organization\",\"name\":\"Dicodusport\",\"url\":\"https:\/\/dicodusport.fr\/blog\/\",\"logo\":{\"@type\":\"ImageObject\",\"inLanguage\":\"fr-FR\",\"@id\":\"https:\/\/dicodusport.fr\/blog\/#\/schema\/logo\/image\/\",\"url\":\"https:\/\/dicodusport.fr\/blog\/wp-content\/uploads\/2020\/06\/cropped-LOGO-DICODUSPORT-2020-SANS-FOND-SANS-TEXTE.png\",\"contentUrl\":\"https:\/\/dicodusport.fr\/blog\/wp-content\/uploads\/2020\/06\/cropped-LOGO-DICODUSPORT-2020-SANS-FOND-SANS-TEXTE.png\",\"width\":512,\"height\":512,\"caption\":\"Dicodusport\"},\"image\":{\"@id\":\"https:\/\/dicodusport.fr\/blog\/#\/schema\/logo\/image\/\"},\"sameAs\":[\"https:\/\/www.facebook.com\/dicodusport\",\"https:\/\/x.com\/dicodusport\",\"https:\/\/www.instagram.com\/dicodusport\/\",\"https:\/\/www.youtube.com\/channel\/UC7V2KZ5sd3htJivAbA4ZG3w\"],\"description\":\"Dicodusport est l'encyclop\u00e9die de l'actualit\u00e9 sportive.\",\"email\":\"bonjour@dicodusport.fr\",\"legalName\":\"DICODUSPORT\",\"foundingDate\":\"2018-01-14\",\"vatID\":\"FR71834470973\",\"taxID\":\"83447097300043\",\"numberOfEmployees\":{\"@type\":\"QuantitativeValue\",\"minValue\":\"1\",\"maxValue\":\"10\"}},{\"@type\":\"Person\",\"@id\":\"https:\/\/dicodusport.fr\/blog\/#\/schema\/person\/cb02af4c173ce4a653b55e9baf388d4a\",\"name\":\"Flo Ostermann\",\"image\":{\"@type\":\"ImageObject\",\"inLanguage\":\"fr-FR\",\"@id\":\"https:\/\/dicodusport.fr\/blog\/#\/schema\/person\/image\/\",\"url\":\"https:\/\/dicodusport.fr\/blog\/wp-content\/uploads\/2021\/05\/Flo-Ostermann-150x150.jpg\",\"contentUrl\":\"https:\/\/dicodusport.fr\/blog\/wp-content\/uploads\/2021\/05\/Flo-Ostermann-150x150.jpg\",\"caption\":\"Flo Ostermann\"},\"description\":\"Journaliste\/R\u00e9dacteur depuis septembre 2015 - Mes premiers souvenirs dans le sport ? Les envol\u00e9es du Stade Toulousain et les duels Villeneuve-Schumacher et H\u00e4kkinen-Schumacher \u00e0 la fin des ann\u00e9es 90, la Coupe du monde de football en 1998, l\u2019exploit du XV de France face aux All Blacks en 1999, mais aussi Richard C\u0153ur de Lion qui vole sur les montagnes du Tour de France. Bien parti pour devenir professeur d\u2019EPS, les \u00e9v\u00e9nements de la vie (et la flemme d\u2019animer des s\u00e9ances de 3x500 m\u00e8tres toute ma vie) m\u2019ont conduit \u00e0 revoir mes plans. Me voil\u00e0 depuis fin 2017 sur Dicodusport, m\u00e9dia gr\u00e2ce (et pour) lequel je partage ma passion : le sport dans tous ses \u00e9tats. Le tout accompagn\u00e9 par les fous furieux et folles furieuses cit\u00e9s sur cette page !\",\"sameAs\":[\"https:\/\/www.facebook.com\/florent.ostermann\",\"https:\/\/x.com\/https:\/\/twitter.com\/FlOstermann\",\"admin\"],\"url\":\"https:\/\/dicodusport.fr\/blog\/author\/flo\/\"}]}<\/script>\n<!-- \/ Yoast SEO Premium plugin. -->","yoast_head_json":{"title":"Biathlon Summer Tour 2022 - Le palmar\u00e8s d'Ar\u00e7on","description":"SAMSE SUMMER TOUR 2022 - D\u00e9couvrez le programme de la deuxi\u00e8me \u00e9tape des championnats de France de biathlon, qui se d\u00e9roulent \u00e0 Ar\u00e7on.","robots":{"index":"index","follow":"follow","max-snippet":"max-snippet:-1","max-image-preview":"max-image-preview:large","max-video-preview":"max-video-preview:-1"},"canonical":"https:\/\/dicodusport.fr\/blog\/biathlon-summer-tour-2022-programme-complet-et-resultats-arcon\/","og_locale":"fr_FR","og_type":"article","og_title":"Biathlon Summer Tour 2022 - Le palmar\u00e8s d'Ar\u00e7on","og_description":"SAMSE SUMMER TOUR 2022 - D\u00e9couvrez le programme de la deuxi\u00e8me \u00e9tape des championnats de France de biathlon, qui se d\u00e9roulent \u00e0 Ar\u00e7on.","og_url":"https:\/\/dicodusport.fr\/blog\/biathlon-summer-tour-2022-programme-complet-et-resultats-arcon\/","og_site_name":"Dicodusport","article_publisher":"https:\/\/www.facebook.com\/dicodusport","article_author":"https:\/\/www.facebook.com\/florent.ostermann","article_published_time":"2022-10-16T14:10:44+00:00","og_image":[{"width":800,"height":445,"url":"https:\/\/dicodusport.fr\/blog\/wp-content\/uploads\/2022\/10\/Biathlon-Summer-Tour-2022-Programme-complet-et-resultats-a-Arcon.png","type":"image\/png"}],"author":"Flo Ostermann","twitter_card":"summary_large_image","twitter_title":"Biathlon Summer Tour 2022 - Le palmar\u00e8s d'Ar\u00e7on","twitter_creator":"@https:\/\/twitter.com\/FlOstermann","twitter_site":"@dicodusport","schema":{"@context":"https:\/\/schema.org","@graph":[{"@type":"NewsArticle","@id":"https:\/\/dicodusport.fr\/blog\/biathlon-summer-tour-2022-programme-complet-et-resultats-arcon\/#article","isPartOf":{"@id":"https:\/\/dicodusport.fr\/blog\/biathlon-summer-tour-2022-programme-complet-et-resultats-arcon\/"},"author":{"name":"Flo Ostermann","@id":"https:\/\/dicodusport.fr\/blog\/#\/schema\/person\/cb02af4c173ce4a653b55e9baf388d4a"},"headline":"Biathlon Summer Tour 2022 &#8211; Le palmar\u00e8s d&rsquo;Ar\u00e7on","datePublished":"2022-10-16T14:10:44+00:00","mainEntityOfPage":{"@id":"https:\/\/dicodusport.fr\/blog\/biathlon-summer-tour-2022-programme-complet-et-resultats-arcon\/"},"wordCount":626,"commentCount":0,"publisher":{"@id":"https:\/\/dicodusport.fr\/blog\/#organization"},"image":{"@id":"https:\/\/dicodusport.fr\/blog\/biathlon-summer-tour-2022-programme-complet-et-resultats-arcon\/#primaryimage"},"thumbnailUrl":"https:\/\/dicodusport.fr\/blog\/wp-content\/uploads\/2022\/10\/Biathlon-Summer-Tour-2022-Programme-complet-et-resultats-a-Arcon.png","keywords":["Biathlon"],"articleSection":["Biathlon"],"inLanguage":"fr-FR","potentialAction":[{"@type":"CommentAction","name":"Comment","target":["https:\/\/dicodusport.fr\/blog\/biathlon-summer-tour-2022-programme-complet-et-resultats-arcon\/#respond"]}],"copyrightYear":"2022","copyrightHolder":{"@id":"https:\/\/dicodusport.fr\/blog\/#organization"}},{"@type":"WebPage","@id":"https:\/\/dicodusport.fr\/blog\/biathlon-summer-tour-2022-programme-complet-et-resultats-arcon\/","url":"https:\/\/dicodusport.fr\/blog\/biathlon-summer-tour-2022-programme-complet-et-resultats-arcon\/","name":"Biathlon Summer Tour 2022 - Le palmar\u00e8s d'Ar\u00e7on","isPartOf":{"@id":"https:\/\/dicodusport.fr\/blog\/#website"},"primaryImageOfPage":{"@id":"https:\/\/dicodusport.fr\/blog\/biathlon-summer-tour-2022-programme-complet-et-resultats-arcon\/#primaryimage"},"image":{"@id":"https:\/\/dicodusport.fr\/blog\/biathlon-summer-tour-2022-programme-complet-et-resultats-arcon\/#primaryimage"},"thumbnailUrl":"https:\/\/dicodusport.fr\/blog\/wp-content\/uploads\/2022\/10\/Biathlon-Summer-Tour-2022-Programme-complet-et-resultats-a-Arcon.png","datePublished":"2022-10-16T14:10:44+00:00","description":"SAMSE SUMMER TOUR 2022 - D\u00e9couvrez le programme de la deuxi\u00e8me \u00e9tape des championnats de France de biathlon, qui se d\u00e9roulent \u00e0 Ar\u00e7on.","breadcrumb":{"@id":"https:\/\/dicodusport.fr\/blog\/biathlon-summer-tour-2022-programme-complet-et-resultats-arcon\/#breadcrumb"},"inLanguage":"fr-FR","potentialAction":[{"@type":"ReadAction","target":["https:\/\/dicodusport.fr\/blog\/biathlon-summer-tour-2022-programme-complet-et-resultats-arcon\/"]}]},{"@type":"ImageObject","inLanguage":"fr-FR","@id":"https:\/\/dicodusport.fr\/blog\/biathlon-summer-tour-2022-programme-complet-et-resultats-arcon\/#primaryimage","url":"https:\/\/dicodusport.fr\/blog\/wp-content\/uploads\/2022\/10\/Biathlon-Summer-Tour-2022-Programme-complet-et-resultats-a-Arcon.png","contentUrl":"https:\/\/dicodusport.fr\/blog\/wp-content\/uploads\/2022\/10\/Biathlon-Summer-Tour-2022-Programme-complet-et-resultats-a-Arcon.png","width":800,"height":445,"caption":"Biathlon Summer Tour 2022 - Programme complet et r\u00e9sultats \u00e0 Ar\u00e7on"},{"@type":"BreadcrumbList","@id":"https:\/\/dicodusport.fr\/blog\/biathlon-summer-tour-2022-programme-complet-et-resultats-arcon\/#breadcrumb","itemListElement":[{"@type":"ListItem","position":1,"name":"Accueil","item":"https:\/\/dicodusport.fr\/blog\/"},{"@type":"ListItem","position":2,"name":"Biathlon Summer Tour 2022 &#8211; Le palmar\u00e8s d&rsquo;Ar\u00e7on"}]},{"@type":"WebSite","@id":"https:\/\/dicodusport.fr\/blog\/#website","url":"https:\/\/dicodusport.fr\/blog\/","name":"Dicodusport","description":"L&#039;encyclop\u00e9die de l&#039;actualit\u00e9 sportive","publisher":{"@id":"https:\/\/dicodusport.fr\/blog\/#organization"},"potentialAction":[{"@type":"SearchAction","target":{"@type":"EntryPoint","urlTemplate":"https:\/\/dicodusport.fr\/blog\/?s={search_term_string}"},"query-input":{"@type":"PropertyValueSpecification","valueRequired":true,"valueName":"search_term_string"}}],"inLanguage":"fr-FR"},{"@type":"NewsMediaOrganization","@id":"https:\/\/dicodusport.fr\/blog\/#organization","name":"Dicodusport","url":"https:\/\/dicodusport.fr\/blog\/","logo":{"@type":"ImageObject","inLanguage":"fr-FR","@id":"https:\/\/dicodusport.fr\/blog\/#\/schema\/logo\/image\/","url":"https:\/\/dicodusport.fr\/blog\/wp-content\/uploads\/2020\/06\/cropped-LOGO-DICODUSPORT-2020-SANS-FOND-SANS-TEXTE.png","contentUrl":"https:\/\/dicodusport.fr\/blog\/wp-content\/uploads\/2020\/06\/cropped-LOGO-DICODUSPORT-2020-SANS-FOND-SANS-TEXTE.png","width":512,"height":512,"caption":"Dicodusport"},"image":{"@id":"https:\/\/dicodusport.fr\/blog\/#\/schema\/logo\/image\/"},"sameAs":["https:\/\/www.facebook.com\/dicodusport","https:\/\/x.com\/dicodusport","https:\/\/www.instagram.com\/dicodusport\/","https:\/\/www.youtube.com\/channel\/UC7V2KZ5sd3htJivAbA4ZG3w"],"description":"Dicodusport est l'encyclop\u00e9die de l'actualit\u00e9 sportive.","email":"bonjour@dicodusport.fr","legalName":"DICODUSPORT","foundingDate":"2018-01-14","vatID":"FR71834470973","taxID":"83447097300043","numberOfEmployees":{"@type":"QuantitativeValue","minValue":"1","maxValue":"10"}},{"@type":"Person","@id":"https:\/\/dicodusport.fr\/blog\/#\/schema\/person\/cb02af4c173ce4a653b55e9baf388d4a","name":"Flo Ostermann","image":{"@type":"ImageObject","inLanguage":"fr-FR","@id":"https:\/\/dicodusport.fr\/blog\/#\/schema\/person\/image\/","url":"https:\/\/dicodusport.fr\/blog\/wp-content\/uploads\/2021\/05\/Flo-Ostermann-150x150.jpg","contentUrl":"https:\/\/dicodusport.fr\/blog\/wp-content\/uploads\/2021\/05\/Flo-Ostermann-150x150.jpg","caption":"Flo Ostermann"},"description":"Journaliste\/R\u00e9dacteur depuis septembre 2015 - Mes premiers souvenirs dans le sport ? Les envol\u00e9es du Stade Toulousain et les duels Villeneuve-Schumacher et H\u00e4kkinen-Schumacher \u00e0 la fin des ann\u00e9es 90, la Coupe du monde de football en 1998, l\u2019exploit du XV de France face aux All Blacks en 1999, mais aussi Richard C\u0153ur de Lion qui vole sur les montagnes du Tour de France. Bien parti pour devenir professeur d\u2019EPS, les \u00e9v\u00e9nements de la vie (et la flemme d\u2019animer des s\u00e9ances de 3x500 m\u00e8tres toute ma vie) m\u2019ont conduit \u00e0 revoir mes plans. Me voil\u00e0 depuis fin 2017 sur Dicodusport, m\u00e9dia gr\u00e2ce (et pour) lequel je partage ma passion : le sport dans tous ses \u00e9tats. Le tout accompagn\u00e9 par les fous furieux et folles furieuses cit\u00e9s sur cette page !","sameAs":["https:\/\/www.facebook.com\/florent.ostermann","https:\/\/x.com\/https:\/\/twitter.com\/FlOstermann","admin"],"url":"https:\/\/dicodusport.fr\/blog\/author\/flo\/"}]}},"_links":{"self":[{"href":"https:\/\/dicodusport.fr\/blog\/wp-json\/wp\/v2\/posts\/269039","targetHints":{"allow":["GET"]}}],"collection":[{"href":"https:\/\/dicodusport.fr\/blog\/wp-json\/wp\/v2\/posts"}],"about":[{"href":"https:\/\/dicodusport.fr\/blog\/wp-json\/wp\/v2\/types\/post"}],"author":[{"embeddable":true,"href":"https:\/\/dicodusport.fr\/blog\/wp-json\/wp\/v2\/users\/4"}],"replies":[{"embeddable":true,"href":"https:\/\/dicodusport.fr\/blog\/wp-json\/wp\/v2\/comments?post=269039"}],"version-history":[{"count":0,"href":"https:\/\/dicodusport.fr\/blog\/wp-json\/wp\/v2\/posts\/269039\/revisions"}],"wp:featuredmedia":[{"embeddable":true,"href":"https:\/\/dicodusport.fr\/blog\/wp-json\/wp\/v2\/media\/269046"}],"wp:attachment":[{"href":"https:\/\/dicodusport.fr\/blog\/wp-json\/wp\/v2\/media?parent=269039"}],"wp:term":[{"taxonomy":"category","embeddable":true,"href":"https:\/\/dicodusport.fr\/blog\/wp-json\/wp\/v2\/categories?post=269039"},{"taxonomy":"post_tag","embeddable":true,"href":"https:\/\/dicodusport.fr\/blog\/wp-json\/wp\/v2\/tags?post=269039"}],"curies":[{"name":"wp","href":"https:\/\/api.w.org\/{rel}","templated":true}]}}