{"id":269245,"date":"2022-10-11T19:37:48","date_gmt":"2022-10-11T17:37:48","guid":{"rendered":"https:\/\/dicodusport.fr\/blog\/?p=269245&#038;preview=true&#038;preview_id=269245"},"modified":"2022-10-12T07:44:48","modified_gmt":"2022-10-12T05:44:48","slug":"mercato-christophe-galtier-pourrait-quitter-le-psg-en-cas-de-depart-de-kylian-mbappe","status":"publish","type":"post","link":"https:\/\/dicodusport.fr\/blog\/mercato-christophe-galtier-pourrait-quitter-le-psg-en-cas-de-depart-de-kylian-mbappe\/","title":{"rendered":"Mercato : Christophe Galtier pourrait quitter le PSG en cas de d\u00e9part de Kylian Mbapp\u00e9"},"content":{"rendered":"<p style=\"text-align: justify;\"><i><b>LIGUE 1 2022-2023 &#8211; Selon Le Parisien, Christophe Galtier et Luis Campos pourraient d\u00e9cider de quitter le PSG si Kylian Mbapp\u00e9 est transf\u00e9r\u00e9.\u00a0<\/b><\/i><\/p>\n<p style=\"text-align: justify;\">C&rsquo;est la bombe du jour : <a href=\"https:\/\/dicodusport.fr\/blog\/mercato-kylian-mbappe-veut-quitter-le-psg-en-janvier\/\" target=\"_blank\" rel=\"noopener\"><strong>Kylian Mbapp\u00e9<\/strong> veut quitter le <strong>PSG<\/strong><\/a>, seulement quelques mois apr\u00e8s avoir paraph\u00e9 une prolongation ! L&rsquo;international fran\u00e7ais se sent trahi par les dirigeants du club, mais il ne serait pas le seul. Selon nos confr\u00e8res <em>du Parisien<\/em>, <strong>Christophe<\/strong> <strong>Galtier<\/strong> et <strong>Luis<\/strong> C<strong>ampos<\/strong> pourraient lier leur destin \u00e0 celui de l&rsquo;attaquant des Bleus, et donc le club de la capitale pourrait se retrouver une nouvelle fois en qu\u00eate d&rsquo;un nouvel entra\u00eeneur.<\/p>\n<p style=\"text-align: justify;\">Finalement on est presque un an plus t\u00f4t, en octobre 2021, alors que le feuilleton <strong>Mbapp\u00e9<\/strong> battait d\u00e9j\u00e0 son plein. La diff\u00e9rence est qu&rsquo;il n&rsquo;est pas en fin de contrat en juin prochain, mais qu&rsquo;il lui restera un an au <strong>PSG<\/strong>, jusqu&rsquo;en juin 2024.<\/p>\n<blockquote class=\"twitter-tweet\">\n<p dir=\"ltr\" lang=\"fr\">&#x1f6a8;&#x1f6a8; Christophe Galtier et Luis Campos pourraient quitter le PSG dans la foul\u00e9e en cas de d\u00e9part de Kylian Mbapp\u00e9, d\u00e8s janvier ou au plus tard en fin de saison.<\/p>\n<p>Les deux hommes sont rest\u00e9s proches du joueur, \u00ab embarqu\u00e9s dans la m\u00eame gal\u00e8re que lui \u00bb.<\/p>\n<p>(Le Parisien)<\/p>\n<p>\u2014 Hadrien Grenier (@hadrien_grenier) <a href=\"https:\/\/twitter.com\/hadrien_grenier\/status\/1579882709304115202?ref_src=twsrc%5Etfw\">October 11, 2022<\/a><\/p><\/blockquote>\n<p style=\"text-align: justify;\"><script async src=\"https:\/\/platform.twitter.com\/widgets.js\" charset=\"utf-8\"><\/script><\/p>\n","protected":false},"excerpt":{"rendered":"<p>LIGUE 1 2022-2023 &#8211; Selon Le Parisien, Christophe Galtier et Luis Campos pourraient d\u00e9cider de quitter le PSG si Kylian Mbapp\u00e9 est transf\u00e9r\u00e9.\u00a0<\/p>\n","protected":false},"author":1,"featured_media":269246,"comment_status":"open","ping_status":"closed","sticky":false,"template":"","format":"standard","meta":{"_acf_changed":false,"_daextam_enable_autolinks":"","footnotes":""},"categories":[2301,47045],"tags":[4147,75,2236,910],"class_list":["post-269245","post","type-post","status-publish","format-standard","has-post-thumbnail","hentry","category-football","category-ligue-1","tag-christophe-galtier","tag-football","tag-kylian-mbappe","tag-psg"],"acf":[],"yoast_head":"<!-- This site is optimized with the Yoast SEO Premium plugin v26.7 (Yoast SEO v26.7) - https:\/\/yoast.com\/wordpress\/plugins\/seo\/ -->\n<title>Mercato : Christophe Galtier pourrait quitter le PSG en cas de d\u00e9part de Kylian Mbapp\u00e9<\/title>\n<meta name=\"description\" content=\"LIGUE 1 2022-2023 - Selon Le Parisien, Christophe Galtier et Luis Campos pourraient d\u00e9cider de quitter le PSG si Kylian Mbapp\u00e9 est transf\u00e9r\u00e9.\u00a0\" \/>\n<meta name=\"robots\" content=\"index, follow, max-snippet:-1, max-image-preview:large, max-video-preview:-1\" \/>\n<link rel=\"canonical\" href=\"https:\/\/dicodusport.fr\/blog\/mercato-christophe-galtier-pourrait-quitter-le-psg-en-cas-de-depart-de-kylian-mbappe\/\" \/>\n<meta property=\"og:locale\" content=\"fr_FR\" \/>\n<meta property=\"og:type\" content=\"article\" \/>\n<meta property=\"og:title\" content=\"Mercato : Christophe Galtier pourrait quitter le PSG en cas de d\u00e9part de Kylian Mbapp\u00e9\" \/>\n<meta property=\"og:description\" content=\"LIGUE 1 2022-2023 - Selon Le Parisien, Christophe Galtier et Luis Campos pourraient d\u00e9cider de quitter le PSG si Kylian Mbapp\u00e9 est transf\u00e9r\u00e9.\u00a0\" \/>\n<meta property=\"og:url\" content=\"https:\/\/dicodusport.fr\/blog\/mercato-christophe-galtier-pourrait-quitter-le-psg-en-cas-de-depart-de-kylian-mbappe\/\" \/>\n<meta property=\"og:site_name\" content=\"Dicodusport\" \/>\n<meta property=\"article:publisher\" content=\"https:\/\/www.facebook.com\/dicodusport\" \/>\n<meta property=\"article:author\" content=\"https:\/\/www.facebook.com\/dicodusport\" \/>\n<meta property=\"article:published_time\" content=\"2022-10-11T17:37:48+00:00\" \/>\n<meta property=\"article:modified_time\" content=\"2022-10-12T05:44:48+00:00\" \/>\n<meta property=\"og:image\" content=\"https:\/\/dicodusport.fr\/blog\/wp-content\/uploads\/2022\/10\/Mercato-Christophe-Galtier-pourrait-quitter-le-PSG-en-cas-de-de\u0301part-de-Kylian-Mbappe\u0301.png\" \/>\n\t<meta property=\"og:image:width\" content=\"800\" \/>\n\t<meta property=\"og:image:height\" content=\"445\" \/>\n\t<meta property=\"og:image:type\" content=\"image\/png\" \/>\n<meta name=\"author\" content=\"Nicolas Jacquemard\" \/>\n<meta name=\"twitter:card\" content=\"summary_large_image\" \/>\n<meta name=\"twitter:title\" content=\"Mercato : Christophe Galtier pourrait quitter le PSG en cas de d\u00e9part de Kylian Mbapp\u00e9\" \/>\n<meta name=\"twitter:creator\" content=\"@https:\/\/twitter.com\/Nico_Jacquemard\" \/>\n<meta name=\"twitter:site\" content=\"@dicodusport\" \/>\n<script type=\"application\/ld+json\" class=\"yoast-schema-graph\">{\"@context\":\"https:\/\/schema.org\",\"@graph\":[{\"@type\":\"NewsArticle\",\"@id\":\"https:\/\/dicodusport.fr\/blog\/mercato-christophe-galtier-pourrait-quitter-le-psg-en-cas-de-depart-de-kylian-mbappe\/#article\",\"isPartOf\":{\"@id\":\"https:\/\/dicodusport.fr\/blog\/mercato-christophe-galtier-pourrait-quitter-le-psg-en-cas-de-depart-de-kylian-mbappe\/\"},\"author\":{\"name\":\"Nicolas Jacquemard\",\"@id\":\"https:\/\/dicodusport.fr\/blog\/#\/schema\/person\/55dcb50ad410894e431ed812bbb70191\"},\"headline\":\"Mercato : Christophe Galtier pourrait quitter le PSG en cas de d\u00e9part de Kylian Mbapp\u00e9\",\"datePublished\":\"2022-10-11T17:37:48+00:00\",\"dateModified\":\"2022-10-12T05:44:48+00:00\",\"mainEntityOfPage\":{\"@id\":\"https:\/\/dicodusport.fr\/blog\/mercato-christophe-galtier-pourrait-quitter-le-psg-en-cas-de-depart-de-kylian-mbappe\/\"},\"wordCount\":234,\"commentCount\":0,\"publisher\":{\"@id\":\"https:\/\/dicodusport.fr\/blog\/#organization\"},\"image\":{\"@id\":\"https:\/\/dicodusport.fr\/blog\/mercato-christophe-galtier-pourrait-quitter-le-psg-en-cas-de-depart-de-kylian-mbappe\/#primaryimage\"},\"thumbnailUrl\":\"https:\/\/dicodusport.fr\/blog\/wp-content\/uploads\/2022\/10\/Mercato-Christophe-Galtier-pourrait-quitter-le-PSG-en-cas-de-de\u0301part-de-Kylian-Mbappe\u0301.png\",\"keywords\":[\"Christophe Galtier\",\"Football\",\"Kylian Mbapp\u00e9\",\"PSG\"],\"articleSection\":[\"Football\",\"Ligue 1\"],\"inLanguage\":\"fr-FR\",\"potentialAction\":[{\"@type\":\"CommentAction\",\"name\":\"Comment\",\"target\":[\"https:\/\/dicodusport.fr\/blog\/mercato-christophe-galtier-pourrait-quitter-le-psg-en-cas-de-depart-de-kylian-mbappe\/#respond\"]}],\"copyrightYear\":\"2022\",\"copyrightHolder\":{\"@id\":\"https:\/\/dicodusport.fr\/blog\/#organization\"}},{\"@type\":\"WebPage\",\"@id\":\"https:\/\/dicodusport.fr\/blog\/mercato-christophe-galtier-pourrait-quitter-le-psg-en-cas-de-depart-de-kylian-mbappe\/\",\"url\":\"https:\/\/dicodusport.fr\/blog\/mercato-christophe-galtier-pourrait-quitter-le-psg-en-cas-de-depart-de-kylian-mbappe\/\",\"name\":\"Mercato : Christophe Galtier pourrait quitter le PSG en cas de d\u00e9part de Kylian Mbapp\u00e9\",\"isPartOf\":{\"@id\":\"https:\/\/dicodusport.fr\/blog\/#website\"},\"primaryImageOfPage\":{\"@id\":\"https:\/\/dicodusport.fr\/blog\/mercato-christophe-galtier-pourrait-quitter-le-psg-en-cas-de-depart-de-kylian-mbappe\/#primaryimage\"},\"image\":{\"@id\":\"https:\/\/dicodusport.fr\/blog\/mercato-christophe-galtier-pourrait-quitter-le-psg-en-cas-de-depart-de-kylian-mbappe\/#primaryimage\"},\"thumbnailUrl\":\"https:\/\/dicodusport.fr\/blog\/wp-content\/uploads\/2022\/10\/Mercato-Christophe-Galtier-pourrait-quitter-le-PSG-en-cas-de-de\u0301part-de-Kylian-Mbappe\u0301.png\",\"datePublished\":\"2022-10-11T17:37:48+00:00\",\"dateModified\":\"2022-10-12T05:44:48+00:00\",\"description\":\"LIGUE 1 2022-2023 - Selon Le Parisien, Christophe Galtier et Luis Campos pourraient d\u00e9cider de quitter le PSG si Kylian Mbapp\u00e9 est transf\u00e9r\u00e9.\u00a0\",\"breadcrumb\":{\"@id\":\"https:\/\/dicodusport.fr\/blog\/mercato-christophe-galtier-pourrait-quitter-le-psg-en-cas-de-depart-de-kylian-mbappe\/#breadcrumb\"},\"inLanguage\":\"fr-FR\",\"potentialAction\":[{\"@type\":\"ReadAction\",\"target\":[\"https:\/\/dicodusport.fr\/blog\/mercato-christophe-galtier-pourrait-quitter-le-psg-en-cas-de-depart-de-kylian-mbappe\/\"]}]},{\"@type\":\"ImageObject\",\"inLanguage\":\"fr-FR\",\"@id\":\"https:\/\/dicodusport.fr\/blog\/mercato-christophe-galtier-pourrait-quitter-le-psg-en-cas-de-depart-de-kylian-mbappe\/#primaryimage\",\"url\":\"https:\/\/dicodusport.fr\/blog\/wp-content\/uploads\/2022\/10\/Mercato-Christophe-Galtier-pourrait-quitter-le-PSG-en-cas-de-de\u0301part-de-Kylian-Mbappe\u0301.png\",\"contentUrl\":\"https:\/\/dicodusport.fr\/blog\/wp-content\/uploads\/2022\/10\/Mercato-Christophe-Galtier-pourrait-quitter-le-PSG-en-cas-de-de\u0301part-de-Kylian-Mbappe\u0301.png\",\"width\":800,\"height\":445},{\"@type\":\"BreadcrumbList\",\"@id\":\"https:\/\/dicodusport.fr\/blog\/mercato-christophe-galtier-pourrait-quitter-le-psg-en-cas-de-depart-de-kylian-mbappe\/#breadcrumb\",\"itemListElement\":[{\"@type\":\"ListItem\",\"position\":1,\"name\":\"Accueil\",\"item\":\"https:\/\/dicodusport.fr\/blog\/\"},{\"@type\":\"ListItem\",\"position\":2,\"name\":\"Mercato : Christophe Galtier pourrait quitter le PSG en cas de d\u00e9part de Kylian Mbapp\u00e9\"}]},{\"@type\":\"WebSite\",\"@id\":\"https:\/\/dicodusport.fr\/blog\/#website\",\"url\":\"https:\/\/dicodusport.fr\/blog\/\",\"name\":\"Dicodusport\",\"description\":\"L&#039;encyclop\u00e9die de l&#039;actualit\u00e9 sportive\",\"publisher\":{\"@id\":\"https:\/\/dicodusport.fr\/blog\/#organization\"},\"potentialAction\":[{\"@type\":\"SearchAction\",\"target\":{\"@type\":\"EntryPoint\",\"urlTemplate\":\"https:\/\/dicodusport.fr\/blog\/?s={search_term_string}\"},\"query-input\":{\"@type\":\"PropertyValueSpecification\",\"valueRequired\":true,\"valueName\":\"search_term_string\"}}],\"inLanguage\":\"fr-FR\"},{\"@type\":\"NewsMediaOrganization\",\"@id\":\"https:\/\/dicodusport.fr\/blog\/#organization\",\"name\":\"Dicodusport\",\"url\":\"https:\/\/dicodusport.fr\/blog\/\",\"logo\":{\"@type\":\"ImageObject\",\"inLanguage\":\"fr-FR\",\"@id\":\"https:\/\/dicodusport.fr\/blog\/#\/schema\/logo\/image\/\",\"url\":\"https:\/\/dicodusport.fr\/blog\/wp-content\/uploads\/2020\/06\/cropped-LOGO-DICODUSPORT-2020-SANS-FOND-SANS-TEXTE.png\",\"contentUrl\":\"https:\/\/dicodusport.fr\/blog\/wp-content\/uploads\/2020\/06\/cropped-LOGO-DICODUSPORT-2020-SANS-FOND-SANS-TEXTE.png\",\"width\":512,\"height\":512,\"caption\":\"Dicodusport\"},\"image\":{\"@id\":\"https:\/\/dicodusport.fr\/blog\/#\/schema\/logo\/image\/\"},\"sameAs\":[\"https:\/\/www.facebook.com\/dicodusport\",\"https:\/\/x.com\/dicodusport\",\"https:\/\/www.instagram.com\/dicodusport\/\",\"https:\/\/www.youtube.com\/channel\/UC7V2KZ5sd3htJivAbA4ZG3w\"],\"description\":\"Dicodusport est l'encyclop\u00e9die de l'actualit\u00e9 sportive.\",\"email\":\"bonjour@dicodusport.fr\",\"legalName\":\"DICODUSPORT\",\"foundingDate\":\"2018-01-14\",\"vatID\":\"FR71834470973\",\"taxID\":\"83447097300043\",\"numberOfEmployees\":{\"@type\":\"QuantitativeValue\",\"minValue\":\"1\",\"maxValue\":\"10\"}},{\"@type\":\"Person\",\"@id\":\"https:\/\/dicodusport.fr\/blog\/#\/schema\/person\/55dcb50ad410894e431ed812bbb70191\",\"name\":\"Nicolas Jacquemard\",\"image\":{\"@type\":\"ImageObject\",\"inLanguage\":\"fr-FR\",\"@id\":\"https:\/\/dicodusport.fr\/blog\/#\/schema\/person\/image\/\",\"url\":\"https:\/\/dicodusport.fr\/blog\/wp-content\/uploads\/2021\/05\/Nicolas-Jacquemard-150x150.jpeg\",\"contentUrl\":\"https:\/\/dicodusport.fr\/blog\/wp-content\/uploads\/2021\/05\/Nicolas-Jacquemard-150x150.jpeg\",\"caption\":\"Nicolas Jacquemard\"},\"description\":\"Passionn\u00e9 de sport et entrepreneur depuis mes 18 ans, la cr\u00e9ation de Dicodusport m'a sembl\u00e9 \u00e9vidente pour participer \u00e0 la m\u00e9diatisation d'un plus grand nombre de sports. Le chemin est long mais avec une \u00e9quipe des plus motiv\u00e9es et les Jeux Olympiques de Paris 2024 en point de mire, nous y arriverons ! Journaliste dans le monde du sport depuis plus de 5 ans, je traite aussi bien de football, de rugby, de biathlon que de cyclisme.\",\"sameAs\":[\"https:\/\/www.facebook.com\/dicodusport\",\"https:\/\/x.com\/https:\/\/twitter.com\/Nico_Jacquemard\"],\"url\":\"https:\/\/dicodusport.fr\/blog\/author\/dicodusport\/\"}]}<\/script>\n<!-- \/ Yoast SEO Premium plugin. -->","yoast_head_json":{"title":"Mercato : Christophe Galtier pourrait quitter le PSG en cas de d\u00e9part de Kylian Mbapp\u00e9","description":"LIGUE 1 2022-2023 - Selon Le Parisien, Christophe Galtier et Luis Campos pourraient d\u00e9cider de quitter le PSG si Kylian Mbapp\u00e9 est transf\u00e9r\u00e9.\u00a0","robots":{"index":"index","follow":"follow","max-snippet":"max-snippet:-1","max-image-preview":"max-image-preview:large","max-video-preview":"max-video-preview:-1"},"canonical":"https:\/\/dicodusport.fr\/blog\/mercato-christophe-galtier-pourrait-quitter-le-psg-en-cas-de-depart-de-kylian-mbappe\/","og_locale":"fr_FR","og_type":"article","og_title":"Mercato : Christophe Galtier pourrait quitter le PSG en cas de d\u00e9part de Kylian Mbapp\u00e9","og_description":"LIGUE 1 2022-2023 - Selon Le Parisien, Christophe Galtier et Luis Campos pourraient d\u00e9cider de quitter le PSG si Kylian Mbapp\u00e9 est transf\u00e9r\u00e9.\u00a0","og_url":"https:\/\/dicodusport.fr\/blog\/mercato-christophe-galtier-pourrait-quitter-le-psg-en-cas-de-depart-de-kylian-mbappe\/","og_site_name":"Dicodusport","article_publisher":"https:\/\/www.facebook.com\/dicodusport","article_author":"https:\/\/www.facebook.com\/dicodusport","article_published_time":"2022-10-11T17:37:48+00:00","article_modified_time":"2022-10-12T05:44:48+00:00","og_image":[{"width":800,"height":445,"url":"https:\/\/dicodusport.fr\/blog\/wp-content\/uploads\/2022\/10\/Mercato-Christophe-Galtier-pourrait-quitter-le-PSG-en-cas-de-de\u0301part-de-Kylian-Mbappe\u0301.png","type":"image\/png"}],"author":"Nicolas Jacquemard","twitter_card":"summary_large_image","twitter_title":"Mercato : Christophe Galtier pourrait quitter le PSG en cas de d\u00e9part de Kylian Mbapp\u00e9","twitter_creator":"@https:\/\/twitter.com\/Nico_Jacquemard","twitter_site":"@dicodusport","schema":{"@context":"https:\/\/schema.org","@graph":[{"@type":"NewsArticle","@id":"https:\/\/dicodusport.fr\/blog\/mercato-christophe-galtier-pourrait-quitter-le-psg-en-cas-de-depart-de-kylian-mbappe\/#article","isPartOf":{"@id":"https:\/\/dicodusport.fr\/blog\/mercato-christophe-galtier-pourrait-quitter-le-psg-en-cas-de-depart-de-kylian-mbappe\/"},"author":{"name":"Nicolas Jacquemard","@id":"https:\/\/dicodusport.fr\/blog\/#\/schema\/person\/55dcb50ad410894e431ed812bbb70191"},"headline":"Mercato : Christophe Galtier pourrait quitter le PSG en cas de d\u00e9part de Kylian Mbapp\u00e9","datePublished":"2022-10-11T17:37:48+00:00","dateModified":"2022-10-12T05:44:48+00:00","mainEntityOfPage":{"@id":"https:\/\/dicodusport.fr\/blog\/mercato-christophe-galtier-pourrait-quitter-le-psg-en-cas-de-depart-de-kylian-mbappe\/"},"wordCount":234,"commentCount":0,"publisher":{"@id":"https:\/\/dicodusport.fr\/blog\/#organization"},"image":{"@id":"https:\/\/dicodusport.fr\/blog\/mercato-christophe-galtier-pourrait-quitter-le-psg-en-cas-de-depart-de-kylian-mbappe\/#primaryimage"},"thumbnailUrl":"https:\/\/dicodusport.fr\/blog\/wp-content\/uploads\/2022\/10\/Mercato-Christophe-Galtier-pourrait-quitter-le-PSG-en-cas-de-de\u0301part-de-Kylian-Mbappe\u0301.png","keywords":["Christophe Galtier","Football","Kylian Mbapp\u00e9","PSG"],"articleSection":["Football","Ligue 1"],"inLanguage":"fr-FR","potentialAction":[{"@type":"CommentAction","name":"Comment","target":["https:\/\/dicodusport.fr\/blog\/mercato-christophe-galtier-pourrait-quitter-le-psg-en-cas-de-depart-de-kylian-mbappe\/#respond"]}],"copyrightYear":"2022","copyrightHolder":{"@id":"https:\/\/dicodusport.fr\/blog\/#organization"}},{"@type":"WebPage","@id":"https:\/\/dicodusport.fr\/blog\/mercato-christophe-galtier-pourrait-quitter-le-psg-en-cas-de-depart-de-kylian-mbappe\/","url":"https:\/\/dicodusport.fr\/blog\/mercato-christophe-galtier-pourrait-quitter-le-psg-en-cas-de-depart-de-kylian-mbappe\/","name":"Mercato : Christophe Galtier pourrait quitter le PSG en cas de d\u00e9part de Kylian Mbapp\u00e9","isPartOf":{"@id":"https:\/\/dicodusport.fr\/blog\/#website"},"primaryImageOfPage":{"@id":"https:\/\/dicodusport.fr\/blog\/mercato-christophe-galtier-pourrait-quitter-le-psg-en-cas-de-depart-de-kylian-mbappe\/#primaryimage"},"image":{"@id":"https:\/\/dicodusport.fr\/blog\/mercato-christophe-galtier-pourrait-quitter-le-psg-en-cas-de-depart-de-kylian-mbappe\/#primaryimage"},"thumbnailUrl":"https:\/\/dicodusport.fr\/blog\/wp-content\/uploads\/2022\/10\/Mercato-Christophe-Galtier-pourrait-quitter-le-PSG-en-cas-de-de\u0301part-de-Kylian-Mbappe\u0301.png","datePublished":"2022-10-11T17:37:48+00:00","dateModified":"2022-10-12T05:44:48+00:00","description":"LIGUE 1 2022-2023 - Selon Le Parisien, Christophe Galtier et Luis Campos pourraient d\u00e9cider de quitter le PSG si Kylian Mbapp\u00e9 est transf\u00e9r\u00e9.\u00a0","breadcrumb":{"@id":"https:\/\/dicodusport.fr\/blog\/mercato-christophe-galtier-pourrait-quitter-le-psg-en-cas-de-depart-de-kylian-mbappe\/#breadcrumb"},"inLanguage":"fr-FR","potentialAction":[{"@type":"ReadAction","target":["https:\/\/dicodusport.fr\/blog\/mercato-christophe-galtier-pourrait-quitter-le-psg-en-cas-de-depart-de-kylian-mbappe\/"]}]},{"@type":"ImageObject","inLanguage":"fr-FR","@id":"https:\/\/dicodusport.fr\/blog\/mercato-christophe-galtier-pourrait-quitter-le-psg-en-cas-de-depart-de-kylian-mbappe\/#primaryimage","url":"https:\/\/dicodusport.fr\/blog\/wp-content\/uploads\/2022\/10\/Mercato-Christophe-Galtier-pourrait-quitter-le-PSG-en-cas-de-de\u0301part-de-Kylian-Mbappe\u0301.png","contentUrl":"https:\/\/dicodusport.fr\/blog\/wp-content\/uploads\/2022\/10\/Mercato-Christophe-Galtier-pourrait-quitter-le-PSG-en-cas-de-de\u0301part-de-Kylian-Mbappe\u0301.png","width":800,"height":445},{"@type":"BreadcrumbList","@id":"https:\/\/dicodusport.fr\/blog\/mercato-christophe-galtier-pourrait-quitter-le-psg-en-cas-de-depart-de-kylian-mbappe\/#breadcrumb","itemListElement":[{"@type":"ListItem","position":1,"name":"Accueil","item":"https:\/\/dicodusport.fr\/blog\/"},{"@type":"ListItem","position":2,"name":"Mercato : Christophe Galtier pourrait quitter le PSG en cas de d\u00e9part de Kylian Mbapp\u00e9"}]},{"@type":"WebSite","@id":"https:\/\/dicodusport.fr\/blog\/#website","url":"https:\/\/dicodusport.fr\/blog\/","name":"Dicodusport","description":"L&#039;encyclop\u00e9die de l&#039;actualit\u00e9 sportive","publisher":{"@id":"https:\/\/dicodusport.fr\/blog\/#organization"},"potentialAction":[{"@type":"SearchAction","target":{"@type":"EntryPoint","urlTemplate":"https:\/\/dicodusport.fr\/blog\/?s={search_term_string}"},"query-input":{"@type":"PropertyValueSpecification","valueRequired":true,"valueName":"search_term_string"}}],"inLanguage":"fr-FR"},{"@type":"NewsMediaOrganization","@id":"https:\/\/dicodusport.fr\/blog\/#organization","name":"Dicodusport","url":"https:\/\/dicodusport.fr\/blog\/","logo":{"@type":"ImageObject","inLanguage":"fr-FR","@id":"https:\/\/dicodusport.fr\/blog\/#\/schema\/logo\/image\/","url":"https:\/\/dicodusport.fr\/blog\/wp-content\/uploads\/2020\/06\/cropped-LOGO-DICODUSPORT-2020-SANS-FOND-SANS-TEXTE.png","contentUrl":"https:\/\/dicodusport.fr\/blog\/wp-content\/uploads\/2020\/06\/cropped-LOGO-DICODUSPORT-2020-SANS-FOND-SANS-TEXTE.png","width":512,"height":512,"caption":"Dicodusport"},"image":{"@id":"https:\/\/dicodusport.fr\/blog\/#\/schema\/logo\/image\/"},"sameAs":["https:\/\/www.facebook.com\/dicodusport","https:\/\/x.com\/dicodusport","https:\/\/www.instagram.com\/dicodusport\/","https:\/\/www.youtube.com\/channel\/UC7V2KZ5sd3htJivAbA4ZG3w"],"description":"Dicodusport est l'encyclop\u00e9die de l'actualit\u00e9 sportive.","email":"bonjour@dicodusport.fr","legalName":"DICODUSPORT","foundingDate":"2018-01-14","vatID":"FR71834470973","taxID":"83447097300043","numberOfEmployees":{"@type":"QuantitativeValue","minValue":"1","maxValue":"10"}},{"@type":"Person","@id":"https:\/\/dicodusport.fr\/blog\/#\/schema\/person\/55dcb50ad410894e431ed812bbb70191","name":"Nicolas Jacquemard","image":{"@type":"ImageObject","inLanguage":"fr-FR","@id":"https:\/\/dicodusport.fr\/blog\/#\/schema\/person\/image\/","url":"https:\/\/dicodusport.fr\/blog\/wp-content\/uploads\/2021\/05\/Nicolas-Jacquemard-150x150.jpeg","contentUrl":"https:\/\/dicodusport.fr\/blog\/wp-content\/uploads\/2021\/05\/Nicolas-Jacquemard-150x150.jpeg","caption":"Nicolas Jacquemard"},"description":"Passionn\u00e9 de sport et entrepreneur depuis mes 18 ans, la cr\u00e9ation de Dicodusport m'a sembl\u00e9 \u00e9vidente pour participer \u00e0 la m\u00e9diatisation d'un plus grand nombre de sports. Le chemin est long mais avec une \u00e9quipe des plus motiv\u00e9es et les Jeux Olympiques de Paris 2024 en point de mire, nous y arriverons ! Journaliste dans le monde du sport depuis plus de 5 ans, je traite aussi bien de football, de rugby, de biathlon que de cyclisme.","sameAs":["https:\/\/www.facebook.com\/dicodusport","https:\/\/x.com\/https:\/\/twitter.com\/Nico_Jacquemard"],"url":"https:\/\/dicodusport.fr\/blog\/author\/dicodusport\/"}]}},"_links":{"self":[{"href":"https:\/\/dicodusport.fr\/blog\/wp-json\/wp\/v2\/posts\/269245","targetHints":{"allow":["GET"]}}],"collection":[{"href":"https:\/\/dicodusport.fr\/blog\/wp-json\/wp\/v2\/posts"}],"about":[{"href":"https:\/\/dicodusport.fr\/blog\/wp-json\/wp\/v2\/types\/post"}],"author":[{"embeddable":true,"href":"https:\/\/dicodusport.fr\/blog\/wp-json\/wp\/v2\/users\/1"}],"replies":[{"embeddable":true,"href":"https:\/\/dicodusport.fr\/blog\/wp-json\/wp\/v2\/comments?post=269245"}],"version-history":[{"count":0,"href":"https:\/\/dicodusport.fr\/blog\/wp-json\/wp\/v2\/posts\/269245\/revisions"}],"wp:featuredmedia":[{"embeddable":true,"href":"https:\/\/dicodusport.fr\/blog\/wp-json\/wp\/v2\/media\/269246"}],"wp:attachment":[{"href":"https:\/\/dicodusport.fr\/blog\/wp-json\/wp\/v2\/media?parent=269245"}],"wp:term":[{"taxonomy":"category","embeddable":true,"href":"https:\/\/dicodusport.fr\/blog\/wp-json\/wp\/v2\/categories?post=269245"},{"taxonomy":"post_tag","embeddable":true,"href":"https:\/\/dicodusport.fr\/blog\/wp-json\/wp\/v2\/tags?post=269245"}],"curies":[{"name":"wp","href":"https:\/\/api.w.org\/{rel}","templated":true}]}}