{"id":269670,"date":"2022-10-13T13:11:12","date_gmt":"2022-10-13T11:11:12","guid":{"rendered":"https:\/\/dicodusport.fr\/blog\/?p=269670&#038;preview=true&#038;preview_id=269670"},"modified":"2022-10-13T14:12:03","modified_gmt":"2022-10-13T12:12:03","slug":"mercato-la-conti-groupama-fdj-annonce-quatre-recrues","status":"publish","type":"post","link":"https:\/\/dicodusport.fr\/blog\/mercato-la-conti-groupama-fdj-annonce-quatre-recrues\/","title":{"rendered":"Mercato : La Conti Groupama-FDJ annonce quatre recrues"},"content":{"rendered":"<p style=\"text-align: justify;\"><b><i>CYCLISME SUR ROUTE 2023 &#8211; La Conti de la Groupama-FDJ, qui a vu de nombreux coureurs passer dans l&rsquo;\u00e9quipe professionnelle, a annonc\u00e9 l&rsquo;arriv\u00e9e de quatre recrues.\u00a0<\/i><\/b><\/p>\n<p style=\"text-align: justify;\">Alors que <strong>Romain<\/strong> <strong>Gr\u00e9goire<\/strong>, <strong>Lenny<\/strong> <strong>Martinez<\/strong>, <strong>Samuel<\/strong> <strong>Watson,<\/strong> <strong>Lorenzo<\/strong> <strong>Germani<\/strong>, <strong>Reuben<\/strong> <strong>Thompson<\/strong>, <strong>Laurence<\/strong> <strong>Pithie<\/strong> et <strong>Enzo<\/strong> <strong>Paleni<\/strong> ont tous rejoint l&rsquo;\u00e9quipe professionnelle, la Conti <strong>Groupama<\/strong>&#8211;<strong>FDJ<\/strong> doit recruter pour la saison 2023 et vient d&rsquo;annoncer quatre renforts.<\/p>\n<p style=\"text-align: justify;\"><strong>Thibaud<\/strong> <strong>Gruel<\/strong>, coureur polyvalent de 18 ans, rejoint l&rsquo;\u00e9quipe continentale de la Groupema-FDJ. Cette ann\u00e9e, il a notamment fait Top 10 des Mondiaux juniors sur le contre-la-montre (10\u00e8me) et sur la course en ligne (7\u00e8me). <strong>Brieuc Rolland<\/strong>, espoirs 1 en 2022, rejoint aussi la <strong>Conti Groupama-FDJ<\/strong>, tout comme deux Britanniques. <strong>Noah<\/strong> <strong>Hobbs<\/strong> et <strong>Joshua<\/strong> <strong>Golliker<\/strong>, premier et troisi\u00e8me du Tour du Pays de Galles cette saison, sont les troisi\u00e8me et quatri\u00e8me recrues.<\/p>\n<blockquote class=\"twitter-tweet\">\n<p dir=\"ltr\" lang=\"fr\">Ils nous rejoignent ! Bienvenue Noah, Brieuc, Thibaud et Joshua &#x1f4aa; <a href=\"https:\/\/t.co\/0dCK4VZlCr\">pic.twitter.com\/0dCK4VZlCr<\/a><\/p>\n<p>\u2014 La Conti Groupama-FDJ (@groupamafdj_ct) <a href=\"https:\/\/twitter.com\/groupamafdj_ct\/status\/1580483707936219137?ref_src=twsrc%5Etfw\">October 13, 2022<\/a><\/p><\/blockquote>\n<p><script async src=\"https:\/\/platform.twitter.com\/widgets.js\" charset=\"utf-8\"><\/script><\/p>\n","protected":false},"excerpt":{"rendered":"<p>CYCLISME SUR ROUTE 2023 &#8211; La Conti de la Groupama-FDJ, qui a vu de nombreux coureurs passer dans l&rsquo;\u00e9quipe professionnelle, a annonc\u00e9 l&rsquo;arriv\u00e9e de quatre recrues.\u00a0<\/p>\n","protected":false},"author":1,"featured_media":269679,"comment_status":"open","ping_status":"closed","sticky":false,"template":"","format":"standard","meta":{"_acf_changed":false,"_daextam_enable_autolinks":"","footnotes":""},"categories":[46994],"tags":[3279],"class_list":["post-269670","post","type-post","status-publish","format-standard","has-post-thumbnail","hentry","category-cyclisme-sur-route","tag-groupama-fdj"],"acf":[],"yoast_head":"<!-- This site is optimized with the Yoast SEO Premium plugin v26.7 (Yoast SEO v26.7) - https:\/\/yoast.com\/wordpress\/plugins\/seo\/ -->\n<title>Mercato : La Conti Groupama-FDJ annonce quatre recrues<\/title>\n<meta name=\"description\" content=\"La Conti de la Groupama-FDJ, qui a vu de nombreux coureurs passer dans l&#039;\u00e9quipe professionnelle, a annonc\u00e9 l&#039;arriv\u00e9e de quatre recrues.\u00a0\" \/>\n<meta name=\"robots\" content=\"index, follow, max-snippet:-1, max-image-preview:large, max-video-preview:-1\" \/>\n<link rel=\"canonical\" href=\"https:\/\/dicodusport.fr\/blog\/mercato-la-conti-groupama-fdj-annonce-quatre-recrues\/\" \/>\n<meta property=\"og:locale\" content=\"fr_FR\" \/>\n<meta property=\"og:type\" content=\"article\" \/>\n<meta property=\"og:title\" content=\"Mercato : La Conti Groupama-FDJ annonce quatre recrues\" \/>\n<meta property=\"og:description\" content=\"La Conti de la Groupama-FDJ, qui a vu de nombreux coureurs passer dans l&#039;\u00e9quipe professionnelle, a annonc\u00e9 l&#039;arriv\u00e9e de quatre recrues.\u00a0\" \/>\n<meta property=\"og:url\" content=\"https:\/\/dicodusport.fr\/blog\/mercato-la-conti-groupama-fdj-annonce-quatre-recrues\/\" \/>\n<meta property=\"og:site_name\" content=\"Dicodusport\" \/>\n<meta property=\"article:publisher\" content=\"https:\/\/www.facebook.com\/dicodusport\" \/>\n<meta property=\"article:author\" content=\"https:\/\/www.facebook.com\/dicodusport\" \/>\n<meta property=\"article:published_time\" content=\"2022-10-13T11:11:12+00:00\" \/>\n<meta property=\"article:modified_time\" content=\"2022-10-13T12:12:03+00:00\" \/>\n<meta property=\"og:image\" content=\"https:\/\/dicodusport.fr\/blog\/wp-content\/uploads\/2022\/10\/Mercato-La-Conti-Groupama-FDJ-annonce-quatre-recrues.png\" \/>\n\t<meta property=\"og:image:width\" content=\"800\" \/>\n\t<meta property=\"og:image:height\" content=\"445\" \/>\n\t<meta property=\"og:image:type\" content=\"image\/png\" \/>\n<meta name=\"author\" content=\"Nicolas Jacquemard\" \/>\n<meta name=\"twitter:card\" content=\"summary_large_image\" \/>\n<meta name=\"twitter:title\" content=\"Mercato : La Conti Groupama-FDJ annonce quatre recrues\" \/>\n<meta name=\"twitter:creator\" content=\"@https:\/\/twitter.com\/Nico_Jacquemard\" \/>\n<meta name=\"twitter:site\" content=\"@dicodusport\" \/>\n<script type=\"application\/ld+json\" class=\"yoast-schema-graph\">{\"@context\":\"https:\/\/schema.org\",\"@graph\":[{\"@type\":\"NewsArticle\",\"@id\":\"https:\/\/dicodusport.fr\/blog\/mercato-la-conti-groupama-fdj-annonce-quatre-recrues\/#article\",\"isPartOf\":{\"@id\":\"https:\/\/dicodusport.fr\/blog\/mercato-la-conti-groupama-fdj-annonce-quatre-recrues\/\"},\"author\":{\"name\":\"Nicolas Jacquemard\",\"@id\":\"https:\/\/dicodusport.fr\/blog\/#\/schema\/person\/55dcb50ad410894e431ed812bbb70191\"},\"headline\":\"Mercato : La Conti Groupama-FDJ annonce quatre recrues\",\"datePublished\":\"2022-10-13T11:11:12+00:00\",\"dateModified\":\"2022-10-13T12:12:03+00:00\",\"mainEntityOfPage\":{\"@id\":\"https:\/\/dicodusport.fr\/blog\/mercato-la-conti-groupama-fdj-annonce-quatre-recrues\/\"},\"wordCount\":169,\"commentCount\":0,\"publisher\":{\"@id\":\"https:\/\/dicodusport.fr\/blog\/#organization\"},\"image\":{\"@id\":\"https:\/\/dicodusport.fr\/blog\/mercato-la-conti-groupama-fdj-annonce-quatre-recrues\/#primaryimage\"},\"thumbnailUrl\":\"https:\/\/dicodusport.fr\/blog\/wp-content\/uploads\/2022\/10\/Mercato-La-Conti-Groupama-FDJ-annonce-quatre-recrues.png\",\"keywords\":[\"Groupama FDJ\"],\"articleSection\":[\"Cyclisme sur route\"],\"inLanguage\":\"fr-FR\",\"potentialAction\":[{\"@type\":\"CommentAction\",\"name\":\"Comment\",\"target\":[\"https:\/\/dicodusport.fr\/blog\/mercato-la-conti-groupama-fdj-annonce-quatre-recrues\/#respond\"]}],\"copyrightYear\":\"2022\",\"copyrightHolder\":{\"@id\":\"https:\/\/dicodusport.fr\/blog\/#organization\"}},{\"@type\":\"WebPage\",\"@id\":\"https:\/\/dicodusport.fr\/blog\/mercato-la-conti-groupama-fdj-annonce-quatre-recrues\/\",\"url\":\"https:\/\/dicodusport.fr\/blog\/mercato-la-conti-groupama-fdj-annonce-quatre-recrues\/\",\"name\":\"Mercato : La Conti Groupama-FDJ annonce quatre recrues\",\"isPartOf\":{\"@id\":\"https:\/\/dicodusport.fr\/blog\/#website\"},\"primaryImageOfPage\":{\"@id\":\"https:\/\/dicodusport.fr\/blog\/mercato-la-conti-groupama-fdj-annonce-quatre-recrues\/#primaryimage\"},\"image\":{\"@id\":\"https:\/\/dicodusport.fr\/blog\/mercato-la-conti-groupama-fdj-annonce-quatre-recrues\/#primaryimage\"},\"thumbnailUrl\":\"https:\/\/dicodusport.fr\/blog\/wp-content\/uploads\/2022\/10\/Mercato-La-Conti-Groupama-FDJ-annonce-quatre-recrues.png\",\"datePublished\":\"2022-10-13T11:11:12+00:00\",\"dateModified\":\"2022-10-13T12:12:03+00:00\",\"description\":\"La Conti de la Groupama-FDJ, qui a vu de nombreux coureurs passer dans l'\u00e9quipe professionnelle, a annonc\u00e9 l'arriv\u00e9e de quatre recrues.\u00a0\",\"breadcrumb\":{\"@id\":\"https:\/\/dicodusport.fr\/blog\/mercato-la-conti-groupama-fdj-annonce-quatre-recrues\/#breadcrumb\"},\"inLanguage\":\"fr-FR\",\"potentialAction\":[{\"@type\":\"ReadAction\",\"target\":[\"https:\/\/dicodusport.fr\/blog\/mercato-la-conti-groupama-fdj-annonce-quatre-recrues\/\"]}]},{\"@type\":\"ImageObject\",\"inLanguage\":\"fr-FR\",\"@id\":\"https:\/\/dicodusport.fr\/blog\/mercato-la-conti-groupama-fdj-annonce-quatre-recrues\/#primaryimage\",\"url\":\"https:\/\/dicodusport.fr\/blog\/wp-content\/uploads\/2022\/10\/Mercato-La-Conti-Groupama-FDJ-annonce-quatre-recrues.png\",\"contentUrl\":\"https:\/\/dicodusport.fr\/blog\/wp-content\/uploads\/2022\/10\/Mercato-La-Conti-Groupama-FDJ-annonce-quatre-recrues.png\",\"width\":800,\"height\":445},{\"@type\":\"BreadcrumbList\",\"@id\":\"https:\/\/dicodusport.fr\/blog\/mercato-la-conti-groupama-fdj-annonce-quatre-recrues\/#breadcrumb\",\"itemListElement\":[{\"@type\":\"ListItem\",\"position\":1,\"name\":\"Accueil\",\"item\":\"https:\/\/dicodusport.fr\/blog\/\"},{\"@type\":\"ListItem\",\"position\":2,\"name\":\"Mercato : La Conti Groupama-FDJ annonce quatre recrues\"}]},{\"@type\":\"WebSite\",\"@id\":\"https:\/\/dicodusport.fr\/blog\/#website\",\"url\":\"https:\/\/dicodusport.fr\/blog\/\",\"name\":\"Dicodusport\",\"description\":\"L&#039;encyclop\u00e9die de l&#039;actualit\u00e9 sportive\",\"publisher\":{\"@id\":\"https:\/\/dicodusport.fr\/blog\/#organization\"},\"potentialAction\":[{\"@type\":\"SearchAction\",\"target\":{\"@type\":\"EntryPoint\",\"urlTemplate\":\"https:\/\/dicodusport.fr\/blog\/?s={search_term_string}\"},\"query-input\":{\"@type\":\"PropertyValueSpecification\",\"valueRequired\":true,\"valueName\":\"search_term_string\"}}],\"inLanguage\":\"fr-FR\"},{\"@type\":\"NewsMediaOrganization\",\"@id\":\"https:\/\/dicodusport.fr\/blog\/#organization\",\"name\":\"Dicodusport\",\"url\":\"https:\/\/dicodusport.fr\/blog\/\",\"logo\":{\"@type\":\"ImageObject\",\"inLanguage\":\"fr-FR\",\"@id\":\"https:\/\/dicodusport.fr\/blog\/#\/schema\/logo\/image\/\",\"url\":\"https:\/\/dicodusport.fr\/blog\/wp-content\/uploads\/2020\/06\/cropped-LOGO-DICODUSPORT-2020-SANS-FOND-SANS-TEXTE.png\",\"contentUrl\":\"https:\/\/dicodusport.fr\/blog\/wp-content\/uploads\/2020\/06\/cropped-LOGO-DICODUSPORT-2020-SANS-FOND-SANS-TEXTE.png\",\"width\":512,\"height\":512,\"caption\":\"Dicodusport\"},\"image\":{\"@id\":\"https:\/\/dicodusport.fr\/blog\/#\/schema\/logo\/image\/\"},\"sameAs\":[\"https:\/\/www.facebook.com\/dicodusport\",\"https:\/\/x.com\/dicodusport\",\"https:\/\/www.instagram.com\/dicodusport\/\",\"https:\/\/www.youtube.com\/channel\/UC7V2KZ5sd3htJivAbA4ZG3w\"],\"description\":\"Dicodusport est l'encyclop\u00e9die de l'actualit\u00e9 sportive.\",\"email\":\"bonjour@dicodusport.fr\",\"legalName\":\"DICODUSPORT\",\"foundingDate\":\"2018-01-14\",\"vatID\":\"FR71834470973\",\"taxID\":\"83447097300043\",\"numberOfEmployees\":{\"@type\":\"QuantitativeValue\",\"minValue\":\"1\",\"maxValue\":\"10\"}},{\"@type\":\"Person\",\"@id\":\"https:\/\/dicodusport.fr\/blog\/#\/schema\/person\/55dcb50ad410894e431ed812bbb70191\",\"name\":\"Nicolas Jacquemard\",\"image\":{\"@type\":\"ImageObject\",\"inLanguage\":\"fr-FR\",\"@id\":\"https:\/\/dicodusport.fr\/blog\/#\/schema\/person\/image\/\",\"url\":\"https:\/\/dicodusport.fr\/blog\/wp-content\/uploads\/2021\/05\/Nicolas-Jacquemard-150x150.jpeg\",\"contentUrl\":\"https:\/\/dicodusport.fr\/blog\/wp-content\/uploads\/2021\/05\/Nicolas-Jacquemard-150x150.jpeg\",\"caption\":\"Nicolas Jacquemard\"},\"description\":\"Passionn\u00e9 de sport et entrepreneur depuis mes 18 ans, la cr\u00e9ation de Dicodusport m'a sembl\u00e9 \u00e9vidente pour participer \u00e0 la m\u00e9diatisation d'un plus grand nombre de sports. Le chemin est long mais avec une \u00e9quipe des plus motiv\u00e9es et les Jeux Olympiques de Paris 2024 en point de mire, nous y arriverons ! Journaliste dans le monde du sport depuis plus de 5 ans, je traite aussi bien de football, de rugby, de biathlon que de cyclisme.\",\"sameAs\":[\"https:\/\/www.facebook.com\/dicodusport\",\"https:\/\/x.com\/https:\/\/twitter.com\/Nico_Jacquemard\"],\"url\":\"https:\/\/dicodusport.fr\/blog\/author\/dicodusport\/\"}]}<\/script>\n<!-- \/ Yoast SEO Premium plugin. -->","yoast_head_json":{"title":"Mercato : La Conti Groupama-FDJ annonce quatre recrues","description":"La Conti de la Groupama-FDJ, qui a vu de nombreux coureurs passer dans l'\u00e9quipe professionnelle, a annonc\u00e9 l'arriv\u00e9e de quatre recrues.\u00a0","robots":{"index":"index","follow":"follow","max-snippet":"max-snippet:-1","max-image-preview":"max-image-preview:large","max-video-preview":"max-video-preview:-1"},"canonical":"https:\/\/dicodusport.fr\/blog\/mercato-la-conti-groupama-fdj-annonce-quatre-recrues\/","og_locale":"fr_FR","og_type":"article","og_title":"Mercato : La Conti Groupama-FDJ annonce quatre recrues","og_description":"La Conti de la Groupama-FDJ, qui a vu de nombreux coureurs passer dans l'\u00e9quipe professionnelle, a annonc\u00e9 l'arriv\u00e9e de quatre recrues.\u00a0","og_url":"https:\/\/dicodusport.fr\/blog\/mercato-la-conti-groupama-fdj-annonce-quatre-recrues\/","og_site_name":"Dicodusport","article_publisher":"https:\/\/www.facebook.com\/dicodusport","article_author":"https:\/\/www.facebook.com\/dicodusport","article_published_time":"2022-10-13T11:11:12+00:00","article_modified_time":"2022-10-13T12:12:03+00:00","og_image":[{"width":800,"height":445,"url":"https:\/\/dicodusport.fr\/blog\/wp-content\/uploads\/2022\/10\/Mercato-La-Conti-Groupama-FDJ-annonce-quatre-recrues.png","type":"image\/png"}],"author":"Nicolas Jacquemard","twitter_card":"summary_large_image","twitter_title":"Mercato : La Conti Groupama-FDJ annonce quatre recrues","twitter_creator":"@https:\/\/twitter.com\/Nico_Jacquemard","twitter_site":"@dicodusport","schema":{"@context":"https:\/\/schema.org","@graph":[{"@type":"NewsArticle","@id":"https:\/\/dicodusport.fr\/blog\/mercato-la-conti-groupama-fdj-annonce-quatre-recrues\/#article","isPartOf":{"@id":"https:\/\/dicodusport.fr\/blog\/mercato-la-conti-groupama-fdj-annonce-quatre-recrues\/"},"author":{"name":"Nicolas Jacquemard","@id":"https:\/\/dicodusport.fr\/blog\/#\/schema\/person\/55dcb50ad410894e431ed812bbb70191"},"headline":"Mercato : La Conti Groupama-FDJ annonce quatre recrues","datePublished":"2022-10-13T11:11:12+00:00","dateModified":"2022-10-13T12:12:03+00:00","mainEntityOfPage":{"@id":"https:\/\/dicodusport.fr\/blog\/mercato-la-conti-groupama-fdj-annonce-quatre-recrues\/"},"wordCount":169,"commentCount":0,"publisher":{"@id":"https:\/\/dicodusport.fr\/blog\/#organization"},"image":{"@id":"https:\/\/dicodusport.fr\/blog\/mercato-la-conti-groupama-fdj-annonce-quatre-recrues\/#primaryimage"},"thumbnailUrl":"https:\/\/dicodusport.fr\/blog\/wp-content\/uploads\/2022\/10\/Mercato-La-Conti-Groupama-FDJ-annonce-quatre-recrues.png","keywords":["Groupama FDJ"],"articleSection":["Cyclisme sur route"],"inLanguage":"fr-FR","potentialAction":[{"@type":"CommentAction","name":"Comment","target":["https:\/\/dicodusport.fr\/blog\/mercato-la-conti-groupama-fdj-annonce-quatre-recrues\/#respond"]}],"copyrightYear":"2022","copyrightHolder":{"@id":"https:\/\/dicodusport.fr\/blog\/#organization"}},{"@type":"WebPage","@id":"https:\/\/dicodusport.fr\/blog\/mercato-la-conti-groupama-fdj-annonce-quatre-recrues\/","url":"https:\/\/dicodusport.fr\/blog\/mercato-la-conti-groupama-fdj-annonce-quatre-recrues\/","name":"Mercato : La Conti Groupama-FDJ annonce quatre recrues","isPartOf":{"@id":"https:\/\/dicodusport.fr\/blog\/#website"},"primaryImageOfPage":{"@id":"https:\/\/dicodusport.fr\/blog\/mercato-la-conti-groupama-fdj-annonce-quatre-recrues\/#primaryimage"},"image":{"@id":"https:\/\/dicodusport.fr\/blog\/mercato-la-conti-groupama-fdj-annonce-quatre-recrues\/#primaryimage"},"thumbnailUrl":"https:\/\/dicodusport.fr\/blog\/wp-content\/uploads\/2022\/10\/Mercato-La-Conti-Groupama-FDJ-annonce-quatre-recrues.png","datePublished":"2022-10-13T11:11:12+00:00","dateModified":"2022-10-13T12:12:03+00:00","description":"La Conti de la Groupama-FDJ, qui a vu de nombreux coureurs passer dans l'\u00e9quipe professionnelle, a annonc\u00e9 l'arriv\u00e9e de quatre recrues.\u00a0","breadcrumb":{"@id":"https:\/\/dicodusport.fr\/blog\/mercato-la-conti-groupama-fdj-annonce-quatre-recrues\/#breadcrumb"},"inLanguage":"fr-FR","potentialAction":[{"@type":"ReadAction","target":["https:\/\/dicodusport.fr\/blog\/mercato-la-conti-groupama-fdj-annonce-quatre-recrues\/"]}]},{"@type":"ImageObject","inLanguage":"fr-FR","@id":"https:\/\/dicodusport.fr\/blog\/mercato-la-conti-groupama-fdj-annonce-quatre-recrues\/#primaryimage","url":"https:\/\/dicodusport.fr\/blog\/wp-content\/uploads\/2022\/10\/Mercato-La-Conti-Groupama-FDJ-annonce-quatre-recrues.png","contentUrl":"https:\/\/dicodusport.fr\/blog\/wp-content\/uploads\/2022\/10\/Mercato-La-Conti-Groupama-FDJ-annonce-quatre-recrues.png","width":800,"height":445},{"@type":"BreadcrumbList","@id":"https:\/\/dicodusport.fr\/blog\/mercato-la-conti-groupama-fdj-annonce-quatre-recrues\/#breadcrumb","itemListElement":[{"@type":"ListItem","position":1,"name":"Accueil","item":"https:\/\/dicodusport.fr\/blog\/"},{"@type":"ListItem","position":2,"name":"Mercato : La Conti Groupama-FDJ annonce quatre recrues"}]},{"@type":"WebSite","@id":"https:\/\/dicodusport.fr\/blog\/#website","url":"https:\/\/dicodusport.fr\/blog\/","name":"Dicodusport","description":"L&#039;encyclop\u00e9die de l&#039;actualit\u00e9 sportive","publisher":{"@id":"https:\/\/dicodusport.fr\/blog\/#organization"},"potentialAction":[{"@type":"SearchAction","target":{"@type":"EntryPoint","urlTemplate":"https:\/\/dicodusport.fr\/blog\/?s={search_term_string}"},"query-input":{"@type":"PropertyValueSpecification","valueRequired":true,"valueName":"search_term_string"}}],"inLanguage":"fr-FR"},{"@type":"NewsMediaOrganization","@id":"https:\/\/dicodusport.fr\/blog\/#organization","name":"Dicodusport","url":"https:\/\/dicodusport.fr\/blog\/","logo":{"@type":"ImageObject","inLanguage":"fr-FR","@id":"https:\/\/dicodusport.fr\/blog\/#\/schema\/logo\/image\/","url":"https:\/\/dicodusport.fr\/blog\/wp-content\/uploads\/2020\/06\/cropped-LOGO-DICODUSPORT-2020-SANS-FOND-SANS-TEXTE.png","contentUrl":"https:\/\/dicodusport.fr\/blog\/wp-content\/uploads\/2020\/06\/cropped-LOGO-DICODUSPORT-2020-SANS-FOND-SANS-TEXTE.png","width":512,"height":512,"caption":"Dicodusport"},"image":{"@id":"https:\/\/dicodusport.fr\/blog\/#\/schema\/logo\/image\/"},"sameAs":["https:\/\/www.facebook.com\/dicodusport","https:\/\/x.com\/dicodusport","https:\/\/www.instagram.com\/dicodusport\/","https:\/\/www.youtube.com\/channel\/UC7V2KZ5sd3htJivAbA4ZG3w"],"description":"Dicodusport est l'encyclop\u00e9die de l'actualit\u00e9 sportive.","email":"bonjour@dicodusport.fr","legalName":"DICODUSPORT","foundingDate":"2018-01-14","vatID":"FR71834470973","taxID":"83447097300043","numberOfEmployees":{"@type":"QuantitativeValue","minValue":"1","maxValue":"10"}},{"@type":"Person","@id":"https:\/\/dicodusport.fr\/blog\/#\/schema\/person\/55dcb50ad410894e431ed812bbb70191","name":"Nicolas Jacquemard","image":{"@type":"ImageObject","inLanguage":"fr-FR","@id":"https:\/\/dicodusport.fr\/blog\/#\/schema\/person\/image\/","url":"https:\/\/dicodusport.fr\/blog\/wp-content\/uploads\/2021\/05\/Nicolas-Jacquemard-150x150.jpeg","contentUrl":"https:\/\/dicodusport.fr\/blog\/wp-content\/uploads\/2021\/05\/Nicolas-Jacquemard-150x150.jpeg","caption":"Nicolas Jacquemard"},"description":"Passionn\u00e9 de sport et entrepreneur depuis mes 18 ans, la cr\u00e9ation de Dicodusport m'a sembl\u00e9 \u00e9vidente pour participer \u00e0 la m\u00e9diatisation d'un plus grand nombre de sports. Le chemin est long mais avec une \u00e9quipe des plus motiv\u00e9es et les Jeux Olympiques de Paris 2024 en point de mire, nous y arriverons ! Journaliste dans le monde du sport depuis plus de 5 ans, je traite aussi bien de football, de rugby, de biathlon que de cyclisme.","sameAs":["https:\/\/www.facebook.com\/dicodusport","https:\/\/x.com\/https:\/\/twitter.com\/Nico_Jacquemard"],"url":"https:\/\/dicodusport.fr\/blog\/author\/dicodusport\/"}]}},"_links":{"self":[{"href":"https:\/\/dicodusport.fr\/blog\/wp-json\/wp\/v2\/posts\/269670","targetHints":{"allow":["GET"]}}],"collection":[{"href":"https:\/\/dicodusport.fr\/blog\/wp-json\/wp\/v2\/posts"}],"about":[{"href":"https:\/\/dicodusport.fr\/blog\/wp-json\/wp\/v2\/types\/post"}],"author":[{"embeddable":true,"href":"https:\/\/dicodusport.fr\/blog\/wp-json\/wp\/v2\/users\/1"}],"replies":[{"embeddable":true,"href":"https:\/\/dicodusport.fr\/blog\/wp-json\/wp\/v2\/comments?post=269670"}],"version-history":[{"count":0,"href":"https:\/\/dicodusport.fr\/blog\/wp-json\/wp\/v2\/posts\/269670\/revisions"}],"wp:featuredmedia":[{"embeddable":true,"href":"https:\/\/dicodusport.fr\/blog\/wp-json\/wp\/v2\/media\/269679"}],"wp:attachment":[{"href":"https:\/\/dicodusport.fr\/blog\/wp-json\/wp\/v2\/media?parent=269670"}],"wp:term":[{"taxonomy":"category","embeddable":true,"href":"https:\/\/dicodusport.fr\/blog\/wp-json\/wp\/v2\/categories?post=269670"},{"taxonomy":"post_tag","embeddable":true,"href":"https:\/\/dicodusport.fr\/blog\/wp-json\/wp\/v2\/tags?post=269670"}],"curies":[{"name":"wp","href":"https:\/\/api.w.org\/{rel}","templated":true}]}}