{"id":269754,"date":"2022-10-13T19:25:28","date_gmt":"2022-10-13T17:25:28","guid":{"rendered":"https:\/\/dicodusport.fr\/blog\/?p=269754&#038;preview=true&#038;preview_id=269754"},"modified":"2022-10-13T22:29:27","modified_gmt":"2022-10-13T20:29:27","slug":"nairo-quintana-je-fais-confiance-au-tas-et-au-reglement","status":"publish","type":"post","link":"https:\/\/dicodusport.fr\/blog\/nairo-quintana-je-fais-confiance-au-tas-et-au-reglement\/","title":{"rendered":"Nairo Quintana : \u00ab\u00a0Je fais confiance au TAS et au r\u00e8glement\u00a0\u00bb"},"content":{"rendered":"<p style=\"text-align: justify;\"><b><i>CYCLISME SUR ROUTE 2022 &#8211; <a href=\"https:\/\/dicodusport.fr\/blog\/nairo-quintana-va-quitter-arkea-samsic-fin-2022\/\">R\u00e9cemment d\u00e9barqu\u00e9 d&rsquo;Ark\u00e9a-Samsic<\/a>, Nairo Quintana a \u00e9t\u00e9 entendu par le TAS et sera fix\u00e9 sur son sort dans les prochaines semaines.\u00a0<\/i><\/b><\/p>\n<p style=\"text-align: justify;\">L&rsquo;audience devant le <strong>TAS<\/strong> a eu lieu pour Nairo Quintana. Les avocats du coureur colombien et de l&rsquo;<strong>UCI<\/strong> ont chacun plaid\u00e9 leur cause, et il va falloir maintenant un peu de patience avant d&rsquo;avoir le r\u00e9sultat. Sur les r\u00e9seaux sociaux, <strong>Nairo<\/strong> <strong>Quintana<\/strong> a publi\u00e9 une vid\u00e9o dans laquelle il s&rsquo;explique, confiant.<\/p>\n<blockquote>\n<p style=\"text-align: justify;\">J\u2019ai pr\u00e9sent\u00e9 ma d\u00e9fense devant le TAS. Mes avocats et ceux de l\u2019UCI ont \u00e9t\u00e9 entendus et le TAS va s\u2019exprimer dans les prochaines semaines. Je fais confiance au TAS et au r\u00e8glement pour aller de l&rsquo;avant.<\/p>\n<\/blockquote>\n<p style=\"text-align: justify;\"><strong>Nairo<\/strong> <strong>Quintana<\/strong> joue probablement son avenir dans le cyclisme sur cette affaire, car il aura bien du mal \u00e0 retrouver un contrat <strong>World<\/strong> <strong>Tour<\/strong> si la d\u00e9cision est en sa d\u00e9faveur. Dans le cas contraire, le <strong>Colombien<\/strong> aurait plus de chances de reprendre le cours de sa carri\u00e8re. La date exacte de la d\u00e9cision du <strong>TAS<\/strong> n&rsquo;a pour le moment pas \u00e9t\u00e9 communiqu\u00e9e.<\/p>\n<blockquote class=\"twitter-tweet\">\n<p dir=\"ltr\" lang=\"es\">Comunicado oficial de Nairo <a href=\"https:\/\/twitter.com\/hashtag\/Quintana?src=hash&amp;ref_src=twsrc%5Etfw\">#Quintana<\/a> luego de su audiencia ante el TAS.<\/p>\n<p>&#x1f3a5; <a href=\"https:\/\/twitter.com\/NairoQuinCo?ref_src=twsrc%5Etfw\">@NairoQuinCo<\/a><a href=\"https:\/\/twitter.com\/hashtag\/ESPNCiclismo?src=hash&amp;ref_src=twsrc%5Etfw\">#ESPNCiclismo<\/a> <a href=\"https:\/\/t.co\/BD4OODIE9T\">pic.twitter.com\/BD4OODIE9T<\/a><\/p>\n<p>\u2014 ESPN Ciclismo (@ESPNCiclismo) <a href=\"https:\/\/twitter.com\/ESPNCiclismo\/status\/1580288574330576897?ref_src=twsrc%5Etfw\">October 12, 2022<\/a><\/p><\/blockquote>\n<p style=\"text-align: justify;\"><script async src=\"https:\/\/platform.twitter.com\/widgets.js\" charset=\"utf-8\"><\/script><\/p>\n","protected":false},"excerpt":{"rendered":"<p>CYCLISME SUR ROUTE 2022 &#8211; Nairo\u00a0Quintana a \u00e9t\u00e9 entendu par le TAS et sera fix\u00e9 sur son sort dans les prochaines semaines.\u00a0<\/p>\n","protected":false},"author":1,"featured_media":252299,"comment_status":"open","ping_status":"closed","sticky":false,"template":"","format":"standard","meta":{"_acf_changed":false,"_daextam_enable_autolinks":"","footnotes":""},"categories":[46994],"tags":[5377,9451],"class_list":["post-269754","post","type-post","status-publish","format-standard","has-post-thumbnail","hentry","category-cyclisme-sur-route","tag-nairo-quintana","tag-quintana"],"acf":[],"yoast_head":"<!-- This site is optimized with the Yoast SEO Premium plugin v26.7 (Yoast SEO v26.7) - https:\/\/yoast.com\/wordpress\/plugins\/seo\/ -->\n<title>Nairo Quintana : &quot;Je fais confiance au TAS et au r\u00e8glement&quot;<\/title>\n<meta name=\"description\" content=\"CYCLISME SUR ROUTE 2022 - Nairo\u00a0Quintana a \u00e9t\u00e9 entendu par le TAS et sera fix\u00e9 sur son sort dans les prochaines semaines.\u00a0\" \/>\n<meta name=\"robots\" content=\"index, follow, max-snippet:-1, max-image-preview:large, max-video-preview:-1\" \/>\n<link rel=\"canonical\" href=\"https:\/\/dicodusport.fr\/blog\/nairo-quintana-je-fais-confiance-au-tas-et-au-reglement\/\" \/>\n<meta property=\"og:locale\" content=\"fr_FR\" \/>\n<meta property=\"og:type\" content=\"article\" \/>\n<meta property=\"og:title\" content=\"Nairo Quintana : &quot;Je fais confiance au TAS et au r\u00e8glement&quot;\" \/>\n<meta property=\"og:description\" content=\"CYCLISME SUR ROUTE 2022 - Nairo\u00a0Quintana a \u00e9t\u00e9 entendu par le TAS et sera fix\u00e9 sur son sort dans les prochaines semaines.\u00a0\" \/>\n<meta property=\"og:url\" content=\"https:\/\/dicodusport.fr\/blog\/nairo-quintana-je-fais-confiance-au-tas-et-au-reglement\/\" \/>\n<meta property=\"og:site_name\" content=\"Dicodusport\" \/>\n<meta property=\"article:publisher\" content=\"https:\/\/www.facebook.com\/dicodusport\" \/>\n<meta property=\"article:author\" content=\"https:\/\/www.facebook.com\/dicodusport\" \/>\n<meta property=\"article:published_time\" content=\"2022-10-13T17:25:28+00:00\" \/>\n<meta property=\"article:modified_time\" content=\"2022-10-13T20:29:27+00:00\" \/>\n<meta property=\"og:image\" content=\"https:\/\/dicodusport.fr\/blog\/wp-content\/uploads\/2022\/08\/Mercato-Un-nouveau-contrat-longue-dure\u0301e-pour-Nairo-Quintana.png\" \/>\n\t<meta property=\"og:image:width\" content=\"800\" \/>\n\t<meta property=\"og:image:height\" content=\"445\" \/>\n\t<meta property=\"og:image:type\" content=\"image\/png\" \/>\n<meta name=\"author\" content=\"Nicolas Jacquemard\" \/>\n<meta name=\"twitter:card\" content=\"summary_large_image\" \/>\n<meta name=\"twitter:title\" content=\"Nairo Quintana : &quot;Je fais confiance au TAS et au r\u00e8glement&quot;\" \/>\n<meta name=\"twitter:creator\" content=\"@https:\/\/twitter.com\/Nico_Jacquemard\" \/>\n<meta name=\"twitter:site\" content=\"@dicodusport\" \/>\n<script type=\"application\/ld+json\" class=\"yoast-schema-graph\">{\"@context\":\"https:\/\/schema.org\",\"@graph\":[{\"@type\":\"NewsArticle\",\"@id\":\"https:\/\/dicodusport.fr\/blog\/nairo-quintana-je-fais-confiance-au-tas-et-au-reglement\/#article\",\"isPartOf\":{\"@id\":\"https:\/\/dicodusport.fr\/blog\/nairo-quintana-je-fais-confiance-au-tas-et-au-reglement\/\"},\"author\":{\"name\":\"Nicolas Jacquemard\",\"@id\":\"https:\/\/dicodusport.fr\/blog\/#\/schema\/person\/55dcb50ad410894e431ed812bbb70191\"},\"headline\":\"Nairo Quintana : \u00ab\u00a0Je fais confiance au TAS et au r\u00e8glement\u00a0\u00bb\",\"datePublished\":\"2022-10-13T17:25:28+00:00\",\"dateModified\":\"2022-10-13T20:29:27+00:00\",\"mainEntityOfPage\":{\"@id\":\"https:\/\/dicodusport.fr\/blog\/nairo-quintana-je-fais-confiance-au-tas-et-au-reglement\/\"},\"wordCount\":237,\"commentCount\":0,\"publisher\":{\"@id\":\"https:\/\/dicodusport.fr\/blog\/#organization\"},\"image\":{\"@id\":\"https:\/\/dicodusport.fr\/blog\/nairo-quintana-je-fais-confiance-au-tas-et-au-reglement\/#primaryimage\"},\"thumbnailUrl\":\"https:\/\/dicodusport.fr\/blog\/wp-content\/uploads\/2022\/08\/Mercato-Un-nouveau-contrat-longue-dure\u0301e-pour-Nairo-Quintana.png\",\"keywords\":[\"Nairo Quintana\",\"Quintana\"],\"articleSection\":[\"Cyclisme sur route\"],\"inLanguage\":\"fr-FR\",\"potentialAction\":[{\"@type\":\"CommentAction\",\"name\":\"Comment\",\"target\":[\"https:\/\/dicodusport.fr\/blog\/nairo-quintana-je-fais-confiance-au-tas-et-au-reglement\/#respond\"]}],\"copyrightYear\":\"2022\",\"copyrightHolder\":{\"@id\":\"https:\/\/dicodusport.fr\/blog\/#organization\"}},{\"@type\":\"WebPage\",\"@id\":\"https:\/\/dicodusport.fr\/blog\/nairo-quintana-je-fais-confiance-au-tas-et-au-reglement\/\",\"url\":\"https:\/\/dicodusport.fr\/blog\/nairo-quintana-je-fais-confiance-au-tas-et-au-reglement\/\",\"name\":\"Nairo Quintana : \\\"Je fais confiance au TAS et au r\u00e8glement\\\"\",\"isPartOf\":{\"@id\":\"https:\/\/dicodusport.fr\/blog\/#website\"},\"primaryImageOfPage\":{\"@id\":\"https:\/\/dicodusport.fr\/blog\/nairo-quintana-je-fais-confiance-au-tas-et-au-reglement\/#primaryimage\"},\"image\":{\"@id\":\"https:\/\/dicodusport.fr\/blog\/nairo-quintana-je-fais-confiance-au-tas-et-au-reglement\/#primaryimage\"},\"thumbnailUrl\":\"https:\/\/dicodusport.fr\/blog\/wp-content\/uploads\/2022\/08\/Mercato-Un-nouveau-contrat-longue-dure\u0301e-pour-Nairo-Quintana.png\",\"datePublished\":\"2022-10-13T17:25:28+00:00\",\"dateModified\":\"2022-10-13T20:29:27+00:00\",\"description\":\"CYCLISME SUR ROUTE 2022 - Nairo\u00a0Quintana a \u00e9t\u00e9 entendu par le TAS et sera fix\u00e9 sur son sort dans les prochaines semaines.\u00a0\",\"breadcrumb\":{\"@id\":\"https:\/\/dicodusport.fr\/blog\/nairo-quintana-je-fais-confiance-au-tas-et-au-reglement\/#breadcrumb\"},\"inLanguage\":\"fr-FR\",\"potentialAction\":[{\"@type\":\"ReadAction\",\"target\":[\"https:\/\/dicodusport.fr\/blog\/nairo-quintana-je-fais-confiance-au-tas-et-au-reglement\/\"]}]},{\"@type\":\"ImageObject\",\"inLanguage\":\"fr-FR\",\"@id\":\"https:\/\/dicodusport.fr\/blog\/nairo-quintana-je-fais-confiance-au-tas-et-au-reglement\/#primaryimage\",\"url\":\"https:\/\/dicodusport.fr\/blog\/wp-content\/uploads\/2022\/08\/Mercato-Un-nouveau-contrat-longue-dure\u0301e-pour-Nairo-Quintana.png\",\"contentUrl\":\"https:\/\/dicodusport.fr\/blog\/wp-content\/uploads\/2022\/08\/Mercato-Un-nouveau-contrat-longue-dure\u0301e-pour-Nairo-Quintana.png\",\"width\":800,\"height\":445},{\"@type\":\"BreadcrumbList\",\"@id\":\"https:\/\/dicodusport.fr\/blog\/nairo-quintana-je-fais-confiance-au-tas-et-au-reglement\/#breadcrumb\",\"itemListElement\":[{\"@type\":\"ListItem\",\"position\":1,\"name\":\"Accueil\",\"item\":\"https:\/\/dicodusport.fr\/blog\/\"},{\"@type\":\"ListItem\",\"position\":2,\"name\":\"Nairo Quintana : \u00ab\u00a0Je fais confiance au TAS et au r\u00e8glement\u00a0\u00bb\"}]},{\"@type\":\"WebSite\",\"@id\":\"https:\/\/dicodusport.fr\/blog\/#website\",\"url\":\"https:\/\/dicodusport.fr\/blog\/\",\"name\":\"Dicodusport\",\"description\":\"L&#039;encyclop\u00e9die de l&#039;actualit\u00e9 sportive\",\"publisher\":{\"@id\":\"https:\/\/dicodusport.fr\/blog\/#organization\"},\"potentialAction\":[{\"@type\":\"SearchAction\",\"target\":{\"@type\":\"EntryPoint\",\"urlTemplate\":\"https:\/\/dicodusport.fr\/blog\/?s={search_term_string}\"},\"query-input\":{\"@type\":\"PropertyValueSpecification\",\"valueRequired\":true,\"valueName\":\"search_term_string\"}}],\"inLanguage\":\"fr-FR\"},{\"@type\":\"NewsMediaOrganization\",\"@id\":\"https:\/\/dicodusport.fr\/blog\/#organization\",\"name\":\"Dicodusport\",\"url\":\"https:\/\/dicodusport.fr\/blog\/\",\"logo\":{\"@type\":\"ImageObject\",\"inLanguage\":\"fr-FR\",\"@id\":\"https:\/\/dicodusport.fr\/blog\/#\/schema\/logo\/image\/\",\"url\":\"https:\/\/dicodusport.fr\/blog\/wp-content\/uploads\/2020\/06\/cropped-LOGO-DICODUSPORT-2020-SANS-FOND-SANS-TEXTE.png\",\"contentUrl\":\"https:\/\/dicodusport.fr\/blog\/wp-content\/uploads\/2020\/06\/cropped-LOGO-DICODUSPORT-2020-SANS-FOND-SANS-TEXTE.png\",\"width\":512,\"height\":512,\"caption\":\"Dicodusport\"},\"image\":{\"@id\":\"https:\/\/dicodusport.fr\/blog\/#\/schema\/logo\/image\/\"},\"sameAs\":[\"https:\/\/www.facebook.com\/dicodusport\",\"https:\/\/x.com\/dicodusport\",\"https:\/\/www.instagram.com\/dicodusport\/\",\"https:\/\/www.youtube.com\/channel\/UC7V2KZ5sd3htJivAbA4ZG3w\"],\"description\":\"Dicodusport est l'encyclop\u00e9die de l'actualit\u00e9 sportive.\",\"email\":\"bonjour@dicodusport.fr\",\"legalName\":\"DICODUSPORT\",\"foundingDate\":\"2018-01-14\",\"vatID\":\"FR71834470973\",\"taxID\":\"83447097300043\",\"numberOfEmployees\":{\"@type\":\"QuantitativeValue\",\"minValue\":\"1\",\"maxValue\":\"10\"}},{\"@type\":\"Person\",\"@id\":\"https:\/\/dicodusport.fr\/blog\/#\/schema\/person\/55dcb50ad410894e431ed812bbb70191\",\"name\":\"Nicolas Jacquemard\",\"image\":{\"@type\":\"ImageObject\",\"inLanguage\":\"fr-FR\",\"@id\":\"https:\/\/dicodusport.fr\/blog\/#\/schema\/person\/image\/\",\"url\":\"https:\/\/dicodusport.fr\/blog\/wp-content\/uploads\/2021\/05\/Nicolas-Jacquemard-150x150.jpeg\",\"contentUrl\":\"https:\/\/dicodusport.fr\/blog\/wp-content\/uploads\/2021\/05\/Nicolas-Jacquemard-150x150.jpeg\",\"caption\":\"Nicolas Jacquemard\"},\"description\":\"Passionn\u00e9 de sport et entrepreneur depuis mes 18 ans, la cr\u00e9ation de Dicodusport m'a sembl\u00e9 \u00e9vidente pour participer \u00e0 la m\u00e9diatisation d'un plus grand nombre de sports. Le chemin est long mais avec une \u00e9quipe des plus motiv\u00e9es et les Jeux Olympiques de Paris 2024 en point de mire, nous y arriverons ! Journaliste dans le monde du sport depuis plus de 5 ans, je traite aussi bien de football, de rugby, de biathlon que de cyclisme.\",\"sameAs\":[\"https:\/\/www.facebook.com\/dicodusport\",\"https:\/\/x.com\/https:\/\/twitter.com\/Nico_Jacquemard\"],\"url\":\"https:\/\/dicodusport.fr\/blog\/author\/dicodusport\/\"}]}<\/script>\n<!-- \/ Yoast SEO Premium plugin. -->","yoast_head_json":{"title":"Nairo Quintana : \"Je fais confiance au TAS et au r\u00e8glement\"","description":"CYCLISME SUR ROUTE 2022 - Nairo\u00a0Quintana a \u00e9t\u00e9 entendu par le TAS et sera fix\u00e9 sur son sort dans les prochaines semaines.\u00a0","robots":{"index":"index","follow":"follow","max-snippet":"max-snippet:-1","max-image-preview":"max-image-preview:large","max-video-preview":"max-video-preview:-1"},"canonical":"https:\/\/dicodusport.fr\/blog\/nairo-quintana-je-fais-confiance-au-tas-et-au-reglement\/","og_locale":"fr_FR","og_type":"article","og_title":"Nairo Quintana : \"Je fais confiance au TAS et au r\u00e8glement\"","og_description":"CYCLISME SUR ROUTE 2022 - Nairo\u00a0Quintana a \u00e9t\u00e9 entendu par le TAS et sera fix\u00e9 sur son sort dans les prochaines semaines.\u00a0","og_url":"https:\/\/dicodusport.fr\/blog\/nairo-quintana-je-fais-confiance-au-tas-et-au-reglement\/","og_site_name":"Dicodusport","article_publisher":"https:\/\/www.facebook.com\/dicodusport","article_author":"https:\/\/www.facebook.com\/dicodusport","article_published_time":"2022-10-13T17:25:28+00:00","article_modified_time":"2022-10-13T20:29:27+00:00","og_image":[{"width":800,"height":445,"url":"https:\/\/dicodusport.fr\/blog\/wp-content\/uploads\/2022\/08\/Mercato-Un-nouveau-contrat-longue-dure\u0301e-pour-Nairo-Quintana.png","type":"image\/png"}],"author":"Nicolas Jacquemard","twitter_card":"summary_large_image","twitter_title":"Nairo Quintana : \"Je fais confiance au TAS et au r\u00e8glement\"","twitter_creator":"@https:\/\/twitter.com\/Nico_Jacquemard","twitter_site":"@dicodusport","schema":{"@context":"https:\/\/schema.org","@graph":[{"@type":"NewsArticle","@id":"https:\/\/dicodusport.fr\/blog\/nairo-quintana-je-fais-confiance-au-tas-et-au-reglement\/#article","isPartOf":{"@id":"https:\/\/dicodusport.fr\/blog\/nairo-quintana-je-fais-confiance-au-tas-et-au-reglement\/"},"author":{"name":"Nicolas Jacquemard","@id":"https:\/\/dicodusport.fr\/blog\/#\/schema\/person\/55dcb50ad410894e431ed812bbb70191"},"headline":"Nairo Quintana : \u00ab\u00a0Je fais confiance au TAS et au r\u00e8glement\u00a0\u00bb","datePublished":"2022-10-13T17:25:28+00:00","dateModified":"2022-10-13T20:29:27+00:00","mainEntityOfPage":{"@id":"https:\/\/dicodusport.fr\/blog\/nairo-quintana-je-fais-confiance-au-tas-et-au-reglement\/"},"wordCount":237,"commentCount":0,"publisher":{"@id":"https:\/\/dicodusport.fr\/blog\/#organization"},"image":{"@id":"https:\/\/dicodusport.fr\/blog\/nairo-quintana-je-fais-confiance-au-tas-et-au-reglement\/#primaryimage"},"thumbnailUrl":"https:\/\/dicodusport.fr\/blog\/wp-content\/uploads\/2022\/08\/Mercato-Un-nouveau-contrat-longue-dure\u0301e-pour-Nairo-Quintana.png","keywords":["Nairo Quintana","Quintana"],"articleSection":["Cyclisme sur route"],"inLanguage":"fr-FR","potentialAction":[{"@type":"CommentAction","name":"Comment","target":["https:\/\/dicodusport.fr\/blog\/nairo-quintana-je-fais-confiance-au-tas-et-au-reglement\/#respond"]}],"copyrightYear":"2022","copyrightHolder":{"@id":"https:\/\/dicodusport.fr\/blog\/#organization"}},{"@type":"WebPage","@id":"https:\/\/dicodusport.fr\/blog\/nairo-quintana-je-fais-confiance-au-tas-et-au-reglement\/","url":"https:\/\/dicodusport.fr\/blog\/nairo-quintana-je-fais-confiance-au-tas-et-au-reglement\/","name":"Nairo Quintana : \"Je fais confiance au TAS et au r\u00e8glement\"","isPartOf":{"@id":"https:\/\/dicodusport.fr\/blog\/#website"},"primaryImageOfPage":{"@id":"https:\/\/dicodusport.fr\/blog\/nairo-quintana-je-fais-confiance-au-tas-et-au-reglement\/#primaryimage"},"image":{"@id":"https:\/\/dicodusport.fr\/blog\/nairo-quintana-je-fais-confiance-au-tas-et-au-reglement\/#primaryimage"},"thumbnailUrl":"https:\/\/dicodusport.fr\/blog\/wp-content\/uploads\/2022\/08\/Mercato-Un-nouveau-contrat-longue-dure\u0301e-pour-Nairo-Quintana.png","datePublished":"2022-10-13T17:25:28+00:00","dateModified":"2022-10-13T20:29:27+00:00","description":"CYCLISME SUR ROUTE 2022 - Nairo\u00a0Quintana a \u00e9t\u00e9 entendu par le TAS et sera fix\u00e9 sur son sort dans les prochaines semaines.\u00a0","breadcrumb":{"@id":"https:\/\/dicodusport.fr\/blog\/nairo-quintana-je-fais-confiance-au-tas-et-au-reglement\/#breadcrumb"},"inLanguage":"fr-FR","potentialAction":[{"@type":"ReadAction","target":["https:\/\/dicodusport.fr\/blog\/nairo-quintana-je-fais-confiance-au-tas-et-au-reglement\/"]}]},{"@type":"ImageObject","inLanguage":"fr-FR","@id":"https:\/\/dicodusport.fr\/blog\/nairo-quintana-je-fais-confiance-au-tas-et-au-reglement\/#primaryimage","url":"https:\/\/dicodusport.fr\/blog\/wp-content\/uploads\/2022\/08\/Mercato-Un-nouveau-contrat-longue-dure\u0301e-pour-Nairo-Quintana.png","contentUrl":"https:\/\/dicodusport.fr\/blog\/wp-content\/uploads\/2022\/08\/Mercato-Un-nouveau-contrat-longue-dure\u0301e-pour-Nairo-Quintana.png","width":800,"height":445},{"@type":"BreadcrumbList","@id":"https:\/\/dicodusport.fr\/blog\/nairo-quintana-je-fais-confiance-au-tas-et-au-reglement\/#breadcrumb","itemListElement":[{"@type":"ListItem","position":1,"name":"Accueil","item":"https:\/\/dicodusport.fr\/blog\/"},{"@type":"ListItem","position":2,"name":"Nairo Quintana : \u00ab\u00a0Je fais confiance au TAS et au r\u00e8glement\u00a0\u00bb"}]},{"@type":"WebSite","@id":"https:\/\/dicodusport.fr\/blog\/#website","url":"https:\/\/dicodusport.fr\/blog\/","name":"Dicodusport","description":"L&#039;encyclop\u00e9die de l&#039;actualit\u00e9 sportive","publisher":{"@id":"https:\/\/dicodusport.fr\/blog\/#organization"},"potentialAction":[{"@type":"SearchAction","target":{"@type":"EntryPoint","urlTemplate":"https:\/\/dicodusport.fr\/blog\/?s={search_term_string}"},"query-input":{"@type":"PropertyValueSpecification","valueRequired":true,"valueName":"search_term_string"}}],"inLanguage":"fr-FR"},{"@type":"NewsMediaOrganization","@id":"https:\/\/dicodusport.fr\/blog\/#organization","name":"Dicodusport","url":"https:\/\/dicodusport.fr\/blog\/","logo":{"@type":"ImageObject","inLanguage":"fr-FR","@id":"https:\/\/dicodusport.fr\/blog\/#\/schema\/logo\/image\/","url":"https:\/\/dicodusport.fr\/blog\/wp-content\/uploads\/2020\/06\/cropped-LOGO-DICODUSPORT-2020-SANS-FOND-SANS-TEXTE.png","contentUrl":"https:\/\/dicodusport.fr\/blog\/wp-content\/uploads\/2020\/06\/cropped-LOGO-DICODUSPORT-2020-SANS-FOND-SANS-TEXTE.png","width":512,"height":512,"caption":"Dicodusport"},"image":{"@id":"https:\/\/dicodusport.fr\/blog\/#\/schema\/logo\/image\/"},"sameAs":["https:\/\/www.facebook.com\/dicodusport","https:\/\/x.com\/dicodusport","https:\/\/www.instagram.com\/dicodusport\/","https:\/\/www.youtube.com\/channel\/UC7V2KZ5sd3htJivAbA4ZG3w"],"description":"Dicodusport est l'encyclop\u00e9die de l'actualit\u00e9 sportive.","email":"bonjour@dicodusport.fr","legalName":"DICODUSPORT","foundingDate":"2018-01-14","vatID":"FR71834470973","taxID":"83447097300043","numberOfEmployees":{"@type":"QuantitativeValue","minValue":"1","maxValue":"10"}},{"@type":"Person","@id":"https:\/\/dicodusport.fr\/blog\/#\/schema\/person\/55dcb50ad410894e431ed812bbb70191","name":"Nicolas Jacquemard","image":{"@type":"ImageObject","inLanguage":"fr-FR","@id":"https:\/\/dicodusport.fr\/blog\/#\/schema\/person\/image\/","url":"https:\/\/dicodusport.fr\/blog\/wp-content\/uploads\/2021\/05\/Nicolas-Jacquemard-150x150.jpeg","contentUrl":"https:\/\/dicodusport.fr\/blog\/wp-content\/uploads\/2021\/05\/Nicolas-Jacquemard-150x150.jpeg","caption":"Nicolas Jacquemard"},"description":"Passionn\u00e9 de sport et entrepreneur depuis mes 18 ans, la cr\u00e9ation de Dicodusport m'a sembl\u00e9 \u00e9vidente pour participer \u00e0 la m\u00e9diatisation d'un plus grand nombre de sports. Le chemin est long mais avec une \u00e9quipe des plus motiv\u00e9es et les Jeux Olympiques de Paris 2024 en point de mire, nous y arriverons ! Journaliste dans le monde du sport depuis plus de 5 ans, je traite aussi bien de football, de rugby, de biathlon que de cyclisme.","sameAs":["https:\/\/www.facebook.com\/dicodusport","https:\/\/x.com\/https:\/\/twitter.com\/Nico_Jacquemard"],"url":"https:\/\/dicodusport.fr\/blog\/author\/dicodusport\/"}]}},"_links":{"self":[{"href":"https:\/\/dicodusport.fr\/blog\/wp-json\/wp\/v2\/posts\/269754","targetHints":{"allow":["GET"]}}],"collection":[{"href":"https:\/\/dicodusport.fr\/blog\/wp-json\/wp\/v2\/posts"}],"about":[{"href":"https:\/\/dicodusport.fr\/blog\/wp-json\/wp\/v2\/types\/post"}],"author":[{"embeddable":true,"href":"https:\/\/dicodusport.fr\/blog\/wp-json\/wp\/v2\/users\/1"}],"replies":[{"embeddable":true,"href":"https:\/\/dicodusport.fr\/blog\/wp-json\/wp\/v2\/comments?post=269754"}],"version-history":[{"count":0,"href":"https:\/\/dicodusport.fr\/blog\/wp-json\/wp\/v2\/posts\/269754\/revisions"}],"wp:featuredmedia":[{"embeddable":true,"href":"https:\/\/dicodusport.fr\/blog\/wp-json\/wp\/v2\/media\/252299"}],"wp:attachment":[{"href":"https:\/\/dicodusport.fr\/blog\/wp-json\/wp\/v2\/media?parent=269754"}],"wp:term":[{"taxonomy":"category","embeddable":true,"href":"https:\/\/dicodusport.fr\/blog\/wp-json\/wp\/v2\/categories?post=269754"},{"taxonomy":"post_tag","embeddable":true,"href":"https:\/\/dicodusport.fr\/blog\/wp-json\/wp\/v2\/tags?post=269754"}],"curies":[{"name":"wp","href":"https:\/\/api.w.org\/{rel}","templated":true}]}}