{"id":269989,"date":"2022-10-14T16:29:32","date_gmt":"2022-10-14T14:29:32","guid":{"rendered":"https:\/\/dicodusport.fr\/blog\/?p=269989&#038;preview=true&#038;preview_id=269989"},"modified":"2022-10-14T21:26:39","modified_gmt":"2022-10-14T19:26:39","slug":"christophe-galtier-vous-ne-me-parlez-jamais-de-foot","status":"publish","type":"post","link":"https:\/\/dicodusport.fr\/blog\/christophe-galtier-vous-ne-me-parlez-jamais-de-foot\/","title":{"rendered":"Christophe Galtier : \u00ab\u00a0Vous ne me parlez jamais de foot !\u00a0\u00bb"},"content":{"rendered":"<p style=\"text-align: justify;\"><b><i>LIGUE 1 2022-2023 &#8211; En conf\u00e9rence de presse avant le Classico, Christophe Galtier a pouss\u00e9 un gros coup de gueule.\u00a0<\/i><\/b><\/p>\n<p style=\"text-align: justify;\">Encore interrog\u00e9 sur les affaires extra-sportives et notamment celle qui touche <strong>Kylian<\/strong> <strong>Mbapp\u00e9<\/strong>, l&rsquo;entra\u00eeneur du <strong>PSG<\/strong> a pouss\u00e9 un coup de gueule tout en ma\u00eetrise en conf\u00e9rence de presse. <strong>Christophe<\/strong> <strong>Galtier<\/strong> a notamment expliqu\u00e9 :<\/p>\n<blockquote>\n<p style=\"text-align: justify;\">Il faut avoir de la ma\u00eetrise, de l&rsquo;exp\u00e9rience, un certain \u00e2ge, pour g\u00e9rer au mieux tout \u00e7a. Ce que j&rsquo;ai envie de vous dire, en fait, c&rsquo;est que vous ne parlez jamais de football. Je suis ici entra\u00eeneur du PSG, j&rsquo;ai \u00e9t\u00e9 tr\u00e8s heureux d&rsquo;\u00eatre nomm\u00e9 entra\u00eeneur du PSG. Finalement, match apr\u00e8s match, conf\u00e9rence apr\u00e8s conf\u00e9rence, on doit parler une minute trente de foot. On n&rsquo;est que sur l&rsquo;extra-foot, quoi que je puisse vous dire,\u00a0vous ne me croyez pas, puisque vous \u00e9crivez le contraire.<\/p>\n<\/blockquote>\n<p style=\"text-align: justify;\">Au moment de parler de football, le coach du <strong>PSG<\/strong> a expliqu\u00e9 qu&rsquo;il envisageait de changer de syst\u00e8me face \u00e0 l&rsquo;<strong>OM<\/strong> \u00e0 cause des absences de <strong>Sergio<\/strong> <strong>Ramos<\/strong> et <strong>Presnel<\/strong> <strong>Kimpembe<\/strong> en d\u00e9fense centrale. Il a ajout\u00e9 que <strong>Lionel<\/strong> <strong>Messi<\/strong> serait op\u00e9rationnel pour le choc.<\/p>\n<blockquote class=\"twitter-tweet\">\n<p dir=\"ltr\" lang=\"fr\">&#x1f5e3; Le gros coup de gueule de Galtier.<\/p>\n<p>\u00ab\u00a0Vous ne me parlez jamais de foot ! (&#8230;) J&rsquo;ai plein de d\u00e9fauts, mais je suis tr\u00e8s honn\u00eate. Je ne mens pas. Quand je dis, c&rsquo;est que c&rsquo;est vrai. Et quand je vous dis des choses, on part sur autre chose dans la presse&#8230; Parlons football !\u00a0\u00bb <a href=\"https:\/\/t.co\/eW3zN7sJeY\">pic.twitter.com\/eW3zN7sJeY<\/a><\/p>\n<p>\u2014 RMC Sport (@RMCsport) <a href=\"https:\/\/twitter.com\/RMCsport\/status\/1580886402216099841?ref_src=twsrc%5Etfw\">October 14, 2022<\/a><\/p><\/blockquote>\n<p style=\"text-align: justify;\"><script async src=\"https:\/\/platform.twitter.com\/widgets.js\" charset=\"utf-8\"><\/script><\/p>\n<h2 style=\"text-align: justify;\">\u00c0 lire aussi<\/h2>\n<ul>\n<li style=\"text-align: justify;\"><a href=\"https:\/\/dicodusport.fr\/blog\/classico-paris-marseille-a-quelle-heure-et-sur-quelle-chaine\/\" target=\"_blank\" rel=\"noopener\"><strong>Classico Paris \u2013 Marseille : \u00c0 quelle heure et sur quelle cha\u00eene<\/strong><\/a><\/li>\n<\/ul>\n","protected":false},"excerpt":{"rendered":"<p>LIGUE 1 2022-2023 &#8211; En conf\u00e9rence de presse avant le Classico, Christophe Galtier a pouss\u00e9 un gros coup de gueule.\u00a0<\/p>\n","protected":false},"author":1,"featured_media":269992,"comment_status":"open","ping_status":"closed","sticky":false,"template":"","format":"standard","meta":{"_acf_changed":false,"_daextam_enable_autolinks":"","footnotes":""},"categories":[2301,47045],"tags":[4147,75,24314,910],"class_list":["post-269989","post","type-post","status-publish","format-standard","has-post-thumbnail","hentry","category-football","category-ligue-1","tag-christophe-galtier","tag-football","tag-galtier","tag-psg"],"acf":[],"yoast_head":"<!-- This site is optimized with the Yoast SEO Premium plugin v26.7 (Yoast SEO v26.7) - https:\/\/yoast.com\/wordpress\/plugins\/seo\/ -->\n<title>Christophe Galtier : &quot;Vous ne me parlez jamais de foot !&quot;<\/title>\n<meta name=\"description\" content=\"LIGUE 1 2022-2023 - En conf\u00e9rence de presse avant le Classico, Christophe Galtier a pouss\u00e9 un gros coup de gueule.\u00a0\" \/>\n<meta name=\"robots\" content=\"index, follow, max-snippet:-1, max-image-preview:large, max-video-preview:-1\" \/>\n<link rel=\"canonical\" href=\"https:\/\/dicodusport.fr\/blog\/christophe-galtier-vous-ne-me-parlez-jamais-de-foot\/\" \/>\n<meta property=\"og:locale\" content=\"fr_FR\" \/>\n<meta property=\"og:type\" content=\"article\" \/>\n<meta property=\"og:title\" content=\"Christophe Galtier : &quot;Vous ne me parlez jamais de foot !&quot;\" \/>\n<meta property=\"og:description\" content=\"LIGUE 1 2022-2023 - En conf\u00e9rence de presse avant le Classico, Christophe Galtier a pouss\u00e9 un gros coup de gueule.\u00a0\" \/>\n<meta property=\"og:url\" content=\"https:\/\/dicodusport.fr\/blog\/christophe-galtier-vous-ne-me-parlez-jamais-de-foot\/\" \/>\n<meta property=\"og:site_name\" content=\"Dicodusport\" \/>\n<meta property=\"article:publisher\" content=\"https:\/\/www.facebook.com\/dicodusport\" \/>\n<meta property=\"article:author\" content=\"https:\/\/www.facebook.com\/dicodusport\" \/>\n<meta property=\"article:published_time\" content=\"2022-10-14T14:29:32+00:00\" \/>\n<meta property=\"article:modified_time\" content=\"2022-10-14T19:26:39+00:00\" \/>\n<meta property=\"og:image\" content=\"https:\/\/dicodusport.fr\/blog\/wp-content\/uploads\/2022\/10\/Christophe-Galtier-Vous-ne-me-parlez-jamais-de-foot-.png\" \/>\n\t<meta property=\"og:image:width\" content=\"800\" \/>\n\t<meta property=\"og:image:height\" content=\"445\" \/>\n\t<meta property=\"og:image:type\" content=\"image\/png\" \/>\n<meta name=\"author\" content=\"Nicolas Jacquemard\" \/>\n<meta name=\"twitter:card\" content=\"summary_large_image\" \/>\n<meta name=\"twitter:title\" content=\"Christophe Galtier : &quot;Vous ne me parlez jamais de foot !&quot;\" \/>\n<meta name=\"twitter:creator\" content=\"@https:\/\/twitter.com\/Nico_Jacquemard\" \/>\n<meta name=\"twitter:site\" content=\"@dicodusport\" \/>\n<script type=\"application\/ld+json\" class=\"yoast-schema-graph\">{\"@context\":\"https:\/\/schema.org\",\"@graph\":[{\"@type\":\"NewsArticle\",\"@id\":\"https:\/\/dicodusport.fr\/blog\/christophe-galtier-vous-ne-me-parlez-jamais-de-foot\/#article\",\"isPartOf\":{\"@id\":\"https:\/\/dicodusport.fr\/blog\/christophe-galtier-vous-ne-me-parlez-jamais-de-foot\/\"},\"author\":{\"name\":\"Nicolas Jacquemard\",\"@id\":\"https:\/\/dicodusport.fr\/blog\/#\/schema\/person\/55dcb50ad410894e431ed812bbb70191\"},\"headline\":\"Christophe Galtier : \u00ab\u00a0Vous ne me parlez jamais de foot !\u00a0\u00bb\",\"datePublished\":\"2022-10-14T14:29:32+00:00\",\"dateModified\":\"2022-10-14T19:26:39+00:00\",\"mainEntityOfPage\":{\"@id\":\"https:\/\/dicodusport.fr\/blog\/christophe-galtier-vous-ne-me-parlez-jamais-de-foot\/\"},\"wordCount\":299,\"commentCount\":0,\"publisher\":{\"@id\":\"https:\/\/dicodusport.fr\/blog\/#organization\"},\"image\":{\"@id\":\"https:\/\/dicodusport.fr\/blog\/christophe-galtier-vous-ne-me-parlez-jamais-de-foot\/#primaryimage\"},\"thumbnailUrl\":\"https:\/\/dicodusport.fr\/blog\/wp-content\/uploads\/2022\/10\/Christophe-Galtier-Vous-ne-me-parlez-jamais-de-foot-.png\",\"keywords\":[\"Christophe Galtier\",\"Football\",\"Galtier\",\"PSG\"],\"articleSection\":[\"Football\",\"Ligue 1\"],\"inLanguage\":\"fr-FR\",\"potentialAction\":[{\"@type\":\"CommentAction\",\"name\":\"Comment\",\"target\":[\"https:\/\/dicodusport.fr\/blog\/christophe-galtier-vous-ne-me-parlez-jamais-de-foot\/#respond\"]}],\"copyrightYear\":\"2022\",\"copyrightHolder\":{\"@id\":\"https:\/\/dicodusport.fr\/blog\/#organization\"}},{\"@type\":\"WebPage\",\"@id\":\"https:\/\/dicodusport.fr\/blog\/christophe-galtier-vous-ne-me-parlez-jamais-de-foot\/\",\"url\":\"https:\/\/dicodusport.fr\/blog\/christophe-galtier-vous-ne-me-parlez-jamais-de-foot\/\",\"name\":\"Christophe Galtier : \\\"Vous ne me parlez jamais de foot !\\\"\",\"isPartOf\":{\"@id\":\"https:\/\/dicodusport.fr\/blog\/#website\"},\"primaryImageOfPage\":{\"@id\":\"https:\/\/dicodusport.fr\/blog\/christophe-galtier-vous-ne-me-parlez-jamais-de-foot\/#primaryimage\"},\"image\":{\"@id\":\"https:\/\/dicodusport.fr\/blog\/christophe-galtier-vous-ne-me-parlez-jamais-de-foot\/#primaryimage\"},\"thumbnailUrl\":\"https:\/\/dicodusport.fr\/blog\/wp-content\/uploads\/2022\/10\/Christophe-Galtier-Vous-ne-me-parlez-jamais-de-foot-.png\",\"datePublished\":\"2022-10-14T14:29:32+00:00\",\"dateModified\":\"2022-10-14T19:26:39+00:00\",\"description\":\"LIGUE 1 2022-2023 - En conf\u00e9rence de presse avant le Classico, Christophe Galtier a pouss\u00e9 un gros coup de gueule.\u00a0\",\"breadcrumb\":{\"@id\":\"https:\/\/dicodusport.fr\/blog\/christophe-galtier-vous-ne-me-parlez-jamais-de-foot\/#breadcrumb\"},\"inLanguage\":\"fr-FR\",\"potentialAction\":[{\"@type\":\"ReadAction\",\"target\":[\"https:\/\/dicodusport.fr\/blog\/christophe-galtier-vous-ne-me-parlez-jamais-de-foot\/\"]}]},{\"@type\":\"ImageObject\",\"inLanguage\":\"fr-FR\",\"@id\":\"https:\/\/dicodusport.fr\/blog\/christophe-galtier-vous-ne-me-parlez-jamais-de-foot\/#primaryimage\",\"url\":\"https:\/\/dicodusport.fr\/blog\/wp-content\/uploads\/2022\/10\/Christophe-Galtier-Vous-ne-me-parlez-jamais-de-foot-.png\",\"contentUrl\":\"https:\/\/dicodusport.fr\/blog\/wp-content\/uploads\/2022\/10\/Christophe-Galtier-Vous-ne-me-parlez-jamais-de-foot-.png\",\"width\":800,\"height\":445},{\"@type\":\"BreadcrumbList\",\"@id\":\"https:\/\/dicodusport.fr\/blog\/christophe-galtier-vous-ne-me-parlez-jamais-de-foot\/#breadcrumb\",\"itemListElement\":[{\"@type\":\"ListItem\",\"position\":1,\"name\":\"Accueil\",\"item\":\"https:\/\/dicodusport.fr\/blog\/\"},{\"@type\":\"ListItem\",\"position\":2,\"name\":\"Christophe Galtier : \u00ab\u00a0Vous ne me parlez jamais de foot !\u00a0\u00bb\"}]},{\"@type\":\"WebSite\",\"@id\":\"https:\/\/dicodusport.fr\/blog\/#website\",\"url\":\"https:\/\/dicodusport.fr\/blog\/\",\"name\":\"Dicodusport\",\"description\":\"L&#039;encyclop\u00e9die de l&#039;actualit\u00e9 sportive\",\"publisher\":{\"@id\":\"https:\/\/dicodusport.fr\/blog\/#organization\"},\"potentialAction\":[{\"@type\":\"SearchAction\",\"target\":{\"@type\":\"EntryPoint\",\"urlTemplate\":\"https:\/\/dicodusport.fr\/blog\/?s={search_term_string}\"},\"query-input\":{\"@type\":\"PropertyValueSpecification\",\"valueRequired\":true,\"valueName\":\"search_term_string\"}}],\"inLanguage\":\"fr-FR\"},{\"@type\":\"NewsMediaOrganization\",\"@id\":\"https:\/\/dicodusport.fr\/blog\/#organization\",\"name\":\"Dicodusport\",\"url\":\"https:\/\/dicodusport.fr\/blog\/\",\"logo\":{\"@type\":\"ImageObject\",\"inLanguage\":\"fr-FR\",\"@id\":\"https:\/\/dicodusport.fr\/blog\/#\/schema\/logo\/image\/\",\"url\":\"https:\/\/dicodusport.fr\/blog\/wp-content\/uploads\/2020\/06\/cropped-LOGO-DICODUSPORT-2020-SANS-FOND-SANS-TEXTE.png\",\"contentUrl\":\"https:\/\/dicodusport.fr\/blog\/wp-content\/uploads\/2020\/06\/cropped-LOGO-DICODUSPORT-2020-SANS-FOND-SANS-TEXTE.png\",\"width\":512,\"height\":512,\"caption\":\"Dicodusport\"},\"image\":{\"@id\":\"https:\/\/dicodusport.fr\/blog\/#\/schema\/logo\/image\/\"},\"sameAs\":[\"https:\/\/www.facebook.com\/dicodusport\",\"https:\/\/x.com\/dicodusport\",\"https:\/\/www.instagram.com\/dicodusport\/\",\"https:\/\/www.youtube.com\/channel\/UC7V2KZ5sd3htJivAbA4ZG3w\"],\"description\":\"Dicodusport est l'encyclop\u00e9die de l'actualit\u00e9 sportive.\",\"email\":\"bonjour@dicodusport.fr\",\"legalName\":\"DICODUSPORT\",\"foundingDate\":\"2018-01-14\",\"vatID\":\"FR71834470973\",\"taxID\":\"83447097300043\",\"numberOfEmployees\":{\"@type\":\"QuantitativeValue\",\"minValue\":\"1\",\"maxValue\":\"10\"}},{\"@type\":\"Person\",\"@id\":\"https:\/\/dicodusport.fr\/blog\/#\/schema\/person\/55dcb50ad410894e431ed812bbb70191\",\"name\":\"Nicolas Jacquemard\",\"image\":{\"@type\":\"ImageObject\",\"inLanguage\":\"fr-FR\",\"@id\":\"https:\/\/dicodusport.fr\/blog\/#\/schema\/person\/image\/\",\"url\":\"https:\/\/dicodusport.fr\/blog\/wp-content\/uploads\/2021\/05\/Nicolas-Jacquemard-150x150.jpeg\",\"contentUrl\":\"https:\/\/dicodusport.fr\/blog\/wp-content\/uploads\/2021\/05\/Nicolas-Jacquemard-150x150.jpeg\",\"caption\":\"Nicolas Jacquemard\"},\"description\":\"Passionn\u00e9 de sport et entrepreneur depuis mes 18 ans, la cr\u00e9ation de Dicodusport m'a sembl\u00e9 \u00e9vidente pour participer \u00e0 la m\u00e9diatisation d'un plus grand nombre de sports. Le chemin est long mais avec une \u00e9quipe des plus motiv\u00e9es et les Jeux Olympiques de Paris 2024 en point de mire, nous y arriverons ! Journaliste dans le monde du sport depuis plus de 5 ans, je traite aussi bien de football, de rugby, de biathlon que de cyclisme.\",\"sameAs\":[\"https:\/\/www.facebook.com\/dicodusport\",\"https:\/\/x.com\/https:\/\/twitter.com\/Nico_Jacquemard\"],\"url\":\"https:\/\/dicodusport.fr\/blog\/author\/dicodusport\/\"}]}<\/script>\n<!-- \/ Yoast SEO Premium plugin. -->","yoast_head_json":{"title":"Christophe Galtier : \"Vous ne me parlez jamais de foot !\"","description":"LIGUE 1 2022-2023 - En conf\u00e9rence de presse avant le Classico, Christophe Galtier a pouss\u00e9 un gros coup de gueule.\u00a0","robots":{"index":"index","follow":"follow","max-snippet":"max-snippet:-1","max-image-preview":"max-image-preview:large","max-video-preview":"max-video-preview:-1"},"canonical":"https:\/\/dicodusport.fr\/blog\/christophe-galtier-vous-ne-me-parlez-jamais-de-foot\/","og_locale":"fr_FR","og_type":"article","og_title":"Christophe Galtier : \"Vous ne me parlez jamais de foot !\"","og_description":"LIGUE 1 2022-2023 - En conf\u00e9rence de presse avant le Classico, Christophe Galtier a pouss\u00e9 un gros coup de gueule.\u00a0","og_url":"https:\/\/dicodusport.fr\/blog\/christophe-galtier-vous-ne-me-parlez-jamais-de-foot\/","og_site_name":"Dicodusport","article_publisher":"https:\/\/www.facebook.com\/dicodusport","article_author":"https:\/\/www.facebook.com\/dicodusport","article_published_time":"2022-10-14T14:29:32+00:00","article_modified_time":"2022-10-14T19:26:39+00:00","og_image":[{"width":800,"height":445,"url":"https:\/\/dicodusport.fr\/blog\/wp-content\/uploads\/2022\/10\/Christophe-Galtier-Vous-ne-me-parlez-jamais-de-foot-.png","type":"image\/png"}],"author":"Nicolas Jacquemard","twitter_card":"summary_large_image","twitter_title":"Christophe Galtier : \"Vous ne me parlez jamais de foot !\"","twitter_creator":"@https:\/\/twitter.com\/Nico_Jacquemard","twitter_site":"@dicodusport","schema":{"@context":"https:\/\/schema.org","@graph":[{"@type":"NewsArticle","@id":"https:\/\/dicodusport.fr\/blog\/christophe-galtier-vous-ne-me-parlez-jamais-de-foot\/#article","isPartOf":{"@id":"https:\/\/dicodusport.fr\/blog\/christophe-galtier-vous-ne-me-parlez-jamais-de-foot\/"},"author":{"name":"Nicolas Jacquemard","@id":"https:\/\/dicodusport.fr\/blog\/#\/schema\/person\/55dcb50ad410894e431ed812bbb70191"},"headline":"Christophe Galtier : \u00ab\u00a0Vous ne me parlez jamais de foot !\u00a0\u00bb","datePublished":"2022-10-14T14:29:32+00:00","dateModified":"2022-10-14T19:26:39+00:00","mainEntityOfPage":{"@id":"https:\/\/dicodusport.fr\/blog\/christophe-galtier-vous-ne-me-parlez-jamais-de-foot\/"},"wordCount":299,"commentCount":0,"publisher":{"@id":"https:\/\/dicodusport.fr\/blog\/#organization"},"image":{"@id":"https:\/\/dicodusport.fr\/blog\/christophe-galtier-vous-ne-me-parlez-jamais-de-foot\/#primaryimage"},"thumbnailUrl":"https:\/\/dicodusport.fr\/blog\/wp-content\/uploads\/2022\/10\/Christophe-Galtier-Vous-ne-me-parlez-jamais-de-foot-.png","keywords":["Christophe Galtier","Football","Galtier","PSG"],"articleSection":["Football","Ligue 1"],"inLanguage":"fr-FR","potentialAction":[{"@type":"CommentAction","name":"Comment","target":["https:\/\/dicodusport.fr\/blog\/christophe-galtier-vous-ne-me-parlez-jamais-de-foot\/#respond"]}],"copyrightYear":"2022","copyrightHolder":{"@id":"https:\/\/dicodusport.fr\/blog\/#organization"}},{"@type":"WebPage","@id":"https:\/\/dicodusport.fr\/blog\/christophe-galtier-vous-ne-me-parlez-jamais-de-foot\/","url":"https:\/\/dicodusport.fr\/blog\/christophe-galtier-vous-ne-me-parlez-jamais-de-foot\/","name":"Christophe Galtier : \"Vous ne me parlez jamais de foot !\"","isPartOf":{"@id":"https:\/\/dicodusport.fr\/blog\/#website"},"primaryImageOfPage":{"@id":"https:\/\/dicodusport.fr\/blog\/christophe-galtier-vous-ne-me-parlez-jamais-de-foot\/#primaryimage"},"image":{"@id":"https:\/\/dicodusport.fr\/blog\/christophe-galtier-vous-ne-me-parlez-jamais-de-foot\/#primaryimage"},"thumbnailUrl":"https:\/\/dicodusport.fr\/blog\/wp-content\/uploads\/2022\/10\/Christophe-Galtier-Vous-ne-me-parlez-jamais-de-foot-.png","datePublished":"2022-10-14T14:29:32+00:00","dateModified":"2022-10-14T19:26:39+00:00","description":"LIGUE 1 2022-2023 - En conf\u00e9rence de presse avant le Classico, Christophe Galtier a pouss\u00e9 un gros coup de gueule.\u00a0","breadcrumb":{"@id":"https:\/\/dicodusport.fr\/blog\/christophe-galtier-vous-ne-me-parlez-jamais-de-foot\/#breadcrumb"},"inLanguage":"fr-FR","potentialAction":[{"@type":"ReadAction","target":["https:\/\/dicodusport.fr\/blog\/christophe-galtier-vous-ne-me-parlez-jamais-de-foot\/"]}]},{"@type":"ImageObject","inLanguage":"fr-FR","@id":"https:\/\/dicodusport.fr\/blog\/christophe-galtier-vous-ne-me-parlez-jamais-de-foot\/#primaryimage","url":"https:\/\/dicodusport.fr\/blog\/wp-content\/uploads\/2022\/10\/Christophe-Galtier-Vous-ne-me-parlez-jamais-de-foot-.png","contentUrl":"https:\/\/dicodusport.fr\/blog\/wp-content\/uploads\/2022\/10\/Christophe-Galtier-Vous-ne-me-parlez-jamais-de-foot-.png","width":800,"height":445},{"@type":"BreadcrumbList","@id":"https:\/\/dicodusport.fr\/blog\/christophe-galtier-vous-ne-me-parlez-jamais-de-foot\/#breadcrumb","itemListElement":[{"@type":"ListItem","position":1,"name":"Accueil","item":"https:\/\/dicodusport.fr\/blog\/"},{"@type":"ListItem","position":2,"name":"Christophe Galtier : \u00ab\u00a0Vous ne me parlez jamais de foot !\u00a0\u00bb"}]},{"@type":"WebSite","@id":"https:\/\/dicodusport.fr\/blog\/#website","url":"https:\/\/dicodusport.fr\/blog\/","name":"Dicodusport","description":"L&#039;encyclop\u00e9die de l&#039;actualit\u00e9 sportive","publisher":{"@id":"https:\/\/dicodusport.fr\/blog\/#organization"},"potentialAction":[{"@type":"SearchAction","target":{"@type":"EntryPoint","urlTemplate":"https:\/\/dicodusport.fr\/blog\/?s={search_term_string}"},"query-input":{"@type":"PropertyValueSpecification","valueRequired":true,"valueName":"search_term_string"}}],"inLanguage":"fr-FR"},{"@type":"NewsMediaOrganization","@id":"https:\/\/dicodusport.fr\/blog\/#organization","name":"Dicodusport","url":"https:\/\/dicodusport.fr\/blog\/","logo":{"@type":"ImageObject","inLanguage":"fr-FR","@id":"https:\/\/dicodusport.fr\/blog\/#\/schema\/logo\/image\/","url":"https:\/\/dicodusport.fr\/blog\/wp-content\/uploads\/2020\/06\/cropped-LOGO-DICODUSPORT-2020-SANS-FOND-SANS-TEXTE.png","contentUrl":"https:\/\/dicodusport.fr\/blog\/wp-content\/uploads\/2020\/06\/cropped-LOGO-DICODUSPORT-2020-SANS-FOND-SANS-TEXTE.png","width":512,"height":512,"caption":"Dicodusport"},"image":{"@id":"https:\/\/dicodusport.fr\/blog\/#\/schema\/logo\/image\/"},"sameAs":["https:\/\/www.facebook.com\/dicodusport","https:\/\/x.com\/dicodusport","https:\/\/www.instagram.com\/dicodusport\/","https:\/\/www.youtube.com\/channel\/UC7V2KZ5sd3htJivAbA4ZG3w"],"description":"Dicodusport est l'encyclop\u00e9die de l'actualit\u00e9 sportive.","email":"bonjour@dicodusport.fr","legalName":"DICODUSPORT","foundingDate":"2018-01-14","vatID":"FR71834470973","taxID":"83447097300043","numberOfEmployees":{"@type":"QuantitativeValue","minValue":"1","maxValue":"10"}},{"@type":"Person","@id":"https:\/\/dicodusport.fr\/blog\/#\/schema\/person\/55dcb50ad410894e431ed812bbb70191","name":"Nicolas Jacquemard","image":{"@type":"ImageObject","inLanguage":"fr-FR","@id":"https:\/\/dicodusport.fr\/blog\/#\/schema\/person\/image\/","url":"https:\/\/dicodusport.fr\/blog\/wp-content\/uploads\/2021\/05\/Nicolas-Jacquemard-150x150.jpeg","contentUrl":"https:\/\/dicodusport.fr\/blog\/wp-content\/uploads\/2021\/05\/Nicolas-Jacquemard-150x150.jpeg","caption":"Nicolas Jacquemard"},"description":"Passionn\u00e9 de sport et entrepreneur depuis mes 18 ans, la cr\u00e9ation de Dicodusport m'a sembl\u00e9 \u00e9vidente pour participer \u00e0 la m\u00e9diatisation d'un plus grand nombre de sports. Le chemin est long mais avec une \u00e9quipe des plus motiv\u00e9es et les Jeux Olympiques de Paris 2024 en point de mire, nous y arriverons ! Journaliste dans le monde du sport depuis plus de 5 ans, je traite aussi bien de football, de rugby, de biathlon que de cyclisme.","sameAs":["https:\/\/www.facebook.com\/dicodusport","https:\/\/x.com\/https:\/\/twitter.com\/Nico_Jacquemard"],"url":"https:\/\/dicodusport.fr\/blog\/author\/dicodusport\/"}]}},"_links":{"self":[{"href":"https:\/\/dicodusport.fr\/blog\/wp-json\/wp\/v2\/posts\/269989","targetHints":{"allow":["GET"]}}],"collection":[{"href":"https:\/\/dicodusport.fr\/blog\/wp-json\/wp\/v2\/posts"}],"about":[{"href":"https:\/\/dicodusport.fr\/blog\/wp-json\/wp\/v2\/types\/post"}],"author":[{"embeddable":true,"href":"https:\/\/dicodusport.fr\/blog\/wp-json\/wp\/v2\/users\/1"}],"replies":[{"embeddable":true,"href":"https:\/\/dicodusport.fr\/blog\/wp-json\/wp\/v2\/comments?post=269989"}],"version-history":[{"count":0,"href":"https:\/\/dicodusport.fr\/blog\/wp-json\/wp\/v2\/posts\/269989\/revisions"}],"wp:featuredmedia":[{"embeddable":true,"href":"https:\/\/dicodusport.fr\/blog\/wp-json\/wp\/v2\/media\/269992"}],"wp:attachment":[{"href":"https:\/\/dicodusport.fr\/blog\/wp-json\/wp\/v2\/media?parent=269989"}],"wp:term":[{"taxonomy":"category","embeddable":true,"href":"https:\/\/dicodusport.fr\/blog\/wp-json\/wp\/v2\/categories?post=269989"},{"taxonomy":"post_tag","embeddable":true,"href":"https:\/\/dicodusport.fr\/blog\/wp-json\/wp\/v2\/tags?post=269989"}],"curies":[{"name":"wp","href":"https:\/\/api.w.org\/{rel}","templated":true}]}}