{"id":270002,"date":"2022-10-14T18:07:46","date_gmt":"2022-10-14T16:07:46","guid":{"rendered":"https:\/\/dicodusport.fr\/blog\/?p=270002&#038;preview=true&#038;preview_id=270002"},"modified":"2022-10-14T18:54:38","modified_gmt":"2022-10-14T16:54:38","slug":"ngolo-kante-forfait-pour-la-coupe-du-monde-au-qatar","status":"publish","type":"post","link":"https:\/\/dicodusport.fr\/blog\/ngolo-kante-forfait-pour-la-coupe-du-monde-au-qatar\/","title":{"rendered":"N&rsquo;Golo Kant\u00e9 forfait pour la Coupe du monde au Qatar"},"content":{"rendered":"<p style=\"text-align: justify;\"><b><i>COUPE DU MONDE DE FOOTBALL 2022 &#8211; Coup dur pour l&rsquo;\u00e9quipe de France, puisque l&rsquo;un de ses hommes de base lors des derni\u00e8res ann\u00e9es, N&rsquo;Golo Kant\u00e9, ne disputera pas la Coupe du monde.<\/i><\/b><\/p>\n<p style=\"text-align: justify;\"><strong>Didier Deschamps<\/strong> a du pain sur la planche pour pr\u00e9parer l&rsquo;\u00e9quipe de France \u00e0 la d\u00e9fense de son titre lors de la prochaine Coupe du monde au Qatar (20 novembre &#8211; 18 d\u00e9cembre). Et \u00e0 ce titre, il vient de recevoir une premi\u00e8re mauvaise nouvelle. En effet, <strong>N&rsquo;Golo Kant\u00e9<\/strong> a rechut\u00e9 de sa blessure aux ischios-jambiers, et ne sera pas r\u00e9tabli pour la comp\u00e9tition.<\/p>\n<blockquote class=\"twitter-tweet\">\n<p dir=\"ltr\" lang=\"fr\">&#x1f6a8; BREAKING !<\/p>\n<p>Ngolo Kante est FORFAIT pour la Coupe du Monde 2022 ! &#x274c;<\/p>\n<p>(L\u2019Equipe) <a href=\"https:\/\/t.co\/xJ1U8j44H5\">pic.twitter.com\/xJ1U8j44H5<\/a><\/p>\n<p>\u2014 Footballogue&#x2b50;&#xfe0f;&#x2b50;&#xfe0f; (@Footballogue) <a href=\"https:\/\/twitter.com\/Footballogue\/status\/1580945827123539969?ref_src=twsrc%5Etfw\">October 14, 2022<\/a><\/p><\/blockquote>\n<p style=\"text-align: justify;\"><script async src=\"https:\/\/platform.twitter.com\/widgets.js\" charset=\"utf-8\"><\/script><br \/>\nUn coup dur pour les Bleus, tant le milieu de Chelsea est un cadre de l&rsquo;\u00e9quipe. \u00c9l\u00e9ment inamovible lors du sacre de 2018, il compte 53 s\u00e9lections avec les Bleus, et quand il est en pleine possession de ses moyens, il est incontournable. Certes, la France dispose de solutions de rechange, avec l&rsquo;\u00e9mergence de joueurs comme <strong>Camavinga, Tchouam\u00e9ni<\/strong> ou <strong>Fofana<\/strong>. Mais aucun n&rsquo;a l&rsquo;aura et le style de jeu de <strong>Kant\u00e9<\/strong>, qui va beaucoup manquer \u00e0 l&rsquo;\u00e9quipe de France.<\/p>\n","protected":false},"excerpt":{"rendered":"<p>COUPE DU MONDE DE FOOTBALL 2022 &#8211; Coup dur pour l&rsquo;\u00e9quipe de France, puisque l&rsquo;un de ses hommes de base lors des derni\u00e8res ann\u00e9es, N&rsquo;Golo Kant\u00e9, ne disputera pas la Coupe du monde.<\/p>\n","protected":false},"author":59,"featured_media":270004,"comment_status":"open","ping_status":"closed","sticky":false,"template":"","format":"standard","meta":{"_acf_changed":false,"_daextam_enable_autolinks":"","footnotes":""},"categories":[47043,2301],"tags":[6966,75,2067,24],"class_list":["post-270002","post","type-post","status-publish","format-standard","has-post-thumbnail","hentry","category-coupe-du-monde-de-football","category-football","tag-equipe-de-france-de-football","tag-football","tag-ngolo-kante","tag-sport"],"acf":[],"yoast_head":"<!-- This site is optimized with the Yoast SEO Premium plugin v26.7 (Yoast SEO v26.7) - https:\/\/yoast.com\/wordpress\/plugins\/seo\/ -->\n<title>N&#039;Golo Kant\u00e9 forfait pour la Coupe du monde au Qatar<\/title>\n<meta name=\"description\" content=\"COUPE DU MONDE DE FOOTBALL 2022 - Coup dur pour l&#039;\u00e9quipe de France, puisque N&#039;Golo Kant\u00e9 ne disputera pas la Coupe du monde.\" \/>\n<meta name=\"robots\" content=\"index, follow, max-snippet:-1, max-image-preview:large, max-video-preview:-1\" \/>\n<link rel=\"canonical\" href=\"https:\/\/dicodusport.fr\/blog\/ngolo-kante-forfait-pour-la-coupe-du-monde-au-qatar\/\" \/>\n<meta property=\"og:locale\" content=\"fr_FR\" \/>\n<meta property=\"og:type\" content=\"article\" \/>\n<meta property=\"og:title\" content=\"N&#039;Golo Kant\u00e9 forfait pour la Coupe du monde au Qatar\" \/>\n<meta property=\"og:description\" content=\"COUPE DU MONDE DE FOOTBALL 2022 - Coup dur pour l&#039;\u00e9quipe de France, puisque N&#039;Golo Kant\u00e9 ne disputera pas la Coupe du monde.\" \/>\n<meta property=\"og:url\" content=\"https:\/\/dicodusport.fr\/blog\/ngolo-kante-forfait-pour-la-coupe-du-monde-au-qatar\/\" \/>\n<meta property=\"og:site_name\" content=\"Dicodusport\" \/>\n<meta property=\"article:publisher\" content=\"https:\/\/www.facebook.com\/dicodusport\" \/>\n<meta property=\"article:author\" content=\"https:\/\/www.facebook.com\/sebastien.gente\/\" \/>\n<meta property=\"article:published_time\" content=\"2022-10-14T16:07:46+00:00\" \/>\n<meta property=\"article:modified_time\" content=\"2022-10-14T16:54:38+00:00\" \/>\n<meta property=\"og:image\" content=\"https:\/\/dicodusport.fr\/blog\/wp-content\/uploads\/2022\/10\/NGolo-Kante-forfait-pour-la-Coupe-du-monde-au-Qatar.png\" \/>\n\t<meta property=\"og:image:width\" content=\"800\" \/>\n\t<meta property=\"og:image:height\" content=\"445\" \/>\n\t<meta property=\"og:image:type\" content=\"image\/png\" \/>\n<meta name=\"author\" content=\"S\u00e9bastien Gente\" \/>\n<meta name=\"twitter:card\" content=\"summary_large_image\" \/>\n<meta name=\"twitter:title\" content=\"N&#039;Golo Kant\u00e9 forfait pour la Coupe du monde au Qatar\" \/>\n<meta name=\"twitter:creator\" content=\"@https:\/\/twitter.com\/globulo24\" \/>\n<meta name=\"twitter:site\" content=\"@dicodusport\" \/>\n<script type=\"application\/ld+json\" class=\"yoast-schema-graph\">{\"@context\":\"https:\/\/schema.org\",\"@graph\":[{\"@type\":\"NewsArticle\",\"@id\":\"https:\/\/dicodusport.fr\/blog\/ngolo-kante-forfait-pour-la-coupe-du-monde-au-qatar\/#article\",\"isPartOf\":{\"@id\":\"https:\/\/dicodusport.fr\/blog\/ngolo-kante-forfait-pour-la-coupe-du-monde-au-qatar\/\"},\"author\":{\"name\":\"S\u00e9bastien Gente\",\"@id\":\"https:\/\/dicodusport.fr\/blog\/#\/schema\/person\/627966a6cde45dbd8c5e36ac85d783da\"},\"headline\":\"N&rsquo;Golo Kant\u00e9 forfait pour la Coupe du monde au Qatar\",\"datePublished\":\"2022-10-14T16:07:46+00:00\",\"dateModified\":\"2022-10-14T16:54:38+00:00\",\"mainEntityOfPage\":{\"@id\":\"https:\/\/dicodusport.fr\/blog\/ngolo-kante-forfait-pour-la-coupe-du-monde-au-qatar\/\"},\"wordCount\":235,\"commentCount\":0,\"publisher\":{\"@id\":\"https:\/\/dicodusport.fr\/blog\/#organization\"},\"image\":{\"@id\":\"https:\/\/dicodusport.fr\/blog\/ngolo-kante-forfait-pour-la-coupe-du-monde-au-qatar\/#primaryimage\"},\"thumbnailUrl\":\"https:\/\/dicodusport.fr\/blog\/wp-content\/uploads\/2022\/10\/NGolo-Kante-forfait-pour-la-Coupe-du-monde-au-Qatar.png\",\"keywords\":[\"Equipe de France de football\",\"Football\",\"N'Golo Kant\u00e9\",\"sport\"],\"articleSection\":[\"Coupe du monde de football\",\"Football\"],\"inLanguage\":\"fr-FR\",\"potentialAction\":[{\"@type\":\"CommentAction\",\"name\":\"Comment\",\"target\":[\"https:\/\/dicodusport.fr\/blog\/ngolo-kante-forfait-pour-la-coupe-du-monde-au-qatar\/#respond\"]}],\"copyrightYear\":\"2022\",\"copyrightHolder\":{\"@id\":\"https:\/\/dicodusport.fr\/blog\/#organization\"}},{\"@type\":\"WebPage\",\"@id\":\"https:\/\/dicodusport.fr\/blog\/ngolo-kante-forfait-pour-la-coupe-du-monde-au-qatar\/\",\"url\":\"https:\/\/dicodusport.fr\/blog\/ngolo-kante-forfait-pour-la-coupe-du-monde-au-qatar\/\",\"name\":\"N'Golo Kant\u00e9 forfait pour la Coupe du monde au Qatar\",\"isPartOf\":{\"@id\":\"https:\/\/dicodusport.fr\/blog\/#website\"},\"primaryImageOfPage\":{\"@id\":\"https:\/\/dicodusport.fr\/blog\/ngolo-kante-forfait-pour-la-coupe-du-monde-au-qatar\/#primaryimage\"},\"image\":{\"@id\":\"https:\/\/dicodusport.fr\/blog\/ngolo-kante-forfait-pour-la-coupe-du-monde-au-qatar\/#primaryimage\"},\"thumbnailUrl\":\"https:\/\/dicodusport.fr\/blog\/wp-content\/uploads\/2022\/10\/NGolo-Kante-forfait-pour-la-Coupe-du-monde-au-Qatar.png\",\"datePublished\":\"2022-10-14T16:07:46+00:00\",\"dateModified\":\"2022-10-14T16:54:38+00:00\",\"description\":\"COUPE DU MONDE DE FOOTBALL 2022 - Coup dur pour l'\u00e9quipe de France, puisque N'Golo Kant\u00e9 ne disputera pas la Coupe du monde.\",\"breadcrumb\":{\"@id\":\"https:\/\/dicodusport.fr\/blog\/ngolo-kante-forfait-pour-la-coupe-du-monde-au-qatar\/#breadcrumb\"},\"inLanguage\":\"fr-FR\",\"potentialAction\":[{\"@type\":\"ReadAction\",\"target\":[\"https:\/\/dicodusport.fr\/blog\/ngolo-kante-forfait-pour-la-coupe-du-monde-au-qatar\/\"]}]},{\"@type\":\"ImageObject\",\"inLanguage\":\"fr-FR\",\"@id\":\"https:\/\/dicodusport.fr\/blog\/ngolo-kante-forfait-pour-la-coupe-du-monde-au-qatar\/#primaryimage\",\"url\":\"https:\/\/dicodusport.fr\/blog\/wp-content\/uploads\/2022\/10\/NGolo-Kante-forfait-pour-la-Coupe-du-monde-au-Qatar.png\",\"contentUrl\":\"https:\/\/dicodusport.fr\/blog\/wp-content\/uploads\/2022\/10\/NGolo-Kante-forfait-pour-la-Coupe-du-monde-au-Qatar.png\",\"width\":800,\"height\":445,\"caption\":\"N'Golo Kant\u00e9 forfait pour la Coupe du monde au Qatar\"},{\"@type\":\"BreadcrumbList\",\"@id\":\"https:\/\/dicodusport.fr\/blog\/ngolo-kante-forfait-pour-la-coupe-du-monde-au-qatar\/#breadcrumb\",\"itemListElement\":[{\"@type\":\"ListItem\",\"position\":1,\"name\":\"Accueil\",\"item\":\"https:\/\/dicodusport.fr\/blog\/\"},{\"@type\":\"ListItem\",\"position\":2,\"name\":\"N&rsquo;Golo Kant\u00e9 forfait pour la Coupe du monde au Qatar\"}]},{\"@type\":\"WebSite\",\"@id\":\"https:\/\/dicodusport.fr\/blog\/#website\",\"url\":\"https:\/\/dicodusport.fr\/blog\/\",\"name\":\"Dicodusport\",\"description\":\"L&#039;encyclop\u00e9die de l&#039;actualit\u00e9 sportive\",\"publisher\":{\"@id\":\"https:\/\/dicodusport.fr\/blog\/#organization\"},\"potentialAction\":[{\"@type\":\"SearchAction\",\"target\":{\"@type\":\"EntryPoint\",\"urlTemplate\":\"https:\/\/dicodusport.fr\/blog\/?s={search_term_string}\"},\"query-input\":{\"@type\":\"PropertyValueSpecification\",\"valueRequired\":true,\"valueName\":\"search_term_string\"}}],\"inLanguage\":\"fr-FR\"},{\"@type\":\"NewsMediaOrganization\",\"@id\":\"https:\/\/dicodusport.fr\/blog\/#organization\",\"name\":\"Dicodusport\",\"url\":\"https:\/\/dicodusport.fr\/blog\/\",\"logo\":{\"@type\":\"ImageObject\",\"inLanguage\":\"fr-FR\",\"@id\":\"https:\/\/dicodusport.fr\/blog\/#\/schema\/logo\/image\/\",\"url\":\"https:\/\/dicodusport.fr\/blog\/wp-content\/uploads\/2020\/06\/cropped-LOGO-DICODUSPORT-2020-SANS-FOND-SANS-TEXTE.png\",\"contentUrl\":\"https:\/\/dicodusport.fr\/blog\/wp-content\/uploads\/2020\/06\/cropped-LOGO-DICODUSPORT-2020-SANS-FOND-SANS-TEXTE.png\",\"width\":512,\"height\":512,\"caption\":\"Dicodusport\"},\"image\":{\"@id\":\"https:\/\/dicodusport.fr\/blog\/#\/schema\/logo\/image\/\"},\"sameAs\":[\"https:\/\/www.facebook.com\/dicodusport\",\"https:\/\/x.com\/dicodusport\",\"https:\/\/www.instagram.com\/dicodusport\/\",\"https:\/\/www.youtube.com\/channel\/UC7V2KZ5sd3htJivAbA4ZG3w\"],\"description\":\"Dicodusport est l'encyclop\u00e9die de l'actualit\u00e9 sportive.\",\"email\":\"bonjour@dicodusport.fr\",\"legalName\":\"DICODUSPORT\",\"foundingDate\":\"2018-01-14\",\"vatID\":\"FR71834470973\",\"taxID\":\"83447097300043\",\"numberOfEmployees\":{\"@type\":\"QuantitativeValue\",\"minValue\":\"1\",\"maxValue\":\"10\"}},{\"@type\":\"Person\",\"@id\":\"https:\/\/dicodusport.fr\/blog\/#\/schema\/person\/627966a6cde45dbd8c5e36ac85d783da\",\"name\":\"S\u00e9bastien Gente\",\"image\":{\"@type\":\"ImageObject\",\"inLanguage\":\"fr-FR\",\"@id\":\"https:\/\/dicodusport.fr\/blog\/#\/schema\/person\/image\/\",\"url\":\"https:\/\/dicodusport.fr\/blog\/wp-content\/uploads\/2021\/09\/1510990_10205810251400683_4124423575079401707_n-150x150.jpg\",\"contentUrl\":\"https:\/\/dicodusport.fr\/blog\/wp-content\/uploads\/2021\/09\/1510990_10205810251400683_4124423575079401707_n-150x150.jpg\",\"caption\":\"S\u00e9bastien Gente\"},\"description\":\"John Stockton, Gianni Bugno, Zinedine Zidane, Steffi Graf, Frode Andresen, St\u00e9phane Stoecklin, Davis Kamoga, Primoz Peterka, Werner Schlager et Aur\u00e9lien Rougerie. Point commun entre ces sportifs? Ils m'ont fait r\u00eaver et ont berc\u00e9 mon adolescence. Je suis un fondu de sports et j'essaie de retranscrire ma passion \u00e0 travers mes articles. Originaire du P\u00e9rigord, ma passion pour les Girondins, les Jaunards et les Jazzmen transpire dans mes \u00e9crits. \u00c0 Dicodusport depuis 2021, je d\u00e9niche les sports m\u00e9connus dans lesquels la France brille, et il y en a !\",\"sameAs\":[\"https:\/\/www.facebook.com\/sebastien.gente\/\",\"https:\/\/www.instagram.com\/sebgente\/\",\"https:\/\/www.linkedin.com\/in\/sbastien-gente-a29583169\/\",\"https:\/\/x.com\/https:\/\/twitter.com\/globulo24\",\"SebastienGente\"],\"worksFor\":\"S\u00e9bastien GENTE\",\"url\":\"https:\/\/dicodusport.fr\/blog\/author\/sebastiengente\/\"}]}<\/script>\n<!-- \/ Yoast SEO Premium plugin. -->","yoast_head_json":{"title":"N'Golo Kant\u00e9 forfait pour la Coupe du monde au Qatar","description":"COUPE DU MONDE DE FOOTBALL 2022 - Coup dur pour l'\u00e9quipe de France, puisque N'Golo Kant\u00e9 ne disputera pas la Coupe du monde.","robots":{"index":"index","follow":"follow","max-snippet":"max-snippet:-1","max-image-preview":"max-image-preview:large","max-video-preview":"max-video-preview:-1"},"canonical":"https:\/\/dicodusport.fr\/blog\/ngolo-kante-forfait-pour-la-coupe-du-monde-au-qatar\/","og_locale":"fr_FR","og_type":"article","og_title":"N'Golo Kant\u00e9 forfait pour la Coupe du monde au Qatar","og_description":"COUPE DU MONDE DE FOOTBALL 2022 - Coup dur pour l'\u00e9quipe de France, puisque N'Golo Kant\u00e9 ne disputera pas la Coupe du monde.","og_url":"https:\/\/dicodusport.fr\/blog\/ngolo-kante-forfait-pour-la-coupe-du-monde-au-qatar\/","og_site_name":"Dicodusport","article_publisher":"https:\/\/www.facebook.com\/dicodusport","article_author":"https:\/\/www.facebook.com\/sebastien.gente\/","article_published_time":"2022-10-14T16:07:46+00:00","article_modified_time":"2022-10-14T16:54:38+00:00","og_image":[{"width":800,"height":445,"url":"https:\/\/dicodusport.fr\/blog\/wp-content\/uploads\/2022\/10\/NGolo-Kante-forfait-pour-la-Coupe-du-monde-au-Qatar.png","type":"image\/png"}],"author":"S\u00e9bastien Gente","twitter_card":"summary_large_image","twitter_title":"N'Golo Kant\u00e9 forfait pour la Coupe du monde au Qatar","twitter_creator":"@https:\/\/twitter.com\/globulo24","twitter_site":"@dicodusport","schema":{"@context":"https:\/\/schema.org","@graph":[{"@type":"NewsArticle","@id":"https:\/\/dicodusport.fr\/blog\/ngolo-kante-forfait-pour-la-coupe-du-monde-au-qatar\/#article","isPartOf":{"@id":"https:\/\/dicodusport.fr\/blog\/ngolo-kante-forfait-pour-la-coupe-du-monde-au-qatar\/"},"author":{"name":"S\u00e9bastien Gente","@id":"https:\/\/dicodusport.fr\/blog\/#\/schema\/person\/627966a6cde45dbd8c5e36ac85d783da"},"headline":"N&rsquo;Golo Kant\u00e9 forfait pour la Coupe du monde au Qatar","datePublished":"2022-10-14T16:07:46+00:00","dateModified":"2022-10-14T16:54:38+00:00","mainEntityOfPage":{"@id":"https:\/\/dicodusport.fr\/blog\/ngolo-kante-forfait-pour-la-coupe-du-monde-au-qatar\/"},"wordCount":235,"commentCount":0,"publisher":{"@id":"https:\/\/dicodusport.fr\/blog\/#organization"},"image":{"@id":"https:\/\/dicodusport.fr\/blog\/ngolo-kante-forfait-pour-la-coupe-du-monde-au-qatar\/#primaryimage"},"thumbnailUrl":"https:\/\/dicodusport.fr\/blog\/wp-content\/uploads\/2022\/10\/NGolo-Kante-forfait-pour-la-Coupe-du-monde-au-Qatar.png","keywords":["Equipe de France de football","Football","N'Golo Kant\u00e9","sport"],"articleSection":["Coupe du monde de football","Football"],"inLanguage":"fr-FR","potentialAction":[{"@type":"CommentAction","name":"Comment","target":["https:\/\/dicodusport.fr\/blog\/ngolo-kante-forfait-pour-la-coupe-du-monde-au-qatar\/#respond"]}],"copyrightYear":"2022","copyrightHolder":{"@id":"https:\/\/dicodusport.fr\/blog\/#organization"}},{"@type":"WebPage","@id":"https:\/\/dicodusport.fr\/blog\/ngolo-kante-forfait-pour-la-coupe-du-monde-au-qatar\/","url":"https:\/\/dicodusport.fr\/blog\/ngolo-kante-forfait-pour-la-coupe-du-monde-au-qatar\/","name":"N'Golo Kant\u00e9 forfait pour la Coupe du monde au Qatar","isPartOf":{"@id":"https:\/\/dicodusport.fr\/blog\/#website"},"primaryImageOfPage":{"@id":"https:\/\/dicodusport.fr\/blog\/ngolo-kante-forfait-pour-la-coupe-du-monde-au-qatar\/#primaryimage"},"image":{"@id":"https:\/\/dicodusport.fr\/blog\/ngolo-kante-forfait-pour-la-coupe-du-monde-au-qatar\/#primaryimage"},"thumbnailUrl":"https:\/\/dicodusport.fr\/blog\/wp-content\/uploads\/2022\/10\/NGolo-Kante-forfait-pour-la-Coupe-du-monde-au-Qatar.png","datePublished":"2022-10-14T16:07:46+00:00","dateModified":"2022-10-14T16:54:38+00:00","description":"COUPE DU MONDE DE FOOTBALL 2022 - Coup dur pour l'\u00e9quipe de France, puisque N'Golo Kant\u00e9 ne disputera pas la Coupe du monde.","breadcrumb":{"@id":"https:\/\/dicodusport.fr\/blog\/ngolo-kante-forfait-pour-la-coupe-du-monde-au-qatar\/#breadcrumb"},"inLanguage":"fr-FR","potentialAction":[{"@type":"ReadAction","target":["https:\/\/dicodusport.fr\/blog\/ngolo-kante-forfait-pour-la-coupe-du-monde-au-qatar\/"]}]},{"@type":"ImageObject","inLanguage":"fr-FR","@id":"https:\/\/dicodusport.fr\/blog\/ngolo-kante-forfait-pour-la-coupe-du-monde-au-qatar\/#primaryimage","url":"https:\/\/dicodusport.fr\/blog\/wp-content\/uploads\/2022\/10\/NGolo-Kante-forfait-pour-la-Coupe-du-monde-au-Qatar.png","contentUrl":"https:\/\/dicodusport.fr\/blog\/wp-content\/uploads\/2022\/10\/NGolo-Kante-forfait-pour-la-Coupe-du-monde-au-Qatar.png","width":800,"height":445,"caption":"N'Golo Kant\u00e9 forfait pour la Coupe du monde au Qatar"},{"@type":"BreadcrumbList","@id":"https:\/\/dicodusport.fr\/blog\/ngolo-kante-forfait-pour-la-coupe-du-monde-au-qatar\/#breadcrumb","itemListElement":[{"@type":"ListItem","position":1,"name":"Accueil","item":"https:\/\/dicodusport.fr\/blog\/"},{"@type":"ListItem","position":2,"name":"N&rsquo;Golo Kant\u00e9 forfait pour la Coupe du monde au Qatar"}]},{"@type":"WebSite","@id":"https:\/\/dicodusport.fr\/blog\/#website","url":"https:\/\/dicodusport.fr\/blog\/","name":"Dicodusport","description":"L&#039;encyclop\u00e9die de l&#039;actualit\u00e9 sportive","publisher":{"@id":"https:\/\/dicodusport.fr\/blog\/#organization"},"potentialAction":[{"@type":"SearchAction","target":{"@type":"EntryPoint","urlTemplate":"https:\/\/dicodusport.fr\/blog\/?s={search_term_string}"},"query-input":{"@type":"PropertyValueSpecification","valueRequired":true,"valueName":"search_term_string"}}],"inLanguage":"fr-FR"},{"@type":"NewsMediaOrganization","@id":"https:\/\/dicodusport.fr\/blog\/#organization","name":"Dicodusport","url":"https:\/\/dicodusport.fr\/blog\/","logo":{"@type":"ImageObject","inLanguage":"fr-FR","@id":"https:\/\/dicodusport.fr\/blog\/#\/schema\/logo\/image\/","url":"https:\/\/dicodusport.fr\/blog\/wp-content\/uploads\/2020\/06\/cropped-LOGO-DICODUSPORT-2020-SANS-FOND-SANS-TEXTE.png","contentUrl":"https:\/\/dicodusport.fr\/blog\/wp-content\/uploads\/2020\/06\/cropped-LOGO-DICODUSPORT-2020-SANS-FOND-SANS-TEXTE.png","width":512,"height":512,"caption":"Dicodusport"},"image":{"@id":"https:\/\/dicodusport.fr\/blog\/#\/schema\/logo\/image\/"},"sameAs":["https:\/\/www.facebook.com\/dicodusport","https:\/\/x.com\/dicodusport","https:\/\/www.instagram.com\/dicodusport\/","https:\/\/www.youtube.com\/channel\/UC7V2KZ5sd3htJivAbA4ZG3w"],"description":"Dicodusport est l'encyclop\u00e9die de l'actualit\u00e9 sportive.","email":"bonjour@dicodusport.fr","legalName":"DICODUSPORT","foundingDate":"2018-01-14","vatID":"FR71834470973","taxID":"83447097300043","numberOfEmployees":{"@type":"QuantitativeValue","minValue":"1","maxValue":"10"}},{"@type":"Person","@id":"https:\/\/dicodusport.fr\/blog\/#\/schema\/person\/627966a6cde45dbd8c5e36ac85d783da","name":"S\u00e9bastien Gente","image":{"@type":"ImageObject","inLanguage":"fr-FR","@id":"https:\/\/dicodusport.fr\/blog\/#\/schema\/person\/image\/","url":"https:\/\/dicodusport.fr\/blog\/wp-content\/uploads\/2021\/09\/1510990_10205810251400683_4124423575079401707_n-150x150.jpg","contentUrl":"https:\/\/dicodusport.fr\/blog\/wp-content\/uploads\/2021\/09\/1510990_10205810251400683_4124423575079401707_n-150x150.jpg","caption":"S\u00e9bastien Gente"},"description":"John Stockton, Gianni Bugno, Zinedine Zidane, Steffi Graf, Frode Andresen, St\u00e9phane Stoecklin, Davis Kamoga, Primoz Peterka, Werner Schlager et Aur\u00e9lien Rougerie. Point commun entre ces sportifs? Ils m'ont fait r\u00eaver et ont berc\u00e9 mon adolescence. Je suis un fondu de sports et j'essaie de retranscrire ma passion \u00e0 travers mes articles. Originaire du P\u00e9rigord, ma passion pour les Girondins, les Jaunards et les Jazzmen transpire dans mes \u00e9crits. \u00c0 Dicodusport depuis 2021, je d\u00e9niche les sports m\u00e9connus dans lesquels la France brille, et il y en a !","sameAs":["https:\/\/www.facebook.com\/sebastien.gente\/","https:\/\/www.instagram.com\/sebgente\/","https:\/\/www.linkedin.com\/in\/sbastien-gente-a29583169\/","https:\/\/x.com\/https:\/\/twitter.com\/globulo24","SebastienGente"],"worksFor":"S\u00e9bastien GENTE","url":"https:\/\/dicodusport.fr\/blog\/author\/sebastiengente\/"}]}},"_links":{"self":[{"href":"https:\/\/dicodusport.fr\/blog\/wp-json\/wp\/v2\/posts\/270002","targetHints":{"allow":["GET"]}}],"collection":[{"href":"https:\/\/dicodusport.fr\/blog\/wp-json\/wp\/v2\/posts"}],"about":[{"href":"https:\/\/dicodusport.fr\/blog\/wp-json\/wp\/v2\/types\/post"}],"author":[{"embeddable":true,"href":"https:\/\/dicodusport.fr\/blog\/wp-json\/wp\/v2\/users\/59"}],"replies":[{"embeddable":true,"href":"https:\/\/dicodusport.fr\/blog\/wp-json\/wp\/v2\/comments?post=270002"}],"version-history":[{"count":0,"href":"https:\/\/dicodusport.fr\/blog\/wp-json\/wp\/v2\/posts\/270002\/revisions"}],"wp:featuredmedia":[{"embeddable":true,"href":"https:\/\/dicodusport.fr\/blog\/wp-json\/wp\/v2\/media\/270004"}],"wp:attachment":[{"href":"https:\/\/dicodusport.fr\/blog\/wp-json\/wp\/v2\/media?parent=270002"}],"wp:term":[{"taxonomy":"category","embeddable":true,"href":"https:\/\/dicodusport.fr\/blog\/wp-json\/wp\/v2\/categories?post=270002"},{"taxonomy":"post_tag","embeddable":true,"href":"https:\/\/dicodusport.fr\/blog\/wp-json\/wp\/v2\/tags?post=270002"}],"curies":[{"name":"wp","href":"https:\/\/api.w.org\/{rel}","templated":true}]}}