{"id":270309,"date":"2022-10-15T19:10:48","date_gmt":"2022-10-15T17:10:48","guid":{"rendered":"https:\/\/dicodusport.fr\/blog\/?p=270309"},"modified":"2022-10-15T20:24:21","modified_gmt":"2022-10-15T18:24:21","slug":"mondiaux-cyclisme-sur-piste-clara-copponi-et-valentine-fortin-en-argent-sur-lamericaine","status":"publish","type":"post","link":"https:\/\/dicodusport.fr\/blog\/mondiaux-cyclisme-sur-piste-clara-copponi-et-valentine-fortin-en-argent-sur-lamericaine\/","title":{"rendered":"Mondiaux Cyclisme sur piste : Clara Copponi et Valentine Fortin en argent sur l&rsquo;Am\u00e9ricaine"},"content":{"rendered":"<p style=\"text-align: justify;\"><strong><em><a href=\"https:\/\/dicodusport.fr\/blog\/programme-et-resultats-mondiaux-de-cyclisme-sur-piste-2022\/\">CHAMPIONNATS DU MONDE DE CYCLISME SUR PISTE<\/a>\u00a0\u2013 Nouvelle m\u00e9daille pour les pistardes tricolores. Doubles vice-championnes du monde, les Fran\u00e7aises de l&rsquo;Am\u00e9ricaine, Clara Copponi et Valentine Fortin, r\u00e9coltent une troisi\u00e8me m\u00e9daille d&rsquo;argent. Seulement devanc\u00e9es par les Belges, tout s&rsquo;est jou\u00e9 dans le dernier sprint.\u00a0<\/em><\/strong><\/p>\n<h2 style=\"text-align: justify;\">Un sc\u00e9nario cruel<\/h2>\n<p style=\"text-align: justify;\">Dans le coup d\u00e8s le premier sprint, le duo fran\u00e7ais faisait figure de favori. D\u00e9j\u00e0 double m\u00e9daill\u00e9e d&rsquo;argent avec <strong>Marie Le Net<\/strong>, <strong>Clara Copponi<\/strong> \u00e9tait cette fois associ\u00e9e \u00e0 <strong>Valentine Fortin<\/strong>. En t\u00eate de quelques unit\u00e9s tout au long de l&rsquo;\u00e9preuve, les Fran\u00e7aises ont subi un coup de moins bien en milieu de course, moment choisi par la paire belge pour tenter le coup et prendre un tour au peloton. Apr\u00e8s deux sprints remport\u00e9s de suite, les Belges finissent par rentrer sur le peloton et engrangent les 20 points qui vont avec.<\/p>\n<p style=\"text-align: justify;\">Invisibles jusque-l\u00e0, les pistardes belges prennent la t\u00eate \u00e0 deux sprints de la fin. Apr\u00e8s de nombreuses attaques, les Fran\u00e7aises sont alors deuxi\u00e8mes \u00e0 5 points des leaders. Lors de l&rsquo;ultime sprint qui double les points, les Bleues passent secondes et remportent 7 points, en \u00e9tant annonc\u00e9es vainqueurs ! Or, les Danoises gagnant les 10 points, les Belges ont pass\u00e9 la ligne en 4\u00e8me position en marquant 2 points. Coup de froid pour le public et le duo tricolore qui est r\u00e9trograd\u00e9 en deuxi\u00e8me position. C&rsquo;est cependant une tr\u00e8s belle m\u00e9daille d&rsquo;argent, la troisi\u00e8me en trois ans.<\/p>\n<blockquote class=\"twitter-tweet\">\n<p dir=\"ltr\" lang=\"fr\">La paire Copponi &#8211; Fortin est vice-championne du monde de la Madison &#x1f44f;&#x1f3fc;<br \/>\nBravo Mesdames ! <a href=\"https:\/\/t.co\/8WSOFmeJJi\">pic.twitter.com\/8WSOFmeJJi<\/a><\/p>\n<p>\u2014 FFC (@FFCyclisme) <a href=\"https:\/\/twitter.com\/FFCyclisme\/status\/1581331633864552450?ref_src=twsrc%5Etfw\">October 15, 2022<\/a><\/p><\/blockquote>\n<p><script async src=\"https:\/\/platform.twitter.com\/widgets.js\" charset=\"utf-8\"><\/script><\/p>\n","protected":false},"excerpt":{"rendered":"<p>CHAMPIONNATS DU MONDE DE CYCLISME SUR PISTE\u00a0\u2013 Nouvelle m\u00e9daille pour les pistardes tricolores. Doubles vice-championnes du monde, les Fran\u00e7aises de l&rsquo;Am\u00e9ricaine, Clara Copponi et Valentine Fortin, r\u00e9coltent une troisi\u00e8me m\u00e9daille d&rsquo;argent. Seulement devanc\u00e9es par les Belges, tout s&rsquo;est jou\u00e9 dans le dernier sprint.\u00a0<\/p>\n","protected":false},"author":43,"featured_media":270350,"comment_status":"open","ping_status":"closed","sticky":false,"template":"","format":"standard","meta":{"_acf_changed":false,"_daextam_enable_autolinks":"","footnotes":""},"categories":[14089],"tags":[10056,1664,19735],"class_list":["post-270309","post","type-post","status-publish","format-standard","has-post-thumbnail","hentry","category-cyclisme-sur-piste","tag-clara-copponi","tag-cyclisme-sur-piste","tag-valentine-fortin"],"acf":[],"yoast_head":"<!-- This site is optimized with the Yoast SEO Premium plugin v26.7 (Yoast SEO v26.7) - https:\/\/yoast.com\/wordpress\/plugins\/seo\/ -->\n<title>Mondiaux Cyclisme sur piste : Clara Copponi et Valentine Fortin en argent sur l&#039;Am\u00e9ricaine<\/title>\n<meta name=\"description\" content=\"CHAMPIONNATS DU MONDE DE CYCLISME SUR PISTE\u00a0\u2013 Les Bleues de l&#039;Am\u00e9ricaine, Clara Copponi et Valentine Fortin, r\u00e9coltent la m\u00e9daille d&#039;argent.\" \/>\n<meta name=\"robots\" content=\"index, follow, max-snippet:-1, max-image-preview:large, max-video-preview:-1\" \/>\n<link rel=\"canonical\" href=\"https:\/\/dicodusport.fr\/blog\/mondiaux-cyclisme-sur-piste-clara-copponi-et-valentine-fortin-en-argent-sur-lamericaine\/\" \/>\n<meta property=\"og:locale\" content=\"fr_FR\" \/>\n<meta property=\"og:type\" content=\"article\" \/>\n<meta property=\"og:title\" content=\"Mondiaux Cyclisme sur piste : Clara Copponi et Valentine Fortin en argent sur l&#039;Am\u00e9ricaine\" \/>\n<meta property=\"og:description\" content=\"CHAMPIONNATS DU MONDE DE CYCLISME SUR PISTE\u00a0\u2013 Les Bleues de l&#039;Am\u00e9ricaine, Clara Copponi et Valentine Fortin, r\u00e9coltent la m\u00e9daille d&#039;argent.\" \/>\n<meta property=\"og:url\" content=\"https:\/\/dicodusport.fr\/blog\/mondiaux-cyclisme-sur-piste-clara-copponi-et-valentine-fortin-en-argent-sur-lamericaine\/\" \/>\n<meta property=\"og:site_name\" content=\"Dicodusport\" \/>\n<meta property=\"article:publisher\" content=\"https:\/\/www.facebook.com\/dicodusport\" \/>\n<meta property=\"article:author\" content=\"https:\/\/www.facebook.com\/Max.Bld2\/\" \/>\n<meta property=\"article:published_time\" content=\"2022-10-15T17:10:48+00:00\" \/>\n<meta property=\"article:modified_time\" content=\"2022-10-15T18:24:21+00:00\" \/>\n<meta property=\"og:image\" content=\"https:\/\/dicodusport.fr\/blog\/wp-content\/uploads\/2022\/10\/Mondiaux-Cyclisme-sur-piste-Clara-Copponi-et-Valentine-Fortin-en-argent-sur-lAmericaine-1.png\" \/>\n\t<meta property=\"og:image:width\" content=\"800\" \/>\n\t<meta property=\"og:image:height\" content=\"445\" \/>\n\t<meta property=\"og:image:type\" content=\"image\/png\" \/>\n<meta name=\"author\" content=\"Maxime Boulard\" \/>\n<meta name=\"twitter:card\" content=\"summary_large_image\" \/>\n<meta name=\"twitter:title\" content=\"Mondiaux Cyclisme sur piste : Clara Copponi et Valentine Fortin en argent sur l&#039;Am\u00e9ricaine\" \/>\n<meta name=\"twitter:creator\" content=\"@https:\/\/twitter.com\/MaximeB_2\" \/>\n<meta name=\"twitter:site\" content=\"@dicodusport\" \/>\n<script type=\"application\/ld+json\" class=\"yoast-schema-graph\">{\"@context\":\"https:\/\/schema.org\",\"@graph\":[{\"@type\":\"NewsArticle\",\"@id\":\"https:\/\/dicodusport.fr\/blog\/mondiaux-cyclisme-sur-piste-clara-copponi-et-valentine-fortin-en-argent-sur-lamericaine\/#article\",\"isPartOf\":{\"@id\":\"https:\/\/dicodusport.fr\/blog\/mondiaux-cyclisme-sur-piste-clara-copponi-et-valentine-fortin-en-argent-sur-lamericaine\/\"},\"author\":{\"name\":\"Maxime Boulard\",\"@id\":\"https:\/\/dicodusport.fr\/blog\/#\/schema\/person\/5aab10ee856e86ac63e9819a9da34784\"},\"headline\":\"Mondiaux Cyclisme sur piste : Clara Copponi et Valentine Fortin en argent sur l&rsquo;Am\u00e9ricaine\",\"datePublished\":\"2022-10-15T17:10:48+00:00\",\"dateModified\":\"2022-10-15T18:24:21+00:00\",\"mainEntityOfPage\":{\"@id\":\"https:\/\/dicodusport.fr\/blog\/mondiaux-cyclisme-sur-piste-clara-copponi-et-valentine-fortin-en-argent-sur-lamericaine\/\"},\"wordCount\":305,\"commentCount\":0,\"publisher\":{\"@id\":\"https:\/\/dicodusport.fr\/blog\/#organization\"},\"image\":{\"@id\":\"https:\/\/dicodusport.fr\/blog\/mondiaux-cyclisme-sur-piste-clara-copponi-et-valentine-fortin-en-argent-sur-lamericaine\/#primaryimage\"},\"thumbnailUrl\":\"https:\/\/dicodusport.fr\/blog\/wp-content\/uploads\/2022\/10\/Mondiaux-Cyclisme-sur-piste-Clara-Copponi-et-Valentine-Fortin-en-argent-sur-lAmericaine-1.png\",\"keywords\":[\"Clara Copponi\",\"cyclisme sur piste\",\"Valentine Fortin\"],\"articleSection\":[\"Cyclisme sur piste\"],\"inLanguage\":\"fr-FR\",\"potentialAction\":[{\"@type\":\"CommentAction\",\"name\":\"Comment\",\"target\":[\"https:\/\/dicodusport.fr\/blog\/mondiaux-cyclisme-sur-piste-clara-copponi-et-valentine-fortin-en-argent-sur-lamericaine\/#respond\"]}],\"copyrightYear\":\"2022\",\"copyrightHolder\":{\"@id\":\"https:\/\/dicodusport.fr\/blog\/#organization\"}},{\"@type\":\"WebPage\",\"@id\":\"https:\/\/dicodusport.fr\/blog\/mondiaux-cyclisme-sur-piste-clara-copponi-et-valentine-fortin-en-argent-sur-lamericaine\/\",\"url\":\"https:\/\/dicodusport.fr\/blog\/mondiaux-cyclisme-sur-piste-clara-copponi-et-valentine-fortin-en-argent-sur-lamericaine\/\",\"name\":\"Mondiaux Cyclisme sur piste : Clara Copponi et Valentine Fortin en argent sur l'Am\u00e9ricaine\",\"isPartOf\":{\"@id\":\"https:\/\/dicodusport.fr\/blog\/#website\"},\"primaryImageOfPage\":{\"@id\":\"https:\/\/dicodusport.fr\/blog\/mondiaux-cyclisme-sur-piste-clara-copponi-et-valentine-fortin-en-argent-sur-lamericaine\/#primaryimage\"},\"image\":{\"@id\":\"https:\/\/dicodusport.fr\/blog\/mondiaux-cyclisme-sur-piste-clara-copponi-et-valentine-fortin-en-argent-sur-lamericaine\/#primaryimage\"},\"thumbnailUrl\":\"https:\/\/dicodusport.fr\/blog\/wp-content\/uploads\/2022\/10\/Mondiaux-Cyclisme-sur-piste-Clara-Copponi-et-Valentine-Fortin-en-argent-sur-lAmericaine-1.png\",\"datePublished\":\"2022-10-15T17:10:48+00:00\",\"dateModified\":\"2022-10-15T18:24:21+00:00\",\"description\":\"CHAMPIONNATS DU MONDE DE CYCLISME SUR PISTE\u00a0\u2013 Les Bleues de l'Am\u00e9ricaine, Clara Copponi et Valentine Fortin, r\u00e9coltent la m\u00e9daille d'argent.\",\"breadcrumb\":{\"@id\":\"https:\/\/dicodusport.fr\/blog\/mondiaux-cyclisme-sur-piste-clara-copponi-et-valentine-fortin-en-argent-sur-lamericaine\/#breadcrumb\"},\"inLanguage\":\"fr-FR\",\"potentialAction\":[{\"@type\":\"ReadAction\",\"target\":[\"https:\/\/dicodusport.fr\/blog\/mondiaux-cyclisme-sur-piste-clara-copponi-et-valentine-fortin-en-argent-sur-lamericaine\/\"]}]},{\"@type\":\"ImageObject\",\"inLanguage\":\"fr-FR\",\"@id\":\"https:\/\/dicodusport.fr\/blog\/mondiaux-cyclisme-sur-piste-clara-copponi-et-valentine-fortin-en-argent-sur-lamericaine\/#primaryimage\",\"url\":\"https:\/\/dicodusport.fr\/blog\/wp-content\/uploads\/2022\/10\/Mondiaux-Cyclisme-sur-piste-Clara-Copponi-et-Valentine-Fortin-en-argent-sur-lAmericaine-1.png\",\"contentUrl\":\"https:\/\/dicodusport.fr\/blog\/wp-content\/uploads\/2022\/10\/Mondiaux-Cyclisme-sur-piste-Clara-Copponi-et-Valentine-Fortin-en-argent-sur-lAmericaine-1.png\",\"width\":800,\"height\":445,\"caption\":\"Mondiaux Cyclisme sur piste Clara Copponi et Valentine Fortin en argent sur l'Am\u00e9ricaine (1)\"},{\"@type\":\"BreadcrumbList\",\"@id\":\"https:\/\/dicodusport.fr\/blog\/mondiaux-cyclisme-sur-piste-clara-copponi-et-valentine-fortin-en-argent-sur-lamericaine\/#breadcrumb\",\"itemListElement\":[{\"@type\":\"ListItem\",\"position\":1,\"name\":\"Accueil\",\"item\":\"https:\/\/dicodusport.fr\/blog\/\"},{\"@type\":\"ListItem\",\"position\":2,\"name\":\"Mondiaux Cyclisme sur piste : Clara Copponi et Valentine Fortin en argent sur l&rsquo;Am\u00e9ricaine\"}]},{\"@type\":\"WebSite\",\"@id\":\"https:\/\/dicodusport.fr\/blog\/#website\",\"url\":\"https:\/\/dicodusport.fr\/blog\/\",\"name\":\"Dicodusport\",\"description\":\"L&#039;encyclop\u00e9die de l&#039;actualit\u00e9 sportive\",\"publisher\":{\"@id\":\"https:\/\/dicodusport.fr\/blog\/#organization\"},\"potentialAction\":[{\"@type\":\"SearchAction\",\"target\":{\"@type\":\"EntryPoint\",\"urlTemplate\":\"https:\/\/dicodusport.fr\/blog\/?s={search_term_string}\"},\"query-input\":{\"@type\":\"PropertyValueSpecification\",\"valueRequired\":true,\"valueName\":\"search_term_string\"}}],\"inLanguage\":\"fr-FR\"},{\"@type\":\"NewsMediaOrganization\",\"@id\":\"https:\/\/dicodusport.fr\/blog\/#organization\",\"name\":\"Dicodusport\",\"url\":\"https:\/\/dicodusport.fr\/blog\/\",\"logo\":{\"@type\":\"ImageObject\",\"inLanguage\":\"fr-FR\",\"@id\":\"https:\/\/dicodusport.fr\/blog\/#\/schema\/logo\/image\/\",\"url\":\"https:\/\/dicodusport.fr\/blog\/wp-content\/uploads\/2020\/06\/cropped-LOGO-DICODUSPORT-2020-SANS-FOND-SANS-TEXTE.png\",\"contentUrl\":\"https:\/\/dicodusport.fr\/blog\/wp-content\/uploads\/2020\/06\/cropped-LOGO-DICODUSPORT-2020-SANS-FOND-SANS-TEXTE.png\",\"width\":512,\"height\":512,\"caption\":\"Dicodusport\"},\"image\":{\"@id\":\"https:\/\/dicodusport.fr\/blog\/#\/schema\/logo\/image\/\"},\"sameAs\":[\"https:\/\/www.facebook.com\/dicodusport\",\"https:\/\/x.com\/dicodusport\",\"https:\/\/www.instagram.com\/dicodusport\/\",\"https:\/\/www.youtube.com\/channel\/UC7V2KZ5sd3htJivAbA4ZG3w\"],\"description\":\"Dicodusport est l'encyclop\u00e9die de l'actualit\u00e9 sportive.\",\"email\":\"bonjour@dicodusport.fr\",\"legalName\":\"DICODUSPORT\",\"foundingDate\":\"2018-01-14\",\"vatID\":\"FR71834470973\",\"taxID\":\"83447097300043\",\"numberOfEmployees\":{\"@type\":\"QuantitativeValue\",\"minValue\":\"1\",\"maxValue\":\"10\"}},{\"@type\":\"Person\",\"@id\":\"https:\/\/dicodusport.fr\/blog\/#\/schema\/person\/5aab10ee856e86ac63e9819a9da34784\",\"name\":\"Maxime Boulard\",\"image\":{\"@type\":\"ImageObject\",\"inLanguage\":\"fr-FR\",\"@id\":\"https:\/\/dicodusport.fr\/blog\/#\/schema\/person\/image\/\",\"url\":\"https:\/\/dicodusport.fr\/blog\/wp-content\/uploads\/2021\/05\/Maxime-Boulard-150x150.jpg\",\"contentUrl\":\"https:\/\/dicodusport.fr\/blog\/wp-content\/uploads\/2021\/05\/Maxime-Boulard-150x150.jpg\",\"caption\":\"Maxime Boulard\"},\"description\":\"Journaliste\/r\u00e9dacteur depuis octobre 2020 - Si mon plus vieux souvenir de sport aurait pu m'en d\u00e9go\u00fbter, la finale de la Coupe du monde 2006 a \u00e9t\u00e9 tout le contraire. V\u00e9ritable d\u00e9clencheur d'une passion qui aujourd'hui ne fait que grandir avec le temps, mon leitmotiv est la France qui brille ! Je relate les exploits pass\u00e9s et pr\u00e9sents du sport bleu-blanc-rouge sans m\u00e9nagement depuis octobre 2020. Sport valide ou handisport, aucune diff\u00e9rence, il n'y a que du sport et plusieurs fa\u00e7ons de le pratiquer.\",\"sameAs\":[\"https:\/\/www.facebook.com\/Max.Bld2\/\",\"https:\/\/x.com\/https:\/\/twitter.com\/MaximeB_2\"],\"url\":\"https:\/\/dicodusport.fr\/blog\/author\/maxime-b\/\"}]}<\/script>\n<!-- \/ Yoast SEO Premium plugin. -->","yoast_head_json":{"title":"Mondiaux Cyclisme sur piste : Clara Copponi et Valentine Fortin en argent sur l'Am\u00e9ricaine","description":"CHAMPIONNATS DU MONDE DE CYCLISME SUR PISTE\u00a0\u2013 Les Bleues de l'Am\u00e9ricaine, Clara Copponi et Valentine Fortin, r\u00e9coltent la m\u00e9daille d'argent.","robots":{"index":"index","follow":"follow","max-snippet":"max-snippet:-1","max-image-preview":"max-image-preview:large","max-video-preview":"max-video-preview:-1"},"canonical":"https:\/\/dicodusport.fr\/blog\/mondiaux-cyclisme-sur-piste-clara-copponi-et-valentine-fortin-en-argent-sur-lamericaine\/","og_locale":"fr_FR","og_type":"article","og_title":"Mondiaux Cyclisme sur piste : Clara Copponi et Valentine Fortin en argent sur l'Am\u00e9ricaine","og_description":"CHAMPIONNATS DU MONDE DE CYCLISME SUR PISTE\u00a0\u2013 Les Bleues de l'Am\u00e9ricaine, Clara Copponi et Valentine Fortin, r\u00e9coltent la m\u00e9daille d'argent.","og_url":"https:\/\/dicodusport.fr\/blog\/mondiaux-cyclisme-sur-piste-clara-copponi-et-valentine-fortin-en-argent-sur-lamericaine\/","og_site_name":"Dicodusport","article_publisher":"https:\/\/www.facebook.com\/dicodusport","article_author":"https:\/\/www.facebook.com\/Max.Bld2\/","article_published_time":"2022-10-15T17:10:48+00:00","article_modified_time":"2022-10-15T18:24:21+00:00","og_image":[{"width":800,"height":445,"url":"https:\/\/dicodusport.fr\/blog\/wp-content\/uploads\/2022\/10\/Mondiaux-Cyclisme-sur-piste-Clara-Copponi-et-Valentine-Fortin-en-argent-sur-lAmericaine-1.png","type":"image\/png"}],"author":"Maxime Boulard","twitter_card":"summary_large_image","twitter_title":"Mondiaux Cyclisme sur piste : Clara Copponi et Valentine Fortin en argent sur l'Am\u00e9ricaine","twitter_creator":"@https:\/\/twitter.com\/MaximeB_2","twitter_site":"@dicodusport","schema":{"@context":"https:\/\/schema.org","@graph":[{"@type":"NewsArticle","@id":"https:\/\/dicodusport.fr\/blog\/mondiaux-cyclisme-sur-piste-clara-copponi-et-valentine-fortin-en-argent-sur-lamericaine\/#article","isPartOf":{"@id":"https:\/\/dicodusport.fr\/blog\/mondiaux-cyclisme-sur-piste-clara-copponi-et-valentine-fortin-en-argent-sur-lamericaine\/"},"author":{"name":"Maxime Boulard","@id":"https:\/\/dicodusport.fr\/blog\/#\/schema\/person\/5aab10ee856e86ac63e9819a9da34784"},"headline":"Mondiaux Cyclisme sur piste : Clara Copponi et Valentine Fortin en argent sur l&rsquo;Am\u00e9ricaine","datePublished":"2022-10-15T17:10:48+00:00","dateModified":"2022-10-15T18:24:21+00:00","mainEntityOfPage":{"@id":"https:\/\/dicodusport.fr\/blog\/mondiaux-cyclisme-sur-piste-clara-copponi-et-valentine-fortin-en-argent-sur-lamericaine\/"},"wordCount":305,"commentCount":0,"publisher":{"@id":"https:\/\/dicodusport.fr\/blog\/#organization"},"image":{"@id":"https:\/\/dicodusport.fr\/blog\/mondiaux-cyclisme-sur-piste-clara-copponi-et-valentine-fortin-en-argent-sur-lamericaine\/#primaryimage"},"thumbnailUrl":"https:\/\/dicodusport.fr\/blog\/wp-content\/uploads\/2022\/10\/Mondiaux-Cyclisme-sur-piste-Clara-Copponi-et-Valentine-Fortin-en-argent-sur-lAmericaine-1.png","keywords":["Clara Copponi","cyclisme sur piste","Valentine Fortin"],"articleSection":["Cyclisme sur piste"],"inLanguage":"fr-FR","potentialAction":[{"@type":"CommentAction","name":"Comment","target":["https:\/\/dicodusport.fr\/blog\/mondiaux-cyclisme-sur-piste-clara-copponi-et-valentine-fortin-en-argent-sur-lamericaine\/#respond"]}],"copyrightYear":"2022","copyrightHolder":{"@id":"https:\/\/dicodusport.fr\/blog\/#organization"}},{"@type":"WebPage","@id":"https:\/\/dicodusport.fr\/blog\/mondiaux-cyclisme-sur-piste-clara-copponi-et-valentine-fortin-en-argent-sur-lamericaine\/","url":"https:\/\/dicodusport.fr\/blog\/mondiaux-cyclisme-sur-piste-clara-copponi-et-valentine-fortin-en-argent-sur-lamericaine\/","name":"Mondiaux Cyclisme sur piste : Clara Copponi et Valentine Fortin en argent sur l'Am\u00e9ricaine","isPartOf":{"@id":"https:\/\/dicodusport.fr\/blog\/#website"},"primaryImageOfPage":{"@id":"https:\/\/dicodusport.fr\/blog\/mondiaux-cyclisme-sur-piste-clara-copponi-et-valentine-fortin-en-argent-sur-lamericaine\/#primaryimage"},"image":{"@id":"https:\/\/dicodusport.fr\/blog\/mondiaux-cyclisme-sur-piste-clara-copponi-et-valentine-fortin-en-argent-sur-lamericaine\/#primaryimage"},"thumbnailUrl":"https:\/\/dicodusport.fr\/blog\/wp-content\/uploads\/2022\/10\/Mondiaux-Cyclisme-sur-piste-Clara-Copponi-et-Valentine-Fortin-en-argent-sur-lAmericaine-1.png","datePublished":"2022-10-15T17:10:48+00:00","dateModified":"2022-10-15T18:24:21+00:00","description":"CHAMPIONNATS DU MONDE DE CYCLISME SUR PISTE\u00a0\u2013 Les Bleues de l'Am\u00e9ricaine, Clara Copponi et Valentine Fortin, r\u00e9coltent la m\u00e9daille d'argent.","breadcrumb":{"@id":"https:\/\/dicodusport.fr\/blog\/mondiaux-cyclisme-sur-piste-clara-copponi-et-valentine-fortin-en-argent-sur-lamericaine\/#breadcrumb"},"inLanguage":"fr-FR","potentialAction":[{"@type":"ReadAction","target":["https:\/\/dicodusport.fr\/blog\/mondiaux-cyclisme-sur-piste-clara-copponi-et-valentine-fortin-en-argent-sur-lamericaine\/"]}]},{"@type":"ImageObject","inLanguage":"fr-FR","@id":"https:\/\/dicodusport.fr\/blog\/mondiaux-cyclisme-sur-piste-clara-copponi-et-valentine-fortin-en-argent-sur-lamericaine\/#primaryimage","url":"https:\/\/dicodusport.fr\/blog\/wp-content\/uploads\/2022\/10\/Mondiaux-Cyclisme-sur-piste-Clara-Copponi-et-Valentine-Fortin-en-argent-sur-lAmericaine-1.png","contentUrl":"https:\/\/dicodusport.fr\/blog\/wp-content\/uploads\/2022\/10\/Mondiaux-Cyclisme-sur-piste-Clara-Copponi-et-Valentine-Fortin-en-argent-sur-lAmericaine-1.png","width":800,"height":445,"caption":"Mondiaux Cyclisme sur piste Clara Copponi et Valentine Fortin en argent sur l'Am\u00e9ricaine (1)"},{"@type":"BreadcrumbList","@id":"https:\/\/dicodusport.fr\/blog\/mondiaux-cyclisme-sur-piste-clara-copponi-et-valentine-fortin-en-argent-sur-lamericaine\/#breadcrumb","itemListElement":[{"@type":"ListItem","position":1,"name":"Accueil","item":"https:\/\/dicodusport.fr\/blog\/"},{"@type":"ListItem","position":2,"name":"Mondiaux Cyclisme sur piste : Clara Copponi et Valentine Fortin en argent sur l&rsquo;Am\u00e9ricaine"}]},{"@type":"WebSite","@id":"https:\/\/dicodusport.fr\/blog\/#website","url":"https:\/\/dicodusport.fr\/blog\/","name":"Dicodusport","description":"L&#039;encyclop\u00e9die de l&#039;actualit\u00e9 sportive","publisher":{"@id":"https:\/\/dicodusport.fr\/blog\/#organization"},"potentialAction":[{"@type":"SearchAction","target":{"@type":"EntryPoint","urlTemplate":"https:\/\/dicodusport.fr\/blog\/?s={search_term_string}"},"query-input":{"@type":"PropertyValueSpecification","valueRequired":true,"valueName":"search_term_string"}}],"inLanguage":"fr-FR"},{"@type":"NewsMediaOrganization","@id":"https:\/\/dicodusport.fr\/blog\/#organization","name":"Dicodusport","url":"https:\/\/dicodusport.fr\/blog\/","logo":{"@type":"ImageObject","inLanguage":"fr-FR","@id":"https:\/\/dicodusport.fr\/blog\/#\/schema\/logo\/image\/","url":"https:\/\/dicodusport.fr\/blog\/wp-content\/uploads\/2020\/06\/cropped-LOGO-DICODUSPORT-2020-SANS-FOND-SANS-TEXTE.png","contentUrl":"https:\/\/dicodusport.fr\/blog\/wp-content\/uploads\/2020\/06\/cropped-LOGO-DICODUSPORT-2020-SANS-FOND-SANS-TEXTE.png","width":512,"height":512,"caption":"Dicodusport"},"image":{"@id":"https:\/\/dicodusport.fr\/blog\/#\/schema\/logo\/image\/"},"sameAs":["https:\/\/www.facebook.com\/dicodusport","https:\/\/x.com\/dicodusport","https:\/\/www.instagram.com\/dicodusport\/","https:\/\/www.youtube.com\/channel\/UC7V2KZ5sd3htJivAbA4ZG3w"],"description":"Dicodusport est l'encyclop\u00e9die de l'actualit\u00e9 sportive.","email":"bonjour@dicodusport.fr","legalName":"DICODUSPORT","foundingDate":"2018-01-14","vatID":"FR71834470973","taxID":"83447097300043","numberOfEmployees":{"@type":"QuantitativeValue","minValue":"1","maxValue":"10"}},{"@type":"Person","@id":"https:\/\/dicodusport.fr\/blog\/#\/schema\/person\/5aab10ee856e86ac63e9819a9da34784","name":"Maxime Boulard","image":{"@type":"ImageObject","inLanguage":"fr-FR","@id":"https:\/\/dicodusport.fr\/blog\/#\/schema\/person\/image\/","url":"https:\/\/dicodusport.fr\/blog\/wp-content\/uploads\/2021\/05\/Maxime-Boulard-150x150.jpg","contentUrl":"https:\/\/dicodusport.fr\/blog\/wp-content\/uploads\/2021\/05\/Maxime-Boulard-150x150.jpg","caption":"Maxime Boulard"},"description":"Journaliste\/r\u00e9dacteur depuis octobre 2020 - Si mon plus vieux souvenir de sport aurait pu m'en d\u00e9go\u00fbter, la finale de la Coupe du monde 2006 a \u00e9t\u00e9 tout le contraire. V\u00e9ritable d\u00e9clencheur d'une passion qui aujourd'hui ne fait que grandir avec le temps, mon leitmotiv est la France qui brille ! Je relate les exploits pass\u00e9s et pr\u00e9sents du sport bleu-blanc-rouge sans m\u00e9nagement depuis octobre 2020. Sport valide ou handisport, aucune diff\u00e9rence, il n'y a que du sport et plusieurs fa\u00e7ons de le pratiquer.","sameAs":["https:\/\/www.facebook.com\/Max.Bld2\/","https:\/\/x.com\/https:\/\/twitter.com\/MaximeB_2"],"url":"https:\/\/dicodusport.fr\/blog\/author\/maxime-b\/"}]}},"_links":{"self":[{"href":"https:\/\/dicodusport.fr\/blog\/wp-json\/wp\/v2\/posts\/270309","targetHints":{"allow":["GET"]}}],"collection":[{"href":"https:\/\/dicodusport.fr\/blog\/wp-json\/wp\/v2\/posts"}],"about":[{"href":"https:\/\/dicodusport.fr\/blog\/wp-json\/wp\/v2\/types\/post"}],"author":[{"embeddable":true,"href":"https:\/\/dicodusport.fr\/blog\/wp-json\/wp\/v2\/users\/43"}],"replies":[{"embeddable":true,"href":"https:\/\/dicodusport.fr\/blog\/wp-json\/wp\/v2\/comments?post=270309"}],"version-history":[{"count":0,"href":"https:\/\/dicodusport.fr\/blog\/wp-json\/wp\/v2\/posts\/270309\/revisions"}],"wp:featuredmedia":[{"embeddable":true,"href":"https:\/\/dicodusport.fr\/blog\/wp-json\/wp\/v2\/media\/270350"}],"wp:attachment":[{"href":"https:\/\/dicodusport.fr\/blog\/wp-json\/wp\/v2\/media?parent=270309"}],"wp:term":[{"taxonomy":"category","embeddable":true,"href":"https:\/\/dicodusport.fr\/blog\/wp-json\/wp\/v2\/categories?post=270309"},{"taxonomy":"post_tag","embeddable":true,"href":"https:\/\/dicodusport.fr\/blog\/wp-json\/wp\/v2\/tags?post=270309"}],"curies":[{"name":"wp","href":"https:\/\/api.w.org\/{rel}","templated":true}]}}