{"id":270573,"date":"2022-10-16T18:12:44","date_gmt":"2022-10-16T16:12:44","guid":{"rendered":"https:\/\/dicodusport.fr\/blog\/?p=270573"},"modified":"2022-10-17T14:26:50","modified_gmt":"2022-10-17T12:26:50","slug":"clasico-le-real-madrid-domine-le-barca-et-prend-la-tete-de-la-liga","status":"publish","type":"post","link":"https:\/\/dicodusport.fr\/blog\/clasico-le-real-madrid-domine-le-barca-et-prend-la-tete-de-la-liga\/","title":{"rendered":"Clasico : Le Real Madrid domine le Bar\u00e7a et prend la t\u00eate de la Liga"},"content":{"rendered":"<p style=\"text-align: justify;\"><strong><em>FOOTBALL &#8211; LIGA &#8211; Ce dimanche, le Real Madrid a remport\u00e9 le premier Clasico de la saison (3-1), apr\u00e8s un match globalement ma\u00eetris\u00e9, malgr\u00e9 une r\u00e9action adverse en fin de match. Karim Benzema, Federico Valverde et Rodrygo sont les buteurs du c\u00f4t\u00e9 du Real, alors que Ferran Torres a r\u00e9duit l&rsquo;\u00e9cart pour le Bar\u00e7a.<\/em><\/strong><\/p>\n<p style=\"text-align: justify;\">Apr\u00e8s un tr\u00e8s bon d\u00e9but de saison, le <strong>FC Barcelone<\/strong> et le <strong>Real Madrid<\/strong> se rencontraient ce dimanche pour <strong>le premier Clasico de la saison<\/strong> dans l&rsquo;antre du Real Madrid, au stade <strong>Santiago Bernab\u00e9u<\/strong>. Du c\u00f4t\u00e9 des locaux, <strong>Thibaut Courtois<\/strong> et <strong>Dani Ceballos<\/strong> sont bless\u00e9s alors que du c\u00f4t\u00e9 des visiteurs, <strong>Memphis Depay<\/strong>, <strong>Hector Bellerin<\/strong>, <strong>Andreas Christensen<\/strong> et <strong>Ronald Araujo<\/strong> sont absents.<\/p>\n<h2 style=\"text-align: justify;\">Des Madril\u00e8nes plus tranchants<\/h2>\n<p style=\"text-align: justify;\">Le match commence avec de l&rsquo;intensit\u00e9 et il n&rsquo;aura pas fallu attendre longtemps pour avoir de l&rsquo;animation, puisque <strong>Rafinha<\/strong> allume la premi\u00e8re m\u00e8che (5e). Mais c&rsquo;est sans danger pour <strong>Lunin<\/strong> qui capte facilement le ballon. Le Real r\u00e9pond imm\u00e9diatement par l&rsquo;interm\u00e9diaire de <strong>Vinicius<\/strong> dont la frappe est d\u00e9tourn\u00e9e en corner. Apr\u00e8s une interception, le Real Madrid lance une contre-attaque supersonique. Vinicius tente de finir \u00e0 bout portant, mais c&rsquo;est repouss\u00e9 par <strong>Ter Stegen<\/strong>. <strong>Benzema<\/strong> frappe en deuxi\u00e8me lame et s&rsquo;offre le premier but du match (12e). <strong>1-0<\/strong> pour les Madril\u00e8nes.<\/p>\n<p style=\"text-align: justify;\">Le Bar\u00e7a peine \u00e0 trouver des solutions face au pressing blanc. Pourtant apr\u00e8s une belle passe de <strong>Pedri<\/strong>, les Blaugranas passent tout proches de l&rsquo;\u00e9galisation, mais <strong>Lewandowski<\/strong> rate le cadre (25e). Et c&rsquo;est le Real Madrid qui en profite. Alors que les Catalans sont brouillons dans les derniers gestes, les Merengues, eux, sont tranchants. Apr\u00e8s une d\u00e9viation malencontreuse, les Madril\u00e8nes conservent bien le ballon jusqu&rsquo;\u00e0 une passe de <strong>Mendy<\/strong> pour <strong>Valverde<\/strong> qui frappe parfaitement dans le petit filet de Ter Stegen. <strong>2-0<\/strong> pour les Madril\u00e8nes qui assomment le Bar\u00e7a. Les Catalans tentent de r\u00e9agir par une frappe soudaine de <strong>de Jong<\/strong>, mais Lunin s&rsquo;interpose (36e). Les 22 acteurs regagnent le vestiaire apr\u00e8s une derni\u00e8re possession st\u00e9rile des hommes de <strong>Xavi<\/strong>. 2-0 pour le Real Madrid \u00e0 la pause.<\/p>\n<h2 style=\"text-align: justify;\">Un d\u00e9but de deuxi\u00e8me p\u00e9riode \u00e0 l&rsquo;image de la premi\u00e8re<\/h2>\n<p style=\"text-align: justify;\">La deuxi\u00e8me p\u00e9riode d\u00e9bute avec des Blaugranas qui semblent plus conqu\u00e9rants que lors du premier acte. Les co\u00e9quipiers de<strong> Pedri<\/strong> tentent de confisquer le ballon. En face, les joueurs de <strong>Carlo Ancelotti<\/strong> \u00e9voluent en contre. C&rsquo;est <strong>Toni Kroos<\/strong> qui est le premier \u00e0 tenter sa chance \u00e0 la 51\u00e8me minute, mais sa frappe n&rsquo;est pas cadr\u00e9e. Un peu plus tard, Benzema marque, mais il est signal\u00e9 hors-jeu. Le Real Madrid se montre sup\u00e9rieur dans l&rsquo;utilisation du ballon et n&rsquo;est presque pas inqui\u00e9t\u00e9 par son adversaire.<\/p>\n<p style=\"text-align: justify;\">Xavi est conscient des difficult\u00e9s de son \u00e9quipe et fait 3 changements \u00e0 l&rsquo;heure de jeu pour tenter d&rsquo;insuffler une nouvelle dynamique \u00e0 son \u00e9quipe. <strong>Jordi Alba<\/strong>, <strong>Gavi<\/strong> et <strong>Ferran<\/strong> <strong>Torres<\/strong> sont les entrants. Mais c&rsquo;est le Real Madrid qui a les occasions, \u00e0 l&rsquo;image de Benzema dont la frappe passe au-dessus du but. <strong>Demb\u00e9l\u00e9<\/strong>, joueur le plus dangereux de son \u00e9quipe, obtient un bon coup franc apr\u00e8s une belle acc\u00e9l\u00e9ration, mais le tir de Lewandowski reste dans le mur. Le joueur fran\u00e7ais est ensuite remplac\u00e9 par <strong>Ansu Fati<\/strong>.<\/p>\n<h2 style=\"text-align: justify;\">Ansu Fati m\u00e8ne la r\u00e9bellion<\/h2>\n<p style=\"text-align: justify;\">Le rythme de la rencontre est de plus en plus \u00e9lev\u00e9. <strong>Robert Lewandowski<\/strong> chute dans la surface apr\u00e8s un dribble mais l&rsquo;arbitre ne bronche pas, alors que Xavi r\u00e9clamait un penalty. Ansu Fati am\u00e8ne du danger dans la surface madril\u00e8ne et frappe, mais cette derni\u00e8re fr\u00f4le le montant de Lunin. Finalement, apr\u00e8s un excellent d\u00e9bordement sur le flanc gauche, <strong>Ansu Fati<\/strong> trouve <strong>Ferran Torres<\/strong> qui fait mouche de pr\u00e8s. <strong>Le FC Barcelone<\/strong> r\u00e9duit l&rsquo;\u00e9cart et n&rsquo;est plus men\u00e9 que d&rsquo;un seul but. Peu de temps apr\u00e8s, Ansu Fati, auteur d&rsquo;une tr\u00e8s bonne entr\u00e9e, tente sa chance sur une reprise acrobatique, mais le ballon ne trouve pas le cadre.<\/p>\n<p style=\"text-align: justify;\">Cependant l&rsquo;espoir est de courte dur\u00e9e pour le FC Barcelone puisque suite \u00e0 une remont\u00e9e \u00e9claire de Valverde, <strong>Rodrygo<\/strong> subit un contact dans la surface et s&rsquo;effondre. L&rsquo;arbitre indique le point de penalty. Rodrygo se fait ensuite justice lui-m\u00eame et inscrit le troisi\u00e8me but pour la Maison Blanche. <strong>3-0<\/strong> pour le Real Madrid.<\/p>\n<h2 style=\"text-align: justify;\">Un Real globalement sup\u00e9rieur<\/h2>\n<p style=\"text-align: justify;\">Le Real a montr\u00e9 sa sup\u00e9riorit\u00e9 dans ce match, gr\u00e2ce notamment \u00e0 un milieu toujours aussi efficace. <strong>Modric<\/strong>, <strong>Kroos<\/strong> et <strong>Tchouam\u00e9ni<\/strong> ont montr\u00e9 toutes leurs qualit\u00e9s face \u00e0 des Catalans d\u00e9pass\u00e9s tactiquement et techniquement par les hommes de Carlo Ancelotti. Le Real remporte donc ce premier Clasico de la saison et <strong>prend 3 points d&rsquo;avance sur son adversaire du jour<\/strong>.<\/p>\n<blockquote class=\"twitter-tweet\">\n<p dir=\"ltr\" lang=\"es\">&#x1f3c1; FM: <a href=\"https:\/\/twitter.com\/realmadridfra?ref_src=twsrc%5Etfw\">@realmadridfra<\/a> 3-1 <a href=\"https:\/\/twitter.com\/fcbarcelona_fra?ref_src=twsrc%5Etfw\">@fcbarcelona_fra<\/a><br \/>\n&#x26bd; <a href=\"https:\/\/twitter.com\/Benzema?ref_src=twsrc%5Etfw\">@Benzema<\/a> 12&prime;, <a href=\"https:\/\/twitter.com\/fedeevalverde?ref_src=twsrc%5Etfw\">@fedeevalverde<\/a> 35&prime;, <a href=\"https:\/\/twitter.com\/RodrygoGoes?ref_src=twsrc%5Etfw\">@RodrygoGoes<\/a> 90&rsquo;+2&prime;; Ferran Torres 83&prime;<a href=\"https:\/\/twitter.com\/hashtag\/ElCl%C3%A1sico?src=hash&amp;ref_src=twsrc%5Etfw\">#ElCl\u00e1sico<\/a> | <a href=\"https:\/\/twitter.com\/hashtag\/Emirates?src=hash&amp;ref_src=twsrc%5Etfw\">#Emirates<\/a> <a href=\"https:\/\/t.co\/5Ok2RES5xS\">pic.twitter.com\/5Ok2RES5xS<\/a><\/p>\n<p>\u2014 Real Madrid C.F. &#x1f1eb;&#x1f1f7; (@realmadridfra) <a href=\"https:\/\/twitter.com\/realmadridfra\/status\/1581678173682819078?ref_src=twsrc%5Etfw\">October 16, 2022<\/a><\/p><\/blockquote>\n<p><script async src=\"https:\/\/platform.twitter.com\/widgets.js\" charset=\"utf-8\"><\/script><\/p>\n","protected":false},"excerpt":{"rendered":"<p>FOOTBALL &#8211; LIGA &#8211; Ce dimanche, le Real Madrid a remporte le premier Clasico de la saison (3-1), apr\u00e8s un match globalement ma\u00eetris\u00e9, malgr\u00e9 une r\u00e9action adverse en fin de match. Karim Benzema, Federico Valverde et Rodrygo sont les buteurs du c\u00f4t\u00e9 du Real, alors que Ferran Torres a r\u00e9duit l&rsquo;\u00e9cart pour le Bar\u00e7a.<\/p>\n","protected":false},"author":72,"featured_media":270655,"comment_status":"open","ping_status":"closed","sticky":false,"template":"","format":"standard","meta":{"_acf_changed":false,"_daextam_enable_autolinks":"","footnotes":""},"categories":[2301],"tags":[4770,4203,75,521],"class_list":["post-270573","post","type-post","status-publish","format-standard","has-post-thumbnail","hentry","category-football","tag-clasico","tag-fc-barcelone","tag-football","tag-real-madrid"],"acf":[],"yoast_head":"<!-- This site is optimized with the Yoast SEO Premium plugin v26.7 (Yoast SEO v26.7) - https:\/\/yoast.com\/wordpress\/plugins\/seo\/ -->\n<title>Clasico : Le Real Madrid domine le Bar\u00e7a et prend la t\u00eate de la Liga<\/title>\n<meta name=\"description\" content=\"FOOTBALL - LIGA - Ce dimanche, le Real Madrid a remport\u00e9le premier Clasico de la saison (3-1), et prend la t\u00eate de la Liga.\" \/>\n<meta name=\"robots\" content=\"index, follow, max-snippet:-1, max-image-preview:large, max-video-preview:-1\" \/>\n<link rel=\"canonical\" href=\"https:\/\/dicodusport.fr\/blog\/clasico-le-real-madrid-domine-le-barca-et-prend-la-tete-de-la-liga\/\" \/>\n<meta property=\"og:locale\" content=\"fr_FR\" \/>\n<meta property=\"og:type\" content=\"article\" \/>\n<meta property=\"og:title\" content=\"Clasico : Le Real Madrid domine le Bar\u00e7a et prend la t\u00eate de la Liga\" \/>\n<meta property=\"og:description\" content=\"FOOTBALL - LIGA - Ce dimanche, le Real Madrid a remport\u00e9le premier Clasico de la saison (3-1), et prend la t\u00eate de la Liga.\" \/>\n<meta property=\"og:url\" content=\"https:\/\/dicodusport.fr\/blog\/clasico-le-real-madrid-domine-le-barca-et-prend-la-tete-de-la-liga\/\" \/>\n<meta property=\"og:site_name\" content=\"Dicodusport\" \/>\n<meta property=\"article:publisher\" content=\"https:\/\/www.facebook.com\/dicodusport\" \/>\n<meta property=\"article:published_time\" content=\"2022-10-16T16:12:44+00:00\" \/>\n<meta property=\"article:modified_time\" content=\"2022-10-17T12:26:50+00:00\" \/>\n<meta property=\"og:image\" content=\"https:\/\/dicodusport.fr\/blog\/wp-content\/uploads\/2022\/10\/Clasico-Le-Real-Madrid-domine-le-Barca-et-prend-la-tete-de-la-Liga.png\" \/>\n\t<meta property=\"og:image:width\" content=\"800\" \/>\n\t<meta property=\"og:image:height\" content=\"445\" \/>\n\t<meta property=\"og:image:type\" content=\"image\/png\" \/>\n<meta name=\"author\" content=\"Alexis Fernandez\" \/>\n<meta name=\"twitter:card\" content=\"summary_large_image\" \/>\n<meta name=\"twitter:title\" content=\"Clasico : Le Real Madrid domine le Bar\u00e7a et prend la t\u00eate de la Liga\" \/>\n<meta name=\"twitter:creator\" content=\"@dicodusport\" \/>\n<meta name=\"twitter:site\" content=\"@dicodusport\" \/>\n<script type=\"application\/ld+json\" class=\"yoast-schema-graph\">{\"@context\":\"https:\/\/schema.org\",\"@graph\":[{\"@type\":\"NewsArticle\",\"@id\":\"https:\/\/dicodusport.fr\/blog\/clasico-le-real-madrid-domine-le-barca-et-prend-la-tete-de-la-liga\/#article\",\"isPartOf\":{\"@id\":\"https:\/\/dicodusport.fr\/blog\/clasico-le-real-madrid-domine-le-barca-et-prend-la-tete-de-la-liga\/\"},\"author\":{\"name\":\"Alexis Fernandez\",\"@id\":\"https:\/\/dicodusport.fr\/blog\/#\/schema\/person\/fc51c9607eb9d1b5db48016b5b51b469\"},\"headline\":\"Clasico : Le Real Madrid domine le Bar\u00e7a et prend la t\u00eate de la Liga\",\"datePublished\":\"2022-10-16T16:12:44+00:00\",\"dateModified\":\"2022-10-17T12:26:50+00:00\",\"mainEntityOfPage\":{\"@id\":\"https:\/\/dicodusport.fr\/blog\/clasico-le-real-madrid-domine-le-barca-et-prend-la-tete-de-la-liga\/\"},\"wordCount\":898,\"commentCount\":0,\"publisher\":{\"@id\":\"https:\/\/dicodusport.fr\/blog\/#organization\"},\"image\":{\"@id\":\"https:\/\/dicodusport.fr\/blog\/clasico-le-real-madrid-domine-le-barca-et-prend-la-tete-de-la-liga\/#primaryimage\"},\"thumbnailUrl\":\"https:\/\/dicodusport.fr\/blog\/wp-content\/uploads\/2022\/10\/Clasico-Le-Real-Madrid-domine-le-Barca-et-prend-la-tete-de-la-Liga.png\",\"keywords\":[\"clasico\",\"FC Barcelone\",\"Football\",\"Real Madrid\"],\"articleSection\":[\"Football\"],\"inLanguage\":\"fr-FR\",\"potentialAction\":[{\"@type\":\"CommentAction\",\"name\":\"Comment\",\"target\":[\"https:\/\/dicodusport.fr\/blog\/clasico-le-real-madrid-domine-le-barca-et-prend-la-tete-de-la-liga\/#respond\"]}],\"copyrightYear\":\"2022\",\"copyrightHolder\":{\"@id\":\"https:\/\/dicodusport.fr\/blog\/#organization\"}},{\"@type\":\"WebPage\",\"@id\":\"https:\/\/dicodusport.fr\/blog\/clasico-le-real-madrid-domine-le-barca-et-prend-la-tete-de-la-liga\/\",\"url\":\"https:\/\/dicodusport.fr\/blog\/clasico-le-real-madrid-domine-le-barca-et-prend-la-tete-de-la-liga\/\",\"name\":\"Clasico : Le Real Madrid domine le Bar\u00e7a et prend la t\u00eate de la Liga\",\"isPartOf\":{\"@id\":\"https:\/\/dicodusport.fr\/blog\/#website\"},\"primaryImageOfPage\":{\"@id\":\"https:\/\/dicodusport.fr\/blog\/clasico-le-real-madrid-domine-le-barca-et-prend-la-tete-de-la-liga\/#primaryimage\"},\"image\":{\"@id\":\"https:\/\/dicodusport.fr\/blog\/clasico-le-real-madrid-domine-le-barca-et-prend-la-tete-de-la-liga\/#primaryimage\"},\"thumbnailUrl\":\"https:\/\/dicodusport.fr\/blog\/wp-content\/uploads\/2022\/10\/Clasico-Le-Real-Madrid-domine-le-Barca-et-prend-la-tete-de-la-Liga.png\",\"datePublished\":\"2022-10-16T16:12:44+00:00\",\"dateModified\":\"2022-10-17T12:26:50+00:00\",\"description\":\"FOOTBALL - LIGA - Ce dimanche, le Real Madrid a remport\u00e9le premier Clasico de la saison (3-1), et prend la t\u00eate de la Liga.\",\"breadcrumb\":{\"@id\":\"https:\/\/dicodusport.fr\/blog\/clasico-le-real-madrid-domine-le-barca-et-prend-la-tete-de-la-liga\/#breadcrumb\"},\"inLanguage\":\"fr-FR\",\"potentialAction\":[{\"@type\":\"ReadAction\",\"target\":[\"https:\/\/dicodusport.fr\/blog\/clasico-le-real-madrid-domine-le-barca-et-prend-la-tete-de-la-liga\/\"]}]},{\"@type\":\"ImageObject\",\"inLanguage\":\"fr-FR\",\"@id\":\"https:\/\/dicodusport.fr\/blog\/clasico-le-real-madrid-domine-le-barca-et-prend-la-tete-de-la-liga\/#primaryimage\",\"url\":\"https:\/\/dicodusport.fr\/blog\/wp-content\/uploads\/2022\/10\/Clasico-Le-Real-Madrid-domine-le-Barca-et-prend-la-tete-de-la-Liga.png\",\"contentUrl\":\"https:\/\/dicodusport.fr\/blog\/wp-content\/uploads\/2022\/10\/Clasico-Le-Real-Madrid-domine-le-Barca-et-prend-la-tete-de-la-Liga.png\",\"width\":800,\"height\":445,\"caption\":\"Clasico Le Real Madrid domine le Bar\u00e7a et prend la t\u00eate de la Liga\"},{\"@type\":\"BreadcrumbList\",\"@id\":\"https:\/\/dicodusport.fr\/blog\/clasico-le-real-madrid-domine-le-barca-et-prend-la-tete-de-la-liga\/#breadcrumb\",\"itemListElement\":[{\"@type\":\"ListItem\",\"position\":1,\"name\":\"Accueil\",\"item\":\"https:\/\/dicodusport.fr\/blog\/\"},{\"@type\":\"ListItem\",\"position\":2,\"name\":\"Clasico : Le Real Madrid domine le Bar\u00e7a et prend la t\u00eate de la Liga\"}]},{\"@type\":\"WebSite\",\"@id\":\"https:\/\/dicodusport.fr\/blog\/#website\",\"url\":\"https:\/\/dicodusport.fr\/blog\/\",\"name\":\"Dicodusport\",\"description\":\"L&#039;encyclop\u00e9die de l&#039;actualit\u00e9 sportive\",\"publisher\":{\"@id\":\"https:\/\/dicodusport.fr\/blog\/#organization\"},\"potentialAction\":[{\"@type\":\"SearchAction\",\"target\":{\"@type\":\"EntryPoint\",\"urlTemplate\":\"https:\/\/dicodusport.fr\/blog\/?s={search_term_string}\"},\"query-input\":{\"@type\":\"PropertyValueSpecification\",\"valueRequired\":true,\"valueName\":\"search_term_string\"}}],\"inLanguage\":\"fr-FR\"},{\"@type\":\"NewsMediaOrganization\",\"@id\":\"https:\/\/dicodusport.fr\/blog\/#organization\",\"name\":\"Dicodusport\",\"url\":\"https:\/\/dicodusport.fr\/blog\/\",\"logo\":{\"@type\":\"ImageObject\",\"inLanguage\":\"fr-FR\",\"@id\":\"https:\/\/dicodusport.fr\/blog\/#\/schema\/logo\/image\/\",\"url\":\"https:\/\/dicodusport.fr\/blog\/wp-content\/uploads\/2020\/06\/cropped-LOGO-DICODUSPORT-2020-SANS-FOND-SANS-TEXTE.png\",\"contentUrl\":\"https:\/\/dicodusport.fr\/blog\/wp-content\/uploads\/2020\/06\/cropped-LOGO-DICODUSPORT-2020-SANS-FOND-SANS-TEXTE.png\",\"width\":512,\"height\":512,\"caption\":\"Dicodusport\"},\"image\":{\"@id\":\"https:\/\/dicodusport.fr\/blog\/#\/schema\/logo\/image\/\"},\"sameAs\":[\"https:\/\/www.facebook.com\/dicodusport\",\"https:\/\/x.com\/dicodusport\",\"https:\/\/www.instagram.com\/dicodusport\/\",\"https:\/\/www.youtube.com\/channel\/UC7V2KZ5sd3htJivAbA4ZG3w\"],\"description\":\"Dicodusport est l'encyclop\u00e9die de l'actualit\u00e9 sportive.\",\"email\":\"bonjour@dicodusport.fr\",\"legalName\":\"DICODUSPORT\",\"foundingDate\":\"2018-01-14\",\"vatID\":\"FR71834470973\",\"taxID\":\"83447097300043\",\"numberOfEmployees\":{\"@type\":\"QuantitativeValue\",\"minValue\":\"1\",\"maxValue\":\"10\"}},{\"@type\":\"Person\",\"@id\":\"https:\/\/dicodusport.fr\/blog\/#\/schema\/person\/fc51c9607eb9d1b5db48016b5b51b469\",\"name\":\"Alexis Fernandez\",\"image\":{\"@type\":\"ImageObject\",\"inLanguage\":\"fr-FR\",\"@id\":\"https:\/\/dicodusport.fr\/blog\/#\/schema\/person\/image\/\",\"url\":\"https:\/\/dicodusport.fr\/blog\/wp-content\/uploads\/2022\/05\/1650645029885-150x150.jpg\",\"contentUrl\":\"https:\/\/dicodusport.fr\/blog\/wp-content\/uploads\/2022\/05\/1650645029885-150x150.jpg\",\"caption\":\"Alexis Fernandez\"},\"description\":\"R\u00e9dacteur depuis Mai 2022 - Passionn\u00e9 de sport depuis mon plus jeune \u00e2ge, j'essaie de retranscrire sa magie en \u00e9crivant \u2026\",\"url\":\"https:\/\/dicodusport.fr\/blog\/author\/alexis-f\/\"}]}<\/script>\n<!-- \/ Yoast SEO Premium plugin. -->","yoast_head_json":{"title":"Clasico : Le Real Madrid domine le Bar\u00e7a et prend la t\u00eate de la Liga","description":"FOOTBALL - LIGA - Ce dimanche, le Real Madrid a remport\u00e9le premier Clasico de la saison (3-1), et prend la t\u00eate de la Liga.","robots":{"index":"index","follow":"follow","max-snippet":"max-snippet:-1","max-image-preview":"max-image-preview:large","max-video-preview":"max-video-preview:-1"},"canonical":"https:\/\/dicodusport.fr\/blog\/clasico-le-real-madrid-domine-le-barca-et-prend-la-tete-de-la-liga\/","og_locale":"fr_FR","og_type":"article","og_title":"Clasico : Le Real Madrid domine le Bar\u00e7a et prend la t\u00eate de la Liga","og_description":"FOOTBALL - LIGA - Ce dimanche, le Real Madrid a remport\u00e9le premier Clasico de la saison (3-1), et prend la t\u00eate de la Liga.","og_url":"https:\/\/dicodusport.fr\/blog\/clasico-le-real-madrid-domine-le-barca-et-prend-la-tete-de-la-liga\/","og_site_name":"Dicodusport","article_publisher":"https:\/\/www.facebook.com\/dicodusport","article_published_time":"2022-10-16T16:12:44+00:00","article_modified_time":"2022-10-17T12:26:50+00:00","og_image":[{"width":800,"height":445,"url":"https:\/\/dicodusport.fr\/blog\/wp-content\/uploads\/2022\/10\/Clasico-Le-Real-Madrid-domine-le-Barca-et-prend-la-tete-de-la-Liga.png","type":"image\/png"}],"author":"Alexis Fernandez","twitter_card":"summary_large_image","twitter_title":"Clasico : Le Real Madrid domine le Bar\u00e7a et prend la t\u00eate de la Liga","twitter_creator":"@dicodusport","twitter_site":"@dicodusport","schema":{"@context":"https:\/\/schema.org","@graph":[{"@type":"NewsArticle","@id":"https:\/\/dicodusport.fr\/blog\/clasico-le-real-madrid-domine-le-barca-et-prend-la-tete-de-la-liga\/#article","isPartOf":{"@id":"https:\/\/dicodusport.fr\/blog\/clasico-le-real-madrid-domine-le-barca-et-prend-la-tete-de-la-liga\/"},"author":{"name":"Alexis Fernandez","@id":"https:\/\/dicodusport.fr\/blog\/#\/schema\/person\/fc51c9607eb9d1b5db48016b5b51b469"},"headline":"Clasico : Le Real Madrid domine le Bar\u00e7a et prend la t\u00eate de la Liga","datePublished":"2022-10-16T16:12:44+00:00","dateModified":"2022-10-17T12:26:50+00:00","mainEntityOfPage":{"@id":"https:\/\/dicodusport.fr\/blog\/clasico-le-real-madrid-domine-le-barca-et-prend-la-tete-de-la-liga\/"},"wordCount":898,"commentCount":0,"publisher":{"@id":"https:\/\/dicodusport.fr\/blog\/#organization"},"image":{"@id":"https:\/\/dicodusport.fr\/blog\/clasico-le-real-madrid-domine-le-barca-et-prend-la-tete-de-la-liga\/#primaryimage"},"thumbnailUrl":"https:\/\/dicodusport.fr\/blog\/wp-content\/uploads\/2022\/10\/Clasico-Le-Real-Madrid-domine-le-Barca-et-prend-la-tete-de-la-Liga.png","keywords":["clasico","FC Barcelone","Football","Real Madrid"],"articleSection":["Football"],"inLanguage":"fr-FR","potentialAction":[{"@type":"CommentAction","name":"Comment","target":["https:\/\/dicodusport.fr\/blog\/clasico-le-real-madrid-domine-le-barca-et-prend-la-tete-de-la-liga\/#respond"]}],"copyrightYear":"2022","copyrightHolder":{"@id":"https:\/\/dicodusport.fr\/blog\/#organization"}},{"@type":"WebPage","@id":"https:\/\/dicodusport.fr\/blog\/clasico-le-real-madrid-domine-le-barca-et-prend-la-tete-de-la-liga\/","url":"https:\/\/dicodusport.fr\/blog\/clasico-le-real-madrid-domine-le-barca-et-prend-la-tete-de-la-liga\/","name":"Clasico : Le Real Madrid domine le Bar\u00e7a et prend la t\u00eate de la Liga","isPartOf":{"@id":"https:\/\/dicodusport.fr\/blog\/#website"},"primaryImageOfPage":{"@id":"https:\/\/dicodusport.fr\/blog\/clasico-le-real-madrid-domine-le-barca-et-prend-la-tete-de-la-liga\/#primaryimage"},"image":{"@id":"https:\/\/dicodusport.fr\/blog\/clasico-le-real-madrid-domine-le-barca-et-prend-la-tete-de-la-liga\/#primaryimage"},"thumbnailUrl":"https:\/\/dicodusport.fr\/blog\/wp-content\/uploads\/2022\/10\/Clasico-Le-Real-Madrid-domine-le-Barca-et-prend-la-tete-de-la-Liga.png","datePublished":"2022-10-16T16:12:44+00:00","dateModified":"2022-10-17T12:26:50+00:00","description":"FOOTBALL - LIGA - Ce dimanche, le Real Madrid a remport\u00e9le premier Clasico de la saison (3-1), et prend la t\u00eate de la Liga.","breadcrumb":{"@id":"https:\/\/dicodusport.fr\/blog\/clasico-le-real-madrid-domine-le-barca-et-prend-la-tete-de-la-liga\/#breadcrumb"},"inLanguage":"fr-FR","potentialAction":[{"@type":"ReadAction","target":["https:\/\/dicodusport.fr\/blog\/clasico-le-real-madrid-domine-le-barca-et-prend-la-tete-de-la-liga\/"]}]},{"@type":"ImageObject","inLanguage":"fr-FR","@id":"https:\/\/dicodusport.fr\/blog\/clasico-le-real-madrid-domine-le-barca-et-prend-la-tete-de-la-liga\/#primaryimage","url":"https:\/\/dicodusport.fr\/blog\/wp-content\/uploads\/2022\/10\/Clasico-Le-Real-Madrid-domine-le-Barca-et-prend-la-tete-de-la-Liga.png","contentUrl":"https:\/\/dicodusport.fr\/blog\/wp-content\/uploads\/2022\/10\/Clasico-Le-Real-Madrid-domine-le-Barca-et-prend-la-tete-de-la-Liga.png","width":800,"height":445,"caption":"Clasico Le Real Madrid domine le Bar\u00e7a et prend la t\u00eate de la Liga"},{"@type":"BreadcrumbList","@id":"https:\/\/dicodusport.fr\/blog\/clasico-le-real-madrid-domine-le-barca-et-prend-la-tete-de-la-liga\/#breadcrumb","itemListElement":[{"@type":"ListItem","position":1,"name":"Accueil","item":"https:\/\/dicodusport.fr\/blog\/"},{"@type":"ListItem","position":2,"name":"Clasico : Le Real Madrid domine le Bar\u00e7a et prend la t\u00eate de la Liga"}]},{"@type":"WebSite","@id":"https:\/\/dicodusport.fr\/blog\/#website","url":"https:\/\/dicodusport.fr\/blog\/","name":"Dicodusport","description":"L&#039;encyclop\u00e9die de l&#039;actualit\u00e9 sportive","publisher":{"@id":"https:\/\/dicodusport.fr\/blog\/#organization"},"potentialAction":[{"@type":"SearchAction","target":{"@type":"EntryPoint","urlTemplate":"https:\/\/dicodusport.fr\/blog\/?s={search_term_string}"},"query-input":{"@type":"PropertyValueSpecification","valueRequired":true,"valueName":"search_term_string"}}],"inLanguage":"fr-FR"},{"@type":"NewsMediaOrganization","@id":"https:\/\/dicodusport.fr\/blog\/#organization","name":"Dicodusport","url":"https:\/\/dicodusport.fr\/blog\/","logo":{"@type":"ImageObject","inLanguage":"fr-FR","@id":"https:\/\/dicodusport.fr\/blog\/#\/schema\/logo\/image\/","url":"https:\/\/dicodusport.fr\/blog\/wp-content\/uploads\/2020\/06\/cropped-LOGO-DICODUSPORT-2020-SANS-FOND-SANS-TEXTE.png","contentUrl":"https:\/\/dicodusport.fr\/blog\/wp-content\/uploads\/2020\/06\/cropped-LOGO-DICODUSPORT-2020-SANS-FOND-SANS-TEXTE.png","width":512,"height":512,"caption":"Dicodusport"},"image":{"@id":"https:\/\/dicodusport.fr\/blog\/#\/schema\/logo\/image\/"},"sameAs":["https:\/\/www.facebook.com\/dicodusport","https:\/\/x.com\/dicodusport","https:\/\/www.instagram.com\/dicodusport\/","https:\/\/www.youtube.com\/channel\/UC7V2KZ5sd3htJivAbA4ZG3w"],"description":"Dicodusport est l'encyclop\u00e9die de l'actualit\u00e9 sportive.","email":"bonjour@dicodusport.fr","legalName":"DICODUSPORT","foundingDate":"2018-01-14","vatID":"FR71834470973","taxID":"83447097300043","numberOfEmployees":{"@type":"QuantitativeValue","minValue":"1","maxValue":"10"}},{"@type":"Person","@id":"https:\/\/dicodusport.fr\/blog\/#\/schema\/person\/fc51c9607eb9d1b5db48016b5b51b469","name":"Alexis Fernandez","image":{"@type":"ImageObject","inLanguage":"fr-FR","@id":"https:\/\/dicodusport.fr\/blog\/#\/schema\/person\/image\/","url":"https:\/\/dicodusport.fr\/blog\/wp-content\/uploads\/2022\/05\/1650645029885-150x150.jpg","contentUrl":"https:\/\/dicodusport.fr\/blog\/wp-content\/uploads\/2022\/05\/1650645029885-150x150.jpg","caption":"Alexis Fernandez"},"description":"R\u00e9dacteur depuis Mai 2022 - Passionn\u00e9 de sport depuis mon plus jeune \u00e2ge, j'essaie de retranscrire sa magie en \u00e9crivant \u2026","url":"https:\/\/dicodusport.fr\/blog\/author\/alexis-f\/"}]}},"_links":{"self":[{"href":"https:\/\/dicodusport.fr\/blog\/wp-json\/wp\/v2\/posts\/270573","targetHints":{"allow":["GET"]}}],"collection":[{"href":"https:\/\/dicodusport.fr\/blog\/wp-json\/wp\/v2\/posts"}],"about":[{"href":"https:\/\/dicodusport.fr\/blog\/wp-json\/wp\/v2\/types\/post"}],"author":[{"embeddable":true,"href":"https:\/\/dicodusport.fr\/blog\/wp-json\/wp\/v2\/users\/72"}],"replies":[{"embeddable":true,"href":"https:\/\/dicodusport.fr\/blog\/wp-json\/wp\/v2\/comments?post=270573"}],"version-history":[{"count":0,"href":"https:\/\/dicodusport.fr\/blog\/wp-json\/wp\/v2\/posts\/270573\/revisions"}],"wp:featuredmedia":[{"embeddable":true,"href":"https:\/\/dicodusport.fr\/blog\/wp-json\/wp\/v2\/media\/270655"}],"wp:attachment":[{"href":"https:\/\/dicodusport.fr\/blog\/wp-json\/wp\/v2\/media?parent=270573"}],"wp:term":[{"taxonomy":"category","embeddable":true,"href":"https:\/\/dicodusport.fr\/blog\/wp-json\/wp\/v2\/categories?post=270573"},{"taxonomy":"post_tag","embeddable":true,"href":"https:\/\/dicodusport.fr\/blog\/wp-json\/wp\/v2\/tags?post=270573"}],"curies":[{"name":"wp","href":"https:\/\/api.w.org\/{rel}","templated":true}]}}