{"id":270837,"date":"2022-10-17T10:16:31","date_gmt":"2022-10-17T08:16:31","guid":{"rendered":"https:\/\/dicodusport.fr\/blog\/?p=270837&#038;preview=true&#038;preview_id=270837"},"modified":"2022-10-17T10:35:11","modified_gmt":"2022-10-17T08:35:11","slug":"laure-sansus-forfait-pour-le-reste-de-la-coupe-du-monde","status":"publish","type":"post","link":"https:\/\/dicodusport.fr\/blog\/laure-sansus-forfait-pour-le-reste-de-la-coupe-du-monde\/","title":{"rendered":"Laure Sansus forfait pour le reste de la Coupe du monde !"},"content":{"rendered":"<p style=\"text-align: justify;\"><b><i><a href=\"https:\/\/dicodusport.fr\/blog\/calendrier-et-resultats-coupe-du-monde-feminine-de-rugby-2021\/\">COUPE DU MONDE F\u00c9MININE DE RUGBY 2021<\/a> &#8211; \u00c9norme coup dur pour le XV de France, qui perd Laure Sansus pour le reste de la comp\u00e9tition, \u00e0 la suite de sa blessure samedi contre l&rsquo;Angleterre.<\/i><\/b><\/p>\n<p style=\"text-align: justify;\">Quelle mauvaise nouvelle pour le XV de France ! Les joueuses de<strong> Thomas Darracq<\/strong> vont devoir finir la Coupe du monde sans l&rsquo;un de leurs atouts ma\u00eetres, <strong>Laure Sansus<\/strong>. La demi de m\u00eal\u00e9e est sortie rapidement lors de <a href=\"https:\/\/dicodusport.fr\/blog\/coupe-du-monde-feminine-de-rugby-les-bleues-chutent-de-peu-face-aux-anglaises\/\">la d\u00e9faite contre l&rsquo;Angleterre samedi matin<\/a>, semblant bless\u00e9e au genou. Au vu des images et de son visage sombre en quittant le terrain, on craignait le pire.<\/p>\n<blockquote class=\"twitter-tweet\">\n<p dir=\"ltr\" lang=\"fr\">&#x1f64f; Notre demi de m\u00eal\u00e9e Laure Sansus est forfait pour la suite de la Coupe du Monde <a href=\"https:\/\/twitter.com\/hashtag\/RWC2021?src=hash&amp;ref_src=twsrc%5Etfw\">#RWC2021<\/a><\/p>\n<p>Elle est remplac\u00e9e dans le groupe <a href=\"https:\/\/twitter.com\/hashtag\/XVdeFrance?src=hash&amp;ref_src=twsrc%5Etfw\">#XVdeFrance<\/a> par Marie Dupouy !<\/p>\n<p>Bon r\u00e9tablissement Laure et bienvenue Marie &#x1f917;<a href=\"https:\/\/twitter.com\/hashtag\/NeFaisonsXV?src=hash&amp;ref_src=twsrc%5Etfw\">#NeFaisonsXV<\/a><a href=\"https:\/\/t.co\/36bqN2Pb1D\">https:\/\/t.co\/36bqN2Pb1D<\/a><\/p>\n<p>\u2014 France Rugby (@FranceRugby) <a href=\"https:\/\/twitter.com\/FranceRugby\/status\/1581919921117618177?ref_src=twsrc%5Etfw\">October 17, 2022<\/a><\/p><\/blockquote>\n<p style=\"text-align: justify;\"><script async src=\"https:\/\/platform.twitter.com\/widgets.js\" charset=\"utf-8\"><\/script><\/p>\n<h2 style=\"text-align: justify;\">Triste fin de carri\u00e8re<\/h2>\n<p style=\"text-align: justify;\">Et le pire est arriv\u00e9, puisque la Toulousaine souffre d&rsquo;une rupture du ligament crois\u00e9 ant\u00e9rieur au genou gauche. Une blessure gravissime, le pire qui pouvait lui arriver. Non seulement parce que cela signifie qu&rsquo;elle ne rejouera plus de la Coupe du monde, mais surtout parce que sa carri\u00e8re est termin\u00e9e. En effet, <a href=\"https:\/\/dicodusport.fr\/blog\/laure-sansus-arretera-sa-carriere-apres-la-coupe-du-monde\/\">elle avait annonc\u00e9 qu&rsquo;elle prendrait sa retraite apr\u00e8s cette comp\u00e9tition<\/a>. Une triste sortie pour une joueuse exceptionnelle. <strong>Pauline Bourdon<\/strong> sera donc titulaire au poste de n\u00b09, alors que <strong>Marie Dupouy<\/strong> va int\u00e9grer le groupe pour remplacer <strong>Laure Sansus,<\/strong> qu&rsquo;on voit donc s&rsquo;en aller, mais pas de la mani\u00e8re que l&rsquo;on esp\u00e9rait.<\/p>\n","protected":false},"excerpt":{"rendered":"<p>COUPE DU MONDE F\u00c9MININE DE RUGBY 2021 &#8211; \u00c9norme coup dur pour le XV de France, qui perd Laure Sansus pour le reste de la comp\u00e9tition, \u00e0 la suite de sa blessure samedi contre l&rsquo;Angleterre.<\/p>\n","protected":false},"author":59,"featured_media":270838,"comment_status":"open","ping_status":"closed","sticky":false,"template":"","format":"standard","meta":{"_acf_changed":false,"_daextam_enable_autolinks":"","footnotes":""},"categories":[47049,9129],"tags":[24,3643],"class_list":["post-270837","post","type-post","status-publish","format-standard","has-post-thumbnail","hentry","category-coupe-du-monde-de-rugby","category-rugby-a-xv","tag-sport","tag-xv-de-france-feminin"],"acf":[],"yoast_head":"<!-- This site is optimized with the Yoast SEO Premium plugin v26.7 (Yoast SEO v26.7) - https:\/\/yoast.com\/wordpress\/plugins\/seo\/ -->\n<title>Laure Sansus forfait pour le reste de la Coupe du monde !<\/title>\n<meta name=\"description\" content=\"COUPE DU MONDE F\u00c9MININE DE RUGBY 2021 - \u00c9norme coup dur pour le XV de France, qui perd Laure Sansus pour le reste de la comp\u00e9tition\" \/>\n<meta name=\"robots\" content=\"index, follow, max-snippet:-1, max-image-preview:large, max-video-preview:-1\" \/>\n<link rel=\"canonical\" href=\"https:\/\/dicodusport.fr\/blog\/laure-sansus-forfait-pour-le-reste-de-la-coupe-du-monde\/\" \/>\n<meta property=\"og:locale\" content=\"fr_FR\" \/>\n<meta property=\"og:type\" content=\"article\" \/>\n<meta property=\"og:title\" content=\"Laure Sansus forfait pour le reste de la Coupe du monde !\" \/>\n<meta property=\"og:description\" content=\"COUPE DU MONDE F\u00c9MININE DE RUGBY 2021 - \u00c9norme coup dur pour le XV de France, qui perd Laure Sansus pour le reste de la comp\u00e9tition\" \/>\n<meta property=\"og:url\" content=\"https:\/\/dicodusport.fr\/blog\/laure-sansus-forfait-pour-le-reste-de-la-coupe-du-monde\/\" \/>\n<meta property=\"og:site_name\" content=\"Dicodusport\" \/>\n<meta property=\"article:publisher\" content=\"https:\/\/www.facebook.com\/dicodusport\" \/>\n<meta property=\"article:author\" content=\"https:\/\/www.facebook.com\/sebastien.gente\/\" \/>\n<meta property=\"article:published_time\" content=\"2022-10-17T08:16:31+00:00\" \/>\n<meta property=\"article:modified_time\" content=\"2022-10-17T08:35:11+00:00\" \/>\n<meta property=\"og:image\" content=\"https:\/\/dicodusport.fr\/blog\/wp-content\/uploads\/2022\/10\/Laure-Sansus-forfait-pour-le-reste-de-la-Coupe-du-monde-.png\" \/>\n\t<meta property=\"og:image:width\" content=\"800\" \/>\n\t<meta property=\"og:image:height\" content=\"445\" \/>\n\t<meta property=\"og:image:type\" content=\"image\/png\" \/>\n<meta name=\"author\" content=\"S\u00e9bastien Gente\" \/>\n<meta name=\"twitter:card\" content=\"summary_large_image\" \/>\n<meta name=\"twitter:title\" content=\"Laure Sansus forfait pour le reste de la Coupe du monde !\" \/>\n<meta name=\"twitter:creator\" content=\"@https:\/\/twitter.com\/globulo24\" \/>\n<meta name=\"twitter:site\" content=\"@dicodusport\" \/>\n<script type=\"application\/ld+json\" class=\"yoast-schema-graph\">{\"@context\":\"https:\/\/schema.org\",\"@graph\":[{\"@type\":\"NewsArticle\",\"@id\":\"https:\/\/dicodusport.fr\/blog\/laure-sansus-forfait-pour-le-reste-de-la-coupe-du-monde\/#article\",\"isPartOf\":{\"@id\":\"https:\/\/dicodusport.fr\/blog\/laure-sansus-forfait-pour-le-reste-de-la-coupe-du-monde\/\"},\"author\":{\"name\":\"S\u00e9bastien Gente\",\"@id\":\"https:\/\/dicodusport.fr\/blog\/#\/schema\/person\/627966a6cde45dbd8c5e36ac85d783da\"},\"headline\":\"Laure Sansus forfait pour le reste de la Coupe du monde !\",\"datePublished\":\"2022-10-17T08:16:31+00:00\",\"dateModified\":\"2022-10-17T08:35:11+00:00\",\"mainEntityOfPage\":{\"@id\":\"https:\/\/dicodusport.fr\/blog\/laure-sansus-forfait-pour-le-reste-de-la-coupe-du-monde\/\"},\"wordCount\":293,\"commentCount\":0,\"publisher\":{\"@id\":\"https:\/\/dicodusport.fr\/blog\/#organization\"},\"image\":{\"@id\":\"https:\/\/dicodusport.fr\/blog\/laure-sansus-forfait-pour-le-reste-de-la-coupe-du-monde\/#primaryimage\"},\"thumbnailUrl\":\"https:\/\/dicodusport.fr\/blog\/wp-content\/uploads\/2022\/10\/Laure-Sansus-forfait-pour-le-reste-de-la-Coupe-du-monde-.png\",\"keywords\":[\"sport\",\"XV de France f\u00e9minin\"],\"articleSection\":[\"Coupe du monde de rugby\",\"Rugby \u00e0 XV\"],\"inLanguage\":\"fr-FR\",\"potentialAction\":[{\"@type\":\"CommentAction\",\"name\":\"Comment\",\"target\":[\"https:\/\/dicodusport.fr\/blog\/laure-sansus-forfait-pour-le-reste-de-la-coupe-du-monde\/#respond\"]}],\"copyrightYear\":\"2022\",\"copyrightHolder\":{\"@id\":\"https:\/\/dicodusport.fr\/blog\/#organization\"}},{\"@type\":\"WebPage\",\"@id\":\"https:\/\/dicodusport.fr\/blog\/laure-sansus-forfait-pour-le-reste-de-la-coupe-du-monde\/\",\"url\":\"https:\/\/dicodusport.fr\/blog\/laure-sansus-forfait-pour-le-reste-de-la-coupe-du-monde\/\",\"name\":\"Laure Sansus forfait pour le reste de la Coupe du monde !\",\"isPartOf\":{\"@id\":\"https:\/\/dicodusport.fr\/blog\/#website\"},\"primaryImageOfPage\":{\"@id\":\"https:\/\/dicodusport.fr\/blog\/laure-sansus-forfait-pour-le-reste-de-la-coupe-du-monde\/#primaryimage\"},\"image\":{\"@id\":\"https:\/\/dicodusport.fr\/blog\/laure-sansus-forfait-pour-le-reste-de-la-coupe-du-monde\/#primaryimage\"},\"thumbnailUrl\":\"https:\/\/dicodusport.fr\/blog\/wp-content\/uploads\/2022\/10\/Laure-Sansus-forfait-pour-le-reste-de-la-Coupe-du-monde-.png\",\"datePublished\":\"2022-10-17T08:16:31+00:00\",\"dateModified\":\"2022-10-17T08:35:11+00:00\",\"description\":\"COUPE DU MONDE F\u00c9MININE DE RUGBY 2021 - \u00c9norme coup dur pour le XV de France, qui perd Laure Sansus pour le reste de la comp\u00e9tition\",\"breadcrumb\":{\"@id\":\"https:\/\/dicodusport.fr\/blog\/laure-sansus-forfait-pour-le-reste-de-la-coupe-du-monde\/#breadcrumb\"},\"inLanguage\":\"fr-FR\",\"potentialAction\":[{\"@type\":\"ReadAction\",\"target\":[\"https:\/\/dicodusport.fr\/blog\/laure-sansus-forfait-pour-le-reste-de-la-coupe-du-monde\/\"]}]},{\"@type\":\"ImageObject\",\"inLanguage\":\"fr-FR\",\"@id\":\"https:\/\/dicodusport.fr\/blog\/laure-sansus-forfait-pour-le-reste-de-la-coupe-du-monde\/#primaryimage\",\"url\":\"https:\/\/dicodusport.fr\/blog\/wp-content\/uploads\/2022\/10\/Laure-Sansus-forfait-pour-le-reste-de-la-Coupe-du-monde-.png\",\"contentUrl\":\"https:\/\/dicodusport.fr\/blog\/wp-content\/uploads\/2022\/10\/Laure-Sansus-forfait-pour-le-reste-de-la-Coupe-du-monde-.png\",\"width\":800,\"height\":445,\"caption\":\"Laure Sansus forfait pour le reste de la Coupe du monde !\"},{\"@type\":\"BreadcrumbList\",\"@id\":\"https:\/\/dicodusport.fr\/blog\/laure-sansus-forfait-pour-le-reste-de-la-coupe-du-monde\/#breadcrumb\",\"itemListElement\":[{\"@type\":\"ListItem\",\"position\":1,\"name\":\"Accueil\",\"item\":\"https:\/\/dicodusport.fr\/blog\/\"},{\"@type\":\"ListItem\",\"position\":2,\"name\":\"Laure Sansus forfait pour le reste de la Coupe du monde !\"}]},{\"@type\":\"WebSite\",\"@id\":\"https:\/\/dicodusport.fr\/blog\/#website\",\"url\":\"https:\/\/dicodusport.fr\/blog\/\",\"name\":\"Dicodusport\",\"description\":\"L&#039;encyclop\u00e9die de l&#039;actualit\u00e9 sportive\",\"publisher\":{\"@id\":\"https:\/\/dicodusport.fr\/blog\/#organization\"},\"potentialAction\":[{\"@type\":\"SearchAction\",\"target\":{\"@type\":\"EntryPoint\",\"urlTemplate\":\"https:\/\/dicodusport.fr\/blog\/?s={search_term_string}\"},\"query-input\":{\"@type\":\"PropertyValueSpecification\",\"valueRequired\":true,\"valueName\":\"search_term_string\"}}],\"inLanguage\":\"fr-FR\"},{\"@type\":\"NewsMediaOrganization\",\"@id\":\"https:\/\/dicodusport.fr\/blog\/#organization\",\"name\":\"Dicodusport\",\"url\":\"https:\/\/dicodusport.fr\/blog\/\",\"logo\":{\"@type\":\"ImageObject\",\"inLanguage\":\"fr-FR\",\"@id\":\"https:\/\/dicodusport.fr\/blog\/#\/schema\/logo\/image\/\",\"url\":\"https:\/\/dicodusport.fr\/blog\/wp-content\/uploads\/2020\/06\/cropped-LOGO-DICODUSPORT-2020-SANS-FOND-SANS-TEXTE.png\",\"contentUrl\":\"https:\/\/dicodusport.fr\/blog\/wp-content\/uploads\/2020\/06\/cropped-LOGO-DICODUSPORT-2020-SANS-FOND-SANS-TEXTE.png\",\"width\":512,\"height\":512,\"caption\":\"Dicodusport\"},\"image\":{\"@id\":\"https:\/\/dicodusport.fr\/blog\/#\/schema\/logo\/image\/\"},\"sameAs\":[\"https:\/\/www.facebook.com\/dicodusport\",\"https:\/\/x.com\/dicodusport\",\"https:\/\/www.instagram.com\/dicodusport\/\",\"https:\/\/www.youtube.com\/channel\/UC7V2KZ5sd3htJivAbA4ZG3w\"],\"description\":\"Dicodusport est l'encyclop\u00e9die de l'actualit\u00e9 sportive.\",\"email\":\"bonjour@dicodusport.fr\",\"legalName\":\"DICODUSPORT\",\"foundingDate\":\"2018-01-14\",\"vatID\":\"FR71834470973\",\"taxID\":\"83447097300043\",\"numberOfEmployees\":{\"@type\":\"QuantitativeValue\",\"minValue\":\"1\",\"maxValue\":\"10\"}},{\"@type\":\"Person\",\"@id\":\"https:\/\/dicodusport.fr\/blog\/#\/schema\/person\/627966a6cde45dbd8c5e36ac85d783da\",\"name\":\"S\u00e9bastien Gente\",\"image\":{\"@type\":\"ImageObject\",\"inLanguage\":\"fr-FR\",\"@id\":\"https:\/\/dicodusport.fr\/blog\/#\/schema\/person\/image\/\",\"url\":\"https:\/\/dicodusport.fr\/blog\/wp-content\/uploads\/2021\/09\/1510990_10205810251400683_4124423575079401707_n-150x150.jpg\",\"contentUrl\":\"https:\/\/dicodusport.fr\/blog\/wp-content\/uploads\/2021\/09\/1510990_10205810251400683_4124423575079401707_n-150x150.jpg\",\"caption\":\"S\u00e9bastien Gente\"},\"description\":\"John Stockton, Gianni Bugno, Zinedine Zidane, Steffi Graf, Frode Andresen, St\u00e9phane Stoecklin, Davis Kamoga, Primoz Peterka, Werner Schlager et Aur\u00e9lien Rougerie. Point commun entre ces sportifs? Ils m'ont fait r\u00eaver et ont berc\u00e9 mon adolescence. Je suis un fondu de sports et j'essaie de retranscrire ma passion \u00e0 travers mes articles. Originaire du P\u00e9rigord, ma passion pour les Girondins, les Jaunards et les Jazzmen transpire dans mes \u00e9crits. \u00c0 Dicodusport depuis 2021, je d\u00e9niche les sports m\u00e9connus dans lesquels la France brille, et il y en a !\",\"sameAs\":[\"https:\/\/www.facebook.com\/sebastien.gente\/\",\"https:\/\/www.instagram.com\/sebgente\/\",\"https:\/\/www.linkedin.com\/in\/sbastien-gente-a29583169\/\",\"https:\/\/x.com\/https:\/\/twitter.com\/globulo24\",\"SebastienGente\"],\"worksFor\":\"S\u00e9bastien GENTE\",\"url\":\"https:\/\/dicodusport.fr\/blog\/author\/sebastiengente\/\"}]}<\/script>\n<!-- \/ Yoast SEO Premium plugin. -->","yoast_head_json":{"title":"Laure Sansus forfait pour le reste de la Coupe du monde !","description":"COUPE DU MONDE F\u00c9MININE DE RUGBY 2021 - \u00c9norme coup dur pour le XV de France, qui perd Laure Sansus pour le reste de la comp\u00e9tition","robots":{"index":"index","follow":"follow","max-snippet":"max-snippet:-1","max-image-preview":"max-image-preview:large","max-video-preview":"max-video-preview:-1"},"canonical":"https:\/\/dicodusport.fr\/blog\/laure-sansus-forfait-pour-le-reste-de-la-coupe-du-monde\/","og_locale":"fr_FR","og_type":"article","og_title":"Laure Sansus forfait pour le reste de la Coupe du monde !","og_description":"COUPE DU MONDE F\u00c9MININE DE RUGBY 2021 - \u00c9norme coup dur pour le XV de France, qui perd Laure Sansus pour le reste de la comp\u00e9tition","og_url":"https:\/\/dicodusport.fr\/blog\/laure-sansus-forfait-pour-le-reste-de-la-coupe-du-monde\/","og_site_name":"Dicodusport","article_publisher":"https:\/\/www.facebook.com\/dicodusport","article_author":"https:\/\/www.facebook.com\/sebastien.gente\/","article_published_time":"2022-10-17T08:16:31+00:00","article_modified_time":"2022-10-17T08:35:11+00:00","og_image":[{"width":800,"height":445,"url":"https:\/\/dicodusport.fr\/blog\/wp-content\/uploads\/2022\/10\/Laure-Sansus-forfait-pour-le-reste-de-la-Coupe-du-monde-.png","type":"image\/png"}],"author":"S\u00e9bastien Gente","twitter_card":"summary_large_image","twitter_title":"Laure Sansus forfait pour le reste de la Coupe du monde !","twitter_creator":"@https:\/\/twitter.com\/globulo24","twitter_site":"@dicodusport","schema":{"@context":"https:\/\/schema.org","@graph":[{"@type":"NewsArticle","@id":"https:\/\/dicodusport.fr\/blog\/laure-sansus-forfait-pour-le-reste-de-la-coupe-du-monde\/#article","isPartOf":{"@id":"https:\/\/dicodusport.fr\/blog\/laure-sansus-forfait-pour-le-reste-de-la-coupe-du-monde\/"},"author":{"name":"S\u00e9bastien Gente","@id":"https:\/\/dicodusport.fr\/blog\/#\/schema\/person\/627966a6cde45dbd8c5e36ac85d783da"},"headline":"Laure Sansus forfait pour le reste de la Coupe du monde !","datePublished":"2022-10-17T08:16:31+00:00","dateModified":"2022-10-17T08:35:11+00:00","mainEntityOfPage":{"@id":"https:\/\/dicodusport.fr\/blog\/laure-sansus-forfait-pour-le-reste-de-la-coupe-du-monde\/"},"wordCount":293,"commentCount":0,"publisher":{"@id":"https:\/\/dicodusport.fr\/blog\/#organization"},"image":{"@id":"https:\/\/dicodusport.fr\/blog\/laure-sansus-forfait-pour-le-reste-de-la-coupe-du-monde\/#primaryimage"},"thumbnailUrl":"https:\/\/dicodusport.fr\/blog\/wp-content\/uploads\/2022\/10\/Laure-Sansus-forfait-pour-le-reste-de-la-Coupe-du-monde-.png","keywords":["sport","XV de France f\u00e9minin"],"articleSection":["Coupe du monde de rugby","Rugby \u00e0 XV"],"inLanguage":"fr-FR","potentialAction":[{"@type":"CommentAction","name":"Comment","target":["https:\/\/dicodusport.fr\/blog\/laure-sansus-forfait-pour-le-reste-de-la-coupe-du-monde\/#respond"]}],"copyrightYear":"2022","copyrightHolder":{"@id":"https:\/\/dicodusport.fr\/blog\/#organization"}},{"@type":"WebPage","@id":"https:\/\/dicodusport.fr\/blog\/laure-sansus-forfait-pour-le-reste-de-la-coupe-du-monde\/","url":"https:\/\/dicodusport.fr\/blog\/laure-sansus-forfait-pour-le-reste-de-la-coupe-du-monde\/","name":"Laure Sansus forfait pour le reste de la Coupe du monde !","isPartOf":{"@id":"https:\/\/dicodusport.fr\/blog\/#website"},"primaryImageOfPage":{"@id":"https:\/\/dicodusport.fr\/blog\/laure-sansus-forfait-pour-le-reste-de-la-coupe-du-monde\/#primaryimage"},"image":{"@id":"https:\/\/dicodusport.fr\/blog\/laure-sansus-forfait-pour-le-reste-de-la-coupe-du-monde\/#primaryimage"},"thumbnailUrl":"https:\/\/dicodusport.fr\/blog\/wp-content\/uploads\/2022\/10\/Laure-Sansus-forfait-pour-le-reste-de-la-Coupe-du-monde-.png","datePublished":"2022-10-17T08:16:31+00:00","dateModified":"2022-10-17T08:35:11+00:00","description":"COUPE DU MONDE F\u00c9MININE DE RUGBY 2021 - \u00c9norme coup dur pour le XV de France, qui perd Laure Sansus pour le reste de la comp\u00e9tition","breadcrumb":{"@id":"https:\/\/dicodusport.fr\/blog\/laure-sansus-forfait-pour-le-reste-de-la-coupe-du-monde\/#breadcrumb"},"inLanguage":"fr-FR","potentialAction":[{"@type":"ReadAction","target":["https:\/\/dicodusport.fr\/blog\/laure-sansus-forfait-pour-le-reste-de-la-coupe-du-monde\/"]}]},{"@type":"ImageObject","inLanguage":"fr-FR","@id":"https:\/\/dicodusport.fr\/blog\/laure-sansus-forfait-pour-le-reste-de-la-coupe-du-monde\/#primaryimage","url":"https:\/\/dicodusport.fr\/blog\/wp-content\/uploads\/2022\/10\/Laure-Sansus-forfait-pour-le-reste-de-la-Coupe-du-monde-.png","contentUrl":"https:\/\/dicodusport.fr\/blog\/wp-content\/uploads\/2022\/10\/Laure-Sansus-forfait-pour-le-reste-de-la-Coupe-du-monde-.png","width":800,"height":445,"caption":"Laure Sansus forfait pour le reste de la Coupe du monde !"},{"@type":"BreadcrumbList","@id":"https:\/\/dicodusport.fr\/blog\/laure-sansus-forfait-pour-le-reste-de-la-coupe-du-monde\/#breadcrumb","itemListElement":[{"@type":"ListItem","position":1,"name":"Accueil","item":"https:\/\/dicodusport.fr\/blog\/"},{"@type":"ListItem","position":2,"name":"Laure Sansus forfait pour le reste de la Coupe du monde !"}]},{"@type":"WebSite","@id":"https:\/\/dicodusport.fr\/blog\/#website","url":"https:\/\/dicodusport.fr\/blog\/","name":"Dicodusport","description":"L&#039;encyclop\u00e9die de l&#039;actualit\u00e9 sportive","publisher":{"@id":"https:\/\/dicodusport.fr\/blog\/#organization"},"potentialAction":[{"@type":"SearchAction","target":{"@type":"EntryPoint","urlTemplate":"https:\/\/dicodusport.fr\/blog\/?s={search_term_string}"},"query-input":{"@type":"PropertyValueSpecification","valueRequired":true,"valueName":"search_term_string"}}],"inLanguage":"fr-FR"},{"@type":"NewsMediaOrganization","@id":"https:\/\/dicodusport.fr\/blog\/#organization","name":"Dicodusport","url":"https:\/\/dicodusport.fr\/blog\/","logo":{"@type":"ImageObject","inLanguage":"fr-FR","@id":"https:\/\/dicodusport.fr\/blog\/#\/schema\/logo\/image\/","url":"https:\/\/dicodusport.fr\/blog\/wp-content\/uploads\/2020\/06\/cropped-LOGO-DICODUSPORT-2020-SANS-FOND-SANS-TEXTE.png","contentUrl":"https:\/\/dicodusport.fr\/blog\/wp-content\/uploads\/2020\/06\/cropped-LOGO-DICODUSPORT-2020-SANS-FOND-SANS-TEXTE.png","width":512,"height":512,"caption":"Dicodusport"},"image":{"@id":"https:\/\/dicodusport.fr\/blog\/#\/schema\/logo\/image\/"},"sameAs":["https:\/\/www.facebook.com\/dicodusport","https:\/\/x.com\/dicodusport","https:\/\/www.instagram.com\/dicodusport\/","https:\/\/www.youtube.com\/channel\/UC7V2KZ5sd3htJivAbA4ZG3w"],"description":"Dicodusport est l'encyclop\u00e9die de l'actualit\u00e9 sportive.","email":"bonjour@dicodusport.fr","legalName":"DICODUSPORT","foundingDate":"2018-01-14","vatID":"FR71834470973","taxID":"83447097300043","numberOfEmployees":{"@type":"QuantitativeValue","minValue":"1","maxValue":"10"}},{"@type":"Person","@id":"https:\/\/dicodusport.fr\/blog\/#\/schema\/person\/627966a6cde45dbd8c5e36ac85d783da","name":"S\u00e9bastien Gente","image":{"@type":"ImageObject","inLanguage":"fr-FR","@id":"https:\/\/dicodusport.fr\/blog\/#\/schema\/person\/image\/","url":"https:\/\/dicodusport.fr\/blog\/wp-content\/uploads\/2021\/09\/1510990_10205810251400683_4124423575079401707_n-150x150.jpg","contentUrl":"https:\/\/dicodusport.fr\/blog\/wp-content\/uploads\/2021\/09\/1510990_10205810251400683_4124423575079401707_n-150x150.jpg","caption":"S\u00e9bastien Gente"},"description":"John Stockton, Gianni Bugno, Zinedine Zidane, Steffi Graf, Frode Andresen, St\u00e9phane Stoecklin, Davis Kamoga, Primoz Peterka, Werner Schlager et Aur\u00e9lien Rougerie. Point commun entre ces sportifs? Ils m'ont fait r\u00eaver et ont berc\u00e9 mon adolescence. Je suis un fondu de sports et j'essaie de retranscrire ma passion \u00e0 travers mes articles. Originaire du P\u00e9rigord, ma passion pour les Girondins, les Jaunards et les Jazzmen transpire dans mes \u00e9crits. \u00c0 Dicodusport depuis 2021, je d\u00e9niche les sports m\u00e9connus dans lesquels la France brille, et il y en a !","sameAs":["https:\/\/www.facebook.com\/sebastien.gente\/","https:\/\/www.instagram.com\/sebgente\/","https:\/\/www.linkedin.com\/in\/sbastien-gente-a29583169\/","https:\/\/x.com\/https:\/\/twitter.com\/globulo24","SebastienGente"],"worksFor":"S\u00e9bastien GENTE","url":"https:\/\/dicodusport.fr\/blog\/author\/sebastiengente\/"}]}},"_links":{"self":[{"href":"https:\/\/dicodusport.fr\/blog\/wp-json\/wp\/v2\/posts\/270837","targetHints":{"allow":["GET"]}}],"collection":[{"href":"https:\/\/dicodusport.fr\/blog\/wp-json\/wp\/v2\/posts"}],"about":[{"href":"https:\/\/dicodusport.fr\/blog\/wp-json\/wp\/v2\/types\/post"}],"author":[{"embeddable":true,"href":"https:\/\/dicodusport.fr\/blog\/wp-json\/wp\/v2\/users\/59"}],"replies":[{"embeddable":true,"href":"https:\/\/dicodusport.fr\/blog\/wp-json\/wp\/v2\/comments?post=270837"}],"version-history":[{"count":0,"href":"https:\/\/dicodusport.fr\/blog\/wp-json\/wp\/v2\/posts\/270837\/revisions"}],"wp:featuredmedia":[{"embeddable":true,"href":"https:\/\/dicodusport.fr\/blog\/wp-json\/wp\/v2\/media\/270838"}],"wp:attachment":[{"href":"https:\/\/dicodusport.fr\/blog\/wp-json\/wp\/v2\/media?parent=270837"}],"wp:term":[{"taxonomy":"category","embeddable":true,"href":"https:\/\/dicodusport.fr\/blog\/wp-json\/wp\/v2\/categories?post=270837"},{"taxonomy":"post_tag","embeddable":true,"href":"https:\/\/dicodusport.fr\/blog\/wp-json\/wp\/v2\/tags?post=270837"}],"curies":[{"name":"wp","href":"https:\/\/api.w.org\/{rel}","templated":true}]}}