{"id":270933,"date":"2022-10-17T15:35:59","date_gmt":"2022-10-17T13:35:59","guid":{"rendered":"https:\/\/dicodusport.fr\/blog\/?p=270933&#038;preview=true&#038;preview_id=270933"},"modified":"2022-10-17T15:42:42","modified_gmt":"2022-10-17T13:42:42","slug":"mercato-arkea-samsic-officialise-larrivee-dun-sprinteur-neerlandais","status":"publish","type":"post","link":"https:\/\/dicodusport.fr\/blog\/mercato-arkea-samsic-officialise-larrivee-dun-sprinteur-neerlandais\/","title":{"rendered":"Mercato : Ark\u00e9a-Samsic officialise l&rsquo;arriv\u00e9e d&rsquo;un sprinteur n\u00e9erlandais"},"content":{"rendered":"<p style=\"text-align: justify;\"><b><i>CYCLISME SUR ROUTE 2023 &#8211; La Team Ark\u00e9a Samsic a annonc\u00e9 la signature du sprinteur n\u00e9rlandais David Dekker, en provenance de la Jumbo-Visma, \u00e0 compter du 1er janvier 2023.\u00a0<\/i><\/b><\/p>\n<p style=\"text-align: justify;\">Apr\u00e8s de bons r\u00e9sultats en 2021 et notamment deux deuxi\u00e8me place sur l&rsquo;<strong>UAE Tour,<\/strong> <strong>David<\/strong> <strong>Dekker<\/strong> a v\u00e9cu une saison 2022 plus compliqu\u00e9e. Malchanceux et barr\u00e9 par l&rsquo;av\u00e9nement d&rsquo;<strong>Olav<\/strong> <strong>Kooij<\/strong>, il n&rsquo;a pas eu les r\u00e9sultats escompt\u00e9s. Le sprinteur n\u00e9erlandais de 24 ans a expliqu\u00e9 qu&rsquo;il voulait se relancer avec l&rsquo;\u00e9quipe fran\u00e7aise.<\/p>\n<blockquote>\n<p style=\"text-align: justify;\">Je suis heureux de rejoindre l\u2019\u00e9quipe Ark\u00e9a-Samsic. C\u2019est pour moi un nouveau palier de franchi au cours de ma carri\u00e8re, un choix assum\u00e9 apr\u00e8s mes deux ann\u00e9es pass\u00e9es au sein de la Jumbo-Visma. Ma saison 2022 a \u00e9t\u00e9 marqu\u00e9e par la malchance, et mon objectif l\u2019an prochain sera d\u2019obtenir des r\u00e9sultats lors des sprints ou les classiques sur lesquelles je pourrais saisir ma chance. C\u2019est un nouveau challenge pour moi, dans un nouvel environnement. Je suis confiant en mes capacit\u00e9s, je veux obtenir des r\u00e9sultats, des victoires sous mes nouvelles couleurs.<\/p>\n<\/blockquote>\n<p style=\"text-align: justify;\">David Dekker sera une nouvelle option pour le sprints dans l&rsquo;\u00e9quipe <strong>Ark\u00e9a-Samsic<\/strong>. En plus du Batave, <strong>Nacer<\/strong> <strong>Bouhanni<\/strong>, <strong>Hugo<\/strong> <strong>Hofstetter<\/strong> ou encore <strong>Amaury<\/strong> <strong>Capiot <\/strong>seront des armes de choix. \u00c0 noter que le N\u00e9erlandais s&rsquo;est engag\u00e9 pour deux saisons avec sa nouvelle formation.<\/p>\n<blockquote class=\"twitter-tweet\">\n<p dir=\"ltr\" lang=\"fr\">David Dekker est rouge et noir ! &#x1f534;&#x26ab;<\/p>\n<p>Le jeune sprinteur n\u00e9erlandais rejoint nos rangs en 2023 &#x1f1f3;&#x1f1f1; &#x2935;<a href=\"https:\/\/t.co\/1l72wxCkm9\">https:\/\/t.co\/1l72wxCkm9<\/a> <a href=\"https:\/\/t.co\/BpiZqPF8O0\">pic.twitter.com\/BpiZqPF8O0<\/a><\/p>\n<p>\u2014 Team Ark\u00e9a Samsic (@Arkea_Samsic) <a href=\"https:\/\/twitter.com\/Arkea_Samsic\/status\/1581993505660207105?ref_src=twsrc%5Etfw\">October 17, 2022<\/a><\/p><\/blockquote>\n<p style=\"text-align: justify;\"><script async src=\"https:\/\/platform.twitter.com\/widgets.js\" charset=\"utf-8\"><\/script><\/p>\n","protected":false},"excerpt":{"rendered":"<p>CYCLISME SUR ROUTE 2023 &#8211; La Team Ark\u00e9a Samsic a annonc\u00e9 la signature du sprinteur n\u00e9rlandais David Dekker, en provenance de la Jumbo-Visma, \u00e0 compter du 1er janvier 2023.\u00a0<\/p>\n","protected":false},"author":1,"featured_media":270934,"comment_status":"open","ping_status":"closed","sticky":false,"template":"","format":"standard","meta":{"_acf_changed":false,"_daextam_enable_autolinks":"","footnotes":""},"categories":[46994],"tags":[7045],"class_list":["post-270933","post","type-post","status-publish","format-standard","has-post-thumbnail","hentry","category-cyclisme-sur-route","tag-arkea-samsic"],"acf":[],"yoast_head":"<!-- This site is optimized with the Yoast SEO Premium plugin v26.7 (Yoast SEO v26.7) - https:\/\/yoast.com\/wordpress\/plugins\/seo\/ -->\n<title>Mercato : Ark\u00e9a-Samsic officialise l&#039;arriv\u00e9e d&#039;un sprinteur n\u00e9erlandais<\/title>\n<meta name=\"description\" content=\"CYCLISME SUR ROUTE 2023 - La Team Ark\u00e9a Samsic a annonc\u00e9 la signature du sprinteur n\u00e9rlandais David Dekker, en provenance de la Jumbo-Visma.\" \/>\n<meta name=\"robots\" content=\"index, follow, max-snippet:-1, max-image-preview:large, max-video-preview:-1\" \/>\n<link rel=\"canonical\" href=\"https:\/\/dicodusport.fr\/blog\/mercato-arkea-samsic-officialise-larrivee-dun-sprinteur-neerlandais\/\" \/>\n<meta property=\"og:locale\" content=\"fr_FR\" \/>\n<meta property=\"og:type\" content=\"article\" \/>\n<meta property=\"og:title\" content=\"Mercato : Ark\u00e9a-Samsic officialise l&#039;arriv\u00e9e d&#039;un sprinteur n\u00e9erlandais\" \/>\n<meta property=\"og:description\" content=\"CYCLISME SUR ROUTE 2023 - La Team Ark\u00e9a Samsic a annonc\u00e9 la signature du sprinteur n\u00e9rlandais David Dekker, en provenance de la Jumbo-Visma.\" \/>\n<meta property=\"og:url\" content=\"https:\/\/dicodusport.fr\/blog\/mercato-arkea-samsic-officialise-larrivee-dun-sprinteur-neerlandais\/\" \/>\n<meta property=\"og:site_name\" content=\"Dicodusport\" \/>\n<meta property=\"article:publisher\" content=\"https:\/\/www.facebook.com\/dicodusport\" \/>\n<meta property=\"article:author\" content=\"https:\/\/www.facebook.com\/dicodusport\" \/>\n<meta property=\"article:published_time\" content=\"2022-10-17T13:35:59+00:00\" \/>\n<meta property=\"article:modified_time\" content=\"2022-10-17T13:42:42+00:00\" \/>\n<meta property=\"og:image\" content=\"https:\/\/dicodusport.fr\/blog\/wp-content\/uploads\/2022\/10\/Mercato-Arke\u0301a-Samsic-officialise-larrive\u0301e-dun-sprinteur-ne\u0301erlandais.png\" \/>\n\t<meta property=\"og:image:width\" content=\"800\" \/>\n\t<meta property=\"og:image:height\" content=\"445\" \/>\n\t<meta property=\"og:image:type\" content=\"image\/png\" \/>\n<meta name=\"author\" content=\"Nicolas Jacquemard\" \/>\n<meta name=\"twitter:card\" content=\"summary_large_image\" \/>\n<meta name=\"twitter:title\" content=\"Mercato : Ark\u00e9a-Samsic officialise l&#039;arriv\u00e9e d&#039;un sprinteur n\u00e9erlandais\" \/>\n<meta name=\"twitter:creator\" content=\"@https:\/\/twitter.com\/Nico_Jacquemard\" \/>\n<meta name=\"twitter:site\" content=\"@dicodusport\" \/>\n<script type=\"application\/ld+json\" class=\"yoast-schema-graph\">{\"@context\":\"https:\/\/schema.org\",\"@graph\":[{\"@type\":\"NewsArticle\",\"@id\":\"https:\/\/dicodusport.fr\/blog\/mercato-arkea-samsic-officialise-larrivee-dun-sprinteur-neerlandais\/#article\",\"isPartOf\":{\"@id\":\"https:\/\/dicodusport.fr\/blog\/mercato-arkea-samsic-officialise-larrivee-dun-sprinteur-neerlandais\/\"},\"author\":{\"name\":\"Nicolas Jacquemard\",\"@id\":\"https:\/\/dicodusport.fr\/blog\/#\/schema\/person\/55dcb50ad410894e431ed812bbb70191\"},\"headline\":\"Mercato : Ark\u00e9a-Samsic officialise l&rsquo;arriv\u00e9e d&rsquo;un sprinteur n\u00e9erlandais\",\"datePublished\":\"2022-10-17T13:35:59+00:00\",\"dateModified\":\"2022-10-17T13:42:42+00:00\",\"mainEntityOfPage\":{\"@id\":\"https:\/\/dicodusport.fr\/blog\/mercato-arkea-samsic-officialise-larrivee-dun-sprinteur-neerlandais\/\"},\"wordCount\":298,\"commentCount\":0,\"publisher\":{\"@id\":\"https:\/\/dicodusport.fr\/blog\/#organization\"},\"image\":{\"@id\":\"https:\/\/dicodusport.fr\/blog\/mercato-arkea-samsic-officialise-larrivee-dun-sprinteur-neerlandais\/#primaryimage\"},\"thumbnailUrl\":\"https:\/\/dicodusport.fr\/blog\/wp-content\/uploads\/2022\/10\/Mercato-Arke\u0301a-Samsic-officialise-larrive\u0301e-dun-sprinteur-ne\u0301erlandais.png\",\"keywords\":[\"Arkea-Samsic\"],\"articleSection\":[\"Cyclisme sur route\"],\"inLanguage\":\"fr-FR\",\"potentialAction\":[{\"@type\":\"CommentAction\",\"name\":\"Comment\",\"target\":[\"https:\/\/dicodusport.fr\/blog\/mercato-arkea-samsic-officialise-larrivee-dun-sprinteur-neerlandais\/#respond\"]}],\"copyrightYear\":\"2022\",\"copyrightHolder\":{\"@id\":\"https:\/\/dicodusport.fr\/blog\/#organization\"}},{\"@type\":\"WebPage\",\"@id\":\"https:\/\/dicodusport.fr\/blog\/mercato-arkea-samsic-officialise-larrivee-dun-sprinteur-neerlandais\/\",\"url\":\"https:\/\/dicodusport.fr\/blog\/mercato-arkea-samsic-officialise-larrivee-dun-sprinteur-neerlandais\/\",\"name\":\"Mercato : Ark\u00e9a-Samsic officialise l'arriv\u00e9e d'un sprinteur n\u00e9erlandais\",\"isPartOf\":{\"@id\":\"https:\/\/dicodusport.fr\/blog\/#website\"},\"primaryImageOfPage\":{\"@id\":\"https:\/\/dicodusport.fr\/blog\/mercato-arkea-samsic-officialise-larrivee-dun-sprinteur-neerlandais\/#primaryimage\"},\"image\":{\"@id\":\"https:\/\/dicodusport.fr\/blog\/mercato-arkea-samsic-officialise-larrivee-dun-sprinteur-neerlandais\/#primaryimage\"},\"thumbnailUrl\":\"https:\/\/dicodusport.fr\/blog\/wp-content\/uploads\/2022\/10\/Mercato-Arke\u0301a-Samsic-officialise-larrive\u0301e-dun-sprinteur-ne\u0301erlandais.png\",\"datePublished\":\"2022-10-17T13:35:59+00:00\",\"dateModified\":\"2022-10-17T13:42:42+00:00\",\"description\":\"CYCLISME SUR ROUTE 2023 - La Team Ark\u00e9a Samsic a annonc\u00e9 la signature du sprinteur n\u00e9rlandais David Dekker, en provenance de la Jumbo-Visma.\",\"breadcrumb\":{\"@id\":\"https:\/\/dicodusport.fr\/blog\/mercato-arkea-samsic-officialise-larrivee-dun-sprinteur-neerlandais\/#breadcrumb\"},\"inLanguage\":\"fr-FR\",\"potentialAction\":[{\"@type\":\"ReadAction\",\"target\":[\"https:\/\/dicodusport.fr\/blog\/mercato-arkea-samsic-officialise-larrivee-dun-sprinteur-neerlandais\/\"]}]},{\"@type\":\"ImageObject\",\"inLanguage\":\"fr-FR\",\"@id\":\"https:\/\/dicodusport.fr\/blog\/mercato-arkea-samsic-officialise-larrivee-dun-sprinteur-neerlandais\/#primaryimage\",\"url\":\"https:\/\/dicodusport.fr\/blog\/wp-content\/uploads\/2022\/10\/Mercato-Arke\u0301a-Samsic-officialise-larrive\u0301e-dun-sprinteur-ne\u0301erlandais.png\",\"contentUrl\":\"https:\/\/dicodusport.fr\/blog\/wp-content\/uploads\/2022\/10\/Mercato-Arke\u0301a-Samsic-officialise-larrive\u0301e-dun-sprinteur-ne\u0301erlandais.png\",\"width\":800,\"height\":445},{\"@type\":\"BreadcrumbList\",\"@id\":\"https:\/\/dicodusport.fr\/blog\/mercato-arkea-samsic-officialise-larrivee-dun-sprinteur-neerlandais\/#breadcrumb\",\"itemListElement\":[{\"@type\":\"ListItem\",\"position\":1,\"name\":\"Accueil\",\"item\":\"https:\/\/dicodusport.fr\/blog\/\"},{\"@type\":\"ListItem\",\"position\":2,\"name\":\"Mercato : Ark\u00e9a-Samsic officialise l&rsquo;arriv\u00e9e d&rsquo;un sprinteur n\u00e9erlandais\"}]},{\"@type\":\"WebSite\",\"@id\":\"https:\/\/dicodusport.fr\/blog\/#website\",\"url\":\"https:\/\/dicodusport.fr\/blog\/\",\"name\":\"Dicodusport\",\"description\":\"L&#039;encyclop\u00e9die de l&#039;actualit\u00e9 sportive\",\"publisher\":{\"@id\":\"https:\/\/dicodusport.fr\/blog\/#organization\"},\"potentialAction\":[{\"@type\":\"SearchAction\",\"target\":{\"@type\":\"EntryPoint\",\"urlTemplate\":\"https:\/\/dicodusport.fr\/blog\/?s={search_term_string}\"},\"query-input\":{\"@type\":\"PropertyValueSpecification\",\"valueRequired\":true,\"valueName\":\"search_term_string\"}}],\"inLanguage\":\"fr-FR\"},{\"@type\":\"NewsMediaOrganization\",\"@id\":\"https:\/\/dicodusport.fr\/blog\/#organization\",\"name\":\"Dicodusport\",\"url\":\"https:\/\/dicodusport.fr\/blog\/\",\"logo\":{\"@type\":\"ImageObject\",\"inLanguage\":\"fr-FR\",\"@id\":\"https:\/\/dicodusport.fr\/blog\/#\/schema\/logo\/image\/\",\"url\":\"https:\/\/dicodusport.fr\/blog\/wp-content\/uploads\/2020\/06\/cropped-LOGO-DICODUSPORT-2020-SANS-FOND-SANS-TEXTE.png\",\"contentUrl\":\"https:\/\/dicodusport.fr\/blog\/wp-content\/uploads\/2020\/06\/cropped-LOGO-DICODUSPORT-2020-SANS-FOND-SANS-TEXTE.png\",\"width\":512,\"height\":512,\"caption\":\"Dicodusport\"},\"image\":{\"@id\":\"https:\/\/dicodusport.fr\/blog\/#\/schema\/logo\/image\/\"},\"sameAs\":[\"https:\/\/www.facebook.com\/dicodusport\",\"https:\/\/x.com\/dicodusport\",\"https:\/\/www.instagram.com\/dicodusport\/\",\"https:\/\/www.youtube.com\/channel\/UC7V2KZ5sd3htJivAbA4ZG3w\"],\"description\":\"Dicodusport est l'encyclop\u00e9die de l'actualit\u00e9 sportive.\",\"email\":\"bonjour@dicodusport.fr\",\"legalName\":\"DICODUSPORT\",\"foundingDate\":\"2018-01-14\",\"vatID\":\"FR71834470973\",\"taxID\":\"83447097300043\",\"numberOfEmployees\":{\"@type\":\"QuantitativeValue\",\"minValue\":\"1\",\"maxValue\":\"10\"}},{\"@type\":\"Person\",\"@id\":\"https:\/\/dicodusport.fr\/blog\/#\/schema\/person\/55dcb50ad410894e431ed812bbb70191\",\"name\":\"Nicolas Jacquemard\",\"image\":{\"@type\":\"ImageObject\",\"inLanguage\":\"fr-FR\",\"@id\":\"https:\/\/dicodusport.fr\/blog\/#\/schema\/person\/image\/\",\"url\":\"https:\/\/dicodusport.fr\/blog\/wp-content\/uploads\/2021\/05\/Nicolas-Jacquemard-150x150.jpeg\",\"contentUrl\":\"https:\/\/dicodusport.fr\/blog\/wp-content\/uploads\/2021\/05\/Nicolas-Jacquemard-150x150.jpeg\",\"caption\":\"Nicolas Jacquemard\"},\"description\":\"Passionn\u00e9 de sport et entrepreneur depuis mes 18 ans, la cr\u00e9ation de Dicodusport m'a sembl\u00e9 \u00e9vidente pour participer \u00e0 la m\u00e9diatisation d'un plus grand nombre de sports. Le chemin est long mais avec une \u00e9quipe des plus motiv\u00e9es et les Jeux Olympiques de Paris 2024 en point de mire, nous y arriverons ! Journaliste dans le monde du sport depuis plus de 5 ans, je traite aussi bien de football, de rugby, de biathlon que de cyclisme.\",\"sameAs\":[\"https:\/\/www.facebook.com\/dicodusport\",\"https:\/\/x.com\/https:\/\/twitter.com\/Nico_Jacquemard\"],\"url\":\"https:\/\/dicodusport.fr\/blog\/author\/dicodusport\/\"}]}<\/script>\n<!-- \/ Yoast SEO Premium plugin. -->","yoast_head_json":{"title":"Mercato : Ark\u00e9a-Samsic officialise l'arriv\u00e9e d'un sprinteur n\u00e9erlandais","description":"CYCLISME SUR ROUTE 2023 - La Team Ark\u00e9a Samsic a annonc\u00e9 la signature du sprinteur n\u00e9rlandais David Dekker, en provenance de la Jumbo-Visma.","robots":{"index":"index","follow":"follow","max-snippet":"max-snippet:-1","max-image-preview":"max-image-preview:large","max-video-preview":"max-video-preview:-1"},"canonical":"https:\/\/dicodusport.fr\/blog\/mercato-arkea-samsic-officialise-larrivee-dun-sprinteur-neerlandais\/","og_locale":"fr_FR","og_type":"article","og_title":"Mercato : Ark\u00e9a-Samsic officialise l'arriv\u00e9e d'un sprinteur n\u00e9erlandais","og_description":"CYCLISME SUR ROUTE 2023 - La Team Ark\u00e9a Samsic a annonc\u00e9 la signature du sprinteur n\u00e9rlandais David Dekker, en provenance de la Jumbo-Visma.","og_url":"https:\/\/dicodusport.fr\/blog\/mercato-arkea-samsic-officialise-larrivee-dun-sprinteur-neerlandais\/","og_site_name":"Dicodusport","article_publisher":"https:\/\/www.facebook.com\/dicodusport","article_author":"https:\/\/www.facebook.com\/dicodusport","article_published_time":"2022-10-17T13:35:59+00:00","article_modified_time":"2022-10-17T13:42:42+00:00","og_image":[{"width":800,"height":445,"url":"https:\/\/dicodusport.fr\/blog\/wp-content\/uploads\/2022\/10\/Mercato-Arke\u0301a-Samsic-officialise-larrive\u0301e-dun-sprinteur-ne\u0301erlandais.png","type":"image\/png"}],"author":"Nicolas Jacquemard","twitter_card":"summary_large_image","twitter_title":"Mercato : Ark\u00e9a-Samsic officialise l'arriv\u00e9e d'un sprinteur n\u00e9erlandais","twitter_creator":"@https:\/\/twitter.com\/Nico_Jacquemard","twitter_site":"@dicodusport","schema":{"@context":"https:\/\/schema.org","@graph":[{"@type":"NewsArticle","@id":"https:\/\/dicodusport.fr\/blog\/mercato-arkea-samsic-officialise-larrivee-dun-sprinteur-neerlandais\/#article","isPartOf":{"@id":"https:\/\/dicodusport.fr\/blog\/mercato-arkea-samsic-officialise-larrivee-dun-sprinteur-neerlandais\/"},"author":{"name":"Nicolas Jacquemard","@id":"https:\/\/dicodusport.fr\/blog\/#\/schema\/person\/55dcb50ad410894e431ed812bbb70191"},"headline":"Mercato : Ark\u00e9a-Samsic officialise l&rsquo;arriv\u00e9e d&rsquo;un sprinteur n\u00e9erlandais","datePublished":"2022-10-17T13:35:59+00:00","dateModified":"2022-10-17T13:42:42+00:00","mainEntityOfPage":{"@id":"https:\/\/dicodusport.fr\/blog\/mercato-arkea-samsic-officialise-larrivee-dun-sprinteur-neerlandais\/"},"wordCount":298,"commentCount":0,"publisher":{"@id":"https:\/\/dicodusport.fr\/blog\/#organization"},"image":{"@id":"https:\/\/dicodusport.fr\/blog\/mercato-arkea-samsic-officialise-larrivee-dun-sprinteur-neerlandais\/#primaryimage"},"thumbnailUrl":"https:\/\/dicodusport.fr\/blog\/wp-content\/uploads\/2022\/10\/Mercato-Arke\u0301a-Samsic-officialise-larrive\u0301e-dun-sprinteur-ne\u0301erlandais.png","keywords":["Arkea-Samsic"],"articleSection":["Cyclisme sur route"],"inLanguage":"fr-FR","potentialAction":[{"@type":"CommentAction","name":"Comment","target":["https:\/\/dicodusport.fr\/blog\/mercato-arkea-samsic-officialise-larrivee-dun-sprinteur-neerlandais\/#respond"]}],"copyrightYear":"2022","copyrightHolder":{"@id":"https:\/\/dicodusport.fr\/blog\/#organization"}},{"@type":"WebPage","@id":"https:\/\/dicodusport.fr\/blog\/mercato-arkea-samsic-officialise-larrivee-dun-sprinteur-neerlandais\/","url":"https:\/\/dicodusport.fr\/blog\/mercato-arkea-samsic-officialise-larrivee-dun-sprinteur-neerlandais\/","name":"Mercato : Ark\u00e9a-Samsic officialise l'arriv\u00e9e d'un sprinteur n\u00e9erlandais","isPartOf":{"@id":"https:\/\/dicodusport.fr\/blog\/#website"},"primaryImageOfPage":{"@id":"https:\/\/dicodusport.fr\/blog\/mercato-arkea-samsic-officialise-larrivee-dun-sprinteur-neerlandais\/#primaryimage"},"image":{"@id":"https:\/\/dicodusport.fr\/blog\/mercato-arkea-samsic-officialise-larrivee-dun-sprinteur-neerlandais\/#primaryimage"},"thumbnailUrl":"https:\/\/dicodusport.fr\/blog\/wp-content\/uploads\/2022\/10\/Mercato-Arke\u0301a-Samsic-officialise-larrive\u0301e-dun-sprinteur-ne\u0301erlandais.png","datePublished":"2022-10-17T13:35:59+00:00","dateModified":"2022-10-17T13:42:42+00:00","description":"CYCLISME SUR ROUTE 2023 - La Team Ark\u00e9a Samsic a annonc\u00e9 la signature du sprinteur n\u00e9rlandais David Dekker, en provenance de la Jumbo-Visma.","breadcrumb":{"@id":"https:\/\/dicodusport.fr\/blog\/mercato-arkea-samsic-officialise-larrivee-dun-sprinteur-neerlandais\/#breadcrumb"},"inLanguage":"fr-FR","potentialAction":[{"@type":"ReadAction","target":["https:\/\/dicodusport.fr\/blog\/mercato-arkea-samsic-officialise-larrivee-dun-sprinteur-neerlandais\/"]}]},{"@type":"ImageObject","inLanguage":"fr-FR","@id":"https:\/\/dicodusport.fr\/blog\/mercato-arkea-samsic-officialise-larrivee-dun-sprinteur-neerlandais\/#primaryimage","url":"https:\/\/dicodusport.fr\/blog\/wp-content\/uploads\/2022\/10\/Mercato-Arke\u0301a-Samsic-officialise-larrive\u0301e-dun-sprinteur-ne\u0301erlandais.png","contentUrl":"https:\/\/dicodusport.fr\/blog\/wp-content\/uploads\/2022\/10\/Mercato-Arke\u0301a-Samsic-officialise-larrive\u0301e-dun-sprinteur-ne\u0301erlandais.png","width":800,"height":445},{"@type":"BreadcrumbList","@id":"https:\/\/dicodusport.fr\/blog\/mercato-arkea-samsic-officialise-larrivee-dun-sprinteur-neerlandais\/#breadcrumb","itemListElement":[{"@type":"ListItem","position":1,"name":"Accueil","item":"https:\/\/dicodusport.fr\/blog\/"},{"@type":"ListItem","position":2,"name":"Mercato : Ark\u00e9a-Samsic officialise l&rsquo;arriv\u00e9e d&rsquo;un sprinteur n\u00e9erlandais"}]},{"@type":"WebSite","@id":"https:\/\/dicodusport.fr\/blog\/#website","url":"https:\/\/dicodusport.fr\/blog\/","name":"Dicodusport","description":"L&#039;encyclop\u00e9die de l&#039;actualit\u00e9 sportive","publisher":{"@id":"https:\/\/dicodusport.fr\/blog\/#organization"},"potentialAction":[{"@type":"SearchAction","target":{"@type":"EntryPoint","urlTemplate":"https:\/\/dicodusport.fr\/blog\/?s={search_term_string}"},"query-input":{"@type":"PropertyValueSpecification","valueRequired":true,"valueName":"search_term_string"}}],"inLanguage":"fr-FR"},{"@type":"NewsMediaOrganization","@id":"https:\/\/dicodusport.fr\/blog\/#organization","name":"Dicodusport","url":"https:\/\/dicodusport.fr\/blog\/","logo":{"@type":"ImageObject","inLanguage":"fr-FR","@id":"https:\/\/dicodusport.fr\/blog\/#\/schema\/logo\/image\/","url":"https:\/\/dicodusport.fr\/blog\/wp-content\/uploads\/2020\/06\/cropped-LOGO-DICODUSPORT-2020-SANS-FOND-SANS-TEXTE.png","contentUrl":"https:\/\/dicodusport.fr\/blog\/wp-content\/uploads\/2020\/06\/cropped-LOGO-DICODUSPORT-2020-SANS-FOND-SANS-TEXTE.png","width":512,"height":512,"caption":"Dicodusport"},"image":{"@id":"https:\/\/dicodusport.fr\/blog\/#\/schema\/logo\/image\/"},"sameAs":["https:\/\/www.facebook.com\/dicodusport","https:\/\/x.com\/dicodusport","https:\/\/www.instagram.com\/dicodusport\/","https:\/\/www.youtube.com\/channel\/UC7V2KZ5sd3htJivAbA4ZG3w"],"description":"Dicodusport est l'encyclop\u00e9die de l'actualit\u00e9 sportive.","email":"bonjour@dicodusport.fr","legalName":"DICODUSPORT","foundingDate":"2018-01-14","vatID":"FR71834470973","taxID":"83447097300043","numberOfEmployees":{"@type":"QuantitativeValue","minValue":"1","maxValue":"10"}},{"@type":"Person","@id":"https:\/\/dicodusport.fr\/blog\/#\/schema\/person\/55dcb50ad410894e431ed812bbb70191","name":"Nicolas Jacquemard","image":{"@type":"ImageObject","inLanguage":"fr-FR","@id":"https:\/\/dicodusport.fr\/blog\/#\/schema\/person\/image\/","url":"https:\/\/dicodusport.fr\/blog\/wp-content\/uploads\/2021\/05\/Nicolas-Jacquemard-150x150.jpeg","contentUrl":"https:\/\/dicodusport.fr\/blog\/wp-content\/uploads\/2021\/05\/Nicolas-Jacquemard-150x150.jpeg","caption":"Nicolas Jacquemard"},"description":"Passionn\u00e9 de sport et entrepreneur depuis mes 18 ans, la cr\u00e9ation de Dicodusport m'a sembl\u00e9 \u00e9vidente pour participer \u00e0 la m\u00e9diatisation d'un plus grand nombre de sports. Le chemin est long mais avec une \u00e9quipe des plus motiv\u00e9es et les Jeux Olympiques de Paris 2024 en point de mire, nous y arriverons ! Journaliste dans le monde du sport depuis plus de 5 ans, je traite aussi bien de football, de rugby, de biathlon que de cyclisme.","sameAs":["https:\/\/www.facebook.com\/dicodusport","https:\/\/x.com\/https:\/\/twitter.com\/Nico_Jacquemard"],"url":"https:\/\/dicodusport.fr\/blog\/author\/dicodusport\/"}]}},"_links":{"self":[{"href":"https:\/\/dicodusport.fr\/blog\/wp-json\/wp\/v2\/posts\/270933","targetHints":{"allow":["GET"]}}],"collection":[{"href":"https:\/\/dicodusport.fr\/blog\/wp-json\/wp\/v2\/posts"}],"about":[{"href":"https:\/\/dicodusport.fr\/blog\/wp-json\/wp\/v2\/types\/post"}],"author":[{"embeddable":true,"href":"https:\/\/dicodusport.fr\/blog\/wp-json\/wp\/v2\/users\/1"}],"replies":[{"embeddable":true,"href":"https:\/\/dicodusport.fr\/blog\/wp-json\/wp\/v2\/comments?post=270933"}],"version-history":[{"count":0,"href":"https:\/\/dicodusport.fr\/blog\/wp-json\/wp\/v2\/posts\/270933\/revisions"}],"wp:featuredmedia":[{"embeddable":true,"href":"https:\/\/dicodusport.fr\/blog\/wp-json\/wp\/v2\/media\/270934"}],"wp:attachment":[{"href":"https:\/\/dicodusport.fr\/blog\/wp-json\/wp\/v2\/media?parent=270933"}],"wp:term":[{"taxonomy":"category","embeddable":true,"href":"https:\/\/dicodusport.fr\/blog\/wp-json\/wp\/v2\/categories?post=270933"},{"taxonomy":"post_tag","embeddable":true,"href":"https:\/\/dicodusport.fr\/blog\/wp-json\/wp\/v2\/tags?post=270933"}],"curies":[{"name":"wp","href":"https:\/\/api.w.org\/{rel}","templated":true}]}}